{"id":20435,"date":"2019-02-18T19:33:54","date_gmt":"2019-02-18T17:33:54","guid":{"rendered":"https:\/\/www.laguiadepamplona.es\/actualidad\/?p=20435"},"modified":"2019-02-18T19:33:54","modified_gmt":"2019-02-18T17:33:54","slug":"la-realidad-de-honduras-y-de-la-migracion-de-miles-de-personas-hacia-estados-unidos-tema-de-la-conferencia-que-este-martes-se-imparte-en-la-casa-de-la-juventud","status":"publish","type":"post","link":"https:\/\/www.laguiadepamplona.com\/actualidad\/la-realidad-de-honduras-y-de-la-migracion-de-miles-de-personas-hacia-estados-unidos-tema-de-la-conferencia-que-este-martes-se-imparte-en-la-casa-de-la-juventud\/","title":{"rendered":"La realidad de Honduras y de la migraci\u00f3n de miles de personas hacia Estados Unidos, tema de la conferencia que este martes se imparte en la Casa de la Juventud"},"content":{"rendered":"<p><!--more--><\/p>\n<h3>La charla, con representantes del Servicio Jesuita a Refugiados, la Red Jesuita con Migrantes y un fotoperiodista, comenzar\u00e1 a las 19 horas<\/h3>\n<p><a href=\"https:\/\/www.laguiadepamplona.es\/actualidad\/wp-content\/uploads\/2019\/02\/conferencia-caravanas-migrantes-honduras.jpg\"><img loading=\"lazy\" decoding=\"async\" class=\"alignleft size-medium wp-image-20436\" src=\"https:\/\/www.laguiadepamplona.es\/actualidad\/wp-content\/uploads\/2019\/02\/conferencia-caravanas-migrantes-honduras-212x300.jpg\" alt=\"\" width=\"212\" height=\"300\" srcset=\"https:\/\/www.laguiadepamplona.com\/actualidad\/wp-content\/uploads\/2019\/02\/conferencia-caravanas-migrantes-honduras-212x300.jpg 212w, https:\/\/www.laguiadepamplona.com\/actualidad\/wp-content\/uploads\/2019\/02\/conferencia-caravanas-migrantes-honduras-768x1086.jpg 768w, https:\/\/www.laguiadepamplona.com\/actualidad\/wp-content\/uploads\/2019\/02\/conferencia-caravanas-migrantes-honduras-482x682.jpg 482w, https:\/\/www.laguiadepamplona.com\/actualidad\/wp-content\/uploads\/2019\/02\/conferencia-caravanas-migrantes-honduras-640x905.jpg 640w, https:\/\/www.laguiadepamplona.com\/actualidad\/wp-content\/uploads\/2019\/02\/conferencia-caravanas-migrantes-honduras.jpg 1000w\" sizes=\"auto, (max-width: 212px) 100vw, 212px\" \/><\/a>\u2018Caravanas de migrantes: la lucha por la vida\u2019 es el t\u00edtulo de la charla \u2013 coloquio que acoge este martes la Casa de la Juventud sobre la realidad actual en Honduras. Est\u00e1 organizada por la asociaci\u00f3n SEI y la Fundaci\u00f3n Alboan y en ella participar\u00e1n la coordinadora de la Red Jesuita con Migrantes en Centroam\u00e9rica, Karla Rivas, la directora del Servicio Jesuita a Refugiados en M\u00e9xico, Andrea Vilase\u00f1or, y el fotoperiodista navarro Iv\u00e1n Ben\u00edtez, que particip\u00f3 en un viaje en noviembre a la primera Caravana de migrantes. Comenzar\u00e1 a las 19 horas, con entrada libre previa retirada de invitaciones desde media hora antes.<\/p>\n<p>La charla pretende dar a conocer la situaci\u00f3n actual de un pa\u00eds como Honduras, con cientos de personas que lo abandonan en busca de unas condiciones de vida dignas. Se analizar\u00e1 qu\u00e9 se encuentran esas personas en su ruta hacia los Estados Unidos, los peligros y la violaci\u00f3n de derechos humanos a las que se ven expuestas. Asimismo, se abordar\u00e1 el papel de organizaciones como la Red Jesuita con Migrantes o el Servicio Jesuita a Refugiados en los pa\u00edses de origen, tr\u00e1nsito y destino. La conferencia se programa en un momento de m\u00e1xima actualidad debido a la repercusi\u00f3n que tuvo este \u00e9xodo hace unos meses. Aunque parezca que ha perdido fuerza y presencia en los medios de comunicaci\u00f3n, es una realidad que contin\u00faa y se repite, con miles de personas que abandonan sus hogares, incluidos ni\u00f1os, ni\u00f1as y j\u00f3venes que en muchas ocasiones viajan solos.<\/p>\n<p>M\u00e1s all\u00e1 de la realidad en Centroam\u00e9rica, Pamplona vive tambi\u00e9n la realidad de menores no acompa\u00f1ados o incluso de j\u00f3venes que, formando parte de un n\u00facleo familiar, viven ya la ciudad. El poder facilitarles espacios con este contenido tem\u00e1tico puede contribuir a una cultura de acogida, inclusi\u00f3n e interculturalidad, adem\u00e1s de trabajar en aspectos fundamentales como el conocimiento de las causas que originan esos desplazamientos en quienes se movilizan o la conexi\u00f3n existente en la realidad de las desigualdades globales y el fen\u00f3meno de la inmigraci\u00f3n y el refugio. Por un lado, se pueden ver conductas solidarias en casos como las cat\u00e1strofes naturales en los pa\u00edses del sur pero, por otro, existen actitudes racistas contra las comunidades extranjeras en barrios o ante la idea de tener que acoger a miles de personas que han abandonado sus hogares.<\/p>\n","protected":false},"excerpt":{"rendered":"","protected":false},"author":1,"featured_media":20437,"comment_status":"open","ping_status":"closed","sticky":false,"template":"","format":"standard","meta":{"footnotes":""},"categories":[2],"tags":[],"class_list":["post-20435","post","type-post","status-publish","format-standard","has-post-thumbnail","hentry","category-ayuntamiento-pamplona"],"yoast_head":"<!-- This site is optimized with the Yoast SEO plugin v27.3 - https:\/\/yoast.com\/product\/yoast-seo-wordpress\/ -->\n<title>La realidad de Honduras y de la migraci\u00f3n de miles de personas hacia Estados Unidos, tema de la conferencia que este martes se imparte en la Casa de la Juventud<\/title>\n<meta name=\"robots\" content=\"index, follow, max-snippet:-1, max-image-preview:large, max-video-preview:-1\" \/>\n<link rel=\"canonical\" href=\"https:\/\/www.laguiadepamplona.com\/actualidad\/la-realidad-de-honduras-y-de-la-migracion-de-miles-de-personas-hacia-estados-unidos-tema-de-la-conferencia-que-este-martes-se-imparte-en-la-casa-de-la-juventud\/\" \/>\n<meta property=\"og:locale\" content=\"es_ES\" \/>\n<meta property=\"og:type\" content=\"article\" \/>\n<meta property=\"og:title\" content=\"La realidad de Honduras y de la migraci\u00f3n de miles de personas hacia Estados Unidos, tema de la conferencia que este martes se imparte en la Casa de la Juventud\" \/>\n<meta property=\"og:url\" content=\"https:\/\/www.laguiadepamplona.com\/actualidad\/la-realidad-de-honduras-y-de-la-migracion-de-miles-de-personas-hacia-estados-unidos-tema-de-la-conferencia-que-este-martes-se-imparte-en-la-casa-de-la-juventud\/\" \/>\n<meta property=\"og:site_name\" content=\"La Gu\u00eda de Pamplona\" \/>\n<meta property=\"article:publisher\" content=\"https:\/\/www.facebook.com\/laguiadepamplonacom-133175176762273\/?ref=hl\" \/>\n<meta property=\"article:published_time\" content=\"2019-02-18T17:33:54+00:00\" \/>\n<meta property=\"og:image\" content=\"https:\/\/www.laguiadepamplona.com\/actualidad\/wp-content\/uploads\/2019\/02\/conferencia-caravanas-migrantes-honduras1.jpg\" \/>\n\t<meta property=\"og:image:width\" content=\"1920\" \/>\n\t<meta property=\"og:image:height\" content=\"876\" \/>\n\t<meta property=\"og:image:type\" content=\"image\/jpeg\" \/>\n<meta name=\"author\" content=\"La Gu\u00eda de Pamplona\" \/>\n<meta name=\"twitter:card\" content=\"summary_large_image\" \/>\n<meta name=\"twitter:creator\" content=\"@LaGuiadPamplona\" \/>\n<meta name=\"twitter:site\" content=\"@LaGuiadPamplona\" \/>\n<meta name=\"twitter:label1\" content=\"Escrito por\" \/>\n\t<meta name=\"twitter:data1\" content=\"La Gu\u00eda de Pamplona\" \/>\n\t<meta name=\"twitter:label2\" content=\"Tiempo de lectura\" \/>\n\t<meta name=\"twitter:data2\" content=\"2 minutos\" \/>\n<script type=\"application\/ld+json\" class=\"yoast-schema-graph\">{\"@context\":\"https:\\\/\\\/schema.org\",\"@graph\":[{\"@type\":\"Article\",\"@id\":\"https:\\\/\\\/www.laguiadepamplona.com\\\/actualidad\\\/la-realidad-de-honduras-y-de-la-migracion-de-miles-de-personas-hacia-estados-unidos-tema-de-la-conferencia-que-este-martes-se-imparte-en-la-casa-de-la-juventud\\\/#article\",\"isPartOf\":{\"@id\":\"https:\\\/\\\/www.laguiadepamplona.com\\\/actualidad\\\/la-realidad-de-honduras-y-de-la-migracion-de-miles-de-personas-hacia-estados-unidos-tema-de-la-conferencia-que-este-martes-se-imparte-en-la-casa-de-la-juventud\\\/\"},\"author\":{\"name\":\"La Gu\u00eda de Pamplona\",\"@id\":\"https:\\\/\\\/www.laguiadepamplona.com\\\/actualidad\\\/#\\\/schema\\\/person\\\/efe887376f0213d4657c93adc50b1fdb\"},\"headline\":\"La realidad de Honduras y de la migraci\u00f3n de miles de personas hacia Estados Unidos, tema de la conferencia que este martes se imparte en la Casa de la Juventud\",\"datePublished\":\"2019-02-18T17:33:54+00:00\",\"mainEntityOfPage\":{\"@id\":\"https:\\\/\\\/www.laguiadepamplona.com\\\/actualidad\\\/la-realidad-de-honduras-y-de-la-migracion-de-miles-de-personas-hacia-estados-unidos-tema-de-la-conferencia-que-este-martes-se-imparte-en-la-casa-de-la-juventud\\\/\"},\"wordCount\":470,\"commentCount\":0,\"publisher\":{\"@id\":\"https:\\\/\\\/www.laguiadepamplona.com\\\/actualidad\\\/#organization\"},\"image\":{\"@id\":\"https:\\\/\\\/www.laguiadepamplona.com\\\/actualidad\\\/la-realidad-de-honduras-y-de-la-migracion-de-miles-de-personas-hacia-estados-unidos-tema-de-la-conferencia-que-este-martes-se-imparte-en-la-casa-de-la-juventud\\\/#primaryimage\"},\"thumbnailUrl\":\"https:\\\/\\\/www.laguiadepamplona.com\\\/actualidad\\\/wp-content\\\/uploads\\\/2019\\\/02\\\/conferencia-caravanas-migrantes-honduras1.jpg\",\"articleSection\":[\"Ayto Pamplona\"],\"inLanguage\":\"es\",\"potentialAction\":[{\"@type\":\"CommentAction\",\"name\":\"Comment\",\"target\":[\"https:\\\/\\\/www.laguiadepamplona.com\\\/actualidad\\\/la-realidad-de-honduras-y-de-la-migracion-de-miles-de-personas-hacia-estados-unidos-tema-de-la-conferencia-que-este-martes-se-imparte-en-la-casa-de-la-juventud\\\/#respond\"]}]},{\"@type\":\"WebPage\",\"@id\":\"https:\\\/\\\/www.laguiadepamplona.com\\\/actualidad\\\/la-realidad-de-honduras-y-de-la-migracion-de-miles-de-personas-hacia-estados-unidos-tema-de-la-conferencia-que-este-martes-se-imparte-en-la-casa-de-la-juventud\\\/\",\"url\":\"https:\\\/\\\/www.laguiadepamplona.com\\\/actualidad\\\/la-realidad-de-honduras-y-de-la-migracion-de-miles-de-personas-hacia-estados-unidos-tema-de-la-conferencia-que-este-martes-se-imparte-en-la-casa-de-la-juventud\\\/\",\"name\":\"La realidad de Honduras y de la migraci\u00f3n de miles de personas hacia Estados Unidos, tema de la conferencia que este martes se imparte en la Casa de la Juventud\",\"isPartOf\":{\"@id\":\"https:\\\/\\\/www.laguiadepamplona.com\\\/actualidad\\\/#website\"},\"primaryImageOfPage\":{\"@id\":\"https:\\\/\\\/www.laguiadepamplona.com\\\/actualidad\\\/la-realidad-de-honduras-y-de-la-migracion-de-miles-de-personas-hacia-estados-unidos-tema-de-la-conferencia-que-este-martes-se-imparte-en-la-casa-de-la-juventud\\\/#primaryimage\"},\"image\":{\"@id\":\"https:\\\/\\\/www.laguiadepamplona.com\\\/actualidad\\\/la-realidad-de-honduras-y-de-la-migracion-de-miles-de-personas-hacia-estados-unidos-tema-de-la-conferencia-que-este-martes-se-imparte-en-la-casa-de-la-juventud\\\/#primaryimage\"},\"thumbnailUrl\":\"https:\\\/\\\/www.laguiadepamplona.com\\\/actualidad\\\/wp-content\\\/uploads\\\/2019\\\/02\\\/conferencia-caravanas-migrantes-honduras1.jpg\",\"datePublished\":\"2019-02-18T17:33:54+00:00\",\"breadcrumb\":{\"@id\":\"https:\\\/\\\/www.laguiadepamplona.com\\\/actualidad\\\/la-realidad-de-honduras-y-de-la-migracion-de-miles-de-personas-hacia-estados-unidos-tema-de-la-conferencia-que-este-martes-se-imparte-en-la-casa-de-la-juventud\\\/#breadcrumb\"},\"inLanguage\":\"es\",\"potentialAction\":[{\"@type\":\"ReadAction\",\"target\":[\"https:\\\/\\\/www.laguiadepamplona.com\\\/actualidad\\\/la-realidad-de-honduras-y-de-la-migracion-de-miles-de-personas-hacia-estados-unidos-tema-de-la-conferencia-que-este-martes-se-imparte-en-la-casa-de-la-juventud\\\/\"]}]},{\"@type\":\"ImageObject\",\"inLanguage\":\"es\",\"@id\":\"https:\\\/\\\/www.laguiadepamplona.com\\\/actualidad\\\/la-realidad-de-honduras-y-de-la-migracion-de-miles-de-personas-hacia-estados-unidos-tema-de-la-conferencia-que-este-martes-se-imparte-en-la-casa-de-la-juventud\\\/#primaryimage\",\"url\":\"https:\\\/\\\/www.laguiadepamplona.com\\\/actualidad\\\/wp-content\\\/uploads\\\/2019\\\/02\\\/conferencia-caravanas-migrantes-honduras1.jpg\",\"contentUrl\":\"https:\\\/\\\/www.laguiadepamplona.com\\\/actualidad\\\/wp-content\\\/uploads\\\/2019\\\/02\\\/conferencia-caravanas-migrantes-honduras1.jpg\",\"width\":1920,\"height\":876},{\"@type\":\"BreadcrumbList\",\"@id\":\"https:\\\/\\\/www.laguiadepamplona.com\\\/actualidad\\\/la-realidad-de-honduras-y-de-la-migracion-de-miles-de-personas-hacia-estados-unidos-tema-de-la-conferencia-que-este-martes-se-imparte-en-la-casa-de-la-juventud\\\/#breadcrumb\",\"itemListElement\":[{\"@type\":\"ListItem\",\"position\":1,\"name\":\"Portada\",\"item\":\"https:\\\/\\\/www.laguiadepamplona.com\\\/actualidad\\\/\"},{\"@type\":\"ListItem\",\"position\":2,\"name\":\"La realidad de Honduras y de la migraci\u00f3n de miles de personas hacia Estados Unidos, tema de la conferencia que este martes se imparte en la Casa de la Juventud\"}]},{\"@type\":\"WebSite\",\"@id\":\"https:\\\/\\\/www.laguiadepamplona.com\\\/actualidad\\\/#website\",\"url\":\"https:\\\/\\\/www.laguiadepamplona.com\\\/actualidad\\\/\",\"name\":\"La gu\u00eda de Pamplona\",\"description\":\"Noticias de Pamplona\",\"publisher\":{\"@id\":\"https:\\\/\\\/www.laguiadepamplona.com\\\/actualidad\\\/#organization\"},\"potentialAction\":[{\"@type\":\"SearchAction\",\"target\":{\"@type\":\"EntryPoint\",\"urlTemplate\":\"https:\\\/\\\/www.laguiadepamplona.com\\\/actualidad\\\/?s={search_term_string}\"},\"query-input\":{\"@type\":\"PropertyValueSpecification\",\"valueRequired\":true,\"valueName\":\"search_term_string\"}}],\"inLanguage\":\"es\"},{\"@type\":\"Organization\",\"@id\":\"https:\\\/\\\/www.laguiadepamplona.com\\\/actualidad\\\/#organization\",\"name\":\"La Gu\u00eda de Pamplona \\\/ Noticias\",\"url\":\"https:\\\/\\\/www.laguiadepamplona.com\\\/actualidad\\\/\",\"logo\":{\"@type\":\"ImageObject\",\"inLanguage\":\"es\",\"@id\":\"https:\\\/\\\/www.laguiadepamplona.com\\\/actualidad\\\/#\\\/schema\\\/logo\\\/image\\\/\",\"url\":\"https:\\\/\\\/www.laguiadepamplona.com\\\/actualidad\\\/wp-content\\\/uploads\\\/2018\\\/11\\\/logo-laguiadepamplona18-web1.png\",\"contentUrl\":\"https:\\\/\\\/www.laguiadepamplona.com\\\/actualidad\\\/wp-content\\\/uploads\\\/2018\\\/11\\\/logo-laguiadepamplona18-web1.png\",\"width\":600,\"height\":196,\"caption\":\"La Gu\u00eda de Pamplona \\\/ Noticias\"},\"image\":{\"@id\":\"https:\\\/\\\/www.laguiadepamplona.com\\\/actualidad\\\/#\\\/schema\\\/logo\\\/image\\\/\"},\"sameAs\":[\"https:\\\/\\\/www.facebook.com\\\/laguiadepamplonacom-133175176762273\\\/?ref=hl\",\"https:\\\/\\\/x.com\\\/LaGuiadPamplona\",\"https:\\\/\\\/www.instagram.com\\\/la_guia_de_pamplona\\\/\",\"https:\\\/\\\/www.youtube.com\\\/user\\\/laguiadepamplona\"]},{\"@type\":\"Person\",\"@id\":\"https:\\\/\\\/www.laguiadepamplona.com\\\/actualidad\\\/#\\\/schema\\\/person\\\/efe887376f0213d4657c93adc50b1fdb\",\"name\":\"La Gu\u00eda de Pamplona\",\"image\":{\"@type\":\"ImageObject\",\"inLanguage\":\"es\",\"@id\":\"https:\\\/\\\/secure.gravatar.com\\\/avatar\\\/b6992f131dc8d30ab0dff15446e9d346d9dbd95992de0fef795073f5ea83a81c?s=96&d=mm&r=g\",\"url\":\"https:\\\/\\\/secure.gravatar.com\\\/avatar\\\/b6992f131dc8d30ab0dff15446e9d346d9dbd95992de0fef795073f5ea83a81c?s=96&d=mm&r=g\",\"contentUrl\":\"https:\\\/\\\/secure.gravatar.com\\\/avatar\\\/b6992f131dc8d30ab0dff15446e9d346d9dbd95992de0fef795073f5ea83a81c?s=96&d=mm&r=g\",\"caption\":\"La Gu\u00eda de Pamplona\"}}]}<\/script>\n<!-- \/ Yoast SEO plugin. -->","yoast_head_json":{"title":"La realidad de Honduras y de la migraci\u00f3n de miles de personas hacia Estados Unidos, tema de la conferencia que este martes se imparte en la Casa de la Juventud","robots":{"index":"index","follow":"follow","max-snippet":"max-snippet:-1","max-image-preview":"max-image-preview:large","max-video-preview":"max-video-preview:-1"},"canonical":"https:\/\/www.laguiadepamplona.com\/actualidad\/la-realidad-de-honduras-y-de-la-migracion-de-miles-de-personas-hacia-estados-unidos-tema-de-la-conferencia-que-este-martes-se-imparte-en-la-casa-de-la-juventud\/","og_locale":"es_ES","og_type":"article","og_title":"La realidad de Honduras y de la migraci\u00f3n de miles de personas hacia Estados Unidos, tema de la conferencia que este martes se imparte en la Casa de la Juventud","og_url":"https:\/\/www.laguiadepamplona.com\/actualidad\/la-realidad-de-honduras-y-de-la-migracion-de-miles-de-personas-hacia-estados-unidos-tema-de-la-conferencia-que-este-martes-se-imparte-en-la-casa-de-la-juventud\/","og_site_name":"La Gu\u00eda de Pamplona","article_publisher":"https:\/\/www.facebook.com\/laguiadepamplonacom-133175176762273\/?ref=hl","article_published_time":"2019-02-18T17:33:54+00:00","og_image":[{"width":1920,"height":876,"url":"https:\/\/www.laguiadepamplona.com\/actualidad\/wp-content\/uploads\/2019\/02\/conferencia-caravanas-migrantes-honduras1.jpg","type":"image\/jpeg"}],"author":"La Gu\u00eda de Pamplona","twitter_card":"summary_large_image","twitter_creator":"@LaGuiadPamplona","twitter_site":"@LaGuiadPamplona","twitter_misc":{"Escrito por":"La Gu\u00eda de Pamplona","Tiempo de lectura":"2 minutos"},"schema":{"@context":"https:\/\/schema.org","@graph":[{"@type":"Article","@id":"https:\/\/www.laguiadepamplona.com\/actualidad\/la-realidad-de-honduras-y-de-la-migracion-de-miles-de-personas-hacia-estados-unidos-tema-de-la-conferencia-que-este-martes-se-imparte-en-la-casa-de-la-juventud\/#article","isPartOf":{"@id":"https:\/\/www.laguiadepamplona.com\/actualidad\/la-realidad-de-honduras-y-de-la-migracion-de-miles-de-personas-hacia-estados-unidos-tema-de-la-conferencia-que-este-martes-se-imparte-en-la-casa-de-la-juventud\/"},"author":{"name":"La Gu\u00eda de Pamplona","@id":"https:\/\/www.laguiadepamplona.com\/actualidad\/#\/schema\/person\/efe887376f0213d4657c93adc50b1fdb"},"headline":"La realidad de Honduras y de la migraci\u00f3n de miles de personas hacia Estados Unidos, tema de la conferencia que este martes se imparte en la Casa de la Juventud","datePublished":"2019-02-18T17:33:54+00:00","mainEntityOfPage":{"@id":"https:\/\/www.laguiadepamplona.com\/actualidad\/la-realidad-de-honduras-y-de-la-migracion-de-miles-de-personas-hacia-estados-unidos-tema-de-la-conferencia-que-este-martes-se-imparte-en-la-casa-de-la-juventud\/"},"wordCount":470,"commentCount":0,"publisher":{"@id":"https:\/\/www.laguiadepamplona.com\/actualidad\/#organization"},"image":{"@id":"https:\/\/www.laguiadepamplona.com\/actualidad\/la-realidad-de-honduras-y-de-la-migracion-de-miles-de-personas-hacia-estados-unidos-tema-de-la-conferencia-que-este-martes-se-imparte-en-la-casa-de-la-juventud\/#primaryimage"},"thumbnailUrl":"https:\/\/www.laguiadepamplona.com\/actualidad\/wp-content\/uploads\/2019\/02\/conferencia-caravanas-migrantes-honduras1.jpg","articleSection":["Ayto Pamplona"],"inLanguage":"es","potentialAction":[{"@type":"CommentAction","name":"Comment","target":["https:\/\/www.laguiadepamplona.com\/actualidad\/la-realidad-de-honduras-y-de-la-migracion-de-miles-de-personas-hacia-estados-unidos-tema-de-la-conferencia-que-este-martes-se-imparte-en-la-casa-de-la-juventud\/#respond"]}]},{"@type":"WebPage","@id":"https:\/\/www.laguiadepamplona.com\/actualidad\/la-realidad-de-honduras-y-de-la-migracion-de-miles-de-personas-hacia-estados-unidos-tema-de-la-conferencia-que-este-martes-se-imparte-en-la-casa-de-la-juventud\/","url":"https:\/\/www.laguiadepamplona.com\/actualidad\/la-realidad-de-honduras-y-de-la-migracion-de-miles-de-personas-hacia-estados-unidos-tema-de-la-conferencia-que-este-martes-se-imparte-en-la-casa-de-la-juventud\/","name":"La realidad de Honduras y de la migraci\u00f3n de miles de personas hacia Estados Unidos, tema de la conferencia que este martes se imparte en la Casa de la Juventud","isPartOf":{"@id":"https:\/\/www.laguiadepamplona.com\/actualidad\/#website"},"primaryImageOfPage":{"@id":"https:\/\/www.laguiadepamplona.com\/actualidad\/la-realidad-de-honduras-y-de-la-migracion-de-miles-de-personas-hacia-estados-unidos-tema-de-la-conferencia-que-este-martes-se-imparte-en-la-casa-de-la-juventud\/#primaryimage"},"image":{"@id":"https:\/\/www.laguiadepamplona.com\/actualidad\/la-realidad-de-honduras-y-de-la-migracion-de-miles-de-personas-hacia-estados-unidos-tema-de-la-conferencia-que-este-martes-se-imparte-en-la-casa-de-la-juventud\/#primaryimage"},"thumbnailUrl":"https:\/\/www.laguiadepamplona.com\/actualidad\/wp-content\/uploads\/2019\/02\/conferencia-caravanas-migrantes-honduras1.jpg","datePublished":"2019-02-18T17:33:54+00:00","breadcrumb":{"@id":"https:\/\/www.laguiadepamplona.com\/actualidad\/la-realidad-de-honduras-y-de-la-migracion-de-miles-de-personas-hacia-estados-unidos-tema-de-la-conferencia-que-este-martes-se-imparte-en-la-casa-de-la-juventud\/#breadcrumb"},"inLanguage":"es","potentialAction":[{"@type":"ReadAction","target":["https:\/\/www.laguiadepamplona.com\/actualidad\/la-realidad-de-honduras-y-de-la-migracion-de-miles-de-personas-hacia-estados-unidos-tema-de-la-conferencia-que-este-martes-se-imparte-en-la-casa-de-la-juventud\/"]}]},{"@type":"ImageObject","inLanguage":"es","@id":"https:\/\/www.laguiadepamplona.com\/actualidad\/la-realidad-de-honduras-y-de-la-migracion-de-miles-de-personas-hacia-estados-unidos-tema-de-la-conferencia-que-este-martes-se-imparte-en-la-casa-de-la-juventud\/#primaryimage","url":"https:\/\/www.laguiadepamplona.com\/actualidad\/wp-content\/uploads\/2019\/02\/conferencia-caravanas-migrantes-honduras1.jpg","contentUrl":"https:\/\/www.laguiadepamplona.com\/actualidad\/wp-content\/uploads\/2019\/02\/conferencia-caravanas-migrantes-honduras1.jpg","width":1920,"height":876},{"@type":"BreadcrumbList","@id":"https:\/\/www.laguiadepamplona.com\/actualidad\/la-realidad-de-honduras-y-de-la-migracion-de-miles-de-personas-hacia-estados-unidos-tema-de-la-conferencia-que-este-martes-se-imparte-en-la-casa-de-la-juventud\/#breadcrumb","itemListElement":[{"@type":"ListItem","position":1,"name":"Portada","item":"https:\/\/www.laguiadepamplona.com\/actualidad\/"},{"@type":"ListItem","position":2,"name":"La realidad de Honduras y de la migraci\u00f3n de miles de personas hacia Estados Unidos, tema de la conferencia que este martes se imparte en la Casa de la Juventud"}]},{"@type":"WebSite","@id":"https:\/\/www.laguiadepamplona.com\/actualidad\/#website","url":"https:\/\/www.laguiadepamplona.com\/actualidad\/","name":"La gu\u00eda de Pamplona","description":"Noticias de Pamplona","publisher":{"@id":"https:\/\/www.laguiadepamplona.com\/actualidad\/#organization"},"potentialAction":[{"@type":"SearchAction","target":{"@type":"EntryPoint","urlTemplate":"https:\/\/www.laguiadepamplona.com\/actualidad\/?s={search_term_string}"},"query-input":{"@type":"PropertyValueSpecification","valueRequired":true,"valueName":"search_term_string"}}],"inLanguage":"es"},{"@type":"Organization","@id":"https:\/\/www.laguiadepamplona.com\/actualidad\/#organization","name":"La Gu\u00eda de Pamplona \/ Noticias","url":"https:\/\/www.laguiadepamplona.com\/actualidad\/","logo":{"@type":"ImageObject","inLanguage":"es","@id":"https:\/\/www.laguiadepamplona.com\/actualidad\/#\/schema\/logo\/image\/","url":"https:\/\/www.laguiadepamplona.com\/actualidad\/wp-content\/uploads\/2018\/11\/logo-laguiadepamplona18-web1.png","contentUrl":"https:\/\/www.laguiadepamplona.com\/actualidad\/wp-content\/uploads\/2018\/11\/logo-laguiadepamplona18-web1.png","width":600,"height":196,"caption":"La Gu\u00eda de Pamplona \/ Noticias"},"image":{"@id":"https:\/\/www.laguiadepamplona.com\/actualidad\/#\/schema\/logo\/image\/"},"sameAs":["https:\/\/www.facebook.com\/laguiadepamplonacom-133175176762273\/?ref=hl","https:\/\/x.com\/LaGuiadPamplona","https:\/\/www.instagram.com\/la_guia_de_pamplona\/","https:\/\/www.youtube.com\/user\/laguiadepamplona"]},{"@type":"Person","@id":"https:\/\/www.laguiadepamplona.com\/actualidad\/#\/schema\/person\/efe887376f0213d4657c93adc50b1fdb","name":"La Gu\u00eda de Pamplona","image":{"@type":"ImageObject","inLanguage":"es","@id":"https:\/\/secure.gravatar.com\/avatar\/b6992f131dc8d30ab0dff15446e9d346d9dbd95992de0fef795073f5ea83a81c?s=96&d=mm&r=g","url":"https:\/\/secure.gravatar.com\/avatar\/b6992f131dc8d30ab0dff15446e9d346d9dbd95992de0fef795073f5ea83a81c?s=96&d=mm&r=g","contentUrl":"https:\/\/secure.gravatar.com\/avatar\/b6992f131dc8d30ab0dff15446e9d346d9dbd95992de0fef795073f5ea83a81c?s=96&d=mm&r=g","caption":"La Gu\u00eda de Pamplona"}}]}},"post_mailing_queue_ids":[],"_links":{"self":[{"href":"https:\/\/www.laguiadepamplona.com\/actualidad\/wp-json\/wp\/v2\/posts\/20435","targetHints":{"allow":["GET"]}}],"collection":[{"href":"https:\/\/www.laguiadepamplona.com\/actualidad\/wp-json\/wp\/v2\/posts"}],"about":[{"href":"https:\/\/www.laguiadepamplona.com\/actualidad\/wp-json\/wp\/v2\/types\/post"}],"author":[{"embeddable":true,"href":"https:\/\/www.laguiadepamplona.com\/actualidad\/wp-json\/wp\/v2\/users\/1"}],"replies":[{"embeddable":true,"href":"https:\/\/www.laguiadepamplona.com\/actualidad\/wp-json\/wp\/v2\/comments?post=20435"}],"version-history":[{"count":0,"href":"https:\/\/www.laguiadepamplona.com\/actualidad\/wp-json\/wp\/v2\/posts\/20435\/revisions"}],"wp:featuredmedia":[{"embeddable":true,"href":"https:\/\/www.laguiadepamplona.com\/actualidad\/wp-json\/wp\/v2\/media\/20437"}],"wp:attachment":[{"href":"https:\/\/www.laguiadepamplona.com\/actualidad\/wp-json\/wp\/v2\/media?parent=20435"}],"wp:term":[{"taxonomy":"category","embeddable":true,"href":"https:\/\/www.laguiadepamplona.com\/actualidad\/wp-json\/wp\/v2\/categories?post=20435"},{"taxonomy":"post_tag","embeddable":true,"href":"https:\/\/www.laguiadepamplona.com\/actualidad\/wp-json\/wp\/v2\/tags?post=20435"}],"curies":[{"name":"wp","href":"https:\/\/api.w.org\/{rel}","templated":true}]}}