{"id":20432,"date":"2019-02-18T19:30:52","date_gmt":"2019-02-18T17:30:52","guid":{"rendered":"https:\/\/www.laguiadepamplona.es\/actualidad\/?p=20432"},"modified":"2019-02-18T19:30:52","modified_gmt":"2019-02-18T17:30:52","slug":"ultreia-centro-de-interpretacion-accesible-presentara-la-historia-del-camino-de-santiago-y-su-relacion-con-pamplona-a-traves-de-las-nuevas-tecnologias","status":"publish","type":"post","link":"https:\/\/www.laguiadepamplona.com\/actualidad\/ultreia-centro-de-interpretacion-accesible-presentara-la-historia-del-camino-de-santiago-y-su-relacion-con-pamplona-a-traves-de-las-nuevas-tecnologias\/","title":{"rendered":"\u2018Ultreia\u2019, centro de interpretaci\u00f3n accesible, presentar\u00e1 la historia del Camino de Santiago y su relaci\u00f3n con Pamplona a trav\u00e9s de las nuevas tecnolog\u00edas"},"content":{"rendered":"<p><!--more--><\/p>\n<h3>Los contenidos, sin coste para el Ayuntamiento, los producir\u00e1 la Fundaci\u00f3n Koin\u00e9-Aequalitas con ayudas del Programa Innovasocial de Obra Social Caixa y Fundaci\u00f3n Caja Navarra<\/h3>\n<p>La Comisi\u00f3n de Presidencia ha visitado esta ma\u00f1ana \u2018Ultreia\u2019, un centro de interpretaci\u00f3n accesible sobre el Camino de Santiago que muestra c\u00f3mo han sido la sociedad, la cultura, el patrimonio, las tradiciones o el folklore en torno a \u00e9l y su relaci\u00f3n con Pamplona. La informaci\u00f3n se organizar\u00e1 para que la visita se convierta en una experiencia, sea algo vivencial, bas\u00e1ndose en el uso de medios audiovisuales y nuevas tecnolog\u00edas. Se plantear\u00e1n propuestas interactivas y de inmersi\u00f3n en el relato hist\u00f3rico con recreaciones en torno al Camino de Santiago y a la ciudad medieval; y tambi\u00e9n experiencias tangibles a trav\u00e9s de una maqueta t\u00e1ctil sobre la que se proyectar\u00e1n efectos de luz y sonido que facilitar\u00e1n la contextualizaci\u00f3n. Los contenidos los producir\u00e1 la Fundaci\u00f3n Koin\u00e9-Aequalitas que ha obtenido una ayuda en la convocatoria p\u00fablica de La Caixa y Fundaci\u00f3n Caja Navarra por lo que no tendr\u00e1n coste para el Ayuntamiento.<\/p>\n<p>\u2018Ultreia\u2019 se quiere convertir en un espacio de referencia del Camino de Santiago y punto de encuentro de todas las personas interesadas o que est\u00e9n realizando esta ruta. Adem\u00e1s de convertirse en polo de atracci\u00f3n por proponer una experiencia innovadora, lo har\u00e1 por ser un modelo de accesibilidad universal ya que su visita ha estado dise\u00f1ada teniendo en cuenta todas las discapacidades.<\/p>\n<p>Durante la visita de la Comisi\u00f3n se ha podido ver que el centro, impulsado por el Consistorio pamplon\u00e9s dentro del proyecto de cooperaci\u00f3n transfronteriza <a href=\"mailto:Jacob@ccess\">Jacob@ccess<\/a> en un local de la calle Mayor 20 que estaba, ha finalizado pr\u00e1cticamente las infraestructuras espec\u00edficas para la musealizaci\u00f3n del espacio. Se prev\u00e9 que el centro pueda abrirse al p\u00fablico en el mes de marzo. El proyecto cuenta con 1,9 millones de presupuesto cofinanciado en un 65% por Fondos FEDER en la primera convocatoria INTERREG V \u2013 A Espa\u00f1a \u2013 Francia \u2013 Andorra 2014 \u2013 2020 (POCTEFA). Pamplona aporta concretamente 450.000 euros y recibe una financiaci\u00f3n de 292.500 euros.<\/p>\n<p><strong>Una recreaci\u00f3n accesible con \u00e1reas de interpretaci\u00f3n y experiencia<\/strong><\/p>\n<p>La presentaci\u00f3n unir\u00e1 la informaci\u00f3n propia de los contenidos con una inmersi\u00f3n en el Camino y en la ciudad. Para ello la visita se desarrollar\u00e1 mediante un sistema de audiogu\u00edas que permitir\u00e1 utilizar franc\u00e9s, ingl\u00e9s, castellano y euskera y que convertir\u00e1 el recorrido en una recreaci\u00f3n. Teniendo en cuenta que es un centro accesible, en los tracks de las audiogu\u00edas se a\u00f1adir\u00e1n locuciones audiodescriptivas para las personas con discapacidad visual y ser\u00e1n compatibles con un bucle magn\u00e9tico de lazo para las personas con discapacidad auditiva.<\/p>\n<p>El centro \u2018Ultreia\u2019 est\u00e1 dise\u00f1ado con tres \u00e1reas diferenciadas: una de informaci\u00f3n, otra de interpretaci\u00f3n y una terecera de experiencia. El \u00e1rea de informaci\u00f3n se articula como espacio de bienvenida con mostrador de informaci\u00f3n, paneles, pantalla t\u00e1ctil y otros elementos que dan informaci\u00f3n sobre Pamplona, incidiendo en que es la primera del Camino, y datos que puedan ayudar al visitante durante su estancia en la ciudad. Tambi\u00e9n hay espacio para el proyecto <a href=\"mailto:Jacob@ccess\">Jacob@ccess<\/a> y sus otros centros y para ofrecer particularidades del Camino de Santiago en la Edad Media y en la actualidad. El \u00e1rea de interpretaci\u00f3n se ha dise\u00f1ado como un espacio con una maqueta proyectada, que a la vez ser\u00e1 t\u00e1ctil, donde se ver\u00e1 un recorrido hist\u00f3rico por la Pamplona medieval. Contar\u00e1 tambi\u00e9n con una proyecci\u00f3n vertical en la pared que plasmar\u00e1 la idea principal de \u2018Pamplona, cruce de caminos\u2019. La tercera zona, el \u00e1rea de experiencia lleva por t\u00edtulo \u2018El camino de las estrellas\u2019. Se pondr\u00e1 fin a la visita a trav\u00e9s de una experiencia impactante, el relato de un juglar ciego sobre la peregrinaci\u00f3n del infante Carlos III en el siglo XIV.<\/p>\n<p>Los contenidos de \u2018Ultreia\u2019 los producir\u00e1 la Fundaci\u00f3n Koin\u00e9 &#8211; Aequalitas, entidad sin \u00e1nimo de lucro constituida en 2002 y ubicada en Pamplona, que ha obtenido la financiaci\u00f3n a trav\u00e9s de la Convocatoria \u2018InnovaSocial\u2019 gestionada por La Caixa y Fundaci\u00f3n Caja Navarra. La Fundaci\u00f3n Koin\u00e9 \u2013 Aequalitas est\u00e1 especializada en desarrollar servicios asistenciales y de gesti\u00f3n de proyectos con entidades que trabajan en el \u00e1mbito de la accesibilidad y forma parte del Consorcio del Proyecto Jacobaccess.<\/p>\n<p><strong>Dotar de contenido con ayuda europea a un local en desuso<\/strong><\/p>\n<p>El Ayuntamiento de Pamplona forma parte del proyecto <a href=\"mailto:Jacob@ccess\">Jacob@ccess<\/a>, que pretende crear una red transfronteriza para la accesibilidad de personas con discapacidad a la cultura y al patrimonio de los territorios atravesados por las rutas del Camino de Santiago. En concreto, Pamplona, Jaca y Ostabat-Izurra van a contar con un centro de interpretaci\u00f3n sobre el Camino de Santiago accesible a todas las personas, y especialmente para aquellas con alg\u00fan tipo de discapacidad. Adem\u00e1s, en Martillu\u00e9 se ha puesto en marcha el albergue accesible ATADES Huesca. El enfoque del proyecto es desarrollar toda una estrategia destinada a hacer m\u00e1s accesibles todos los servicios, productos e infraestructuras p\u00fablicas y privadas. Forman parte del programa, adem\u00e1s de Pamplona, el Ayuntamiento de Jaca, la Fundaci\u00f3n Koin\u00e9 Aequalitas, la Asociaci\u00f3n Tutelar Asistencial de Deficientes Ps\u00edquicos, Communaute d&#8217;agglomeration Pays Basque y Espace de Vie pour Adultes Handicap\u00e9es.<\/p>\n<p>Durante el primer semestre del a\u00f1o pasado el Ayuntamiento de Pamplona invirti\u00f3 234.329,80 euros para la adecuaci\u00f3n del local, en desuso desde hace a\u00f1os. Durante estos \u00faltimos meses se han llevado a cabo los trabajos de suministro de elementos para la musealizaci\u00f3n\u00a0 al que se destinaron 149.992. Se han centrado en instalaci\u00f3n de pavimentos (tarimas), revestimientos mediante aplacado de pared y mampara de monovidrio; el mobiliario; la iluminaci\u00f3n mediante l\u00edneas de luz LED y el mueble rack para el control con todos sus elementos.<\/p>\n<p>&nbsp;<\/p>\n","protected":false},"excerpt":{"rendered":"","protected":false},"author":1,"featured_media":20433,"comment_status":"open","ping_status":"closed","sticky":false,"template":"","format":"standard","meta":{"footnotes":""},"categories":[2],"tags":[],"class_list":["post-20432","post","type-post","status-publish","format-standard","has-post-thumbnail","hentry","category-ayuntamiento-pamplona"],"yoast_head":"<!-- This site is optimized with the Yoast SEO plugin v27.3 - https:\/\/yoast.com\/product\/yoast-seo-wordpress\/ -->\n<title>\u2018Ultreia\u2019, centro de interpretaci\u00f3n accesible, presentar\u00e1 la historia del Camino de Santiago y su relaci\u00f3n con Pamplona a trav\u00e9s de las nuevas tecnolog\u00edas<\/title>\n<meta name=\"robots\" content=\"index, follow, max-snippet:-1, max-image-preview:large, max-video-preview:-1\" \/>\n<link rel=\"canonical\" href=\"https:\/\/www.laguiadepamplona.com\/actualidad\/ultreia-centro-de-interpretacion-accesible-presentara-la-historia-del-camino-de-santiago-y-su-relacion-con-pamplona-a-traves-de-las-nuevas-tecnologias\/\" \/>\n<meta property=\"og:locale\" content=\"es_ES\" \/>\n<meta property=\"og:type\" content=\"article\" \/>\n<meta property=\"og:title\" content=\"\u2018Ultreia\u2019, centro de interpretaci\u00f3n accesible, presentar\u00e1 la historia del Camino de Santiago y su relaci\u00f3n con Pamplona a trav\u00e9s de las nuevas tecnolog\u00edas\" \/>\n<meta property=\"og:url\" content=\"https:\/\/www.laguiadepamplona.com\/actualidad\/ultreia-centro-de-interpretacion-accesible-presentara-la-historia-del-camino-de-santiago-y-su-relacion-con-pamplona-a-traves-de-las-nuevas-tecnologias\/\" \/>\n<meta property=\"og:site_name\" content=\"La Gu\u00eda de Pamplona\" \/>\n<meta property=\"article:publisher\" content=\"https:\/\/www.facebook.com\/laguiadepamplonacom-133175176762273\/?ref=hl\" \/>\n<meta property=\"article:published_time\" content=\"2019-02-18T17:30:52+00:00\" \/>\n<meta property=\"og:image\" content=\"https:\/\/www.laguiadepamplona.com\/actualidad\/wp-content\/uploads\/2019\/02\/visita-ultreia-camino-santiago1.jpg\" \/>\n\t<meta property=\"og:image:width\" content=\"1620\" \/>\n\t<meta property=\"og:image:height\" content=\"1080\" \/>\n\t<meta property=\"og:image:type\" content=\"image\/jpeg\" \/>\n<meta name=\"author\" content=\"La Gu\u00eda de Pamplona\" \/>\n<meta name=\"twitter:card\" content=\"summary_large_image\" \/>\n<meta name=\"twitter:creator\" content=\"@LaGuiadPamplona\" \/>\n<meta name=\"twitter:site\" content=\"@LaGuiadPamplona\" \/>\n<meta name=\"twitter:label1\" content=\"Escrito por\" \/>\n\t<meta name=\"twitter:data1\" content=\"La Gu\u00eda de Pamplona\" \/>\n\t<meta name=\"twitter:label2\" content=\"Tiempo de lectura\" \/>\n\t<meta name=\"twitter:data2\" content=\"5 minutos\" \/>\n<script type=\"application\/ld+json\" class=\"yoast-schema-graph\">{\"@context\":\"https:\\\/\\\/schema.org\",\"@graph\":[{\"@type\":\"Article\",\"@id\":\"https:\\\/\\\/www.laguiadepamplona.com\\\/actualidad\\\/ultreia-centro-de-interpretacion-accesible-presentara-la-historia-del-camino-de-santiago-y-su-relacion-con-pamplona-a-traves-de-las-nuevas-tecnologias\\\/#article\",\"isPartOf\":{\"@id\":\"https:\\\/\\\/www.laguiadepamplona.com\\\/actualidad\\\/ultreia-centro-de-interpretacion-accesible-presentara-la-historia-del-camino-de-santiago-y-su-relacion-con-pamplona-a-traves-de-las-nuevas-tecnologias\\\/\"},\"author\":{\"name\":\"La Gu\u00eda de Pamplona\",\"@id\":\"https:\\\/\\\/www.laguiadepamplona.com\\\/actualidad\\\/#\\\/schema\\\/person\\\/efe887376f0213d4657c93adc50b1fdb\"},\"headline\":\"\u2018Ultreia\u2019, centro de interpretaci\u00f3n accesible, presentar\u00e1 la historia del Camino de Santiago y su relaci\u00f3n con Pamplona a trav\u00e9s de las nuevas tecnolog\u00edas\",\"datePublished\":\"2019-02-18T17:30:52+00:00\",\"mainEntityOfPage\":{\"@id\":\"https:\\\/\\\/www.laguiadepamplona.com\\\/actualidad\\\/ultreia-centro-de-interpretacion-accesible-presentara-la-historia-del-camino-de-santiago-y-su-relacion-con-pamplona-a-traves-de-las-nuevas-tecnologias\\\/\"},\"wordCount\":1042,\"commentCount\":0,\"publisher\":{\"@id\":\"https:\\\/\\\/www.laguiadepamplona.com\\\/actualidad\\\/#organization\"},\"image\":{\"@id\":\"https:\\\/\\\/www.laguiadepamplona.com\\\/actualidad\\\/ultreia-centro-de-interpretacion-accesible-presentara-la-historia-del-camino-de-santiago-y-su-relacion-con-pamplona-a-traves-de-las-nuevas-tecnologias\\\/#primaryimage\"},\"thumbnailUrl\":\"https:\\\/\\\/www.laguiadepamplona.com\\\/actualidad\\\/wp-content\\\/uploads\\\/2019\\\/02\\\/visita-ultreia-camino-santiago1.jpg\",\"articleSection\":[\"Ayto Pamplona\"],\"inLanguage\":\"es\",\"potentialAction\":[{\"@type\":\"CommentAction\",\"name\":\"Comment\",\"target\":[\"https:\\\/\\\/www.laguiadepamplona.com\\\/actualidad\\\/ultreia-centro-de-interpretacion-accesible-presentara-la-historia-del-camino-de-santiago-y-su-relacion-con-pamplona-a-traves-de-las-nuevas-tecnologias\\\/#respond\"]}]},{\"@type\":\"WebPage\",\"@id\":\"https:\\\/\\\/www.laguiadepamplona.com\\\/actualidad\\\/ultreia-centro-de-interpretacion-accesible-presentara-la-historia-del-camino-de-santiago-y-su-relacion-con-pamplona-a-traves-de-las-nuevas-tecnologias\\\/\",\"url\":\"https:\\\/\\\/www.laguiadepamplona.com\\\/actualidad\\\/ultreia-centro-de-interpretacion-accesible-presentara-la-historia-del-camino-de-santiago-y-su-relacion-con-pamplona-a-traves-de-las-nuevas-tecnologias\\\/\",\"name\":\"\u2018Ultreia\u2019, centro de interpretaci\u00f3n accesible, presentar\u00e1 la historia del Camino de Santiago y su relaci\u00f3n con Pamplona a trav\u00e9s de las nuevas tecnolog\u00edas\",\"isPartOf\":{\"@id\":\"https:\\\/\\\/www.laguiadepamplona.com\\\/actualidad\\\/#website\"},\"primaryImageOfPage\":{\"@id\":\"https:\\\/\\\/www.laguiadepamplona.com\\\/actualidad\\\/ultreia-centro-de-interpretacion-accesible-presentara-la-historia-del-camino-de-santiago-y-su-relacion-con-pamplona-a-traves-de-las-nuevas-tecnologias\\\/#primaryimage\"},\"image\":{\"@id\":\"https:\\\/\\\/www.laguiadepamplona.com\\\/actualidad\\\/ultreia-centro-de-interpretacion-accesible-presentara-la-historia-del-camino-de-santiago-y-su-relacion-con-pamplona-a-traves-de-las-nuevas-tecnologias\\\/#primaryimage\"},\"thumbnailUrl\":\"https:\\\/\\\/www.laguiadepamplona.com\\\/actualidad\\\/wp-content\\\/uploads\\\/2019\\\/02\\\/visita-ultreia-camino-santiago1.jpg\",\"datePublished\":\"2019-02-18T17:30:52+00:00\",\"breadcrumb\":{\"@id\":\"https:\\\/\\\/www.laguiadepamplona.com\\\/actualidad\\\/ultreia-centro-de-interpretacion-accesible-presentara-la-historia-del-camino-de-santiago-y-su-relacion-con-pamplona-a-traves-de-las-nuevas-tecnologias\\\/#breadcrumb\"},\"inLanguage\":\"es\",\"potentialAction\":[{\"@type\":\"ReadAction\",\"target\":[\"https:\\\/\\\/www.laguiadepamplona.com\\\/actualidad\\\/ultreia-centro-de-interpretacion-accesible-presentara-la-historia-del-camino-de-santiago-y-su-relacion-con-pamplona-a-traves-de-las-nuevas-tecnologias\\\/\"]}]},{\"@type\":\"ImageObject\",\"inLanguage\":\"es\",\"@id\":\"https:\\\/\\\/www.laguiadepamplona.com\\\/actualidad\\\/ultreia-centro-de-interpretacion-accesible-presentara-la-historia-del-camino-de-santiago-y-su-relacion-con-pamplona-a-traves-de-las-nuevas-tecnologias\\\/#primaryimage\",\"url\":\"https:\\\/\\\/www.laguiadepamplona.com\\\/actualidad\\\/wp-content\\\/uploads\\\/2019\\\/02\\\/visita-ultreia-camino-santiago1.jpg\",\"contentUrl\":\"https:\\\/\\\/www.laguiadepamplona.com\\\/actualidad\\\/wp-content\\\/uploads\\\/2019\\\/02\\\/visita-ultreia-camino-santiago1.jpg\",\"width\":1620,\"height\":1080},{\"@type\":\"BreadcrumbList\",\"@id\":\"https:\\\/\\\/www.laguiadepamplona.com\\\/actualidad\\\/ultreia-centro-de-interpretacion-accesible-presentara-la-historia-del-camino-de-santiago-y-su-relacion-con-pamplona-a-traves-de-las-nuevas-tecnologias\\\/#breadcrumb\",\"itemListElement\":[{\"@type\":\"ListItem\",\"position\":1,\"name\":\"Portada\",\"item\":\"https:\\\/\\\/www.laguiadepamplona.com\\\/actualidad\\\/\"},{\"@type\":\"ListItem\",\"position\":2,\"name\":\"\u2018Ultreia\u2019, centro de interpretaci\u00f3n accesible, presentar\u00e1 la historia del Camino de Santiago y su relaci\u00f3n con Pamplona a trav\u00e9s de las nuevas tecnolog\u00edas\"}]},{\"@type\":\"WebSite\",\"@id\":\"https:\\\/\\\/www.laguiadepamplona.com\\\/actualidad\\\/#website\",\"url\":\"https:\\\/\\\/www.laguiadepamplona.com\\\/actualidad\\\/\",\"name\":\"La gu\u00eda de Pamplona\",\"description\":\"Noticias de Pamplona\",\"publisher\":{\"@id\":\"https:\\\/\\\/www.laguiadepamplona.com\\\/actualidad\\\/#organization\"},\"potentialAction\":[{\"@type\":\"SearchAction\",\"target\":{\"@type\":\"EntryPoint\",\"urlTemplate\":\"https:\\\/\\\/www.laguiadepamplona.com\\\/actualidad\\\/?s={search_term_string}\"},\"query-input\":{\"@type\":\"PropertyValueSpecification\",\"valueRequired\":true,\"valueName\":\"search_term_string\"}}],\"inLanguage\":\"es\"},{\"@type\":\"Organization\",\"@id\":\"https:\\\/\\\/www.laguiadepamplona.com\\\/actualidad\\\/#organization\",\"name\":\"La Gu\u00eda de Pamplona \\\/ Noticias\",\"url\":\"https:\\\/\\\/www.laguiadepamplona.com\\\/actualidad\\\/\",\"logo\":{\"@type\":\"ImageObject\",\"inLanguage\":\"es\",\"@id\":\"https:\\\/\\\/www.laguiadepamplona.com\\\/actualidad\\\/#\\\/schema\\\/logo\\\/image\\\/\",\"url\":\"https:\\\/\\\/www.laguiadepamplona.com\\\/actualidad\\\/wp-content\\\/uploads\\\/2018\\\/11\\\/logo-laguiadepamplona18-web1.png\",\"contentUrl\":\"https:\\\/\\\/www.laguiadepamplona.com\\\/actualidad\\\/wp-content\\\/uploads\\\/2018\\\/11\\\/logo-laguiadepamplona18-web1.png\",\"width\":600,\"height\":196,\"caption\":\"La Gu\u00eda de Pamplona \\\/ Noticias\"},\"image\":{\"@id\":\"https:\\\/\\\/www.laguiadepamplona.com\\\/actualidad\\\/#\\\/schema\\\/logo\\\/image\\\/\"},\"sameAs\":[\"https:\\\/\\\/www.facebook.com\\\/laguiadepamplonacom-133175176762273\\\/?ref=hl\",\"https:\\\/\\\/x.com\\\/LaGuiadPamplona\",\"https:\\\/\\\/www.instagram.com\\\/la_guia_de_pamplona\\\/\",\"https:\\\/\\\/www.youtube.com\\\/user\\\/laguiadepamplona\"]},{\"@type\":\"Person\",\"@id\":\"https:\\\/\\\/www.laguiadepamplona.com\\\/actualidad\\\/#\\\/schema\\\/person\\\/efe887376f0213d4657c93adc50b1fdb\",\"name\":\"La Gu\u00eda de Pamplona\",\"image\":{\"@type\":\"ImageObject\",\"inLanguage\":\"es\",\"@id\":\"https:\\\/\\\/secure.gravatar.com\\\/avatar\\\/b6992f131dc8d30ab0dff15446e9d346d9dbd95992de0fef795073f5ea83a81c?s=96&d=mm&r=g\",\"url\":\"https:\\\/\\\/secure.gravatar.com\\\/avatar\\\/b6992f131dc8d30ab0dff15446e9d346d9dbd95992de0fef795073f5ea83a81c?s=96&d=mm&r=g\",\"contentUrl\":\"https:\\\/\\\/secure.gravatar.com\\\/avatar\\\/b6992f131dc8d30ab0dff15446e9d346d9dbd95992de0fef795073f5ea83a81c?s=96&d=mm&r=g\",\"caption\":\"La Gu\u00eda de Pamplona\"}}]}<\/script>\n<!-- \/ Yoast SEO plugin. -->","yoast_head_json":{"title":"\u2018Ultreia\u2019, centro de interpretaci\u00f3n accesible, presentar\u00e1 la historia del Camino de Santiago y su relaci\u00f3n con Pamplona a trav\u00e9s de las nuevas tecnolog\u00edas","robots":{"index":"index","follow":"follow","max-snippet":"max-snippet:-1","max-image-preview":"max-image-preview:large","max-video-preview":"max-video-preview:-1"},"canonical":"https:\/\/www.laguiadepamplona.com\/actualidad\/ultreia-centro-de-interpretacion-accesible-presentara-la-historia-del-camino-de-santiago-y-su-relacion-con-pamplona-a-traves-de-las-nuevas-tecnologias\/","og_locale":"es_ES","og_type":"article","og_title":"\u2018Ultreia\u2019, centro de interpretaci\u00f3n accesible, presentar\u00e1 la historia del Camino de Santiago y su relaci\u00f3n con Pamplona a trav\u00e9s de las nuevas tecnolog\u00edas","og_url":"https:\/\/www.laguiadepamplona.com\/actualidad\/ultreia-centro-de-interpretacion-accesible-presentara-la-historia-del-camino-de-santiago-y-su-relacion-con-pamplona-a-traves-de-las-nuevas-tecnologias\/","og_site_name":"La Gu\u00eda de Pamplona","article_publisher":"https:\/\/www.facebook.com\/laguiadepamplonacom-133175176762273\/?ref=hl","article_published_time":"2019-02-18T17:30:52+00:00","og_image":[{"width":1620,"height":1080,"url":"https:\/\/www.laguiadepamplona.com\/actualidad\/wp-content\/uploads\/2019\/02\/visita-ultreia-camino-santiago1.jpg","type":"image\/jpeg"}],"author":"La Gu\u00eda de Pamplona","twitter_card":"summary_large_image","twitter_creator":"@LaGuiadPamplona","twitter_site":"@LaGuiadPamplona","twitter_misc":{"Escrito por":"La Gu\u00eda de Pamplona","Tiempo de lectura":"5 minutos"},"schema":{"@context":"https:\/\/schema.org","@graph":[{"@type":"Article","@id":"https:\/\/www.laguiadepamplona.com\/actualidad\/ultreia-centro-de-interpretacion-accesible-presentara-la-historia-del-camino-de-santiago-y-su-relacion-con-pamplona-a-traves-de-las-nuevas-tecnologias\/#article","isPartOf":{"@id":"https:\/\/www.laguiadepamplona.com\/actualidad\/ultreia-centro-de-interpretacion-accesible-presentara-la-historia-del-camino-de-santiago-y-su-relacion-con-pamplona-a-traves-de-las-nuevas-tecnologias\/"},"author":{"name":"La Gu\u00eda de Pamplona","@id":"https:\/\/www.laguiadepamplona.com\/actualidad\/#\/schema\/person\/efe887376f0213d4657c93adc50b1fdb"},"headline":"\u2018Ultreia\u2019, centro de interpretaci\u00f3n accesible, presentar\u00e1 la historia del Camino de Santiago y su relaci\u00f3n con Pamplona a trav\u00e9s de las nuevas tecnolog\u00edas","datePublished":"2019-02-18T17:30:52+00:00","mainEntityOfPage":{"@id":"https:\/\/www.laguiadepamplona.com\/actualidad\/ultreia-centro-de-interpretacion-accesible-presentara-la-historia-del-camino-de-santiago-y-su-relacion-con-pamplona-a-traves-de-las-nuevas-tecnologias\/"},"wordCount":1042,"commentCount":0,"publisher":{"@id":"https:\/\/www.laguiadepamplona.com\/actualidad\/#organization"},"image":{"@id":"https:\/\/www.laguiadepamplona.com\/actualidad\/ultreia-centro-de-interpretacion-accesible-presentara-la-historia-del-camino-de-santiago-y-su-relacion-con-pamplona-a-traves-de-las-nuevas-tecnologias\/#primaryimage"},"thumbnailUrl":"https:\/\/www.laguiadepamplona.com\/actualidad\/wp-content\/uploads\/2019\/02\/visita-ultreia-camino-santiago1.jpg","articleSection":["Ayto Pamplona"],"inLanguage":"es","potentialAction":[{"@type":"CommentAction","name":"Comment","target":["https:\/\/www.laguiadepamplona.com\/actualidad\/ultreia-centro-de-interpretacion-accesible-presentara-la-historia-del-camino-de-santiago-y-su-relacion-con-pamplona-a-traves-de-las-nuevas-tecnologias\/#respond"]}]},{"@type":"WebPage","@id":"https:\/\/www.laguiadepamplona.com\/actualidad\/ultreia-centro-de-interpretacion-accesible-presentara-la-historia-del-camino-de-santiago-y-su-relacion-con-pamplona-a-traves-de-las-nuevas-tecnologias\/","url":"https:\/\/www.laguiadepamplona.com\/actualidad\/ultreia-centro-de-interpretacion-accesible-presentara-la-historia-del-camino-de-santiago-y-su-relacion-con-pamplona-a-traves-de-las-nuevas-tecnologias\/","name":"\u2018Ultreia\u2019, centro de interpretaci\u00f3n accesible, presentar\u00e1 la historia del Camino de Santiago y su relaci\u00f3n con Pamplona a trav\u00e9s de las nuevas tecnolog\u00edas","isPartOf":{"@id":"https:\/\/www.laguiadepamplona.com\/actualidad\/#website"},"primaryImageOfPage":{"@id":"https:\/\/www.laguiadepamplona.com\/actualidad\/ultreia-centro-de-interpretacion-accesible-presentara-la-historia-del-camino-de-santiago-y-su-relacion-con-pamplona-a-traves-de-las-nuevas-tecnologias\/#primaryimage"},"image":{"@id":"https:\/\/www.laguiadepamplona.com\/actualidad\/ultreia-centro-de-interpretacion-accesible-presentara-la-historia-del-camino-de-santiago-y-su-relacion-con-pamplona-a-traves-de-las-nuevas-tecnologias\/#primaryimage"},"thumbnailUrl":"https:\/\/www.laguiadepamplona.com\/actualidad\/wp-content\/uploads\/2019\/02\/visita-ultreia-camino-santiago1.jpg","datePublished":"2019-02-18T17:30:52+00:00","breadcrumb":{"@id":"https:\/\/www.laguiadepamplona.com\/actualidad\/ultreia-centro-de-interpretacion-accesible-presentara-la-historia-del-camino-de-santiago-y-su-relacion-con-pamplona-a-traves-de-las-nuevas-tecnologias\/#breadcrumb"},"inLanguage":"es","potentialAction":[{"@type":"ReadAction","target":["https:\/\/www.laguiadepamplona.com\/actualidad\/ultreia-centro-de-interpretacion-accesible-presentara-la-historia-del-camino-de-santiago-y-su-relacion-con-pamplona-a-traves-de-las-nuevas-tecnologias\/"]}]},{"@type":"ImageObject","inLanguage":"es","@id":"https:\/\/www.laguiadepamplona.com\/actualidad\/ultreia-centro-de-interpretacion-accesible-presentara-la-historia-del-camino-de-santiago-y-su-relacion-con-pamplona-a-traves-de-las-nuevas-tecnologias\/#primaryimage","url":"https:\/\/www.laguiadepamplona.com\/actualidad\/wp-content\/uploads\/2019\/02\/visita-ultreia-camino-santiago1.jpg","contentUrl":"https:\/\/www.laguiadepamplona.com\/actualidad\/wp-content\/uploads\/2019\/02\/visita-ultreia-camino-santiago1.jpg","width":1620,"height":1080},{"@type":"BreadcrumbList","@id":"https:\/\/www.laguiadepamplona.com\/actualidad\/ultreia-centro-de-interpretacion-accesible-presentara-la-historia-del-camino-de-santiago-y-su-relacion-con-pamplona-a-traves-de-las-nuevas-tecnologias\/#breadcrumb","itemListElement":[{"@type":"ListItem","position":1,"name":"Portada","item":"https:\/\/www.laguiadepamplona.com\/actualidad\/"},{"@type":"ListItem","position":2,"name":"\u2018Ultreia\u2019, centro de interpretaci\u00f3n accesible, presentar\u00e1 la historia del Camino de Santiago y su relaci\u00f3n con Pamplona a trav\u00e9s de las nuevas tecnolog\u00edas"}]},{"@type":"WebSite","@id":"https:\/\/www.laguiadepamplona.com\/actualidad\/#website","url":"https:\/\/www.laguiadepamplona.com\/actualidad\/","name":"La gu\u00eda de Pamplona","description":"Noticias de Pamplona","publisher":{"@id":"https:\/\/www.laguiadepamplona.com\/actualidad\/#organization"},"potentialAction":[{"@type":"SearchAction","target":{"@type":"EntryPoint","urlTemplate":"https:\/\/www.laguiadepamplona.com\/actualidad\/?s={search_term_string}"},"query-input":{"@type":"PropertyValueSpecification","valueRequired":true,"valueName":"search_term_string"}}],"inLanguage":"es"},{"@type":"Organization","@id":"https:\/\/www.laguiadepamplona.com\/actualidad\/#organization","name":"La Gu\u00eda de Pamplona \/ Noticias","url":"https:\/\/www.laguiadepamplona.com\/actualidad\/","logo":{"@type":"ImageObject","inLanguage":"es","@id":"https:\/\/www.laguiadepamplona.com\/actualidad\/#\/schema\/logo\/image\/","url":"https:\/\/www.laguiadepamplona.com\/actualidad\/wp-content\/uploads\/2018\/11\/logo-laguiadepamplona18-web1.png","contentUrl":"https:\/\/www.laguiadepamplona.com\/actualidad\/wp-content\/uploads\/2018\/11\/logo-laguiadepamplona18-web1.png","width":600,"height":196,"caption":"La Gu\u00eda de Pamplona \/ Noticias"},"image":{"@id":"https:\/\/www.laguiadepamplona.com\/actualidad\/#\/schema\/logo\/image\/"},"sameAs":["https:\/\/www.facebook.com\/laguiadepamplonacom-133175176762273\/?ref=hl","https:\/\/x.com\/LaGuiadPamplona","https:\/\/www.instagram.com\/la_guia_de_pamplona\/","https:\/\/www.youtube.com\/user\/laguiadepamplona"]},{"@type":"Person","@id":"https:\/\/www.laguiadepamplona.com\/actualidad\/#\/schema\/person\/efe887376f0213d4657c93adc50b1fdb","name":"La Gu\u00eda de Pamplona","image":{"@type":"ImageObject","inLanguage":"es","@id":"https:\/\/secure.gravatar.com\/avatar\/b6992f131dc8d30ab0dff15446e9d346d9dbd95992de0fef795073f5ea83a81c?s=96&d=mm&r=g","url":"https:\/\/secure.gravatar.com\/avatar\/b6992f131dc8d30ab0dff15446e9d346d9dbd95992de0fef795073f5ea83a81c?s=96&d=mm&r=g","contentUrl":"https:\/\/secure.gravatar.com\/avatar\/b6992f131dc8d30ab0dff15446e9d346d9dbd95992de0fef795073f5ea83a81c?s=96&d=mm&r=g","caption":"La Gu\u00eda de Pamplona"}}]}},"post_mailing_queue_ids":[],"_links":{"self":[{"href":"https:\/\/www.laguiadepamplona.com\/actualidad\/wp-json\/wp\/v2\/posts\/20432","targetHints":{"allow":["GET"]}}],"collection":[{"href":"https:\/\/www.laguiadepamplona.com\/actualidad\/wp-json\/wp\/v2\/posts"}],"about":[{"href":"https:\/\/www.laguiadepamplona.com\/actualidad\/wp-json\/wp\/v2\/types\/post"}],"author":[{"embeddable":true,"href":"https:\/\/www.laguiadepamplona.com\/actualidad\/wp-json\/wp\/v2\/users\/1"}],"replies":[{"embeddable":true,"href":"https:\/\/www.laguiadepamplona.com\/actualidad\/wp-json\/wp\/v2\/comments?post=20432"}],"version-history":[{"count":0,"href":"https:\/\/www.laguiadepamplona.com\/actualidad\/wp-json\/wp\/v2\/posts\/20432\/revisions"}],"wp:featuredmedia":[{"embeddable":true,"href":"https:\/\/www.laguiadepamplona.com\/actualidad\/wp-json\/wp\/v2\/media\/20433"}],"wp:attachment":[{"href":"https:\/\/www.laguiadepamplona.com\/actualidad\/wp-json\/wp\/v2\/media?parent=20432"}],"wp:term":[{"taxonomy":"category","embeddable":true,"href":"https:\/\/www.laguiadepamplona.com\/actualidad\/wp-json\/wp\/v2\/categories?post=20432"},{"taxonomy":"post_tag","embeddable":true,"href":"https:\/\/www.laguiadepamplona.com\/actualidad\/wp-json\/wp\/v2\/tags?post=20432"}],"curies":[{"name":"wp","href":"https:\/\/api.w.org\/{rel}","templated":true}]}}