{"id":20398,"date":"2019-02-14T13:16:53","date_gmt":"2019-02-14T11:16:53","guid":{"rendered":"https:\/\/www.laguiadepamplona.es\/actualidad\/?p=20398"},"modified":"2019-02-14T13:16:53","modified_gmt":"2019-02-14T11:16:53","slug":"el-debate-sobre-el-futuro-del-recinto-ferial-se-traslada-a-la-mesa-general-de-los-sanfermines","status":"publish","type":"post","link":"https:\/\/www.laguiadepamplona.com\/actualidad\/el-debate-sobre-el-futuro-del-recinto-ferial-se-traslada-a-la-mesa-general-de-los-sanfermines\/","title":{"rendered":"El debate sobre el futuro del recinto ferial se traslada a la Mesa General de los Sanfermines"},"content":{"rendered":"<p><!--more--><\/p>\n<h3>T\u00e9cnicos municipales exponen su evaluaci\u00f3n sobre las 5 propuestas de la MECA: se descartan totalmente Yanguas y Miranda y Catalina de Foix<\/h3>\n<p>El debate sobre el futuro del recinto ferial se ha trasladado a la Mesa General de los Sanfermines. Los t\u00e9cnicos municipales expusieron ayer tarde la evaluaci\u00f3n que han venido realizando desde el pasado mes de septiembre sobre las cinco propuestas presentadas por la MECA, ninguna de las cuales ha obtenido luz verde total. De hecho, dos de las ubicaciones, avenida Catalina de Foix y Yanguas y Miranda, se descartan totalmente por las afecciones al tr\u00e1fico y a la seguridad que podr\u00edan ocasionar, y una, la del parque de la Insumisi\u00f3n-Antoniutti, se descarta parcialmente tambi\u00e9n por los mismos motivos.<\/p>\n<p>Las otras dos ubicaciones propuestas por la MECA, P\u00edo XII con Vuelta del Castillo, y Fosos de la Ciudadela, podr\u00edan ser barajadas seg\u00fan los t\u00e9cnicos municipales, si bien tambi\u00e9n presentan problem\u00e1ticas como la afecci\u00f3n \u201csevera\u201d al arbolado y al tr\u00e1fico en el caso de P\u00edo XII, y problemas a\u00f1adidos en el caso de los fosos de la Ciudadela pues podr\u00eda afectar directamente al lanzamiento de los fuegos artificiales.<\/p>\n<p>Los t\u00e9cnicos municipales apuntan que la ubicaci\u00f3n actual, en el parque de la Runa, s\u00ed tendr\u00eda luz verde, aunque se podr\u00eda mejorar en dos aspectos: electrificar toda la parcela y mejorar la accesibilidad desde la meseta superior.<\/p>\n<p>Tras recibir las explicaciones de los t\u00e9cnicos, el Ayuntamiento de Pamplona volver\u00e1 a convocar de nuevo la Mesa General de los Sanfermines a finales del mes de marzo para recoger las aportaciones de sus integrantes a este debate. Como se recordar\u00e1, forman parte de esta Mesa m\u00e1s de medio centenar de asociaciones, colectivos o entidades relacionados directamente con la fiesta o representativas del tejido social de la ciudad, adem\u00e1s miembros de los partidos con representaci\u00f3n en el Ayuntamiento.<\/p>\n<p><strong>El proceso para abrir el debate en la Mesa General<\/strong><\/p>\n<p>El recinto ferial durante las fiestas de San Ferm\u00edn ha estado ubicado en diferentes emplazamientos. Durante los \u00faltimos a\u00f1os han dos principales. Desde 1997 hasta 2008, se ubic\u00f3 en el solar donde ahora se encuentra la nueva estaci\u00f3n de autobuses, que durante ese tiempo sirvi\u00f3 como zona de aparcamiento y parque deportivo-recreativo durante el a\u00f1o y como recinto ferial durante los Sanfermines. Con el comienzo de las obras, en 2008 el recinto ferial se traslad\u00f3 a su actual ubicaci\u00f3n, en el parque de la Runa, primero gestionado directamente por el Ayuntamiento de Pamplona (2008-2012) y despu\u00e9s por la Casa de la Misericordia, de acuerdo a un convenio de colaboraci\u00f3n suscrito el 15 de abril de 2012 y v\u00e1lido hasta el a\u00f1o 2032.<\/p>\n<p>En julio de 2018, el alcalde, Joseba Asiron, anunci\u00f3 que a partir de septiembre se abrir\u00eda un proceso de debate para evaluar un posible cambio de ubicaci\u00f3n del recinto ferial para llevarlo, de nuevo, a la parte alta de la meseta de la ciudad. La base de ese debate eran las 5 propuestas presentadas por la MECA: Yanguas y Miranda (sobre la actual estaci\u00f3n de Autobuses), P\u00edo XII con Vuelta del Castillo, solar del Parque de la Insumisi\u00f3n unido a Antoniutti, fosos de la Ciudadela y avenida Catalina de Foix.<\/p>\n<p>Entre septiembre y enero los diferentes servicios del Ayuntamiento (Seguridad Ciudadana, Urbanismo y Cultura) han analizado cada una de estas cinco propuestas, a\u00f1adiendo el an\u00e1lisis de una sexta posibilidad, la que se corresponde con la ubicaci\u00f3n actual, el parque de la Runa.<\/p>\n<p>En el caso de la avenida Catalina de Foix, los t\u00e9cnicos descartan la opci\u00f3n totalmente debido a que su corte al tr\u00e1fico ser\u00eda muy complicado, ya que ejerce de corredor de emergencia; y en el de Yanguas y Miranda, se descarta porque no se pueden hacer infraestructuras enterradas y las afecciones al transporte p\u00fablico ser\u00edan importantes. En el caso del parque de la Insumisi\u00f3n-Antoniutti, se descarta la parte del parque de la Insumisi\u00f3n porque supondr\u00eda el corte de la calle Larraina, lo que afectar\u00eda al tr\u00e1fico de servicio. Los t\u00e9cnicos indican que la parte de Antoniutti se podr\u00eda valorar, pero presenta tambi\u00e9n afecciones de redimensionamiento del recinto.<\/p>\n<p>De las otras dos ubicaciones propuestas por la MECA, las valoraciones t\u00e9cnicas aprecian diversas problem\u00e1ticas. La elecci\u00f3n de P\u00edo XII con Vuelta del Castillo \u201ctendr\u00eda una afecci\u00f3n severa al arbolado y presenta algunos problemas en cuanto a afecciones de caminos internos y tr\u00e1fico\u201d, recogen los t\u00e9cnicos. Sobre los fosos de la Ciudadela, explican que presenta \u201cproblemas similares sobre los que habr\u00eda que actuar: afecciones a zonas verdes, paisaj\u00edsticas y accesos. Adem\u00e1s, podr\u00eda afectar directamente al lanzamiento de los fuegos y la construcci\u00f3n de un suelo estructural\u201d.<\/p>\n","protected":false},"excerpt":{"rendered":"","protected":false},"author":1,"featured_media":20399,"comment_status":"open","ping_status":"closed","sticky":false,"template":"","format":"standard","meta":{"footnotes":""},"categories":[2],"tags":[],"class_list":["post-20398","post","type-post","status-publish","format-standard","has-post-thumbnail","hentry","category-ayuntamiento-pamplona"],"yoast_head":"<!-- This site is optimized with the Yoast SEO plugin v27.3 - https:\/\/yoast.com\/product\/yoast-seo-wordpress\/ -->\n<title>El debate sobre el futuro del recinto ferial se traslada a la Mesa General de los Sanfermines<\/title>\n<meta name=\"robots\" content=\"index, follow, max-snippet:-1, max-image-preview:large, max-video-preview:-1\" \/>\n<link rel=\"canonical\" href=\"https:\/\/www.laguiadepamplona.com\/actualidad\/el-debate-sobre-el-futuro-del-recinto-ferial-se-traslada-a-la-mesa-general-de-los-sanfermines\/\" \/>\n<meta property=\"og:locale\" content=\"es_ES\" \/>\n<meta property=\"og:type\" content=\"article\" \/>\n<meta property=\"og:title\" content=\"El debate sobre el futuro del recinto ferial se traslada a la Mesa General de los Sanfermines\" \/>\n<meta property=\"og:url\" content=\"https:\/\/www.laguiadepamplona.com\/actualidad\/el-debate-sobre-el-futuro-del-recinto-ferial-se-traslada-a-la-mesa-general-de-los-sanfermines\/\" \/>\n<meta property=\"og:site_name\" content=\"La Gu\u00eda de Pamplona\" \/>\n<meta property=\"article:publisher\" content=\"https:\/\/www.facebook.com\/laguiadepamplonacom-133175176762273\/?ref=hl\" \/>\n<meta property=\"article:published_time\" content=\"2019-02-14T11:16:53+00:00\" \/>\n<meta property=\"og:image\" content=\"https:\/\/www.laguiadepamplona.com\/actualidad\/wp-content\/uploads\/2019\/02\/19.02.13_Mesa-Sanfermines.jpg\" \/>\n\t<meta property=\"og:image:width\" content=\"1620\" \/>\n\t<meta property=\"og:image:height\" content=\"1080\" \/>\n\t<meta property=\"og:image:type\" content=\"image\/jpeg\" \/>\n<meta name=\"author\" content=\"La Gu\u00eda de Pamplona\" \/>\n<meta name=\"twitter:card\" content=\"summary_large_image\" \/>\n<meta name=\"twitter:creator\" content=\"@LaGuiadPamplona\" \/>\n<meta name=\"twitter:site\" content=\"@LaGuiadPamplona\" \/>\n<meta name=\"twitter:label1\" content=\"Escrito por\" \/>\n\t<meta name=\"twitter:data1\" content=\"La Gu\u00eda de Pamplona\" \/>\n\t<meta name=\"twitter:label2\" content=\"Tiempo de lectura\" \/>\n\t<meta name=\"twitter:data2\" content=\"4 minutos\" \/>\n<script type=\"application\/ld+json\" class=\"yoast-schema-graph\">{\"@context\":\"https:\\\/\\\/schema.org\",\"@graph\":[{\"@type\":\"Article\",\"@id\":\"https:\\\/\\\/www.laguiadepamplona.com\\\/actualidad\\\/el-debate-sobre-el-futuro-del-recinto-ferial-se-traslada-a-la-mesa-general-de-los-sanfermines\\\/#article\",\"isPartOf\":{\"@id\":\"https:\\\/\\\/www.laguiadepamplona.com\\\/actualidad\\\/el-debate-sobre-el-futuro-del-recinto-ferial-se-traslada-a-la-mesa-general-de-los-sanfermines\\\/\"},\"author\":{\"name\":\"La Gu\u00eda de Pamplona\",\"@id\":\"https:\\\/\\\/www.laguiadepamplona.com\\\/actualidad\\\/#\\\/schema\\\/person\\\/efe887376f0213d4657c93adc50b1fdb\"},\"headline\":\"El debate sobre el futuro del recinto ferial se traslada a la Mesa General de los Sanfermines\",\"datePublished\":\"2019-02-14T11:16:53+00:00\",\"mainEntityOfPage\":{\"@id\":\"https:\\\/\\\/www.laguiadepamplona.com\\\/actualidad\\\/el-debate-sobre-el-futuro-del-recinto-ferial-se-traslada-a-la-mesa-general-de-los-sanfermines\\\/\"},\"wordCount\":839,\"commentCount\":0,\"publisher\":{\"@id\":\"https:\\\/\\\/www.laguiadepamplona.com\\\/actualidad\\\/#organization\"},\"image\":{\"@id\":\"https:\\\/\\\/www.laguiadepamplona.com\\\/actualidad\\\/el-debate-sobre-el-futuro-del-recinto-ferial-se-traslada-a-la-mesa-general-de-los-sanfermines\\\/#primaryimage\"},\"thumbnailUrl\":\"https:\\\/\\\/www.laguiadepamplona.com\\\/actualidad\\\/wp-content\\\/uploads\\\/2019\\\/02\\\/19.02.13_Mesa-Sanfermines.jpg\",\"articleSection\":[\"Ayto Pamplona\"],\"inLanguage\":\"es\",\"potentialAction\":[{\"@type\":\"CommentAction\",\"name\":\"Comment\",\"target\":[\"https:\\\/\\\/www.laguiadepamplona.com\\\/actualidad\\\/el-debate-sobre-el-futuro-del-recinto-ferial-se-traslada-a-la-mesa-general-de-los-sanfermines\\\/#respond\"]}]},{\"@type\":\"WebPage\",\"@id\":\"https:\\\/\\\/www.laguiadepamplona.com\\\/actualidad\\\/el-debate-sobre-el-futuro-del-recinto-ferial-se-traslada-a-la-mesa-general-de-los-sanfermines\\\/\",\"url\":\"https:\\\/\\\/www.laguiadepamplona.com\\\/actualidad\\\/el-debate-sobre-el-futuro-del-recinto-ferial-se-traslada-a-la-mesa-general-de-los-sanfermines\\\/\",\"name\":\"El debate sobre el futuro del recinto ferial se traslada a la Mesa General de los Sanfermines\",\"isPartOf\":{\"@id\":\"https:\\\/\\\/www.laguiadepamplona.com\\\/actualidad\\\/#website\"},\"primaryImageOfPage\":{\"@id\":\"https:\\\/\\\/www.laguiadepamplona.com\\\/actualidad\\\/el-debate-sobre-el-futuro-del-recinto-ferial-se-traslada-a-la-mesa-general-de-los-sanfermines\\\/#primaryimage\"},\"image\":{\"@id\":\"https:\\\/\\\/www.laguiadepamplona.com\\\/actualidad\\\/el-debate-sobre-el-futuro-del-recinto-ferial-se-traslada-a-la-mesa-general-de-los-sanfermines\\\/#primaryimage\"},\"thumbnailUrl\":\"https:\\\/\\\/www.laguiadepamplona.com\\\/actualidad\\\/wp-content\\\/uploads\\\/2019\\\/02\\\/19.02.13_Mesa-Sanfermines.jpg\",\"datePublished\":\"2019-02-14T11:16:53+00:00\",\"breadcrumb\":{\"@id\":\"https:\\\/\\\/www.laguiadepamplona.com\\\/actualidad\\\/el-debate-sobre-el-futuro-del-recinto-ferial-se-traslada-a-la-mesa-general-de-los-sanfermines\\\/#breadcrumb\"},\"inLanguage\":\"es\",\"potentialAction\":[{\"@type\":\"ReadAction\",\"target\":[\"https:\\\/\\\/www.laguiadepamplona.com\\\/actualidad\\\/el-debate-sobre-el-futuro-del-recinto-ferial-se-traslada-a-la-mesa-general-de-los-sanfermines\\\/\"]}]},{\"@type\":\"ImageObject\",\"inLanguage\":\"es\",\"@id\":\"https:\\\/\\\/www.laguiadepamplona.com\\\/actualidad\\\/el-debate-sobre-el-futuro-del-recinto-ferial-se-traslada-a-la-mesa-general-de-los-sanfermines\\\/#primaryimage\",\"url\":\"https:\\\/\\\/www.laguiadepamplona.com\\\/actualidad\\\/wp-content\\\/uploads\\\/2019\\\/02\\\/19.02.13_Mesa-Sanfermines.jpg\",\"contentUrl\":\"https:\\\/\\\/www.laguiadepamplona.com\\\/actualidad\\\/wp-content\\\/uploads\\\/2019\\\/02\\\/19.02.13_Mesa-Sanfermines.jpg\",\"width\":1620,\"height\":1080},{\"@type\":\"BreadcrumbList\",\"@id\":\"https:\\\/\\\/www.laguiadepamplona.com\\\/actualidad\\\/el-debate-sobre-el-futuro-del-recinto-ferial-se-traslada-a-la-mesa-general-de-los-sanfermines\\\/#breadcrumb\",\"itemListElement\":[{\"@type\":\"ListItem\",\"position\":1,\"name\":\"Portada\",\"item\":\"https:\\\/\\\/www.laguiadepamplona.com\\\/actualidad\\\/\"},{\"@type\":\"ListItem\",\"position\":2,\"name\":\"El debate sobre el futuro del recinto ferial se traslada a la Mesa General de los Sanfermines\"}]},{\"@type\":\"WebSite\",\"@id\":\"https:\\\/\\\/www.laguiadepamplona.com\\\/actualidad\\\/#website\",\"url\":\"https:\\\/\\\/www.laguiadepamplona.com\\\/actualidad\\\/\",\"name\":\"La gu\u00eda de Pamplona\",\"description\":\"Noticias de Pamplona\",\"publisher\":{\"@id\":\"https:\\\/\\\/www.laguiadepamplona.com\\\/actualidad\\\/#organization\"},\"potentialAction\":[{\"@type\":\"SearchAction\",\"target\":{\"@type\":\"EntryPoint\",\"urlTemplate\":\"https:\\\/\\\/www.laguiadepamplona.com\\\/actualidad\\\/?s={search_term_string}\"},\"query-input\":{\"@type\":\"PropertyValueSpecification\",\"valueRequired\":true,\"valueName\":\"search_term_string\"}}],\"inLanguage\":\"es\"},{\"@type\":\"Organization\",\"@id\":\"https:\\\/\\\/www.laguiadepamplona.com\\\/actualidad\\\/#organization\",\"name\":\"La Gu\u00eda de Pamplona \\\/ Noticias\",\"url\":\"https:\\\/\\\/www.laguiadepamplona.com\\\/actualidad\\\/\",\"logo\":{\"@type\":\"ImageObject\",\"inLanguage\":\"es\",\"@id\":\"https:\\\/\\\/www.laguiadepamplona.com\\\/actualidad\\\/#\\\/schema\\\/logo\\\/image\\\/\",\"url\":\"https:\\\/\\\/www.laguiadepamplona.com\\\/actualidad\\\/wp-content\\\/uploads\\\/2018\\\/11\\\/logo-laguiadepamplona18-web1.png\",\"contentUrl\":\"https:\\\/\\\/www.laguiadepamplona.com\\\/actualidad\\\/wp-content\\\/uploads\\\/2018\\\/11\\\/logo-laguiadepamplona18-web1.png\",\"width\":600,\"height\":196,\"caption\":\"La Gu\u00eda de Pamplona \\\/ Noticias\"},\"image\":{\"@id\":\"https:\\\/\\\/www.laguiadepamplona.com\\\/actualidad\\\/#\\\/schema\\\/logo\\\/image\\\/\"},\"sameAs\":[\"https:\\\/\\\/www.facebook.com\\\/laguiadepamplonacom-133175176762273\\\/?ref=hl\",\"https:\\\/\\\/x.com\\\/LaGuiadPamplona\",\"https:\\\/\\\/www.instagram.com\\\/la_guia_de_pamplona\\\/\",\"https:\\\/\\\/www.youtube.com\\\/user\\\/laguiadepamplona\"]},{\"@type\":\"Person\",\"@id\":\"https:\\\/\\\/www.laguiadepamplona.com\\\/actualidad\\\/#\\\/schema\\\/person\\\/efe887376f0213d4657c93adc50b1fdb\",\"name\":\"La Gu\u00eda de Pamplona\",\"image\":{\"@type\":\"ImageObject\",\"inLanguage\":\"es\",\"@id\":\"https:\\\/\\\/secure.gravatar.com\\\/avatar\\\/b6992f131dc8d30ab0dff15446e9d346d9dbd95992de0fef795073f5ea83a81c?s=96&d=mm&r=g\",\"url\":\"https:\\\/\\\/secure.gravatar.com\\\/avatar\\\/b6992f131dc8d30ab0dff15446e9d346d9dbd95992de0fef795073f5ea83a81c?s=96&d=mm&r=g\",\"contentUrl\":\"https:\\\/\\\/secure.gravatar.com\\\/avatar\\\/b6992f131dc8d30ab0dff15446e9d346d9dbd95992de0fef795073f5ea83a81c?s=96&d=mm&r=g\",\"caption\":\"La Gu\u00eda de Pamplona\"}}]}<\/script>\n<!-- \/ Yoast SEO plugin. -->","yoast_head_json":{"title":"El debate sobre el futuro del recinto ferial se traslada a la Mesa General de los Sanfermines","robots":{"index":"index","follow":"follow","max-snippet":"max-snippet:-1","max-image-preview":"max-image-preview:large","max-video-preview":"max-video-preview:-1"},"canonical":"https:\/\/www.laguiadepamplona.com\/actualidad\/el-debate-sobre-el-futuro-del-recinto-ferial-se-traslada-a-la-mesa-general-de-los-sanfermines\/","og_locale":"es_ES","og_type":"article","og_title":"El debate sobre el futuro del recinto ferial se traslada a la Mesa General de los Sanfermines","og_url":"https:\/\/www.laguiadepamplona.com\/actualidad\/el-debate-sobre-el-futuro-del-recinto-ferial-se-traslada-a-la-mesa-general-de-los-sanfermines\/","og_site_name":"La Gu\u00eda de Pamplona","article_publisher":"https:\/\/www.facebook.com\/laguiadepamplonacom-133175176762273\/?ref=hl","article_published_time":"2019-02-14T11:16:53+00:00","og_image":[{"width":1620,"height":1080,"url":"https:\/\/www.laguiadepamplona.com\/actualidad\/wp-content\/uploads\/2019\/02\/19.02.13_Mesa-Sanfermines.jpg","type":"image\/jpeg"}],"author":"La Gu\u00eda de Pamplona","twitter_card":"summary_large_image","twitter_creator":"@LaGuiadPamplona","twitter_site":"@LaGuiadPamplona","twitter_misc":{"Escrito por":"La Gu\u00eda de Pamplona","Tiempo de lectura":"4 minutos"},"schema":{"@context":"https:\/\/schema.org","@graph":[{"@type":"Article","@id":"https:\/\/www.laguiadepamplona.com\/actualidad\/el-debate-sobre-el-futuro-del-recinto-ferial-se-traslada-a-la-mesa-general-de-los-sanfermines\/#article","isPartOf":{"@id":"https:\/\/www.laguiadepamplona.com\/actualidad\/el-debate-sobre-el-futuro-del-recinto-ferial-se-traslada-a-la-mesa-general-de-los-sanfermines\/"},"author":{"name":"La Gu\u00eda de Pamplona","@id":"https:\/\/www.laguiadepamplona.com\/actualidad\/#\/schema\/person\/efe887376f0213d4657c93adc50b1fdb"},"headline":"El debate sobre el futuro del recinto ferial se traslada a la Mesa General de los Sanfermines","datePublished":"2019-02-14T11:16:53+00:00","mainEntityOfPage":{"@id":"https:\/\/www.laguiadepamplona.com\/actualidad\/el-debate-sobre-el-futuro-del-recinto-ferial-se-traslada-a-la-mesa-general-de-los-sanfermines\/"},"wordCount":839,"commentCount":0,"publisher":{"@id":"https:\/\/www.laguiadepamplona.com\/actualidad\/#organization"},"image":{"@id":"https:\/\/www.laguiadepamplona.com\/actualidad\/el-debate-sobre-el-futuro-del-recinto-ferial-se-traslada-a-la-mesa-general-de-los-sanfermines\/#primaryimage"},"thumbnailUrl":"https:\/\/www.laguiadepamplona.com\/actualidad\/wp-content\/uploads\/2019\/02\/19.02.13_Mesa-Sanfermines.jpg","articleSection":["Ayto Pamplona"],"inLanguage":"es","potentialAction":[{"@type":"CommentAction","name":"Comment","target":["https:\/\/www.laguiadepamplona.com\/actualidad\/el-debate-sobre-el-futuro-del-recinto-ferial-se-traslada-a-la-mesa-general-de-los-sanfermines\/#respond"]}]},{"@type":"WebPage","@id":"https:\/\/www.laguiadepamplona.com\/actualidad\/el-debate-sobre-el-futuro-del-recinto-ferial-se-traslada-a-la-mesa-general-de-los-sanfermines\/","url":"https:\/\/www.laguiadepamplona.com\/actualidad\/el-debate-sobre-el-futuro-del-recinto-ferial-se-traslada-a-la-mesa-general-de-los-sanfermines\/","name":"El debate sobre el futuro del recinto ferial se traslada a la Mesa General de los Sanfermines","isPartOf":{"@id":"https:\/\/www.laguiadepamplona.com\/actualidad\/#website"},"primaryImageOfPage":{"@id":"https:\/\/www.laguiadepamplona.com\/actualidad\/el-debate-sobre-el-futuro-del-recinto-ferial-se-traslada-a-la-mesa-general-de-los-sanfermines\/#primaryimage"},"image":{"@id":"https:\/\/www.laguiadepamplona.com\/actualidad\/el-debate-sobre-el-futuro-del-recinto-ferial-se-traslada-a-la-mesa-general-de-los-sanfermines\/#primaryimage"},"thumbnailUrl":"https:\/\/www.laguiadepamplona.com\/actualidad\/wp-content\/uploads\/2019\/02\/19.02.13_Mesa-Sanfermines.jpg","datePublished":"2019-02-14T11:16:53+00:00","breadcrumb":{"@id":"https:\/\/www.laguiadepamplona.com\/actualidad\/el-debate-sobre-el-futuro-del-recinto-ferial-se-traslada-a-la-mesa-general-de-los-sanfermines\/#breadcrumb"},"inLanguage":"es","potentialAction":[{"@type":"ReadAction","target":["https:\/\/www.laguiadepamplona.com\/actualidad\/el-debate-sobre-el-futuro-del-recinto-ferial-se-traslada-a-la-mesa-general-de-los-sanfermines\/"]}]},{"@type":"ImageObject","inLanguage":"es","@id":"https:\/\/www.laguiadepamplona.com\/actualidad\/el-debate-sobre-el-futuro-del-recinto-ferial-se-traslada-a-la-mesa-general-de-los-sanfermines\/#primaryimage","url":"https:\/\/www.laguiadepamplona.com\/actualidad\/wp-content\/uploads\/2019\/02\/19.02.13_Mesa-Sanfermines.jpg","contentUrl":"https:\/\/www.laguiadepamplona.com\/actualidad\/wp-content\/uploads\/2019\/02\/19.02.13_Mesa-Sanfermines.jpg","width":1620,"height":1080},{"@type":"BreadcrumbList","@id":"https:\/\/www.laguiadepamplona.com\/actualidad\/el-debate-sobre-el-futuro-del-recinto-ferial-se-traslada-a-la-mesa-general-de-los-sanfermines\/#breadcrumb","itemListElement":[{"@type":"ListItem","position":1,"name":"Portada","item":"https:\/\/www.laguiadepamplona.com\/actualidad\/"},{"@type":"ListItem","position":2,"name":"El debate sobre el futuro del recinto ferial se traslada a la Mesa General de los Sanfermines"}]},{"@type":"WebSite","@id":"https:\/\/www.laguiadepamplona.com\/actualidad\/#website","url":"https:\/\/www.laguiadepamplona.com\/actualidad\/","name":"La gu\u00eda de Pamplona","description":"Noticias de Pamplona","publisher":{"@id":"https:\/\/www.laguiadepamplona.com\/actualidad\/#organization"},"potentialAction":[{"@type":"SearchAction","target":{"@type":"EntryPoint","urlTemplate":"https:\/\/www.laguiadepamplona.com\/actualidad\/?s={search_term_string}"},"query-input":{"@type":"PropertyValueSpecification","valueRequired":true,"valueName":"search_term_string"}}],"inLanguage":"es"},{"@type":"Organization","@id":"https:\/\/www.laguiadepamplona.com\/actualidad\/#organization","name":"La Gu\u00eda de Pamplona \/ Noticias","url":"https:\/\/www.laguiadepamplona.com\/actualidad\/","logo":{"@type":"ImageObject","inLanguage":"es","@id":"https:\/\/www.laguiadepamplona.com\/actualidad\/#\/schema\/logo\/image\/","url":"https:\/\/www.laguiadepamplona.com\/actualidad\/wp-content\/uploads\/2018\/11\/logo-laguiadepamplona18-web1.png","contentUrl":"https:\/\/www.laguiadepamplona.com\/actualidad\/wp-content\/uploads\/2018\/11\/logo-laguiadepamplona18-web1.png","width":600,"height":196,"caption":"La Gu\u00eda de Pamplona \/ Noticias"},"image":{"@id":"https:\/\/www.laguiadepamplona.com\/actualidad\/#\/schema\/logo\/image\/"},"sameAs":["https:\/\/www.facebook.com\/laguiadepamplonacom-133175176762273\/?ref=hl","https:\/\/x.com\/LaGuiadPamplona","https:\/\/www.instagram.com\/la_guia_de_pamplona\/","https:\/\/www.youtube.com\/user\/laguiadepamplona"]},{"@type":"Person","@id":"https:\/\/www.laguiadepamplona.com\/actualidad\/#\/schema\/person\/efe887376f0213d4657c93adc50b1fdb","name":"La Gu\u00eda de Pamplona","image":{"@type":"ImageObject","inLanguage":"es","@id":"https:\/\/secure.gravatar.com\/avatar\/b6992f131dc8d30ab0dff15446e9d346d9dbd95992de0fef795073f5ea83a81c?s=96&d=mm&r=g","url":"https:\/\/secure.gravatar.com\/avatar\/b6992f131dc8d30ab0dff15446e9d346d9dbd95992de0fef795073f5ea83a81c?s=96&d=mm&r=g","contentUrl":"https:\/\/secure.gravatar.com\/avatar\/b6992f131dc8d30ab0dff15446e9d346d9dbd95992de0fef795073f5ea83a81c?s=96&d=mm&r=g","caption":"La Gu\u00eda de Pamplona"}}]}},"post_mailing_queue_ids":[],"_links":{"self":[{"href":"https:\/\/www.laguiadepamplona.com\/actualidad\/wp-json\/wp\/v2\/posts\/20398","targetHints":{"allow":["GET"]}}],"collection":[{"href":"https:\/\/www.laguiadepamplona.com\/actualidad\/wp-json\/wp\/v2\/posts"}],"about":[{"href":"https:\/\/www.laguiadepamplona.com\/actualidad\/wp-json\/wp\/v2\/types\/post"}],"author":[{"embeddable":true,"href":"https:\/\/www.laguiadepamplona.com\/actualidad\/wp-json\/wp\/v2\/users\/1"}],"replies":[{"embeddable":true,"href":"https:\/\/www.laguiadepamplona.com\/actualidad\/wp-json\/wp\/v2\/comments?post=20398"}],"version-history":[{"count":0,"href":"https:\/\/www.laguiadepamplona.com\/actualidad\/wp-json\/wp\/v2\/posts\/20398\/revisions"}],"wp:featuredmedia":[{"embeddable":true,"href":"https:\/\/www.laguiadepamplona.com\/actualidad\/wp-json\/wp\/v2\/media\/20399"}],"wp:attachment":[{"href":"https:\/\/www.laguiadepamplona.com\/actualidad\/wp-json\/wp\/v2\/media?parent=20398"}],"wp:term":[{"taxonomy":"category","embeddable":true,"href":"https:\/\/www.laguiadepamplona.com\/actualidad\/wp-json\/wp\/v2\/categories?post=20398"},{"taxonomy":"post_tag","embeddable":true,"href":"https:\/\/www.laguiadepamplona.com\/actualidad\/wp-json\/wp\/v2\/tags?post=20398"}],"curies":[{"name":"wp","href":"https:\/\/api.w.org\/{rel}","templated":true}]}}