{"id":2022,"date":"2014-06-18T12:17:32","date_gmt":"2014-06-18T11:17:32","guid":{"rendered":"http:\/\/laguiadepamplona.es\/noticias\/?p=2022"},"modified":"2014-06-18T12:17:32","modified_gmt":"2014-06-18T11:17:32","slug":"el-ayuntamiento-de-pamplona-se-une-manana-a-la-celebracion-del-dia-mundial-del-refugiado-iluminando-de-color-azul-la-fachada-de-la-casa-consistorial","status":"publish","type":"post","link":"https:\/\/www.laguiadepamplona.com\/actualidad\/el-ayuntamiento-de-pamplona-se-une-manana-a-la-celebracion-del-dia-mundial-del-refugiado-iluminando-de-color-azul-la-fachada-de-la-casa-consistorial\/","title":{"rendered":"El Ayuntamiento de Pamplona se une ma\u00f1ana a la celebraci\u00f3n del D\u00eda Mundial del Refugiado iluminando de color azul la fachada de la Casa Consistorial"},"content":{"rendered":"<p><a href=\"http:\/\/laguiadepamplona.es\/noticias\/wp-content\/uploads\/2014\/06\/b_400_275_16777215_0___images_stories_2011_June_dmr_spain.jpg\"><img loading=\"lazy\" decoding=\"async\" class=\"alignleft size-medium wp-image-2023\" src=\"http:\/\/laguiadepamplona.es\/noticias\/wp-content\/uploads\/2014\/06\/b_400_275_16777215_0___images_stories_2011_June_dmr_spain-300x168.jpg\" alt=\"b_400_275_16777215_0___images_stories_2011_June_dmr_spain\" width=\"300\" height=\"168\" \/><\/a>El Ayuntamiento de Pamplona se une ma\u00f1ana jueves a la celebraci\u00f3n del D\u00eda Mundial del Refugiado y, con este motivo, iluminar\u00e1 la fachada de la Casa Consistorial a partir de las nueve de la noche de azul, color que simboliza el cielo que une a todas las naciones. La iniciativa parte del Comit\u00e9 Espa\u00f1ol del ACNUR, que ha organizado la denominada \u2018Noche azul\u2019 en diversas ciudades espa\u00f1olas con el objetivo de recordar y dar a conocer la realidad de los refugiados del mundo.<\/p>\n<p class=\"Textonota\">La Asociaci\u00f3n Espa\u00f1a con ACNUR\/Comit\u00e9 Espa\u00f1ol del ACNUR apoya el trabajo del Alto Comisionado de Naciones Unidas para los Refugiados (ACNUR), y con este fin firm\u00f3 un acuerdo con este organismo internacional de Naciones Unidas con el fin de rendir homenaje a todas las personas que se han visto obligadas a abandonar sus hogares por la guerra, la violencia y la persecuci\u00f3n. La misi\u00f3n principal de esta entidad es la protecci\u00f3n y salvaguarda de los derechos de estos millones de personas desarraigadas, con acciones que van desde la ayuda de emergencia hasta el asesoramiento legal, pasando por el alojamiento, la atenci\u00f3n sanitaria o la educaci\u00f3n, entre otras actividades.<\/p>\n<p class=\"Textonota\">ACNUR trata de garantizar que todas las personas puedan ejercer su derecho a solicitar asilo y encontrar refugio seguro en otro Estado, as\u00ed como de encontrar soluciones duraderas para ellos. En este sentido, la Agencia de la ONU para los Refugiados trata de que puedan regresar a sus hogares de forma voluntaria, integrarse en el pa\u00eds de acogida o ser reasentados en un tercer pa\u00eds. Durante sus casi sesenta a\u00f1os de historia, la agencia ha ayudado a m\u00e1s de 60 millones de personas a rehacer sus vidas y, en la actualidad, cuenta con una plantilla de aproximadamente 6.650 personas en m\u00e1s de 118 pa\u00edses.<\/p>\n<p class=\"Textonota\">\n","protected":false},"excerpt":{"rendered":"<p>El Ayuntamiento de Pamplona se une ma\u00f1ana jueves a la celebraci\u00f3n del D\u00eda Mundial del Refugiado y, con este motivo, iluminar\u00e1 la fachada de la Casa Consistorial a partir de&#8230;<\/p>\n","protected":false},"author":1,"featured_media":2073,"comment_status":"open","ping_status":"open","sticky":false,"template":"","format":"standard","meta":{"footnotes":""},"categories":[2],"tags":[5,6,509,1690,1691,1692,1627,8,9],"class_list":["post-2022","post","type-post","status-publish","format-standard","has-post-thumbnail","hentry","category-ayuntamiento-pamplona","tag-actualidad","tag-ayto-pamplona","tag-ayuntamiento-de-pamplona","tag-azul","tag-color","tag-dia-mundial-del-refugiado","tag-fachada","tag-noticias","tag-pamplona"],"yoast_head":"<!-- This site is optimized with the Yoast SEO plugin v27.5 - https:\/\/yoast.com\/product\/yoast-seo-wordpress\/ -->\n<title>El Ayuntamiento de Pamplona se une ma\u00f1ana a la celebraci\u00f3n del D\u00eda Mundial del Refugiado iluminando de color azul la fachada de la Casa Consistorial<\/title>\n<meta name=\"robots\" content=\"index, follow, max-snippet:-1, max-image-preview:large, max-video-preview:-1\" \/>\n<link rel=\"canonical\" href=\"https:\/\/www.laguiadepamplona.com\/actualidad\/el-ayuntamiento-de-pamplona-se-une-manana-a-la-celebracion-del-dia-mundial-del-refugiado-iluminando-de-color-azul-la-fachada-de-la-casa-consistorial\/\" \/>\n<meta property=\"og:locale\" content=\"es_ES\" \/>\n<meta property=\"og:type\" content=\"article\" \/>\n<meta property=\"og:title\" content=\"El Ayuntamiento de Pamplona se une ma\u00f1ana a la celebraci\u00f3n del D\u00eda Mundial del Refugiado iluminando de color azul la fachada de la Casa Consistorial\" \/>\n<meta property=\"og:description\" content=\"El Ayuntamiento de Pamplona se une ma\u00f1ana jueves a la celebraci\u00f3n del D\u00eda Mundial del Refugiado y, con este motivo, iluminar\u00e1 la fachada de la Casa Consistorial a partir de...\" \/>\n<meta property=\"og:url\" content=\"https:\/\/www.laguiadepamplona.com\/actualidad\/el-ayuntamiento-de-pamplona-se-une-manana-a-la-celebracion-del-dia-mundial-del-refugiado-iluminando-de-color-azul-la-fachada-de-la-casa-consistorial\/\" \/>\n<meta property=\"og:site_name\" content=\"La Gu\u00eda de Pamplona\" \/>\n<meta property=\"article:publisher\" content=\"https:\/\/www.facebook.com\/laguiadepamplonacom-133175176762273\/?ref=hl\" \/>\n<meta property=\"article:published_time\" content=\"2014-06-18T11:17:32+00:00\" \/>\n<meta name=\"author\" content=\"La Gu\u00eda de Pamplona\" \/>\n<meta name=\"twitter:card\" content=\"summary_large_image\" \/>\n<meta name=\"twitter:creator\" content=\"@LaGuiadPamplona\" \/>\n<meta name=\"twitter:site\" content=\"@LaGuiadPamplona\" \/>\n<meta name=\"twitter:label1\" content=\"Escrito por\" \/>\n\t<meta name=\"twitter:data1\" content=\"La Gu\u00eda de Pamplona\" \/>\n\t<meta name=\"twitter:label2\" content=\"Tiempo de lectura\" \/>\n\t<meta name=\"twitter:data2\" content=\"2 minutos\" \/>\n<script type=\"application\/ld+json\" class=\"yoast-schema-graph\">{\"@context\":\"https:\\\/\\\/schema.org\",\"@graph\":[{\"@type\":\"Article\",\"@id\":\"https:\\\/\\\/www.laguiadepamplona.com\\\/actualidad\\\/el-ayuntamiento-de-pamplona-se-une-manana-a-la-celebracion-del-dia-mundial-del-refugiado-iluminando-de-color-azul-la-fachada-de-la-casa-consistorial\\\/#article\",\"isPartOf\":{\"@id\":\"https:\\\/\\\/www.laguiadepamplona.com\\\/actualidad\\\/el-ayuntamiento-de-pamplona-se-une-manana-a-la-celebracion-del-dia-mundial-del-refugiado-iluminando-de-color-azul-la-fachada-de-la-casa-consistorial\\\/\"},\"author\":{\"name\":\"La Gu\u00eda de Pamplona\",\"@id\":\"https:\\\/\\\/www.laguiadepamplona.com\\\/actualidad\\\/#\\\/schema\\\/person\\\/efe887376f0213d4657c93adc50b1fdb\"},\"headline\":\"El Ayuntamiento de Pamplona se une ma\u00f1ana a la celebraci\u00f3n del D\u00eda Mundial del Refugiado iluminando de color azul la fachada de la Casa Consistorial\",\"datePublished\":\"2014-06-18T11:17:32+00:00\",\"mainEntityOfPage\":{\"@id\":\"https:\\\/\\\/www.laguiadepamplona.com\\\/actualidad\\\/el-ayuntamiento-de-pamplona-se-une-manana-a-la-celebracion-del-dia-mundial-del-refugiado-iluminando-de-color-azul-la-fachada-de-la-casa-consistorial\\\/\"},\"wordCount\":340,\"commentCount\":0,\"publisher\":{\"@id\":\"https:\\\/\\\/www.laguiadepamplona.com\\\/actualidad\\\/#organization\"},\"image\":{\"@id\":\"https:\\\/\\\/www.laguiadepamplona.com\\\/actualidad\\\/el-ayuntamiento-de-pamplona-se-une-manana-a-la-celebracion-del-dia-mundial-del-refugiado-iluminando-de-color-azul-la-fachada-de-la-casa-consistorial\\\/#primaryimage\"},\"thumbnailUrl\":\"\",\"keywords\":[\"actualidad\",\"ayto pamplona\",\"Ayuntamiento de Pamplona\",\"azul\",\"color\",\"D\u00eda Mundial del Refugiado\",\"fachada\",\"noticias\",\"pamplona\"],\"articleSection\":[\"Ayto Pamplona\"],\"inLanguage\":\"es\",\"potentialAction\":[{\"@type\":\"CommentAction\",\"name\":\"Comment\",\"target\":[\"https:\\\/\\\/www.laguiadepamplona.com\\\/actualidad\\\/el-ayuntamiento-de-pamplona-se-une-manana-a-la-celebracion-del-dia-mundial-del-refugiado-iluminando-de-color-azul-la-fachada-de-la-casa-consistorial\\\/#respond\"]}]},{\"@type\":\"WebPage\",\"@id\":\"https:\\\/\\\/www.laguiadepamplona.com\\\/actualidad\\\/el-ayuntamiento-de-pamplona-se-une-manana-a-la-celebracion-del-dia-mundial-del-refugiado-iluminando-de-color-azul-la-fachada-de-la-casa-consistorial\\\/\",\"url\":\"https:\\\/\\\/www.laguiadepamplona.com\\\/actualidad\\\/el-ayuntamiento-de-pamplona-se-une-manana-a-la-celebracion-del-dia-mundial-del-refugiado-iluminando-de-color-azul-la-fachada-de-la-casa-consistorial\\\/\",\"name\":\"El Ayuntamiento de Pamplona se une ma\u00f1ana a la celebraci\u00f3n del D\u00eda Mundial del Refugiado iluminando de color azul la fachada de la Casa Consistorial\",\"isPartOf\":{\"@id\":\"https:\\\/\\\/www.laguiadepamplona.com\\\/actualidad\\\/#website\"},\"primaryImageOfPage\":{\"@id\":\"https:\\\/\\\/www.laguiadepamplona.com\\\/actualidad\\\/el-ayuntamiento-de-pamplona-se-une-manana-a-la-celebracion-del-dia-mundial-del-refugiado-iluminando-de-color-azul-la-fachada-de-la-casa-consistorial\\\/#primaryimage\"},\"image\":{\"@id\":\"https:\\\/\\\/www.laguiadepamplona.com\\\/actualidad\\\/el-ayuntamiento-de-pamplona-se-une-manana-a-la-celebracion-del-dia-mundial-del-refugiado-iluminando-de-color-azul-la-fachada-de-la-casa-consistorial\\\/#primaryimage\"},\"thumbnailUrl\":\"\",\"datePublished\":\"2014-06-18T11:17:32+00:00\",\"breadcrumb\":{\"@id\":\"https:\\\/\\\/www.laguiadepamplona.com\\\/actualidad\\\/el-ayuntamiento-de-pamplona-se-une-manana-a-la-celebracion-del-dia-mundial-del-refugiado-iluminando-de-color-azul-la-fachada-de-la-casa-consistorial\\\/#breadcrumb\"},\"inLanguage\":\"es\",\"potentialAction\":[{\"@type\":\"ReadAction\",\"target\":[\"https:\\\/\\\/www.laguiadepamplona.com\\\/actualidad\\\/el-ayuntamiento-de-pamplona-se-une-manana-a-la-celebracion-del-dia-mundial-del-refugiado-iluminando-de-color-azul-la-fachada-de-la-casa-consistorial\\\/\"]}]},{\"@type\":\"ImageObject\",\"inLanguage\":\"es\",\"@id\":\"https:\\\/\\\/www.laguiadepamplona.com\\\/actualidad\\\/el-ayuntamiento-de-pamplona-se-une-manana-a-la-celebracion-del-dia-mundial-del-refugiado-iluminando-de-color-azul-la-fachada-de-la-casa-consistorial\\\/#primaryimage\",\"url\":\"\",\"contentUrl\":\"\"},{\"@type\":\"BreadcrumbList\",\"@id\":\"https:\\\/\\\/www.laguiadepamplona.com\\\/actualidad\\\/el-ayuntamiento-de-pamplona-se-une-manana-a-la-celebracion-del-dia-mundial-del-refugiado-iluminando-de-color-azul-la-fachada-de-la-casa-consistorial\\\/#breadcrumb\",\"itemListElement\":[{\"@type\":\"ListItem\",\"position\":1,\"name\":\"Portada\",\"item\":\"https:\\\/\\\/www.laguiadepamplona.com\\\/actualidad\\\/\"},{\"@type\":\"ListItem\",\"position\":2,\"name\":\"El Ayuntamiento de Pamplona se une ma\u00f1ana a la celebraci\u00f3n del D\u00eda Mundial del Refugiado iluminando de color azul la fachada de la Casa Consistorial\"}]},{\"@type\":\"WebSite\",\"@id\":\"https:\\\/\\\/www.laguiadepamplona.com\\\/actualidad\\\/#website\",\"url\":\"https:\\\/\\\/www.laguiadepamplona.com\\\/actualidad\\\/\",\"name\":\"La gu\u00eda de Pamplona\",\"description\":\"Noticias de Pamplona\",\"publisher\":{\"@id\":\"https:\\\/\\\/www.laguiadepamplona.com\\\/actualidad\\\/#organization\"},\"potentialAction\":[{\"@type\":\"SearchAction\",\"target\":{\"@type\":\"EntryPoint\",\"urlTemplate\":\"https:\\\/\\\/www.laguiadepamplona.com\\\/actualidad\\\/?s={search_term_string}\"},\"query-input\":{\"@type\":\"PropertyValueSpecification\",\"valueRequired\":true,\"valueName\":\"search_term_string\"}}],\"inLanguage\":\"es\"},{\"@type\":\"Organization\",\"@id\":\"https:\\\/\\\/www.laguiadepamplona.com\\\/actualidad\\\/#organization\",\"name\":\"La Gu\u00eda de Pamplona \\\/ Noticias\",\"url\":\"https:\\\/\\\/www.laguiadepamplona.com\\\/actualidad\\\/\",\"logo\":{\"@type\":\"ImageObject\",\"inLanguage\":\"es\",\"@id\":\"https:\\\/\\\/www.laguiadepamplona.com\\\/actualidad\\\/#\\\/schema\\\/logo\\\/image\\\/\",\"url\":\"https:\\\/\\\/www.laguiadepamplona.com\\\/actualidad\\\/wp-content\\\/uploads\\\/2018\\\/11\\\/logo-laguiadepamplona18-web1.png\",\"contentUrl\":\"https:\\\/\\\/www.laguiadepamplona.com\\\/actualidad\\\/wp-content\\\/uploads\\\/2018\\\/11\\\/logo-laguiadepamplona18-web1.png\",\"width\":600,\"height\":196,\"caption\":\"La Gu\u00eda de Pamplona \\\/ Noticias\"},\"image\":{\"@id\":\"https:\\\/\\\/www.laguiadepamplona.com\\\/actualidad\\\/#\\\/schema\\\/logo\\\/image\\\/\"},\"sameAs\":[\"https:\\\/\\\/www.facebook.com\\\/laguiadepamplonacom-133175176762273\\\/?ref=hl\",\"https:\\\/\\\/x.com\\\/LaGuiadPamplona\",\"https:\\\/\\\/www.instagram.com\\\/la_guia_de_pamplona\\\/\",\"https:\\\/\\\/www.youtube.com\\\/user\\\/laguiadepamplona\"]},{\"@type\":\"Person\",\"@id\":\"https:\\\/\\\/www.laguiadepamplona.com\\\/actualidad\\\/#\\\/schema\\\/person\\\/efe887376f0213d4657c93adc50b1fdb\",\"name\":\"La Gu\u00eda de Pamplona\",\"image\":{\"@type\":\"ImageObject\",\"inLanguage\":\"es\",\"@id\":\"https:\\\/\\\/secure.gravatar.com\\\/avatar\\\/b6992f131dc8d30ab0dff15446e9d346d9dbd95992de0fef795073f5ea83a81c?s=96&d=mm&r=g\",\"url\":\"https:\\\/\\\/secure.gravatar.com\\\/avatar\\\/b6992f131dc8d30ab0dff15446e9d346d9dbd95992de0fef795073f5ea83a81c?s=96&d=mm&r=g\",\"contentUrl\":\"https:\\\/\\\/secure.gravatar.com\\\/avatar\\\/b6992f131dc8d30ab0dff15446e9d346d9dbd95992de0fef795073f5ea83a81c?s=96&d=mm&r=g\",\"caption\":\"La Gu\u00eda de Pamplona\"}}]}<\/script>\n<!-- \/ Yoast SEO plugin. -->","yoast_head_json":{"title":"El Ayuntamiento de Pamplona se une ma\u00f1ana a la celebraci\u00f3n del D\u00eda Mundial del Refugiado iluminando de color azul la fachada de la Casa Consistorial","robots":{"index":"index","follow":"follow","max-snippet":"max-snippet:-1","max-image-preview":"max-image-preview:large","max-video-preview":"max-video-preview:-1"},"canonical":"https:\/\/www.laguiadepamplona.com\/actualidad\/el-ayuntamiento-de-pamplona-se-une-manana-a-la-celebracion-del-dia-mundial-del-refugiado-iluminando-de-color-azul-la-fachada-de-la-casa-consistorial\/","og_locale":"es_ES","og_type":"article","og_title":"El Ayuntamiento de Pamplona se une ma\u00f1ana a la celebraci\u00f3n del D\u00eda Mundial del Refugiado iluminando de color azul la fachada de la Casa Consistorial","og_description":"El Ayuntamiento de Pamplona se une ma\u00f1ana jueves a la celebraci\u00f3n del D\u00eda Mundial del Refugiado y, con este motivo, iluminar\u00e1 la fachada de la Casa Consistorial a partir de...","og_url":"https:\/\/www.laguiadepamplona.com\/actualidad\/el-ayuntamiento-de-pamplona-se-une-manana-a-la-celebracion-del-dia-mundial-del-refugiado-iluminando-de-color-azul-la-fachada-de-la-casa-consistorial\/","og_site_name":"La Gu\u00eda de Pamplona","article_publisher":"https:\/\/www.facebook.com\/laguiadepamplonacom-133175176762273\/?ref=hl","article_published_time":"2014-06-18T11:17:32+00:00","author":"La Gu\u00eda de Pamplona","twitter_card":"summary_large_image","twitter_creator":"@LaGuiadPamplona","twitter_site":"@LaGuiadPamplona","twitter_misc":{"Escrito por":"La Gu\u00eda de Pamplona","Tiempo de lectura":"2 minutos"},"schema":{"@context":"https:\/\/schema.org","@graph":[{"@type":"Article","@id":"https:\/\/www.laguiadepamplona.com\/actualidad\/el-ayuntamiento-de-pamplona-se-une-manana-a-la-celebracion-del-dia-mundial-del-refugiado-iluminando-de-color-azul-la-fachada-de-la-casa-consistorial\/#article","isPartOf":{"@id":"https:\/\/www.laguiadepamplona.com\/actualidad\/el-ayuntamiento-de-pamplona-se-une-manana-a-la-celebracion-del-dia-mundial-del-refugiado-iluminando-de-color-azul-la-fachada-de-la-casa-consistorial\/"},"author":{"name":"La Gu\u00eda de Pamplona","@id":"https:\/\/www.laguiadepamplona.com\/actualidad\/#\/schema\/person\/efe887376f0213d4657c93adc50b1fdb"},"headline":"El Ayuntamiento de Pamplona se une ma\u00f1ana a la celebraci\u00f3n del D\u00eda Mundial del Refugiado iluminando de color azul la fachada de la Casa Consistorial","datePublished":"2014-06-18T11:17:32+00:00","mainEntityOfPage":{"@id":"https:\/\/www.laguiadepamplona.com\/actualidad\/el-ayuntamiento-de-pamplona-se-une-manana-a-la-celebracion-del-dia-mundial-del-refugiado-iluminando-de-color-azul-la-fachada-de-la-casa-consistorial\/"},"wordCount":340,"commentCount":0,"publisher":{"@id":"https:\/\/www.laguiadepamplona.com\/actualidad\/#organization"},"image":{"@id":"https:\/\/www.laguiadepamplona.com\/actualidad\/el-ayuntamiento-de-pamplona-se-une-manana-a-la-celebracion-del-dia-mundial-del-refugiado-iluminando-de-color-azul-la-fachada-de-la-casa-consistorial\/#primaryimage"},"thumbnailUrl":"","keywords":["actualidad","ayto pamplona","Ayuntamiento de Pamplona","azul","color","D\u00eda Mundial del Refugiado","fachada","noticias","pamplona"],"articleSection":["Ayto Pamplona"],"inLanguage":"es","potentialAction":[{"@type":"CommentAction","name":"Comment","target":["https:\/\/www.laguiadepamplona.com\/actualidad\/el-ayuntamiento-de-pamplona-se-une-manana-a-la-celebracion-del-dia-mundial-del-refugiado-iluminando-de-color-azul-la-fachada-de-la-casa-consistorial\/#respond"]}]},{"@type":"WebPage","@id":"https:\/\/www.laguiadepamplona.com\/actualidad\/el-ayuntamiento-de-pamplona-se-une-manana-a-la-celebracion-del-dia-mundial-del-refugiado-iluminando-de-color-azul-la-fachada-de-la-casa-consistorial\/","url":"https:\/\/www.laguiadepamplona.com\/actualidad\/el-ayuntamiento-de-pamplona-se-une-manana-a-la-celebracion-del-dia-mundial-del-refugiado-iluminando-de-color-azul-la-fachada-de-la-casa-consistorial\/","name":"El Ayuntamiento de Pamplona se une ma\u00f1ana a la celebraci\u00f3n del D\u00eda Mundial del Refugiado iluminando de color azul la fachada de la Casa Consistorial","isPartOf":{"@id":"https:\/\/www.laguiadepamplona.com\/actualidad\/#website"},"primaryImageOfPage":{"@id":"https:\/\/www.laguiadepamplona.com\/actualidad\/el-ayuntamiento-de-pamplona-se-une-manana-a-la-celebracion-del-dia-mundial-del-refugiado-iluminando-de-color-azul-la-fachada-de-la-casa-consistorial\/#primaryimage"},"image":{"@id":"https:\/\/www.laguiadepamplona.com\/actualidad\/el-ayuntamiento-de-pamplona-se-une-manana-a-la-celebracion-del-dia-mundial-del-refugiado-iluminando-de-color-azul-la-fachada-de-la-casa-consistorial\/#primaryimage"},"thumbnailUrl":"","datePublished":"2014-06-18T11:17:32+00:00","breadcrumb":{"@id":"https:\/\/www.laguiadepamplona.com\/actualidad\/el-ayuntamiento-de-pamplona-se-une-manana-a-la-celebracion-del-dia-mundial-del-refugiado-iluminando-de-color-azul-la-fachada-de-la-casa-consistorial\/#breadcrumb"},"inLanguage":"es","potentialAction":[{"@type":"ReadAction","target":["https:\/\/www.laguiadepamplona.com\/actualidad\/el-ayuntamiento-de-pamplona-se-une-manana-a-la-celebracion-del-dia-mundial-del-refugiado-iluminando-de-color-azul-la-fachada-de-la-casa-consistorial\/"]}]},{"@type":"ImageObject","inLanguage":"es","@id":"https:\/\/www.laguiadepamplona.com\/actualidad\/el-ayuntamiento-de-pamplona-se-une-manana-a-la-celebracion-del-dia-mundial-del-refugiado-iluminando-de-color-azul-la-fachada-de-la-casa-consistorial\/#primaryimage","url":"","contentUrl":""},{"@type":"BreadcrumbList","@id":"https:\/\/www.laguiadepamplona.com\/actualidad\/el-ayuntamiento-de-pamplona-se-une-manana-a-la-celebracion-del-dia-mundial-del-refugiado-iluminando-de-color-azul-la-fachada-de-la-casa-consistorial\/#breadcrumb","itemListElement":[{"@type":"ListItem","position":1,"name":"Portada","item":"https:\/\/www.laguiadepamplona.com\/actualidad\/"},{"@type":"ListItem","position":2,"name":"El Ayuntamiento de Pamplona se une ma\u00f1ana a la celebraci\u00f3n del D\u00eda Mundial del Refugiado iluminando de color azul la fachada de la Casa Consistorial"}]},{"@type":"WebSite","@id":"https:\/\/www.laguiadepamplona.com\/actualidad\/#website","url":"https:\/\/www.laguiadepamplona.com\/actualidad\/","name":"La gu\u00eda de Pamplona","description":"Noticias de Pamplona","publisher":{"@id":"https:\/\/www.laguiadepamplona.com\/actualidad\/#organization"},"potentialAction":[{"@type":"SearchAction","target":{"@type":"EntryPoint","urlTemplate":"https:\/\/www.laguiadepamplona.com\/actualidad\/?s={search_term_string}"},"query-input":{"@type":"PropertyValueSpecification","valueRequired":true,"valueName":"search_term_string"}}],"inLanguage":"es"},{"@type":"Organization","@id":"https:\/\/www.laguiadepamplona.com\/actualidad\/#organization","name":"La Gu\u00eda de Pamplona \/ Noticias","url":"https:\/\/www.laguiadepamplona.com\/actualidad\/","logo":{"@type":"ImageObject","inLanguage":"es","@id":"https:\/\/www.laguiadepamplona.com\/actualidad\/#\/schema\/logo\/image\/","url":"https:\/\/www.laguiadepamplona.com\/actualidad\/wp-content\/uploads\/2018\/11\/logo-laguiadepamplona18-web1.png","contentUrl":"https:\/\/www.laguiadepamplona.com\/actualidad\/wp-content\/uploads\/2018\/11\/logo-laguiadepamplona18-web1.png","width":600,"height":196,"caption":"La Gu\u00eda de Pamplona \/ Noticias"},"image":{"@id":"https:\/\/www.laguiadepamplona.com\/actualidad\/#\/schema\/logo\/image\/"},"sameAs":["https:\/\/www.facebook.com\/laguiadepamplonacom-133175176762273\/?ref=hl","https:\/\/x.com\/LaGuiadPamplona","https:\/\/www.instagram.com\/la_guia_de_pamplona\/","https:\/\/www.youtube.com\/user\/laguiadepamplona"]},{"@type":"Person","@id":"https:\/\/www.laguiadepamplona.com\/actualidad\/#\/schema\/person\/efe887376f0213d4657c93adc50b1fdb","name":"La Gu\u00eda de Pamplona","image":{"@type":"ImageObject","inLanguage":"es","@id":"https:\/\/secure.gravatar.com\/avatar\/b6992f131dc8d30ab0dff15446e9d346d9dbd95992de0fef795073f5ea83a81c?s=96&d=mm&r=g","url":"https:\/\/secure.gravatar.com\/avatar\/b6992f131dc8d30ab0dff15446e9d346d9dbd95992de0fef795073f5ea83a81c?s=96&d=mm&r=g","contentUrl":"https:\/\/secure.gravatar.com\/avatar\/b6992f131dc8d30ab0dff15446e9d346d9dbd95992de0fef795073f5ea83a81c?s=96&d=mm&r=g","caption":"La Gu\u00eda de Pamplona"}}]}},"post_mailing_queue_ids":[],"_links":{"self":[{"href":"https:\/\/www.laguiadepamplona.com\/actualidad\/wp-json\/wp\/v2\/posts\/2022","targetHints":{"allow":["GET"]}}],"collection":[{"href":"https:\/\/www.laguiadepamplona.com\/actualidad\/wp-json\/wp\/v2\/posts"}],"about":[{"href":"https:\/\/www.laguiadepamplona.com\/actualidad\/wp-json\/wp\/v2\/types\/post"}],"author":[{"embeddable":true,"href":"https:\/\/www.laguiadepamplona.com\/actualidad\/wp-json\/wp\/v2\/users\/1"}],"replies":[{"embeddable":true,"href":"https:\/\/www.laguiadepamplona.com\/actualidad\/wp-json\/wp\/v2\/comments?post=2022"}],"version-history":[{"count":0,"href":"https:\/\/www.laguiadepamplona.com\/actualidad\/wp-json\/wp\/v2\/posts\/2022\/revisions"}],"wp:featuredmedia":[{"embeddable":true,"href":"https:\/\/www.laguiadepamplona.com\/actualidad\/wp-json\/"}],"wp:attachment":[{"href":"https:\/\/www.laguiadepamplona.com\/actualidad\/wp-json\/wp\/v2\/media?parent=2022"}],"wp:term":[{"taxonomy":"category","embeddable":true,"href":"https:\/\/www.laguiadepamplona.com\/actualidad\/wp-json\/wp\/v2\/categories?post=2022"},{"taxonomy":"post_tag","embeddable":true,"href":"https:\/\/www.laguiadepamplona.com\/actualidad\/wp-json\/wp\/v2\/tags?post=2022"}],"curies":[{"name":"wp","href":"https:\/\/api.w.org\/{rel}","templated":true}]}}