{"id":19951,"date":"2018-12-28T17:58:59","date_gmt":"2018-12-28T15:58:59","guid":{"rendered":"https:\/\/www.laguiadepamplona.es\/actualidad\/?p=19951"},"modified":"2018-12-28T17:58:59","modified_gmt":"2018-12-28T15:58:59","slug":"el-informe-definitivo-de-la-consultora-externa-contratada-por-el-ayuntamiento-que-determinara-el-destino-final-de-la-pasarela-del-labrit-estara-listo-a-finales-de-enero","status":"publish","type":"post","link":"https:\/\/www.laguiadepamplona.com\/actualidad\/el-informe-definitivo-de-la-consultora-externa-contratada-por-el-ayuntamiento-que-determinara-el-destino-final-de-la-pasarela-del-labrit-estara-listo-a-finales-de-enero\/","title":{"rendered":"El Informe definitivo de la consultora externa contratada por el Ayuntamiento que determinar\u00e1 el destino final de la Pasarela del Labrit estar\u00e1 listo a finales de enero"},"content":{"rendered":"<p><!--more--><\/p>\n<h3>Adem\u00e1s de fijar las l\u00edneas de actuaci\u00f3n a seguir, el trabajo (60.000 euros), determinar\u00e1 las responsabilidades por los defectos que llevaron a su cierre<\/h3>\n<p>La Junta de Gobierno Local ha aprobado hoy el expediente para contratar la elaboraci\u00f3n del informe definitivo sobre el destino de la Pasarela del Labrit, trabajo que deber\u00e1 aunar tanto las l\u00edneas de actuaci\u00f3n a desarrollar respecto a esta infraestructura, como la determinaci\u00f3n de responsabilidades por los defectos detectados en la misma y que llevaron, en julio de 2016, a su cierre preventivo. El encargo, cifrado en 60.016 euros, se ha realizado a la consultora externa IDEAM S.A (Consultor\u00eda de Estructuras de Ingenier\u00eda Civil y Edificaci\u00f3n IDEAM) que deber\u00e1 entregarlo en el plazo de 19 d\u00edas con lo que el Ayuntamiento lo tendr\u00e1 a finales de enero.<\/p>\n<p>El informe deber\u00e1 contener un an\u00e1lisis de la idoneidad t\u00e9cnica del dise\u00f1o y c\u00e1lculo de la pasarela recogido en el proyecto de construcci\u00f3n original; estimaci\u00f3n de la capacidad resistente real de la infraestructura; desarrollo \u201ca nivel conceptual\u201d de posibles soluciones e inclusi\u00f3n de una estimaci\u00f3n econ\u00f3mica respecto a \u00e9stas. Las posibilidades, seg\u00fan se relata en el expediente, ser\u00edan tres: \u201cSi la estructura, conforme a su configuraci\u00f3n te\u00f3rica, presenta una capacidad portante adecuada siendo apta para el uso una vez se subsanen los defectos de ejecuci\u00f3n detectados\u201d; \u201cSi la pasarela necesitase el desarrollo de soluciones de reparaci\u00f3n\/refuerzo de mayor entidad que permitan restituir las condiciones de seguridad, funcionaliudad y durabilidad normativamente exigibles\u201d o, finalmente, si se recomienda \u201cjustificadamente el desmantelamiento de la pasarela en el caso en el que no se encontrara una soluci\u00f3n estructural de reparaci\u00f3n adecuada y con garant\u00edas\u201d<\/p>\n<p><strong>En octubre IDEAM determin\u00f3 que la pasarela deb\u00eda seguir cerrada<\/strong><\/p>\n<p>Hace dos meses, en octubre del presente a\u00f1o, IDEAM ya present\u00f3 las conclusiones preliminares de su evaluaci\u00f3n alertando de que esta infraestructura no fue ejecutada de acuerdo a la documentaci\u00f3n existente en el Consistorio y a\u00f1adiendo que, a d\u00eda de hoy, existen \u201cserias dudas\u201d sobre la capacidad de resistencia (capacidad portante) de la pasarela y que, en consecuencia, la pasarela deb\u00eda permanecer cerrada hasta que se definiera la mejor forma de repararla. Esas soluciones son las que ahora se definir\u00e1n.<\/p>\n<p>El trabajo preliminar realizado por la consultora IDEAM se\u00f1alaba que el principal da\u00f1o que presenta la estructura se corresponde con la corrosi\u00f3n generalizada de los elementos met\u00e1licos situados entre el pavimento de madera y las chapas del cierre inferior de la pasarela, especialmente estas \u00faltimas. El origen estar\u00eda en la carencia de un sistema de drenaje adecuado que favorece la acumulaci\u00f3n de agua de lluvia y de restos de suciedad.<\/p>\n<p>Adem\u00e1s, se hab\u00edan detectado defectos de soldaduras y de continuidad de elementos y el proyecto de ejecuci\u00f3n, al parecer, carec\u00eda del grado suficiente de detalle para definir t\u00e9cnicamente la pasarela. La documentaci\u00f3n de obra no \u201cafinaba\u201d aspectos importantes y la pasarela realmente ejecutada \u201cno coincide\u201d con la documentaci\u00f3n existente en el \u00c1rea de Ciudad Habitable y Vivienda. En este sentido, seg\u00fan lo explicado, los modelos elaborados para el c\u00e1lculo de la estructura podr\u00edan \u201cno representar adecuadamente\u201d el comportamiento real de lo ejecutado. De hecho, la documentaci\u00f3n gr\u00e1fica de la obra revelaba una incorrecta ejecuci\u00f3n de algunos puntos cr\u00edticos de la pasarela como los micropilotes o la colocaci\u00f3n de la armadura del encepado, ambos del sistema de cimentaci\u00f3n.<\/p>\n<p>Teniendo en cuenta estas observaciones preliminares, la conclusi\u00f3n fue que la pasarela deb\u00eda permanecer cerrada al paso de peatones hasta que se presentase la segunda fase del informe (la que ahora se ha licitado) y, en su caso, se ejecutasen los trabajos recomendados.<\/p>\n<p><strong>Desprendimientos a los 5 a\u00f1os de abrirse<\/strong><\/p>\n<p>La pasarela del Labrit se abri\u00f3 al p\u00fablico en diciembre de 2010 y comunica peatonalmente el Baluarte del Labrit con el parque de la Media Luna. Tiene 73,5 metros de longitud, una forma de \u2018Y griega\u2019 y un peso que supera las 125 Tm. El dise\u00f1o fue adjudicado por concurso al equipo constituido por Boreas Nuevas Tecnolog\u00edas S.L., \u00d3scar P\u00e9rez Silanes, Carlos Pereda Iglesias e Ignacio Olite Lumbreras. La construcci\u00f3n de la pasarela la llev\u00f3 a cabo Arian Construcci\u00f3n y Gesti\u00f3n de Infraestructuras S.A y TEUSA T\u00e9cnicas de Restauraci\u00f3n.<\/p>\n<p>En febrero de 2016 se produjo el desprendimiento de algunas chapas que conforman el cierre inferior de la pasarela. Tras recabar informes de los diferentes agentes de la obra, el Ayuntamiento encarg\u00f3 a una empresa externa la inspecci\u00f3n y evaluaci\u00f3n de la seguridad de la pasarela. En julio de ese a\u00f1o, el Consistorio recibi\u00f3 una nota previa que recomendaba el cierre de la pasarela debido a las dudas que existen sobre su estabilidad, medida que fue corroborada en el informe definitivo y que se puso en marcha ese mismo mes. Este primer informe (Julio 2016) adelantaba ya que la pasarela presenta da\u00f1os debido a la corrosi\u00f3n excesiva del acero corten, no tiene capacidad para soportar las cargas para las que deb\u00eda haber sido dise\u00f1ada y ejecutada y apuntaba que hay que tomar medidas de seguridad para evitar desprendimientos. Por ello, el Ayuntamiento coloc\u00f3 una red en septiembre de 2016.<\/p>\n<p>Teniendo en cuenta este informe, el Ayuntamiento abri\u00f3 un expediente de depuraci\u00f3n de responsabilidades donde se les dio audiencia a los partes implicadas. El equipo redactor present\u00f3 un informe defendiendo la idoneidad t\u00e9cnica del dise\u00f1o de la pasarela en cuanto a su capacidad portante as\u00ed como a la correcta ejecuci\u00f3n de las obras. Al existir divergencia entre este texto y el presentado por la empresa externa, se decidi\u00f3 solicitar un nuevo informe a la consultor\u00eda de Estructuras de Ingenier\u00eda Civil y Edificaci\u00f3n IDEAM, trabajo cuyo adelanto se dio a conocer en octubre y cuyo texto definitivo deber\u00e1 estar redactado para finales de enero.<\/p>\n","protected":false},"excerpt":{"rendered":"","protected":false},"author":1,"featured_media":13269,"comment_status":"open","ping_status":"closed","sticky":false,"template":"","format":"standard","meta":{"footnotes":""},"categories":[2],"tags":[],"class_list":["post-19951","post","type-post","status-publish","format-standard","has-post-thumbnail","hentry","category-ayuntamiento-pamplona"],"yoast_head":"<!-- This site is optimized with the Yoast SEO plugin v27.3 - https:\/\/yoast.com\/product\/yoast-seo-wordpress\/ -->\n<title>El Informe definitivo de la consultora externa contratada por el Ayuntamiento que determinar\u00e1 el destino final de la Pasarela del Labrit estar\u00e1 listo a finales de enero<\/title>\n<meta name=\"robots\" content=\"index, follow, max-snippet:-1, max-image-preview:large, max-video-preview:-1\" \/>\n<link rel=\"canonical\" href=\"https:\/\/www.laguiadepamplona.com\/actualidad\/el-informe-definitivo-de-la-consultora-externa-contratada-por-el-ayuntamiento-que-determinara-el-destino-final-de-la-pasarela-del-labrit-estara-listo-a-finales-de-enero\/\" \/>\n<meta property=\"og:locale\" content=\"es_ES\" \/>\n<meta property=\"og:type\" content=\"article\" \/>\n<meta property=\"og:title\" content=\"El Informe definitivo de la consultora externa contratada por el Ayuntamiento que determinar\u00e1 el destino final de la Pasarela del Labrit estar\u00e1 listo a finales de enero\" \/>\n<meta property=\"og:url\" content=\"https:\/\/www.laguiadepamplona.com\/actualidad\/el-informe-definitivo-de-la-consultora-externa-contratada-por-el-ayuntamiento-que-determinara-el-destino-final-de-la-pasarela-del-labrit-estara-listo-a-finales-de-enero\/\" \/>\n<meta property=\"og:site_name\" content=\"La Gu\u00eda de Pamplona\" \/>\n<meta property=\"article:publisher\" content=\"https:\/\/www.facebook.com\/laguiadepamplonacom-133175176762273\/?ref=hl\" \/>\n<meta property=\"article:published_time\" content=\"2018-12-28T15:58:59+00:00\" \/>\n<meta property=\"og:image\" content=\"https:\/\/www.laguiadepamplona.com\/actualidad\/wp-content\/uploads\/2017\/05\/pasarela_labrit_1.jpg\" \/>\n\t<meta property=\"og:image:width\" content=\"604\" \/>\n\t<meta property=\"og:image:height\" content=\"454\" \/>\n\t<meta property=\"og:image:type\" content=\"image\/jpeg\" \/>\n<meta name=\"author\" content=\"La Gu\u00eda de Pamplona\" \/>\n<meta name=\"twitter:card\" content=\"summary_large_image\" \/>\n<meta name=\"twitter:creator\" content=\"@LaGuiadPamplona\" \/>\n<meta name=\"twitter:site\" content=\"@LaGuiadPamplona\" \/>\n<meta name=\"twitter:label1\" content=\"Escrito por\" \/>\n\t<meta name=\"twitter:data1\" content=\"La Gu\u00eda de Pamplona\" \/>\n\t<meta name=\"twitter:label2\" content=\"Tiempo de lectura\" \/>\n\t<meta name=\"twitter:data2\" content=\"5 minutos\" \/>\n<script type=\"application\/ld+json\" class=\"yoast-schema-graph\">{\"@context\":\"https:\\\/\\\/schema.org\",\"@graph\":[{\"@type\":\"Article\",\"@id\":\"https:\\\/\\\/www.laguiadepamplona.com\\\/actualidad\\\/el-informe-definitivo-de-la-consultora-externa-contratada-por-el-ayuntamiento-que-determinara-el-destino-final-de-la-pasarela-del-labrit-estara-listo-a-finales-de-enero\\\/#article\",\"isPartOf\":{\"@id\":\"https:\\\/\\\/www.laguiadepamplona.com\\\/actualidad\\\/el-informe-definitivo-de-la-consultora-externa-contratada-por-el-ayuntamiento-que-determinara-el-destino-final-de-la-pasarela-del-labrit-estara-listo-a-finales-de-enero\\\/\"},\"author\":{\"name\":\"La Gu\u00eda de Pamplona\",\"@id\":\"https:\\\/\\\/www.laguiadepamplona.com\\\/actualidad\\\/#\\\/schema\\\/person\\\/efe887376f0213d4657c93adc50b1fdb\"},\"headline\":\"El Informe definitivo de la consultora externa contratada por el Ayuntamiento que determinar\u00e1 el destino final de la Pasarela del Labrit estar\u00e1 listo a finales de enero\",\"datePublished\":\"2018-12-28T15:58:59+00:00\",\"mainEntityOfPage\":{\"@id\":\"https:\\\/\\\/www.laguiadepamplona.com\\\/actualidad\\\/el-informe-definitivo-de-la-consultora-externa-contratada-por-el-ayuntamiento-que-determinara-el-destino-final-de-la-pasarela-del-labrit-estara-listo-a-finales-de-enero\\\/\"},\"wordCount\":1044,\"commentCount\":0,\"publisher\":{\"@id\":\"https:\\\/\\\/www.laguiadepamplona.com\\\/actualidad\\\/#organization\"},\"image\":{\"@id\":\"https:\\\/\\\/www.laguiadepamplona.com\\\/actualidad\\\/el-informe-definitivo-de-la-consultora-externa-contratada-por-el-ayuntamiento-que-determinara-el-destino-final-de-la-pasarela-del-labrit-estara-listo-a-finales-de-enero\\\/#primaryimage\"},\"thumbnailUrl\":\"https:\\\/\\\/www.laguiadepamplona.com\\\/actualidad\\\/wp-content\\\/uploads\\\/2017\\\/05\\\/pasarela_labrit_1.jpg\",\"articleSection\":[\"Ayto Pamplona\"],\"inLanguage\":\"es\",\"potentialAction\":[{\"@type\":\"CommentAction\",\"name\":\"Comment\",\"target\":[\"https:\\\/\\\/www.laguiadepamplona.com\\\/actualidad\\\/el-informe-definitivo-de-la-consultora-externa-contratada-por-el-ayuntamiento-que-determinara-el-destino-final-de-la-pasarela-del-labrit-estara-listo-a-finales-de-enero\\\/#respond\"]}]},{\"@type\":\"WebPage\",\"@id\":\"https:\\\/\\\/www.laguiadepamplona.com\\\/actualidad\\\/el-informe-definitivo-de-la-consultora-externa-contratada-por-el-ayuntamiento-que-determinara-el-destino-final-de-la-pasarela-del-labrit-estara-listo-a-finales-de-enero\\\/\",\"url\":\"https:\\\/\\\/www.laguiadepamplona.com\\\/actualidad\\\/el-informe-definitivo-de-la-consultora-externa-contratada-por-el-ayuntamiento-que-determinara-el-destino-final-de-la-pasarela-del-labrit-estara-listo-a-finales-de-enero\\\/\",\"name\":\"El Informe definitivo de la consultora externa contratada por el Ayuntamiento que determinar\u00e1 el destino final de la Pasarela del Labrit estar\u00e1 listo a finales de enero\",\"isPartOf\":{\"@id\":\"https:\\\/\\\/www.laguiadepamplona.com\\\/actualidad\\\/#website\"},\"primaryImageOfPage\":{\"@id\":\"https:\\\/\\\/www.laguiadepamplona.com\\\/actualidad\\\/el-informe-definitivo-de-la-consultora-externa-contratada-por-el-ayuntamiento-que-determinara-el-destino-final-de-la-pasarela-del-labrit-estara-listo-a-finales-de-enero\\\/#primaryimage\"},\"image\":{\"@id\":\"https:\\\/\\\/www.laguiadepamplona.com\\\/actualidad\\\/el-informe-definitivo-de-la-consultora-externa-contratada-por-el-ayuntamiento-que-determinara-el-destino-final-de-la-pasarela-del-labrit-estara-listo-a-finales-de-enero\\\/#primaryimage\"},\"thumbnailUrl\":\"https:\\\/\\\/www.laguiadepamplona.com\\\/actualidad\\\/wp-content\\\/uploads\\\/2017\\\/05\\\/pasarela_labrit_1.jpg\",\"datePublished\":\"2018-12-28T15:58:59+00:00\",\"breadcrumb\":{\"@id\":\"https:\\\/\\\/www.laguiadepamplona.com\\\/actualidad\\\/el-informe-definitivo-de-la-consultora-externa-contratada-por-el-ayuntamiento-que-determinara-el-destino-final-de-la-pasarela-del-labrit-estara-listo-a-finales-de-enero\\\/#breadcrumb\"},\"inLanguage\":\"es\",\"potentialAction\":[{\"@type\":\"ReadAction\",\"target\":[\"https:\\\/\\\/www.laguiadepamplona.com\\\/actualidad\\\/el-informe-definitivo-de-la-consultora-externa-contratada-por-el-ayuntamiento-que-determinara-el-destino-final-de-la-pasarela-del-labrit-estara-listo-a-finales-de-enero\\\/\"]}]},{\"@type\":\"ImageObject\",\"inLanguage\":\"es\",\"@id\":\"https:\\\/\\\/www.laguiadepamplona.com\\\/actualidad\\\/el-informe-definitivo-de-la-consultora-externa-contratada-por-el-ayuntamiento-que-determinara-el-destino-final-de-la-pasarela-del-labrit-estara-listo-a-finales-de-enero\\\/#primaryimage\",\"url\":\"https:\\\/\\\/www.laguiadepamplona.com\\\/actualidad\\\/wp-content\\\/uploads\\\/2017\\\/05\\\/pasarela_labrit_1.jpg\",\"contentUrl\":\"https:\\\/\\\/www.laguiadepamplona.com\\\/actualidad\\\/wp-content\\\/uploads\\\/2017\\\/05\\\/pasarela_labrit_1.jpg\",\"width\":604,\"height\":454},{\"@type\":\"BreadcrumbList\",\"@id\":\"https:\\\/\\\/www.laguiadepamplona.com\\\/actualidad\\\/el-informe-definitivo-de-la-consultora-externa-contratada-por-el-ayuntamiento-que-determinara-el-destino-final-de-la-pasarela-del-labrit-estara-listo-a-finales-de-enero\\\/#breadcrumb\",\"itemListElement\":[{\"@type\":\"ListItem\",\"position\":1,\"name\":\"Portada\",\"item\":\"https:\\\/\\\/www.laguiadepamplona.com\\\/actualidad\\\/\"},{\"@type\":\"ListItem\",\"position\":2,\"name\":\"El Informe definitivo de la consultora externa contratada por el Ayuntamiento que determinar\u00e1 el destino final de la Pasarela del Labrit estar\u00e1 listo a finales de enero\"}]},{\"@type\":\"WebSite\",\"@id\":\"https:\\\/\\\/www.laguiadepamplona.com\\\/actualidad\\\/#website\",\"url\":\"https:\\\/\\\/www.laguiadepamplona.com\\\/actualidad\\\/\",\"name\":\"La gu\u00eda de Pamplona\",\"description\":\"Noticias de Pamplona\",\"publisher\":{\"@id\":\"https:\\\/\\\/www.laguiadepamplona.com\\\/actualidad\\\/#organization\"},\"potentialAction\":[{\"@type\":\"SearchAction\",\"target\":{\"@type\":\"EntryPoint\",\"urlTemplate\":\"https:\\\/\\\/www.laguiadepamplona.com\\\/actualidad\\\/?s={search_term_string}\"},\"query-input\":{\"@type\":\"PropertyValueSpecification\",\"valueRequired\":true,\"valueName\":\"search_term_string\"}}],\"inLanguage\":\"es\"},{\"@type\":\"Organization\",\"@id\":\"https:\\\/\\\/www.laguiadepamplona.com\\\/actualidad\\\/#organization\",\"name\":\"La Gu\u00eda de Pamplona \\\/ Noticias\",\"url\":\"https:\\\/\\\/www.laguiadepamplona.com\\\/actualidad\\\/\",\"logo\":{\"@type\":\"ImageObject\",\"inLanguage\":\"es\",\"@id\":\"https:\\\/\\\/www.laguiadepamplona.com\\\/actualidad\\\/#\\\/schema\\\/logo\\\/image\\\/\",\"url\":\"https:\\\/\\\/www.laguiadepamplona.com\\\/actualidad\\\/wp-content\\\/uploads\\\/2018\\\/11\\\/logo-laguiadepamplona18-web1.png\",\"contentUrl\":\"https:\\\/\\\/www.laguiadepamplona.com\\\/actualidad\\\/wp-content\\\/uploads\\\/2018\\\/11\\\/logo-laguiadepamplona18-web1.png\",\"width\":600,\"height\":196,\"caption\":\"La Gu\u00eda de Pamplona \\\/ Noticias\"},\"image\":{\"@id\":\"https:\\\/\\\/www.laguiadepamplona.com\\\/actualidad\\\/#\\\/schema\\\/logo\\\/image\\\/\"},\"sameAs\":[\"https:\\\/\\\/www.facebook.com\\\/laguiadepamplonacom-133175176762273\\\/?ref=hl\",\"https:\\\/\\\/x.com\\\/LaGuiadPamplona\",\"https:\\\/\\\/www.instagram.com\\\/la_guia_de_pamplona\\\/\",\"https:\\\/\\\/www.youtube.com\\\/user\\\/laguiadepamplona\"]},{\"@type\":\"Person\",\"@id\":\"https:\\\/\\\/www.laguiadepamplona.com\\\/actualidad\\\/#\\\/schema\\\/person\\\/efe887376f0213d4657c93adc50b1fdb\",\"name\":\"La Gu\u00eda de Pamplona\",\"image\":{\"@type\":\"ImageObject\",\"inLanguage\":\"es\",\"@id\":\"https:\\\/\\\/secure.gravatar.com\\\/avatar\\\/b6992f131dc8d30ab0dff15446e9d346d9dbd95992de0fef795073f5ea83a81c?s=96&d=mm&r=g\",\"url\":\"https:\\\/\\\/secure.gravatar.com\\\/avatar\\\/b6992f131dc8d30ab0dff15446e9d346d9dbd95992de0fef795073f5ea83a81c?s=96&d=mm&r=g\",\"contentUrl\":\"https:\\\/\\\/secure.gravatar.com\\\/avatar\\\/b6992f131dc8d30ab0dff15446e9d346d9dbd95992de0fef795073f5ea83a81c?s=96&d=mm&r=g\",\"caption\":\"La Gu\u00eda de Pamplona\"}}]}<\/script>\n<!-- \/ Yoast SEO plugin. -->","yoast_head_json":{"title":"El Informe definitivo de la consultora externa contratada por el Ayuntamiento que determinar\u00e1 el destino final de la Pasarela del Labrit estar\u00e1 listo a finales de enero","robots":{"index":"index","follow":"follow","max-snippet":"max-snippet:-1","max-image-preview":"max-image-preview:large","max-video-preview":"max-video-preview:-1"},"canonical":"https:\/\/www.laguiadepamplona.com\/actualidad\/el-informe-definitivo-de-la-consultora-externa-contratada-por-el-ayuntamiento-que-determinara-el-destino-final-de-la-pasarela-del-labrit-estara-listo-a-finales-de-enero\/","og_locale":"es_ES","og_type":"article","og_title":"El Informe definitivo de la consultora externa contratada por el Ayuntamiento que determinar\u00e1 el destino final de la Pasarela del Labrit estar\u00e1 listo a finales de enero","og_url":"https:\/\/www.laguiadepamplona.com\/actualidad\/el-informe-definitivo-de-la-consultora-externa-contratada-por-el-ayuntamiento-que-determinara-el-destino-final-de-la-pasarela-del-labrit-estara-listo-a-finales-de-enero\/","og_site_name":"La Gu\u00eda de Pamplona","article_publisher":"https:\/\/www.facebook.com\/laguiadepamplonacom-133175176762273\/?ref=hl","article_published_time":"2018-12-28T15:58:59+00:00","og_image":[{"width":604,"height":454,"url":"https:\/\/www.laguiadepamplona.com\/actualidad\/wp-content\/uploads\/2017\/05\/pasarela_labrit_1.jpg","type":"image\/jpeg"}],"author":"La Gu\u00eda de Pamplona","twitter_card":"summary_large_image","twitter_creator":"@LaGuiadPamplona","twitter_site":"@LaGuiadPamplona","twitter_misc":{"Escrito por":"La Gu\u00eda de Pamplona","Tiempo de lectura":"5 minutos"},"schema":{"@context":"https:\/\/schema.org","@graph":[{"@type":"Article","@id":"https:\/\/www.laguiadepamplona.com\/actualidad\/el-informe-definitivo-de-la-consultora-externa-contratada-por-el-ayuntamiento-que-determinara-el-destino-final-de-la-pasarela-del-labrit-estara-listo-a-finales-de-enero\/#article","isPartOf":{"@id":"https:\/\/www.laguiadepamplona.com\/actualidad\/el-informe-definitivo-de-la-consultora-externa-contratada-por-el-ayuntamiento-que-determinara-el-destino-final-de-la-pasarela-del-labrit-estara-listo-a-finales-de-enero\/"},"author":{"name":"La Gu\u00eda de Pamplona","@id":"https:\/\/www.laguiadepamplona.com\/actualidad\/#\/schema\/person\/efe887376f0213d4657c93adc50b1fdb"},"headline":"El Informe definitivo de la consultora externa contratada por el Ayuntamiento que determinar\u00e1 el destino final de la Pasarela del Labrit estar\u00e1 listo a finales de enero","datePublished":"2018-12-28T15:58:59+00:00","mainEntityOfPage":{"@id":"https:\/\/www.laguiadepamplona.com\/actualidad\/el-informe-definitivo-de-la-consultora-externa-contratada-por-el-ayuntamiento-que-determinara-el-destino-final-de-la-pasarela-del-labrit-estara-listo-a-finales-de-enero\/"},"wordCount":1044,"commentCount":0,"publisher":{"@id":"https:\/\/www.laguiadepamplona.com\/actualidad\/#organization"},"image":{"@id":"https:\/\/www.laguiadepamplona.com\/actualidad\/el-informe-definitivo-de-la-consultora-externa-contratada-por-el-ayuntamiento-que-determinara-el-destino-final-de-la-pasarela-del-labrit-estara-listo-a-finales-de-enero\/#primaryimage"},"thumbnailUrl":"https:\/\/www.laguiadepamplona.com\/actualidad\/wp-content\/uploads\/2017\/05\/pasarela_labrit_1.jpg","articleSection":["Ayto Pamplona"],"inLanguage":"es","potentialAction":[{"@type":"CommentAction","name":"Comment","target":["https:\/\/www.laguiadepamplona.com\/actualidad\/el-informe-definitivo-de-la-consultora-externa-contratada-por-el-ayuntamiento-que-determinara-el-destino-final-de-la-pasarela-del-labrit-estara-listo-a-finales-de-enero\/#respond"]}]},{"@type":"WebPage","@id":"https:\/\/www.laguiadepamplona.com\/actualidad\/el-informe-definitivo-de-la-consultora-externa-contratada-por-el-ayuntamiento-que-determinara-el-destino-final-de-la-pasarela-del-labrit-estara-listo-a-finales-de-enero\/","url":"https:\/\/www.laguiadepamplona.com\/actualidad\/el-informe-definitivo-de-la-consultora-externa-contratada-por-el-ayuntamiento-que-determinara-el-destino-final-de-la-pasarela-del-labrit-estara-listo-a-finales-de-enero\/","name":"El Informe definitivo de la consultora externa contratada por el Ayuntamiento que determinar\u00e1 el destino final de la Pasarela del Labrit estar\u00e1 listo a finales de enero","isPartOf":{"@id":"https:\/\/www.laguiadepamplona.com\/actualidad\/#website"},"primaryImageOfPage":{"@id":"https:\/\/www.laguiadepamplona.com\/actualidad\/el-informe-definitivo-de-la-consultora-externa-contratada-por-el-ayuntamiento-que-determinara-el-destino-final-de-la-pasarela-del-labrit-estara-listo-a-finales-de-enero\/#primaryimage"},"image":{"@id":"https:\/\/www.laguiadepamplona.com\/actualidad\/el-informe-definitivo-de-la-consultora-externa-contratada-por-el-ayuntamiento-que-determinara-el-destino-final-de-la-pasarela-del-labrit-estara-listo-a-finales-de-enero\/#primaryimage"},"thumbnailUrl":"https:\/\/www.laguiadepamplona.com\/actualidad\/wp-content\/uploads\/2017\/05\/pasarela_labrit_1.jpg","datePublished":"2018-12-28T15:58:59+00:00","breadcrumb":{"@id":"https:\/\/www.laguiadepamplona.com\/actualidad\/el-informe-definitivo-de-la-consultora-externa-contratada-por-el-ayuntamiento-que-determinara-el-destino-final-de-la-pasarela-del-labrit-estara-listo-a-finales-de-enero\/#breadcrumb"},"inLanguage":"es","potentialAction":[{"@type":"ReadAction","target":["https:\/\/www.laguiadepamplona.com\/actualidad\/el-informe-definitivo-de-la-consultora-externa-contratada-por-el-ayuntamiento-que-determinara-el-destino-final-de-la-pasarela-del-labrit-estara-listo-a-finales-de-enero\/"]}]},{"@type":"ImageObject","inLanguage":"es","@id":"https:\/\/www.laguiadepamplona.com\/actualidad\/el-informe-definitivo-de-la-consultora-externa-contratada-por-el-ayuntamiento-que-determinara-el-destino-final-de-la-pasarela-del-labrit-estara-listo-a-finales-de-enero\/#primaryimage","url":"https:\/\/www.laguiadepamplona.com\/actualidad\/wp-content\/uploads\/2017\/05\/pasarela_labrit_1.jpg","contentUrl":"https:\/\/www.laguiadepamplona.com\/actualidad\/wp-content\/uploads\/2017\/05\/pasarela_labrit_1.jpg","width":604,"height":454},{"@type":"BreadcrumbList","@id":"https:\/\/www.laguiadepamplona.com\/actualidad\/el-informe-definitivo-de-la-consultora-externa-contratada-por-el-ayuntamiento-que-determinara-el-destino-final-de-la-pasarela-del-labrit-estara-listo-a-finales-de-enero\/#breadcrumb","itemListElement":[{"@type":"ListItem","position":1,"name":"Portada","item":"https:\/\/www.laguiadepamplona.com\/actualidad\/"},{"@type":"ListItem","position":2,"name":"El Informe definitivo de la consultora externa contratada por el Ayuntamiento que determinar\u00e1 el destino final de la Pasarela del Labrit estar\u00e1 listo a finales de enero"}]},{"@type":"WebSite","@id":"https:\/\/www.laguiadepamplona.com\/actualidad\/#website","url":"https:\/\/www.laguiadepamplona.com\/actualidad\/","name":"La gu\u00eda de Pamplona","description":"Noticias de Pamplona","publisher":{"@id":"https:\/\/www.laguiadepamplona.com\/actualidad\/#organization"},"potentialAction":[{"@type":"SearchAction","target":{"@type":"EntryPoint","urlTemplate":"https:\/\/www.laguiadepamplona.com\/actualidad\/?s={search_term_string}"},"query-input":{"@type":"PropertyValueSpecification","valueRequired":true,"valueName":"search_term_string"}}],"inLanguage":"es"},{"@type":"Organization","@id":"https:\/\/www.laguiadepamplona.com\/actualidad\/#organization","name":"La Gu\u00eda de Pamplona \/ Noticias","url":"https:\/\/www.laguiadepamplona.com\/actualidad\/","logo":{"@type":"ImageObject","inLanguage":"es","@id":"https:\/\/www.laguiadepamplona.com\/actualidad\/#\/schema\/logo\/image\/","url":"https:\/\/www.laguiadepamplona.com\/actualidad\/wp-content\/uploads\/2018\/11\/logo-laguiadepamplona18-web1.png","contentUrl":"https:\/\/www.laguiadepamplona.com\/actualidad\/wp-content\/uploads\/2018\/11\/logo-laguiadepamplona18-web1.png","width":600,"height":196,"caption":"La Gu\u00eda de Pamplona \/ Noticias"},"image":{"@id":"https:\/\/www.laguiadepamplona.com\/actualidad\/#\/schema\/logo\/image\/"},"sameAs":["https:\/\/www.facebook.com\/laguiadepamplonacom-133175176762273\/?ref=hl","https:\/\/x.com\/LaGuiadPamplona","https:\/\/www.instagram.com\/la_guia_de_pamplona\/","https:\/\/www.youtube.com\/user\/laguiadepamplona"]},{"@type":"Person","@id":"https:\/\/www.laguiadepamplona.com\/actualidad\/#\/schema\/person\/efe887376f0213d4657c93adc50b1fdb","name":"La Gu\u00eda de Pamplona","image":{"@type":"ImageObject","inLanguage":"es","@id":"https:\/\/secure.gravatar.com\/avatar\/b6992f131dc8d30ab0dff15446e9d346d9dbd95992de0fef795073f5ea83a81c?s=96&d=mm&r=g","url":"https:\/\/secure.gravatar.com\/avatar\/b6992f131dc8d30ab0dff15446e9d346d9dbd95992de0fef795073f5ea83a81c?s=96&d=mm&r=g","contentUrl":"https:\/\/secure.gravatar.com\/avatar\/b6992f131dc8d30ab0dff15446e9d346d9dbd95992de0fef795073f5ea83a81c?s=96&d=mm&r=g","caption":"La Gu\u00eda de Pamplona"}}]}},"post_mailing_queue_ids":[],"_links":{"self":[{"href":"https:\/\/www.laguiadepamplona.com\/actualidad\/wp-json\/wp\/v2\/posts\/19951","targetHints":{"allow":["GET"]}}],"collection":[{"href":"https:\/\/www.laguiadepamplona.com\/actualidad\/wp-json\/wp\/v2\/posts"}],"about":[{"href":"https:\/\/www.laguiadepamplona.com\/actualidad\/wp-json\/wp\/v2\/types\/post"}],"author":[{"embeddable":true,"href":"https:\/\/www.laguiadepamplona.com\/actualidad\/wp-json\/wp\/v2\/users\/1"}],"replies":[{"embeddable":true,"href":"https:\/\/www.laguiadepamplona.com\/actualidad\/wp-json\/wp\/v2\/comments?post=19951"}],"version-history":[{"count":0,"href":"https:\/\/www.laguiadepamplona.com\/actualidad\/wp-json\/wp\/v2\/posts\/19951\/revisions"}],"wp:featuredmedia":[{"embeddable":true,"href":"https:\/\/www.laguiadepamplona.com\/actualidad\/wp-json\/wp\/v2\/media\/13269"}],"wp:attachment":[{"href":"https:\/\/www.laguiadepamplona.com\/actualidad\/wp-json\/wp\/v2\/media?parent=19951"}],"wp:term":[{"taxonomy":"category","embeddable":true,"href":"https:\/\/www.laguiadepamplona.com\/actualidad\/wp-json\/wp\/v2\/categories?post=19951"},{"taxonomy":"post_tag","embeddable":true,"href":"https:\/\/www.laguiadepamplona.com\/actualidad\/wp-json\/wp\/v2\/tags?post=19951"}],"curies":[{"name":"wp","href":"https:\/\/api.w.org\/{rel}","templated":true}]}}