{"id":19947,"date":"2018-12-28T17:55:04","date_gmt":"2018-12-28T15:55:04","guid":{"rendered":"https:\/\/www.laguiadepamplona.es\/actualidad\/?p=19947"},"modified":"2018-12-28T17:55:04","modified_gmt":"2018-12-28T15:55:04","slug":"ocho-conciertos-cierran-este-fin-de-semana-el-ano-con-villancicos-jotas-y-musica-coral-en-calles-iglesias-y-civivox","status":"publish","type":"post","link":"https:\/\/www.laguiadepamplona.com\/actualidad\/ocho-conciertos-cierran-este-fin-de-semana-el-ano-con-villancicos-jotas-y-musica-coral-en-calles-iglesias-y-civivox\/","title":{"rendered":"Ocho conciertos cierran este fin de semana el a\u00f1o con villancicos, jotas y m\u00fasica coral en calles, iglesias y civivox"},"content":{"rendered":"<p><!--more--><\/p>\n<h3>Gracia Navarra y la rondalla Ecos del Arga llevar\u00e1 estampas navide\u00f1as a ritmo de jotas por el centro de Pamplona ma\u00f1ana al mediod\u00eda<\/h3>\n<p>Ocho conciertos cierran este fin de semana el a\u00f1o con villancicos, jotas y m\u00fasica coral en calles, iglesias y civivox. La primera cita ser\u00e1 el s\u00e1bado al mediod\u00eda con Gracia Navarra y la rondalla Ecos del Arga, que llevar\u00e1n estampas navide\u00f1as a ritmo de jota por el centro de la ciudad. Saldr\u00e1n a las 12 horas desde la Plaza Baluarte y recorrer\u00e1n las calles Estella y Cortes de Navarra, los exteriores de la plaza de toros y seguir\u00e1n por Estafeta y Mercaderes hasta la Plaza Consistorial, donde concluir\u00e1n su recorrido.<\/p>\n<p>Por la tarde, a las 19.30 horas, la Joven Orquesta Atrilia ofrecer\u00e1 un concierto en el patio de civivox Condestable a partir de las 19.30 horas, con entrada libre. Y a la misma hora, el grupo Alaikapela recorrer\u00e1 el centro de Pamplona con sus voces. Saldr\u00e1n de la Plaza Consistorial y seguir\u00e1n por Zapater\u00eda, Pasadizo de la Jacoba y Plaza del Castillo. La tarde del s\u00e1bado se cerrar\u00e1 con un concierto en la Iglesia de San Saturnino, a partir de las 20 horas, a cargo de Amaia Huarte, Maialen Pascual y Juan Urd\u00e1niz, con entrada libre.<\/p>\n<p>El domingo vuelve a haber cuatro citas musicales. A las 12 horas, m\u00fasica en la calle con la coral San Francisco de As\u00eds. Saldr\u00e1n a las 12 horas de la Plaza del Castillo para recorrer las calles Chapitela, San Saturnino, Mayor, Eslava, plaza de San Francisco, San Miguel, Zapater\u00eda, Pozo Blanco y Comedias para regresar a la Plaza del Castillo.<\/p>\n<p>Por la tarde, la m\u00fasica en la calle llegar\u00e1 de las voces de la P\u00eda Uni\u00f3n de Auroros de Santa Mar\u00eda la Real, que realizar\u00e1n el mismo recorrido que el de la ma\u00f1ana. La salida, a las 18.30 horas.<\/p>\n<p>Y a las 19.30 horas, doble cita. En la Iglesia de Santo Domingo (PP Dominicos) actuar\u00e1 el Coro In Tempore Aberbatza, y en el patio de civivox Condestable, el Coro Divertimento. En ambos casos, la entrada es libre.<\/p>\n<p>&nbsp;<\/p>\n","protected":false},"excerpt":{"rendered":"","protected":false},"author":1,"featured_media":17390,"comment_status":"open","ping_status":"closed","sticky":false,"template":"","format":"standard","meta":{"footnotes":""},"categories":[2],"tags":[],"class_list":["post-19947","post","type-post","status-publish","format-standard","has-post-thumbnail","hentry","category-ayuntamiento-pamplona"],"yoast_head":"<!-- This site is optimized with the Yoast SEO plugin v27.3 - https:\/\/yoast.com\/product\/yoast-seo-wordpress\/ -->\n<title>Ocho conciertos cierran este fin de semana el a\u00f1o con villancicos, jotas y m\u00fasica coral en calles, iglesias y civivox<\/title>\n<meta name=\"robots\" content=\"index, follow, max-snippet:-1, max-image-preview:large, max-video-preview:-1\" \/>\n<link rel=\"canonical\" href=\"https:\/\/www.laguiadepamplona.com\/actualidad\/ocho-conciertos-cierran-este-fin-de-semana-el-ano-con-villancicos-jotas-y-musica-coral-en-calles-iglesias-y-civivox\/\" \/>\n<meta property=\"og:locale\" content=\"es_ES\" \/>\n<meta property=\"og:type\" content=\"article\" \/>\n<meta property=\"og:title\" content=\"Ocho conciertos cierran este fin de semana el a\u00f1o con villancicos, jotas y m\u00fasica coral en calles, iglesias y civivox\" \/>\n<meta property=\"og:url\" content=\"https:\/\/www.laguiadepamplona.com\/actualidad\/ocho-conciertos-cierran-este-fin-de-semana-el-ano-con-villancicos-jotas-y-musica-coral-en-calles-iglesias-y-civivox\/\" \/>\n<meta property=\"og:site_name\" content=\"La Gu\u00eda de Pamplona\" \/>\n<meta property=\"article:publisher\" content=\"https:\/\/www.facebook.com\/laguiadepamplonacom-133175176762273\/?ref=hl\" \/>\n<meta property=\"article:published_time\" content=\"2018-12-28T15:55:04+00:00\" \/>\n<meta property=\"og:image\" content=\"https:\/\/www.laguiadepamplona.com\/actualidad\/wp-content\/uploads\/2018\/05\/palacio-condestable.jpg\" \/>\n\t<meta property=\"og:image:width\" content=\"950\" \/>\n\t<meta property=\"og:image:height\" content=\"634\" \/>\n\t<meta property=\"og:image:type\" content=\"image\/jpeg\" \/>\n<meta name=\"author\" content=\"La Gu\u00eda de Pamplona\" \/>\n<meta name=\"twitter:card\" content=\"summary_large_image\" \/>\n<meta name=\"twitter:creator\" content=\"@LaGuiadPamplona\" \/>\n<meta name=\"twitter:site\" content=\"@LaGuiadPamplona\" \/>\n<meta name=\"twitter:label1\" content=\"Escrito por\" \/>\n\t<meta name=\"twitter:data1\" content=\"La Gu\u00eda de Pamplona\" \/>\n\t<meta name=\"twitter:label2\" content=\"Tiempo de lectura\" \/>\n\t<meta name=\"twitter:data2\" content=\"2 minutos\" \/>\n<script type=\"application\/ld+json\" class=\"yoast-schema-graph\">{\"@context\":\"https:\\\/\\\/schema.org\",\"@graph\":[{\"@type\":\"Article\",\"@id\":\"https:\\\/\\\/www.laguiadepamplona.com\\\/actualidad\\\/ocho-conciertos-cierran-este-fin-de-semana-el-ano-con-villancicos-jotas-y-musica-coral-en-calles-iglesias-y-civivox\\\/#article\",\"isPartOf\":{\"@id\":\"https:\\\/\\\/www.laguiadepamplona.com\\\/actualidad\\\/ocho-conciertos-cierran-este-fin-de-semana-el-ano-con-villancicos-jotas-y-musica-coral-en-calles-iglesias-y-civivox\\\/\"},\"author\":{\"name\":\"La Gu\u00eda de Pamplona\",\"@id\":\"https:\\\/\\\/www.laguiadepamplona.com\\\/actualidad\\\/#\\\/schema\\\/person\\\/efe887376f0213d4657c93adc50b1fdb\"},\"headline\":\"Ocho conciertos cierran este fin de semana el a\u00f1o con villancicos, jotas y m\u00fasica coral en calles, iglesias y civivox\",\"datePublished\":\"2018-12-28T15:55:04+00:00\",\"mainEntityOfPage\":{\"@id\":\"https:\\\/\\\/www.laguiadepamplona.com\\\/actualidad\\\/ocho-conciertos-cierran-este-fin-de-semana-el-ano-con-villancicos-jotas-y-musica-coral-en-calles-iglesias-y-civivox\\\/\"},\"wordCount\":389,\"commentCount\":0,\"publisher\":{\"@id\":\"https:\\\/\\\/www.laguiadepamplona.com\\\/actualidad\\\/#organization\"},\"image\":{\"@id\":\"https:\\\/\\\/www.laguiadepamplona.com\\\/actualidad\\\/ocho-conciertos-cierran-este-fin-de-semana-el-ano-con-villancicos-jotas-y-musica-coral-en-calles-iglesias-y-civivox\\\/#primaryimage\"},\"thumbnailUrl\":\"https:\\\/\\\/www.laguiadepamplona.com\\\/actualidad\\\/wp-content\\\/uploads\\\/2018\\\/05\\\/palacio-condestable.jpg\",\"articleSection\":[\"Ayto Pamplona\"],\"inLanguage\":\"es\",\"potentialAction\":[{\"@type\":\"CommentAction\",\"name\":\"Comment\",\"target\":[\"https:\\\/\\\/www.laguiadepamplona.com\\\/actualidad\\\/ocho-conciertos-cierran-este-fin-de-semana-el-ano-con-villancicos-jotas-y-musica-coral-en-calles-iglesias-y-civivox\\\/#respond\"]}]},{\"@type\":\"WebPage\",\"@id\":\"https:\\\/\\\/www.laguiadepamplona.com\\\/actualidad\\\/ocho-conciertos-cierran-este-fin-de-semana-el-ano-con-villancicos-jotas-y-musica-coral-en-calles-iglesias-y-civivox\\\/\",\"url\":\"https:\\\/\\\/www.laguiadepamplona.com\\\/actualidad\\\/ocho-conciertos-cierran-este-fin-de-semana-el-ano-con-villancicos-jotas-y-musica-coral-en-calles-iglesias-y-civivox\\\/\",\"name\":\"Ocho conciertos cierran este fin de semana el a\u00f1o con villancicos, jotas y m\u00fasica coral en calles, iglesias y civivox\",\"isPartOf\":{\"@id\":\"https:\\\/\\\/www.laguiadepamplona.com\\\/actualidad\\\/#website\"},\"primaryImageOfPage\":{\"@id\":\"https:\\\/\\\/www.laguiadepamplona.com\\\/actualidad\\\/ocho-conciertos-cierran-este-fin-de-semana-el-ano-con-villancicos-jotas-y-musica-coral-en-calles-iglesias-y-civivox\\\/#primaryimage\"},\"image\":{\"@id\":\"https:\\\/\\\/www.laguiadepamplona.com\\\/actualidad\\\/ocho-conciertos-cierran-este-fin-de-semana-el-ano-con-villancicos-jotas-y-musica-coral-en-calles-iglesias-y-civivox\\\/#primaryimage\"},\"thumbnailUrl\":\"https:\\\/\\\/www.laguiadepamplona.com\\\/actualidad\\\/wp-content\\\/uploads\\\/2018\\\/05\\\/palacio-condestable.jpg\",\"datePublished\":\"2018-12-28T15:55:04+00:00\",\"breadcrumb\":{\"@id\":\"https:\\\/\\\/www.laguiadepamplona.com\\\/actualidad\\\/ocho-conciertos-cierran-este-fin-de-semana-el-ano-con-villancicos-jotas-y-musica-coral-en-calles-iglesias-y-civivox\\\/#breadcrumb\"},\"inLanguage\":\"es\",\"potentialAction\":[{\"@type\":\"ReadAction\",\"target\":[\"https:\\\/\\\/www.laguiadepamplona.com\\\/actualidad\\\/ocho-conciertos-cierran-este-fin-de-semana-el-ano-con-villancicos-jotas-y-musica-coral-en-calles-iglesias-y-civivox\\\/\"]}]},{\"@type\":\"ImageObject\",\"inLanguage\":\"es\",\"@id\":\"https:\\\/\\\/www.laguiadepamplona.com\\\/actualidad\\\/ocho-conciertos-cierran-este-fin-de-semana-el-ano-con-villancicos-jotas-y-musica-coral-en-calles-iglesias-y-civivox\\\/#primaryimage\",\"url\":\"https:\\\/\\\/www.laguiadepamplona.com\\\/actualidad\\\/wp-content\\\/uploads\\\/2018\\\/05\\\/palacio-condestable.jpg\",\"contentUrl\":\"https:\\\/\\\/www.laguiadepamplona.com\\\/actualidad\\\/wp-content\\\/uploads\\\/2018\\\/05\\\/palacio-condestable.jpg\",\"width\":950,\"height\":634,\"caption\":\"civivox condestable\"},{\"@type\":\"BreadcrumbList\",\"@id\":\"https:\\\/\\\/www.laguiadepamplona.com\\\/actualidad\\\/ocho-conciertos-cierran-este-fin-de-semana-el-ano-con-villancicos-jotas-y-musica-coral-en-calles-iglesias-y-civivox\\\/#breadcrumb\",\"itemListElement\":[{\"@type\":\"ListItem\",\"position\":1,\"name\":\"Portada\",\"item\":\"https:\\\/\\\/www.laguiadepamplona.com\\\/actualidad\\\/\"},{\"@type\":\"ListItem\",\"position\":2,\"name\":\"Ocho conciertos cierran este fin de semana el a\u00f1o con villancicos, jotas y m\u00fasica coral en calles, iglesias y civivox\"}]},{\"@type\":\"WebSite\",\"@id\":\"https:\\\/\\\/www.laguiadepamplona.com\\\/actualidad\\\/#website\",\"url\":\"https:\\\/\\\/www.laguiadepamplona.com\\\/actualidad\\\/\",\"name\":\"La gu\u00eda de Pamplona\",\"description\":\"Noticias de Pamplona\",\"publisher\":{\"@id\":\"https:\\\/\\\/www.laguiadepamplona.com\\\/actualidad\\\/#organization\"},\"potentialAction\":[{\"@type\":\"SearchAction\",\"target\":{\"@type\":\"EntryPoint\",\"urlTemplate\":\"https:\\\/\\\/www.laguiadepamplona.com\\\/actualidad\\\/?s={search_term_string}\"},\"query-input\":{\"@type\":\"PropertyValueSpecification\",\"valueRequired\":true,\"valueName\":\"search_term_string\"}}],\"inLanguage\":\"es\"},{\"@type\":\"Organization\",\"@id\":\"https:\\\/\\\/www.laguiadepamplona.com\\\/actualidad\\\/#organization\",\"name\":\"La Gu\u00eda de Pamplona \\\/ Noticias\",\"url\":\"https:\\\/\\\/www.laguiadepamplona.com\\\/actualidad\\\/\",\"logo\":{\"@type\":\"ImageObject\",\"inLanguage\":\"es\",\"@id\":\"https:\\\/\\\/www.laguiadepamplona.com\\\/actualidad\\\/#\\\/schema\\\/logo\\\/image\\\/\",\"url\":\"https:\\\/\\\/www.laguiadepamplona.com\\\/actualidad\\\/wp-content\\\/uploads\\\/2018\\\/11\\\/logo-laguiadepamplona18-web1.png\",\"contentUrl\":\"https:\\\/\\\/www.laguiadepamplona.com\\\/actualidad\\\/wp-content\\\/uploads\\\/2018\\\/11\\\/logo-laguiadepamplona18-web1.png\",\"width\":600,\"height\":196,\"caption\":\"La Gu\u00eda de Pamplona \\\/ Noticias\"},\"image\":{\"@id\":\"https:\\\/\\\/www.laguiadepamplona.com\\\/actualidad\\\/#\\\/schema\\\/logo\\\/image\\\/\"},\"sameAs\":[\"https:\\\/\\\/www.facebook.com\\\/laguiadepamplonacom-133175176762273\\\/?ref=hl\",\"https:\\\/\\\/x.com\\\/LaGuiadPamplona\",\"https:\\\/\\\/www.instagram.com\\\/la_guia_de_pamplona\\\/\",\"https:\\\/\\\/www.youtube.com\\\/user\\\/laguiadepamplona\"]},{\"@type\":\"Person\",\"@id\":\"https:\\\/\\\/www.laguiadepamplona.com\\\/actualidad\\\/#\\\/schema\\\/person\\\/efe887376f0213d4657c93adc50b1fdb\",\"name\":\"La Gu\u00eda de Pamplona\",\"image\":{\"@type\":\"ImageObject\",\"inLanguage\":\"es\",\"@id\":\"https:\\\/\\\/secure.gravatar.com\\\/avatar\\\/b6992f131dc8d30ab0dff15446e9d346d9dbd95992de0fef795073f5ea83a81c?s=96&d=mm&r=g\",\"url\":\"https:\\\/\\\/secure.gravatar.com\\\/avatar\\\/b6992f131dc8d30ab0dff15446e9d346d9dbd95992de0fef795073f5ea83a81c?s=96&d=mm&r=g\",\"contentUrl\":\"https:\\\/\\\/secure.gravatar.com\\\/avatar\\\/b6992f131dc8d30ab0dff15446e9d346d9dbd95992de0fef795073f5ea83a81c?s=96&d=mm&r=g\",\"caption\":\"La Gu\u00eda de Pamplona\"}}]}<\/script>\n<!-- \/ Yoast SEO plugin. -->","yoast_head_json":{"title":"Ocho conciertos cierran este fin de semana el a\u00f1o con villancicos, jotas y m\u00fasica coral en calles, iglesias y civivox","robots":{"index":"index","follow":"follow","max-snippet":"max-snippet:-1","max-image-preview":"max-image-preview:large","max-video-preview":"max-video-preview:-1"},"canonical":"https:\/\/www.laguiadepamplona.com\/actualidad\/ocho-conciertos-cierran-este-fin-de-semana-el-ano-con-villancicos-jotas-y-musica-coral-en-calles-iglesias-y-civivox\/","og_locale":"es_ES","og_type":"article","og_title":"Ocho conciertos cierran este fin de semana el a\u00f1o con villancicos, jotas y m\u00fasica coral en calles, iglesias y civivox","og_url":"https:\/\/www.laguiadepamplona.com\/actualidad\/ocho-conciertos-cierran-este-fin-de-semana-el-ano-con-villancicos-jotas-y-musica-coral-en-calles-iglesias-y-civivox\/","og_site_name":"La Gu\u00eda de Pamplona","article_publisher":"https:\/\/www.facebook.com\/laguiadepamplonacom-133175176762273\/?ref=hl","article_published_time":"2018-12-28T15:55:04+00:00","og_image":[{"width":950,"height":634,"url":"https:\/\/www.laguiadepamplona.com\/actualidad\/wp-content\/uploads\/2018\/05\/palacio-condestable.jpg","type":"image\/jpeg"}],"author":"La Gu\u00eda de Pamplona","twitter_card":"summary_large_image","twitter_creator":"@LaGuiadPamplona","twitter_site":"@LaGuiadPamplona","twitter_misc":{"Escrito por":"La Gu\u00eda de Pamplona","Tiempo de lectura":"2 minutos"},"schema":{"@context":"https:\/\/schema.org","@graph":[{"@type":"Article","@id":"https:\/\/www.laguiadepamplona.com\/actualidad\/ocho-conciertos-cierran-este-fin-de-semana-el-ano-con-villancicos-jotas-y-musica-coral-en-calles-iglesias-y-civivox\/#article","isPartOf":{"@id":"https:\/\/www.laguiadepamplona.com\/actualidad\/ocho-conciertos-cierran-este-fin-de-semana-el-ano-con-villancicos-jotas-y-musica-coral-en-calles-iglesias-y-civivox\/"},"author":{"name":"La Gu\u00eda de Pamplona","@id":"https:\/\/www.laguiadepamplona.com\/actualidad\/#\/schema\/person\/efe887376f0213d4657c93adc50b1fdb"},"headline":"Ocho conciertos cierran este fin de semana el a\u00f1o con villancicos, jotas y m\u00fasica coral en calles, iglesias y civivox","datePublished":"2018-12-28T15:55:04+00:00","mainEntityOfPage":{"@id":"https:\/\/www.laguiadepamplona.com\/actualidad\/ocho-conciertos-cierran-este-fin-de-semana-el-ano-con-villancicos-jotas-y-musica-coral-en-calles-iglesias-y-civivox\/"},"wordCount":389,"commentCount":0,"publisher":{"@id":"https:\/\/www.laguiadepamplona.com\/actualidad\/#organization"},"image":{"@id":"https:\/\/www.laguiadepamplona.com\/actualidad\/ocho-conciertos-cierran-este-fin-de-semana-el-ano-con-villancicos-jotas-y-musica-coral-en-calles-iglesias-y-civivox\/#primaryimage"},"thumbnailUrl":"https:\/\/www.laguiadepamplona.com\/actualidad\/wp-content\/uploads\/2018\/05\/palacio-condestable.jpg","articleSection":["Ayto Pamplona"],"inLanguage":"es","potentialAction":[{"@type":"CommentAction","name":"Comment","target":["https:\/\/www.laguiadepamplona.com\/actualidad\/ocho-conciertos-cierran-este-fin-de-semana-el-ano-con-villancicos-jotas-y-musica-coral-en-calles-iglesias-y-civivox\/#respond"]}]},{"@type":"WebPage","@id":"https:\/\/www.laguiadepamplona.com\/actualidad\/ocho-conciertos-cierran-este-fin-de-semana-el-ano-con-villancicos-jotas-y-musica-coral-en-calles-iglesias-y-civivox\/","url":"https:\/\/www.laguiadepamplona.com\/actualidad\/ocho-conciertos-cierran-este-fin-de-semana-el-ano-con-villancicos-jotas-y-musica-coral-en-calles-iglesias-y-civivox\/","name":"Ocho conciertos cierran este fin de semana el a\u00f1o con villancicos, jotas y m\u00fasica coral en calles, iglesias y civivox","isPartOf":{"@id":"https:\/\/www.laguiadepamplona.com\/actualidad\/#website"},"primaryImageOfPage":{"@id":"https:\/\/www.laguiadepamplona.com\/actualidad\/ocho-conciertos-cierran-este-fin-de-semana-el-ano-con-villancicos-jotas-y-musica-coral-en-calles-iglesias-y-civivox\/#primaryimage"},"image":{"@id":"https:\/\/www.laguiadepamplona.com\/actualidad\/ocho-conciertos-cierran-este-fin-de-semana-el-ano-con-villancicos-jotas-y-musica-coral-en-calles-iglesias-y-civivox\/#primaryimage"},"thumbnailUrl":"https:\/\/www.laguiadepamplona.com\/actualidad\/wp-content\/uploads\/2018\/05\/palacio-condestable.jpg","datePublished":"2018-12-28T15:55:04+00:00","breadcrumb":{"@id":"https:\/\/www.laguiadepamplona.com\/actualidad\/ocho-conciertos-cierran-este-fin-de-semana-el-ano-con-villancicos-jotas-y-musica-coral-en-calles-iglesias-y-civivox\/#breadcrumb"},"inLanguage":"es","potentialAction":[{"@type":"ReadAction","target":["https:\/\/www.laguiadepamplona.com\/actualidad\/ocho-conciertos-cierran-este-fin-de-semana-el-ano-con-villancicos-jotas-y-musica-coral-en-calles-iglesias-y-civivox\/"]}]},{"@type":"ImageObject","inLanguage":"es","@id":"https:\/\/www.laguiadepamplona.com\/actualidad\/ocho-conciertos-cierran-este-fin-de-semana-el-ano-con-villancicos-jotas-y-musica-coral-en-calles-iglesias-y-civivox\/#primaryimage","url":"https:\/\/www.laguiadepamplona.com\/actualidad\/wp-content\/uploads\/2018\/05\/palacio-condestable.jpg","contentUrl":"https:\/\/www.laguiadepamplona.com\/actualidad\/wp-content\/uploads\/2018\/05\/palacio-condestable.jpg","width":950,"height":634,"caption":"civivox condestable"},{"@type":"BreadcrumbList","@id":"https:\/\/www.laguiadepamplona.com\/actualidad\/ocho-conciertos-cierran-este-fin-de-semana-el-ano-con-villancicos-jotas-y-musica-coral-en-calles-iglesias-y-civivox\/#breadcrumb","itemListElement":[{"@type":"ListItem","position":1,"name":"Portada","item":"https:\/\/www.laguiadepamplona.com\/actualidad\/"},{"@type":"ListItem","position":2,"name":"Ocho conciertos cierran este fin de semana el a\u00f1o con villancicos, jotas y m\u00fasica coral en calles, iglesias y civivox"}]},{"@type":"WebSite","@id":"https:\/\/www.laguiadepamplona.com\/actualidad\/#website","url":"https:\/\/www.laguiadepamplona.com\/actualidad\/","name":"La gu\u00eda de Pamplona","description":"Noticias de Pamplona","publisher":{"@id":"https:\/\/www.laguiadepamplona.com\/actualidad\/#organization"},"potentialAction":[{"@type":"SearchAction","target":{"@type":"EntryPoint","urlTemplate":"https:\/\/www.laguiadepamplona.com\/actualidad\/?s={search_term_string}"},"query-input":{"@type":"PropertyValueSpecification","valueRequired":true,"valueName":"search_term_string"}}],"inLanguage":"es"},{"@type":"Organization","@id":"https:\/\/www.laguiadepamplona.com\/actualidad\/#organization","name":"La Gu\u00eda de Pamplona \/ Noticias","url":"https:\/\/www.laguiadepamplona.com\/actualidad\/","logo":{"@type":"ImageObject","inLanguage":"es","@id":"https:\/\/www.laguiadepamplona.com\/actualidad\/#\/schema\/logo\/image\/","url":"https:\/\/www.laguiadepamplona.com\/actualidad\/wp-content\/uploads\/2018\/11\/logo-laguiadepamplona18-web1.png","contentUrl":"https:\/\/www.laguiadepamplona.com\/actualidad\/wp-content\/uploads\/2018\/11\/logo-laguiadepamplona18-web1.png","width":600,"height":196,"caption":"La Gu\u00eda de Pamplona \/ Noticias"},"image":{"@id":"https:\/\/www.laguiadepamplona.com\/actualidad\/#\/schema\/logo\/image\/"},"sameAs":["https:\/\/www.facebook.com\/laguiadepamplonacom-133175176762273\/?ref=hl","https:\/\/x.com\/LaGuiadPamplona","https:\/\/www.instagram.com\/la_guia_de_pamplona\/","https:\/\/www.youtube.com\/user\/laguiadepamplona"]},{"@type":"Person","@id":"https:\/\/www.laguiadepamplona.com\/actualidad\/#\/schema\/person\/efe887376f0213d4657c93adc50b1fdb","name":"La Gu\u00eda de Pamplona","image":{"@type":"ImageObject","inLanguage":"es","@id":"https:\/\/secure.gravatar.com\/avatar\/b6992f131dc8d30ab0dff15446e9d346d9dbd95992de0fef795073f5ea83a81c?s=96&d=mm&r=g","url":"https:\/\/secure.gravatar.com\/avatar\/b6992f131dc8d30ab0dff15446e9d346d9dbd95992de0fef795073f5ea83a81c?s=96&d=mm&r=g","contentUrl":"https:\/\/secure.gravatar.com\/avatar\/b6992f131dc8d30ab0dff15446e9d346d9dbd95992de0fef795073f5ea83a81c?s=96&d=mm&r=g","caption":"La Gu\u00eda de Pamplona"}}]}},"post_mailing_queue_ids":[],"_links":{"self":[{"href":"https:\/\/www.laguiadepamplona.com\/actualidad\/wp-json\/wp\/v2\/posts\/19947","targetHints":{"allow":["GET"]}}],"collection":[{"href":"https:\/\/www.laguiadepamplona.com\/actualidad\/wp-json\/wp\/v2\/posts"}],"about":[{"href":"https:\/\/www.laguiadepamplona.com\/actualidad\/wp-json\/wp\/v2\/types\/post"}],"author":[{"embeddable":true,"href":"https:\/\/www.laguiadepamplona.com\/actualidad\/wp-json\/wp\/v2\/users\/1"}],"replies":[{"embeddable":true,"href":"https:\/\/www.laguiadepamplona.com\/actualidad\/wp-json\/wp\/v2\/comments?post=19947"}],"version-history":[{"count":0,"href":"https:\/\/www.laguiadepamplona.com\/actualidad\/wp-json\/wp\/v2\/posts\/19947\/revisions"}],"wp:featuredmedia":[{"embeddable":true,"href":"https:\/\/www.laguiadepamplona.com\/actualidad\/wp-json\/wp\/v2\/media\/17390"}],"wp:attachment":[{"href":"https:\/\/www.laguiadepamplona.com\/actualidad\/wp-json\/wp\/v2\/media?parent=19947"}],"wp:term":[{"taxonomy":"category","embeddable":true,"href":"https:\/\/www.laguiadepamplona.com\/actualidad\/wp-json\/wp\/v2\/categories?post=19947"},{"taxonomy":"post_tag","embeddable":true,"href":"https:\/\/www.laguiadepamplona.com\/actualidad\/wp-json\/wp\/v2\/tags?post=19947"}],"curies":[{"name":"wp","href":"https:\/\/api.w.org\/{rel}","templated":true}]}}