{"id":19945,"date":"2018-12-28T17:53:54","date_gmt":"2018-12-28T15:53:54","guid":{"rendered":"https:\/\/www.laguiadepamplona.es\/actualidad\/?p=19945"},"modified":"2018-12-28T17:53:54","modified_gmt":"2018-12-28T15:53:54","slug":"este-fin-de-semana-vuelven-los-paseos-guiados-a-la-muestra-de-videoarte-otras-luces-en-las-calles-del-centro-de-pamplona","status":"publish","type":"post","link":"https:\/\/www.laguiadepamplona.com\/actualidad\/este-fin-de-semana-vuelven-los-paseos-guiados-a-la-muestra-de-videoarte-otras-luces-en-las-calles-del-centro-de-pamplona\/","title":{"rendered":"Este fin de semana vuelven los paseos guiados a la muestra de videoarte \u2018Otras luces\u2019 en las calles del centro de Pamplona"},"content":{"rendered":"<p><!--more--><\/p>\n<h3>Artistas acompa\u00f1ar\u00e1n a la ciudadan\u00eda por las distintas proyecciones desde las 19.30 horas, con salida desde Condestable<\/h3>\n<p>Este fin de semana vuelven los paseos guiados a la muestra de videoarte \u2018Otras luces\u2019 en las calles del centro de Pamplona. Artistas acompa\u00f1ar\u00e1n a la ciudadan\u00eda por las distintas proyecciones, que se reparten por ocho puntos del Casco Antiguo, partiendo de civivox Condestable a las 19.30 horas. Estas visitas guiadas tendr\u00e1n lugar tanto el s\u00e1bado como el domingo y la participaci\u00f3n es libre.<\/p>\n<p>Los recorridos contar\u00e1n con las explicaciones de la artista Mireia Mart\u00edn Larumbe. Las proyecciones se realizan en el Rinc\u00f3n de Pellejer\u00edas, en la trasera del Teatro Gayarre, en la calle Eslava, en el baluarte de Guadalupe, en la bajada de Javier, en el pasaje Seminario, en el portal de Francia y en Civivox Condestable, de 18.30 a 21.30 horas. En total son 19 videocreaciones de nueve de pa\u00edses diferentes.<\/p>\n<p>La idea es recorrer las proyecciones de la muestra en el espacio urbano profundizando en la calidad art\u00edstica de los materiales que se exhiben y contextualizando los audiovisuales. El Ayuntamiento de Pamplona con la muestra de videoarte \u2018Otras Luces\u2019 busca abrir y potenciar el espacio p\u00fablico a fines culturales y fomentar y difundir las expresiones contempor\u00e1neas de las artes en todas sus disciplinas. Se trata de una apuesta por el arte, la expresi\u00f3n art\u00edstica y la vanguardia en la ciudad a trav\u00e9s de la videocreaci\u00f3n.<\/p>\n<p><strong>Otras luces en Ciudadela<\/strong><\/p>\n<p><a href=\"https:\/\/www.laguiadepamplona.es\/actualidad\/wp-content\/uploads\/2018\/11\/imagen_otras_luces_ascensor.jpg\"><img loading=\"lazy\" decoding=\"async\" class=\"alignleft size-medium wp-image-19586\" src=\"https:\/\/www.laguiadepamplona.es\/actualidad\/wp-content\/uploads\/2018\/11\/imagen_otras_luces_ascensor-300x183.jpg\" alt=\"\" width=\"300\" height=\"183\" srcset=\"https:\/\/www.laguiadepamplona.com\/actualidad\/wp-content\/uploads\/2018\/11\/imagen_otras_luces_ascensor-300x183.jpg 300w, https:\/\/www.laguiadepamplona.com\/actualidad\/wp-content\/uploads\/2018\/11\/imagen_otras_luces_ascensor-768x468.jpg 768w, https:\/\/www.laguiadepamplona.com\/actualidad\/wp-content\/uploads\/2018\/11\/imagen_otras_luces_ascensor-1024x624.jpg 1024w, https:\/\/www.laguiadepamplona.com\/actualidad\/wp-content\/uploads\/2018\/11\/imagen_otras_luces_ascensor-640x390.jpg 640w, https:\/\/www.laguiadepamplona.com\/actualidad\/wp-content\/uploads\/2018\/11\/imagen_otras_luces_ascensor.jpg 1200w\" sizes=\"auto, (max-width: 300px) 100vw, 300px\" \/><\/a>Aunque las videoproyecciones de \u2018Otras luces\u2019 terminar\u00e1n el 1 de enero, seguir\u00e1n en la Ciudadela otras actividades, como los talleres art\u00edsticos y \u2018T\u00f6kk\u00f6\u2019 un juego audiovisual interactivo en forma de copo de nieve, y compuesto por 150 grandes discos led que al pisarlos emiten un sonido y se iluminan. Dirigido a todos los p\u00fablicos sin l\u00edmite de edad, funcionar\u00e1 hasta el 7 de enero.<\/p>\n<p>T\u00f6kk\u00f6\u2019 est\u00e1 instalado en la rotonda central de Ciudadela. Se trata de un juego interactivo con el que cada persona propondr\u00e1 un paisaje sonoro en funci\u00f3n del camino o la pasarela por la que transite. Y es que los discos plasmar\u00e1n diferentes sonidos de la naturaleza,\u00a0 escalas y\u00a0 tonalidades con las que representar sentimientos y emociones. La instalaci\u00f3n funcionar\u00e1 de 17.30 a 21 horas.<\/p>\n<p>La Sala de Armas, por su parte, ser\u00e1 el espacio para los talleres art\u00edsticos, que continuar\u00e1n los d\u00edas 2, 3 y 4 de enero, de 17.30 a 19.30 horas, con entrada libre. Son talleres creativos y experimentales relacionados con la obra de los artistas participantes, en torno a la idea del movimiento en aspectos como el viaje, el paso del tiempo, el ritmo y la musicalidad, el crecimiento o la danza, entre otros.<\/p>\n","protected":false},"excerpt":{"rendered":"","protected":false},"author":1,"featured_media":19585,"comment_status":"open","ping_status":"closed","sticky":false,"template":"","format":"standard","meta":{"footnotes":""},"categories":[2],"tags":[],"class_list":["post-19945","post","type-post","status-publish","format-standard","has-post-thumbnail","hentry","category-ayuntamiento-pamplona"],"yoast_head":"<!-- This site is optimized with the Yoast SEO plugin v27.3 - https:\/\/yoast.com\/product\/yoast-seo-wordpress\/ -->\n<title>Este fin de semana vuelven los paseos guiados a la muestra de videoarte \u2018Otras luces\u2019 en las calles del centro de Pamplona<\/title>\n<meta name=\"robots\" content=\"index, follow, max-snippet:-1, max-image-preview:large, max-video-preview:-1\" \/>\n<link rel=\"canonical\" href=\"https:\/\/www.laguiadepamplona.com\/actualidad\/este-fin-de-semana-vuelven-los-paseos-guiados-a-la-muestra-de-videoarte-otras-luces-en-las-calles-del-centro-de-pamplona\/\" \/>\n<meta property=\"og:locale\" content=\"es_ES\" \/>\n<meta property=\"og:type\" content=\"article\" \/>\n<meta property=\"og:title\" content=\"Este fin de semana vuelven los paseos guiados a la muestra de videoarte \u2018Otras luces\u2019 en las calles del centro de Pamplona\" \/>\n<meta property=\"og:url\" content=\"https:\/\/www.laguiadepamplona.com\/actualidad\/este-fin-de-semana-vuelven-los-paseos-guiados-a-la-muestra-de-videoarte-otras-luces-en-las-calles-del-centro-de-pamplona\/\" \/>\n<meta property=\"og:site_name\" content=\"La Gu\u00eda de Pamplona\" \/>\n<meta property=\"article:publisher\" content=\"https:\/\/www.facebook.com\/laguiadepamplonacom-133175176762273\/?ref=hl\" \/>\n<meta property=\"article:published_time\" content=\"2018-12-28T15:53:54+00:00\" \/>\n<meta property=\"og:image\" content=\"https:\/\/www.laguiadepamplona.com\/actualidad\/wp-content\/uploads\/2018\/11\/18.11.26_imagen_otras_luces.jpg\" \/>\n\t<meta property=\"og:image:width\" content=\"1200\" \/>\n\t<meta property=\"og:image:height\" content=\"1200\" \/>\n\t<meta property=\"og:image:type\" content=\"image\/jpeg\" \/>\n<meta name=\"author\" content=\"La Gu\u00eda de Pamplona\" \/>\n<meta name=\"twitter:card\" content=\"summary_large_image\" \/>\n<meta name=\"twitter:creator\" content=\"@LaGuiadPamplona\" \/>\n<meta name=\"twitter:site\" content=\"@LaGuiadPamplona\" \/>\n<meta name=\"twitter:label1\" content=\"Escrito por\" \/>\n\t<meta name=\"twitter:data1\" content=\"La Gu\u00eda de Pamplona\" \/>\n\t<meta name=\"twitter:label2\" content=\"Tiempo de lectura\" \/>\n\t<meta name=\"twitter:data2\" content=\"2 minutos\" \/>\n<script type=\"application\/ld+json\" class=\"yoast-schema-graph\">{\"@context\":\"https:\\\/\\\/schema.org\",\"@graph\":[{\"@type\":\"Article\",\"@id\":\"https:\\\/\\\/www.laguiadepamplona.com\\\/actualidad\\\/este-fin-de-semana-vuelven-los-paseos-guiados-a-la-muestra-de-videoarte-otras-luces-en-las-calles-del-centro-de-pamplona\\\/#article\",\"isPartOf\":{\"@id\":\"https:\\\/\\\/www.laguiadepamplona.com\\\/actualidad\\\/este-fin-de-semana-vuelven-los-paseos-guiados-a-la-muestra-de-videoarte-otras-luces-en-las-calles-del-centro-de-pamplona\\\/\"},\"author\":{\"name\":\"La Gu\u00eda de Pamplona\",\"@id\":\"https:\\\/\\\/www.laguiadepamplona.com\\\/actualidad\\\/#\\\/schema\\\/person\\\/efe887376f0213d4657c93adc50b1fdb\"},\"headline\":\"Este fin de semana vuelven los paseos guiados a la muestra de videoarte \u2018Otras luces\u2019 en las calles del centro de Pamplona\",\"datePublished\":\"2018-12-28T15:53:54+00:00\",\"mainEntityOfPage\":{\"@id\":\"https:\\\/\\\/www.laguiadepamplona.com\\\/actualidad\\\/este-fin-de-semana-vuelven-los-paseos-guiados-a-la-muestra-de-videoarte-otras-luces-en-las-calles-del-centro-de-pamplona\\\/\"},\"wordCount\":481,\"commentCount\":0,\"publisher\":{\"@id\":\"https:\\\/\\\/www.laguiadepamplona.com\\\/actualidad\\\/#organization\"},\"image\":{\"@id\":\"https:\\\/\\\/www.laguiadepamplona.com\\\/actualidad\\\/este-fin-de-semana-vuelven-los-paseos-guiados-a-la-muestra-de-videoarte-otras-luces-en-las-calles-del-centro-de-pamplona\\\/#primaryimage\"},\"thumbnailUrl\":\"https:\\\/\\\/www.laguiadepamplona.com\\\/actualidad\\\/wp-content\\\/uploads\\\/2018\\\/11\\\/18.11.26_imagen_otras_luces.jpg\",\"articleSection\":[\"Ayto Pamplona\"],\"inLanguage\":\"es\",\"potentialAction\":[{\"@type\":\"CommentAction\",\"name\":\"Comment\",\"target\":[\"https:\\\/\\\/www.laguiadepamplona.com\\\/actualidad\\\/este-fin-de-semana-vuelven-los-paseos-guiados-a-la-muestra-de-videoarte-otras-luces-en-las-calles-del-centro-de-pamplona\\\/#respond\"]}]},{\"@type\":\"WebPage\",\"@id\":\"https:\\\/\\\/www.laguiadepamplona.com\\\/actualidad\\\/este-fin-de-semana-vuelven-los-paseos-guiados-a-la-muestra-de-videoarte-otras-luces-en-las-calles-del-centro-de-pamplona\\\/\",\"url\":\"https:\\\/\\\/www.laguiadepamplona.com\\\/actualidad\\\/este-fin-de-semana-vuelven-los-paseos-guiados-a-la-muestra-de-videoarte-otras-luces-en-las-calles-del-centro-de-pamplona\\\/\",\"name\":\"Este fin de semana vuelven los paseos guiados a la muestra de videoarte \u2018Otras luces\u2019 en las calles del centro de Pamplona\",\"isPartOf\":{\"@id\":\"https:\\\/\\\/www.laguiadepamplona.com\\\/actualidad\\\/#website\"},\"primaryImageOfPage\":{\"@id\":\"https:\\\/\\\/www.laguiadepamplona.com\\\/actualidad\\\/este-fin-de-semana-vuelven-los-paseos-guiados-a-la-muestra-de-videoarte-otras-luces-en-las-calles-del-centro-de-pamplona\\\/#primaryimage\"},\"image\":{\"@id\":\"https:\\\/\\\/www.laguiadepamplona.com\\\/actualidad\\\/este-fin-de-semana-vuelven-los-paseos-guiados-a-la-muestra-de-videoarte-otras-luces-en-las-calles-del-centro-de-pamplona\\\/#primaryimage\"},\"thumbnailUrl\":\"https:\\\/\\\/www.laguiadepamplona.com\\\/actualidad\\\/wp-content\\\/uploads\\\/2018\\\/11\\\/18.11.26_imagen_otras_luces.jpg\",\"datePublished\":\"2018-12-28T15:53:54+00:00\",\"breadcrumb\":{\"@id\":\"https:\\\/\\\/www.laguiadepamplona.com\\\/actualidad\\\/este-fin-de-semana-vuelven-los-paseos-guiados-a-la-muestra-de-videoarte-otras-luces-en-las-calles-del-centro-de-pamplona\\\/#breadcrumb\"},\"inLanguage\":\"es\",\"potentialAction\":[{\"@type\":\"ReadAction\",\"target\":[\"https:\\\/\\\/www.laguiadepamplona.com\\\/actualidad\\\/este-fin-de-semana-vuelven-los-paseos-guiados-a-la-muestra-de-videoarte-otras-luces-en-las-calles-del-centro-de-pamplona\\\/\"]}]},{\"@type\":\"ImageObject\",\"inLanguage\":\"es\",\"@id\":\"https:\\\/\\\/www.laguiadepamplona.com\\\/actualidad\\\/este-fin-de-semana-vuelven-los-paseos-guiados-a-la-muestra-de-videoarte-otras-luces-en-las-calles-del-centro-de-pamplona\\\/#primaryimage\",\"url\":\"https:\\\/\\\/www.laguiadepamplona.com\\\/actualidad\\\/wp-content\\\/uploads\\\/2018\\\/11\\\/18.11.26_imagen_otras_luces.jpg\",\"contentUrl\":\"https:\\\/\\\/www.laguiadepamplona.com\\\/actualidad\\\/wp-content\\\/uploads\\\/2018\\\/11\\\/18.11.26_imagen_otras_luces.jpg\",\"width\":1200,\"height\":1200},{\"@type\":\"BreadcrumbList\",\"@id\":\"https:\\\/\\\/www.laguiadepamplona.com\\\/actualidad\\\/este-fin-de-semana-vuelven-los-paseos-guiados-a-la-muestra-de-videoarte-otras-luces-en-las-calles-del-centro-de-pamplona\\\/#breadcrumb\",\"itemListElement\":[{\"@type\":\"ListItem\",\"position\":1,\"name\":\"Portada\",\"item\":\"https:\\\/\\\/www.laguiadepamplona.com\\\/actualidad\\\/\"},{\"@type\":\"ListItem\",\"position\":2,\"name\":\"Este fin de semana vuelven los paseos guiados a la muestra de videoarte \u2018Otras luces\u2019 en las calles del centro de Pamplona\"}]},{\"@type\":\"WebSite\",\"@id\":\"https:\\\/\\\/www.laguiadepamplona.com\\\/actualidad\\\/#website\",\"url\":\"https:\\\/\\\/www.laguiadepamplona.com\\\/actualidad\\\/\",\"name\":\"La gu\u00eda de Pamplona\",\"description\":\"Noticias de Pamplona\",\"publisher\":{\"@id\":\"https:\\\/\\\/www.laguiadepamplona.com\\\/actualidad\\\/#organization\"},\"potentialAction\":[{\"@type\":\"SearchAction\",\"target\":{\"@type\":\"EntryPoint\",\"urlTemplate\":\"https:\\\/\\\/www.laguiadepamplona.com\\\/actualidad\\\/?s={search_term_string}\"},\"query-input\":{\"@type\":\"PropertyValueSpecification\",\"valueRequired\":true,\"valueName\":\"search_term_string\"}}],\"inLanguage\":\"es\"},{\"@type\":\"Organization\",\"@id\":\"https:\\\/\\\/www.laguiadepamplona.com\\\/actualidad\\\/#organization\",\"name\":\"La Gu\u00eda de Pamplona \\\/ Noticias\",\"url\":\"https:\\\/\\\/www.laguiadepamplona.com\\\/actualidad\\\/\",\"logo\":{\"@type\":\"ImageObject\",\"inLanguage\":\"es\",\"@id\":\"https:\\\/\\\/www.laguiadepamplona.com\\\/actualidad\\\/#\\\/schema\\\/logo\\\/image\\\/\",\"url\":\"https:\\\/\\\/www.laguiadepamplona.com\\\/actualidad\\\/wp-content\\\/uploads\\\/2018\\\/11\\\/logo-laguiadepamplona18-web1.png\",\"contentUrl\":\"https:\\\/\\\/www.laguiadepamplona.com\\\/actualidad\\\/wp-content\\\/uploads\\\/2018\\\/11\\\/logo-laguiadepamplona18-web1.png\",\"width\":600,\"height\":196,\"caption\":\"La Gu\u00eda de Pamplona \\\/ Noticias\"},\"image\":{\"@id\":\"https:\\\/\\\/www.laguiadepamplona.com\\\/actualidad\\\/#\\\/schema\\\/logo\\\/image\\\/\"},\"sameAs\":[\"https:\\\/\\\/www.facebook.com\\\/laguiadepamplonacom-133175176762273\\\/?ref=hl\",\"https:\\\/\\\/x.com\\\/LaGuiadPamplona\",\"https:\\\/\\\/www.instagram.com\\\/la_guia_de_pamplona\\\/\",\"https:\\\/\\\/www.youtube.com\\\/user\\\/laguiadepamplona\"]},{\"@type\":\"Person\",\"@id\":\"https:\\\/\\\/www.laguiadepamplona.com\\\/actualidad\\\/#\\\/schema\\\/person\\\/efe887376f0213d4657c93adc50b1fdb\",\"name\":\"La Gu\u00eda de Pamplona\",\"image\":{\"@type\":\"ImageObject\",\"inLanguage\":\"es\",\"@id\":\"https:\\\/\\\/secure.gravatar.com\\\/avatar\\\/b6992f131dc8d30ab0dff15446e9d346d9dbd95992de0fef795073f5ea83a81c?s=96&d=mm&r=g\",\"url\":\"https:\\\/\\\/secure.gravatar.com\\\/avatar\\\/b6992f131dc8d30ab0dff15446e9d346d9dbd95992de0fef795073f5ea83a81c?s=96&d=mm&r=g\",\"contentUrl\":\"https:\\\/\\\/secure.gravatar.com\\\/avatar\\\/b6992f131dc8d30ab0dff15446e9d346d9dbd95992de0fef795073f5ea83a81c?s=96&d=mm&r=g\",\"caption\":\"La Gu\u00eda de Pamplona\"}}]}<\/script>\n<!-- \/ Yoast SEO plugin. -->","yoast_head_json":{"title":"Este fin de semana vuelven los paseos guiados a la muestra de videoarte \u2018Otras luces\u2019 en las calles del centro de Pamplona","robots":{"index":"index","follow":"follow","max-snippet":"max-snippet:-1","max-image-preview":"max-image-preview:large","max-video-preview":"max-video-preview:-1"},"canonical":"https:\/\/www.laguiadepamplona.com\/actualidad\/este-fin-de-semana-vuelven-los-paseos-guiados-a-la-muestra-de-videoarte-otras-luces-en-las-calles-del-centro-de-pamplona\/","og_locale":"es_ES","og_type":"article","og_title":"Este fin de semana vuelven los paseos guiados a la muestra de videoarte \u2018Otras luces\u2019 en las calles del centro de Pamplona","og_url":"https:\/\/www.laguiadepamplona.com\/actualidad\/este-fin-de-semana-vuelven-los-paseos-guiados-a-la-muestra-de-videoarte-otras-luces-en-las-calles-del-centro-de-pamplona\/","og_site_name":"La Gu\u00eda de Pamplona","article_publisher":"https:\/\/www.facebook.com\/laguiadepamplonacom-133175176762273\/?ref=hl","article_published_time":"2018-12-28T15:53:54+00:00","og_image":[{"width":1200,"height":1200,"url":"https:\/\/www.laguiadepamplona.com\/actualidad\/wp-content\/uploads\/2018\/11\/18.11.26_imagen_otras_luces.jpg","type":"image\/jpeg"}],"author":"La Gu\u00eda de Pamplona","twitter_card":"summary_large_image","twitter_creator":"@LaGuiadPamplona","twitter_site":"@LaGuiadPamplona","twitter_misc":{"Escrito por":"La Gu\u00eda de Pamplona","Tiempo de lectura":"2 minutos"},"schema":{"@context":"https:\/\/schema.org","@graph":[{"@type":"Article","@id":"https:\/\/www.laguiadepamplona.com\/actualidad\/este-fin-de-semana-vuelven-los-paseos-guiados-a-la-muestra-de-videoarte-otras-luces-en-las-calles-del-centro-de-pamplona\/#article","isPartOf":{"@id":"https:\/\/www.laguiadepamplona.com\/actualidad\/este-fin-de-semana-vuelven-los-paseos-guiados-a-la-muestra-de-videoarte-otras-luces-en-las-calles-del-centro-de-pamplona\/"},"author":{"name":"La Gu\u00eda de Pamplona","@id":"https:\/\/www.laguiadepamplona.com\/actualidad\/#\/schema\/person\/efe887376f0213d4657c93adc50b1fdb"},"headline":"Este fin de semana vuelven los paseos guiados a la muestra de videoarte \u2018Otras luces\u2019 en las calles del centro de Pamplona","datePublished":"2018-12-28T15:53:54+00:00","mainEntityOfPage":{"@id":"https:\/\/www.laguiadepamplona.com\/actualidad\/este-fin-de-semana-vuelven-los-paseos-guiados-a-la-muestra-de-videoarte-otras-luces-en-las-calles-del-centro-de-pamplona\/"},"wordCount":481,"commentCount":0,"publisher":{"@id":"https:\/\/www.laguiadepamplona.com\/actualidad\/#organization"},"image":{"@id":"https:\/\/www.laguiadepamplona.com\/actualidad\/este-fin-de-semana-vuelven-los-paseos-guiados-a-la-muestra-de-videoarte-otras-luces-en-las-calles-del-centro-de-pamplona\/#primaryimage"},"thumbnailUrl":"https:\/\/www.laguiadepamplona.com\/actualidad\/wp-content\/uploads\/2018\/11\/18.11.26_imagen_otras_luces.jpg","articleSection":["Ayto Pamplona"],"inLanguage":"es","potentialAction":[{"@type":"CommentAction","name":"Comment","target":["https:\/\/www.laguiadepamplona.com\/actualidad\/este-fin-de-semana-vuelven-los-paseos-guiados-a-la-muestra-de-videoarte-otras-luces-en-las-calles-del-centro-de-pamplona\/#respond"]}]},{"@type":"WebPage","@id":"https:\/\/www.laguiadepamplona.com\/actualidad\/este-fin-de-semana-vuelven-los-paseos-guiados-a-la-muestra-de-videoarte-otras-luces-en-las-calles-del-centro-de-pamplona\/","url":"https:\/\/www.laguiadepamplona.com\/actualidad\/este-fin-de-semana-vuelven-los-paseos-guiados-a-la-muestra-de-videoarte-otras-luces-en-las-calles-del-centro-de-pamplona\/","name":"Este fin de semana vuelven los paseos guiados a la muestra de videoarte \u2018Otras luces\u2019 en las calles del centro de Pamplona","isPartOf":{"@id":"https:\/\/www.laguiadepamplona.com\/actualidad\/#website"},"primaryImageOfPage":{"@id":"https:\/\/www.laguiadepamplona.com\/actualidad\/este-fin-de-semana-vuelven-los-paseos-guiados-a-la-muestra-de-videoarte-otras-luces-en-las-calles-del-centro-de-pamplona\/#primaryimage"},"image":{"@id":"https:\/\/www.laguiadepamplona.com\/actualidad\/este-fin-de-semana-vuelven-los-paseos-guiados-a-la-muestra-de-videoarte-otras-luces-en-las-calles-del-centro-de-pamplona\/#primaryimage"},"thumbnailUrl":"https:\/\/www.laguiadepamplona.com\/actualidad\/wp-content\/uploads\/2018\/11\/18.11.26_imagen_otras_luces.jpg","datePublished":"2018-12-28T15:53:54+00:00","breadcrumb":{"@id":"https:\/\/www.laguiadepamplona.com\/actualidad\/este-fin-de-semana-vuelven-los-paseos-guiados-a-la-muestra-de-videoarte-otras-luces-en-las-calles-del-centro-de-pamplona\/#breadcrumb"},"inLanguage":"es","potentialAction":[{"@type":"ReadAction","target":["https:\/\/www.laguiadepamplona.com\/actualidad\/este-fin-de-semana-vuelven-los-paseos-guiados-a-la-muestra-de-videoarte-otras-luces-en-las-calles-del-centro-de-pamplona\/"]}]},{"@type":"ImageObject","inLanguage":"es","@id":"https:\/\/www.laguiadepamplona.com\/actualidad\/este-fin-de-semana-vuelven-los-paseos-guiados-a-la-muestra-de-videoarte-otras-luces-en-las-calles-del-centro-de-pamplona\/#primaryimage","url":"https:\/\/www.laguiadepamplona.com\/actualidad\/wp-content\/uploads\/2018\/11\/18.11.26_imagen_otras_luces.jpg","contentUrl":"https:\/\/www.laguiadepamplona.com\/actualidad\/wp-content\/uploads\/2018\/11\/18.11.26_imagen_otras_luces.jpg","width":1200,"height":1200},{"@type":"BreadcrumbList","@id":"https:\/\/www.laguiadepamplona.com\/actualidad\/este-fin-de-semana-vuelven-los-paseos-guiados-a-la-muestra-de-videoarte-otras-luces-en-las-calles-del-centro-de-pamplona\/#breadcrumb","itemListElement":[{"@type":"ListItem","position":1,"name":"Portada","item":"https:\/\/www.laguiadepamplona.com\/actualidad\/"},{"@type":"ListItem","position":2,"name":"Este fin de semana vuelven los paseos guiados a la muestra de videoarte \u2018Otras luces\u2019 en las calles del centro de Pamplona"}]},{"@type":"WebSite","@id":"https:\/\/www.laguiadepamplona.com\/actualidad\/#website","url":"https:\/\/www.laguiadepamplona.com\/actualidad\/","name":"La gu\u00eda de Pamplona","description":"Noticias de Pamplona","publisher":{"@id":"https:\/\/www.laguiadepamplona.com\/actualidad\/#organization"},"potentialAction":[{"@type":"SearchAction","target":{"@type":"EntryPoint","urlTemplate":"https:\/\/www.laguiadepamplona.com\/actualidad\/?s={search_term_string}"},"query-input":{"@type":"PropertyValueSpecification","valueRequired":true,"valueName":"search_term_string"}}],"inLanguage":"es"},{"@type":"Organization","@id":"https:\/\/www.laguiadepamplona.com\/actualidad\/#organization","name":"La Gu\u00eda de Pamplona \/ Noticias","url":"https:\/\/www.laguiadepamplona.com\/actualidad\/","logo":{"@type":"ImageObject","inLanguage":"es","@id":"https:\/\/www.laguiadepamplona.com\/actualidad\/#\/schema\/logo\/image\/","url":"https:\/\/www.laguiadepamplona.com\/actualidad\/wp-content\/uploads\/2018\/11\/logo-laguiadepamplona18-web1.png","contentUrl":"https:\/\/www.laguiadepamplona.com\/actualidad\/wp-content\/uploads\/2018\/11\/logo-laguiadepamplona18-web1.png","width":600,"height":196,"caption":"La Gu\u00eda de Pamplona \/ Noticias"},"image":{"@id":"https:\/\/www.laguiadepamplona.com\/actualidad\/#\/schema\/logo\/image\/"},"sameAs":["https:\/\/www.facebook.com\/laguiadepamplonacom-133175176762273\/?ref=hl","https:\/\/x.com\/LaGuiadPamplona","https:\/\/www.instagram.com\/la_guia_de_pamplona\/","https:\/\/www.youtube.com\/user\/laguiadepamplona"]},{"@type":"Person","@id":"https:\/\/www.laguiadepamplona.com\/actualidad\/#\/schema\/person\/efe887376f0213d4657c93adc50b1fdb","name":"La Gu\u00eda de Pamplona","image":{"@type":"ImageObject","inLanguage":"es","@id":"https:\/\/secure.gravatar.com\/avatar\/b6992f131dc8d30ab0dff15446e9d346d9dbd95992de0fef795073f5ea83a81c?s=96&d=mm&r=g","url":"https:\/\/secure.gravatar.com\/avatar\/b6992f131dc8d30ab0dff15446e9d346d9dbd95992de0fef795073f5ea83a81c?s=96&d=mm&r=g","contentUrl":"https:\/\/secure.gravatar.com\/avatar\/b6992f131dc8d30ab0dff15446e9d346d9dbd95992de0fef795073f5ea83a81c?s=96&d=mm&r=g","caption":"La Gu\u00eda de Pamplona"}}]}},"post_mailing_queue_ids":[],"_links":{"self":[{"href":"https:\/\/www.laguiadepamplona.com\/actualidad\/wp-json\/wp\/v2\/posts\/19945","targetHints":{"allow":["GET"]}}],"collection":[{"href":"https:\/\/www.laguiadepamplona.com\/actualidad\/wp-json\/wp\/v2\/posts"}],"about":[{"href":"https:\/\/www.laguiadepamplona.com\/actualidad\/wp-json\/wp\/v2\/types\/post"}],"author":[{"embeddable":true,"href":"https:\/\/www.laguiadepamplona.com\/actualidad\/wp-json\/wp\/v2\/users\/1"}],"replies":[{"embeddable":true,"href":"https:\/\/www.laguiadepamplona.com\/actualidad\/wp-json\/wp\/v2\/comments?post=19945"}],"version-history":[{"count":0,"href":"https:\/\/www.laguiadepamplona.com\/actualidad\/wp-json\/wp\/v2\/posts\/19945\/revisions"}],"wp:featuredmedia":[{"embeddable":true,"href":"https:\/\/www.laguiadepamplona.com\/actualidad\/wp-json\/wp\/v2\/media\/19585"}],"wp:attachment":[{"href":"https:\/\/www.laguiadepamplona.com\/actualidad\/wp-json\/wp\/v2\/media?parent=19945"}],"wp:term":[{"taxonomy":"category","embeddable":true,"href":"https:\/\/www.laguiadepamplona.com\/actualidad\/wp-json\/wp\/v2\/categories?post=19945"},{"taxonomy":"post_tag","embeddable":true,"href":"https:\/\/www.laguiadepamplona.com\/actualidad\/wp-json\/wp\/v2\/tags?post=19945"}],"curies":[{"name":"wp","href":"https:\/\/api.w.org\/{rel}","templated":true}]}}