{"id":19940,"date":"2018-12-28T17:47:12","date_gmt":"2018-12-28T15:47:12","guid":{"rendered":"https:\/\/www.laguiadepamplona.es\/actualidad\/?p=19940"},"modified":"2018-12-28T17:47:12","modified_gmt":"2018-12-28T15:47:12","slug":"la-san-silvestre-provocara-desvios-y-modificaciones-en-el-trafico-este-lunes-en-el-centro-de-la-ciudad-ensanche-y-san-juan-desde-las-3-de-la-tarde","status":"publish","type":"post","link":"https:\/\/www.laguiadepamplona.com\/actualidad\/la-san-silvestre-provocara-desvios-y-modificaciones-en-el-trafico-este-lunes-en-el-centro-de-la-ciudad-ensanche-y-san-juan-desde-las-3-de-la-tarde\/","title":{"rendered":"La San Silvestre provocar\u00e1 desv\u00edos y modificaciones en el tr\u00e1fico este lunes en el centro de la ciudad, Ensanche y San Juan desde las 3 de la tarde"},"content":{"rendered":"<p><!--more--><\/p>\n<h3>32 agentes trabajar\u00e1n en el dispositivo especial de tr\u00e1fico para garantizar la seguridad de los corredores y facilitar los desplazamientos<\/h3>\n<p><a href=\"https:\/\/www.laguiadepamplona.es\/actualidad\/wp-content\/uploads\/2018\/12\/San-Silvestre_2015.jpg\"><img loading=\"lazy\" decoding=\"async\" class=\"alignleft size-medium wp-image-19941\" src=\"https:\/\/www.laguiadepamplona.es\/actualidad\/wp-content\/uploads\/2018\/12\/San-Silvestre_2015-300x200.jpg\" alt=\"\" width=\"300\" height=\"200\" srcset=\"https:\/\/www.laguiadepamplona.com\/actualidad\/wp-content\/uploads\/2018\/12\/San-Silvestre_2015-300x200.jpg 300w, https:\/\/www.laguiadepamplona.com\/actualidad\/wp-content\/uploads\/2018\/12\/San-Silvestre_2015-768x512.jpg 768w, https:\/\/www.laguiadepamplona.com\/actualidad\/wp-content\/uploads\/2018\/12\/San-Silvestre_2015-1024x682.jpg 1024w, https:\/\/www.laguiadepamplona.com\/actualidad\/wp-content\/uploads\/2018\/12\/San-Silvestre_2015-640x427.jpg 640w, https:\/\/www.laguiadepamplona.com\/actualidad\/wp-content\/uploads\/2018\/12\/San-Silvestre_2015.jpg 2000w\" sizes=\"auto, (max-width: 300px) 100vw, 300px\" \/><\/a>La celebraci\u00f3n de la tradicional carrera de San Silvestre el \u00faltimo d\u00eda del a\u00f1o provocar\u00e1 alteraciones en el tr\u00e1fico de Pamplona. Desde las 15 horas de este lunes 31 de diciembre, habr\u00e1 desv\u00edos y modificaciones en el centro de la ciudad, Ensanche y San Juan. Los cortes afectar\u00e1n a v\u00edas principales como la avenida del Ej\u00e9rcito, la avenida de Bayona y P\u00edo XII. Polic\u00eda Municipal recomienda evitar el uso del veh\u00edculo particular por el centro de la ciudad y hacer uso del transporte p\u00fablico. Para garantizar la seguridad de los corredores y facilitar los desplazamientos se ha dispuesto un servicio formado por 32 agentes de Polic\u00eda Municipal, que contar\u00e1n con la colaboraci\u00f3n de personal voluntario de la organizaci\u00f3n.<\/p>\n<p>Como es habitual, habr\u00e1 dos carreras: una para ni\u00f1os que comenzar\u00e1 a las 17.15 horas y afectar\u00e1 al Paseo de Sarasate; y la absoluta, que comenzar\u00e1 a las 19 horas y recorrer\u00e1 numerosas calles y avenidas. La salida ser\u00e1 desde la calle Yanguas y Miranda (frente al Parlamento), continuando por esta calle hacia la rotonda del Hotel 3 Reyes, Taconera, Bosquecillo, Navas de Tolosa, Juan XXIII, avenida de Bayona (ida y vuelta), avenida P\u00edo XII, Monasterio de Urdax, Vuelta del Castillo, P\u00edo XII, avenida del Ej\u00e9rcito (ida y vuelta), Navas de Tolosa y finalizando en el Paseo de Sarasate.<\/p>\n<p><strong>Desde las 15 horas quedar\u00e1 cerrado al tr\u00e1fico rodado el Paseo de Sarasate y las calles que convergen en \u00e9l, lo que conllevar\u00e1 modificaciones importante en varias l\u00edneas de transporte urbano. A las 18 horas est\u00e1 previsto el cierre total de la calle Yanguas y Miranda desde la plaza de la Paz. Hacia las 18.45 horas est\u00e1n previstos ya el resto de cortes de tr\u00e1fico. Los principales puntos son los siguientes:<\/strong><\/p>\n<ul>\n<li>Avenida Baja Navarra \u2013 Seminario: desv\u00edo del tr\u00e1fico de entrada a la ciudad hacia la calle Monjard\u00edn<\/li>\n<li>Plaza Pr\u00edncipe de Viana \u2013 Plaza de la Paz: desv\u00edo de tr\u00e1fico hacia la plaza de los Fueros, impidiendo continuar hacia la avenida del Ej\u00e9rcito<\/li>\n<li>Avenida P\u00edo XII \u2013 Avenida Sancho El Fuerte: desv\u00edo del tr\u00e1fico de entrada a la ciudad hacia la avenida Sancho El Fuerte<\/li>\n<li>Avenida de Guip\u00fazcoa \u2013 Cuesta de la Reina: se prohibir\u00e1 el acceso por la avenida de Guip\u00fazcoa hacia el centro de la ciudad: El tr\u00e1fico se desviar\u00e1 por la Cuesta de la Reina hacia la calle Monasterio de Irache.<\/li>\n<li>Vuelta del Castillo: totalmente cerrada al tr\u00e1fico.<\/li>\n<\/ul>\n","protected":false},"excerpt":{"rendered":"","protected":false},"author":1,"featured_media":19941,"comment_status":"open","ping_status":"closed","sticky":false,"template":"","format":"standard","meta":{"footnotes":""},"categories":[2],"tags":[],"class_list":["post-19940","post","type-post","status-publish","format-standard","has-post-thumbnail","hentry","category-ayuntamiento-pamplona"],"yoast_head":"<!-- This site is optimized with the Yoast SEO plugin v27.3 - https:\/\/yoast.com\/product\/yoast-seo-wordpress\/ -->\n<title>La San Silvestre provocar\u00e1 desv\u00edos y modificaciones en el tr\u00e1fico este lunes en el centro de la ciudad, Ensanche y San Juan desde las 3 de la tarde<\/title>\n<meta name=\"robots\" content=\"index, follow, max-snippet:-1, max-image-preview:large, max-video-preview:-1\" \/>\n<link rel=\"canonical\" href=\"https:\/\/www.laguiadepamplona.com\/actualidad\/la-san-silvestre-provocara-desvios-y-modificaciones-en-el-trafico-este-lunes-en-el-centro-de-la-ciudad-ensanche-y-san-juan-desde-las-3-de-la-tarde\/\" \/>\n<meta property=\"og:locale\" content=\"es_ES\" \/>\n<meta property=\"og:type\" content=\"article\" \/>\n<meta property=\"og:title\" content=\"La San Silvestre provocar\u00e1 desv\u00edos y modificaciones en el tr\u00e1fico este lunes en el centro de la ciudad, Ensanche y San Juan desde las 3 de la tarde\" \/>\n<meta property=\"og:url\" content=\"https:\/\/www.laguiadepamplona.com\/actualidad\/la-san-silvestre-provocara-desvios-y-modificaciones-en-el-trafico-este-lunes-en-el-centro-de-la-ciudad-ensanche-y-san-juan-desde-las-3-de-la-tarde\/\" \/>\n<meta property=\"og:site_name\" content=\"La Gu\u00eda de Pamplona\" \/>\n<meta property=\"article:publisher\" content=\"https:\/\/www.facebook.com\/laguiadepamplonacom-133175176762273\/?ref=hl\" \/>\n<meta property=\"article:published_time\" content=\"2018-12-28T15:47:12+00:00\" \/>\n<meta property=\"og:image\" content=\"https:\/\/www.laguiadepamplona.com\/actualidad\/wp-content\/uploads\/2018\/12\/San-Silvestre_2015.jpg\" \/>\n\t<meta property=\"og:image:width\" content=\"2000\" \/>\n\t<meta property=\"og:image:height\" content=\"1333\" \/>\n\t<meta property=\"og:image:type\" content=\"image\/jpeg\" \/>\n<meta name=\"author\" content=\"La Gu\u00eda de Pamplona\" \/>\n<meta name=\"twitter:card\" content=\"summary_large_image\" \/>\n<meta name=\"twitter:creator\" content=\"@LaGuiadPamplona\" \/>\n<meta name=\"twitter:site\" content=\"@LaGuiadPamplona\" \/>\n<meta name=\"twitter:label1\" content=\"Escrito por\" \/>\n\t<meta name=\"twitter:data1\" content=\"La Gu\u00eda de Pamplona\" \/>\n\t<meta name=\"twitter:label2\" content=\"Tiempo de lectura\" \/>\n\t<meta name=\"twitter:data2\" content=\"2 minutos\" \/>\n<script type=\"application\/ld+json\" class=\"yoast-schema-graph\">{\"@context\":\"https:\\\/\\\/schema.org\",\"@graph\":[{\"@type\":\"Article\",\"@id\":\"https:\\\/\\\/www.laguiadepamplona.com\\\/actualidad\\\/la-san-silvestre-provocara-desvios-y-modificaciones-en-el-trafico-este-lunes-en-el-centro-de-la-ciudad-ensanche-y-san-juan-desde-las-3-de-la-tarde\\\/#article\",\"isPartOf\":{\"@id\":\"https:\\\/\\\/www.laguiadepamplona.com\\\/actualidad\\\/la-san-silvestre-provocara-desvios-y-modificaciones-en-el-trafico-este-lunes-en-el-centro-de-la-ciudad-ensanche-y-san-juan-desde-las-3-de-la-tarde\\\/\"},\"author\":{\"name\":\"La Gu\u00eda de Pamplona\",\"@id\":\"https:\\\/\\\/www.laguiadepamplona.com\\\/actualidad\\\/#\\\/schema\\\/person\\\/efe887376f0213d4657c93adc50b1fdb\"},\"headline\":\"La San Silvestre provocar\u00e1 desv\u00edos y modificaciones en el tr\u00e1fico este lunes en el centro de la ciudad, Ensanche y San Juan desde las 3 de la tarde\",\"datePublished\":\"2018-12-28T15:47:12+00:00\",\"mainEntityOfPage\":{\"@id\":\"https:\\\/\\\/www.laguiadepamplona.com\\\/actualidad\\\/la-san-silvestre-provocara-desvios-y-modificaciones-en-el-trafico-este-lunes-en-el-centro-de-la-ciudad-ensanche-y-san-juan-desde-las-3-de-la-tarde\\\/\"},\"wordCount\":473,\"commentCount\":0,\"publisher\":{\"@id\":\"https:\\\/\\\/www.laguiadepamplona.com\\\/actualidad\\\/#organization\"},\"image\":{\"@id\":\"https:\\\/\\\/www.laguiadepamplona.com\\\/actualidad\\\/la-san-silvestre-provocara-desvios-y-modificaciones-en-el-trafico-este-lunes-en-el-centro-de-la-ciudad-ensanche-y-san-juan-desde-las-3-de-la-tarde\\\/#primaryimage\"},\"thumbnailUrl\":\"https:\\\/\\\/www.laguiadepamplona.com\\\/actualidad\\\/wp-content\\\/uploads\\\/2018\\\/12\\\/San-Silvestre_2015.jpg\",\"articleSection\":[\"Ayto Pamplona\"],\"inLanguage\":\"es\",\"potentialAction\":[{\"@type\":\"CommentAction\",\"name\":\"Comment\",\"target\":[\"https:\\\/\\\/www.laguiadepamplona.com\\\/actualidad\\\/la-san-silvestre-provocara-desvios-y-modificaciones-en-el-trafico-este-lunes-en-el-centro-de-la-ciudad-ensanche-y-san-juan-desde-las-3-de-la-tarde\\\/#respond\"]}]},{\"@type\":\"WebPage\",\"@id\":\"https:\\\/\\\/www.laguiadepamplona.com\\\/actualidad\\\/la-san-silvestre-provocara-desvios-y-modificaciones-en-el-trafico-este-lunes-en-el-centro-de-la-ciudad-ensanche-y-san-juan-desde-las-3-de-la-tarde\\\/\",\"url\":\"https:\\\/\\\/www.laguiadepamplona.com\\\/actualidad\\\/la-san-silvestre-provocara-desvios-y-modificaciones-en-el-trafico-este-lunes-en-el-centro-de-la-ciudad-ensanche-y-san-juan-desde-las-3-de-la-tarde\\\/\",\"name\":\"La San Silvestre provocar\u00e1 desv\u00edos y modificaciones en el tr\u00e1fico este lunes en el centro de la ciudad, Ensanche y San Juan desde las 3 de la tarde\",\"isPartOf\":{\"@id\":\"https:\\\/\\\/www.laguiadepamplona.com\\\/actualidad\\\/#website\"},\"primaryImageOfPage\":{\"@id\":\"https:\\\/\\\/www.laguiadepamplona.com\\\/actualidad\\\/la-san-silvestre-provocara-desvios-y-modificaciones-en-el-trafico-este-lunes-en-el-centro-de-la-ciudad-ensanche-y-san-juan-desde-las-3-de-la-tarde\\\/#primaryimage\"},\"image\":{\"@id\":\"https:\\\/\\\/www.laguiadepamplona.com\\\/actualidad\\\/la-san-silvestre-provocara-desvios-y-modificaciones-en-el-trafico-este-lunes-en-el-centro-de-la-ciudad-ensanche-y-san-juan-desde-las-3-de-la-tarde\\\/#primaryimage\"},\"thumbnailUrl\":\"https:\\\/\\\/www.laguiadepamplona.com\\\/actualidad\\\/wp-content\\\/uploads\\\/2018\\\/12\\\/San-Silvestre_2015.jpg\",\"datePublished\":\"2018-12-28T15:47:12+00:00\",\"breadcrumb\":{\"@id\":\"https:\\\/\\\/www.laguiadepamplona.com\\\/actualidad\\\/la-san-silvestre-provocara-desvios-y-modificaciones-en-el-trafico-este-lunes-en-el-centro-de-la-ciudad-ensanche-y-san-juan-desde-las-3-de-la-tarde\\\/#breadcrumb\"},\"inLanguage\":\"es\",\"potentialAction\":[{\"@type\":\"ReadAction\",\"target\":[\"https:\\\/\\\/www.laguiadepamplona.com\\\/actualidad\\\/la-san-silvestre-provocara-desvios-y-modificaciones-en-el-trafico-este-lunes-en-el-centro-de-la-ciudad-ensanche-y-san-juan-desde-las-3-de-la-tarde\\\/\"]}]},{\"@type\":\"ImageObject\",\"inLanguage\":\"es\",\"@id\":\"https:\\\/\\\/www.laguiadepamplona.com\\\/actualidad\\\/la-san-silvestre-provocara-desvios-y-modificaciones-en-el-trafico-este-lunes-en-el-centro-de-la-ciudad-ensanche-y-san-juan-desde-las-3-de-la-tarde\\\/#primaryimage\",\"url\":\"https:\\\/\\\/www.laguiadepamplona.com\\\/actualidad\\\/wp-content\\\/uploads\\\/2018\\\/12\\\/San-Silvestre_2015.jpg\",\"contentUrl\":\"https:\\\/\\\/www.laguiadepamplona.com\\\/actualidad\\\/wp-content\\\/uploads\\\/2018\\\/12\\\/San-Silvestre_2015.jpg\",\"width\":2000,\"height\":1333},{\"@type\":\"BreadcrumbList\",\"@id\":\"https:\\\/\\\/www.laguiadepamplona.com\\\/actualidad\\\/la-san-silvestre-provocara-desvios-y-modificaciones-en-el-trafico-este-lunes-en-el-centro-de-la-ciudad-ensanche-y-san-juan-desde-las-3-de-la-tarde\\\/#breadcrumb\",\"itemListElement\":[{\"@type\":\"ListItem\",\"position\":1,\"name\":\"Portada\",\"item\":\"https:\\\/\\\/www.laguiadepamplona.com\\\/actualidad\\\/\"},{\"@type\":\"ListItem\",\"position\":2,\"name\":\"La San Silvestre provocar\u00e1 desv\u00edos y modificaciones en el tr\u00e1fico este lunes en el centro de la ciudad, Ensanche y San Juan desde las 3 de la tarde\"}]},{\"@type\":\"WebSite\",\"@id\":\"https:\\\/\\\/www.laguiadepamplona.com\\\/actualidad\\\/#website\",\"url\":\"https:\\\/\\\/www.laguiadepamplona.com\\\/actualidad\\\/\",\"name\":\"La gu\u00eda de Pamplona\",\"description\":\"Noticias de Pamplona\",\"publisher\":{\"@id\":\"https:\\\/\\\/www.laguiadepamplona.com\\\/actualidad\\\/#organization\"},\"potentialAction\":[{\"@type\":\"SearchAction\",\"target\":{\"@type\":\"EntryPoint\",\"urlTemplate\":\"https:\\\/\\\/www.laguiadepamplona.com\\\/actualidad\\\/?s={search_term_string}\"},\"query-input\":{\"@type\":\"PropertyValueSpecification\",\"valueRequired\":true,\"valueName\":\"search_term_string\"}}],\"inLanguage\":\"es\"},{\"@type\":\"Organization\",\"@id\":\"https:\\\/\\\/www.laguiadepamplona.com\\\/actualidad\\\/#organization\",\"name\":\"La Gu\u00eda de Pamplona \\\/ Noticias\",\"url\":\"https:\\\/\\\/www.laguiadepamplona.com\\\/actualidad\\\/\",\"logo\":{\"@type\":\"ImageObject\",\"inLanguage\":\"es\",\"@id\":\"https:\\\/\\\/www.laguiadepamplona.com\\\/actualidad\\\/#\\\/schema\\\/logo\\\/image\\\/\",\"url\":\"https:\\\/\\\/www.laguiadepamplona.com\\\/actualidad\\\/wp-content\\\/uploads\\\/2018\\\/11\\\/logo-laguiadepamplona18-web1.png\",\"contentUrl\":\"https:\\\/\\\/www.laguiadepamplona.com\\\/actualidad\\\/wp-content\\\/uploads\\\/2018\\\/11\\\/logo-laguiadepamplona18-web1.png\",\"width\":600,\"height\":196,\"caption\":\"La Gu\u00eda de Pamplona \\\/ Noticias\"},\"image\":{\"@id\":\"https:\\\/\\\/www.laguiadepamplona.com\\\/actualidad\\\/#\\\/schema\\\/logo\\\/image\\\/\"},\"sameAs\":[\"https:\\\/\\\/www.facebook.com\\\/laguiadepamplonacom-133175176762273\\\/?ref=hl\",\"https:\\\/\\\/x.com\\\/LaGuiadPamplona\",\"https:\\\/\\\/www.instagram.com\\\/la_guia_de_pamplona\\\/\",\"https:\\\/\\\/www.youtube.com\\\/user\\\/laguiadepamplona\"]},{\"@type\":\"Person\",\"@id\":\"https:\\\/\\\/www.laguiadepamplona.com\\\/actualidad\\\/#\\\/schema\\\/person\\\/efe887376f0213d4657c93adc50b1fdb\",\"name\":\"La Gu\u00eda de Pamplona\",\"image\":{\"@type\":\"ImageObject\",\"inLanguage\":\"es\",\"@id\":\"https:\\\/\\\/secure.gravatar.com\\\/avatar\\\/b6992f131dc8d30ab0dff15446e9d346d9dbd95992de0fef795073f5ea83a81c?s=96&d=mm&r=g\",\"url\":\"https:\\\/\\\/secure.gravatar.com\\\/avatar\\\/b6992f131dc8d30ab0dff15446e9d346d9dbd95992de0fef795073f5ea83a81c?s=96&d=mm&r=g\",\"contentUrl\":\"https:\\\/\\\/secure.gravatar.com\\\/avatar\\\/b6992f131dc8d30ab0dff15446e9d346d9dbd95992de0fef795073f5ea83a81c?s=96&d=mm&r=g\",\"caption\":\"La Gu\u00eda de Pamplona\"}}]}<\/script>\n<!-- \/ Yoast SEO plugin. -->","yoast_head_json":{"title":"La San Silvestre provocar\u00e1 desv\u00edos y modificaciones en el tr\u00e1fico este lunes en el centro de la ciudad, Ensanche y San Juan desde las 3 de la tarde","robots":{"index":"index","follow":"follow","max-snippet":"max-snippet:-1","max-image-preview":"max-image-preview:large","max-video-preview":"max-video-preview:-1"},"canonical":"https:\/\/www.laguiadepamplona.com\/actualidad\/la-san-silvestre-provocara-desvios-y-modificaciones-en-el-trafico-este-lunes-en-el-centro-de-la-ciudad-ensanche-y-san-juan-desde-las-3-de-la-tarde\/","og_locale":"es_ES","og_type":"article","og_title":"La San Silvestre provocar\u00e1 desv\u00edos y modificaciones en el tr\u00e1fico este lunes en el centro de la ciudad, Ensanche y San Juan desde las 3 de la tarde","og_url":"https:\/\/www.laguiadepamplona.com\/actualidad\/la-san-silvestre-provocara-desvios-y-modificaciones-en-el-trafico-este-lunes-en-el-centro-de-la-ciudad-ensanche-y-san-juan-desde-las-3-de-la-tarde\/","og_site_name":"La Gu\u00eda de Pamplona","article_publisher":"https:\/\/www.facebook.com\/laguiadepamplonacom-133175176762273\/?ref=hl","article_published_time":"2018-12-28T15:47:12+00:00","og_image":[{"width":2000,"height":1333,"url":"https:\/\/www.laguiadepamplona.com\/actualidad\/wp-content\/uploads\/2018\/12\/San-Silvestre_2015.jpg","type":"image\/jpeg"}],"author":"La Gu\u00eda de Pamplona","twitter_card":"summary_large_image","twitter_creator":"@LaGuiadPamplona","twitter_site":"@LaGuiadPamplona","twitter_misc":{"Escrito por":"La Gu\u00eda de Pamplona","Tiempo de lectura":"2 minutos"},"schema":{"@context":"https:\/\/schema.org","@graph":[{"@type":"Article","@id":"https:\/\/www.laguiadepamplona.com\/actualidad\/la-san-silvestre-provocara-desvios-y-modificaciones-en-el-trafico-este-lunes-en-el-centro-de-la-ciudad-ensanche-y-san-juan-desde-las-3-de-la-tarde\/#article","isPartOf":{"@id":"https:\/\/www.laguiadepamplona.com\/actualidad\/la-san-silvestre-provocara-desvios-y-modificaciones-en-el-trafico-este-lunes-en-el-centro-de-la-ciudad-ensanche-y-san-juan-desde-las-3-de-la-tarde\/"},"author":{"name":"La Gu\u00eda de Pamplona","@id":"https:\/\/www.laguiadepamplona.com\/actualidad\/#\/schema\/person\/efe887376f0213d4657c93adc50b1fdb"},"headline":"La San Silvestre provocar\u00e1 desv\u00edos y modificaciones en el tr\u00e1fico este lunes en el centro de la ciudad, Ensanche y San Juan desde las 3 de la tarde","datePublished":"2018-12-28T15:47:12+00:00","mainEntityOfPage":{"@id":"https:\/\/www.laguiadepamplona.com\/actualidad\/la-san-silvestre-provocara-desvios-y-modificaciones-en-el-trafico-este-lunes-en-el-centro-de-la-ciudad-ensanche-y-san-juan-desde-las-3-de-la-tarde\/"},"wordCount":473,"commentCount":0,"publisher":{"@id":"https:\/\/www.laguiadepamplona.com\/actualidad\/#organization"},"image":{"@id":"https:\/\/www.laguiadepamplona.com\/actualidad\/la-san-silvestre-provocara-desvios-y-modificaciones-en-el-trafico-este-lunes-en-el-centro-de-la-ciudad-ensanche-y-san-juan-desde-las-3-de-la-tarde\/#primaryimage"},"thumbnailUrl":"https:\/\/www.laguiadepamplona.com\/actualidad\/wp-content\/uploads\/2018\/12\/San-Silvestre_2015.jpg","articleSection":["Ayto Pamplona"],"inLanguage":"es","potentialAction":[{"@type":"CommentAction","name":"Comment","target":["https:\/\/www.laguiadepamplona.com\/actualidad\/la-san-silvestre-provocara-desvios-y-modificaciones-en-el-trafico-este-lunes-en-el-centro-de-la-ciudad-ensanche-y-san-juan-desde-las-3-de-la-tarde\/#respond"]}]},{"@type":"WebPage","@id":"https:\/\/www.laguiadepamplona.com\/actualidad\/la-san-silvestre-provocara-desvios-y-modificaciones-en-el-trafico-este-lunes-en-el-centro-de-la-ciudad-ensanche-y-san-juan-desde-las-3-de-la-tarde\/","url":"https:\/\/www.laguiadepamplona.com\/actualidad\/la-san-silvestre-provocara-desvios-y-modificaciones-en-el-trafico-este-lunes-en-el-centro-de-la-ciudad-ensanche-y-san-juan-desde-las-3-de-la-tarde\/","name":"La San Silvestre provocar\u00e1 desv\u00edos y modificaciones en el tr\u00e1fico este lunes en el centro de la ciudad, Ensanche y San Juan desde las 3 de la tarde","isPartOf":{"@id":"https:\/\/www.laguiadepamplona.com\/actualidad\/#website"},"primaryImageOfPage":{"@id":"https:\/\/www.laguiadepamplona.com\/actualidad\/la-san-silvestre-provocara-desvios-y-modificaciones-en-el-trafico-este-lunes-en-el-centro-de-la-ciudad-ensanche-y-san-juan-desde-las-3-de-la-tarde\/#primaryimage"},"image":{"@id":"https:\/\/www.laguiadepamplona.com\/actualidad\/la-san-silvestre-provocara-desvios-y-modificaciones-en-el-trafico-este-lunes-en-el-centro-de-la-ciudad-ensanche-y-san-juan-desde-las-3-de-la-tarde\/#primaryimage"},"thumbnailUrl":"https:\/\/www.laguiadepamplona.com\/actualidad\/wp-content\/uploads\/2018\/12\/San-Silvestre_2015.jpg","datePublished":"2018-12-28T15:47:12+00:00","breadcrumb":{"@id":"https:\/\/www.laguiadepamplona.com\/actualidad\/la-san-silvestre-provocara-desvios-y-modificaciones-en-el-trafico-este-lunes-en-el-centro-de-la-ciudad-ensanche-y-san-juan-desde-las-3-de-la-tarde\/#breadcrumb"},"inLanguage":"es","potentialAction":[{"@type":"ReadAction","target":["https:\/\/www.laguiadepamplona.com\/actualidad\/la-san-silvestre-provocara-desvios-y-modificaciones-en-el-trafico-este-lunes-en-el-centro-de-la-ciudad-ensanche-y-san-juan-desde-las-3-de-la-tarde\/"]}]},{"@type":"ImageObject","inLanguage":"es","@id":"https:\/\/www.laguiadepamplona.com\/actualidad\/la-san-silvestre-provocara-desvios-y-modificaciones-en-el-trafico-este-lunes-en-el-centro-de-la-ciudad-ensanche-y-san-juan-desde-las-3-de-la-tarde\/#primaryimage","url":"https:\/\/www.laguiadepamplona.com\/actualidad\/wp-content\/uploads\/2018\/12\/San-Silvestre_2015.jpg","contentUrl":"https:\/\/www.laguiadepamplona.com\/actualidad\/wp-content\/uploads\/2018\/12\/San-Silvestre_2015.jpg","width":2000,"height":1333},{"@type":"BreadcrumbList","@id":"https:\/\/www.laguiadepamplona.com\/actualidad\/la-san-silvestre-provocara-desvios-y-modificaciones-en-el-trafico-este-lunes-en-el-centro-de-la-ciudad-ensanche-y-san-juan-desde-las-3-de-la-tarde\/#breadcrumb","itemListElement":[{"@type":"ListItem","position":1,"name":"Portada","item":"https:\/\/www.laguiadepamplona.com\/actualidad\/"},{"@type":"ListItem","position":2,"name":"La San Silvestre provocar\u00e1 desv\u00edos y modificaciones en el tr\u00e1fico este lunes en el centro de la ciudad, Ensanche y San Juan desde las 3 de la tarde"}]},{"@type":"WebSite","@id":"https:\/\/www.laguiadepamplona.com\/actualidad\/#website","url":"https:\/\/www.laguiadepamplona.com\/actualidad\/","name":"La gu\u00eda de Pamplona","description":"Noticias de Pamplona","publisher":{"@id":"https:\/\/www.laguiadepamplona.com\/actualidad\/#organization"},"potentialAction":[{"@type":"SearchAction","target":{"@type":"EntryPoint","urlTemplate":"https:\/\/www.laguiadepamplona.com\/actualidad\/?s={search_term_string}"},"query-input":{"@type":"PropertyValueSpecification","valueRequired":true,"valueName":"search_term_string"}}],"inLanguage":"es"},{"@type":"Organization","@id":"https:\/\/www.laguiadepamplona.com\/actualidad\/#organization","name":"La Gu\u00eda de Pamplona \/ Noticias","url":"https:\/\/www.laguiadepamplona.com\/actualidad\/","logo":{"@type":"ImageObject","inLanguage":"es","@id":"https:\/\/www.laguiadepamplona.com\/actualidad\/#\/schema\/logo\/image\/","url":"https:\/\/www.laguiadepamplona.com\/actualidad\/wp-content\/uploads\/2018\/11\/logo-laguiadepamplona18-web1.png","contentUrl":"https:\/\/www.laguiadepamplona.com\/actualidad\/wp-content\/uploads\/2018\/11\/logo-laguiadepamplona18-web1.png","width":600,"height":196,"caption":"La Gu\u00eda de Pamplona \/ Noticias"},"image":{"@id":"https:\/\/www.laguiadepamplona.com\/actualidad\/#\/schema\/logo\/image\/"},"sameAs":["https:\/\/www.facebook.com\/laguiadepamplonacom-133175176762273\/?ref=hl","https:\/\/x.com\/LaGuiadPamplona","https:\/\/www.instagram.com\/la_guia_de_pamplona\/","https:\/\/www.youtube.com\/user\/laguiadepamplona"]},{"@type":"Person","@id":"https:\/\/www.laguiadepamplona.com\/actualidad\/#\/schema\/person\/efe887376f0213d4657c93adc50b1fdb","name":"La Gu\u00eda de Pamplona","image":{"@type":"ImageObject","inLanguage":"es","@id":"https:\/\/secure.gravatar.com\/avatar\/b6992f131dc8d30ab0dff15446e9d346d9dbd95992de0fef795073f5ea83a81c?s=96&d=mm&r=g","url":"https:\/\/secure.gravatar.com\/avatar\/b6992f131dc8d30ab0dff15446e9d346d9dbd95992de0fef795073f5ea83a81c?s=96&d=mm&r=g","contentUrl":"https:\/\/secure.gravatar.com\/avatar\/b6992f131dc8d30ab0dff15446e9d346d9dbd95992de0fef795073f5ea83a81c?s=96&d=mm&r=g","caption":"La Gu\u00eda de Pamplona"}}]}},"post_mailing_queue_ids":[],"_links":{"self":[{"href":"https:\/\/www.laguiadepamplona.com\/actualidad\/wp-json\/wp\/v2\/posts\/19940","targetHints":{"allow":["GET"]}}],"collection":[{"href":"https:\/\/www.laguiadepamplona.com\/actualidad\/wp-json\/wp\/v2\/posts"}],"about":[{"href":"https:\/\/www.laguiadepamplona.com\/actualidad\/wp-json\/wp\/v2\/types\/post"}],"author":[{"embeddable":true,"href":"https:\/\/www.laguiadepamplona.com\/actualidad\/wp-json\/wp\/v2\/users\/1"}],"replies":[{"embeddable":true,"href":"https:\/\/www.laguiadepamplona.com\/actualidad\/wp-json\/wp\/v2\/comments?post=19940"}],"version-history":[{"count":0,"href":"https:\/\/www.laguiadepamplona.com\/actualidad\/wp-json\/wp\/v2\/posts\/19940\/revisions"}],"wp:featuredmedia":[{"embeddable":true,"href":"https:\/\/www.laguiadepamplona.com\/actualidad\/wp-json\/wp\/v2\/media\/19941"}],"wp:attachment":[{"href":"https:\/\/www.laguiadepamplona.com\/actualidad\/wp-json\/wp\/v2\/media?parent=19940"}],"wp:term":[{"taxonomy":"category","embeddable":true,"href":"https:\/\/www.laguiadepamplona.com\/actualidad\/wp-json\/wp\/v2\/categories?post=19940"},{"taxonomy":"post_tag","embeddable":true,"href":"https:\/\/www.laguiadepamplona.com\/actualidad\/wp-json\/wp\/v2\/tags?post=19940"}],"curies":[{"name":"wp","href":"https:\/\/api.w.org\/{rel}","templated":true}]}}