{"id":19936,"date":"2018-12-27T13:06:10","date_gmt":"2018-12-27T11:06:10","guid":{"rendered":"https:\/\/www.laguiadepamplona.es\/actualidad\/?p=19936"},"modified":"2018-12-27T13:06:10","modified_gmt":"2018-12-27T11:06:10","slug":"el-ayuntamiento-de-pamplona-actualiza-las-tarifas-de-ocho-aparcamientos-subterraneos-de-concesion-publica-segun-el-ipc-interanual","status":"publish","type":"post","link":"https:\/\/www.laguiadepamplona.com\/actualidad\/el-ayuntamiento-de-pamplona-actualiza-las-tarifas-de-ocho-aparcamientos-subterraneos-de-concesion-publica-segun-el-ipc-interanual\/","title":{"rendered":"El Ayuntamiento de Pamplona actualiza las tarifas de ocho aparcamientos subterr\u00e1neos de concesi\u00f3n p\u00fablica seg\u00fan el IPC interanual"},"content":{"rendered":"<p><!--more--><\/p>\n<h3>Las nuevas tarifas estar\u00e1n vigentes a partir del 1 de enero del a\u00f1o pr\u00f3ximo<\/h3>\n<p>La Junta de Gobierno Local ha aprobado las tarifas y c\u00e1nones m\u00e1ximos para el a\u00f1o que viene de los ocho aparcamientos subterr\u00e1neos p\u00fablicos de concesi\u00f3n administrativa municipal de la ciudad. El Ayuntamiento de Pamplona actualiza esos precios seg\u00fan el IPC interanual medido, en esta ocasi\u00f3n, de octubre de 2017 a octubre de 2018 (un 2,5% seg\u00fan ha establecido el Instituto Nacional de Estad\u00edstica).<\/p>\n<p>Estos nuevos precios estar\u00e1n vigentes a partir del 1 de enero de 2019. Los ocho aparcamientos p\u00fablicos regulados por esta actualizaci\u00f3n de tarifas son los de la Plaza del Castillo (gestionado por Saba Aparcamientos S.A.), Plaza de Toros (ACVIL y Aparcamientos S.L.), Audiencia (Aparcamiento San Roque S.L.), Carlos III (Gesti\u00f3n y Aparcamientos Pamplona S.A.), Rinc\u00f3n de la Aduana (Parkings de Pamplona UTE), Blanca de Navarra y Zona Hospitalaria (gestionados ambos por Empark Aparcamientos y Servicios S.A.) y Estaci\u00f3n de Autobuses de Pamplona (UTE Estaci\u00f3n de Autobuses de Pamplona).<\/p>\n<p>Los criterios establecidos para la actualizaci\u00f3n de las tarifas de los aparcamientos de rotaci\u00f3n de concesi\u00f3n municipal son de obligado cumplimiento para el Ayuntamiento y vienen recogidos en los correspondientes pliegos reguladores de las concesiones. Esos criterios son los siguientes: las empresas concesionarias que deseen revisar las tarifas deben aplicar el IPC al resultado de la anterior actualizaci\u00f3n antes de efectuar el redondeo que autoriza el pliego para as\u00ed evitar los efectos acumulados de los redondeos; las nuevas propuestas de tarifas de presentan desglos\u00e1ndose por un lado la base imponible de cada concepto y por otro la tarifa una vez aplicado el IVA; por \u00faltimo, el Ayuntamiento corrobora la correcci\u00f3n de los c\u00e1lculos y, en su caso, aprueba las tarifas aplicables durante el pr\u00f3ximo a\u00f1o.<\/p>\n<p><strong>Tarifas m\u00e1ximas de los aparcamientos p\u00fablicos de concesi\u00f3n administrativa 2019<\/strong><\/p>\n<ul>\n<li><strong>Plaza del Castillo<\/strong><\/li>\n<\/ul>\n<p>&nbsp;<\/p>\n<table width=\"521\">\n<tbody>\n<tr>\n<td width=\"243\"><strong>Modalidad Rotacional<\/strong><\/td>\n<td width=\"139\"><strong>Base imponible 2019<\/strong><\/td>\n<td width=\"139\"><strong>Importe Total (IVA)<\/strong><\/td>\n<\/tr>\n<tr>\n<td width=\"243\">De 0 a 15 minutos<\/td>\n<td width=\"139\">\u00a0\u00a0\u00a0\u00a0\u00a0\u00a0\u00a0\u00a0\u00a0\u00a0\u00a0 0,0434 \u20ac<\/td>\n<td width=\"139\">\u00a0\u00a0\u00a0\u00a0\u00a0\u00a0\u00a0\u00a0\u00a0\u00a0\u00a0\u00a0 0,0526 \u20ac<\/td>\n<\/tr>\n<tr>\n<td width=\"243\">De 16 a 60 minutos<\/td>\n<td width=\"139\">\u00a0\u00a0\u00a0\u00a0\u00a0\u00a0\u00a0\u00a0\u00a0\u00a0\u00a0 0,0326 \u20ac<\/td>\n<td width=\"139\">\u00a0\u00a0\u00a0\u00a0\u00a0\u00a0\u00a0\u00a0\u00a0\u00a0\u00a0\u00a0 0,0394 \u20ac<\/td>\n<\/tr>\n<tr>\n<td width=\"243\">De 61 a 120 minutos<\/td>\n<td width=\"139\">\u00a0\u00a0\u00a0\u00a0\u00a0\u00a0\u00a0\u00a0\u00a0\u00a0\u00a0 0,0261 \u20ac<\/td>\n<td width=\"139\">\u00a0\u00a0\u00a0\u00a0\u00a0\u00a0\u00a0\u00a0\u00a0\u00a0\u00a0\u00a0 0,0315 \u20ac<\/td>\n<\/tr>\n<tr>\n<td width=\"243\">De 121 a 1.440 minutos<\/td>\n<td width=\"139\">\u00a0\u00a0\u00a0\u00a0\u00a0\u00a0\u00a0\u00a0\u00a0\u00a0\u00a0 0,0217 \u20ac<\/td>\n<td width=\"139\">\u00a0\u00a0\u00a0\u00a0\u00a0\u00a0\u00a0\u00a0\u00a0\u00a0\u00a0\u00a0 0,0263 \u20ac<\/td>\n<\/tr>\n<tr>\n<td width=\"243\">M\u00e1ximo diario (salvo del 6 al 15 de julio)<\/td>\n<td width=\"139\">\u00a0\u00a0\u00a0\u00a0\u00a0\u00a0\u00a0\u00a0\u00a0 13,0360 \u20ac<\/td>\n<td width=\"139\">\u00a0\u00a0\u00a0\u00a0\u00a0\u00a0\u00a0\u00a0\u00a0\u00a0 15,7736 \u20ac<\/td>\n<\/tr>\n<tr>\n<td width=\"243\">M\u00e1ximo diario (del 6 al 15 de julio)<\/td>\n<td width=\"139\">\u00a0 \u00a0\u00a0\u00a0\u00a0\u00a0\u00a0\u00a0\u00a032,2788 \u20ac<\/td>\n<td width=\"139\">\u00a0\u00a0\u00a0\u00a0\u00a0\u00a0\u00a0\u00a0\u00a0\u00a0 39,0573 \u20ac<\/td>\n<\/tr>\n<tr>\n<td width=\"243\">Alquiler mensual diurno<\/td>\n<td width=\"139\">\u00a0\u00a0\u00a0\u00a0\u00a0\u00a0\u00a0 111,1749 \u20ac<\/td>\n<td width=\"139\">\u00a0\u00a0\u00a0\u00a0\u00a0\u00a0\u00a0 134,5216 \u20ac<\/td>\n<\/tr>\n<tr>\n<td width=\"243\">Alquiler mensual nocturno<\/td>\n<td width=\"139\">\u00a0\u00a0\u00a0\u00a0\u00a0\u00a0\u00a0\u00a0\u00a0 77,8234 \u20ac<\/td>\n<td width=\"139\">\u00a0\u00a0\u00a0\u00a0\u00a0\u00a0\u00a0\u00a0\u00a0\u00a0 94,1663 \u20ac<\/td>\n<\/tr>\n<tr>\n<td width=\"243\">Alquiler mensual 24 horas<\/td>\n<td width=\"139\">\u00a0\u00a0\u00a0\u00a0\u00a0\u00a0\u00a0 133,4156 \u20ac<\/td>\n<td width=\"139\">\u00a0\u00a0\u00a0\u00a0\u00a0\u00a0\u00a0 161,4329 \u20ac<\/td>\n<\/tr>\n<tr>\n<td width=\"243\">Alquiler semanal 24 horas<\/td>\n<td width=\"139\">\u00a0\u00a0\u00a0\u00a0\u00a0\u00a0\u00a0\u00a0\u00a0 40,0180 \u20ac<\/td>\n<td width=\"139\">\u00a0\u00a0\u00a0\u00a0\u00a0\u00a0\u00a0\u00a0\u00a0\u00a0 48,4218 \u20ac<\/td>\n<\/tr>\n<tr>\n<td width=\"243\">Abono nocturno residentes<\/td>\n<td width=\"139\">\u00a0\u00a0\u00a0\u00a0\u00a0\u00a0\u00a0\u00a0\u00a0\u00a0\u00a0 6,7697 \u20ac<\/td>\n<td width=\"139\">\u00a0\u00a0\u00a0\u00a0\u00a0\u00a0\u00a0\u00a0\u00a0\u00a0\u00a0\u00a0 8,1913 \u20ac<\/td>\n<\/tr>\n<tr>\n<td width=\"243\">Abono mensual nocturno residentes<\/td>\n<td width=\"139\">\u00a0\u00a0\u00a0\u00a0\u00a0\u00a0\u00a0\u00a0\u00a0 33,7031 \u20ac<\/td>\n<td width=\"139\">\u00a0\u00a0\u00a0\u00a0\u00a0\u00a0\u00a0\u00a0\u00a0\u00a0 40,7807 \u20ac<\/td>\n<\/tr>\n<tr>\n<td width=\"243\">&nbsp;<\/td>\n<td width=\"139\">&nbsp;<\/td>\n<td width=\"139\">&nbsp;<\/td>\n<\/tr>\n<tr>\n<td width=\"243\">Canon anual<\/td>\n<td width=\"139\">48.420,11 \u20ac<\/td>\n<td width=\"139\">&nbsp;<\/td>\n<\/tr>\n<\/tbody>\n<\/table>\n<p>&nbsp;<\/p>\n<ul>\n<li><strong>Plaza de Toros<\/strong><\/li>\n<\/ul>\n<p>&nbsp;<\/p>\n<table width=\"521\">\n<tbody>\n<tr>\n<td width=\"243\"><strong>Modalidad Rotacional<\/strong><\/td>\n<td width=\"139\"><strong>Base imponible 2019<\/strong><\/td>\n<td width=\"139\"><strong>Importe Total (IVA)<\/strong><\/td>\n<\/tr>\n<tr>\n<td width=\"243\">Tarifa horaria (T)<\/td>\n<td width=\"139\">0,9194 \u20ac<\/td>\n<td width=\"139\">1,1125 \u20ac<\/td>\n<\/tr>\n<tr>\n<td width=\"243\">M\u00e1ximo diario por diez horas o m\u00e1s<\/td>\n<td width=\"139\">9,4148 \u20ac<\/td>\n<td width=\"139\">11,3919 \u20ac<\/td>\n<\/tr>\n<tr>\n<td width=\"243\">Alquiler anual diurno<\/td>\n<td width=\"139\">1.286,0000 \u20ac<\/td>\n<td width=\"139\">1.556,9400 \u20ac<\/td>\n<\/tr>\n<tr>\n<td width=\"243\">Alquiler anual nocturno<\/td>\n<td width=\"139\">759,9965 \u20ac<\/td>\n<td width=\"139\">919,5958 \u20ac<\/td>\n<\/tr>\n<tr>\n<td width=\"243\">Abono semanal<\/td>\n<td width=\"139\">43,8803 \u20ac<\/td>\n<td width=\"139\">53,0951 \u20ac<\/td>\n<\/tr>\n<tr>\n<td width=\"243\">Abono mensual<\/td>\n<td width=\"139\">159,4900 \u20ac<\/td>\n<td width=\"139\">192,9829 \u20ac<\/td>\n<\/tr>\n<tr>\n<td width=\"243\">&nbsp;<\/td>\n<td width=\"139\">&nbsp;<\/td>\n<td width=\"139\">&nbsp;<\/td>\n<\/tr>\n<tr>\n<td width=\"243\">Canon anual<\/td>\n<td width=\"139\">30.927,66 \u20ac<\/td>\n<td width=\"139\">&nbsp;<\/td>\n<\/tr>\n<\/tbody>\n<\/table>\n<p>&nbsp;<\/p>\n<ul>\n<li><strong>Audiencia<\/strong><\/li>\n<\/ul>\n<p><strong>\u00a0<\/strong><\/p>\n<table width=\"521\">\n<tbody>\n<tr>\n<td width=\"243\"><strong>Modalidad Rotacional<\/strong><\/td>\n<td width=\"139\"><strong>Base Imponible 2019<\/strong><\/td>\n<td width=\"139\"><strong>Importe Total (IVA)<\/strong><\/td>\n<\/tr>\n<tr>\n<td width=\"243\">M\u00ednimo<\/td>\n<td width=\"139\">0,0515 \u20ac<\/td>\n<td width=\"139\">0,0623 \u20ac<\/td>\n<\/tr>\n<tr>\n<td width=\"243\">De 0 a 15 minutos<\/td>\n<td width=\"139\">0,0409 \u20ac<\/td>\n<td width=\"139\">0,0495 \u20ac<\/td>\n<\/tr>\n<tr>\n<td width=\"243\">De 16 a 120 minutos<\/td>\n<td width=\"139\">0,0322 \u20ac<\/td>\n<td width=\"139\">0,0389 \u20ac<\/td>\n<\/tr>\n<tr>\n<td width=\"243\">De 121 a 240 minutos<\/td>\n<td width=\"139\">0,0286 \u20ac<\/td>\n<td width=\"139\">0,0347 \u20ac<\/td>\n<\/tr>\n<tr>\n<td width=\"243\">De 241 a 600 minutos<\/td>\n<td width=\"139\">0,0144 \u20ac<\/td>\n<td width=\"139\">0,0174 \u20ac<\/td>\n<\/tr>\n<tr>\n<td width=\"243\">M\u00e1ximo diario (salvo 5 a 15 de julio)<\/td>\n<td width=\"139\">12,7391 \u20ac<\/td>\n<td width=\"139\">15,4143 \u20ac<\/td>\n<\/tr>\n<tr>\n<td width=\"243\">Tarifa nocturna residentes<\/td>\n<td width=\"139\">1,9369 \u20ac<\/td>\n<td width=\"139\">2,3437 \u20ac<\/td>\n<\/tr>\n<tr>\n<td width=\"243\">&nbsp;<\/td>\n<td width=\"139\">&nbsp;<\/td>\n<td width=\"139\">&nbsp;<\/td>\n<\/tr>\n<tr>\n<td width=\"243\">Canon anual por plaza<\/td>\n<td width=\"139\">43,9361 \u20ac<\/td>\n<td width=\"139\">&nbsp;<\/td>\n<\/tr>\n<\/tbody>\n<\/table>\n<p>&nbsp;<\/p>\n<ul>\n<li><strong>Carlos III<\/strong><\/li>\n<\/ul>\n<p><strong>\u00a0<\/strong><\/p>\n<table width=\"521\">\n<tbody>\n<tr>\n<td width=\"243\"><strong>Modalidad Rotacional<\/strong><\/td>\n<td width=\"139\"><strong>Base Imponible 2019<\/strong><\/td>\n<td width=\"139\"><strong>Importe Total (IVA)<\/strong><\/td>\n<\/tr>\n<tr>\n<td width=\"243\">M\u00ednimo<\/td>\n<td width=\"139\">0,1545 \u20ac<\/td>\n<td width=\"139\">0,1870 \u20ac<\/td>\n<\/tr>\n<tr>\n<td width=\"243\">De 0 a 15 minutos<\/td>\n<td width=\"139\">0,0327 \u20ac<\/td>\n<td width=\"139\">0,0396 \u20ac<\/td>\n<\/tr>\n<tr>\n<td width=\"243\">De 16 a 120 minutos<\/td>\n<td width=\"139\">0,0297 \u20ac<\/td>\n<td width=\"139\">0,0359 \u20ac<\/td>\n<\/tr>\n<tr>\n<td width=\"243\">De 121 a 240 minutos<\/td>\n<td width=\"139\">0,0205 \u20ac<\/td>\n<td width=\"139\">0,0248 \u20ac<\/td>\n<\/tr>\n<tr>\n<td width=\"243\">De 241 a 600 minutos<\/td>\n<td width=\"139\">0,0153 \u20ac<\/td>\n<td width=\"139\">0,0186 \u20ac<\/td>\n<\/tr>\n<tr>\n<td width=\"243\">M\u00e1ximo diario (salvo 5 a 15 de julio)<\/td>\n<td width=\"139\">10,2296 \u20ac<\/td>\n<td width=\"139\">12,3778 \u20ac<\/td>\n<\/tr>\n<tr>\n<td width=\"243\">Tarifa nocturna residentes<\/td>\n<td width=\"139\">2,2976 \u20ac<\/td>\n<td width=\"139\">2,7801 \u20ac<\/td>\n<\/tr>\n<tr>\n<td width=\"243\">&nbsp;<\/td>\n<td width=\"139\">&nbsp;<\/td>\n<td width=\"139\">&nbsp;<\/td>\n<\/tr>\n<tr>\n<td width=\"243\">Canon anual<\/td>\n<td width=\"139\">41.138,8076 \u20ac<\/td>\n<td width=\"139\">&nbsp;<\/td>\n<\/tr>\n<\/tbody>\n<\/table>\n<p>&nbsp;<\/p>\n<ul>\n<li><strong>Rinc\u00f3n de la Aduana<\/strong><\/li>\n<\/ul>\n<p><strong>\u00a0<\/strong><\/p>\n<table width=\"521\">\n<tbody>\n<tr>\n<td width=\"243\"><strong>Modalidad Rotacional<\/strong><\/td>\n<td width=\"139\"><strong>Base Imponible 2019<\/strong><\/td>\n<td width=\"139\"><strong>Importe Total (IVA)<\/strong><\/td>\n<\/tr>\n<tr>\n<td width=\"243\">M\u00ednimo<\/td>\n<td width=\"139\">0,2557 \u20ac<\/td>\n<td width=\"139\">0,3094 \u20ac<\/td>\n<\/tr>\n<tr>\n<td width=\"243\">De 0 a 60 minutos<\/td>\n<td width=\"139\">0,0322 \u20ac<\/td>\n<td width=\"139\">0,0389 \u20ac<\/td>\n<\/tr>\n<tr>\n<td width=\"243\">De 61 a 120 minutos<\/td>\n<td width=\"139\">0,0256 \u20ac<\/td>\n<td width=\"139\">0,0310 \u20ac<\/td>\n<\/tr>\n<tr>\n<td width=\"243\">De 121 a 600 minutos<\/td>\n<td width=\"139\">0,0205 \u20ac<\/td>\n<td width=\"139\">0,0248 \u20ac<\/td>\n<\/tr>\n<tr>\n<td width=\"243\">M\u00e1ximo diario (salvo 6 a 15 de julio)<\/td>\n<td width=\"139\">13,5054 \u20ac<\/td>\n<td width=\"139\">16,3415 \u20ac<\/td>\n<\/tr>\n<tr>\n<td width=\"243\">Alquiler anual diurno<\/td>\n<td width=\"139\">775,8923 \u20ac<\/td>\n<td width=\"139\">938,8297 \u20ac<\/td>\n<\/tr>\n<tr>\n<td width=\"243\">Alquiler anual nocturno<\/td>\n<td width=\"139\">560,8886 \u20ac<\/td>\n<td width=\"139\">678,6753 \u20ac<\/td>\n<\/tr>\n<tr>\n<td width=\"243\">Alquiler mensual<\/td>\n<td width=\"139\">98,1635 \u20ac<\/td>\n<td width=\"139\">118,7778 \u20ac<\/td>\n<\/tr>\n<tr>\n<td width=\"243\">&nbsp;<\/td>\n<td width=\"139\">&nbsp;<\/td>\n<td width=\"139\">&nbsp;<\/td>\n<\/tr>\n<tr>\n<td width=\"243\">Canon anual<\/td>\n<td width=\"139\">11.404,05 \u20ac<\/td>\n<td width=\"139\">&nbsp;<\/td>\n<\/tr>\n<\/tbody>\n<\/table>\n<p>&nbsp;<\/p>\n<ul>\n<li><strong>Blanca de Navarra<\/strong><\/li>\n<\/ul>\n<p><strong>\u00a0<\/strong><\/p>\n<table width=\"521\">\n<tbody>\n<tr>\n<td width=\"243\"><strong>Modalidad Rotacional<\/strong><\/td>\n<td width=\"139\"><strong>Base Imponible 2019<\/strong><\/td>\n<td width=\"139\"><strong>Importe Total (IVA)<\/strong><\/td>\n<\/tr>\n<tr>\n<td width=\"243\">De 0 a 15 minutos<\/td>\n<td width=\"139\">0,0441 \u20ac<\/td>\n<td width=\"139\">0,0533 \u20ac<\/td>\n<\/tr>\n<tr>\n<td width=\"243\">De 15 a 60 minutos<\/td>\n<td width=\"139\">0,0328 \u20ac<\/td>\n<td width=\"139\">0,0396 \u20ac<\/td>\n<\/tr>\n<tr>\n<td width=\"243\">De 60 a 120 minutos<\/td>\n<td width=\"139\">0,0231 \u20ac<\/td>\n<td width=\"139\">0,0279 \u20ac<\/td>\n<\/tr>\n<tr>\n<td width=\"243\">De 120 a 600 minutos<\/td>\n<td width=\"139\">0,0205 \u20ac<\/td>\n<td width=\"139\">0,0248 \u20ac<\/td>\n<\/tr>\n<tr>\n<td width=\"243\">De 600 a 1.440 minutos<\/td>\n<td width=\"139\">0,0031 \u20ac<\/td>\n<td width=\"139\">0,0037 \u20ac<\/td>\n<\/tr>\n<tr>\n<td width=\"243\">Alquiler anual diurno<\/td>\n<td width=\"139\">1.586,8704 \u20ac<\/td>\n<td width=\"139\">1.920,1132 \u20ac<\/td>\n<\/tr>\n<tr>\n<td width=\"243\">Alquiler anual nocturno<\/td>\n<td width=\"139\">751,6711 \u20ac<\/td>\n<td width=\"139\">909,5220 \u20ac<\/td>\n<\/tr>\n<tr>\n<td width=\"243\">Abono semanal<\/td>\n<td width=\"139\">52,8929 \u20ac<\/td>\n<td width=\"139\">64,0004 \u20ac<\/td>\n<\/tr>\n<tr>\n<td width=\"243\">Abono mensual<\/td>\n<td width=\"139\">167,0225 \u20ac<\/td>\n<td width=\"139\">202,0972 \u20ac<\/td>\n<\/tr>\n<tr>\n<td width=\"243\">&nbsp;<\/td>\n<td width=\"139\">&nbsp;<\/td>\n<td width=\"139\">&nbsp;<\/td>\n<\/tr>\n<tr>\n<td width=\"243\">Canon anual<\/td>\n<td width=\"139\">9.760,7933 \u20ac<\/td>\n<td width=\"139\">&nbsp;<\/td>\n<\/tr>\n<\/tbody>\n<\/table>\n<p>&nbsp;<\/p>\n<ul>\n<li><strong>Zona Hospitalaria<\/strong><\/li>\n<\/ul>\n<p>&nbsp;<\/p>\n<table width=\"536\">\n<tbody>\n<tr>\n<td width=\"265\"><strong>Modalidad Rotacional (TRABAJADORES)<\/strong><\/td>\n<td width=\"139\"><strong>Base Imponible 2019<\/strong><\/td>\n<td width=\"132\"><strong>Importe Total (IVA)<\/strong><\/td>\n<\/tr>\n<tr>\n<td width=\"265\">0 A 15 minutos<\/td>\n<td width=\"139\">0,0244 \u20ac<\/td>\n<td width=\"132\">0,0295 \u20ac<\/td>\n<\/tr>\n<tr>\n<td width=\"265\">16 A 60 minutos<\/td>\n<td width=\"139\">0,0174 \u20ac<\/td>\n<td width=\"132\">0,0211 \u20ac<\/td>\n<\/tr>\n<tr>\n<td width=\"265\">61 A 120 minutos<\/td>\n<td width=\"139\">0,0136 \u20ac<\/td>\n<td width=\"132\">0,0165 \u20ac<\/td>\n<\/tr>\n<tr>\n<td width=\"265\">121 A 600 minutos<\/td>\n<td width=\"139\">0,0081 \u20ac<\/td>\n<td width=\"132\">0,0098 \u20ac<\/td>\n<\/tr>\n<tr>\n<td width=\"265\">01 A 1440 minutos<\/td>\n<td width=\"139\">0,0008 \u20ac<\/td>\n<td width=\"132\">0,0010 \u20ac<\/td>\n<\/tr>\n<tr>\n<td width=\"265\">&nbsp;<\/td>\n<td width=\"139\">&nbsp;<\/td>\n<td width=\"132\">&nbsp;<\/td>\n<\/tr>\n<tr>\n<td width=\"265\"><strong>Modalidad Rotacional (RESTO USUARIOS)<\/strong><\/td>\n<td width=\"139\"><strong>Base Imponible 2019<\/strong><\/td>\n<td width=\"132\"><strong>Importe Total (IVA)<\/strong><\/td>\n<\/tr>\n<tr>\n<td width=\"265\">0 A 15 minutos<\/td>\n<td width=\"139\">0,0406 \u20ac<\/td>\n<td width=\"132\">0,0491 \u20ac<\/td>\n<\/tr>\n<tr>\n<td width=\"265\">16 A 60 minutos<\/td>\n<td width=\"139\">0,0289 \u20ac<\/td>\n<td width=\"132\">0,0350 \u20ac<\/td>\n<\/tr>\n<tr>\n<td width=\"265\">61 A 120 minutos<\/td>\n<td width=\"139\">0,0226 \u20ac<\/td>\n<td width=\"132\">0,0273 \u20ac<\/td>\n<\/tr>\n<tr>\n<td width=\"265\">121 A 600 minutos<\/td>\n<td width=\"139\">0,0135 \u20ac<\/td>\n<td width=\"132\">0,0163 \u20ac<\/td>\n<\/tr>\n<tr>\n<td width=\"265\">01 A 1440 minutos<\/td>\n<td width=\"139\">0,0012 \u20ac<\/td>\n<td width=\"132\">0,0015 \u20ac<\/td>\n<\/tr>\n<tr>\n<td width=\"265\">&nbsp;<\/td>\n<td width=\"139\">&nbsp;<\/td>\n<td width=\"132\">&nbsp;<\/td>\n<\/tr>\n<tr>\n<td width=\"265\"><strong>Modalidad Rotacional (ABONOS PARA EMPLEADOS)<\/strong><\/td>\n<td width=\"139\"><strong>Base Imponible 2019<\/strong><\/td>\n<td width=\"132\"><strong>Importe Total (IVA)<\/strong><\/td>\n<\/tr>\n<tr>\n<td width=\"265\">Alquiler mensual diurno<\/td>\n<td width=\"139\">8,9005 \u20ac<\/td>\n<td width=\"132\">10,7697 \u20ac<\/td>\n<\/tr>\n<tr>\n<td width=\"265\">Alquiler mensual nocturno<\/td>\n<td width=\"139\">2,9668 \u20ac<\/td>\n<td width=\"132\">3,5899 \u20ac<\/td>\n<\/tr>\n<tr>\n<td width=\"265\">Alquiler mensual 24 h<\/td>\n<td width=\"139\">14,8445 \u20ac<\/td>\n<td width=\"132\">17,9619 \u20ac<\/td>\n<\/tr>\n<tr>\n<td width=\"265\">Alquiler semanal diurno<\/td>\n<td width=\"139\">6,6754 \u20ac<\/td>\n<td width=\"132\">8,0772 \u20ac<\/td>\n<\/tr>\n<tr>\n<td width=\"265\">Alquiler semanal nocturno<\/td>\n<td width=\"139\">2,2251 \u20ac<\/td>\n<td width=\"132\">2,6924 \u20ac<\/td>\n<\/tr>\n<tr>\n<td width=\"265\">Alquiler semanal 24 h<\/td>\n<td width=\"139\">11,1360 \u20ac<\/td>\n<td width=\"132\">13,4745 \u20ac<\/td>\n<\/tr>\n<tr>\n<td width=\"265\">Alquiler anual diurno<\/td>\n<td width=\"139\">89,0466 \u20ac<\/td>\n<td width=\"132\">107,7464 \u20ac<\/td>\n<\/tr>\n<tr>\n<td width=\"265\">Alquiler anual nocturno<\/td>\n<td width=\"139\">29,6788 \u20ac<\/td>\n<td width=\"132\">35,9113 \u20ac<\/td>\n<\/tr>\n<tr>\n<td width=\"265\">Alquiler anual 24 h<\/td>\n<td width=\"139\">148,4145 \u20ac<\/td>\n<td width=\"132\">179,5815 \u20ac<\/td>\n<\/tr>\n<tr>\n<td width=\"265\">&nbsp;<\/td>\n<td width=\"139\">&nbsp;<\/td>\n<td width=\"132\">&nbsp;<\/td>\n<\/tr>\n<tr>\n<td width=\"265\"><strong>Modalidad Rotacional (ABONOS PARA RESTO DE USUARIOS)<\/strong><\/td>\n<td width=\"139\"><strong>Base Imponible 2019<\/strong><\/td>\n<td width=\"132\"><strong>Importe Total (IVA)<\/strong><\/td>\n<\/tr>\n<tr>\n<td width=\"265\">Alquiler mensual diurno<\/td>\n<td width=\"139\">35,6228 \u20ac<\/td>\n<td width=\"132\">43,1036 \u20ac<\/td>\n<\/tr>\n<tr>\n<td width=\"265\">Alquiler mensual nocturno<\/td>\n<td width=\"139\">11,8777 \u20ac<\/td>\n<td width=\"132\">14,3720 \u20ac<\/td>\n<\/tr>\n<tr>\n<td width=\"265\">Alquiler mensual 24 h<\/td>\n<td width=\"139\">59,3678 \u20ac<\/td>\n<td width=\"132\">71,8351 \u20ac<\/td>\n<\/tr>\n<tr>\n<td width=\"265\">Alquiler semanal diurno<\/td>\n<td width=\"139\">23,7451 \u20ac<\/td>\n<td width=\"132\">28,7315 \u20ac<\/td>\n<\/tr>\n<tr>\n<td width=\"265\">Alquiler semanal nocturno<\/td>\n<td width=\"139\">7,9116 \u20ac<\/td>\n<td width=\"132\">9,5730 \u20ac<\/td>\n<\/tr>\n<tr>\n<td width=\"265\">Alquiler semanal 24 h<\/td>\n<td width=\"139\">39,5786 \u20ac<\/td>\n<td width=\"132\">47,8901 \u20ac<\/td>\n<\/tr>\n<tr>\n<td width=\"265\">Alquiler anual diurno<\/td>\n<td width=\"139\">356,1968 \u20ac<\/td>\n<td width=\"132\">430,9981 \u20ac<\/td>\n<\/tr>\n<tr>\n<td width=\"265\">Alquiler anual nocturno<\/td>\n<td width=\"139\">118,7357 \u20ac<\/td>\n<td width=\"132\">143,6702 \u20ac<\/td>\n<\/tr>\n<tr>\n<td width=\"265\">Alquiler anual 24 h<\/td>\n<td width=\"139\">593,6579 \u20ac<\/td>\n<td width=\"132\">718,3260 \u20ac<\/td>\n<\/tr>\n<tr>\n<td width=\"265\">&nbsp;<\/td>\n<td width=\"139\">&nbsp;<\/td>\n<td width=\"132\">&nbsp;<\/td>\n<\/tr>\n<tr>\n<td width=\"265\">Canon anual por plaza<\/td>\n<td width=\"139\">81,4853 \u20ac<\/td>\n<td width=\"132\">&nbsp;<\/td>\n<\/tr>\n<\/tbody>\n<\/table>\n<p>&nbsp;<\/p>\n<ul>\n<li><strong>Estaci\u00f3n de Autobuses<\/strong><\/li>\n<\/ul>\n<p>&nbsp;<\/p>\n<table width=\"544\">\n<tbody>\n<tr>\n<td><strong>Entrada salida autobuses<\/strong><\/td>\n<td><strong>Base imponible <\/strong><strong>2019<\/strong><\/td>\n<td width=\"127\"><strong>Importe Total (IVA)<\/strong><\/td>\n<\/tr>\n<tr>\n<td>Cercan\u00edas<\/td>\n<td>1,2671 \u20ac<\/td>\n<td width=\"127\">1,5332 \u20ac<\/td>\n<\/tr>\n<tr>\n<td>Hasta 120 Kms.<\/td>\n<td>1,6482 \u20ac<\/td>\n<td width=\"127\">1,9944 \u20ac<\/td>\n<\/tr>\n<tr>\n<td>Resto servicios regulares permanentes<\/td>\n<td>2,4724 \u20ac<\/td>\n<td width=\"127\">2,9916 \u20ac<\/td>\n<\/tr>\n<tr>\n<td>Otros servicios<\/td>\n<td>1,2671 \u20ac<\/td>\n<td width=\"127\">1,5332 \u20ac<\/td>\n<\/tr>\n<tr>\n<td><strong>Por viajero<\/strong><\/td>\n<td>&nbsp;<\/td>\n<td width=\"127\">&nbsp;<\/td>\n<\/tr>\n<tr>\n<td>Cercan\u00edas<\/td>\n<td>0,0927 \u20ac<\/td>\n<td width=\"127\">0,1122 \u20ac<\/td>\n<\/tr>\n<tr>\n<td>Hasta 120 Kms.<\/td>\n<td>0,1236 \u20ac<\/td>\n<td width=\"127\">0,1496 \u20ac<\/td>\n<\/tr>\n<tr>\n<td>Resto servicios regulares permanentes<\/td>\n<td>0,1442 \u20ac<\/td>\n<td width=\"127\">0,1745 \u20ac<\/td>\n<\/tr>\n<tr>\n<td>Otros servicios<\/td>\n<td>0,0927 \u20ac<\/td>\n<td width=\"127\">0,1122 \u20ac<\/td>\n<\/tr>\n<tr>\n<td>Consigna autom\u00e1tica, hasta 30 Kg.<\/td>\n<td>0,5067 \u20ac<\/td>\n<td width=\"127\">0,6131 \u20ac<\/td>\n<\/tr>\n<tr>\n<td>Consigna autom\u00e1tica, hasta 30 Kg<\/td>\n<td>5,0672 \u20ac<\/td>\n<td width=\"127\">6,1313 \u20ac<\/td>\n<\/tr>\n<tr>\n<td>Consigna autom\u00e1tica, m\u00e1s 30 Kg.<\/td>\n<td>1,0134 \u20ac<\/td>\n<td width=\"127\">1,2263 \u20ac<\/td>\n<\/tr>\n<tr>\n<td>Consigna autom\u00e1tica, m\u00e1s 30 Kg.<\/td>\n<td>10,1344 \u20ac<\/td>\n<td width=\"127\">12,2627 \u20ac<\/td>\n<\/tr>\n<tr>\n<td>Taquilla (precio m2)<\/td>\n<td>7,6008 \u20ac<\/td>\n<td width=\"127\">9,1970 \u20ac<\/td>\n<\/tr>\n<tr>\n<td>Aparcamiento autobuses, d\u00eda<\/td>\n<td>0,0887 \u20ac<\/td>\n<td width=\"127\">0,1073 \u20ac<\/td>\n<\/tr>\n<tr>\n<td>Aparcamiento autob\u00fas, noche, servicio regional<\/td>\n<td>11,4012 \u20ac<\/td>\n<td width=\"127\">13,7955 \u20ac<\/td>\n<\/tr>\n<tr>\n<td>Aparcamiento autob\u00fas, noche.<\/td>\n<td>11,4012 \u20ac<\/td>\n<td width=\"127\">13,7955 \u20ac<\/td>\n<\/tr>\n<tr>\n<td><strong>Rotacional<\/strong><\/td>\n<td>&nbsp;<\/td>\n<td width=\"127\">&nbsp;<\/td>\n<\/tr>\n<tr>\n<td>De 0 a 30 minutos<\/td>\n<td>0,0388 \u20ac<\/td>\n<td width=\"127\">0,0469 \u20ac<\/td>\n<\/tr>\n<tr>\n<td>De 31 a 60 minutos<\/td>\n<td>0,0319 \u20ac<\/td>\n<td width=\"127\">0,0386 \u20ac<\/td>\n<\/tr>\n<tr>\n<td>De 61 a 120 minutos<\/td>\n<td>0,0262 \u20ac<\/td>\n<td width=\"127\">0,0317 \u20ac<\/td>\n<\/tr>\n<tr>\n<td>De 121 a 600 minutos<\/td>\n<td>0,0213 \u20ac<\/td>\n<td width=\"127\">0,0258 \u20ac<\/td>\n<\/tr>\n<tr>\n<td>De 601 a 1440 minutos<\/td>\n<td>0,0021 \u20ac<\/td>\n<td width=\"127\">0,0026 \u20ac<\/td>\n<\/tr>\n<\/tbody>\n<\/table>\n<p>&nbsp;<\/p>\n","protected":false},"excerpt":{"rendered":"","protected":false},"author":1,"featured_media":17600,"comment_status":"open","ping_status":"closed","sticky":false,"template":"","format":"standard","meta":{"footnotes":""},"categories":[2],"tags":[],"class_list":["post-19936","post","type-post","status-publish","format-standard","has-post-thumbnail","hentry","category-ayuntamiento-pamplona"],"yoast_head":"<!-- This site is optimized with the Yoast SEO plugin v27.3 - https:\/\/yoast.com\/product\/yoast-seo-wordpress\/ -->\n<title>El Ayuntamiento de Pamplona actualiza las tarifas de ocho aparcamientos subterr\u00e1neos de concesi\u00f3n p\u00fablica seg\u00fan el IPC interanual<\/title>\n<meta name=\"robots\" content=\"index, follow, max-snippet:-1, max-image-preview:large, max-video-preview:-1\" \/>\n<link rel=\"canonical\" href=\"https:\/\/www.laguiadepamplona.com\/actualidad\/el-ayuntamiento-de-pamplona-actualiza-las-tarifas-de-ocho-aparcamientos-subterraneos-de-concesion-publica-segun-el-ipc-interanual\/\" \/>\n<meta property=\"og:locale\" content=\"es_ES\" \/>\n<meta property=\"og:type\" content=\"article\" \/>\n<meta property=\"og:title\" content=\"El Ayuntamiento de Pamplona actualiza las tarifas de ocho aparcamientos subterr\u00e1neos de concesi\u00f3n p\u00fablica seg\u00fan el IPC interanual\" \/>\n<meta property=\"og:url\" content=\"https:\/\/www.laguiadepamplona.com\/actualidad\/el-ayuntamiento-de-pamplona-actualiza-las-tarifas-de-ocho-aparcamientos-subterraneos-de-concesion-publica-segun-el-ipc-interanual\/\" \/>\n<meta property=\"og:site_name\" content=\"La Gu\u00eda de Pamplona\" \/>\n<meta property=\"article:publisher\" content=\"https:\/\/www.facebook.com\/laguiadepamplonacom-133175176762273\/?ref=hl\" \/>\n<meta property=\"article:published_time\" content=\"2018-12-27T11:06:10+00:00\" \/>\n<meta property=\"og:image\" content=\"https:\/\/www.laguiadepamplona.com\/actualidad\/wp-content\/uploads\/2018\/05\/ayto-pamplona-3.jpg\" \/>\n\t<meta property=\"og:image:width\" content=\"1000\" \/>\n\t<meta property=\"og:image:height\" content=\"555\" \/>\n\t<meta property=\"og:image:type\" content=\"image\/jpeg\" \/>\n<meta name=\"author\" content=\"La Gu\u00eda de Pamplona\" \/>\n<meta name=\"twitter:card\" content=\"summary_large_image\" \/>\n<meta name=\"twitter:creator\" content=\"@LaGuiadPamplona\" \/>\n<meta name=\"twitter:site\" content=\"@LaGuiadPamplona\" \/>\n<meta name=\"twitter:label1\" content=\"Escrito por\" \/>\n\t<meta name=\"twitter:data1\" content=\"La Gu\u00eda de Pamplona\" \/>\n\t<meta name=\"twitter:label2\" content=\"Tiempo de lectura\" \/>\n\t<meta name=\"twitter:data2\" content=\"4 minutos\" \/>\n<script type=\"application\/ld+json\" class=\"yoast-schema-graph\">{\"@context\":\"https:\\\/\\\/schema.org\",\"@graph\":[{\"@type\":\"Article\",\"@id\":\"https:\\\/\\\/www.laguiadepamplona.com\\\/actualidad\\\/el-ayuntamiento-de-pamplona-actualiza-las-tarifas-de-ocho-aparcamientos-subterraneos-de-concesion-publica-segun-el-ipc-interanual\\\/#article\",\"isPartOf\":{\"@id\":\"https:\\\/\\\/www.laguiadepamplona.com\\\/actualidad\\\/el-ayuntamiento-de-pamplona-actualiza-las-tarifas-de-ocho-aparcamientos-subterraneos-de-concesion-publica-segun-el-ipc-interanual\\\/\"},\"author\":{\"name\":\"La Gu\u00eda de Pamplona\",\"@id\":\"https:\\\/\\\/www.laguiadepamplona.com\\\/actualidad\\\/#\\\/schema\\\/person\\\/efe887376f0213d4657c93adc50b1fdb\"},\"headline\":\"El Ayuntamiento de Pamplona actualiza las tarifas de ocho aparcamientos subterr\u00e1neos de concesi\u00f3n p\u00fablica seg\u00fan el IPC interanual\",\"datePublished\":\"2018-12-27T11:06:10+00:00\",\"mainEntityOfPage\":{\"@id\":\"https:\\\/\\\/www.laguiadepamplona.com\\\/actualidad\\\/el-ayuntamiento-de-pamplona-actualiza-las-tarifas-de-ocho-aparcamientos-subterraneos-de-concesion-publica-segun-el-ipc-interanual\\\/\"},\"wordCount\":853,\"commentCount\":0,\"publisher\":{\"@id\":\"https:\\\/\\\/www.laguiadepamplona.com\\\/actualidad\\\/#organization\"},\"image\":{\"@id\":\"https:\\\/\\\/www.laguiadepamplona.com\\\/actualidad\\\/el-ayuntamiento-de-pamplona-actualiza-las-tarifas-de-ocho-aparcamientos-subterraneos-de-concesion-publica-segun-el-ipc-interanual\\\/#primaryimage\"},\"thumbnailUrl\":\"https:\\\/\\\/www.laguiadepamplona.com\\\/actualidad\\\/wp-content\\\/uploads\\\/2018\\\/05\\\/ayto-pamplona-3.jpg\",\"articleSection\":[\"Ayto Pamplona\"],\"inLanguage\":\"es\",\"potentialAction\":[{\"@type\":\"CommentAction\",\"name\":\"Comment\",\"target\":[\"https:\\\/\\\/www.laguiadepamplona.com\\\/actualidad\\\/el-ayuntamiento-de-pamplona-actualiza-las-tarifas-de-ocho-aparcamientos-subterraneos-de-concesion-publica-segun-el-ipc-interanual\\\/#respond\"]}]},{\"@type\":\"WebPage\",\"@id\":\"https:\\\/\\\/www.laguiadepamplona.com\\\/actualidad\\\/el-ayuntamiento-de-pamplona-actualiza-las-tarifas-de-ocho-aparcamientos-subterraneos-de-concesion-publica-segun-el-ipc-interanual\\\/\",\"url\":\"https:\\\/\\\/www.laguiadepamplona.com\\\/actualidad\\\/el-ayuntamiento-de-pamplona-actualiza-las-tarifas-de-ocho-aparcamientos-subterraneos-de-concesion-publica-segun-el-ipc-interanual\\\/\",\"name\":\"El Ayuntamiento de Pamplona actualiza las tarifas de ocho aparcamientos subterr\u00e1neos de concesi\u00f3n p\u00fablica seg\u00fan el IPC interanual\",\"isPartOf\":{\"@id\":\"https:\\\/\\\/www.laguiadepamplona.com\\\/actualidad\\\/#website\"},\"primaryImageOfPage\":{\"@id\":\"https:\\\/\\\/www.laguiadepamplona.com\\\/actualidad\\\/el-ayuntamiento-de-pamplona-actualiza-las-tarifas-de-ocho-aparcamientos-subterraneos-de-concesion-publica-segun-el-ipc-interanual\\\/#primaryimage\"},\"image\":{\"@id\":\"https:\\\/\\\/www.laguiadepamplona.com\\\/actualidad\\\/el-ayuntamiento-de-pamplona-actualiza-las-tarifas-de-ocho-aparcamientos-subterraneos-de-concesion-publica-segun-el-ipc-interanual\\\/#primaryimage\"},\"thumbnailUrl\":\"https:\\\/\\\/www.laguiadepamplona.com\\\/actualidad\\\/wp-content\\\/uploads\\\/2018\\\/05\\\/ayto-pamplona-3.jpg\",\"datePublished\":\"2018-12-27T11:06:10+00:00\",\"breadcrumb\":{\"@id\":\"https:\\\/\\\/www.laguiadepamplona.com\\\/actualidad\\\/el-ayuntamiento-de-pamplona-actualiza-las-tarifas-de-ocho-aparcamientos-subterraneos-de-concesion-publica-segun-el-ipc-interanual\\\/#breadcrumb\"},\"inLanguage\":\"es\",\"potentialAction\":[{\"@type\":\"ReadAction\",\"target\":[\"https:\\\/\\\/www.laguiadepamplona.com\\\/actualidad\\\/el-ayuntamiento-de-pamplona-actualiza-las-tarifas-de-ocho-aparcamientos-subterraneos-de-concesion-publica-segun-el-ipc-interanual\\\/\"]}]},{\"@type\":\"ImageObject\",\"inLanguage\":\"es\",\"@id\":\"https:\\\/\\\/www.laguiadepamplona.com\\\/actualidad\\\/el-ayuntamiento-de-pamplona-actualiza-las-tarifas-de-ocho-aparcamientos-subterraneos-de-concesion-publica-segun-el-ipc-interanual\\\/#primaryimage\",\"url\":\"https:\\\/\\\/www.laguiadepamplona.com\\\/actualidad\\\/wp-content\\\/uploads\\\/2018\\\/05\\\/ayto-pamplona-3.jpg\",\"contentUrl\":\"https:\\\/\\\/www.laguiadepamplona.com\\\/actualidad\\\/wp-content\\\/uploads\\\/2018\\\/05\\\/ayto-pamplona-3.jpg\",\"width\":1000,\"height\":555},{\"@type\":\"BreadcrumbList\",\"@id\":\"https:\\\/\\\/www.laguiadepamplona.com\\\/actualidad\\\/el-ayuntamiento-de-pamplona-actualiza-las-tarifas-de-ocho-aparcamientos-subterraneos-de-concesion-publica-segun-el-ipc-interanual\\\/#breadcrumb\",\"itemListElement\":[{\"@type\":\"ListItem\",\"position\":1,\"name\":\"Portada\",\"item\":\"https:\\\/\\\/www.laguiadepamplona.com\\\/actualidad\\\/\"},{\"@type\":\"ListItem\",\"position\":2,\"name\":\"El Ayuntamiento de Pamplona actualiza las tarifas de ocho aparcamientos subterr\u00e1neos de concesi\u00f3n p\u00fablica seg\u00fan el IPC interanual\"}]},{\"@type\":\"WebSite\",\"@id\":\"https:\\\/\\\/www.laguiadepamplona.com\\\/actualidad\\\/#website\",\"url\":\"https:\\\/\\\/www.laguiadepamplona.com\\\/actualidad\\\/\",\"name\":\"La gu\u00eda de Pamplona\",\"description\":\"Noticias de Pamplona\",\"publisher\":{\"@id\":\"https:\\\/\\\/www.laguiadepamplona.com\\\/actualidad\\\/#organization\"},\"potentialAction\":[{\"@type\":\"SearchAction\",\"target\":{\"@type\":\"EntryPoint\",\"urlTemplate\":\"https:\\\/\\\/www.laguiadepamplona.com\\\/actualidad\\\/?s={search_term_string}\"},\"query-input\":{\"@type\":\"PropertyValueSpecification\",\"valueRequired\":true,\"valueName\":\"search_term_string\"}}],\"inLanguage\":\"es\"},{\"@type\":\"Organization\",\"@id\":\"https:\\\/\\\/www.laguiadepamplona.com\\\/actualidad\\\/#organization\",\"name\":\"La Gu\u00eda de Pamplona \\\/ Noticias\",\"url\":\"https:\\\/\\\/www.laguiadepamplona.com\\\/actualidad\\\/\",\"logo\":{\"@type\":\"ImageObject\",\"inLanguage\":\"es\",\"@id\":\"https:\\\/\\\/www.laguiadepamplona.com\\\/actualidad\\\/#\\\/schema\\\/logo\\\/image\\\/\",\"url\":\"https:\\\/\\\/www.laguiadepamplona.com\\\/actualidad\\\/wp-content\\\/uploads\\\/2018\\\/11\\\/logo-laguiadepamplona18-web1.png\",\"contentUrl\":\"https:\\\/\\\/www.laguiadepamplona.com\\\/actualidad\\\/wp-content\\\/uploads\\\/2018\\\/11\\\/logo-laguiadepamplona18-web1.png\",\"width\":600,\"height\":196,\"caption\":\"La Gu\u00eda de Pamplona \\\/ Noticias\"},\"image\":{\"@id\":\"https:\\\/\\\/www.laguiadepamplona.com\\\/actualidad\\\/#\\\/schema\\\/logo\\\/image\\\/\"},\"sameAs\":[\"https:\\\/\\\/www.facebook.com\\\/laguiadepamplonacom-133175176762273\\\/?ref=hl\",\"https:\\\/\\\/x.com\\\/LaGuiadPamplona\",\"https:\\\/\\\/www.instagram.com\\\/la_guia_de_pamplona\\\/\",\"https:\\\/\\\/www.youtube.com\\\/user\\\/laguiadepamplona\"]},{\"@type\":\"Person\",\"@id\":\"https:\\\/\\\/www.laguiadepamplona.com\\\/actualidad\\\/#\\\/schema\\\/person\\\/efe887376f0213d4657c93adc50b1fdb\",\"name\":\"La Gu\u00eda de Pamplona\",\"image\":{\"@type\":\"ImageObject\",\"inLanguage\":\"es\",\"@id\":\"https:\\\/\\\/secure.gravatar.com\\\/avatar\\\/b6992f131dc8d30ab0dff15446e9d346d9dbd95992de0fef795073f5ea83a81c?s=96&d=mm&r=g\",\"url\":\"https:\\\/\\\/secure.gravatar.com\\\/avatar\\\/b6992f131dc8d30ab0dff15446e9d346d9dbd95992de0fef795073f5ea83a81c?s=96&d=mm&r=g\",\"contentUrl\":\"https:\\\/\\\/secure.gravatar.com\\\/avatar\\\/b6992f131dc8d30ab0dff15446e9d346d9dbd95992de0fef795073f5ea83a81c?s=96&d=mm&r=g\",\"caption\":\"La Gu\u00eda de Pamplona\"}}]}<\/script>\n<!-- \/ Yoast SEO plugin. -->","yoast_head_json":{"title":"El Ayuntamiento de Pamplona actualiza las tarifas de ocho aparcamientos subterr\u00e1neos de concesi\u00f3n p\u00fablica seg\u00fan el IPC interanual","robots":{"index":"index","follow":"follow","max-snippet":"max-snippet:-1","max-image-preview":"max-image-preview:large","max-video-preview":"max-video-preview:-1"},"canonical":"https:\/\/www.laguiadepamplona.com\/actualidad\/el-ayuntamiento-de-pamplona-actualiza-las-tarifas-de-ocho-aparcamientos-subterraneos-de-concesion-publica-segun-el-ipc-interanual\/","og_locale":"es_ES","og_type":"article","og_title":"El Ayuntamiento de Pamplona actualiza las tarifas de ocho aparcamientos subterr\u00e1neos de concesi\u00f3n p\u00fablica seg\u00fan el IPC interanual","og_url":"https:\/\/www.laguiadepamplona.com\/actualidad\/el-ayuntamiento-de-pamplona-actualiza-las-tarifas-de-ocho-aparcamientos-subterraneos-de-concesion-publica-segun-el-ipc-interanual\/","og_site_name":"La Gu\u00eda de Pamplona","article_publisher":"https:\/\/www.facebook.com\/laguiadepamplonacom-133175176762273\/?ref=hl","article_published_time":"2018-12-27T11:06:10+00:00","og_image":[{"width":1000,"height":555,"url":"https:\/\/www.laguiadepamplona.com\/actualidad\/wp-content\/uploads\/2018\/05\/ayto-pamplona-3.jpg","type":"image\/jpeg"}],"author":"La Gu\u00eda de Pamplona","twitter_card":"summary_large_image","twitter_creator":"@LaGuiadPamplona","twitter_site":"@LaGuiadPamplona","twitter_misc":{"Escrito por":"La Gu\u00eda de Pamplona","Tiempo de lectura":"4 minutos"},"schema":{"@context":"https:\/\/schema.org","@graph":[{"@type":"Article","@id":"https:\/\/www.laguiadepamplona.com\/actualidad\/el-ayuntamiento-de-pamplona-actualiza-las-tarifas-de-ocho-aparcamientos-subterraneos-de-concesion-publica-segun-el-ipc-interanual\/#article","isPartOf":{"@id":"https:\/\/www.laguiadepamplona.com\/actualidad\/el-ayuntamiento-de-pamplona-actualiza-las-tarifas-de-ocho-aparcamientos-subterraneos-de-concesion-publica-segun-el-ipc-interanual\/"},"author":{"name":"La Gu\u00eda de Pamplona","@id":"https:\/\/www.laguiadepamplona.com\/actualidad\/#\/schema\/person\/efe887376f0213d4657c93adc50b1fdb"},"headline":"El Ayuntamiento de Pamplona actualiza las tarifas de ocho aparcamientos subterr\u00e1neos de concesi\u00f3n p\u00fablica seg\u00fan el IPC interanual","datePublished":"2018-12-27T11:06:10+00:00","mainEntityOfPage":{"@id":"https:\/\/www.laguiadepamplona.com\/actualidad\/el-ayuntamiento-de-pamplona-actualiza-las-tarifas-de-ocho-aparcamientos-subterraneos-de-concesion-publica-segun-el-ipc-interanual\/"},"wordCount":853,"commentCount":0,"publisher":{"@id":"https:\/\/www.laguiadepamplona.com\/actualidad\/#organization"},"image":{"@id":"https:\/\/www.laguiadepamplona.com\/actualidad\/el-ayuntamiento-de-pamplona-actualiza-las-tarifas-de-ocho-aparcamientos-subterraneos-de-concesion-publica-segun-el-ipc-interanual\/#primaryimage"},"thumbnailUrl":"https:\/\/www.laguiadepamplona.com\/actualidad\/wp-content\/uploads\/2018\/05\/ayto-pamplona-3.jpg","articleSection":["Ayto Pamplona"],"inLanguage":"es","potentialAction":[{"@type":"CommentAction","name":"Comment","target":["https:\/\/www.laguiadepamplona.com\/actualidad\/el-ayuntamiento-de-pamplona-actualiza-las-tarifas-de-ocho-aparcamientos-subterraneos-de-concesion-publica-segun-el-ipc-interanual\/#respond"]}]},{"@type":"WebPage","@id":"https:\/\/www.laguiadepamplona.com\/actualidad\/el-ayuntamiento-de-pamplona-actualiza-las-tarifas-de-ocho-aparcamientos-subterraneos-de-concesion-publica-segun-el-ipc-interanual\/","url":"https:\/\/www.laguiadepamplona.com\/actualidad\/el-ayuntamiento-de-pamplona-actualiza-las-tarifas-de-ocho-aparcamientos-subterraneos-de-concesion-publica-segun-el-ipc-interanual\/","name":"El Ayuntamiento de Pamplona actualiza las tarifas de ocho aparcamientos subterr\u00e1neos de concesi\u00f3n p\u00fablica seg\u00fan el IPC interanual","isPartOf":{"@id":"https:\/\/www.laguiadepamplona.com\/actualidad\/#website"},"primaryImageOfPage":{"@id":"https:\/\/www.laguiadepamplona.com\/actualidad\/el-ayuntamiento-de-pamplona-actualiza-las-tarifas-de-ocho-aparcamientos-subterraneos-de-concesion-publica-segun-el-ipc-interanual\/#primaryimage"},"image":{"@id":"https:\/\/www.laguiadepamplona.com\/actualidad\/el-ayuntamiento-de-pamplona-actualiza-las-tarifas-de-ocho-aparcamientos-subterraneos-de-concesion-publica-segun-el-ipc-interanual\/#primaryimage"},"thumbnailUrl":"https:\/\/www.laguiadepamplona.com\/actualidad\/wp-content\/uploads\/2018\/05\/ayto-pamplona-3.jpg","datePublished":"2018-12-27T11:06:10+00:00","breadcrumb":{"@id":"https:\/\/www.laguiadepamplona.com\/actualidad\/el-ayuntamiento-de-pamplona-actualiza-las-tarifas-de-ocho-aparcamientos-subterraneos-de-concesion-publica-segun-el-ipc-interanual\/#breadcrumb"},"inLanguage":"es","potentialAction":[{"@type":"ReadAction","target":["https:\/\/www.laguiadepamplona.com\/actualidad\/el-ayuntamiento-de-pamplona-actualiza-las-tarifas-de-ocho-aparcamientos-subterraneos-de-concesion-publica-segun-el-ipc-interanual\/"]}]},{"@type":"ImageObject","inLanguage":"es","@id":"https:\/\/www.laguiadepamplona.com\/actualidad\/el-ayuntamiento-de-pamplona-actualiza-las-tarifas-de-ocho-aparcamientos-subterraneos-de-concesion-publica-segun-el-ipc-interanual\/#primaryimage","url":"https:\/\/www.laguiadepamplona.com\/actualidad\/wp-content\/uploads\/2018\/05\/ayto-pamplona-3.jpg","contentUrl":"https:\/\/www.laguiadepamplona.com\/actualidad\/wp-content\/uploads\/2018\/05\/ayto-pamplona-3.jpg","width":1000,"height":555},{"@type":"BreadcrumbList","@id":"https:\/\/www.laguiadepamplona.com\/actualidad\/el-ayuntamiento-de-pamplona-actualiza-las-tarifas-de-ocho-aparcamientos-subterraneos-de-concesion-publica-segun-el-ipc-interanual\/#breadcrumb","itemListElement":[{"@type":"ListItem","position":1,"name":"Portada","item":"https:\/\/www.laguiadepamplona.com\/actualidad\/"},{"@type":"ListItem","position":2,"name":"El Ayuntamiento de Pamplona actualiza las tarifas de ocho aparcamientos subterr\u00e1neos de concesi\u00f3n p\u00fablica seg\u00fan el IPC interanual"}]},{"@type":"WebSite","@id":"https:\/\/www.laguiadepamplona.com\/actualidad\/#website","url":"https:\/\/www.laguiadepamplona.com\/actualidad\/","name":"La gu\u00eda de Pamplona","description":"Noticias de Pamplona","publisher":{"@id":"https:\/\/www.laguiadepamplona.com\/actualidad\/#organization"},"potentialAction":[{"@type":"SearchAction","target":{"@type":"EntryPoint","urlTemplate":"https:\/\/www.laguiadepamplona.com\/actualidad\/?s={search_term_string}"},"query-input":{"@type":"PropertyValueSpecification","valueRequired":true,"valueName":"search_term_string"}}],"inLanguage":"es"},{"@type":"Organization","@id":"https:\/\/www.laguiadepamplona.com\/actualidad\/#organization","name":"La Gu\u00eda de Pamplona \/ Noticias","url":"https:\/\/www.laguiadepamplona.com\/actualidad\/","logo":{"@type":"ImageObject","inLanguage":"es","@id":"https:\/\/www.laguiadepamplona.com\/actualidad\/#\/schema\/logo\/image\/","url":"https:\/\/www.laguiadepamplona.com\/actualidad\/wp-content\/uploads\/2018\/11\/logo-laguiadepamplona18-web1.png","contentUrl":"https:\/\/www.laguiadepamplona.com\/actualidad\/wp-content\/uploads\/2018\/11\/logo-laguiadepamplona18-web1.png","width":600,"height":196,"caption":"La Gu\u00eda de Pamplona \/ Noticias"},"image":{"@id":"https:\/\/www.laguiadepamplona.com\/actualidad\/#\/schema\/logo\/image\/"},"sameAs":["https:\/\/www.facebook.com\/laguiadepamplonacom-133175176762273\/?ref=hl","https:\/\/x.com\/LaGuiadPamplona","https:\/\/www.instagram.com\/la_guia_de_pamplona\/","https:\/\/www.youtube.com\/user\/laguiadepamplona"]},{"@type":"Person","@id":"https:\/\/www.laguiadepamplona.com\/actualidad\/#\/schema\/person\/efe887376f0213d4657c93adc50b1fdb","name":"La Gu\u00eda de Pamplona","image":{"@type":"ImageObject","inLanguage":"es","@id":"https:\/\/secure.gravatar.com\/avatar\/b6992f131dc8d30ab0dff15446e9d346d9dbd95992de0fef795073f5ea83a81c?s=96&d=mm&r=g","url":"https:\/\/secure.gravatar.com\/avatar\/b6992f131dc8d30ab0dff15446e9d346d9dbd95992de0fef795073f5ea83a81c?s=96&d=mm&r=g","contentUrl":"https:\/\/secure.gravatar.com\/avatar\/b6992f131dc8d30ab0dff15446e9d346d9dbd95992de0fef795073f5ea83a81c?s=96&d=mm&r=g","caption":"La Gu\u00eda de Pamplona"}}]}},"post_mailing_queue_ids":[],"_links":{"self":[{"href":"https:\/\/www.laguiadepamplona.com\/actualidad\/wp-json\/wp\/v2\/posts\/19936","targetHints":{"allow":["GET"]}}],"collection":[{"href":"https:\/\/www.laguiadepamplona.com\/actualidad\/wp-json\/wp\/v2\/posts"}],"about":[{"href":"https:\/\/www.laguiadepamplona.com\/actualidad\/wp-json\/wp\/v2\/types\/post"}],"author":[{"embeddable":true,"href":"https:\/\/www.laguiadepamplona.com\/actualidad\/wp-json\/wp\/v2\/users\/1"}],"replies":[{"embeddable":true,"href":"https:\/\/www.laguiadepamplona.com\/actualidad\/wp-json\/wp\/v2\/comments?post=19936"}],"version-history":[{"count":0,"href":"https:\/\/www.laguiadepamplona.com\/actualidad\/wp-json\/wp\/v2\/posts\/19936\/revisions"}],"wp:featuredmedia":[{"embeddable":true,"href":"https:\/\/www.laguiadepamplona.com\/actualidad\/wp-json\/wp\/v2\/media\/17600"}],"wp:attachment":[{"href":"https:\/\/www.laguiadepamplona.com\/actualidad\/wp-json\/wp\/v2\/media?parent=19936"}],"wp:term":[{"taxonomy":"category","embeddable":true,"href":"https:\/\/www.laguiadepamplona.com\/actualidad\/wp-json\/wp\/v2\/categories?post=19936"},{"taxonomy":"post_tag","embeddable":true,"href":"https:\/\/www.laguiadepamplona.com\/actualidad\/wp-json\/wp\/v2\/tags?post=19936"}],"curies":[{"name":"wp","href":"https:\/\/api.w.org\/{rel}","templated":true}]}}