{"id":19932,"date":"2018-12-27T12:43:23","date_gmt":"2018-12-27T10:43:23","guid":{"rendered":"https:\/\/www.laguiadepamplona.es\/actualidad\/?p=19932"},"modified":"2018-12-27T12:43:23","modified_gmt":"2018-12-27T10:43:23","slug":"el-grupo-de-jovenes-teatro-la-madeja-representa-viernes-y-sabado-la-obra-munecas-rotas-en-la-casa-de-la-juventud","status":"publish","type":"post","link":"https:\/\/www.laguiadepamplona.com\/actualidad\/el-grupo-de-jovenes-teatro-la-madeja-representa-viernes-y-sabado-la-obra-munecas-rotas-en-la-casa-de-la-juventud\/","title":{"rendered":"El grupo de j\u00f3venes Teatro la Madeja representa viernes y s\u00e1bado la obra \u2018Mu\u00f1ecas rotas\u2019 en la Casa de la Juventud"},"content":{"rendered":"<h3>Las funciones ser\u00e1n a las 18.30 horas y la entrada es libre, previa retirada de invitaciones desde media hora antes<\/h3>\n<p><!--more--><\/p>\n<p><a href=\"https:\/\/www.laguiadepamplona.es\/actualidad\/wp-content\/uploads\/2018\/12\/munecas-rotas_la-madeja.jpg\"><img loading=\"lazy\" decoding=\"async\" class=\"alignleft size-medium wp-image-19933\" src=\"https:\/\/www.laguiadepamplona.es\/actualidad\/wp-content\/uploads\/2018\/12\/munecas-rotas_la-madeja-213x300.jpg\" alt=\"\" width=\"213\" height=\"300\" srcset=\"https:\/\/www.laguiadepamplona.com\/actualidad\/wp-content\/uploads\/2018\/12\/munecas-rotas_la-madeja-213x300.jpg 213w, https:\/\/www.laguiadepamplona.com\/actualidad\/wp-content\/uploads\/2018\/12\/munecas-rotas_la-madeja-768x1082.jpg 768w, https:\/\/www.laguiadepamplona.com\/actualidad\/wp-content\/uploads\/2018\/12\/munecas-rotas_la-madeja-484x682.jpg 484w, https:\/\/www.laguiadepamplona.com\/actualidad\/wp-content\/uploads\/2018\/12\/munecas-rotas_la-madeja-640x901.jpg 640w, https:\/\/www.laguiadepamplona.com\/actualidad\/wp-content\/uploads\/2018\/12\/munecas-rotas_la-madeja.jpg 1677w\" sizes=\"auto, (max-width: 213px) 100vw, 213px\" \/><\/a>El grupo de j\u00f3venes Teatro la Madeja representa ma\u00f1ana viernes y el s\u00e1bado la obra \u2018Mu\u00f1ecas rotas\u2019 en la Casa de la Juventud. Las funciones ser\u00e1n a las 18.30 horas y la entrada es libre, previa retirada de invitaciones desde media hora antes del inicio.<\/p>\n<p>Se trata de una obra que habla sobre la convivencia, sobre lo complicado que puede resultar convivir. Las protagonistas son Camille y Molly, dos mu\u00f1ecas, dos personalidades, dos pasados paralelos que finalmente convergen en un presente incierto y un futuro por descubrir juntas. Un descubrimiento condicionado por sus recuerdos, sus pensamientos y su propia naturaleza. Pese a su apariencia ani\u00f1ada y tierna, las dos mu\u00f1ecas guardan sus pasados que las han llevado a estar rotas por fuera. Una historia cargada de sorpresas y un oscuro secreto oculto entre las paredes del desv\u00e1n.<\/p>\n<p>Teatro La Madeja comenz\u00f3 a rodar en junio de 2014, compuesta por un grupo de 12 j\u00f3venes inquietos, ilusionados y con muchas ganas de hacer teatro tras dos a\u00f1os de experimentaci\u00f3n en un aula de colegio. Su nombre sirve de met\u00e1fora para plasmar como ha sido su camino. Actualmente, 5 j\u00f3venes de entre 21 y 24 a\u00f1os componen La Madeja y en sus cuatro a\u00f1os de trayectoria ya han producido seis espect\u00e1culos teatrales: \u2018Bodas de Sangre\u2019, \u2018Habr\u00eda que cerrar los teatros\u2019, \u2018Dios\u2019, \u2018Pinocho\u2019, \u2018Match de Improvisaci\u00f3n\u2019 y \u2018Mu\u00f1ecas Rotas\u2019. Desde 2016, La Madeja forma parte de la Federaci\u00f3n Teatro Amateur de Navarra.<\/p>\n","protected":false},"excerpt":{"rendered":"<p>Las funciones ser\u00e1n a las 18.30 horas y la entrada es libre, previa retirada de invitaciones desde media hora antes<\/p>\n","protected":false},"author":1,"featured_media":19934,"comment_status":"open","ping_status":"closed","sticky":false,"template":"","format":"standard","meta":{"footnotes":""},"categories":[2],"tags":[],"class_list":["post-19932","post","type-post","status-publish","format-standard","has-post-thumbnail","hentry","category-ayuntamiento-pamplona"],"yoast_head":"<!-- This site is optimized with the Yoast SEO plugin v27.3 - https:\/\/yoast.com\/product\/yoast-seo-wordpress\/ -->\n<title>El grupo de j\u00f3venes Teatro la Madeja representa viernes y s\u00e1bado la obra \u2018Mu\u00f1ecas rotas\u2019 en la Casa de la Juventud<\/title>\n<meta name=\"robots\" content=\"index, follow, max-snippet:-1, max-image-preview:large, max-video-preview:-1\" \/>\n<link rel=\"canonical\" href=\"https:\/\/www.laguiadepamplona.com\/actualidad\/el-grupo-de-jovenes-teatro-la-madeja-representa-viernes-y-sabado-la-obra-munecas-rotas-en-la-casa-de-la-juventud\/\" \/>\n<meta property=\"og:locale\" content=\"es_ES\" \/>\n<meta property=\"og:type\" content=\"article\" \/>\n<meta property=\"og:title\" content=\"El grupo de j\u00f3venes Teatro la Madeja representa viernes y s\u00e1bado la obra \u2018Mu\u00f1ecas rotas\u2019 en la Casa de la Juventud\" \/>\n<meta property=\"og:description\" content=\"Las funciones ser\u00e1n a las 18.30 horas y la entrada es libre, previa retirada de invitaciones desde media hora antes\" \/>\n<meta property=\"og:url\" content=\"https:\/\/www.laguiadepamplona.com\/actualidad\/el-grupo-de-jovenes-teatro-la-madeja-representa-viernes-y-sabado-la-obra-munecas-rotas-en-la-casa-de-la-juventud\/\" \/>\n<meta property=\"og:site_name\" content=\"La Gu\u00eda de Pamplona\" \/>\n<meta property=\"article:publisher\" content=\"https:\/\/www.facebook.com\/laguiadepamplonacom-133175176762273\/?ref=hl\" \/>\n<meta property=\"article:published_time\" content=\"2018-12-27T10:43:23+00:00\" \/>\n<meta property=\"og:image\" content=\"https:\/\/www.laguiadepamplona.com\/actualidad\/wp-content\/uploads\/2018\/12\/munecas-rotas_la-madeja1.jpg\" \/>\n\t<meta property=\"og:image:width\" content=\"1000\" \/>\n\t<meta property=\"og:image:height\" content=\"704\" \/>\n\t<meta property=\"og:image:type\" content=\"image\/jpeg\" \/>\n<meta name=\"author\" content=\"La Gu\u00eda de Pamplona\" \/>\n<meta name=\"twitter:card\" content=\"summary_large_image\" \/>\n<meta name=\"twitter:creator\" content=\"@LaGuiadPamplona\" \/>\n<meta name=\"twitter:site\" content=\"@LaGuiadPamplona\" \/>\n<meta name=\"twitter:label1\" content=\"Escrito por\" \/>\n\t<meta name=\"twitter:data1\" content=\"La Gu\u00eda de Pamplona\" \/>\n\t<meta name=\"twitter:label2\" content=\"Tiempo de lectura\" \/>\n\t<meta name=\"twitter:data2\" content=\"1 minuto\" \/>\n<script type=\"application\/ld+json\" class=\"yoast-schema-graph\">{\"@context\":\"https:\\\/\\\/schema.org\",\"@graph\":[{\"@type\":\"Article\",\"@id\":\"https:\\\/\\\/www.laguiadepamplona.com\\\/actualidad\\\/el-grupo-de-jovenes-teatro-la-madeja-representa-viernes-y-sabado-la-obra-munecas-rotas-en-la-casa-de-la-juventud\\\/#article\",\"isPartOf\":{\"@id\":\"https:\\\/\\\/www.laguiadepamplona.com\\\/actualidad\\\/el-grupo-de-jovenes-teatro-la-madeja-representa-viernes-y-sabado-la-obra-munecas-rotas-en-la-casa-de-la-juventud\\\/\"},\"author\":{\"name\":\"La Gu\u00eda de Pamplona\",\"@id\":\"https:\\\/\\\/www.laguiadepamplona.com\\\/actualidad\\\/#\\\/schema\\\/person\\\/efe887376f0213d4657c93adc50b1fdb\"},\"headline\":\"El grupo de j\u00f3venes Teatro la Madeja representa viernes y s\u00e1bado la obra \u2018Mu\u00f1ecas rotas\u2019 en la Casa de la Juventud\",\"datePublished\":\"2018-12-27T10:43:23+00:00\",\"mainEntityOfPage\":{\"@id\":\"https:\\\/\\\/www.laguiadepamplona.com\\\/actualidad\\\/el-grupo-de-jovenes-teatro-la-madeja-representa-viernes-y-sabado-la-obra-munecas-rotas-en-la-casa-de-la-juventud\\\/\"},\"wordCount\":297,\"commentCount\":0,\"publisher\":{\"@id\":\"https:\\\/\\\/www.laguiadepamplona.com\\\/actualidad\\\/#organization\"},\"image\":{\"@id\":\"https:\\\/\\\/www.laguiadepamplona.com\\\/actualidad\\\/el-grupo-de-jovenes-teatro-la-madeja-representa-viernes-y-sabado-la-obra-munecas-rotas-en-la-casa-de-la-juventud\\\/#primaryimage\"},\"thumbnailUrl\":\"https:\\\/\\\/www.laguiadepamplona.com\\\/actualidad\\\/wp-content\\\/uploads\\\/2018\\\/12\\\/munecas-rotas_la-madeja1.jpg\",\"articleSection\":[\"Ayto Pamplona\"],\"inLanguage\":\"es\",\"potentialAction\":[{\"@type\":\"CommentAction\",\"name\":\"Comment\",\"target\":[\"https:\\\/\\\/www.laguiadepamplona.com\\\/actualidad\\\/el-grupo-de-jovenes-teatro-la-madeja-representa-viernes-y-sabado-la-obra-munecas-rotas-en-la-casa-de-la-juventud\\\/#respond\"]}]},{\"@type\":\"WebPage\",\"@id\":\"https:\\\/\\\/www.laguiadepamplona.com\\\/actualidad\\\/el-grupo-de-jovenes-teatro-la-madeja-representa-viernes-y-sabado-la-obra-munecas-rotas-en-la-casa-de-la-juventud\\\/\",\"url\":\"https:\\\/\\\/www.laguiadepamplona.com\\\/actualidad\\\/el-grupo-de-jovenes-teatro-la-madeja-representa-viernes-y-sabado-la-obra-munecas-rotas-en-la-casa-de-la-juventud\\\/\",\"name\":\"El grupo de j\u00f3venes Teatro la Madeja representa viernes y s\u00e1bado la obra \u2018Mu\u00f1ecas rotas\u2019 en la Casa de la Juventud\",\"isPartOf\":{\"@id\":\"https:\\\/\\\/www.laguiadepamplona.com\\\/actualidad\\\/#website\"},\"primaryImageOfPage\":{\"@id\":\"https:\\\/\\\/www.laguiadepamplona.com\\\/actualidad\\\/el-grupo-de-jovenes-teatro-la-madeja-representa-viernes-y-sabado-la-obra-munecas-rotas-en-la-casa-de-la-juventud\\\/#primaryimage\"},\"image\":{\"@id\":\"https:\\\/\\\/www.laguiadepamplona.com\\\/actualidad\\\/el-grupo-de-jovenes-teatro-la-madeja-representa-viernes-y-sabado-la-obra-munecas-rotas-en-la-casa-de-la-juventud\\\/#primaryimage\"},\"thumbnailUrl\":\"https:\\\/\\\/www.laguiadepamplona.com\\\/actualidad\\\/wp-content\\\/uploads\\\/2018\\\/12\\\/munecas-rotas_la-madeja1.jpg\",\"datePublished\":\"2018-12-27T10:43:23+00:00\",\"breadcrumb\":{\"@id\":\"https:\\\/\\\/www.laguiadepamplona.com\\\/actualidad\\\/el-grupo-de-jovenes-teatro-la-madeja-representa-viernes-y-sabado-la-obra-munecas-rotas-en-la-casa-de-la-juventud\\\/#breadcrumb\"},\"inLanguage\":\"es\",\"potentialAction\":[{\"@type\":\"ReadAction\",\"target\":[\"https:\\\/\\\/www.laguiadepamplona.com\\\/actualidad\\\/el-grupo-de-jovenes-teatro-la-madeja-representa-viernes-y-sabado-la-obra-munecas-rotas-en-la-casa-de-la-juventud\\\/\"]}]},{\"@type\":\"ImageObject\",\"inLanguage\":\"es\",\"@id\":\"https:\\\/\\\/www.laguiadepamplona.com\\\/actualidad\\\/el-grupo-de-jovenes-teatro-la-madeja-representa-viernes-y-sabado-la-obra-munecas-rotas-en-la-casa-de-la-juventud\\\/#primaryimage\",\"url\":\"https:\\\/\\\/www.laguiadepamplona.com\\\/actualidad\\\/wp-content\\\/uploads\\\/2018\\\/12\\\/munecas-rotas_la-madeja1.jpg\",\"contentUrl\":\"https:\\\/\\\/www.laguiadepamplona.com\\\/actualidad\\\/wp-content\\\/uploads\\\/2018\\\/12\\\/munecas-rotas_la-madeja1.jpg\",\"width\":1000,\"height\":704},{\"@type\":\"BreadcrumbList\",\"@id\":\"https:\\\/\\\/www.laguiadepamplona.com\\\/actualidad\\\/el-grupo-de-jovenes-teatro-la-madeja-representa-viernes-y-sabado-la-obra-munecas-rotas-en-la-casa-de-la-juventud\\\/#breadcrumb\",\"itemListElement\":[{\"@type\":\"ListItem\",\"position\":1,\"name\":\"Portada\",\"item\":\"https:\\\/\\\/www.laguiadepamplona.com\\\/actualidad\\\/\"},{\"@type\":\"ListItem\",\"position\":2,\"name\":\"El grupo de j\u00f3venes Teatro la Madeja representa viernes y s\u00e1bado la obra \u2018Mu\u00f1ecas rotas\u2019 en la Casa de la Juventud\"}]},{\"@type\":\"WebSite\",\"@id\":\"https:\\\/\\\/www.laguiadepamplona.com\\\/actualidad\\\/#website\",\"url\":\"https:\\\/\\\/www.laguiadepamplona.com\\\/actualidad\\\/\",\"name\":\"La gu\u00eda de Pamplona\",\"description\":\"Noticias de Pamplona\",\"publisher\":{\"@id\":\"https:\\\/\\\/www.laguiadepamplona.com\\\/actualidad\\\/#organization\"},\"potentialAction\":[{\"@type\":\"SearchAction\",\"target\":{\"@type\":\"EntryPoint\",\"urlTemplate\":\"https:\\\/\\\/www.laguiadepamplona.com\\\/actualidad\\\/?s={search_term_string}\"},\"query-input\":{\"@type\":\"PropertyValueSpecification\",\"valueRequired\":true,\"valueName\":\"search_term_string\"}}],\"inLanguage\":\"es\"},{\"@type\":\"Organization\",\"@id\":\"https:\\\/\\\/www.laguiadepamplona.com\\\/actualidad\\\/#organization\",\"name\":\"La Gu\u00eda de Pamplona \\\/ Noticias\",\"url\":\"https:\\\/\\\/www.laguiadepamplona.com\\\/actualidad\\\/\",\"logo\":{\"@type\":\"ImageObject\",\"inLanguage\":\"es\",\"@id\":\"https:\\\/\\\/www.laguiadepamplona.com\\\/actualidad\\\/#\\\/schema\\\/logo\\\/image\\\/\",\"url\":\"https:\\\/\\\/www.laguiadepamplona.com\\\/actualidad\\\/wp-content\\\/uploads\\\/2018\\\/11\\\/logo-laguiadepamplona18-web1.png\",\"contentUrl\":\"https:\\\/\\\/www.laguiadepamplona.com\\\/actualidad\\\/wp-content\\\/uploads\\\/2018\\\/11\\\/logo-laguiadepamplona18-web1.png\",\"width\":600,\"height\":196,\"caption\":\"La Gu\u00eda de Pamplona \\\/ Noticias\"},\"image\":{\"@id\":\"https:\\\/\\\/www.laguiadepamplona.com\\\/actualidad\\\/#\\\/schema\\\/logo\\\/image\\\/\"},\"sameAs\":[\"https:\\\/\\\/www.facebook.com\\\/laguiadepamplonacom-133175176762273\\\/?ref=hl\",\"https:\\\/\\\/x.com\\\/LaGuiadPamplona\",\"https:\\\/\\\/www.instagram.com\\\/la_guia_de_pamplona\\\/\",\"https:\\\/\\\/www.youtube.com\\\/user\\\/laguiadepamplona\"]},{\"@type\":\"Person\",\"@id\":\"https:\\\/\\\/www.laguiadepamplona.com\\\/actualidad\\\/#\\\/schema\\\/person\\\/efe887376f0213d4657c93adc50b1fdb\",\"name\":\"La Gu\u00eda de Pamplona\",\"image\":{\"@type\":\"ImageObject\",\"inLanguage\":\"es\",\"@id\":\"https:\\\/\\\/secure.gravatar.com\\\/avatar\\\/b6992f131dc8d30ab0dff15446e9d346d9dbd95992de0fef795073f5ea83a81c?s=96&d=mm&r=g\",\"url\":\"https:\\\/\\\/secure.gravatar.com\\\/avatar\\\/b6992f131dc8d30ab0dff15446e9d346d9dbd95992de0fef795073f5ea83a81c?s=96&d=mm&r=g\",\"contentUrl\":\"https:\\\/\\\/secure.gravatar.com\\\/avatar\\\/b6992f131dc8d30ab0dff15446e9d346d9dbd95992de0fef795073f5ea83a81c?s=96&d=mm&r=g\",\"caption\":\"La Gu\u00eda de Pamplona\"}}]}<\/script>\n<!-- \/ Yoast SEO plugin. -->","yoast_head_json":{"title":"El grupo de j\u00f3venes Teatro la Madeja representa viernes y s\u00e1bado la obra \u2018Mu\u00f1ecas rotas\u2019 en la Casa de la Juventud","robots":{"index":"index","follow":"follow","max-snippet":"max-snippet:-1","max-image-preview":"max-image-preview:large","max-video-preview":"max-video-preview:-1"},"canonical":"https:\/\/www.laguiadepamplona.com\/actualidad\/el-grupo-de-jovenes-teatro-la-madeja-representa-viernes-y-sabado-la-obra-munecas-rotas-en-la-casa-de-la-juventud\/","og_locale":"es_ES","og_type":"article","og_title":"El grupo de j\u00f3venes Teatro la Madeja representa viernes y s\u00e1bado la obra \u2018Mu\u00f1ecas rotas\u2019 en la Casa de la Juventud","og_description":"Las funciones ser\u00e1n a las 18.30 horas y la entrada es libre, previa retirada de invitaciones desde media hora antes","og_url":"https:\/\/www.laguiadepamplona.com\/actualidad\/el-grupo-de-jovenes-teatro-la-madeja-representa-viernes-y-sabado-la-obra-munecas-rotas-en-la-casa-de-la-juventud\/","og_site_name":"La Gu\u00eda de Pamplona","article_publisher":"https:\/\/www.facebook.com\/laguiadepamplonacom-133175176762273\/?ref=hl","article_published_time":"2018-12-27T10:43:23+00:00","og_image":[{"width":1000,"height":704,"url":"https:\/\/www.laguiadepamplona.com\/actualidad\/wp-content\/uploads\/2018\/12\/munecas-rotas_la-madeja1.jpg","type":"image\/jpeg"}],"author":"La Gu\u00eda de Pamplona","twitter_card":"summary_large_image","twitter_creator":"@LaGuiadPamplona","twitter_site":"@LaGuiadPamplona","twitter_misc":{"Escrito por":"La Gu\u00eda de Pamplona","Tiempo de lectura":"1 minuto"},"schema":{"@context":"https:\/\/schema.org","@graph":[{"@type":"Article","@id":"https:\/\/www.laguiadepamplona.com\/actualidad\/el-grupo-de-jovenes-teatro-la-madeja-representa-viernes-y-sabado-la-obra-munecas-rotas-en-la-casa-de-la-juventud\/#article","isPartOf":{"@id":"https:\/\/www.laguiadepamplona.com\/actualidad\/el-grupo-de-jovenes-teatro-la-madeja-representa-viernes-y-sabado-la-obra-munecas-rotas-en-la-casa-de-la-juventud\/"},"author":{"name":"La Gu\u00eda de Pamplona","@id":"https:\/\/www.laguiadepamplona.com\/actualidad\/#\/schema\/person\/efe887376f0213d4657c93adc50b1fdb"},"headline":"El grupo de j\u00f3venes Teatro la Madeja representa viernes y s\u00e1bado la obra \u2018Mu\u00f1ecas rotas\u2019 en la Casa de la Juventud","datePublished":"2018-12-27T10:43:23+00:00","mainEntityOfPage":{"@id":"https:\/\/www.laguiadepamplona.com\/actualidad\/el-grupo-de-jovenes-teatro-la-madeja-representa-viernes-y-sabado-la-obra-munecas-rotas-en-la-casa-de-la-juventud\/"},"wordCount":297,"commentCount":0,"publisher":{"@id":"https:\/\/www.laguiadepamplona.com\/actualidad\/#organization"},"image":{"@id":"https:\/\/www.laguiadepamplona.com\/actualidad\/el-grupo-de-jovenes-teatro-la-madeja-representa-viernes-y-sabado-la-obra-munecas-rotas-en-la-casa-de-la-juventud\/#primaryimage"},"thumbnailUrl":"https:\/\/www.laguiadepamplona.com\/actualidad\/wp-content\/uploads\/2018\/12\/munecas-rotas_la-madeja1.jpg","articleSection":["Ayto Pamplona"],"inLanguage":"es","potentialAction":[{"@type":"CommentAction","name":"Comment","target":["https:\/\/www.laguiadepamplona.com\/actualidad\/el-grupo-de-jovenes-teatro-la-madeja-representa-viernes-y-sabado-la-obra-munecas-rotas-en-la-casa-de-la-juventud\/#respond"]}]},{"@type":"WebPage","@id":"https:\/\/www.laguiadepamplona.com\/actualidad\/el-grupo-de-jovenes-teatro-la-madeja-representa-viernes-y-sabado-la-obra-munecas-rotas-en-la-casa-de-la-juventud\/","url":"https:\/\/www.laguiadepamplona.com\/actualidad\/el-grupo-de-jovenes-teatro-la-madeja-representa-viernes-y-sabado-la-obra-munecas-rotas-en-la-casa-de-la-juventud\/","name":"El grupo de j\u00f3venes Teatro la Madeja representa viernes y s\u00e1bado la obra \u2018Mu\u00f1ecas rotas\u2019 en la Casa de la Juventud","isPartOf":{"@id":"https:\/\/www.laguiadepamplona.com\/actualidad\/#website"},"primaryImageOfPage":{"@id":"https:\/\/www.laguiadepamplona.com\/actualidad\/el-grupo-de-jovenes-teatro-la-madeja-representa-viernes-y-sabado-la-obra-munecas-rotas-en-la-casa-de-la-juventud\/#primaryimage"},"image":{"@id":"https:\/\/www.laguiadepamplona.com\/actualidad\/el-grupo-de-jovenes-teatro-la-madeja-representa-viernes-y-sabado-la-obra-munecas-rotas-en-la-casa-de-la-juventud\/#primaryimage"},"thumbnailUrl":"https:\/\/www.laguiadepamplona.com\/actualidad\/wp-content\/uploads\/2018\/12\/munecas-rotas_la-madeja1.jpg","datePublished":"2018-12-27T10:43:23+00:00","breadcrumb":{"@id":"https:\/\/www.laguiadepamplona.com\/actualidad\/el-grupo-de-jovenes-teatro-la-madeja-representa-viernes-y-sabado-la-obra-munecas-rotas-en-la-casa-de-la-juventud\/#breadcrumb"},"inLanguage":"es","potentialAction":[{"@type":"ReadAction","target":["https:\/\/www.laguiadepamplona.com\/actualidad\/el-grupo-de-jovenes-teatro-la-madeja-representa-viernes-y-sabado-la-obra-munecas-rotas-en-la-casa-de-la-juventud\/"]}]},{"@type":"ImageObject","inLanguage":"es","@id":"https:\/\/www.laguiadepamplona.com\/actualidad\/el-grupo-de-jovenes-teatro-la-madeja-representa-viernes-y-sabado-la-obra-munecas-rotas-en-la-casa-de-la-juventud\/#primaryimage","url":"https:\/\/www.laguiadepamplona.com\/actualidad\/wp-content\/uploads\/2018\/12\/munecas-rotas_la-madeja1.jpg","contentUrl":"https:\/\/www.laguiadepamplona.com\/actualidad\/wp-content\/uploads\/2018\/12\/munecas-rotas_la-madeja1.jpg","width":1000,"height":704},{"@type":"BreadcrumbList","@id":"https:\/\/www.laguiadepamplona.com\/actualidad\/el-grupo-de-jovenes-teatro-la-madeja-representa-viernes-y-sabado-la-obra-munecas-rotas-en-la-casa-de-la-juventud\/#breadcrumb","itemListElement":[{"@type":"ListItem","position":1,"name":"Portada","item":"https:\/\/www.laguiadepamplona.com\/actualidad\/"},{"@type":"ListItem","position":2,"name":"El grupo de j\u00f3venes Teatro la Madeja representa viernes y s\u00e1bado la obra \u2018Mu\u00f1ecas rotas\u2019 en la Casa de la Juventud"}]},{"@type":"WebSite","@id":"https:\/\/www.laguiadepamplona.com\/actualidad\/#website","url":"https:\/\/www.laguiadepamplona.com\/actualidad\/","name":"La gu\u00eda de Pamplona","description":"Noticias de Pamplona","publisher":{"@id":"https:\/\/www.laguiadepamplona.com\/actualidad\/#organization"},"potentialAction":[{"@type":"SearchAction","target":{"@type":"EntryPoint","urlTemplate":"https:\/\/www.laguiadepamplona.com\/actualidad\/?s={search_term_string}"},"query-input":{"@type":"PropertyValueSpecification","valueRequired":true,"valueName":"search_term_string"}}],"inLanguage":"es"},{"@type":"Organization","@id":"https:\/\/www.laguiadepamplona.com\/actualidad\/#organization","name":"La Gu\u00eda de Pamplona \/ Noticias","url":"https:\/\/www.laguiadepamplona.com\/actualidad\/","logo":{"@type":"ImageObject","inLanguage":"es","@id":"https:\/\/www.laguiadepamplona.com\/actualidad\/#\/schema\/logo\/image\/","url":"https:\/\/www.laguiadepamplona.com\/actualidad\/wp-content\/uploads\/2018\/11\/logo-laguiadepamplona18-web1.png","contentUrl":"https:\/\/www.laguiadepamplona.com\/actualidad\/wp-content\/uploads\/2018\/11\/logo-laguiadepamplona18-web1.png","width":600,"height":196,"caption":"La Gu\u00eda de Pamplona \/ Noticias"},"image":{"@id":"https:\/\/www.laguiadepamplona.com\/actualidad\/#\/schema\/logo\/image\/"},"sameAs":["https:\/\/www.facebook.com\/laguiadepamplonacom-133175176762273\/?ref=hl","https:\/\/x.com\/LaGuiadPamplona","https:\/\/www.instagram.com\/la_guia_de_pamplona\/","https:\/\/www.youtube.com\/user\/laguiadepamplona"]},{"@type":"Person","@id":"https:\/\/www.laguiadepamplona.com\/actualidad\/#\/schema\/person\/efe887376f0213d4657c93adc50b1fdb","name":"La Gu\u00eda de Pamplona","image":{"@type":"ImageObject","inLanguage":"es","@id":"https:\/\/secure.gravatar.com\/avatar\/b6992f131dc8d30ab0dff15446e9d346d9dbd95992de0fef795073f5ea83a81c?s=96&d=mm&r=g","url":"https:\/\/secure.gravatar.com\/avatar\/b6992f131dc8d30ab0dff15446e9d346d9dbd95992de0fef795073f5ea83a81c?s=96&d=mm&r=g","contentUrl":"https:\/\/secure.gravatar.com\/avatar\/b6992f131dc8d30ab0dff15446e9d346d9dbd95992de0fef795073f5ea83a81c?s=96&d=mm&r=g","caption":"La Gu\u00eda de Pamplona"}}]}},"post_mailing_queue_ids":[],"_links":{"self":[{"href":"https:\/\/www.laguiadepamplona.com\/actualidad\/wp-json\/wp\/v2\/posts\/19932","targetHints":{"allow":["GET"]}}],"collection":[{"href":"https:\/\/www.laguiadepamplona.com\/actualidad\/wp-json\/wp\/v2\/posts"}],"about":[{"href":"https:\/\/www.laguiadepamplona.com\/actualidad\/wp-json\/wp\/v2\/types\/post"}],"author":[{"embeddable":true,"href":"https:\/\/www.laguiadepamplona.com\/actualidad\/wp-json\/wp\/v2\/users\/1"}],"replies":[{"embeddable":true,"href":"https:\/\/www.laguiadepamplona.com\/actualidad\/wp-json\/wp\/v2\/comments?post=19932"}],"version-history":[{"count":0,"href":"https:\/\/www.laguiadepamplona.com\/actualidad\/wp-json\/wp\/v2\/posts\/19932\/revisions"}],"wp:featuredmedia":[{"embeddable":true,"href":"https:\/\/www.laguiadepamplona.com\/actualidad\/wp-json\/wp\/v2\/media\/19934"}],"wp:attachment":[{"href":"https:\/\/www.laguiadepamplona.com\/actualidad\/wp-json\/wp\/v2\/media?parent=19932"}],"wp:term":[{"taxonomy":"category","embeddable":true,"href":"https:\/\/www.laguiadepamplona.com\/actualidad\/wp-json\/wp\/v2\/categories?post=19932"},{"taxonomy":"post_tag","embeddable":true,"href":"https:\/\/www.laguiadepamplona.com\/actualidad\/wp-json\/wp\/v2\/tags?post=19932"}],"curies":[{"name":"wp","href":"https:\/\/api.w.org\/{rel}","templated":true}]}}