{"id":19925,"date":"2018-12-27T12:36:09","date_gmt":"2018-12-27T10:36:09","guid":{"rendered":"https:\/\/www.laguiadepamplona.es\/actualidad\/?p=19925"},"modified":"2018-12-27T12:36:09","modified_gmt":"2018-12-27T10:36:09","slug":"la-casa-de-la-juventud-acoge-la-exposicion-aida-un-campo-de-enfrentamiento-de-la-navarra-idoia-gaston","status":"publish","type":"post","link":"https:\/\/www.laguiadepamplona.com\/actualidad\/la-casa-de-la-juventud-acoge-la-exposicion-aida-un-campo-de-enfrentamiento-de-la-navarra-idoia-gaston\/","title":{"rendered":"La Casa de la Juventud acoge la exposici\u00f3n \u2018Aida: un campo de enfrentamiento\u2019, de la navarra Idoia Gast\u00f3n"},"content":{"rendered":"<p><!--more--><\/p>\n<h3>La periodista ofrecer\u00e1 una charla ma\u00f1ana viernes a partir de las 19.30 horas, con entrada libre<\/h3>\n<p><a href=\"https:\/\/www.laguiadepamplona.es\/actualidad\/wp-content\/uploads\/2018\/12\/aida-un-campo-enfrentamiento.jpg\"><img loading=\"lazy\" decoding=\"async\" class=\"alignleft size-medium wp-image-19926\" src=\"https:\/\/www.laguiadepamplona.es\/actualidad\/wp-content\/uploads\/2018\/12\/aida-un-campo-enfrentamiento-212x300.jpg\" alt=\"\" width=\"212\" height=\"300\" srcset=\"https:\/\/www.laguiadepamplona.com\/actualidad\/wp-content\/uploads\/2018\/12\/aida-un-campo-enfrentamiento-212x300.jpg 212w, https:\/\/www.laguiadepamplona.com\/actualidad\/wp-content\/uploads\/2018\/12\/aida-un-campo-enfrentamiento-768x1086.jpg 768w, https:\/\/www.laguiadepamplona.com\/actualidad\/wp-content\/uploads\/2018\/12\/aida-un-campo-enfrentamiento-482x682.jpg 482w, https:\/\/www.laguiadepamplona.com\/actualidad\/wp-content\/uploads\/2018\/12\/aida-un-campo-enfrentamiento-640x905.jpg 640w, https:\/\/www.laguiadepamplona.com\/actualidad\/wp-content\/uploads\/2018\/12\/aida-un-campo-enfrentamiento.jpg 1000w\" sizes=\"auto, (max-width: 212px) 100vw, 212px\" \/><\/a>La Casa de la Juventud acoge desde el 28 de diciembre hasta el 13 de enero la exposici\u00f3n \u2018Aida: un campo de enfrentamiento\u2019, realizada por la joven periodista navarra Idoia Gast\u00f3n. Esta exposici\u00f3n de fotograf\u00edas surgi\u00f3 tras la visita al campo de refugiados Aida, en Bel\u00e9n (Palestina). Este campo de refugiados fue establecido por la Agencia de Naciones Unidas para los Refugiados de Palestina en Oriente Pr\u00f3ximo en 1950 y en \u00e9l viven unas 5.000 personas en condiciones deficientes, sin agua potable o con restricciones, sin servicios p\u00fablicos de limpieza y con unas defectuosas infraestructuras. Un 70% de la poblaci\u00f3n, sobre todo los j\u00f3venes, sufre el desempleo. Sus habitantes proceden de 43 pueblos localizados en Israel y destruidos en las guerras de 1948 y 1967.<\/p>\n<p>Las fotograf\u00edas muestran personas que Idoia conoci\u00f3 en la calle, j\u00f3venes, ni\u00f1os y mayores. Fotografi\u00f3 la vida en el campo, la tensi\u00f3n del conflicto con Israel, soldados y civiles con armas, puestos de control dentro de ciudades, torres de vigilancia, muros\u2026<\/p>\n<p>La exposici\u00f3n se inaugura con una charla en la que explicar\u00e1 las\u00a0fotograf\u00edas seleccionadas,\u00a0que reflejan\u00a0el d\u00eda a d\u00eda en el campo de refugiados A\u00edda,\u00a0a trav\u00e9s de la perspectiva y las lentes de la c\u00e1mara de la periodista. La charla ser\u00e1 el viernes a las 19.30 horas en la Casa de la Juventud, con entrada libre. El objetivo de la exposici\u00f3n es mostrar la situaci\u00f3n de tensi\u00f3n y continuos enfrentamientos de Israel y Palestina y sensibilizar sobre el conflicto.<\/p>\n<p>Idoia Gast\u00f3n (Estella, 1983) ha trabajado como periodista en distintos medios y agencias de comunicaci\u00f3n en Espa\u00f1a y en el extranjero. En la actualidad, es estudiante en una escuela de cooperaci\u00f3n en Inglaterra y se prepara para realizar en los pr\u00f3ximos meses un proyecto de voluntariado en Zambia.<\/p>\n","protected":false},"excerpt":{"rendered":"","protected":false},"author":1,"featured_media":19927,"comment_status":"open","ping_status":"closed","sticky":false,"template":"","format":"standard","meta":{"footnotes":""},"categories":[2],"tags":[],"class_list":["post-19925","post","type-post","status-publish","format-standard","has-post-thumbnail","hentry","category-ayuntamiento-pamplona"],"yoast_head":"<!-- This site is optimized with the Yoast SEO plugin v27.3 - https:\/\/yoast.com\/product\/yoast-seo-wordpress\/ -->\n<title>La Casa de la Juventud acoge la exposici\u00f3n \u2018Aida: un campo de enfrentamiento\u2019, de la navarra Idoia Gast\u00f3n<\/title>\n<meta name=\"robots\" content=\"index, follow, max-snippet:-1, max-image-preview:large, max-video-preview:-1\" \/>\n<link rel=\"canonical\" href=\"https:\/\/www.laguiadepamplona.com\/actualidad\/la-casa-de-la-juventud-acoge-la-exposicion-aida-un-campo-de-enfrentamiento-de-la-navarra-idoia-gaston\/\" \/>\n<meta property=\"og:locale\" content=\"es_ES\" \/>\n<meta property=\"og:type\" content=\"article\" \/>\n<meta property=\"og:title\" content=\"La Casa de la Juventud acoge la exposici\u00f3n \u2018Aida: un campo de enfrentamiento\u2019, de la navarra Idoia Gast\u00f3n\" \/>\n<meta property=\"og:url\" content=\"https:\/\/www.laguiadepamplona.com\/actualidad\/la-casa-de-la-juventud-acoge-la-exposicion-aida-un-campo-de-enfrentamiento-de-la-navarra-idoia-gaston\/\" \/>\n<meta property=\"og:site_name\" content=\"La Gu\u00eda de Pamplona\" \/>\n<meta property=\"article:publisher\" content=\"https:\/\/www.facebook.com\/laguiadepamplonacom-133175176762273\/?ref=hl\" \/>\n<meta property=\"article:published_time\" content=\"2018-12-27T10:36:09+00:00\" \/>\n<meta property=\"og:image\" content=\"https:\/\/www.laguiadepamplona.com\/actualidad\/wp-content\/uploads\/2018\/12\/aida-un-campo-enfrentamiento1.jpg\" \/>\n\t<meta property=\"og:image:width\" content=\"1000\" \/>\n\t<meta property=\"og:image:height\" content=\"617\" \/>\n\t<meta property=\"og:image:type\" content=\"image\/jpeg\" \/>\n<meta name=\"author\" content=\"La Gu\u00eda de Pamplona\" \/>\n<meta name=\"twitter:card\" content=\"summary_large_image\" \/>\n<meta name=\"twitter:creator\" content=\"@LaGuiadPamplona\" \/>\n<meta name=\"twitter:site\" content=\"@LaGuiadPamplona\" \/>\n<meta name=\"twitter:label1\" content=\"Escrito por\" \/>\n\t<meta name=\"twitter:data1\" content=\"La Gu\u00eda de Pamplona\" \/>\n\t<meta name=\"twitter:label2\" content=\"Tiempo de lectura\" \/>\n\t<meta name=\"twitter:data2\" content=\"2 minutos\" \/>\n<script type=\"application\/ld+json\" class=\"yoast-schema-graph\">{\"@context\":\"https:\\\/\\\/schema.org\",\"@graph\":[{\"@type\":\"Article\",\"@id\":\"https:\\\/\\\/www.laguiadepamplona.com\\\/actualidad\\\/la-casa-de-la-juventud-acoge-la-exposicion-aida-un-campo-de-enfrentamiento-de-la-navarra-idoia-gaston\\\/#article\",\"isPartOf\":{\"@id\":\"https:\\\/\\\/www.laguiadepamplona.com\\\/actualidad\\\/la-casa-de-la-juventud-acoge-la-exposicion-aida-un-campo-de-enfrentamiento-de-la-navarra-idoia-gaston\\\/\"},\"author\":{\"name\":\"La Gu\u00eda de Pamplona\",\"@id\":\"https:\\\/\\\/www.laguiadepamplona.com\\\/actualidad\\\/#\\\/schema\\\/person\\\/efe887376f0213d4657c93adc50b1fdb\"},\"headline\":\"La Casa de la Juventud acoge la exposici\u00f3n \u2018Aida: un campo de enfrentamiento\u2019, de la navarra Idoia Gast\u00f3n\",\"datePublished\":\"2018-12-27T10:36:09+00:00\",\"mainEntityOfPage\":{\"@id\":\"https:\\\/\\\/www.laguiadepamplona.com\\\/actualidad\\\/la-casa-de-la-juventud-acoge-la-exposicion-aida-un-campo-de-enfrentamiento-de-la-navarra-idoia-gaston\\\/\"},\"wordCount\":349,\"commentCount\":0,\"publisher\":{\"@id\":\"https:\\\/\\\/www.laguiadepamplona.com\\\/actualidad\\\/#organization\"},\"image\":{\"@id\":\"https:\\\/\\\/www.laguiadepamplona.com\\\/actualidad\\\/la-casa-de-la-juventud-acoge-la-exposicion-aida-un-campo-de-enfrentamiento-de-la-navarra-idoia-gaston\\\/#primaryimage\"},\"thumbnailUrl\":\"https:\\\/\\\/www.laguiadepamplona.com\\\/actualidad\\\/wp-content\\\/uploads\\\/2018\\\/12\\\/aida-un-campo-enfrentamiento1.jpg\",\"articleSection\":[\"Ayto Pamplona\"],\"inLanguage\":\"es\",\"potentialAction\":[{\"@type\":\"CommentAction\",\"name\":\"Comment\",\"target\":[\"https:\\\/\\\/www.laguiadepamplona.com\\\/actualidad\\\/la-casa-de-la-juventud-acoge-la-exposicion-aida-un-campo-de-enfrentamiento-de-la-navarra-idoia-gaston\\\/#respond\"]}]},{\"@type\":\"WebPage\",\"@id\":\"https:\\\/\\\/www.laguiadepamplona.com\\\/actualidad\\\/la-casa-de-la-juventud-acoge-la-exposicion-aida-un-campo-de-enfrentamiento-de-la-navarra-idoia-gaston\\\/\",\"url\":\"https:\\\/\\\/www.laguiadepamplona.com\\\/actualidad\\\/la-casa-de-la-juventud-acoge-la-exposicion-aida-un-campo-de-enfrentamiento-de-la-navarra-idoia-gaston\\\/\",\"name\":\"La Casa de la Juventud acoge la exposici\u00f3n \u2018Aida: un campo de enfrentamiento\u2019, de la navarra Idoia Gast\u00f3n\",\"isPartOf\":{\"@id\":\"https:\\\/\\\/www.laguiadepamplona.com\\\/actualidad\\\/#website\"},\"primaryImageOfPage\":{\"@id\":\"https:\\\/\\\/www.laguiadepamplona.com\\\/actualidad\\\/la-casa-de-la-juventud-acoge-la-exposicion-aida-un-campo-de-enfrentamiento-de-la-navarra-idoia-gaston\\\/#primaryimage\"},\"image\":{\"@id\":\"https:\\\/\\\/www.laguiadepamplona.com\\\/actualidad\\\/la-casa-de-la-juventud-acoge-la-exposicion-aida-un-campo-de-enfrentamiento-de-la-navarra-idoia-gaston\\\/#primaryimage\"},\"thumbnailUrl\":\"https:\\\/\\\/www.laguiadepamplona.com\\\/actualidad\\\/wp-content\\\/uploads\\\/2018\\\/12\\\/aida-un-campo-enfrentamiento1.jpg\",\"datePublished\":\"2018-12-27T10:36:09+00:00\",\"breadcrumb\":{\"@id\":\"https:\\\/\\\/www.laguiadepamplona.com\\\/actualidad\\\/la-casa-de-la-juventud-acoge-la-exposicion-aida-un-campo-de-enfrentamiento-de-la-navarra-idoia-gaston\\\/#breadcrumb\"},\"inLanguage\":\"es\",\"potentialAction\":[{\"@type\":\"ReadAction\",\"target\":[\"https:\\\/\\\/www.laguiadepamplona.com\\\/actualidad\\\/la-casa-de-la-juventud-acoge-la-exposicion-aida-un-campo-de-enfrentamiento-de-la-navarra-idoia-gaston\\\/\"]}]},{\"@type\":\"ImageObject\",\"inLanguage\":\"es\",\"@id\":\"https:\\\/\\\/www.laguiadepamplona.com\\\/actualidad\\\/la-casa-de-la-juventud-acoge-la-exposicion-aida-un-campo-de-enfrentamiento-de-la-navarra-idoia-gaston\\\/#primaryimage\",\"url\":\"https:\\\/\\\/www.laguiadepamplona.com\\\/actualidad\\\/wp-content\\\/uploads\\\/2018\\\/12\\\/aida-un-campo-enfrentamiento1.jpg\",\"contentUrl\":\"https:\\\/\\\/www.laguiadepamplona.com\\\/actualidad\\\/wp-content\\\/uploads\\\/2018\\\/12\\\/aida-un-campo-enfrentamiento1.jpg\",\"width\":1000,\"height\":617},{\"@type\":\"BreadcrumbList\",\"@id\":\"https:\\\/\\\/www.laguiadepamplona.com\\\/actualidad\\\/la-casa-de-la-juventud-acoge-la-exposicion-aida-un-campo-de-enfrentamiento-de-la-navarra-idoia-gaston\\\/#breadcrumb\",\"itemListElement\":[{\"@type\":\"ListItem\",\"position\":1,\"name\":\"Portada\",\"item\":\"https:\\\/\\\/www.laguiadepamplona.com\\\/actualidad\\\/\"},{\"@type\":\"ListItem\",\"position\":2,\"name\":\"La Casa de la Juventud acoge la exposici\u00f3n \u2018Aida: un campo de enfrentamiento\u2019, de la navarra Idoia Gast\u00f3n\"}]},{\"@type\":\"WebSite\",\"@id\":\"https:\\\/\\\/www.laguiadepamplona.com\\\/actualidad\\\/#website\",\"url\":\"https:\\\/\\\/www.laguiadepamplona.com\\\/actualidad\\\/\",\"name\":\"La gu\u00eda de Pamplona\",\"description\":\"Noticias de Pamplona\",\"publisher\":{\"@id\":\"https:\\\/\\\/www.laguiadepamplona.com\\\/actualidad\\\/#organization\"},\"potentialAction\":[{\"@type\":\"SearchAction\",\"target\":{\"@type\":\"EntryPoint\",\"urlTemplate\":\"https:\\\/\\\/www.laguiadepamplona.com\\\/actualidad\\\/?s={search_term_string}\"},\"query-input\":{\"@type\":\"PropertyValueSpecification\",\"valueRequired\":true,\"valueName\":\"search_term_string\"}}],\"inLanguage\":\"es\"},{\"@type\":\"Organization\",\"@id\":\"https:\\\/\\\/www.laguiadepamplona.com\\\/actualidad\\\/#organization\",\"name\":\"La Gu\u00eda de Pamplona \\\/ Noticias\",\"url\":\"https:\\\/\\\/www.laguiadepamplona.com\\\/actualidad\\\/\",\"logo\":{\"@type\":\"ImageObject\",\"inLanguage\":\"es\",\"@id\":\"https:\\\/\\\/www.laguiadepamplona.com\\\/actualidad\\\/#\\\/schema\\\/logo\\\/image\\\/\",\"url\":\"https:\\\/\\\/www.laguiadepamplona.com\\\/actualidad\\\/wp-content\\\/uploads\\\/2018\\\/11\\\/logo-laguiadepamplona18-web1.png\",\"contentUrl\":\"https:\\\/\\\/www.laguiadepamplona.com\\\/actualidad\\\/wp-content\\\/uploads\\\/2018\\\/11\\\/logo-laguiadepamplona18-web1.png\",\"width\":600,\"height\":196,\"caption\":\"La Gu\u00eda de Pamplona \\\/ Noticias\"},\"image\":{\"@id\":\"https:\\\/\\\/www.laguiadepamplona.com\\\/actualidad\\\/#\\\/schema\\\/logo\\\/image\\\/\"},\"sameAs\":[\"https:\\\/\\\/www.facebook.com\\\/laguiadepamplonacom-133175176762273\\\/?ref=hl\",\"https:\\\/\\\/x.com\\\/LaGuiadPamplona\",\"https:\\\/\\\/www.instagram.com\\\/la_guia_de_pamplona\\\/\",\"https:\\\/\\\/www.youtube.com\\\/user\\\/laguiadepamplona\"]},{\"@type\":\"Person\",\"@id\":\"https:\\\/\\\/www.laguiadepamplona.com\\\/actualidad\\\/#\\\/schema\\\/person\\\/efe887376f0213d4657c93adc50b1fdb\",\"name\":\"La Gu\u00eda de Pamplona\",\"image\":{\"@type\":\"ImageObject\",\"inLanguage\":\"es\",\"@id\":\"https:\\\/\\\/secure.gravatar.com\\\/avatar\\\/b6992f131dc8d30ab0dff15446e9d346d9dbd95992de0fef795073f5ea83a81c?s=96&d=mm&r=g\",\"url\":\"https:\\\/\\\/secure.gravatar.com\\\/avatar\\\/b6992f131dc8d30ab0dff15446e9d346d9dbd95992de0fef795073f5ea83a81c?s=96&d=mm&r=g\",\"contentUrl\":\"https:\\\/\\\/secure.gravatar.com\\\/avatar\\\/b6992f131dc8d30ab0dff15446e9d346d9dbd95992de0fef795073f5ea83a81c?s=96&d=mm&r=g\",\"caption\":\"La Gu\u00eda de Pamplona\"}}]}<\/script>\n<!-- \/ Yoast SEO plugin. -->","yoast_head_json":{"title":"La Casa de la Juventud acoge la exposici\u00f3n \u2018Aida: un campo de enfrentamiento\u2019, de la navarra Idoia Gast\u00f3n","robots":{"index":"index","follow":"follow","max-snippet":"max-snippet:-1","max-image-preview":"max-image-preview:large","max-video-preview":"max-video-preview:-1"},"canonical":"https:\/\/www.laguiadepamplona.com\/actualidad\/la-casa-de-la-juventud-acoge-la-exposicion-aida-un-campo-de-enfrentamiento-de-la-navarra-idoia-gaston\/","og_locale":"es_ES","og_type":"article","og_title":"La Casa de la Juventud acoge la exposici\u00f3n \u2018Aida: un campo de enfrentamiento\u2019, de la navarra Idoia Gast\u00f3n","og_url":"https:\/\/www.laguiadepamplona.com\/actualidad\/la-casa-de-la-juventud-acoge-la-exposicion-aida-un-campo-de-enfrentamiento-de-la-navarra-idoia-gaston\/","og_site_name":"La Gu\u00eda de Pamplona","article_publisher":"https:\/\/www.facebook.com\/laguiadepamplonacom-133175176762273\/?ref=hl","article_published_time":"2018-12-27T10:36:09+00:00","og_image":[{"width":1000,"height":617,"url":"https:\/\/www.laguiadepamplona.com\/actualidad\/wp-content\/uploads\/2018\/12\/aida-un-campo-enfrentamiento1.jpg","type":"image\/jpeg"}],"author":"La Gu\u00eda de Pamplona","twitter_card":"summary_large_image","twitter_creator":"@LaGuiadPamplona","twitter_site":"@LaGuiadPamplona","twitter_misc":{"Escrito por":"La Gu\u00eda de Pamplona","Tiempo de lectura":"2 minutos"},"schema":{"@context":"https:\/\/schema.org","@graph":[{"@type":"Article","@id":"https:\/\/www.laguiadepamplona.com\/actualidad\/la-casa-de-la-juventud-acoge-la-exposicion-aida-un-campo-de-enfrentamiento-de-la-navarra-idoia-gaston\/#article","isPartOf":{"@id":"https:\/\/www.laguiadepamplona.com\/actualidad\/la-casa-de-la-juventud-acoge-la-exposicion-aida-un-campo-de-enfrentamiento-de-la-navarra-idoia-gaston\/"},"author":{"name":"La Gu\u00eda de Pamplona","@id":"https:\/\/www.laguiadepamplona.com\/actualidad\/#\/schema\/person\/efe887376f0213d4657c93adc50b1fdb"},"headline":"La Casa de la Juventud acoge la exposici\u00f3n \u2018Aida: un campo de enfrentamiento\u2019, de la navarra Idoia Gast\u00f3n","datePublished":"2018-12-27T10:36:09+00:00","mainEntityOfPage":{"@id":"https:\/\/www.laguiadepamplona.com\/actualidad\/la-casa-de-la-juventud-acoge-la-exposicion-aida-un-campo-de-enfrentamiento-de-la-navarra-idoia-gaston\/"},"wordCount":349,"commentCount":0,"publisher":{"@id":"https:\/\/www.laguiadepamplona.com\/actualidad\/#organization"},"image":{"@id":"https:\/\/www.laguiadepamplona.com\/actualidad\/la-casa-de-la-juventud-acoge-la-exposicion-aida-un-campo-de-enfrentamiento-de-la-navarra-idoia-gaston\/#primaryimage"},"thumbnailUrl":"https:\/\/www.laguiadepamplona.com\/actualidad\/wp-content\/uploads\/2018\/12\/aida-un-campo-enfrentamiento1.jpg","articleSection":["Ayto Pamplona"],"inLanguage":"es","potentialAction":[{"@type":"CommentAction","name":"Comment","target":["https:\/\/www.laguiadepamplona.com\/actualidad\/la-casa-de-la-juventud-acoge-la-exposicion-aida-un-campo-de-enfrentamiento-de-la-navarra-idoia-gaston\/#respond"]}]},{"@type":"WebPage","@id":"https:\/\/www.laguiadepamplona.com\/actualidad\/la-casa-de-la-juventud-acoge-la-exposicion-aida-un-campo-de-enfrentamiento-de-la-navarra-idoia-gaston\/","url":"https:\/\/www.laguiadepamplona.com\/actualidad\/la-casa-de-la-juventud-acoge-la-exposicion-aida-un-campo-de-enfrentamiento-de-la-navarra-idoia-gaston\/","name":"La Casa de la Juventud acoge la exposici\u00f3n \u2018Aida: un campo de enfrentamiento\u2019, de la navarra Idoia Gast\u00f3n","isPartOf":{"@id":"https:\/\/www.laguiadepamplona.com\/actualidad\/#website"},"primaryImageOfPage":{"@id":"https:\/\/www.laguiadepamplona.com\/actualidad\/la-casa-de-la-juventud-acoge-la-exposicion-aida-un-campo-de-enfrentamiento-de-la-navarra-idoia-gaston\/#primaryimage"},"image":{"@id":"https:\/\/www.laguiadepamplona.com\/actualidad\/la-casa-de-la-juventud-acoge-la-exposicion-aida-un-campo-de-enfrentamiento-de-la-navarra-idoia-gaston\/#primaryimage"},"thumbnailUrl":"https:\/\/www.laguiadepamplona.com\/actualidad\/wp-content\/uploads\/2018\/12\/aida-un-campo-enfrentamiento1.jpg","datePublished":"2018-12-27T10:36:09+00:00","breadcrumb":{"@id":"https:\/\/www.laguiadepamplona.com\/actualidad\/la-casa-de-la-juventud-acoge-la-exposicion-aida-un-campo-de-enfrentamiento-de-la-navarra-idoia-gaston\/#breadcrumb"},"inLanguage":"es","potentialAction":[{"@type":"ReadAction","target":["https:\/\/www.laguiadepamplona.com\/actualidad\/la-casa-de-la-juventud-acoge-la-exposicion-aida-un-campo-de-enfrentamiento-de-la-navarra-idoia-gaston\/"]}]},{"@type":"ImageObject","inLanguage":"es","@id":"https:\/\/www.laguiadepamplona.com\/actualidad\/la-casa-de-la-juventud-acoge-la-exposicion-aida-un-campo-de-enfrentamiento-de-la-navarra-idoia-gaston\/#primaryimage","url":"https:\/\/www.laguiadepamplona.com\/actualidad\/wp-content\/uploads\/2018\/12\/aida-un-campo-enfrentamiento1.jpg","contentUrl":"https:\/\/www.laguiadepamplona.com\/actualidad\/wp-content\/uploads\/2018\/12\/aida-un-campo-enfrentamiento1.jpg","width":1000,"height":617},{"@type":"BreadcrumbList","@id":"https:\/\/www.laguiadepamplona.com\/actualidad\/la-casa-de-la-juventud-acoge-la-exposicion-aida-un-campo-de-enfrentamiento-de-la-navarra-idoia-gaston\/#breadcrumb","itemListElement":[{"@type":"ListItem","position":1,"name":"Portada","item":"https:\/\/www.laguiadepamplona.com\/actualidad\/"},{"@type":"ListItem","position":2,"name":"La Casa de la Juventud acoge la exposici\u00f3n \u2018Aida: un campo de enfrentamiento\u2019, de la navarra Idoia Gast\u00f3n"}]},{"@type":"WebSite","@id":"https:\/\/www.laguiadepamplona.com\/actualidad\/#website","url":"https:\/\/www.laguiadepamplona.com\/actualidad\/","name":"La gu\u00eda de Pamplona","description":"Noticias de Pamplona","publisher":{"@id":"https:\/\/www.laguiadepamplona.com\/actualidad\/#organization"},"potentialAction":[{"@type":"SearchAction","target":{"@type":"EntryPoint","urlTemplate":"https:\/\/www.laguiadepamplona.com\/actualidad\/?s={search_term_string}"},"query-input":{"@type":"PropertyValueSpecification","valueRequired":true,"valueName":"search_term_string"}}],"inLanguage":"es"},{"@type":"Organization","@id":"https:\/\/www.laguiadepamplona.com\/actualidad\/#organization","name":"La Gu\u00eda de Pamplona \/ Noticias","url":"https:\/\/www.laguiadepamplona.com\/actualidad\/","logo":{"@type":"ImageObject","inLanguage":"es","@id":"https:\/\/www.laguiadepamplona.com\/actualidad\/#\/schema\/logo\/image\/","url":"https:\/\/www.laguiadepamplona.com\/actualidad\/wp-content\/uploads\/2018\/11\/logo-laguiadepamplona18-web1.png","contentUrl":"https:\/\/www.laguiadepamplona.com\/actualidad\/wp-content\/uploads\/2018\/11\/logo-laguiadepamplona18-web1.png","width":600,"height":196,"caption":"La Gu\u00eda de Pamplona \/ Noticias"},"image":{"@id":"https:\/\/www.laguiadepamplona.com\/actualidad\/#\/schema\/logo\/image\/"},"sameAs":["https:\/\/www.facebook.com\/laguiadepamplonacom-133175176762273\/?ref=hl","https:\/\/x.com\/LaGuiadPamplona","https:\/\/www.instagram.com\/la_guia_de_pamplona\/","https:\/\/www.youtube.com\/user\/laguiadepamplona"]},{"@type":"Person","@id":"https:\/\/www.laguiadepamplona.com\/actualidad\/#\/schema\/person\/efe887376f0213d4657c93adc50b1fdb","name":"La Gu\u00eda de Pamplona","image":{"@type":"ImageObject","inLanguage":"es","@id":"https:\/\/secure.gravatar.com\/avatar\/b6992f131dc8d30ab0dff15446e9d346d9dbd95992de0fef795073f5ea83a81c?s=96&d=mm&r=g","url":"https:\/\/secure.gravatar.com\/avatar\/b6992f131dc8d30ab0dff15446e9d346d9dbd95992de0fef795073f5ea83a81c?s=96&d=mm&r=g","contentUrl":"https:\/\/secure.gravatar.com\/avatar\/b6992f131dc8d30ab0dff15446e9d346d9dbd95992de0fef795073f5ea83a81c?s=96&d=mm&r=g","caption":"La Gu\u00eda de Pamplona"}}]}},"post_mailing_queue_ids":[],"_links":{"self":[{"href":"https:\/\/www.laguiadepamplona.com\/actualidad\/wp-json\/wp\/v2\/posts\/19925","targetHints":{"allow":["GET"]}}],"collection":[{"href":"https:\/\/www.laguiadepamplona.com\/actualidad\/wp-json\/wp\/v2\/posts"}],"about":[{"href":"https:\/\/www.laguiadepamplona.com\/actualidad\/wp-json\/wp\/v2\/types\/post"}],"author":[{"embeddable":true,"href":"https:\/\/www.laguiadepamplona.com\/actualidad\/wp-json\/wp\/v2\/users\/1"}],"replies":[{"embeddable":true,"href":"https:\/\/www.laguiadepamplona.com\/actualidad\/wp-json\/wp\/v2\/comments?post=19925"}],"version-history":[{"count":0,"href":"https:\/\/www.laguiadepamplona.com\/actualidad\/wp-json\/wp\/v2\/posts\/19925\/revisions"}],"wp:featuredmedia":[{"embeddable":true,"href":"https:\/\/www.laguiadepamplona.com\/actualidad\/wp-json\/wp\/v2\/media\/19927"}],"wp:attachment":[{"href":"https:\/\/www.laguiadepamplona.com\/actualidad\/wp-json\/wp\/v2\/media?parent=19925"}],"wp:term":[{"taxonomy":"category","embeddable":true,"href":"https:\/\/www.laguiadepamplona.com\/actualidad\/wp-json\/wp\/v2\/categories?post=19925"},{"taxonomy":"post_tag","embeddable":true,"href":"https:\/\/www.laguiadepamplona.com\/actualidad\/wp-json\/wp\/v2\/tags?post=19925"}],"curies":[{"name":"wp","href":"https:\/\/api.w.org\/{rel}","templated":true}]}}