{"id":19914,"date":"2018-12-26T13:30:25","date_gmt":"2018-12-26T11:30:25","guid":{"rendered":"https:\/\/www.laguiadepamplona.es\/actualidad\/?p=19914"},"modified":"2018-12-26T13:30:25","modified_gmt":"2018-12-26T11:30:25","slug":"vuelve-tradicional-el-mercadillo-de-intercambio-de-juguetes-al-museo-de-educacion-ambiental-una-iniciativa-que-quiere-sensibilizar-a-los-menores-sobre-la-reutilizacion-de-objetos","status":"publish","type":"post","link":"https:\/\/www.laguiadepamplona.com\/actualidad\/vuelve-tradicional-el-mercadillo-de-intercambio-de-juguetes-al-museo-de-educacion-ambiental-una-iniciativa-que-quiere-sensibilizar-a-los-menores-sobre-la-reutilizacion-de-objetos\/","title":{"rendered":"Vuelve tradicional el mercadillo de intercambio de juguetes al Museo de Educaci\u00f3n Ambiental, una iniciativa que quiere sensibilizar a los menores sobre la reutilizaci\u00f3n de objetos"},"content":{"rendered":"<p><!--more--><\/p>\n<h3>La propuesta tendr\u00e1 lugar ma\u00f1ana de 10 a 13 horas y de 18 a 20 horas y la participaci\u00f3n es libre<\/h3>\n<p>El Museo de Educaci\u00f3n Ambiental lleva m\u00e1s de una d\u00e9cada explicando a los m\u00e1s peque\u00f1os c\u00f3mo funciona el trueque como forma de intercambio. Ma\u00f1ana este servicio municipal acoger\u00e1 de nuevo un \u2018Mercadillo de intercambio de juguetes\u2019 destinado p\u00fablico infantil. Se trata de recordarles, en un momento de especial consumo, que hay otras formas de obtener lo que se necesita de manera m\u00e1s respetuosa para el medio ambiente. De las tres \u2018R\u2019 (recicla, reduce y reutiliza), el trueque es la tercera opci\u00f3n: reutilizar las cosas evita la demanda de nueva producci\u00f3n e, indirectamente, contribuye al cuidado del entorno, ya que deja de emplearse de forma innecesaria materia prima y se ahorra energ\u00eda.<\/p>\n<p>La actividad se extender\u00e1 de 10 a 13 horas y de 18 a 20 horas y la participaci\u00f3n es libre. La din\u00e1mica de la experiencia es la siguiente: cada ni\u00f1o llevar\u00e1 un juguete que ya no use; puede ser cualquier juguete, libro, cuento, puzzle, juego de mesa etc.. Al llegar al Museo el ni\u00f1o se pondr\u00e1 una pegatina con su nombre. A continuaci\u00f3n, dejar\u00e1 el juguete que ha tra\u00eddo en una mesa y con una etiqueta, tambi\u00e9n con su nombre, para que los otros ni\u00f1os puedan identificar al due\u00f1o del juego. Cuando todos los ni\u00f1os hayan colocado sus juguetes en la mesa empezar\u00e1n a dar vueltas por la sala, observando todos los que est\u00e9n disponibles, para ver por cu\u00e1l quieren cambiar el suyo. Decididas las preferencias, se realizar\u00e1 el intercambio. Esta labor estar\u00e1 supervisada por las educadoras del Museo para garantizar que se hace de forma ordenada y que todos los ni\u00f1os se quedan lo m\u00e1s contentos que sea posible con el cambio.<\/p>\n<p>Despu\u00e9s, como en a\u00f1os anteriores, los ni\u00f1os tendr\u00e1n alg\u00fan tiempo para empezar a disfrutar de sus \u2018nuevos\u2019 juguetes, aprendiendo as\u00ed que las cosas pueden tener una segunda vida mediante el reciclaje y la reutilizaci\u00f3n. Esta actividad se repetir\u00e1 con los mismos horarios el jueves 3 de enero.<\/p>\n","protected":false},"excerpt":{"rendered":"","protected":false},"author":1,"featured_media":19915,"comment_status":"open","ping_status":"closed","sticky":false,"template":"","format":"standard","meta":{"footnotes":""},"categories":[2],"tags":[],"class_list":["post-19914","post","type-post","status-publish","format-standard","has-post-thumbnail","hentry","category-ayuntamiento-pamplona"],"yoast_head":"<!-- This site is optimized with the Yoast SEO plugin v27.3 - https:\/\/yoast.com\/product\/yoast-seo-wordpress\/ -->\n<title>Vuelve tradicional el mercadillo de intercambio de juguetes al Museo de Educaci\u00f3n Ambiental, una iniciativa que quiere sensibilizar a los menores sobre la reutilizaci\u00f3n de objetos<\/title>\n<meta name=\"robots\" content=\"index, follow, max-snippet:-1, max-image-preview:large, max-video-preview:-1\" \/>\n<link rel=\"canonical\" href=\"https:\/\/www.laguiadepamplona.com\/actualidad\/vuelve-tradicional-el-mercadillo-de-intercambio-de-juguetes-al-museo-de-educacion-ambiental-una-iniciativa-que-quiere-sensibilizar-a-los-menores-sobre-la-reutilizacion-de-objetos\/\" \/>\n<meta property=\"og:locale\" content=\"es_ES\" \/>\n<meta property=\"og:type\" content=\"article\" \/>\n<meta property=\"og:title\" content=\"Vuelve tradicional el mercadillo de intercambio de juguetes al Museo de Educaci\u00f3n Ambiental, una iniciativa que quiere sensibilizar a los menores sobre la reutilizaci\u00f3n de objetos\" \/>\n<meta property=\"og:url\" content=\"https:\/\/www.laguiadepamplona.com\/actualidad\/vuelve-tradicional-el-mercadillo-de-intercambio-de-juguetes-al-museo-de-educacion-ambiental-una-iniciativa-que-quiere-sensibilizar-a-los-menores-sobre-la-reutilizacion-de-objetos\/\" \/>\n<meta property=\"og:site_name\" content=\"La Gu\u00eda de Pamplona\" \/>\n<meta property=\"article:publisher\" content=\"https:\/\/www.facebook.com\/laguiadepamplonacom-133175176762273\/?ref=hl\" \/>\n<meta property=\"article:published_time\" content=\"2018-12-26T11:30:25+00:00\" \/>\n<meta property=\"og:image\" content=\"https:\/\/www.laguiadepamplona.com\/actualidad\/wp-content\/uploads\/2018\/12\/18.12.26_mercadillo_intercambio_juguetes_1.jpg\" \/>\n\t<meta property=\"og:image:width\" content=\"1000\" \/>\n\t<meta property=\"og:image:height\" content=\"662\" \/>\n\t<meta property=\"og:image:type\" content=\"image\/jpeg\" \/>\n<meta name=\"author\" content=\"La Gu\u00eda de Pamplona\" \/>\n<meta name=\"twitter:card\" content=\"summary_large_image\" \/>\n<meta name=\"twitter:creator\" content=\"@LaGuiadPamplona\" \/>\n<meta name=\"twitter:site\" content=\"@LaGuiadPamplona\" \/>\n<meta name=\"twitter:label1\" content=\"Escrito por\" \/>\n\t<meta name=\"twitter:data1\" content=\"La Gu\u00eda de Pamplona\" \/>\n\t<meta name=\"twitter:label2\" content=\"Tiempo de lectura\" \/>\n\t<meta name=\"twitter:data2\" content=\"2 minutos\" \/>\n<script type=\"application\/ld+json\" class=\"yoast-schema-graph\">{\"@context\":\"https:\\\/\\\/schema.org\",\"@graph\":[{\"@type\":\"Article\",\"@id\":\"https:\\\/\\\/www.laguiadepamplona.com\\\/actualidad\\\/vuelve-tradicional-el-mercadillo-de-intercambio-de-juguetes-al-museo-de-educacion-ambiental-una-iniciativa-que-quiere-sensibilizar-a-los-menores-sobre-la-reutilizacion-de-objetos\\\/#article\",\"isPartOf\":{\"@id\":\"https:\\\/\\\/www.laguiadepamplona.com\\\/actualidad\\\/vuelve-tradicional-el-mercadillo-de-intercambio-de-juguetes-al-museo-de-educacion-ambiental-una-iniciativa-que-quiere-sensibilizar-a-los-menores-sobre-la-reutilizacion-de-objetos\\\/\"},\"author\":{\"name\":\"La Gu\u00eda de Pamplona\",\"@id\":\"https:\\\/\\\/www.laguiadepamplona.com\\\/actualidad\\\/#\\\/schema\\\/person\\\/efe887376f0213d4657c93adc50b1fdb\"},\"headline\":\"Vuelve tradicional el mercadillo de intercambio de juguetes al Museo de Educaci\u00f3n Ambiental, una iniciativa que quiere sensibilizar a los menores sobre la reutilizaci\u00f3n de objetos\",\"datePublished\":\"2018-12-26T11:30:25+00:00\",\"mainEntityOfPage\":{\"@id\":\"https:\\\/\\\/www.laguiadepamplona.com\\\/actualidad\\\/vuelve-tradicional-el-mercadillo-de-intercambio-de-juguetes-al-museo-de-educacion-ambiental-una-iniciativa-que-quiere-sensibilizar-a-los-menores-sobre-la-reutilizacion-de-objetos\\\/\"},\"wordCount\":396,\"commentCount\":0,\"publisher\":{\"@id\":\"https:\\\/\\\/www.laguiadepamplona.com\\\/actualidad\\\/#organization\"},\"image\":{\"@id\":\"https:\\\/\\\/www.laguiadepamplona.com\\\/actualidad\\\/vuelve-tradicional-el-mercadillo-de-intercambio-de-juguetes-al-museo-de-educacion-ambiental-una-iniciativa-que-quiere-sensibilizar-a-los-menores-sobre-la-reutilizacion-de-objetos\\\/#primaryimage\"},\"thumbnailUrl\":\"https:\\\/\\\/www.laguiadepamplona.com\\\/actualidad\\\/wp-content\\\/uploads\\\/2018\\\/12\\\/18.12.26_mercadillo_intercambio_juguetes_1.jpg\",\"articleSection\":[\"Ayto Pamplona\"],\"inLanguage\":\"es\",\"potentialAction\":[{\"@type\":\"CommentAction\",\"name\":\"Comment\",\"target\":[\"https:\\\/\\\/www.laguiadepamplona.com\\\/actualidad\\\/vuelve-tradicional-el-mercadillo-de-intercambio-de-juguetes-al-museo-de-educacion-ambiental-una-iniciativa-que-quiere-sensibilizar-a-los-menores-sobre-la-reutilizacion-de-objetos\\\/#respond\"]}]},{\"@type\":\"WebPage\",\"@id\":\"https:\\\/\\\/www.laguiadepamplona.com\\\/actualidad\\\/vuelve-tradicional-el-mercadillo-de-intercambio-de-juguetes-al-museo-de-educacion-ambiental-una-iniciativa-que-quiere-sensibilizar-a-los-menores-sobre-la-reutilizacion-de-objetos\\\/\",\"url\":\"https:\\\/\\\/www.laguiadepamplona.com\\\/actualidad\\\/vuelve-tradicional-el-mercadillo-de-intercambio-de-juguetes-al-museo-de-educacion-ambiental-una-iniciativa-que-quiere-sensibilizar-a-los-menores-sobre-la-reutilizacion-de-objetos\\\/\",\"name\":\"Vuelve tradicional el mercadillo de intercambio de juguetes al Museo de Educaci\u00f3n Ambiental, una iniciativa que quiere sensibilizar a los menores sobre la reutilizaci\u00f3n de objetos\",\"isPartOf\":{\"@id\":\"https:\\\/\\\/www.laguiadepamplona.com\\\/actualidad\\\/#website\"},\"primaryImageOfPage\":{\"@id\":\"https:\\\/\\\/www.laguiadepamplona.com\\\/actualidad\\\/vuelve-tradicional-el-mercadillo-de-intercambio-de-juguetes-al-museo-de-educacion-ambiental-una-iniciativa-que-quiere-sensibilizar-a-los-menores-sobre-la-reutilizacion-de-objetos\\\/#primaryimage\"},\"image\":{\"@id\":\"https:\\\/\\\/www.laguiadepamplona.com\\\/actualidad\\\/vuelve-tradicional-el-mercadillo-de-intercambio-de-juguetes-al-museo-de-educacion-ambiental-una-iniciativa-que-quiere-sensibilizar-a-los-menores-sobre-la-reutilizacion-de-objetos\\\/#primaryimage\"},\"thumbnailUrl\":\"https:\\\/\\\/www.laguiadepamplona.com\\\/actualidad\\\/wp-content\\\/uploads\\\/2018\\\/12\\\/18.12.26_mercadillo_intercambio_juguetes_1.jpg\",\"datePublished\":\"2018-12-26T11:30:25+00:00\",\"breadcrumb\":{\"@id\":\"https:\\\/\\\/www.laguiadepamplona.com\\\/actualidad\\\/vuelve-tradicional-el-mercadillo-de-intercambio-de-juguetes-al-museo-de-educacion-ambiental-una-iniciativa-que-quiere-sensibilizar-a-los-menores-sobre-la-reutilizacion-de-objetos\\\/#breadcrumb\"},\"inLanguage\":\"es\",\"potentialAction\":[{\"@type\":\"ReadAction\",\"target\":[\"https:\\\/\\\/www.laguiadepamplona.com\\\/actualidad\\\/vuelve-tradicional-el-mercadillo-de-intercambio-de-juguetes-al-museo-de-educacion-ambiental-una-iniciativa-que-quiere-sensibilizar-a-los-menores-sobre-la-reutilizacion-de-objetos\\\/\"]}]},{\"@type\":\"ImageObject\",\"inLanguage\":\"es\",\"@id\":\"https:\\\/\\\/www.laguiadepamplona.com\\\/actualidad\\\/vuelve-tradicional-el-mercadillo-de-intercambio-de-juguetes-al-museo-de-educacion-ambiental-una-iniciativa-que-quiere-sensibilizar-a-los-menores-sobre-la-reutilizacion-de-objetos\\\/#primaryimage\",\"url\":\"https:\\\/\\\/www.laguiadepamplona.com\\\/actualidad\\\/wp-content\\\/uploads\\\/2018\\\/12\\\/18.12.26_mercadillo_intercambio_juguetes_1.jpg\",\"contentUrl\":\"https:\\\/\\\/www.laguiadepamplona.com\\\/actualidad\\\/wp-content\\\/uploads\\\/2018\\\/12\\\/18.12.26_mercadillo_intercambio_juguetes_1.jpg\",\"width\":1000,\"height\":662,\"caption\":\"OLYMPUS DIGITAL CAMERA\"},{\"@type\":\"BreadcrumbList\",\"@id\":\"https:\\\/\\\/www.laguiadepamplona.com\\\/actualidad\\\/vuelve-tradicional-el-mercadillo-de-intercambio-de-juguetes-al-museo-de-educacion-ambiental-una-iniciativa-que-quiere-sensibilizar-a-los-menores-sobre-la-reutilizacion-de-objetos\\\/#breadcrumb\",\"itemListElement\":[{\"@type\":\"ListItem\",\"position\":1,\"name\":\"Portada\",\"item\":\"https:\\\/\\\/www.laguiadepamplona.com\\\/actualidad\\\/\"},{\"@type\":\"ListItem\",\"position\":2,\"name\":\"Vuelve tradicional el mercadillo de intercambio de juguetes al Museo de Educaci\u00f3n Ambiental, una iniciativa que quiere sensibilizar a los menores sobre la reutilizaci\u00f3n de objetos\"}]},{\"@type\":\"WebSite\",\"@id\":\"https:\\\/\\\/www.laguiadepamplona.com\\\/actualidad\\\/#website\",\"url\":\"https:\\\/\\\/www.laguiadepamplona.com\\\/actualidad\\\/\",\"name\":\"La gu\u00eda de Pamplona\",\"description\":\"Noticias de Pamplona\",\"publisher\":{\"@id\":\"https:\\\/\\\/www.laguiadepamplona.com\\\/actualidad\\\/#organization\"},\"potentialAction\":[{\"@type\":\"SearchAction\",\"target\":{\"@type\":\"EntryPoint\",\"urlTemplate\":\"https:\\\/\\\/www.laguiadepamplona.com\\\/actualidad\\\/?s={search_term_string}\"},\"query-input\":{\"@type\":\"PropertyValueSpecification\",\"valueRequired\":true,\"valueName\":\"search_term_string\"}}],\"inLanguage\":\"es\"},{\"@type\":\"Organization\",\"@id\":\"https:\\\/\\\/www.laguiadepamplona.com\\\/actualidad\\\/#organization\",\"name\":\"La Gu\u00eda de Pamplona \\\/ Noticias\",\"url\":\"https:\\\/\\\/www.laguiadepamplona.com\\\/actualidad\\\/\",\"logo\":{\"@type\":\"ImageObject\",\"inLanguage\":\"es\",\"@id\":\"https:\\\/\\\/www.laguiadepamplona.com\\\/actualidad\\\/#\\\/schema\\\/logo\\\/image\\\/\",\"url\":\"https:\\\/\\\/www.laguiadepamplona.com\\\/actualidad\\\/wp-content\\\/uploads\\\/2018\\\/11\\\/logo-laguiadepamplona18-web1.png\",\"contentUrl\":\"https:\\\/\\\/www.laguiadepamplona.com\\\/actualidad\\\/wp-content\\\/uploads\\\/2018\\\/11\\\/logo-laguiadepamplona18-web1.png\",\"width\":600,\"height\":196,\"caption\":\"La Gu\u00eda de Pamplona \\\/ Noticias\"},\"image\":{\"@id\":\"https:\\\/\\\/www.laguiadepamplona.com\\\/actualidad\\\/#\\\/schema\\\/logo\\\/image\\\/\"},\"sameAs\":[\"https:\\\/\\\/www.facebook.com\\\/laguiadepamplonacom-133175176762273\\\/?ref=hl\",\"https:\\\/\\\/x.com\\\/LaGuiadPamplona\",\"https:\\\/\\\/www.instagram.com\\\/la_guia_de_pamplona\\\/\",\"https:\\\/\\\/www.youtube.com\\\/user\\\/laguiadepamplona\"]},{\"@type\":\"Person\",\"@id\":\"https:\\\/\\\/www.laguiadepamplona.com\\\/actualidad\\\/#\\\/schema\\\/person\\\/efe887376f0213d4657c93adc50b1fdb\",\"name\":\"La Gu\u00eda de Pamplona\",\"image\":{\"@type\":\"ImageObject\",\"inLanguage\":\"es\",\"@id\":\"https:\\\/\\\/secure.gravatar.com\\\/avatar\\\/b6992f131dc8d30ab0dff15446e9d346d9dbd95992de0fef795073f5ea83a81c?s=96&d=mm&r=g\",\"url\":\"https:\\\/\\\/secure.gravatar.com\\\/avatar\\\/b6992f131dc8d30ab0dff15446e9d346d9dbd95992de0fef795073f5ea83a81c?s=96&d=mm&r=g\",\"contentUrl\":\"https:\\\/\\\/secure.gravatar.com\\\/avatar\\\/b6992f131dc8d30ab0dff15446e9d346d9dbd95992de0fef795073f5ea83a81c?s=96&d=mm&r=g\",\"caption\":\"La Gu\u00eda de Pamplona\"}}]}<\/script>\n<!-- \/ Yoast SEO plugin. -->","yoast_head_json":{"title":"Vuelve tradicional el mercadillo de intercambio de juguetes al Museo de Educaci\u00f3n Ambiental, una iniciativa que quiere sensibilizar a los menores sobre la reutilizaci\u00f3n de objetos","robots":{"index":"index","follow":"follow","max-snippet":"max-snippet:-1","max-image-preview":"max-image-preview:large","max-video-preview":"max-video-preview:-1"},"canonical":"https:\/\/www.laguiadepamplona.com\/actualidad\/vuelve-tradicional-el-mercadillo-de-intercambio-de-juguetes-al-museo-de-educacion-ambiental-una-iniciativa-que-quiere-sensibilizar-a-los-menores-sobre-la-reutilizacion-de-objetos\/","og_locale":"es_ES","og_type":"article","og_title":"Vuelve tradicional el mercadillo de intercambio de juguetes al Museo de Educaci\u00f3n Ambiental, una iniciativa que quiere sensibilizar a los menores sobre la reutilizaci\u00f3n de objetos","og_url":"https:\/\/www.laguiadepamplona.com\/actualidad\/vuelve-tradicional-el-mercadillo-de-intercambio-de-juguetes-al-museo-de-educacion-ambiental-una-iniciativa-que-quiere-sensibilizar-a-los-menores-sobre-la-reutilizacion-de-objetos\/","og_site_name":"La Gu\u00eda de Pamplona","article_publisher":"https:\/\/www.facebook.com\/laguiadepamplonacom-133175176762273\/?ref=hl","article_published_time":"2018-12-26T11:30:25+00:00","og_image":[{"width":1000,"height":662,"url":"https:\/\/www.laguiadepamplona.com\/actualidad\/wp-content\/uploads\/2018\/12\/18.12.26_mercadillo_intercambio_juguetes_1.jpg","type":"image\/jpeg"}],"author":"La Gu\u00eda de Pamplona","twitter_card":"summary_large_image","twitter_creator":"@LaGuiadPamplona","twitter_site":"@LaGuiadPamplona","twitter_misc":{"Escrito por":"La Gu\u00eda de Pamplona","Tiempo de lectura":"2 minutos"},"schema":{"@context":"https:\/\/schema.org","@graph":[{"@type":"Article","@id":"https:\/\/www.laguiadepamplona.com\/actualidad\/vuelve-tradicional-el-mercadillo-de-intercambio-de-juguetes-al-museo-de-educacion-ambiental-una-iniciativa-que-quiere-sensibilizar-a-los-menores-sobre-la-reutilizacion-de-objetos\/#article","isPartOf":{"@id":"https:\/\/www.laguiadepamplona.com\/actualidad\/vuelve-tradicional-el-mercadillo-de-intercambio-de-juguetes-al-museo-de-educacion-ambiental-una-iniciativa-que-quiere-sensibilizar-a-los-menores-sobre-la-reutilizacion-de-objetos\/"},"author":{"name":"La Gu\u00eda de Pamplona","@id":"https:\/\/www.laguiadepamplona.com\/actualidad\/#\/schema\/person\/efe887376f0213d4657c93adc50b1fdb"},"headline":"Vuelve tradicional el mercadillo de intercambio de juguetes al Museo de Educaci\u00f3n Ambiental, una iniciativa que quiere sensibilizar a los menores sobre la reutilizaci\u00f3n de objetos","datePublished":"2018-12-26T11:30:25+00:00","mainEntityOfPage":{"@id":"https:\/\/www.laguiadepamplona.com\/actualidad\/vuelve-tradicional-el-mercadillo-de-intercambio-de-juguetes-al-museo-de-educacion-ambiental-una-iniciativa-que-quiere-sensibilizar-a-los-menores-sobre-la-reutilizacion-de-objetos\/"},"wordCount":396,"commentCount":0,"publisher":{"@id":"https:\/\/www.laguiadepamplona.com\/actualidad\/#organization"},"image":{"@id":"https:\/\/www.laguiadepamplona.com\/actualidad\/vuelve-tradicional-el-mercadillo-de-intercambio-de-juguetes-al-museo-de-educacion-ambiental-una-iniciativa-que-quiere-sensibilizar-a-los-menores-sobre-la-reutilizacion-de-objetos\/#primaryimage"},"thumbnailUrl":"https:\/\/www.laguiadepamplona.com\/actualidad\/wp-content\/uploads\/2018\/12\/18.12.26_mercadillo_intercambio_juguetes_1.jpg","articleSection":["Ayto Pamplona"],"inLanguage":"es","potentialAction":[{"@type":"CommentAction","name":"Comment","target":["https:\/\/www.laguiadepamplona.com\/actualidad\/vuelve-tradicional-el-mercadillo-de-intercambio-de-juguetes-al-museo-de-educacion-ambiental-una-iniciativa-que-quiere-sensibilizar-a-los-menores-sobre-la-reutilizacion-de-objetos\/#respond"]}]},{"@type":"WebPage","@id":"https:\/\/www.laguiadepamplona.com\/actualidad\/vuelve-tradicional-el-mercadillo-de-intercambio-de-juguetes-al-museo-de-educacion-ambiental-una-iniciativa-que-quiere-sensibilizar-a-los-menores-sobre-la-reutilizacion-de-objetos\/","url":"https:\/\/www.laguiadepamplona.com\/actualidad\/vuelve-tradicional-el-mercadillo-de-intercambio-de-juguetes-al-museo-de-educacion-ambiental-una-iniciativa-que-quiere-sensibilizar-a-los-menores-sobre-la-reutilizacion-de-objetos\/","name":"Vuelve tradicional el mercadillo de intercambio de juguetes al Museo de Educaci\u00f3n Ambiental, una iniciativa que quiere sensibilizar a los menores sobre la reutilizaci\u00f3n de objetos","isPartOf":{"@id":"https:\/\/www.laguiadepamplona.com\/actualidad\/#website"},"primaryImageOfPage":{"@id":"https:\/\/www.laguiadepamplona.com\/actualidad\/vuelve-tradicional-el-mercadillo-de-intercambio-de-juguetes-al-museo-de-educacion-ambiental-una-iniciativa-que-quiere-sensibilizar-a-los-menores-sobre-la-reutilizacion-de-objetos\/#primaryimage"},"image":{"@id":"https:\/\/www.laguiadepamplona.com\/actualidad\/vuelve-tradicional-el-mercadillo-de-intercambio-de-juguetes-al-museo-de-educacion-ambiental-una-iniciativa-que-quiere-sensibilizar-a-los-menores-sobre-la-reutilizacion-de-objetos\/#primaryimage"},"thumbnailUrl":"https:\/\/www.laguiadepamplona.com\/actualidad\/wp-content\/uploads\/2018\/12\/18.12.26_mercadillo_intercambio_juguetes_1.jpg","datePublished":"2018-12-26T11:30:25+00:00","breadcrumb":{"@id":"https:\/\/www.laguiadepamplona.com\/actualidad\/vuelve-tradicional-el-mercadillo-de-intercambio-de-juguetes-al-museo-de-educacion-ambiental-una-iniciativa-que-quiere-sensibilizar-a-los-menores-sobre-la-reutilizacion-de-objetos\/#breadcrumb"},"inLanguage":"es","potentialAction":[{"@type":"ReadAction","target":["https:\/\/www.laguiadepamplona.com\/actualidad\/vuelve-tradicional-el-mercadillo-de-intercambio-de-juguetes-al-museo-de-educacion-ambiental-una-iniciativa-que-quiere-sensibilizar-a-los-menores-sobre-la-reutilizacion-de-objetos\/"]}]},{"@type":"ImageObject","inLanguage":"es","@id":"https:\/\/www.laguiadepamplona.com\/actualidad\/vuelve-tradicional-el-mercadillo-de-intercambio-de-juguetes-al-museo-de-educacion-ambiental-una-iniciativa-que-quiere-sensibilizar-a-los-menores-sobre-la-reutilizacion-de-objetos\/#primaryimage","url":"https:\/\/www.laguiadepamplona.com\/actualidad\/wp-content\/uploads\/2018\/12\/18.12.26_mercadillo_intercambio_juguetes_1.jpg","contentUrl":"https:\/\/www.laguiadepamplona.com\/actualidad\/wp-content\/uploads\/2018\/12\/18.12.26_mercadillo_intercambio_juguetes_1.jpg","width":1000,"height":662,"caption":"OLYMPUS DIGITAL CAMERA"},{"@type":"BreadcrumbList","@id":"https:\/\/www.laguiadepamplona.com\/actualidad\/vuelve-tradicional-el-mercadillo-de-intercambio-de-juguetes-al-museo-de-educacion-ambiental-una-iniciativa-que-quiere-sensibilizar-a-los-menores-sobre-la-reutilizacion-de-objetos\/#breadcrumb","itemListElement":[{"@type":"ListItem","position":1,"name":"Portada","item":"https:\/\/www.laguiadepamplona.com\/actualidad\/"},{"@type":"ListItem","position":2,"name":"Vuelve tradicional el mercadillo de intercambio de juguetes al Museo de Educaci\u00f3n Ambiental, una iniciativa que quiere sensibilizar a los menores sobre la reutilizaci\u00f3n de objetos"}]},{"@type":"WebSite","@id":"https:\/\/www.laguiadepamplona.com\/actualidad\/#website","url":"https:\/\/www.laguiadepamplona.com\/actualidad\/","name":"La gu\u00eda de Pamplona","description":"Noticias de Pamplona","publisher":{"@id":"https:\/\/www.laguiadepamplona.com\/actualidad\/#organization"},"potentialAction":[{"@type":"SearchAction","target":{"@type":"EntryPoint","urlTemplate":"https:\/\/www.laguiadepamplona.com\/actualidad\/?s={search_term_string}"},"query-input":{"@type":"PropertyValueSpecification","valueRequired":true,"valueName":"search_term_string"}}],"inLanguage":"es"},{"@type":"Organization","@id":"https:\/\/www.laguiadepamplona.com\/actualidad\/#organization","name":"La Gu\u00eda de Pamplona \/ Noticias","url":"https:\/\/www.laguiadepamplona.com\/actualidad\/","logo":{"@type":"ImageObject","inLanguage":"es","@id":"https:\/\/www.laguiadepamplona.com\/actualidad\/#\/schema\/logo\/image\/","url":"https:\/\/www.laguiadepamplona.com\/actualidad\/wp-content\/uploads\/2018\/11\/logo-laguiadepamplona18-web1.png","contentUrl":"https:\/\/www.laguiadepamplona.com\/actualidad\/wp-content\/uploads\/2018\/11\/logo-laguiadepamplona18-web1.png","width":600,"height":196,"caption":"La Gu\u00eda de Pamplona \/ Noticias"},"image":{"@id":"https:\/\/www.laguiadepamplona.com\/actualidad\/#\/schema\/logo\/image\/"},"sameAs":["https:\/\/www.facebook.com\/laguiadepamplonacom-133175176762273\/?ref=hl","https:\/\/x.com\/LaGuiadPamplona","https:\/\/www.instagram.com\/la_guia_de_pamplona\/","https:\/\/www.youtube.com\/user\/laguiadepamplona"]},{"@type":"Person","@id":"https:\/\/www.laguiadepamplona.com\/actualidad\/#\/schema\/person\/efe887376f0213d4657c93adc50b1fdb","name":"La Gu\u00eda de Pamplona","image":{"@type":"ImageObject","inLanguage":"es","@id":"https:\/\/secure.gravatar.com\/avatar\/b6992f131dc8d30ab0dff15446e9d346d9dbd95992de0fef795073f5ea83a81c?s=96&d=mm&r=g","url":"https:\/\/secure.gravatar.com\/avatar\/b6992f131dc8d30ab0dff15446e9d346d9dbd95992de0fef795073f5ea83a81c?s=96&d=mm&r=g","contentUrl":"https:\/\/secure.gravatar.com\/avatar\/b6992f131dc8d30ab0dff15446e9d346d9dbd95992de0fef795073f5ea83a81c?s=96&d=mm&r=g","caption":"La Gu\u00eda de Pamplona"}}]}},"post_mailing_queue_ids":[],"_links":{"self":[{"href":"https:\/\/www.laguiadepamplona.com\/actualidad\/wp-json\/wp\/v2\/posts\/19914","targetHints":{"allow":["GET"]}}],"collection":[{"href":"https:\/\/www.laguiadepamplona.com\/actualidad\/wp-json\/wp\/v2\/posts"}],"about":[{"href":"https:\/\/www.laguiadepamplona.com\/actualidad\/wp-json\/wp\/v2\/types\/post"}],"author":[{"embeddable":true,"href":"https:\/\/www.laguiadepamplona.com\/actualidad\/wp-json\/wp\/v2\/users\/1"}],"replies":[{"embeddable":true,"href":"https:\/\/www.laguiadepamplona.com\/actualidad\/wp-json\/wp\/v2\/comments?post=19914"}],"version-history":[{"count":0,"href":"https:\/\/www.laguiadepamplona.com\/actualidad\/wp-json\/wp\/v2\/posts\/19914\/revisions"}],"wp:featuredmedia":[{"embeddable":true,"href":"https:\/\/www.laguiadepamplona.com\/actualidad\/wp-json\/wp\/v2\/media\/19915"}],"wp:attachment":[{"href":"https:\/\/www.laguiadepamplona.com\/actualidad\/wp-json\/wp\/v2\/media?parent=19914"}],"wp:term":[{"taxonomy":"category","embeddable":true,"href":"https:\/\/www.laguiadepamplona.com\/actualidad\/wp-json\/wp\/v2\/categories?post=19914"},{"taxonomy":"post_tag","embeddable":true,"href":"https:\/\/www.laguiadepamplona.com\/actualidad\/wp-json\/wp\/v2\/tags?post=19914"}],"curies":[{"name":"wp","href":"https:\/\/api.w.org\/{rel}","templated":true}]}}