{"id":19912,"date":"2018-12-26T13:26:29","date_gmt":"2018-12-26T11:26:29","guid":{"rendered":"https:\/\/www.laguiadepamplona.es\/actualidad\/?p=19912"},"modified":"2018-12-26T13:26:29","modified_gmt":"2018-12-26T11:26:29","slug":"no-dejes-que-se-propague-en-tu-mano-esta-detenerlo-se-estrena-el-trabajo-en-video-del-grupo-juvenil-antirrumores-de-pamplona-contra-prejuicios-y-estereotipos-sin-base","status":"publish","type":"post","link":"https:\/\/www.laguiadepamplona.com\/actualidad\/no-dejes-que-se-propague-en-tu-mano-esta-detenerlo-se-estrena-el-trabajo-en-video-del-grupo-juvenil-antirrumores-de-pamplona-contra-prejuicios-y-estereotipos-sin-base\/","title":{"rendered":"\u2018No dejes que se propague, en tu mano est\u00e1 detenerlo\u2019: se estrena el trabajo en v\u00eddeo del Grupo Juvenil Antirrumores de Pamplona contra prejuicios y estereotipos sin base"},"content":{"rendered":"<p><!--more--><\/p>\n<h3>Las redes sociales municipales difunden desde hoy ese trabajo y est\u00e1 ya a disposici\u00f3n de asociaciones una exposici\u00f3n contra la frase f\u00e1cil<\/h3>\n<p>Las redes sociales del Ayuntamiento de Pamplona difunden desde hoy, mi\u00e9rcoles 26 de diciembre, video dise\u00f1ado y protagonizado por el Grupo Juvenil Antirrumores de la ciudad. El audiovisual, de 1,39 minutos de duraci\u00f3n, est\u00e1 basado en grafismos y apoyado en sonido ambiente y pretende llevar a las redes una reflexi\u00f3n sobre la diversidad social como valor para ayudar a combatir los prejuicios y estereotipos racistas y xen\u00f3fobos que dificultan la convivencia. Y la pretensi\u00f3n de sus autores es que, con el apoyo general, se convierta en viral, como virales son \u2013en este caso como una enfermedad social- los rumores sin base real que se extienden en el discurso f\u00e1cil.<\/p>\n<p>Este grupo pamplon\u00e9s se cre\u00f3 en un taller audiovisual de dise\u00f1o y grabaci\u00f3n de video que tuvo lugar en la Casa de la Juventud y que estaba destinado a j\u00f3venes agentes \u2018antirrumores\u2019. El grupo de trabajo a\u00fan est\u00e1 abierto a quienes quieran participar, lo que se puede hacer poni\u00e9ndose en contacto con la Unidad de Juventud en el correo <a href=\"mailto:juventud@pamplona.es\">juventud@pamplona.es<\/a>.<\/p>\n<p>El video explica qu\u00e9 es la estrategia antirrumores y cu\u00e1les son las principales claves para ponerla en pr\u00e1ctica, adem\u00e1s de animar la juventud a trabajar activamente contra los prejuicios para neutralizarlos. La estrategia antirrumores busca detectar y desactivar rumores haciendo hincapi\u00e9 en discursos alternativos en pro de la diversidad cultural y la cohesi\u00f3n social. El Consistorio participa en la Red Antirrumores de Navarra (ZASKA) en colaboraci\u00f3n con el Consejo de la Juventud, asociaciones de la ciudad, colectivos juveniles y diversos servicios.<\/p>\n<p><strong>Una exposici\u00f3n contra la frase f\u00e1cil<\/strong><\/p>\n<p>Este trabajo juvenil contra los prejuicios ha materializado, adem\u00e1s, en una exposici\u00f3n con im\u00e1genes y frases generadas en la III Cumbre Juvenil Antirrumores que tuvo lugar el pasado mes de septiembre en la ciudad, un foro en el que participaron j\u00f3venes de entre 13 y 21 a\u00f1os procedentes de Cartagena, Tenerife, Barakaldo, Getxo, Bilbao, San Sebasti\u00e1n y Pamplona. La muestra, titulada \u2018Una mirada joven a la diversidad\u2019, est\u00e1 compuesta por tres roll up f\u00e1cilmente transportables y que el Consistorio pone a disposici\u00f3n de los grupos, entidades o personas interesadas que quieran programarla.<\/p>\n<p>El \u00c1rea de Juventud del Ayuntamiento de Pamplona inici\u00f3 en 2017 la Estrategia Antirrumores de Pamplona sum\u00e1ndose as\u00ed a ciudades como Sabadell, Getxo, Fuenlabrada, Cartagena, Bilbao, San Sebasti\u00e1n y Tenerife. Su origen est\u00e1 en Barcelona que en el a\u00f1o 2010 inici\u00f3 una estrategia para contrarrestar los rumores negativos sobre la diversidad cultural para abordar la convivencia en la diversidad como un valor en s\u00ed mismo.<\/p>\n","protected":false},"excerpt":{"rendered":"","protected":false},"author":1,"featured_media":13864,"comment_status":"open","ping_status":"closed","sticky":false,"template":"","format":"standard","meta":{"footnotes":""},"categories":[2],"tags":[],"class_list":["post-19912","post","type-post","status-publish","format-standard","has-post-thumbnail","hentry","category-ayuntamiento-pamplona"],"yoast_head":"<!-- This site is optimized with the Yoast SEO plugin v27.3 - https:\/\/yoast.com\/product\/yoast-seo-wordpress\/ -->\n<title>\u2018No dejes que se propague, en tu mano est\u00e1 detenerlo\u2019: se estrena el trabajo en v\u00eddeo del Grupo Juvenil Antirrumores de Pamplona contra prejuicios y estereotipos sin base<\/title>\n<meta name=\"robots\" content=\"index, follow, max-snippet:-1, max-image-preview:large, max-video-preview:-1\" \/>\n<link rel=\"canonical\" href=\"https:\/\/www.laguiadepamplona.com\/actualidad\/no-dejes-que-se-propague-en-tu-mano-esta-detenerlo-se-estrena-el-trabajo-en-video-del-grupo-juvenil-antirrumores-de-pamplona-contra-prejuicios-y-estereotipos-sin-base\/\" \/>\n<meta property=\"og:locale\" content=\"es_ES\" \/>\n<meta property=\"og:type\" content=\"article\" \/>\n<meta property=\"og:title\" content=\"\u2018No dejes que se propague, en tu mano est\u00e1 detenerlo\u2019: se estrena el trabajo en v\u00eddeo del Grupo Juvenil Antirrumores de Pamplona contra prejuicios y estereotipos sin base\" \/>\n<meta property=\"og:url\" content=\"https:\/\/www.laguiadepamplona.com\/actualidad\/no-dejes-que-se-propague-en-tu-mano-esta-detenerlo-se-estrena-el-trabajo-en-video-del-grupo-juvenil-antirrumores-de-pamplona-contra-prejuicios-y-estereotipos-sin-base\/\" \/>\n<meta property=\"og:site_name\" content=\"La Gu\u00eda de Pamplona\" \/>\n<meta property=\"article:publisher\" content=\"https:\/\/www.facebook.com\/laguiadepamplonacom-133175176762273\/?ref=hl\" \/>\n<meta property=\"article:published_time\" content=\"2018-12-26T11:26:29+00:00\" \/>\n<meta property=\"og:image\" content=\"https:\/\/www.laguiadepamplona.com\/actualidad\/wp-content\/uploads\/2017\/08\/cada_dia_plan_juventud.jpg\" \/>\n\t<meta property=\"og:image:width\" content=\"1000\" \/>\n\t<meta property=\"og:image:height\" content=\"527\" \/>\n\t<meta property=\"og:image:type\" content=\"image\/jpeg\" \/>\n<meta name=\"author\" content=\"La Gu\u00eda de Pamplona\" \/>\n<meta name=\"twitter:card\" content=\"summary_large_image\" \/>\n<meta name=\"twitter:creator\" content=\"@LaGuiadPamplona\" \/>\n<meta name=\"twitter:site\" content=\"@LaGuiadPamplona\" \/>\n<meta name=\"twitter:label1\" content=\"Escrito por\" \/>\n\t<meta name=\"twitter:data1\" content=\"La Gu\u00eda de Pamplona\" \/>\n\t<meta name=\"twitter:label2\" content=\"Tiempo de lectura\" \/>\n\t<meta name=\"twitter:data2\" content=\"2 minutos\" \/>\n<script type=\"application\/ld+json\" class=\"yoast-schema-graph\">{\"@context\":\"https:\\\/\\\/schema.org\",\"@graph\":[{\"@type\":\"Article\",\"@id\":\"https:\\\/\\\/www.laguiadepamplona.com\\\/actualidad\\\/no-dejes-que-se-propague-en-tu-mano-esta-detenerlo-se-estrena-el-trabajo-en-video-del-grupo-juvenil-antirrumores-de-pamplona-contra-prejuicios-y-estereotipos-sin-base\\\/#article\",\"isPartOf\":{\"@id\":\"https:\\\/\\\/www.laguiadepamplona.com\\\/actualidad\\\/no-dejes-que-se-propague-en-tu-mano-esta-detenerlo-se-estrena-el-trabajo-en-video-del-grupo-juvenil-antirrumores-de-pamplona-contra-prejuicios-y-estereotipos-sin-base\\\/\"},\"author\":{\"name\":\"La Gu\u00eda de Pamplona\",\"@id\":\"https:\\\/\\\/www.laguiadepamplona.com\\\/actualidad\\\/#\\\/schema\\\/person\\\/efe887376f0213d4657c93adc50b1fdb\"},\"headline\":\"\u2018No dejes que se propague, en tu mano est\u00e1 detenerlo\u2019: se estrena el trabajo en v\u00eddeo del Grupo Juvenil Antirrumores de Pamplona contra prejuicios y estereotipos sin base\",\"datePublished\":\"2018-12-26T11:26:29+00:00\",\"mainEntityOfPage\":{\"@id\":\"https:\\\/\\\/www.laguiadepamplona.com\\\/actualidad\\\/no-dejes-que-se-propague-en-tu-mano-esta-detenerlo-se-estrena-el-trabajo-en-video-del-grupo-juvenil-antirrumores-de-pamplona-contra-prejuicios-y-estereotipos-sin-base\\\/\"},\"wordCount\":494,\"commentCount\":0,\"publisher\":{\"@id\":\"https:\\\/\\\/www.laguiadepamplona.com\\\/actualidad\\\/#organization\"},\"image\":{\"@id\":\"https:\\\/\\\/www.laguiadepamplona.com\\\/actualidad\\\/no-dejes-que-se-propague-en-tu-mano-esta-detenerlo-se-estrena-el-trabajo-en-video-del-grupo-juvenil-antirrumores-de-pamplona-contra-prejuicios-y-estereotipos-sin-base\\\/#primaryimage\"},\"thumbnailUrl\":\"https:\\\/\\\/www.laguiadepamplona.com\\\/actualidad\\\/wp-content\\\/uploads\\\/2017\\\/08\\\/cada_dia_plan_juventud.jpg\",\"articleSection\":[\"Ayto Pamplona\"],\"inLanguage\":\"es\",\"potentialAction\":[{\"@type\":\"CommentAction\",\"name\":\"Comment\",\"target\":[\"https:\\\/\\\/www.laguiadepamplona.com\\\/actualidad\\\/no-dejes-que-se-propague-en-tu-mano-esta-detenerlo-se-estrena-el-trabajo-en-video-del-grupo-juvenil-antirrumores-de-pamplona-contra-prejuicios-y-estereotipos-sin-base\\\/#respond\"]}]},{\"@type\":\"WebPage\",\"@id\":\"https:\\\/\\\/www.laguiadepamplona.com\\\/actualidad\\\/no-dejes-que-se-propague-en-tu-mano-esta-detenerlo-se-estrena-el-trabajo-en-video-del-grupo-juvenil-antirrumores-de-pamplona-contra-prejuicios-y-estereotipos-sin-base\\\/\",\"url\":\"https:\\\/\\\/www.laguiadepamplona.com\\\/actualidad\\\/no-dejes-que-se-propague-en-tu-mano-esta-detenerlo-se-estrena-el-trabajo-en-video-del-grupo-juvenil-antirrumores-de-pamplona-contra-prejuicios-y-estereotipos-sin-base\\\/\",\"name\":\"\u2018No dejes que se propague, en tu mano est\u00e1 detenerlo\u2019: se estrena el trabajo en v\u00eddeo del Grupo Juvenil Antirrumores de Pamplona contra prejuicios y estereotipos sin base\",\"isPartOf\":{\"@id\":\"https:\\\/\\\/www.laguiadepamplona.com\\\/actualidad\\\/#website\"},\"primaryImageOfPage\":{\"@id\":\"https:\\\/\\\/www.laguiadepamplona.com\\\/actualidad\\\/no-dejes-que-se-propague-en-tu-mano-esta-detenerlo-se-estrena-el-trabajo-en-video-del-grupo-juvenil-antirrumores-de-pamplona-contra-prejuicios-y-estereotipos-sin-base\\\/#primaryimage\"},\"image\":{\"@id\":\"https:\\\/\\\/www.laguiadepamplona.com\\\/actualidad\\\/no-dejes-que-se-propague-en-tu-mano-esta-detenerlo-se-estrena-el-trabajo-en-video-del-grupo-juvenil-antirrumores-de-pamplona-contra-prejuicios-y-estereotipos-sin-base\\\/#primaryimage\"},\"thumbnailUrl\":\"https:\\\/\\\/www.laguiadepamplona.com\\\/actualidad\\\/wp-content\\\/uploads\\\/2017\\\/08\\\/cada_dia_plan_juventud.jpg\",\"datePublished\":\"2018-12-26T11:26:29+00:00\",\"breadcrumb\":{\"@id\":\"https:\\\/\\\/www.laguiadepamplona.com\\\/actualidad\\\/no-dejes-que-se-propague-en-tu-mano-esta-detenerlo-se-estrena-el-trabajo-en-video-del-grupo-juvenil-antirrumores-de-pamplona-contra-prejuicios-y-estereotipos-sin-base\\\/#breadcrumb\"},\"inLanguage\":\"es\",\"potentialAction\":[{\"@type\":\"ReadAction\",\"target\":[\"https:\\\/\\\/www.laguiadepamplona.com\\\/actualidad\\\/no-dejes-que-se-propague-en-tu-mano-esta-detenerlo-se-estrena-el-trabajo-en-video-del-grupo-juvenil-antirrumores-de-pamplona-contra-prejuicios-y-estereotipos-sin-base\\\/\"]}]},{\"@type\":\"ImageObject\",\"inLanguage\":\"es\",\"@id\":\"https:\\\/\\\/www.laguiadepamplona.com\\\/actualidad\\\/no-dejes-que-se-propague-en-tu-mano-esta-detenerlo-se-estrena-el-trabajo-en-video-del-grupo-juvenil-antirrumores-de-pamplona-contra-prejuicios-y-estereotipos-sin-base\\\/#primaryimage\",\"url\":\"https:\\\/\\\/www.laguiadepamplona.com\\\/actualidad\\\/wp-content\\\/uploads\\\/2017\\\/08\\\/cada_dia_plan_juventud.jpg\",\"contentUrl\":\"https:\\\/\\\/www.laguiadepamplona.com\\\/actualidad\\\/wp-content\\\/uploads\\\/2017\\\/08\\\/cada_dia_plan_juventud.jpg\",\"width\":1000,\"height\":527},{\"@type\":\"BreadcrumbList\",\"@id\":\"https:\\\/\\\/www.laguiadepamplona.com\\\/actualidad\\\/no-dejes-que-se-propague-en-tu-mano-esta-detenerlo-se-estrena-el-trabajo-en-video-del-grupo-juvenil-antirrumores-de-pamplona-contra-prejuicios-y-estereotipos-sin-base\\\/#breadcrumb\",\"itemListElement\":[{\"@type\":\"ListItem\",\"position\":1,\"name\":\"Portada\",\"item\":\"https:\\\/\\\/www.laguiadepamplona.com\\\/actualidad\\\/\"},{\"@type\":\"ListItem\",\"position\":2,\"name\":\"\u2018No dejes que se propague, en tu mano est\u00e1 detenerlo\u2019: se estrena el trabajo en v\u00eddeo del Grupo Juvenil Antirrumores de Pamplona contra prejuicios y estereotipos sin base\"}]},{\"@type\":\"WebSite\",\"@id\":\"https:\\\/\\\/www.laguiadepamplona.com\\\/actualidad\\\/#website\",\"url\":\"https:\\\/\\\/www.laguiadepamplona.com\\\/actualidad\\\/\",\"name\":\"La gu\u00eda de Pamplona\",\"description\":\"Noticias de Pamplona\",\"publisher\":{\"@id\":\"https:\\\/\\\/www.laguiadepamplona.com\\\/actualidad\\\/#organization\"},\"potentialAction\":[{\"@type\":\"SearchAction\",\"target\":{\"@type\":\"EntryPoint\",\"urlTemplate\":\"https:\\\/\\\/www.laguiadepamplona.com\\\/actualidad\\\/?s={search_term_string}\"},\"query-input\":{\"@type\":\"PropertyValueSpecification\",\"valueRequired\":true,\"valueName\":\"search_term_string\"}}],\"inLanguage\":\"es\"},{\"@type\":\"Organization\",\"@id\":\"https:\\\/\\\/www.laguiadepamplona.com\\\/actualidad\\\/#organization\",\"name\":\"La Gu\u00eda de Pamplona \\\/ Noticias\",\"url\":\"https:\\\/\\\/www.laguiadepamplona.com\\\/actualidad\\\/\",\"logo\":{\"@type\":\"ImageObject\",\"inLanguage\":\"es\",\"@id\":\"https:\\\/\\\/www.laguiadepamplona.com\\\/actualidad\\\/#\\\/schema\\\/logo\\\/image\\\/\",\"url\":\"https:\\\/\\\/www.laguiadepamplona.com\\\/actualidad\\\/wp-content\\\/uploads\\\/2018\\\/11\\\/logo-laguiadepamplona18-web1.png\",\"contentUrl\":\"https:\\\/\\\/www.laguiadepamplona.com\\\/actualidad\\\/wp-content\\\/uploads\\\/2018\\\/11\\\/logo-laguiadepamplona18-web1.png\",\"width\":600,\"height\":196,\"caption\":\"La Gu\u00eda de Pamplona \\\/ Noticias\"},\"image\":{\"@id\":\"https:\\\/\\\/www.laguiadepamplona.com\\\/actualidad\\\/#\\\/schema\\\/logo\\\/image\\\/\"},\"sameAs\":[\"https:\\\/\\\/www.facebook.com\\\/laguiadepamplonacom-133175176762273\\\/?ref=hl\",\"https:\\\/\\\/x.com\\\/LaGuiadPamplona\",\"https:\\\/\\\/www.instagram.com\\\/la_guia_de_pamplona\\\/\",\"https:\\\/\\\/www.youtube.com\\\/user\\\/laguiadepamplona\"]},{\"@type\":\"Person\",\"@id\":\"https:\\\/\\\/www.laguiadepamplona.com\\\/actualidad\\\/#\\\/schema\\\/person\\\/efe887376f0213d4657c93adc50b1fdb\",\"name\":\"La Gu\u00eda de Pamplona\",\"image\":{\"@type\":\"ImageObject\",\"inLanguage\":\"es\",\"@id\":\"https:\\\/\\\/secure.gravatar.com\\\/avatar\\\/b6992f131dc8d30ab0dff15446e9d346d9dbd95992de0fef795073f5ea83a81c?s=96&d=mm&r=g\",\"url\":\"https:\\\/\\\/secure.gravatar.com\\\/avatar\\\/b6992f131dc8d30ab0dff15446e9d346d9dbd95992de0fef795073f5ea83a81c?s=96&d=mm&r=g\",\"contentUrl\":\"https:\\\/\\\/secure.gravatar.com\\\/avatar\\\/b6992f131dc8d30ab0dff15446e9d346d9dbd95992de0fef795073f5ea83a81c?s=96&d=mm&r=g\",\"caption\":\"La Gu\u00eda de Pamplona\"}}]}<\/script>\n<!-- \/ Yoast SEO plugin. -->","yoast_head_json":{"title":"\u2018No dejes que se propague, en tu mano est\u00e1 detenerlo\u2019: se estrena el trabajo en v\u00eddeo del Grupo Juvenil Antirrumores de Pamplona contra prejuicios y estereotipos sin base","robots":{"index":"index","follow":"follow","max-snippet":"max-snippet:-1","max-image-preview":"max-image-preview:large","max-video-preview":"max-video-preview:-1"},"canonical":"https:\/\/www.laguiadepamplona.com\/actualidad\/no-dejes-que-se-propague-en-tu-mano-esta-detenerlo-se-estrena-el-trabajo-en-video-del-grupo-juvenil-antirrumores-de-pamplona-contra-prejuicios-y-estereotipos-sin-base\/","og_locale":"es_ES","og_type":"article","og_title":"\u2018No dejes que se propague, en tu mano est\u00e1 detenerlo\u2019: se estrena el trabajo en v\u00eddeo del Grupo Juvenil Antirrumores de Pamplona contra prejuicios y estereotipos sin base","og_url":"https:\/\/www.laguiadepamplona.com\/actualidad\/no-dejes-que-se-propague-en-tu-mano-esta-detenerlo-se-estrena-el-trabajo-en-video-del-grupo-juvenil-antirrumores-de-pamplona-contra-prejuicios-y-estereotipos-sin-base\/","og_site_name":"La Gu\u00eda de Pamplona","article_publisher":"https:\/\/www.facebook.com\/laguiadepamplonacom-133175176762273\/?ref=hl","article_published_time":"2018-12-26T11:26:29+00:00","og_image":[{"width":1000,"height":527,"url":"https:\/\/www.laguiadepamplona.com\/actualidad\/wp-content\/uploads\/2017\/08\/cada_dia_plan_juventud.jpg","type":"image\/jpeg"}],"author":"La Gu\u00eda de Pamplona","twitter_card":"summary_large_image","twitter_creator":"@LaGuiadPamplona","twitter_site":"@LaGuiadPamplona","twitter_misc":{"Escrito por":"La Gu\u00eda de Pamplona","Tiempo de lectura":"2 minutos"},"schema":{"@context":"https:\/\/schema.org","@graph":[{"@type":"Article","@id":"https:\/\/www.laguiadepamplona.com\/actualidad\/no-dejes-que-se-propague-en-tu-mano-esta-detenerlo-se-estrena-el-trabajo-en-video-del-grupo-juvenil-antirrumores-de-pamplona-contra-prejuicios-y-estereotipos-sin-base\/#article","isPartOf":{"@id":"https:\/\/www.laguiadepamplona.com\/actualidad\/no-dejes-que-se-propague-en-tu-mano-esta-detenerlo-se-estrena-el-trabajo-en-video-del-grupo-juvenil-antirrumores-de-pamplona-contra-prejuicios-y-estereotipos-sin-base\/"},"author":{"name":"La Gu\u00eda de Pamplona","@id":"https:\/\/www.laguiadepamplona.com\/actualidad\/#\/schema\/person\/efe887376f0213d4657c93adc50b1fdb"},"headline":"\u2018No dejes que se propague, en tu mano est\u00e1 detenerlo\u2019: se estrena el trabajo en v\u00eddeo del Grupo Juvenil Antirrumores de Pamplona contra prejuicios y estereotipos sin base","datePublished":"2018-12-26T11:26:29+00:00","mainEntityOfPage":{"@id":"https:\/\/www.laguiadepamplona.com\/actualidad\/no-dejes-que-se-propague-en-tu-mano-esta-detenerlo-se-estrena-el-trabajo-en-video-del-grupo-juvenil-antirrumores-de-pamplona-contra-prejuicios-y-estereotipos-sin-base\/"},"wordCount":494,"commentCount":0,"publisher":{"@id":"https:\/\/www.laguiadepamplona.com\/actualidad\/#organization"},"image":{"@id":"https:\/\/www.laguiadepamplona.com\/actualidad\/no-dejes-que-se-propague-en-tu-mano-esta-detenerlo-se-estrena-el-trabajo-en-video-del-grupo-juvenil-antirrumores-de-pamplona-contra-prejuicios-y-estereotipos-sin-base\/#primaryimage"},"thumbnailUrl":"https:\/\/www.laguiadepamplona.com\/actualidad\/wp-content\/uploads\/2017\/08\/cada_dia_plan_juventud.jpg","articleSection":["Ayto Pamplona"],"inLanguage":"es","potentialAction":[{"@type":"CommentAction","name":"Comment","target":["https:\/\/www.laguiadepamplona.com\/actualidad\/no-dejes-que-se-propague-en-tu-mano-esta-detenerlo-se-estrena-el-trabajo-en-video-del-grupo-juvenil-antirrumores-de-pamplona-contra-prejuicios-y-estereotipos-sin-base\/#respond"]}]},{"@type":"WebPage","@id":"https:\/\/www.laguiadepamplona.com\/actualidad\/no-dejes-que-se-propague-en-tu-mano-esta-detenerlo-se-estrena-el-trabajo-en-video-del-grupo-juvenil-antirrumores-de-pamplona-contra-prejuicios-y-estereotipos-sin-base\/","url":"https:\/\/www.laguiadepamplona.com\/actualidad\/no-dejes-que-se-propague-en-tu-mano-esta-detenerlo-se-estrena-el-trabajo-en-video-del-grupo-juvenil-antirrumores-de-pamplona-contra-prejuicios-y-estereotipos-sin-base\/","name":"\u2018No dejes que se propague, en tu mano est\u00e1 detenerlo\u2019: se estrena el trabajo en v\u00eddeo del Grupo Juvenil Antirrumores de Pamplona contra prejuicios y estereotipos sin base","isPartOf":{"@id":"https:\/\/www.laguiadepamplona.com\/actualidad\/#website"},"primaryImageOfPage":{"@id":"https:\/\/www.laguiadepamplona.com\/actualidad\/no-dejes-que-se-propague-en-tu-mano-esta-detenerlo-se-estrena-el-trabajo-en-video-del-grupo-juvenil-antirrumores-de-pamplona-contra-prejuicios-y-estereotipos-sin-base\/#primaryimage"},"image":{"@id":"https:\/\/www.laguiadepamplona.com\/actualidad\/no-dejes-que-se-propague-en-tu-mano-esta-detenerlo-se-estrena-el-trabajo-en-video-del-grupo-juvenil-antirrumores-de-pamplona-contra-prejuicios-y-estereotipos-sin-base\/#primaryimage"},"thumbnailUrl":"https:\/\/www.laguiadepamplona.com\/actualidad\/wp-content\/uploads\/2017\/08\/cada_dia_plan_juventud.jpg","datePublished":"2018-12-26T11:26:29+00:00","breadcrumb":{"@id":"https:\/\/www.laguiadepamplona.com\/actualidad\/no-dejes-que-se-propague-en-tu-mano-esta-detenerlo-se-estrena-el-trabajo-en-video-del-grupo-juvenil-antirrumores-de-pamplona-contra-prejuicios-y-estereotipos-sin-base\/#breadcrumb"},"inLanguage":"es","potentialAction":[{"@type":"ReadAction","target":["https:\/\/www.laguiadepamplona.com\/actualidad\/no-dejes-que-se-propague-en-tu-mano-esta-detenerlo-se-estrena-el-trabajo-en-video-del-grupo-juvenil-antirrumores-de-pamplona-contra-prejuicios-y-estereotipos-sin-base\/"]}]},{"@type":"ImageObject","inLanguage":"es","@id":"https:\/\/www.laguiadepamplona.com\/actualidad\/no-dejes-que-se-propague-en-tu-mano-esta-detenerlo-se-estrena-el-trabajo-en-video-del-grupo-juvenil-antirrumores-de-pamplona-contra-prejuicios-y-estereotipos-sin-base\/#primaryimage","url":"https:\/\/www.laguiadepamplona.com\/actualidad\/wp-content\/uploads\/2017\/08\/cada_dia_plan_juventud.jpg","contentUrl":"https:\/\/www.laguiadepamplona.com\/actualidad\/wp-content\/uploads\/2017\/08\/cada_dia_plan_juventud.jpg","width":1000,"height":527},{"@type":"BreadcrumbList","@id":"https:\/\/www.laguiadepamplona.com\/actualidad\/no-dejes-que-se-propague-en-tu-mano-esta-detenerlo-se-estrena-el-trabajo-en-video-del-grupo-juvenil-antirrumores-de-pamplona-contra-prejuicios-y-estereotipos-sin-base\/#breadcrumb","itemListElement":[{"@type":"ListItem","position":1,"name":"Portada","item":"https:\/\/www.laguiadepamplona.com\/actualidad\/"},{"@type":"ListItem","position":2,"name":"\u2018No dejes que se propague, en tu mano est\u00e1 detenerlo\u2019: se estrena el trabajo en v\u00eddeo del Grupo Juvenil Antirrumores de Pamplona contra prejuicios y estereotipos sin base"}]},{"@type":"WebSite","@id":"https:\/\/www.laguiadepamplona.com\/actualidad\/#website","url":"https:\/\/www.laguiadepamplona.com\/actualidad\/","name":"La gu\u00eda de Pamplona","description":"Noticias de Pamplona","publisher":{"@id":"https:\/\/www.laguiadepamplona.com\/actualidad\/#organization"},"potentialAction":[{"@type":"SearchAction","target":{"@type":"EntryPoint","urlTemplate":"https:\/\/www.laguiadepamplona.com\/actualidad\/?s={search_term_string}"},"query-input":{"@type":"PropertyValueSpecification","valueRequired":true,"valueName":"search_term_string"}}],"inLanguage":"es"},{"@type":"Organization","@id":"https:\/\/www.laguiadepamplona.com\/actualidad\/#organization","name":"La Gu\u00eda de Pamplona \/ Noticias","url":"https:\/\/www.laguiadepamplona.com\/actualidad\/","logo":{"@type":"ImageObject","inLanguage":"es","@id":"https:\/\/www.laguiadepamplona.com\/actualidad\/#\/schema\/logo\/image\/","url":"https:\/\/www.laguiadepamplona.com\/actualidad\/wp-content\/uploads\/2018\/11\/logo-laguiadepamplona18-web1.png","contentUrl":"https:\/\/www.laguiadepamplona.com\/actualidad\/wp-content\/uploads\/2018\/11\/logo-laguiadepamplona18-web1.png","width":600,"height":196,"caption":"La Gu\u00eda de Pamplona \/ Noticias"},"image":{"@id":"https:\/\/www.laguiadepamplona.com\/actualidad\/#\/schema\/logo\/image\/"},"sameAs":["https:\/\/www.facebook.com\/laguiadepamplonacom-133175176762273\/?ref=hl","https:\/\/x.com\/LaGuiadPamplona","https:\/\/www.instagram.com\/la_guia_de_pamplona\/","https:\/\/www.youtube.com\/user\/laguiadepamplona"]},{"@type":"Person","@id":"https:\/\/www.laguiadepamplona.com\/actualidad\/#\/schema\/person\/efe887376f0213d4657c93adc50b1fdb","name":"La Gu\u00eda de Pamplona","image":{"@type":"ImageObject","inLanguage":"es","@id":"https:\/\/secure.gravatar.com\/avatar\/b6992f131dc8d30ab0dff15446e9d346d9dbd95992de0fef795073f5ea83a81c?s=96&d=mm&r=g","url":"https:\/\/secure.gravatar.com\/avatar\/b6992f131dc8d30ab0dff15446e9d346d9dbd95992de0fef795073f5ea83a81c?s=96&d=mm&r=g","contentUrl":"https:\/\/secure.gravatar.com\/avatar\/b6992f131dc8d30ab0dff15446e9d346d9dbd95992de0fef795073f5ea83a81c?s=96&d=mm&r=g","caption":"La Gu\u00eda de Pamplona"}}]}},"post_mailing_queue_ids":[],"_links":{"self":[{"href":"https:\/\/www.laguiadepamplona.com\/actualidad\/wp-json\/wp\/v2\/posts\/19912","targetHints":{"allow":["GET"]}}],"collection":[{"href":"https:\/\/www.laguiadepamplona.com\/actualidad\/wp-json\/wp\/v2\/posts"}],"about":[{"href":"https:\/\/www.laguiadepamplona.com\/actualidad\/wp-json\/wp\/v2\/types\/post"}],"author":[{"embeddable":true,"href":"https:\/\/www.laguiadepamplona.com\/actualidad\/wp-json\/wp\/v2\/users\/1"}],"replies":[{"embeddable":true,"href":"https:\/\/www.laguiadepamplona.com\/actualidad\/wp-json\/wp\/v2\/comments?post=19912"}],"version-history":[{"count":0,"href":"https:\/\/www.laguiadepamplona.com\/actualidad\/wp-json\/wp\/v2\/posts\/19912\/revisions"}],"wp:featuredmedia":[{"embeddable":true,"href":"https:\/\/www.laguiadepamplona.com\/actualidad\/wp-json\/wp\/v2\/media\/13864"}],"wp:attachment":[{"href":"https:\/\/www.laguiadepamplona.com\/actualidad\/wp-json\/wp\/v2\/media?parent=19912"}],"wp:term":[{"taxonomy":"category","embeddable":true,"href":"https:\/\/www.laguiadepamplona.com\/actualidad\/wp-json\/wp\/v2\/categories?post=19912"},{"taxonomy":"post_tag","embeddable":true,"href":"https:\/\/www.laguiadepamplona.com\/actualidad\/wp-json\/wp\/v2\/tags?post=19912"}],"curies":[{"name":"wp","href":"https:\/\/api.w.org\/{rel}","templated":true}]}}