{"id":19910,"date":"2018-12-26T13:24:00","date_gmt":"2018-12-26T11:24:00","guid":{"rendered":"https:\/\/www.laguiadepamplona.es\/actualidad\/?p=19910"},"modified":"2018-12-26T13:24:00","modified_gmt":"2018-12-26T11:24:00","slug":"el-977-de-las-personas-que-usan-el-telefono-de-atencion-ciudadana-010-lo-recomienda-y-le-otorgan-una-nota-media-de-85-puntos","status":"publish","type":"post","link":"https:\/\/www.laguiadepamplona.com\/actualidad\/el-977-de-las-personas-que-usan-el-telefono-de-atencion-ciudadana-010-lo-recomienda-y-le-otorgan-una-nota-media-de-85-puntos\/","title":{"rendered":"El 97,7% de las personas que usan el Tel\u00e9fono de Atenci\u00f3n Ciudadana 010 lo recomienda y le otorgan una nota media de 8,5 puntos"},"content":{"rendered":"<p><!--more--><\/p>\n<h3>El estudio municipal se\u00f1ala que el 43,6% de las personas encuestadas han llamado dos o tres veces al a\u00f1o<\/h3>\n<p>El 97,7% de las personas que han utilizado este a\u00f1o el Tel\u00e9fono de Atenci\u00f3n Ciudadana 010 lo recomienda y le otorgan una nota media de 8,5 puntos. El perfil medio de la persona usuaria es el de una mujer de Pamplona, del barrio de la Rochapea, de 45 a\u00f1os, con estudios superiores universitarios, que llama m\u00e1s de tres veces al a\u00f1o para pedir informaci\u00f3n y que es atendida en la primera llamada, que conoci\u00f3 el 010 por ser \u201cde toda la vida\u201d y que no considera que deba incorporar nuevos servicios. En 2017, \u00faltimo a\u00f1o completo del que existe estad\u00edstica, se realizaron 815.213 contactos, cifra aumenta la alcanzada en 2016 en un 31,47%. Los contactos atendidos aumentaron en un 18,86 %, y los salientes tambi\u00e9n aumentaron tanto en comunicaciones por email como SMS, twitter o llamadas.<\/p>\n<p>El perfil de la persona usuaria muestra que las mujeres llaman m\u00e1s, el 65,6% del total, mientras que el colectivo masculino representa el 34,4%. En cuanto a la edad, el 32,1% son personas de hasta 39 a\u00f1os, otro 36,9% est\u00e1n entre los cuarenta y cincuenta a\u00f1os y el 31% restante superan los 51 a\u00f1os. La media aritm\u00e9tica de la edad de las personas usuarias saldr\u00eda de 45,5 a\u00f1os. Algo m\u00e1s de cuatro de cada diez han llamado entre dos y tres veces a lo largo del a\u00f1o (43,6%); otro 30,7% lo ha hecho en cuatro o m\u00e1s ocasiones, y el 25,7% restante una vez. La media se ubica en 3,3 ocasiones para la totalidad de las personas consultadas. Estos datos se han obtenido del estudio del Ayuntamiento de Pamplona para conocer opini\u00f3n y valoraci\u00f3n de las personas usuarias del servicio del 010, la raz\u00f3n de la llamada, la atenci\u00f3n recibida, la eficacia, y los datos quien ha llamado. Elaborado por Taller de Sociolog\u00eda S.L. ha contado con 17 preguntas realizadas a 700 personas, con una encuesta por hogar.<\/p>\n<p><strong>Rochapea el barrio desde el que m\u00e1s se llama<\/strong><\/p>\n<p>Aproximadamente ocho de cada diez de las personas encuestada reside en Pamplona, 77,4%, y fuera de la capital vive otro 22,6%. Por barrios, Rochapea es la zona desde la que m\u00e1s llamadas se realizan, el 15,1%, seguida del Casco Antiguo con un 11,8%, y el I y II Ensanche y San Juan con el 9,4% y 9,2%, respectivamente. Cuando no son de Pamplona, el 17,7% residen fuera de Navarra; un 13,9% en Artica, Anso\u00e1in, Berriozar, Berrioplano y Berriosuso; el 10,8% habitan en Huarte, Valle de Eg\u00fces y Olloki y el otro 10,1%, en el resto de Navarra.<\/p>\n<p>Con referencia al pa\u00eds de origen, aproximadamente ocho de cada diez de las personas entrevistadas son de Espa\u00f1a (78,7%), el 15,7% de Sudam\u00e9rica y las de Europa, \u00c1frica y Asia suman el 5,6%. Otros datos extra\u00eddos del estudio son que el 42,9% posee estudios universitarios superiores, un 21,4% formaci\u00f3n profesional y un 21,3% bachiller; y que el 19% desarrorran un trabajo t\u00e9cnico, el 17% tendr\u00eda una profesi\u00f3n sin clasificar y un 12,9% administrativo.<\/p>\n<p>Sobre qu\u00e9 servicios deber\u00eda incorporar el 010, el 32% se\u00f1ala que est\u00e1 bien as\u00ed y otro 50,3% no tiene ninguna sugerencia.<\/p>\n<p><strong>Se llama para pedir informaci\u00f3n y se atiende en la primera llamada<\/strong><\/p>\n<p>Al indagar en los motivos por los cuales se llam\u00f3 al servicio 010, los mayores porcentajes se encuentran en las opciones \u201cpara pedir informaci\u00f3n\u201d y para \u201cvolantes y certificados de padr\u00f3n\u201d, con un 37,4% y 30,7% respectivamente. Le siguen \u201crecepci\u00f3n avisos, quejas, sugerencias\u201d, con un 12,3%, \u201cno recuerdo en este momento\u201d 11,1% e inscripciones 7,7%. La mayor\u00eda, el 62,6%, responde que fueron atendidos a la primera llamada; un 28,3% entre dos y tres llamadas y m\u00e1s de cuatro solo realiz\u00f3 el 9,1%.<\/p>\n<p>Aproximadamente siete de cada diez personas entrevistadas, el 67,7%, no realizaron ning\u00fan tr\u00e1mite con cita previa y del 32,3% restante en un 60,6% de los casos pasaron entre uno y cuatro d\u00edas desde que pidi\u00f3 la cita hasta que fue atendido presencialmente en la oficina. Algo m\u00e1s de una cuarta parte fue en el mismo d\u00eda, el 26,5%.<\/p>\n<p>En relaci\u00f3n con la atenci\u00f3n recibida, las valoraciones son superiores a ocho puntos en todos los apartados, siendo \u201cAdaptaci\u00f3n al idioma\u201d y \u201cClaridad y facilidad de entender a la persona que le atendi\u00f3 cuando le informaba\u201d las m\u00e1s valoradas con 8,7 puntos. A \u201cAmabilidad y trato personal\u201d le otorga un 8,6; a \u201cGrado de satisfacci\u00f3n general con el servicio que presta el 010\u201d 8,5 puntos; \u201cEficacia en la resoluci\u00f3n del motivo de la llamada\u201d 8,3 puntos y \u201cRapidez en la atenci\u00f3n\u201d 8,2 puntos.<\/p>\n<p>Sobre el medio a trav\u00e9s del que se conoci\u00f3 la existencia del 010, el 22,6% dice que es \u201cun servicio de toda la vida\u201d, otro 21,9% lo ha conocido a trav\u00e9s de Internet y el 18,6% por medio de la publicidad del Ayuntamiento. Por amigos o conocidos es el medio de llegada de la informaci\u00f3n para el 17,3% y para otro 12,1% fue derivado de otros servicios del Ayuntamiento. Por la prensa lo ha conocido un 11,7% y mediante la radio y la televisi\u00f3n un 7% y un 2,9% respectivamente.<\/p>\n","protected":false},"excerpt":{"rendered":"","protected":false},"author":1,"featured_media":17600,"comment_status":"open","ping_status":"closed","sticky":false,"template":"","format":"standard","meta":{"footnotes":""},"categories":[2],"tags":[],"class_list":["post-19910","post","type-post","status-publish","format-standard","has-post-thumbnail","hentry","category-ayuntamiento-pamplona"],"yoast_head":"<!-- This site is optimized with the Yoast SEO plugin v27.3 - https:\/\/yoast.com\/product\/yoast-seo-wordpress\/ -->\n<title>El 97,7% de las personas que usan el Tel\u00e9fono de Atenci\u00f3n Ciudadana 010 lo recomienda y le otorgan una nota media de 8,5 puntos<\/title>\n<meta name=\"robots\" content=\"index, follow, max-snippet:-1, max-image-preview:large, max-video-preview:-1\" \/>\n<link rel=\"canonical\" href=\"https:\/\/www.laguiadepamplona.com\/actualidad\/el-977-de-las-personas-que-usan-el-telefono-de-atencion-ciudadana-010-lo-recomienda-y-le-otorgan-una-nota-media-de-85-puntos\/\" \/>\n<meta property=\"og:locale\" content=\"es_ES\" \/>\n<meta property=\"og:type\" content=\"article\" \/>\n<meta property=\"og:title\" content=\"El 97,7% de las personas que usan el Tel\u00e9fono de Atenci\u00f3n Ciudadana 010 lo recomienda y le otorgan una nota media de 8,5 puntos\" \/>\n<meta property=\"og:url\" content=\"https:\/\/www.laguiadepamplona.com\/actualidad\/el-977-de-las-personas-que-usan-el-telefono-de-atencion-ciudadana-010-lo-recomienda-y-le-otorgan-una-nota-media-de-85-puntos\/\" \/>\n<meta property=\"og:site_name\" content=\"La Gu\u00eda de Pamplona\" \/>\n<meta property=\"article:publisher\" content=\"https:\/\/www.facebook.com\/laguiadepamplonacom-133175176762273\/?ref=hl\" \/>\n<meta property=\"article:published_time\" content=\"2018-12-26T11:24:00+00:00\" \/>\n<meta property=\"og:image\" content=\"https:\/\/www.laguiadepamplona.com\/actualidad\/wp-content\/uploads\/2018\/05\/ayto-pamplona-3.jpg\" \/>\n\t<meta property=\"og:image:width\" content=\"1000\" \/>\n\t<meta property=\"og:image:height\" content=\"555\" \/>\n\t<meta property=\"og:image:type\" content=\"image\/jpeg\" \/>\n<meta name=\"author\" content=\"La Gu\u00eda de Pamplona\" \/>\n<meta name=\"twitter:card\" content=\"summary_large_image\" \/>\n<meta name=\"twitter:creator\" content=\"@LaGuiadPamplona\" \/>\n<meta name=\"twitter:site\" content=\"@LaGuiadPamplona\" \/>\n<meta name=\"twitter:label1\" content=\"Escrito por\" \/>\n\t<meta name=\"twitter:data1\" content=\"La Gu\u00eda de Pamplona\" \/>\n\t<meta name=\"twitter:label2\" content=\"Tiempo de lectura\" \/>\n\t<meta name=\"twitter:data2\" content=\"4 minutos\" \/>\n<script type=\"application\/ld+json\" class=\"yoast-schema-graph\">{\"@context\":\"https:\\\/\\\/schema.org\",\"@graph\":[{\"@type\":\"Article\",\"@id\":\"https:\\\/\\\/www.laguiadepamplona.com\\\/actualidad\\\/el-977-de-las-personas-que-usan-el-telefono-de-atencion-ciudadana-010-lo-recomienda-y-le-otorgan-una-nota-media-de-85-puntos\\\/#article\",\"isPartOf\":{\"@id\":\"https:\\\/\\\/www.laguiadepamplona.com\\\/actualidad\\\/el-977-de-las-personas-que-usan-el-telefono-de-atencion-ciudadana-010-lo-recomienda-y-le-otorgan-una-nota-media-de-85-puntos\\\/\"},\"author\":{\"name\":\"La Gu\u00eda de Pamplona\",\"@id\":\"https:\\\/\\\/www.laguiadepamplona.com\\\/actualidad\\\/#\\\/schema\\\/person\\\/efe887376f0213d4657c93adc50b1fdb\"},\"headline\":\"El 97,7% de las personas que usan el Tel\u00e9fono de Atenci\u00f3n Ciudadana 010 lo recomienda y le otorgan una nota media de 8,5 puntos\",\"datePublished\":\"2018-12-26T11:24:00+00:00\",\"mainEntityOfPage\":{\"@id\":\"https:\\\/\\\/www.laguiadepamplona.com\\\/actualidad\\\/el-977-de-las-personas-que-usan-el-telefono-de-atencion-ciudadana-010-lo-recomienda-y-le-otorgan-una-nota-media-de-85-puntos\\\/\"},\"wordCount\":869,\"commentCount\":0,\"publisher\":{\"@id\":\"https:\\\/\\\/www.laguiadepamplona.com\\\/actualidad\\\/#organization\"},\"image\":{\"@id\":\"https:\\\/\\\/www.laguiadepamplona.com\\\/actualidad\\\/el-977-de-las-personas-que-usan-el-telefono-de-atencion-ciudadana-010-lo-recomienda-y-le-otorgan-una-nota-media-de-85-puntos\\\/#primaryimage\"},\"thumbnailUrl\":\"https:\\\/\\\/www.laguiadepamplona.com\\\/actualidad\\\/wp-content\\\/uploads\\\/2018\\\/05\\\/ayto-pamplona-3.jpg\",\"articleSection\":[\"Ayto Pamplona\"],\"inLanguage\":\"es\",\"potentialAction\":[{\"@type\":\"CommentAction\",\"name\":\"Comment\",\"target\":[\"https:\\\/\\\/www.laguiadepamplona.com\\\/actualidad\\\/el-977-de-las-personas-que-usan-el-telefono-de-atencion-ciudadana-010-lo-recomienda-y-le-otorgan-una-nota-media-de-85-puntos\\\/#respond\"]}]},{\"@type\":\"WebPage\",\"@id\":\"https:\\\/\\\/www.laguiadepamplona.com\\\/actualidad\\\/el-977-de-las-personas-que-usan-el-telefono-de-atencion-ciudadana-010-lo-recomienda-y-le-otorgan-una-nota-media-de-85-puntos\\\/\",\"url\":\"https:\\\/\\\/www.laguiadepamplona.com\\\/actualidad\\\/el-977-de-las-personas-que-usan-el-telefono-de-atencion-ciudadana-010-lo-recomienda-y-le-otorgan-una-nota-media-de-85-puntos\\\/\",\"name\":\"El 97,7% de las personas que usan el Tel\u00e9fono de Atenci\u00f3n Ciudadana 010 lo recomienda y le otorgan una nota media de 8,5 puntos\",\"isPartOf\":{\"@id\":\"https:\\\/\\\/www.laguiadepamplona.com\\\/actualidad\\\/#website\"},\"primaryImageOfPage\":{\"@id\":\"https:\\\/\\\/www.laguiadepamplona.com\\\/actualidad\\\/el-977-de-las-personas-que-usan-el-telefono-de-atencion-ciudadana-010-lo-recomienda-y-le-otorgan-una-nota-media-de-85-puntos\\\/#primaryimage\"},\"image\":{\"@id\":\"https:\\\/\\\/www.laguiadepamplona.com\\\/actualidad\\\/el-977-de-las-personas-que-usan-el-telefono-de-atencion-ciudadana-010-lo-recomienda-y-le-otorgan-una-nota-media-de-85-puntos\\\/#primaryimage\"},\"thumbnailUrl\":\"https:\\\/\\\/www.laguiadepamplona.com\\\/actualidad\\\/wp-content\\\/uploads\\\/2018\\\/05\\\/ayto-pamplona-3.jpg\",\"datePublished\":\"2018-12-26T11:24:00+00:00\",\"breadcrumb\":{\"@id\":\"https:\\\/\\\/www.laguiadepamplona.com\\\/actualidad\\\/el-977-de-las-personas-que-usan-el-telefono-de-atencion-ciudadana-010-lo-recomienda-y-le-otorgan-una-nota-media-de-85-puntos\\\/#breadcrumb\"},\"inLanguage\":\"es\",\"potentialAction\":[{\"@type\":\"ReadAction\",\"target\":[\"https:\\\/\\\/www.laguiadepamplona.com\\\/actualidad\\\/el-977-de-las-personas-que-usan-el-telefono-de-atencion-ciudadana-010-lo-recomienda-y-le-otorgan-una-nota-media-de-85-puntos\\\/\"]}]},{\"@type\":\"ImageObject\",\"inLanguage\":\"es\",\"@id\":\"https:\\\/\\\/www.laguiadepamplona.com\\\/actualidad\\\/el-977-de-las-personas-que-usan-el-telefono-de-atencion-ciudadana-010-lo-recomienda-y-le-otorgan-una-nota-media-de-85-puntos\\\/#primaryimage\",\"url\":\"https:\\\/\\\/www.laguiadepamplona.com\\\/actualidad\\\/wp-content\\\/uploads\\\/2018\\\/05\\\/ayto-pamplona-3.jpg\",\"contentUrl\":\"https:\\\/\\\/www.laguiadepamplona.com\\\/actualidad\\\/wp-content\\\/uploads\\\/2018\\\/05\\\/ayto-pamplona-3.jpg\",\"width\":1000,\"height\":555},{\"@type\":\"BreadcrumbList\",\"@id\":\"https:\\\/\\\/www.laguiadepamplona.com\\\/actualidad\\\/el-977-de-las-personas-que-usan-el-telefono-de-atencion-ciudadana-010-lo-recomienda-y-le-otorgan-una-nota-media-de-85-puntos\\\/#breadcrumb\",\"itemListElement\":[{\"@type\":\"ListItem\",\"position\":1,\"name\":\"Portada\",\"item\":\"https:\\\/\\\/www.laguiadepamplona.com\\\/actualidad\\\/\"},{\"@type\":\"ListItem\",\"position\":2,\"name\":\"El 97,7% de las personas que usan el Tel\u00e9fono de Atenci\u00f3n Ciudadana 010 lo recomienda y le otorgan una nota media de 8,5 puntos\"}]},{\"@type\":\"WebSite\",\"@id\":\"https:\\\/\\\/www.laguiadepamplona.com\\\/actualidad\\\/#website\",\"url\":\"https:\\\/\\\/www.laguiadepamplona.com\\\/actualidad\\\/\",\"name\":\"La gu\u00eda de Pamplona\",\"description\":\"Noticias de Pamplona\",\"publisher\":{\"@id\":\"https:\\\/\\\/www.laguiadepamplona.com\\\/actualidad\\\/#organization\"},\"potentialAction\":[{\"@type\":\"SearchAction\",\"target\":{\"@type\":\"EntryPoint\",\"urlTemplate\":\"https:\\\/\\\/www.laguiadepamplona.com\\\/actualidad\\\/?s={search_term_string}\"},\"query-input\":{\"@type\":\"PropertyValueSpecification\",\"valueRequired\":true,\"valueName\":\"search_term_string\"}}],\"inLanguage\":\"es\"},{\"@type\":\"Organization\",\"@id\":\"https:\\\/\\\/www.laguiadepamplona.com\\\/actualidad\\\/#organization\",\"name\":\"La Gu\u00eda de Pamplona \\\/ Noticias\",\"url\":\"https:\\\/\\\/www.laguiadepamplona.com\\\/actualidad\\\/\",\"logo\":{\"@type\":\"ImageObject\",\"inLanguage\":\"es\",\"@id\":\"https:\\\/\\\/www.laguiadepamplona.com\\\/actualidad\\\/#\\\/schema\\\/logo\\\/image\\\/\",\"url\":\"https:\\\/\\\/www.laguiadepamplona.com\\\/actualidad\\\/wp-content\\\/uploads\\\/2018\\\/11\\\/logo-laguiadepamplona18-web1.png\",\"contentUrl\":\"https:\\\/\\\/www.laguiadepamplona.com\\\/actualidad\\\/wp-content\\\/uploads\\\/2018\\\/11\\\/logo-laguiadepamplona18-web1.png\",\"width\":600,\"height\":196,\"caption\":\"La Gu\u00eda de Pamplona \\\/ Noticias\"},\"image\":{\"@id\":\"https:\\\/\\\/www.laguiadepamplona.com\\\/actualidad\\\/#\\\/schema\\\/logo\\\/image\\\/\"},\"sameAs\":[\"https:\\\/\\\/www.facebook.com\\\/laguiadepamplonacom-133175176762273\\\/?ref=hl\",\"https:\\\/\\\/x.com\\\/LaGuiadPamplona\",\"https:\\\/\\\/www.instagram.com\\\/la_guia_de_pamplona\\\/\",\"https:\\\/\\\/www.youtube.com\\\/user\\\/laguiadepamplona\"]},{\"@type\":\"Person\",\"@id\":\"https:\\\/\\\/www.laguiadepamplona.com\\\/actualidad\\\/#\\\/schema\\\/person\\\/efe887376f0213d4657c93adc50b1fdb\",\"name\":\"La Gu\u00eda de Pamplona\",\"image\":{\"@type\":\"ImageObject\",\"inLanguage\":\"es\",\"@id\":\"https:\\\/\\\/secure.gravatar.com\\\/avatar\\\/b6992f131dc8d30ab0dff15446e9d346d9dbd95992de0fef795073f5ea83a81c?s=96&d=mm&r=g\",\"url\":\"https:\\\/\\\/secure.gravatar.com\\\/avatar\\\/b6992f131dc8d30ab0dff15446e9d346d9dbd95992de0fef795073f5ea83a81c?s=96&d=mm&r=g\",\"contentUrl\":\"https:\\\/\\\/secure.gravatar.com\\\/avatar\\\/b6992f131dc8d30ab0dff15446e9d346d9dbd95992de0fef795073f5ea83a81c?s=96&d=mm&r=g\",\"caption\":\"La Gu\u00eda de Pamplona\"}}]}<\/script>\n<!-- \/ Yoast SEO plugin. -->","yoast_head_json":{"title":"El 97,7% de las personas que usan el Tel\u00e9fono de Atenci\u00f3n Ciudadana 010 lo recomienda y le otorgan una nota media de 8,5 puntos","robots":{"index":"index","follow":"follow","max-snippet":"max-snippet:-1","max-image-preview":"max-image-preview:large","max-video-preview":"max-video-preview:-1"},"canonical":"https:\/\/www.laguiadepamplona.com\/actualidad\/el-977-de-las-personas-que-usan-el-telefono-de-atencion-ciudadana-010-lo-recomienda-y-le-otorgan-una-nota-media-de-85-puntos\/","og_locale":"es_ES","og_type":"article","og_title":"El 97,7% de las personas que usan el Tel\u00e9fono de Atenci\u00f3n Ciudadana 010 lo recomienda y le otorgan una nota media de 8,5 puntos","og_url":"https:\/\/www.laguiadepamplona.com\/actualidad\/el-977-de-las-personas-que-usan-el-telefono-de-atencion-ciudadana-010-lo-recomienda-y-le-otorgan-una-nota-media-de-85-puntos\/","og_site_name":"La Gu\u00eda de Pamplona","article_publisher":"https:\/\/www.facebook.com\/laguiadepamplonacom-133175176762273\/?ref=hl","article_published_time":"2018-12-26T11:24:00+00:00","og_image":[{"width":1000,"height":555,"url":"https:\/\/www.laguiadepamplona.com\/actualidad\/wp-content\/uploads\/2018\/05\/ayto-pamplona-3.jpg","type":"image\/jpeg"}],"author":"La Gu\u00eda de Pamplona","twitter_card":"summary_large_image","twitter_creator":"@LaGuiadPamplona","twitter_site":"@LaGuiadPamplona","twitter_misc":{"Escrito por":"La Gu\u00eda de Pamplona","Tiempo de lectura":"4 minutos"},"schema":{"@context":"https:\/\/schema.org","@graph":[{"@type":"Article","@id":"https:\/\/www.laguiadepamplona.com\/actualidad\/el-977-de-las-personas-que-usan-el-telefono-de-atencion-ciudadana-010-lo-recomienda-y-le-otorgan-una-nota-media-de-85-puntos\/#article","isPartOf":{"@id":"https:\/\/www.laguiadepamplona.com\/actualidad\/el-977-de-las-personas-que-usan-el-telefono-de-atencion-ciudadana-010-lo-recomienda-y-le-otorgan-una-nota-media-de-85-puntos\/"},"author":{"name":"La Gu\u00eda de Pamplona","@id":"https:\/\/www.laguiadepamplona.com\/actualidad\/#\/schema\/person\/efe887376f0213d4657c93adc50b1fdb"},"headline":"El 97,7% de las personas que usan el Tel\u00e9fono de Atenci\u00f3n Ciudadana 010 lo recomienda y le otorgan una nota media de 8,5 puntos","datePublished":"2018-12-26T11:24:00+00:00","mainEntityOfPage":{"@id":"https:\/\/www.laguiadepamplona.com\/actualidad\/el-977-de-las-personas-que-usan-el-telefono-de-atencion-ciudadana-010-lo-recomienda-y-le-otorgan-una-nota-media-de-85-puntos\/"},"wordCount":869,"commentCount":0,"publisher":{"@id":"https:\/\/www.laguiadepamplona.com\/actualidad\/#organization"},"image":{"@id":"https:\/\/www.laguiadepamplona.com\/actualidad\/el-977-de-las-personas-que-usan-el-telefono-de-atencion-ciudadana-010-lo-recomienda-y-le-otorgan-una-nota-media-de-85-puntos\/#primaryimage"},"thumbnailUrl":"https:\/\/www.laguiadepamplona.com\/actualidad\/wp-content\/uploads\/2018\/05\/ayto-pamplona-3.jpg","articleSection":["Ayto Pamplona"],"inLanguage":"es","potentialAction":[{"@type":"CommentAction","name":"Comment","target":["https:\/\/www.laguiadepamplona.com\/actualidad\/el-977-de-las-personas-que-usan-el-telefono-de-atencion-ciudadana-010-lo-recomienda-y-le-otorgan-una-nota-media-de-85-puntos\/#respond"]}]},{"@type":"WebPage","@id":"https:\/\/www.laguiadepamplona.com\/actualidad\/el-977-de-las-personas-que-usan-el-telefono-de-atencion-ciudadana-010-lo-recomienda-y-le-otorgan-una-nota-media-de-85-puntos\/","url":"https:\/\/www.laguiadepamplona.com\/actualidad\/el-977-de-las-personas-que-usan-el-telefono-de-atencion-ciudadana-010-lo-recomienda-y-le-otorgan-una-nota-media-de-85-puntos\/","name":"El 97,7% de las personas que usan el Tel\u00e9fono de Atenci\u00f3n Ciudadana 010 lo recomienda y le otorgan una nota media de 8,5 puntos","isPartOf":{"@id":"https:\/\/www.laguiadepamplona.com\/actualidad\/#website"},"primaryImageOfPage":{"@id":"https:\/\/www.laguiadepamplona.com\/actualidad\/el-977-de-las-personas-que-usan-el-telefono-de-atencion-ciudadana-010-lo-recomienda-y-le-otorgan-una-nota-media-de-85-puntos\/#primaryimage"},"image":{"@id":"https:\/\/www.laguiadepamplona.com\/actualidad\/el-977-de-las-personas-que-usan-el-telefono-de-atencion-ciudadana-010-lo-recomienda-y-le-otorgan-una-nota-media-de-85-puntos\/#primaryimage"},"thumbnailUrl":"https:\/\/www.laguiadepamplona.com\/actualidad\/wp-content\/uploads\/2018\/05\/ayto-pamplona-3.jpg","datePublished":"2018-12-26T11:24:00+00:00","breadcrumb":{"@id":"https:\/\/www.laguiadepamplona.com\/actualidad\/el-977-de-las-personas-que-usan-el-telefono-de-atencion-ciudadana-010-lo-recomienda-y-le-otorgan-una-nota-media-de-85-puntos\/#breadcrumb"},"inLanguage":"es","potentialAction":[{"@type":"ReadAction","target":["https:\/\/www.laguiadepamplona.com\/actualidad\/el-977-de-las-personas-que-usan-el-telefono-de-atencion-ciudadana-010-lo-recomienda-y-le-otorgan-una-nota-media-de-85-puntos\/"]}]},{"@type":"ImageObject","inLanguage":"es","@id":"https:\/\/www.laguiadepamplona.com\/actualidad\/el-977-de-las-personas-que-usan-el-telefono-de-atencion-ciudadana-010-lo-recomienda-y-le-otorgan-una-nota-media-de-85-puntos\/#primaryimage","url":"https:\/\/www.laguiadepamplona.com\/actualidad\/wp-content\/uploads\/2018\/05\/ayto-pamplona-3.jpg","contentUrl":"https:\/\/www.laguiadepamplona.com\/actualidad\/wp-content\/uploads\/2018\/05\/ayto-pamplona-3.jpg","width":1000,"height":555},{"@type":"BreadcrumbList","@id":"https:\/\/www.laguiadepamplona.com\/actualidad\/el-977-de-las-personas-que-usan-el-telefono-de-atencion-ciudadana-010-lo-recomienda-y-le-otorgan-una-nota-media-de-85-puntos\/#breadcrumb","itemListElement":[{"@type":"ListItem","position":1,"name":"Portada","item":"https:\/\/www.laguiadepamplona.com\/actualidad\/"},{"@type":"ListItem","position":2,"name":"El 97,7% de las personas que usan el Tel\u00e9fono de Atenci\u00f3n Ciudadana 010 lo recomienda y le otorgan una nota media de 8,5 puntos"}]},{"@type":"WebSite","@id":"https:\/\/www.laguiadepamplona.com\/actualidad\/#website","url":"https:\/\/www.laguiadepamplona.com\/actualidad\/","name":"La gu\u00eda de Pamplona","description":"Noticias de Pamplona","publisher":{"@id":"https:\/\/www.laguiadepamplona.com\/actualidad\/#organization"},"potentialAction":[{"@type":"SearchAction","target":{"@type":"EntryPoint","urlTemplate":"https:\/\/www.laguiadepamplona.com\/actualidad\/?s={search_term_string}"},"query-input":{"@type":"PropertyValueSpecification","valueRequired":true,"valueName":"search_term_string"}}],"inLanguage":"es"},{"@type":"Organization","@id":"https:\/\/www.laguiadepamplona.com\/actualidad\/#organization","name":"La Gu\u00eda de Pamplona \/ Noticias","url":"https:\/\/www.laguiadepamplona.com\/actualidad\/","logo":{"@type":"ImageObject","inLanguage":"es","@id":"https:\/\/www.laguiadepamplona.com\/actualidad\/#\/schema\/logo\/image\/","url":"https:\/\/www.laguiadepamplona.com\/actualidad\/wp-content\/uploads\/2018\/11\/logo-laguiadepamplona18-web1.png","contentUrl":"https:\/\/www.laguiadepamplona.com\/actualidad\/wp-content\/uploads\/2018\/11\/logo-laguiadepamplona18-web1.png","width":600,"height":196,"caption":"La Gu\u00eda de Pamplona \/ Noticias"},"image":{"@id":"https:\/\/www.laguiadepamplona.com\/actualidad\/#\/schema\/logo\/image\/"},"sameAs":["https:\/\/www.facebook.com\/laguiadepamplonacom-133175176762273\/?ref=hl","https:\/\/x.com\/LaGuiadPamplona","https:\/\/www.instagram.com\/la_guia_de_pamplona\/","https:\/\/www.youtube.com\/user\/laguiadepamplona"]},{"@type":"Person","@id":"https:\/\/www.laguiadepamplona.com\/actualidad\/#\/schema\/person\/efe887376f0213d4657c93adc50b1fdb","name":"La Gu\u00eda de Pamplona","image":{"@type":"ImageObject","inLanguage":"es","@id":"https:\/\/secure.gravatar.com\/avatar\/b6992f131dc8d30ab0dff15446e9d346d9dbd95992de0fef795073f5ea83a81c?s=96&d=mm&r=g","url":"https:\/\/secure.gravatar.com\/avatar\/b6992f131dc8d30ab0dff15446e9d346d9dbd95992de0fef795073f5ea83a81c?s=96&d=mm&r=g","contentUrl":"https:\/\/secure.gravatar.com\/avatar\/b6992f131dc8d30ab0dff15446e9d346d9dbd95992de0fef795073f5ea83a81c?s=96&d=mm&r=g","caption":"La Gu\u00eda de Pamplona"}}]}},"post_mailing_queue_ids":[],"_links":{"self":[{"href":"https:\/\/www.laguiadepamplona.com\/actualidad\/wp-json\/wp\/v2\/posts\/19910","targetHints":{"allow":["GET"]}}],"collection":[{"href":"https:\/\/www.laguiadepamplona.com\/actualidad\/wp-json\/wp\/v2\/posts"}],"about":[{"href":"https:\/\/www.laguiadepamplona.com\/actualidad\/wp-json\/wp\/v2\/types\/post"}],"author":[{"embeddable":true,"href":"https:\/\/www.laguiadepamplona.com\/actualidad\/wp-json\/wp\/v2\/users\/1"}],"replies":[{"embeddable":true,"href":"https:\/\/www.laguiadepamplona.com\/actualidad\/wp-json\/wp\/v2\/comments?post=19910"}],"version-history":[{"count":0,"href":"https:\/\/www.laguiadepamplona.com\/actualidad\/wp-json\/wp\/v2\/posts\/19910\/revisions"}],"wp:featuredmedia":[{"embeddable":true,"href":"https:\/\/www.laguiadepamplona.com\/actualidad\/wp-json\/wp\/v2\/media\/17600"}],"wp:attachment":[{"href":"https:\/\/www.laguiadepamplona.com\/actualidad\/wp-json\/wp\/v2\/media?parent=19910"}],"wp:term":[{"taxonomy":"category","embeddable":true,"href":"https:\/\/www.laguiadepamplona.com\/actualidad\/wp-json\/wp\/v2\/categories?post=19910"},{"taxonomy":"post_tag","embeddable":true,"href":"https:\/\/www.laguiadepamplona.com\/actualidad\/wp-json\/wp\/v2\/tags?post=19910"}],"curies":[{"name":"wp","href":"https:\/\/api.w.org\/{rel}","templated":true}]}}