{"id":19906,"date":"2018-12-20T16:23:29","date_gmt":"2018-12-20T14:23:29","guid":{"rendered":"https:\/\/www.laguiadepamplona.es\/actualidad\/?p=19906"},"modified":"2018-12-20T16:23:29","modified_gmt":"2018-12-20T14:23:29","slug":"ayuntamiento-y-arzobispado-firman-un-convenio-que-regulariza-por-primera-vez-la-cesion-de-uso-de-la-dolorosa","status":"publish","type":"post","link":"https:\/\/www.laguiadepamplona.com\/actualidad\/ayuntamiento-y-arzobispado-firman-un-convenio-que-regulariza-por-primera-vez-la-cesion-de-uso-de-la-dolorosa\/","title":{"rendered":"Ayuntamiento y Arzobispado firman un convenio que regulariza por primera vez la cesi\u00f3n de uso de la Dolorosa"},"content":{"rendered":"<p><!--more--><\/p>\n<h3>El convenio administrativo, de cuatro a\u00f1os de duraci\u00f3n, inventar\u00eda los elementos del paso procesional y aclara derechos y deberes de las partes<\/h3>\n<p>El Ayuntamiento de Pamplona y el Arzobispado han firmado esta ma\u00f1ana un convenio para regular el uso del paso de Nuestra Se\u00f1ora de la Soledad, \u00fanico paso procesional de propiedad municipal y perteneciente al patrimonio hist\u00f3rico-art\u00edstico del Consistorio. As\u00ed, hoy han quedado por primera vez reguladas las condiciones de esa cesi\u00f3n de uso, y las facultades y obligaciones de las partes en un convenio de car\u00e1cter administrativo que deroga cualquier otra resoluci\u00f3n o acuerdo anterior en ese sentido.<\/p>\n<p>El convenio ha sido firmado esta ma\u00f1ana por el alcalde de Pamplona, Joseba Asiron, y el arzobispo de Pamplona y Tudela, Francisco P\u00e9rez Gonz\u00e1lez. El texto tiene como horizonte una duraci\u00f3n de cuatro a\u00f1os y recoge, entre otros asuntos, la propiedad de los elementos y los lugares tanto de exposici\u00f3n de la imagen, como de guardia y custodia del conjunto.<\/p>\n<p>El documento ha sido consignado tras un proceso de estudio y recopilaci\u00f3n de toda la informaci\u00f3n municipal disponible relativa a la imagen de Nuestra Se\u00f1ora de la Soledad, as\u00ed como su uso y cesi\u00f3n de este. El convenio establece los requisitos para su modificaci\u00f3n y las causas de resoluci\u00f3n. La existencia de una comisi\u00f3n mixta permitir\u00e1 dirimir posibles divergencias en su\u00a0 interpretaci\u00f3n.<\/p>\n<p><strong>Seis usos tradicionales<\/strong><\/p>\n<p>En el convenio se consigna que el Consistorio es propietario tanto de la imagen, como de las andas en las que se porta y todos los elementos accesorios debidamente inventariados (desde las vestimentas, hasta una detallada lista de elementos que se especifican en un anexo). Tambi\u00e9n que el Ayuntamiento ceder\u00e1 cada a\u00f1o su utilizaci\u00f3n al Arzobispado para usos tradicionales.<\/p>\n<p>Hay dos categor\u00edas de usos tradicionales. Cuatro momentos durante la Semana Santa pamplonesa que se definen como \u2019El traslado\u2019 de san Lorenzo a la Catedral, e incluye el vestido de la imagen en la misma parroquia; \u2018la celebraci\u00f3n del Septenario\u2019 en el interior de ese templo; \u2018La procesi\u00f3n de Viernes Santo\u2019 por las calles de Pamplona y el recorrido conocido como \u2018El retorno\u2019, por el cual la imagen vuelve a san Lorenzo.<\/p>\n<p>Fuera de ese periodo tambi\u00e9n se recogen otros dos usos tradicionales: los ensayos previos a la Semana Santa y la celebraci\u00f3n del \u2018Triduo\u2019, una conmemoraci\u00f3n que se realiza del 13 al 15 de septiembre y que consiste en el traslado de la imagen en el interior de la iglesia de San Lorenzo, desde la capilla en la est\u00e1 durante el a\u00f1o, hasta el altar mayor del templo. El texto establece que cualquier otro uso diferente a los consignados (\u201cextraordinario\u201d) deber\u00e1 ser autorizado expresamente por el Ayuntamiento de Pamplona y que las condiciones de esa cesi\u00f3n se establecer\u00e1n en el documento de autorizaci\u00f3n.<\/p>\n<p><strong>Derechos y obligaciones de las partes<\/strong><\/p>\n<p>El Ayuntamiento de Pamplona autoriza de forma gen\u00e9rica la utilizaci\u00f3n de imagen y andas para los usos tradicionales. Exclusivamente para esos actos, deber\u00e1 contratar un seguro de accidentes para las Hermanas de la Soledad y los portadores de la Hermandad de Paz y Caridad, una asociaci\u00f3n secular dependiente de la Di\u00f3cesis de Pamplona y Tudela desde finales del XIX. Asimismo el Consistorio aportar\u00e1 el personal municipal necesario para el \u2018vestido de la imagen\u2019 y costear\u00e1 los gastos de traslado y retorno de las andas (que se guardan en la sede de la Hermandad de la Pasi\u00f3n) y sus elementos accesorios. El Consistorio abonara 6000 euros + IVA o la cantidad que determine el responsable del \u00e1rea para gastos \u00a0de preparaci\u00f3n y elementos ornamentales, adem\u00e1s del abono de las bater\u00edas para su iluminaci\u00f3n.<\/p>\n<p>Por su parte el Arzobispado procesionar\u00e1 el paso y sus elementos conforme a los usos tradicionales recogidos en el convenio y se encargar\u00e1 de la guardia y custodia de estos durante\u00a0 esas fechas. Adem\u00e1s, colaborar\u00e1 en los actos preparatorios del paso y comunicar\u00e1 al Consistorio las fechas y circunstancias de cada traslado. El Arzobispado se compromete a cumplir las instrucciones municipales en la realizaci\u00f3n de todos los actos de manipulaci\u00f3n de la imagen y sus elementos, que se verificar\u00e1n bajo la supervisi\u00f3n de personal municipal.<\/p>\n<p><strong>Conservaci\u00f3n, mantenimiento, guarda y custodia<\/strong><\/p>\n<p>El Arzobispado, por su parte, contratar\u00e1 una p\u00f3liza de seguros que cubra los posibles desperfectos en la imagen y sus accesorias que se deriven de uso, dep\u00f3sito y custodia. Ser\u00e1 esta misma instituci\u00f3n la que realice las operaciones de limpieza o mantenimiento b\u00e1sico del paso.<\/p>\n<p>Tambi\u00e9n el Arzobispado tendr\u00e1 la responsabilidad de informar al Ayuntamiento del estado de conservaci\u00f3n de todos los elementos, adem\u00e1s de comunicar cualquier desperfecto o incidencia. En ese supuesto, como propietario del paso procesional, el Ayuntamiento se encargar\u00e1 de las posibles reparaciones o reposiciones de elementos del paso, siempre bajo la supervisi\u00f3n de personal t\u00e9cnico propio. Cualquier modificaci\u00f3n o intervenci\u00f3n en los elementos del paso deber\u00e1 ser autorizada por el Consistorio.<\/p>\n<p>Respecto de la guarda y custodia, La Dolorosa reside durante el a\u00f1o en la parroquia de San Lorenzo y sus andas y elementos auxiliares en la sede de la Hermandad de la Pasi\u00f3n. El convenio firmado hoy establece que ser\u00e1 obligaci\u00f3n del Arzobispado la custodia de la imagen cuando no est\u00e1 en un uso tradicional, as\u00ed como el dep\u00f3sito y custodia del manto, vestimenta, andas y dem\u00e1s elementos para procesionar.<\/p>\n","protected":false},"excerpt":{"rendered":"","protected":false},"author":1,"featured_media":12201,"comment_status":"open","ping_status":"closed","sticky":false,"template":"","format":"standard","meta":{"footnotes":""},"categories":[2],"tags":[],"class_list":["post-19906","post","type-post","status-publish","format-standard","has-post-thumbnail","hentry","category-ayuntamiento-pamplona"],"yoast_head":"<!-- This site is optimized with the Yoast SEO plugin v27.3 - https:\/\/yoast.com\/product\/yoast-seo-wordpress\/ -->\n<title>Ayuntamiento y Arzobispado firman un convenio que regulariza por primera vez la cesi\u00f3n de uso de la Dolorosa<\/title>\n<meta name=\"robots\" content=\"index, follow, max-snippet:-1, max-image-preview:large, max-video-preview:-1\" \/>\n<link rel=\"canonical\" href=\"https:\/\/www.laguiadepamplona.com\/actualidad\/ayuntamiento-y-arzobispado-firman-un-convenio-que-regulariza-por-primera-vez-la-cesion-de-uso-de-la-dolorosa\/\" \/>\n<meta property=\"og:locale\" content=\"es_ES\" \/>\n<meta property=\"og:type\" content=\"article\" \/>\n<meta property=\"og:title\" content=\"Ayuntamiento y Arzobispado firman un convenio que regulariza por primera vez la cesi\u00f3n de uso de la Dolorosa\" \/>\n<meta property=\"og:url\" content=\"https:\/\/www.laguiadepamplona.com\/actualidad\/ayuntamiento-y-arzobispado-firman-un-convenio-que-regulariza-por-primera-vez-la-cesion-de-uso-de-la-dolorosa\/\" \/>\n<meta property=\"og:site_name\" content=\"La Gu\u00eda de Pamplona\" \/>\n<meta property=\"article:publisher\" content=\"https:\/\/www.facebook.com\/laguiadepamplonacom-133175176762273\/?ref=hl\" \/>\n<meta property=\"article:published_time\" content=\"2018-12-20T14:23:29+00:00\" \/>\n<meta property=\"og:image\" content=\"https:\/\/www.laguiadepamplona.com\/actualidad\/wp-content\/uploads\/2017\/03\/la-dolorosa-pamplona.jpg\" \/>\n\t<meta property=\"og:image:width\" content=\"1024\" \/>\n\t<meta property=\"og:image:height\" content=\"683\" \/>\n\t<meta property=\"og:image:type\" content=\"image\/jpeg\" \/>\n<meta name=\"author\" content=\"La Gu\u00eda de Pamplona\" \/>\n<meta name=\"twitter:card\" content=\"summary_large_image\" \/>\n<meta name=\"twitter:creator\" content=\"@LaGuiadPamplona\" \/>\n<meta name=\"twitter:site\" content=\"@LaGuiadPamplona\" \/>\n<meta name=\"twitter:label1\" content=\"Escrito por\" \/>\n\t<meta name=\"twitter:data1\" content=\"La Gu\u00eda de Pamplona\" \/>\n\t<meta name=\"twitter:label2\" content=\"Tiempo de lectura\" \/>\n\t<meta name=\"twitter:data2\" content=\"5 minutos\" \/>\n<script type=\"application\/ld+json\" class=\"yoast-schema-graph\">{\"@context\":\"https:\\\/\\\/schema.org\",\"@graph\":[{\"@type\":\"Article\",\"@id\":\"https:\\\/\\\/www.laguiadepamplona.com\\\/actualidad\\\/ayuntamiento-y-arzobispado-firman-un-convenio-que-regulariza-por-primera-vez-la-cesion-de-uso-de-la-dolorosa\\\/#article\",\"isPartOf\":{\"@id\":\"https:\\\/\\\/www.laguiadepamplona.com\\\/actualidad\\\/ayuntamiento-y-arzobispado-firman-un-convenio-que-regulariza-por-primera-vez-la-cesion-de-uso-de-la-dolorosa\\\/\"},\"author\":{\"name\":\"La Gu\u00eda de Pamplona\",\"@id\":\"https:\\\/\\\/www.laguiadepamplona.com\\\/actualidad\\\/#\\\/schema\\\/person\\\/efe887376f0213d4657c93adc50b1fdb\"},\"headline\":\"Ayuntamiento y Arzobispado firman un convenio que regulariza por primera vez la cesi\u00f3n de uso de la Dolorosa\",\"datePublished\":\"2018-12-20T14:23:29+00:00\",\"mainEntityOfPage\":{\"@id\":\"https:\\\/\\\/www.laguiadepamplona.com\\\/actualidad\\\/ayuntamiento-y-arzobispado-firman-un-convenio-que-regulariza-por-primera-vez-la-cesion-de-uso-de-la-dolorosa\\\/\"},\"wordCount\":954,\"commentCount\":0,\"publisher\":{\"@id\":\"https:\\\/\\\/www.laguiadepamplona.com\\\/actualidad\\\/#organization\"},\"image\":{\"@id\":\"https:\\\/\\\/www.laguiadepamplona.com\\\/actualidad\\\/ayuntamiento-y-arzobispado-firman-un-convenio-que-regulariza-por-primera-vez-la-cesion-de-uso-de-la-dolorosa\\\/#primaryimage\"},\"thumbnailUrl\":\"https:\\\/\\\/www.laguiadepamplona.com\\\/actualidad\\\/wp-content\\\/uploads\\\/2017\\\/03\\\/la-dolorosa-pamplona.jpg\",\"articleSection\":[\"Ayto Pamplona\"],\"inLanguage\":\"es\",\"potentialAction\":[{\"@type\":\"CommentAction\",\"name\":\"Comment\",\"target\":[\"https:\\\/\\\/www.laguiadepamplona.com\\\/actualidad\\\/ayuntamiento-y-arzobispado-firman-un-convenio-que-regulariza-por-primera-vez-la-cesion-de-uso-de-la-dolorosa\\\/#respond\"]}]},{\"@type\":\"WebPage\",\"@id\":\"https:\\\/\\\/www.laguiadepamplona.com\\\/actualidad\\\/ayuntamiento-y-arzobispado-firman-un-convenio-que-regulariza-por-primera-vez-la-cesion-de-uso-de-la-dolorosa\\\/\",\"url\":\"https:\\\/\\\/www.laguiadepamplona.com\\\/actualidad\\\/ayuntamiento-y-arzobispado-firman-un-convenio-que-regulariza-por-primera-vez-la-cesion-de-uso-de-la-dolorosa\\\/\",\"name\":\"Ayuntamiento y Arzobispado firman un convenio que regulariza por primera vez la cesi\u00f3n de uso de la Dolorosa\",\"isPartOf\":{\"@id\":\"https:\\\/\\\/www.laguiadepamplona.com\\\/actualidad\\\/#website\"},\"primaryImageOfPage\":{\"@id\":\"https:\\\/\\\/www.laguiadepamplona.com\\\/actualidad\\\/ayuntamiento-y-arzobispado-firman-un-convenio-que-regulariza-por-primera-vez-la-cesion-de-uso-de-la-dolorosa\\\/#primaryimage\"},\"image\":{\"@id\":\"https:\\\/\\\/www.laguiadepamplona.com\\\/actualidad\\\/ayuntamiento-y-arzobispado-firman-un-convenio-que-regulariza-por-primera-vez-la-cesion-de-uso-de-la-dolorosa\\\/#primaryimage\"},\"thumbnailUrl\":\"https:\\\/\\\/www.laguiadepamplona.com\\\/actualidad\\\/wp-content\\\/uploads\\\/2017\\\/03\\\/la-dolorosa-pamplona.jpg\",\"datePublished\":\"2018-12-20T14:23:29+00:00\",\"breadcrumb\":{\"@id\":\"https:\\\/\\\/www.laguiadepamplona.com\\\/actualidad\\\/ayuntamiento-y-arzobispado-firman-un-convenio-que-regulariza-por-primera-vez-la-cesion-de-uso-de-la-dolorosa\\\/#breadcrumb\"},\"inLanguage\":\"es\",\"potentialAction\":[{\"@type\":\"ReadAction\",\"target\":[\"https:\\\/\\\/www.laguiadepamplona.com\\\/actualidad\\\/ayuntamiento-y-arzobispado-firman-un-convenio-que-regulariza-por-primera-vez-la-cesion-de-uso-de-la-dolorosa\\\/\"]}]},{\"@type\":\"ImageObject\",\"inLanguage\":\"es\",\"@id\":\"https:\\\/\\\/www.laguiadepamplona.com\\\/actualidad\\\/ayuntamiento-y-arzobispado-firman-un-convenio-que-regulariza-por-primera-vez-la-cesion-de-uso-de-la-dolorosa\\\/#primaryimage\",\"url\":\"https:\\\/\\\/www.laguiadepamplona.com\\\/actualidad\\\/wp-content\\\/uploads\\\/2017\\\/03\\\/la-dolorosa-pamplona.jpg\",\"contentUrl\":\"https:\\\/\\\/www.laguiadepamplona.com\\\/actualidad\\\/wp-content\\\/uploads\\\/2017\\\/03\\\/la-dolorosa-pamplona.jpg\",\"width\":1024,\"height\":683,\"caption\":\"la dolorosa pamplona\"},{\"@type\":\"BreadcrumbList\",\"@id\":\"https:\\\/\\\/www.laguiadepamplona.com\\\/actualidad\\\/ayuntamiento-y-arzobispado-firman-un-convenio-que-regulariza-por-primera-vez-la-cesion-de-uso-de-la-dolorosa\\\/#breadcrumb\",\"itemListElement\":[{\"@type\":\"ListItem\",\"position\":1,\"name\":\"Portada\",\"item\":\"https:\\\/\\\/www.laguiadepamplona.com\\\/actualidad\\\/\"},{\"@type\":\"ListItem\",\"position\":2,\"name\":\"Ayuntamiento y Arzobispado firman un convenio que regulariza por primera vez la cesi\u00f3n de uso de la Dolorosa\"}]},{\"@type\":\"WebSite\",\"@id\":\"https:\\\/\\\/www.laguiadepamplona.com\\\/actualidad\\\/#website\",\"url\":\"https:\\\/\\\/www.laguiadepamplona.com\\\/actualidad\\\/\",\"name\":\"La gu\u00eda de Pamplona\",\"description\":\"Noticias de Pamplona\",\"publisher\":{\"@id\":\"https:\\\/\\\/www.laguiadepamplona.com\\\/actualidad\\\/#organization\"},\"potentialAction\":[{\"@type\":\"SearchAction\",\"target\":{\"@type\":\"EntryPoint\",\"urlTemplate\":\"https:\\\/\\\/www.laguiadepamplona.com\\\/actualidad\\\/?s={search_term_string}\"},\"query-input\":{\"@type\":\"PropertyValueSpecification\",\"valueRequired\":true,\"valueName\":\"search_term_string\"}}],\"inLanguage\":\"es\"},{\"@type\":\"Organization\",\"@id\":\"https:\\\/\\\/www.laguiadepamplona.com\\\/actualidad\\\/#organization\",\"name\":\"La Gu\u00eda de Pamplona \\\/ Noticias\",\"url\":\"https:\\\/\\\/www.laguiadepamplona.com\\\/actualidad\\\/\",\"logo\":{\"@type\":\"ImageObject\",\"inLanguage\":\"es\",\"@id\":\"https:\\\/\\\/www.laguiadepamplona.com\\\/actualidad\\\/#\\\/schema\\\/logo\\\/image\\\/\",\"url\":\"https:\\\/\\\/www.laguiadepamplona.com\\\/actualidad\\\/wp-content\\\/uploads\\\/2018\\\/11\\\/logo-laguiadepamplona18-web1.png\",\"contentUrl\":\"https:\\\/\\\/www.laguiadepamplona.com\\\/actualidad\\\/wp-content\\\/uploads\\\/2018\\\/11\\\/logo-laguiadepamplona18-web1.png\",\"width\":600,\"height\":196,\"caption\":\"La Gu\u00eda de Pamplona \\\/ Noticias\"},\"image\":{\"@id\":\"https:\\\/\\\/www.laguiadepamplona.com\\\/actualidad\\\/#\\\/schema\\\/logo\\\/image\\\/\"},\"sameAs\":[\"https:\\\/\\\/www.facebook.com\\\/laguiadepamplonacom-133175176762273\\\/?ref=hl\",\"https:\\\/\\\/x.com\\\/LaGuiadPamplona\",\"https:\\\/\\\/www.instagram.com\\\/la_guia_de_pamplona\\\/\",\"https:\\\/\\\/www.youtube.com\\\/user\\\/laguiadepamplona\"]},{\"@type\":\"Person\",\"@id\":\"https:\\\/\\\/www.laguiadepamplona.com\\\/actualidad\\\/#\\\/schema\\\/person\\\/efe887376f0213d4657c93adc50b1fdb\",\"name\":\"La Gu\u00eda de Pamplona\",\"image\":{\"@type\":\"ImageObject\",\"inLanguage\":\"es\",\"@id\":\"https:\\\/\\\/secure.gravatar.com\\\/avatar\\\/b6992f131dc8d30ab0dff15446e9d346d9dbd95992de0fef795073f5ea83a81c?s=96&d=mm&r=g\",\"url\":\"https:\\\/\\\/secure.gravatar.com\\\/avatar\\\/b6992f131dc8d30ab0dff15446e9d346d9dbd95992de0fef795073f5ea83a81c?s=96&d=mm&r=g\",\"contentUrl\":\"https:\\\/\\\/secure.gravatar.com\\\/avatar\\\/b6992f131dc8d30ab0dff15446e9d346d9dbd95992de0fef795073f5ea83a81c?s=96&d=mm&r=g\",\"caption\":\"La Gu\u00eda de Pamplona\"}}]}<\/script>\n<!-- \/ Yoast SEO plugin. -->","yoast_head_json":{"title":"Ayuntamiento y Arzobispado firman un convenio que regulariza por primera vez la cesi\u00f3n de uso de la Dolorosa","robots":{"index":"index","follow":"follow","max-snippet":"max-snippet:-1","max-image-preview":"max-image-preview:large","max-video-preview":"max-video-preview:-1"},"canonical":"https:\/\/www.laguiadepamplona.com\/actualidad\/ayuntamiento-y-arzobispado-firman-un-convenio-que-regulariza-por-primera-vez-la-cesion-de-uso-de-la-dolorosa\/","og_locale":"es_ES","og_type":"article","og_title":"Ayuntamiento y Arzobispado firman un convenio que regulariza por primera vez la cesi\u00f3n de uso de la Dolorosa","og_url":"https:\/\/www.laguiadepamplona.com\/actualidad\/ayuntamiento-y-arzobispado-firman-un-convenio-que-regulariza-por-primera-vez-la-cesion-de-uso-de-la-dolorosa\/","og_site_name":"La Gu\u00eda de Pamplona","article_publisher":"https:\/\/www.facebook.com\/laguiadepamplonacom-133175176762273\/?ref=hl","article_published_time":"2018-12-20T14:23:29+00:00","og_image":[{"width":1024,"height":683,"url":"https:\/\/www.laguiadepamplona.com\/actualidad\/wp-content\/uploads\/2017\/03\/la-dolorosa-pamplona.jpg","type":"image\/jpeg"}],"author":"La Gu\u00eda de Pamplona","twitter_card":"summary_large_image","twitter_creator":"@LaGuiadPamplona","twitter_site":"@LaGuiadPamplona","twitter_misc":{"Escrito por":"La Gu\u00eda de Pamplona","Tiempo de lectura":"5 minutos"},"schema":{"@context":"https:\/\/schema.org","@graph":[{"@type":"Article","@id":"https:\/\/www.laguiadepamplona.com\/actualidad\/ayuntamiento-y-arzobispado-firman-un-convenio-que-regulariza-por-primera-vez-la-cesion-de-uso-de-la-dolorosa\/#article","isPartOf":{"@id":"https:\/\/www.laguiadepamplona.com\/actualidad\/ayuntamiento-y-arzobispado-firman-un-convenio-que-regulariza-por-primera-vez-la-cesion-de-uso-de-la-dolorosa\/"},"author":{"name":"La Gu\u00eda de Pamplona","@id":"https:\/\/www.laguiadepamplona.com\/actualidad\/#\/schema\/person\/efe887376f0213d4657c93adc50b1fdb"},"headline":"Ayuntamiento y Arzobispado firman un convenio que regulariza por primera vez la cesi\u00f3n de uso de la Dolorosa","datePublished":"2018-12-20T14:23:29+00:00","mainEntityOfPage":{"@id":"https:\/\/www.laguiadepamplona.com\/actualidad\/ayuntamiento-y-arzobispado-firman-un-convenio-que-regulariza-por-primera-vez-la-cesion-de-uso-de-la-dolorosa\/"},"wordCount":954,"commentCount":0,"publisher":{"@id":"https:\/\/www.laguiadepamplona.com\/actualidad\/#organization"},"image":{"@id":"https:\/\/www.laguiadepamplona.com\/actualidad\/ayuntamiento-y-arzobispado-firman-un-convenio-que-regulariza-por-primera-vez-la-cesion-de-uso-de-la-dolorosa\/#primaryimage"},"thumbnailUrl":"https:\/\/www.laguiadepamplona.com\/actualidad\/wp-content\/uploads\/2017\/03\/la-dolorosa-pamplona.jpg","articleSection":["Ayto Pamplona"],"inLanguage":"es","potentialAction":[{"@type":"CommentAction","name":"Comment","target":["https:\/\/www.laguiadepamplona.com\/actualidad\/ayuntamiento-y-arzobispado-firman-un-convenio-que-regulariza-por-primera-vez-la-cesion-de-uso-de-la-dolorosa\/#respond"]}]},{"@type":"WebPage","@id":"https:\/\/www.laguiadepamplona.com\/actualidad\/ayuntamiento-y-arzobispado-firman-un-convenio-que-regulariza-por-primera-vez-la-cesion-de-uso-de-la-dolorosa\/","url":"https:\/\/www.laguiadepamplona.com\/actualidad\/ayuntamiento-y-arzobispado-firman-un-convenio-que-regulariza-por-primera-vez-la-cesion-de-uso-de-la-dolorosa\/","name":"Ayuntamiento y Arzobispado firman un convenio que regulariza por primera vez la cesi\u00f3n de uso de la Dolorosa","isPartOf":{"@id":"https:\/\/www.laguiadepamplona.com\/actualidad\/#website"},"primaryImageOfPage":{"@id":"https:\/\/www.laguiadepamplona.com\/actualidad\/ayuntamiento-y-arzobispado-firman-un-convenio-que-regulariza-por-primera-vez-la-cesion-de-uso-de-la-dolorosa\/#primaryimage"},"image":{"@id":"https:\/\/www.laguiadepamplona.com\/actualidad\/ayuntamiento-y-arzobispado-firman-un-convenio-que-regulariza-por-primera-vez-la-cesion-de-uso-de-la-dolorosa\/#primaryimage"},"thumbnailUrl":"https:\/\/www.laguiadepamplona.com\/actualidad\/wp-content\/uploads\/2017\/03\/la-dolorosa-pamplona.jpg","datePublished":"2018-12-20T14:23:29+00:00","breadcrumb":{"@id":"https:\/\/www.laguiadepamplona.com\/actualidad\/ayuntamiento-y-arzobispado-firman-un-convenio-que-regulariza-por-primera-vez-la-cesion-de-uso-de-la-dolorosa\/#breadcrumb"},"inLanguage":"es","potentialAction":[{"@type":"ReadAction","target":["https:\/\/www.laguiadepamplona.com\/actualidad\/ayuntamiento-y-arzobispado-firman-un-convenio-que-regulariza-por-primera-vez-la-cesion-de-uso-de-la-dolorosa\/"]}]},{"@type":"ImageObject","inLanguage":"es","@id":"https:\/\/www.laguiadepamplona.com\/actualidad\/ayuntamiento-y-arzobispado-firman-un-convenio-que-regulariza-por-primera-vez-la-cesion-de-uso-de-la-dolorosa\/#primaryimage","url":"https:\/\/www.laguiadepamplona.com\/actualidad\/wp-content\/uploads\/2017\/03\/la-dolorosa-pamplona.jpg","contentUrl":"https:\/\/www.laguiadepamplona.com\/actualidad\/wp-content\/uploads\/2017\/03\/la-dolorosa-pamplona.jpg","width":1024,"height":683,"caption":"la dolorosa pamplona"},{"@type":"BreadcrumbList","@id":"https:\/\/www.laguiadepamplona.com\/actualidad\/ayuntamiento-y-arzobispado-firman-un-convenio-que-regulariza-por-primera-vez-la-cesion-de-uso-de-la-dolorosa\/#breadcrumb","itemListElement":[{"@type":"ListItem","position":1,"name":"Portada","item":"https:\/\/www.laguiadepamplona.com\/actualidad\/"},{"@type":"ListItem","position":2,"name":"Ayuntamiento y Arzobispado firman un convenio que regulariza por primera vez la cesi\u00f3n de uso de la Dolorosa"}]},{"@type":"WebSite","@id":"https:\/\/www.laguiadepamplona.com\/actualidad\/#website","url":"https:\/\/www.laguiadepamplona.com\/actualidad\/","name":"La gu\u00eda de Pamplona","description":"Noticias de Pamplona","publisher":{"@id":"https:\/\/www.laguiadepamplona.com\/actualidad\/#organization"},"potentialAction":[{"@type":"SearchAction","target":{"@type":"EntryPoint","urlTemplate":"https:\/\/www.laguiadepamplona.com\/actualidad\/?s={search_term_string}"},"query-input":{"@type":"PropertyValueSpecification","valueRequired":true,"valueName":"search_term_string"}}],"inLanguage":"es"},{"@type":"Organization","@id":"https:\/\/www.laguiadepamplona.com\/actualidad\/#organization","name":"La Gu\u00eda de Pamplona \/ Noticias","url":"https:\/\/www.laguiadepamplona.com\/actualidad\/","logo":{"@type":"ImageObject","inLanguage":"es","@id":"https:\/\/www.laguiadepamplona.com\/actualidad\/#\/schema\/logo\/image\/","url":"https:\/\/www.laguiadepamplona.com\/actualidad\/wp-content\/uploads\/2018\/11\/logo-laguiadepamplona18-web1.png","contentUrl":"https:\/\/www.laguiadepamplona.com\/actualidad\/wp-content\/uploads\/2018\/11\/logo-laguiadepamplona18-web1.png","width":600,"height":196,"caption":"La Gu\u00eda de Pamplona \/ Noticias"},"image":{"@id":"https:\/\/www.laguiadepamplona.com\/actualidad\/#\/schema\/logo\/image\/"},"sameAs":["https:\/\/www.facebook.com\/laguiadepamplonacom-133175176762273\/?ref=hl","https:\/\/x.com\/LaGuiadPamplona","https:\/\/www.instagram.com\/la_guia_de_pamplona\/","https:\/\/www.youtube.com\/user\/laguiadepamplona"]},{"@type":"Person","@id":"https:\/\/www.laguiadepamplona.com\/actualidad\/#\/schema\/person\/efe887376f0213d4657c93adc50b1fdb","name":"La Gu\u00eda de Pamplona","image":{"@type":"ImageObject","inLanguage":"es","@id":"https:\/\/secure.gravatar.com\/avatar\/b6992f131dc8d30ab0dff15446e9d346d9dbd95992de0fef795073f5ea83a81c?s=96&d=mm&r=g","url":"https:\/\/secure.gravatar.com\/avatar\/b6992f131dc8d30ab0dff15446e9d346d9dbd95992de0fef795073f5ea83a81c?s=96&d=mm&r=g","contentUrl":"https:\/\/secure.gravatar.com\/avatar\/b6992f131dc8d30ab0dff15446e9d346d9dbd95992de0fef795073f5ea83a81c?s=96&d=mm&r=g","caption":"La Gu\u00eda de Pamplona"}}]}},"post_mailing_queue_ids":[],"_links":{"self":[{"href":"https:\/\/www.laguiadepamplona.com\/actualidad\/wp-json\/wp\/v2\/posts\/19906","targetHints":{"allow":["GET"]}}],"collection":[{"href":"https:\/\/www.laguiadepamplona.com\/actualidad\/wp-json\/wp\/v2\/posts"}],"about":[{"href":"https:\/\/www.laguiadepamplona.com\/actualidad\/wp-json\/wp\/v2\/types\/post"}],"author":[{"embeddable":true,"href":"https:\/\/www.laguiadepamplona.com\/actualidad\/wp-json\/wp\/v2\/users\/1"}],"replies":[{"embeddable":true,"href":"https:\/\/www.laguiadepamplona.com\/actualidad\/wp-json\/wp\/v2\/comments?post=19906"}],"version-history":[{"count":0,"href":"https:\/\/www.laguiadepamplona.com\/actualidad\/wp-json\/wp\/v2\/posts\/19906\/revisions"}],"wp:featuredmedia":[{"embeddable":true,"href":"https:\/\/www.laguiadepamplona.com\/actualidad\/wp-json\/wp\/v2\/media\/12201"}],"wp:attachment":[{"href":"https:\/\/www.laguiadepamplona.com\/actualidad\/wp-json\/wp\/v2\/media?parent=19906"}],"wp:term":[{"taxonomy":"category","embeddable":true,"href":"https:\/\/www.laguiadepamplona.com\/actualidad\/wp-json\/wp\/v2\/categories?post=19906"},{"taxonomy":"post_tag","embeddable":true,"href":"https:\/\/www.laguiadepamplona.com\/actualidad\/wp-json\/wp\/v2\/tags?post=19906"}],"curies":[{"name":"wp","href":"https:\/\/api.w.org\/{rel}","templated":true}]}}