{"id":19903,"date":"2018-12-20T14:31:43","date_gmt":"2018-12-20T12:31:43","guid":{"rendered":"https:\/\/www.laguiadepamplona.es\/actualidad\/?p=19903"},"modified":"2018-12-20T16:34:55","modified_gmt":"2018-12-20T14:34:55","slug":"22-personas-reciben-el-certificado-del-curso-celebrado-este-cuatrimestre-emprendimiento-innovacion-social-y-cooperativismo-impulsado-por-ayuntamiento-y-cein","status":"publish","type":"post","link":"https:\/\/www.laguiadepamplona.com\/actualidad\/22-personas-reciben-el-certificado-del-curso-celebrado-este-cuatrimestre-emprendimiento-innovacion-social-y-cooperativismo-impulsado-por-ayuntamiento-y-cein\/","title":{"rendered":"22 personas reciben el certificado del curso, celebrado este cuatrimestre, \u2018Emprendimiento, innovaci\u00f3n social y cooperativismo\u2019 impulsado por Ayuntamiento y CEIN"},"content":{"rendered":"<p><!--more--><\/p>\n<h3>La concejala delegada de Econom\u00eda Local Sostenible y el director del Servicio de Trabajo del Gobierno de Navarra han entregado los diplomas<\/h3>\n<p>La concejala delegada de Econom\u00eda Local Sostenible, Patricia Perales, y el director del Servicio de Trabajo del Gobierno de Navarra, Javier Zubicoa, han entregado esta ma\u00f1ana los certificados acreditativos a las 22 personas que han finalizado el curso \u2018Emprendimiento, innovaci\u00f3n social y cooperativismo\u2019. 18 de los 22 participantes han sido mujeres. La asistencia al curso ha sido gratuita.<\/p>\n<p>Es una de las acciones del programa \u2018Pamplona Emprende. Cooperativo y social\u2019 promovido por el Ayuntamiento de Pamplona, en colaboraci\u00f3n con CEIN, para impulsar la creaci\u00f3n de nuevas iniciativas empresariales en econom\u00eda social. Durante el curso se ha capacitado a las personas participantes para emprender en el \u00e1mbito del cooperativismo y la econom\u00eda social como sector que puede dar respuestas innovadoras a necesidades sociales y al desarrollo de una sociedad m\u00e1s participativa y cohesionada.<\/p>\n<p>Antes de la entrega de diplomas, Ana Bella, presidenta de la fundaci\u00f3n que lleva su nombre, ha impartido una charla en la que ha contado su experiencia en dicha fundaci\u00f3n, una red de mujeres supervivientes creada en 2002. Sin \u00e1nimo de lucro, su misi\u00f3n es construir una sociedad en igualdad libre de violencia hacia las mujeres. Pilar Irigoien, consejera delegada de CEIN, se ha encargado de presentar la charla. La sesi\u00f3n ha finalizado con un v\u00eddeo resumen de lo que ha sido el curso.<\/p>\n<p><strong>70 horas de formaci\u00f3n con presencia de personas expertas en la materia<\/strong><\/p>\n<p>El curso ha sumado 70 horas de formaci\u00f3n repartidas entre las ma\u00f1anas de los viernes del 31 de agosto al 20 de diciembre. La metodolog\u00eda de trabajo ha incluido un espacio de ponencias en el que han participado 20 personas expertas en la materia tratada en cada sesi\u00f3n; otro espacio de experiencias con 13 representantes de empresas sociales relevantes; y un tercer \u00e1mbito de trabajo en grupo. Tambi\u00e9n se ha trabajado en un apartado de propuestas de mejora en el emprendimiento social que se ha recogido en un documento al finalizar el curso.<\/p>\n<p>Las personas expertas que han impartido el curso pertenecen a ANEL, GEZKI (Instituto de Derecho Cooperativo y Econom\u00eda Social de la UPV), Instituto de Estudios Cooperativos LANKI de la Universidad de Mondrag\u00f3n, la Unidad de Innovaci\u00f3n Social del Gobierno de Navarra, CREAS, REAS Navarra, ESADE, ECODES, Fundaci\u00f3n Iddeas, Universidad de Zaragoza, Lauak Asesores, Corola, y Carlos Mangado.<\/p>\n<p><strong>El curso, dividido en tres m\u00f3dulos, ha estado acompa\u00f1ado de un congreso<\/strong><\/p>\n<p>Los contenidos de este curso se han estructurado en tres m\u00f3dulos. El primero se centr\u00f3 en la innovaci\u00f3n social y la econom\u00eda social, con cuatro sesiones en las que se abordaron la econom\u00eda social en el siglo XXI, la empresa frente a los retos sociales, las tendencias emergentes en la econom\u00eda social, y la innovaci\u00f3n social en Navarra.<\/p>\n<p>El segundo m\u00f3dulo se dedic\u00f3 al emprendimiento social y cooperativo, y constaba de tres sesiones: de tu idea a la idea de negocio en la econom\u00eda social; financiaci\u00f3n con impacto social; y marketing, comunicaci\u00f3n y econom\u00eda social. El tercer m\u00f3dulo ha abordado el cooperativismo en la econom\u00eda social a trav\u00e9s de seis sesiones: pasos en la creaci\u00f3n de la entidad; legislaci\u00f3n y fiscalidad; recursos y alianzas; apoyo y ayudas p\u00fablicas; internacionalizaci\u00f3n; y liderazgo cooperativo y gobernanza.<\/p>\n<p>Tambi\u00e9n en el marco del programa \u201cPamplona Emprende. Cooperativo y social\u201d, se desarroll\u00f3 el congreso \u2018Emprendimiento social\u2019 en el que, durante tres d\u00edas (24, 25 y 26 de abril) se expuso la visi\u00f3n de personas expertas y se compartieron iniciativas trasformadoras en econom\u00eda social.<\/p>\n<p><strong>Listado de alumnado con certificado de \u2018Emprendimiento, innovaci\u00f3n social y cooperativismo\u2019<\/strong><\/p>\n<p>&nbsp;<\/p>\n<ul>\n<li>Allo Navarro, Estela<\/li>\n<li>\u00c1lvarez Fern\u00e1ndez, Sonia<\/li>\n<li>Arozena Sarasola, Cristina<\/li>\n<li>Arteta Ariz, Idoia<\/li>\n<li>Azpilicueta Rodr\u00edguez Vald\u00e9s, Silvia<\/li>\n<li>Cuesta Ler\u00edn, Cristina<\/li>\n<li>Elia Jabat, Andrea<\/li>\n<li>Escobar Mendoza, Jorge Augusto<\/li>\n<li>Fajardo Gonz\u00e1lez, Olga Mar\u00eda de Jes\u00fas<\/li>\n<li>Gerboles L\u00f3pez, I\u00f1igo<\/li>\n<li>Idarraga Gallego, Luz Stella<\/li>\n<li>Larrayoz Ezpeleta, M\u00aa Cruz<\/li>\n<li>Marambio Cat\u00e1n, Silvia<\/li>\n<li>Mateache Mart\u00ednez, Susana<\/li>\n<li>Montesinos Bruni, Roberto Jos\u00e9<\/li>\n<li>Navarro Auzmendi, Gabriela Esther<\/li>\n<li>Nieto Mayo, Iker<\/li>\n<li>Prior Rodr\u00edguez, Ana<\/li>\n<li>Puch Rubio, Aziza<\/li>\n<li>Revenga Pinto, M\u00f3nica<\/li>\n<li>Roque Ord\u00f3\u00f1ez, Jos\u00e9 Luis<\/li>\n<li>Z\u00fa\u00f1iga Salinas, Sonia Germania<\/li>\n<\/ul>\n","protected":false},"excerpt":{"rendered":"","protected":false},"author":1,"featured_media":19904,"comment_status":"open","ping_status":"closed","sticky":false,"template":"","format":"standard","meta":{"footnotes":""},"categories":[2],"tags":[],"class_list":["post-19903","post","type-post","status-publish","format-standard","has-post-thumbnail","hentry","category-ayuntamiento-pamplona"],"yoast_head":"<!-- This site is optimized with the Yoast SEO plugin v27.3 - https:\/\/yoast.com\/product\/yoast-seo-wordpress\/ -->\n<title>22 personas reciben el certificado del curso, celebrado este cuatrimestre, \u2018Emprendimiento, innovaci\u00f3n social y cooperativismo\u2019 impulsado por Ayuntamiento y CEIN<\/title>\n<meta name=\"robots\" content=\"index, follow, max-snippet:-1, max-image-preview:large, max-video-preview:-1\" \/>\n<link rel=\"canonical\" href=\"https:\/\/www.laguiadepamplona.com\/actualidad\/22-personas-reciben-el-certificado-del-curso-celebrado-este-cuatrimestre-emprendimiento-innovacion-social-y-cooperativismo-impulsado-por-ayuntamiento-y-cein\/\" \/>\n<meta property=\"og:locale\" content=\"es_ES\" \/>\n<meta property=\"og:type\" content=\"article\" \/>\n<meta property=\"og:title\" content=\"22 personas reciben el certificado del curso, celebrado este cuatrimestre, \u2018Emprendimiento, innovaci\u00f3n social y cooperativismo\u2019 impulsado por Ayuntamiento y CEIN\" \/>\n<meta property=\"og:url\" content=\"https:\/\/www.laguiadepamplona.com\/actualidad\/22-personas-reciben-el-certificado-del-curso-celebrado-este-cuatrimestre-emprendimiento-innovacion-social-y-cooperativismo-impulsado-por-ayuntamiento-y-cein\/\" \/>\n<meta property=\"og:site_name\" content=\"La Gu\u00eda de Pamplona\" \/>\n<meta property=\"article:publisher\" content=\"https:\/\/www.facebook.com\/laguiadepamplonacom-133175176762273\/?ref=hl\" \/>\n<meta property=\"article:published_time\" content=\"2018-12-20T12:31:43+00:00\" \/>\n<meta property=\"article:modified_time\" content=\"2018-12-20T14:34:55+00:00\" \/>\n<meta property=\"og:image\" content=\"https:\/\/www.laguiadepamplona.com\/actualidad\/wp-content\/uploads\/2018\/12\/18.12.20_Pamplona-emprende.jpg\" \/>\n\t<meta property=\"og:image:width\" content=\"1000\" \/>\n\t<meta property=\"og:image:height\" content=\"666\" \/>\n\t<meta property=\"og:image:type\" content=\"image\/jpeg\" \/>\n<meta name=\"author\" content=\"La Gu\u00eda de Pamplona\" \/>\n<meta name=\"twitter:card\" content=\"summary_large_image\" \/>\n<meta name=\"twitter:creator\" content=\"@LaGuiadPamplona\" \/>\n<meta name=\"twitter:site\" content=\"@LaGuiadPamplona\" \/>\n<meta name=\"twitter:label1\" content=\"Escrito por\" \/>\n\t<meta name=\"twitter:data1\" content=\"La Gu\u00eda de Pamplona\" \/>\n\t<meta name=\"twitter:label2\" content=\"Tiempo de lectura\" \/>\n\t<meta name=\"twitter:data2\" content=\"4 minutos\" \/>\n<script type=\"application\/ld+json\" class=\"yoast-schema-graph\">{\"@context\":\"https:\\\/\\\/schema.org\",\"@graph\":[{\"@type\":\"Article\",\"@id\":\"https:\\\/\\\/www.laguiadepamplona.com\\\/actualidad\\\/22-personas-reciben-el-certificado-del-curso-celebrado-este-cuatrimestre-emprendimiento-innovacion-social-y-cooperativismo-impulsado-por-ayuntamiento-y-cein\\\/#article\",\"isPartOf\":{\"@id\":\"https:\\\/\\\/www.laguiadepamplona.com\\\/actualidad\\\/22-personas-reciben-el-certificado-del-curso-celebrado-este-cuatrimestre-emprendimiento-innovacion-social-y-cooperativismo-impulsado-por-ayuntamiento-y-cein\\\/\"},\"author\":{\"name\":\"La Gu\u00eda de Pamplona\",\"@id\":\"https:\\\/\\\/www.laguiadepamplona.com\\\/actualidad\\\/#\\\/schema\\\/person\\\/efe887376f0213d4657c93adc50b1fdb\"},\"headline\":\"22 personas reciben el certificado del curso, celebrado este cuatrimestre, \u2018Emprendimiento, innovaci\u00f3n social y cooperativismo\u2019 impulsado por Ayuntamiento y CEIN\",\"datePublished\":\"2018-12-20T12:31:43+00:00\",\"dateModified\":\"2018-12-20T14:34:55+00:00\",\"mainEntityOfPage\":{\"@id\":\"https:\\\/\\\/www.laguiadepamplona.com\\\/actualidad\\\/22-personas-reciben-el-certificado-del-curso-celebrado-este-cuatrimestre-emprendimiento-innovacion-social-y-cooperativismo-impulsado-por-ayuntamiento-y-cein\\\/\"},\"wordCount\":750,\"commentCount\":0,\"publisher\":{\"@id\":\"https:\\\/\\\/www.laguiadepamplona.com\\\/actualidad\\\/#organization\"},\"image\":{\"@id\":\"https:\\\/\\\/www.laguiadepamplona.com\\\/actualidad\\\/22-personas-reciben-el-certificado-del-curso-celebrado-este-cuatrimestre-emprendimiento-innovacion-social-y-cooperativismo-impulsado-por-ayuntamiento-y-cein\\\/#primaryimage\"},\"thumbnailUrl\":\"https:\\\/\\\/www.laguiadepamplona.com\\\/actualidad\\\/wp-content\\\/uploads\\\/2018\\\/12\\\/18.12.20_Pamplona-emprende.jpg\",\"articleSection\":[\"Ayto Pamplona\"],\"inLanguage\":\"es\",\"potentialAction\":[{\"@type\":\"CommentAction\",\"name\":\"Comment\",\"target\":[\"https:\\\/\\\/www.laguiadepamplona.com\\\/actualidad\\\/22-personas-reciben-el-certificado-del-curso-celebrado-este-cuatrimestre-emprendimiento-innovacion-social-y-cooperativismo-impulsado-por-ayuntamiento-y-cein\\\/#respond\"]}]},{\"@type\":\"WebPage\",\"@id\":\"https:\\\/\\\/www.laguiadepamplona.com\\\/actualidad\\\/22-personas-reciben-el-certificado-del-curso-celebrado-este-cuatrimestre-emprendimiento-innovacion-social-y-cooperativismo-impulsado-por-ayuntamiento-y-cein\\\/\",\"url\":\"https:\\\/\\\/www.laguiadepamplona.com\\\/actualidad\\\/22-personas-reciben-el-certificado-del-curso-celebrado-este-cuatrimestre-emprendimiento-innovacion-social-y-cooperativismo-impulsado-por-ayuntamiento-y-cein\\\/\",\"name\":\"22 personas reciben el certificado del curso, celebrado este cuatrimestre, \u2018Emprendimiento, innovaci\u00f3n social y cooperativismo\u2019 impulsado por Ayuntamiento y CEIN\",\"isPartOf\":{\"@id\":\"https:\\\/\\\/www.laguiadepamplona.com\\\/actualidad\\\/#website\"},\"primaryImageOfPage\":{\"@id\":\"https:\\\/\\\/www.laguiadepamplona.com\\\/actualidad\\\/22-personas-reciben-el-certificado-del-curso-celebrado-este-cuatrimestre-emprendimiento-innovacion-social-y-cooperativismo-impulsado-por-ayuntamiento-y-cein\\\/#primaryimage\"},\"image\":{\"@id\":\"https:\\\/\\\/www.laguiadepamplona.com\\\/actualidad\\\/22-personas-reciben-el-certificado-del-curso-celebrado-este-cuatrimestre-emprendimiento-innovacion-social-y-cooperativismo-impulsado-por-ayuntamiento-y-cein\\\/#primaryimage\"},\"thumbnailUrl\":\"https:\\\/\\\/www.laguiadepamplona.com\\\/actualidad\\\/wp-content\\\/uploads\\\/2018\\\/12\\\/18.12.20_Pamplona-emprende.jpg\",\"datePublished\":\"2018-12-20T12:31:43+00:00\",\"dateModified\":\"2018-12-20T14:34:55+00:00\",\"breadcrumb\":{\"@id\":\"https:\\\/\\\/www.laguiadepamplona.com\\\/actualidad\\\/22-personas-reciben-el-certificado-del-curso-celebrado-este-cuatrimestre-emprendimiento-innovacion-social-y-cooperativismo-impulsado-por-ayuntamiento-y-cein\\\/#breadcrumb\"},\"inLanguage\":\"es\",\"potentialAction\":[{\"@type\":\"ReadAction\",\"target\":[\"https:\\\/\\\/www.laguiadepamplona.com\\\/actualidad\\\/22-personas-reciben-el-certificado-del-curso-celebrado-este-cuatrimestre-emprendimiento-innovacion-social-y-cooperativismo-impulsado-por-ayuntamiento-y-cein\\\/\"]}]},{\"@type\":\"ImageObject\",\"inLanguage\":\"es\",\"@id\":\"https:\\\/\\\/www.laguiadepamplona.com\\\/actualidad\\\/22-personas-reciben-el-certificado-del-curso-celebrado-este-cuatrimestre-emprendimiento-innovacion-social-y-cooperativismo-impulsado-por-ayuntamiento-y-cein\\\/#primaryimage\",\"url\":\"https:\\\/\\\/www.laguiadepamplona.com\\\/actualidad\\\/wp-content\\\/uploads\\\/2018\\\/12\\\/18.12.20_Pamplona-emprende.jpg\",\"contentUrl\":\"https:\\\/\\\/www.laguiadepamplona.com\\\/actualidad\\\/wp-content\\\/uploads\\\/2018\\\/12\\\/18.12.20_Pamplona-emprende.jpg\",\"width\":1000,\"height\":666},{\"@type\":\"BreadcrumbList\",\"@id\":\"https:\\\/\\\/www.laguiadepamplona.com\\\/actualidad\\\/22-personas-reciben-el-certificado-del-curso-celebrado-este-cuatrimestre-emprendimiento-innovacion-social-y-cooperativismo-impulsado-por-ayuntamiento-y-cein\\\/#breadcrumb\",\"itemListElement\":[{\"@type\":\"ListItem\",\"position\":1,\"name\":\"Portada\",\"item\":\"https:\\\/\\\/www.laguiadepamplona.com\\\/actualidad\\\/\"},{\"@type\":\"ListItem\",\"position\":2,\"name\":\"22 personas reciben el certificado del curso, celebrado este cuatrimestre, \u2018Emprendimiento, innovaci\u00f3n social y cooperativismo\u2019 impulsado por Ayuntamiento y CEIN\"}]},{\"@type\":\"WebSite\",\"@id\":\"https:\\\/\\\/www.laguiadepamplona.com\\\/actualidad\\\/#website\",\"url\":\"https:\\\/\\\/www.laguiadepamplona.com\\\/actualidad\\\/\",\"name\":\"La gu\u00eda de Pamplona\",\"description\":\"Noticias de Pamplona\",\"publisher\":{\"@id\":\"https:\\\/\\\/www.laguiadepamplona.com\\\/actualidad\\\/#organization\"},\"potentialAction\":[{\"@type\":\"SearchAction\",\"target\":{\"@type\":\"EntryPoint\",\"urlTemplate\":\"https:\\\/\\\/www.laguiadepamplona.com\\\/actualidad\\\/?s={search_term_string}\"},\"query-input\":{\"@type\":\"PropertyValueSpecification\",\"valueRequired\":true,\"valueName\":\"search_term_string\"}}],\"inLanguage\":\"es\"},{\"@type\":\"Organization\",\"@id\":\"https:\\\/\\\/www.laguiadepamplona.com\\\/actualidad\\\/#organization\",\"name\":\"La Gu\u00eda de Pamplona \\\/ Noticias\",\"url\":\"https:\\\/\\\/www.laguiadepamplona.com\\\/actualidad\\\/\",\"logo\":{\"@type\":\"ImageObject\",\"inLanguage\":\"es\",\"@id\":\"https:\\\/\\\/www.laguiadepamplona.com\\\/actualidad\\\/#\\\/schema\\\/logo\\\/image\\\/\",\"url\":\"https:\\\/\\\/www.laguiadepamplona.com\\\/actualidad\\\/wp-content\\\/uploads\\\/2018\\\/11\\\/logo-laguiadepamplona18-web1.png\",\"contentUrl\":\"https:\\\/\\\/www.laguiadepamplona.com\\\/actualidad\\\/wp-content\\\/uploads\\\/2018\\\/11\\\/logo-laguiadepamplona18-web1.png\",\"width\":600,\"height\":196,\"caption\":\"La Gu\u00eda de Pamplona \\\/ Noticias\"},\"image\":{\"@id\":\"https:\\\/\\\/www.laguiadepamplona.com\\\/actualidad\\\/#\\\/schema\\\/logo\\\/image\\\/\"},\"sameAs\":[\"https:\\\/\\\/www.facebook.com\\\/laguiadepamplonacom-133175176762273\\\/?ref=hl\",\"https:\\\/\\\/x.com\\\/LaGuiadPamplona\",\"https:\\\/\\\/www.instagram.com\\\/la_guia_de_pamplona\\\/\",\"https:\\\/\\\/www.youtube.com\\\/user\\\/laguiadepamplona\"]},{\"@type\":\"Person\",\"@id\":\"https:\\\/\\\/www.laguiadepamplona.com\\\/actualidad\\\/#\\\/schema\\\/person\\\/efe887376f0213d4657c93adc50b1fdb\",\"name\":\"La Gu\u00eda de Pamplona\",\"image\":{\"@type\":\"ImageObject\",\"inLanguage\":\"es\",\"@id\":\"https:\\\/\\\/secure.gravatar.com\\\/avatar\\\/b6992f131dc8d30ab0dff15446e9d346d9dbd95992de0fef795073f5ea83a81c?s=96&d=mm&r=g\",\"url\":\"https:\\\/\\\/secure.gravatar.com\\\/avatar\\\/b6992f131dc8d30ab0dff15446e9d346d9dbd95992de0fef795073f5ea83a81c?s=96&d=mm&r=g\",\"contentUrl\":\"https:\\\/\\\/secure.gravatar.com\\\/avatar\\\/b6992f131dc8d30ab0dff15446e9d346d9dbd95992de0fef795073f5ea83a81c?s=96&d=mm&r=g\",\"caption\":\"La Gu\u00eda de Pamplona\"}}]}<\/script>\n<!-- \/ Yoast SEO plugin. -->","yoast_head_json":{"title":"22 personas reciben el certificado del curso, celebrado este cuatrimestre, \u2018Emprendimiento, innovaci\u00f3n social y cooperativismo\u2019 impulsado por Ayuntamiento y CEIN","robots":{"index":"index","follow":"follow","max-snippet":"max-snippet:-1","max-image-preview":"max-image-preview:large","max-video-preview":"max-video-preview:-1"},"canonical":"https:\/\/www.laguiadepamplona.com\/actualidad\/22-personas-reciben-el-certificado-del-curso-celebrado-este-cuatrimestre-emprendimiento-innovacion-social-y-cooperativismo-impulsado-por-ayuntamiento-y-cein\/","og_locale":"es_ES","og_type":"article","og_title":"22 personas reciben el certificado del curso, celebrado este cuatrimestre, \u2018Emprendimiento, innovaci\u00f3n social y cooperativismo\u2019 impulsado por Ayuntamiento y CEIN","og_url":"https:\/\/www.laguiadepamplona.com\/actualidad\/22-personas-reciben-el-certificado-del-curso-celebrado-este-cuatrimestre-emprendimiento-innovacion-social-y-cooperativismo-impulsado-por-ayuntamiento-y-cein\/","og_site_name":"La Gu\u00eda de Pamplona","article_publisher":"https:\/\/www.facebook.com\/laguiadepamplonacom-133175176762273\/?ref=hl","article_published_time":"2018-12-20T12:31:43+00:00","article_modified_time":"2018-12-20T14:34:55+00:00","og_image":[{"width":1000,"height":666,"url":"https:\/\/www.laguiadepamplona.com\/actualidad\/wp-content\/uploads\/2018\/12\/18.12.20_Pamplona-emprende.jpg","type":"image\/jpeg"}],"author":"La Gu\u00eda de Pamplona","twitter_card":"summary_large_image","twitter_creator":"@LaGuiadPamplona","twitter_site":"@LaGuiadPamplona","twitter_misc":{"Escrito por":"La Gu\u00eda de Pamplona","Tiempo de lectura":"4 minutos"},"schema":{"@context":"https:\/\/schema.org","@graph":[{"@type":"Article","@id":"https:\/\/www.laguiadepamplona.com\/actualidad\/22-personas-reciben-el-certificado-del-curso-celebrado-este-cuatrimestre-emprendimiento-innovacion-social-y-cooperativismo-impulsado-por-ayuntamiento-y-cein\/#article","isPartOf":{"@id":"https:\/\/www.laguiadepamplona.com\/actualidad\/22-personas-reciben-el-certificado-del-curso-celebrado-este-cuatrimestre-emprendimiento-innovacion-social-y-cooperativismo-impulsado-por-ayuntamiento-y-cein\/"},"author":{"name":"La Gu\u00eda de Pamplona","@id":"https:\/\/www.laguiadepamplona.com\/actualidad\/#\/schema\/person\/efe887376f0213d4657c93adc50b1fdb"},"headline":"22 personas reciben el certificado del curso, celebrado este cuatrimestre, \u2018Emprendimiento, innovaci\u00f3n social y cooperativismo\u2019 impulsado por Ayuntamiento y CEIN","datePublished":"2018-12-20T12:31:43+00:00","dateModified":"2018-12-20T14:34:55+00:00","mainEntityOfPage":{"@id":"https:\/\/www.laguiadepamplona.com\/actualidad\/22-personas-reciben-el-certificado-del-curso-celebrado-este-cuatrimestre-emprendimiento-innovacion-social-y-cooperativismo-impulsado-por-ayuntamiento-y-cein\/"},"wordCount":750,"commentCount":0,"publisher":{"@id":"https:\/\/www.laguiadepamplona.com\/actualidad\/#organization"},"image":{"@id":"https:\/\/www.laguiadepamplona.com\/actualidad\/22-personas-reciben-el-certificado-del-curso-celebrado-este-cuatrimestre-emprendimiento-innovacion-social-y-cooperativismo-impulsado-por-ayuntamiento-y-cein\/#primaryimage"},"thumbnailUrl":"https:\/\/www.laguiadepamplona.com\/actualidad\/wp-content\/uploads\/2018\/12\/18.12.20_Pamplona-emprende.jpg","articleSection":["Ayto Pamplona"],"inLanguage":"es","potentialAction":[{"@type":"CommentAction","name":"Comment","target":["https:\/\/www.laguiadepamplona.com\/actualidad\/22-personas-reciben-el-certificado-del-curso-celebrado-este-cuatrimestre-emprendimiento-innovacion-social-y-cooperativismo-impulsado-por-ayuntamiento-y-cein\/#respond"]}]},{"@type":"WebPage","@id":"https:\/\/www.laguiadepamplona.com\/actualidad\/22-personas-reciben-el-certificado-del-curso-celebrado-este-cuatrimestre-emprendimiento-innovacion-social-y-cooperativismo-impulsado-por-ayuntamiento-y-cein\/","url":"https:\/\/www.laguiadepamplona.com\/actualidad\/22-personas-reciben-el-certificado-del-curso-celebrado-este-cuatrimestre-emprendimiento-innovacion-social-y-cooperativismo-impulsado-por-ayuntamiento-y-cein\/","name":"22 personas reciben el certificado del curso, celebrado este cuatrimestre, \u2018Emprendimiento, innovaci\u00f3n social y cooperativismo\u2019 impulsado por Ayuntamiento y CEIN","isPartOf":{"@id":"https:\/\/www.laguiadepamplona.com\/actualidad\/#website"},"primaryImageOfPage":{"@id":"https:\/\/www.laguiadepamplona.com\/actualidad\/22-personas-reciben-el-certificado-del-curso-celebrado-este-cuatrimestre-emprendimiento-innovacion-social-y-cooperativismo-impulsado-por-ayuntamiento-y-cein\/#primaryimage"},"image":{"@id":"https:\/\/www.laguiadepamplona.com\/actualidad\/22-personas-reciben-el-certificado-del-curso-celebrado-este-cuatrimestre-emprendimiento-innovacion-social-y-cooperativismo-impulsado-por-ayuntamiento-y-cein\/#primaryimage"},"thumbnailUrl":"https:\/\/www.laguiadepamplona.com\/actualidad\/wp-content\/uploads\/2018\/12\/18.12.20_Pamplona-emprende.jpg","datePublished":"2018-12-20T12:31:43+00:00","dateModified":"2018-12-20T14:34:55+00:00","breadcrumb":{"@id":"https:\/\/www.laguiadepamplona.com\/actualidad\/22-personas-reciben-el-certificado-del-curso-celebrado-este-cuatrimestre-emprendimiento-innovacion-social-y-cooperativismo-impulsado-por-ayuntamiento-y-cein\/#breadcrumb"},"inLanguage":"es","potentialAction":[{"@type":"ReadAction","target":["https:\/\/www.laguiadepamplona.com\/actualidad\/22-personas-reciben-el-certificado-del-curso-celebrado-este-cuatrimestre-emprendimiento-innovacion-social-y-cooperativismo-impulsado-por-ayuntamiento-y-cein\/"]}]},{"@type":"ImageObject","inLanguage":"es","@id":"https:\/\/www.laguiadepamplona.com\/actualidad\/22-personas-reciben-el-certificado-del-curso-celebrado-este-cuatrimestre-emprendimiento-innovacion-social-y-cooperativismo-impulsado-por-ayuntamiento-y-cein\/#primaryimage","url":"https:\/\/www.laguiadepamplona.com\/actualidad\/wp-content\/uploads\/2018\/12\/18.12.20_Pamplona-emprende.jpg","contentUrl":"https:\/\/www.laguiadepamplona.com\/actualidad\/wp-content\/uploads\/2018\/12\/18.12.20_Pamplona-emprende.jpg","width":1000,"height":666},{"@type":"BreadcrumbList","@id":"https:\/\/www.laguiadepamplona.com\/actualidad\/22-personas-reciben-el-certificado-del-curso-celebrado-este-cuatrimestre-emprendimiento-innovacion-social-y-cooperativismo-impulsado-por-ayuntamiento-y-cein\/#breadcrumb","itemListElement":[{"@type":"ListItem","position":1,"name":"Portada","item":"https:\/\/www.laguiadepamplona.com\/actualidad\/"},{"@type":"ListItem","position":2,"name":"22 personas reciben el certificado del curso, celebrado este cuatrimestre, \u2018Emprendimiento, innovaci\u00f3n social y cooperativismo\u2019 impulsado por Ayuntamiento y CEIN"}]},{"@type":"WebSite","@id":"https:\/\/www.laguiadepamplona.com\/actualidad\/#website","url":"https:\/\/www.laguiadepamplona.com\/actualidad\/","name":"La gu\u00eda de Pamplona","description":"Noticias de Pamplona","publisher":{"@id":"https:\/\/www.laguiadepamplona.com\/actualidad\/#organization"},"potentialAction":[{"@type":"SearchAction","target":{"@type":"EntryPoint","urlTemplate":"https:\/\/www.laguiadepamplona.com\/actualidad\/?s={search_term_string}"},"query-input":{"@type":"PropertyValueSpecification","valueRequired":true,"valueName":"search_term_string"}}],"inLanguage":"es"},{"@type":"Organization","@id":"https:\/\/www.laguiadepamplona.com\/actualidad\/#organization","name":"La Gu\u00eda de Pamplona \/ Noticias","url":"https:\/\/www.laguiadepamplona.com\/actualidad\/","logo":{"@type":"ImageObject","inLanguage":"es","@id":"https:\/\/www.laguiadepamplona.com\/actualidad\/#\/schema\/logo\/image\/","url":"https:\/\/www.laguiadepamplona.com\/actualidad\/wp-content\/uploads\/2018\/11\/logo-laguiadepamplona18-web1.png","contentUrl":"https:\/\/www.laguiadepamplona.com\/actualidad\/wp-content\/uploads\/2018\/11\/logo-laguiadepamplona18-web1.png","width":600,"height":196,"caption":"La Gu\u00eda de Pamplona \/ Noticias"},"image":{"@id":"https:\/\/www.laguiadepamplona.com\/actualidad\/#\/schema\/logo\/image\/"},"sameAs":["https:\/\/www.facebook.com\/laguiadepamplonacom-133175176762273\/?ref=hl","https:\/\/x.com\/LaGuiadPamplona","https:\/\/www.instagram.com\/la_guia_de_pamplona\/","https:\/\/www.youtube.com\/user\/laguiadepamplona"]},{"@type":"Person","@id":"https:\/\/www.laguiadepamplona.com\/actualidad\/#\/schema\/person\/efe887376f0213d4657c93adc50b1fdb","name":"La Gu\u00eda de Pamplona","image":{"@type":"ImageObject","inLanguage":"es","@id":"https:\/\/secure.gravatar.com\/avatar\/b6992f131dc8d30ab0dff15446e9d346d9dbd95992de0fef795073f5ea83a81c?s=96&d=mm&r=g","url":"https:\/\/secure.gravatar.com\/avatar\/b6992f131dc8d30ab0dff15446e9d346d9dbd95992de0fef795073f5ea83a81c?s=96&d=mm&r=g","contentUrl":"https:\/\/secure.gravatar.com\/avatar\/b6992f131dc8d30ab0dff15446e9d346d9dbd95992de0fef795073f5ea83a81c?s=96&d=mm&r=g","caption":"La Gu\u00eda de Pamplona"}}]}},"post_mailing_queue_ids":[],"_links":{"self":[{"href":"https:\/\/www.laguiadepamplona.com\/actualidad\/wp-json\/wp\/v2\/posts\/19903","targetHints":{"allow":["GET"]}}],"collection":[{"href":"https:\/\/www.laguiadepamplona.com\/actualidad\/wp-json\/wp\/v2\/posts"}],"about":[{"href":"https:\/\/www.laguiadepamplona.com\/actualidad\/wp-json\/wp\/v2\/types\/post"}],"author":[{"embeddable":true,"href":"https:\/\/www.laguiadepamplona.com\/actualidad\/wp-json\/wp\/v2\/users\/1"}],"replies":[{"embeddable":true,"href":"https:\/\/www.laguiadepamplona.com\/actualidad\/wp-json\/wp\/v2\/comments?post=19903"}],"version-history":[{"count":0,"href":"https:\/\/www.laguiadepamplona.com\/actualidad\/wp-json\/wp\/v2\/posts\/19903\/revisions"}],"wp:featuredmedia":[{"embeddable":true,"href":"https:\/\/www.laguiadepamplona.com\/actualidad\/wp-json\/wp\/v2\/media\/19904"}],"wp:attachment":[{"href":"https:\/\/www.laguiadepamplona.com\/actualidad\/wp-json\/wp\/v2\/media?parent=19903"}],"wp:term":[{"taxonomy":"category","embeddable":true,"href":"https:\/\/www.laguiadepamplona.com\/actualidad\/wp-json\/wp\/v2\/categories?post=19903"},{"taxonomy":"post_tag","embeddable":true,"href":"https:\/\/www.laguiadepamplona.com\/actualidad\/wp-json\/wp\/v2\/tags?post=19903"}],"curies":[{"name":"wp","href":"https:\/\/api.w.org\/{rel}","templated":true}]}}