{"id":19900,"date":"2018-12-20T13:41:24","date_gmt":"2018-12-20T11:41:24","guid":{"rendered":"https:\/\/www.laguiadepamplona.es\/actualidad\/?p=19900"},"modified":"2018-12-20T13:41:24","modified_gmt":"2018-12-20T11:41:24","slug":"el-payaso-ramper-vuelve-este-sabado-por-la-tarde-en-civivox-iturrama-para-divertir-a-los-mas-pequenos","status":"publish","type":"post","link":"https:\/\/www.laguiadepamplona.com\/actualidad\/el-payaso-ramper-vuelve-este-sabado-por-la-tarde-en-civivox-iturrama-para-divertir-a-los-mas-pequenos\/","title":{"rendered":"El payaso R\u00e1mper vuelve este s\u00e1bado por la tarde en Civivox Iturrama para divertir a los m\u00e1s peque\u00f1os"},"content":{"rendered":"<p><!--more--><\/p>\n<h3>El espect\u00e1culo comienza a las 20 horas y la entrada cuesta 6 euros<\/h3>\n<p>Civivox Iturrama acoge este s\u00e1bado el \u2018R\u00e1mper, vida y muerte de un payaso\u2019, un espect\u00e1culo dirigido a hacer re\u00edr a los m\u00e1s peque\u00f1os. Comenzar\u00e1 a las 20 horas y la entrada cuesta 6 euros, y puede adquirirse en civivox y online en <a href=\"http:\/\/www.pamplona.es\/\" target=\"_blank\" rel=\"noopener\">www.pamplona.es<\/a> y <a href=\"http:\/\/www.pamplonaescultura.es\/\" target=\"_blank\" rel=\"noopener\">www.pamplonaescultura.es<\/a>.<\/p>\n<p>Realizada por el grupo Cancamisa Teatro, la obra se titula \u2018R\u00e1mper, vida y muerte de un payaso\u2019. Esta obra es, ante todo, un homenaje a R\u00e1mper, una figura fascinante de la historia del humor y espect\u00e1culo. Para ello, se har\u00e1 revivir al personaje y a la persona que le dio vida. En este mon\u00f3logo, R\u00e1mper y Ram\u00f3n se encuentran en la actualidad, deambulando por teatros intentando encontrar a alguien que quiera escuchar su historia. Lo que no resulta f\u00e1cil, llevando m\u00e1s de 50 a\u00f1os muertos.<\/p>\n<p>El espect\u00e1culo forma parte del programa de artes en vivo organizado este trimestre por la red civivox. La pr\u00f3xima cita ser\u00e1 el s\u00e1bado 12 de enero a las 18.30 horas en civivox Jus la Rocha, con \u2018The supersecret agent Bumblebee\u2019. Su protagonista es Max Bumblebee, un agente secreto que vive incre\u00edbles aventuras. Un d\u00eda le asignan una misi\u00f3n muy peligrosa que deber\u00e1 cumplir, no sin antes prepararse a conciencia. \u00a1Tendr\u00e1 que coger sus armas secretas y su mascota preferida! La entrada tambi\u00e9n es gratuita, previa retirada de invitaci\u00f3n.<\/p>\n<p><strong>Un exc\u00e9ntrico payaso de los a\u00f1os 20-50<\/strong><\/p>\n<p>R\u00e1mper fue un exc\u00e9ntrico, un payaso que desde los a\u00f1os 20 a los 50 triunf\u00f3 en la Espa\u00f1a de la Guerra Civil. Fue el artista que m\u00e1s cobraba durante su \u00e9poca, una figura tan conocida como\u00a0 para tener juguetes con su cara, an\u00eds y co\u00f1ac con su nombre y hasta un dibujo animado en el a\u00f1o 1947. Dicen que debido a sus bromas pol\u00edticas, tanto sobre el gobierno republicano como sobre las dictaduras que le toc\u00f3 vivir, durmi\u00f3 m\u00e1s de una noche en calabozo.<\/p>\n<p>R\u00e1mper tambi\u00e9n era Ram\u00f3n \u00c1lvarez Escudero, un padre de familia que tuvo que trabajar duro para sacar a su familia adelante. Muri\u00f3 pobre, como muchos artistas, en una habitaci\u00f3n de hotel en Sevilla. R\u00e1mper fue solo un ejemplo m\u00e1s de lo ef\u00edmero de la fama, la lucha interna del artista con el \u00e9xito y la dureza del mundo del espect\u00e1culo. R\u00e1mper tambi\u00e9n fue la obra que gan\u00f3 en 2015 el concurso de textos teatrales de Tartean Teatro y Caf\u00e9 Bar Bilbao. Y ahora, R\u00e1mper tambi\u00e9n es esta obra que, partiendo del texto premiado, profundiza en la figura de este genio del humor tristemente olvidado.<\/p>\n<p><strong>El actor<\/strong><\/p>\n<p>Juan Pa\u00f1os es un joven actor que empieza a brillar en la actualidad. Juan es mago prematuro, comienza a hacer magia en la Sala Houdini de Madrid a los 12. Con 15 a\u00f1os, empieza a estudiar t\u00e9cnicas teatrales para mejorar su presencia esc\u00e9nica. Y, entre telones, decide ser actor. Juan Pa\u00f1os es tambi\u00e9n improvisador y clown, habi\u00e9ndose puesto la nariz roja con maestros como Gabriel Cham\u00e9, Hern\u00e1n Gen\u00e9 o Avner Eisenberg. Ha cursado \u201cTeatro f\u00edsico y gestual\u201d en la escuela de Hern\u00e1n Gen\u00e9 y se ha diplomado como actor en la Escuela de Teatro de Mar Navarro y Andr\u00e9s Hern\u00e1ndez. Ha trabajado la voz y la palabra con Vicente Fuentes. Y se ha formado, adem\u00e1s, en seminarios de interpretaci\u00f3n, t\u00e9cnica teatral o dramaturgia con Carles Alfaro, Ernesto Arias, Fernanda Orazi, o Heidi Steinhardt.<\/p>\n<p>En 2016 entra en el grupo de Entrenamiento de actores en el Teatro de la Abad\u00eda de Madrid. De aqu\u00ed nace el espect\u00e1culo \u201cDos nuevos entremeses nunca representados\u201d de Cervantes, en el que participa como actor dirigido por Ernesto Arias. Tras una temporada en el Corral de Comedias de Alcal\u00e1 de Henares, ahora en 2017 forma parte de la programaci\u00f3n del Teatro de la Abad\u00eda.<\/p>\n<p>Juan Pa\u00f1os tambi\u00e9n es m\u00fasica, habiendo compuesto la m\u00fasica original de \u201cGeorge Dandin\u201d de Moli\u00e8re, dirigido por Hern\u00e1n Gen\u00e9; que los actores (\u00e9l entre ellos, haciendo de Clitandro) tocaban en directo. Y ahora, Juan Pa\u00f1os es el actor que revivir\u00e1 a R\u00e1mper.<\/p>\n","protected":false},"excerpt":{"rendered":"","protected":false},"author":1,"featured_media":19901,"comment_status":"open","ping_status":"closed","sticky":false,"template":"","format":"standard","meta":{"footnotes":""},"categories":[2],"tags":[],"class_list":["post-19900","post","type-post","status-publish","format-standard","has-post-thumbnail","hentry","category-ayuntamiento-pamplona"],"yoast_head":"<!-- This site is optimized with the Yoast SEO plugin v27.3 - https:\/\/yoast.com\/product\/yoast-seo-wordpress\/ -->\n<title>El payaso R\u00e1mper vuelve este s\u00e1bado por la tarde en Civivox Iturrama para divertir a los m\u00e1s peque\u00f1os<\/title>\n<meta name=\"robots\" content=\"index, follow, max-snippet:-1, max-image-preview:large, max-video-preview:-1\" \/>\n<link rel=\"canonical\" href=\"https:\/\/www.laguiadepamplona.com\/actualidad\/el-payaso-ramper-vuelve-este-sabado-por-la-tarde-en-civivox-iturrama-para-divertir-a-los-mas-pequenos\/\" \/>\n<meta property=\"og:locale\" content=\"es_ES\" \/>\n<meta property=\"og:type\" content=\"article\" \/>\n<meta property=\"og:title\" content=\"El payaso R\u00e1mper vuelve este s\u00e1bado por la tarde en Civivox Iturrama para divertir a los m\u00e1s peque\u00f1os\" \/>\n<meta property=\"og:url\" content=\"https:\/\/www.laguiadepamplona.com\/actualidad\/el-payaso-ramper-vuelve-este-sabado-por-la-tarde-en-civivox-iturrama-para-divertir-a-los-mas-pequenos\/\" \/>\n<meta property=\"og:site_name\" content=\"La Gu\u00eda de Pamplona\" \/>\n<meta property=\"article:publisher\" content=\"https:\/\/www.facebook.com\/laguiadepamplonacom-133175176762273\/?ref=hl\" \/>\n<meta property=\"article:published_time\" content=\"2018-12-20T11:41:24+00:00\" \/>\n<meta property=\"og:image\" content=\"https:\/\/www.laguiadepamplona.com\/actualidad\/wp-content\/uploads\/2018\/12\/18.12.20_Ramper-el-payaso.jpg\" \/>\n\t<meta property=\"og:image:width\" content=\"1000\" \/>\n\t<meta property=\"og:image:height\" content=\"667\" \/>\n\t<meta property=\"og:image:type\" content=\"image\/jpeg\" \/>\n<meta name=\"author\" content=\"La Gu\u00eda de Pamplona\" \/>\n<meta name=\"twitter:card\" content=\"summary_large_image\" \/>\n<meta name=\"twitter:creator\" content=\"@LaGuiadPamplona\" \/>\n<meta name=\"twitter:site\" content=\"@LaGuiadPamplona\" \/>\n<meta name=\"twitter:label1\" content=\"Escrito por\" \/>\n\t<meta name=\"twitter:data1\" content=\"La Gu\u00eda de Pamplona\" \/>\n\t<meta name=\"twitter:label2\" content=\"Tiempo de lectura\" \/>\n\t<meta name=\"twitter:data2\" content=\"4 minutos\" \/>\n<script type=\"application\/ld+json\" class=\"yoast-schema-graph\">{\"@context\":\"https:\\\/\\\/schema.org\",\"@graph\":[{\"@type\":\"Article\",\"@id\":\"https:\\\/\\\/www.laguiadepamplona.com\\\/actualidad\\\/el-payaso-ramper-vuelve-este-sabado-por-la-tarde-en-civivox-iturrama-para-divertir-a-los-mas-pequenos\\\/#article\",\"isPartOf\":{\"@id\":\"https:\\\/\\\/www.laguiadepamplona.com\\\/actualidad\\\/el-payaso-ramper-vuelve-este-sabado-por-la-tarde-en-civivox-iturrama-para-divertir-a-los-mas-pequenos\\\/\"},\"author\":{\"name\":\"La Gu\u00eda de Pamplona\",\"@id\":\"https:\\\/\\\/www.laguiadepamplona.com\\\/actualidad\\\/#\\\/schema\\\/person\\\/efe887376f0213d4657c93adc50b1fdb\"},\"headline\":\"El payaso R\u00e1mper vuelve este s\u00e1bado por la tarde en Civivox Iturrama para divertir a los m\u00e1s peque\u00f1os\",\"datePublished\":\"2018-12-20T11:41:24+00:00\",\"mainEntityOfPage\":{\"@id\":\"https:\\\/\\\/www.laguiadepamplona.com\\\/actualidad\\\/el-payaso-ramper-vuelve-este-sabado-por-la-tarde-en-civivox-iturrama-para-divertir-a-los-mas-pequenos\\\/\"},\"wordCount\":754,\"commentCount\":0,\"publisher\":{\"@id\":\"https:\\\/\\\/www.laguiadepamplona.com\\\/actualidad\\\/#organization\"},\"image\":{\"@id\":\"https:\\\/\\\/www.laguiadepamplona.com\\\/actualidad\\\/el-payaso-ramper-vuelve-este-sabado-por-la-tarde-en-civivox-iturrama-para-divertir-a-los-mas-pequenos\\\/#primaryimage\"},\"thumbnailUrl\":\"https:\\\/\\\/www.laguiadepamplona.com\\\/actualidad\\\/wp-content\\\/uploads\\\/2018\\\/12\\\/18.12.20_Ramper-el-payaso.jpg\",\"articleSection\":[\"Ayto Pamplona\"],\"inLanguage\":\"es\",\"potentialAction\":[{\"@type\":\"CommentAction\",\"name\":\"Comment\",\"target\":[\"https:\\\/\\\/www.laguiadepamplona.com\\\/actualidad\\\/el-payaso-ramper-vuelve-este-sabado-por-la-tarde-en-civivox-iturrama-para-divertir-a-los-mas-pequenos\\\/#respond\"]}]},{\"@type\":\"WebPage\",\"@id\":\"https:\\\/\\\/www.laguiadepamplona.com\\\/actualidad\\\/el-payaso-ramper-vuelve-este-sabado-por-la-tarde-en-civivox-iturrama-para-divertir-a-los-mas-pequenos\\\/\",\"url\":\"https:\\\/\\\/www.laguiadepamplona.com\\\/actualidad\\\/el-payaso-ramper-vuelve-este-sabado-por-la-tarde-en-civivox-iturrama-para-divertir-a-los-mas-pequenos\\\/\",\"name\":\"El payaso R\u00e1mper vuelve este s\u00e1bado por la tarde en Civivox Iturrama para divertir a los m\u00e1s peque\u00f1os\",\"isPartOf\":{\"@id\":\"https:\\\/\\\/www.laguiadepamplona.com\\\/actualidad\\\/#website\"},\"primaryImageOfPage\":{\"@id\":\"https:\\\/\\\/www.laguiadepamplona.com\\\/actualidad\\\/el-payaso-ramper-vuelve-este-sabado-por-la-tarde-en-civivox-iturrama-para-divertir-a-los-mas-pequenos\\\/#primaryimage\"},\"image\":{\"@id\":\"https:\\\/\\\/www.laguiadepamplona.com\\\/actualidad\\\/el-payaso-ramper-vuelve-este-sabado-por-la-tarde-en-civivox-iturrama-para-divertir-a-los-mas-pequenos\\\/#primaryimage\"},\"thumbnailUrl\":\"https:\\\/\\\/www.laguiadepamplona.com\\\/actualidad\\\/wp-content\\\/uploads\\\/2018\\\/12\\\/18.12.20_Ramper-el-payaso.jpg\",\"datePublished\":\"2018-12-20T11:41:24+00:00\",\"breadcrumb\":{\"@id\":\"https:\\\/\\\/www.laguiadepamplona.com\\\/actualidad\\\/el-payaso-ramper-vuelve-este-sabado-por-la-tarde-en-civivox-iturrama-para-divertir-a-los-mas-pequenos\\\/#breadcrumb\"},\"inLanguage\":\"es\",\"potentialAction\":[{\"@type\":\"ReadAction\",\"target\":[\"https:\\\/\\\/www.laguiadepamplona.com\\\/actualidad\\\/el-payaso-ramper-vuelve-este-sabado-por-la-tarde-en-civivox-iturrama-para-divertir-a-los-mas-pequenos\\\/\"]}]},{\"@type\":\"ImageObject\",\"inLanguage\":\"es\",\"@id\":\"https:\\\/\\\/www.laguiadepamplona.com\\\/actualidad\\\/el-payaso-ramper-vuelve-este-sabado-por-la-tarde-en-civivox-iturrama-para-divertir-a-los-mas-pequenos\\\/#primaryimage\",\"url\":\"https:\\\/\\\/www.laguiadepamplona.com\\\/actualidad\\\/wp-content\\\/uploads\\\/2018\\\/12\\\/18.12.20_Ramper-el-payaso.jpg\",\"contentUrl\":\"https:\\\/\\\/www.laguiadepamplona.com\\\/actualidad\\\/wp-content\\\/uploads\\\/2018\\\/12\\\/18.12.20_Ramper-el-payaso.jpg\",\"width\":1000,\"height\":667},{\"@type\":\"BreadcrumbList\",\"@id\":\"https:\\\/\\\/www.laguiadepamplona.com\\\/actualidad\\\/el-payaso-ramper-vuelve-este-sabado-por-la-tarde-en-civivox-iturrama-para-divertir-a-los-mas-pequenos\\\/#breadcrumb\",\"itemListElement\":[{\"@type\":\"ListItem\",\"position\":1,\"name\":\"Portada\",\"item\":\"https:\\\/\\\/www.laguiadepamplona.com\\\/actualidad\\\/\"},{\"@type\":\"ListItem\",\"position\":2,\"name\":\"El payaso R\u00e1mper vuelve este s\u00e1bado por la tarde en Civivox Iturrama para divertir a los m\u00e1s peque\u00f1os\"}]},{\"@type\":\"WebSite\",\"@id\":\"https:\\\/\\\/www.laguiadepamplona.com\\\/actualidad\\\/#website\",\"url\":\"https:\\\/\\\/www.laguiadepamplona.com\\\/actualidad\\\/\",\"name\":\"La gu\u00eda de Pamplona\",\"description\":\"Noticias de Pamplona\",\"publisher\":{\"@id\":\"https:\\\/\\\/www.laguiadepamplona.com\\\/actualidad\\\/#organization\"},\"potentialAction\":[{\"@type\":\"SearchAction\",\"target\":{\"@type\":\"EntryPoint\",\"urlTemplate\":\"https:\\\/\\\/www.laguiadepamplona.com\\\/actualidad\\\/?s={search_term_string}\"},\"query-input\":{\"@type\":\"PropertyValueSpecification\",\"valueRequired\":true,\"valueName\":\"search_term_string\"}}],\"inLanguage\":\"es\"},{\"@type\":\"Organization\",\"@id\":\"https:\\\/\\\/www.laguiadepamplona.com\\\/actualidad\\\/#organization\",\"name\":\"La Gu\u00eda de Pamplona \\\/ Noticias\",\"url\":\"https:\\\/\\\/www.laguiadepamplona.com\\\/actualidad\\\/\",\"logo\":{\"@type\":\"ImageObject\",\"inLanguage\":\"es\",\"@id\":\"https:\\\/\\\/www.laguiadepamplona.com\\\/actualidad\\\/#\\\/schema\\\/logo\\\/image\\\/\",\"url\":\"https:\\\/\\\/www.laguiadepamplona.com\\\/actualidad\\\/wp-content\\\/uploads\\\/2018\\\/11\\\/logo-laguiadepamplona18-web1.png\",\"contentUrl\":\"https:\\\/\\\/www.laguiadepamplona.com\\\/actualidad\\\/wp-content\\\/uploads\\\/2018\\\/11\\\/logo-laguiadepamplona18-web1.png\",\"width\":600,\"height\":196,\"caption\":\"La Gu\u00eda de Pamplona \\\/ Noticias\"},\"image\":{\"@id\":\"https:\\\/\\\/www.laguiadepamplona.com\\\/actualidad\\\/#\\\/schema\\\/logo\\\/image\\\/\"},\"sameAs\":[\"https:\\\/\\\/www.facebook.com\\\/laguiadepamplonacom-133175176762273\\\/?ref=hl\",\"https:\\\/\\\/x.com\\\/LaGuiadPamplona\",\"https:\\\/\\\/www.instagram.com\\\/la_guia_de_pamplona\\\/\",\"https:\\\/\\\/www.youtube.com\\\/user\\\/laguiadepamplona\"]},{\"@type\":\"Person\",\"@id\":\"https:\\\/\\\/www.laguiadepamplona.com\\\/actualidad\\\/#\\\/schema\\\/person\\\/efe887376f0213d4657c93adc50b1fdb\",\"name\":\"La Gu\u00eda de Pamplona\",\"image\":{\"@type\":\"ImageObject\",\"inLanguage\":\"es\",\"@id\":\"https:\\\/\\\/secure.gravatar.com\\\/avatar\\\/b6992f131dc8d30ab0dff15446e9d346d9dbd95992de0fef795073f5ea83a81c?s=96&d=mm&r=g\",\"url\":\"https:\\\/\\\/secure.gravatar.com\\\/avatar\\\/b6992f131dc8d30ab0dff15446e9d346d9dbd95992de0fef795073f5ea83a81c?s=96&d=mm&r=g\",\"contentUrl\":\"https:\\\/\\\/secure.gravatar.com\\\/avatar\\\/b6992f131dc8d30ab0dff15446e9d346d9dbd95992de0fef795073f5ea83a81c?s=96&d=mm&r=g\",\"caption\":\"La Gu\u00eda de Pamplona\"}}]}<\/script>\n<!-- \/ Yoast SEO plugin. -->","yoast_head_json":{"title":"El payaso R\u00e1mper vuelve este s\u00e1bado por la tarde en Civivox Iturrama para divertir a los m\u00e1s peque\u00f1os","robots":{"index":"index","follow":"follow","max-snippet":"max-snippet:-1","max-image-preview":"max-image-preview:large","max-video-preview":"max-video-preview:-1"},"canonical":"https:\/\/www.laguiadepamplona.com\/actualidad\/el-payaso-ramper-vuelve-este-sabado-por-la-tarde-en-civivox-iturrama-para-divertir-a-los-mas-pequenos\/","og_locale":"es_ES","og_type":"article","og_title":"El payaso R\u00e1mper vuelve este s\u00e1bado por la tarde en Civivox Iturrama para divertir a los m\u00e1s peque\u00f1os","og_url":"https:\/\/www.laguiadepamplona.com\/actualidad\/el-payaso-ramper-vuelve-este-sabado-por-la-tarde-en-civivox-iturrama-para-divertir-a-los-mas-pequenos\/","og_site_name":"La Gu\u00eda de Pamplona","article_publisher":"https:\/\/www.facebook.com\/laguiadepamplonacom-133175176762273\/?ref=hl","article_published_time":"2018-12-20T11:41:24+00:00","og_image":[{"width":1000,"height":667,"url":"https:\/\/www.laguiadepamplona.com\/actualidad\/wp-content\/uploads\/2018\/12\/18.12.20_Ramper-el-payaso.jpg","type":"image\/jpeg"}],"author":"La Gu\u00eda de Pamplona","twitter_card":"summary_large_image","twitter_creator":"@LaGuiadPamplona","twitter_site":"@LaGuiadPamplona","twitter_misc":{"Escrito por":"La Gu\u00eda de Pamplona","Tiempo de lectura":"4 minutos"},"schema":{"@context":"https:\/\/schema.org","@graph":[{"@type":"Article","@id":"https:\/\/www.laguiadepamplona.com\/actualidad\/el-payaso-ramper-vuelve-este-sabado-por-la-tarde-en-civivox-iturrama-para-divertir-a-los-mas-pequenos\/#article","isPartOf":{"@id":"https:\/\/www.laguiadepamplona.com\/actualidad\/el-payaso-ramper-vuelve-este-sabado-por-la-tarde-en-civivox-iturrama-para-divertir-a-los-mas-pequenos\/"},"author":{"name":"La Gu\u00eda de Pamplona","@id":"https:\/\/www.laguiadepamplona.com\/actualidad\/#\/schema\/person\/efe887376f0213d4657c93adc50b1fdb"},"headline":"El payaso R\u00e1mper vuelve este s\u00e1bado por la tarde en Civivox Iturrama para divertir a los m\u00e1s peque\u00f1os","datePublished":"2018-12-20T11:41:24+00:00","mainEntityOfPage":{"@id":"https:\/\/www.laguiadepamplona.com\/actualidad\/el-payaso-ramper-vuelve-este-sabado-por-la-tarde-en-civivox-iturrama-para-divertir-a-los-mas-pequenos\/"},"wordCount":754,"commentCount":0,"publisher":{"@id":"https:\/\/www.laguiadepamplona.com\/actualidad\/#organization"},"image":{"@id":"https:\/\/www.laguiadepamplona.com\/actualidad\/el-payaso-ramper-vuelve-este-sabado-por-la-tarde-en-civivox-iturrama-para-divertir-a-los-mas-pequenos\/#primaryimage"},"thumbnailUrl":"https:\/\/www.laguiadepamplona.com\/actualidad\/wp-content\/uploads\/2018\/12\/18.12.20_Ramper-el-payaso.jpg","articleSection":["Ayto Pamplona"],"inLanguage":"es","potentialAction":[{"@type":"CommentAction","name":"Comment","target":["https:\/\/www.laguiadepamplona.com\/actualidad\/el-payaso-ramper-vuelve-este-sabado-por-la-tarde-en-civivox-iturrama-para-divertir-a-los-mas-pequenos\/#respond"]}]},{"@type":"WebPage","@id":"https:\/\/www.laguiadepamplona.com\/actualidad\/el-payaso-ramper-vuelve-este-sabado-por-la-tarde-en-civivox-iturrama-para-divertir-a-los-mas-pequenos\/","url":"https:\/\/www.laguiadepamplona.com\/actualidad\/el-payaso-ramper-vuelve-este-sabado-por-la-tarde-en-civivox-iturrama-para-divertir-a-los-mas-pequenos\/","name":"El payaso R\u00e1mper vuelve este s\u00e1bado por la tarde en Civivox Iturrama para divertir a los m\u00e1s peque\u00f1os","isPartOf":{"@id":"https:\/\/www.laguiadepamplona.com\/actualidad\/#website"},"primaryImageOfPage":{"@id":"https:\/\/www.laguiadepamplona.com\/actualidad\/el-payaso-ramper-vuelve-este-sabado-por-la-tarde-en-civivox-iturrama-para-divertir-a-los-mas-pequenos\/#primaryimage"},"image":{"@id":"https:\/\/www.laguiadepamplona.com\/actualidad\/el-payaso-ramper-vuelve-este-sabado-por-la-tarde-en-civivox-iturrama-para-divertir-a-los-mas-pequenos\/#primaryimage"},"thumbnailUrl":"https:\/\/www.laguiadepamplona.com\/actualidad\/wp-content\/uploads\/2018\/12\/18.12.20_Ramper-el-payaso.jpg","datePublished":"2018-12-20T11:41:24+00:00","breadcrumb":{"@id":"https:\/\/www.laguiadepamplona.com\/actualidad\/el-payaso-ramper-vuelve-este-sabado-por-la-tarde-en-civivox-iturrama-para-divertir-a-los-mas-pequenos\/#breadcrumb"},"inLanguage":"es","potentialAction":[{"@type":"ReadAction","target":["https:\/\/www.laguiadepamplona.com\/actualidad\/el-payaso-ramper-vuelve-este-sabado-por-la-tarde-en-civivox-iturrama-para-divertir-a-los-mas-pequenos\/"]}]},{"@type":"ImageObject","inLanguage":"es","@id":"https:\/\/www.laguiadepamplona.com\/actualidad\/el-payaso-ramper-vuelve-este-sabado-por-la-tarde-en-civivox-iturrama-para-divertir-a-los-mas-pequenos\/#primaryimage","url":"https:\/\/www.laguiadepamplona.com\/actualidad\/wp-content\/uploads\/2018\/12\/18.12.20_Ramper-el-payaso.jpg","contentUrl":"https:\/\/www.laguiadepamplona.com\/actualidad\/wp-content\/uploads\/2018\/12\/18.12.20_Ramper-el-payaso.jpg","width":1000,"height":667},{"@type":"BreadcrumbList","@id":"https:\/\/www.laguiadepamplona.com\/actualidad\/el-payaso-ramper-vuelve-este-sabado-por-la-tarde-en-civivox-iturrama-para-divertir-a-los-mas-pequenos\/#breadcrumb","itemListElement":[{"@type":"ListItem","position":1,"name":"Portada","item":"https:\/\/www.laguiadepamplona.com\/actualidad\/"},{"@type":"ListItem","position":2,"name":"El payaso R\u00e1mper vuelve este s\u00e1bado por la tarde en Civivox Iturrama para divertir a los m\u00e1s peque\u00f1os"}]},{"@type":"WebSite","@id":"https:\/\/www.laguiadepamplona.com\/actualidad\/#website","url":"https:\/\/www.laguiadepamplona.com\/actualidad\/","name":"La gu\u00eda de Pamplona","description":"Noticias de Pamplona","publisher":{"@id":"https:\/\/www.laguiadepamplona.com\/actualidad\/#organization"},"potentialAction":[{"@type":"SearchAction","target":{"@type":"EntryPoint","urlTemplate":"https:\/\/www.laguiadepamplona.com\/actualidad\/?s={search_term_string}"},"query-input":{"@type":"PropertyValueSpecification","valueRequired":true,"valueName":"search_term_string"}}],"inLanguage":"es"},{"@type":"Organization","@id":"https:\/\/www.laguiadepamplona.com\/actualidad\/#organization","name":"La Gu\u00eda de Pamplona \/ Noticias","url":"https:\/\/www.laguiadepamplona.com\/actualidad\/","logo":{"@type":"ImageObject","inLanguage":"es","@id":"https:\/\/www.laguiadepamplona.com\/actualidad\/#\/schema\/logo\/image\/","url":"https:\/\/www.laguiadepamplona.com\/actualidad\/wp-content\/uploads\/2018\/11\/logo-laguiadepamplona18-web1.png","contentUrl":"https:\/\/www.laguiadepamplona.com\/actualidad\/wp-content\/uploads\/2018\/11\/logo-laguiadepamplona18-web1.png","width":600,"height":196,"caption":"La Gu\u00eda de Pamplona \/ Noticias"},"image":{"@id":"https:\/\/www.laguiadepamplona.com\/actualidad\/#\/schema\/logo\/image\/"},"sameAs":["https:\/\/www.facebook.com\/laguiadepamplonacom-133175176762273\/?ref=hl","https:\/\/x.com\/LaGuiadPamplona","https:\/\/www.instagram.com\/la_guia_de_pamplona\/","https:\/\/www.youtube.com\/user\/laguiadepamplona"]},{"@type":"Person","@id":"https:\/\/www.laguiadepamplona.com\/actualidad\/#\/schema\/person\/efe887376f0213d4657c93adc50b1fdb","name":"La Gu\u00eda de Pamplona","image":{"@type":"ImageObject","inLanguage":"es","@id":"https:\/\/secure.gravatar.com\/avatar\/b6992f131dc8d30ab0dff15446e9d346d9dbd95992de0fef795073f5ea83a81c?s=96&d=mm&r=g","url":"https:\/\/secure.gravatar.com\/avatar\/b6992f131dc8d30ab0dff15446e9d346d9dbd95992de0fef795073f5ea83a81c?s=96&d=mm&r=g","contentUrl":"https:\/\/secure.gravatar.com\/avatar\/b6992f131dc8d30ab0dff15446e9d346d9dbd95992de0fef795073f5ea83a81c?s=96&d=mm&r=g","caption":"La Gu\u00eda de Pamplona"}}]}},"post_mailing_queue_ids":[],"_links":{"self":[{"href":"https:\/\/www.laguiadepamplona.com\/actualidad\/wp-json\/wp\/v2\/posts\/19900","targetHints":{"allow":["GET"]}}],"collection":[{"href":"https:\/\/www.laguiadepamplona.com\/actualidad\/wp-json\/wp\/v2\/posts"}],"about":[{"href":"https:\/\/www.laguiadepamplona.com\/actualidad\/wp-json\/wp\/v2\/types\/post"}],"author":[{"embeddable":true,"href":"https:\/\/www.laguiadepamplona.com\/actualidad\/wp-json\/wp\/v2\/users\/1"}],"replies":[{"embeddable":true,"href":"https:\/\/www.laguiadepamplona.com\/actualidad\/wp-json\/wp\/v2\/comments?post=19900"}],"version-history":[{"count":0,"href":"https:\/\/www.laguiadepamplona.com\/actualidad\/wp-json\/wp\/v2\/posts\/19900\/revisions"}],"wp:featuredmedia":[{"embeddable":true,"href":"https:\/\/www.laguiadepamplona.com\/actualidad\/wp-json\/wp\/v2\/media\/19901"}],"wp:attachment":[{"href":"https:\/\/www.laguiadepamplona.com\/actualidad\/wp-json\/wp\/v2\/media?parent=19900"}],"wp:term":[{"taxonomy":"category","embeddable":true,"href":"https:\/\/www.laguiadepamplona.com\/actualidad\/wp-json\/wp\/v2\/categories?post=19900"},{"taxonomy":"post_tag","embeddable":true,"href":"https:\/\/www.laguiadepamplona.com\/actualidad\/wp-json\/wp\/v2\/tags?post=19900"}],"curies":[{"name":"wp","href":"https:\/\/api.w.org\/{rel}","templated":true}]}}