{"id":19896,"date":"2018-12-20T13:12:18","date_gmt":"2018-12-20T11:12:18","guid":{"rendered":"https:\/\/www.laguiadepamplona.es\/actualidad\/?p=19896"},"modified":"2018-12-20T13:12:23","modified_gmt":"2018-12-20T11:12:23","slug":"este-sabado-civiviox-mendillorri-acogera-el-taller-plastico-sonoro-para-bebes-el-verde-chispeante-dentro-del-i-festival-de-la-pequena-infancia-de-pamplona","status":"publish","type":"post","link":"https:\/\/www.laguiadepamplona.com\/actualidad\/este-sabado-civiviox-mendillorri-acogera-el-taller-plastico-sonoro-para-bebes-el-verde-chispeante-dentro-del-i-festival-de-la-pequena-infancia-de-pamplona\/","title":{"rendered":"Este s\u00e1bado Civiviox Mendillorri acoger\u00e1 el taller pl\u00e1stico-sonoro para beb\u00e9s \u2018El verde chispeante\u2019, dentro del I Festival de la peque\u00f1a infancia de Pamplona"},"content":{"rendered":"\n<!--more-->\n\n\n<h3>En enero se ofrecer\u00e1n tres actividades m\u00e1s de este ciclo: dos sesiones de creaci\u00f3n pl\u00e1stico-sonora sobre colores y un taller de artes pl\u00e1sticas<\/h3>\n<p>Este s\u00e1bado 22 de diciembre Civivox Mendillorri acoger\u00e1, a las 11.30 horas, el segundo de los cuatro talleres de creaci\u00f3n pl\u00e1stico-sonora para beb\u00e9s de 0 a 36 meses del programa \u2018VoxTxikia \u2013I Festival de la peque\u00f1a infancia de Pamplona\u2019. Esta iniciativa en la red civivox comenz\u00f3 en septiembre y est\u00e1 dedicada la primera infancia como p\u00fablico activo de las expresiones art\u00edsticas.<\/p>\n<p>Bajo el t\u00edtulo \u2018Las huellas sonoras\u2019, la oferta restante de talleres son tres sesiones que tendr\u00e1n lugar este s\u00e1bado la primera y las posteriores los d\u00edas 12 y 22 de enero. La idea es que los beb\u00e9s de 0 a 36 meses experimenten y trabajen con los colores: ya lo hicieron con el rojo, ahora lo har\u00e1n con verde, amarillo y azul, por este orden. En este caso el taller lleva por t\u00edtulo \u2018El verde chispeante\u2019 y ser\u00e1 impartido por Ana Rosa S\u00e1nchez y Rub\u00e9n S\u00e1nchez, educadores art\u00edsticos. Dado el tipo de actividad los grupos son reducidos, as\u00ed que contar\u00e1n con 20 plazas por sesi\u00f3n, 10 para menores y 10 para adultos acompa\u00f1antes. La inscripci\u00f3n cuesta 4 euros por plaza y se puede realizar en cualquier Civivox hasta 48 horas antes del comienzo de la actividad.<\/p>\n<p>Esta apuesta de la programaci\u00f3n municipal es un trabajo transversal en el que tambi\u00e9n colaboran las bibliotecas p\u00fablicas de la ciudad y las Escuelas Infantiles Municipales. Durante este trimestre el ciclo ha contado tambi\u00e9n con la colaboraci\u00f3n de KunArte, el centro de innovaci\u00f3n esc\u00e9nica y peque\u00f1a infancia de Teatro Para\u00edso (Vitoria), lo que ha permitido intercambios con contenidos internacionales.<\/p>\n<p>La pr\u00f3xima actividad del ciclo, adem\u00e1s de las restantes sesiones de creaci\u00f3n pl\u00e1stico-sonora en Mendillorri, ser\u00e1 un taller de pl\u00e1stica de la serie \u2018Piececitos manchados. Manitas pintoras\u2019 que tendr\u00e1 lugar el 19 de enero en Civivox Ensanche. Esta actividad est\u00e1 dirigida a menores de 24 a 36 meses y tambi\u00e9n cuenta con 10+10 plazas. Estar\u00e1 coordinada por Elena Eraso, historiadora del Arte y especialista en educaci\u00f3n art\u00edstica.<\/p>","protected":false},"excerpt":{"rendered":"","protected":false},"author":1,"featured_media":11011,"comment_status":"open","ping_status":"closed","sticky":false,"template":"","format":"standard","meta":{"footnotes":""},"categories":[2],"tags":[],"class_list":["post-19896","post","type-post","status-publish","format-standard","has-post-thumbnail","hentry","category-ayuntamiento-pamplona"],"yoast_head":"<!-- This site is optimized with the Yoast SEO plugin v27.3 - https:\/\/yoast.com\/product\/yoast-seo-wordpress\/ -->\n<title>Este s\u00e1bado Civiviox Mendillorri acoger\u00e1 el taller pl\u00e1stico-sonoro para beb\u00e9s \u2018El verde chispeante\u2019, dentro del I Festival de la peque\u00f1a infancia de Pamplona<\/title>\n<meta name=\"robots\" content=\"index, follow, max-snippet:-1, max-image-preview:large, max-video-preview:-1\" \/>\n<link rel=\"canonical\" href=\"https:\/\/www.laguiadepamplona.com\/actualidad\/este-sabado-civiviox-mendillorri-acogera-el-taller-plastico-sonoro-para-bebes-el-verde-chispeante-dentro-del-i-festival-de-la-pequena-infancia-de-pamplona\/\" \/>\n<meta property=\"og:locale\" content=\"es_ES\" \/>\n<meta property=\"og:type\" content=\"article\" \/>\n<meta property=\"og:title\" content=\"Este s\u00e1bado Civiviox Mendillorri acoger\u00e1 el taller pl\u00e1stico-sonoro para beb\u00e9s \u2018El verde chispeante\u2019, dentro del I Festival de la peque\u00f1a infancia de Pamplona\" \/>\n<meta property=\"og:url\" content=\"https:\/\/www.laguiadepamplona.com\/actualidad\/este-sabado-civiviox-mendillorri-acogera-el-taller-plastico-sonoro-para-bebes-el-verde-chispeante-dentro-del-i-festival-de-la-pequena-infancia-de-pamplona\/\" \/>\n<meta property=\"og:site_name\" content=\"La Gu\u00eda de Pamplona\" \/>\n<meta property=\"article:publisher\" content=\"https:\/\/www.facebook.com\/laguiadepamplonacom-133175176762273\/?ref=hl\" \/>\n<meta property=\"article:published_time\" content=\"2018-12-20T11:12:18+00:00\" \/>\n<meta property=\"article:modified_time\" content=\"2018-12-20T11:12:23+00:00\" \/>\n<meta property=\"og:image\" content=\"https:\/\/www.laguiadepamplona.com\/actualidad\/wp-content\/uploads\/2016\/12\/civivox-mendillorri.jpg\" \/>\n\t<meta property=\"og:image:width\" content=\"870\" \/>\n\t<meta property=\"og:image:height\" content=\"390\" \/>\n\t<meta property=\"og:image:type\" content=\"image\/jpeg\" \/>\n<meta name=\"author\" content=\"La Gu\u00eda de Pamplona\" \/>\n<meta name=\"twitter:card\" content=\"summary_large_image\" \/>\n<meta name=\"twitter:creator\" content=\"@LaGuiadPamplona\" \/>\n<meta name=\"twitter:site\" content=\"@LaGuiadPamplona\" \/>\n<meta name=\"twitter:label1\" content=\"Escrito por\" \/>\n\t<meta name=\"twitter:data1\" content=\"La Gu\u00eda de Pamplona\" \/>\n\t<meta name=\"twitter:label2\" content=\"Tiempo de lectura\" \/>\n\t<meta name=\"twitter:data2\" content=\"2 minutos\" \/>\n<script type=\"application\/ld+json\" class=\"yoast-schema-graph\">{\"@context\":\"https:\\\/\\\/schema.org\",\"@graph\":[{\"@type\":\"Article\",\"@id\":\"https:\\\/\\\/www.laguiadepamplona.com\\\/actualidad\\\/este-sabado-civiviox-mendillorri-acogera-el-taller-plastico-sonoro-para-bebes-el-verde-chispeante-dentro-del-i-festival-de-la-pequena-infancia-de-pamplona\\\/#article\",\"isPartOf\":{\"@id\":\"https:\\\/\\\/www.laguiadepamplona.com\\\/actualidad\\\/este-sabado-civiviox-mendillorri-acogera-el-taller-plastico-sonoro-para-bebes-el-verde-chispeante-dentro-del-i-festival-de-la-pequena-infancia-de-pamplona\\\/\"},\"author\":{\"name\":\"La Gu\u00eda de Pamplona\",\"@id\":\"https:\\\/\\\/www.laguiadepamplona.com\\\/actualidad\\\/#\\\/schema\\\/person\\\/efe887376f0213d4657c93adc50b1fdb\"},\"headline\":\"Este s\u00e1bado Civiviox Mendillorri acoger\u00e1 el taller pl\u00e1stico-sonoro para beb\u00e9s \u2018El verde chispeante\u2019, dentro del I Festival de la peque\u00f1a infancia de Pamplona\",\"datePublished\":\"2018-12-20T11:12:18+00:00\",\"dateModified\":\"2018-12-20T11:12:23+00:00\",\"mainEntityOfPage\":{\"@id\":\"https:\\\/\\\/www.laguiadepamplona.com\\\/actualidad\\\/este-sabado-civiviox-mendillorri-acogera-el-taller-plastico-sonoro-para-bebes-el-verde-chispeante-dentro-del-i-festival-de-la-pequena-infancia-de-pamplona\\\/\"},\"wordCount\":400,\"commentCount\":0,\"publisher\":{\"@id\":\"https:\\\/\\\/www.laguiadepamplona.com\\\/actualidad\\\/#organization\"},\"image\":{\"@id\":\"https:\\\/\\\/www.laguiadepamplona.com\\\/actualidad\\\/este-sabado-civiviox-mendillorri-acogera-el-taller-plastico-sonoro-para-bebes-el-verde-chispeante-dentro-del-i-festival-de-la-pequena-infancia-de-pamplona\\\/#primaryimage\"},\"thumbnailUrl\":\"https:\\\/\\\/www.laguiadepamplona.com\\\/actualidad\\\/wp-content\\\/uploads\\\/2016\\\/12\\\/civivox-mendillorri.jpg\",\"articleSection\":[\"Ayto Pamplona\"],\"inLanguage\":\"es\",\"potentialAction\":[{\"@type\":\"CommentAction\",\"name\":\"Comment\",\"target\":[\"https:\\\/\\\/www.laguiadepamplona.com\\\/actualidad\\\/este-sabado-civiviox-mendillorri-acogera-el-taller-plastico-sonoro-para-bebes-el-verde-chispeante-dentro-del-i-festival-de-la-pequena-infancia-de-pamplona\\\/#respond\"]}]},{\"@type\":\"WebPage\",\"@id\":\"https:\\\/\\\/www.laguiadepamplona.com\\\/actualidad\\\/este-sabado-civiviox-mendillorri-acogera-el-taller-plastico-sonoro-para-bebes-el-verde-chispeante-dentro-del-i-festival-de-la-pequena-infancia-de-pamplona\\\/\",\"url\":\"https:\\\/\\\/www.laguiadepamplona.com\\\/actualidad\\\/este-sabado-civiviox-mendillorri-acogera-el-taller-plastico-sonoro-para-bebes-el-verde-chispeante-dentro-del-i-festival-de-la-pequena-infancia-de-pamplona\\\/\",\"name\":\"Este s\u00e1bado Civiviox Mendillorri acoger\u00e1 el taller pl\u00e1stico-sonoro para beb\u00e9s \u2018El verde chispeante\u2019, dentro del I Festival de la peque\u00f1a infancia de Pamplona\",\"isPartOf\":{\"@id\":\"https:\\\/\\\/www.laguiadepamplona.com\\\/actualidad\\\/#website\"},\"primaryImageOfPage\":{\"@id\":\"https:\\\/\\\/www.laguiadepamplona.com\\\/actualidad\\\/este-sabado-civiviox-mendillorri-acogera-el-taller-plastico-sonoro-para-bebes-el-verde-chispeante-dentro-del-i-festival-de-la-pequena-infancia-de-pamplona\\\/#primaryimage\"},\"image\":{\"@id\":\"https:\\\/\\\/www.laguiadepamplona.com\\\/actualidad\\\/este-sabado-civiviox-mendillorri-acogera-el-taller-plastico-sonoro-para-bebes-el-verde-chispeante-dentro-del-i-festival-de-la-pequena-infancia-de-pamplona\\\/#primaryimage\"},\"thumbnailUrl\":\"https:\\\/\\\/www.laguiadepamplona.com\\\/actualidad\\\/wp-content\\\/uploads\\\/2016\\\/12\\\/civivox-mendillorri.jpg\",\"datePublished\":\"2018-12-20T11:12:18+00:00\",\"dateModified\":\"2018-12-20T11:12:23+00:00\",\"breadcrumb\":{\"@id\":\"https:\\\/\\\/www.laguiadepamplona.com\\\/actualidad\\\/este-sabado-civiviox-mendillorri-acogera-el-taller-plastico-sonoro-para-bebes-el-verde-chispeante-dentro-del-i-festival-de-la-pequena-infancia-de-pamplona\\\/#breadcrumb\"},\"inLanguage\":\"es\",\"potentialAction\":[{\"@type\":\"ReadAction\",\"target\":[\"https:\\\/\\\/www.laguiadepamplona.com\\\/actualidad\\\/este-sabado-civiviox-mendillorri-acogera-el-taller-plastico-sonoro-para-bebes-el-verde-chispeante-dentro-del-i-festival-de-la-pequena-infancia-de-pamplona\\\/\"]}]},{\"@type\":\"ImageObject\",\"inLanguage\":\"es\",\"@id\":\"https:\\\/\\\/www.laguiadepamplona.com\\\/actualidad\\\/este-sabado-civiviox-mendillorri-acogera-el-taller-plastico-sonoro-para-bebes-el-verde-chispeante-dentro-del-i-festival-de-la-pequena-infancia-de-pamplona\\\/#primaryimage\",\"url\":\"https:\\\/\\\/www.laguiadepamplona.com\\\/actualidad\\\/wp-content\\\/uploads\\\/2016\\\/12\\\/civivox-mendillorri.jpg\",\"contentUrl\":\"https:\\\/\\\/www.laguiadepamplona.com\\\/actualidad\\\/wp-content\\\/uploads\\\/2016\\\/12\\\/civivox-mendillorri.jpg\",\"width\":870,\"height\":390},{\"@type\":\"BreadcrumbList\",\"@id\":\"https:\\\/\\\/www.laguiadepamplona.com\\\/actualidad\\\/este-sabado-civiviox-mendillorri-acogera-el-taller-plastico-sonoro-para-bebes-el-verde-chispeante-dentro-del-i-festival-de-la-pequena-infancia-de-pamplona\\\/#breadcrumb\",\"itemListElement\":[{\"@type\":\"ListItem\",\"position\":1,\"name\":\"Portada\",\"item\":\"https:\\\/\\\/www.laguiadepamplona.com\\\/actualidad\\\/\"},{\"@type\":\"ListItem\",\"position\":2,\"name\":\"Este s\u00e1bado Civiviox Mendillorri acoger\u00e1 el taller pl\u00e1stico-sonoro para beb\u00e9s \u2018El verde chispeante\u2019, dentro del I Festival de la peque\u00f1a infancia de Pamplona\"}]},{\"@type\":\"WebSite\",\"@id\":\"https:\\\/\\\/www.laguiadepamplona.com\\\/actualidad\\\/#website\",\"url\":\"https:\\\/\\\/www.laguiadepamplona.com\\\/actualidad\\\/\",\"name\":\"La gu\u00eda de Pamplona\",\"description\":\"Noticias de Pamplona\",\"publisher\":{\"@id\":\"https:\\\/\\\/www.laguiadepamplona.com\\\/actualidad\\\/#organization\"},\"potentialAction\":[{\"@type\":\"SearchAction\",\"target\":{\"@type\":\"EntryPoint\",\"urlTemplate\":\"https:\\\/\\\/www.laguiadepamplona.com\\\/actualidad\\\/?s={search_term_string}\"},\"query-input\":{\"@type\":\"PropertyValueSpecification\",\"valueRequired\":true,\"valueName\":\"search_term_string\"}}],\"inLanguage\":\"es\"},{\"@type\":\"Organization\",\"@id\":\"https:\\\/\\\/www.laguiadepamplona.com\\\/actualidad\\\/#organization\",\"name\":\"La Gu\u00eda de Pamplona \\\/ Noticias\",\"url\":\"https:\\\/\\\/www.laguiadepamplona.com\\\/actualidad\\\/\",\"logo\":{\"@type\":\"ImageObject\",\"inLanguage\":\"es\",\"@id\":\"https:\\\/\\\/www.laguiadepamplona.com\\\/actualidad\\\/#\\\/schema\\\/logo\\\/image\\\/\",\"url\":\"https:\\\/\\\/www.laguiadepamplona.com\\\/actualidad\\\/wp-content\\\/uploads\\\/2018\\\/11\\\/logo-laguiadepamplona18-web1.png\",\"contentUrl\":\"https:\\\/\\\/www.laguiadepamplona.com\\\/actualidad\\\/wp-content\\\/uploads\\\/2018\\\/11\\\/logo-laguiadepamplona18-web1.png\",\"width\":600,\"height\":196,\"caption\":\"La Gu\u00eda de Pamplona \\\/ Noticias\"},\"image\":{\"@id\":\"https:\\\/\\\/www.laguiadepamplona.com\\\/actualidad\\\/#\\\/schema\\\/logo\\\/image\\\/\"},\"sameAs\":[\"https:\\\/\\\/www.facebook.com\\\/laguiadepamplonacom-133175176762273\\\/?ref=hl\",\"https:\\\/\\\/x.com\\\/LaGuiadPamplona\",\"https:\\\/\\\/www.instagram.com\\\/la_guia_de_pamplona\\\/\",\"https:\\\/\\\/www.youtube.com\\\/user\\\/laguiadepamplona\"]},{\"@type\":\"Person\",\"@id\":\"https:\\\/\\\/www.laguiadepamplona.com\\\/actualidad\\\/#\\\/schema\\\/person\\\/efe887376f0213d4657c93adc50b1fdb\",\"name\":\"La Gu\u00eda de Pamplona\",\"image\":{\"@type\":\"ImageObject\",\"inLanguage\":\"es\",\"@id\":\"https:\\\/\\\/secure.gravatar.com\\\/avatar\\\/b6992f131dc8d30ab0dff15446e9d346d9dbd95992de0fef795073f5ea83a81c?s=96&d=mm&r=g\",\"url\":\"https:\\\/\\\/secure.gravatar.com\\\/avatar\\\/b6992f131dc8d30ab0dff15446e9d346d9dbd95992de0fef795073f5ea83a81c?s=96&d=mm&r=g\",\"contentUrl\":\"https:\\\/\\\/secure.gravatar.com\\\/avatar\\\/b6992f131dc8d30ab0dff15446e9d346d9dbd95992de0fef795073f5ea83a81c?s=96&d=mm&r=g\",\"caption\":\"La Gu\u00eda de Pamplona\"}}]}<\/script>\n<!-- \/ Yoast SEO plugin. -->","yoast_head_json":{"title":"Este s\u00e1bado Civiviox Mendillorri acoger\u00e1 el taller pl\u00e1stico-sonoro para beb\u00e9s \u2018El verde chispeante\u2019, dentro del I Festival de la peque\u00f1a infancia de Pamplona","robots":{"index":"index","follow":"follow","max-snippet":"max-snippet:-1","max-image-preview":"max-image-preview:large","max-video-preview":"max-video-preview:-1"},"canonical":"https:\/\/www.laguiadepamplona.com\/actualidad\/este-sabado-civiviox-mendillorri-acogera-el-taller-plastico-sonoro-para-bebes-el-verde-chispeante-dentro-del-i-festival-de-la-pequena-infancia-de-pamplona\/","og_locale":"es_ES","og_type":"article","og_title":"Este s\u00e1bado Civiviox Mendillorri acoger\u00e1 el taller pl\u00e1stico-sonoro para beb\u00e9s \u2018El verde chispeante\u2019, dentro del I Festival de la peque\u00f1a infancia de Pamplona","og_url":"https:\/\/www.laguiadepamplona.com\/actualidad\/este-sabado-civiviox-mendillorri-acogera-el-taller-plastico-sonoro-para-bebes-el-verde-chispeante-dentro-del-i-festival-de-la-pequena-infancia-de-pamplona\/","og_site_name":"La Gu\u00eda de Pamplona","article_publisher":"https:\/\/www.facebook.com\/laguiadepamplonacom-133175176762273\/?ref=hl","article_published_time":"2018-12-20T11:12:18+00:00","article_modified_time":"2018-12-20T11:12:23+00:00","og_image":[{"width":870,"height":390,"url":"https:\/\/www.laguiadepamplona.com\/actualidad\/wp-content\/uploads\/2016\/12\/civivox-mendillorri.jpg","type":"image\/jpeg"}],"author":"La Gu\u00eda de Pamplona","twitter_card":"summary_large_image","twitter_creator":"@LaGuiadPamplona","twitter_site":"@LaGuiadPamplona","twitter_misc":{"Escrito por":"La Gu\u00eda de Pamplona","Tiempo de lectura":"2 minutos"},"schema":{"@context":"https:\/\/schema.org","@graph":[{"@type":"Article","@id":"https:\/\/www.laguiadepamplona.com\/actualidad\/este-sabado-civiviox-mendillorri-acogera-el-taller-plastico-sonoro-para-bebes-el-verde-chispeante-dentro-del-i-festival-de-la-pequena-infancia-de-pamplona\/#article","isPartOf":{"@id":"https:\/\/www.laguiadepamplona.com\/actualidad\/este-sabado-civiviox-mendillorri-acogera-el-taller-plastico-sonoro-para-bebes-el-verde-chispeante-dentro-del-i-festival-de-la-pequena-infancia-de-pamplona\/"},"author":{"name":"La Gu\u00eda de Pamplona","@id":"https:\/\/www.laguiadepamplona.com\/actualidad\/#\/schema\/person\/efe887376f0213d4657c93adc50b1fdb"},"headline":"Este s\u00e1bado Civiviox Mendillorri acoger\u00e1 el taller pl\u00e1stico-sonoro para beb\u00e9s \u2018El verde chispeante\u2019, dentro del I Festival de la peque\u00f1a infancia de Pamplona","datePublished":"2018-12-20T11:12:18+00:00","dateModified":"2018-12-20T11:12:23+00:00","mainEntityOfPage":{"@id":"https:\/\/www.laguiadepamplona.com\/actualidad\/este-sabado-civiviox-mendillorri-acogera-el-taller-plastico-sonoro-para-bebes-el-verde-chispeante-dentro-del-i-festival-de-la-pequena-infancia-de-pamplona\/"},"wordCount":400,"commentCount":0,"publisher":{"@id":"https:\/\/www.laguiadepamplona.com\/actualidad\/#organization"},"image":{"@id":"https:\/\/www.laguiadepamplona.com\/actualidad\/este-sabado-civiviox-mendillorri-acogera-el-taller-plastico-sonoro-para-bebes-el-verde-chispeante-dentro-del-i-festival-de-la-pequena-infancia-de-pamplona\/#primaryimage"},"thumbnailUrl":"https:\/\/www.laguiadepamplona.com\/actualidad\/wp-content\/uploads\/2016\/12\/civivox-mendillorri.jpg","articleSection":["Ayto Pamplona"],"inLanguage":"es","potentialAction":[{"@type":"CommentAction","name":"Comment","target":["https:\/\/www.laguiadepamplona.com\/actualidad\/este-sabado-civiviox-mendillorri-acogera-el-taller-plastico-sonoro-para-bebes-el-verde-chispeante-dentro-del-i-festival-de-la-pequena-infancia-de-pamplona\/#respond"]}]},{"@type":"WebPage","@id":"https:\/\/www.laguiadepamplona.com\/actualidad\/este-sabado-civiviox-mendillorri-acogera-el-taller-plastico-sonoro-para-bebes-el-verde-chispeante-dentro-del-i-festival-de-la-pequena-infancia-de-pamplona\/","url":"https:\/\/www.laguiadepamplona.com\/actualidad\/este-sabado-civiviox-mendillorri-acogera-el-taller-plastico-sonoro-para-bebes-el-verde-chispeante-dentro-del-i-festival-de-la-pequena-infancia-de-pamplona\/","name":"Este s\u00e1bado Civiviox Mendillorri acoger\u00e1 el taller pl\u00e1stico-sonoro para beb\u00e9s \u2018El verde chispeante\u2019, dentro del I Festival de la peque\u00f1a infancia de Pamplona","isPartOf":{"@id":"https:\/\/www.laguiadepamplona.com\/actualidad\/#website"},"primaryImageOfPage":{"@id":"https:\/\/www.laguiadepamplona.com\/actualidad\/este-sabado-civiviox-mendillorri-acogera-el-taller-plastico-sonoro-para-bebes-el-verde-chispeante-dentro-del-i-festival-de-la-pequena-infancia-de-pamplona\/#primaryimage"},"image":{"@id":"https:\/\/www.laguiadepamplona.com\/actualidad\/este-sabado-civiviox-mendillorri-acogera-el-taller-plastico-sonoro-para-bebes-el-verde-chispeante-dentro-del-i-festival-de-la-pequena-infancia-de-pamplona\/#primaryimage"},"thumbnailUrl":"https:\/\/www.laguiadepamplona.com\/actualidad\/wp-content\/uploads\/2016\/12\/civivox-mendillorri.jpg","datePublished":"2018-12-20T11:12:18+00:00","dateModified":"2018-12-20T11:12:23+00:00","breadcrumb":{"@id":"https:\/\/www.laguiadepamplona.com\/actualidad\/este-sabado-civiviox-mendillorri-acogera-el-taller-plastico-sonoro-para-bebes-el-verde-chispeante-dentro-del-i-festival-de-la-pequena-infancia-de-pamplona\/#breadcrumb"},"inLanguage":"es","potentialAction":[{"@type":"ReadAction","target":["https:\/\/www.laguiadepamplona.com\/actualidad\/este-sabado-civiviox-mendillorri-acogera-el-taller-plastico-sonoro-para-bebes-el-verde-chispeante-dentro-del-i-festival-de-la-pequena-infancia-de-pamplona\/"]}]},{"@type":"ImageObject","inLanguage":"es","@id":"https:\/\/www.laguiadepamplona.com\/actualidad\/este-sabado-civiviox-mendillorri-acogera-el-taller-plastico-sonoro-para-bebes-el-verde-chispeante-dentro-del-i-festival-de-la-pequena-infancia-de-pamplona\/#primaryimage","url":"https:\/\/www.laguiadepamplona.com\/actualidad\/wp-content\/uploads\/2016\/12\/civivox-mendillorri.jpg","contentUrl":"https:\/\/www.laguiadepamplona.com\/actualidad\/wp-content\/uploads\/2016\/12\/civivox-mendillorri.jpg","width":870,"height":390},{"@type":"BreadcrumbList","@id":"https:\/\/www.laguiadepamplona.com\/actualidad\/este-sabado-civiviox-mendillorri-acogera-el-taller-plastico-sonoro-para-bebes-el-verde-chispeante-dentro-del-i-festival-de-la-pequena-infancia-de-pamplona\/#breadcrumb","itemListElement":[{"@type":"ListItem","position":1,"name":"Portada","item":"https:\/\/www.laguiadepamplona.com\/actualidad\/"},{"@type":"ListItem","position":2,"name":"Este s\u00e1bado Civiviox Mendillorri acoger\u00e1 el taller pl\u00e1stico-sonoro para beb\u00e9s \u2018El verde chispeante\u2019, dentro del I Festival de la peque\u00f1a infancia de Pamplona"}]},{"@type":"WebSite","@id":"https:\/\/www.laguiadepamplona.com\/actualidad\/#website","url":"https:\/\/www.laguiadepamplona.com\/actualidad\/","name":"La gu\u00eda de Pamplona","description":"Noticias de Pamplona","publisher":{"@id":"https:\/\/www.laguiadepamplona.com\/actualidad\/#organization"},"potentialAction":[{"@type":"SearchAction","target":{"@type":"EntryPoint","urlTemplate":"https:\/\/www.laguiadepamplona.com\/actualidad\/?s={search_term_string}"},"query-input":{"@type":"PropertyValueSpecification","valueRequired":true,"valueName":"search_term_string"}}],"inLanguage":"es"},{"@type":"Organization","@id":"https:\/\/www.laguiadepamplona.com\/actualidad\/#organization","name":"La Gu\u00eda de Pamplona \/ Noticias","url":"https:\/\/www.laguiadepamplona.com\/actualidad\/","logo":{"@type":"ImageObject","inLanguage":"es","@id":"https:\/\/www.laguiadepamplona.com\/actualidad\/#\/schema\/logo\/image\/","url":"https:\/\/www.laguiadepamplona.com\/actualidad\/wp-content\/uploads\/2018\/11\/logo-laguiadepamplona18-web1.png","contentUrl":"https:\/\/www.laguiadepamplona.com\/actualidad\/wp-content\/uploads\/2018\/11\/logo-laguiadepamplona18-web1.png","width":600,"height":196,"caption":"La Gu\u00eda de Pamplona \/ Noticias"},"image":{"@id":"https:\/\/www.laguiadepamplona.com\/actualidad\/#\/schema\/logo\/image\/"},"sameAs":["https:\/\/www.facebook.com\/laguiadepamplonacom-133175176762273\/?ref=hl","https:\/\/x.com\/LaGuiadPamplona","https:\/\/www.instagram.com\/la_guia_de_pamplona\/","https:\/\/www.youtube.com\/user\/laguiadepamplona"]},{"@type":"Person","@id":"https:\/\/www.laguiadepamplona.com\/actualidad\/#\/schema\/person\/efe887376f0213d4657c93adc50b1fdb","name":"La Gu\u00eda de Pamplona","image":{"@type":"ImageObject","inLanguage":"es","@id":"https:\/\/secure.gravatar.com\/avatar\/b6992f131dc8d30ab0dff15446e9d346d9dbd95992de0fef795073f5ea83a81c?s=96&d=mm&r=g","url":"https:\/\/secure.gravatar.com\/avatar\/b6992f131dc8d30ab0dff15446e9d346d9dbd95992de0fef795073f5ea83a81c?s=96&d=mm&r=g","contentUrl":"https:\/\/secure.gravatar.com\/avatar\/b6992f131dc8d30ab0dff15446e9d346d9dbd95992de0fef795073f5ea83a81c?s=96&d=mm&r=g","caption":"La Gu\u00eda de Pamplona"}}]}},"post_mailing_queue_ids":[],"_links":{"self":[{"href":"https:\/\/www.laguiadepamplona.com\/actualidad\/wp-json\/wp\/v2\/posts\/19896","targetHints":{"allow":["GET"]}}],"collection":[{"href":"https:\/\/www.laguiadepamplona.com\/actualidad\/wp-json\/wp\/v2\/posts"}],"about":[{"href":"https:\/\/www.laguiadepamplona.com\/actualidad\/wp-json\/wp\/v2\/types\/post"}],"author":[{"embeddable":true,"href":"https:\/\/www.laguiadepamplona.com\/actualidad\/wp-json\/wp\/v2\/users\/1"}],"replies":[{"embeddable":true,"href":"https:\/\/www.laguiadepamplona.com\/actualidad\/wp-json\/wp\/v2\/comments?post=19896"}],"version-history":[{"count":0,"href":"https:\/\/www.laguiadepamplona.com\/actualidad\/wp-json\/wp\/v2\/posts\/19896\/revisions"}],"wp:featuredmedia":[{"embeddable":true,"href":"https:\/\/www.laguiadepamplona.com\/actualidad\/wp-json\/wp\/v2\/media\/11011"}],"wp:attachment":[{"href":"https:\/\/www.laguiadepamplona.com\/actualidad\/wp-json\/wp\/v2\/media?parent=19896"}],"wp:term":[{"taxonomy":"category","embeddable":true,"href":"https:\/\/www.laguiadepamplona.com\/actualidad\/wp-json\/wp\/v2\/categories?post=19896"},{"taxonomy":"post_tag","embeddable":true,"href":"https:\/\/www.laguiadepamplona.com\/actualidad\/wp-json\/wp\/v2\/tags?post=19896"}],"curies":[{"name":"wp","href":"https:\/\/api.w.org\/{rel}","templated":true}]}}