{"id":19893,"date":"2018-12-20T13:11:24","date_gmt":"2018-12-20T11:11:24","guid":{"rendered":"https:\/\/www.laguiadepamplona.es\/actualidad\/?p=19893"},"modified":"2018-12-20T13:11:29","modified_gmt":"2018-12-20T11:11:29","slug":"el-videoarte-explicado-por-creadores-audiovisuales-siete-paseos-sensoriales-e-interpretativos-por-el-espacio-publico-para-esta-navidad","status":"publish","type":"post","link":"https:\/\/www.laguiadepamplona.com\/actualidad\/el-videoarte-explicado-por-creadores-audiovisuales-siete-paseos-sensoriales-e-interpretativos-por-el-espacio-publico-para-esta-navidad\/","title":{"rendered":"El videoarte explicado por creadores audiovisuales: siete paseos sensoriales e interpretativos por el espacio p\u00fablico para esta Navidad"},"content":{"rendered":"\n<!--more-->\n\n\n<h3>Contin\u00faa la III Muestra de Videoarte Otras Luces con recorridos en castellano y euskera<\/h3>\n<p>Este pr\u00f3ximo viernes 21 de diciembre comenzar\u00e1n los recorridos guiados la III Muestra de Videoarte Otras Luces. En total, el Ayuntamiento de Pamplona ofrecer\u00e1 siete recorridos guiados por artistas antes de fin de a\u00f1o, cinco en castellano y dos en euskera. Todos ellos tendr\u00e1n car\u00e1cter gratuito y comenzar\u00e1n en Civivox Condestable a las 19.30 horas, salvo el inicial del d\u00eda 21, que arrancar\u00e1 en el exterior del Teatro Gayarre a las 18.30 horas. Como no requieren inscripci\u00f3n previa podr\u00e1n participar en ellos todas las personas que acudan al punto de encuentro a la hora se\u00f1alada.<\/p>\n<p>Las proyecciones se realizan en el Rinc\u00f3n de Pellejer\u00edas, en la trasera del Teatro Gayarre, en la calle Eslava, en el baluarte de Guadalupe, en la bajada de Javier, en el pasaje Seminario, en el portal de Francia y en Civivox Condestable, de 18.30 a 21.30 horas. En total son 19 videocreaciones de nueve de pa\u00edses diferentes. El primer recorrido ser\u00e1 el viernes 21 y estar\u00e1 guiado por el alumnado de la Escuela de Cine El\u00edas Querejeta, que ha comisariado la muestra y participado en la selecci\u00f3n de trabajos.<\/p>\n<p>A partir de ah\u00ed, los paseos en castellano tendr\u00e1n lugar el s\u00e1bado 22, el martes 26, el s\u00e1bado 29 y el domingo 30 de diciembre, a cargo de la artista Mireia Mart\u00edn Larumbe. Las sesiones de euskera ser\u00e1n el domingo 23 y el jueves 27 de diciembre, con la artista Ana Oroz.<\/p>\n<p>La idea es recorrer las proyecciones de la muestra en el espacio urbano profundizando en la calidad art\u00edstica de los materiales que se exhiben y contextualizando los audiovisuales. El Ayuntamiento de Pamplona con la muestra de videoarte \u2018Otras Luces\u2019 busca abrir y potenciar el espacio p\u00fablico a fines culturales y fomentar y difundir las expresiones contempor\u00e1neas de las artes en todas sus disciplinas. Se trata de una apuesta por el arte, la expresi\u00f3n art\u00edstica y la vanguardia en la ciudad a trav\u00e9s de la videocreaci\u00f3n.<\/p>\n<p><strong>Paseos guiados. III Muestra de Videoarte. Otras Luces 2018<\/strong><\/p>\n<p><strong>Viernes 21 de diciembre. INAUGURACI\u00d3N<\/strong><\/p>\n<ul>\n<li>Alumnado de la Escuela de Cine El\u00edas Querejeta<\/li>\n<li>Salida desde el Teatro Gayarre. 18.30 horas<\/li>\n<\/ul>\n<p><strong>S\u00e1bado 22, martes 26, s\u00e1bado 29 y domingo 30 de diciembre. EN CASTELLANO <\/strong><\/p>\n<ul>\n<li>Mireia Mart\u00edn Larumbe (artista)<\/li>\n<li>Salida desde Civivox Condestable.19.30 horas<\/li>\n<\/ul>\n<p><strong>Domingo 23 y jueves 27 de diciembre. EN EUSKERA<\/strong><\/p>\n<ul>\n<li>Ana Oroz (artista)<\/li>\n<li>Salida desde Civivox Condestable.19.30 horas<\/li>\n<\/ul>","protected":false},"excerpt":{"rendered":"","protected":false},"author":1,"featured_media":19894,"comment_status":"open","ping_status":"closed","sticky":false,"template":"","format":"standard","meta":{"footnotes":""},"categories":[2],"tags":[],"class_list":["post-19893","post","type-post","status-publish","format-standard","has-post-thumbnail","hentry","category-ayuntamiento-pamplona"],"yoast_head":"<!-- This site is optimized with the Yoast SEO plugin v27.3 - https:\/\/yoast.com\/product\/yoast-seo-wordpress\/ -->\n<title>El videoarte explicado por creadores audiovisuales: siete paseos sensoriales e interpretativos por el espacio p\u00fablico para esta Navidad<\/title>\n<meta name=\"robots\" content=\"index, follow, max-snippet:-1, max-image-preview:large, max-video-preview:-1\" \/>\n<link rel=\"canonical\" href=\"https:\/\/www.laguiadepamplona.com\/actualidad\/el-videoarte-explicado-por-creadores-audiovisuales-siete-paseos-sensoriales-e-interpretativos-por-el-espacio-publico-para-esta-navidad\/\" \/>\n<meta property=\"og:locale\" content=\"es_ES\" \/>\n<meta property=\"og:type\" content=\"article\" \/>\n<meta property=\"og:title\" content=\"El videoarte explicado por creadores audiovisuales: siete paseos sensoriales e interpretativos por el espacio p\u00fablico para esta Navidad\" \/>\n<meta property=\"og:url\" content=\"https:\/\/www.laguiadepamplona.com\/actualidad\/el-videoarte-explicado-por-creadores-audiovisuales-siete-paseos-sensoriales-e-interpretativos-por-el-espacio-publico-para-esta-navidad\/\" \/>\n<meta property=\"og:site_name\" content=\"La Gu\u00eda de Pamplona\" \/>\n<meta property=\"article:publisher\" content=\"https:\/\/www.facebook.com\/laguiadepamplonacom-133175176762273\/?ref=hl\" \/>\n<meta property=\"article:published_time\" content=\"2018-12-20T11:11:24+00:00\" \/>\n<meta property=\"article:modified_time\" content=\"2018-12-20T11:11:29+00:00\" \/>\n<meta property=\"og:image\" content=\"https:\/\/www.laguiadepamplona.com\/actualidad\/wp-content\/uploads\/2018\/12\/Miranda-Pennell-You-Made-me-Love-You.jpg\" \/>\n\t<meta property=\"og:image:width\" content=\"1920\" \/>\n\t<meta property=\"og:image:height\" content=\"1143\" \/>\n\t<meta property=\"og:image:type\" content=\"image\/jpeg\" \/>\n<meta name=\"author\" content=\"La Gu\u00eda de Pamplona\" \/>\n<meta name=\"twitter:card\" content=\"summary_large_image\" \/>\n<meta name=\"twitter:creator\" content=\"@LaGuiadPamplona\" \/>\n<meta name=\"twitter:site\" content=\"@LaGuiadPamplona\" \/>\n<meta name=\"twitter:label1\" content=\"Escrito por\" \/>\n\t<meta name=\"twitter:data1\" content=\"La Gu\u00eda de Pamplona\" \/>\n\t<meta name=\"twitter:label2\" content=\"Tiempo de lectura\" \/>\n\t<meta name=\"twitter:data2\" content=\"2 minutos\" \/>\n<script type=\"application\/ld+json\" class=\"yoast-schema-graph\">{\"@context\":\"https:\\\/\\\/schema.org\",\"@graph\":[{\"@type\":\"Article\",\"@id\":\"https:\\\/\\\/www.laguiadepamplona.com\\\/actualidad\\\/el-videoarte-explicado-por-creadores-audiovisuales-siete-paseos-sensoriales-e-interpretativos-por-el-espacio-publico-para-esta-navidad\\\/#article\",\"isPartOf\":{\"@id\":\"https:\\\/\\\/www.laguiadepamplona.com\\\/actualidad\\\/el-videoarte-explicado-por-creadores-audiovisuales-siete-paseos-sensoriales-e-interpretativos-por-el-espacio-publico-para-esta-navidad\\\/\"},\"author\":{\"name\":\"La Gu\u00eda de Pamplona\",\"@id\":\"https:\\\/\\\/www.laguiadepamplona.com\\\/actualidad\\\/#\\\/schema\\\/person\\\/efe887376f0213d4657c93adc50b1fdb\"},\"headline\":\"El videoarte explicado por creadores audiovisuales: siete paseos sensoriales e interpretativos por el espacio p\u00fablico para esta Navidad\",\"datePublished\":\"2018-12-20T11:11:24+00:00\",\"dateModified\":\"2018-12-20T11:11:29+00:00\",\"mainEntityOfPage\":{\"@id\":\"https:\\\/\\\/www.laguiadepamplona.com\\\/actualidad\\\/el-videoarte-explicado-por-creadores-audiovisuales-siete-paseos-sensoriales-e-interpretativos-por-el-espacio-publico-para-esta-navidad\\\/\"},\"wordCount\":432,\"commentCount\":0,\"publisher\":{\"@id\":\"https:\\\/\\\/www.laguiadepamplona.com\\\/actualidad\\\/#organization\"},\"image\":{\"@id\":\"https:\\\/\\\/www.laguiadepamplona.com\\\/actualidad\\\/el-videoarte-explicado-por-creadores-audiovisuales-siete-paseos-sensoriales-e-interpretativos-por-el-espacio-publico-para-esta-navidad\\\/#primaryimage\"},\"thumbnailUrl\":\"https:\\\/\\\/www.laguiadepamplona.com\\\/actualidad\\\/wp-content\\\/uploads\\\/2018\\\/12\\\/Miranda-Pennell-You-Made-me-Love-You.jpg\",\"articleSection\":[\"Ayto Pamplona\"],\"inLanguage\":\"es\",\"potentialAction\":[{\"@type\":\"CommentAction\",\"name\":\"Comment\",\"target\":[\"https:\\\/\\\/www.laguiadepamplona.com\\\/actualidad\\\/el-videoarte-explicado-por-creadores-audiovisuales-siete-paseos-sensoriales-e-interpretativos-por-el-espacio-publico-para-esta-navidad\\\/#respond\"]}]},{\"@type\":\"WebPage\",\"@id\":\"https:\\\/\\\/www.laguiadepamplona.com\\\/actualidad\\\/el-videoarte-explicado-por-creadores-audiovisuales-siete-paseos-sensoriales-e-interpretativos-por-el-espacio-publico-para-esta-navidad\\\/\",\"url\":\"https:\\\/\\\/www.laguiadepamplona.com\\\/actualidad\\\/el-videoarte-explicado-por-creadores-audiovisuales-siete-paseos-sensoriales-e-interpretativos-por-el-espacio-publico-para-esta-navidad\\\/\",\"name\":\"El videoarte explicado por creadores audiovisuales: siete paseos sensoriales e interpretativos por el espacio p\u00fablico para esta Navidad\",\"isPartOf\":{\"@id\":\"https:\\\/\\\/www.laguiadepamplona.com\\\/actualidad\\\/#website\"},\"primaryImageOfPage\":{\"@id\":\"https:\\\/\\\/www.laguiadepamplona.com\\\/actualidad\\\/el-videoarte-explicado-por-creadores-audiovisuales-siete-paseos-sensoriales-e-interpretativos-por-el-espacio-publico-para-esta-navidad\\\/#primaryimage\"},\"image\":{\"@id\":\"https:\\\/\\\/www.laguiadepamplona.com\\\/actualidad\\\/el-videoarte-explicado-por-creadores-audiovisuales-siete-paseos-sensoriales-e-interpretativos-por-el-espacio-publico-para-esta-navidad\\\/#primaryimage\"},\"thumbnailUrl\":\"https:\\\/\\\/www.laguiadepamplona.com\\\/actualidad\\\/wp-content\\\/uploads\\\/2018\\\/12\\\/Miranda-Pennell-You-Made-me-Love-You.jpg\",\"datePublished\":\"2018-12-20T11:11:24+00:00\",\"dateModified\":\"2018-12-20T11:11:29+00:00\",\"breadcrumb\":{\"@id\":\"https:\\\/\\\/www.laguiadepamplona.com\\\/actualidad\\\/el-videoarte-explicado-por-creadores-audiovisuales-siete-paseos-sensoriales-e-interpretativos-por-el-espacio-publico-para-esta-navidad\\\/#breadcrumb\"},\"inLanguage\":\"es\",\"potentialAction\":[{\"@type\":\"ReadAction\",\"target\":[\"https:\\\/\\\/www.laguiadepamplona.com\\\/actualidad\\\/el-videoarte-explicado-por-creadores-audiovisuales-siete-paseos-sensoriales-e-interpretativos-por-el-espacio-publico-para-esta-navidad\\\/\"]}]},{\"@type\":\"ImageObject\",\"inLanguage\":\"es\",\"@id\":\"https:\\\/\\\/www.laguiadepamplona.com\\\/actualidad\\\/el-videoarte-explicado-por-creadores-audiovisuales-siete-paseos-sensoriales-e-interpretativos-por-el-espacio-publico-para-esta-navidad\\\/#primaryimage\",\"url\":\"https:\\\/\\\/www.laguiadepamplona.com\\\/actualidad\\\/wp-content\\\/uploads\\\/2018\\\/12\\\/Miranda-Pennell-You-Made-me-Love-You.jpg\",\"contentUrl\":\"https:\\\/\\\/www.laguiadepamplona.com\\\/actualidad\\\/wp-content\\\/uploads\\\/2018\\\/12\\\/Miranda-Pennell-You-Made-me-Love-You.jpg\",\"width\":1920,\"height\":1143},{\"@type\":\"BreadcrumbList\",\"@id\":\"https:\\\/\\\/www.laguiadepamplona.com\\\/actualidad\\\/el-videoarte-explicado-por-creadores-audiovisuales-siete-paseos-sensoriales-e-interpretativos-por-el-espacio-publico-para-esta-navidad\\\/#breadcrumb\",\"itemListElement\":[{\"@type\":\"ListItem\",\"position\":1,\"name\":\"Portada\",\"item\":\"https:\\\/\\\/www.laguiadepamplona.com\\\/actualidad\\\/\"},{\"@type\":\"ListItem\",\"position\":2,\"name\":\"El videoarte explicado por creadores audiovisuales: siete paseos sensoriales e interpretativos por el espacio p\u00fablico para esta Navidad\"}]},{\"@type\":\"WebSite\",\"@id\":\"https:\\\/\\\/www.laguiadepamplona.com\\\/actualidad\\\/#website\",\"url\":\"https:\\\/\\\/www.laguiadepamplona.com\\\/actualidad\\\/\",\"name\":\"La gu\u00eda de Pamplona\",\"description\":\"Noticias de Pamplona\",\"publisher\":{\"@id\":\"https:\\\/\\\/www.laguiadepamplona.com\\\/actualidad\\\/#organization\"},\"potentialAction\":[{\"@type\":\"SearchAction\",\"target\":{\"@type\":\"EntryPoint\",\"urlTemplate\":\"https:\\\/\\\/www.laguiadepamplona.com\\\/actualidad\\\/?s={search_term_string}\"},\"query-input\":{\"@type\":\"PropertyValueSpecification\",\"valueRequired\":true,\"valueName\":\"search_term_string\"}}],\"inLanguage\":\"es\"},{\"@type\":\"Organization\",\"@id\":\"https:\\\/\\\/www.laguiadepamplona.com\\\/actualidad\\\/#organization\",\"name\":\"La Gu\u00eda de Pamplona \\\/ Noticias\",\"url\":\"https:\\\/\\\/www.laguiadepamplona.com\\\/actualidad\\\/\",\"logo\":{\"@type\":\"ImageObject\",\"inLanguage\":\"es\",\"@id\":\"https:\\\/\\\/www.laguiadepamplona.com\\\/actualidad\\\/#\\\/schema\\\/logo\\\/image\\\/\",\"url\":\"https:\\\/\\\/www.laguiadepamplona.com\\\/actualidad\\\/wp-content\\\/uploads\\\/2018\\\/11\\\/logo-laguiadepamplona18-web1.png\",\"contentUrl\":\"https:\\\/\\\/www.laguiadepamplona.com\\\/actualidad\\\/wp-content\\\/uploads\\\/2018\\\/11\\\/logo-laguiadepamplona18-web1.png\",\"width\":600,\"height\":196,\"caption\":\"La Gu\u00eda de Pamplona \\\/ Noticias\"},\"image\":{\"@id\":\"https:\\\/\\\/www.laguiadepamplona.com\\\/actualidad\\\/#\\\/schema\\\/logo\\\/image\\\/\"},\"sameAs\":[\"https:\\\/\\\/www.facebook.com\\\/laguiadepamplonacom-133175176762273\\\/?ref=hl\",\"https:\\\/\\\/x.com\\\/LaGuiadPamplona\",\"https:\\\/\\\/www.instagram.com\\\/la_guia_de_pamplona\\\/\",\"https:\\\/\\\/www.youtube.com\\\/user\\\/laguiadepamplona\"]},{\"@type\":\"Person\",\"@id\":\"https:\\\/\\\/www.laguiadepamplona.com\\\/actualidad\\\/#\\\/schema\\\/person\\\/efe887376f0213d4657c93adc50b1fdb\",\"name\":\"La Gu\u00eda de Pamplona\",\"image\":{\"@type\":\"ImageObject\",\"inLanguage\":\"es\",\"@id\":\"https:\\\/\\\/secure.gravatar.com\\\/avatar\\\/b6992f131dc8d30ab0dff15446e9d346d9dbd95992de0fef795073f5ea83a81c?s=96&d=mm&r=g\",\"url\":\"https:\\\/\\\/secure.gravatar.com\\\/avatar\\\/b6992f131dc8d30ab0dff15446e9d346d9dbd95992de0fef795073f5ea83a81c?s=96&d=mm&r=g\",\"contentUrl\":\"https:\\\/\\\/secure.gravatar.com\\\/avatar\\\/b6992f131dc8d30ab0dff15446e9d346d9dbd95992de0fef795073f5ea83a81c?s=96&d=mm&r=g\",\"caption\":\"La Gu\u00eda de Pamplona\"}}]}<\/script>\n<!-- \/ Yoast SEO plugin. -->","yoast_head_json":{"title":"El videoarte explicado por creadores audiovisuales: siete paseos sensoriales e interpretativos por el espacio p\u00fablico para esta Navidad","robots":{"index":"index","follow":"follow","max-snippet":"max-snippet:-1","max-image-preview":"max-image-preview:large","max-video-preview":"max-video-preview:-1"},"canonical":"https:\/\/www.laguiadepamplona.com\/actualidad\/el-videoarte-explicado-por-creadores-audiovisuales-siete-paseos-sensoriales-e-interpretativos-por-el-espacio-publico-para-esta-navidad\/","og_locale":"es_ES","og_type":"article","og_title":"El videoarte explicado por creadores audiovisuales: siete paseos sensoriales e interpretativos por el espacio p\u00fablico para esta Navidad","og_url":"https:\/\/www.laguiadepamplona.com\/actualidad\/el-videoarte-explicado-por-creadores-audiovisuales-siete-paseos-sensoriales-e-interpretativos-por-el-espacio-publico-para-esta-navidad\/","og_site_name":"La Gu\u00eda de Pamplona","article_publisher":"https:\/\/www.facebook.com\/laguiadepamplonacom-133175176762273\/?ref=hl","article_published_time":"2018-12-20T11:11:24+00:00","article_modified_time":"2018-12-20T11:11:29+00:00","og_image":[{"width":1920,"height":1143,"url":"https:\/\/www.laguiadepamplona.com\/actualidad\/wp-content\/uploads\/2018\/12\/Miranda-Pennell-You-Made-me-Love-You.jpg","type":"image\/jpeg"}],"author":"La Gu\u00eda de Pamplona","twitter_card":"summary_large_image","twitter_creator":"@LaGuiadPamplona","twitter_site":"@LaGuiadPamplona","twitter_misc":{"Escrito por":"La Gu\u00eda de Pamplona","Tiempo de lectura":"2 minutos"},"schema":{"@context":"https:\/\/schema.org","@graph":[{"@type":"Article","@id":"https:\/\/www.laguiadepamplona.com\/actualidad\/el-videoarte-explicado-por-creadores-audiovisuales-siete-paseos-sensoriales-e-interpretativos-por-el-espacio-publico-para-esta-navidad\/#article","isPartOf":{"@id":"https:\/\/www.laguiadepamplona.com\/actualidad\/el-videoarte-explicado-por-creadores-audiovisuales-siete-paseos-sensoriales-e-interpretativos-por-el-espacio-publico-para-esta-navidad\/"},"author":{"name":"La Gu\u00eda de Pamplona","@id":"https:\/\/www.laguiadepamplona.com\/actualidad\/#\/schema\/person\/efe887376f0213d4657c93adc50b1fdb"},"headline":"El videoarte explicado por creadores audiovisuales: siete paseos sensoriales e interpretativos por el espacio p\u00fablico para esta Navidad","datePublished":"2018-12-20T11:11:24+00:00","dateModified":"2018-12-20T11:11:29+00:00","mainEntityOfPage":{"@id":"https:\/\/www.laguiadepamplona.com\/actualidad\/el-videoarte-explicado-por-creadores-audiovisuales-siete-paseos-sensoriales-e-interpretativos-por-el-espacio-publico-para-esta-navidad\/"},"wordCount":432,"commentCount":0,"publisher":{"@id":"https:\/\/www.laguiadepamplona.com\/actualidad\/#organization"},"image":{"@id":"https:\/\/www.laguiadepamplona.com\/actualidad\/el-videoarte-explicado-por-creadores-audiovisuales-siete-paseos-sensoriales-e-interpretativos-por-el-espacio-publico-para-esta-navidad\/#primaryimage"},"thumbnailUrl":"https:\/\/www.laguiadepamplona.com\/actualidad\/wp-content\/uploads\/2018\/12\/Miranda-Pennell-You-Made-me-Love-You.jpg","articleSection":["Ayto Pamplona"],"inLanguage":"es","potentialAction":[{"@type":"CommentAction","name":"Comment","target":["https:\/\/www.laguiadepamplona.com\/actualidad\/el-videoarte-explicado-por-creadores-audiovisuales-siete-paseos-sensoriales-e-interpretativos-por-el-espacio-publico-para-esta-navidad\/#respond"]}]},{"@type":"WebPage","@id":"https:\/\/www.laguiadepamplona.com\/actualidad\/el-videoarte-explicado-por-creadores-audiovisuales-siete-paseos-sensoriales-e-interpretativos-por-el-espacio-publico-para-esta-navidad\/","url":"https:\/\/www.laguiadepamplona.com\/actualidad\/el-videoarte-explicado-por-creadores-audiovisuales-siete-paseos-sensoriales-e-interpretativos-por-el-espacio-publico-para-esta-navidad\/","name":"El videoarte explicado por creadores audiovisuales: siete paseos sensoriales e interpretativos por el espacio p\u00fablico para esta Navidad","isPartOf":{"@id":"https:\/\/www.laguiadepamplona.com\/actualidad\/#website"},"primaryImageOfPage":{"@id":"https:\/\/www.laguiadepamplona.com\/actualidad\/el-videoarte-explicado-por-creadores-audiovisuales-siete-paseos-sensoriales-e-interpretativos-por-el-espacio-publico-para-esta-navidad\/#primaryimage"},"image":{"@id":"https:\/\/www.laguiadepamplona.com\/actualidad\/el-videoarte-explicado-por-creadores-audiovisuales-siete-paseos-sensoriales-e-interpretativos-por-el-espacio-publico-para-esta-navidad\/#primaryimage"},"thumbnailUrl":"https:\/\/www.laguiadepamplona.com\/actualidad\/wp-content\/uploads\/2018\/12\/Miranda-Pennell-You-Made-me-Love-You.jpg","datePublished":"2018-12-20T11:11:24+00:00","dateModified":"2018-12-20T11:11:29+00:00","breadcrumb":{"@id":"https:\/\/www.laguiadepamplona.com\/actualidad\/el-videoarte-explicado-por-creadores-audiovisuales-siete-paseos-sensoriales-e-interpretativos-por-el-espacio-publico-para-esta-navidad\/#breadcrumb"},"inLanguage":"es","potentialAction":[{"@type":"ReadAction","target":["https:\/\/www.laguiadepamplona.com\/actualidad\/el-videoarte-explicado-por-creadores-audiovisuales-siete-paseos-sensoriales-e-interpretativos-por-el-espacio-publico-para-esta-navidad\/"]}]},{"@type":"ImageObject","inLanguage":"es","@id":"https:\/\/www.laguiadepamplona.com\/actualidad\/el-videoarte-explicado-por-creadores-audiovisuales-siete-paseos-sensoriales-e-interpretativos-por-el-espacio-publico-para-esta-navidad\/#primaryimage","url":"https:\/\/www.laguiadepamplona.com\/actualidad\/wp-content\/uploads\/2018\/12\/Miranda-Pennell-You-Made-me-Love-You.jpg","contentUrl":"https:\/\/www.laguiadepamplona.com\/actualidad\/wp-content\/uploads\/2018\/12\/Miranda-Pennell-You-Made-me-Love-You.jpg","width":1920,"height":1143},{"@type":"BreadcrumbList","@id":"https:\/\/www.laguiadepamplona.com\/actualidad\/el-videoarte-explicado-por-creadores-audiovisuales-siete-paseos-sensoriales-e-interpretativos-por-el-espacio-publico-para-esta-navidad\/#breadcrumb","itemListElement":[{"@type":"ListItem","position":1,"name":"Portada","item":"https:\/\/www.laguiadepamplona.com\/actualidad\/"},{"@type":"ListItem","position":2,"name":"El videoarte explicado por creadores audiovisuales: siete paseos sensoriales e interpretativos por el espacio p\u00fablico para esta Navidad"}]},{"@type":"WebSite","@id":"https:\/\/www.laguiadepamplona.com\/actualidad\/#website","url":"https:\/\/www.laguiadepamplona.com\/actualidad\/","name":"La gu\u00eda de Pamplona","description":"Noticias de Pamplona","publisher":{"@id":"https:\/\/www.laguiadepamplona.com\/actualidad\/#organization"},"potentialAction":[{"@type":"SearchAction","target":{"@type":"EntryPoint","urlTemplate":"https:\/\/www.laguiadepamplona.com\/actualidad\/?s={search_term_string}"},"query-input":{"@type":"PropertyValueSpecification","valueRequired":true,"valueName":"search_term_string"}}],"inLanguage":"es"},{"@type":"Organization","@id":"https:\/\/www.laguiadepamplona.com\/actualidad\/#organization","name":"La Gu\u00eda de Pamplona \/ Noticias","url":"https:\/\/www.laguiadepamplona.com\/actualidad\/","logo":{"@type":"ImageObject","inLanguage":"es","@id":"https:\/\/www.laguiadepamplona.com\/actualidad\/#\/schema\/logo\/image\/","url":"https:\/\/www.laguiadepamplona.com\/actualidad\/wp-content\/uploads\/2018\/11\/logo-laguiadepamplona18-web1.png","contentUrl":"https:\/\/www.laguiadepamplona.com\/actualidad\/wp-content\/uploads\/2018\/11\/logo-laguiadepamplona18-web1.png","width":600,"height":196,"caption":"La Gu\u00eda de Pamplona \/ Noticias"},"image":{"@id":"https:\/\/www.laguiadepamplona.com\/actualidad\/#\/schema\/logo\/image\/"},"sameAs":["https:\/\/www.facebook.com\/laguiadepamplonacom-133175176762273\/?ref=hl","https:\/\/x.com\/LaGuiadPamplona","https:\/\/www.instagram.com\/la_guia_de_pamplona\/","https:\/\/www.youtube.com\/user\/laguiadepamplona"]},{"@type":"Person","@id":"https:\/\/www.laguiadepamplona.com\/actualidad\/#\/schema\/person\/efe887376f0213d4657c93adc50b1fdb","name":"La Gu\u00eda de Pamplona","image":{"@type":"ImageObject","inLanguage":"es","@id":"https:\/\/secure.gravatar.com\/avatar\/b6992f131dc8d30ab0dff15446e9d346d9dbd95992de0fef795073f5ea83a81c?s=96&d=mm&r=g","url":"https:\/\/secure.gravatar.com\/avatar\/b6992f131dc8d30ab0dff15446e9d346d9dbd95992de0fef795073f5ea83a81c?s=96&d=mm&r=g","contentUrl":"https:\/\/secure.gravatar.com\/avatar\/b6992f131dc8d30ab0dff15446e9d346d9dbd95992de0fef795073f5ea83a81c?s=96&d=mm&r=g","caption":"La Gu\u00eda de Pamplona"}}]}},"post_mailing_queue_ids":[],"_links":{"self":[{"href":"https:\/\/www.laguiadepamplona.com\/actualidad\/wp-json\/wp\/v2\/posts\/19893","targetHints":{"allow":["GET"]}}],"collection":[{"href":"https:\/\/www.laguiadepamplona.com\/actualidad\/wp-json\/wp\/v2\/posts"}],"about":[{"href":"https:\/\/www.laguiadepamplona.com\/actualidad\/wp-json\/wp\/v2\/types\/post"}],"author":[{"embeddable":true,"href":"https:\/\/www.laguiadepamplona.com\/actualidad\/wp-json\/wp\/v2\/users\/1"}],"replies":[{"embeddable":true,"href":"https:\/\/www.laguiadepamplona.com\/actualidad\/wp-json\/wp\/v2\/comments?post=19893"}],"version-history":[{"count":0,"href":"https:\/\/www.laguiadepamplona.com\/actualidad\/wp-json\/wp\/v2\/posts\/19893\/revisions"}],"wp:featuredmedia":[{"embeddable":true,"href":"https:\/\/www.laguiadepamplona.com\/actualidad\/wp-json\/wp\/v2\/media\/19894"}],"wp:attachment":[{"href":"https:\/\/www.laguiadepamplona.com\/actualidad\/wp-json\/wp\/v2\/media?parent=19893"}],"wp:term":[{"taxonomy":"category","embeddable":true,"href":"https:\/\/www.laguiadepamplona.com\/actualidad\/wp-json\/wp\/v2\/categories?post=19893"},{"taxonomy":"post_tag","embeddable":true,"href":"https:\/\/www.laguiadepamplona.com\/actualidad\/wp-json\/wp\/v2\/tags?post=19893"}],"curies":[{"name":"wp","href":"https:\/\/api.w.org\/{rel}","templated":true}]}}