{"id":19886,"date":"2018-12-19T20:07:16","date_gmt":"2018-12-19T18:07:16","guid":{"rendered":"https:\/\/www.laguiadepamplona.es\/actualidad\/?p=19886"},"modified":"2018-12-19T20:07:41","modified_gmt":"2018-12-19T18:07:41","slug":"jesus-blanco-gonzalez-con-una-fotografia-del-palacio-del-condestable-titulada-espacio-cultural-gana-el-concurso-enfoca-pamplona-2018","status":"publish","type":"post","link":"https:\/\/www.laguiadepamplona.com\/actualidad\/jesus-blanco-gonzalez-con-una-fotografia-del-palacio-del-condestable-titulada-espacio-cultural-gana-el-concurso-enfoca-pamplona-2018\/","title":{"rendered":"Jes\u00fas Blanco Gonz\u00e1lez con una fotograf\u00eda del Palacio del Condestable titulada \u2018Espacio Cultural\u2019 gana el concurso Enfoca Pamplona 2018"},"content":{"rendered":"\n<!--more-->\n\n\n<h3>Presentadas las doce fotograf\u00edas que ilustran el calendario municipal de 2019 y que han sido seleccionadas de las 168 recibidas en el certamen<\/h3>\n<p>Jes\u00fas Blanco Gonz\u00e1lez, con una fotograf\u00eda tomada desde la segunda planta del patio del Palacio del Condestable, ha ganado el concurso Enfoca Pamplona 2018. Titulada \u2018Espacio Cultural\u2019, ha sido definida por el jurado como una imagen sencilla pero a la vez compleja t\u00e9cnicamente y ha recibido el premio de 800 euros. En el acto celebrado hoy en el Palacio del Condestable se han repartido, adem\u00e1s de los cuatro galardones del certamen, siete reconocimientos a otros tantos finalistas y los doce premios a las fotograf\u00edas que ilustran el calendario municipal de 2019. En la entrega han participado el concejal delegado de Participaci\u00f3n Ciudadana y Empoderamiento Social, Mikel Armend\u00e1riz, y la directora del \u00c1rea de Cultura y Educaci\u00f3n, Maitena Muruz\u00e1bal. En el concurso se recibieron 168 fotograf\u00edas de 77 autores diferentes.<\/p>\n<p>El segundo premio, dotado con 500 euros, ha sido para Amadeo Urdi\u00e1in Navas por la fotograf\u00eda \u2018Entre l\u00edneas\u2019 en la que puede verse el edificio de investigaci\u00f3n Navarrabiomed, una imagen t\u00e9cnicamente perfecta seg\u00fan el jurado. Antonio Lana Salinas ha recibido el tercer premio de 400 euros por una imagen de febrero de este a\u00f1o de la estaci\u00f3n de tren nevada. Por \u00faltimo, el premio a la mejor fotograf\u00eda de los nuevos emplazamientos e infraestructuras y del crecimiento de la ciudad del siglo XXI, dotada con 500 euros, ha sido para Javier Y\u00e1rnoz S\u00e1nchez por una foto del nuevo \u2018Pump truck\u2019 deTrinitarios.<\/p>\n<p>Enfoca Pamplona tiene como tema del concurso fotograf\u00edas que reflejen una mirada personal de una ciudad milenaria, moderna e innovadora. El jurado ha estado formado los profesionales de la fotograf\u00eda Villar L\u00f3pez Vall\u00e9s, Cristina N\u00fa\u00f1ez Baquedano, Adolfo Lacunza y Jos\u00e9 Luis Pujol Equisoain. Junto a ellos, Ana Hueso P\u00e9rez, directora del Archivo Municipal del Ayuntamiento; Ana Etxaleku Casta\u00f1o, t\u00e9cnica municipal de Participaci\u00f3n Ciudadana, e Idoia Monje Jaurrieta, coordinadora de Civivox. En esta edici\u00f3n, el jurado ha destacado la variedad de im\u00e1genes presentadas, la diferencia de estilos y la ejecuci\u00f3n t\u00e9cnica, entre otros aspectos.<\/p>\n\n\n<figure class=\"wp-block-image\"><a href=\"https:\/\/www.laguiadepamplona.es\/actualidad\/wp-content\/uploads\/2018\/12\/18.12.19_Enfoca-Pamplona_entrega-1-premio_Jesus-Blanco.jpg\"><img loading=\"lazy\" decoding=\"async\" width=\"1000\" height=\"667\" src=\"https:\/\/www.laguiadepamplona.es\/actualidad\/wp-content\/uploads\/2018\/12\/18.12.19_Enfoca-Pamplona_entrega-1-premio_Jesus-Blanco.jpg\" alt=\"\" class=\"wp-image-19887\" srcset=\"https:\/\/www.laguiadepamplona.com\/actualidad\/wp-content\/uploads\/2018\/12\/18.12.19_Enfoca-Pamplona_entrega-1-premio_Jesus-Blanco.jpg 1000w, https:\/\/www.laguiadepamplona.com\/actualidad\/wp-content\/uploads\/2018\/12\/18.12.19_Enfoca-Pamplona_entrega-1-premio_Jesus-Blanco-300x200.jpg 300w, https:\/\/www.laguiadepamplona.com\/actualidad\/wp-content\/uploads\/2018\/12\/18.12.19_Enfoca-Pamplona_entrega-1-premio_Jesus-Blanco-768x512.jpg 768w, https:\/\/www.laguiadepamplona.com\/actualidad\/wp-content\/uploads\/2018\/12\/18.12.19_Enfoca-Pamplona_entrega-1-premio_Jesus-Blanco-640x427.jpg 640w\" sizes=\"auto, (max-width: 1000px) 100vw, 1000px\" \/><\/a><\/figure>\n\n\n<p><strong>Fotograf\u00edas del calendario<\/strong><\/p>\n<p>Al igual que el a\u00f1o pasado, el jurado se ha encargado de seleccionar las 12 fotograf\u00edas que ilustran el calendario municipal de 2019. Realizadas por 11 personas diferentes est\u00e1n dotadas con 150 euros. El mes de enero cuenta con la imagen de Susana P\u00e9rez San Jos\u00e9 \u2018La magia de Pamplona\u2019 en la que un mago juega con una bola de cristal en un mercadillo artesanal en la Plaza de Toros. Febrero es para una fotograf\u00eda del parque de la Media Luna del 6 de enero cuando caen los primeros copos de la nevada y, en palabras de su autor, Pedro Pile\u00f1o Malvar, nadie se aventura a pasear por los parques.<\/p>\n<p>Para marzo se ha elegido una instant\u00e1nea de Elena Irigoy Sarratea de la poco conocida escalera helicoidal de estilo g\u00f3tico-flam\u00edgero del siglo XVI, que permite el acceso al sobreclaustro de la Catedral, un tesoro oculto. Gloria V\u00e1zquez Ferr\u00f3n con \u2018Reflejos en Aranzadi\u2019 y las zonas inundables del parque ilustran abril, en mayo lo hace Aizpea de Atxa Cancel y en junio las cortinas refrescantes de Jos\u00e9 Luis Zubiri Mun\u00e1rriz.<\/p>\n<p>La Plaza de Toros, en un mosaico que representa el encierro. es la imagen de julio, creada por Jos\u00e9 Luis Sanag\u00e9rico Berisa. Agosto es para otra plaza, la de la Catedral, de la mano de Javier Bengoetxea Espinosa. Ainhoa G\u00f3rriz Ci\u00e1urriz ha realizado las fotograf\u00edas de septiembre y octubre. La primera del claustro de la Catedral en las horas centrales del d\u00eda como muestra de la uni\u00f3n de la ciudad con quienes habitan en ella. La segunda de la calle Descalzos. Para finalizar el a\u00f1o, en noviembre, Sergio Mart\u00edn Dur\u00e1n ha querido reflejar las miles de despedidas que han visto los edificios que rodean la estaci\u00f3n del tren y en diciembre, Jaime Mart\u00edn Mart\u00ednez presenta un \u00e1rbol nevado en la Vuelta del Castillo.<\/p>\n<p><strong>Finalistas y apertura de la exposici\u00f3n<\/strong><\/p>\n<p>El jurado t\u00e9cnico ha mencionado siete fotograf\u00edas finalistas realizadas por Jos\u00e9 Luis Zubiri Mun\u00e1rriz, Marta Salas Arrar\u00e1s, Mar\u00eda \u00c1ngeles Albarr\u00e1n Ruiz, Jes\u00fas Gold\u00e1raz Iracheta, Amadeo Urdi\u00e1in Navas, Elena Irigoy Sarratea y Ainhoa G\u00f3rriz Ci\u00e1urriz.<\/p>\n<p>Tras la entrega de premios se ha abierto la exposici\u00f3n con las 85 fotograf\u00edas seleccionadas de entre todas las enviadas. Presenta, entre ellas, las 4 fotograf\u00edas premiadas, las 12 del calendario municipal y las 7 finalistas. Han sido agrupadas tem\u00e1ticamente en un intento por identificar la intenci\u00f3n de las personas participantes al obtener cada una de ellas y de proponer un recorrido por la exposici\u00f3n. El horario de visita es de lunes a domingos, de 9 a 14 y de 17 a 22 horas, excepto los d\u00edas festivos de diciembre y enero que cierra Civivox.<\/p>\n\n\n<figure class=\"wp-block-image\"><a href=\"https:\/\/www.laguiadepamplona.es\/actualidad\/wp-content\/uploads\/2018\/12\/18.12.19_Enfoca-Pamplona_premiados.jpg\"><img loading=\"lazy\" decoding=\"async\" width=\"1000\" height=\"667\" src=\"https:\/\/www.laguiadepamplona.es\/actualidad\/wp-content\/uploads\/2018\/12\/18.12.19_Enfoca-Pamplona_premiados.jpg\" alt=\"\" class=\"wp-image-19888\" srcset=\"https:\/\/www.laguiadepamplona.com\/actualidad\/wp-content\/uploads\/2018\/12\/18.12.19_Enfoca-Pamplona_premiados.jpg 1000w, https:\/\/www.laguiadepamplona.com\/actualidad\/wp-content\/uploads\/2018\/12\/18.12.19_Enfoca-Pamplona_premiados-300x200.jpg 300w, https:\/\/www.laguiadepamplona.com\/actualidad\/wp-content\/uploads\/2018\/12\/18.12.19_Enfoca-Pamplona_premiados-768x512.jpg 768w, https:\/\/www.laguiadepamplona.com\/actualidad\/wp-content\/uploads\/2018\/12\/18.12.19_Enfoca-Pamplona_premiados-640x427.jpg 640w\" sizes=\"auto, (max-width: 1000px) 100vw, 1000px\" \/><\/a><\/figure>\n\n\n<p><strong>Ganadores Enfoca Pamplona 2018<\/strong><\/p>\n<ul>\n<li><strong>Primer premio<\/strong>, dotado con 800 euros<\/li>\n<li>Autor: Jes\u00fas Blanco Gonz\u00e1lez. Fotograf\u00eda \u2018Espacio Cultural\u2019. El Condestable visto en una fotograf\u00eda de marzo de 2015 tomada desde la segunda planta el patio. Una imagen sencilla pero a la vez compleja<\/li>\n<li><strong>Segundo premio<\/strong>, dotado con 500 euros<\/li>\n<li>Autor: Amadeo Urdiain Navas. Fotograf\u00eda \u2018Entre l\u00edneas\u2019. Fotograf\u00eda del edificio de investigaci\u00f3n Navarrabiomed, Centro de Investigaci\u00f3n BioM\u00e9dica del Gobierno de Navarra. Una imagen t\u00e9cnicamente perfecta<\/li>\n<li><strong>Tercer premio<\/strong>, dotado con 400 euros<\/li>\n<li>Autor: Antonio Lana Salinas. Fotograf\u00eda \u2018Estaci\u00f3n nevada\u2019. Tomada en febrero de este a\u00f1o 2018. En palabras de su autor, \u201cme parece una foto interesante para la historia. Es posible que hagan una estaci\u00f3n nueva en otro lugar\u201d. El jurado ha destacado el impacto de una imagen aparentemente sencilla pero rotunda<\/li>\n<li><strong>Premio a la mejor fotograf\u00eda de los nuevos emplazamientos e infraestructuras y del crecimiento de la ciudad del siglo XXI<\/strong>, dotada con 500 euros<\/li>\n<li>Autor: Javier Yarnoz S\u00e1nchez. Fotograf\u00eda \u2018Pump Track\u2019. Realizada en Trinitarios en octubre de 2018. Una imagen din\u00e1mica y de contrastes<\/li>\n<li><strong>Calendario Municipal 2019 (Cada personas ganadora recibe 150 euros)<\/strong><\/li>\n<li>Susana P\u00e9rez San Jos\u00e9. La magia de Pamplona. Es la fotograf\u00eda de un mago que juega con una bola de cristal en un mercadillo artesanal en la Plaza de Toros<\/li>\n<li>Pedro Pile\u00f1o Malvar. Fotograf\u00eda del parque de la Media Luna el 6 de enero cuando caen los primeros copos de nieve y nadie pasea por los parques<\/li>\n<li>Elena Irigoy Sarratea. Escalera hacia la luz. Escalera helicoidal de estilo g\u00f3tico-flam\u00edgero, que permite el acceso al sobreclaustro de la Catedral (siglo XVI). Un tesoro oculto dentro de la catedral, un juego de l\u00edneas que buscan la luz al final del camino<\/li>\n<li>Gloria V\u00e1zquez Ferr\u00f3n. Reflejos en Aranzadi. Zonas inundables del parque de Aranzadi<\/li>\n<li>Aizpea de Atxa Cancel<\/li>\n<li>Jos\u00e9 Luis Zubiri Mun\u00e1rriz. Cortinas refrescantes<\/li>\n<li>Jos\u00e9 Luis Sanag\u00e9rico Berisa. Exterior de la Plaza de Toros. Fotograf\u00eda de un mosaico que representa el encierro<\/li>\n<li>Javier Bengoetxea Espinosa. Plaza de la catedral<\/li>\n<li>Ainhoa G\u00f3rriz Ci\u00e1urriz. Claustro de la Catedral, en las horas centrales del d\u00eda<\/li>\n<li>Ainhoa G\u00f3rriz Ci\u00e1urriz. Calle Descalzos Mediante un barrido se presenta una perspectiva diferente de la calle. Una fotograf\u00eda muy din\u00e1mica<\/li>\n<li>Sergio Mart\u00edn Dur\u00e1n. Miles de despedidas. Una construcci\u00f3n abandonada frente a la actual estaci\u00f3n de tren que ha visionado miles de despedidas<\/li>\n<li>Jaime Mart\u00edn Mart\u00ednez. Un \u00e1rbol nevado en la Vuelta del Castillo, en el mes de marzo de 2016<\/li>\n<li><strong>Finalistas<\/strong><\/li>\n<li>Jos\u00e9 Luis Zubiri Mun\u00e1rriz<\/li>\n<li>Marta Salas Arrar\u00e1s<\/li>\n<li>Mar\u00eda \u00c1ngeles Albarr\u00e1n Ruiz<\/li>\n<li>Jes\u00fas Gold\u00e1raz Iracheta<\/li>\n<li>Amadeo Urdiain Navas<\/li>\n<li>Elena Irigoy Sarratea<\/li>\n<li>Ainhoa G\u00f3rriz Ci\u00e1urriz<\/li>\n<li><strong>Exposici\u00f3n de fotograf\u00edas Enfoca Pamplona 2018<\/strong><\/li>\n<li>85 fotograf\u00edas expuestas en el edificio. Son las 4 premiadas, las 12 seleccionadas para ilustrar el calendario municipal, las 7 fotograf\u00edas finalistas y una selecci\u00f3n de 62 de las 168 presentadas a concurso<\/li>\n<li>Horario de visita: de lunes a domingos, de 9 a 14 y de 17 a 22 horas. Excepto los d\u00edas festivos de diciembre y enero<\/li>\n<\/ul>","protected":false},"excerpt":{"rendered":"","protected":false},"author":1,"featured_media":19888,"comment_status":"open","ping_status":"closed","sticky":false,"template":"","format":"standard","meta":{"footnotes":""},"categories":[2],"tags":[],"class_list":["post-19886","post","type-post","status-publish","format-standard","has-post-thumbnail","hentry","category-ayuntamiento-pamplona"],"yoast_head":"<!-- This site is optimized with the Yoast SEO plugin v27.3 - https:\/\/yoast.com\/product\/yoast-seo-wordpress\/ -->\n<title>Jes\u00fas Blanco Gonz\u00e1lez con una fotograf\u00eda del Palacio del Condestable titulada \u2018Espacio Cultural\u2019 gana el concurso Enfoca Pamplona 2018<\/title>\n<meta name=\"robots\" content=\"index, follow, max-snippet:-1, max-image-preview:large, max-video-preview:-1\" \/>\n<link rel=\"canonical\" href=\"https:\/\/www.laguiadepamplona.com\/actualidad\/jesus-blanco-gonzalez-con-una-fotografia-del-palacio-del-condestable-titulada-espacio-cultural-gana-el-concurso-enfoca-pamplona-2018\/\" \/>\n<meta property=\"og:locale\" content=\"es_ES\" \/>\n<meta property=\"og:type\" content=\"article\" \/>\n<meta property=\"og:title\" content=\"Jes\u00fas Blanco Gonz\u00e1lez con una fotograf\u00eda del Palacio del Condestable titulada \u2018Espacio Cultural\u2019 gana el concurso Enfoca Pamplona 2018\" \/>\n<meta property=\"og:url\" content=\"https:\/\/www.laguiadepamplona.com\/actualidad\/jesus-blanco-gonzalez-con-una-fotografia-del-palacio-del-condestable-titulada-espacio-cultural-gana-el-concurso-enfoca-pamplona-2018\/\" \/>\n<meta property=\"og:site_name\" content=\"La Gu\u00eda de Pamplona\" \/>\n<meta property=\"article:publisher\" content=\"https:\/\/www.facebook.com\/laguiadepamplonacom-133175176762273\/?ref=hl\" \/>\n<meta property=\"article:published_time\" content=\"2018-12-19T18:07:16+00:00\" \/>\n<meta property=\"article:modified_time\" content=\"2018-12-19T18:07:41+00:00\" \/>\n<meta property=\"og:image\" content=\"https:\/\/www.laguiadepamplona.com\/actualidad\/wp-content\/uploads\/2018\/12\/18.12.19_Enfoca-Pamplona_premiados.jpg\" \/>\n\t<meta property=\"og:image:width\" content=\"1000\" \/>\n\t<meta property=\"og:image:height\" content=\"667\" \/>\n\t<meta property=\"og:image:type\" content=\"image\/jpeg\" \/>\n<meta name=\"author\" content=\"La Gu\u00eda de Pamplona\" \/>\n<meta name=\"twitter:card\" content=\"summary_large_image\" \/>\n<meta name=\"twitter:creator\" content=\"@LaGuiadPamplona\" \/>\n<meta name=\"twitter:site\" content=\"@LaGuiadPamplona\" \/>\n<meta name=\"twitter:label1\" content=\"Escrito por\" \/>\n\t<meta name=\"twitter:data1\" content=\"La Gu\u00eda de Pamplona\" \/>\n\t<meta name=\"twitter:label2\" content=\"Tiempo de lectura\" \/>\n\t<meta name=\"twitter:data2\" content=\"7 minutos\" \/>\n<script type=\"application\/ld+json\" class=\"yoast-schema-graph\">{\"@context\":\"https:\\\/\\\/schema.org\",\"@graph\":[{\"@type\":\"Article\",\"@id\":\"https:\\\/\\\/www.laguiadepamplona.com\\\/actualidad\\\/jesus-blanco-gonzalez-con-una-fotografia-del-palacio-del-condestable-titulada-espacio-cultural-gana-el-concurso-enfoca-pamplona-2018\\\/#article\",\"isPartOf\":{\"@id\":\"https:\\\/\\\/www.laguiadepamplona.com\\\/actualidad\\\/jesus-blanco-gonzalez-con-una-fotografia-del-palacio-del-condestable-titulada-espacio-cultural-gana-el-concurso-enfoca-pamplona-2018\\\/\"},\"author\":{\"name\":\"La Gu\u00eda de Pamplona\",\"@id\":\"https:\\\/\\\/www.laguiadepamplona.com\\\/actualidad\\\/#\\\/schema\\\/person\\\/efe887376f0213d4657c93adc50b1fdb\"},\"headline\":\"Jes\u00fas Blanco Gonz\u00e1lez con una fotograf\u00eda del Palacio del Condestable titulada \u2018Espacio Cultural\u2019 gana el concurso Enfoca Pamplona 2018\",\"datePublished\":\"2018-12-19T18:07:16+00:00\",\"dateModified\":\"2018-12-19T18:07:41+00:00\",\"mainEntityOfPage\":{\"@id\":\"https:\\\/\\\/www.laguiadepamplona.com\\\/actualidad\\\/jesus-blanco-gonzalez-con-una-fotografia-del-palacio-del-condestable-titulada-espacio-cultural-gana-el-concurso-enfoca-pamplona-2018\\\/\"},\"wordCount\":1388,\"commentCount\":0,\"publisher\":{\"@id\":\"https:\\\/\\\/www.laguiadepamplona.com\\\/actualidad\\\/#organization\"},\"image\":{\"@id\":\"https:\\\/\\\/www.laguiadepamplona.com\\\/actualidad\\\/jesus-blanco-gonzalez-con-una-fotografia-del-palacio-del-condestable-titulada-espacio-cultural-gana-el-concurso-enfoca-pamplona-2018\\\/#primaryimage\"},\"thumbnailUrl\":\"https:\\\/\\\/www.laguiadepamplona.com\\\/actualidad\\\/wp-content\\\/uploads\\\/2018\\\/12\\\/18.12.19_Enfoca-Pamplona_premiados.jpg\",\"articleSection\":[\"Ayto Pamplona\"],\"inLanguage\":\"es\",\"potentialAction\":[{\"@type\":\"CommentAction\",\"name\":\"Comment\",\"target\":[\"https:\\\/\\\/www.laguiadepamplona.com\\\/actualidad\\\/jesus-blanco-gonzalez-con-una-fotografia-del-palacio-del-condestable-titulada-espacio-cultural-gana-el-concurso-enfoca-pamplona-2018\\\/#respond\"]}]},{\"@type\":\"WebPage\",\"@id\":\"https:\\\/\\\/www.laguiadepamplona.com\\\/actualidad\\\/jesus-blanco-gonzalez-con-una-fotografia-del-palacio-del-condestable-titulada-espacio-cultural-gana-el-concurso-enfoca-pamplona-2018\\\/\",\"url\":\"https:\\\/\\\/www.laguiadepamplona.com\\\/actualidad\\\/jesus-blanco-gonzalez-con-una-fotografia-del-palacio-del-condestable-titulada-espacio-cultural-gana-el-concurso-enfoca-pamplona-2018\\\/\",\"name\":\"Jes\u00fas Blanco Gonz\u00e1lez con una fotograf\u00eda del Palacio del Condestable titulada \u2018Espacio Cultural\u2019 gana el concurso Enfoca Pamplona 2018\",\"isPartOf\":{\"@id\":\"https:\\\/\\\/www.laguiadepamplona.com\\\/actualidad\\\/#website\"},\"primaryImageOfPage\":{\"@id\":\"https:\\\/\\\/www.laguiadepamplona.com\\\/actualidad\\\/jesus-blanco-gonzalez-con-una-fotografia-del-palacio-del-condestable-titulada-espacio-cultural-gana-el-concurso-enfoca-pamplona-2018\\\/#primaryimage\"},\"image\":{\"@id\":\"https:\\\/\\\/www.laguiadepamplona.com\\\/actualidad\\\/jesus-blanco-gonzalez-con-una-fotografia-del-palacio-del-condestable-titulada-espacio-cultural-gana-el-concurso-enfoca-pamplona-2018\\\/#primaryimage\"},\"thumbnailUrl\":\"https:\\\/\\\/www.laguiadepamplona.com\\\/actualidad\\\/wp-content\\\/uploads\\\/2018\\\/12\\\/18.12.19_Enfoca-Pamplona_premiados.jpg\",\"datePublished\":\"2018-12-19T18:07:16+00:00\",\"dateModified\":\"2018-12-19T18:07:41+00:00\",\"breadcrumb\":{\"@id\":\"https:\\\/\\\/www.laguiadepamplona.com\\\/actualidad\\\/jesus-blanco-gonzalez-con-una-fotografia-del-palacio-del-condestable-titulada-espacio-cultural-gana-el-concurso-enfoca-pamplona-2018\\\/#breadcrumb\"},\"inLanguage\":\"es\",\"potentialAction\":[{\"@type\":\"ReadAction\",\"target\":[\"https:\\\/\\\/www.laguiadepamplona.com\\\/actualidad\\\/jesus-blanco-gonzalez-con-una-fotografia-del-palacio-del-condestable-titulada-espacio-cultural-gana-el-concurso-enfoca-pamplona-2018\\\/\"]}]},{\"@type\":\"ImageObject\",\"inLanguage\":\"es\",\"@id\":\"https:\\\/\\\/www.laguiadepamplona.com\\\/actualidad\\\/jesus-blanco-gonzalez-con-una-fotografia-del-palacio-del-condestable-titulada-espacio-cultural-gana-el-concurso-enfoca-pamplona-2018\\\/#primaryimage\",\"url\":\"https:\\\/\\\/www.laguiadepamplona.com\\\/actualidad\\\/wp-content\\\/uploads\\\/2018\\\/12\\\/18.12.19_Enfoca-Pamplona_premiados.jpg\",\"contentUrl\":\"https:\\\/\\\/www.laguiadepamplona.com\\\/actualidad\\\/wp-content\\\/uploads\\\/2018\\\/12\\\/18.12.19_Enfoca-Pamplona_premiados.jpg\",\"width\":1000,\"height\":667},{\"@type\":\"BreadcrumbList\",\"@id\":\"https:\\\/\\\/www.laguiadepamplona.com\\\/actualidad\\\/jesus-blanco-gonzalez-con-una-fotografia-del-palacio-del-condestable-titulada-espacio-cultural-gana-el-concurso-enfoca-pamplona-2018\\\/#breadcrumb\",\"itemListElement\":[{\"@type\":\"ListItem\",\"position\":1,\"name\":\"Portada\",\"item\":\"https:\\\/\\\/www.laguiadepamplona.com\\\/actualidad\\\/\"},{\"@type\":\"ListItem\",\"position\":2,\"name\":\"Jes\u00fas Blanco Gonz\u00e1lez con una fotograf\u00eda del Palacio del Condestable titulada \u2018Espacio Cultural\u2019 gana el concurso Enfoca Pamplona 2018\"}]},{\"@type\":\"WebSite\",\"@id\":\"https:\\\/\\\/www.laguiadepamplona.com\\\/actualidad\\\/#website\",\"url\":\"https:\\\/\\\/www.laguiadepamplona.com\\\/actualidad\\\/\",\"name\":\"La gu\u00eda de Pamplona\",\"description\":\"Noticias de Pamplona\",\"publisher\":{\"@id\":\"https:\\\/\\\/www.laguiadepamplona.com\\\/actualidad\\\/#organization\"},\"potentialAction\":[{\"@type\":\"SearchAction\",\"target\":{\"@type\":\"EntryPoint\",\"urlTemplate\":\"https:\\\/\\\/www.laguiadepamplona.com\\\/actualidad\\\/?s={search_term_string}\"},\"query-input\":{\"@type\":\"PropertyValueSpecification\",\"valueRequired\":true,\"valueName\":\"search_term_string\"}}],\"inLanguage\":\"es\"},{\"@type\":\"Organization\",\"@id\":\"https:\\\/\\\/www.laguiadepamplona.com\\\/actualidad\\\/#organization\",\"name\":\"La Gu\u00eda de Pamplona \\\/ Noticias\",\"url\":\"https:\\\/\\\/www.laguiadepamplona.com\\\/actualidad\\\/\",\"logo\":{\"@type\":\"ImageObject\",\"inLanguage\":\"es\",\"@id\":\"https:\\\/\\\/www.laguiadepamplona.com\\\/actualidad\\\/#\\\/schema\\\/logo\\\/image\\\/\",\"url\":\"https:\\\/\\\/www.laguiadepamplona.com\\\/actualidad\\\/wp-content\\\/uploads\\\/2018\\\/11\\\/logo-laguiadepamplona18-web1.png\",\"contentUrl\":\"https:\\\/\\\/www.laguiadepamplona.com\\\/actualidad\\\/wp-content\\\/uploads\\\/2018\\\/11\\\/logo-laguiadepamplona18-web1.png\",\"width\":600,\"height\":196,\"caption\":\"La Gu\u00eda de Pamplona \\\/ Noticias\"},\"image\":{\"@id\":\"https:\\\/\\\/www.laguiadepamplona.com\\\/actualidad\\\/#\\\/schema\\\/logo\\\/image\\\/\"},\"sameAs\":[\"https:\\\/\\\/www.facebook.com\\\/laguiadepamplonacom-133175176762273\\\/?ref=hl\",\"https:\\\/\\\/x.com\\\/LaGuiadPamplona\",\"https:\\\/\\\/www.instagram.com\\\/la_guia_de_pamplona\\\/\",\"https:\\\/\\\/www.youtube.com\\\/user\\\/laguiadepamplona\"]},{\"@type\":\"Person\",\"@id\":\"https:\\\/\\\/www.laguiadepamplona.com\\\/actualidad\\\/#\\\/schema\\\/person\\\/efe887376f0213d4657c93adc50b1fdb\",\"name\":\"La Gu\u00eda de Pamplona\",\"image\":{\"@type\":\"ImageObject\",\"inLanguage\":\"es\",\"@id\":\"https:\\\/\\\/secure.gravatar.com\\\/avatar\\\/b6992f131dc8d30ab0dff15446e9d346d9dbd95992de0fef795073f5ea83a81c?s=96&d=mm&r=g\",\"url\":\"https:\\\/\\\/secure.gravatar.com\\\/avatar\\\/b6992f131dc8d30ab0dff15446e9d346d9dbd95992de0fef795073f5ea83a81c?s=96&d=mm&r=g\",\"contentUrl\":\"https:\\\/\\\/secure.gravatar.com\\\/avatar\\\/b6992f131dc8d30ab0dff15446e9d346d9dbd95992de0fef795073f5ea83a81c?s=96&d=mm&r=g\",\"caption\":\"La Gu\u00eda de Pamplona\"}}]}<\/script>\n<!-- \/ Yoast SEO plugin. -->","yoast_head_json":{"title":"Jes\u00fas Blanco Gonz\u00e1lez con una fotograf\u00eda del Palacio del Condestable titulada \u2018Espacio Cultural\u2019 gana el concurso Enfoca Pamplona 2018","robots":{"index":"index","follow":"follow","max-snippet":"max-snippet:-1","max-image-preview":"max-image-preview:large","max-video-preview":"max-video-preview:-1"},"canonical":"https:\/\/www.laguiadepamplona.com\/actualidad\/jesus-blanco-gonzalez-con-una-fotografia-del-palacio-del-condestable-titulada-espacio-cultural-gana-el-concurso-enfoca-pamplona-2018\/","og_locale":"es_ES","og_type":"article","og_title":"Jes\u00fas Blanco Gonz\u00e1lez con una fotograf\u00eda del Palacio del Condestable titulada \u2018Espacio Cultural\u2019 gana el concurso Enfoca Pamplona 2018","og_url":"https:\/\/www.laguiadepamplona.com\/actualidad\/jesus-blanco-gonzalez-con-una-fotografia-del-palacio-del-condestable-titulada-espacio-cultural-gana-el-concurso-enfoca-pamplona-2018\/","og_site_name":"La Gu\u00eda de Pamplona","article_publisher":"https:\/\/www.facebook.com\/laguiadepamplonacom-133175176762273\/?ref=hl","article_published_time":"2018-12-19T18:07:16+00:00","article_modified_time":"2018-12-19T18:07:41+00:00","og_image":[{"width":1000,"height":667,"url":"https:\/\/www.laguiadepamplona.com\/actualidad\/wp-content\/uploads\/2018\/12\/18.12.19_Enfoca-Pamplona_premiados.jpg","type":"image\/jpeg"}],"author":"La Gu\u00eda de Pamplona","twitter_card":"summary_large_image","twitter_creator":"@LaGuiadPamplona","twitter_site":"@LaGuiadPamplona","twitter_misc":{"Escrito por":"La Gu\u00eda de Pamplona","Tiempo de lectura":"7 minutos"},"schema":{"@context":"https:\/\/schema.org","@graph":[{"@type":"Article","@id":"https:\/\/www.laguiadepamplona.com\/actualidad\/jesus-blanco-gonzalez-con-una-fotografia-del-palacio-del-condestable-titulada-espacio-cultural-gana-el-concurso-enfoca-pamplona-2018\/#article","isPartOf":{"@id":"https:\/\/www.laguiadepamplona.com\/actualidad\/jesus-blanco-gonzalez-con-una-fotografia-del-palacio-del-condestable-titulada-espacio-cultural-gana-el-concurso-enfoca-pamplona-2018\/"},"author":{"name":"La Gu\u00eda de Pamplona","@id":"https:\/\/www.laguiadepamplona.com\/actualidad\/#\/schema\/person\/efe887376f0213d4657c93adc50b1fdb"},"headline":"Jes\u00fas Blanco Gonz\u00e1lez con una fotograf\u00eda del Palacio del Condestable titulada \u2018Espacio Cultural\u2019 gana el concurso Enfoca Pamplona 2018","datePublished":"2018-12-19T18:07:16+00:00","dateModified":"2018-12-19T18:07:41+00:00","mainEntityOfPage":{"@id":"https:\/\/www.laguiadepamplona.com\/actualidad\/jesus-blanco-gonzalez-con-una-fotografia-del-palacio-del-condestable-titulada-espacio-cultural-gana-el-concurso-enfoca-pamplona-2018\/"},"wordCount":1388,"commentCount":0,"publisher":{"@id":"https:\/\/www.laguiadepamplona.com\/actualidad\/#organization"},"image":{"@id":"https:\/\/www.laguiadepamplona.com\/actualidad\/jesus-blanco-gonzalez-con-una-fotografia-del-palacio-del-condestable-titulada-espacio-cultural-gana-el-concurso-enfoca-pamplona-2018\/#primaryimage"},"thumbnailUrl":"https:\/\/www.laguiadepamplona.com\/actualidad\/wp-content\/uploads\/2018\/12\/18.12.19_Enfoca-Pamplona_premiados.jpg","articleSection":["Ayto Pamplona"],"inLanguage":"es","potentialAction":[{"@type":"CommentAction","name":"Comment","target":["https:\/\/www.laguiadepamplona.com\/actualidad\/jesus-blanco-gonzalez-con-una-fotografia-del-palacio-del-condestable-titulada-espacio-cultural-gana-el-concurso-enfoca-pamplona-2018\/#respond"]}]},{"@type":"WebPage","@id":"https:\/\/www.laguiadepamplona.com\/actualidad\/jesus-blanco-gonzalez-con-una-fotografia-del-palacio-del-condestable-titulada-espacio-cultural-gana-el-concurso-enfoca-pamplona-2018\/","url":"https:\/\/www.laguiadepamplona.com\/actualidad\/jesus-blanco-gonzalez-con-una-fotografia-del-palacio-del-condestable-titulada-espacio-cultural-gana-el-concurso-enfoca-pamplona-2018\/","name":"Jes\u00fas Blanco Gonz\u00e1lez con una fotograf\u00eda del Palacio del Condestable titulada \u2018Espacio Cultural\u2019 gana el concurso Enfoca Pamplona 2018","isPartOf":{"@id":"https:\/\/www.laguiadepamplona.com\/actualidad\/#website"},"primaryImageOfPage":{"@id":"https:\/\/www.laguiadepamplona.com\/actualidad\/jesus-blanco-gonzalez-con-una-fotografia-del-palacio-del-condestable-titulada-espacio-cultural-gana-el-concurso-enfoca-pamplona-2018\/#primaryimage"},"image":{"@id":"https:\/\/www.laguiadepamplona.com\/actualidad\/jesus-blanco-gonzalez-con-una-fotografia-del-palacio-del-condestable-titulada-espacio-cultural-gana-el-concurso-enfoca-pamplona-2018\/#primaryimage"},"thumbnailUrl":"https:\/\/www.laguiadepamplona.com\/actualidad\/wp-content\/uploads\/2018\/12\/18.12.19_Enfoca-Pamplona_premiados.jpg","datePublished":"2018-12-19T18:07:16+00:00","dateModified":"2018-12-19T18:07:41+00:00","breadcrumb":{"@id":"https:\/\/www.laguiadepamplona.com\/actualidad\/jesus-blanco-gonzalez-con-una-fotografia-del-palacio-del-condestable-titulada-espacio-cultural-gana-el-concurso-enfoca-pamplona-2018\/#breadcrumb"},"inLanguage":"es","potentialAction":[{"@type":"ReadAction","target":["https:\/\/www.laguiadepamplona.com\/actualidad\/jesus-blanco-gonzalez-con-una-fotografia-del-palacio-del-condestable-titulada-espacio-cultural-gana-el-concurso-enfoca-pamplona-2018\/"]}]},{"@type":"ImageObject","inLanguage":"es","@id":"https:\/\/www.laguiadepamplona.com\/actualidad\/jesus-blanco-gonzalez-con-una-fotografia-del-palacio-del-condestable-titulada-espacio-cultural-gana-el-concurso-enfoca-pamplona-2018\/#primaryimage","url":"https:\/\/www.laguiadepamplona.com\/actualidad\/wp-content\/uploads\/2018\/12\/18.12.19_Enfoca-Pamplona_premiados.jpg","contentUrl":"https:\/\/www.laguiadepamplona.com\/actualidad\/wp-content\/uploads\/2018\/12\/18.12.19_Enfoca-Pamplona_premiados.jpg","width":1000,"height":667},{"@type":"BreadcrumbList","@id":"https:\/\/www.laguiadepamplona.com\/actualidad\/jesus-blanco-gonzalez-con-una-fotografia-del-palacio-del-condestable-titulada-espacio-cultural-gana-el-concurso-enfoca-pamplona-2018\/#breadcrumb","itemListElement":[{"@type":"ListItem","position":1,"name":"Portada","item":"https:\/\/www.laguiadepamplona.com\/actualidad\/"},{"@type":"ListItem","position":2,"name":"Jes\u00fas Blanco Gonz\u00e1lez con una fotograf\u00eda del Palacio del Condestable titulada \u2018Espacio Cultural\u2019 gana el concurso Enfoca Pamplona 2018"}]},{"@type":"WebSite","@id":"https:\/\/www.laguiadepamplona.com\/actualidad\/#website","url":"https:\/\/www.laguiadepamplona.com\/actualidad\/","name":"La gu\u00eda de Pamplona","description":"Noticias de Pamplona","publisher":{"@id":"https:\/\/www.laguiadepamplona.com\/actualidad\/#organization"},"potentialAction":[{"@type":"SearchAction","target":{"@type":"EntryPoint","urlTemplate":"https:\/\/www.laguiadepamplona.com\/actualidad\/?s={search_term_string}"},"query-input":{"@type":"PropertyValueSpecification","valueRequired":true,"valueName":"search_term_string"}}],"inLanguage":"es"},{"@type":"Organization","@id":"https:\/\/www.laguiadepamplona.com\/actualidad\/#organization","name":"La Gu\u00eda de Pamplona \/ Noticias","url":"https:\/\/www.laguiadepamplona.com\/actualidad\/","logo":{"@type":"ImageObject","inLanguage":"es","@id":"https:\/\/www.laguiadepamplona.com\/actualidad\/#\/schema\/logo\/image\/","url":"https:\/\/www.laguiadepamplona.com\/actualidad\/wp-content\/uploads\/2018\/11\/logo-laguiadepamplona18-web1.png","contentUrl":"https:\/\/www.laguiadepamplona.com\/actualidad\/wp-content\/uploads\/2018\/11\/logo-laguiadepamplona18-web1.png","width":600,"height":196,"caption":"La Gu\u00eda de Pamplona \/ Noticias"},"image":{"@id":"https:\/\/www.laguiadepamplona.com\/actualidad\/#\/schema\/logo\/image\/"},"sameAs":["https:\/\/www.facebook.com\/laguiadepamplonacom-133175176762273\/?ref=hl","https:\/\/x.com\/LaGuiadPamplona","https:\/\/www.instagram.com\/la_guia_de_pamplona\/","https:\/\/www.youtube.com\/user\/laguiadepamplona"]},{"@type":"Person","@id":"https:\/\/www.laguiadepamplona.com\/actualidad\/#\/schema\/person\/efe887376f0213d4657c93adc50b1fdb","name":"La Gu\u00eda de Pamplona","image":{"@type":"ImageObject","inLanguage":"es","@id":"https:\/\/secure.gravatar.com\/avatar\/b6992f131dc8d30ab0dff15446e9d346d9dbd95992de0fef795073f5ea83a81c?s=96&d=mm&r=g","url":"https:\/\/secure.gravatar.com\/avatar\/b6992f131dc8d30ab0dff15446e9d346d9dbd95992de0fef795073f5ea83a81c?s=96&d=mm&r=g","contentUrl":"https:\/\/secure.gravatar.com\/avatar\/b6992f131dc8d30ab0dff15446e9d346d9dbd95992de0fef795073f5ea83a81c?s=96&d=mm&r=g","caption":"La Gu\u00eda de Pamplona"}}]}},"post_mailing_queue_ids":[],"_links":{"self":[{"href":"https:\/\/www.laguiadepamplona.com\/actualidad\/wp-json\/wp\/v2\/posts\/19886","targetHints":{"allow":["GET"]}}],"collection":[{"href":"https:\/\/www.laguiadepamplona.com\/actualidad\/wp-json\/wp\/v2\/posts"}],"about":[{"href":"https:\/\/www.laguiadepamplona.com\/actualidad\/wp-json\/wp\/v2\/types\/post"}],"author":[{"embeddable":true,"href":"https:\/\/www.laguiadepamplona.com\/actualidad\/wp-json\/wp\/v2\/users\/1"}],"replies":[{"embeddable":true,"href":"https:\/\/www.laguiadepamplona.com\/actualidad\/wp-json\/wp\/v2\/comments?post=19886"}],"version-history":[{"count":0,"href":"https:\/\/www.laguiadepamplona.com\/actualidad\/wp-json\/wp\/v2\/posts\/19886\/revisions"}],"wp:featuredmedia":[{"embeddable":true,"href":"https:\/\/www.laguiadepamplona.com\/actualidad\/wp-json\/wp\/v2\/media\/19888"}],"wp:attachment":[{"href":"https:\/\/www.laguiadepamplona.com\/actualidad\/wp-json\/wp\/v2\/media?parent=19886"}],"wp:term":[{"taxonomy":"category","embeddable":true,"href":"https:\/\/www.laguiadepamplona.com\/actualidad\/wp-json\/wp\/v2\/categories?post=19886"},{"taxonomy":"post_tag","embeddable":true,"href":"https:\/\/www.laguiadepamplona.com\/actualidad\/wp-json\/wp\/v2\/tags?post=19886"}],"curies":[{"name":"wp","href":"https:\/\/api.w.org\/{rel}","templated":true}]}}