{"id":19882,"date":"2018-12-19T15:09:24","date_gmt":"2018-12-19T13:09:24","guid":{"rendered":"https:\/\/www.laguiadepamplona.es\/actualidad\/?p=19882"},"modified":"2018-12-19T15:09:29","modified_gmt":"2018-12-19T13:09:29","slug":"el-premio-tomas-belzunegui-distingue-con-6-galardones-y-4-accesit-distintos-trabajos-de-promocion-de-una-imagen-positiva-de-las-personas-mayores","status":"publish","type":"post","link":"https:\/\/www.laguiadepamplona.com\/actualidad\/el-premio-tomas-belzunegui-distingue-con-6-galardones-y-4-accesit-distintos-trabajos-de-promocion-de-una-imagen-positiva-de-las-personas-mayores\/","title":{"rendered":"El Premio Tom\u00e1s Belzunegui distingue con 6 galardones, y 4 acc\u00e9sit distintos trabajos de promoci\u00f3n de una imagen positiva de las personas mayores"},"content":{"rendered":"\n<!--more-->\n\n\n<h3>En esta XVIII edici\u00f3n del certamen se ha reconocido a la Universidad Nacional de Educaci\u00f3n a Distancia (UNED)<\/h3>\n<p>La concejala delegada de Acci\u00f3n Social, Esther Cremaes, acompa\u00f1ada por el presidente de la Sociedad de Geriatr\u00eda y Gerontolog\u00eda de Navarra (SNGG), Francisco \u00dariz, en presencia de otros miembros de la Corporaci\u00f3n y del jurado del premio, ha presidido este mediod\u00eda en el Palacio del Condestable la entrega de galardones del XVIII Premio Tom\u00e1s Belzunegui. En total se hab\u00edan presentado 30 trabajos a concurso y se han repartido diez galardones, seis primeros premios y cuatro accesits. En este certamen se galardonan obras literarias (relato corto y relato corto senior), obras period\u00edsticas (periodismo escrito y piezas audiovisuales) y dos categor\u00edas universitarias: trabajo de fin de grado y trabajo doctoral.<\/p>\n<p>Se han alzado con los premios principales Nuria Alguacil y Salvador Mart\u00edn Cruz, en las dos modalidades de relato corto y Nerea Alejos y Marian Guerrikabeitia, que han obtenido los premios de periodismo en sus vertientes de trabajo escrito y trabajo audiovisual, respectivamente. Finalmente en sus modalidades acad\u00e9micas, el trabajo de fin de grado premiado ha sido el de Francesca Fortique Carleo, dirigido por Amelia Mart\u00ed y el trabajo doctoral les ha correspondido a tres alumnas Ana Ojeda Rodr\u00edguez; Lydia Morell Azanza y Luc\u00eda Alonso. Todos ellos han recibido un certificado acreditativo, adem\u00e1s de 300 euros, y su trabajo ser\u00e1 rese\u00f1ado la revista \u2018Cuadernos Gerontol\u00f3gicos de Navarra\u2019 y en <a href=\"http:\/\/www.sngg.es\/\">http:\/\/www.sngg.es<\/a>.<\/p>\n<p>Alberto Rodr\u00edguez Andr\u00e9s, M\u00aa Elena Oliva G\u00f3mez, Virginia Urieta y Mar\u00eda Monreal Otano han sido las personas mencionadas por el jurado con acc\u00e9sit. Este galard\u00f3n supone el otorgamiento de un diploma acreditativo. Al concurso se hab\u00edan presentado 30 trabajos, un 50% de ellos relatos cortos de ambas categor\u00eda. El jurado del concurso estaba presidido por Tom\u00e1s Yerro, miembro de la SNGG, y en \u00e9l participaban, adem\u00e1s, representantes de la revista de la sociedad, \u2018Cuadernos Geront\u00f3gicos\u2019, de la Asociaci\u00f3n de Periodistas de Navarra y de la Asociaci\u00f3n Bilaketa.<\/p>\n<p>\u00a0<\/p>\n\n\n<figure class=\"wp-block-image\"><img loading=\"lazy\" decoding=\"async\" width=\"1000\" height=\"666\" src=\"https:\/\/www.laguiadepamplona.es\/actualidad\/wp-content\/uploads\/2018\/12\/18.12.19_entrega_premios_tomas_belzunegui_1.jpg\" alt=\"\" class=\"wp-image-19883\" srcset=\"https:\/\/www.laguiadepamplona.com\/actualidad\/wp-content\/uploads\/2018\/12\/18.12.19_entrega_premios_tomas_belzunegui_1.jpg 1000w, https:\/\/www.laguiadepamplona.com\/actualidad\/wp-content\/uploads\/2018\/12\/18.12.19_entrega_premios_tomas_belzunegui_1-300x200.jpg 300w, https:\/\/www.laguiadepamplona.com\/actualidad\/wp-content\/uploads\/2018\/12\/18.12.19_entrega_premios_tomas_belzunegui_1-768x511.jpg 768w, https:\/\/www.laguiadepamplona.com\/actualidad\/wp-content\/uploads\/2018\/12\/18.12.19_entrega_premios_tomas_belzunegui_1-640x426.jpg 640w\" sizes=\"auto, (max-width: 1000px) 100vw, 1000px\" \/><\/figure>\n\n\n<p><strong>Un premio institucional a la UNED<\/strong><\/p>\n<p>Por quinto a\u00f1o consecutivo, el SNGG ha entregado un reconocimiento institucional que en esta ocasi\u00f3n ha reca\u00eddo en la Universidad Nacional de Educaci\u00f3n a Distancia (UNED) y que ha sido recogido por su directora, Carmen Jusu\u00e9. Asimismo se ha hecho entrega de un ramo de flores a la madrina de honor del premio, M\u00aa Soledad Otano, viuda de Tom\u00e1s Belzunegui, creador e impulsor a principios de los a\u00f1os 80, del Servicio de Geriatr\u00eda del Hospital de Navarra (Pamplona). Belzunegui es considerado precursor de la visi\u00f3n moderna sobre la geriatr\u00eda al defender una atenci\u00f3n integral y continua del anciano.<\/p>\n<p>Estos galardones fueron creados hace casi dos d\u00e9cadas por la Sociedad Navarra de Geriatr\u00eda y Gerontolog\u00eda con el objetivo de fomentar la imagen positiva de las personas mayores, sin estereotipos ni prejuicios, en una sociedad intergeneracional. En el acto formal tambi\u00e9n han participado en la entrega representantes de otras entidades que colaboran con estos premios: la Asociaci\u00f3n de Periodistas de Navarra, Agencia Navarra de la Autonom\u00eda y Desarrollo de las Personas y el Instituto de Salud P\u00fablica y Laboral de Navarra, ambos de Gobierno de Navarra, Caixabank y la Universidad de Navarra.<\/p>\n<p><strong>Relaci\u00f3n de galardonados por categor\u00edas en el XVIII Premio Tom\u00e1s Belzunegui.<\/strong><\/p>\n<ul>\n<li><u>Modalidad audiovisual<\/u><\/li>\n<\/ul>\n<p>Primer premio: Marian Guerrikabeitia Barr\u00f3n por su trabajo <em>\u2018\u00bfA d\u00f3nde vamos\u2019<\/em><\/p>\n<p>Acc\u00e9sit: Mar\u00eda Monreal Otano por su trabajo <em>\u2018El descubrimiento de Dar\u00edo\u2019<\/em><\/p>\n<ul>\n<li><u>Premio en la modalidad relato corto senior<\/u><\/li>\n<\/ul>\n<p>Primer premio: Salvador Mart\u00edn Cruz por su trabajo <em>\u2018El retrato\u2019<\/em><\/p>\n<p>Acc\u00e9sit: M\u00aa Elena Oliva G\u00f3mez por su trabajo <em>\u2018Hoy no me puedo abanicar\u2019<\/em><\/p>\n<ul>\n<li><u>Premio en la modalidad abierta de relato corto<\/u><\/li>\n<\/ul>\n<p>Primer premio: Nuria Alguacil Morales por su trabajo <em>\u2018Busc\u00e1ndote Annete\u2019<\/em><\/p>\n<p>Acc\u00e9sit: Alberto Rodr\u00edguez Andr\u00e9s por su trabajo <em>\u2018La abuela se llev\u00f3 las historias\u2019<\/em><\/p>\n<ul>\n<li><u>Periodismo escrito<\/u><\/li>\n<\/ul>\n<p>Primer premio: Nerea Alejos Garizabal por su trabajo <em>\u2018Inma, Sagrario y Rosa Nagora, una afici\u00f3n que no tiene edad\u2019<\/em><\/p>\n<p>Acc\u00e9sit: Virginia Urieta por su trabajo <em>\u2018\u2019Urbanismo en femenino\u2019<\/em><\/p>\n<ul>\n<li><u>Premio universidad<\/u><\/li>\n<\/ul>\n<p>Trabajo Fin de Grado: Francesca Fortique Carleo, recoge el premio Amelia Mart\u00ed, directora del trabajo \u2018<em>Deterioro cognitivo y consumo de \u00e1cidos grasos Omenga 3\u2019<\/em><\/p>\n<p>Trabajo Doctoral, a las alumnas de doctorado: Ana Ojeda Rodr\u00edguez; Lydia Morell Azanza y Luc\u00eda Alonso <em>\u2018Envejecimiento, dieta y tel\u00f3meros\u2019<\/em><\/p>","protected":false},"excerpt":{"rendered":"","protected":false},"author":1,"featured_media":19884,"comment_status":"open","ping_status":"closed","sticky":false,"template":"","format":"standard","meta":{"footnotes":""},"categories":[2],"tags":[],"class_list":["post-19882","post","type-post","status-publish","format-standard","has-post-thumbnail","hentry","category-ayuntamiento-pamplona"],"yoast_head":"<!-- This site is optimized with the Yoast SEO plugin v27.3 - https:\/\/yoast.com\/product\/yoast-seo-wordpress\/ -->\n<title>El Premio Tom\u00e1s Belzunegui distingue con 6 galardones, y 4 acc\u00e9sit distintos trabajos de promoci\u00f3n de una imagen positiva de las personas mayores<\/title>\n<meta name=\"robots\" content=\"index, follow, max-snippet:-1, max-image-preview:large, max-video-preview:-1\" \/>\n<link rel=\"canonical\" href=\"https:\/\/www.laguiadepamplona.com\/actualidad\/el-premio-tomas-belzunegui-distingue-con-6-galardones-y-4-accesit-distintos-trabajos-de-promocion-de-una-imagen-positiva-de-las-personas-mayores\/\" \/>\n<meta property=\"og:locale\" content=\"es_ES\" \/>\n<meta property=\"og:type\" content=\"article\" \/>\n<meta property=\"og:title\" content=\"El Premio Tom\u00e1s Belzunegui distingue con 6 galardones, y 4 acc\u00e9sit distintos trabajos de promoci\u00f3n de una imagen positiva de las personas mayores\" \/>\n<meta property=\"og:url\" content=\"https:\/\/www.laguiadepamplona.com\/actualidad\/el-premio-tomas-belzunegui-distingue-con-6-galardones-y-4-accesit-distintos-trabajos-de-promocion-de-una-imagen-positiva-de-las-personas-mayores\/\" \/>\n<meta property=\"og:site_name\" content=\"La Gu\u00eda de Pamplona\" \/>\n<meta property=\"article:publisher\" content=\"https:\/\/www.facebook.com\/laguiadepamplonacom-133175176762273\/?ref=hl\" \/>\n<meta property=\"article:published_time\" content=\"2018-12-19T13:09:24+00:00\" \/>\n<meta property=\"article:modified_time\" content=\"2018-12-19T13:09:29+00:00\" \/>\n<meta property=\"og:image\" content=\"https:\/\/www.laguiadepamplona.com\/actualidad\/wp-content\/uploads\/2018\/12\/18.12.19_entrega_premios_tomas_belzunegui.jpg\" \/>\n\t<meta property=\"og:image:width\" content=\"1000\" \/>\n\t<meta property=\"og:image:height\" content=\"607\" \/>\n\t<meta property=\"og:image:type\" content=\"image\/jpeg\" \/>\n<meta name=\"author\" content=\"La Gu\u00eda de Pamplona\" \/>\n<meta name=\"twitter:card\" content=\"summary_large_image\" \/>\n<meta name=\"twitter:creator\" content=\"@LaGuiadPamplona\" \/>\n<meta name=\"twitter:site\" content=\"@LaGuiadPamplona\" \/>\n<meta name=\"twitter:label1\" content=\"Escrito por\" \/>\n\t<meta name=\"twitter:data1\" content=\"La Gu\u00eda de Pamplona\" \/>\n\t<meta name=\"twitter:label2\" content=\"Tiempo de lectura\" \/>\n\t<meta name=\"twitter:data2\" content=\"4 minutos\" \/>\n<script type=\"application\/ld+json\" class=\"yoast-schema-graph\">{\"@context\":\"https:\\\/\\\/schema.org\",\"@graph\":[{\"@type\":\"Article\",\"@id\":\"https:\\\/\\\/www.laguiadepamplona.com\\\/actualidad\\\/el-premio-tomas-belzunegui-distingue-con-6-galardones-y-4-accesit-distintos-trabajos-de-promocion-de-una-imagen-positiva-de-las-personas-mayores\\\/#article\",\"isPartOf\":{\"@id\":\"https:\\\/\\\/www.laguiadepamplona.com\\\/actualidad\\\/el-premio-tomas-belzunegui-distingue-con-6-galardones-y-4-accesit-distintos-trabajos-de-promocion-de-una-imagen-positiva-de-las-personas-mayores\\\/\"},\"author\":{\"name\":\"La Gu\u00eda de Pamplona\",\"@id\":\"https:\\\/\\\/www.laguiadepamplona.com\\\/actualidad\\\/#\\\/schema\\\/person\\\/efe887376f0213d4657c93adc50b1fdb\"},\"headline\":\"El Premio Tom\u00e1s Belzunegui distingue con 6 galardones, y 4 acc\u00e9sit distintos trabajos de promoci\u00f3n de una imagen positiva de las personas mayores\",\"datePublished\":\"2018-12-19T13:09:24+00:00\",\"dateModified\":\"2018-12-19T13:09:29+00:00\",\"mainEntityOfPage\":{\"@id\":\"https:\\\/\\\/www.laguiadepamplona.com\\\/actualidad\\\/el-premio-tomas-belzunegui-distingue-con-6-galardones-y-4-accesit-distintos-trabajos-de-promocion-de-una-imagen-positiva-de-las-personas-mayores\\\/\"},\"wordCount\":781,\"commentCount\":0,\"publisher\":{\"@id\":\"https:\\\/\\\/www.laguiadepamplona.com\\\/actualidad\\\/#organization\"},\"image\":{\"@id\":\"https:\\\/\\\/www.laguiadepamplona.com\\\/actualidad\\\/el-premio-tomas-belzunegui-distingue-con-6-galardones-y-4-accesit-distintos-trabajos-de-promocion-de-una-imagen-positiva-de-las-personas-mayores\\\/#primaryimage\"},\"thumbnailUrl\":\"https:\\\/\\\/www.laguiadepamplona.com\\\/actualidad\\\/wp-content\\\/uploads\\\/2018\\\/12\\\/18.12.19_entrega_premios_tomas_belzunegui.jpg\",\"articleSection\":[\"Ayto Pamplona\"],\"inLanguage\":\"es\",\"potentialAction\":[{\"@type\":\"CommentAction\",\"name\":\"Comment\",\"target\":[\"https:\\\/\\\/www.laguiadepamplona.com\\\/actualidad\\\/el-premio-tomas-belzunegui-distingue-con-6-galardones-y-4-accesit-distintos-trabajos-de-promocion-de-una-imagen-positiva-de-las-personas-mayores\\\/#respond\"]}]},{\"@type\":\"WebPage\",\"@id\":\"https:\\\/\\\/www.laguiadepamplona.com\\\/actualidad\\\/el-premio-tomas-belzunegui-distingue-con-6-galardones-y-4-accesit-distintos-trabajos-de-promocion-de-una-imagen-positiva-de-las-personas-mayores\\\/\",\"url\":\"https:\\\/\\\/www.laguiadepamplona.com\\\/actualidad\\\/el-premio-tomas-belzunegui-distingue-con-6-galardones-y-4-accesit-distintos-trabajos-de-promocion-de-una-imagen-positiva-de-las-personas-mayores\\\/\",\"name\":\"El Premio Tom\u00e1s Belzunegui distingue con 6 galardones, y 4 acc\u00e9sit distintos trabajos de promoci\u00f3n de una imagen positiva de las personas mayores\",\"isPartOf\":{\"@id\":\"https:\\\/\\\/www.laguiadepamplona.com\\\/actualidad\\\/#website\"},\"primaryImageOfPage\":{\"@id\":\"https:\\\/\\\/www.laguiadepamplona.com\\\/actualidad\\\/el-premio-tomas-belzunegui-distingue-con-6-galardones-y-4-accesit-distintos-trabajos-de-promocion-de-una-imagen-positiva-de-las-personas-mayores\\\/#primaryimage\"},\"image\":{\"@id\":\"https:\\\/\\\/www.laguiadepamplona.com\\\/actualidad\\\/el-premio-tomas-belzunegui-distingue-con-6-galardones-y-4-accesit-distintos-trabajos-de-promocion-de-una-imagen-positiva-de-las-personas-mayores\\\/#primaryimage\"},\"thumbnailUrl\":\"https:\\\/\\\/www.laguiadepamplona.com\\\/actualidad\\\/wp-content\\\/uploads\\\/2018\\\/12\\\/18.12.19_entrega_premios_tomas_belzunegui.jpg\",\"datePublished\":\"2018-12-19T13:09:24+00:00\",\"dateModified\":\"2018-12-19T13:09:29+00:00\",\"breadcrumb\":{\"@id\":\"https:\\\/\\\/www.laguiadepamplona.com\\\/actualidad\\\/el-premio-tomas-belzunegui-distingue-con-6-galardones-y-4-accesit-distintos-trabajos-de-promocion-de-una-imagen-positiva-de-las-personas-mayores\\\/#breadcrumb\"},\"inLanguage\":\"es\",\"potentialAction\":[{\"@type\":\"ReadAction\",\"target\":[\"https:\\\/\\\/www.laguiadepamplona.com\\\/actualidad\\\/el-premio-tomas-belzunegui-distingue-con-6-galardones-y-4-accesit-distintos-trabajos-de-promocion-de-una-imagen-positiva-de-las-personas-mayores\\\/\"]}]},{\"@type\":\"ImageObject\",\"inLanguage\":\"es\",\"@id\":\"https:\\\/\\\/www.laguiadepamplona.com\\\/actualidad\\\/el-premio-tomas-belzunegui-distingue-con-6-galardones-y-4-accesit-distintos-trabajos-de-promocion-de-una-imagen-positiva-de-las-personas-mayores\\\/#primaryimage\",\"url\":\"https:\\\/\\\/www.laguiadepamplona.com\\\/actualidad\\\/wp-content\\\/uploads\\\/2018\\\/12\\\/18.12.19_entrega_premios_tomas_belzunegui.jpg\",\"contentUrl\":\"https:\\\/\\\/www.laguiadepamplona.com\\\/actualidad\\\/wp-content\\\/uploads\\\/2018\\\/12\\\/18.12.19_entrega_premios_tomas_belzunegui.jpg\",\"width\":1000,\"height\":607},{\"@type\":\"BreadcrumbList\",\"@id\":\"https:\\\/\\\/www.laguiadepamplona.com\\\/actualidad\\\/el-premio-tomas-belzunegui-distingue-con-6-galardones-y-4-accesit-distintos-trabajos-de-promocion-de-una-imagen-positiva-de-las-personas-mayores\\\/#breadcrumb\",\"itemListElement\":[{\"@type\":\"ListItem\",\"position\":1,\"name\":\"Portada\",\"item\":\"https:\\\/\\\/www.laguiadepamplona.com\\\/actualidad\\\/\"},{\"@type\":\"ListItem\",\"position\":2,\"name\":\"El Premio Tom\u00e1s Belzunegui distingue con 6 galardones, y 4 acc\u00e9sit distintos trabajos de promoci\u00f3n de una imagen positiva de las personas mayores\"}]},{\"@type\":\"WebSite\",\"@id\":\"https:\\\/\\\/www.laguiadepamplona.com\\\/actualidad\\\/#website\",\"url\":\"https:\\\/\\\/www.laguiadepamplona.com\\\/actualidad\\\/\",\"name\":\"La gu\u00eda de Pamplona\",\"description\":\"Noticias de Pamplona\",\"publisher\":{\"@id\":\"https:\\\/\\\/www.laguiadepamplona.com\\\/actualidad\\\/#organization\"},\"potentialAction\":[{\"@type\":\"SearchAction\",\"target\":{\"@type\":\"EntryPoint\",\"urlTemplate\":\"https:\\\/\\\/www.laguiadepamplona.com\\\/actualidad\\\/?s={search_term_string}\"},\"query-input\":{\"@type\":\"PropertyValueSpecification\",\"valueRequired\":true,\"valueName\":\"search_term_string\"}}],\"inLanguage\":\"es\"},{\"@type\":\"Organization\",\"@id\":\"https:\\\/\\\/www.laguiadepamplona.com\\\/actualidad\\\/#organization\",\"name\":\"La Gu\u00eda de Pamplona \\\/ Noticias\",\"url\":\"https:\\\/\\\/www.laguiadepamplona.com\\\/actualidad\\\/\",\"logo\":{\"@type\":\"ImageObject\",\"inLanguage\":\"es\",\"@id\":\"https:\\\/\\\/www.laguiadepamplona.com\\\/actualidad\\\/#\\\/schema\\\/logo\\\/image\\\/\",\"url\":\"https:\\\/\\\/www.laguiadepamplona.com\\\/actualidad\\\/wp-content\\\/uploads\\\/2018\\\/11\\\/logo-laguiadepamplona18-web1.png\",\"contentUrl\":\"https:\\\/\\\/www.laguiadepamplona.com\\\/actualidad\\\/wp-content\\\/uploads\\\/2018\\\/11\\\/logo-laguiadepamplona18-web1.png\",\"width\":600,\"height\":196,\"caption\":\"La Gu\u00eda de Pamplona \\\/ Noticias\"},\"image\":{\"@id\":\"https:\\\/\\\/www.laguiadepamplona.com\\\/actualidad\\\/#\\\/schema\\\/logo\\\/image\\\/\"},\"sameAs\":[\"https:\\\/\\\/www.facebook.com\\\/laguiadepamplonacom-133175176762273\\\/?ref=hl\",\"https:\\\/\\\/x.com\\\/LaGuiadPamplona\",\"https:\\\/\\\/www.instagram.com\\\/la_guia_de_pamplona\\\/\",\"https:\\\/\\\/www.youtube.com\\\/user\\\/laguiadepamplona\"]},{\"@type\":\"Person\",\"@id\":\"https:\\\/\\\/www.laguiadepamplona.com\\\/actualidad\\\/#\\\/schema\\\/person\\\/efe887376f0213d4657c93adc50b1fdb\",\"name\":\"La Gu\u00eda de Pamplona\",\"image\":{\"@type\":\"ImageObject\",\"inLanguage\":\"es\",\"@id\":\"https:\\\/\\\/secure.gravatar.com\\\/avatar\\\/b6992f131dc8d30ab0dff15446e9d346d9dbd95992de0fef795073f5ea83a81c?s=96&d=mm&r=g\",\"url\":\"https:\\\/\\\/secure.gravatar.com\\\/avatar\\\/b6992f131dc8d30ab0dff15446e9d346d9dbd95992de0fef795073f5ea83a81c?s=96&d=mm&r=g\",\"contentUrl\":\"https:\\\/\\\/secure.gravatar.com\\\/avatar\\\/b6992f131dc8d30ab0dff15446e9d346d9dbd95992de0fef795073f5ea83a81c?s=96&d=mm&r=g\",\"caption\":\"La Gu\u00eda de Pamplona\"}}]}<\/script>\n<!-- \/ Yoast SEO plugin. -->","yoast_head_json":{"title":"El Premio Tom\u00e1s Belzunegui distingue con 6 galardones, y 4 acc\u00e9sit distintos trabajos de promoci\u00f3n de una imagen positiva de las personas mayores","robots":{"index":"index","follow":"follow","max-snippet":"max-snippet:-1","max-image-preview":"max-image-preview:large","max-video-preview":"max-video-preview:-1"},"canonical":"https:\/\/www.laguiadepamplona.com\/actualidad\/el-premio-tomas-belzunegui-distingue-con-6-galardones-y-4-accesit-distintos-trabajos-de-promocion-de-una-imagen-positiva-de-las-personas-mayores\/","og_locale":"es_ES","og_type":"article","og_title":"El Premio Tom\u00e1s Belzunegui distingue con 6 galardones, y 4 acc\u00e9sit distintos trabajos de promoci\u00f3n de una imagen positiva de las personas mayores","og_url":"https:\/\/www.laguiadepamplona.com\/actualidad\/el-premio-tomas-belzunegui-distingue-con-6-galardones-y-4-accesit-distintos-trabajos-de-promocion-de-una-imagen-positiva-de-las-personas-mayores\/","og_site_name":"La Gu\u00eda de Pamplona","article_publisher":"https:\/\/www.facebook.com\/laguiadepamplonacom-133175176762273\/?ref=hl","article_published_time":"2018-12-19T13:09:24+00:00","article_modified_time":"2018-12-19T13:09:29+00:00","og_image":[{"width":1000,"height":607,"url":"https:\/\/www.laguiadepamplona.com\/actualidad\/wp-content\/uploads\/2018\/12\/18.12.19_entrega_premios_tomas_belzunegui.jpg","type":"image\/jpeg"}],"author":"La Gu\u00eda de Pamplona","twitter_card":"summary_large_image","twitter_creator":"@LaGuiadPamplona","twitter_site":"@LaGuiadPamplona","twitter_misc":{"Escrito por":"La Gu\u00eda de Pamplona","Tiempo de lectura":"4 minutos"},"schema":{"@context":"https:\/\/schema.org","@graph":[{"@type":"Article","@id":"https:\/\/www.laguiadepamplona.com\/actualidad\/el-premio-tomas-belzunegui-distingue-con-6-galardones-y-4-accesit-distintos-trabajos-de-promocion-de-una-imagen-positiva-de-las-personas-mayores\/#article","isPartOf":{"@id":"https:\/\/www.laguiadepamplona.com\/actualidad\/el-premio-tomas-belzunegui-distingue-con-6-galardones-y-4-accesit-distintos-trabajos-de-promocion-de-una-imagen-positiva-de-las-personas-mayores\/"},"author":{"name":"La Gu\u00eda de Pamplona","@id":"https:\/\/www.laguiadepamplona.com\/actualidad\/#\/schema\/person\/efe887376f0213d4657c93adc50b1fdb"},"headline":"El Premio Tom\u00e1s Belzunegui distingue con 6 galardones, y 4 acc\u00e9sit distintos trabajos de promoci\u00f3n de una imagen positiva de las personas mayores","datePublished":"2018-12-19T13:09:24+00:00","dateModified":"2018-12-19T13:09:29+00:00","mainEntityOfPage":{"@id":"https:\/\/www.laguiadepamplona.com\/actualidad\/el-premio-tomas-belzunegui-distingue-con-6-galardones-y-4-accesit-distintos-trabajos-de-promocion-de-una-imagen-positiva-de-las-personas-mayores\/"},"wordCount":781,"commentCount":0,"publisher":{"@id":"https:\/\/www.laguiadepamplona.com\/actualidad\/#organization"},"image":{"@id":"https:\/\/www.laguiadepamplona.com\/actualidad\/el-premio-tomas-belzunegui-distingue-con-6-galardones-y-4-accesit-distintos-trabajos-de-promocion-de-una-imagen-positiva-de-las-personas-mayores\/#primaryimage"},"thumbnailUrl":"https:\/\/www.laguiadepamplona.com\/actualidad\/wp-content\/uploads\/2018\/12\/18.12.19_entrega_premios_tomas_belzunegui.jpg","articleSection":["Ayto Pamplona"],"inLanguage":"es","potentialAction":[{"@type":"CommentAction","name":"Comment","target":["https:\/\/www.laguiadepamplona.com\/actualidad\/el-premio-tomas-belzunegui-distingue-con-6-galardones-y-4-accesit-distintos-trabajos-de-promocion-de-una-imagen-positiva-de-las-personas-mayores\/#respond"]}]},{"@type":"WebPage","@id":"https:\/\/www.laguiadepamplona.com\/actualidad\/el-premio-tomas-belzunegui-distingue-con-6-galardones-y-4-accesit-distintos-trabajos-de-promocion-de-una-imagen-positiva-de-las-personas-mayores\/","url":"https:\/\/www.laguiadepamplona.com\/actualidad\/el-premio-tomas-belzunegui-distingue-con-6-galardones-y-4-accesit-distintos-trabajos-de-promocion-de-una-imagen-positiva-de-las-personas-mayores\/","name":"El Premio Tom\u00e1s Belzunegui distingue con 6 galardones, y 4 acc\u00e9sit distintos trabajos de promoci\u00f3n de una imagen positiva de las personas mayores","isPartOf":{"@id":"https:\/\/www.laguiadepamplona.com\/actualidad\/#website"},"primaryImageOfPage":{"@id":"https:\/\/www.laguiadepamplona.com\/actualidad\/el-premio-tomas-belzunegui-distingue-con-6-galardones-y-4-accesit-distintos-trabajos-de-promocion-de-una-imagen-positiva-de-las-personas-mayores\/#primaryimage"},"image":{"@id":"https:\/\/www.laguiadepamplona.com\/actualidad\/el-premio-tomas-belzunegui-distingue-con-6-galardones-y-4-accesit-distintos-trabajos-de-promocion-de-una-imagen-positiva-de-las-personas-mayores\/#primaryimage"},"thumbnailUrl":"https:\/\/www.laguiadepamplona.com\/actualidad\/wp-content\/uploads\/2018\/12\/18.12.19_entrega_premios_tomas_belzunegui.jpg","datePublished":"2018-12-19T13:09:24+00:00","dateModified":"2018-12-19T13:09:29+00:00","breadcrumb":{"@id":"https:\/\/www.laguiadepamplona.com\/actualidad\/el-premio-tomas-belzunegui-distingue-con-6-galardones-y-4-accesit-distintos-trabajos-de-promocion-de-una-imagen-positiva-de-las-personas-mayores\/#breadcrumb"},"inLanguage":"es","potentialAction":[{"@type":"ReadAction","target":["https:\/\/www.laguiadepamplona.com\/actualidad\/el-premio-tomas-belzunegui-distingue-con-6-galardones-y-4-accesit-distintos-trabajos-de-promocion-de-una-imagen-positiva-de-las-personas-mayores\/"]}]},{"@type":"ImageObject","inLanguage":"es","@id":"https:\/\/www.laguiadepamplona.com\/actualidad\/el-premio-tomas-belzunegui-distingue-con-6-galardones-y-4-accesit-distintos-trabajos-de-promocion-de-una-imagen-positiva-de-las-personas-mayores\/#primaryimage","url":"https:\/\/www.laguiadepamplona.com\/actualidad\/wp-content\/uploads\/2018\/12\/18.12.19_entrega_premios_tomas_belzunegui.jpg","contentUrl":"https:\/\/www.laguiadepamplona.com\/actualidad\/wp-content\/uploads\/2018\/12\/18.12.19_entrega_premios_tomas_belzunegui.jpg","width":1000,"height":607},{"@type":"BreadcrumbList","@id":"https:\/\/www.laguiadepamplona.com\/actualidad\/el-premio-tomas-belzunegui-distingue-con-6-galardones-y-4-accesit-distintos-trabajos-de-promocion-de-una-imagen-positiva-de-las-personas-mayores\/#breadcrumb","itemListElement":[{"@type":"ListItem","position":1,"name":"Portada","item":"https:\/\/www.laguiadepamplona.com\/actualidad\/"},{"@type":"ListItem","position":2,"name":"El Premio Tom\u00e1s Belzunegui distingue con 6 galardones, y 4 acc\u00e9sit distintos trabajos de promoci\u00f3n de una imagen positiva de las personas mayores"}]},{"@type":"WebSite","@id":"https:\/\/www.laguiadepamplona.com\/actualidad\/#website","url":"https:\/\/www.laguiadepamplona.com\/actualidad\/","name":"La gu\u00eda de Pamplona","description":"Noticias de Pamplona","publisher":{"@id":"https:\/\/www.laguiadepamplona.com\/actualidad\/#organization"},"potentialAction":[{"@type":"SearchAction","target":{"@type":"EntryPoint","urlTemplate":"https:\/\/www.laguiadepamplona.com\/actualidad\/?s={search_term_string}"},"query-input":{"@type":"PropertyValueSpecification","valueRequired":true,"valueName":"search_term_string"}}],"inLanguage":"es"},{"@type":"Organization","@id":"https:\/\/www.laguiadepamplona.com\/actualidad\/#organization","name":"La Gu\u00eda de Pamplona \/ Noticias","url":"https:\/\/www.laguiadepamplona.com\/actualidad\/","logo":{"@type":"ImageObject","inLanguage":"es","@id":"https:\/\/www.laguiadepamplona.com\/actualidad\/#\/schema\/logo\/image\/","url":"https:\/\/www.laguiadepamplona.com\/actualidad\/wp-content\/uploads\/2018\/11\/logo-laguiadepamplona18-web1.png","contentUrl":"https:\/\/www.laguiadepamplona.com\/actualidad\/wp-content\/uploads\/2018\/11\/logo-laguiadepamplona18-web1.png","width":600,"height":196,"caption":"La Gu\u00eda de Pamplona \/ Noticias"},"image":{"@id":"https:\/\/www.laguiadepamplona.com\/actualidad\/#\/schema\/logo\/image\/"},"sameAs":["https:\/\/www.facebook.com\/laguiadepamplonacom-133175176762273\/?ref=hl","https:\/\/x.com\/LaGuiadPamplona","https:\/\/www.instagram.com\/la_guia_de_pamplona\/","https:\/\/www.youtube.com\/user\/laguiadepamplona"]},{"@type":"Person","@id":"https:\/\/www.laguiadepamplona.com\/actualidad\/#\/schema\/person\/efe887376f0213d4657c93adc50b1fdb","name":"La Gu\u00eda de Pamplona","image":{"@type":"ImageObject","inLanguage":"es","@id":"https:\/\/secure.gravatar.com\/avatar\/b6992f131dc8d30ab0dff15446e9d346d9dbd95992de0fef795073f5ea83a81c?s=96&d=mm&r=g","url":"https:\/\/secure.gravatar.com\/avatar\/b6992f131dc8d30ab0dff15446e9d346d9dbd95992de0fef795073f5ea83a81c?s=96&d=mm&r=g","contentUrl":"https:\/\/secure.gravatar.com\/avatar\/b6992f131dc8d30ab0dff15446e9d346d9dbd95992de0fef795073f5ea83a81c?s=96&d=mm&r=g","caption":"La Gu\u00eda de Pamplona"}}]}},"post_mailing_queue_ids":[],"_links":{"self":[{"href":"https:\/\/www.laguiadepamplona.com\/actualidad\/wp-json\/wp\/v2\/posts\/19882","targetHints":{"allow":["GET"]}}],"collection":[{"href":"https:\/\/www.laguiadepamplona.com\/actualidad\/wp-json\/wp\/v2\/posts"}],"about":[{"href":"https:\/\/www.laguiadepamplona.com\/actualidad\/wp-json\/wp\/v2\/types\/post"}],"author":[{"embeddable":true,"href":"https:\/\/www.laguiadepamplona.com\/actualidad\/wp-json\/wp\/v2\/users\/1"}],"replies":[{"embeddable":true,"href":"https:\/\/www.laguiadepamplona.com\/actualidad\/wp-json\/wp\/v2\/comments?post=19882"}],"version-history":[{"count":0,"href":"https:\/\/www.laguiadepamplona.com\/actualidad\/wp-json\/wp\/v2\/posts\/19882\/revisions"}],"wp:featuredmedia":[{"embeddable":true,"href":"https:\/\/www.laguiadepamplona.com\/actualidad\/wp-json\/wp\/v2\/media\/19884"}],"wp:attachment":[{"href":"https:\/\/www.laguiadepamplona.com\/actualidad\/wp-json\/wp\/v2\/media?parent=19882"}],"wp:term":[{"taxonomy":"category","embeddable":true,"href":"https:\/\/www.laguiadepamplona.com\/actualidad\/wp-json\/wp\/v2\/categories?post=19882"},{"taxonomy":"post_tag","embeddable":true,"href":"https:\/\/www.laguiadepamplona.com\/actualidad\/wp-json\/wp\/v2\/tags?post=19882"}],"curies":[{"name":"wp","href":"https:\/\/api.w.org\/{rel}","templated":true}]}}