{"id":19879,"date":"2018-12-19T14:02:08","date_gmt":"2018-12-19T12:02:08","guid":{"rendered":"https:\/\/www.laguiadepamplona.es\/actualidad\/?p=19879"},"modified":"2018-12-19T14:02:13","modified_gmt":"2018-12-19T12:02:13","slug":"el-espectaculo-de-musica-en-directo-y-videoarte-bumaye-abre-manana-jueves-la-serie-de-proyecciones-de-otras-luces-en-el-palacio-del-condestable","status":"publish","type":"post","link":"https:\/\/www.laguiadepamplona.com\/actualidad\/el-espectaculo-de-musica-en-directo-y-videoarte-bumaye-abre-manana-jueves-la-serie-de-proyecciones-de-otras-luces-en-el-palacio-del-condestable\/","title":{"rendered":"El espect\u00e1culo de m\u00fasica en directo y videoarte \u2018Bumaye!\u2019 abre ma\u00f1ana jueves la serie de proyecciones de \u2018Otras luces\u2019 en el Palacio del Condestable"},"content":{"rendered":"\n<!--more-->\n\n\n<h3>El show de Cabezafuego y Beatriz S\u00e1nchez comenzar\u00e1 a las 20 horas<\/h3>\n<p>Un espect\u00e1culo de m\u00fasica en directo y video arte iluminar\u00e1 ma\u00f1ana jueves el Palacio del Condestable a partir de las 20 horas. Se trata del show musical \u2018Bumaye!\u2019, un espect\u00e1culo con proyecciones en directo, improvisaci\u00f3n y mucho humor. La m\u00fasica troncal del espect\u00e1culo son las canciones de Cabezafuego, a las que la artista multimedia y dibujante Beatriz S\u00e1nchez pone im\u00e1genes improvisadas en directo. La t\u00e9cnica que utiliza es collage, dibujo, pintura, escultura\u2026 elementos que se combinan entre s\u00ed y que son recogidos a trav\u00e9s de una webcam dirigida a su mesa de trabajo.<\/p>\n<p>Este show forma parte de la programaci\u00f3n de \u2018Otras luces \/ Bestelako argiak\u2019, la muestra de videoarte programada por tercer a\u00f1o consecutivo por el Ayuntamiento de Pamplona en Navidad. En esta edici\u00f3n se proyectan 19 videocreaciones de nueve pa\u00edses en ocho fachadas, muros y otros espacios del Casco Antiguo. Las proyecciones pueden verse desde el viernes de forma ininterrumpida de 18.30 a 21.30 horas, hasta el pr\u00f3ximo 1 de enero.<\/p>\n<p>Los espacios de proyecci\u00f3n conforman un recorrido art\u00edstico y sensorial integrado por el Rinc\u00f3n de Pellejer\u00edas, la trasera del Teatro Gayarre, la calle Eslava, el baluarte de Guadalupe, la bajada de Javier, el pasaje Seminario, el portal de Francia y Civivox Condestable. En cada uno de esos espacios se proyectar\u00e1n continuamente las piezas durante tres horas.<\/p>\n<p><strong>Entradas para las Tribulaciones de Virginia<\/strong><\/p>\n<p>Tras la inauguraci\u00f3n de ma\u00f1ana este viernes 21 de diciembre tendr\u00e1 lugar la primera representaci\u00f3n de la obra \u2018Las tribulaciones de Virginia\u2019, de los Hermanos Oligor, en el Horno de la Ciudadela, que dejar\u00e1 durante unos d\u00edas en Navidad su habitual car\u00e1cter expositivo para convertirse en espacio esc\u00e9nico. En total, acoger\u00e1 ocho funciones, los d\u00edas 21, 22, 23, 26, 27, 28, 29 y 30 de diciembre, todas ellas a las 19.30 horas. Las entradas se pueden adquirir al precio de 5 euros llamando al tel\u00e9fono 010 \u2013 948 420 100. El pago se realizar\u00e1 con tarjeta bancaria.<\/p>\n<p>\u2018Las tribulaciones de Virginia\u2019 es un espect\u00e1culo de los Hermanos Oligor con mu\u00f1ecos, aut\u00f3matas animados por poleas y pedales, juguetes mec\u00e1nicos y m\u00e1quinas inspiradas en experimentos causa-efecto. Es una obra y una escenograf\u00eda que se pueden ubicar entre la barraca de feria y el circo. Unos toldos delimitar\u00e1n un espacio circular y dentro, habr\u00e1 unas gradas donde se sentar\u00e1 el p\u00fablico (unas 50 personas en cada funci\u00f3n), una peque\u00f1a pista y al fondo, una gran m\u00e1quina que se transformar\u00e1 a lo largo del espect\u00e1culo.<\/p>\n<p>Maquinitas, lunas, aut\u00f3matas, trenes, elefantes, mu\u00f1ecos, tormentas, casitas, discotecas, estrellas fugaces, \u00e1ngeles, mares, casa de m\u00fasica, sirenas&#8230; todo hecho de papel, alambre, deshechos y retales. Durante la obra, Valent\u00edn, uno de los personajes, al ritmo de m\u00fasica de feria, cajas de m\u00fasica y tango, va accionando los diferentes mecanismos al tiempo que cuenta su historia de amor y desamor.<\/p>\n<p>\u00a0<\/p>","protected":false},"excerpt":{"rendered":"","protected":false},"author":1,"featured_media":17390,"comment_status":"open","ping_status":"closed","sticky":false,"template":"","format":"standard","meta":{"footnotes":""},"categories":[2],"tags":[],"class_list":["post-19879","post","type-post","status-publish","format-standard","has-post-thumbnail","hentry","category-ayuntamiento-pamplona"],"yoast_head":"<!-- This site is optimized with the Yoast SEO plugin v27.3 - https:\/\/yoast.com\/product\/yoast-seo-wordpress\/ -->\n<title>El espect\u00e1culo de m\u00fasica en directo y videoarte \u2018Bumaye!\u2019 abre ma\u00f1ana jueves la serie de proyecciones de \u2018Otras luces\u2019 en el Palacio del Condestable<\/title>\n<meta name=\"robots\" content=\"index, follow, max-snippet:-1, max-image-preview:large, max-video-preview:-1\" \/>\n<link rel=\"canonical\" href=\"https:\/\/www.laguiadepamplona.com\/actualidad\/el-espectaculo-de-musica-en-directo-y-videoarte-bumaye-abre-manana-jueves-la-serie-de-proyecciones-de-otras-luces-en-el-palacio-del-condestable\/\" \/>\n<meta property=\"og:locale\" content=\"es_ES\" \/>\n<meta property=\"og:type\" content=\"article\" \/>\n<meta property=\"og:title\" content=\"El espect\u00e1culo de m\u00fasica en directo y videoarte \u2018Bumaye!\u2019 abre ma\u00f1ana jueves la serie de proyecciones de \u2018Otras luces\u2019 en el Palacio del Condestable\" \/>\n<meta property=\"og:url\" content=\"https:\/\/www.laguiadepamplona.com\/actualidad\/el-espectaculo-de-musica-en-directo-y-videoarte-bumaye-abre-manana-jueves-la-serie-de-proyecciones-de-otras-luces-en-el-palacio-del-condestable\/\" \/>\n<meta property=\"og:site_name\" content=\"La Gu\u00eda de Pamplona\" \/>\n<meta property=\"article:publisher\" content=\"https:\/\/www.facebook.com\/laguiadepamplonacom-133175176762273\/?ref=hl\" \/>\n<meta property=\"article:published_time\" content=\"2018-12-19T12:02:08+00:00\" \/>\n<meta property=\"article:modified_time\" content=\"2018-12-19T12:02:13+00:00\" \/>\n<meta property=\"og:image\" content=\"https:\/\/www.laguiadepamplona.com\/actualidad\/wp-content\/uploads\/2018\/05\/palacio-condestable.jpg\" \/>\n\t<meta property=\"og:image:width\" content=\"950\" \/>\n\t<meta property=\"og:image:height\" content=\"634\" \/>\n\t<meta property=\"og:image:type\" content=\"image\/jpeg\" \/>\n<meta name=\"author\" content=\"La Gu\u00eda de Pamplona\" \/>\n<meta name=\"twitter:card\" content=\"summary_large_image\" \/>\n<meta name=\"twitter:creator\" content=\"@LaGuiadPamplona\" \/>\n<meta name=\"twitter:site\" content=\"@LaGuiadPamplona\" \/>\n<meta name=\"twitter:label1\" content=\"Escrito por\" \/>\n\t<meta name=\"twitter:data1\" content=\"La Gu\u00eda de Pamplona\" \/>\n\t<meta name=\"twitter:label2\" content=\"Tiempo de lectura\" \/>\n\t<meta name=\"twitter:data2\" content=\"3 minutos\" \/>\n<script type=\"application\/ld+json\" class=\"yoast-schema-graph\">{\"@context\":\"https:\\\/\\\/schema.org\",\"@graph\":[{\"@type\":\"Article\",\"@id\":\"https:\\\/\\\/www.laguiadepamplona.com\\\/actualidad\\\/el-espectaculo-de-musica-en-directo-y-videoarte-bumaye-abre-manana-jueves-la-serie-de-proyecciones-de-otras-luces-en-el-palacio-del-condestable\\\/#article\",\"isPartOf\":{\"@id\":\"https:\\\/\\\/www.laguiadepamplona.com\\\/actualidad\\\/el-espectaculo-de-musica-en-directo-y-videoarte-bumaye-abre-manana-jueves-la-serie-de-proyecciones-de-otras-luces-en-el-palacio-del-condestable\\\/\"},\"author\":{\"name\":\"La Gu\u00eda de Pamplona\",\"@id\":\"https:\\\/\\\/www.laguiadepamplona.com\\\/actualidad\\\/#\\\/schema\\\/person\\\/efe887376f0213d4657c93adc50b1fdb\"},\"headline\":\"El espect\u00e1culo de m\u00fasica en directo y videoarte \u2018Bumaye!\u2019 abre ma\u00f1ana jueves la serie de proyecciones de \u2018Otras luces\u2019 en el Palacio del Condestable\",\"datePublished\":\"2018-12-19T12:02:08+00:00\",\"dateModified\":\"2018-12-19T12:02:13+00:00\",\"mainEntityOfPage\":{\"@id\":\"https:\\\/\\\/www.laguiadepamplona.com\\\/actualidad\\\/el-espectaculo-de-musica-en-directo-y-videoarte-bumaye-abre-manana-jueves-la-serie-de-proyecciones-de-otras-luces-en-el-palacio-del-condestable\\\/\"},\"wordCount\":528,\"commentCount\":0,\"publisher\":{\"@id\":\"https:\\\/\\\/www.laguiadepamplona.com\\\/actualidad\\\/#organization\"},\"image\":{\"@id\":\"https:\\\/\\\/www.laguiadepamplona.com\\\/actualidad\\\/el-espectaculo-de-musica-en-directo-y-videoarte-bumaye-abre-manana-jueves-la-serie-de-proyecciones-de-otras-luces-en-el-palacio-del-condestable\\\/#primaryimage\"},\"thumbnailUrl\":\"https:\\\/\\\/www.laguiadepamplona.com\\\/actualidad\\\/wp-content\\\/uploads\\\/2018\\\/05\\\/palacio-condestable.jpg\",\"articleSection\":[\"Ayto Pamplona\"],\"inLanguage\":\"es\",\"potentialAction\":[{\"@type\":\"CommentAction\",\"name\":\"Comment\",\"target\":[\"https:\\\/\\\/www.laguiadepamplona.com\\\/actualidad\\\/el-espectaculo-de-musica-en-directo-y-videoarte-bumaye-abre-manana-jueves-la-serie-de-proyecciones-de-otras-luces-en-el-palacio-del-condestable\\\/#respond\"]}]},{\"@type\":\"WebPage\",\"@id\":\"https:\\\/\\\/www.laguiadepamplona.com\\\/actualidad\\\/el-espectaculo-de-musica-en-directo-y-videoarte-bumaye-abre-manana-jueves-la-serie-de-proyecciones-de-otras-luces-en-el-palacio-del-condestable\\\/\",\"url\":\"https:\\\/\\\/www.laguiadepamplona.com\\\/actualidad\\\/el-espectaculo-de-musica-en-directo-y-videoarte-bumaye-abre-manana-jueves-la-serie-de-proyecciones-de-otras-luces-en-el-palacio-del-condestable\\\/\",\"name\":\"El espect\u00e1culo de m\u00fasica en directo y videoarte \u2018Bumaye!\u2019 abre ma\u00f1ana jueves la serie de proyecciones de \u2018Otras luces\u2019 en el Palacio del Condestable\",\"isPartOf\":{\"@id\":\"https:\\\/\\\/www.laguiadepamplona.com\\\/actualidad\\\/#website\"},\"primaryImageOfPage\":{\"@id\":\"https:\\\/\\\/www.laguiadepamplona.com\\\/actualidad\\\/el-espectaculo-de-musica-en-directo-y-videoarte-bumaye-abre-manana-jueves-la-serie-de-proyecciones-de-otras-luces-en-el-palacio-del-condestable\\\/#primaryimage\"},\"image\":{\"@id\":\"https:\\\/\\\/www.laguiadepamplona.com\\\/actualidad\\\/el-espectaculo-de-musica-en-directo-y-videoarte-bumaye-abre-manana-jueves-la-serie-de-proyecciones-de-otras-luces-en-el-palacio-del-condestable\\\/#primaryimage\"},\"thumbnailUrl\":\"https:\\\/\\\/www.laguiadepamplona.com\\\/actualidad\\\/wp-content\\\/uploads\\\/2018\\\/05\\\/palacio-condestable.jpg\",\"datePublished\":\"2018-12-19T12:02:08+00:00\",\"dateModified\":\"2018-12-19T12:02:13+00:00\",\"breadcrumb\":{\"@id\":\"https:\\\/\\\/www.laguiadepamplona.com\\\/actualidad\\\/el-espectaculo-de-musica-en-directo-y-videoarte-bumaye-abre-manana-jueves-la-serie-de-proyecciones-de-otras-luces-en-el-palacio-del-condestable\\\/#breadcrumb\"},\"inLanguage\":\"es\",\"potentialAction\":[{\"@type\":\"ReadAction\",\"target\":[\"https:\\\/\\\/www.laguiadepamplona.com\\\/actualidad\\\/el-espectaculo-de-musica-en-directo-y-videoarte-bumaye-abre-manana-jueves-la-serie-de-proyecciones-de-otras-luces-en-el-palacio-del-condestable\\\/\"]}]},{\"@type\":\"ImageObject\",\"inLanguage\":\"es\",\"@id\":\"https:\\\/\\\/www.laguiadepamplona.com\\\/actualidad\\\/el-espectaculo-de-musica-en-directo-y-videoarte-bumaye-abre-manana-jueves-la-serie-de-proyecciones-de-otras-luces-en-el-palacio-del-condestable\\\/#primaryimage\",\"url\":\"https:\\\/\\\/www.laguiadepamplona.com\\\/actualidad\\\/wp-content\\\/uploads\\\/2018\\\/05\\\/palacio-condestable.jpg\",\"contentUrl\":\"https:\\\/\\\/www.laguiadepamplona.com\\\/actualidad\\\/wp-content\\\/uploads\\\/2018\\\/05\\\/palacio-condestable.jpg\",\"width\":950,\"height\":634,\"caption\":\"civivox condestable\"},{\"@type\":\"BreadcrumbList\",\"@id\":\"https:\\\/\\\/www.laguiadepamplona.com\\\/actualidad\\\/el-espectaculo-de-musica-en-directo-y-videoarte-bumaye-abre-manana-jueves-la-serie-de-proyecciones-de-otras-luces-en-el-palacio-del-condestable\\\/#breadcrumb\",\"itemListElement\":[{\"@type\":\"ListItem\",\"position\":1,\"name\":\"Portada\",\"item\":\"https:\\\/\\\/www.laguiadepamplona.com\\\/actualidad\\\/\"},{\"@type\":\"ListItem\",\"position\":2,\"name\":\"El espect\u00e1culo de m\u00fasica en directo y videoarte \u2018Bumaye!\u2019 abre ma\u00f1ana jueves la serie de proyecciones de \u2018Otras luces\u2019 en el Palacio del Condestable\"}]},{\"@type\":\"WebSite\",\"@id\":\"https:\\\/\\\/www.laguiadepamplona.com\\\/actualidad\\\/#website\",\"url\":\"https:\\\/\\\/www.laguiadepamplona.com\\\/actualidad\\\/\",\"name\":\"La gu\u00eda de Pamplona\",\"description\":\"Noticias de Pamplona\",\"publisher\":{\"@id\":\"https:\\\/\\\/www.laguiadepamplona.com\\\/actualidad\\\/#organization\"},\"potentialAction\":[{\"@type\":\"SearchAction\",\"target\":{\"@type\":\"EntryPoint\",\"urlTemplate\":\"https:\\\/\\\/www.laguiadepamplona.com\\\/actualidad\\\/?s={search_term_string}\"},\"query-input\":{\"@type\":\"PropertyValueSpecification\",\"valueRequired\":true,\"valueName\":\"search_term_string\"}}],\"inLanguage\":\"es\"},{\"@type\":\"Organization\",\"@id\":\"https:\\\/\\\/www.laguiadepamplona.com\\\/actualidad\\\/#organization\",\"name\":\"La Gu\u00eda de Pamplona \\\/ Noticias\",\"url\":\"https:\\\/\\\/www.laguiadepamplona.com\\\/actualidad\\\/\",\"logo\":{\"@type\":\"ImageObject\",\"inLanguage\":\"es\",\"@id\":\"https:\\\/\\\/www.laguiadepamplona.com\\\/actualidad\\\/#\\\/schema\\\/logo\\\/image\\\/\",\"url\":\"https:\\\/\\\/www.laguiadepamplona.com\\\/actualidad\\\/wp-content\\\/uploads\\\/2018\\\/11\\\/logo-laguiadepamplona18-web1.png\",\"contentUrl\":\"https:\\\/\\\/www.laguiadepamplona.com\\\/actualidad\\\/wp-content\\\/uploads\\\/2018\\\/11\\\/logo-laguiadepamplona18-web1.png\",\"width\":600,\"height\":196,\"caption\":\"La Gu\u00eda de Pamplona \\\/ Noticias\"},\"image\":{\"@id\":\"https:\\\/\\\/www.laguiadepamplona.com\\\/actualidad\\\/#\\\/schema\\\/logo\\\/image\\\/\"},\"sameAs\":[\"https:\\\/\\\/www.facebook.com\\\/laguiadepamplonacom-133175176762273\\\/?ref=hl\",\"https:\\\/\\\/x.com\\\/LaGuiadPamplona\",\"https:\\\/\\\/www.instagram.com\\\/la_guia_de_pamplona\\\/\",\"https:\\\/\\\/www.youtube.com\\\/user\\\/laguiadepamplona\"]},{\"@type\":\"Person\",\"@id\":\"https:\\\/\\\/www.laguiadepamplona.com\\\/actualidad\\\/#\\\/schema\\\/person\\\/efe887376f0213d4657c93adc50b1fdb\",\"name\":\"La Gu\u00eda de Pamplona\",\"image\":{\"@type\":\"ImageObject\",\"inLanguage\":\"es\",\"@id\":\"https:\\\/\\\/secure.gravatar.com\\\/avatar\\\/b6992f131dc8d30ab0dff15446e9d346d9dbd95992de0fef795073f5ea83a81c?s=96&d=mm&r=g\",\"url\":\"https:\\\/\\\/secure.gravatar.com\\\/avatar\\\/b6992f131dc8d30ab0dff15446e9d346d9dbd95992de0fef795073f5ea83a81c?s=96&d=mm&r=g\",\"contentUrl\":\"https:\\\/\\\/secure.gravatar.com\\\/avatar\\\/b6992f131dc8d30ab0dff15446e9d346d9dbd95992de0fef795073f5ea83a81c?s=96&d=mm&r=g\",\"caption\":\"La Gu\u00eda de Pamplona\"}}]}<\/script>\n<!-- \/ Yoast SEO plugin. -->","yoast_head_json":{"title":"El espect\u00e1culo de m\u00fasica en directo y videoarte \u2018Bumaye!\u2019 abre ma\u00f1ana jueves la serie de proyecciones de \u2018Otras luces\u2019 en el Palacio del Condestable","robots":{"index":"index","follow":"follow","max-snippet":"max-snippet:-1","max-image-preview":"max-image-preview:large","max-video-preview":"max-video-preview:-1"},"canonical":"https:\/\/www.laguiadepamplona.com\/actualidad\/el-espectaculo-de-musica-en-directo-y-videoarte-bumaye-abre-manana-jueves-la-serie-de-proyecciones-de-otras-luces-en-el-palacio-del-condestable\/","og_locale":"es_ES","og_type":"article","og_title":"El espect\u00e1culo de m\u00fasica en directo y videoarte \u2018Bumaye!\u2019 abre ma\u00f1ana jueves la serie de proyecciones de \u2018Otras luces\u2019 en el Palacio del Condestable","og_url":"https:\/\/www.laguiadepamplona.com\/actualidad\/el-espectaculo-de-musica-en-directo-y-videoarte-bumaye-abre-manana-jueves-la-serie-de-proyecciones-de-otras-luces-en-el-palacio-del-condestable\/","og_site_name":"La Gu\u00eda de Pamplona","article_publisher":"https:\/\/www.facebook.com\/laguiadepamplonacom-133175176762273\/?ref=hl","article_published_time":"2018-12-19T12:02:08+00:00","article_modified_time":"2018-12-19T12:02:13+00:00","og_image":[{"width":950,"height":634,"url":"https:\/\/www.laguiadepamplona.com\/actualidad\/wp-content\/uploads\/2018\/05\/palacio-condestable.jpg","type":"image\/jpeg"}],"author":"La Gu\u00eda de Pamplona","twitter_card":"summary_large_image","twitter_creator":"@LaGuiadPamplona","twitter_site":"@LaGuiadPamplona","twitter_misc":{"Escrito por":"La Gu\u00eda de Pamplona","Tiempo de lectura":"3 minutos"},"schema":{"@context":"https:\/\/schema.org","@graph":[{"@type":"Article","@id":"https:\/\/www.laguiadepamplona.com\/actualidad\/el-espectaculo-de-musica-en-directo-y-videoarte-bumaye-abre-manana-jueves-la-serie-de-proyecciones-de-otras-luces-en-el-palacio-del-condestable\/#article","isPartOf":{"@id":"https:\/\/www.laguiadepamplona.com\/actualidad\/el-espectaculo-de-musica-en-directo-y-videoarte-bumaye-abre-manana-jueves-la-serie-de-proyecciones-de-otras-luces-en-el-palacio-del-condestable\/"},"author":{"name":"La Gu\u00eda de Pamplona","@id":"https:\/\/www.laguiadepamplona.com\/actualidad\/#\/schema\/person\/efe887376f0213d4657c93adc50b1fdb"},"headline":"El espect\u00e1culo de m\u00fasica en directo y videoarte \u2018Bumaye!\u2019 abre ma\u00f1ana jueves la serie de proyecciones de \u2018Otras luces\u2019 en el Palacio del Condestable","datePublished":"2018-12-19T12:02:08+00:00","dateModified":"2018-12-19T12:02:13+00:00","mainEntityOfPage":{"@id":"https:\/\/www.laguiadepamplona.com\/actualidad\/el-espectaculo-de-musica-en-directo-y-videoarte-bumaye-abre-manana-jueves-la-serie-de-proyecciones-de-otras-luces-en-el-palacio-del-condestable\/"},"wordCount":528,"commentCount":0,"publisher":{"@id":"https:\/\/www.laguiadepamplona.com\/actualidad\/#organization"},"image":{"@id":"https:\/\/www.laguiadepamplona.com\/actualidad\/el-espectaculo-de-musica-en-directo-y-videoarte-bumaye-abre-manana-jueves-la-serie-de-proyecciones-de-otras-luces-en-el-palacio-del-condestable\/#primaryimage"},"thumbnailUrl":"https:\/\/www.laguiadepamplona.com\/actualidad\/wp-content\/uploads\/2018\/05\/palacio-condestable.jpg","articleSection":["Ayto Pamplona"],"inLanguage":"es","potentialAction":[{"@type":"CommentAction","name":"Comment","target":["https:\/\/www.laguiadepamplona.com\/actualidad\/el-espectaculo-de-musica-en-directo-y-videoarte-bumaye-abre-manana-jueves-la-serie-de-proyecciones-de-otras-luces-en-el-palacio-del-condestable\/#respond"]}]},{"@type":"WebPage","@id":"https:\/\/www.laguiadepamplona.com\/actualidad\/el-espectaculo-de-musica-en-directo-y-videoarte-bumaye-abre-manana-jueves-la-serie-de-proyecciones-de-otras-luces-en-el-palacio-del-condestable\/","url":"https:\/\/www.laguiadepamplona.com\/actualidad\/el-espectaculo-de-musica-en-directo-y-videoarte-bumaye-abre-manana-jueves-la-serie-de-proyecciones-de-otras-luces-en-el-palacio-del-condestable\/","name":"El espect\u00e1culo de m\u00fasica en directo y videoarte \u2018Bumaye!\u2019 abre ma\u00f1ana jueves la serie de proyecciones de \u2018Otras luces\u2019 en el Palacio del Condestable","isPartOf":{"@id":"https:\/\/www.laguiadepamplona.com\/actualidad\/#website"},"primaryImageOfPage":{"@id":"https:\/\/www.laguiadepamplona.com\/actualidad\/el-espectaculo-de-musica-en-directo-y-videoarte-bumaye-abre-manana-jueves-la-serie-de-proyecciones-de-otras-luces-en-el-palacio-del-condestable\/#primaryimage"},"image":{"@id":"https:\/\/www.laguiadepamplona.com\/actualidad\/el-espectaculo-de-musica-en-directo-y-videoarte-bumaye-abre-manana-jueves-la-serie-de-proyecciones-de-otras-luces-en-el-palacio-del-condestable\/#primaryimage"},"thumbnailUrl":"https:\/\/www.laguiadepamplona.com\/actualidad\/wp-content\/uploads\/2018\/05\/palacio-condestable.jpg","datePublished":"2018-12-19T12:02:08+00:00","dateModified":"2018-12-19T12:02:13+00:00","breadcrumb":{"@id":"https:\/\/www.laguiadepamplona.com\/actualidad\/el-espectaculo-de-musica-en-directo-y-videoarte-bumaye-abre-manana-jueves-la-serie-de-proyecciones-de-otras-luces-en-el-palacio-del-condestable\/#breadcrumb"},"inLanguage":"es","potentialAction":[{"@type":"ReadAction","target":["https:\/\/www.laguiadepamplona.com\/actualidad\/el-espectaculo-de-musica-en-directo-y-videoarte-bumaye-abre-manana-jueves-la-serie-de-proyecciones-de-otras-luces-en-el-palacio-del-condestable\/"]}]},{"@type":"ImageObject","inLanguage":"es","@id":"https:\/\/www.laguiadepamplona.com\/actualidad\/el-espectaculo-de-musica-en-directo-y-videoarte-bumaye-abre-manana-jueves-la-serie-de-proyecciones-de-otras-luces-en-el-palacio-del-condestable\/#primaryimage","url":"https:\/\/www.laguiadepamplona.com\/actualidad\/wp-content\/uploads\/2018\/05\/palacio-condestable.jpg","contentUrl":"https:\/\/www.laguiadepamplona.com\/actualidad\/wp-content\/uploads\/2018\/05\/palacio-condestable.jpg","width":950,"height":634,"caption":"civivox condestable"},{"@type":"BreadcrumbList","@id":"https:\/\/www.laguiadepamplona.com\/actualidad\/el-espectaculo-de-musica-en-directo-y-videoarte-bumaye-abre-manana-jueves-la-serie-de-proyecciones-de-otras-luces-en-el-palacio-del-condestable\/#breadcrumb","itemListElement":[{"@type":"ListItem","position":1,"name":"Portada","item":"https:\/\/www.laguiadepamplona.com\/actualidad\/"},{"@type":"ListItem","position":2,"name":"El espect\u00e1culo de m\u00fasica en directo y videoarte \u2018Bumaye!\u2019 abre ma\u00f1ana jueves la serie de proyecciones de \u2018Otras luces\u2019 en el Palacio del Condestable"}]},{"@type":"WebSite","@id":"https:\/\/www.laguiadepamplona.com\/actualidad\/#website","url":"https:\/\/www.laguiadepamplona.com\/actualidad\/","name":"La gu\u00eda de Pamplona","description":"Noticias de Pamplona","publisher":{"@id":"https:\/\/www.laguiadepamplona.com\/actualidad\/#organization"},"potentialAction":[{"@type":"SearchAction","target":{"@type":"EntryPoint","urlTemplate":"https:\/\/www.laguiadepamplona.com\/actualidad\/?s={search_term_string}"},"query-input":{"@type":"PropertyValueSpecification","valueRequired":true,"valueName":"search_term_string"}}],"inLanguage":"es"},{"@type":"Organization","@id":"https:\/\/www.laguiadepamplona.com\/actualidad\/#organization","name":"La Gu\u00eda de Pamplona \/ Noticias","url":"https:\/\/www.laguiadepamplona.com\/actualidad\/","logo":{"@type":"ImageObject","inLanguage":"es","@id":"https:\/\/www.laguiadepamplona.com\/actualidad\/#\/schema\/logo\/image\/","url":"https:\/\/www.laguiadepamplona.com\/actualidad\/wp-content\/uploads\/2018\/11\/logo-laguiadepamplona18-web1.png","contentUrl":"https:\/\/www.laguiadepamplona.com\/actualidad\/wp-content\/uploads\/2018\/11\/logo-laguiadepamplona18-web1.png","width":600,"height":196,"caption":"La Gu\u00eda de Pamplona \/ Noticias"},"image":{"@id":"https:\/\/www.laguiadepamplona.com\/actualidad\/#\/schema\/logo\/image\/"},"sameAs":["https:\/\/www.facebook.com\/laguiadepamplonacom-133175176762273\/?ref=hl","https:\/\/x.com\/LaGuiadPamplona","https:\/\/www.instagram.com\/la_guia_de_pamplona\/","https:\/\/www.youtube.com\/user\/laguiadepamplona"]},{"@type":"Person","@id":"https:\/\/www.laguiadepamplona.com\/actualidad\/#\/schema\/person\/efe887376f0213d4657c93adc50b1fdb","name":"La Gu\u00eda de Pamplona","image":{"@type":"ImageObject","inLanguage":"es","@id":"https:\/\/secure.gravatar.com\/avatar\/b6992f131dc8d30ab0dff15446e9d346d9dbd95992de0fef795073f5ea83a81c?s=96&d=mm&r=g","url":"https:\/\/secure.gravatar.com\/avatar\/b6992f131dc8d30ab0dff15446e9d346d9dbd95992de0fef795073f5ea83a81c?s=96&d=mm&r=g","contentUrl":"https:\/\/secure.gravatar.com\/avatar\/b6992f131dc8d30ab0dff15446e9d346d9dbd95992de0fef795073f5ea83a81c?s=96&d=mm&r=g","caption":"La Gu\u00eda de Pamplona"}}]}},"post_mailing_queue_ids":[],"_links":{"self":[{"href":"https:\/\/www.laguiadepamplona.com\/actualidad\/wp-json\/wp\/v2\/posts\/19879","targetHints":{"allow":["GET"]}}],"collection":[{"href":"https:\/\/www.laguiadepamplona.com\/actualidad\/wp-json\/wp\/v2\/posts"}],"about":[{"href":"https:\/\/www.laguiadepamplona.com\/actualidad\/wp-json\/wp\/v2\/types\/post"}],"author":[{"embeddable":true,"href":"https:\/\/www.laguiadepamplona.com\/actualidad\/wp-json\/wp\/v2\/users\/1"}],"replies":[{"embeddable":true,"href":"https:\/\/www.laguiadepamplona.com\/actualidad\/wp-json\/wp\/v2\/comments?post=19879"}],"version-history":[{"count":0,"href":"https:\/\/www.laguiadepamplona.com\/actualidad\/wp-json\/wp\/v2\/posts\/19879\/revisions"}],"wp:featuredmedia":[{"embeddable":true,"href":"https:\/\/www.laguiadepamplona.com\/actualidad\/wp-json\/wp\/v2\/media\/17390"}],"wp:attachment":[{"href":"https:\/\/www.laguiadepamplona.com\/actualidad\/wp-json\/wp\/v2\/media?parent=19879"}],"wp:term":[{"taxonomy":"category","embeddable":true,"href":"https:\/\/www.laguiadepamplona.com\/actualidad\/wp-json\/wp\/v2\/categories?post=19879"},{"taxonomy":"post_tag","embeddable":true,"href":"https:\/\/www.laguiadepamplona.com\/actualidad\/wp-json\/wp\/v2\/tags?post=19879"}],"curies":[{"name":"wp","href":"https:\/\/api.w.org\/{rel}","templated":true}]}}