{"id":19876,"date":"2018-12-19T13:59:46","date_gmt":"2018-12-19T11:59:46","guid":{"rendered":"https:\/\/www.laguiadepamplona.es\/actualidad\/?p=19876"},"modified":"2018-12-19T13:59:51","modified_gmt":"2018-12-19T11:59:51","slug":"la-historia-de-la-avenida-de-san-ignacio-en-euskera-la-oferta-de-charla-accesible-en-civivox-ensanche","status":"publish","type":"post","link":"https:\/\/www.laguiadepamplona.com\/actualidad\/la-historia-de-la-avenida-de-san-ignacio-en-euskera-la-oferta-de-charla-accesible-en-civivox-ensanche\/","title":{"rendered":"La historia de la avenida de San Ignacio en euskera, la oferta de charla accesible en Civivox Ensanche"},"content":{"rendered":"\n<!--more-->\n\n\n<h3>Ser\u00e1 la \u00faltima conferencia de este cuatrimestre del ciclo del Ayuntamiento de Pamplona y la asociaci\u00f3n Retina Navarra \u2018Ver, o\u00edr&#8230; y aplaudir\u2019<\/h3>\n<p>Ma\u00f1ana por la tarde, en Civivox Ensanche tendr\u00e1 lugar la \u00faltima de las tres charlas accesibles del ciclo \u2018Ver, o\u00edr&#8230; y aplaudir\u2019. En este caso se ofrece en euskera y versar\u00e1 sobre la historia de la avenida de San Ignacio. La sesi\u00f3n es r\u00e9plica de la que en octubre se imparti\u00f3 en castellano con ese mismo contenido y tendr\u00e1 lugar a las 19 horas, con entrada libre, previa retirada de invitaci\u00f3n. La conferencia se realiza en colaboraci\u00f3n con la Asociaci\u00f3n Retina Navarra.<\/p>\n<p>El encargado de la charla ser\u00e1 Javier Mangado Urd\u00e1niz, que con apoyo de fotograf\u00edas antiguas y modernas, repasar\u00e1 la historia de esta c\u00e9ntrica calle de la ciudad que fue protagonista de una parte del derribo de las murallas de la ciudad. Mangado es bi\u00f3logo y profesor jubilado de F\u00edsica y Qu\u00edmica, adem\u00e1s de exdirector de instituto y expresidente de ADI (Asociaci\u00f3n de Directores de Instituto de Navarra). Adem\u00e1s, colabora en euskera habitualmente en las revistas Leozka y Axular, y ha sido premiado en algunos concursos literarios en este idioma.<\/p>\n<p>Esta charla termina el ciclo de conferencias del programa para este cuatrimestre. De las proyecciones cinematogr\u00e1ficas, sin embargo, resta una. El 22 de enero se proyectar\u00e1 en Civivox Mendillorri la pel\u00edcula \u2018El Guardi\u00e1n invisible\u2019 (Espa\u00f1a, 2017, 129 minutos), adaptaci\u00f3n de la novela hom\u00f3nima el ciclo \u2018Trilog\u00eda del Baztan\u2019, firmada por la escritora Dolores Redondo. \u2018Ver, o\u00edr&#8230; y aplaudir\u2019 es un programa gestionado desde el a\u00f1o 2011 por el Ayuntamiento de Pamplona colaboraci\u00f3n con la Asociaci\u00f3n Retina Navarra. Su objetivo es de generar espacios de encuentro, de conocimiento y de fomento de la actividad cultural y social para todas las personas.<\/p>\n<p><strong>\u2018Ver, o\u00edr&#8230; y aplaudir\u2019<\/strong><\/p>\n<ul>\n<li><strong>Jueves 20 de diciembre. En euskera<\/strong><\/li>\n<\/ul>\n<p>CONFERENCIA<\/p>\n<p>Avenida de San Ignacio<\/p>\n<p><strong>Lugar:<\/strong> Civivox Ensanche<\/p>\n<p><strong>Horario:<\/strong> 19 horas<\/p>\n<p><strong>Ponente:<\/strong> Javier Mangado, historiadores<\/p>\n<p>Entrada libre, previa retirada de invitaci\u00f3n desde una hora antes del comienzo de la actividad, m\u00e1ximo dos por persona<\/p>\n<p><strong><u>Pr\u00f3xima pel\u00edcula<\/u><\/strong><\/p>\n<p><strong>Lugar:<\/strong> Civivox Mendillorri<\/p>\n<p><strong>Horario:<\/strong> 19 horas<\/p>\n<p>Entrada libre, previa retirada de invitaci\u00f3n desde una hora antes del comienzo de la actividad, m\u00e1ximo dos por persona<\/p>\n<p>Proyecciones con sistema de audiodescripci\u00f3n<\/p>\n<p><strong>Martes 22 de enero<\/strong><\/p>\n<ul>\n<li>El Guardi\u00e1n invisible (Espa\u00f1a, 2017, 129 minutos)<\/li>\n<li>Director: Fernando Gonz\u00e1lez Molina. Int\u00e9rpretes: Marta Etura, Elvira M\u00ednguez, Francesc Orella e Itziar Aizpuru<\/li>\n<\/ul>\n<p>\u00a0<\/p>","protected":false},"excerpt":{"rendered":"","protected":false},"author":1,"featured_media":11186,"comment_status":"open","ping_status":"closed","sticky":false,"template":"","format":"standard","meta":{"footnotes":""},"categories":[2],"tags":[],"class_list":["post-19876","post","type-post","status-publish","format-standard","has-post-thumbnail","hentry","category-ayuntamiento-pamplona"],"yoast_head":"<!-- This site is optimized with the Yoast SEO plugin v27.3 - https:\/\/yoast.com\/product\/yoast-seo-wordpress\/ -->\n<title>La historia de la avenida de San Ignacio en euskera, la oferta de charla accesible en Civivox Ensanche<\/title>\n<meta name=\"robots\" content=\"index, follow, max-snippet:-1, max-image-preview:large, max-video-preview:-1\" \/>\n<link rel=\"canonical\" href=\"https:\/\/www.laguiadepamplona.com\/actualidad\/la-historia-de-la-avenida-de-san-ignacio-en-euskera-la-oferta-de-charla-accesible-en-civivox-ensanche\/\" \/>\n<meta property=\"og:locale\" content=\"es_ES\" \/>\n<meta property=\"og:type\" content=\"article\" \/>\n<meta property=\"og:title\" content=\"La historia de la avenida de San Ignacio en euskera, la oferta de charla accesible en Civivox Ensanche\" \/>\n<meta property=\"og:url\" content=\"https:\/\/www.laguiadepamplona.com\/actualidad\/la-historia-de-la-avenida-de-san-ignacio-en-euskera-la-oferta-de-charla-accesible-en-civivox-ensanche\/\" \/>\n<meta property=\"og:site_name\" content=\"La Gu\u00eda de Pamplona\" \/>\n<meta property=\"article:publisher\" content=\"https:\/\/www.facebook.com\/laguiadepamplonacom-133175176762273\/?ref=hl\" \/>\n<meta property=\"article:published_time\" content=\"2018-12-19T11:59:46+00:00\" \/>\n<meta property=\"article:modified_time\" content=\"2018-12-19T11:59:51+00:00\" \/>\n<meta property=\"og:image\" content=\"https:\/\/www.laguiadepamplona.com\/actualidad\/wp-content\/uploads\/2016\/12\/Civivox-ensanche.jpg\" \/>\n\t<meta property=\"og:image:width\" content=\"1024\" \/>\n\t<meta property=\"og:image:height\" content=\"768\" \/>\n\t<meta property=\"og:image:type\" content=\"image\/jpeg\" \/>\n<meta name=\"author\" content=\"La Gu\u00eda de Pamplona\" \/>\n<meta name=\"twitter:card\" content=\"summary_large_image\" \/>\n<meta name=\"twitter:creator\" content=\"@LaGuiadPamplona\" \/>\n<meta name=\"twitter:site\" content=\"@LaGuiadPamplona\" \/>\n<meta name=\"twitter:label1\" content=\"Escrito por\" \/>\n\t<meta name=\"twitter:data1\" content=\"La Gu\u00eda de Pamplona\" \/>\n\t<meta name=\"twitter:label2\" content=\"Tiempo de lectura\" \/>\n\t<meta name=\"twitter:data2\" content=\"2 minutos\" \/>\n<script type=\"application\/ld+json\" class=\"yoast-schema-graph\">{\"@context\":\"https:\\\/\\\/schema.org\",\"@graph\":[{\"@type\":\"Article\",\"@id\":\"https:\\\/\\\/www.laguiadepamplona.com\\\/actualidad\\\/la-historia-de-la-avenida-de-san-ignacio-en-euskera-la-oferta-de-charla-accesible-en-civivox-ensanche\\\/#article\",\"isPartOf\":{\"@id\":\"https:\\\/\\\/www.laguiadepamplona.com\\\/actualidad\\\/la-historia-de-la-avenida-de-san-ignacio-en-euskera-la-oferta-de-charla-accesible-en-civivox-ensanche\\\/\"},\"author\":{\"name\":\"La Gu\u00eda de Pamplona\",\"@id\":\"https:\\\/\\\/www.laguiadepamplona.com\\\/actualidad\\\/#\\\/schema\\\/person\\\/efe887376f0213d4657c93adc50b1fdb\"},\"headline\":\"La historia de la avenida de San Ignacio en euskera, la oferta de charla accesible en Civivox Ensanche\",\"datePublished\":\"2018-12-19T11:59:46+00:00\",\"dateModified\":\"2018-12-19T11:59:51+00:00\",\"mainEntityOfPage\":{\"@id\":\"https:\\\/\\\/www.laguiadepamplona.com\\\/actualidad\\\/la-historia-de-la-avenida-de-san-ignacio-en-euskera-la-oferta-de-charla-accesible-en-civivox-ensanche\\\/\"},\"wordCount\":443,\"commentCount\":0,\"publisher\":{\"@id\":\"https:\\\/\\\/www.laguiadepamplona.com\\\/actualidad\\\/#organization\"},\"image\":{\"@id\":\"https:\\\/\\\/www.laguiadepamplona.com\\\/actualidad\\\/la-historia-de-la-avenida-de-san-ignacio-en-euskera-la-oferta-de-charla-accesible-en-civivox-ensanche\\\/#primaryimage\"},\"thumbnailUrl\":\"https:\\\/\\\/www.laguiadepamplona.com\\\/actualidad\\\/wp-content\\\/uploads\\\/2016\\\/12\\\/Civivox-ensanche.jpg\",\"articleSection\":[\"Ayto Pamplona\"],\"inLanguage\":\"es\",\"potentialAction\":[{\"@type\":\"CommentAction\",\"name\":\"Comment\",\"target\":[\"https:\\\/\\\/www.laguiadepamplona.com\\\/actualidad\\\/la-historia-de-la-avenida-de-san-ignacio-en-euskera-la-oferta-de-charla-accesible-en-civivox-ensanche\\\/#respond\"]}]},{\"@type\":\"WebPage\",\"@id\":\"https:\\\/\\\/www.laguiadepamplona.com\\\/actualidad\\\/la-historia-de-la-avenida-de-san-ignacio-en-euskera-la-oferta-de-charla-accesible-en-civivox-ensanche\\\/\",\"url\":\"https:\\\/\\\/www.laguiadepamplona.com\\\/actualidad\\\/la-historia-de-la-avenida-de-san-ignacio-en-euskera-la-oferta-de-charla-accesible-en-civivox-ensanche\\\/\",\"name\":\"La historia de la avenida de San Ignacio en euskera, la oferta de charla accesible en Civivox Ensanche\",\"isPartOf\":{\"@id\":\"https:\\\/\\\/www.laguiadepamplona.com\\\/actualidad\\\/#website\"},\"primaryImageOfPage\":{\"@id\":\"https:\\\/\\\/www.laguiadepamplona.com\\\/actualidad\\\/la-historia-de-la-avenida-de-san-ignacio-en-euskera-la-oferta-de-charla-accesible-en-civivox-ensanche\\\/#primaryimage\"},\"image\":{\"@id\":\"https:\\\/\\\/www.laguiadepamplona.com\\\/actualidad\\\/la-historia-de-la-avenida-de-san-ignacio-en-euskera-la-oferta-de-charla-accesible-en-civivox-ensanche\\\/#primaryimage\"},\"thumbnailUrl\":\"https:\\\/\\\/www.laguiadepamplona.com\\\/actualidad\\\/wp-content\\\/uploads\\\/2016\\\/12\\\/Civivox-ensanche.jpg\",\"datePublished\":\"2018-12-19T11:59:46+00:00\",\"dateModified\":\"2018-12-19T11:59:51+00:00\",\"breadcrumb\":{\"@id\":\"https:\\\/\\\/www.laguiadepamplona.com\\\/actualidad\\\/la-historia-de-la-avenida-de-san-ignacio-en-euskera-la-oferta-de-charla-accesible-en-civivox-ensanche\\\/#breadcrumb\"},\"inLanguage\":\"es\",\"potentialAction\":[{\"@type\":\"ReadAction\",\"target\":[\"https:\\\/\\\/www.laguiadepamplona.com\\\/actualidad\\\/la-historia-de-la-avenida-de-san-ignacio-en-euskera-la-oferta-de-charla-accesible-en-civivox-ensanche\\\/\"]}]},{\"@type\":\"ImageObject\",\"inLanguage\":\"es\",\"@id\":\"https:\\\/\\\/www.laguiadepamplona.com\\\/actualidad\\\/la-historia-de-la-avenida-de-san-ignacio-en-euskera-la-oferta-de-charla-accesible-en-civivox-ensanche\\\/#primaryimage\",\"url\":\"https:\\\/\\\/www.laguiadepamplona.com\\\/actualidad\\\/wp-content\\\/uploads\\\/2016\\\/12\\\/Civivox-ensanche.jpg\",\"contentUrl\":\"https:\\\/\\\/www.laguiadepamplona.com\\\/actualidad\\\/wp-content\\\/uploads\\\/2016\\\/12\\\/Civivox-ensanche.jpg\",\"width\":1024,\"height\":768},{\"@type\":\"BreadcrumbList\",\"@id\":\"https:\\\/\\\/www.laguiadepamplona.com\\\/actualidad\\\/la-historia-de-la-avenida-de-san-ignacio-en-euskera-la-oferta-de-charla-accesible-en-civivox-ensanche\\\/#breadcrumb\",\"itemListElement\":[{\"@type\":\"ListItem\",\"position\":1,\"name\":\"Portada\",\"item\":\"https:\\\/\\\/www.laguiadepamplona.com\\\/actualidad\\\/\"},{\"@type\":\"ListItem\",\"position\":2,\"name\":\"La historia de la avenida de San Ignacio en euskera, la oferta de charla accesible en Civivox Ensanche\"}]},{\"@type\":\"WebSite\",\"@id\":\"https:\\\/\\\/www.laguiadepamplona.com\\\/actualidad\\\/#website\",\"url\":\"https:\\\/\\\/www.laguiadepamplona.com\\\/actualidad\\\/\",\"name\":\"La gu\u00eda de Pamplona\",\"description\":\"Noticias de Pamplona\",\"publisher\":{\"@id\":\"https:\\\/\\\/www.laguiadepamplona.com\\\/actualidad\\\/#organization\"},\"potentialAction\":[{\"@type\":\"SearchAction\",\"target\":{\"@type\":\"EntryPoint\",\"urlTemplate\":\"https:\\\/\\\/www.laguiadepamplona.com\\\/actualidad\\\/?s={search_term_string}\"},\"query-input\":{\"@type\":\"PropertyValueSpecification\",\"valueRequired\":true,\"valueName\":\"search_term_string\"}}],\"inLanguage\":\"es\"},{\"@type\":\"Organization\",\"@id\":\"https:\\\/\\\/www.laguiadepamplona.com\\\/actualidad\\\/#organization\",\"name\":\"La Gu\u00eda de Pamplona \\\/ Noticias\",\"url\":\"https:\\\/\\\/www.laguiadepamplona.com\\\/actualidad\\\/\",\"logo\":{\"@type\":\"ImageObject\",\"inLanguage\":\"es\",\"@id\":\"https:\\\/\\\/www.laguiadepamplona.com\\\/actualidad\\\/#\\\/schema\\\/logo\\\/image\\\/\",\"url\":\"https:\\\/\\\/www.laguiadepamplona.com\\\/actualidad\\\/wp-content\\\/uploads\\\/2018\\\/11\\\/logo-laguiadepamplona18-web1.png\",\"contentUrl\":\"https:\\\/\\\/www.laguiadepamplona.com\\\/actualidad\\\/wp-content\\\/uploads\\\/2018\\\/11\\\/logo-laguiadepamplona18-web1.png\",\"width\":600,\"height\":196,\"caption\":\"La Gu\u00eda de Pamplona \\\/ Noticias\"},\"image\":{\"@id\":\"https:\\\/\\\/www.laguiadepamplona.com\\\/actualidad\\\/#\\\/schema\\\/logo\\\/image\\\/\"},\"sameAs\":[\"https:\\\/\\\/www.facebook.com\\\/laguiadepamplonacom-133175176762273\\\/?ref=hl\",\"https:\\\/\\\/x.com\\\/LaGuiadPamplona\",\"https:\\\/\\\/www.instagram.com\\\/la_guia_de_pamplona\\\/\",\"https:\\\/\\\/www.youtube.com\\\/user\\\/laguiadepamplona\"]},{\"@type\":\"Person\",\"@id\":\"https:\\\/\\\/www.laguiadepamplona.com\\\/actualidad\\\/#\\\/schema\\\/person\\\/efe887376f0213d4657c93adc50b1fdb\",\"name\":\"La Gu\u00eda de Pamplona\",\"image\":{\"@type\":\"ImageObject\",\"inLanguage\":\"es\",\"@id\":\"https:\\\/\\\/secure.gravatar.com\\\/avatar\\\/b6992f131dc8d30ab0dff15446e9d346d9dbd95992de0fef795073f5ea83a81c?s=96&d=mm&r=g\",\"url\":\"https:\\\/\\\/secure.gravatar.com\\\/avatar\\\/b6992f131dc8d30ab0dff15446e9d346d9dbd95992de0fef795073f5ea83a81c?s=96&d=mm&r=g\",\"contentUrl\":\"https:\\\/\\\/secure.gravatar.com\\\/avatar\\\/b6992f131dc8d30ab0dff15446e9d346d9dbd95992de0fef795073f5ea83a81c?s=96&d=mm&r=g\",\"caption\":\"La Gu\u00eda de Pamplona\"}}]}<\/script>\n<!-- \/ Yoast SEO plugin. -->","yoast_head_json":{"title":"La historia de la avenida de San Ignacio en euskera, la oferta de charla accesible en Civivox Ensanche","robots":{"index":"index","follow":"follow","max-snippet":"max-snippet:-1","max-image-preview":"max-image-preview:large","max-video-preview":"max-video-preview:-1"},"canonical":"https:\/\/www.laguiadepamplona.com\/actualidad\/la-historia-de-la-avenida-de-san-ignacio-en-euskera-la-oferta-de-charla-accesible-en-civivox-ensanche\/","og_locale":"es_ES","og_type":"article","og_title":"La historia de la avenida de San Ignacio en euskera, la oferta de charla accesible en Civivox Ensanche","og_url":"https:\/\/www.laguiadepamplona.com\/actualidad\/la-historia-de-la-avenida-de-san-ignacio-en-euskera-la-oferta-de-charla-accesible-en-civivox-ensanche\/","og_site_name":"La Gu\u00eda de Pamplona","article_publisher":"https:\/\/www.facebook.com\/laguiadepamplonacom-133175176762273\/?ref=hl","article_published_time":"2018-12-19T11:59:46+00:00","article_modified_time":"2018-12-19T11:59:51+00:00","og_image":[{"width":1024,"height":768,"url":"https:\/\/www.laguiadepamplona.com\/actualidad\/wp-content\/uploads\/2016\/12\/Civivox-ensanche.jpg","type":"image\/jpeg"}],"author":"La Gu\u00eda de Pamplona","twitter_card":"summary_large_image","twitter_creator":"@LaGuiadPamplona","twitter_site":"@LaGuiadPamplona","twitter_misc":{"Escrito por":"La Gu\u00eda de Pamplona","Tiempo de lectura":"2 minutos"},"schema":{"@context":"https:\/\/schema.org","@graph":[{"@type":"Article","@id":"https:\/\/www.laguiadepamplona.com\/actualidad\/la-historia-de-la-avenida-de-san-ignacio-en-euskera-la-oferta-de-charla-accesible-en-civivox-ensanche\/#article","isPartOf":{"@id":"https:\/\/www.laguiadepamplona.com\/actualidad\/la-historia-de-la-avenida-de-san-ignacio-en-euskera-la-oferta-de-charla-accesible-en-civivox-ensanche\/"},"author":{"name":"La Gu\u00eda de Pamplona","@id":"https:\/\/www.laguiadepamplona.com\/actualidad\/#\/schema\/person\/efe887376f0213d4657c93adc50b1fdb"},"headline":"La historia de la avenida de San Ignacio en euskera, la oferta de charla accesible en Civivox Ensanche","datePublished":"2018-12-19T11:59:46+00:00","dateModified":"2018-12-19T11:59:51+00:00","mainEntityOfPage":{"@id":"https:\/\/www.laguiadepamplona.com\/actualidad\/la-historia-de-la-avenida-de-san-ignacio-en-euskera-la-oferta-de-charla-accesible-en-civivox-ensanche\/"},"wordCount":443,"commentCount":0,"publisher":{"@id":"https:\/\/www.laguiadepamplona.com\/actualidad\/#organization"},"image":{"@id":"https:\/\/www.laguiadepamplona.com\/actualidad\/la-historia-de-la-avenida-de-san-ignacio-en-euskera-la-oferta-de-charla-accesible-en-civivox-ensanche\/#primaryimage"},"thumbnailUrl":"https:\/\/www.laguiadepamplona.com\/actualidad\/wp-content\/uploads\/2016\/12\/Civivox-ensanche.jpg","articleSection":["Ayto Pamplona"],"inLanguage":"es","potentialAction":[{"@type":"CommentAction","name":"Comment","target":["https:\/\/www.laguiadepamplona.com\/actualidad\/la-historia-de-la-avenida-de-san-ignacio-en-euskera-la-oferta-de-charla-accesible-en-civivox-ensanche\/#respond"]}]},{"@type":"WebPage","@id":"https:\/\/www.laguiadepamplona.com\/actualidad\/la-historia-de-la-avenida-de-san-ignacio-en-euskera-la-oferta-de-charla-accesible-en-civivox-ensanche\/","url":"https:\/\/www.laguiadepamplona.com\/actualidad\/la-historia-de-la-avenida-de-san-ignacio-en-euskera-la-oferta-de-charla-accesible-en-civivox-ensanche\/","name":"La historia de la avenida de San Ignacio en euskera, la oferta de charla accesible en Civivox Ensanche","isPartOf":{"@id":"https:\/\/www.laguiadepamplona.com\/actualidad\/#website"},"primaryImageOfPage":{"@id":"https:\/\/www.laguiadepamplona.com\/actualidad\/la-historia-de-la-avenida-de-san-ignacio-en-euskera-la-oferta-de-charla-accesible-en-civivox-ensanche\/#primaryimage"},"image":{"@id":"https:\/\/www.laguiadepamplona.com\/actualidad\/la-historia-de-la-avenida-de-san-ignacio-en-euskera-la-oferta-de-charla-accesible-en-civivox-ensanche\/#primaryimage"},"thumbnailUrl":"https:\/\/www.laguiadepamplona.com\/actualidad\/wp-content\/uploads\/2016\/12\/Civivox-ensanche.jpg","datePublished":"2018-12-19T11:59:46+00:00","dateModified":"2018-12-19T11:59:51+00:00","breadcrumb":{"@id":"https:\/\/www.laguiadepamplona.com\/actualidad\/la-historia-de-la-avenida-de-san-ignacio-en-euskera-la-oferta-de-charla-accesible-en-civivox-ensanche\/#breadcrumb"},"inLanguage":"es","potentialAction":[{"@type":"ReadAction","target":["https:\/\/www.laguiadepamplona.com\/actualidad\/la-historia-de-la-avenida-de-san-ignacio-en-euskera-la-oferta-de-charla-accesible-en-civivox-ensanche\/"]}]},{"@type":"ImageObject","inLanguage":"es","@id":"https:\/\/www.laguiadepamplona.com\/actualidad\/la-historia-de-la-avenida-de-san-ignacio-en-euskera-la-oferta-de-charla-accesible-en-civivox-ensanche\/#primaryimage","url":"https:\/\/www.laguiadepamplona.com\/actualidad\/wp-content\/uploads\/2016\/12\/Civivox-ensanche.jpg","contentUrl":"https:\/\/www.laguiadepamplona.com\/actualidad\/wp-content\/uploads\/2016\/12\/Civivox-ensanche.jpg","width":1024,"height":768},{"@type":"BreadcrumbList","@id":"https:\/\/www.laguiadepamplona.com\/actualidad\/la-historia-de-la-avenida-de-san-ignacio-en-euskera-la-oferta-de-charla-accesible-en-civivox-ensanche\/#breadcrumb","itemListElement":[{"@type":"ListItem","position":1,"name":"Portada","item":"https:\/\/www.laguiadepamplona.com\/actualidad\/"},{"@type":"ListItem","position":2,"name":"La historia de la avenida de San Ignacio en euskera, la oferta de charla accesible en Civivox Ensanche"}]},{"@type":"WebSite","@id":"https:\/\/www.laguiadepamplona.com\/actualidad\/#website","url":"https:\/\/www.laguiadepamplona.com\/actualidad\/","name":"La gu\u00eda de Pamplona","description":"Noticias de Pamplona","publisher":{"@id":"https:\/\/www.laguiadepamplona.com\/actualidad\/#organization"},"potentialAction":[{"@type":"SearchAction","target":{"@type":"EntryPoint","urlTemplate":"https:\/\/www.laguiadepamplona.com\/actualidad\/?s={search_term_string}"},"query-input":{"@type":"PropertyValueSpecification","valueRequired":true,"valueName":"search_term_string"}}],"inLanguage":"es"},{"@type":"Organization","@id":"https:\/\/www.laguiadepamplona.com\/actualidad\/#organization","name":"La Gu\u00eda de Pamplona \/ Noticias","url":"https:\/\/www.laguiadepamplona.com\/actualidad\/","logo":{"@type":"ImageObject","inLanguage":"es","@id":"https:\/\/www.laguiadepamplona.com\/actualidad\/#\/schema\/logo\/image\/","url":"https:\/\/www.laguiadepamplona.com\/actualidad\/wp-content\/uploads\/2018\/11\/logo-laguiadepamplona18-web1.png","contentUrl":"https:\/\/www.laguiadepamplona.com\/actualidad\/wp-content\/uploads\/2018\/11\/logo-laguiadepamplona18-web1.png","width":600,"height":196,"caption":"La Gu\u00eda de Pamplona \/ Noticias"},"image":{"@id":"https:\/\/www.laguiadepamplona.com\/actualidad\/#\/schema\/logo\/image\/"},"sameAs":["https:\/\/www.facebook.com\/laguiadepamplonacom-133175176762273\/?ref=hl","https:\/\/x.com\/LaGuiadPamplona","https:\/\/www.instagram.com\/la_guia_de_pamplona\/","https:\/\/www.youtube.com\/user\/laguiadepamplona"]},{"@type":"Person","@id":"https:\/\/www.laguiadepamplona.com\/actualidad\/#\/schema\/person\/efe887376f0213d4657c93adc50b1fdb","name":"La Gu\u00eda de Pamplona","image":{"@type":"ImageObject","inLanguage":"es","@id":"https:\/\/secure.gravatar.com\/avatar\/b6992f131dc8d30ab0dff15446e9d346d9dbd95992de0fef795073f5ea83a81c?s=96&d=mm&r=g","url":"https:\/\/secure.gravatar.com\/avatar\/b6992f131dc8d30ab0dff15446e9d346d9dbd95992de0fef795073f5ea83a81c?s=96&d=mm&r=g","contentUrl":"https:\/\/secure.gravatar.com\/avatar\/b6992f131dc8d30ab0dff15446e9d346d9dbd95992de0fef795073f5ea83a81c?s=96&d=mm&r=g","caption":"La Gu\u00eda de Pamplona"}}]}},"post_mailing_queue_ids":[],"_links":{"self":[{"href":"https:\/\/www.laguiadepamplona.com\/actualidad\/wp-json\/wp\/v2\/posts\/19876","targetHints":{"allow":["GET"]}}],"collection":[{"href":"https:\/\/www.laguiadepamplona.com\/actualidad\/wp-json\/wp\/v2\/posts"}],"about":[{"href":"https:\/\/www.laguiadepamplona.com\/actualidad\/wp-json\/wp\/v2\/types\/post"}],"author":[{"embeddable":true,"href":"https:\/\/www.laguiadepamplona.com\/actualidad\/wp-json\/wp\/v2\/users\/1"}],"replies":[{"embeddable":true,"href":"https:\/\/www.laguiadepamplona.com\/actualidad\/wp-json\/wp\/v2\/comments?post=19876"}],"version-history":[{"count":0,"href":"https:\/\/www.laguiadepamplona.com\/actualidad\/wp-json\/wp\/v2\/posts\/19876\/revisions"}],"wp:featuredmedia":[{"embeddable":true,"href":"https:\/\/www.laguiadepamplona.com\/actualidad\/wp-json\/wp\/v2\/media\/11186"}],"wp:attachment":[{"href":"https:\/\/www.laguiadepamplona.com\/actualidad\/wp-json\/wp\/v2\/media?parent=19876"}],"wp:term":[{"taxonomy":"category","embeddable":true,"href":"https:\/\/www.laguiadepamplona.com\/actualidad\/wp-json\/wp\/v2\/categories?post=19876"},{"taxonomy":"post_tag","embeddable":true,"href":"https:\/\/www.laguiadepamplona.com\/actualidad\/wp-json\/wp\/v2\/tags?post=19876"}],"curies":[{"name":"wp","href":"https:\/\/api.w.org\/{rel}","templated":true}]}}