{"id":19872,"date":"2018-12-19T13:56:56","date_gmt":"2018-12-19T11:56:56","guid":{"rendered":"https:\/\/www.laguiadepamplona.es\/actualidad\/?p=19872"},"modified":"2018-12-19T14:00:16","modified_gmt":"2018-12-19T12:00:16","slug":"el-ayuntamiento-recuerda-a-la-ciudadania-la-conveniencia-de-comunicar-los-avistamientos-de-nidos-de-avispa-asiatica","status":"publish","type":"post","link":"https:\/\/www.laguiadepamplona.com\/actualidad\/el-ayuntamiento-recuerda-a-la-ciudadania-la-conveniencia-de-comunicar-los-avistamientos-de-nidos-de-avispa-asiatica\/","title":{"rendered":"El Ayuntamiento recuerda a la ciudadan\u00eda la conveniencia de comunicar los avistamientos de nidos de avispa asi\u00e1tica"},"content":{"rendered":"\n<!--more-->\n\n\n<h3>Si los troncos de los \u00e1rboles donde se encuentran los nidos tienen una \u2018V\u2019 roja es que ya se ha registrado la incidencia<\/h3>\n<p>El Ayuntamiento de Pamplona insiste un a\u00f1o m\u00e1s en la conveniencia de comunicar la presencia de nidos de avispa asi\u00e1tica en la ciudad. La avispa asi\u00e1tica es una especia invasora poco agresiva, ya que apenas pica de forma natural. Su picadura, adem\u00e1s, no reviste una problem\u00e1tica especial respecto al resto de avispas, salvo que la persona afectada tenga alguna intolerancia o alergia determinada. En cualquier caso, y como precauci\u00f3n, no conviene acercarse a un nido a una distancia inferior a cinco metros.<\/p>\n<p>Es conveniente comunicar los avistamientos de nidos con el fin de contribuir al control de esta especie ex\u00f3tica invasora. Si el nido se encuentra en el entorno urbano de la ciudad, hay que ponerlo en conocimiento del Ayuntamiento de Pamplona; en el caso de que est\u00e9 fuera del entorno urbano, la referencia ser\u00e1 el Gobierno de Navarra. Si el tronco del \u00e1rbol donde se encuentra el nido est\u00e1 marcado con una \u2018V\u2019 de color rojo significa que ya est\u00e1 registrado, por lo que no es necesario comunicarlo. El Ayuntamiento de Pamplona a trav\u00e9s lo sigue cuidadosamente y una vez que se recibe un aviso, el Parque de Desinfecci\u00f3n del Ayuntamiento de Pamplona eval\u00faa la situaci\u00f3n, para que en funci\u00f3n de unos criterios previamente definidos y siguiendo el protocolo marcado, se retire el nido o se derive a otros cuerpos de intervenci\u00f3n, por incapacidad de medios.<\/p>\n<p>La labor de la ciudadan\u00eda a la hora de detectar los nidos es muy importante para el control de la especie, pero sobre todo durante la primavera, ya que es, en este periodo cuando las reinas que han invernado forman los nidos primarios que van a dar lugar a la nueva colonia. A mediados de junio van a constituir los nidos secundarios, que albergar\u00e1n a las futuras reinas. Los nidos secundarios son nidos de gran tama\u00f1o, que tanto por la altura, como por el follaje de las hojas de los \u00e1rboles donde se construyen, pasan desapercibidos tanto por las autoridades como la ciudadan\u00eda.<\/p>\n<p><strong>Sobre la avispa asi\u00e1tica<\/strong><\/p>\n<p>El avisp\u00f3n asi\u00e1tico (<em>Vespa velutina<\/em>), tambi\u00e9n denominado avispa asi\u00e1tica, est\u00e1 catalogado como especie ex\u00f3tica&nbsp;invasora. Entr\u00f3 en Navarra sobre el a\u00f1o 2010 y en tres a\u00f1os ocup\u00f3 el territorio foral.&nbsp; Resulta m\u00e1s dif\u00edcil verla en la mitad sur de Navarra y las zonas pirenaicas y prepirenaicas, donde las temperaturas invernales son un factor limitante para su desarrollo.&nbsp; Al tratarse de una especie catalogada como especie ex\u00f3tica invasora, el Gobierno central dise\u00f1\u00f3 una estrategia de gesti\u00f3n, control y posible erradicaci\u00f3n de la especie. Se trata, por una parte, de controlar la expansi\u00f3n de la especie por su car\u00e1cter invasor y predador frente a la abeja y la avispa aut\u00f3ctona, y por otra, de proteger a la ciudadan\u00eda en los casos donde se considera la existencia de un riesgo para la salud humana.<\/p>\n<p>Los nidos de avisp\u00f3n asi\u00e1tico se mantienen durante varios meses, pero su visibilidad es menor durante la primavera y el verano. La ca\u00edda de las hojas posibilita que se avisten m\u00e1s f\u00e1cilmente en oto\u00f1o, particularmente en el entorno de r\u00edos y huertas, e incluso todav\u00eda pueden verse avispones activos al final de su ciclo vital, que es anual y termina ahora. Por todo esto, la intervenci\u00f3n cobra mayor importancia en primavera y verano que es la \u00e9poca de formaci\u00f3n de los nidos primarios y secundarios respectivamente. La intervenci\u00f3n en estas \u00e9pocas permite eliminar a las reinas responsables de la perpetuidad de la especie y que durante estas estaciones se encuentran en el interior de los nidos. En oto\u00f1o las reinas fecundadas, futuras fundadoras, abandonan los nidos para invernar. Con la entrada del fr\u00edo, la actividad del nido, va languideciendo hasta que los machos, las obreras y la reina del ciclo anterior mueren. Al a\u00f1o siguiente, esos nidos no volver\u00e1n a ser ocupados, lo que implica que no es necesaria su eliminaci\u00f3n, salvo si existe riesgo de ca\u00edda del nido sobre zonas habituales de paso y estancia.<\/p>","protected":false},"excerpt":{"rendered":"","protected":false},"author":1,"featured_media":11957,"comment_status":"open","ping_status":"closed","sticky":false,"template":"","format":"standard","meta":{"footnotes":""},"categories":[2],"tags":[],"class_list":["post-19872","post","type-post","status-publish","format-standard","has-post-thumbnail","hentry","category-ayuntamiento-pamplona"],"yoast_head":"<!-- This site is optimized with the Yoast SEO plugin v27.3 - https:\/\/yoast.com\/product\/yoast-seo-wordpress\/ -->\n<title>El Ayuntamiento recuerda a la ciudadan\u00eda la conveniencia de comunicar los avistamientos de nidos de avispa asi\u00e1tica<\/title>\n<meta name=\"robots\" content=\"index, follow, max-snippet:-1, max-image-preview:large, max-video-preview:-1\" \/>\n<link rel=\"canonical\" href=\"https:\/\/www.laguiadepamplona.com\/actualidad\/el-ayuntamiento-recuerda-a-la-ciudadania-la-conveniencia-de-comunicar-los-avistamientos-de-nidos-de-avispa-asiatica\/\" \/>\n<meta property=\"og:locale\" content=\"es_ES\" \/>\n<meta property=\"og:type\" content=\"article\" \/>\n<meta property=\"og:title\" content=\"El Ayuntamiento recuerda a la ciudadan\u00eda la conveniencia de comunicar los avistamientos de nidos de avispa asi\u00e1tica\" \/>\n<meta property=\"og:url\" content=\"https:\/\/www.laguiadepamplona.com\/actualidad\/el-ayuntamiento-recuerda-a-la-ciudadania-la-conveniencia-de-comunicar-los-avistamientos-de-nidos-de-avispa-asiatica\/\" \/>\n<meta property=\"og:site_name\" content=\"La Gu\u00eda de Pamplona\" \/>\n<meta property=\"article:publisher\" content=\"https:\/\/www.facebook.com\/laguiadepamplonacom-133175176762273\/?ref=hl\" \/>\n<meta property=\"article:published_time\" content=\"2018-12-19T11:56:56+00:00\" \/>\n<meta property=\"article:modified_time\" content=\"2018-12-19T12:00:16+00:00\" \/>\n<meta property=\"og:image\" content=\"https:\/\/www.laguiadepamplona.com\/actualidad\/wp-content\/uploads\/2017\/02\/nido_avispa_asiatica2.jpg\" \/>\n\t<meta property=\"og:image:width\" content=\"900\" \/>\n\t<meta property=\"og:image:height\" content=\"596\" \/>\n\t<meta property=\"og:image:type\" content=\"image\/jpeg\" \/>\n<meta name=\"author\" content=\"La Gu\u00eda de Pamplona\" \/>\n<meta name=\"twitter:card\" content=\"summary_large_image\" \/>\n<meta name=\"twitter:creator\" content=\"@LaGuiadPamplona\" \/>\n<meta name=\"twitter:site\" content=\"@LaGuiadPamplona\" \/>\n<meta name=\"twitter:label1\" content=\"Escrito por\" \/>\n\t<meta name=\"twitter:data1\" content=\"La Gu\u00eda de Pamplona\" \/>\n\t<meta name=\"twitter:label2\" content=\"Tiempo de lectura\" \/>\n\t<meta name=\"twitter:data2\" content=\"4 minutos\" \/>\n<script type=\"application\/ld+json\" class=\"yoast-schema-graph\">{\"@context\":\"https:\\\/\\\/schema.org\",\"@graph\":[{\"@type\":\"Article\",\"@id\":\"https:\\\/\\\/www.laguiadepamplona.com\\\/actualidad\\\/el-ayuntamiento-recuerda-a-la-ciudadania-la-conveniencia-de-comunicar-los-avistamientos-de-nidos-de-avispa-asiatica\\\/#article\",\"isPartOf\":{\"@id\":\"https:\\\/\\\/www.laguiadepamplona.com\\\/actualidad\\\/el-ayuntamiento-recuerda-a-la-ciudadania-la-conveniencia-de-comunicar-los-avistamientos-de-nidos-de-avispa-asiatica\\\/\"},\"author\":{\"name\":\"La Gu\u00eda de Pamplona\",\"@id\":\"https:\\\/\\\/www.laguiadepamplona.com\\\/actualidad\\\/#\\\/schema\\\/person\\\/efe887376f0213d4657c93adc50b1fdb\"},\"headline\":\"El Ayuntamiento recuerda a la ciudadan\u00eda la conveniencia de comunicar los avistamientos de nidos de avispa asi\u00e1tica\",\"datePublished\":\"2018-12-19T11:56:56+00:00\",\"dateModified\":\"2018-12-19T12:00:16+00:00\",\"mainEntityOfPage\":{\"@id\":\"https:\\\/\\\/www.laguiadepamplona.com\\\/actualidad\\\/el-ayuntamiento-recuerda-a-la-ciudadania-la-conveniencia-de-comunicar-los-avistamientos-de-nidos-de-avispa-asiatica\\\/\"},\"wordCount\":747,\"commentCount\":0,\"publisher\":{\"@id\":\"https:\\\/\\\/www.laguiadepamplona.com\\\/actualidad\\\/#organization\"},\"image\":{\"@id\":\"https:\\\/\\\/www.laguiadepamplona.com\\\/actualidad\\\/el-ayuntamiento-recuerda-a-la-ciudadania-la-conveniencia-de-comunicar-los-avistamientos-de-nidos-de-avispa-asiatica\\\/#primaryimage\"},\"thumbnailUrl\":\"https:\\\/\\\/www.laguiadepamplona.com\\\/actualidad\\\/wp-content\\\/uploads\\\/2017\\\/02\\\/nido_avispa_asiatica2.jpg\",\"articleSection\":[\"Ayto Pamplona\"],\"inLanguage\":\"es\",\"potentialAction\":[{\"@type\":\"CommentAction\",\"name\":\"Comment\",\"target\":[\"https:\\\/\\\/www.laguiadepamplona.com\\\/actualidad\\\/el-ayuntamiento-recuerda-a-la-ciudadania-la-conveniencia-de-comunicar-los-avistamientos-de-nidos-de-avispa-asiatica\\\/#respond\"]}]},{\"@type\":\"WebPage\",\"@id\":\"https:\\\/\\\/www.laguiadepamplona.com\\\/actualidad\\\/el-ayuntamiento-recuerda-a-la-ciudadania-la-conveniencia-de-comunicar-los-avistamientos-de-nidos-de-avispa-asiatica\\\/\",\"url\":\"https:\\\/\\\/www.laguiadepamplona.com\\\/actualidad\\\/el-ayuntamiento-recuerda-a-la-ciudadania-la-conveniencia-de-comunicar-los-avistamientos-de-nidos-de-avispa-asiatica\\\/\",\"name\":\"El Ayuntamiento recuerda a la ciudadan\u00eda la conveniencia de comunicar los avistamientos de nidos de avispa asi\u00e1tica\",\"isPartOf\":{\"@id\":\"https:\\\/\\\/www.laguiadepamplona.com\\\/actualidad\\\/#website\"},\"primaryImageOfPage\":{\"@id\":\"https:\\\/\\\/www.laguiadepamplona.com\\\/actualidad\\\/el-ayuntamiento-recuerda-a-la-ciudadania-la-conveniencia-de-comunicar-los-avistamientos-de-nidos-de-avispa-asiatica\\\/#primaryimage\"},\"image\":{\"@id\":\"https:\\\/\\\/www.laguiadepamplona.com\\\/actualidad\\\/el-ayuntamiento-recuerda-a-la-ciudadania-la-conveniencia-de-comunicar-los-avistamientos-de-nidos-de-avispa-asiatica\\\/#primaryimage\"},\"thumbnailUrl\":\"https:\\\/\\\/www.laguiadepamplona.com\\\/actualidad\\\/wp-content\\\/uploads\\\/2017\\\/02\\\/nido_avispa_asiatica2.jpg\",\"datePublished\":\"2018-12-19T11:56:56+00:00\",\"dateModified\":\"2018-12-19T12:00:16+00:00\",\"breadcrumb\":{\"@id\":\"https:\\\/\\\/www.laguiadepamplona.com\\\/actualidad\\\/el-ayuntamiento-recuerda-a-la-ciudadania-la-conveniencia-de-comunicar-los-avistamientos-de-nidos-de-avispa-asiatica\\\/#breadcrumb\"},\"inLanguage\":\"es\",\"potentialAction\":[{\"@type\":\"ReadAction\",\"target\":[\"https:\\\/\\\/www.laguiadepamplona.com\\\/actualidad\\\/el-ayuntamiento-recuerda-a-la-ciudadania-la-conveniencia-de-comunicar-los-avistamientos-de-nidos-de-avispa-asiatica\\\/\"]}]},{\"@type\":\"ImageObject\",\"inLanguage\":\"es\",\"@id\":\"https:\\\/\\\/www.laguiadepamplona.com\\\/actualidad\\\/el-ayuntamiento-recuerda-a-la-ciudadania-la-conveniencia-de-comunicar-los-avistamientos-de-nidos-de-avispa-asiatica\\\/#primaryimage\",\"url\":\"https:\\\/\\\/www.laguiadepamplona.com\\\/actualidad\\\/wp-content\\\/uploads\\\/2017\\\/02\\\/nido_avispa_asiatica2.jpg\",\"contentUrl\":\"https:\\\/\\\/www.laguiadepamplona.com\\\/actualidad\\\/wp-content\\\/uploads\\\/2017\\\/02\\\/nido_avispa_asiatica2.jpg\",\"width\":900,\"height\":596},{\"@type\":\"BreadcrumbList\",\"@id\":\"https:\\\/\\\/www.laguiadepamplona.com\\\/actualidad\\\/el-ayuntamiento-recuerda-a-la-ciudadania-la-conveniencia-de-comunicar-los-avistamientos-de-nidos-de-avispa-asiatica\\\/#breadcrumb\",\"itemListElement\":[{\"@type\":\"ListItem\",\"position\":1,\"name\":\"Portada\",\"item\":\"https:\\\/\\\/www.laguiadepamplona.com\\\/actualidad\\\/\"},{\"@type\":\"ListItem\",\"position\":2,\"name\":\"El Ayuntamiento recuerda a la ciudadan\u00eda la conveniencia de comunicar los avistamientos de nidos de avispa asi\u00e1tica\"}]},{\"@type\":\"WebSite\",\"@id\":\"https:\\\/\\\/www.laguiadepamplona.com\\\/actualidad\\\/#website\",\"url\":\"https:\\\/\\\/www.laguiadepamplona.com\\\/actualidad\\\/\",\"name\":\"La gu\u00eda de Pamplona\",\"description\":\"Noticias de Pamplona\",\"publisher\":{\"@id\":\"https:\\\/\\\/www.laguiadepamplona.com\\\/actualidad\\\/#organization\"},\"potentialAction\":[{\"@type\":\"SearchAction\",\"target\":{\"@type\":\"EntryPoint\",\"urlTemplate\":\"https:\\\/\\\/www.laguiadepamplona.com\\\/actualidad\\\/?s={search_term_string}\"},\"query-input\":{\"@type\":\"PropertyValueSpecification\",\"valueRequired\":true,\"valueName\":\"search_term_string\"}}],\"inLanguage\":\"es\"},{\"@type\":\"Organization\",\"@id\":\"https:\\\/\\\/www.laguiadepamplona.com\\\/actualidad\\\/#organization\",\"name\":\"La Gu\u00eda de Pamplona \\\/ Noticias\",\"url\":\"https:\\\/\\\/www.laguiadepamplona.com\\\/actualidad\\\/\",\"logo\":{\"@type\":\"ImageObject\",\"inLanguage\":\"es\",\"@id\":\"https:\\\/\\\/www.laguiadepamplona.com\\\/actualidad\\\/#\\\/schema\\\/logo\\\/image\\\/\",\"url\":\"https:\\\/\\\/www.laguiadepamplona.com\\\/actualidad\\\/wp-content\\\/uploads\\\/2018\\\/11\\\/logo-laguiadepamplona18-web1.png\",\"contentUrl\":\"https:\\\/\\\/www.laguiadepamplona.com\\\/actualidad\\\/wp-content\\\/uploads\\\/2018\\\/11\\\/logo-laguiadepamplona18-web1.png\",\"width\":600,\"height\":196,\"caption\":\"La Gu\u00eda de Pamplona \\\/ Noticias\"},\"image\":{\"@id\":\"https:\\\/\\\/www.laguiadepamplona.com\\\/actualidad\\\/#\\\/schema\\\/logo\\\/image\\\/\"},\"sameAs\":[\"https:\\\/\\\/www.facebook.com\\\/laguiadepamplonacom-133175176762273\\\/?ref=hl\",\"https:\\\/\\\/x.com\\\/LaGuiadPamplona\",\"https:\\\/\\\/www.instagram.com\\\/la_guia_de_pamplona\\\/\",\"https:\\\/\\\/www.youtube.com\\\/user\\\/laguiadepamplona\"]},{\"@type\":\"Person\",\"@id\":\"https:\\\/\\\/www.laguiadepamplona.com\\\/actualidad\\\/#\\\/schema\\\/person\\\/efe887376f0213d4657c93adc50b1fdb\",\"name\":\"La Gu\u00eda de Pamplona\",\"image\":{\"@type\":\"ImageObject\",\"inLanguage\":\"es\",\"@id\":\"https:\\\/\\\/secure.gravatar.com\\\/avatar\\\/b6992f131dc8d30ab0dff15446e9d346d9dbd95992de0fef795073f5ea83a81c?s=96&d=mm&r=g\",\"url\":\"https:\\\/\\\/secure.gravatar.com\\\/avatar\\\/b6992f131dc8d30ab0dff15446e9d346d9dbd95992de0fef795073f5ea83a81c?s=96&d=mm&r=g\",\"contentUrl\":\"https:\\\/\\\/secure.gravatar.com\\\/avatar\\\/b6992f131dc8d30ab0dff15446e9d346d9dbd95992de0fef795073f5ea83a81c?s=96&d=mm&r=g\",\"caption\":\"La Gu\u00eda de Pamplona\"}}]}<\/script>\n<!-- \/ Yoast SEO plugin. -->","yoast_head_json":{"title":"El Ayuntamiento recuerda a la ciudadan\u00eda la conveniencia de comunicar los avistamientos de nidos de avispa asi\u00e1tica","robots":{"index":"index","follow":"follow","max-snippet":"max-snippet:-1","max-image-preview":"max-image-preview:large","max-video-preview":"max-video-preview:-1"},"canonical":"https:\/\/www.laguiadepamplona.com\/actualidad\/el-ayuntamiento-recuerda-a-la-ciudadania-la-conveniencia-de-comunicar-los-avistamientos-de-nidos-de-avispa-asiatica\/","og_locale":"es_ES","og_type":"article","og_title":"El Ayuntamiento recuerda a la ciudadan\u00eda la conveniencia de comunicar los avistamientos de nidos de avispa asi\u00e1tica","og_url":"https:\/\/www.laguiadepamplona.com\/actualidad\/el-ayuntamiento-recuerda-a-la-ciudadania-la-conveniencia-de-comunicar-los-avistamientos-de-nidos-de-avispa-asiatica\/","og_site_name":"La Gu\u00eda de Pamplona","article_publisher":"https:\/\/www.facebook.com\/laguiadepamplonacom-133175176762273\/?ref=hl","article_published_time":"2018-12-19T11:56:56+00:00","article_modified_time":"2018-12-19T12:00:16+00:00","og_image":[{"width":900,"height":596,"url":"https:\/\/www.laguiadepamplona.com\/actualidad\/wp-content\/uploads\/2017\/02\/nido_avispa_asiatica2.jpg","type":"image\/jpeg"}],"author":"La Gu\u00eda de Pamplona","twitter_card":"summary_large_image","twitter_creator":"@LaGuiadPamplona","twitter_site":"@LaGuiadPamplona","twitter_misc":{"Escrito por":"La Gu\u00eda de Pamplona","Tiempo de lectura":"4 minutos"},"schema":{"@context":"https:\/\/schema.org","@graph":[{"@type":"Article","@id":"https:\/\/www.laguiadepamplona.com\/actualidad\/el-ayuntamiento-recuerda-a-la-ciudadania-la-conveniencia-de-comunicar-los-avistamientos-de-nidos-de-avispa-asiatica\/#article","isPartOf":{"@id":"https:\/\/www.laguiadepamplona.com\/actualidad\/el-ayuntamiento-recuerda-a-la-ciudadania-la-conveniencia-de-comunicar-los-avistamientos-de-nidos-de-avispa-asiatica\/"},"author":{"name":"La Gu\u00eda de Pamplona","@id":"https:\/\/www.laguiadepamplona.com\/actualidad\/#\/schema\/person\/efe887376f0213d4657c93adc50b1fdb"},"headline":"El Ayuntamiento recuerda a la ciudadan\u00eda la conveniencia de comunicar los avistamientos de nidos de avispa asi\u00e1tica","datePublished":"2018-12-19T11:56:56+00:00","dateModified":"2018-12-19T12:00:16+00:00","mainEntityOfPage":{"@id":"https:\/\/www.laguiadepamplona.com\/actualidad\/el-ayuntamiento-recuerda-a-la-ciudadania-la-conveniencia-de-comunicar-los-avistamientos-de-nidos-de-avispa-asiatica\/"},"wordCount":747,"commentCount":0,"publisher":{"@id":"https:\/\/www.laguiadepamplona.com\/actualidad\/#organization"},"image":{"@id":"https:\/\/www.laguiadepamplona.com\/actualidad\/el-ayuntamiento-recuerda-a-la-ciudadania-la-conveniencia-de-comunicar-los-avistamientos-de-nidos-de-avispa-asiatica\/#primaryimage"},"thumbnailUrl":"https:\/\/www.laguiadepamplona.com\/actualidad\/wp-content\/uploads\/2017\/02\/nido_avispa_asiatica2.jpg","articleSection":["Ayto Pamplona"],"inLanguage":"es","potentialAction":[{"@type":"CommentAction","name":"Comment","target":["https:\/\/www.laguiadepamplona.com\/actualidad\/el-ayuntamiento-recuerda-a-la-ciudadania-la-conveniencia-de-comunicar-los-avistamientos-de-nidos-de-avispa-asiatica\/#respond"]}]},{"@type":"WebPage","@id":"https:\/\/www.laguiadepamplona.com\/actualidad\/el-ayuntamiento-recuerda-a-la-ciudadania-la-conveniencia-de-comunicar-los-avistamientos-de-nidos-de-avispa-asiatica\/","url":"https:\/\/www.laguiadepamplona.com\/actualidad\/el-ayuntamiento-recuerda-a-la-ciudadania-la-conveniencia-de-comunicar-los-avistamientos-de-nidos-de-avispa-asiatica\/","name":"El Ayuntamiento recuerda a la ciudadan\u00eda la conveniencia de comunicar los avistamientos de nidos de avispa asi\u00e1tica","isPartOf":{"@id":"https:\/\/www.laguiadepamplona.com\/actualidad\/#website"},"primaryImageOfPage":{"@id":"https:\/\/www.laguiadepamplona.com\/actualidad\/el-ayuntamiento-recuerda-a-la-ciudadania-la-conveniencia-de-comunicar-los-avistamientos-de-nidos-de-avispa-asiatica\/#primaryimage"},"image":{"@id":"https:\/\/www.laguiadepamplona.com\/actualidad\/el-ayuntamiento-recuerda-a-la-ciudadania-la-conveniencia-de-comunicar-los-avistamientos-de-nidos-de-avispa-asiatica\/#primaryimage"},"thumbnailUrl":"https:\/\/www.laguiadepamplona.com\/actualidad\/wp-content\/uploads\/2017\/02\/nido_avispa_asiatica2.jpg","datePublished":"2018-12-19T11:56:56+00:00","dateModified":"2018-12-19T12:00:16+00:00","breadcrumb":{"@id":"https:\/\/www.laguiadepamplona.com\/actualidad\/el-ayuntamiento-recuerda-a-la-ciudadania-la-conveniencia-de-comunicar-los-avistamientos-de-nidos-de-avispa-asiatica\/#breadcrumb"},"inLanguage":"es","potentialAction":[{"@type":"ReadAction","target":["https:\/\/www.laguiadepamplona.com\/actualidad\/el-ayuntamiento-recuerda-a-la-ciudadania-la-conveniencia-de-comunicar-los-avistamientos-de-nidos-de-avispa-asiatica\/"]}]},{"@type":"ImageObject","inLanguage":"es","@id":"https:\/\/www.laguiadepamplona.com\/actualidad\/el-ayuntamiento-recuerda-a-la-ciudadania-la-conveniencia-de-comunicar-los-avistamientos-de-nidos-de-avispa-asiatica\/#primaryimage","url":"https:\/\/www.laguiadepamplona.com\/actualidad\/wp-content\/uploads\/2017\/02\/nido_avispa_asiatica2.jpg","contentUrl":"https:\/\/www.laguiadepamplona.com\/actualidad\/wp-content\/uploads\/2017\/02\/nido_avispa_asiatica2.jpg","width":900,"height":596},{"@type":"BreadcrumbList","@id":"https:\/\/www.laguiadepamplona.com\/actualidad\/el-ayuntamiento-recuerda-a-la-ciudadania-la-conveniencia-de-comunicar-los-avistamientos-de-nidos-de-avispa-asiatica\/#breadcrumb","itemListElement":[{"@type":"ListItem","position":1,"name":"Portada","item":"https:\/\/www.laguiadepamplona.com\/actualidad\/"},{"@type":"ListItem","position":2,"name":"El Ayuntamiento recuerda a la ciudadan\u00eda la conveniencia de comunicar los avistamientos de nidos de avispa asi\u00e1tica"}]},{"@type":"WebSite","@id":"https:\/\/www.laguiadepamplona.com\/actualidad\/#website","url":"https:\/\/www.laguiadepamplona.com\/actualidad\/","name":"La gu\u00eda de Pamplona","description":"Noticias de Pamplona","publisher":{"@id":"https:\/\/www.laguiadepamplona.com\/actualidad\/#organization"},"potentialAction":[{"@type":"SearchAction","target":{"@type":"EntryPoint","urlTemplate":"https:\/\/www.laguiadepamplona.com\/actualidad\/?s={search_term_string}"},"query-input":{"@type":"PropertyValueSpecification","valueRequired":true,"valueName":"search_term_string"}}],"inLanguage":"es"},{"@type":"Organization","@id":"https:\/\/www.laguiadepamplona.com\/actualidad\/#organization","name":"La Gu\u00eda de Pamplona \/ Noticias","url":"https:\/\/www.laguiadepamplona.com\/actualidad\/","logo":{"@type":"ImageObject","inLanguage":"es","@id":"https:\/\/www.laguiadepamplona.com\/actualidad\/#\/schema\/logo\/image\/","url":"https:\/\/www.laguiadepamplona.com\/actualidad\/wp-content\/uploads\/2018\/11\/logo-laguiadepamplona18-web1.png","contentUrl":"https:\/\/www.laguiadepamplona.com\/actualidad\/wp-content\/uploads\/2018\/11\/logo-laguiadepamplona18-web1.png","width":600,"height":196,"caption":"La Gu\u00eda de Pamplona \/ Noticias"},"image":{"@id":"https:\/\/www.laguiadepamplona.com\/actualidad\/#\/schema\/logo\/image\/"},"sameAs":["https:\/\/www.facebook.com\/laguiadepamplonacom-133175176762273\/?ref=hl","https:\/\/x.com\/LaGuiadPamplona","https:\/\/www.instagram.com\/la_guia_de_pamplona\/","https:\/\/www.youtube.com\/user\/laguiadepamplona"]},{"@type":"Person","@id":"https:\/\/www.laguiadepamplona.com\/actualidad\/#\/schema\/person\/efe887376f0213d4657c93adc50b1fdb","name":"La Gu\u00eda de Pamplona","image":{"@type":"ImageObject","inLanguage":"es","@id":"https:\/\/secure.gravatar.com\/avatar\/b6992f131dc8d30ab0dff15446e9d346d9dbd95992de0fef795073f5ea83a81c?s=96&d=mm&r=g","url":"https:\/\/secure.gravatar.com\/avatar\/b6992f131dc8d30ab0dff15446e9d346d9dbd95992de0fef795073f5ea83a81c?s=96&d=mm&r=g","contentUrl":"https:\/\/secure.gravatar.com\/avatar\/b6992f131dc8d30ab0dff15446e9d346d9dbd95992de0fef795073f5ea83a81c?s=96&d=mm&r=g","caption":"La Gu\u00eda de Pamplona"}}]}},"post_mailing_queue_ids":[],"_links":{"self":[{"href":"https:\/\/www.laguiadepamplona.com\/actualidad\/wp-json\/wp\/v2\/posts\/19872","targetHints":{"allow":["GET"]}}],"collection":[{"href":"https:\/\/www.laguiadepamplona.com\/actualidad\/wp-json\/wp\/v2\/posts"}],"about":[{"href":"https:\/\/www.laguiadepamplona.com\/actualidad\/wp-json\/wp\/v2\/types\/post"}],"author":[{"embeddable":true,"href":"https:\/\/www.laguiadepamplona.com\/actualidad\/wp-json\/wp\/v2\/users\/1"}],"replies":[{"embeddable":true,"href":"https:\/\/www.laguiadepamplona.com\/actualidad\/wp-json\/wp\/v2\/comments?post=19872"}],"version-history":[{"count":0,"href":"https:\/\/www.laguiadepamplona.com\/actualidad\/wp-json\/wp\/v2\/posts\/19872\/revisions"}],"wp:featuredmedia":[{"embeddable":true,"href":"https:\/\/www.laguiadepamplona.com\/actualidad\/wp-json\/wp\/v2\/media\/11957"}],"wp:attachment":[{"href":"https:\/\/www.laguiadepamplona.com\/actualidad\/wp-json\/wp\/v2\/media?parent=19872"}],"wp:term":[{"taxonomy":"category","embeddable":true,"href":"https:\/\/www.laguiadepamplona.com\/actualidad\/wp-json\/wp\/v2\/categories?post=19872"},{"taxonomy":"post_tag","embeddable":true,"href":"https:\/\/www.laguiadepamplona.com\/actualidad\/wp-json\/wp\/v2\/tags?post=19872"}],"curies":[{"name":"wp","href":"https:\/\/api.w.org\/{rel}","templated":true}]}}