{"id":19860,"date":"2018-12-18T19:52:23","date_gmt":"2018-12-18T17:52:23","guid":{"rendered":"https:\/\/www.laguiadepamplona.es\/actualidad\/?p=19860"},"modified":"2018-12-18T19:54:30","modified_gmt":"2018-12-18T17:54:30","slug":"la-escultura-homenaje-al-medico-e-historiador-pamplones-jose-joaquin-arazuri-vuelve-a-contar-con-sus-caracteristicas-gafas","status":"publish","type":"post","link":"https:\/\/www.laguiadepamplona.com\/actualidad\/la-escultura-homenaje-al-medico-e-historiador-pamplones-jose-joaquin-arazuri-vuelve-a-contar-con-sus-caracteristicas-gafas\/","title":{"rendered":"La escultura homenaje al m\u00e9dico e historiador pamplon\u00e9s Jos\u00e9 Joaqu\u00edn Arazuri vuelve a contar con sus caracter\u00edsticas gafas"},"content":{"rendered":"\n<!--more-->\n\n\n\n<h3 class=\"wp-block-heading\">El Ayuntamiento de Pamplona se las ha colocado de nuevoco incidiendo con un acto de recuerdo con motivo del centenario de su nacimiento<\/h3>\n\n\n\n<div class=\"wp-block-image\"><figure class=\"alignleft is-resized\"><a href=\"https:\/\/www.laguiadepamplona.es\/actualidad\/wp-content\/uploads\/2018\/12\/18.12.18_homenaje_arazuri1.jpg\"><img loading=\"lazy\" decoding=\"async\" src=\"https:\/\/www.laguiadepamplona.es\/actualidad\/wp-content\/uploads\/2018\/12\/18.12.18_homenaje_arazuri1.jpg\" alt=\"\" class=\"wp-image-19861\" width=\"300\" height=\"167\"\/><\/a><\/figure><\/div>\n\n\n\n<p>La escultura del m\u00e9dico e historiador pamplon\u00e9s Jos\u00e9 Joaqu\u00edn Arazuri vuelve a mirar el d\u00eda a d\u00eda de su ciudad natal a trav\u00e9s de sus caracter\u00edsticas gafas. El Ayuntamiento de Pamplona ha celebrado esta tarde un acto en su recuerdo, con motivo del centenario de su nacimiento all\u00e1 por el 1 de diciembre de 1918, en el que se le han vuelto a colocar las gafas, que tanto defin\u00edan su figura y su personalidad.<\/p>\n\n\n\n<p>El alcalde de Pamplona, Joseba Asiron, y miembros de la Corporaci\u00f3n municipal han participado en un breve acto de homenaje que ha tenido lugar en el paseo que la ciudad le dedic\u00f3 y junto a su escultura. Desde su inauguraci\u00f3n en 2003, ya a los pocos d\u00edas, se le sustrajeron las gafas. Trasser repuestas, de nuevo, un acto vand\u00e1lico volv\u00eda a romperlas. Desde entonces,no se hab\u00edan colocado otras. La escultura del Dr. Arazuri es obra del artista Rafael Huerta y est\u00e1 creada en bronce,piedra, barro y madera.<\/p>\n\n\n\n<p>El acto ha comenzado con la lectura del pr\u00f3logo de libro \u2018Pamplona: calles y barrios\u2019, escrito por el propio Jos\u00e9 Joaqu\u00edn Arazuri, como una forma de homenajear y reconocer su inter\u00e9s por la ciudad que le vio nacer y sus gentes.Han intervenido tambi\u00e9n el alcalde de Pamplona y Sagrario Arazuri, una de las hijas del homenajeado. Por \u00faltimo, se le ha hecho entrega a la viuda del Dr.Arazuri, Sagrario Irigaray, de un ramo de flores.<\/p>\n\n\n\n<p><strong>M\u00e9dico, historiador e investigador<\/strong><\/p>\n\n\n\n<p>Jos\u00e9 Joaqu\u00edn Arazuri D\u00edez naci\u00f3 en la calle San Ant\u00f3n de Pamplona el 1 de diciembre de 1918. Estudi\u00f3 Medicina en Zaragoza, donde se licenci\u00f3 con Premio Extraordinario. En su vida fue primero, y sobre todo,m\u00e9dico puericultor, pasi\u00f3n que compatibiliz\u00f3 con el coleccionismo de viejas fotograf\u00edas, la investigaci\u00f3n hist\u00f3rica para documentarlas y la escritura. La serie de art\u00edculos titulados \u2018Archivo iluminado\u2019 y \u2018A\u00f1oranzas que no duelen\u2019fueron sus primeros comienzos como publicista en la revista Preg\u00f3n en el a\u00f1o 1961. Despu\u00e9s, le siguieron monograf\u00edas como \u2018Pamplona hace noventa a\u00f1os\u2019,\u2018Pamplona Anta\u00f1o\u2019, \u2018Pamplona estrena siglo\u2019, \u2018Pamplona Belle Epoque\u2019, \u2018Viejasr\u00faas pamplonesas\u2019, \u2018Pamplona: calles y barrios\u2019, \u2018Historia de los Sanfermines\u2019 e \u2018Historias, fotos y joyas de Pamplona\u2019.<\/p>\n\n\n\n<p>La labor de Arazuri fue reconocida por diferentes entidades e instituciones. Su ciudad, Pamplona, le concedi\u00f3 en 1992 su Medalla de Oro, en 2001 le dedic\u00f3 un paseo y en 2003, tras su fallecimiento el 6 de noviembre de 2000, le erigi\u00f3 un monumento en su memoria en la v\u00eda que lleva su nombre. Trassu muerte, su familia don\u00f3 al Ayuntamiento de Pamplona una colecci\u00f3n documental de alrededor de 22.000 fotograf\u00edas, cuyo \u00e1mbito geogr\u00e1fico se circunscribe pr\u00e1cticamente a la ciudad de Pamplona: su evoluci\u00f3n urbana, sus habitantes, sus fiestas y tradiciones, as\u00ed como los actos, actividades y obras de sus instituciones, en un per\u00edodo cronol\u00f3gico que va desde 1862 hasta 1995. <\/p>\n","protected":false},"excerpt":{"rendered":"","protected":false},"author":1,"featured_media":19862,"comment_status":"open","ping_status":"closed","sticky":false,"template":"","format":"standard","meta":{"footnotes":""},"categories":[2],"tags":[],"class_list":["post-19860","post","type-post","status-publish","format-standard","has-post-thumbnail","hentry","category-ayuntamiento-pamplona"],"yoast_head":"<!-- This site is optimized with the Yoast SEO plugin v27.3 - https:\/\/yoast.com\/product\/yoast-seo-wordpress\/ -->\n<title>La escultura homenaje al m\u00e9dico e historiador pamplon\u00e9s Jos\u00e9 Joaqu\u00edn Arazuri vuelve a contar con sus caracter\u00edsticas gafas<\/title>\n<meta name=\"robots\" content=\"index, follow, max-snippet:-1, max-image-preview:large, max-video-preview:-1\" \/>\n<link rel=\"canonical\" href=\"https:\/\/www.laguiadepamplona.com\/actualidad\/la-escultura-homenaje-al-medico-e-historiador-pamplones-jose-joaquin-arazuri-vuelve-a-contar-con-sus-caracteristicas-gafas\/\" \/>\n<meta property=\"og:locale\" content=\"es_ES\" \/>\n<meta property=\"og:type\" content=\"article\" \/>\n<meta property=\"og:title\" content=\"La escultura homenaje al m\u00e9dico e historiador pamplon\u00e9s Jos\u00e9 Joaqu\u00edn Arazuri vuelve a contar con sus caracter\u00edsticas gafas\" \/>\n<meta property=\"og:url\" content=\"https:\/\/www.laguiadepamplona.com\/actualidad\/la-escultura-homenaje-al-medico-e-historiador-pamplones-jose-joaquin-arazuri-vuelve-a-contar-con-sus-caracteristicas-gafas\/\" \/>\n<meta property=\"og:site_name\" content=\"La Gu\u00eda de Pamplona\" \/>\n<meta property=\"article:publisher\" content=\"https:\/\/www.facebook.com\/laguiadepamplonacom-133175176762273\/?ref=hl\" \/>\n<meta property=\"article:published_time\" content=\"2018-12-18T17:52:23+00:00\" \/>\n<meta property=\"article:modified_time\" content=\"2018-12-18T17:54:30+00:00\" \/>\n<meta property=\"og:image\" content=\"https:\/\/www.laguiadepamplona.com\/actualidad\/wp-content\/uploads\/2018\/12\/18.12.18_homenaje_arazuri2.jpg\" \/>\n\t<meta property=\"og:image:width\" content=\"1000\" \/>\n\t<meta property=\"og:image:height\" content=\"667\" \/>\n\t<meta property=\"og:image:type\" content=\"image\/jpeg\" \/>\n<meta name=\"author\" content=\"La Gu\u00eda de Pamplona\" \/>\n<meta name=\"twitter:card\" content=\"summary_large_image\" \/>\n<meta name=\"twitter:creator\" content=\"@LaGuiadPamplona\" \/>\n<meta name=\"twitter:site\" content=\"@LaGuiadPamplona\" \/>\n<meta name=\"twitter:label1\" content=\"Escrito por\" \/>\n\t<meta name=\"twitter:data1\" content=\"La Gu\u00eda de Pamplona\" \/>\n\t<meta name=\"twitter:label2\" content=\"Tiempo de lectura\" \/>\n\t<meta name=\"twitter:data2\" content=\"3 minutos\" \/>\n<script type=\"application\/ld+json\" class=\"yoast-schema-graph\">{\"@context\":\"https:\\\/\\\/schema.org\",\"@graph\":[{\"@type\":\"Article\",\"@id\":\"https:\\\/\\\/www.laguiadepamplona.com\\\/actualidad\\\/la-escultura-homenaje-al-medico-e-historiador-pamplones-jose-joaquin-arazuri-vuelve-a-contar-con-sus-caracteristicas-gafas\\\/#article\",\"isPartOf\":{\"@id\":\"https:\\\/\\\/www.laguiadepamplona.com\\\/actualidad\\\/la-escultura-homenaje-al-medico-e-historiador-pamplones-jose-joaquin-arazuri-vuelve-a-contar-con-sus-caracteristicas-gafas\\\/\"},\"author\":{\"name\":\"La Gu\u00eda de Pamplona\",\"@id\":\"https:\\\/\\\/www.laguiadepamplona.com\\\/actualidad\\\/#\\\/schema\\\/person\\\/efe887376f0213d4657c93adc50b1fdb\"},\"headline\":\"La escultura homenaje al m\u00e9dico e historiador pamplon\u00e9s Jos\u00e9 Joaqu\u00edn Arazuri vuelve a contar con sus caracter\u00edsticas gafas\",\"datePublished\":\"2018-12-18T17:52:23+00:00\",\"dateModified\":\"2018-12-18T17:54:30+00:00\",\"mainEntityOfPage\":{\"@id\":\"https:\\\/\\\/www.laguiadepamplona.com\\\/actualidad\\\/la-escultura-homenaje-al-medico-e-historiador-pamplones-jose-joaquin-arazuri-vuelve-a-contar-con-sus-caracteristicas-gafas\\\/\"},\"wordCount\":545,\"commentCount\":0,\"publisher\":{\"@id\":\"https:\\\/\\\/www.laguiadepamplona.com\\\/actualidad\\\/#organization\"},\"image\":{\"@id\":\"https:\\\/\\\/www.laguiadepamplona.com\\\/actualidad\\\/la-escultura-homenaje-al-medico-e-historiador-pamplones-jose-joaquin-arazuri-vuelve-a-contar-con-sus-caracteristicas-gafas\\\/#primaryimage\"},\"thumbnailUrl\":\"https:\\\/\\\/www.laguiadepamplona.com\\\/actualidad\\\/wp-content\\\/uploads\\\/2018\\\/12\\\/18.12.18_homenaje_arazuri2.jpg\",\"articleSection\":[\"Ayto Pamplona\"],\"inLanguage\":\"es\",\"potentialAction\":[{\"@type\":\"CommentAction\",\"name\":\"Comment\",\"target\":[\"https:\\\/\\\/www.laguiadepamplona.com\\\/actualidad\\\/la-escultura-homenaje-al-medico-e-historiador-pamplones-jose-joaquin-arazuri-vuelve-a-contar-con-sus-caracteristicas-gafas\\\/#respond\"]}]},{\"@type\":\"WebPage\",\"@id\":\"https:\\\/\\\/www.laguiadepamplona.com\\\/actualidad\\\/la-escultura-homenaje-al-medico-e-historiador-pamplones-jose-joaquin-arazuri-vuelve-a-contar-con-sus-caracteristicas-gafas\\\/\",\"url\":\"https:\\\/\\\/www.laguiadepamplona.com\\\/actualidad\\\/la-escultura-homenaje-al-medico-e-historiador-pamplones-jose-joaquin-arazuri-vuelve-a-contar-con-sus-caracteristicas-gafas\\\/\",\"name\":\"La escultura homenaje al m\u00e9dico e historiador pamplon\u00e9s Jos\u00e9 Joaqu\u00edn Arazuri vuelve a contar con sus caracter\u00edsticas gafas\",\"isPartOf\":{\"@id\":\"https:\\\/\\\/www.laguiadepamplona.com\\\/actualidad\\\/#website\"},\"primaryImageOfPage\":{\"@id\":\"https:\\\/\\\/www.laguiadepamplona.com\\\/actualidad\\\/la-escultura-homenaje-al-medico-e-historiador-pamplones-jose-joaquin-arazuri-vuelve-a-contar-con-sus-caracteristicas-gafas\\\/#primaryimage\"},\"image\":{\"@id\":\"https:\\\/\\\/www.laguiadepamplona.com\\\/actualidad\\\/la-escultura-homenaje-al-medico-e-historiador-pamplones-jose-joaquin-arazuri-vuelve-a-contar-con-sus-caracteristicas-gafas\\\/#primaryimage\"},\"thumbnailUrl\":\"https:\\\/\\\/www.laguiadepamplona.com\\\/actualidad\\\/wp-content\\\/uploads\\\/2018\\\/12\\\/18.12.18_homenaje_arazuri2.jpg\",\"datePublished\":\"2018-12-18T17:52:23+00:00\",\"dateModified\":\"2018-12-18T17:54:30+00:00\",\"breadcrumb\":{\"@id\":\"https:\\\/\\\/www.laguiadepamplona.com\\\/actualidad\\\/la-escultura-homenaje-al-medico-e-historiador-pamplones-jose-joaquin-arazuri-vuelve-a-contar-con-sus-caracteristicas-gafas\\\/#breadcrumb\"},\"inLanguage\":\"es\",\"potentialAction\":[{\"@type\":\"ReadAction\",\"target\":[\"https:\\\/\\\/www.laguiadepamplona.com\\\/actualidad\\\/la-escultura-homenaje-al-medico-e-historiador-pamplones-jose-joaquin-arazuri-vuelve-a-contar-con-sus-caracteristicas-gafas\\\/\"]}]},{\"@type\":\"ImageObject\",\"inLanguage\":\"es\",\"@id\":\"https:\\\/\\\/www.laguiadepamplona.com\\\/actualidad\\\/la-escultura-homenaje-al-medico-e-historiador-pamplones-jose-joaquin-arazuri-vuelve-a-contar-con-sus-caracteristicas-gafas\\\/#primaryimage\",\"url\":\"https:\\\/\\\/www.laguiadepamplona.com\\\/actualidad\\\/wp-content\\\/uploads\\\/2018\\\/12\\\/18.12.18_homenaje_arazuri2.jpg\",\"contentUrl\":\"https:\\\/\\\/www.laguiadepamplona.com\\\/actualidad\\\/wp-content\\\/uploads\\\/2018\\\/12\\\/18.12.18_homenaje_arazuri2.jpg\",\"width\":1000,\"height\":667},{\"@type\":\"BreadcrumbList\",\"@id\":\"https:\\\/\\\/www.laguiadepamplona.com\\\/actualidad\\\/la-escultura-homenaje-al-medico-e-historiador-pamplones-jose-joaquin-arazuri-vuelve-a-contar-con-sus-caracteristicas-gafas\\\/#breadcrumb\",\"itemListElement\":[{\"@type\":\"ListItem\",\"position\":1,\"name\":\"Portada\",\"item\":\"https:\\\/\\\/www.laguiadepamplona.com\\\/actualidad\\\/\"},{\"@type\":\"ListItem\",\"position\":2,\"name\":\"La escultura homenaje al m\u00e9dico e historiador pamplon\u00e9s Jos\u00e9 Joaqu\u00edn Arazuri vuelve a contar con sus caracter\u00edsticas gafas\"}]},{\"@type\":\"WebSite\",\"@id\":\"https:\\\/\\\/www.laguiadepamplona.com\\\/actualidad\\\/#website\",\"url\":\"https:\\\/\\\/www.laguiadepamplona.com\\\/actualidad\\\/\",\"name\":\"La gu\u00eda de Pamplona\",\"description\":\"Noticias de Pamplona\",\"publisher\":{\"@id\":\"https:\\\/\\\/www.laguiadepamplona.com\\\/actualidad\\\/#organization\"},\"potentialAction\":[{\"@type\":\"SearchAction\",\"target\":{\"@type\":\"EntryPoint\",\"urlTemplate\":\"https:\\\/\\\/www.laguiadepamplona.com\\\/actualidad\\\/?s={search_term_string}\"},\"query-input\":{\"@type\":\"PropertyValueSpecification\",\"valueRequired\":true,\"valueName\":\"search_term_string\"}}],\"inLanguage\":\"es\"},{\"@type\":\"Organization\",\"@id\":\"https:\\\/\\\/www.laguiadepamplona.com\\\/actualidad\\\/#organization\",\"name\":\"La Gu\u00eda de Pamplona \\\/ Noticias\",\"url\":\"https:\\\/\\\/www.laguiadepamplona.com\\\/actualidad\\\/\",\"logo\":{\"@type\":\"ImageObject\",\"inLanguage\":\"es\",\"@id\":\"https:\\\/\\\/www.laguiadepamplona.com\\\/actualidad\\\/#\\\/schema\\\/logo\\\/image\\\/\",\"url\":\"https:\\\/\\\/www.laguiadepamplona.com\\\/actualidad\\\/wp-content\\\/uploads\\\/2018\\\/11\\\/logo-laguiadepamplona18-web1.png\",\"contentUrl\":\"https:\\\/\\\/www.laguiadepamplona.com\\\/actualidad\\\/wp-content\\\/uploads\\\/2018\\\/11\\\/logo-laguiadepamplona18-web1.png\",\"width\":600,\"height\":196,\"caption\":\"La Gu\u00eda de Pamplona \\\/ Noticias\"},\"image\":{\"@id\":\"https:\\\/\\\/www.laguiadepamplona.com\\\/actualidad\\\/#\\\/schema\\\/logo\\\/image\\\/\"},\"sameAs\":[\"https:\\\/\\\/www.facebook.com\\\/laguiadepamplonacom-133175176762273\\\/?ref=hl\",\"https:\\\/\\\/x.com\\\/LaGuiadPamplona\",\"https:\\\/\\\/www.instagram.com\\\/la_guia_de_pamplona\\\/\",\"https:\\\/\\\/www.youtube.com\\\/user\\\/laguiadepamplona\"]},{\"@type\":\"Person\",\"@id\":\"https:\\\/\\\/www.laguiadepamplona.com\\\/actualidad\\\/#\\\/schema\\\/person\\\/efe887376f0213d4657c93adc50b1fdb\",\"name\":\"La Gu\u00eda de Pamplona\",\"image\":{\"@type\":\"ImageObject\",\"inLanguage\":\"es\",\"@id\":\"https:\\\/\\\/secure.gravatar.com\\\/avatar\\\/b6992f131dc8d30ab0dff15446e9d346d9dbd95992de0fef795073f5ea83a81c?s=96&d=mm&r=g\",\"url\":\"https:\\\/\\\/secure.gravatar.com\\\/avatar\\\/b6992f131dc8d30ab0dff15446e9d346d9dbd95992de0fef795073f5ea83a81c?s=96&d=mm&r=g\",\"contentUrl\":\"https:\\\/\\\/secure.gravatar.com\\\/avatar\\\/b6992f131dc8d30ab0dff15446e9d346d9dbd95992de0fef795073f5ea83a81c?s=96&d=mm&r=g\",\"caption\":\"La Gu\u00eda de Pamplona\"}}]}<\/script>\n<!-- \/ Yoast SEO plugin. -->","yoast_head_json":{"title":"La escultura homenaje al m\u00e9dico e historiador pamplon\u00e9s Jos\u00e9 Joaqu\u00edn Arazuri vuelve a contar con sus caracter\u00edsticas gafas","robots":{"index":"index","follow":"follow","max-snippet":"max-snippet:-1","max-image-preview":"max-image-preview:large","max-video-preview":"max-video-preview:-1"},"canonical":"https:\/\/www.laguiadepamplona.com\/actualidad\/la-escultura-homenaje-al-medico-e-historiador-pamplones-jose-joaquin-arazuri-vuelve-a-contar-con-sus-caracteristicas-gafas\/","og_locale":"es_ES","og_type":"article","og_title":"La escultura homenaje al m\u00e9dico e historiador pamplon\u00e9s Jos\u00e9 Joaqu\u00edn Arazuri vuelve a contar con sus caracter\u00edsticas gafas","og_url":"https:\/\/www.laguiadepamplona.com\/actualidad\/la-escultura-homenaje-al-medico-e-historiador-pamplones-jose-joaquin-arazuri-vuelve-a-contar-con-sus-caracteristicas-gafas\/","og_site_name":"La Gu\u00eda de Pamplona","article_publisher":"https:\/\/www.facebook.com\/laguiadepamplonacom-133175176762273\/?ref=hl","article_published_time":"2018-12-18T17:52:23+00:00","article_modified_time":"2018-12-18T17:54:30+00:00","og_image":[{"width":1000,"height":667,"url":"https:\/\/www.laguiadepamplona.com\/actualidad\/wp-content\/uploads\/2018\/12\/18.12.18_homenaje_arazuri2.jpg","type":"image\/jpeg"}],"author":"La Gu\u00eda de Pamplona","twitter_card":"summary_large_image","twitter_creator":"@LaGuiadPamplona","twitter_site":"@LaGuiadPamplona","twitter_misc":{"Escrito por":"La Gu\u00eda de Pamplona","Tiempo de lectura":"3 minutos"},"schema":{"@context":"https:\/\/schema.org","@graph":[{"@type":"Article","@id":"https:\/\/www.laguiadepamplona.com\/actualidad\/la-escultura-homenaje-al-medico-e-historiador-pamplones-jose-joaquin-arazuri-vuelve-a-contar-con-sus-caracteristicas-gafas\/#article","isPartOf":{"@id":"https:\/\/www.laguiadepamplona.com\/actualidad\/la-escultura-homenaje-al-medico-e-historiador-pamplones-jose-joaquin-arazuri-vuelve-a-contar-con-sus-caracteristicas-gafas\/"},"author":{"name":"La Gu\u00eda de Pamplona","@id":"https:\/\/www.laguiadepamplona.com\/actualidad\/#\/schema\/person\/efe887376f0213d4657c93adc50b1fdb"},"headline":"La escultura homenaje al m\u00e9dico e historiador pamplon\u00e9s Jos\u00e9 Joaqu\u00edn Arazuri vuelve a contar con sus caracter\u00edsticas gafas","datePublished":"2018-12-18T17:52:23+00:00","dateModified":"2018-12-18T17:54:30+00:00","mainEntityOfPage":{"@id":"https:\/\/www.laguiadepamplona.com\/actualidad\/la-escultura-homenaje-al-medico-e-historiador-pamplones-jose-joaquin-arazuri-vuelve-a-contar-con-sus-caracteristicas-gafas\/"},"wordCount":545,"commentCount":0,"publisher":{"@id":"https:\/\/www.laguiadepamplona.com\/actualidad\/#organization"},"image":{"@id":"https:\/\/www.laguiadepamplona.com\/actualidad\/la-escultura-homenaje-al-medico-e-historiador-pamplones-jose-joaquin-arazuri-vuelve-a-contar-con-sus-caracteristicas-gafas\/#primaryimage"},"thumbnailUrl":"https:\/\/www.laguiadepamplona.com\/actualidad\/wp-content\/uploads\/2018\/12\/18.12.18_homenaje_arazuri2.jpg","articleSection":["Ayto Pamplona"],"inLanguage":"es","potentialAction":[{"@type":"CommentAction","name":"Comment","target":["https:\/\/www.laguiadepamplona.com\/actualidad\/la-escultura-homenaje-al-medico-e-historiador-pamplones-jose-joaquin-arazuri-vuelve-a-contar-con-sus-caracteristicas-gafas\/#respond"]}]},{"@type":"WebPage","@id":"https:\/\/www.laguiadepamplona.com\/actualidad\/la-escultura-homenaje-al-medico-e-historiador-pamplones-jose-joaquin-arazuri-vuelve-a-contar-con-sus-caracteristicas-gafas\/","url":"https:\/\/www.laguiadepamplona.com\/actualidad\/la-escultura-homenaje-al-medico-e-historiador-pamplones-jose-joaquin-arazuri-vuelve-a-contar-con-sus-caracteristicas-gafas\/","name":"La escultura homenaje al m\u00e9dico e historiador pamplon\u00e9s Jos\u00e9 Joaqu\u00edn Arazuri vuelve a contar con sus caracter\u00edsticas gafas","isPartOf":{"@id":"https:\/\/www.laguiadepamplona.com\/actualidad\/#website"},"primaryImageOfPage":{"@id":"https:\/\/www.laguiadepamplona.com\/actualidad\/la-escultura-homenaje-al-medico-e-historiador-pamplones-jose-joaquin-arazuri-vuelve-a-contar-con-sus-caracteristicas-gafas\/#primaryimage"},"image":{"@id":"https:\/\/www.laguiadepamplona.com\/actualidad\/la-escultura-homenaje-al-medico-e-historiador-pamplones-jose-joaquin-arazuri-vuelve-a-contar-con-sus-caracteristicas-gafas\/#primaryimage"},"thumbnailUrl":"https:\/\/www.laguiadepamplona.com\/actualidad\/wp-content\/uploads\/2018\/12\/18.12.18_homenaje_arazuri2.jpg","datePublished":"2018-12-18T17:52:23+00:00","dateModified":"2018-12-18T17:54:30+00:00","breadcrumb":{"@id":"https:\/\/www.laguiadepamplona.com\/actualidad\/la-escultura-homenaje-al-medico-e-historiador-pamplones-jose-joaquin-arazuri-vuelve-a-contar-con-sus-caracteristicas-gafas\/#breadcrumb"},"inLanguage":"es","potentialAction":[{"@type":"ReadAction","target":["https:\/\/www.laguiadepamplona.com\/actualidad\/la-escultura-homenaje-al-medico-e-historiador-pamplones-jose-joaquin-arazuri-vuelve-a-contar-con-sus-caracteristicas-gafas\/"]}]},{"@type":"ImageObject","inLanguage":"es","@id":"https:\/\/www.laguiadepamplona.com\/actualidad\/la-escultura-homenaje-al-medico-e-historiador-pamplones-jose-joaquin-arazuri-vuelve-a-contar-con-sus-caracteristicas-gafas\/#primaryimage","url":"https:\/\/www.laguiadepamplona.com\/actualidad\/wp-content\/uploads\/2018\/12\/18.12.18_homenaje_arazuri2.jpg","contentUrl":"https:\/\/www.laguiadepamplona.com\/actualidad\/wp-content\/uploads\/2018\/12\/18.12.18_homenaje_arazuri2.jpg","width":1000,"height":667},{"@type":"BreadcrumbList","@id":"https:\/\/www.laguiadepamplona.com\/actualidad\/la-escultura-homenaje-al-medico-e-historiador-pamplones-jose-joaquin-arazuri-vuelve-a-contar-con-sus-caracteristicas-gafas\/#breadcrumb","itemListElement":[{"@type":"ListItem","position":1,"name":"Portada","item":"https:\/\/www.laguiadepamplona.com\/actualidad\/"},{"@type":"ListItem","position":2,"name":"La escultura homenaje al m\u00e9dico e historiador pamplon\u00e9s Jos\u00e9 Joaqu\u00edn Arazuri vuelve a contar con sus caracter\u00edsticas gafas"}]},{"@type":"WebSite","@id":"https:\/\/www.laguiadepamplona.com\/actualidad\/#website","url":"https:\/\/www.laguiadepamplona.com\/actualidad\/","name":"La gu\u00eda de Pamplona","description":"Noticias de Pamplona","publisher":{"@id":"https:\/\/www.laguiadepamplona.com\/actualidad\/#organization"},"potentialAction":[{"@type":"SearchAction","target":{"@type":"EntryPoint","urlTemplate":"https:\/\/www.laguiadepamplona.com\/actualidad\/?s={search_term_string}"},"query-input":{"@type":"PropertyValueSpecification","valueRequired":true,"valueName":"search_term_string"}}],"inLanguage":"es"},{"@type":"Organization","@id":"https:\/\/www.laguiadepamplona.com\/actualidad\/#organization","name":"La Gu\u00eda de Pamplona \/ Noticias","url":"https:\/\/www.laguiadepamplona.com\/actualidad\/","logo":{"@type":"ImageObject","inLanguage":"es","@id":"https:\/\/www.laguiadepamplona.com\/actualidad\/#\/schema\/logo\/image\/","url":"https:\/\/www.laguiadepamplona.com\/actualidad\/wp-content\/uploads\/2018\/11\/logo-laguiadepamplona18-web1.png","contentUrl":"https:\/\/www.laguiadepamplona.com\/actualidad\/wp-content\/uploads\/2018\/11\/logo-laguiadepamplona18-web1.png","width":600,"height":196,"caption":"La Gu\u00eda de Pamplona \/ Noticias"},"image":{"@id":"https:\/\/www.laguiadepamplona.com\/actualidad\/#\/schema\/logo\/image\/"},"sameAs":["https:\/\/www.facebook.com\/laguiadepamplonacom-133175176762273\/?ref=hl","https:\/\/x.com\/LaGuiadPamplona","https:\/\/www.instagram.com\/la_guia_de_pamplona\/","https:\/\/www.youtube.com\/user\/laguiadepamplona"]},{"@type":"Person","@id":"https:\/\/www.laguiadepamplona.com\/actualidad\/#\/schema\/person\/efe887376f0213d4657c93adc50b1fdb","name":"La Gu\u00eda de Pamplona","image":{"@type":"ImageObject","inLanguage":"es","@id":"https:\/\/secure.gravatar.com\/avatar\/b6992f131dc8d30ab0dff15446e9d346d9dbd95992de0fef795073f5ea83a81c?s=96&d=mm&r=g","url":"https:\/\/secure.gravatar.com\/avatar\/b6992f131dc8d30ab0dff15446e9d346d9dbd95992de0fef795073f5ea83a81c?s=96&d=mm&r=g","contentUrl":"https:\/\/secure.gravatar.com\/avatar\/b6992f131dc8d30ab0dff15446e9d346d9dbd95992de0fef795073f5ea83a81c?s=96&d=mm&r=g","caption":"La Gu\u00eda de Pamplona"}}]}},"post_mailing_queue_ids":[],"_links":{"self":[{"href":"https:\/\/www.laguiadepamplona.com\/actualidad\/wp-json\/wp\/v2\/posts\/19860","targetHints":{"allow":["GET"]}}],"collection":[{"href":"https:\/\/www.laguiadepamplona.com\/actualidad\/wp-json\/wp\/v2\/posts"}],"about":[{"href":"https:\/\/www.laguiadepamplona.com\/actualidad\/wp-json\/wp\/v2\/types\/post"}],"author":[{"embeddable":true,"href":"https:\/\/www.laguiadepamplona.com\/actualidad\/wp-json\/wp\/v2\/users\/1"}],"replies":[{"embeddable":true,"href":"https:\/\/www.laguiadepamplona.com\/actualidad\/wp-json\/wp\/v2\/comments?post=19860"}],"version-history":[{"count":0,"href":"https:\/\/www.laguiadepamplona.com\/actualidad\/wp-json\/wp\/v2\/posts\/19860\/revisions"}],"wp:featuredmedia":[{"embeddable":true,"href":"https:\/\/www.laguiadepamplona.com\/actualidad\/wp-json\/wp\/v2\/media\/19862"}],"wp:attachment":[{"href":"https:\/\/www.laguiadepamplona.com\/actualidad\/wp-json\/wp\/v2\/media?parent=19860"}],"wp:term":[{"taxonomy":"category","embeddable":true,"href":"https:\/\/www.laguiadepamplona.com\/actualidad\/wp-json\/wp\/v2\/categories?post=19860"},{"taxonomy":"post_tag","embeddable":true,"href":"https:\/\/www.laguiadepamplona.com\/actualidad\/wp-json\/wp\/v2\/tags?post=19860"}],"curies":[{"name":"wp","href":"https:\/\/api.w.org\/{rel}","templated":true}]}}