{"id":19855,"date":"2018-12-18T17:02:57","date_gmt":"2018-12-18T15:02:57","guid":{"rendered":"https:\/\/www.laguiadepamplona.es\/actualidad\/?p=19855"},"modified":"2018-12-18T17:03:03","modified_gmt":"2018-12-18T15:03:03","slug":"nerea-balda-gana-los-primeros-premios-de-narracion-breve-y-de-poesia-y-eneko-fernandez-de-bertso-paperak-en-el-certamen-literario-en-euskera-para-autores-noveles","status":"publish","type":"post","link":"https:\/\/www.laguiadepamplona.com\/actualidad\/nerea-balda-gana-los-primeros-premios-de-narracion-breve-y-de-poesia-y-eneko-fernandez-de-bertso-paperak-en-el-certamen-literario-en-euskera-para-autores-noveles\/","title":{"rendered":"Nerea Balda gana los primeros premios de narraci\u00f3n breve y de poes\u00eda y Eneko Fern\u00e1ndez de bertso-paperak en el Certamen literario en euskera para autores noveles"},"content":{"rendered":"\n<!--more-->\n\n\n<h3>Entregados en el Palacio del Condestable los trece reconocimientos concedidos en la XXVIII edici\u00f3n del concurso<\/h3>\n<p>Nerea Balda ha recibido hoy los primeros premios en la modalidad de narraci\u00f3n breve y en la de poes\u00eda del XXVIII Certamen literario en euskera para autores noveles organizado por el Ayuntamiento de Pamplona. En la modalidad de bertso-paperak el ganador ha sido Eneko Fern\u00e1ndez. En total, se han entregado hoy 13 reconocimientos en un acto celebrado en el Palacio del Condestable con la participaci\u00f3n del alcalde de Pamplona, Joseba Asiron, la concejala delegada de Cultura y Educaci\u00f3n, Maider Beloki, y miembros de la Corporaci\u00f3n municipal. La lista de galardonados se completa en narraci\u00f3n breve con Izaskun Etxeberria, Ohiane Zuberoa Garmendia, Koldo Azkune y Joxe Aldasoro; en poes\u00eda con Iosune de Go\u00f1i, I\u00f1igo Lozano, Iban Garro y Julio Soto; y en la modalida de bertso-paperak con Joanes Illarregi y Esteban Arozena.<\/p>\n<p>El Ayuntamiento ha dotado al concurso con tres premios para cada una de las modalidades: los primeros con un importe de 2.500 euros, los segundos premios con 1.000 euros y los terceros con 500 euros. A ellos se unen cuatro menciones reconocidas con 250 euros cada una que se pod\u00edan conceder en cualquiera de las modalidades. Se han otorgado dos en narraci\u00f3n breve y otras dos en poes\u00eda.<\/p>\n<p><strong>Presentados 25 trabajos al certamen<\/strong><\/p>\n<p>Se recibieron 25 trabajos de los que 11 eran de narraci\u00f3n, 8 de poes\u00eda y 6 bertso-paperak. Todas las obras premiadas podr\u00e1n ser incluidas en la publicaci\u00f3n que habitualmente edita el Ayuntamiento de Pamplona.<\/p>\n<p>El a\u00f1o pasado se presentaron 30 obras de la que 13 eran de poes\u00eda, 11 de narraci\u00f3n y 6 bertso-paperak, por lo que en 2018 se ha mantenido la participaci\u00f3n en narrativa y bertso-paperak y ha descendido en poes\u00eda. En 2016 se recibieron 26 trabajos. Los ganadores del a\u00f1o pasado fueron Izaskun Etxeberria en narraci\u00f3n breve, Irati Majuelo en poes\u00eda y Julen Zelaieta en bertso-paperak.<\/p>\n<p><strong>Cinco premios en la modalidad de narraci\u00f3n breve<\/strong><\/p>\n<p>Nerea Balda Sanjuan se ha hecho con el primer premio en narraci\u00f3n breve por la obra \u2018Ahizpak\u2019 (Hermanas) que, en palabras del jurado, trata un tema de gran actualidad como es el caso de \u2018La manada\u2019, de una manera \u00e1gil y al mismo tiempo profunda, en una narraci\u00f3n estructurada en diferentes escenas. La autora presenta varios personajes y realiza saltos en el tiempo con una fresca y rica prosa literaria. A pesar de que el final es conocido, la caracterizaci\u00f3n psicol\u00f3gica de los personajes, el realismo de las reacciones de los protagonistas y la ajustada concatenaci\u00f3n de planos provocan el enganche a la narraci\u00f3n.<\/p>\n<p>Sobre esta modalidad, el jurado ha destacado que se observa un claro proceso de afianzamiento del modelo de prosa literaria en euskera. Se\u00f1ala que se han presentado trabajos de car\u00e1cter ir\u00f3nico, de suspense, de realismo y de ciencia ficci\u00f3n que utilizan un lenguaje expresivo y claro, y demuestran buen nivel de t\u00e9cnica literaria.<\/p>\n<p>El segundo premio ha sido para Izaskun Etxeberria Zufiaurre por \u2018Bidaideak\u2019 y el tercero para Ohiane Zuberoa Garmendia Glar\u00eda por \u2018De\u00a0 arRarum Natura\u2019. Las dos menciones especiales han reca\u00eddo en Koldo Azkune Etxabarri con el trabajo \u2018Fermintxo eta zabortegiko atea\u2019 y en Joxe Aldasoro Jauregi con \u2018Zer noiz hasi bukatu\u2019.<\/p>\n<p><strong>Los cinco galardones de poes\u00eda<\/strong><\/p>\n<p>Nerea Balda Sanjuan ha hecho doblete esta edici\u00f3n del certamen ya que tambi\u00e9n ha sido merecedora del primer premio de poes\u00eda por \u2018Patriketan gordeak\u2019 (Escondidos en los bolsillos). En este caso el jurado ha destacado que en el trabajo concurren desde un punto de vista t\u00e9cnico una notable maestr\u00eda a la hora de construir el poemario y de llegar a la conciencia interior del lector o lectora, y una forma elegante de transmitir diferentes sensaciones mediante la elecci\u00f3n de las palabras adecuadas y la construcci\u00f3n de bellas figuras po\u00e9ticas. Asimismo, ha destacado un conjunto de razones como la frescura, la agilidad, y el adecuado tempus que invitan a adentrarte en la lectura y a engancharse a la obra.<\/p>\n<p>El segundo premio de poes\u00eda ha sido para Iosune de Go\u00f1i Garc\u00eda gracias a la obra \u2018Iparreko basoak\u2019 y el tercer premio para I\u00f1igo Lozano Eciolaza por \u2018Kezkak. En esta modalidad se han otorgado las otras dos menciones especiales con las que cuenta el concurso: a Iban Garro Alzuri con el trabajo \u2018Gure artekoaz ari naiz\u2019 y a Julio Soto Ezkurdia con \u2018Lokatza buztin\u2019.<\/p>\n<p><strong>Tres premios en la modalidad de bertso-paperak<\/strong><\/p>\n<p>Eneko Fern\u00e1ndez Maritxalar ha sido el ganador en la modalidad de bertso-paperak por la obra \u2018IHES!!! Gertu sentitu ahal izateko\u2026 ihes egitea derrigorra denean\u2019. El acta del jurado recoge la importancia del tema elegido y la profundidad con que es tratado lo que ha llevado al autor a la creaci\u00f3n de un texto rico, artesanalmente trabajado, que describe un acontecimiento hist\u00f3rico, que, si no es real, lo podr\u00eda haber sido perfectamente. Describe una historia compuesta por varios ramilletes de versos que se presentan con una cronolog\u00eda de hechos enrevesada. Conforme quien lee se van introduciendo en el texto, los versos, que en apariencia son aut\u00f3nomos, van cobrando sentido en una composici\u00f3n de conjunto. Se trata de un trabajo interesante, trabajado, elegante y emotivo<\/p>\n<p>El segundo premio ha sido para Joanes Illarregi Marzol por el trabajo \u2018Lurrak eman eta kendu didanari\u2019 y el tercero para Esteban Arozena Mitxelena con \u2018Pilota: Gure kirol nazionala\u2019.<\/p>\n<p><strong>Composici\u00f3n del jurado<\/strong><\/p>\n<p>El jurado que ha valorado los trabajos ha estado presidido por la concejala delegada de Cultura y Educaci\u00f3n, Maider Beloki. Han formado parte tres expertos en literatura, In\u00e9s Castiella, Migel \u00c1ngel Asiain \u201cOsio\u201d y Ainhoa Aranburu.<\/p>\n<p>In\u00e9s Castiella Imaz tiene a su cargo varios grupos de lectura en euskera mientras que Migel \u00c1ngel Asiain Yarnoz, \u201cOsio\u201d es profesor de lengua y literatura vasca en Ense\u00f1anza Secundaria y ha sido presidente de la Asociaci\u00f3n de literatura infantil \u2018Galtzagorri\u2019. Por \u00faltimo, Ainhoa Aranburu trabaja de profesora de euskera y es presentadora de actuaciones de bertsolaris. Ha sido propuesta por la Asociaci\u00f3n Nafarroako Bertsozale Elkartea, de cuerdo con las bases del certamen. Como secretario con voz ha estado I\u00f1aki Azkona, t\u00e9cnico de cultura vasca del Ayuntamiento de Pamplona.<\/p>\n<p>Al concurso pod\u00edan presentarse autores navarros o con su domicilio establecido en Navarra. Cada autor solo pod\u00eda presentar un trabajo por modalidad, de tema libre, redactado en euskera, original y no publicado. No pod\u00edan participar aquellos que hubiesen publicado a nivel individual m\u00e1s de un libro de car\u00e1cter literario. Tampoco las personas que hubiesen obtenido el primer en dos ediciones anteriores pod\u00edan presentarse en la misma modalidad.<\/p>\n<p>\u00a0<\/p>\n<p><strong>XXVIII Certamen de Literatura en Euskera<\/strong><\/p>\n<ul>\n<li><strong>NARRACI\u00d3N BREVE<\/strong><\/li>\n<li>Primer premio. Nerea Balda Sanjuan. \u2018Ahizpak\u2019<\/li>\n<li>Segundo premio: Izaskun Etxeberria Zufiaurre. \u2018Bidaideak\u2019<\/li>\n<li>Tercer premio: Ohiane Zuberoa Garmendia Glar\u00eda \u2018De arRarum Natura&#8217;<\/li>\n<li>Menci\u00f3n especial: Koldo Azkune Etxabarri. \u2018Fermintxo eta zabortegiko atea\u2019<\/li>\n<li>Menci\u00f3n especial: Joxe Aldasoro Jauregi. \u2018Zer noiz hasi bukatu\u2019<\/li>\n<li><strong>POES\u00cdA<\/strong><\/li>\n<li>Primer premio: Nerea Balda Sanjuan. \u2018Patriketan gordeak\u2019<\/li>\n<li>Segundo premio: Iosune de Go\u00f1i Garc\u00eda. \u2018Iparreko basoak\u2019<\/li>\n<li>Tercer permio: I\u00f1igo Lozano Eciolaza. \u2018Kezkak<\/li>\n<li>Menci\u00f3n especial: Iban Garro Alzuri. \u2018Gure artekoaz ari naiz\u2019<\/li>\n<li>Menci\u00f3n especial: Julio Soto Ezkurdia. \u2018Lokatza buztin\u2019<\/li>\n<li><strong>BERTSO-PAPERAK<\/strong><\/li>\n<li>Primer premio: Eneko Fernandez Maritxalar. \u2018IHES!!! Gertu sentitu ahal izateko\u2026 ihes egitea derrigorra denean\u2019<\/li>\n<li>Segundo premio: Joanes Illarregi Marzol. \u2018Lurrak eman eta kendu didanari\u2019<\/li>\n<li>Tercer premio: Esteban Arozena Mitxelena. \u2018Pilota: Gure kirol nazionala\u2019<\/li>\n<\/ul>\n<p>\u00a0<\/p>","protected":false},"excerpt":{"rendered":"","protected":false},"author":1,"featured_media":11041,"comment_status":"open","ping_status":"closed","sticky":false,"template":"","format":"standard","meta":{"footnotes":""},"categories":[2],"tags":[],"class_list":["post-19855","post","type-post","status-publish","format-standard","has-post-thumbnail","hentry","category-ayuntamiento-pamplona"],"yoast_head":"<!-- This site is optimized with the Yoast SEO plugin v27.3 - https:\/\/yoast.com\/product\/yoast-seo-wordpress\/ -->\n<title>Nerea Balda gana los primeros premios de narraci\u00f3n breve y de poes\u00eda y Eneko Fern\u00e1ndez de bertso-paperak en el Certamen literario en euskera para autores noveles<\/title>\n<meta name=\"robots\" content=\"index, follow, max-snippet:-1, max-image-preview:large, max-video-preview:-1\" \/>\n<link rel=\"canonical\" href=\"https:\/\/www.laguiadepamplona.com\/actualidad\/nerea-balda-gana-los-primeros-premios-de-narracion-breve-y-de-poesia-y-eneko-fernandez-de-bertso-paperak-en-el-certamen-literario-en-euskera-para-autores-noveles\/\" \/>\n<meta property=\"og:locale\" content=\"es_ES\" \/>\n<meta property=\"og:type\" content=\"article\" \/>\n<meta property=\"og:title\" content=\"Nerea Balda gana los primeros premios de narraci\u00f3n breve y de poes\u00eda y Eneko Fern\u00e1ndez de bertso-paperak en el Certamen literario en euskera para autores noveles\" \/>\n<meta property=\"og:url\" content=\"https:\/\/www.laguiadepamplona.com\/actualidad\/nerea-balda-gana-los-primeros-premios-de-narracion-breve-y-de-poesia-y-eneko-fernandez-de-bertso-paperak-en-el-certamen-literario-en-euskera-para-autores-noveles\/\" \/>\n<meta property=\"og:site_name\" content=\"La Gu\u00eda de Pamplona\" \/>\n<meta property=\"article:publisher\" content=\"https:\/\/www.facebook.com\/laguiadepamplonacom-133175176762273\/?ref=hl\" \/>\n<meta property=\"article:published_time\" content=\"2018-12-18T15:02:57+00:00\" \/>\n<meta property=\"article:modified_time\" content=\"2018-12-18T15:03:03+00:00\" \/>\n<meta property=\"og:image\" content=\"https:\/\/www.laguiadepamplona.com\/actualidad\/wp-content\/uploads\/2016\/12\/Certamen-Literario-para-J\u00f3venes.jpg\" \/>\n\t<meta property=\"og:image:width\" content=\"1100\" \/>\n\t<meta property=\"og:image:height\" content=\"648\" \/>\n\t<meta property=\"og:image:type\" content=\"image\/jpeg\" \/>\n<meta name=\"author\" content=\"La Gu\u00eda de Pamplona\" \/>\n<meta name=\"twitter:card\" content=\"summary_large_image\" \/>\n<meta name=\"twitter:creator\" content=\"@LaGuiadPamplona\" \/>\n<meta name=\"twitter:site\" content=\"@LaGuiadPamplona\" \/>\n<meta name=\"twitter:label1\" content=\"Escrito por\" \/>\n\t<meta name=\"twitter:data1\" content=\"La Gu\u00eda de Pamplona\" \/>\n\t<meta name=\"twitter:label2\" content=\"Tiempo de lectura\" \/>\n\t<meta name=\"twitter:data2\" content=\"6 minutos\" \/>\n<script type=\"application\/ld+json\" class=\"yoast-schema-graph\">{\"@context\":\"https:\\\/\\\/schema.org\",\"@graph\":[{\"@type\":\"Article\",\"@id\":\"https:\\\/\\\/www.laguiadepamplona.com\\\/actualidad\\\/nerea-balda-gana-los-primeros-premios-de-narracion-breve-y-de-poesia-y-eneko-fernandez-de-bertso-paperak-en-el-certamen-literario-en-euskera-para-autores-noveles\\\/#article\",\"isPartOf\":{\"@id\":\"https:\\\/\\\/www.laguiadepamplona.com\\\/actualidad\\\/nerea-balda-gana-los-primeros-premios-de-narracion-breve-y-de-poesia-y-eneko-fernandez-de-bertso-paperak-en-el-certamen-literario-en-euskera-para-autores-noveles\\\/\"},\"author\":{\"name\":\"La Gu\u00eda de Pamplona\",\"@id\":\"https:\\\/\\\/www.laguiadepamplona.com\\\/actualidad\\\/#\\\/schema\\\/person\\\/efe887376f0213d4657c93adc50b1fdb\"},\"headline\":\"Nerea Balda gana los primeros premios de narraci\u00f3n breve y de poes\u00eda y Eneko Fern\u00e1ndez de bertso-paperak en el Certamen literario en euskera para autores noveles\",\"datePublished\":\"2018-12-18T15:02:57+00:00\",\"dateModified\":\"2018-12-18T15:03:03+00:00\",\"mainEntityOfPage\":{\"@id\":\"https:\\\/\\\/www.laguiadepamplona.com\\\/actualidad\\\/nerea-balda-gana-los-primeros-premios-de-narracion-breve-y-de-poesia-y-eneko-fernandez-de-bertso-paperak-en-el-certamen-literario-en-euskera-para-autores-noveles\\\/\"},\"wordCount\":1291,\"commentCount\":0,\"publisher\":{\"@id\":\"https:\\\/\\\/www.laguiadepamplona.com\\\/actualidad\\\/#organization\"},\"image\":{\"@id\":\"https:\\\/\\\/www.laguiadepamplona.com\\\/actualidad\\\/nerea-balda-gana-los-primeros-premios-de-narracion-breve-y-de-poesia-y-eneko-fernandez-de-bertso-paperak-en-el-certamen-literario-en-euskera-para-autores-noveles\\\/#primaryimage\"},\"thumbnailUrl\":\"https:\\\/\\\/www.laguiadepamplona.com\\\/actualidad\\\/wp-content\\\/uploads\\\/2016\\\/12\\\/Certamen-Literario-para-J\u00f3venes.jpg\",\"articleSection\":[\"Ayto Pamplona\"],\"inLanguage\":\"es\",\"potentialAction\":[{\"@type\":\"CommentAction\",\"name\":\"Comment\",\"target\":[\"https:\\\/\\\/www.laguiadepamplona.com\\\/actualidad\\\/nerea-balda-gana-los-primeros-premios-de-narracion-breve-y-de-poesia-y-eneko-fernandez-de-bertso-paperak-en-el-certamen-literario-en-euskera-para-autores-noveles\\\/#respond\"]}]},{\"@type\":\"WebPage\",\"@id\":\"https:\\\/\\\/www.laguiadepamplona.com\\\/actualidad\\\/nerea-balda-gana-los-primeros-premios-de-narracion-breve-y-de-poesia-y-eneko-fernandez-de-bertso-paperak-en-el-certamen-literario-en-euskera-para-autores-noveles\\\/\",\"url\":\"https:\\\/\\\/www.laguiadepamplona.com\\\/actualidad\\\/nerea-balda-gana-los-primeros-premios-de-narracion-breve-y-de-poesia-y-eneko-fernandez-de-bertso-paperak-en-el-certamen-literario-en-euskera-para-autores-noveles\\\/\",\"name\":\"Nerea Balda gana los primeros premios de narraci\u00f3n breve y de poes\u00eda y Eneko Fern\u00e1ndez de bertso-paperak en el Certamen literario en euskera para autores noveles\",\"isPartOf\":{\"@id\":\"https:\\\/\\\/www.laguiadepamplona.com\\\/actualidad\\\/#website\"},\"primaryImageOfPage\":{\"@id\":\"https:\\\/\\\/www.laguiadepamplona.com\\\/actualidad\\\/nerea-balda-gana-los-primeros-premios-de-narracion-breve-y-de-poesia-y-eneko-fernandez-de-bertso-paperak-en-el-certamen-literario-en-euskera-para-autores-noveles\\\/#primaryimage\"},\"image\":{\"@id\":\"https:\\\/\\\/www.laguiadepamplona.com\\\/actualidad\\\/nerea-balda-gana-los-primeros-premios-de-narracion-breve-y-de-poesia-y-eneko-fernandez-de-bertso-paperak-en-el-certamen-literario-en-euskera-para-autores-noveles\\\/#primaryimage\"},\"thumbnailUrl\":\"https:\\\/\\\/www.laguiadepamplona.com\\\/actualidad\\\/wp-content\\\/uploads\\\/2016\\\/12\\\/Certamen-Literario-para-J\u00f3venes.jpg\",\"datePublished\":\"2018-12-18T15:02:57+00:00\",\"dateModified\":\"2018-12-18T15:03:03+00:00\",\"breadcrumb\":{\"@id\":\"https:\\\/\\\/www.laguiadepamplona.com\\\/actualidad\\\/nerea-balda-gana-los-primeros-premios-de-narracion-breve-y-de-poesia-y-eneko-fernandez-de-bertso-paperak-en-el-certamen-literario-en-euskera-para-autores-noveles\\\/#breadcrumb\"},\"inLanguage\":\"es\",\"potentialAction\":[{\"@type\":\"ReadAction\",\"target\":[\"https:\\\/\\\/www.laguiadepamplona.com\\\/actualidad\\\/nerea-balda-gana-los-primeros-premios-de-narracion-breve-y-de-poesia-y-eneko-fernandez-de-bertso-paperak-en-el-certamen-literario-en-euskera-para-autores-noveles\\\/\"]}]},{\"@type\":\"ImageObject\",\"inLanguage\":\"es\",\"@id\":\"https:\\\/\\\/www.laguiadepamplona.com\\\/actualidad\\\/nerea-balda-gana-los-primeros-premios-de-narracion-breve-y-de-poesia-y-eneko-fernandez-de-bertso-paperak-en-el-certamen-literario-en-euskera-para-autores-noveles\\\/#primaryimage\",\"url\":\"https:\\\/\\\/www.laguiadepamplona.com\\\/actualidad\\\/wp-content\\\/uploads\\\/2016\\\/12\\\/Certamen-Literario-para-J\u00f3venes.jpg\",\"contentUrl\":\"https:\\\/\\\/www.laguiadepamplona.com\\\/actualidad\\\/wp-content\\\/uploads\\\/2016\\\/12\\\/Certamen-Literario-para-J\u00f3venes.jpg\",\"width\":1100,\"height\":648},{\"@type\":\"BreadcrumbList\",\"@id\":\"https:\\\/\\\/www.laguiadepamplona.com\\\/actualidad\\\/nerea-balda-gana-los-primeros-premios-de-narracion-breve-y-de-poesia-y-eneko-fernandez-de-bertso-paperak-en-el-certamen-literario-en-euskera-para-autores-noveles\\\/#breadcrumb\",\"itemListElement\":[{\"@type\":\"ListItem\",\"position\":1,\"name\":\"Portada\",\"item\":\"https:\\\/\\\/www.laguiadepamplona.com\\\/actualidad\\\/\"},{\"@type\":\"ListItem\",\"position\":2,\"name\":\"Nerea Balda gana los primeros premios de narraci\u00f3n breve y de poes\u00eda y Eneko Fern\u00e1ndez de bertso-paperak en el Certamen literario en euskera para autores noveles\"}]},{\"@type\":\"WebSite\",\"@id\":\"https:\\\/\\\/www.laguiadepamplona.com\\\/actualidad\\\/#website\",\"url\":\"https:\\\/\\\/www.laguiadepamplona.com\\\/actualidad\\\/\",\"name\":\"La gu\u00eda de Pamplona\",\"description\":\"Noticias de Pamplona\",\"publisher\":{\"@id\":\"https:\\\/\\\/www.laguiadepamplona.com\\\/actualidad\\\/#organization\"},\"potentialAction\":[{\"@type\":\"SearchAction\",\"target\":{\"@type\":\"EntryPoint\",\"urlTemplate\":\"https:\\\/\\\/www.laguiadepamplona.com\\\/actualidad\\\/?s={search_term_string}\"},\"query-input\":{\"@type\":\"PropertyValueSpecification\",\"valueRequired\":true,\"valueName\":\"search_term_string\"}}],\"inLanguage\":\"es\"},{\"@type\":\"Organization\",\"@id\":\"https:\\\/\\\/www.laguiadepamplona.com\\\/actualidad\\\/#organization\",\"name\":\"La Gu\u00eda de Pamplona \\\/ Noticias\",\"url\":\"https:\\\/\\\/www.laguiadepamplona.com\\\/actualidad\\\/\",\"logo\":{\"@type\":\"ImageObject\",\"inLanguage\":\"es\",\"@id\":\"https:\\\/\\\/www.laguiadepamplona.com\\\/actualidad\\\/#\\\/schema\\\/logo\\\/image\\\/\",\"url\":\"https:\\\/\\\/www.laguiadepamplona.com\\\/actualidad\\\/wp-content\\\/uploads\\\/2018\\\/11\\\/logo-laguiadepamplona18-web1.png\",\"contentUrl\":\"https:\\\/\\\/www.laguiadepamplona.com\\\/actualidad\\\/wp-content\\\/uploads\\\/2018\\\/11\\\/logo-laguiadepamplona18-web1.png\",\"width\":600,\"height\":196,\"caption\":\"La Gu\u00eda de Pamplona \\\/ Noticias\"},\"image\":{\"@id\":\"https:\\\/\\\/www.laguiadepamplona.com\\\/actualidad\\\/#\\\/schema\\\/logo\\\/image\\\/\"},\"sameAs\":[\"https:\\\/\\\/www.facebook.com\\\/laguiadepamplonacom-133175176762273\\\/?ref=hl\",\"https:\\\/\\\/x.com\\\/LaGuiadPamplona\",\"https:\\\/\\\/www.instagram.com\\\/la_guia_de_pamplona\\\/\",\"https:\\\/\\\/www.youtube.com\\\/user\\\/laguiadepamplona\"]},{\"@type\":\"Person\",\"@id\":\"https:\\\/\\\/www.laguiadepamplona.com\\\/actualidad\\\/#\\\/schema\\\/person\\\/efe887376f0213d4657c93adc50b1fdb\",\"name\":\"La Gu\u00eda de Pamplona\",\"image\":{\"@type\":\"ImageObject\",\"inLanguage\":\"es\",\"@id\":\"https:\\\/\\\/secure.gravatar.com\\\/avatar\\\/b6992f131dc8d30ab0dff15446e9d346d9dbd95992de0fef795073f5ea83a81c?s=96&d=mm&r=g\",\"url\":\"https:\\\/\\\/secure.gravatar.com\\\/avatar\\\/b6992f131dc8d30ab0dff15446e9d346d9dbd95992de0fef795073f5ea83a81c?s=96&d=mm&r=g\",\"contentUrl\":\"https:\\\/\\\/secure.gravatar.com\\\/avatar\\\/b6992f131dc8d30ab0dff15446e9d346d9dbd95992de0fef795073f5ea83a81c?s=96&d=mm&r=g\",\"caption\":\"La Gu\u00eda de Pamplona\"}}]}<\/script>\n<!-- \/ Yoast SEO plugin. -->","yoast_head_json":{"title":"Nerea Balda gana los primeros premios de narraci\u00f3n breve y de poes\u00eda y Eneko Fern\u00e1ndez de bertso-paperak en el Certamen literario en euskera para autores noveles","robots":{"index":"index","follow":"follow","max-snippet":"max-snippet:-1","max-image-preview":"max-image-preview:large","max-video-preview":"max-video-preview:-1"},"canonical":"https:\/\/www.laguiadepamplona.com\/actualidad\/nerea-balda-gana-los-primeros-premios-de-narracion-breve-y-de-poesia-y-eneko-fernandez-de-bertso-paperak-en-el-certamen-literario-en-euskera-para-autores-noveles\/","og_locale":"es_ES","og_type":"article","og_title":"Nerea Balda gana los primeros premios de narraci\u00f3n breve y de poes\u00eda y Eneko Fern\u00e1ndez de bertso-paperak en el Certamen literario en euskera para autores noveles","og_url":"https:\/\/www.laguiadepamplona.com\/actualidad\/nerea-balda-gana-los-primeros-premios-de-narracion-breve-y-de-poesia-y-eneko-fernandez-de-bertso-paperak-en-el-certamen-literario-en-euskera-para-autores-noveles\/","og_site_name":"La Gu\u00eda de Pamplona","article_publisher":"https:\/\/www.facebook.com\/laguiadepamplonacom-133175176762273\/?ref=hl","article_published_time":"2018-12-18T15:02:57+00:00","article_modified_time":"2018-12-18T15:03:03+00:00","og_image":[{"width":1100,"height":648,"url":"https:\/\/www.laguiadepamplona.com\/actualidad\/wp-content\/uploads\/2016\/12\/Certamen-Literario-para-J\u00f3venes.jpg","type":"image\/jpeg"}],"author":"La Gu\u00eda de Pamplona","twitter_card":"summary_large_image","twitter_creator":"@LaGuiadPamplona","twitter_site":"@LaGuiadPamplona","twitter_misc":{"Escrito por":"La Gu\u00eda de Pamplona","Tiempo de lectura":"6 minutos"},"schema":{"@context":"https:\/\/schema.org","@graph":[{"@type":"Article","@id":"https:\/\/www.laguiadepamplona.com\/actualidad\/nerea-balda-gana-los-primeros-premios-de-narracion-breve-y-de-poesia-y-eneko-fernandez-de-bertso-paperak-en-el-certamen-literario-en-euskera-para-autores-noveles\/#article","isPartOf":{"@id":"https:\/\/www.laguiadepamplona.com\/actualidad\/nerea-balda-gana-los-primeros-premios-de-narracion-breve-y-de-poesia-y-eneko-fernandez-de-bertso-paperak-en-el-certamen-literario-en-euskera-para-autores-noveles\/"},"author":{"name":"La Gu\u00eda de Pamplona","@id":"https:\/\/www.laguiadepamplona.com\/actualidad\/#\/schema\/person\/efe887376f0213d4657c93adc50b1fdb"},"headline":"Nerea Balda gana los primeros premios de narraci\u00f3n breve y de poes\u00eda y Eneko Fern\u00e1ndez de bertso-paperak en el Certamen literario en euskera para autores noveles","datePublished":"2018-12-18T15:02:57+00:00","dateModified":"2018-12-18T15:03:03+00:00","mainEntityOfPage":{"@id":"https:\/\/www.laguiadepamplona.com\/actualidad\/nerea-balda-gana-los-primeros-premios-de-narracion-breve-y-de-poesia-y-eneko-fernandez-de-bertso-paperak-en-el-certamen-literario-en-euskera-para-autores-noveles\/"},"wordCount":1291,"commentCount":0,"publisher":{"@id":"https:\/\/www.laguiadepamplona.com\/actualidad\/#organization"},"image":{"@id":"https:\/\/www.laguiadepamplona.com\/actualidad\/nerea-balda-gana-los-primeros-premios-de-narracion-breve-y-de-poesia-y-eneko-fernandez-de-bertso-paperak-en-el-certamen-literario-en-euskera-para-autores-noveles\/#primaryimage"},"thumbnailUrl":"https:\/\/www.laguiadepamplona.com\/actualidad\/wp-content\/uploads\/2016\/12\/Certamen-Literario-para-J\u00f3venes.jpg","articleSection":["Ayto Pamplona"],"inLanguage":"es","potentialAction":[{"@type":"CommentAction","name":"Comment","target":["https:\/\/www.laguiadepamplona.com\/actualidad\/nerea-balda-gana-los-primeros-premios-de-narracion-breve-y-de-poesia-y-eneko-fernandez-de-bertso-paperak-en-el-certamen-literario-en-euskera-para-autores-noveles\/#respond"]}]},{"@type":"WebPage","@id":"https:\/\/www.laguiadepamplona.com\/actualidad\/nerea-balda-gana-los-primeros-premios-de-narracion-breve-y-de-poesia-y-eneko-fernandez-de-bertso-paperak-en-el-certamen-literario-en-euskera-para-autores-noveles\/","url":"https:\/\/www.laguiadepamplona.com\/actualidad\/nerea-balda-gana-los-primeros-premios-de-narracion-breve-y-de-poesia-y-eneko-fernandez-de-bertso-paperak-en-el-certamen-literario-en-euskera-para-autores-noveles\/","name":"Nerea Balda gana los primeros premios de narraci\u00f3n breve y de poes\u00eda y Eneko Fern\u00e1ndez de bertso-paperak en el Certamen literario en euskera para autores noveles","isPartOf":{"@id":"https:\/\/www.laguiadepamplona.com\/actualidad\/#website"},"primaryImageOfPage":{"@id":"https:\/\/www.laguiadepamplona.com\/actualidad\/nerea-balda-gana-los-primeros-premios-de-narracion-breve-y-de-poesia-y-eneko-fernandez-de-bertso-paperak-en-el-certamen-literario-en-euskera-para-autores-noveles\/#primaryimage"},"image":{"@id":"https:\/\/www.laguiadepamplona.com\/actualidad\/nerea-balda-gana-los-primeros-premios-de-narracion-breve-y-de-poesia-y-eneko-fernandez-de-bertso-paperak-en-el-certamen-literario-en-euskera-para-autores-noveles\/#primaryimage"},"thumbnailUrl":"https:\/\/www.laguiadepamplona.com\/actualidad\/wp-content\/uploads\/2016\/12\/Certamen-Literario-para-J\u00f3venes.jpg","datePublished":"2018-12-18T15:02:57+00:00","dateModified":"2018-12-18T15:03:03+00:00","breadcrumb":{"@id":"https:\/\/www.laguiadepamplona.com\/actualidad\/nerea-balda-gana-los-primeros-premios-de-narracion-breve-y-de-poesia-y-eneko-fernandez-de-bertso-paperak-en-el-certamen-literario-en-euskera-para-autores-noveles\/#breadcrumb"},"inLanguage":"es","potentialAction":[{"@type":"ReadAction","target":["https:\/\/www.laguiadepamplona.com\/actualidad\/nerea-balda-gana-los-primeros-premios-de-narracion-breve-y-de-poesia-y-eneko-fernandez-de-bertso-paperak-en-el-certamen-literario-en-euskera-para-autores-noveles\/"]}]},{"@type":"ImageObject","inLanguage":"es","@id":"https:\/\/www.laguiadepamplona.com\/actualidad\/nerea-balda-gana-los-primeros-premios-de-narracion-breve-y-de-poesia-y-eneko-fernandez-de-bertso-paperak-en-el-certamen-literario-en-euskera-para-autores-noveles\/#primaryimage","url":"https:\/\/www.laguiadepamplona.com\/actualidad\/wp-content\/uploads\/2016\/12\/Certamen-Literario-para-J\u00f3venes.jpg","contentUrl":"https:\/\/www.laguiadepamplona.com\/actualidad\/wp-content\/uploads\/2016\/12\/Certamen-Literario-para-J\u00f3venes.jpg","width":1100,"height":648},{"@type":"BreadcrumbList","@id":"https:\/\/www.laguiadepamplona.com\/actualidad\/nerea-balda-gana-los-primeros-premios-de-narracion-breve-y-de-poesia-y-eneko-fernandez-de-bertso-paperak-en-el-certamen-literario-en-euskera-para-autores-noveles\/#breadcrumb","itemListElement":[{"@type":"ListItem","position":1,"name":"Portada","item":"https:\/\/www.laguiadepamplona.com\/actualidad\/"},{"@type":"ListItem","position":2,"name":"Nerea Balda gana los primeros premios de narraci\u00f3n breve y de poes\u00eda y Eneko Fern\u00e1ndez de bertso-paperak en el Certamen literario en euskera para autores noveles"}]},{"@type":"WebSite","@id":"https:\/\/www.laguiadepamplona.com\/actualidad\/#website","url":"https:\/\/www.laguiadepamplona.com\/actualidad\/","name":"La gu\u00eda de Pamplona","description":"Noticias de Pamplona","publisher":{"@id":"https:\/\/www.laguiadepamplona.com\/actualidad\/#organization"},"potentialAction":[{"@type":"SearchAction","target":{"@type":"EntryPoint","urlTemplate":"https:\/\/www.laguiadepamplona.com\/actualidad\/?s={search_term_string}"},"query-input":{"@type":"PropertyValueSpecification","valueRequired":true,"valueName":"search_term_string"}}],"inLanguage":"es"},{"@type":"Organization","@id":"https:\/\/www.laguiadepamplona.com\/actualidad\/#organization","name":"La Gu\u00eda de Pamplona \/ Noticias","url":"https:\/\/www.laguiadepamplona.com\/actualidad\/","logo":{"@type":"ImageObject","inLanguage":"es","@id":"https:\/\/www.laguiadepamplona.com\/actualidad\/#\/schema\/logo\/image\/","url":"https:\/\/www.laguiadepamplona.com\/actualidad\/wp-content\/uploads\/2018\/11\/logo-laguiadepamplona18-web1.png","contentUrl":"https:\/\/www.laguiadepamplona.com\/actualidad\/wp-content\/uploads\/2018\/11\/logo-laguiadepamplona18-web1.png","width":600,"height":196,"caption":"La Gu\u00eda de Pamplona \/ Noticias"},"image":{"@id":"https:\/\/www.laguiadepamplona.com\/actualidad\/#\/schema\/logo\/image\/"},"sameAs":["https:\/\/www.facebook.com\/laguiadepamplonacom-133175176762273\/?ref=hl","https:\/\/x.com\/LaGuiadPamplona","https:\/\/www.instagram.com\/la_guia_de_pamplona\/","https:\/\/www.youtube.com\/user\/laguiadepamplona"]},{"@type":"Person","@id":"https:\/\/www.laguiadepamplona.com\/actualidad\/#\/schema\/person\/efe887376f0213d4657c93adc50b1fdb","name":"La Gu\u00eda de Pamplona","image":{"@type":"ImageObject","inLanguage":"es","@id":"https:\/\/secure.gravatar.com\/avatar\/b6992f131dc8d30ab0dff15446e9d346d9dbd95992de0fef795073f5ea83a81c?s=96&d=mm&r=g","url":"https:\/\/secure.gravatar.com\/avatar\/b6992f131dc8d30ab0dff15446e9d346d9dbd95992de0fef795073f5ea83a81c?s=96&d=mm&r=g","contentUrl":"https:\/\/secure.gravatar.com\/avatar\/b6992f131dc8d30ab0dff15446e9d346d9dbd95992de0fef795073f5ea83a81c?s=96&d=mm&r=g","caption":"La Gu\u00eda de Pamplona"}}]}},"post_mailing_queue_ids":[],"_links":{"self":[{"href":"https:\/\/www.laguiadepamplona.com\/actualidad\/wp-json\/wp\/v2\/posts\/19855","targetHints":{"allow":["GET"]}}],"collection":[{"href":"https:\/\/www.laguiadepamplona.com\/actualidad\/wp-json\/wp\/v2\/posts"}],"about":[{"href":"https:\/\/www.laguiadepamplona.com\/actualidad\/wp-json\/wp\/v2\/types\/post"}],"author":[{"embeddable":true,"href":"https:\/\/www.laguiadepamplona.com\/actualidad\/wp-json\/wp\/v2\/users\/1"}],"replies":[{"embeddable":true,"href":"https:\/\/www.laguiadepamplona.com\/actualidad\/wp-json\/wp\/v2\/comments?post=19855"}],"version-history":[{"count":0,"href":"https:\/\/www.laguiadepamplona.com\/actualidad\/wp-json\/wp\/v2\/posts\/19855\/revisions"}],"wp:featuredmedia":[{"embeddable":true,"href":"https:\/\/www.laguiadepamplona.com\/actualidad\/wp-json\/wp\/v2\/media\/11041"}],"wp:attachment":[{"href":"https:\/\/www.laguiadepamplona.com\/actualidad\/wp-json\/wp\/v2\/media?parent=19855"}],"wp:term":[{"taxonomy":"category","embeddable":true,"href":"https:\/\/www.laguiadepamplona.com\/actualidad\/wp-json\/wp\/v2\/categories?post=19855"},{"taxonomy":"post_tag","embeddable":true,"href":"https:\/\/www.laguiadepamplona.com\/actualidad\/wp-json\/wp\/v2\/tags?post=19855"}],"curies":[{"name":"wp","href":"https:\/\/api.w.org\/{rel}","templated":true}]}}