{"id":19852,"date":"2018-12-18T17:00:00","date_gmt":"2018-12-18T15:00:00","guid":{"rendered":"https:\/\/www.laguiadepamplona.es\/actualidad\/?p=19852"},"modified":"2018-12-18T17:00:08","modified_gmt":"2018-12-18T15:00:08","slug":"pamplona-se-suma-a-la-peticion-para-reformar-el-bono-social-y-crear-un-foro-de-participacion-de-municipios-que-proponga-medidas-efectivas-contra-la-pobreza-energetica","status":"publish","type":"post","link":"https:\/\/www.laguiadepamplona.com\/actualidad\/pamplona-se-suma-a-la-peticion-para-reformar-el-bono-social-y-crear-un-foro-de-participacion-de-municipios-que-proponga-medidas-efectivas-contra-la-pobreza-energetica\/","title":{"rendered":"Pamplona se suma a la petici\u00f3n para reformar el bono social y crear un foro de participaci\u00f3n de municipios que proponga medidas efectivas contra la pobreza energ\u00e9tica"},"content":{"rendered":"\n<!--more-->\n\n\n<h3>Firma con Madrid, Barcelona, Valencia, Zaragoza, C\u00e1diz, Rivas-Vaciamadrid, Santiago de Compostela, y Sant Feliu, esta petici\u00f3n dirigida al Gobierno central<\/h3>\n<p>El Ayuntamiento de Pamplona y ocho de los principales ayuntamientos del pa\u00eds han remitido este martes una carta conjunta a la ministra de Transici\u00f3n Ecol\u00f3gica, Teresa Ribera, demand\u00e1ndole cambios en el bono social y la formalizaci\u00f3n de un espacio de trabajo con los ayuntamientos para la reforma de dicha ayuda, que es hasta la fecha la \u00fanica relacionada con la pobreza energ\u00e9tica.<\/p>\n<p>Junto al Ayuntamiento de Pamplona, firman la iniciativa las ciudades de Madrid, Barcelona, Valencia, Zaragoza, C\u00e1diz, Santiago de Compostela, Rivas-Vaciamadrid y Sant Feliu de Llobregat. Los alcaldes y alcaldesas firmantes de la misiva se\u00f1alan \u201cuna profunda preocupaci\u00f3n por el problema de la pobreza energ\u00e9tica y por la falta de medidas efectivas para asegurar el acceso a los suministros b\u00e1sicos de las personas y familias en situaci\u00f3n de vulnerabilidad\u201d. \u201cSomos los ayuntamientos quienes en gran medida cubrimos las necesidades energ\u00e9ticas de las familias cuando lo dem\u00e1s falla\u201d por lo que solicitan interlocuci\u00f3n directa en esta materia \u201csin \u00f3rganos intermedios\u201d.<\/p>\n<p>La carta propone cinco cambios en el bono social. El primero se refiere a la cobertura.\u00a0 Demandan los cambios regulatorios necesarios para ampliar la cobertura del bono social a los clientes de comercializadoras que no sean de referencia y piden que cualquier comercializadora que lo desee pueda prestar el bono social. \u201cA d\u00eda de hoy, como sabe, s\u00f3lo tienen acceso al bono social las clientas y clientes de 8 comercializadoras en todo el Estado de las m\u00e1s de 700 que existen. \u00c9sta es una discriminaci\u00f3n injustificable, que supone canalizar los recursos p\u00fablicos hacia un grupo de empresas que dominan el sector, y adem\u00e1s, excluye a m\u00e1s de la mitad de los contratos, tanto de la ayuda, como de la protecci\u00f3n contra el corte de suministro\u201d se\u00f1ala la carta.<\/p>\n<p>El segundo cambio que proponen es que las empresas energ\u00e9ticas est\u00e9n obligadas a adaptar los contratos de las familias vulnerables a sus necesidades reales (optimizaci\u00f3n de potencia y tarifa) antes de aplicar el bono social, para evitar que se sigan subvencionando \u201ca trav\u00e9s del bono social descuentos sobre facturas mucho m\u00e1s altas de lo necesario\u201d argumenta el escrito.<\/p>\n<p>Adem\u00e1s, solicitan que la aplicaci\u00f3n del bono social sea autom\u00e1tica, como sucede en Portugal desde el a\u00f1o 2016 pues, seg\u00fan exponen, la tramitaci\u00f3n est\u00e1 impidiendo el acceso a miles de familias. Asimismo, piden que se aplique el principio de precauci\u00f3n tal y como recoge la Ley Catalana 24\/2015, para que las empresas energ\u00e9ticas no puedan cortar la luz sin comprobar que la familia o persona no est\u00e1 en situaci\u00f3n de vulnerabilidad. Y finalmente solicitan que se destine recursos y personal en los Ayuntamientos formaci\u00f3n, asesoramiento y acompa\u00f1amiento energ\u00e9tico a las familias vulnerables.<\/p>\n\n\n<div class=\"wp-block-file\"><a href=\"https:\/\/www.laguiadepamplona.es\/actualidad\/wp-content\/uploads\/2018\/12\/18.12.18_carta-ayuntamientos-bono-social.pdf\" target=\"_blank\" rel=\"noreferrer noopener\">Carta ayuntamientos bono social.pdf<\/a><\/div>\n","protected":false},"excerpt":{"rendered":"","protected":false},"author":1,"featured_media":17600,"comment_status":"open","ping_status":"closed","sticky":false,"template":"","format":"standard","meta":{"footnotes":""},"categories":[2],"tags":[],"class_list":["post-19852","post","type-post","status-publish","format-standard","has-post-thumbnail","hentry","category-ayuntamiento-pamplona"],"yoast_head":"<!-- This site is optimized with the Yoast SEO plugin v27.3 - https:\/\/yoast.com\/product\/yoast-seo-wordpress\/ -->\n<title>Pamplona se suma a la petici\u00f3n para reformar el bono social y crear un foro de participaci\u00f3n de municipios que proponga medidas efectivas contra la pobreza energ\u00e9tica<\/title>\n<meta name=\"robots\" content=\"index, follow, max-snippet:-1, max-image-preview:large, max-video-preview:-1\" \/>\n<link rel=\"canonical\" href=\"https:\/\/www.laguiadepamplona.com\/actualidad\/pamplona-se-suma-a-la-peticion-para-reformar-el-bono-social-y-crear-un-foro-de-participacion-de-municipios-que-proponga-medidas-efectivas-contra-la-pobreza-energetica\/\" \/>\n<meta property=\"og:locale\" content=\"es_ES\" \/>\n<meta property=\"og:type\" content=\"article\" \/>\n<meta property=\"og:title\" content=\"Pamplona se suma a la petici\u00f3n para reformar el bono social y crear un foro de participaci\u00f3n de municipios que proponga medidas efectivas contra la pobreza energ\u00e9tica\" \/>\n<meta property=\"og:url\" content=\"https:\/\/www.laguiadepamplona.com\/actualidad\/pamplona-se-suma-a-la-peticion-para-reformar-el-bono-social-y-crear-un-foro-de-participacion-de-municipios-que-proponga-medidas-efectivas-contra-la-pobreza-energetica\/\" \/>\n<meta property=\"og:site_name\" content=\"La Gu\u00eda de Pamplona\" \/>\n<meta property=\"article:publisher\" content=\"https:\/\/www.facebook.com\/laguiadepamplonacom-133175176762273\/?ref=hl\" \/>\n<meta property=\"article:published_time\" content=\"2018-12-18T15:00:00+00:00\" \/>\n<meta property=\"article:modified_time\" content=\"2018-12-18T15:00:08+00:00\" \/>\n<meta property=\"og:image\" content=\"https:\/\/www.laguiadepamplona.com\/actualidad\/wp-content\/uploads\/2018\/05\/ayto-pamplona-3.jpg\" \/>\n\t<meta property=\"og:image:width\" content=\"1000\" \/>\n\t<meta property=\"og:image:height\" content=\"555\" \/>\n\t<meta property=\"og:image:type\" content=\"image\/jpeg\" \/>\n<meta name=\"author\" content=\"La Gu\u00eda de Pamplona\" \/>\n<meta name=\"twitter:card\" content=\"summary_large_image\" \/>\n<meta name=\"twitter:creator\" content=\"@LaGuiadPamplona\" \/>\n<meta name=\"twitter:site\" content=\"@LaGuiadPamplona\" \/>\n<meta name=\"twitter:label1\" content=\"Escrito por\" \/>\n\t<meta name=\"twitter:data1\" content=\"La Gu\u00eda de Pamplona\" \/>\n\t<meta name=\"twitter:label2\" content=\"Tiempo de lectura\" \/>\n\t<meta name=\"twitter:data2\" content=\"3 minutos\" \/>\n<script type=\"application\/ld+json\" class=\"yoast-schema-graph\">{\"@context\":\"https:\\\/\\\/schema.org\",\"@graph\":[{\"@type\":\"Article\",\"@id\":\"https:\\\/\\\/www.laguiadepamplona.com\\\/actualidad\\\/pamplona-se-suma-a-la-peticion-para-reformar-el-bono-social-y-crear-un-foro-de-participacion-de-municipios-que-proponga-medidas-efectivas-contra-la-pobreza-energetica\\\/#article\",\"isPartOf\":{\"@id\":\"https:\\\/\\\/www.laguiadepamplona.com\\\/actualidad\\\/pamplona-se-suma-a-la-peticion-para-reformar-el-bono-social-y-crear-un-foro-de-participacion-de-municipios-que-proponga-medidas-efectivas-contra-la-pobreza-energetica\\\/\"},\"author\":{\"name\":\"La Gu\u00eda de Pamplona\",\"@id\":\"https:\\\/\\\/www.laguiadepamplona.com\\\/actualidad\\\/#\\\/schema\\\/person\\\/efe887376f0213d4657c93adc50b1fdb\"},\"headline\":\"Pamplona se suma a la petici\u00f3n para reformar el bono social y crear un foro de participaci\u00f3n de municipios que proponga medidas efectivas contra la pobreza energ\u00e9tica\",\"datePublished\":\"2018-12-18T15:00:00+00:00\",\"dateModified\":\"2018-12-18T15:00:08+00:00\",\"mainEntityOfPage\":{\"@id\":\"https:\\\/\\\/www.laguiadepamplona.com\\\/actualidad\\\/pamplona-se-suma-a-la-peticion-para-reformar-el-bono-social-y-crear-un-foro-de-participacion-de-municipios-que-proponga-medidas-efectivas-contra-la-pobreza-energetica\\\/\"},\"wordCount\":532,\"commentCount\":0,\"publisher\":{\"@id\":\"https:\\\/\\\/www.laguiadepamplona.com\\\/actualidad\\\/#organization\"},\"image\":{\"@id\":\"https:\\\/\\\/www.laguiadepamplona.com\\\/actualidad\\\/pamplona-se-suma-a-la-peticion-para-reformar-el-bono-social-y-crear-un-foro-de-participacion-de-municipios-que-proponga-medidas-efectivas-contra-la-pobreza-energetica\\\/#primaryimage\"},\"thumbnailUrl\":\"https:\\\/\\\/www.laguiadepamplona.com\\\/actualidad\\\/wp-content\\\/uploads\\\/2018\\\/05\\\/ayto-pamplona-3.jpg\",\"articleSection\":[\"Ayto Pamplona\"],\"inLanguage\":\"es\",\"potentialAction\":[{\"@type\":\"CommentAction\",\"name\":\"Comment\",\"target\":[\"https:\\\/\\\/www.laguiadepamplona.com\\\/actualidad\\\/pamplona-se-suma-a-la-peticion-para-reformar-el-bono-social-y-crear-un-foro-de-participacion-de-municipios-que-proponga-medidas-efectivas-contra-la-pobreza-energetica\\\/#respond\"]}]},{\"@type\":\"WebPage\",\"@id\":\"https:\\\/\\\/www.laguiadepamplona.com\\\/actualidad\\\/pamplona-se-suma-a-la-peticion-para-reformar-el-bono-social-y-crear-un-foro-de-participacion-de-municipios-que-proponga-medidas-efectivas-contra-la-pobreza-energetica\\\/\",\"url\":\"https:\\\/\\\/www.laguiadepamplona.com\\\/actualidad\\\/pamplona-se-suma-a-la-peticion-para-reformar-el-bono-social-y-crear-un-foro-de-participacion-de-municipios-que-proponga-medidas-efectivas-contra-la-pobreza-energetica\\\/\",\"name\":\"Pamplona se suma a la petici\u00f3n para reformar el bono social y crear un foro de participaci\u00f3n de municipios que proponga medidas efectivas contra la pobreza energ\u00e9tica\",\"isPartOf\":{\"@id\":\"https:\\\/\\\/www.laguiadepamplona.com\\\/actualidad\\\/#website\"},\"primaryImageOfPage\":{\"@id\":\"https:\\\/\\\/www.laguiadepamplona.com\\\/actualidad\\\/pamplona-se-suma-a-la-peticion-para-reformar-el-bono-social-y-crear-un-foro-de-participacion-de-municipios-que-proponga-medidas-efectivas-contra-la-pobreza-energetica\\\/#primaryimage\"},\"image\":{\"@id\":\"https:\\\/\\\/www.laguiadepamplona.com\\\/actualidad\\\/pamplona-se-suma-a-la-peticion-para-reformar-el-bono-social-y-crear-un-foro-de-participacion-de-municipios-que-proponga-medidas-efectivas-contra-la-pobreza-energetica\\\/#primaryimage\"},\"thumbnailUrl\":\"https:\\\/\\\/www.laguiadepamplona.com\\\/actualidad\\\/wp-content\\\/uploads\\\/2018\\\/05\\\/ayto-pamplona-3.jpg\",\"datePublished\":\"2018-12-18T15:00:00+00:00\",\"dateModified\":\"2018-12-18T15:00:08+00:00\",\"breadcrumb\":{\"@id\":\"https:\\\/\\\/www.laguiadepamplona.com\\\/actualidad\\\/pamplona-se-suma-a-la-peticion-para-reformar-el-bono-social-y-crear-un-foro-de-participacion-de-municipios-que-proponga-medidas-efectivas-contra-la-pobreza-energetica\\\/#breadcrumb\"},\"inLanguage\":\"es\",\"potentialAction\":[{\"@type\":\"ReadAction\",\"target\":[\"https:\\\/\\\/www.laguiadepamplona.com\\\/actualidad\\\/pamplona-se-suma-a-la-peticion-para-reformar-el-bono-social-y-crear-un-foro-de-participacion-de-municipios-que-proponga-medidas-efectivas-contra-la-pobreza-energetica\\\/\"]}]},{\"@type\":\"ImageObject\",\"inLanguage\":\"es\",\"@id\":\"https:\\\/\\\/www.laguiadepamplona.com\\\/actualidad\\\/pamplona-se-suma-a-la-peticion-para-reformar-el-bono-social-y-crear-un-foro-de-participacion-de-municipios-que-proponga-medidas-efectivas-contra-la-pobreza-energetica\\\/#primaryimage\",\"url\":\"https:\\\/\\\/www.laguiadepamplona.com\\\/actualidad\\\/wp-content\\\/uploads\\\/2018\\\/05\\\/ayto-pamplona-3.jpg\",\"contentUrl\":\"https:\\\/\\\/www.laguiadepamplona.com\\\/actualidad\\\/wp-content\\\/uploads\\\/2018\\\/05\\\/ayto-pamplona-3.jpg\",\"width\":1000,\"height\":555},{\"@type\":\"BreadcrumbList\",\"@id\":\"https:\\\/\\\/www.laguiadepamplona.com\\\/actualidad\\\/pamplona-se-suma-a-la-peticion-para-reformar-el-bono-social-y-crear-un-foro-de-participacion-de-municipios-que-proponga-medidas-efectivas-contra-la-pobreza-energetica\\\/#breadcrumb\",\"itemListElement\":[{\"@type\":\"ListItem\",\"position\":1,\"name\":\"Portada\",\"item\":\"https:\\\/\\\/www.laguiadepamplona.com\\\/actualidad\\\/\"},{\"@type\":\"ListItem\",\"position\":2,\"name\":\"Pamplona se suma a la petici\u00f3n para reformar el bono social y crear un foro de participaci\u00f3n de municipios que proponga medidas efectivas contra la pobreza energ\u00e9tica\"}]},{\"@type\":\"WebSite\",\"@id\":\"https:\\\/\\\/www.laguiadepamplona.com\\\/actualidad\\\/#website\",\"url\":\"https:\\\/\\\/www.laguiadepamplona.com\\\/actualidad\\\/\",\"name\":\"La gu\u00eda de Pamplona\",\"description\":\"Noticias de Pamplona\",\"publisher\":{\"@id\":\"https:\\\/\\\/www.laguiadepamplona.com\\\/actualidad\\\/#organization\"},\"potentialAction\":[{\"@type\":\"SearchAction\",\"target\":{\"@type\":\"EntryPoint\",\"urlTemplate\":\"https:\\\/\\\/www.laguiadepamplona.com\\\/actualidad\\\/?s={search_term_string}\"},\"query-input\":{\"@type\":\"PropertyValueSpecification\",\"valueRequired\":true,\"valueName\":\"search_term_string\"}}],\"inLanguage\":\"es\"},{\"@type\":\"Organization\",\"@id\":\"https:\\\/\\\/www.laguiadepamplona.com\\\/actualidad\\\/#organization\",\"name\":\"La Gu\u00eda de Pamplona \\\/ Noticias\",\"url\":\"https:\\\/\\\/www.laguiadepamplona.com\\\/actualidad\\\/\",\"logo\":{\"@type\":\"ImageObject\",\"inLanguage\":\"es\",\"@id\":\"https:\\\/\\\/www.laguiadepamplona.com\\\/actualidad\\\/#\\\/schema\\\/logo\\\/image\\\/\",\"url\":\"https:\\\/\\\/www.laguiadepamplona.com\\\/actualidad\\\/wp-content\\\/uploads\\\/2018\\\/11\\\/logo-laguiadepamplona18-web1.png\",\"contentUrl\":\"https:\\\/\\\/www.laguiadepamplona.com\\\/actualidad\\\/wp-content\\\/uploads\\\/2018\\\/11\\\/logo-laguiadepamplona18-web1.png\",\"width\":600,\"height\":196,\"caption\":\"La Gu\u00eda de Pamplona \\\/ Noticias\"},\"image\":{\"@id\":\"https:\\\/\\\/www.laguiadepamplona.com\\\/actualidad\\\/#\\\/schema\\\/logo\\\/image\\\/\"},\"sameAs\":[\"https:\\\/\\\/www.facebook.com\\\/laguiadepamplonacom-133175176762273\\\/?ref=hl\",\"https:\\\/\\\/x.com\\\/LaGuiadPamplona\",\"https:\\\/\\\/www.instagram.com\\\/la_guia_de_pamplona\\\/\",\"https:\\\/\\\/www.youtube.com\\\/user\\\/laguiadepamplona\"]},{\"@type\":\"Person\",\"@id\":\"https:\\\/\\\/www.laguiadepamplona.com\\\/actualidad\\\/#\\\/schema\\\/person\\\/efe887376f0213d4657c93adc50b1fdb\",\"name\":\"La Gu\u00eda de Pamplona\",\"image\":{\"@type\":\"ImageObject\",\"inLanguage\":\"es\",\"@id\":\"https:\\\/\\\/secure.gravatar.com\\\/avatar\\\/b6992f131dc8d30ab0dff15446e9d346d9dbd95992de0fef795073f5ea83a81c?s=96&d=mm&r=g\",\"url\":\"https:\\\/\\\/secure.gravatar.com\\\/avatar\\\/b6992f131dc8d30ab0dff15446e9d346d9dbd95992de0fef795073f5ea83a81c?s=96&d=mm&r=g\",\"contentUrl\":\"https:\\\/\\\/secure.gravatar.com\\\/avatar\\\/b6992f131dc8d30ab0dff15446e9d346d9dbd95992de0fef795073f5ea83a81c?s=96&d=mm&r=g\",\"caption\":\"La Gu\u00eda de Pamplona\"}}]}<\/script>\n<!-- \/ Yoast SEO plugin. -->","yoast_head_json":{"title":"Pamplona se suma a la petici\u00f3n para reformar el bono social y crear un foro de participaci\u00f3n de municipios que proponga medidas efectivas contra la pobreza energ\u00e9tica","robots":{"index":"index","follow":"follow","max-snippet":"max-snippet:-1","max-image-preview":"max-image-preview:large","max-video-preview":"max-video-preview:-1"},"canonical":"https:\/\/www.laguiadepamplona.com\/actualidad\/pamplona-se-suma-a-la-peticion-para-reformar-el-bono-social-y-crear-un-foro-de-participacion-de-municipios-que-proponga-medidas-efectivas-contra-la-pobreza-energetica\/","og_locale":"es_ES","og_type":"article","og_title":"Pamplona se suma a la petici\u00f3n para reformar el bono social y crear un foro de participaci\u00f3n de municipios que proponga medidas efectivas contra la pobreza energ\u00e9tica","og_url":"https:\/\/www.laguiadepamplona.com\/actualidad\/pamplona-se-suma-a-la-peticion-para-reformar-el-bono-social-y-crear-un-foro-de-participacion-de-municipios-que-proponga-medidas-efectivas-contra-la-pobreza-energetica\/","og_site_name":"La Gu\u00eda de Pamplona","article_publisher":"https:\/\/www.facebook.com\/laguiadepamplonacom-133175176762273\/?ref=hl","article_published_time":"2018-12-18T15:00:00+00:00","article_modified_time":"2018-12-18T15:00:08+00:00","og_image":[{"width":1000,"height":555,"url":"https:\/\/www.laguiadepamplona.com\/actualidad\/wp-content\/uploads\/2018\/05\/ayto-pamplona-3.jpg","type":"image\/jpeg"}],"author":"La Gu\u00eda de Pamplona","twitter_card":"summary_large_image","twitter_creator":"@LaGuiadPamplona","twitter_site":"@LaGuiadPamplona","twitter_misc":{"Escrito por":"La Gu\u00eda de Pamplona","Tiempo de lectura":"3 minutos"},"schema":{"@context":"https:\/\/schema.org","@graph":[{"@type":"Article","@id":"https:\/\/www.laguiadepamplona.com\/actualidad\/pamplona-se-suma-a-la-peticion-para-reformar-el-bono-social-y-crear-un-foro-de-participacion-de-municipios-que-proponga-medidas-efectivas-contra-la-pobreza-energetica\/#article","isPartOf":{"@id":"https:\/\/www.laguiadepamplona.com\/actualidad\/pamplona-se-suma-a-la-peticion-para-reformar-el-bono-social-y-crear-un-foro-de-participacion-de-municipios-que-proponga-medidas-efectivas-contra-la-pobreza-energetica\/"},"author":{"name":"La Gu\u00eda de Pamplona","@id":"https:\/\/www.laguiadepamplona.com\/actualidad\/#\/schema\/person\/efe887376f0213d4657c93adc50b1fdb"},"headline":"Pamplona se suma a la petici\u00f3n para reformar el bono social y crear un foro de participaci\u00f3n de municipios que proponga medidas efectivas contra la pobreza energ\u00e9tica","datePublished":"2018-12-18T15:00:00+00:00","dateModified":"2018-12-18T15:00:08+00:00","mainEntityOfPage":{"@id":"https:\/\/www.laguiadepamplona.com\/actualidad\/pamplona-se-suma-a-la-peticion-para-reformar-el-bono-social-y-crear-un-foro-de-participacion-de-municipios-que-proponga-medidas-efectivas-contra-la-pobreza-energetica\/"},"wordCount":532,"commentCount":0,"publisher":{"@id":"https:\/\/www.laguiadepamplona.com\/actualidad\/#organization"},"image":{"@id":"https:\/\/www.laguiadepamplona.com\/actualidad\/pamplona-se-suma-a-la-peticion-para-reformar-el-bono-social-y-crear-un-foro-de-participacion-de-municipios-que-proponga-medidas-efectivas-contra-la-pobreza-energetica\/#primaryimage"},"thumbnailUrl":"https:\/\/www.laguiadepamplona.com\/actualidad\/wp-content\/uploads\/2018\/05\/ayto-pamplona-3.jpg","articleSection":["Ayto Pamplona"],"inLanguage":"es","potentialAction":[{"@type":"CommentAction","name":"Comment","target":["https:\/\/www.laguiadepamplona.com\/actualidad\/pamplona-se-suma-a-la-peticion-para-reformar-el-bono-social-y-crear-un-foro-de-participacion-de-municipios-que-proponga-medidas-efectivas-contra-la-pobreza-energetica\/#respond"]}]},{"@type":"WebPage","@id":"https:\/\/www.laguiadepamplona.com\/actualidad\/pamplona-se-suma-a-la-peticion-para-reformar-el-bono-social-y-crear-un-foro-de-participacion-de-municipios-que-proponga-medidas-efectivas-contra-la-pobreza-energetica\/","url":"https:\/\/www.laguiadepamplona.com\/actualidad\/pamplona-se-suma-a-la-peticion-para-reformar-el-bono-social-y-crear-un-foro-de-participacion-de-municipios-que-proponga-medidas-efectivas-contra-la-pobreza-energetica\/","name":"Pamplona se suma a la petici\u00f3n para reformar el bono social y crear un foro de participaci\u00f3n de municipios que proponga medidas efectivas contra la pobreza energ\u00e9tica","isPartOf":{"@id":"https:\/\/www.laguiadepamplona.com\/actualidad\/#website"},"primaryImageOfPage":{"@id":"https:\/\/www.laguiadepamplona.com\/actualidad\/pamplona-se-suma-a-la-peticion-para-reformar-el-bono-social-y-crear-un-foro-de-participacion-de-municipios-que-proponga-medidas-efectivas-contra-la-pobreza-energetica\/#primaryimage"},"image":{"@id":"https:\/\/www.laguiadepamplona.com\/actualidad\/pamplona-se-suma-a-la-peticion-para-reformar-el-bono-social-y-crear-un-foro-de-participacion-de-municipios-que-proponga-medidas-efectivas-contra-la-pobreza-energetica\/#primaryimage"},"thumbnailUrl":"https:\/\/www.laguiadepamplona.com\/actualidad\/wp-content\/uploads\/2018\/05\/ayto-pamplona-3.jpg","datePublished":"2018-12-18T15:00:00+00:00","dateModified":"2018-12-18T15:00:08+00:00","breadcrumb":{"@id":"https:\/\/www.laguiadepamplona.com\/actualidad\/pamplona-se-suma-a-la-peticion-para-reformar-el-bono-social-y-crear-un-foro-de-participacion-de-municipios-que-proponga-medidas-efectivas-contra-la-pobreza-energetica\/#breadcrumb"},"inLanguage":"es","potentialAction":[{"@type":"ReadAction","target":["https:\/\/www.laguiadepamplona.com\/actualidad\/pamplona-se-suma-a-la-peticion-para-reformar-el-bono-social-y-crear-un-foro-de-participacion-de-municipios-que-proponga-medidas-efectivas-contra-la-pobreza-energetica\/"]}]},{"@type":"ImageObject","inLanguage":"es","@id":"https:\/\/www.laguiadepamplona.com\/actualidad\/pamplona-se-suma-a-la-peticion-para-reformar-el-bono-social-y-crear-un-foro-de-participacion-de-municipios-que-proponga-medidas-efectivas-contra-la-pobreza-energetica\/#primaryimage","url":"https:\/\/www.laguiadepamplona.com\/actualidad\/wp-content\/uploads\/2018\/05\/ayto-pamplona-3.jpg","contentUrl":"https:\/\/www.laguiadepamplona.com\/actualidad\/wp-content\/uploads\/2018\/05\/ayto-pamplona-3.jpg","width":1000,"height":555},{"@type":"BreadcrumbList","@id":"https:\/\/www.laguiadepamplona.com\/actualidad\/pamplona-se-suma-a-la-peticion-para-reformar-el-bono-social-y-crear-un-foro-de-participacion-de-municipios-que-proponga-medidas-efectivas-contra-la-pobreza-energetica\/#breadcrumb","itemListElement":[{"@type":"ListItem","position":1,"name":"Portada","item":"https:\/\/www.laguiadepamplona.com\/actualidad\/"},{"@type":"ListItem","position":2,"name":"Pamplona se suma a la petici\u00f3n para reformar el bono social y crear un foro de participaci\u00f3n de municipios que proponga medidas efectivas contra la pobreza energ\u00e9tica"}]},{"@type":"WebSite","@id":"https:\/\/www.laguiadepamplona.com\/actualidad\/#website","url":"https:\/\/www.laguiadepamplona.com\/actualidad\/","name":"La gu\u00eda de Pamplona","description":"Noticias de Pamplona","publisher":{"@id":"https:\/\/www.laguiadepamplona.com\/actualidad\/#organization"},"potentialAction":[{"@type":"SearchAction","target":{"@type":"EntryPoint","urlTemplate":"https:\/\/www.laguiadepamplona.com\/actualidad\/?s={search_term_string}"},"query-input":{"@type":"PropertyValueSpecification","valueRequired":true,"valueName":"search_term_string"}}],"inLanguage":"es"},{"@type":"Organization","@id":"https:\/\/www.laguiadepamplona.com\/actualidad\/#organization","name":"La Gu\u00eda de Pamplona \/ Noticias","url":"https:\/\/www.laguiadepamplona.com\/actualidad\/","logo":{"@type":"ImageObject","inLanguage":"es","@id":"https:\/\/www.laguiadepamplona.com\/actualidad\/#\/schema\/logo\/image\/","url":"https:\/\/www.laguiadepamplona.com\/actualidad\/wp-content\/uploads\/2018\/11\/logo-laguiadepamplona18-web1.png","contentUrl":"https:\/\/www.laguiadepamplona.com\/actualidad\/wp-content\/uploads\/2018\/11\/logo-laguiadepamplona18-web1.png","width":600,"height":196,"caption":"La Gu\u00eda de Pamplona \/ Noticias"},"image":{"@id":"https:\/\/www.laguiadepamplona.com\/actualidad\/#\/schema\/logo\/image\/"},"sameAs":["https:\/\/www.facebook.com\/laguiadepamplonacom-133175176762273\/?ref=hl","https:\/\/x.com\/LaGuiadPamplona","https:\/\/www.instagram.com\/la_guia_de_pamplona\/","https:\/\/www.youtube.com\/user\/laguiadepamplona"]},{"@type":"Person","@id":"https:\/\/www.laguiadepamplona.com\/actualidad\/#\/schema\/person\/efe887376f0213d4657c93adc50b1fdb","name":"La Gu\u00eda de Pamplona","image":{"@type":"ImageObject","inLanguage":"es","@id":"https:\/\/secure.gravatar.com\/avatar\/b6992f131dc8d30ab0dff15446e9d346d9dbd95992de0fef795073f5ea83a81c?s=96&d=mm&r=g","url":"https:\/\/secure.gravatar.com\/avatar\/b6992f131dc8d30ab0dff15446e9d346d9dbd95992de0fef795073f5ea83a81c?s=96&d=mm&r=g","contentUrl":"https:\/\/secure.gravatar.com\/avatar\/b6992f131dc8d30ab0dff15446e9d346d9dbd95992de0fef795073f5ea83a81c?s=96&d=mm&r=g","caption":"La Gu\u00eda de Pamplona"}}]}},"post_mailing_queue_ids":[],"_links":{"self":[{"href":"https:\/\/www.laguiadepamplona.com\/actualidad\/wp-json\/wp\/v2\/posts\/19852","targetHints":{"allow":["GET"]}}],"collection":[{"href":"https:\/\/www.laguiadepamplona.com\/actualidad\/wp-json\/wp\/v2\/posts"}],"about":[{"href":"https:\/\/www.laguiadepamplona.com\/actualidad\/wp-json\/wp\/v2\/types\/post"}],"author":[{"embeddable":true,"href":"https:\/\/www.laguiadepamplona.com\/actualidad\/wp-json\/wp\/v2\/users\/1"}],"replies":[{"embeddable":true,"href":"https:\/\/www.laguiadepamplona.com\/actualidad\/wp-json\/wp\/v2\/comments?post=19852"}],"version-history":[{"count":0,"href":"https:\/\/www.laguiadepamplona.com\/actualidad\/wp-json\/wp\/v2\/posts\/19852\/revisions"}],"wp:featuredmedia":[{"embeddable":true,"href":"https:\/\/www.laguiadepamplona.com\/actualidad\/wp-json\/wp\/v2\/media\/17600"}],"wp:attachment":[{"href":"https:\/\/www.laguiadepamplona.com\/actualidad\/wp-json\/wp\/v2\/media?parent=19852"}],"wp:term":[{"taxonomy":"category","embeddable":true,"href":"https:\/\/www.laguiadepamplona.com\/actualidad\/wp-json\/wp\/v2\/categories?post=19852"},{"taxonomy":"post_tag","embeddable":true,"href":"https:\/\/www.laguiadepamplona.com\/actualidad\/wp-json\/wp\/v2\/tags?post=19852"}],"curies":[{"name":"wp","href":"https:\/\/api.w.org\/{rel}","templated":true}]}}