{"id":19847,"date":"2018-12-18T14:01:09","date_gmt":"2018-12-18T12:01:09","guid":{"rendered":"https:\/\/www.laguiadepamplona.es\/actualidad\/?p=19847"},"modified":"2018-12-18T14:01:14","modified_gmt":"2018-12-18T12:01:14","slug":"el-ayuntamiento-celebra-el-dia-internacional-del-migrante-con-colectivos-asociaciones-y-entidades-que-trabajan-por-la-diversidad-en-pamplona","status":"publish","type":"post","link":"https:\/\/www.laguiadepamplona.com\/actualidad\/el-ayuntamiento-celebra-el-dia-internacional-del-migrante-con-colectivos-asociaciones-y-entidades-que-trabajan-por-la-diversidad-en-pamplona\/","title":{"rendered":"El Ayuntamiento celebra el D\u00eda Internacional del Migrante con colectivos, asociaciones y entidades que trabajan por la diversidad en Pamplona"},"content":{"rendered":"\n<!--more-->\n\n\n<h3>En la recepci\u00f3n se ha le\u00eddo la declaraci\u00f3n institucional de reconocimiento y compromiso por la diversidad aprobada ayer en comisi\u00f3n<\/h3>\n<p>El Ayuntamiento de Pamplona ha organizado esta ma\u00f1ana una recepci\u00f3n institucional a colectivos, asociaciones y entidades que representan y trabajan por la diversidad en la ciudad. El acto se enmarca en la celebraci\u00f3n del D\u00eda Internacional del Migrante, que tiene lugar este martes 18 de diciembre.<\/p>\n<p>En la recepci\u00f3n, han participado la concejala delegada de Cultura y Educaci\u00f3n, Maider Beloki, y miembros de la Corporaci\u00f3n municipal. Representantes de la Federaci\u00f3n de Asociaciones de Inmigrantes de Navarra (FAIN), de la Asociaci\u00f3n Rosa de Bulgaria, del Centro Argentino Navarro, de la Asociaci\u00f3n Pro Extranjeros, de la Asociaci\u00f3n Cultural Sumak Kawsay y del Servicio Socioeducativo Cultural (SEI) han le\u00eddo durante el acto, desde diferentes puntos del Sal\u00f3n de Recepciones como s\u00edmbolo de la integridad de todas las personas, la declaraci\u00f3n institucional aprobada ayer en la Comisi\u00f3n de Asuntos Ciudadanos sobre la diversidad.<\/p>\n<p>En ella, el Ayuntamiento de Pamplona ha acordado \u201ccomprometerse con el rechazo a todos aquellos discursos estigmatizadores sobre la migraci\u00f3n, construidos sobre el prejuicio y la generalizaci\u00f3n abusiva\u201d. Se llama, tambi\u00e9n, a la sociedad \u201ca combatir las formas abiertas y sutiles de aporofobia, racismo y xenofobia as\u00ed como a contrarrestar y denunciar los diferentes \u00e1mbitos de impunidad\u201d.<\/p>\n<p>Se reconocen, asimismo, \u201cla migraci\u00f3n y las nuevas diversidades, que la acompa\u00f1an, como una oportunidad y un incentivo para volver a pensar, colectivamente, la sociedad y la ciudad que queremos para todos y todas nosotras y para las futuras generaciones\u201d.<\/p>\n<p>Por \u00faltimo, en un tercer punto, se acuerda \u201catender a la expresi\u00f3n de las dificultades que esta nueva realidad puede generar y acompa\u00f1arlas, con el fin de que puedan afrontarse y superarse de manera constructiva. Si acertamos hoy con los compromisos que adoptemos y con las decisiones que tomemos estaremos poniendo las bases para un futuro mejor\u201d.<\/p>\n<p>El acto ha concluido con un aurresku interpretado por un dantzari del grupo Duguna, junto a dos txistularis y un caja, y con una fotograf\u00eda de grupo de todas las personas que han asistido a la recepci\u00f3n oficial.<\/p>","protected":false},"excerpt":{"rendered":"","protected":false},"author":1,"featured_media":19848,"comment_status":"open","ping_status":"closed","sticky":false,"template":"","format":"standard","meta":{"footnotes":""},"categories":[2],"tags":[],"class_list":["post-19847","post","type-post","status-publish","format-standard","has-post-thumbnail","hentry","category-ayuntamiento-pamplona"],"yoast_head":"<!-- This site is optimized with the Yoast SEO plugin v27.3 - https:\/\/yoast.com\/product\/yoast-seo-wordpress\/ -->\n<title>El Ayuntamiento celebra el D\u00eda Internacional del Migrante con colectivos, asociaciones y entidades que trabajan por la diversidad en Pamplona<\/title>\n<meta name=\"robots\" content=\"index, follow, max-snippet:-1, max-image-preview:large, max-video-preview:-1\" \/>\n<link rel=\"canonical\" href=\"https:\/\/www.laguiadepamplona.com\/actualidad\/el-ayuntamiento-celebra-el-dia-internacional-del-migrante-con-colectivos-asociaciones-y-entidades-que-trabajan-por-la-diversidad-en-pamplona\/\" \/>\n<meta property=\"og:locale\" content=\"es_ES\" \/>\n<meta property=\"og:type\" content=\"article\" \/>\n<meta property=\"og:title\" content=\"El Ayuntamiento celebra el D\u00eda Internacional del Migrante con colectivos, asociaciones y entidades que trabajan por la diversidad en Pamplona\" \/>\n<meta property=\"og:url\" content=\"https:\/\/www.laguiadepamplona.com\/actualidad\/el-ayuntamiento-celebra-el-dia-internacional-del-migrante-con-colectivos-asociaciones-y-entidades-que-trabajan-por-la-diversidad-en-pamplona\/\" \/>\n<meta property=\"og:site_name\" content=\"La Gu\u00eda de Pamplona\" \/>\n<meta property=\"article:publisher\" content=\"https:\/\/www.facebook.com\/laguiadepamplonacom-133175176762273\/?ref=hl\" \/>\n<meta property=\"article:published_time\" content=\"2018-12-18T12:01:09+00:00\" \/>\n<meta property=\"article:modified_time\" content=\"2018-12-18T12:01:14+00:00\" \/>\n<meta property=\"og:image\" content=\"https:\/\/www.laguiadepamplona.com\/actualidad\/wp-content\/uploads\/2018\/12\/18.12.18_recepci\u00f3n-migrantes.jpg\" \/>\n\t<meta property=\"og:image:width\" content=\"1000\" \/>\n\t<meta property=\"og:image:height\" content=\"666\" \/>\n\t<meta property=\"og:image:type\" content=\"image\/jpeg\" \/>\n<meta name=\"author\" content=\"La Gu\u00eda de Pamplona\" \/>\n<meta name=\"twitter:card\" content=\"summary_large_image\" \/>\n<meta name=\"twitter:creator\" content=\"@LaGuiadPamplona\" \/>\n<meta name=\"twitter:site\" content=\"@LaGuiadPamplona\" \/>\n<meta name=\"twitter:label1\" content=\"Escrito por\" \/>\n\t<meta name=\"twitter:data1\" content=\"La Gu\u00eda de Pamplona\" \/>\n\t<meta name=\"twitter:label2\" content=\"Tiempo de lectura\" \/>\n\t<meta name=\"twitter:data2\" content=\"2 minutos\" \/>\n<script type=\"application\/ld+json\" class=\"yoast-schema-graph\">{\"@context\":\"https:\\\/\\\/schema.org\",\"@graph\":[{\"@type\":\"Article\",\"@id\":\"https:\\\/\\\/www.laguiadepamplona.com\\\/actualidad\\\/el-ayuntamiento-celebra-el-dia-internacional-del-migrante-con-colectivos-asociaciones-y-entidades-que-trabajan-por-la-diversidad-en-pamplona\\\/#article\",\"isPartOf\":{\"@id\":\"https:\\\/\\\/www.laguiadepamplona.com\\\/actualidad\\\/el-ayuntamiento-celebra-el-dia-internacional-del-migrante-con-colectivos-asociaciones-y-entidades-que-trabajan-por-la-diversidad-en-pamplona\\\/\"},\"author\":{\"name\":\"La Gu\u00eda de Pamplona\",\"@id\":\"https:\\\/\\\/www.laguiadepamplona.com\\\/actualidad\\\/#\\\/schema\\\/person\\\/efe887376f0213d4657c93adc50b1fdb\"},\"headline\":\"El Ayuntamiento celebra el D\u00eda Internacional del Migrante con colectivos, asociaciones y entidades que trabajan por la diversidad en Pamplona\",\"datePublished\":\"2018-12-18T12:01:09+00:00\",\"dateModified\":\"2018-12-18T12:01:14+00:00\",\"mainEntityOfPage\":{\"@id\":\"https:\\\/\\\/www.laguiadepamplona.com\\\/actualidad\\\/el-ayuntamiento-celebra-el-dia-internacional-del-migrante-con-colectivos-asociaciones-y-entidades-que-trabajan-por-la-diversidad-en-pamplona\\\/\"},\"wordCount\":400,\"commentCount\":0,\"publisher\":{\"@id\":\"https:\\\/\\\/www.laguiadepamplona.com\\\/actualidad\\\/#organization\"},\"image\":{\"@id\":\"https:\\\/\\\/www.laguiadepamplona.com\\\/actualidad\\\/el-ayuntamiento-celebra-el-dia-internacional-del-migrante-con-colectivos-asociaciones-y-entidades-que-trabajan-por-la-diversidad-en-pamplona\\\/#primaryimage\"},\"thumbnailUrl\":\"https:\\\/\\\/www.laguiadepamplona.com\\\/actualidad\\\/wp-content\\\/uploads\\\/2018\\\/12\\\/18.12.18_recepci\u00f3n-migrantes.jpg\",\"articleSection\":[\"Ayto Pamplona\"],\"inLanguage\":\"es\",\"potentialAction\":[{\"@type\":\"CommentAction\",\"name\":\"Comment\",\"target\":[\"https:\\\/\\\/www.laguiadepamplona.com\\\/actualidad\\\/el-ayuntamiento-celebra-el-dia-internacional-del-migrante-con-colectivos-asociaciones-y-entidades-que-trabajan-por-la-diversidad-en-pamplona\\\/#respond\"]}]},{\"@type\":\"WebPage\",\"@id\":\"https:\\\/\\\/www.laguiadepamplona.com\\\/actualidad\\\/el-ayuntamiento-celebra-el-dia-internacional-del-migrante-con-colectivos-asociaciones-y-entidades-que-trabajan-por-la-diversidad-en-pamplona\\\/\",\"url\":\"https:\\\/\\\/www.laguiadepamplona.com\\\/actualidad\\\/el-ayuntamiento-celebra-el-dia-internacional-del-migrante-con-colectivos-asociaciones-y-entidades-que-trabajan-por-la-diversidad-en-pamplona\\\/\",\"name\":\"El Ayuntamiento celebra el D\u00eda Internacional del Migrante con colectivos, asociaciones y entidades que trabajan por la diversidad en Pamplona\",\"isPartOf\":{\"@id\":\"https:\\\/\\\/www.laguiadepamplona.com\\\/actualidad\\\/#website\"},\"primaryImageOfPage\":{\"@id\":\"https:\\\/\\\/www.laguiadepamplona.com\\\/actualidad\\\/el-ayuntamiento-celebra-el-dia-internacional-del-migrante-con-colectivos-asociaciones-y-entidades-que-trabajan-por-la-diversidad-en-pamplona\\\/#primaryimage\"},\"image\":{\"@id\":\"https:\\\/\\\/www.laguiadepamplona.com\\\/actualidad\\\/el-ayuntamiento-celebra-el-dia-internacional-del-migrante-con-colectivos-asociaciones-y-entidades-que-trabajan-por-la-diversidad-en-pamplona\\\/#primaryimage\"},\"thumbnailUrl\":\"https:\\\/\\\/www.laguiadepamplona.com\\\/actualidad\\\/wp-content\\\/uploads\\\/2018\\\/12\\\/18.12.18_recepci\u00f3n-migrantes.jpg\",\"datePublished\":\"2018-12-18T12:01:09+00:00\",\"dateModified\":\"2018-12-18T12:01:14+00:00\",\"breadcrumb\":{\"@id\":\"https:\\\/\\\/www.laguiadepamplona.com\\\/actualidad\\\/el-ayuntamiento-celebra-el-dia-internacional-del-migrante-con-colectivos-asociaciones-y-entidades-que-trabajan-por-la-diversidad-en-pamplona\\\/#breadcrumb\"},\"inLanguage\":\"es\",\"potentialAction\":[{\"@type\":\"ReadAction\",\"target\":[\"https:\\\/\\\/www.laguiadepamplona.com\\\/actualidad\\\/el-ayuntamiento-celebra-el-dia-internacional-del-migrante-con-colectivos-asociaciones-y-entidades-que-trabajan-por-la-diversidad-en-pamplona\\\/\"]}]},{\"@type\":\"ImageObject\",\"inLanguage\":\"es\",\"@id\":\"https:\\\/\\\/www.laguiadepamplona.com\\\/actualidad\\\/el-ayuntamiento-celebra-el-dia-internacional-del-migrante-con-colectivos-asociaciones-y-entidades-que-trabajan-por-la-diversidad-en-pamplona\\\/#primaryimage\",\"url\":\"https:\\\/\\\/www.laguiadepamplona.com\\\/actualidad\\\/wp-content\\\/uploads\\\/2018\\\/12\\\/18.12.18_recepci\u00f3n-migrantes.jpg\",\"contentUrl\":\"https:\\\/\\\/www.laguiadepamplona.com\\\/actualidad\\\/wp-content\\\/uploads\\\/2018\\\/12\\\/18.12.18_recepci\u00f3n-migrantes.jpg\",\"width\":1000,\"height\":666},{\"@type\":\"BreadcrumbList\",\"@id\":\"https:\\\/\\\/www.laguiadepamplona.com\\\/actualidad\\\/el-ayuntamiento-celebra-el-dia-internacional-del-migrante-con-colectivos-asociaciones-y-entidades-que-trabajan-por-la-diversidad-en-pamplona\\\/#breadcrumb\",\"itemListElement\":[{\"@type\":\"ListItem\",\"position\":1,\"name\":\"Portada\",\"item\":\"https:\\\/\\\/www.laguiadepamplona.com\\\/actualidad\\\/\"},{\"@type\":\"ListItem\",\"position\":2,\"name\":\"El Ayuntamiento celebra el D\u00eda Internacional del Migrante con colectivos, asociaciones y entidades que trabajan por la diversidad en Pamplona\"}]},{\"@type\":\"WebSite\",\"@id\":\"https:\\\/\\\/www.laguiadepamplona.com\\\/actualidad\\\/#website\",\"url\":\"https:\\\/\\\/www.laguiadepamplona.com\\\/actualidad\\\/\",\"name\":\"La gu\u00eda de Pamplona\",\"description\":\"Noticias de Pamplona\",\"publisher\":{\"@id\":\"https:\\\/\\\/www.laguiadepamplona.com\\\/actualidad\\\/#organization\"},\"potentialAction\":[{\"@type\":\"SearchAction\",\"target\":{\"@type\":\"EntryPoint\",\"urlTemplate\":\"https:\\\/\\\/www.laguiadepamplona.com\\\/actualidad\\\/?s={search_term_string}\"},\"query-input\":{\"@type\":\"PropertyValueSpecification\",\"valueRequired\":true,\"valueName\":\"search_term_string\"}}],\"inLanguage\":\"es\"},{\"@type\":\"Organization\",\"@id\":\"https:\\\/\\\/www.laguiadepamplona.com\\\/actualidad\\\/#organization\",\"name\":\"La Gu\u00eda de Pamplona \\\/ Noticias\",\"url\":\"https:\\\/\\\/www.laguiadepamplona.com\\\/actualidad\\\/\",\"logo\":{\"@type\":\"ImageObject\",\"inLanguage\":\"es\",\"@id\":\"https:\\\/\\\/www.laguiadepamplona.com\\\/actualidad\\\/#\\\/schema\\\/logo\\\/image\\\/\",\"url\":\"https:\\\/\\\/www.laguiadepamplona.com\\\/actualidad\\\/wp-content\\\/uploads\\\/2018\\\/11\\\/logo-laguiadepamplona18-web1.png\",\"contentUrl\":\"https:\\\/\\\/www.laguiadepamplona.com\\\/actualidad\\\/wp-content\\\/uploads\\\/2018\\\/11\\\/logo-laguiadepamplona18-web1.png\",\"width\":600,\"height\":196,\"caption\":\"La Gu\u00eda de Pamplona \\\/ Noticias\"},\"image\":{\"@id\":\"https:\\\/\\\/www.laguiadepamplona.com\\\/actualidad\\\/#\\\/schema\\\/logo\\\/image\\\/\"},\"sameAs\":[\"https:\\\/\\\/www.facebook.com\\\/laguiadepamplonacom-133175176762273\\\/?ref=hl\",\"https:\\\/\\\/x.com\\\/LaGuiadPamplona\",\"https:\\\/\\\/www.instagram.com\\\/la_guia_de_pamplona\\\/\",\"https:\\\/\\\/www.youtube.com\\\/user\\\/laguiadepamplona\"]},{\"@type\":\"Person\",\"@id\":\"https:\\\/\\\/www.laguiadepamplona.com\\\/actualidad\\\/#\\\/schema\\\/person\\\/efe887376f0213d4657c93adc50b1fdb\",\"name\":\"La Gu\u00eda de Pamplona\",\"image\":{\"@type\":\"ImageObject\",\"inLanguage\":\"es\",\"@id\":\"https:\\\/\\\/secure.gravatar.com\\\/avatar\\\/b6992f131dc8d30ab0dff15446e9d346d9dbd95992de0fef795073f5ea83a81c?s=96&d=mm&r=g\",\"url\":\"https:\\\/\\\/secure.gravatar.com\\\/avatar\\\/b6992f131dc8d30ab0dff15446e9d346d9dbd95992de0fef795073f5ea83a81c?s=96&d=mm&r=g\",\"contentUrl\":\"https:\\\/\\\/secure.gravatar.com\\\/avatar\\\/b6992f131dc8d30ab0dff15446e9d346d9dbd95992de0fef795073f5ea83a81c?s=96&d=mm&r=g\",\"caption\":\"La Gu\u00eda de Pamplona\"}}]}<\/script>\n<!-- \/ Yoast SEO plugin. -->","yoast_head_json":{"title":"El Ayuntamiento celebra el D\u00eda Internacional del Migrante con colectivos, asociaciones y entidades que trabajan por la diversidad en Pamplona","robots":{"index":"index","follow":"follow","max-snippet":"max-snippet:-1","max-image-preview":"max-image-preview:large","max-video-preview":"max-video-preview:-1"},"canonical":"https:\/\/www.laguiadepamplona.com\/actualidad\/el-ayuntamiento-celebra-el-dia-internacional-del-migrante-con-colectivos-asociaciones-y-entidades-que-trabajan-por-la-diversidad-en-pamplona\/","og_locale":"es_ES","og_type":"article","og_title":"El Ayuntamiento celebra el D\u00eda Internacional del Migrante con colectivos, asociaciones y entidades que trabajan por la diversidad en Pamplona","og_url":"https:\/\/www.laguiadepamplona.com\/actualidad\/el-ayuntamiento-celebra-el-dia-internacional-del-migrante-con-colectivos-asociaciones-y-entidades-que-trabajan-por-la-diversidad-en-pamplona\/","og_site_name":"La Gu\u00eda de Pamplona","article_publisher":"https:\/\/www.facebook.com\/laguiadepamplonacom-133175176762273\/?ref=hl","article_published_time":"2018-12-18T12:01:09+00:00","article_modified_time":"2018-12-18T12:01:14+00:00","og_image":[{"width":1000,"height":666,"url":"https:\/\/www.laguiadepamplona.com\/actualidad\/wp-content\/uploads\/2018\/12\/18.12.18_recepci\u00f3n-migrantes.jpg","type":"image\/jpeg"}],"author":"La Gu\u00eda de Pamplona","twitter_card":"summary_large_image","twitter_creator":"@LaGuiadPamplona","twitter_site":"@LaGuiadPamplona","twitter_misc":{"Escrito por":"La Gu\u00eda de Pamplona","Tiempo de lectura":"2 minutos"},"schema":{"@context":"https:\/\/schema.org","@graph":[{"@type":"Article","@id":"https:\/\/www.laguiadepamplona.com\/actualidad\/el-ayuntamiento-celebra-el-dia-internacional-del-migrante-con-colectivos-asociaciones-y-entidades-que-trabajan-por-la-diversidad-en-pamplona\/#article","isPartOf":{"@id":"https:\/\/www.laguiadepamplona.com\/actualidad\/el-ayuntamiento-celebra-el-dia-internacional-del-migrante-con-colectivos-asociaciones-y-entidades-que-trabajan-por-la-diversidad-en-pamplona\/"},"author":{"name":"La Gu\u00eda de Pamplona","@id":"https:\/\/www.laguiadepamplona.com\/actualidad\/#\/schema\/person\/efe887376f0213d4657c93adc50b1fdb"},"headline":"El Ayuntamiento celebra el D\u00eda Internacional del Migrante con colectivos, asociaciones y entidades que trabajan por la diversidad en Pamplona","datePublished":"2018-12-18T12:01:09+00:00","dateModified":"2018-12-18T12:01:14+00:00","mainEntityOfPage":{"@id":"https:\/\/www.laguiadepamplona.com\/actualidad\/el-ayuntamiento-celebra-el-dia-internacional-del-migrante-con-colectivos-asociaciones-y-entidades-que-trabajan-por-la-diversidad-en-pamplona\/"},"wordCount":400,"commentCount":0,"publisher":{"@id":"https:\/\/www.laguiadepamplona.com\/actualidad\/#organization"},"image":{"@id":"https:\/\/www.laguiadepamplona.com\/actualidad\/el-ayuntamiento-celebra-el-dia-internacional-del-migrante-con-colectivos-asociaciones-y-entidades-que-trabajan-por-la-diversidad-en-pamplona\/#primaryimage"},"thumbnailUrl":"https:\/\/www.laguiadepamplona.com\/actualidad\/wp-content\/uploads\/2018\/12\/18.12.18_recepci\u00f3n-migrantes.jpg","articleSection":["Ayto Pamplona"],"inLanguage":"es","potentialAction":[{"@type":"CommentAction","name":"Comment","target":["https:\/\/www.laguiadepamplona.com\/actualidad\/el-ayuntamiento-celebra-el-dia-internacional-del-migrante-con-colectivos-asociaciones-y-entidades-que-trabajan-por-la-diversidad-en-pamplona\/#respond"]}]},{"@type":"WebPage","@id":"https:\/\/www.laguiadepamplona.com\/actualidad\/el-ayuntamiento-celebra-el-dia-internacional-del-migrante-con-colectivos-asociaciones-y-entidades-que-trabajan-por-la-diversidad-en-pamplona\/","url":"https:\/\/www.laguiadepamplona.com\/actualidad\/el-ayuntamiento-celebra-el-dia-internacional-del-migrante-con-colectivos-asociaciones-y-entidades-que-trabajan-por-la-diversidad-en-pamplona\/","name":"El Ayuntamiento celebra el D\u00eda Internacional del Migrante con colectivos, asociaciones y entidades que trabajan por la diversidad en Pamplona","isPartOf":{"@id":"https:\/\/www.laguiadepamplona.com\/actualidad\/#website"},"primaryImageOfPage":{"@id":"https:\/\/www.laguiadepamplona.com\/actualidad\/el-ayuntamiento-celebra-el-dia-internacional-del-migrante-con-colectivos-asociaciones-y-entidades-que-trabajan-por-la-diversidad-en-pamplona\/#primaryimage"},"image":{"@id":"https:\/\/www.laguiadepamplona.com\/actualidad\/el-ayuntamiento-celebra-el-dia-internacional-del-migrante-con-colectivos-asociaciones-y-entidades-que-trabajan-por-la-diversidad-en-pamplona\/#primaryimage"},"thumbnailUrl":"https:\/\/www.laguiadepamplona.com\/actualidad\/wp-content\/uploads\/2018\/12\/18.12.18_recepci\u00f3n-migrantes.jpg","datePublished":"2018-12-18T12:01:09+00:00","dateModified":"2018-12-18T12:01:14+00:00","breadcrumb":{"@id":"https:\/\/www.laguiadepamplona.com\/actualidad\/el-ayuntamiento-celebra-el-dia-internacional-del-migrante-con-colectivos-asociaciones-y-entidades-que-trabajan-por-la-diversidad-en-pamplona\/#breadcrumb"},"inLanguage":"es","potentialAction":[{"@type":"ReadAction","target":["https:\/\/www.laguiadepamplona.com\/actualidad\/el-ayuntamiento-celebra-el-dia-internacional-del-migrante-con-colectivos-asociaciones-y-entidades-que-trabajan-por-la-diversidad-en-pamplona\/"]}]},{"@type":"ImageObject","inLanguage":"es","@id":"https:\/\/www.laguiadepamplona.com\/actualidad\/el-ayuntamiento-celebra-el-dia-internacional-del-migrante-con-colectivos-asociaciones-y-entidades-que-trabajan-por-la-diversidad-en-pamplona\/#primaryimage","url":"https:\/\/www.laguiadepamplona.com\/actualidad\/wp-content\/uploads\/2018\/12\/18.12.18_recepci\u00f3n-migrantes.jpg","contentUrl":"https:\/\/www.laguiadepamplona.com\/actualidad\/wp-content\/uploads\/2018\/12\/18.12.18_recepci\u00f3n-migrantes.jpg","width":1000,"height":666},{"@type":"BreadcrumbList","@id":"https:\/\/www.laguiadepamplona.com\/actualidad\/el-ayuntamiento-celebra-el-dia-internacional-del-migrante-con-colectivos-asociaciones-y-entidades-que-trabajan-por-la-diversidad-en-pamplona\/#breadcrumb","itemListElement":[{"@type":"ListItem","position":1,"name":"Portada","item":"https:\/\/www.laguiadepamplona.com\/actualidad\/"},{"@type":"ListItem","position":2,"name":"El Ayuntamiento celebra el D\u00eda Internacional del Migrante con colectivos, asociaciones y entidades que trabajan por la diversidad en Pamplona"}]},{"@type":"WebSite","@id":"https:\/\/www.laguiadepamplona.com\/actualidad\/#website","url":"https:\/\/www.laguiadepamplona.com\/actualidad\/","name":"La gu\u00eda de Pamplona","description":"Noticias de Pamplona","publisher":{"@id":"https:\/\/www.laguiadepamplona.com\/actualidad\/#organization"},"potentialAction":[{"@type":"SearchAction","target":{"@type":"EntryPoint","urlTemplate":"https:\/\/www.laguiadepamplona.com\/actualidad\/?s={search_term_string}"},"query-input":{"@type":"PropertyValueSpecification","valueRequired":true,"valueName":"search_term_string"}}],"inLanguage":"es"},{"@type":"Organization","@id":"https:\/\/www.laguiadepamplona.com\/actualidad\/#organization","name":"La Gu\u00eda de Pamplona \/ Noticias","url":"https:\/\/www.laguiadepamplona.com\/actualidad\/","logo":{"@type":"ImageObject","inLanguage":"es","@id":"https:\/\/www.laguiadepamplona.com\/actualidad\/#\/schema\/logo\/image\/","url":"https:\/\/www.laguiadepamplona.com\/actualidad\/wp-content\/uploads\/2018\/11\/logo-laguiadepamplona18-web1.png","contentUrl":"https:\/\/www.laguiadepamplona.com\/actualidad\/wp-content\/uploads\/2018\/11\/logo-laguiadepamplona18-web1.png","width":600,"height":196,"caption":"La Gu\u00eda de Pamplona \/ Noticias"},"image":{"@id":"https:\/\/www.laguiadepamplona.com\/actualidad\/#\/schema\/logo\/image\/"},"sameAs":["https:\/\/www.facebook.com\/laguiadepamplonacom-133175176762273\/?ref=hl","https:\/\/x.com\/LaGuiadPamplona","https:\/\/www.instagram.com\/la_guia_de_pamplona\/","https:\/\/www.youtube.com\/user\/laguiadepamplona"]},{"@type":"Person","@id":"https:\/\/www.laguiadepamplona.com\/actualidad\/#\/schema\/person\/efe887376f0213d4657c93adc50b1fdb","name":"La Gu\u00eda de Pamplona","image":{"@type":"ImageObject","inLanguage":"es","@id":"https:\/\/secure.gravatar.com\/avatar\/b6992f131dc8d30ab0dff15446e9d346d9dbd95992de0fef795073f5ea83a81c?s=96&d=mm&r=g","url":"https:\/\/secure.gravatar.com\/avatar\/b6992f131dc8d30ab0dff15446e9d346d9dbd95992de0fef795073f5ea83a81c?s=96&d=mm&r=g","contentUrl":"https:\/\/secure.gravatar.com\/avatar\/b6992f131dc8d30ab0dff15446e9d346d9dbd95992de0fef795073f5ea83a81c?s=96&d=mm&r=g","caption":"La Gu\u00eda de Pamplona"}}]}},"post_mailing_queue_ids":[],"_links":{"self":[{"href":"https:\/\/www.laguiadepamplona.com\/actualidad\/wp-json\/wp\/v2\/posts\/19847","targetHints":{"allow":["GET"]}}],"collection":[{"href":"https:\/\/www.laguiadepamplona.com\/actualidad\/wp-json\/wp\/v2\/posts"}],"about":[{"href":"https:\/\/www.laguiadepamplona.com\/actualidad\/wp-json\/wp\/v2\/types\/post"}],"author":[{"embeddable":true,"href":"https:\/\/www.laguiadepamplona.com\/actualidad\/wp-json\/wp\/v2\/users\/1"}],"replies":[{"embeddable":true,"href":"https:\/\/www.laguiadepamplona.com\/actualidad\/wp-json\/wp\/v2\/comments?post=19847"}],"version-history":[{"count":0,"href":"https:\/\/www.laguiadepamplona.com\/actualidad\/wp-json\/wp\/v2\/posts\/19847\/revisions"}],"wp:featuredmedia":[{"embeddable":true,"href":"https:\/\/www.laguiadepamplona.com\/actualidad\/wp-json\/wp\/v2\/media\/19848"}],"wp:attachment":[{"href":"https:\/\/www.laguiadepamplona.com\/actualidad\/wp-json\/wp\/v2\/media?parent=19847"}],"wp:term":[{"taxonomy":"category","embeddable":true,"href":"https:\/\/www.laguiadepamplona.com\/actualidad\/wp-json\/wp\/v2\/categories?post=19847"},{"taxonomy":"post_tag","embeddable":true,"href":"https:\/\/www.laguiadepamplona.com\/actualidad\/wp-json\/wp\/v2\/tags?post=19847"}],"curies":[{"name":"wp","href":"https:\/\/api.w.org\/{rel}","templated":true}]}}