{"id":19840,"date":"2018-12-17T18:15:38","date_gmt":"2018-12-17T16:15:38","guid":{"rendered":"https:\/\/www.laguiadepamplona.es\/actualidad\/?p=19840"},"modified":"2018-12-17T18:15:42","modified_gmt":"2018-12-17T16:15:42","slug":"los-apartamentos-municipales-acogen-a-153-personas-mayores-de-65-anos-autonomas-y-que-presentaban-dificultades-de-vivienda","status":"publish","type":"post","link":"https:\/\/www.laguiadepamplona.com\/actualidad\/los-apartamentos-municipales-acogen-a-153-personas-mayores-de-65-anos-autonomas-y-que-presentaban-dificultades-de-vivienda\/","title":{"rendered":"Los apartamentos municipales acogen a 153 personas mayores de 65 a\u00f1os aut\u00f3nomas y que presentaban dificultades de vivienda"},"content":{"rendered":"\n<!--more-->\n\n\n<h3>El alcalde y miembros de la Corporaci\u00f3n Municipal comparten la comida de Navidad con las personas que viven en los apartamentos municipales<\/h3>\n<p>El alcalde de Pamplona, Joseba Asiron, la concejala delegada de Acci\u00f3n Social, Esther Cremaes, y miembros de la Corporaci\u00f3n Municipal hay compartido hoy la comida de Navidad con las personas que residen en los apartamentos municipales. El encuentro, en el que han participado unos 70 comensales, ha tenido lugar en la S.C.D.R. Anaitasuna.<\/p>\n<p><a href=\"https:\/\/www.laguiadepamplona.es\/actualidad\/wp-content\/uploads\/2018\/12\/18.12.17_comida_navidad_apartamentos_municipales_1.jpg\"><img loading=\"lazy\" decoding=\"async\" class=\"alignleft wp-image-19841 size-medium\" src=\"https:\/\/www.laguiadepamplona.es\/actualidad\/wp-content\/uploads\/2018\/12\/18.12.17_comida_navidad_apartamentos_municipales_1-300x200.jpg\" alt=\"\" width=\"300\" height=\"200\" srcset=\"https:\/\/www.laguiadepamplona.com\/actualidad\/wp-content\/uploads\/2018\/12\/18.12.17_comida_navidad_apartamentos_municipales_1-300x200.jpg 300w, https:\/\/www.laguiadepamplona.com\/actualidad\/wp-content\/uploads\/2018\/12\/18.12.17_comida_navidad_apartamentos_municipales_1-768x512.jpg 768w, https:\/\/www.laguiadepamplona.com\/actualidad\/wp-content\/uploads\/2018\/12\/18.12.17_comida_navidad_apartamentos_municipales_1-640x427.jpg 640w, https:\/\/www.laguiadepamplona.com\/actualidad\/wp-content\/uploads\/2018\/12\/18.12.17_comida_navidad_apartamentos_municipales_1.jpg 1000w\" sizes=\"auto, (max-width: 300px) 100vw, 300px\" \/><\/a>Los apartamentos est\u00e1n destinados a personas mayores de 65 a\u00f1os con capacidad para valerse por s\u00ed mismas y que no tienen vivienda o presentan graves dificultades para seguir residiendo en su domicilio habitual, por ejemplo, por deficiencias de habitabilidad o por desahucio. Se conciben como un servicio residencial ligero, de alojamiento y sin barreras arquitect\u00f3nicas. Pueden utilizarse de manera individual o en pareja y disponen de unos servicios m\u00ednimos comunes de uso voluntario. En la actualidad hay 143 apartamentos habitados por 153 personas.<\/p>\n<p>Los objetivos de este recurso municipal son ofrecer un alojamiento a personas mayores que, presentando una buena capacidad de autovalimiento, tienen graves dificultades para seguir viviendo en su domicilio habitual, as\u00ed como favorecer que las personas se mantengan en un entorno similar a su vivienda habitual y garantizar una mejora en su calidad de vida al dotarles de una vivienda con el equipamiento b\u00e1sico y adecuado a sus necesidades. Del mismo modo, se busca potenciar que contin\u00faen manteniendo una vida aut\u00f3noma favoreciendo el desarrollo de actividades en un entorno social y prevenir el aislamiento y el deterioro que la precariedad en la vivienda origina a las personas.<\/p>\n<p><strong>Apartamentos municipales repartidos por distintos barrios de la ciudad<\/strong><\/p>\n<p>El Ayuntamiento de Pamplona puso en marcha el primer grupo de apartamentos en 1986, en el barrio de San Juan. Txoko-Berri cuenta con 36 apartamentos. A finales de 2001, se cre\u00f3 un nuevo edificio en la Rochapea con 32 viviendas. La oferta se ampli\u00f3 en noviembre de 2005 con la inauguraci\u00f3n de 42 apartamentos en Iturrama y en 2008, las 9 viviendas del Casco Antiguo. Por \u00faltimo, en 2012 se construy\u00f3 en Milagrosa un edificio de 25 apartamentos.<\/p>\n<p>Todos ellos se han ido ubicando en zonas con servicios accesibles como transporte p\u00fablico, centros de salud, comercios o zonas de esparcimiento para facilitar las relaciones sociales y mantener el desarrollo de las diferentes actividades cotidianas de una manera aut\u00f3noma.<\/p>\n<p><strong>Acceso regulado a trav\u00e9s de los servicios sociales municipales<\/strong><\/p>\n<p>Para acceder a un apartamento municipal debe realizarse una solicitud de acceso en la unidad de barrio correspondiente. Las personas beneficiarias de este recurso municipal pueden ser individuales o unidades familiares (parejas, hermanos u otros familiares) que formen una unidad convivencial. La documentaci\u00f3n presentada es valorada posteriormente por personal t\u00e9cnico del \u00c1rea de Acci\u00f3n Social de acuerdo a los criterios establecidos en la normativa que rige los apartamentos municipales. Se valora el tiempo de empadronamiento en Pamplona, el contexto socio-familiar y de convivencia, la situaci\u00f3n econ\u00f3mica, el estado de la vivienda y la edad. Con los puntos obtenidos se otorga un puesto en la lista de espera.<\/p>\n<p>Cuando un apartamento queda libre se inicia el proceso de adjudicaci\u00f3n a la persona que tiene la puntuaci\u00f3n m\u00e1s elevada. La asignaci\u00f3n es individual y se mantiene mientras la persona es aut\u00f3noma para la realizaci\u00f3n de las diferentes actividades de la vida diaria. Cada persona usuaria de los apartamentos paga una tasa que se calcula en funci\u00f3n de su capacidad econ\u00f3mica seg\u00fan la norma reguladora de precios p\u00fablicos de este servicio municipal. Asimismo, se establecen las normas de convivencia y funcionamiento que cada persona usuaria se compromete a respetar antes de acceder al recurso.<\/p>\n<p>\u00a0<\/p>","protected":false},"excerpt":{"rendered":"","protected":false},"author":1,"featured_media":19842,"comment_status":"open","ping_status":"closed","sticky":false,"template":"","format":"standard","meta":{"footnotes":""},"categories":[2],"tags":[],"class_list":["post-19840","post","type-post","status-publish","format-standard","has-post-thumbnail","hentry","category-ayuntamiento-pamplona"],"yoast_head":"<!-- This site is optimized with the Yoast SEO plugin v27.3 - https:\/\/yoast.com\/product\/yoast-seo-wordpress\/ -->\n<title>Los apartamentos municipales acogen a 153 personas mayores de 65 a\u00f1os aut\u00f3nomas y que presentaban dificultades de vivienda<\/title>\n<meta name=\"robots\" content=\"index, follow, max-snippet:-1, max-image-preview:large, max-video-preview:-1\" \/>\n<link rel=\"canonical\" href=\"https:\/\/www.laguiadepamplona.com\/actualidad\/los-apartamentos-municipales-acogen-a-153-personas-mayores-de-65-anos-autonomas-y-que-presentaban-dificultades-de-vivienda\/\" \/>\n<meta property=\"og:locale\" content=\"es_ES\" \/>\n<meta property=\"og:type\" content=\"article\" \/>\n<meta property=\"og:title\" content=\"Los apartamentos municipales acogen a 153 personas mayores de 65 a\u00f1os aut\u00f3nomas y que presentaban dificultades de vivienda\" \/>\n<meta property=\"og:url\" content=\"https:\/\/www.laguiadepamplona.com\/actualidad\/los-apartamentos-municipales-acogen-a-153-personas-mayores-de-65-anos-autonomas-y-que-presentaban-dificultades-de-vivienda\/\" \/>\n<meta property=\"og:site_name\" content=\"La Gu\u00eda de Pamplona\" \/>\n<meta property=\"article:publisher\" content=\"https:\/\/www.facebook.com\/laguiadepamplonacom-133175176762273\/?ref=hl\" \/>\n<meta property=\"article:published_time\" content=\"2018-12-17T16:15:38+00:00\" \/>\n<meta property=\"article:modified_time\" content=\"2018-12-17T16:15:42+00:00\" \/>\n<meta property=\"og:image\" content=\"https:\/\/www.laguiadepamplona.com\/actualidad\/wp-content\/uploads\/2018\/12\/18.12.17_comida_navidad_apartamentos_municipales_2.jpg\" \/>\n\t<meta property=\"og:image:width\" content=\"1000\" \/>\n\t<meta property=\"og:image:height\" content=\"667\" \/>\n\t<meta property=\"og:image:type\" content=\"image\/jpeg\" \/>\n<meta name=\"author\" content=\"La Gu\u00eda de Pamplona\" \/>\n<meta name=\"twitter:card\" content=\"summary_large_image\" \/>\n<meta name=\"twitter:creator\" content=\"@LaGuiadPamplona\" \/>\n<meta name=\"twitter:site\" content=\"@LaGuiadPamplona\" \/>\n<meta name=\"twitter:label1\" content=\"Escrito por\" \/>\n\t<meta name=\"twitter:data1\" content=\"La Gu\u00eda de Pamplona\" \/>\n\t<meta name=\"twitter:label2\" content=\"Tiempo de lectura\" \/>\n\t<meta name=\"twitter:data2\" content=\"3 minutos\" \/>\n<script type=\"application\/ld+json\" class=\"yoast-schema-graph\">{\"@context\":\"https:\\\/\\\/schema.org\",\"@graph\":[{\"@type\":\"Article\",\"@id\":\"https:\\\/\\\/www.laguiadepamplona.com\\\/actualidad\\\/los-apartamentos-municipales-acogen-a-153-personas-mayores-de-65-anos-autonomas-y-que-presentaban-dificultades-de-vivienda\\\/#article\",\"isPartOf\":{\"@id\":\"https:\\\/\\\/www.laguiadepamplona.com\\\/actualidad\\\/los-apartamentos-municipales-acogen-a-153-personas-mayores-de-65-anos-autonomas-y-que-presentaban-dificultades-de-vivienda\\\/\"},\"author\":{\"name\":\"La Gu\u00eda de Pamplona\",\"@id\":\"https:\\\/\\\/www.laguiadepamplona.com\\\/actualidad\\\/#\\\/schema\\\/person\\\/efe887376f0213d4657c93adc50b1fdb\"},\"headline\":\"Los apartamentos municipales acogen a 153 personas mayores de 65 a\u00f1os aut\u00f3nomas y que presentaban dificultades de vivienda\",\"datePublished\":\"2018-12-17T16:15:38+00:00\",\"dateModified\":\"2018-12-17T16:15:42+00:00\",\"mainEntityOfPage\":{\"@id\":\"https:\\\/\\\/www.laguiadepamplona.com\\\/actualidad\\\/los-apartamentos-municipales-acogen-a-153-personas-mayores-de-65-anos-autonomas-y-que-presentaban-dificultades-de-vivienda\\\/\"},\"wordCount\":638,\"commentCount\":0,\"publisher\":{\"@id\":\"https:\\\/\\\/www.laguiadepamplona.com\\\/actualidad\\\/#organization\"},\"image\":{\"@id\":\"https:\\\/\\\/www.laguiadepamplona.com\\\/actualidad\\\/los-apartamentos-municipales-acogen-a-153-personas-mayores-de-65-anos-autonomas-y-que-presentaban-dificultades-de-vivienda\\\/#primaryimage\"},\"thumbnailUrl\":\"https:\\\/\\\/www.laguiadepamplona.com\\\/actualidad\\\/wp-content\\\/uploads\\\/2018\\\/12\\\/18.12.17_comida_navidad_apartamentos_municipales_2.jpg\",\"articleSection\":[\"Ayto Pamplona\"],\"inLanguage\":\"es\",\"potentialAction\":[{\"@type\":\"CommentAction\",\"name\":\"Comment\",\"target\":[\"https:\\\/\\\/www.laguiadepamplona.com\\\/actualidad\\\/los-apartamentos-municipales-acogen-a-153-personas-mayores-de-65-anos-autonomas-y-que-presentaban-dificultades-de-vivienda\\\/#respond\"]}]},{\"@type\":\"WebPage\",\"@id\":\"https:\\\/\\\/www.laguiadepamplona.com\\\/actualidad\\\/los-apartamentos-municipales-acogen-a-153-personas-mayores-de-65-anos-autonomas-y-que-presentaban-dificultades-de-vivienda\\\/\",\"url\":\"https:\\\/\\\/www.laguiadepamplona.com\\\/actualidad\\\/los-apartamentos-municipales-acogen-a-153-personas-mayores-de-65-anos-autonomas-y-que-presentaban-dificultades-de-vivienda\\\/\",\"name\":\"Los apartamentos municipales acogen a 153 personas mayores de 65 a\u00f1os aut\u00f3nomas y que presentaban dificultades de vivienda\",\"isPartOf\":{\"@id\":\"https:\\\/\\\/www.laguiadepamplona.com\\\/actualidad\\\/#website\"},\"primaryImageOfPage\":{\"@id\":\"https:\\\/\\\/www.laguiadepamplona.com\\\/actualidad\\\/los-apartamentos-municipales-acogen-a-153-personas-mayores-de-65-anos-autonomas-y-que-presentaban-dificultades-de-vivienda\\\/#primaryimage\"},\"image\":{\"@id\":\"https:\\\/\\\/www.laguiadepamplona.com\\\/actualidad\\\/los-apartamentos-municipales-acogen-a-153-personas-mayores-de-65-anos-autonomas-y-que-presentaban-dificultades-de-vivienda\\\/#primaryimage\"},\"thumbnailUrl\":\"https:\\\/\\\/www.laguiadepamplona.com\\\/actualidad\\\/wp-content\\\/uploads\\\/2018\\\/12\\\/18.12.17_comida_navidad_apartamentos_municipales_2.jpg\",\"datePublished\":\"2018-12-17T16:15:38+00:00\",\"dateModified\":\"2018-12-17T16:15:42+00:00\",\"breadcrumb\":{\"@id\":\"https:\\\/\\\/www.laguiadepamplona.com\\\/actualidad\\\/los-apartamentos-municipales-acogen-a-153-personas-mayores-de-65-anos-autonomas-y-que-presentaban-dificultades-de-vivienda\\\/#breadcrumb\"},\"inLanguage\":\"es\",\"potentialAction\":[{\"@type\":\"ReadAction\",\"target\":[\"https:\\\/\\\/www.laguiadepamplona.com\\\/actualidad\\\/los-apartamentos-municipales-acogen-a-153-personas-mayores-de-65-anos-autonomas-y-que-presentaban-dificultades-de-vivienda\\\/\"]}]},{\"@type\":\"ImageObject\",\"inLanguage\":\"es\",\"@id\":\"https:\\\/\\\/www.laguiadepamplona.com\\\/actualidad\\\/los-apartamentos-municipales-acogen-a-153-personas-mayores-de-65-anos-autonomas-y-que-presentaban-dificultades-de-vivienda\\\/#primaryimage\",\"url\":\"https:\\\/\\\/www.laguiadepamplona.com\\\/actualidad\\\/wp-content\\\/uploads\\\/2018\\\/12\\\/18.12.17_comida_navidad_apartamentos_municipales_2.jpg\",\"contentUrl\":\"https:\\\/\\\/www.laguiadepamplona.com\\\/actualidad\\\/wp-content\\\/uploads\\\/2018\\\/12\\\/18.12.17_comida_navidad_apartamentos_municipales_2.jpg\",\"width\":1000,\"height\":667},{\"@type\":\"BreadcrumbList\",\"@id\":\"https:\\\/\\\/www.laguiadepamplona.com\\\/actualidad\\\/los-apartamentos-municipales-acogen-a-153-personas-mayores-de-65-anos-autonomas-y-que-presentaban-dificultades-de-vivienda\\\/#breadcrumb\",\"itemListElement\":[{\"@type\":\"ListItem\",\"position\":1,\"name\":\"Portada\",\"item\":\"https:\\\/\\\/www.laguiadepamplona.com\\\/actualidad\\\/\"},{\"@type\":\"ListItem\",\"position\":2,\"name\":\"Los apartamentos municipales acogen a 153 personas mayores de 65 a\u00f1os aut\u00f3nomas y que presentaban dificultades de vivienda\"}]},{\"@type\":\"WebSite\",\"@id\":\"https:\\\/\\\/www.laguiadepamplona.com\\\/actualidad\\\/#website\",\"url\":\"https:\\\/\\\/www.laguiadepamplona.com\\\/actualidad\\\/\",\"name\":\"La gu\u00eda de Pamplona\",\"description\":\"Noticias de Pamplona\",\"publisher\":{\"@id\":\"https:\\\/\\\/www.laguiadepamplona.com\\\/actualidad\\\/#organization\"},\"potentialAction\":[{\"@type\":\"SearchAction\",\"target\":{\"@type\":\"EntryPoint\",\"urlTemplate\":\"https:\\\/\\\/www.laguiadepamplona.com\\\/actualidad\\\/?s={search_term_string}\"},\"query-input\":{\"@type\":\"PropertyValueSpecification\",\"valueRequired\":true,\"valueName\":\"search_term_string\"}}],\"inLanguage\":\"es\"},{\"@type\":\"Organization\",\"@id\":\"https:\\\/\\\/www.laguiadepamplona.com\\\/actualidad\\\/#organization\",\"name\":\"La Gu\u00eda de Pamplona \\\/ Noticias\",\"url\":\"https:\\\/\\\/www.laguiadepamplona.com\\\/actualidad\\\/\",\"logo\":{\"@type\":\"ImageObject\",\"inLanguage\":\"es\",\"@id\":\"https:\\\/\\\/www.laguiadepamplona.com\\\/actualidad\\\/#\\\/schema\\\/logo\\\/image\\\/\",\"url\":\"https:\\\/\\\/www.laguiadepamplona.com\\\/actualidad\\\/wp-content\\\/uploads\\\/2018\\\/11\\\/logo-laguiadepamplona18-web1.png\",\"contentUrl\":\"https:\\\/\\\/www.laguiadepamplona.com\\\/actualidad\\\/wp-content\\\/uploads\\\/2018\\\/11\\\/logo-laguiadepamplona18-web1.png\",\"width\":600,\"height\":196,\"caption\":\"La Gu\u00eda de Pamplona \\\/ Noticias\"},\"image\":{\"@id\":\"https:\\\/\\\/www.laguiadepamplona.com\\\/actualidad\\\/#\\\/schema\\\/logo\\\/image\\\/\"},\"sameAs\":[\"https:\\\/\\\/www.facebook.com\\\/laguiadepamplonacom-133175176762273\\\/?ref=hl\",\"https:\\\/\\\/x.com\\\/LaGuiadPamplona\",\"https:\\\/\\\/www.instagram.com\\\/la_guia_de_pamplona\\\/\",\"https:\\\/\\\/www.youtube.com\\\/user\\\/laguiadepamplona\"]},{\"@type\":\"Person\",\"@id\":\"https:\\\/\\\/www.laguiadepamplona.com\\\/actualidad\\\/#\\\/schema\\\/person\\\/efe887376f0213d4657c93adc50b1fdb\",\"name\":\"La Gu\u00eda de Pamplona\",\"image\":{\"@type\":\"ImageObject\",\"inLanguage\":\"es\",\"@id\":\"https:\\\/\\\/secure.gravatar.com\\\/avatar\\\/b6992f131dc8d30ab0dff15446e9d346d9dbd95992de0fef795073f5ea83a81c?s=96&d=mm&r=g\",\"url\":\"https:\\\/\\\/secure.gravatar.com\\\/avatar\\\/b6992f131dc8d30ab0dff15446e9d346d9dbd95992de0fef795073f5ea83a81c?s=96&d=mm&r=g\",\"contentUrl\":\"https:\\\/\\\/secure.gravatar.com\\\/avatar\\\/b6992f131dc8d30ab0dff15446e9d346d9dbd95992de0fef795073f5ea83a81c?s=96&d=mm&r=g\",\"caption\":\"La Gu\u00eda de Pamplona\"}}]}<\/script>\n<!-- \/ Yoast SEO plugin. -->","yoast_head_json":{"title":"Los apartamentos municipales acogen a 153 personas mayores de 65 a\u00f1os aut\u00f3nomas y que presentaban dificultades de vivienda","robots":{"index":"index","follow":"follow","max-snippet":"max-snippet:-1","max-image-preview":"max-image-preview:large","max-video-preview":"max-video-preview:-1"},"canonical":"https:\/\/www.laguiadepamplona.com\/actualidad\/los-apartamentos-municipales-acogen-a-153-personas-mayores-de-65-anos-autonomas-y-que-presentaban-dificultades-de-vivienda\/","og_locale":"es_ES","og_type":"article","og_title":"Los apartamentos municipales acogen a 153 personas mayores de 65 a\u00f1os aut\u00f3nomas y que presentaban dificultades de vivienda","og_url":"https:\/\/www.laguiadepamplona.com\/actualidad\/los-apartamentos-municipales-acogen-a-153-personas-mayores-de-65-anos-autonomas-y-que-presentaban-dificultades-de-vivienda\/","og_site_name":"La Gu\u00eda de Pamplona","article_publisher":"https:\/\/www.facebook.com\/laguiadepamplonacom-133175176762273\/?ref=hl","article_published_time":"2018-12-17T16:15:38+00:00","article_modified_time":"2018-12-17T16:15:42+00:00","og_image":[{"width":1000,"height":667,"url":"https:\/\/www.laguiadepamplona.com\/actualidad\/wp-content\/uploads\/2018\/12\/18.12.17_comida_navidad_apartamentos_municipales_2.jpg","type":"image\/jpeg"}],"author":"La Gu\u00eda de Pamplona","twitter_card":"summary_large_image","twitter_creator":"@LaGuiadPamplona","twitter_site":"@LaGuiadPamplona","twitter_misc":{"Escrito por":"La Gu\u00eda de Pamplona","Tiempo de lectura":"3 minutos"},"schema":{"@context":"https:\/\/schema.org","@graph":[{"@type":"Article","@id":"https:\/\/www.laguiadepamplona.com\/actualidad\/los-apartamentos-municipales-acogen-a-153-personas-mayores-de-65-anos-autonomas-y-que-presentaban-dificultades-de-vivienda\/#article","isPartOf":{"@id":"https:\/\/www.laguiadepamplona.com\/actualidad\/los-apartamentos-municipales-acogen-a-153-personas-mayores-de-65-anos-autonomas-y-que-presentaban-dificultades-de-vivienda\/"},"author":{"name":"La Gu\u00eda de Pamplona","@id":"https:\/\/www.laguiadepamplona.com\/actualidad\/#\/schema\/person\/efe887376f0213d4657c93adc50b1fdb"},"headline":"Los apartamentos municipales acogen a 153 personas mayores de 65 a\u00f1os aut\u00f3nomas y que presentaban dificultades de vivienda","datePublished":"2018-12-17T16:15:38+00:00","dateModified":"2018-12-17T16:15:42+00:00","mainEntityOfPage":{"@id":"https:\/\/www.laguiadepamplona.com\/actualidad\/los-apartamentos-municipales-acogen-a-153-personas-mayores-de-65-anos-autonomas-y-que-presentaban-dificultades-de-vivienda\/"},"wordCount":638,"commentCount":0,"publisher":{"@id":"https:\/\/www.laguiadepamplona.com\/actualidad\/#organization"},"image":{"@id":"https:\/\/www.laguiadepamplona.com\/actualidad\/los-apartamentos-municipales-acogen-a-153-personas-mayores-de-65-anos-autonomas-y-que-presentaban-dificultades-de-vivienda\/#primaryimage"},"thumbnailUrl":"https:\/\/www.laguiadepamplona.com\/actualidad\/wp-content\/uploads\/2018\/12\/18.12.17_comida_navidad_apartamentos_municipales_2.jpg","articleSection":["Ayto Pamplona"],"inLanguage":"es","potentialAction":[{"@type":"CommentAction","name":"Comment","target":["https:\/\/www.laguiadepamplona.com\/actualidad\/los-apartamentos-municipales-acogen-a-153-personas-mayores-de-65-anos-autonomas-y-que-presentaban-dificultades-de-vivienda\/#respond"]}]},{"@type":"WebPage","@id":"https:\/\/www.laguiadepamplona.com\/actualidad\/los-apartamentos-municipales-acogen-a-153-personas-mayores-de-65-anos-autonomas-y-que-presentaban-dificultades-de-vivienda\/","url":"https:\/\/www.laguiadepamplona.com\/actualidad\/los-apartamentos-municipales-acogen-a-153-personas-mayores-de-65-anos-autonomas-y-que-presentaban-dificultades-de-vivienda\/","name":"Los apartamentos municipales acogen a 153 personas mayores de 65 a\u00f1os aut\u00f3nomas y que presentaban dificultades de vivienda","isPartOf":{"@id":"https:\/\/www.laguiadepamplona.com\/actualidad\/#website"},"primaryImageOfPage":{"@id":"https:\/\/www.laguiadepamplona.com\/actualidad\/los-apartamentos-municipales-acogen-a-153-personas-mayores-de-65-anos-autonomas-y-que-presentaban-dificultades-de-vivienda\/#primaryimage"},"image":{"@id":"https:\/\/www.laguiadepamplona.com\/actualidad\/los-apartamentos-municipales-acogen-a-153-personas-mayores-de-65-anos-autonomas-y-que-presentaban-dificultades-de-vivienda\/#primaryimage"},"thumbnailUrl":"https:\/\/www.laguiadepamplona.com\/actualidad\/wp-content\/uploads\/2018\/12\/18.12.17_comida_navidad_apartamentos_municipales_2.jpg","datePublished":"2018-12-17T16:15:38+00:00","dateModified":"2018-12-17T16:15:42+00:00","breadcrumb":{"@id":"https:\/\/www.laguiadepamplona.com\/actualidad\/los-apartamentos-municipales-acogen-a-153-personas-mayores-de-65-anos-autonomas-y-que-presentaban-dificultades-de-vivienda\/#breadcrumb"},"inLanguage":"es","potentialAction":[{"@type":"ReadAction","target":["https:\/\/www.laguiadepamplona.com\/actualidad\/los-apartamentos-municipales-acogen-a-153-personas-mayores-de-65-anos-autonomas-y-que-presentaban-dificultades-de-vivienda\/"]}]},{"@type":"ImageObject","inLanguage":"es","@id":"https:\/\/www.laguiadepamplona.com\/actualidad\/los-apartamentos-municipales-acogen-a-153-personas-mayores-de-65-anos-autonomas-y-que-presentaban-dificultades-de-vivienda\/#primaryimage","url":"https:\/\/www.laguiadepamplona.com\/actualidad\/wp-content\/uploads\/2018\/12\/18.12.17_comida_navidad_apartamentos_municipales_2.jpg","contentUrl":"https:\/\/www.laguiadepamplona.com\/actualidad\/wp-content\/uploads\/2018\/12\/18.12.17_comida_navidad_apartamentos_municipales_2.jpg","width":1000,"height":667},{"@type":"BreadcrumbList","@id":"https:\/\/www.laguiadepamplona.com\/actualidad\/los-apartamentos-municipales-acogen-a-153-personas-mayores-de-65-anos-autonomas-y-que-presentaban-dificultades-de-vivienda\/#breadcrumb","itemListElement":[{"@type":"ListItem","position":1,"name":"Portada","item":"https:\/\/www.laguiadepamplona.com\/actualidad\/"},{"@type":"ListItem","position":2,"name":"Los apartamentos municipales acogen a 153 personas mayores de 65 a\u00f1os aut\u00f3nomas y que presentaban dificultades de vivienda"}]},{"@type":"WebSite","@id":"https:\/\/www.laguiadepamplona.com\/actualidad\/#website","url":"https:\/\/www.laguiadepamplona.com\/actualidad\/","name":"La gu\u00eda de Pamplona","description":"Noticias de Pamplona","publisher":{"@id":"https:\/\/www.laguiadepamplona.com\/actualidad\/#organization"},"potentialAction":[{"@type":"SearchAction","target":{"@type":"EntryPoint","urlTemplate":"https:\/\/www.laguiadepamplona.com\/actualidad\/?s={search_term_string}"},"query-input":{"@type":"PropertyValueSpecification","valueRequired":true,"valueName":"search_term_string"}}],"inLanguage":"es"},{"@type":"Organization","@id":"https:\/\/www.laguiadepamplona.com\/actualidad\/#organization","name":"La Gu\u00eda de Pamplona \/ Noticias","url":"https:\/\/www.laguiadepamplona.com\/actualidad\/","logo":{"@type":"ImageObject","inLanguage":"es","@id":"https:\/\/www.laguiadepamplona.com\/actualidad\/#\/schema\/logo\/image\/","url":"https:\/\/www.laguiadepamplona.com\/actualidad\/wp-content\/uploads\/2018\/11\/logo-laguiadepamplona18-web1.png","contentUrl":"https:\/\/www.laguiadepamplona.com\/actualidad\/wp-content\/uploads\/2018\/11\/logo-laguiadepamplona18-web1.png","width":600,"height":196,"caption":"La Gu\u00eda de Pamplona \/ Noticias"},"image":{"@id":"https:\/\/www.laguiadepamplona.com\/actualidad\/#\/schema\/logo\/image\/"},"sameAs":["https:\/\/www.facebook.com\/laguiadepamplonacom-133175176762273\/?ref=hl","https:\/\/x.com\/LaGuiadPamplona","https:\/\/www.instagram.com\/la_guia_de_pamplona\/","https:\/\/www.youtube.com\/user\/laguiadepamplona"]},{"@type":"Person","@id":"https:\/\/www.laguiadepamplona.com\/actualidad\/#\/schema\/person\/efe887376f0213d4657c93adc50b1fdb","name":"La Gu\u00eda de Pamplona","image":{"@type":"ImageObject","inLanguage":"es","@id":"https:\/\/secure.gravatar.com\/avatar\/b6992f131dc8d30ab0dff15446e9d346d9dbd95992de0fef795073f5ea83a81c?s=96&d=mm&r=g","url":"https:\/\/secure.gravatar.com\/avatar\/b6992f131dc8d30ab0dff15446e9d346d9dbd95992de0fef795073f5ea83a81c?s=96&d=mm&r=g","contentUrl":"https:\/\/secure.gravatar.com\/avatar\/b6992f131dc8d30ab0dff15446e9d346d9dbd95992de0fef795073f5ea83a81c?s=96&d=mm&r=g","caption":"La Gu\u00eda de Pamplona"}}]}},"post_mailing_queue_ids":[],"_links":{"self":[{"href":"https:\/\/www.laguiadepamplona.com\/actualidad\/wp-json\/wp\/v2\/posts\/19840","targetHints":{"allow":["GET"]}}],"collection":[{"href":"https:\/\/www.laguiadepamplona.com\/actualidad\/wp-json\/wp\/v2\/posts"}],"about":[{"href":"https:\/\/www.laguiadepamplona.com\/actualidad\/wp-json\/wp\/v2\/types\/post"}],"author":[{"embeddable":true,"href":"https:\/\/www.laguiadepamplona.com\/actualidad\/wp-json\/wp\/v2\/users\/1"}],"replies":[{"embeddable":true,"href":"https:\/\/www.laguiadepamplona.com\/actualidad\/wp-json\/wp\/v2\/comments?post=19840"}],"version-history":[{"count":0,"href":"https:\/\/www.laguiadepamplona.com\/actualidad\/wp-json\/wp\/v2\/posts\/19840\/revisions"}],"wp:featuredmedia":[{"embeddable":true,"href":"https:\/\/www.laguiadepamplona.com\/actualidad\/wp-json\/wp\/v2\/media\/19842"}],"wp:attachment":[{"href":"https:\/\/www.laguiadepamplona.com\/actualidad\/wp-json\/wp\/v2\/media?parent=19840"}],"wp:term":[{"taxonomy":"category","embeddable":true,"href":"https:\/\/www.laguiadepamplona.com\/actualidad\/wp-json\/wp\/v2\/categories?post=19840"},{"taxonomy":"post_tag","embeddable":true,"href":"https:\/\/www.laguiadepamplona.com\/actualidad\/wp-json\/wp\/v2\/tags?post=19840"}],"curies":[{"name":"wp","href":"https:\/\/api.w.org\/{rel}","templated":true}]}}