{"id":19833,"date":"2018-12-17T13:05:24","date_gmt":"2018-12-17T11:05:24","guid":{"rendered":"https:\/\/www.laguiadepamplona.es\/actualidad\/?p=19833"},"modified":"2018-12-17T13:05:29","modified_gmt":"2018-12-17T11:05:29","slug":"el-calendario-municipal-de-2019-se-repartira-gratuitamente-los-dias-20-y-21-de-diciembre-en-casa-consistorial-civivox-casa-de-la-juventud-y-biblioteca-de-la-txantrea","status":"publish","type":"post","link":"https:\/\/www.laguiadepamplona.com\/actualidad\/el-calendario-municipal-de-2019-se-repartira-gratuitamente-los-dias-20-y-21-de-diciembre-en-casa-consistorial-civivox-casa-de-la-juventud-y-biblioteca-de-la-txantrea\/","title":{"rendered":"El calendario municipal de 2019 se repartir\u00e1 gratuitamente los d\u00edas 20 y 21 de diciembre en Casa Consistorial, Civivox, Casa de la Juventud y Biblioteca de la Txantrea"},"content":{"rendered":"\n<!--more-->\n\n\n<h3>Las fotograf\u00edas se han seleccionado entre las presentadas al concurso de fotograf\u00eda Enfoca Pamplona cuyos premios se entregan el mi\u00e9rcoles<\/h3>\n<p>El Ayuntamiento de Pamplona repartir\u00e1 el nuevo calendario municipal de 2018 a finales de esta semana, el jueves 20 de diciembre y el viernes d\u00eda 21. En total, se distribuir\u00e1n 16.500 ejemplares, que podr\u00e1n recogerse en todos los barrios ya que la entrega se realizar\u00e1 en la Casa Consistorial (entrada por la plaza de Santiago), en los centros de la Red Civivox, en la Casa de la Juventud y en la Biblioteca P\u00fablica de la Txantrea. El reparto lo har\u00e1 de manera voluntaria la Asociaci\u00f3n de Voluntarios Ol\u00edmpicos de Navarra (ASVONA).<\/p>\n<p>El horario de recogida es diferente cada d\u00eda. El jueves, en Civivox Iturrama, Civivox Condestable, Civivox Mendillorri, Civivox Jus La Rocha, Civivox Milagrosa, Civivox Ensanche, Civivox San Jorge, Biblioteca P\u00fablica de la Txantrea y Casa Consistorial se entregar\u00e1n los calendarios de 18 a 20 horas mientras que en la Casa de la Juventud se har\u00e1 de 17 a 20 hors. El viernes, en la Casa Consistorial y en los Civivox se distribuir\u00e1 de 10 a 12 horas, en la Casa de la Juventud de 9 a 14 horas y en la Biblioteca de la Txantrea no habr\u00e1 reparto.<\/p>\n<p>Al igual que el a\u00f1o pasado, las fotograf\u00edas que ilustrar\u00e1n el calendario han sido seleccionadas de entre las presentadas en el concurso de fotograf\u00eda Enfoca Pamplona. Cada una de las doce instant\u00e1neas recibir\u00e1 un premio de 150 euros. Las im\u00e1genes que ilustran este a\u00f1o el calendario se har\u00e1n p\u00fablicas el pr\u00f3ximo mi\u00e9rcoles, d\u00eda en el que se entregar\u00e1n los premios del concurso.<\/p>\n<p>\u00a0<\/p>\n<p><strong>Puntos de reparto y horarios del d\u00eda 20 y del d\u00eda 21<\/strong><\/p>\n<p>\u00a0<\/p>\n<table width=\"586\">\n<tbody>\n<tr>\n<td width=\"160\">\n<p><strong>PUNTO REPARTO<\/strong><\/p>\n<\/td>\n<td width=\"191\">\n<p><strong>DIRECCI\u00d3N<\/strong><\/p>\n<\/td>\n<td width=\"125\">\n<p><strong>HORARIO <\/strong><\/p>\n<p><strong>D\u00cdA 20<\/strong><\/p>\n<\/td>\n<td width=\"110\">\n<p><strong>HORARIO <\/strong><\/p>\n<p><strong>D\u00cdA 21<\/strong><\/p>\n<\/td>\n<\/tr>\n<tr>\n<td width=\"160\">\n<p>Casa Consistorial<\/p>\n<\/td>\n<td width=\"191\">\n<p>Plaza de Santiago<\/p>\n<\/td>\n<td width=\"125\">\n<p>18:00-20:00<\/p>\n<\/td>\n<td width=\"110\">\n<p>10:00-12:00<\/p>\n<\/td>\n<\/tr>\n<tr>\n<td width=\"160\">\n<p>Civivox Ensanche<\/p>\n<\/td>\n<td width=\"191\">\n<p>Plaza Blanca de Navarra, 9<\/p>\n<\/td>\n<td width=\"125\">\n<p>18:00-20:00<\/p>\n<\/td>\n<td width=\"110\">\n<p>10:00-12:00<\/p>\n<\/td>\n<\/tr>\n<tr>\n<td width=\"160\">\n<p>Civivox Condestable<\/p>\n<\/td>\n<td width=\"191\">\n<p>Mayor, 2<\/p>\n<\/td>\n<td width=\"125\">\n<p>18:00-20:00<\/p>\n<\/td>\n<td width=\"110\">\n<p>10:00-12:00<\/p>\n<\/td>\n<\/tr>\n<tr>\n<td width=\"160\">\n<p>Civivox Milagrosa<\/p>\n<\/td>\n<td width=\"191\">\n<p>Tajonar, 14<\/p>\n<\/td>\n<td width=\"125\">\n<p>18:00-20:00<\/p>\n<\/td>\n<td width=\"110\">\n<p>10:00-12:00<\/p>\n<\/td>\n<\/tr>\n<tr>\n<td width=\"160\">\n<p>Civivox San Jorge<\/p>\n<\/td>\n<td width=\"191\">\n<p>Plaza Doctor Gortari, s\/n<\/p>\n<\/td>\n<td width=\"125\">\n<p>18:00-20:00<\/p>\n<\/td>\n<td width=\"110\">\n<p>10:00-12:00<\/p>\n<\/td>\n<\/tr>\n<tr>\n<td width=\"160\">\n<p>Civivox Juslarrocha<\/p>\n<\/td>\n<td width=\"191\">\n<p>Paseo de los Enamorados, 37<\/p>\n<\/td>\n<td width=\"125\">\n<p>18:00-20:00<\/p>\n<\/td>\n<td width=\"110\">\n<p>10:00-12:00<\/p>\n<\/td>\n<\/tr>\n<tr>\n<td width=\"160\">\n<p>Civivox Iturrama<\/p>\n<\/td>\n<td width=\"191\">\n<p>Esqu\u00edroz, 24<\/p>\n<\/td>\n<td width=\"125\">\n<p>18:00-20:00<\/p>\n<\/td>\n<td width=\"110\">\n<p>10:00-12:00<\/p>\n<\/td>\n<\/tr>\n<tr>\n<td width=\"160\">\n<p>Civivox Mendillorri<\/p>\n<\/td>\n<td width=\"191\">\n<p>Concejo de Sarriguren, 3<\/p>\n<\/td>\n<td width=\"125\">\n<p>18:00-20:00<\/p>\n<\/td>\n<td width=\"110\">\n<p>10:00-12:00<\/p>\n<\/td>\n<\/tr>\n<tr>\n<td width=\"160\">\n<p>Casa de la Juventud<\/p>\n<\/td>\n<td width=\"191\">\n<p>Sang\u00fcesa, 30<\/p>\n<\/td>\n<td width=\"125\">\n<p>17:00-20:00<\/p>\n<\/td>\n<td width=\"110\">\n<p>9:00-14:00<\/p>\n<\/td>\n<\/tr>\n<tr>\n<td width=\"160\">\n<p>Biblioteca Txantrea<\/p>\n<\/td>\n<td width=\"191\">\n<p>Plaza Arriurdi\u00f1eta, 4<\/p>\n<\/td>\n<td width=\"125\">\n<p>18:00-20:00<\/p>\n<\/td>\n<td width=\"110\">\n<p>\u00a0<\/p>\n<\/td>\n<\/tr>\n<\/tbody>\n<\/table>\n<p>\u00a0<\/p>","protected":false},"excerpt":{"rendered":"","protected":false},"author":1,"featured_media":18887,"comment_status":"open","ping_status":"closed","sticky":false,"template":"","format":"standard","meta":{"footnotes":""},"categories":[2],"tags":[],"class_list":["post-19833","post","type-post","status-publish","format-standard","has-post-thumbnail","hentry","category-ayuntamiento-pamplona"],"yoast_head":"<!-- This site is optimized with the Yoast SEO plugin v27.3 - https:\/\/yoast.com\/product\/yoast-seo-wordpress\/ -->\n<title>El calendario municipal de 2019 se repartir\u00e1 gratuitamente los d\u00edas 20 y 21 de diciembre en Casa Consistorial, Civivox, Casa de la Juventud y Biblioteca de la Txantrea<\/title>\n<meta name=\"robots\" content=\"index, follow, max-snippet:-1, max-image-preview:large, max-video-preview:-1\" \/>\n<link rel=\"canonical\" href=\"https:\/\/www.laguiadepamplona.com\/actualidad\/el-calendario-municipal-de-2019-se-repartira-gratuitamente-los-dias-20-y-21-de-diciembre-en-casa-consistorial-civivox-casa-de-la-juventud-y-biblioteca-de-la-txantrea\/\" \/>\n<meta property=\"og:locale\" content=\"es_ES\" \/>\n<meta property=\"og:type\" content=\"article\" \/>\n<meta property=\"og:title\" content=\"El calendario municipal de 2019 se repartir\u00e1 gratuitamente los d\u00edas 20 y 21 de diciembre en Casa Consistorial, Civivox, Casa de la Juventud y Biblioteca de la Txantrea\" \/>\n<meta property=\"og:url\" content=\"https:\/\/www.laguiadepamplona.com\/actualidad\/el-calendario-municipal-de-2019-se-repartira-gratuitamente-los-dias-20-y-21-de-diciembre-en-casa-consistorial-civivox-casa-de-la-juventud-y-biblioteca-de-la-txantrea\/\" \/>\n<meta property=\"og:site_name\" content=\"La Gu\u00eda de Pamplona\" \/>\n<meta property=\"article:publisher\" content=\"https:\/\/www.facebook.com\/laguiadepamplonacom-133175176762273\/?ref=hl\" \/>\n<meta property=\"article:published_time\" content=\"2018-12-17T11:05:24+00:00\" \/>\n<meta property=\"article:modified_time\" content=\"2018-12-17T11:05:29+00:00\" \/>\n<meta property=\"og:image\" content=\"https:\/\/www.laguiadepamplona.com\/actualidad\/wp-content\/uploads\/2018\/10\/civivox-iturrama.jpg\" \/>\n\t<meta property=\"og:image:width\" content=\"1000\" \/>\n\t<meta property=\"og:image:height\" content=\"563\" \/>\n\t<meta property=\"og:image:type\" content=\"image\/jpeg\" \/>\n<meta name=\"author\" content=\"La Gu\u00eda de Pamplona\" \/>\n<meta name=\"twitter:card\" content=\"summary_large_image\" \/>\n<meta name=\"twitter:creator\" content=\"@LaGuiadPamplona\" \/>\n<meta name=\"twitter:site\" content=\"@LaGuiadPamplona\" \/>\n<meta name=\"twitter:label1\" content=\"Escrito por\" \/>\n\t<meta name=\"twitter:data1\" content=\"La Gu\u00eda de Pamplona\" \/>\n\t<meta name=\"twitter:label2\" content=\"Tiempo de lectura\" \/>\n\t<meta name=\"twitter:data2\" content=\"2 minutos\" \/>\n<script type=\"application\/ld+json\" class=\"yoast-schema-graph\">{\"@context\":\"https:\\\/\\\/schema.org\",\"@graph\":[{\"@type\":\"Article\",\"@id\":\"https:\\\/\\\/www.laguiadepamplona.com\\\/actualidad\\\/el-calendario-municipal-de-2019-se-repartira-gratuitamente-los-dias-20-y-21-de-diciembre-en-casa-consistorial-civivox-casa-de-la-juventud-y-biblioteca-de-la-txantrea\\\/#article\",\"isPartOf\":{\"@id\":\"https:\\\/\\\/www.laguiadepamplona.com\\\/actualidad\\\/el-calendario-municipal-de-2019-se-repartira-gratuitamente-los-dias-20-y-21-de-diciembre-en-casa-consistorial-civivox-casa-de-la-juventud-y-biblioteca-de-la-txantrea\\\/\"},\"author\":{\"name\":\"La Gu\u00eda de Pamplona\",\"@id\":\"https:\\\/\\\/www.laguiadepamplona.com\\\/actualidad\\\/#\\\/schema\\\/person\\\/efe887376f0213d4657c93adc50b1fdb\"},\"headline\":\"El calendario municipal de 2019 se repartir\u00e1 gratuitamente los d\u00edas 20 y 21 de diciembre en Casa Consistorial, Civivox, Casa de la Juventud y Biblioteca de la Txantrea\",\"datePublished\":\"2018-12-17T11:05:24+00:00\",\"dateModified\":\"2018-12-17T11:05:29+00:00\",\"mainEntityOfPage\":{\"@id\":\"https:\\\/\\\/www.laguiadepamplona.com\\\/actualidad\\\/el-calendario-municipal-de-2019-se-repartira-gratuitamente-los-dias-20-y-21-de-diciembre-en-casa-consistorial-civivox-casa-de-la-juventud-y-biblioteca-de-la-txantrea\\\/\"},\"wordCount\":401,\"commentCount\":0,\"publisher\":{\"@id\":\"https:\\\/\\\/www.laguiadepamplona.com\\\/actualidad\\\/#organization\"},\"image\":{\"@id\":\"https:\\\/\\\/www.laguiadepamplona.com\\\/actualidad\\\/el-calendario-municipal-de-2019-se-repartira-gratuitamente-los-dias-20-y-21-de-diciembre-en-casa-consistorial-civivox-casa-de-la-juventud-y-biblioteca-de-la-txantrea\\\/#primaryimage\"},\"thumbnailUrl\":\"https:\\\/\\\/www.laguiadepamplona.com\\\/actualidad\\\/wp-content\\\/uploads\\\/2018\\\/10\\\/civivox-iturrama.jpg\",\"articleSection\":[\"Ayto Pamplona\"],\"inLanguage\":\"es\",\"potentialAction\":[{\"@type\":\"CommentAction\",\"name\":\"Comment\",\"target\":[\"https:\\\/\\\/www.laguiadepamplona.com\\\/actualidad\\\/el-calendario-municipal-de-2019-se-repartira-gratuitamente-los-dias-20-y-21-de-diciembre-en-casa-consistorial-civivox-casa-de-la-juventud-y-biblioteca-de-la-txantrea\\\/#respond\"]}]},{\"@type\":\"WebPage\",\"@id\":\"https:\\\/\\\/www.laguiadepamplona.com\\\/actualidad\\\/el-calendario-municipal-de-2019-se-repartira-gratuitamente-los-dias-20-y-21-de-diciembre-en-casa-consistorial-civivox-casa-de-la-juventud-y-biblioteca-de-la-txantrea\\\/\",\"url\":\"https:\\\/\\\/www.laguiadepamplona.com\\\/actualidad\\\/el-calendario-municipal-de-2019-se-repartira-gratuitamente-los-dias-20-y-21-de-diciembre-en-casa-consistorial-civivox-casa-de-la-juventud-y-biblioteca-de-la-txantrea\\\/\",\"name\":\"El calendario municipal de 2019 se repartir\u00e1 gratuitamente los d\u00edas 20 y 21 de diciembre en Casa Consistorial, Civivox, Casa de la Juventud y Biblioteca de la Txantrea\",\"isPartOf\":{\"@id\":\"https:\\\/\\\/www.laguiadepamplona.com\\\/actualidad\\\/#website\"},\"primaryImageOfPage\":{\"@id\":\"https:\\\/\\\/www.laguiadepamplona.com\\\/actualidad\\\/el-calendario-municipal-de-2019-se-repartira-gratuitamente-los-dias-20-y-21-de-diciembre-en-casa-consistorial-civivox-casa-de-la-juventud-y-biblioteca-de-la-txantrea\\\/#primaryimage\"},\"image\":{\"@id\":\"https:\\\/\\\/www.laguiadepamplona.com\\\/actualidad\\\/el-calendario-municipal-de-2019-se-repartira-gratuitamente-los-dias-20-y-21-de-diciembre-en-casa-consistorial-civivox-casa-de-la-juventud-y-biblioteca-de-la-txantrea\\\/#primaryimage\"},\"thumbnailUrl\":\"https:\\\/\\\/www.laguiadepamplona.com\\\/actualidad\\\/wp-content\\\/uploads\\\/2018\\\/10\\\/civivox-iturrama.jpg\",\"datePublished\":\"2018-12-17T11:05:24+00:00\",\"dateModified\":\"2018-12-17T11:05:29+00:00\",\"breadcrumb\":{\"@id\":\"https:\\\/\\\/www.laguiadepamplona.com\\\/actualidad\\\/el-calendario-municipal-de-2019-se-repartira-gratuitamente-los-dias-20-y-21-de-diciembre-en-casa-consistorial-civivox-casa-de-la-juventud-y-biblioteca-de-la-txantrea\\\/#breadcrumb\"},\"inLanguage\":\"es\",\"potentialAction\":[{\"@type\":\"ReadAction\",\"target\":[\"https:\\\/\\\/www.laguiadepamplona.com\\\/actualidad\\\/el-calendario-municipal-de-2019-se-repartira-gratuitamente-los-dias-20-y-21-de-diciembre-en-casa-consistorial-civivox-casa-de-la-juventud-y-biblioteca-de-la-txantrea\\\/\"]}]},{\"@type\":\"ImageObject\",\"inLanguage\":\"es\",\"@id\":\"https:\\\/\\\/www.laguiadepamplona.com\\\/actualidad\\\/el-calendario-municipal-de-2019-se-repartira-gratuitamente-los-dias-20-y-21-de-diciembre-en-casa-consistorial-civivox-casa-de-la-juventud-y-biblioteca-de-la-txantrea\\\/#primaryimage\",\"url\":\"https:\\\/\\\/www.laguiadepamplona.com\\\/actualidad\\\/wp-content\\\/uploads\\\/2018\\\/10\\\/civivox-iturrama.jpg\",\"contentUrl\":\"https:\\\/\\\/www.laguiadepamplona.com\\\/actualidad\\\/wp-content\\\/uploads\\\/2018\\\/10\\\/civivox-iturrama.jpg\",\"width\":1000,\"height\":563},{\"@type\":\"BreadcrumbList\",\"@id\":\"https:\\\/\\\/www.laguiadepamplona.com\\\/actualidad\\\/el-calendario-municipal-de-2019-se-repartira-gratuitamente-los-dias-20-y-21-de-diciembre-en-casa-consistorial-civivox-casa-de-la-juventud-y-biblioteca-de-la-txantrea\\\/#breadcrumb\",\"itemListElement\":[{\"@type\":\"ListItem\",\"position\":1,\"name\":\"Portada\",\"item\":\"https:\\\/\\\/www.laguiadepamplona.com\\\/actualidad\\\/\"},{\"@type\":\"ListItem\",\"position\":2,\"name\":\"El calendario municipal de 2019 se repartir\u00e1 gratuitamente los d\u00edas 20 y 21 de diciembre en Casa Consistorial, Civivox, Casa de la Juventud y Biblioteca de la Txantrea\"}]},{\"@type\":\"WebSite\",\"@id\":\"https:\\\/\\\/www.laguiadepamplona.com\\\/actualidad\\\/#website\",\"url\":\"https:\\\/\\\/www.laguiadepamplona.com\\\/actualidad\\\/\",\"name\":\"La gu\u00eda de Pamplona\",\"description\":\"Noticias de Pamplona\",\"publisher\":{\"@id\":\"https:\\\/\\\/www.laguiadepamplona.com\\\/actualidad\\\/#organization\"},\"potentialAction\":[{\"@type\":\"SearchAction\",\"target\":{\"@type\":\"EntryPoint\",\"urlTemplate\":\"https:\\\/\\\/www.laguiadepamplona.com\\\/actualidad\\\/?s={search_term_string}\"},\"query-input\":{\"@type\":\"PropertyValueSpecification\",\"valueRequired\":true,\"valueName\":\"search_term_string\"}}],\"inLanguage\":\"es\"},{\"@type\":\"Organization\",\"@id\":\"https:\\\/\\\/www.laguiadepamplona.com\\\/actualidad\\\/#organization\",\"name\":\"La Gu\u00eda de Pamplona \\\/ Noticias\",\"url\":\"https:\\\/\\\/www.laguiadepamplona.com\\\/actualidad\\\/\",\"logo\":{\"@type\":\"ImageObject\",\"inLanguage\":\"es\",\"@id\":\"https:\\\/\\\/www.laguiadepamplona.com\\\/actualidad\\\/#\\\/schema\\\/logo\\\/image\\\/\",\"url\":\"https:\\\/\\\/www.laguiadepamplona.com\\\/actualidad\\\/wp-content\\\/uploads\\\/2018\\\/11\\\/logo-laguiadepamplona18-web1.png\",\"contentUrl\":\"https:\\\/\\\/www.laguiadepamplona.com\\\/actualidad\\\/wp-content\\\/uploads\\\/2018\\\/11\\\/logo-laguiadepamplona18-web1.png\",\"width\":600,\"height\":196,\"caption\":\"La Gu\u00eda de Pamplona \\\/ Noticias\"},\"image\":{\"@id\":\"https:\\\/\\\/www.laguiadepamplona.com\\\/actualidad\\\/#\\\/schema\\\/logo\\\/image\\\/\"},\"sameAs\":[\"https:\\\/\\\/www.facebook.com\\\/laguiadepamplonacom-133175176762273\\\/?ref=hl\",\"https:\\\/\\\/x.com\\\/LaGuiadPamplona\",\"https:\\\/\\\/www.instagram.com\\\/la_guia_de_pamplona\\\/\",\"https:\\\/\\\/www.youtube.com\\\/user\\\/laguiadepamplona\"]},{\"@type\":\"Person\",\"@id\":\"https:\\\/\\\/www.laguiadepamplona.com\\\/actualidad\\\/#\\\/schema\\\/person\\\/efe887376f0213d4657c93adc50b1fdb\",\"name\":\"La Gu\u00eda de Pamplona\",\"image\":{\"@type\":\"ImageObject\",\"inLanguage\":\"es\",\"@id\":\"https:\\\/\\\/secure.gravatar.com\\\/avatar\\\/b6992f131dc8d30ab0dff15446e9d346d9dbd95992de0fef795073f5ea83a81c?s=96&d=mm&r=g\",\"url\":\"https:\\\/\\\/secure.gravatar.com\\\/avatar\\\/b6992f131dc8d30ab0dff15446e9d346d9dbd95992de0fef795073f5ea83a81c?s=96&d=mm&r=g\",\"contentUrl\":\"https:\\\/\\\/secure.gravatar.com\\\/avatar\\\/b6992f131dc8d30ab0dff15446e9d346d9dbd95992de0fef795073f5ea83a81c?s=96&d=mm&r=g\",\"caption\":\"La Gu\u00eda de Pamplona\"}}]}<\/script>\n<!-- \/ Yoast SEO plugin. -->","yoast_head_json":{"title":"El calendario municipal de 2019 se repartir\u00e1 gratuitamente los d\u00edas 20 y 21 de diciembre en Casa Consistorial, Civivox, Casa de la Juventud y Biblioteca de la Txantrea","robots":{"index":"index","follow":"follow","max-snippet":"max-snippet:-1","max-image-preview":"max-image-preview:large","max-video-preview":"max-video-preview:-1"},"canonical":"https:\/\/www.laguiadepamplona.com\/actualidad\/el-calendario-municipal-de-2019-se-repartira-gratuitamente-los-dias-20-y-21-de-diciembre-en-casa-consistorial-civivox-casa-de-la-juventud-y-biblioteca-de-la-txantrea\/","og_locale":"es_ES","og_type":"article","og_title":"El calendario municipal de 2019 se repartir\u00e1 gratuitamente los d\u00edas 20 y 21 de diciembre en Casa Consistorial, Civivox, Casa de la Juventud y Biblioteca de la Txantrea","og_url":"https:\/\/www.laguiadepamplona.com\/actualidad\/el-calendario-municipal-de-2019-se-repartira-gratuitamente-los-dias-20-y-21-de-diciembre-en-casa-consistorial-civivox-casa-de-la-juventud-y-biblioteca-de-la-txantrea\/","og_site_name":"La Gu\u00eda de Pamplona","article_publisher":"https:\/\/www.facebook.com\/laguiadepamplonacom-133175176762273\/?ref=hl","article_published_time":"2018-12-17T11:05:24+00:00","article_modified_time":"2018-12-17T11:05:29+00:00","og_image":[{"width":1000,"height":563,"url":"https:\/\/www.laguiadepamplona.com\/actualidad\/wp-content\/uploads\/2018\/10\/civivox-iturrama.jpg","type":"image\/jpeg"}],"author":"La Gu\u00eda de Pamplona","twitter_card":"summary_large_image","twitter_creator":"@LaGuiadPamplona","twitter_site":"@LaGuiadPamplona","twitter_misc":{"Escrito por":"La Gu\u00eda de Pamplona","Tiempo de lectura":"2 minutos"},"schema":{"@context":"https:\/\/schema.org","@graph":[{"@type":"Article","@id":"https:\/\/www.laguiadepamplona.com\/actualidad\/el-calendario-municipal-de-2019-se-repartira-gratuitamente-los-dias-20-y-21-de-diciembre-en-casa-consistorial-civivox-casa-de-la-juventud-y-biblioteca-de-la-txantrea\/#article","isPartOf":{"@id":"https:\/\/www.laguiadepamplona.com\/actualidad\/el-calendario-municipal-de-2019-se-repartira-gratuitamente-los-dias-20-y-21-de-diciembre-en-casa-consistorial-civivox-casa-de-la-juventud-y-biblioteca-de-la-txantrea\/"},"author":{"name":"La Gu\u00eda de Pamplona","@id":"https:\/\/www.laguiadepamplona.com\/actualidad\/#\/schema\/person\/efe887376f0213d4657c93adc50b1fdb"},"headline":"El calendario municipal de 2019 se repartir\u00e1 gratuitamente los d\u00edas 20 y 21 de diciembre en Casa Consistorial, Civivox, Casa de la Juventud y Biblioteca de la Txantrea","datePublished":"2018-12-17T11:05:24+00:00","dateModified":"2018-12-17T11:05:29+00:00","mainEntityOfPage":{"@id":"https:\/\/www.laguiadepamplona.com\/actualidad\/el-calendario-municipal-de-2019-se-repartira-gratuitamente-los-dias-20-y-21-de-diciembre-en-casa-consistorial-civivox-casa-de-la-juventud-y-biblioteca-de-la-txantrea\/"},"wordCount":401,"commentCount":0,"publisher":{"@id":"https:\/\/www.laguiadepamplona.com\/actualidad\/#organization"},"image":{"@id":"https:\/\/www.laguiadepamplona.com\/actualidad\/el-calendario-municipal-de-2019-se-repartira-gratuitamente-los-dias-20-y-21-de-diciembre-en-casa-consistorial-civivox-casa-de-la-juventud-y-biblioteca-de-la-txantrea\/#primaryimage"},"thumbnailUrl":"https:\/\/www.laguiadepamplona.com\/actualidad\/wp-content\/uploads\/2018\/10\/civivox-iturrama.jpg","articleSection":["Ayto Pamplona"],"inLanguage":"es","potentialAction":[{"@type":"CommentAction","name":"Comment","target":["https:\/\/www.laguiadepamplona.com\/actualidad\/el-calendario-municipal-de-2019-se-repartira-gratuitamente-los-dias-20-y-21-de-diciembre-en-casa-consistorial-civivox-casa-de-la-juventud-y-biblioteca-de-la-txantrea\/#respond"]}]},{"@type":"WebPage","@id":"https:\/\/www.laguiadepamplona.com\/actualidad\/el-calendario-municipal-de-2019-se-repartira-gratuitamente-los-dias-20-y-21-de-diciembre-en-casa-consistorial-civivox-casa-de-la-juventud-y-biblioteca-de-la-txantrea\/","url":"https:\/\/www.laguiadepamplona.com\/actualidad\/el-calendario-municipal-de-2019-se-repartira-gratuitamente-los-dias-20-y-21-de-diciembre-en-casa-consistorial-civivox-casa-de-la-juventud-y-biblioteca-de-la-txantrea\/","name":"El calendario municipal de 2019 se repartir\u00e1 gratuitamente los d\u00edas 20 y 21 de diciembre en Casa Consistorial, Civivox, Casa de la Juventud y Biblioteca de la Txantrea","isPartOf":{"@id":"https:\/\/www.laguiadepamplona.com\/actualidad\/#website"},"primaryImageOfPage":{"@id":"https:\/\/www.laguiadepamplona.com\/actualidad\/el-calendario-municipal-de-2019-se-repartira-gratuitamente-los-dias-20-y-21-de-diciembre-en-casa-consistorial-civivox-casa-de-la-juventud-y-biblioteca-de-la-txantrea\/#primaryimage"},"image":{"@id":"https:\/\/www.laguiadepamplona.com\/actualidad\/el-calendario-municipal-de-2019-se-repartira-gratuitamente-los-dias-20-y-21-de-diciembre-en-casa-consistorial-civivox-casa-de-la-juventud-y-biblioteca-de-la-txantrea\/#primaryimage"},"thumbnailUrl":"https:\/\/www.laguiadepamplona.com\/actualidad\/wp-content\/uploads\/2018\/10\/civivox-iturrama.jpg","datePublished":"2018-12-17T11:05:24+00:00","dateModified":"2018-12-17T11:05:29+00:00","breadcrumb":{"@id":"https:\/\/www.laguiadepamplona.com\/actualidad\/el-calendario-municipal-de-2019-se-repartira-gratuitamente-los-dias-20-y-21-de-diciembre-en-casa-consistorial-civivox-casa-de-la-juventud-y-biblioteca-de-la-txantrea\/#breadcrumb"},"inLanguage":"es","potentialAction":[{"@type":"ReadAction","target":["https:\/\/www.laguiadepamplona.com\/actualidad\/el-calendario-municipal-de-2019-se-repartira-gratuitamente-los-dias-20-y-21-de-diciembre-en-casa-consistorial-civivox-casa-de-la-juventud-y-biblioteca-de-la-txantrea\/"]}]},{"@type":"ImageObject","inLanguage":"es","@id":"https:\/\/www.laguiadepamplona.com\/actualidad\/el-calendario-municipal-de-2019-se-repartira-gratuitamente-los-dias-20-y-21-de-diciembre-en-casa-consistorial-civivox-casa-de-la-juventud-y-biblioteca-de-la-txantrea\/#primaryimage","url":"https:\/\/www.laguiadepamplona.com\/actualidad\/wp-content\/uploads\/2018\/10\/civivox-iturrama.jpg","contentUrl":"https:\/\/www.laguiadepamplona.com\/actualidad\/wp-content\/uploads\/2018\/10\/civivox-iturrama.jpg","width":1000,"height":563},{"@type":"BreadcrumbList","@id":"https:\/\/www.laguiadepamplona.com\/actualidad\/el-calendario-municipal-de-2019-se-repartira-gratuitamente-los-dias-20-y-21-de-diciembre-en-casa-consistorial-civivox-casa-de-la-juventud-y-biblioteca-de-la-txantrea\/#breadcrumb","itemListElement":[{"@type":"ListItem","position":1,"name":"Portada","item":"https:\/\/www.laguiadepamplona.com\/actualidad\/"},{"@type":"ListItem","position":2,"name":"El calendario municipal de 2019 se repartir\u00e1 gratuitamente los d\u00edas 20 y 21 de diciembre en Casa Consistorial, Civivox, Casa de la Juventud y Biblioteca de la Txantrea"}]},{"@type":"WebSite","@id":"https:\/\/www.laguiadepamplona.com\/actualidad\/#website","url":"https:\/\/www.laguiadepamplona.com\/actualidad\/","name":"La gu\u00eda de Pamplona","description":"Noticias de Pamplona","publisher":{"@id":"https:\/\/www.laguiadepamplona.com\/actualidad\/#organization"},"potentialAction":[{"@type":"SearchAction","target":{"@type":"EntryPoint","urlTemplate":"https:\/\/www.laguiadepamplona.com\/actualidad\/?s={search_term_string}"},"query-input":{"@type":"PropertyValueSpecification","valueRequired":true,"valueName":"search_term_string"}}],"inLanguage":"es"},{"@type":"Organization","@id":"https:\/\/www.laguiadepamplona.com\/actualidad\/#organization","name":"La Gu\u00eda de Pamplona \/ Noticias","url":"https:\/\/www.laguiadepamplona.com\/actualidad\/","logo":{"@type":"ImageObject","inLanguage":"es","@id":"https:\/\/www.laguiadepamplona.com\/actualidad\/#\/schema\/logo\/image\/","url":"https:\/\/www.laguiadepamplona.com\/actualidad\/wp-content\/uploads\/2018\/11\/logo-laguiadepamplona18-web1.png","contentUrl":"https:\/\/www.laguiadepamplona.com\/actualidad\/wp-content\/uploads\/2018\/11\/logo-laguiadepamplona18-web1.png","width":600,"height":196,"caption":"La Gu\u00eda de Pamplona \/ Noticias"},"image":{"@id":"https:\/\/www.laguiadepamplona.com\/actualidad\/#\/schema\/logo\/image\/"},"sameAs":["https:\/\/www.facebook.com\/laguiadepamplonacom-133175176762273\/?ref=hl","https:\/\/x.com\/LaGuiadPamplona","https:\/\/www.instagram.com\/la_guia_de_pamplona\/","https:\/\/www.youtube.com\/user\/laguiadepamplona"]},{"@type":"Person","@id":"https:\/\/www.laguiadepamplona.com\/actualidad\/#\/schema\/person\/efe887376f0213d4657c93adc50b1fdb","name":"La Gu\u00eda de Pamplona","image":{"@type":"ImageObject","inLanguage":"es","@id":"https:\/\/secure.gravatar.com\/avatar\/b6992f131dc8d30ab0dff15446e9d346d9dbd95992de0fef795073f5ea83a81c?s=96&d=mm&r=g","url":"https:\/\/secure.gravatar.com\/avatar\/b6992f131dc8d30ab0dff15446e9d346d9dbd95992de0fef795073f5ea83a81c?s=96&d=mm&r=g","contentUrl":"https:\/\/secure.gravatar.com\/avatar\/b6992f131dc8d30ab0dff15446e9d346d9dbd95992de0fef795073f5ea83a81c?s=96&d=mm&r=g","caption":"La Gu\u00eda de Pamplona"}}]}},"post_mailing_queue_ids":[],"_links":{"self":[{"href":"https:\/\/www.laguiadepamplona.com\/actualidad\/wp-json\/wp\/v2\/posts\/19833","targetHints":{"allow":["GET"]}}],"collection":[{"href":"https:\/\/www.laguiadepamplona.com\/actualidad\/wp-json\/wp\/v2\/posts"}],"about":[{"href":"https:\/\/www.laguiadepamplona.com\/actualidad\/wp-json\/wp\/v2\/types\/post"}],"author":[{"embeddable":true,"href":"https:\/\/www.laguiadepamplona.com\/actualidad\/wp-json\/wp\/v2\/users\/1"}],"replies":[{"embeddable":true,"href":"https:\/\/www.laguiadepamplona.com\/actualidad\/wp-json\/wp\/v2\/comments?post=19833"}],"version-history":[{"count":0,"href":"https:\/\/www.laguiadepamplona.com\/actualidad\/wp-json\/wp\/v2\/posts\/19833\/revisions"}],"wp:featuredmedia":[{"embeddable":true,"href":"https:\/\/www.laguiadepamplona.com\/actualidad\/wp-json\/wp\/v2\/media\/18887"}],"wp:attachment":[{"href":"https:\/\/www.laguiadepamplona.com\/actualidad\/wp-json\/wp\/v2\/media?parent=19833"}],"wp:term":[{"taxonomy":"category","embeddable":true,"href":"https:\/\/www.laguiadepamplona.com\/actualidad\/wp-json\/wp\/v2\/categories?post=19833"},{"taxonomy":"post_tag","embeddable":true,"href":"https:\/\/www.laguiadepamplona.com\/actualidad\/wp-json\/wp\/v2\/tags?post=19833"}],"curies":[{"name":"wp","href":"https:\/\/api.w.org\/{rel}","templated":true}]}}