{"id":19755,"date":"2018-12-12T17:02:34","date_gmt":"2018-12-12T15:02:34","guid":{"rendered":"https:\/\/www.laguiadepamplona.es\/actualidad\/?p=19755"},"modified":"2018-12-12T17:02:39","modified_gmt":"2018-12-12T15:02:39","slug":"el-foro-de-ecologia-urbana-se-reune-manana-jueves-abierto-a-la-participacion-de-toda-la-ciudadania","status":"publish","type":"post","link":"https:\/\/www.laguiadepamplona.com\/actualidad\/el-foro-de-ecologia-urbana-se-reune-manana-jueves-abierto-a-la-participacion-de-toda-la-ciudadania\/","title":{"rendered":"El Foro de Ecolog\u00eda Urbana se re\u00fane ma\u00f1ana jueves abierto a la participaci\u00f3n de toda la ciudadan\u00eda"},"content":{"rendered":"\n<!--more-->\n\n\n\n<h3 class=\"wp-block-heading\">Desde el \u00c1rea de Ecolog\u00eda Urbana y Movilidad se ha invitado a m\u00e1s de 100 expertos empresas y miembros de colectivos e instituciones<\/h3>\n\n\n\n<p>El \u00c1rea de Ecolog\u00eda Urbana y Movilidad del Ayuntamiento de Pamplona ha convocado para este jueves, 13 de diciembre, una sesi\u00f3n del Foro de\u00a0 Ecolog\u00eda Urbana que tendr\u00e1 lugar a las 18.30 horas, en la sala de conferencias del Museo de Educaci\u00f3n Ambiental (calle Errotazar, s\/n). En la sesi\u00f3n se va a informar desde el \u00c1rea de los trabajos llevados a cabo en estos meses. El orden del d\u00eda tambi\u00e9n incluye la evaluaci\u00f3n de la metodolog\u00eda de trabajo utilizada hasta el momento y una propuesta de mejora. Temas abordados en este espacio, por ejemplo, han sido la gesti\u00f3n de la biodiversidad urbana, los huertos escolares y comunitarios, el fomento del vaso reutilizable, el manejo de las colonias felinas, la educaci\u00f3n ambiental en el municipio y las zonas verdes y fluviales.<\/p>\n\n\n\n<p>El Observatorio de Ecolog\u00eda Urbana forma parte del Servicio de Ecolog\u00eda Urbana del Ayuntamiento de Pamplona. Se trata de un espacio de participaci\u00f3n abierto, concebido como un consejo asesor ciudadano, sin que llegue a ser un foro representativo o deliberativo, ya que sus propuestas y conclusiones no son de obligatorio cumplimiento. En este foro no se tratan los temas relativos a la movilidad, que vienen disponiendo de sus propios espacios consultivos y de participaci\u00f3n.<\/p>\n\n\n\n<p>A esta reuni\u00f3n se ha invitado ha invitado a m\u00e1s de 100 personas, entre particulares, expertos, empresas y miembros de colectivos e instituciones que trabajan en diversos \u00e1mbitos relacionados con la ecolog\u00eda urbana de la ciudad. La sesi\u00f3n contar\u00e1 con la participaci\u00f3n de personal del \u00c1rea, para as\u00ed poder transmitir las propuestas y sugerencias a los servicios implicados. El \u00c1rea de Ecolog\u00eda Urbana y Movilidad dispone, adem\u00e1s de este\u00f3rgano de participaci\u00f3n, de foros espec\u00edficos (como por ejemplo el que a cogelos planteamientos sobre el Ekoparque Aranzadi), procesos de interlocuci\u00f3n con colectivos (como el que se lleva a cabo para la gesti\u00f3n de las colonias felinas) y l\u00edneas abiertas de comunicaci\u00f3n para particulares y ciudadan\u00eda en general. <\/p>\n","protected":false},"excerpt":{"rendered":"","protected":false},"author":1,"featured_media":11071,"comment_status":"open","ping_status":"closed","sticky":false,"template":"","format":"standard","meta":{"footnotes":""},"categories":[2],"tags":[],"class_list":["post-19755","post","type-post","status-publish","format-standard","has-post-thumbnail","hentry","category-ayuntamiento-pamplona"],"yoast_head":"<!-- This site is optimized with the Yoast SEO plugin v27.9 - https:\/\/yoast.com\/product\/yoast-seo-wordpress\/ -->\n<title>El Foro de Ecolog\u00eda Urbana se re\u00fane ma\u00f1ana jueves abierto a la participaci\u00f3n de toda la ciudadan\u00eda<\/title>\n<meta name=\"robots\" content=\"index, follow, max-snippet:-1, max-image-preview:large, max-video-preview:-1\" \/>\n<link rel=\"canonical\" href=\"https:\/\/www.laguiadepamplona.com\/actualidad\/el-foro-de-ecologia-urbana-se-reune-manana-jueves-abierto-a-la-participacion-de-toda-la-ciudadania\/\" \/>\n<meta property=\"og:locale\" content=\"es_ES\" \/>\n<meta property=\"og:type\" content=\"article\" \/>\n<meta property=\"og:title\" content=\"El Foro de Ecolog\u00eda Urbana se re\u00fane ma\u00f1ana jueves abierto a la participaci\u00f3n de toda la ciudadan\u00eda\" \/>\n<meta property=\"og:url\" content=\"https:\/\/www.laguiadepamplona.com\/actualidad\/el-foro-de-ecologia-urbana-se-reune-manana-jueves-abierto-a-la-participacion-de-toda-la-ciudadania\/\" \/>\n<meta property=\"og:site_name\" content=\"La Gu\u00eda de Pamplona Noticias y actualidad\" \/>\n<meta property=\"article:publisher\" content=\"https:\/\/www.facebook.com\/laguiadepamplonacom-133175176762273\/?ref=hl\" \/>\n<meta property=\"article:published_time\" content=\"2018-12-12T15:02:34+00:00\" \/>\n<meta property=\"article:modified_time\" content=\"2018-12-12T15:02:39+00:00\" \/>\n<meta property=\"og:image\" content=\"https:\/\/www.laguiadepamplona.com\/actualidad\/wp-content\/uploads\/2016\/12\/Museo-Educacion-Ambiental-Pamplona.jpg\" \/>\n\t<meta property=\"og:image:width\" content=\"627\" \/>\n\t<meta property=\"og:image:height\" content=\"352\" \/>\n\t<meta property=\"og:image:type\" content=\"image\/jpeg\" \/>\n<meta name=\"author\" content=\"La Gu\u00eda de Pamplona\" \/>\n<meta name=\"twitter:card\" content=\"summary_large_image\" \/>\n<meta name=\"twitter:creator\" content=\"@LaGuiadPamplona\" \/>\n<meta name=\"twitter:site\" content=\"@LaGuiadPamplona\" \/>\n<meta name=\"twitter:label1\" content=\"Escrito por\" \/>\n\t<meta name=\"twitter:data1\" content=\"La Gu\u00eda de Pamplona\" \/>\n\t<meta name=\"twitter:label2\" content=\"Tiempo de lectura\" \/>\n\t<meta name=\"twitter:data2\" content=\"2 minutos\" \/>\n<script type=\"application\/ld+json\" class=\"yoast-schema-graph\">{\"@context\":\"https:\\\/\\\/schema.org\",\"@graph\":[{\"@type\":\"Article\",\"@id\":\"https:\\\/\\\/www.laguiadepamplona.com\\\/actualidad\\\/el-foro-de-ecologia-urbana-se-reune-manana-jueves-abierto-a-la-participacion-de-toda-la-ciudadania\\\/#article\",\"isPartOf\":{\"@id\":\"https:\\\/\\\/www.laguiadepamplona.com\\\/actualidad\\\/el-foro-de-ecologia-urbana-se-reune-manana-jueves-abierto-a-la-participacion-de-toda-la-ciudadania\\\/\"},\"author\":{\"name\":\"La Gu\u00eda de Pamplona\",\"@id\":\"https:\\\/\\\/www.laguiadepamplona.com\\\/actualidad\\\/#\\\/schema\\\/person\\\/efe887376f0213d4657c93adc50b1fdb\"},\"headline\":\"El Foro de Ecolog\u00eda Urbana se re\u00fane ma\u00f1ana jueves abierto a la participaci\u00f3n de toda la ciudadan\u00eda\",\"datePublished\":\"2018-12-12T15:02:34+00:00\",\"dateModified\":\"2018-12-12T15:02:39+00:00\",\"mainEntityOfPage\":{\"@id\":\"https:\\\/\\\/www.laguiadepamplona.com\\\/actualidad\\\/el-foro-de-ecologia-urbana-se-reune-manana-jueves-abierto-a-la-participacion-de-toda-la-ciudadania\\\/\"},\"wordCount\":394,\"commentCount\":0,\"publisher\":{\"@id\":\"https:\\\/\\\/www.laguiadepamplona.com\\\/actualidad\\\/#organization\"},\"image\":{\"@id\":\"https:\\\/\\\/www.laguiadepamplona.com\\\/actualidad\\\/el-foro-de-ecologia-urbana-se-reune-manana-jueves-abierto-a-la-participacion-de-toda-la-ciudadania\\\/#primaryimage\"},\"thumbnailUrl\":\"https:\\\/\\\/www.laguiadepamplona.com\\\/actualidad\\\/wp-content\\\/uploads\\\/2016\\\/12\\\/Museo-Educacion-Ambiental-Pamplona.jpg\",\"articleSection\":[\"Ayto Pamplona\"],\"inLanguage\":\"es\",\"potentialAction\":[{\"@type\":\"CommentAction\",\"name\":\"Comment\",\"target\":[\"https:\\\/\\\/www.laguiadepamplona.com\\\/actualidad\\\/el-foro-de-ecologia-urbana-se-reune-manana-jueves-abierto-a-la-participacion-de-toda-la-ciudadania\\\/#respond\"]}]},{\"@type\":\"WebPage\",\"@id\":\"https:\\\/\\\/www.laguiadepamplona.com\\\/actualidad\\\/el-foro-de-ecologia-urbana-se-reune-manana-jueves-abierto-a-la-participacion-de-toda-la-ciudadania\\\/\",\"url\":\"https:\\\/\\\/www.laguiadepamplona.com\\\/actualidad\\\/el-foro-de-ecologia-urbana-se-reune-manana-jueves-abierto-a-la-participacion-de-toda-la-ciudadania\\\/\",\"name\":\"El Foro de Ecolog\u00eda Urbana se re\u00fane ma\u00f1ana jueves abierto a la participaci\u00f3n de toda la ciudadan\u00eda\",\"isPartOf\":{\"@id\":\"https:\\\/\\\/www.laguiadepamplona.com\\\/actualidad\\\/#website\"},\"primaryImageOfPage\":{\"@id\":\"https:\\\/\\\/www.laguiadepamplona.com\\\/actualidad\\\/el-foro-de-ecologia-urbana-se-reune-manana-jueves-abierto-a-la-participacion-de-toda-la-ciudadania\\\/#primaryimage\"},\"image\":{\"@id\":\"https:\\\/\\\/www.laguiadepamplona.com\\\/actualidad\\\/el-foro-de-ecologia-urbana-se-reune-manana-jueves-abierto-a-la-participacion-de-toda-la-ciudadania\\\/#primaryimage\"},\"thumbnailUrl\":\"https:\\\/\\\/www.laguiadepamplona.com\\\/actualidad\\\/wp-content\\\/uploads\\\/2016\\\/12\\\/Museo-Educacion-Ambiental-Pamplona.jpg\",\"datePublished\":\"2018-12-12T15:02:34+00:00\",\"dateModified\":\"2018-12-12T15:02:39+00:00\",\"breadcrumb\":{\"@id\":\"https:\\\/\\\/www.laguiadepamplona.com\\\/actualidad\\\/el-foro-de-ecologia-urbana-se-reune-manana-jueves-abierto-a-la-participacion-de-toda-la-ciudadania\\\/#breadcrumb\"},\"inLanguage\":\"es\",\"potentialAction\":[{\"@type\":\"ReadAction\",\"target\":[\"https:\\\/\\\/www.laguiadepamplona.com\\\/actualidad\\\/el-foro-de-ecologia-urbana-se-reune-manana-jueves-abierto-a-la-participacion-de-toda-la-ciudadania\\\/\"]}]},{\"@type\":\"ImageObject\",\"inLanguage\":\"es\",\"@id\":\"https:\\\/\\\/www.laguiadepamplona.com\\\/actualidad\\\/el-foro-de-ecologia-urbana-se-reune-manana-jueves-abierto-a-la-participacion-de-toda-la-ciudadania\\\/#primaryimage\",\"url\":\"https:\\\/\\\/www.laguiadepamplona.com\\\/actualidad\\\/wp-content\\\/uploads\\\/2016\\\/12\\\/Museo-Educacion-Ambiental-Pamplona.jpg\",\"contentUrl\":\"https:\\\/\\\/www.laguiadepamplona.com\\\/actualidad\\\/wp-content\\\/uploads\\\/2016\\\/12\\\/Museo-Educacion-Ambiental-Pamplona.jpg\",\"width\":627,\"height\":352},{\"@type\":\"BreadcrumbList\",\"@id\":\"https:\\\/\\\/www.laguiadepamplona.com\\\/actualidad\\\/el-foro-de-ecologia-urbana-se-reune-manana-jueves-abierto-a-la-participacion-de-toda-la-ciudadania\\\/#breadcrumb\",\"itemListElement\":[{\"@type\":\"ListItem\",\"position\":1,\"name\":\"Portada\",\"item\":\"https:\\\/\\\/www.laguiadepamplona.com\\\/actualidad\\\/\"},{\"@type\":\"ListItem\",\"position\":2,\"name\":\"El Foro de Ecolog\u00eda Urbana se re\u00fane ma\u00f1ana jueves abierto a la participaci\u00f3n de toda la ciudadan\u00eda\"}]},{\"@type\":\"WebSite\",\"@id\":\"https:\\\/\\\/www.laguiadepamplona.com\\\/actualidad\\\/#website\",\"url\":\"https:\\\/\\\/www.laguiadepamplona.com\\\/actualidad\\\/\",\"name\":\"La gu\u00eda de Pamplona\",\"description\":\"Noticias de Pamplona\",\"publisher\":{\"@id\":\"https:\\\/\\\/www.laguiadepamplona.com\\\/actualidad\\\/#organization\"},\"potentialAction\":[{\"@type\":\"SearchAction\",\"target\":{\"@type\":\"EntryPoint\",\"urlTemplate\":\"https:\\\/\\\/www.laguiadepamplona.com\\\/actualidad\\\/?s={search_term_string}\"},\"query-input\":{\"@type\":\"PropertyValueSpecification\",\"valueRequired\":true,\"valueName\":\"search_term_string\"}}],\"inLanguage\":\"es\"},{\"@type\":\"Organization\",\"@id\":\"https:\\\/\\\/www.laguiadepamplona.com\\\/actualidad\\\/#organization\",\"name\":\"La Gu\u00eda de Pamplona \\\/ Noticias\",\"url\":\"https:\\\/\\\/www.laguiadepamplona.com\\\/actualidad\\\/\",\"logo\":{\"@type\":\"ImageObject\",\"inLanguage\":\"es\",\"@id\":\"https:\\\/\\\/www.laguiadepamplona.com\\\/actualidad\\\/#\\\/schema\\\/logo\\\/image\\\/\",\"url\":\"https:\\\/\\\/www.laguiadepamplona.com\\\/actualidad\\\/wp-content\\\/uploads\\\/2018\\\/11\\\/logo-laguiadepamplona18-web1.png\",\"contentUrl\":\"https:\\\/\\\/www.laguiadepamplona.com\\\/actualidad\\\/wp-content\\\/uploads\\\/2018\\\/11\\\/logo-laguiadepamplona18-web1.png\",\"width\":600,\"height\":196,\"caption\":\"La Gu\u00eda de Pamplona \\\/ Noticias\"},\"image\":{\"@id\":\"https:\\\/\\\/www.laguiadepamplona.com\\\/actualidad\\\/#\\\/schema\\\/logo\\\/image\\\/\"},\"sameAs\":[\"https:\\\/\\\/www.facebook.com\\\/laguiadepamplonacom-133175176762273\\\/?ref=hl\",\"https:\\\/\\\/x.com\\\/LaGuiadPamplona\",\"https:\\\/\\\/www.instagram.com\\\/la_guia_de_pamplona\\\/\",\"https:\\\/\\\/www.youtube.com\\\/user\\\/laguiadepamplona\"]},{\"@type\":\"Person\",\"@id\":\"https:\\\/\\\/www.laguiadepamplona.com\\\/actualidad\\\/#\\\/schema\\\/person\\\/efe887376f0213d4657c93adc50b1fdb\",\"name\":\"La Gu\u00eda de Pamplona\",\"image\":{\"@type\":\"ImageObject\",\"inLanguage\":\"es\",\"@id\":\"https:\\\/\\\/secure.gravatar.com\\\/avatar\\\/b6992f131dc8d30ab0dff15446e9d346d9dbd95992de0fef795073f5ea83a81c?s=96&d=mm&r=g\",\"url\":\"https:\\\/\\\/secure.gravatar.com\\\/avatar\\\/b6992f131dc8d30ab0dff15446e9d346d9dbd95992de0fef795073f5ea83a81c?s=96&d=mm&r=g\",\"contentUrl\":\"https:\\\/\\\/secure.gravatar.com\\\/avatar\\\/b6992f131dc8d30ab0dff15446e9d346d9dbd95992de0fef795073f5ea83a81c?s=96&d=mm&r=g\",\"caption\":\"La Gu\u00eda de Pamplona\"}}]}<\/script>\n<!-- \/ Yoast SEO plugin. -->","yoast_head_json":{"title":"El Foro de Ecolog\u00eda Urbana se re\u00fane ma\u00f1ana jueves abierto a la participaci\u00f3n de toda la ciudadan\u00eda","robots":{"index":"index","follow":"follow","max-snippet":"max-snippet:-1","max-image-preview":"max-image-preview:large","max-video-preview":"max-video-preview:-1"},"canonical":"https:\/\/www.laguiadepamplona.com\/actualidad\/el-foro-de-ecologia-urbana-se-reune-manana-jueves-abierto-a-la-participacion-de-toda-la-ciudadania\/","og_locale":"es_ES","og_type":"article","og_title":"El Foro de Ecolog\u00eda Urbana se re\u00fane ma\u00f1ana jueves abierto a la participaci\u00f3n de toda la ciudadan\u00eda","og_url":"https:\/\/www.laguiadepamplona.com\/actualidad\/el-foro-de-ecologia-urbana-se-reune-manana-jueves-abierto-a-la-participacion-de-toda-la-ciudadania\/","og_site_name":"La Gu\u00eda de Pamplona Noticias y actualidad","article_publisher":"https:\/\/www.facebook.com\/laguiadepamplonacom-133175176762273\/?ref=hl","article_published_time":"2018-12-12T15:02:34+00:00","article_modified_time":"2018-12-12T15:02:39+00:00","og_image":[{"width":627,"height":352,"url":"https:\/\/www.laguiadepamplona.com\/actualidad\/wp-content\/uploads\/2016\/12\/Museo-Educacion-Ambiental-Pamplona.jpg","type":"image\/jpeg"}],"author":"La Gu\u00eda de Pamplona","twitter_card":"summary_large_image","twitter_creator":"@LaGuiadPamplona","twitter_site":"@LaGuiadPamplona","twitter_misc":{"Escrito por":"La Gu\u00eda de Pamplona","Tiempo de lectura":"2 minutos"},"schema":{"@context":"https:\/\/schema.org","@graph":[{"@type":"Article","@id":"https:\/\/www.laguiadepamplona.com\/actualidad\/el-foro-de-ecologia-urbana-se-reune-manana-jueves-abierto-a-la-participacion-de-toda-la-ciudadania\/#article","isPartOf":{"@id":"https:\/\/www.laguiadepamplona.com\/actualidad\/el-foro-de-ecologia-urbana-se-reune-manana-jueves-abierto-a-la-participacion-de-toda-la-ciudadania\/"},"author":{"name":"La Gu\u00eda de Pamplona","@id":"https:\/\/www.laguiadepamplona.com\/actualidad\/#\/schema\/person\/efe887376f0213d4657c93adc50b1fdb"},"headline":"El Foro de Ecolog\u00eda Urbana se re\u00fane ma\u00f1ana jueves abierto a la participaci\u00f3n de toda la ciudadan\u00eda","datePublished":"2018-12-12T15:02:34+00:00","dateModified":"2018-12-12T15:02:39+00:00","mainEntityOfPage":{"@id":"https:\/\/www.laguiadepamplona.com\/actualidad\/el-foro-de-ecologia-urbana-se-reune-manana-jueves-abierto-a-la-participacion-de-toda-la-ciudadania\/"},"wordCount":394,"commentCount":0,"publisher":{"@id":"https:\/\/www.laguiadepamplona.com\/actualidad\/#organization"},"image":{"@id":"https:\/\/www.laguiadepamplona.com\/actualidad\/el-foro-de-ecologia-urbana-se-reune-manana-jueves-abierto-a-la-participacion-de-toda-la-ciudadania\/#primaryimage"},"thumbnailUrl":"https:\/\/www.laguiadepamplona.com\/actualidad\/wp-content\/uploads\/2016\/12\/Museo-Educacion-Ambiental-Pamplona.jpg","articleSection":["Ayto Pamplona"],"inLanguage":"es","potentialAction":[{"@type":"CommentAction","name":"Comment","target":["https:\/\/www.laguiadepamplona.com\/actualidad\/el-foro-de-ecologia-urbana-se-reune-manana-jueves-abierto-a-la-participacion-de-toda-la-ciudadania\/#respond"]}]},{"@type":"WebPage","@id":"https:\/\/www.laguiadepamplona.com\/actualidad\/el-foro-de-ecologia-urbana-se-reune-manana-jueves-abierto-a-la-participacion-de-toda-la-ciudadania\/","url":"https:\/\/www.laguiadepamplona.com\/actualidad\/el-foro-de-ecologia-urbana-se-reune-manana-jueves-abierto-a-la-participacion-de-toda-la-ciudadania\/","name":"El Foro de Ecolog\u00eda Urbana se re\u00fane ma\u00f1ana jueves abierto a la participaci\u00f3n de toda la ciudadan\u00eda","isPartOf":{"@id":"https:\/\/www.laguiadepamplona.com\/actualidad\/#website"},"primaryImageOfPage":{"@id":"https:\/\/www.laguiadepamplona.com\/actualidad\/el-foro-de-ecologia-urbana-se-reune-manana-jueves-abierto-a-la-participacion-de-toda-la-ciudadania\/#primaryimage"},"image":{"@id":"https:\/\/www.laguiadepamplona.com\/actualidad\/el-foro-de-ecologia-urbana-se-reune-manana-jueves-abierto-a-la-participacion-de-toda-la-ciudadania\/#primaryimage"},"thumbnailUrl":"https:\/\/www.laguiadepamplona.com\/actualidad\/wp-content\/uploads\/2016\/12\/Museo-Educacion-Ambiental-Pamplona.jpg","datePublished":"2018-12-12T15:02:34+00:00","dateModified":"2018-12-12T15:02:39+00:00","breadcrumb":{"@id":"https:\/\/www.laguiadepamplona.com\/actualidad\/el-foro-de-ecologia-urbana-se-reune-manana-jueves-abierto-a-la-participacion-de-toda-la-ciudadania\/#breadcrumb"},"inLanguage":"es","potentialAction":[{"@type":"ReadAction","target":["https:\/\/www.laguiadepamplona.com\/actualidad\/el-foro-de-ecologia-urbana-se-reune-manana-jueves-abierto-a-la-participacion-de-toda-la-ciudadania\/"]}]},{"@type":"ImageObject","inLanguage":"es","@id":"https:\/\/www.laguiadepamplona.com\/actualidad\/el-foro-de-ecologia-urbana-se-reune-manana-jueves-abierto-a-la-participacion-de-toda-la-ciudadania\/#primaryimage","url":"https:\/\/www.laguiadepamplona.com\/actualidad\/wp-content\/uploads\/2016\/12\/Museo-Educacion-Ambiental-Pamplona.jpg","contentUrl":"https:\/\/www.laguiadepamplona.com\/actualidad\/wp-content\/uploads\/2016\/12\/Museo-Educacion-Ambiental-Pamplona.jpg","width":627,"height":352},{"@type":"BreadcrumbList","@id":"https:\/\/www.laguiadepamplona.com\/actualidad\/el-foro-de-ecologia-urbana-se-reune-manana-jueves-abierto-a-la-participacion-de-toda-la-ciudadania\/#breadcrumb","itemListElement":[{"@type":"ListItem","position":1,"name":"Portada","item":"https:\/\/www.laguiadepamplona.com\/actualidad\/"},{"@type":"ListItem","position":2,"name":"El Foro de Ecolog\u00eda Urbana se re\u00fane ma\u00f1ana jueves abierto a la participaci\u00f3n de toda la ciudadan\u00eda"}]},{"@type":"WebSite","@id":"https:\/\/www.laguiadepamplona.com\/actualidad\/#website","url":"https:\/\/www.laguiadepamplona.com\/actualidad\/","name":"La gu\u00eda de Pamplona","description":"Noticias de Pamplona","publisher":{"@id":"https:\/\/www.laguiadepamplona.com\/actualidad\/#organization"},"potentialAction":[{"@type":"SearchAction","target":{"@type":"EntryPoint","urlTemplate":"https:\/\/www.laguiadepamplona.com\/actualidad\/?s={search_term_string}"},"query-input":{"@type":"PropertyValueSpecification","valueRequired":true,"valueName":"search_term_string"}}],"inLanguage":"es"},{"@type":"Organization","@id":"https:\/\/www.laguiadepamplona.com\/actualidad\/#organization","name":"La Gu\u00eda de Pamplona \/ Noticias","url":"https:\/\/www.laguiadepamplona.com\/actualidad\/","logo":{"@type":"ImageObject","inLanguage":"es","@id":"https:\/\/www.laguiadepamplona.com\/actualidad\/#\/schema\/logo\/image\/","url":"https:\/\/www.laguiadepamplona.com\/actualidad\/wp-content\/uploads\/2018\/11\/logo-laguiadepamplona18-web1.png","contentUrl":"https:\/\/www.laguiadepamplona.com\/actualidad\/wp-content\/uploads\/2018\/11\/logo-laguiadepamplona18-web1.png","width":600,"height":196,"caption":"La Gu\u00eda de Pamplona \/ Noticias"},"image":{"@id":"https:\/\/www.laguiadepamplona.com\/actualidad\/#\/schema\/logo\/image\/"},"sameAs":["https:\/\/www.facebook.com\/laguiadepamplonacom-133175176762273\/?ref=hl","https:\/\/x.com\/LaGuiadPamplona","https:\/\/www.instagram.com\/la_guia_de_pamplona\/","https:\/\/www.youtube.com\/user\/laguiadepamplona"]},{"@type":"Person","@id":"https:\/\/www.laguiadepamplona.com\/actualidad\/#\/schema\/person\/efe887376f0213d4657c93adc50b1fdb","name":"La Gu\u00eda de Pamplona","image":{"@type":"ImageObject","inLanguage":"es","@id":"https:\/\/secure.gravatar.com\/avatar\/b6992f131dc8d30ab0dff15446e9d346d9dbd95992de0fef795073f5ea83a81c?s=96&d=mm&r=g","url":"https:\/\/secure.gravatar.com\/avatar\/b6992f131dc8d30ab0dff15446e9d346d9dbd95992de0fef795073f5ea83a81c?s=96&d=mm&r=g","contentUrl":"https:\/\/secure.gravatar.com\/avatar\/b6992f131dc8d30ab0dff15446e9d346d9dbd95992de0fef795073f5ea83a81c?s=96&d=mm&r=g","caption":"La Gu\u00eda de Pamplona"}}]}},"post_mailing_queue_ids":[],"_links":{"self":[{"href":"https:\/\/www.laguiadepamplona.com\/actualidad\/wp-json\/wp\/v2\/posts\/19755","targetHints":{"allow":["GET"]}}],"collection":[{"href":"https:\/\/www.laguiadepamplona.com\/actualidad\/wp-json\/wp\/v2\/posts"}],"about":[{"href":"https:\/\/www.laguiadepamplona.com\/actualidad\/wp-json\/wp\/v2\/types\/post"}],"author":[{"embeddable":true,"href":"https:\/\/www.laguiadepamplona.com\/actualidad\/wp-json\/wp\/v2\/users\/1"}],"replies":[{"embeddable":true,"href":"https:\/\/www.laguiadepamplona.com\/actualidad\/wp-json\/wp\/v2\/comments?post=19755"}],"version-history":[{"count":0,"href":"https:\/\/www.laguiadepamplona.com\/actualidad\/wp-json\/wp\/v2\/posts\/19755\/revisions"}],"wp:featuredmedia":[{"embeddable":true,"href":"https:\/\/www.laguiadepamplona.com\/actualidad\/wp-json\/wp\/v2\/media\/11071"}],"wp:attachment":[{"href":"https:\/\/www.laguiadepamplona.com\/actualidad\/wp-json\/wp\/v2\/media?parent=19755"}],"wp:term":[{"taxonomy":"category","embeddable":true,"href":"https:\/\/www.laguiadepamplona.com\/actualidad\/wp-json\/wp\/v2\/categories?post=19755"},{"taxonomy":"post_tag","embeddable":true,"href":"https:\/\/www.laguiadepamplona.com\/actualidad\/wp-json\/wp\/v2\/tags?post=19755"}],"curies":[{"name":"wp","href":"https:\/\/api.w.org\/{rel}","templated":true}]}}