{"id":19718,"date":"2018-12-11T17:23:57","date_gmt":"2018-12-11T15:23:57","guid":{"rendered":"https:\/\/www.laguiadepamplona.es\/actualidad\/?p=19718"},"modified":"2018-12-11T17:24:01","modified_gmt":"2018-12-11T15:24:01","slug":"catalina-de-foix-laultima-reina-de-navarra-protagonizara-la-conferencia-de-manana-miercoles-encondestable-del-historiador-aitor-pescador","status":"publish","type":"post","link":"https:\/\/www.laguiadepamplona.com\/actualidad\/catalina-de-foix-laultima-reina-de-navarra-protagonizara-la-conferencia-de-manana-miercoles-encondestable-del-historiador-aitor-pescador\/","title":{"rendered":"Catalina de Foix, la\u00faltima reina de Navarra, protagonizar\u00e1 la conferencia de ma\u00f1ana mi\u00e9rcoles enCondestable del historiador Aitor Pescador"},"content":{"rendered":"\n<!--more-->\n\n\n\n<h3 class=\"wp-block-heading\">De esta manera se dar\u00e1 a conocer la figura de Catalina I de Navarra que dar\u00e1\nnombre a partir de marzo a la avenida del Ej\u00e9rcito<\/h3>\n\n\n\n<p>Catalina de Foix, la \u00faltima reina de Navarra y a quien la historiograf\u00eda la considera mujer de gran\ntalento y energ\u00eda, protagonizar\u00e1 una conferencia ma\u00f1ana mi\u00e9rcoles, 12 de\ndiciembre. De esta manera se dar\u00e1 a conocer la figura de Catalina I de Navarra, que ocup\u00f3 el trono\nnavarro entre 1483 y 1517 y que a partir de marzo dar\u00e1 nombre a la avenida del\nEj\u00e9rcito. La charla tendr\u00e1 lugar en el Sal\u00f3n de Actos del Palacio del\nCondestable a las 19 horas con el historiador Aitor Pescador. La entrada es\nlibre.<\/p>\n\n\n\n<p>Bajo el t\u00edtulo \u2018Catalina I de Navarra. Memoria e identidad\u2019,\nel ponente har\u00e1 un recorrido por la vida de \u2018Catalina I de Navarra, mujer,\nmadre y reina\u2019 y plantear\u00e1 la dificultad que supone bucear en la intimidad de\nuna mujer del siglo XVI, cuando la historia se redactaba por hombres y para\nhombres, y rescatar la figura de una reina que siempre quiso volver a Navarra.\nRecordar\u00e1 que fue la \u00faltima soberana del reino medieval que se hab\u00eda\nconstituido como un referente de identidad pol\u00edtica en el que fuera el viejo\nsolar de los vascones. Explicar\u00e1 que, m\u00e1s all\u00e1 de los t\u00edtulos y lo que cuentan\nlas cr\u00f3nicas cortesanas, fue la encargada de defender la independencia de\nNavarra y transmitir a sus hijos el deseo de recuperar la corona que les hab\u00eda\nsido arrebatada con violencia. Tambi\u00e9n defender\u00e1 en la conferencia que quienes\ninvadieron Navarra pretendieron convertirla en una reina ajena a su reino,\nextra\u00f1a, extranjera y que eso queda lejos de la realidad.<\/p>\n\n\n\n<p><strong>La vida de la \u00faltima reina<\/strong><\/p>\n\n\n\n<p>Catalina de Foix\n(1468-1517)parece ser que naci\u00f3 en Bearne, lugar donde tambi\u00e9n fue\nacogida en 1512, tras la toma de Pamplona por las tropas castellanas. Hija\nmenor de Gast\u00f3n de Foix, Pr\u00edncipe de Viana, y de Magdalena de Francia, hermana\nde Luis XI, la prematura muerte de su hermano mayor Francisco Febus (1483) la\nconvirti\u00f3 en reina de Navarra, bajo la tutela de su madre, la cual muri\u00f3 de\nforma repentina en Pau. Su t\u00edo Juan de Foix, segundo en orden de sucesi\u00f3n,\nampar\u00e1ndose en la Ley S\u00e1lica, le disput\u00f3 el trono entre 1483 a 1492, reanud\u00e1ndose\nla Guerra Civil de Navarra entre beaumonteses y agramonteses. Al cumplir los 16\na\u00f1os se cas\u00f3 con Juan de Albret (1484), con quien gobern\u00f3 y marc\u00f3 su impronta\nen la vida pamplonesa, fijando su residencia en la ciudad desde 1494, a\u00f1o en el\nque ambos fueron coronados en la Catedral.<\/p>\n\n\n\n<p>Las negociaciones\npara casar a su primog\u00e9nito Enrique, Pr\u00edncipe de Viana, con una hija de Luis\nXII de Francia fue uno de los argumentos que esgrimi\u00f3 Fernando el Cat\u00f3lico, en\nplena carrera por el control pol\u00edtico y econ\u00f3mico-militar de la porci\u00f3n de\ntierra navarra, para ordenar la entrada del Duque de Alba en Pamplona el 25 de\njulio de 1512.El 23 de\nmarzo de 1513, tras la ocupaci\u00f3n militar del reino, las Cortes de Navarra,\nreunidas en Pamplona proclamaron a Fernando el Cat\u00f3lico \u2018Rey de Navarra\u2019.\nPosteriormente, en 1515, en las Cortes de Burgos, sin presencia de ning\u00fan\nnavarro, se incorpor\u00f3 Navarra a la Corona de Castilla.<\/p>\n\n\n\n<p>Los Reyes Juan y\nCatalina residieron en sus posesiones patrimoniales del Bearne, y desde sus\nterritorios intentaron reconquistar en varias ocasiones el Reino de Navarra,\npero no fue posible. Juan III de Albret mor\u00eda el 17 de junio de 1516 y Catalina\nel 12 de febrero de 1517. Dispuso ser enterrada en la catedral de Lescar hasta\nque ella y su marido pudiesen ser trasladados a la catedral de Pamplona, hecho\nque a\u00fan no ha ocurrido.<\/p>\n","protected":false},"excerpt":{"rendered":"","protected":false},"author":1,"featured_media":17390,"comment_status":"open","ping_status":"closed","sticky":false,"template":"","format":"standard","meta":{"footnotes":""},"categories":[2],"tags":[],"class_list":["post-19718","post","type-post","status-publish","format-standard","has-post-thumbnail","hentry","category-ayuntamiento-pamplona"],"yoast_head":"<!-- This site is optimized with the Yoast SEO plugin v27.9 - https:\/\/yoast.com\/product\/yoast-seo-wordpress\/ -->\n<title>Catalina de Foix, la\u00faltima reina de Navarra, protagonizar\u00e1 la conferencia de ma\u00f1ana mi\u00e9rcoles enCondestable del historiador Aitor Pescador<\/title>\n<meta name=\"robots\" content=\"index, follow, max-snippet:-1, max-image-preview:large, max-video-preview:-1\" \/>\n<link rel=\"canonical\" href=\"https:\/\/www.laguiadepamplona.com\/actualidad\/catalina-de-foix-laultima-reina-de-navarra-protagonizara-la-conferencia-de-manana-miercoles-encondestable-del-historiador-aitor-pescador\/\" \/>\n<meta property=\"og:locale\" content=\"es_ES\" \/>\n<meta property=\"og:type\" content=\"article\" \/>\n<meta property=\"og:title\" content=\"Catalina de Foix, la\u00faltima reina de Navarra, protagonizar\u00e1 la conferencia de ma\u00f1ana mi\u00e9rcoles enCondestable del historiador Aitor Pescador\" \/>\n<meta property=\"og:url\" content=\"https:\/\/www.laguiadepamplona.com\/actualidad\/catalina-de-foix-laultima-reina-de-navarra-protagonizara-la-conferencia-de-manana-miercoles-encondestable-del-historiador-aitor-pescador\/\" \/>\n<meta property=\"og:site_name\" content=\"La Gu\u00eda de Pamplona Noticias y actualidad\" \/>\n<meta property=\"article:publisher\" content=\"https:\/\/www.facebook.com\/laguiadepamplonacom-133175176762273\/?ref=hl\" \/>\n<meta property=\"article:published_time\" content=\"2018-12-11T15:23:57+00:00\" \/>\n<meta property=\"article:modified_time\" content=\"2018-12-11T15:24:01+00:00\" \/>\n<meta property=\"og:image\" content=\"https:\/\/www.laguiadepamplona.com\/actualidad\/wp-content\/uploads\/2018\/05\/palacio-condestable.jpg\" \/>\n\t<meta property=\"og:image:width\" content=\"950\" \/>\n\t<meta property=\"og:image:height\" content=\"634\" \/>\n\t<meta property=\"og:image:type\" content=\"image\/jpeg\" \/>\n<meta name=\"author\" content=\"La Gu\u00eda de Pamplona\" \/>\n<meta name=\"twitter:card\" content=\"summary_large_image\" \/>\n<meta name=\"twitter:creator\" content=\"@LaGuiadPamplona\" \/>\n<meta name=\"twitter:site\" content=\"@LaGuiadPamplona\" \/>\n<meta name=\"twitter:label1\" content=\"Escrito por\" \/>\n\t<meta name=\"twitter:data1\" content=\"La Gu\u00eda de Pamplona\" \/>\n\t<meta name=\"twitter:label2\" content=\"Tiempo de lectura\" \/>\n\t<meta name=\"twitter:data2\" content=\"3 minutos\" \/>\n<script type=\"application\/ld+json\" class=\"yoast-schema-graph\">{\"@context\":\"https:\\\/\\\/schema.org\",\"@graph\":[{\"@type\":\"Article\",\"@id\":\"https:\\\/\\\/www.laguiadepamplona.com\\\/actualidad\\\/catalina-de-foix-laultima-reina-de-navarra-protagonizara-la-conferencia-de-manana-miercoles-encondestable-del-historiador-aitor-pescador\\\/#article\",\"isPartOf\":{\"@id\":\"https:\\\/\\\/www.laguiadepamplona.com\\\/actualidad\\\/catalina-de-foix-laultima-reina-de-navarra-protagonizara-la-conferencia-de-manana-miercoles-encondestable-del-historiador-aitor-pescador\\\/\"},\"author\":{\"name\":\"La Gu\u00eda de Pamplona\",\"@id\":\"https:\\\/\\\/www.laguiadepamplona.com\\\/actualidad\\\/#\\\/schema\\\/person\\\/efe887376f0213d4657c93adc50b1fdb\"},\"headline\":\"Catalina de Foix, la\u00faltima reina de Navarra, protagonizar\u00e1 la conferencia de ma\u00f1ana mi\u00e9rcoles enCondestable del historiador Aitor Pescador\",\"datePublished\":\"2018-12-11T15:23:57+00:00\",\"dateModified\":\"2018-12-11T15:24:01+00:00\",\"mainEntityOfPage\":{\"@id\":\"https:\\\/\\\/www.laguiadepamplona.com\\\/actualidad\\\/catalina-de-foix-laultima-reina-de-navarra-protagonizara-la-conferencia-de-manana-miercoles-encondestable-del-historiador-aitor-pescador\\\/\"},\"wordCount\":657,\"commentCount\":0,\"publisher\":{\"@id\":\"https:\\\/\\\/www.laguiadepamplona.com\\\/actualidad\\\/#organization\"},\"image\":{\"@id\":\"https:\\\/\\\/www.laguiadepamplona.com\\\/actualidad\\\/catalina-de-foix-laultima-reina-de-navarra-protagonizara-la-conferencia-de-manana-miercoles-encondestable-del-historiador-aitor-pescador\\\/#primaryimage\"},\"thumbnailUrl\":\"https:\\\/\\\/www.laguiadepamplona.com\\\/actualidad\\\/wp-content\\\/uploads\\\/2018\\\/05\\\/palacio-condestable.jpg\",\"articleSection\":[\"Ayto Pamplona\"],\"inLanguage\":\"es\",\"potentialAction\":[{\"@type\":\"CommentAction\",\"name\":\"Comment\",\"target\":[\"https:\\\/\\\/www.laguiadepamplona.com\\\/actualidad\\\/catalina-de-foix-laultima-reina-de-navarra-protagonizara-la-conferencia-de-manana-miercoles-encondestable-del-historiador-aitor-pescador\\\/#respond\"]}]},{\"@type\":\"WebPage\",\"@id\":\"https:\\\/\\\/www.laguiadepamplona.com\\\/actualidad\\\/catalina-de-foix-laultima-reina-de-navarra-protagonizara-la-conferencia-de-manana-miercoles-encondestable-del-historiador-aitor-pescador\\\/\",\"url\":\"https:\\\/\\\/www.laguiadepamplona.com\\\/actualidad\\\/catalina-de-foix-laultima-reina-de-navarra-protagonizara-la-conferencia-de-manana-miercoles-encondestable-del-historiador-aitor-pescador\\\/\",\"name\":\"Catalina de Foix, la\u00faltima reina de Navarra, protagonizar\u00e1 la conferencia de ma\u00f1ana mi\u00e9rcoles enCondestable del historiador Aitor Pescador\",\"isPartOf\":{\"@id\":\"https:\\\/\\\/www.laguiadepamplona.com\\\/actualidad\\\/#website\"},\"primaryImageOfPage\":{\"@id\":\"https:\\\/\\\/www.laguiadepamplona.com\\\/actualidad\\\/catalina-de-foix-laultima-reina-de-navarra-protagonizara-la-conferencia-de-manana-miercoles-encondestable-del-historiador-aitor-pescador\\\/#primaryimage\"},\"image\":{\"@id\":\"https:\\\/\\\/www.laguiadepamplona.com\\\/actualidad\\\/catalina-de-foix-laultima-reina-de-navarra-protagonizara-la-conferencia-de-manana-miercoles-encondestable-del-historiador-aitor-pescador\\\/#primaryimage\"},\"thumbnailUrl\":\"https:\\\/\\\/www.laguiadepamplona.com\\\/actualidad\\\/wp-content\\\/uploads\\\/2018\\\/05\\\/palacio-condestable.jpg\",\"datePublished\":\"2018-12-11T15:23:57+00:00\",\"dateModified\":\"2018-12-11T15:24:01+00:00\",\"breadcrumb\":{\"@id\":\"https:\\\/\\\/www.laguiadepamplona.com\\\/actualidad\\\/catalina-de-foix-laultima-reina-de-navarra-protagonizara-la-conferencia-de-manana-miercoles-encondestable-del-historiador-aitor-pescador\\\/#breadcrumb\"},\"inLanguage\":\"es\",\"potentialAction\":[{\"@type\":\"ReadAction\",\"target\":[\"https:\\\/\\\/www.laguiadepamplona.com\\\/actualidad\\\/catalina-de-foix-laultima-reina-de-navarra-protagonizara-la-conferencia-de-manana-miercoles-encondestable-del-historiador-aitor-pescador\\\/\"]}]},{\"@type\":\"ImageObject\",\"inLanguage\":\"es\",\"@id\":\"https:\\\/\\\/www.laguiadepamplona.com\\\/actualidad\\\/catalina-de-foix-laultima-reina-de-navarra-protagonizara-la-conferencia-de-manana-miercoles-encondestable-del-historiador-aitor-pescador\\\/#primaryimage\",\"url\":\"https:\\\/\\\/www.laguiadepamplona.com\\\/actualidad\\\/wp-content\\\/uploads\\\/2018\\\/05\\\/palacio-condestable.jpg\",\"contentUrl\":\"https:\\\/\\\/www.laguiadepamplona.com\\\/actualidad\\\/wp-content\\\/uploads\\\/2018\\\/05\\\/palacio-condestable.jpg\",\"width\":950,\"height\":634,\"caption\":\"civivox condestable\"},{\"@type\":\"BreadcrumbList\",\"@id\":\"https:\\\/\\\/www.laguiadepamplona.com\\\/actualidad\\\/catalina-de-foix-laultima-reina-de-navarra-protagonizara-la-conferencia-de-manana-miercoles-encondestable-del-historiador-aitor-pescador\\\/#breadcrumb\",\"itemListElement\":[{\"@type\":\"ListItem\",\"position\":1,\"name\":\"Portada\",\"item\":\"https:\\\/\\\/www.laguiadepamplona.com\\\/actualidad\\\/\"},{\"@type\":\"ListItem\",\"position\":2,\"name\":\"Catalina de Foix, la\u00faltima reina de Navarra, protagonizar\u00e1 la conferencia de ma\u00f1ana mi\u00e9rcoles enCondestable del historiador Aitor Pescador\"}]},{\"@type\":\"WebSite\",\"@id\":\"https:\\\/\\\/www.laguiadepamplona.com\\\/actualidad\\\/#website\",\"url\":\"https:\\\/\\\/www.laguiadepamplona.com\\\/actualidad\\\/\",\"name\":\"La gu\u00eda de Pamplona\",\"description\":\"Noticias de Pamplona\",\"publisher\":{\"@id\":\"https:\\\/\\\/www.laguiadepamplona.com\\\/actualidad\\\/#organization\"},\"potentialAction\":[{\"@type\":\"SearchAction\",\"target\":{\"@type\":\"EntryPoint\",\"urlTemplate\":\"https:\\\/\\\/www.laguiadepamplona.com\\\/actualidad\\\/?s={search_term_string}\"},\"query-input\":{\"@type\":\"PropertyValueSpecification\",\"valueRequired\":true,\"valueName\":\"search_term_string\"}}],\"inLanguage\":\"es\"},{\"@type\":\"Organization\",\"@id\":\"https:\\\/\\\/www.laguiadepamplona.com\\\/actualidad\\\/#organization\",\"name\":\"La Gu\u00eda de Pamplona \\\/ Noticias\",\"url\":\"https:\\\/\\\/www.laguiadepamplona.com\\\/actualidad\\\/\",\"logo\":{\"@type\":\"ImageObject\",\"inLanguage\":\"es\",\"@id\":\"https:\\\/\\\/www.laguiadepamplona.com\\\/actualidad\\\/#\\\/schema\\\/logo\\\/image\\\/\",\"url\":\"https:\\\/\\\/www.laguiadepamplona.com\\\/actualidad\\\/wp-content\\\/uploads\\\/2018\\\/11\\\/logo-laguiadepamplona18-web1.png\",\"contentUrl\":\"https:\\\/\\\/www.laguiadepamplona.com\\\/actualidad\\\/wp-content\\\/uploads\\\/2018\\\/11\\\/logo-laguiadepamplona18-web1.png\",\"width\":600,\"height\":196,\"caption\":\"La Gu\u00eda de Pamplona \\\/ Noticias\"},\"image\":{\"@id\":\"https:\\\/\\\/www.laguiadepamplona.com\\\/actualidad\\\/#\\\/schema\\\/logo\\\/image\\\/\"},\"sameAs\":[\"https:\\\/\\\/www.facebook.com\\\/laguiadepamplonacom-133175176762273\\\/?ref=hl\",\"https:\\\/\\\/x.com\\\/LaGuiadPamplona\",\"https:\\\/\\\/www.instagram.com\\\/la_guia_de_pamplona\\\/\",\"https:\\\/\\\/www.youtube.com\\\/user\\\/laguiadepamplona\"]},{\"@type\":\"Person\",\"@id\":\"https:\\\/\\\/www.laguiadepamplona.com\\\/actualidad\\\/#\\\/schema\\\/person\\\/efe887376f0213d4657c93adc50b1fdb\",\"name\":\"La Gu\u00eda de Pamplona\",\"image\":{\"@type\":\"ImageObject\",\"inLanguage\":\"es\",\"@id\":\"https:\\\/\\\/secure.gravatar.com\\\/avatar\\\/b6992f131dc8d30ab0dff15446e9d346d9dbd95992de0fef795073f5ea83a81c?s=96&d=mm&r=g\",\"url\":\"https:\\\/\\\/secure.gravatar.com\\\/avatar\\\/b6992f131dc8d30ab0dff15446e9d346d9dbd95992de0fef795073f5ea83a81c?s=96&d=mm&r=g\",\"contentUrl\":\"https:\\\/\\\/secure.gravatar.com\\\/avatar\\\/b6992f131dc8d30ab0dff15446e9d346d9dbd95992de0fef795073f5ea83a81c?s=96&d=mm&r=g\",\"caption\":\"La Gu\u00eda de Pamplona\"}}]}<\/script>\n<!-- \/ Yoast SEO plugin. -->","yoast_head_json":{"title":"Catalina de Foix, la\u00faltima reina de Navarra, protagonizar\u00e1 la conferencia de ma\u00f1ana mi\u00e9rcoles enCondestable del historiador Aitor Pescador","robots":{"index":"index","follow":"follow","max-snippet":"max-snippet:-1","max-image-preview":"max-image-preview:large","max-video-preview":"max-video-preview:-1"},"canonical":"https:\/\/www.laguiadepamplona.com\/actualidad\/catalina-de-foix-laultima-reina-de-navarra-protagonizara-la-conferencia-de-manana-miercoles-encondestable-del-historiador-aitor-pescador\/","og_locale":"es_ES","og_type":"article","og_title":"Catalina de Foix, la\u00faltima reina de Navarra, protagonizar\u00e1 la conferencia de ma\u00f1ana mi\u00e9rcoles enCondestable del historiador Aitor Pescador","og_url":"https:\/\/www.laguiadepamplona.com\/actualidad\/catalina-de-foix-laultima-reina-de-navarra-protagonizara-la-conferencia-de-manana-miercoles-encondestable-del-historiador-aitor-pescador\/","og_site_name":"La Gu\u00eda de Pamplona Noticias y actualidad","article_publisher":"https:\/\/www.facebook.com\/laguiadepamplonacom-133175176762273\/?ref=hl","article_published_time":"2018-12-11T15:23:57+00:00","article_modified_time":"2018-12-11T15:24:01+00:00","og_image":[{"width":950,"height":634,"url":"https:\/\/www.laguiadepamplona.com\/actualidad\/wp-content\/uploads\/2018\/05\/palacio-condestable.jpg","type":"image\/jpeg"}],"author":"La Gu\u00eda de Pamplona","twitter_card":"summary_large_image","twitter_creator":"@LaGuiadPamplona","twitter_site":"@LaGuiadPamplona","twitter_misc":{"Escrito por":"La Gu\u00eda de Pamplona","Tiempo de lectura":"3 minutos"},"schema":{"@context":"https:\/\/schema.org","@graph":[{"@type":"Article","@id":"https:\/\/www.laguiadepamplona.com\/actualidad\/catalina-de-foix-laultima-reina-de-navarra-protagonizara-la-conferencia-de-manana-miercoles-encondestable-del-historiador-aitor-pescador\/#article","isPartOf":{"@id":"https:\/\/www.laguiadepamplona.com\/actualidad\/catalina-de-foix-laultima-reina-de-navarra-protagonizara-la-conferencia-de-manana-miercoles-encondestable-del-historiador-aitor-pescador\/"},"author":{"name":"La Gu\u00eda de Pamplona","@id":"https:\/\/www.laguiadepamplona.com\/actualidad\/#\/schema\/person\/efe887376f0213d4657c93adc50b1fdb"},"headline":"Catalina de Foix, la\u00faltima reina de Navarra, protagonizar\u00e1 la conferencia de ma\u00f1ana mi\u00e9rcoles enCondestable del historiador Aitor Pescador","datePublished":"2018-12-11T15:23:57+00:00","dateModified":"2018-12-11T15:24:01+00:00","mainEntityOfPage":{"@id":"https:\/\/www.laguiadepamplona.com\/actualidad\/catalina-de-foix-laultima-reina-de-navarra-protagonizara-la-conferencia-de-manana-miercoles-encondestable-del-historiador-aitor-pescador\/"},"wordCount":657,"commentCount":0,"publisher":{"@id":"https:\/\/www.laguiadepamplona.com\/actualidad\/#organization"},"image":{"@id":"https:\/\/www.laguiadepamplona.com\/actualidad\/catalina-de-foix-laultima-reina-de-navarra-protagonizara-la-conferencia-de-manana-miercoles-encondestable-del-historiador-aitor-pescador\/#primaryimage"},"thumbnailUrl":"https:\/\/www.laguiadepamplona.com\/actualidad\/wp-content\/uploads\/2018\/05\/palacio-condestable.jpg","articleSection":["Ayto Pamplona"],"inLanguage":"es","potentialAction":[{"@type":"CommentAction","name":"Comment","target":["https:\/\/www.laguiadepamplona.com\/actualidad\/catalina-de-foix-laultima-reina-de-navarra-protagonizara-la-conferencia-de-manana-miercoles-encondestable-del-historiador-aitor-pescador\/#respond"]}]},{"@type":"WebPage","@id":"https:\/\/www.laguiadepamplona.com\/actualidad\/catalina-de-foix-laultima-reina-de-navarra-protagonizara-la-conferencia-de-manana-miercoles-encondestable-del-historiador-aitor-pescador\/","url":"https:\/\/www.laguiadepamplona.com\/actualidad\/catalina-de-foix-laultima-reina-de-navarra-protagonizara-la-conferencia-de-manana-miercoles-encondestable-del-historiador-aitor-pescador\/","name":"Catalina de Foix, la\u00faltima reina de Navarra, protagonizar\u00e1 la conferencia de ma\u00f1ana mi\u00e9rcoles enCondestable del historiador Aitor Pescador","isPartOf":{"@id":"https:\/\/www.laguiadepamplona.com\/actualidad\/#website"},"primaryImageOfPage":{"@id":"https:\/\/www.laguiadepamplona.com\/actualidad\/catalina-de-foix-laultima-reina-de-navarra-protagonizara-la-conferencia-de-manana-miercoles-encondestable-del-historiador-aitor-pescador\/#primaryimage"},"image":{"@id":"https:\/\/www.laguiadepamplona.com\/actualidad\/catalina-de-foix-laultima-reina-de-navarra-protagonizara-la-conferencia-de-manana-miercoles-encondestable-del-historiador-aitor-pescador\/#primaryimage"},"thumbnailUrl":"https:\/\/www.laguiadepamplona.com\/actualidad\/wp-content\/uploads\/2018\/05\/palacio-condestable.jpg","datePublished":"2018-12-11T15:23:57+00:00","dateModified":"2018-12-11T15:24:01+00:00","breadcrumb":{"@id":"https:\/\/www.laguiadepamplona.com\/actualidad\/catalina-de-foix-laultima-reina-de-navarra-protagonizara-la-conferencia-de-manana-miercoles-encondestable-del-historiador-aitor-pescador\/#breadcrumb"},"inLanguage":"es","potentialAction":[{"@type":"ReadAction","target":["https:\/\/www.laguiadepamplona.com\/actualidad\/catalina-de-foix-laultima-reina-de-navarra-protagonizara-la-conferencia-de-manana-miercoles-encondestable-del-historiador-aitor-pescador\/"]}]},{"@type":"ImageObject","inLanguage":"es","@id":"https:\/\/www.laguiadepamplona.com\/actualidad\/catalina-de-foix-laultima-reina-de-navarra-protagonizara-la-conferencia-de-manana-miercoles-encondestable-del-historiador-aitor-pescador\/#primaryimage","url":"https:\/\/www.laguiadepamplona.com\/actualidad\/wp-content\/uploads\/2018\/05\/palacio-condestable.jpg","contentUrl":"https:\/\/www.laguiadepamplona.com\/actualidad\/wp-content\/uploads\/2018\/05\/palacio-condestable.jpg","width":950,"height":634,"caption":"civivox condestable"},{"@type":"BreadcrumbList","@id":"https:\/\/www.laguiadepamplona.com\/actualidad\/catalina-de-foix-laultima-reina-de-navarra-protagonizara-la-conferencia-de-manana-miercoles-encondestable-del-historiador-aitor-pescador\/#breadcrumb","itemListElement":[{"@type":"ListItem","position":1,"name":"Portada","item":"https:\/\/www.laguiadepamplona.com\/actualidad\/"},{"@type":"ListItem","position":2,"name":"Catalina de Foix, la\u00faltima reina de Navarra, protagonizar\u00e1 la conferencia de ma\u00f1ana mi\u00e9rcoles enCondestable del historiador Aitor Pescador"}]},{"@type":"WebSite","@id":"https:\/\/www.laguiadepamplona.com\/actualidad\/#website","url":"https:\/\/www.laguiadepamplona.com\/actualidad\/","name":"La gu\u00eda de Pamplona","description":"Noticias de Pamplona","publisher":{"@id":"https:\/\/www.laguiadepamplona.com\/actualidad\/#organization"},"potentialAction":[{"@type":"SearchAction","target":{"@type":"EntryPoint","urlTemplate":"https:\/\/www.laguiadepamplona.com\/actualidad\/?s={search_term_string}"},"query-input":{"@type":"PropertyValueSpecification","valueRequired":true,"valueName":"search_term_string"}}],"inLanguage":"es"},{"@type":"Organization","@id":"https:\/\/www.laguiadepamplona.com\/actualidad\/#organization","name":"La Gu\u00eda de Pamplona \/ Noticias","url":"https:\/\/www.laguiadepamplona.com\/actualidad\/","logo":{"@type":"ImageObject","inLanguage":"es","@id":"https:\/\/www.laguiadepamplona.com\/actualidad\/#\/schema\/logo\/image\/","url":"https:\/\/www.laguiadepamplona.com\/actualidad\/wp-content\/uploads\/2018\/11\/logo-laguiadepamplona18-web1.png","contentUrl":"https:\/\/www.laguiadepamplona.com\/actualidad\/wp-content\/uploads\/2018\/11\/logo-laguiadepamplona18-web1.png","width":600,"height":196,"caption":"La Gu\u00eda de Pamplona \/ Noticias"},"image":{"@id":"https:\/\/www.laguiadepamplona.com\/actualidad\/#\/schema\/logo\/image\/"},"sameAs":["https:\/\/www.facebook.com\/laguiadepamplonacom-133175176762273\/?ref=hl","https:\/\/x.com\/LaGuiadPamplona","https:\/\/www.instagram.com\/la_guia_de_pamplona\/","https:\/\/www.youtube.com\/user\/laguiadepamplona"]},{"@type":"Person","@id":"https:\/\/www.laguiadepamplona.com\/actualidad\/#\/schema\/person\/efe887376f0213d4657c93adc50b1fdb","name":"La Gu\u00eda de Pamplona","image":{"@type":"ImageObject","inLanguage":"es","@id":"https:\/\/secure.gravatar.com\/avatar\/b6992f131dc8d30ab0dff15446e9d346d9dbd95992de0fef795073f5ea83a81c?s=96&d=mm&r=g","url":"https:\/\/secure.gravatar.com\/avatar\/b6992f131dc8d30ab0dff15446e9d346d9dbd95992de0fef795073f5ea83a81c?s=96&d=mm&r=g","contentUrl":"https:\/\/secure.gravatar.com\/avatar\/b6992f131dc8d30ab0dff15446e9d346d9dbd95992de0fef795073f5ea83a81c?s=96&d=mm&r=g","caption":"La Gu\u00eda de Pamplona"}}]}},"post_mailing_queue_ids":[],"_links":{"self":[{"href":"https:\/\/www.laguiadepamplona.com\/actualidad\/wp-json\/wp\/v2\/posts\/19718","targetHints":{"allow":["GET"]}}],"collection":[{"href":"https:\/\/www.laguiadepamplona.com\/actualidad\/wp-json\/wp\/v2\/posts"}],"about":[{"href":"https:\/\/www.laguiadepamplona.com\/actualidad\/wp-json\/wp\/v2\/types\/post"}],"author":[{"embeddable":true,"href":"https:\/\/www.laguiadepamplona.com\/actualidad\/wp-json\/wp\/v2\/users\/1"}],"replies":[{"embeddable":true,"href":"https:\/\/www.laguiadepamplona.com\/actualidad\/wp-json\/wp\/v2\/comments?post=19718"}],"version-history":[{"count":0,"href":"https:\/\/www.laguiadepamplona.com\/actualidad\/wp-json\/wp\/v2\/posts\/19718\/revisions"}],"wp:featuredmedia":[{"embeddable":true,"href":"https:\/\/www.laguiadepamplona.com\/actualidad\/wp-json\/wp\/v2\/media\/17390"}],"wp:attachment":[{"href":"https:\/\/www.laguiadepamplona.com\/actualidad\/wp-json\/wp\/v2\/media?parent=19718"}],"wp:term":[{"taxonomy":"category","embeddable":true,"href":"https:\/\/www.laguiadepamplona.com\/actualidad\/wp-json\/wp\/v2\/categories?post=19718"},{"taxonomy":"post_tag","embeddable":true,"href":"https:\/\/www.laguiadepamplona.com\/actualidad\/wp-json\/wp\/v2\/tags?post=19718"}],"curies":[{"name":"wp","href":"https:\/\/api.w.org\/{rel}","templated":true}]}}