{"id":19710,"date":"2018-12-10T17:39:55","date_gmt":"2018-12-10T15:39:55","guid":{"rendered":"https:\/\/www.laguiadepamplona.es\/actualidad\/?p=19710"},"modified":"2018-12-10T17:39:59","modified_gmt":"2018-12-10T15:39:59","slug":"la-avenida-del-ejercito-pasara-a-denominarse-avenida-de-catalina-de-foix-en-honor-a-la-ultima-reina-de-navarra-que-ocupo-el-trono-entre-1483-y-1517","status":"publish","type":"post","link":"https:\/\/www.laguiadepamplona.com\/actualidad\/la-avenida-del-ejercito-pasara-a-denominarse-avenida-de-catalina-de-foix-en-honor-a-la-ultima-reina-de-navarra-que-ocupo-el-trono-entre-1483-y-1517\/","title":{"rendered":"La avenida del Ej\u00e9rcito pasar\u00e1 a denominarse \u2018Avenida de Catalina de Foix\u2019 en honor a la \u00faltima reina de Navarra que ocup\u00f3 el trono entre 1483 y 1517"},"content":{"rendered":"\n<!--more-->\n\n\n\n<h3 class=\"wp-block-heading\">Se cambia tambi\u00e9n el nombre \u2018Ronda Catalina de Foix\u2019 por\u2018Ronda de la Real Canciller\u00eda\u2019 teniendo en cuenta que est\u00e1 junto al Palac\u00edo Real<\/h3>\n\n\n\n<p>Catalina de Foix, \u00faltima reina de Navarra y que ocup\u00f3 el trono entre 1483 y 1517 con el nombre de Catalina I de Navarra, ver\u00e1 reconocida su figura con una de las avenidas principales de Pamplona. A partir de marzo, la avenida del Ej\u00e9rcito pasar\u00e1 a denominarse \u2018Avenida de Catalina de Foix\u2019, tal y como se ha informado hoy en la Junta de Portavoces. Asimismo, se cambiar\u00e1 el nombre \u2018Ronda Catalinade Foix\u2019 por \u2018Ronda de la Real Canciller\u00eda\u2019. De esta manera, Pamplona contin\u00faa visibilizando a mujeres relevantes en el callejero de la ciudad para equilibrar el nomencl\u00e1tor de la ciudad que ya cuenta con el nombre de su esposo Juan de Albret desde 1923. El nombre ser\u00e1 oficial dentro de tres meses, plazo durante el cual el vecindario podr\u00e1 realizar los cambios administrativos pertinentes para adecuarse a la nueva denominaci\u00f3n.<\/p>\n\n\n\n<p>Para dar a conocerla importancia hist\u00f3rica de Catalina de Foix, a quien la historiograf\u00eda la considera mujer de gran talento y energ\u00eda, el Ayuntamiento de Pamplona ha organizado una conferencia en el Sal\u00f3n de Actos de Palacio Condestable este mi\u00e9rcoles 12 de diciembre a las 19 horas con el historiador Aitor Pescador,bajo el t\u00edtulo \u2018Catalina I de Navarra. Memoria e identidad\u2019.<\/p>\n\n\n\n<p><strong>Mujer que marc\u00f3 su impronta en la vida de Pamplona<\/strong><\/p>\n\n\n\n<p>La vida de Catalinade Foix (1468-1517)est\u00e1 tambi\u00e9n \u00edntimamente unida a la Baja Navarra tal y como se\u00f1ala el informe elaborado por la archivera municipal. Parece ser que naci\u00f3 en Bearne, lugar donde tambi\u00e9n fue acogida en 1512, tras la toma de Pamplona por las tropas castellanas. Hija menor de Gast\u00f3n de Foix, Pr\u00edncipe de Viana, y de Magdalena de Francia, hermana de Luis XI, la prematura muerte de su hermano mayor Francisco Febus (1483) la convirti\u00f3 en reina de Navarra, bajo la tutela de su madre, la cual muri\u00f3 de forma repentina en Pau. Su t\u00edo Juan de Foix, segundo en orden de sucesi\u00f3n, ampar\u00e1ndose en la Ley S\u00e1lica, le disput\u00f3 el trono entre 1483 a 1492, reanud\u00e1ndose la Guerra Civil de Navarra entre beaumonteses y agramonteses. Al cumplir los 16 a\u00f1os se cas\u00f3 con Juan de Albret(1484), con quien gobern\u00f3 y marc\u00f3 su impronta en la vida pamplonesa, fijando suresidencia en la ciudad desde 1494, a\u00f1o en el que ambos fueron coronados en la Catedral.<\/p>\n\n\n\n<p>Bajo su reinado seintent\u00f3 la reforma y modernizaci\u00f3n de la administraci\u00f3n con objeto de reforzarla corona, aunque fracas\u00f3 en su intento debido a la oposici\u00f3n de las familias m\u00e1s influyentes celosas de sus privilegios.Las negociaciones para casar a su primog\u00e9nito Enrique, Pr\u00edncipe de Viana, con una hija de Luis XII de Francia fue uno de los argumentos que esgrimi\u00f3 Fernando el Cat\u00f3lico, en plena carrera por el control pol\u00edtico y econ\u00f3mico-militar de la porci\u00f3n de tierra navarra, para ordenar la entrada del Duque de Alba en Pamplona el 25 de julio de 1512.<\/p>\n\n\n\n<p>La familia realabandon\u00f3 la ciudad por la puerta de San Lorenzo buscando refugio en susdominios franceses (Bearne y Mars\u00e1n). Por esa misma puerta entraron desde Huarte Araquil las tropas de Fernando el Cat\u00f3lico marcando para el reino navarro el f\u00edn de una \u00e9poca. El 23 de marzo de 1513, tras la ocupaci\u00f3n militar del reino, las Cortes de Navarra, reunidas en Pamplona proclamaron a Fernando el Cat\u00f3lico \u2018Rey de Navarra\u2019. Posteriormente, en 1515, en las Cortes de Burgos,sin presencia de ning\u00fan navarro, se incorpor\u00f3 Navarra a la Corona de Castilla.<\/p>\n\n\n\n<p>Los Reyes Juan y Catalina residieron en sus posesiones patrimoniales del Bearne, y desde sus territorios intentaron reconquistar en varias ocasiones el Reino de Navarra,pero no fue posible. Juan III de Albret mor\u00eda el 17 de junio de 1516 y Catalina el 12 de febrero de 1517. Dispuso ser enterrada en la catedral de Lescar hasta que ella y su marido pudiesen ser trasladados a la catedral de Pamplona, hecho que a\u00fan no ha ocurrido. <\/p>\n\n\n\n<p><strong>\u2018Ronda de Canciller\u00eda\u2019 junto al Palacio Real hoy Archivo General<\/strong><\/p>\n\n\n\n<p>En la misma Junta de Portavoces se ha dado a conocer el cambio de nombre de \u2018Ronda Catalina de Foix\u2019 por \u2018Ronda de la Real Canciller\u00eda\u2019. Para ello se ha tenido en cuenta que el vial est\u00e1 junto al Palacio Real, hoy Archivo General. La construcci\u00f3n de dicho palacio la inici\u00f3 Sancho VI el Sabio, primer rey que se intitula como \u00abRex Navarre\u00bb-hasta ese momento los reyes se denominaban \u00abde Pamplona\u00bb- y dota al reino de un moderno sistema administrativo. Entre las funciones importantes dela administraci\u00f3n real se encuentra la de la expedici\u00f3n y control de los documentos, desarrollada por la Canciller\u00eda Real, sita en la sede real. Hoy ese lugar es la sede del Archivo Real de Navarra, custodio de los documentos producidos por la instituci\u00f3n real, tal y como recoge el informe del Archivo Municipal.<\/p>\n","protected":false},"excerpt":{"rendered":"","protected":false},"author":1,"featured_media":17600,"comment_status":"open","ping_status":"closed","sticky":false,"template":"","format":"standard","meta":{"footnotes":""},"categories":[2],"tags":[],"class_list":["post-19710","post","type-post","status-publish","format-standard","has-post-thumbnail","hentry","category-ayuntamiento-pamplona"],"yoast_head":"<!-- This site is optimized with the Yoast SEO plugin v27.3 - https:\/\/yoast.com\/product\/yoast-seo-wordpress\/ -->\n<title>La avenida del Ej\u00e9rcito pasar\u00e1 a denominarse \u2018Avenida de Catalina de Foix\u2019 en honor a la \u00faltima reina de Navarra que ocup\u00f3 el trono entre 1483 y 1517<\/title>\n<meta name=\"robots\" content=\"index, follow, max-snippet:-1, max-image-preview:large, max-video-preview:-1\" \/>\n<link rel=\"canonical\" href=\"https:\/\/www.laguiadepamplona.com\/actualidad\/la-avenida-del-ejercito-pasara-a-denominarse-avenida-de-catalina-de-foix-en-honor-a-la-ultima-reina-de-navarra-que-ocupo-el-trono-entre-1483-y-1517\/\" \/>\n<meta property=\"og:locale\" content=\"es_ES\" \/>\n<meta property=\"og:type\" content=\"article\" \/>\n<meta property=\"og:title\" content=\"La avenida del Ej\u00e9rcito pasar\u00e1 a denominarse \u2018Avenida de Catalina de Foix\u2019 en honor a la \u00faltima reina de Navarra que ocup\u00f3 el trono entre 1483 y 1517\" \/>\n<meta property=\"og:url\" content=\"https:\/\/www.laguiadepamplona.com\/actualidad\/la-avenida-del-ejercito-pasara-a-denominarse-avenida-de-catalina-de-foix-en-honor-a-la-ultima-reina-de-navarra-que-ocupo-el-trono-entre-1483-y-1517\/\" \/>\n<meta property=\"og:site_name\" content=\"La Gu\u00eda de Pamplona\" \/>\n<meta property=\"article:publisher\" content=\"https:\/\/www.facebook.com\/laguiadepamplonacom-133175176762273\/?ref=hl\" \/>\n<meta property=\"article:published_time\" content=\"2018-12-10T15:39:55+00:00\" \/>\n<meta property=\"article:modified_time\" content=\"2018-12-10T15:39:59+00:00\" \/>\n<meta property=\"og:image\" content=\"https:\/\/www.laguiadepamplona.com\/actualidad\/wp-content\/uploads\/2018\/05\/ayto-pamplona-3.jpg\" \/>\n\t<meta property=\"og:image:width\" content=\"1000\" \/>\n\t<meta property=\"og:image:height\" content=\"555\" \/>\n\t<meta property=\"og:image:type\" content=\"image\/jpeg\" \/>\n<meta name=\"author\" content=\"La Gu\u00eda de Pamplona\" \/>\n<meta name=\"twitter:card\" content=\"summary_large_image\" \/>\n<meta name=\"twitter:creator\" content=\"@LaGuiadPamplona\" \/>\n<meta name=\"twitter:site\" content=\"@LaGuiadPamplona\" \/>\n<meta name=\"twitter:label1\" content=\"Escrito por\" \/>\n\t<meta name=\"twitter:data1\" content=\"La Gu\u00eda de Pamplona\" \/>\n\t<meta name=\"twitter:label2\" content=\"Tiempo de lectura\" \/>\n\t<meta name=\"twitter:data2\" content=\"4 minutos\" \/>\n<script type=\"application\/ld+json\" class=\"yoast-schema-graph\">{\"@context\":\"https:\\\/\\\/schema.org\",\"@graph\":[{\"@type\":\"Article\",\"@id\":\"https:\\\/\\\/www.laguiadepamplona.com\\\/actualidad\\\/la-avenida-del-ejercito-pasara-a-denominarse-avenida-de-catalina-de-foix-en-honor-a-la-ultima-reina-de-navarra-que-ocupo-el-trono-entre-1483-y-1517\\\/#article\",\"isPartOf\":{\"@id\":\"https:\\\/\\\/www.laguiadepamplona.com\\\/actualidad\\\/la-avenida-del-ejercito-pasara-a-denominarse-avenida-de-catalina-de-foix-en-honor-a-la-ultima-reina-de-navarra-que-ocupo-el-trono-entre-1483-y-1517\\\/\"},\"author\":{\"name\":\"La Gu\u00eda de Pamplona\",\"@id\":\"https:\\\/\\\/www.laguiadepamplona.com\\\/actualidad\\\/#\\\/schema\\\/person\\\/efe887376f0213d4657c93adc50b1fdb\"},\"headline\":\"La avenida del Ej\u00e9rcito pasar\u00e1 a denominarse \u2018Avenida de Catalina de Foix\u2019 en honor a la \u00faltima reina de Navarra que ocup\u00f3 el trono entre 1483 y 1517\",\"datePublished\":\"2018-12-10T15:39:55+00:00\",\"dateModified\":\"2018-12-10T15:39:59+00:00\",\"mainEntityOfPage\":{\"@id\":\"https:\\\/\\\/www.laguiadepamplona.com\\\/actualidad\\\/la-avenida-del-ejercito-pasara-a-denominarse-avenida-de-catalina-de-foix-en-honor-a-la-ultima-reina-de-navarra-que-ocupo-el-trono-entre-1483-y-1517\\\/\"},\"wordCount\":871,\"commentCount\":0,\"publisher\":{\"@id\":\"https:\\\/\\\/www.laguiadepamplona.com\\\/actualidad\\\/#organization\"},\"image\":{\"@id\":\"https:\\\/\\\/www.laguiadepamplona.com\\\/actualidad\\\/la-avenida-del-ejercito-pasara-a-denominarse-avenida-de-catalina-de-foix-en-honor-a-la-ultima-reina-de-navarra-que-ocupo-el-trono-entre-1483-y-1517\\\/#primaryimage\"},\"thumbnailUrl\":\"https:\\\/\\\/www.laguiadepamplona.com\\\/actualidad\\\/wp-content\\\/uploads\\\/2018\\\/05\\\/ayto-pamplona-3.jpg\",\"articleSection\":[\"Ayto Pamplona\"],\"inLanguage\":\"es\",\"potentialAction\":[{\"@type\":\"CommentAction\",\"name\":\"Comment\",\"target\":[\"https:\\\/\\\/www.laguiadepamplona.com\\\/actualidad\\\/la-avenida-del-ejercito-pasara-a-denominarse-avenida-de-catalina-de-foix-en-honor-a-la-ultima-reina-de-navarra-que-ocupo-el-trono-entre-1483-y-1517\\\/#respond\"]}]},{\"@type\":\"WebPage\",\"@id\":\"https:\\\/\\\/www.laguiadepamplona.com\\\/actualidad\\\/la-avenida-del-ejercito-pasara-a-denominarse-avenida-de-catalina-de-foix-en-honor-a-la-ultima-reina-de-navarra-que-ocupo-el-trono-entre-1483-y-1517\\\/\",\"url\":\"https:\\\/\\\/www.laguiadepamplona.com\\\/actualidad\\\/la-avenida-del-ejercito-pasara-a-denominarse-avenida-de-catalina-de-foix-en-honor-a-la-ultima-reina-de-navarra-que-ocupo-el-trono-entre-1483-y-1517\\\/\",\"name\":\"La avenida del Ej\u00e9rcito pasar\u00e1 a denominarse \u2018Avenida de Catalina de Foix\u2019 en honor a la \u00faltima reina de Navarra que ocup\u00f3 el trono entre 1483 y 1517\",\"isPartOf\":{\"@id\":\"https:\\\/\\\/www.laguiadepamplona.com\\\/actualidad\\\/#website\"},\"primaryImageOfPage\":{\"@id\":\"https:\\\/\\\/www.laguiadepamplona.com\\\/actualidad\\\/la-avenida-del-ejercito-pasara-a-denominarse-avenida-de-catalina-de-foix-en-honor-a-la-ultima-reina-de-navarra-que-ocupo-el-trono-entre-1483-y-1517\\\/#primaryimage\"},\"image\":{\"@id\":\"https:\\\/\\\/www.laguiadepamplona.com\\\/actualidad\\\/la-avenida-del-ejercito-pasara-a-denominarse-avenida-de-catalina-de-foix-en-honor-a-la-ultima-reina-de-navarra-que-ocupo-el-trono-entre-1483-y-1517\\\/#primaryimage\"},\"thumbnailUrl\":\"https:\\\/\\\/www.laguiadepamplona.com\\\/actualidad\\\/wp-content\\\/uploads\\\/2018\\\/05\\\/ayto-pamplona-3.jpg\",\"datePublished\":\"2018-12-10T15:39:55+00:00\",\"dateModified\":\"2018-12-10T15:39:59+00:00\",\"breadcrumb\":{\"@id\":\"https:\\\/\\\/www.laguiadepamplona.com\\\/actualidad\\\/la-avenida-del-ejercito-pasara-a-denominarse-avenida-de-catalina-de-foix-en-honor-a-la-ultima-reina-de-navarra-que-ocupo-el-trono-entre-1483-y-1517\\\/#breadcrumb\"},\"inLanguage\":\"es\",\"potentialAction\":[{\"@type\":\"ReadAction\",\"target\":[\"https:\\\/\\\/www.laguiadepamplona.com\\\/actualidad\\\/la-avenida-del-ejercito-pasara-a-denominarse-avenida-de-catalina-de-foix-en-honor-a-la-ultima-reina-de-navarra-que-ocupo-el-trono-entre-1483-y-1517\\\/\"]}]},{\"@type\":\"ImageObject\",\"inLanguage\":\"es\",\"@id\":\"https:\\\/\\\/www.laguiadepamplona.com\\\/actualidad\\\/la-avenida-del-ejercito-pasara-a-denominarse-avenida-de-catalina-de-foix-en-honor-a-la-ultima-reina-de-navarra-que-ocupo-el-trono-entre-1483-y-1517\\\/#primaryimage\",\"url\":\"https:\\\/\\\/www.laguiadepamplona.com\\\/actualidad\\\/wp-content\\\/uploads\\\/2018\\\/05\\\/ayto-pamplona-3.jpg\",\"contentUrl\":\"https:\\\/\\\/www.laguiadepamplona.com\\\/actualidad\\\/wp-content\\\/uploads\\\/2018\\\/05\\\/ayto-pamplona-3.jpg\",\"width\":1000,\"height\":555},{\"@type\":\"BreadcrumbList\",\"@id\":\"https:\\\/\\\/www.laguiadepamplona.com\\\/actualidad\\\/la-avenida-del-ejercito-pasara-a-denominarse-avenida-de-catalina-de-foix-en-honor-a-la-ultima-reina-de-navarra-que-ocupo-el-trono-entre-1483-y-1517\\\/#breadcrumb\",\"itemListElement\":[{\"@type\":\"ListItem\",\"position\":1,\"name\":\"Portada\",\"item\":\"https:\\\/\\\/www.laguiadepamplona.com\\\/actualidad\\\/\"},{\"@type\":\"ListItem\",\"position\":2,\"name\":\"La avenida del Ej\u00e9rcito pasar\u00e1 a denominarse \u2018Avenida de Catalina de Foix\u2019 en honor a la \u00faltima reina de Navarra que ocup\u00f3 el trono entre 1483 y 1517\"}]},{\"@type\":\"WebSite\",\"@id\":\"https:\\\/\\\/www.laguiadepamplona.com\\\/actualidad\\\/#website\",\"url\":\"https:\\\/\\\/www.laguiadepamplona.com\\\/actualidad\\\/\",\"name\":\"La gu\u00eda de Pamplona\",\"description\":\"Noticias de Pamplona\",\"publisher\":{\"@id\":\"https:\\\/\\\/www.laguiadepamplona.com\\\/actualidad\\\/#organization\"},\"potentialAction\":[{\"@type\":\"SearchAction\",\"target\":{\"@type\":\"EntryPoint\",\"urlTemplate\":\"https:\\\/\\\/www.laguiadepamplona.com\\\/actualidad\\\/?s={search_term_string}\"},\"query-input\":{\"@type\":\"PropertyValueSpecification\",\"valueRequired\":true,\"valueName\":\"search_term_string\"}}],\"inLanguage\":\"es\"},{\"@type\":\"Organization\",\"@id\":\"https:\\\/\\\/www.laguiadepamplona.com\\\/actualidad\\\/#organization\",\"name\":\"La Gu\u00eda de Pamplona \\\/ Noticias\",\"url\":\"https:\\\/\\\/www.laguiadepamplona.com\\\/actualidad\\\/\",\"logo\":{\"@type\":\"ImageObject\",\"inLanguage\":\"es\",\"@id\":\"https:\\\/\\\/www.laguiadepamplona.com\\\/actualidad\\\/#\\\/schema\\\/logo\\\/image\\\/\",\"url\":\"https:\\\/\\\/www.laguiadepamplona.com\\\/actualidad\\\/wp-content\\\/uploads\\\/2018\\\/11\\\/logo-laguiadepamplona18-web1.png\",\"contentUrl\":\"https:\\\/\\\/www.laguiadepamplona.com\\\/actualidad\\\/wp-content\\\/uploads\\\/2018\\\/11\\\/logo-laguiadepamplona18-web1.png\",\"width\":600,\"height\":196,\"caption\":\"La Gu\u00eda de Pamplona \\\/ Noticias\"},\"image\":{\"@id\":\"https:\\\/\\\/www.laguiadepamplona.com\\\/actualidad\\\/#\\\/schema\\\/logo\\\/image\\\/\"},\"sameAs\":[\"https:\\\/\\\/www.facebook.com\\\/laguiadepamplonacom-133175176762273\\\/?ref=hl\",\"https:\\\/\\\/x.com\\\/LaGuiadPamplona\",\"https:\\\/\\\/www.instagram.com\\\/la_guia_de_pamplona\\\/\",\"https:\\\/\\\/www.youtube.com\\\/user\\\/laguiadepamplona\"]},{\"@type\":\"Person\",\"@id\":\"https:\\\/\\\/www.laguiadepamplona.com\\\/actualidad\\\/#\\\/schema\\\/person\\\/efe887376f0213d4657c93adc50b1fdb\",\"name\":\"La Gu\u00eda de Pamplona\",\"image\":{\"@type\":\"ImageObject\",\"inLanguage\":\"es\",\"@id\":\"https:\\\/\\\/secure.gravatar.com\\\/avatar\\\/b6992f131dc8d30ab0dff15446e9d346d9dbd95992de0fef795073f5ea83a81c?s=96&d=mm&r=g\",\"url\":\"https:\\\/\\\/secure.gravatar.com\\\/avatar\\\/b6992f131dc8d30ab0dff15446e9d346d9dbd95992de0fef795073f5ea83a81c?s=96&d=mm&r=g\",\"contentUrl\":\"https:\\\/\\\/secure.gravatar.com\\\/avatar\\\/b6992f131dc8d30ab0dff15446e9d346d9dbd95992de0fef795073f5ea83a81c?s=96&d=mm&r=g\",\"caption\":\"La Gu\u00eda de Pamplona\"}}]}<\/script>\n<!-- \/ Yoast SEO plugin. -->","yoast_head_json":{"title":"La avenida del Ej\u00e9rcito pasar\u00e1 a denominarse \u2018Avenida de Catalina de Foix\u2019 en honor a la \u00faltima reina de Navarra que ocup\u00f3 el trono entre 1483 y 1517","robots":{"index":"index","follow":"follow","max-snippet":"max-snippet:-1","max-image-preview":"max-image-preview:large","max-video-preview":"max-video-preview:-1"},"canonical":"https:\/\/www.laguiadepamplona.com\/actualidad\/la-avenida-del-ejercito-pasara-a-denominarse-avenida-de-catalina-de-foix-en-honor-a-la-ultima-reina-de-navarra-que-ocupo-el-trono-entre-1483-y-1517\/","og_locale":"es_ES","og_type":"article","og_title":"La avenida del Ej\u00e9rcito pasar\u00e1 a denominarse \u2018Avenida de Catalina de Foix\u2019 en honor a la \u00faltima reina de Navarra que ocup\u00f3 el trono entre 1483 y 1517","og_url":"https:\/\/www.laguiadepamplona.com\/actualidad\/la-avenida-del-ejercito-pasara-a-denominarse-avenida-de-catalina-de-foix-en-honor-a-la-ultima-reina-de-navarra-que-ocupo-el-trono-entre-1483-y-1517\/","og_site_name":"La Gu\u00eda de Pamplona","article_publisher":"https:\/\/www.facebook.com\/laguiadepamplonacom-133175176762273\/?ref=hl","article_published_time":"2018-12-10T15:39:55+00:00","article_modified_time":"2018-12-10T15:39:59+00:00","og_image":[{"width":1000,"height":555,"url":"https:\/\/www.laguiadepamplona.com\/actualidad\/wp-content\/uploads\/2018\/05\/ayto-pamplona-3.jpg","type":"image\/jpeg"}],"author":"La Gu\u00eda de Pamplona","twitter_card":"summary_large_image","twitter_creator":"@LaGuiadPamplona","twitter_site":"@LaGuiadPamplona","twitter_misc":{"Escrito por":"La Gu\u00eda de Pamplona","Tiempo de lectura":"4 minutos"},"schema":{"@context":"https:\/\/schema.org","@graph":[{"@type":"Article","@id":"https:\/\/www.laguiadepamplona.com\/actualidad\/la-avenida-del-ejercito-pasara-a-denominarse-avenida-de-catalina-de-foix-en-honor-a-la-ultima-reina-de-navarra-que-ocupo-el-trono-entre-1483-y-1517\/#article","isPartOf":{"@id":"https:\/\/www.laguiadepamplona.com\/actualidad\/la-avenida-del-ejercito-pasara-a-denominarse-avenida-de-catalina-de-foix-en-honor-a-la-ultima-reina-de-navarra-que-ocupo-el-trono-entre-1483-y-1517\/"},"author":{"name":"La Gu\u00eda de Pamplona","@id":"https:\/\/www.laguiadepamplona.com\/actualidad\/#\/schema\/person\/efe887376f0213d4657c93adc50b1fdb"},"headline":"La avenida del Ej\u00e9rcito pasar\u00e1 a denominarse \u2018Avenida de Catalina de Foix\u2019 en honor a la \u00faltima reina de Navarra que ocup\u00f3 el trono entre 1483 y 1517","datePublished":"2018-12-10T15:39:55+00:00","dateModified":"2018-12-10T15:39:59+00:00","mainEntityOfPage":{"@id":"https:\/\/www.laguiadepamplona.com\/actualidad\/la-avenida-del-ejercito-pasara-a-denominarse-avenida-de-catalina-de-foix-en-honor-a-la-ultima-reina-de-navarra-que-ocupo-el-trono-entre-1483-y-1517\/"},"wordCount":871,"commentCount":0,"publisher":{"@id":"https:\/\/www.laguiadepamplona.com\/actualidad\/#organization"},"image":{"@id":"https:\/\/www.laguiadepamplona.com\/actualidad\/la-avenida-del-ejercito-pasara-a-denominarse-avenida-de-catalina-de-foix-en-honor-a-la-ultima-reina-de-navarra-que-ocupo-el-trono-entre-1483-y-1517\/#primaryimage"},"thumbnailUrl":"https:\/\/www.laguiadepamplona.com\/actualidad\/wp-content\/uploads\/2018\/05\/ayto-pamplona-3.jpg","articleSection":["Ayto Pamplona"],"inLanguage":"es","potentialAction":[{"@type":"CommentAction","name":"Comment","target":["https:\/\/www.laguiadepamplona.com\/actualidad\/la-avenida-del-ejercito-pasara-a-denominarse-avenida-de-catalina-de-foix-en-honor-a-la-ultima-reina-de-navarra-que-ocupo-el-trono-entre-1483-y-1517\/#respond"]}]},{"@type":"WebPage","@id":"https:\/\/www.laguiadepamplona.com\/actualidad\/la-avenida-del-ejercito-pasara-a-denominarse-avenida-de-catalina-de-foix-en-honor-a-la-ultima-reina-de-navarra-que-ocupo-el-trono-entre-1483-y-1517\/","url":"https:\/\/www.laguiadepamplona.com\/actualidad\/la-avenida-del-ejercito-pasara-a-denominarse-avenida-de-catalina-de-foix-en-honor-a-la-ultima-reina-de-navarra-que-ocupo-el-trono-entre-1483-y-1517\/","name":"La avenida del Ej\u00e9rcito pasar\u00e1 a denominarse \u2018Avenida de Catalina de Foix\u2019 en honor a la \u00faltima reina de Navarra que ocup\u00f3 el trono entre 1483 y 1517","isPartOf":{"@id":"https:\/\/www.laguiadepamplona.com\/actualidad\/#website"},"primaryImageOfPage":{"@id":"https:\/\/www.laguiadepamplona.com\/actualidad\/la-avenida-del-ejercito-pasara-a-denominarse-avenida-de-catalina-de-foix-en-honor-a-la-ultima-reina-de-navarra-que-ocupo-el-trono-entre-1483-y-1517\/#primaryimage"},"image":{"@id":"https:\/\/www.laguiadepamplona.com\/actualidad\/la-avenida-del-ejercito-pasara-a-denominarse-avenida-de-catalina-de-foix-en-honor-a-la-ultima-reina-de-navarra-que-ocupo-el-trono-entre-1483-y-1517\/#primaryimage"},"thumbnailUrl":"https:\/\/www.laguiadepamplona.com\/actualidad\/wp-content\/uploads\/2018\/05\/ayto-pamplona-3.jpg","datePublished":"2018-12-10T15:39:55+00:00","dateModified":"2018-12-10T15:39:59+00:00","breadcrumb":{"@id":"https:\/\/www.laguiadepamplona.com\/actualidad\/la-avenida-del-ejercito-pasara-a-denominarse-avenida-de-catalina-de-foix-en-honor-a-la-ultima-reina-de-navarra-que-ocupo-el-trono-entre-1483-y-1517\/#breadcrumb"},"inLanguage":"es","potentialAction":[{"@type":"ReadAction","target":["https:\/\/www.laguiadepamplona.com\/actualidad\/la-avenida-del-ejercito-pasara-a-denominarse-avenida-de-catalina-de-foix-en-honor-a-la-ultima-reina-de-navarra-que-ocupo-el-trono-entre-1483-y-1517\/"]}]},{"@type":"ImageObject","inLanguage":"es","@id":"https:\/\/www.laguiadepamplona.com\/actualidad\/la-avenida-del-ejercito-pasara-a-denominarse-avenida-de-catalina-de-foix-en-honor-a-la-ultima-reina-de-navarra-que-ocupo-el-trono-entre-1483-y-1517\/#primaryimage","url":"https:\/\/www.laguiadepamplona.com\/actualidad\/wp-content\/uploads\/2018\/05\/ayto-pamplona-3.jpg","contentUrl":"https:\/\/www.laguiadepamplona.com\/actualidad\/wp-content\/uploads\/2018\/05\/ayto-pamplona-3.jpg","width":1000,"height":555},{"@type":"BreadcrumbList","@id":"https:\/\/www.laguiadepamplona.com\/actualidad\/la-avenida-del-ejercito-pasara-a-denominarse-avenida-de-catalina-de-foix-en-honor-a-la-ultima-reina-de-navarra-que-ocupo-el-trono-entre-1483-y-1517\/#breadcrumb","itemListElement":[{"@type":"ListItem","position":1,"name":"Portada","item":"https:\/\/www.laguiadepamplona.com\/actualidad\/"},{"@type":"ListItem","position":2,"name":"La avenida del Ej\u00e9rcito pasar\u00e1 a denominarse \u2018Avenida de Catalina de Foix\u2019 en honor a la \u00faltima reina de Navarra que ocup\u00f3 el trono entre 1483 y 1517"}]},{"@type":"WebSite","@id":"https:\/\/www.laguiadepamplona.com\/actualidad\/#website","url":"https:\/\/www.laguiadepamplona.com\/actualidad\/","name":"La gu\u00eda de Pamplona","description":"Noticias de Pamplona","publisher":{"@id":"https:\/\/www.laguiadepamplona.com\/actualidad\/#organization"},"potentialAction":[{"@type":"SearchAction","target":{"@type":"EntryPoint","urlTemplate":"https:\/\/www.laguiadepamplona.com\/actualidad\/?s={search_term_string}"},"query-input":{"@type":"PropertyValueSpecification","valueRequired":true,"valueName":"search_term_string"}}],"inLanguage":"es"},{"@type":"Organization","@id":"https:\/\/www.laguiadepamplona.com\/actualidad\/#organization","name":"La Gu\u00eda de Pamplona \/ Noticias","url":"https:\/\/www.laguiadepamplona.com\/actualidad\/","logo":{"@type":"ImageObject","inLanguage":"es","@id":"https:\/\/www.laguiadepamplona.com\/actualidad\/#\/schema\/logo\/image\/","url":"https:\/\/www.laguiadepamplona.com\/actualidad\/wp-content\/uploads\/2018\/11\/logo-laguiadepamplona18-web1.png","contentUrl":"https:\/\/www.laguiadepamplona.com\/actualidad\/wp-content\/uploads\/2018\/11\/logo-laguiadepamplona18-web1.png","width":600,"height":196,"caption":"La Gu\u00eda de Pamplona \/ Noticias"},"image":{"@id":"https:\/\/www.laguiadepamplona.com\/actualidad\/#\/schema\/logo\/image\/"},"sameAs":["https:\/\/www.facebook.com\/laguiadepamplonacom-133175176762273\/?ref=hl","https:\/\/x.com\/LaGuiadPamplona","https:\/\/www.instagram.com\/la_guia_de_pamplona\/","https:\/\/www.youtube.com\/user\/laguiadepamplona"]},{"@type":"Person","@id":"https:\/\/www.laguiadepamplona.com\/actualidad\/#\/schema\/person\/efe887376f0213d4657c93adc50b1fdb","name":"La Gu\u00eda de Pamplona","image":{"@type":"ImageObject","inLanguage":"es","@id":"https:\/\/secure.gravatar.com\/avatar\/b6992f131dc8d30ab0dff15446e9d346d9dbd95992de0fef795073f5ea83a81c?s=96&d=mm&r=g","url":"https:\/\/secure.gravatar.com\/avatar\/b6992f131dc8d30ab0dff15446e9d346d9dbd95992de0fef795073f5ea83a81c?s=96&d=mm&r=g","contentUrl":"https:\/\/secure.gravatar.com\/avatar\/b6992f131dc8d30ab0dff15446e9d346d9dbd95992de0fef795073f5ea83a81c?s=96&d=mm&r=g","caption":"La Gu\u00eda de Pamplona"}}]}},"post_mailing_queue_ids":[],"_links":{"self":[{"href":"https:\/\/www.laguiadepamplona.com\/actualidad\/wp-json\/wp\/v2\/posts\/19710","targetHints":{"allow":["GET"]}}],"collection":[{"href":"https:\/\/www.laguiadepamplona.com\/actualidad\/wp-json\/wp\/v2\/posts"}],"about":[{"href":"https:\/\/www.laguiadepamplona.com\/actualidad\/wp-json\/wp\/v2\/types\/post"}],"author":[{"embeddable":true,"href":"https:\/\/www.laguiadepamplona.com\/actualidad\/wp-json\/wp\/v2\/users\/1"}],"replies":[{"embeddable":true,"href":"https:\/\/www.laguiadepamplona.com\/actualidad\/wp-json\/wp\/v2\/comments?post=19710"}],"version-history":[{"count":0,"href":"https:\/\/www.laguiadepamplona.com\/actualidad\/wp-json\/wp\/v2\/posts\/19710\/revisions"}],"wp:featuredmedia":[{"embeddable":true,"href":"https:\/\/www.laguiadepamplona.com\/actualidad\/wp-json\/wp\/v2\/media\/17600"}],"wp:attachment":[{"href":"https:\/\/www.laguiadepamplona.com\/actualidad\/wp-json\/wp\/v2\/media?parent=19710"}],"wp:term":[{"taxonomy":"category","embeddable":true,"href":"https:\/\/www.laguiadepamplona.com\/actualidad\/wp-json\/wp\/v2\/categories?post=19710"},{"taxonomy":"post_tag","embeddable":true,"href":"https:\/\/www.laguiadepamplona.com\/actualidad\/wp-json\/wp\/v2\/tags?post=19710"}],"curies":[{"name":"wp","href":"https:\/\/api.w.org\/{rel}","templated":true}]}}