{"id":19708,"date":"2018-12-10T17:36:38","date_gmt":"2018-12-10T15:36:38","guid":{"rendered":"https:\/\/www.laguiadepamplona.es\/actualidad\/?p=19708"},"modified":"2018-12-10T17:36:43","modified_gmt":"2018-12-10T15:36:43","slug":"la-escuela-especial-de-musica-joaquin-maya-comienza-manana-martes-con-lospasacalles-2018-en-los-que-participaran-9-formaciones-de-la-escuela","status":"publish","type":"post","link":"https:\/\/www.laguiadepamplona.com\/actualidad\/la-escuela-especial-de-musica-joaquin-maya-comienza-manana-martes-con-lospasacalles-2018-en-los-que-participaran-9-formaciones-de-la-escuela\/","title":{"rendered":"La Escuela Especial de M\u00fasica Joaqu\u00edn Maya comienza ma\u00f1ana martes con los\u2018Pasacalles 2018\u2019 en los que participar\u00e1n 9 formaciones de la escuela"},"content":{"rendered":"\n<!--more-->\n\n\n\n<h3 class=\"wp-block-heading\">Adem\u00e1s de las actuaciones en las calles del Casco Antiguo, el Sal\u00f3n de Actos acoger\u00e1 audiciones de diversos instrumentos<\/h3>\n\n\n\n<p>Como cada a\u00f1o, la Escuela Especial de M\u00fasica Joaqu\u00edn Maya\n\u201cse viste de m\u00fasica\u201d en los d\u00edas previos a la Navidad. Adem\u00e1s de las numerosas\naudiciones de diversos instrumentos que, a lo largo de las pr\u00f3ximas semanas, se\nofrecer\u00e1n en el sal\u00f3n de actos de la Escuela, una buena parte del alumnado\nparticipar\u00e1 en los \u2018Pasacalles 2018\u2019 y en los conciertos de Navidad.<\/p>\n\n\n\n<p>El programa de \u2018Pasacalles 2018\u2019 comenzar\u00e1 ma\u00f1ana martes, 11\nde diciembre, a las 18.30 horas con la Gazte Soinua Fanfarrea y continuar\u00e1 el\nd\u00eda 15 con una doble propuesta: por la ma\u00f1ana a las 11 horas y saliendo de la\nPlaza Consistorial, la agrupaci\u00f3n Flautistas de Navarra recorrer\u00e1 varias calles\ndel Casco Antiguo y por la tarde, a las 18.30 horas, el alumnado de tuba y\nbombardino del Conservatorio y de varias Escuelas de M\u00fasica ofrecer\u00e1 un\nconcierto en la Plaza Consistorial.<\/p>\n\n\n\n<p>Los \u2018Pasacalles 2018\u2019 continuar\u00e1n el 17 de diciembre, d\u00eda\nque a las 18.45 horas saldr\u00e1 la Banda Calle Mayor con los ni\u00f1os del coro\nCorilandia desde la Plaza del Castillo. El d\u00eda 18 a las 18 horas el alumnado de\ntrompa de la Escuela, junto con alumnado del Conservatorio y otras Escuelas de\nM\u00fasica recorrer\u00e1n el Casco Antiguo con Trompachristmas. Este ciclo se cerrar\u00e1\ncon la Banda de Txistus el d\u00eda 20 a las 18 horas y el Coro navide\u00f1o de\ntrombones el d\u00eda 22 de diciembre a las 12 horas.<\/p>\n\n\n\n<p>Por otra parte, las agrupaciones corales e instrumentales de\nla Escuela ofrecer\u00e1n toda una tarde de conciertos el d\u00eda 19 de diciembre en dos\nescenarios. En el sal\u00f3n de actos de la Escuela de M\u00fasica habr\u00e1 actuaciones a\nlas 17, 18 y 19.15 horas y en Civivox Iturrama las presentaciones se suceder\u00e1n\nentre las 17 y las 20.15 horas. Para este \u00faltimo escenario las invitaciones se\nretirar\u00e1n en el mismo Civivox a partir de las 16 horas del mismo19 de diciembre.<\/p>\n\n\n\n<p>La Escuela completa este a\u00f1o la programaci\u00f3n festiva de\nNavidad con la publicaci\u00f3n de su primera producci\u00f3n en v\u00eddeo, que se compartir\u00e1\nen el canal de youtube y en las redes sociales de la Escuela. Por otra parte,\nha organizado su primer <em>photocall<\/em>, para el que se preparar\u00e1 un marco\nespecial que estar\u00e1 colocado en la sala de espera de la Escuela.<\/p>\n\n\n\n<p><strong>Escuela Especial de M\u00fasica Joaqu\u00edn Maya. Pasacalles 2018<\/strong><\/p>\n\n\n\n<ul class=\"wp-block-list\"><li><strong>Gazte Soinua Fanfarrea<\/strong><\/li><li>11 de diciembre. 18:30. Plaza Consistorial<\/li><li><strong>Tubachristma<\/strong><\/li><li>15 de diciembre. 18:30. Plaza Consistorial<\/li><li><strong>Flautistas de Navarra<\/strong><\/li><li>15 de diciembre. 11:00. Plaza Consistorial, Plaza del Castillo, paseo\nSarasate, plaza San Nicol\u00e1s, plaza San Francisco y Plaza Consistorial<\/li><li><strong>Banda Calle Mayor y Coro\nCorilandia<\/strong><\/li><li>17 de diciembre. 18:45. Plaza del Castillo, calle Chapitela, calle\nMercaderes, Plaza Consistorial, Calle Nueva, Plaza del Consejo y calle San\nAnt\u00f3n<\/li><li><strong>Trompachristmas<\/strong><\/li><li>18 de diciembre. 18:00. Plaza Consistorial, calle Zapater\u00eda, calle Pozo\nBlanco, plaza del Consejo, plaza San Francisco, calle Eslava, calle Mayor y\nPlaza Consistorial<\/li><li><strong>Banda de Txistularis y\nFanfarre<\/strong><\/li><li>20 de diciembre. 18:30. Plaza del Castillo, calle Chapitela, calle\nMercaderes, Plaza Consistorial, calle Mayor, calle Eslava y plaza San Nicol\u00e1s<\/li><li><strong>Coro Navide\u00f1o de Trombones<\/strong><\/li><li>22 de diciembre. 12:00. Plaza Consistorial, calle Zapater\u00eda, calle Pozo\nBlanco, plaza del Consejo, plaza San Francisco, calle Eslava, calle Mayor y\nplaza Consistorial<\/li><\/ul>\n","protected":false},"excerpt":{"rendered":"","protected":false},"author":1,"featured_media":17440,"comment_status":"open","ping_status":"closed","sticky":false,"template":"","format":"standard","meta":{"footnotes":""},"categories":[2],"tags":[],"class_list":["post-19708","post","type-post","status-publish","format-standard","has-post-thumbnail","hentry","category-ayuntamiento-pamplona"],"yoast_head":"<!-- This site is optimized with the Yoast SEO plugin v27.3 - https:\/\/yoast.com\/product\/yoast-seo-wordpress\/ -->\n<title>La Escuela Especial de M\u00fasica Joaqu\u00edn Maya comienza ma\u00f1ana martes con los\u2018Pasacalles 2018\u2019 en los que participar\u00e1n 9 formaciones de la escuela<\/title>\n<meta name=\"robots\" content=\"index, follow, max-snippet:-1, max-image-preview:large, max-video-preview:-1\" \/>\n<link rel=\"canonical\" href=\"https:\/\/www.laguiadepamplona.com\/actualidad\/la-escuela-especial-de-musica-joaquin-maya-comienza-manana-martes-con-lospasacalles-2018-en-los-que-participaran-9-formaciones-de-la-escuela\/\" \/>\n<meta property=\"og:locale\" content=\"es_ES\" \/>\n<meta property=\"og:type\" content=\"article\" \/>\n<meta property=\"og:title\" content=\"La Escuela Especial de M\u00fasica Joaqu\u00edn Maya comienza ma\u00f1ana martes con los\u2018Pasacalles 2018\u2019 en los que participar\u00e1n 9 formaciones de la escuela\" \/>\n<meta property=\"og:url\" content=\"https:\/\/www.laguiadepamplona.com\/actualidad\/la-escuela-especial-de-musica-joaquin-maya-comienza-manana-martes-con-lospasacalles-2018-en-los-que-participaran-9-formaciones-de-la-escuela\/\" \/>\n<meta property=\"og:site_name\" content=\"La Gu\u00eda de Pamplona\" \/>\n<meta property=\"article:publisher\" content=\"https:\/\/www.facebook.com\/laguiadepamplonacom-133175176762273\/?ref=hl\" \/>\n<meta property=\"article:published_time\" content=\"2018-12-10T15:36:38+00:00\" \/>\n<meta property=\"article:modified_time\" content=\"2018-12-10T15:36:43+00:00\" \/>\n<meta property=\"og:image\" content=\"https:\/\/www.laguiadepamplona.com\/actualidad\/wp-content\/uploads\/2018\/05\/escuela-musica-joaquin-maya.jpg\" \/>\n\t<meta property=\"og:image:width\" content=\"1000\" \/>\n\t<meta property=\"og:image:height\" content=\"667\" \/>\n\t<meta property=\"og:image:type\" content=\"image\/jpeg\" \/>\n<meta name=\"author\" content=\"La Gu\u00eda de Pamplona\" \/>\n<meta name=\"twitter:card\" content=\"summary_large_image\" \/>\n<meta name=\"twitter:creator\" content=\"@LaGuiadPamplona\" \/>\n<meta name=\"twitter:site\" content=\"@LaGuiadPamplona\" \/>\n<meta name=\"twitter:label1\" content=\"Escrito por\" \/>\n\t<meta name=\"twitter:data1\" content=\"La Gu\u00eda de Pamplona\" \/>\n\t<meta name=\"twitter:label2\" content=\"Tiempo de lectura\" \/>\n\t<meta name=\"twitter:data2\" content=\"3 minutos\" \/>\n<script type=\"application\/ld+json\" class=\"yoast-schema-graph\">{\"@context\":\"https:\\\/\\\/schema.org\",\"@graph\":[{\"@type\":\"Article\",\"@id\":\"https:\\\/\\\/www.laguiadepamplona.com\\\/actualidad\\\/la-escuela-especial-de-musica-joaquin-maya-comienza-manana-martes-con-lospasacalles-2018-en-los-que-participaran-9-formaciones-de-la-escuela\\\/#article\",\"isPartOf\":{\"@id\":\"https:\\\/\\\/www.laguiadepamplona.com\\\/actualidad\\\/la-escuela-especial-de-musica-joaquin-maya-comienza-manana-martes-con-lospasacalles-2018-en-los-que-participaran-9-formaciones-de-la-escuela\\\/\"},\"author\":{\"name\":\"La Gu\u00eda de Pamplona\",\"@id\":\"https:\\\/\\\/www.laguiadepamplona.com\\\/actualidad\\\/#\\\/schema\\\/person\\\/efe887376f0213d4657c93adc50b1fdb\"},\"headline\":\"La Escuela Especial de M\u00fasica Joaqu\u00edn Maya comienza ma\u00f1ana martes con los\u2018Pasacalles 2018\u2019 en los que participar\u00e1n 9 formaciones de la escuela\",\"datePublished\":\"2018-12-10T15:36:38+00:00\",\"dateModified\":\"2018-12-10T15:36:43+00:00\",\"mainEntityOfPage\":{\"@id\":\"https:\\\/\\\/www.laguiadepamplona.com\\\/actualidad\\\/la-escuela-especial-de-musica-joaquin-maya-comienza-manana-martes-con-lospasacalles-2018-en-los-que-participaran-9-formaciones-de-la-escuela\\\/\"},\"wordCount\":583,\"commentCount\":0,\"publisher\":{\"@id\":\"https:\\\/\\\/www.laguiadepamplona.com\\\/actualidad\\\/#organization\"},\"image\":{\"@id\":\"https:\\\/\\\/www.laguiadepamplona.com\\\/actualidad\\\/la-escuela-especial-de-musica-joaquin-maya-comienza-manana-martes-con-lospasacalles-2018-en-los-que-participaran-9-formaciones-de-la-escuela\\\/#primaryimage\"},\"thumbnailUrl\":\"https:\\\/\\\/www.laguiadepamplona.com\\\/actualidad\\\/wp-content\\\/uploads\\\/2018\\\/05\\\/escuela-musica-joaquin-maya.jpg\",\"articleSection\":[\"Ayto Pamplona\"],\"inLanguage\":\"es\",\"potentialAction\":[{\"@type\":\"CommentAction\",\"name\":\"Comment\",\"target\":[\"https:\\\/\\\/www.laguiadepamplona.com\\\/actualidad\\\/la-escuela-especial-de-musica-joaquin-maya-comienza-manana-martes-con-lospasacalles-2018-en-los-que-participaran-9-formaciones-de-la-escuela\\\/#respond\"]}]},{\"@type\":\"WebPage\",\"@id\":\"https:\\\/\\\/www.laguiadepamplona.com\\\/actualidad\\\/la-escuela-especial-de-musica-joaquin-maya-comienza-manana-martes-con-lospasacalles-2018-en-los-que-participaran-9-formaciones-de-la-escuela\\\/\",\"url\":\"https:\\\/\\\/www.laguiadepamplona.com\\\/actualidad\\\/la-escuela-especial-de-musica-joaquin-maya-comienza-manana-martes-con-lospasacalles-2018-en-los-que-participaran-9-formaciones-de-la-escuela\\\/\",\"name\":\"La Escuela Especial de M\u00fasica Joaqu\u00edn Maya comienza ma\u00f1ana martes con los\u2018Pasacalles 2018\u2019 en los que participar\u00e1n 9 formaciones de la escuela\",\"isPartOf\":{\"@id\":\"https:\\\/\\\/www.laguiadepamplona.com\\\/actualidad\\\/#website\"},\"primaryImageOfPage\":{\"@id\":\"https:\\\/\\\/www.laguiadepamplona.com\\\/actualidad\\\/la-escuela-especial-de-musica-joaquin-maya-comienza-manana-martes-con-lospasacalles-2018-en-los-que-participaran-9-formaciones-de-la-escuela\\\/#primaryimage\"},\"image\":{\"@id\":\"https:\\\/\\\/www.laguiadepamplona.com\\\/actualidad\\\/la-escuela-especial-de-musica-joaquin-maya-comienza-manana-martes-con-lospasacalles-2018-en-los-que-participaran-9-formaciones-de-la-escuela\\\/#primaryimage\"},\"thumbnailUrl\":\"https:\\\/\\\/www.laguiadepamplona.com\\\/actualidad\\\/wp-content\\\/uploads\\\/2018\\\/05\\\/escuela-musica-joaquin-maya.jpg\",\"datePublished\":\"2018-12-10T15:36:38+00:00\",\"dateModified\":\"2018-12-10T15:36:43+00:00\",\"breadcrumb\":{\"@id\":\"https:\\\/\\\/www.laguiadepamplona.com\\\/actualidad\\\/la-escuela-especial-de-musica-joaquin-maya-comienza-manana-martes-con-lospasacalles-2018-en-los-que-participaran-9-formaciones-de-la-escuela\\\/#breadcrumb\"},\"inLanguage\":\"es\",\"potentialAction\":[{\"@type\":\"ReadAction\",\"target\":[\"https:\\\/\\\/www.laguiadepamplona.com\\\/actualidad\\\/la-escuela-especial-de-musica-joaquin-maya-comienza-manana-martes-con-lospasacalles-2018-en-los-que-participaran-9-formaciones-de-la-escuela\\\/\"]}]},{\"@type\":\"ImageObject\",\"inLanguage\":\"es\",\"@id\":\"https:\\\/\\\/www.laguiadepamplona.com\\\/actualidad\\\/la-escuela-especial-de-musica-joaquin-maya-comienza-manana-martes-con-lospasacalles-2018-en-los-que-participaran-9-formaciones-de-la-escuela\\\/#primaryimage\",\"url\":\"https:\\\/\\\/www.laguiadepamplona.com\\\/actualidad\\\/wp-content\\\/uploads\\\/2018\\\/05\\\/escuela-musica-joaquin-maya.jpg\",\"contentUrl\":\"https:\\\/\\\/www.laguiadepamplona.com\\\/actualidad\\\/wp-content\\\/uploads\\\/2018\\\/05\\\/escuela-musica-joaquin-maya.jpg\",\"width\":1000,\"height\":667},{\"@type\":\"BreadcrumbList\",\"@id\":\"https:\\\/\\\/www.laguiadepamplona.com\\\/actualidad\\\/la-escuela-especial-de-musica-joaquin-maya-comienza-manana-martes-con-lospasacalles-2018-en-los-que-participaran-9-formaciones-de-la-escuela\\\/#breadcrumb\",\"itemListElement\":[{\"@type\":\"ListItem\",\"position\":1,\"name\":\"Portada\",\"item\":\"https:\\\/\\\/www.laguiadepamplona.com\\\/actualidad\\\/\"},{\"@type\":\"ListItem\",\"position\":2,\"name\":\"La Escuela Especial de M\u00fasica Joaqu\u00edn Maya comienza ma\u00f1ana martes con los\u2018Pasacalles 2018\u2019 en los que participar\u00e1n 9 formaciones de la escuela\"}]},{\"@type\":\"WebSite\",\"@id\":\"https:\\\/\\\/www.laguiadepamplona.com\\\/actualidad\\\/#website\",\"url\":\"https:\\\/\\\/www.laguiadepamplona.com\\\/actualidad\\\/\",\"name\":\"La gu\u00eda de Pamplona\",\"description\":\"Noticias de Pamplona\",\"publisher\":{\"@id\":\"https:\\\/\\\/www.laguiadepamplona.com\\\/actualidad\\\/#organization\"},\"potentialAction\":[{\"@type\":\"SearchAction\",\"target\":{\"@type\":\"EntryPoint\",\"urlTemplate\":\"https:\\\/\\\/www.laguiadepamplona.com\\\/actualidad\\\/?s={search_term_string}\"},\"query-input\":{\"@type\":\"PropertyValueSpecification\",\"valueRequired\":true,\"valueName\":\"search_term_string\"}}],\"inLanguage\":\"es\"},{\"@type\":\"Organization\",\"@id\":\"https:\\\/\\\/www.laguiadepamplona.com\\\/actualidad\\\/#organization\",\"name\":\"La Gu\u00eda de Pamplona \\\/ Noticias\",\"url\":\"https:\\\/\\\/www.laguiadepamplona.com\\\/actualidad\\\/\",\"logo\":{\"@type\":\"ImageObject\",\"inLanguage\":\"es\",\"@id\":\"https:\\\/\\\/www.laguiadepamplona.com\\\/actualidad\\\/#\\\/schema\\\/logo\\\/image\\\/\",\"url\":\"https:\\\/\\\/www.laguiadepamplona.com\\\/actualidad\\\/wp-content\\\/uploads\\\/2018\\\/11\\\/logo-laguiadepamplona18-web1.png\",\"contentUrl\":\"https:\\\/\\\/www.laguiadepamplona.com\\\/actualidad\\\/wp-content\\\/uploads\\\/2018\\\/11\\\/logo-laguiadepamplona18-web1.png\",\"width\":600,\"height\":196,\"caption\":\"La Gu\u00eda de Pamplona \\\/ Noticias\"},\"image\":{\"@id\":\"https:\\\/\\\/www.laguiadepamplona.com\\\/actualidad\\\/#\\\/schema\\\/logo\\\/image\\\/\"},\"sameAs\":[\"https:\\\/\\\/www.facebook.com\\\/laguiadepamplonacom-133175176762273\\\/?ref=hl\",\"https:\\\/\\\/x.com\\\/LaGuiadPamplona\",\"https:\\\/\\\/www.instagram.com\\\/la_guia_de_pamplona\\\/\",\"https:\\\/\\\/www.youtube.com\\\/user\\\/laguiadepamplona\"]},{\"@type\":\"Person\",\"@id\":\"https:\\\/\\\/www.laguiadepamplona.com\\\/actualidad\\\/#\\\/schema\\\/person\\\/efe887376f0213d4657c93adc50b1fdb\",\"name\":\"La Gu\u00eda de Pamplona\",\"image\":{\"@type\":\"ImageObject\",\"inLanguage\":\"es\",\"@id\":\"https:\\\/\\\/secure.gravatar.com\\\/avatar\\\/b6992f131dc8d30ab0dff15446e9d346d9dbd95992de0fef795073f5ea83a81c?s=96&d=mm&r=g\",\"url\":\"https:\\\/\\\/secure.gravatar.com\\\/avatar\\\/b6992f131dc8d30ab0dff15446e9d346d9dbd95992de0fef795073f5ea83a81c?s=96&d=mm&r=g\",\"contentUrl\":\"https:\\\/\\\/secure.gravatar.com\\\/avatar\\\/b6992f131dc8d30ab0dff15446e9d346d9dbd95992de0fef795073f5ea83a81c?s=96&d=mm&r=g\",\"caption\":\"La Gu\u00eda de Pamplona\"}}]}<\/script>\n<!-- \/ Yoast SEO plugin. -->","yoast_head_json":{"title":"La Escuela Especial de M\u00fasica Joaqu\u00edn Maya comienza ma\u00f1ana martes con los\u2018Pasacalles 2018\u2019 en los que participar\u00e1n 9 formaciones de la escuela","robots":{"index":"index","follow":"follow","max-snippet":"max-snippet:-1","max-image-preview":"max-image-preview:large","max-video-preview":"max-video-preview:-1"},"canonical":"https:\/\/www.laguiadepamplona.com\/actualidad\/la-escuela-especial-de-musica-joaquin-maya-comienza-manana-martes-con-lospasacalles-2018-en-los-que-participaran-9-formaciones-de-la-escuela\/","og_locale":"es_ES","og_type":"article","og_title":"La Escuela Especial de M\u00fasica Joaqu\u00edn Maya comienza ma\u00f1ana martes con los\u2018Pasacalles 2018\u2019 en los que participar\u00e1n 9 formaciones de la escuela","og_url":"https:\/\/www.laguiadepamplona.com\/actualidad\/la-escuela-especial-de-musica-joaquin-maya-comienza-manana-martes-con-lospasacalles-2018-en-los-que-participaran-9-formaciones-de-la-escuela\/","og_site_name":"La Gu\u00eda de Pamplona","article_publisher":"https:\/\/www.facebook.com\/laguiadepamplonacom-133175176762273\/?ref=hl","article_published_time":"2018-12-10T15:36:38+00:00","article_modified_time":"2018-12-10T15:36:43+00:00","og_image":[{"width":1000,"height":667,"url":"https:\/\/www.laguiadepamplona.com\/actualidad\/wp-content\/uploads\/2018\/05\/escuela-musica-joaquin-maya.jpg","type":"image\/jpeg"}],"author":"La Gu\u00eda de Pamplona","twitter_card":"summary_large_image","twitter_creator":"@LaGuiadPamplona","twitter_site":"@LaGuiadPamplona","twitter_misc":{"Escrito por":"La Gu\u00eda de Pamplona","Tiempo de lectura":"3 minutos"},"schema":{"@context":"https:\/\/schema.org","@graph":[{"@type":"Article","@id":"https:\/\/www.laguiadepamplona.com\/actualidad\/la-escuela-especial-de-musica-joaquin-maya-comienza-manana-martes-con-lospasacalles-2018-en-los-que-participaran-9-formaciones-de-la-escuela\/#article","isPartOf":{"@id":"https:\/\/www.laguiadepamplona.com\/actualidad\/la-escuela-especial-de-musica-joaquin-maya-comienza-manana-martes-con-lospasacalles-2018-en-los-que-participaran-9-formaciones-de-la-escuela\/"},"author":{"name":"La Gu\u00eda de Pamplona","@id":"https:\/\/www.laguiadepamplona.com\/actualidad\/#\/schema\/person\/efe887376f0213d4657c93adc50b1fdb"},"headline":"La Escuela Especial de M\u00fasica Joaqu\u00edn Maya comienza ma\u00f1ana martes con los\u2018Pasacalles 2018\u2019 en los que participar\u00e1n 9 formaciones de la escuela","datePublished":"2018-12-10T15:36:38+00:00","dateModified":"2018-12-10T15:36:43+00:00","mainEntityOfPage":{"@id":"https:\/\/www.laguiadepamplona.com\/actualidad\/la-escuela-especial-de-musica-joaquin-maya-comienza-manana-martes-con-lospasacalles-2018-en-los-que-participaran-9-formaciones-de-la-escuela\/"},"wordCount":583,"commentCount":0,"publisher":{"@id":"https:\/\/www.laguiadepamplona.com\/actualidad\/#organization"},"image":{"@id":"https:\/\/www.laguiadepamplona.com\/actualidad\/la-escuela-especial-de-musica-joaquin-maya-comienza-manana-martes-con-lospasacalles-2018-en-los-que-participaran-9-formaciones-de-la-escuela\/#primaryimage"},"thumbnailUrl":"https:\/\/www.laguiadepamplona.com\/actualidad\/wp-content\/uploads\/2018\/05\/escuela-musica-joaquin-maya.jpg","articleSection":["Ayto Pamplona"],"inLanguage":"es","potentialAction":[{"@type":"CommentAction","name":"Comment","target":["https:\/\/www.laguiadepamplona.com\/actualidad\/la-escuela-especial-de-musica-joaquin-maya-comienza-manana-martes-con-lospasacalles-2018-en-los-que-participaran-9-formaciones-de-la-escuela\/#respond"]}]},{"@type":"WebPage","@id":"https:\/\/www.laguiadepamplona.com\/actualidad\/la-escuela-especial-de-musica-joaquin-maya-comienza-manana-martes-con-lospasacalles-2018-en-los-que-participaran-9-formaciones-de-la-escuela\/","url":"https:\/\/www.laguiadepamplona.com\/actualidad\/la-escuela-especial-de-musica-joaquin-maya-comienza-manana-martes-con-lospasacalles-2018-en-los-que-participaran-9-formaciones-de-la-escuela\/","name":"La Escuela Especial de M\u00fasica Joaqu\u00edn Maya comienza ma\u00f1ana martes con los\u2018Pasacalles 2018\u2019 en los que participar\u00e1n 9 formaciones de la escuela","isPartOf":{"@id":"https:\/\/www.laguiadepamplona.com\/actualidad\/#website"},"primaryImageOfPage":{"@id":"https:\/\/www.laguiadepamplona.com\/actualidad\/la-escuela-especial-de-musica-joaquin-maya-comienza-manana-martes-con-lospasacalles-2018-en-los-que-participaran-9-formaciones-de-la-escuela\/#primaryimage"},"image":{"@id":"https:\/\/www.laguiadepamplona.com\/actualidad\/la-escuela-especial-de-musica-joaquin-maya-comienza-manana-martes-con-lospasacalles-2018-en-los-que-participaran-9-formaciones-de-la-escuela\/#primaryimage"},"thumbnailUrl":"https:\/\/www.laguiadepamplona.com\/actualidad\/wp-content\/uploads\/2018\/05\/escuela-musica-joaquin-maya.jpg","datePublished":"2018-12-10T15:36:38+00:00","dateModified":"2018-12-10T15:36:43+00:00","breadcrumb":{"@id":"https:\/\/www.laguiadepamplona.com\/actualidad\/la-escuela-especial-de-musica-joaquin-maya-comienza-manana-martes-con-lospasacalles-2018-en-los-que-participaran-9-formaciones-de-la-escuela\/#breadcrumb"},"inLanguage":"es","potentialAction":[{"@type":"ReadAction","target":["https:\/\/www.laguiadepamplona.com\/actualidad\/la-escuela-especial-de-musica-joaquin-maya-comienza-manana-martes-con-lospasacalles-2018-en-los-que-participaran-9-formaciones-de-la-escuela\/"]}]},{"@type":"ImageObject","inLanguage":"es","@id":"https:\/\/www.laguiadepamplona.com\/actualidad\/la-escuela-especial-de-musica-joaquin-maya-comienza-manana-martes-con-lospasacalles-2018-en-los-que-participaran-9-formaciones-de-la-escuela\/#primaryimage","url":"https:\/\/www.laguiadepamplona.com\/actualidad\/wp-content\/uploads\/2018\/05\/escuela-musica-joaquin-maya.jpg","contentUrl":"https:\/\/www.laguiadepamplona.com\/actualidad\/wp-content\/uploads\/2018\/05\/escuela-musica-joaquin-maya.jpg","width":1000,"height":667},{"@type":"BreadcrumbList","@id":"https:\/\/www.laguiadepamplona.com\/actualidad\/la-escuela-especial-de-musica-joaquin-maya-comienza-manana-martes-con-lospasacalles-2018-en-los-que-participaran-9-formaciones-de-la-escuela\/#breadcrumb","itemListElement":[{"@type":"ListItem","position":1,"name":"Portada","item":"https:\/\/www.laguiadepamplona.com\/actualidad\/"},{"@type":"ListItem","position":2,"name":"La Escuela Especial de M\u00fasica Joaqu\u00edn Maya comienza ma\u00f1ana martes con los\u2018Pasacalles 2018\u2019 en los que participar\u00e1n 9 formaciones de la escuela"}]},{"@type":"WebSite","@id":"https:\/\/www.laguiadepamplona.com\/actualidad\/#website","url":"https:\/\/www.laguiadepamplona.com\/actualidad\/","name":"La gu\u00eda de Pamplona","description":"Noticias de Pamplona","publisher":{"@id":"https:\/\/www.laguiadepamplona.com\/actualidad\/#organization"},"potentialAction":[{"@type":"SearchAction","target":{"@type":"EntryPoint","urlTemplate":"https:\/\/www.laguiadepamplona.com\/actualidad\/?s={search_term_string}"},"query-input":{"@type":"PropertyValueSpecification","valueRequired":true,"valueName":"search_term_string"}}],"inLanguage":"es"},{"@type":"Organization","@id":"https:\/\/www.laguiadepamplona.com\/actualidad\/#organization","name":"La Gu\u00eda de Pamplona \/ Noticias","url":"https:\/\/www.laguiadepamplona.com\/actualidad\/","logo":{"@type":"ImageObject","inLanguage":"es","@id":"https:\/\/www.laguiadepamplona.com\/actualidad\/#\/schema\/logo\/image\/","url":"https:\/\/www.laguiadepamplona.com\/actualidad\/wp-content\/uploads\/2018\/11\/logo-laguiadepamplona18-web1.png","contentUrl":"https:\/\/www.laguiadepamplona.com\/actualidad\/wp-content\/uploads\/2018\/11\/logo-laguiadepamplona18-web1.png","width":600,"height":196,"caption":"La Gu\u00eda de Pamplona \/ Noticias"},"image":{"@id":"https:\/\/www.laguiadepamplona.com\/actualidad\/#\/schema\/logo\/image\/"},"sameAs":["https:\/\/www.facebook.com\/laguiadepamplonacom-133175176762273\/?ref=hl","https:\/\/x.com\/LaGuiadPamplona","https:\/\/www.instagram.com\/la_guia_de_pamplona\/","https:\/\/www.youtube.com\/user\/laguiadepamplona"]},{"@type":"Person","@id":"https:\/\/www.laguiadepamplona.com\/actualidad\/#\/schema\/person\/efe887376f0213d4657c93adc50b1fdb","name":"La Gu\u00eda de Pamplona","image":{"@type":"ImageObject","inLanguage":"es","@id":"https:\/\/secure.gravatar.com\/avatar\/b6992f131dc8d30ab0dff15446e9d346d9dbd95992de0fef795073f5ea83a81c?s=96&d=mm&r=g","url":"https:\/\/secure.gravatar.com\/avatar\/b6992f131dc8d30ab0dff15446e9d346d9dbd95992de0fef795073f5ea83a81c?s=96&d=mm&r=g","contentUrl":"https:\/\/secure.gravatar.com\/avatar\/b6992f131dc8d30ab0dff15446e9d346d9dbd95992de0fef795073f5ea83a81c?s=96&d=mm&r=g","caption":"La Gu\u00eda de Pamplona"}}]}},"post_mailing_queue_ids":[],"_links":{"self":[{"href":"https:\/\/www.laguiadepamplona.com\/actualidad\/wp-json\/wp\/v2\/posts\/19708","targetHints":{"allow":["GET"]}}],"collection":[{"href":"https:\/\/www.laguiadepamplona.com\/actualidad\/wp-json\/wp\/v2\/posts"}],"about":[{"href":"https:\/\/www.laguiadepamplona.com\/actualidad\/wp-json\/wp\/v2\/types\/post"}],"author":[{"embeddable":true,"href":"https:\/\/www.laguiadepamplona.com\/actualidad\/wp-json\/wp\/v2\/users\/1"}],"replies":[{"embeddable":true,"href":"https:\/\/www.laguiadepamplona.com\/actualidad\/wp-json\/wp\/v2\/comments?post=19708"}],"version-history":[{"count":0,"href":"https:\/\/www.laguiadepamplona.com\/actualidad\/wp-json\/wp\/v2\/posts\/19708\/revisions"}],"wp:featuredmedia":[{"embeddable":true,"href":"https:\/\/www.laguiadepamplona.com\/actualidad\/wp-json\/wp\/v2\/media\/17440"}],"wp:attachment":[{"href":"https:\/\/www.laguiadepamplona.com\/actualidad\/wp-json\/wp\/v2\/media?parent=19708"}],"wp:term":[{"taxonomy":"category","embeddable":true,"href":"https:\/\/www.laguiadepamplona.com\/actualidad\/wp-json\/wp\/v2\/categories?post=19708"},{"taxonomy":"post_tag","embeddable":true,"href":"https:\/\/www.laguiadepamplona.com\/actualidad\/wp-json\/wp\/v2\/tags?post=19708"}],"curies":[{"name":"wp","href":"https:\/\/api.w.org\/{rel}","templated":true}]}}