{"id":19705,"date":"2018-12-10T17:35:31","date_gmt":"2018-12-10T15:35:31","guid":{"rendered":"https:\/\/www.laguiadepamplona.es\/actualidad\/?p=19705"},"modified":"2018-12-10T17:35:36","modified_gmt":"2018-12-10T15:35:36","slug":"la-mayoria-de-las-portavocias-municipales-del-ayuntamiento-de-pamplona-apoyan-una-declaracion-de-rechazo-a-la-ultima-agresion-sexista","status":"publish","type":"post","link":"https:\/\/www.laguiadepamplona.com\/actualidad\/la-mayoria-de-las-portavocias-municipales-del-ayuntamiento-de-pamplona-apoyan-una-declaracion-de-rechazo-a-la-ultima-agresion-sexista\/","title":{"rendered":"La mayor\u00eda de las portavoc\u00edas municipales del Ayuntamiento de Pamplona apoyan una declaraci\u00f3n de rechazo a la \u00faltima agresi\u00f3n sexista"},"content":{"rendered":"\n<!--more-->\n\n\n\n<h3 class=\"wp-block-heading\">El texto recoge el compromiso y colaboraci\u00f3n para eliminar las agresiones sexistas y anima a la ciudadan\u00eda a participar en lasconcentraciones<\/h3>\n\n\n\n<p>La mayor\u00eda de los y las portavoces de los grupos municipales\ndel Ayuntamiento de Pamplona han acordado su apoyo a una declaraci\u00f3n de rechazo\na la \u00faltima agresi\u00f3n sexista que tambi\u00e9n recoge el compromiso y colaboraci\u00f3n\npara eliminar las agresiones sexistas y anima a la ciudadan\u00eda a participar en\nlas concentraciones.<\/p>\n\n\n\n<p>El documento comienza mostrando \u201cnuestro rechazo a cualquier\ntipo de agresi\u00f3n, violencia o actitud sexista que se produzca en nuestra ciudad\ny, en este caso, nuestro apoyo y solidaridad con la mujer que ha sufrido esta\nagresi\u00f3n y con todas aquellas que, en alguna ocasi\u00f3n, tambi\u00e9n se han visto\nacosadas o intimidadas\u201d y \u201cnuestro compromiso y colaboraci\u00f3n para eliminar las\nagresiones sexistas y mejorar la seguridad para las mujeres en todo tipo de\nentornos\u201d.<\/p>\n\n\n\n<p>Contin\u00faan se\u00f1alando que \u201ccomo instituci\u00f3n p\u00fablica y como\nciudadan\u00eda activa es necesario que tengamos una actitud comprometida frente a\nlas agresiones sexistas, tanto si se es hombre como si se es mujer y nuestro\nprop\u00f3sito es trabajar en este sentido. Por ello, instamos a la sociedad a\ncambiar el modelo cultural en el que se protege al agresor y se culpabiliza a\nlas mujeres exigi\u00e9ndoles a ellas condescendencia para aceptar piropos,\nmolestias o acosos, justific\u00e1ndolo bajo la premisa de la fiesta o de las\ncostumbres\u201d.<\/p>\n\n\n\n<p>Por \u00faltimo, \u201cinvitamos a la ciudadan\u00eda a que no permanezca\nimpasible frente a la violencia y las agresiones sexistas. En ese sentido,\ninvitamos a la ciudadan\u00eda a participar en las concentraciones previstas, por un\nlado, la que convoca la junta de portavoces, hoy lunes, en el ayuntamiento a\nlas 12 del mediod\u00eda y a la convocada por el movimiento feminista en el barrio\nde la Rochapea ma\u00f1ana martes a las 20 de la tarde\u201d. Esta concentraci\u00f3n tendr\u00e1\nlugar en la confluencia de la avenida de Marcelo Celayeta con la calle\nBernardino Tirapu.<\/p>\n","protected":false},"excerpt":{"rendered":"","protected":false},"author":1,"featured_media":19706,"comment_status":"open","ping_status":"closed","sticky":false,"template":"","format":"standard","meta":{"footnotes":""},"categories":[2],"tags":[],"class_list":["post-19705","post","type-post","status-publish","format-standard","has-post-thumbnail","hentry","category-ayuntamiento-pamplona"],"yoast_head":"<!-- This site is optimized with the Yoast SEO plugin v27.3 - https:\/\/yoast.com\/product\/yoast-seo-wordpress\/ -->\n<title>La mayor\u00eda de las portavoc\u00edas municipales del Ayuntamiento de Pamplona apoyan una declaraci\u00f3n de rechazo a la \u00faltima agresi\u00f3n sexista<\/title>\n<meta name=\"robots\" content=\"index, follow, max-snippet:-1, max-image-preview:large, max-video-preview:-1\" \/>\n<link rel=\"canonical\" href=\"https:\/\/www.laguiadepamplona.com\/actualidad\/la-mayoria-de-las-portavocias-municipales-del-ayuntamiento-de-pamplona-apoyan-una-declaracion-de-rechazo-a-la-ultima-agresion-sexista\/\" \/>\n<meta property=\"og:locale\" content=\"es_ES\" \/>\n<meta property=\"og:type\" content=\"article\" \/>\n<meta property=\"og:title\" content=\"La mayor\u00eda de las portavoc\u00edas municipales del Ayuntamiento de Pamplona apoyan una declaraci\u00f3n de rechazo a la \u00faltima agresi\u00f3n sexista\" \/>\n<meta property=\"og:url\" content=\"https:\/\/www.laguiadepamplona.com\/actualidad\/la-mayoria-de-las-portavocias-municipales-del-ayuntamiento-de-pamplona-apoyan-una-declaracion-de-rechazo-a-la-ultima-agresion-sexista\/\" \/>\n<meta property=\"og:site_name\" content=\"La Gu\u00eda de Pamplona\" \/>\n<meta property=\"article:publisher\" content=\"https:\/\/www.facebook.com\/laguiadepamplonacom-133175176762273\/?ref=hl\" \/>\n<meta property=\"article:published_time\" content=\"2018-12-10T15:35:31+00:00\" \/>\n<meta property=\"article:modified_time\" content=\"2018-12-10T15:35:36+00:00\" \/>\n<meta property=\"og:image\" content=\"https:\/\/www.laguiadepamplona.com\/actualidad\/wp-content\/uploads\/2018\/12\/18.12.10_concentracion_agresion_sexista.jpg\" \/>\n\t<meta property=\"og:image:width\" content=\"1000\" \/>\n\t<meta property=\"og:image:height\" content=\"667\" \/>\n\t<meta property=\"og:image:type\" content=\"image\/jpeg\" \/>\n<meta name=\"author\" content=\"La Gu\u00eda de Pamplona\" \/>\n<meta name=\"twitter:card\" content=\"summary_large_image\" \/>\n<meta name=\"twitter:creator\" content=\"@LaGuiadPamplona\" \/>\n<meta name=\"twitter:site\" content=\"@LaGuiadPamplona\" \/>\n<meta name=\"twitter:label1\" content=\"Escrito por\" \/>\n\t<meta name=\"twitter:data1\" content=\"La Gu\u00eda de Pamplona\" \/>\n\t<meta name=\"twitter:label2\" content=\"Tiempo de lectura\" \/>\n\t<meta name=\"twitter:data2\" content=\"2 minutos\" \/>\n<script type=\"application\/ld+json\" class=\"yoast-schema-graph\">{\"@context\":\"https:\\\/\\\/schema.org\",\"@graph\":[{\"@type\":\"Article\",\"@id\":\"https:\\\/\\\/www.laguiadepamplona.com\\\/actualidad\\\/la-mayoria-de-las-portavocias-municipales-del-ayuntamiento-de-pamplona-apoyan-una-declaracion-de-rechazo-a-la-ultima-agresion-sexista\\\/#article\",\"isPartOf\":{\"@id\":\"https:\\\/\\\/www.laguiadepamplona.com\\\/actualidad\\\/la-mayoria-de-las-portavocias-municipales-del-ayuntamiento-de-pamplona-apoyan-una-declaracion-de-rechazo-a-la-ultima-agresion-sexista\\\/\"},\"author\":{\"name\":\"La Gu\u00eda de Pamplona\",\"@id\":\"https:\\\/\\\/www.laguiadepamplona.com\\\/actualidad\\\/#\\\/schema\\\/person\\\/efe887376f0213d4657c93adc50b1fdb\"},\"headline\":\"La mayor\u00eda de las portavoc\u00edas municipales del Ayuntamiento de Pamplona apoyan una declaraci\u00f3n de rechazo a la \u00faltima agresi\u00f3n sexista\",\"datePublished\":\"2018-12-10T15:35:31+00:00\",\"dateModified\":\"2018-12-10T15:35:36+00:00\",\"mainEntityOfPage\":{\"@id\":\"https:\\\/\\\/www.laguiadepamplona.com\\\/actualidad\\\/la-mayoria-de-las-portavocias-municipales-del-ayuntamiento-de-pamplona-apoyan-una-declaracion-de-rechazo-a-la-ultima-agresion-sexista\\\/\"},\"wordCount\":371,\"commentCount\":0,\"publisher\":{\"@id\":\"https:\\\/\\\/www.laguiadepamplona.com\\\/actualidad\\\/#organization\"},\"image\":{\"@id\":\"https:\\\/\\\/www.laguiadepamplona.com\\\/actualidad\\\/la-mayoria-de-las-portavocias-municipales-del-ayuntamiento-de-pamplona-apoyan-una-declaracion-de-rechazo-a-la-ultima-agresion-sexista\\\/#primaryimage\"},\"thumbnailUrl\":\"https:\\\/\\\/www.laguiadepamplona.com\\\/actualidad\\\/wp-content\\\/uploads\\\/2018\\\/12\\\/18.12.10_concentracion_agresion_sexista.jpg\",\"articleSection\":[\"Ayto Pamplona\"],\"inLanguage\":\"es\",\"potentialAction\":[{\"@type\":\"CommentAction\",\"name\":\"Comment\",\"target\":[\"https:\\\/\\\/www.laguiadepamplona.com\\\/actualidad\\\/la-mayoria-de-las-portavocias-municipales-del-ayuntamiento-de-pamplona-apoyan-una-declaracion-de-rechazo-a-la-ultima-agresion-sexista\\\/#respond\"]}]},{\"@type\":\"WebPage\",\"@id\":\"https:\\\/\\\/www.laguiadepamplona.com\\\/actualidad\\\/la-mayoria-de-las-portavocias-municipales-del-ayuntamiento-de-pamplona-apoyan-una-declaracion-de-rechazo-a-la-ultima-agresion-sexista\\\/\",\"url\":\"https:\\\/\\\/www.laguiadepamplona.com\\\/actualidad\\\/la-mayoria-de-las-portavocias-municipales-del-ayuntamiento-de-pamplona-apoyan-una-declaracion-de-rechazo-a-la-ultima-agresion-sexista\\\/\",\"name\":\"La mayor\u00eda de las portavoc\u00edas municipales del Ayuntamiento de Pamplona apoyan una declaraci\u00f3n de rechazo a la \u00faltima agresi\u00f3n sexista\",\"isPartOf\":{\"@id\":\"https:\\\/\\\/www.laguiadepamplona.com\\\/actualidad\\\/#website\"},\"primaryImageOfPage\":{\"@id\":\"https:\\\/\\\/www.laguiadepamplona.com\\\/actualidad\\\/la-mayoria-de-las-portavocias-municipales-del-ayuntamiento-de-pamplona-apoyan-una-declaracion-de-rechazo-a-la-ultima-agresion-sexista\\\/#primaryimage\"},\"image\":{\"@id\":\"https:\\\/\\\/www.laguiadepamplona.com\\\/actualidad\\\/la-mayoria-de-las-portavocias-municipales-del-ayuntamiento-de-pamplona-apoyan-una-declaracion-de-rechazo-a-la-ultima-agresion-sexista\\\/#primaryimage\"},\"thumbnailUrl\":\"https:\\\/\\\/www.laguiadepamplona.com\\\/actualidad\\\/wp-content\\\/uploads\\\/2018\\\/12\\\/18.12.10_concentracion_agresion_sexista.jpg\",\"datePublished\":\"2018-12-10T15:35:31+00:00\",\"dateModified\":\"2018-12-10T15:35:36+00:00\",\"breadcrumb\":{\"@id\":\"https:\\\/\\\/www.laguiadepamplona.com\\\/actualidad\\\/la-mayoria-de-las-portavocias-municipales-del-ayuntamiento-de-pamplona-apoyan-una-declaracion-de-rechazo-a-la-ultima-agresion-sexista\\\/#breadcrumb\"},\"inLanguage\":\"es\",\"potentialAction\":[{\"@type\":\"ReadAction\",\"target\":[\"https:\\\/\\\/www.laguiadepamplona.com\\\/actualidad\\\/la-mayoria-de-las-portavocias-municipales-del-ayuntamiento-de-pamplona-apoyan-una-declaracion-de-rechazo-a-la-ultima-agresion-sexista\\\/\"]}]},{\"@type\":\"ImageObject\",\"inLanguage\":\"es\",\"@id\":\"https:\\\/\\\/www.laguiadepamplona.com\\\/actualidad\\\/la-mayoria-de-las-portavocias-municipales-del-ayuntamiento-de-pamplona-apoyan-una-declaracion-de-rechazo-a-la-ultima-agresion-sexista\\\/#primaryimage\",\"url\":\"https:\\\/\\\/www.laguiadepamplona.com\\\/actualidad\\\/wp-content\\\/uploads\\\/2018\\\/12\\\/18.12.10_concentracion_agresion_sexista.jpg\",\"contentUrl\":\"https:\\\/\\\/www.laguiadepamplona.com\\\/actualidad\\\/wp-content\\\/uploads\\\/2018\\\/12\\\/18.12.10_concentracion_agresion_sexista.jpg\",\"width\":1000,\"height\":667},{\"@type\":\"BreadcrumbList\",\"@id\":\"https:\\\/\\\/www.laguiadepamplona.com\\\/actualidad\\\/la-mayoria-de-las-portavocias-municipales-del-ayuntamiento-de-pamplona-apoyan-una-declaracion-de-rechazo-a-la-ultima-agresion-sexista\\\/#breadcrumb\",\"itemListElement\":[{\"@type\":\"ListItem\",\"position\":1,\"name\":\"Portada\",\"item\":\"https:\\\/\\\/www.laguiadepamplona.com\\\/actualidad\\\/\"},{\"@type\":\"ListItem\",\"position\":2,\"name\":\"La mayor\u00eda de las portavoc\u00edas municipales del Ayuntamiento de Pamplona apoyan una declaraci\u00f3n de rechazo a la \u00faltima agresi\u00f3n sexista\"}]},{\"@type\":\"WebSite\",\"@id\":\"https:\\\/\\\/www.laguiadepamplona.com\\\/actualidad\\\/#website\",\"url\":\"https:\\\/\\\/www.laguiadepamplona.com\\\/actualidad\\\/\",\"name\":\"La gu\u00eda de Pamplona\",\"description\":\"Noticias de Pamplona\",\"publisher\":{\"@id\":\"https:\\\/\\\/www.laguiadepamplona.com\\\/actualidad\\\/#organization\"},\"potentialAction\":[{\"@type\":\"SearchAction\",\"target\":{\"@type\":\"EntryPoint\",\"urlTemplate\":\"https:\\\/\\\/www.laguiadepamplona.com\\\/actualidad\\\/?s={search_term_string}\"},\"query-input\":{\"@type\":\"PropertyValueSpecification\",\"valueRequired\":true,\"valueName\":\"search_term_string\"}}],\"inLanguage\":\"es\"},{\"@type\":\"Organization\",\"@id\":\"https:\\\/\\\/www.laguiadepamplona.com\\\/actualidad\\\/#organization\",\"name\":\"La Gu\u00eda de Pamplona \\\/ Noticias\",\"url\":\"https:\\\/\\\/www.laguiadepamplona.com\\\/actualidad\\\/\",\"logo\":{\"@type\":\"ImageObject\",\"inLanguage\":\"es\",\"@id\":\"https:\\\/\\\/www.laguiadepamplona.com\\\/actualidad\\\/#\\\/schema\\\/logo\\\/image\\\/\",\"url\":\"https:\\\/\\\/www.laguiadepamplona.com\\\/actualidad\\\/wp-content\\\/uploads\\\/2018\\\/11\\\/logo-laguiadepamplona18-web1.png\",\"contentUrl\":\"https:\\\/\\\/www.laguiadepamplona.com\\\/actualidad\\\/wp-content\\\/uploads\\\/2018\\\/11\\\/logo-laguiadepamplona18-web1.png\",\"width\":600,\"height\":196,\"caption\":\"La Gu\u00eda de Pamplona \\\/ Noticias\"},\"image\":{\"@id\":\"https:\\\/\\\/www.laguiadepamplona.com\\\/actualidad\\\/#\\\/schema\\\/logo\\\/image\\\/\"},\"sameAs\":[\"https:\\\/\\\/www.facebook.com\\\/laguiadepamplonacom-133175176762273\\\/?ref=hl\",\"https:\\\/\\\/x.com\\\/LaGuiadPamplona\",\"https:\\\/\\\/www.instagram.com\\\/la_guia_de_pamplona\\\/\",\"https:\\\/\\\/www.youtube.com\\\/user\\\/laguiadepamplona\"]},{\"@type\":\"Person\",\"@id\":\"https:\\\/\\\/www.laguiadepamplona.com\\\/actualidad\\\/#\\\/schema\\\/person\\\/efe887376f0213d4657c93adc50b1fdb\",\"name\":\"La Gu\u00eda de Pamplona\",\"image\":{\"@type\":\"ImageObject\",\"inLanguage\":\"es\",\"@id\":\"https:\\\/\\\/secure.gravatar.com\\\/avatar\\\/b6992f131dc8d30ab0dff15446e9d346d9dbd95992de0fef795073f5ea83a81c?s=96&d=mm&r=g\",\"url\":\"https:\\\/\\\/secure.gravatar.com\\\/avatar\\\/b6992f131dc8d30ab0dff15446e9d346d9dbd95992de0fef795073f5ea83a81c?s=96&d=mm&r=g\",\"contentUrl\":\"https:\\\/\\\/secure.gravatar.com\\\/avatar\\\/b6992f131dc8d30ab0dff15446e9d346d9dbd95992de0fef795073f5ea83a81c?s=96&d=mm&r=g\",\"caption\":\"La Gu\u00eda de Pamplona\"}}]}<\/script>\n<!-- \/ Yoast SEO plugin. -->","yoast_head_json":{"title":"La mayor\u00eda de las portavoc\u00edas municipales del Ayuntamiento de Pamplona apoyan una declaraci\u00f3n de rechazo a la \u00faltima agresi\u00f3n sexista","robots":{"index":"index","follow":"follow","max-snippet":"max-snippet:-1","max-image-preview":"max-image-preview:large","max-video-preview":"max-video-preview:-1"},"canonical":"https:\/\/www.laguiadepamplona.com\/actualidad\/la-mayoria-de-las-portavocias-municipales-del-ayuntamiento-de-pamplona-apoyan-una-declaracion-de-rechazo-a-la-ultima-agresion-sexista\/","og_locale":"es_ES","og_type":"article","og_title":"La mayor\u00eda de las portavoc\u00edas municipales del Ayuntamiento de Pamplona apoyan una declaraci\u00f3n de rechazo a la \u00faltima agresi\u00f3n sexista","og_url":"https:\/\/www.laguiadepamplona.com\/actualidad\/la-mayoria-de-las-portavocias-municipales-del-ayuntamiento-de-pamplona-apoyan-una-declaracion-de-rechazo-a-la-ultima-agresion-sexista\/","og_site_name":"La Gu\u00eda de Pamplona","article_publisher":"https:\/\/www.facebook.com\/laguiadepamplonacom-133175176762273\/?ref=hl","article_published_time":"2018-12-10T15:35:31+00:00","article_modified_time":"2018-12-10T15:35:36+00:00","og_image":[{"width":1000,"height":667,"url":"https:\/\/www.laguiadepamplona.com\/actualidad\/wp-content\/uploads\/2018\/12\/18.12.10_concentracion_agresion_sexista.jpg","type":"image\/jpeg"}],"author":"La Gu\u00eda de Pamplona","twitter_card":"summary_large_image","twitter_creator":"@LaGuiadPamplona","twitter_site":"@LaGuiadPamplona","twitter_misc":{"Escrito por":"La Gu\u00eda de Pamplona","Tiempo de lectura":"2 minutos"},"schema":{"@context":"https:\/\/schema.org","@graph":[{"@type":"Article","@id":"https:\/\/www.laguiadepamplona.com\/actualidad\/la-mayoria-de-las-portavocias-municipales-del-ayuntamiento-de-pamplona-apoyan-una-declaracion-de-rechazo-a-la-ultima-agresion-sexista\/#article","isPartOf":{"@id":"https:\/\/www.laguiadepamplona.com\/actualidad\/la-mayoria-de-las-portavocias-municipales-del-ayuntamiento-de-pamplona-apoyan-una-declaracion-de-rechazo-a-la-ultima-agresion-sexista\/"},"author":{"name":"La Gu\u00eda de Pamplona","@id":"https:\/\/www.laguiadepamplona.com\/actualidad\/#\/schema\/person\/efe887376f0213d4657c93adc50b1fdb"},"headline":"La mayor\u00eda de las portavoc\u00edas municipales del Ayuntamiento de Pamplona apoyan una declaraci\u00f3n de rechazo a la \u00faltima agresi\u00f3n sexista","datePublished":"2018-12-10T15:35:31+00:00","dateModified":"2018-12-10T15:35:36+00:00","mainEntityOfPage":{"@id":"https:\/\/www.laguiadepamplona.com\/actualidad\/la-mayoria-de-las-portavocias-municipales-del-ayuntamiento-de-pamplona-apoyan-una-declaracion-de-rechazo-a-la-ultima-agresion-sexista\/"},"wordCount":371,"commentCount":0,"publisher":{"@id":"https:\/\/www.laguiadepamplona.com\/actualidad\/#organization"},"image":{"@id":"https:\/\/www.laguiadepamplona.com\/actualidad\/la-mayoria-de-las-portavocias-municipales-del-ayuntamiento-de-pamplona-apoyan-una-declaracion-de-rechazo-a-la-ultima-agresion-sexista\/#primaryimage"},"thumbnailUrl":"https:\/\/www.laguiadepamplona.com\/actualidad\/wp-content\/uploads\/2018\/12\/18.12.10_concentracion_agresion_sexista.jpg","articleSection":["Ayto Pamplona"],"inLanguage":"es","potentialAction":[{"@type":"CommentAction","name":"Comment","target":["https:\/\/www.laguiadepamplona.com\/actualidad\/la-mayoria-de-las-portavocias-municipales-del-ayuntamiento-de-pamplona-apoyan-una-declaracion-de-rechazo-a-la-ultima-agresion-sexista\/#respond"]}]},{"@type":"WebPage","@id":"https:\/\/www.laguiadepamplona.com\/actualidad\/la-mayoria-de-las-portavocias-municipales-del-ayuntamiento-de-pamplona-apoyan-una-declaracion-de-rechazo-a-la-ultima-agresion-sexista\/","url":"https:\/\/www.laguiadepamplona.com\/actualidad\/la-mayoria-de-las-portavocias-municipales-del-ayuntamiento-de-pamplona-apoyan-una-declaracion-de-rechazo-a-la-ultima-agresion-sexista\/","name":"La mayor\u00eda de las portavoc\u00edas municipales del Ayuntamiento de Pamplona apoyan una declaraci\u00f3n de rechazo a la \u00faltima agresi\u00f3n sexista","isPartOf":{"@id":"https:\/\/www.laguiadepamplona.com\/actualidad\/#website"},"primaryImageOfPage":{"@id":"https:\/\/www.laguiadepamplona.com\/actualidad\/la-mayoria-de-las-portavocias-municipales-del-ayuntamiento-de-pamplona-apoyan-una-declaracion-de-rechazo-a-la-ultima-agresion-sexista\/#primaryimage"},"image":{"@id":"https:\/\/www.laguiadepamplona.com\/actualidad\/la-mayoria-de-las-portavocias-municipales-del-ayuntamiento-de-pamplona-apoyan-una-declaracion-de-rechazo-a-la-ultima-agresion-sexista\/#primaryimage"},"thumbnailUrl":"https:\/\/www.laguiadepamplona.com\/actualidad\/wp-content\/uploads\/2018\/12\/18.12.10_concentracion_agresion_sexista.jpg","datePublished":"2018-12-10T15:35:31+00:00","dateModified":"2018-12-10T15:35:36+00:00","breadcrumb":{"@id":"https:\/\/www.laguiadepamplona.com\/actualidad\/la-mayoria-de-las-portavocias-municipales-del-ayuntamiento-de-pamplona-apoyan-una-declaracion-de-rechazo-a-la-ultima-agresion-sexista\/#breadcrumb"},"inLanguage":"es","potentialAction":[{"@type":"ReadAction","target":["https:\/\/www.laguiadepamplona.com\/actualidad\/la-mayoria-de-las-portavocias-municipales-del-ayuntamiento-de-pamplona-apoyan-una-declaracion-de-rechazo-a-la-ultima-agresion-sexista\/"]}]},{"@type":"ImageObject","inLanguage":"es","@id":"https:\/\/www.laguiadepamplona.com\/actualidad\/la-mayoria-de-las-portavocias-municipales-del-ayuntamiento-de-pamplona-apoyan-una-declaracion-de-rechazo-a-la-ultima-agresion-sexista\/#primaryimage","url":"https:\/\/www.laguiadepamplona.com\/actualidad\/wp-content\/uploads\/2018\/12\/18.12.10_concentracion_agresion_sexista.jpg","contentUrl":"https:\/\/www.laguiadepamplona.com\/actualidad\/wp-content\/uploads\/2018\/12\/18.12.10_concentracion_agresion_sexista.jpg","width":1000,"height":667},{"@type":"BreadcrumbList","@id":"https:\/\/www.laguiadepamplona.com\/actualidad\/la-mayoria-de-las-portavocias-municipales-del-ayuntamiento-de-pamplona-apoyan-una-declaracion-de-rechazo-a-la-ultima-agresion-sexista\/#breadcrumb","itemListElement":[{"@type":"ListItem","position":1,"name":"Portada","item":"https:\/\/www.laguiadepamplona.com\/actualidad\/"},{"@type":"ListItem","position":2,"name":"La mayor\u00eda de las portavoc\u00edas municipales del Ayuntamiento de Pamplona apoyan una declaraci\u00f3n de rechazo a la \u00faltima agresi\u00f3n sexista"}]},{"@type":"WebSite","@id":"https:\/\/www.laguiadepamplona.com\/actualidad\/#website","url":"https:\/\/www.laguiadepamplona.com\/actualidad\/","name":"La gu\u00eda de Pamplona","description":"Noticias de Pamplona","publisher":{"@id":"https:\/\/www.laguiadepamplona.com\/actualidad\/#organization"},"potentialAction":[{"@type":"SearchAction","target":{"@type":"EntryPoint","urlTemplate":"https:\/\/www.laguiadepamplona.com\/actualidad\/?s={search_term_string}"},"query-input":{"@type":"PropertyValueSpecification","valueRequired":true,"valueName":"search_term_string"}}],"inLanguage":"es"},{"@type":"Organization","@id":"https:\/\/www.laguiadepamplona.com\/actualidad\/#organization","name":"La Gu\u00eda de Pamplona \/ Noticias","url":"https:\/\/www.laguiadepamplona.com\/actualidad\/","logo":{"@type":"ImageObject","inLanguage":"es","@id":"https:\/\/www.laguiadepamplona.com\/actualidad\/#\/schema\/logo\/image\/","url":"https:\/\/www.laguiadepamplona.com\/actualidad\/wp-content\/uploads\/2018\/11\/logo-laguiadepamplona18-web1.png","contentUrl":"https:\/\/www.laguiadepamplona.com\/actualidad\/wp-content\/uploads\/2018\/11\/logo-laguiadepamplona18-web1.png","width":600,"height":196,"caption":"La Gu\u00eda de Pamplona \/ Noticias"},"image":{"@id":"https:\/\/www.laguiadepamplona.com\/actualidad\/#\/schema\/logo\/image\/"},"sameAs":["https:\/\/www.facebook.com\/laguiadepamplonacom-133175176762273\/?ref=hl","https:\/\/x.com\/LaGuiadPamplona","https:\/\/www.instagram.com\/la_guia_de_pamplona\/","https:\/\/www.youtube.com\/user\/laguiadepamplona"]},{"@type":"Person","@id":"https:\/\/www.laguiadepamplona.com\/actualidad\/#\/schema\/person\/efe887376f0213d4657c93adc50b1fdb","name":"La Gu\u00eda de Pamplona","image":{"@type":"ImageObject","inLanguage":"es","@id":"https:\/\/secure.gravatar.com\/avatar\/b6992f131dc8d30ab0dff15446e9d346d9dbd95992de0fef795073f5ea83a81c?s=96&d=mm&r=g","url":"https:\/\/secure.gravatar.com\/avatar\/b6992f131dc8d30ab0dff15446e9d346d9dbd95992de0fef795073f5ea83a81c?s=96&d=mm&r=g","contentUrl":"https:\/\/secure.gravatar.com\/avatar\/b6992f131dc8d30ab0dff15446e9d346d9dbd95992de0fef795073f5ea83a81c?s=96&d=mm&r=g","caption":"La Gu\u00eda de Pamplona"}}]}},"post_mailing_queue_ids":[],"_links":{"self":[{"href":"https:\/\/www.laguiadepamplona.com\/actualidad\/wp-json\/wp\/v2\/posts\/19705","targetHints":{"allow":["GET"]}}],"collection":[{"href":"https:\/\/www.laguiadepamplona.com\/actualidad\/wp-json\/wp\/v2\/posts"}],"about":[{"href":"https:\/\/www.laguiadepamplona.com\/actualidad\/wp-json\/wp\/v2\/types\/post"}],"author":[{"embeddable":true,"href":"https:\/\/www.laguiadepamplona.com\/actualidad\/wp-json\/wp\/v2\/users\/1"}],"replies":[{"embeddable":true,"href":"https:\/\/www.laguiadepamplona.com\/actualidad\/wp-json\/wp\/v2\/comments?post=19705"}],"version-history":[{"count":0,"href":"https:\/\/www.laguiadepamplona.com\/actualidad\/wp-json\/wp\/v2\/posts\/19705\/revisions"}],"wp:featuredmedia":[{"embeddable":true,"href":"https:\/\/www.laguiadepamplona.com\/actualidad\/wp-json\/wp\/v2\/media\/19706"}],"wp:attachment":[{"href":"https:\/\/www.laguiadepamplona.com\/actualidad\/wp-json\/wp\/v2\/media?parent=19705"}],"wp:term":[{"taxonomy":"category","embeddable":true,"href":"https:\/\/www.laguiadepamplona.com\/actualidad\/wp-json\/wp\/v2\/categories?post=19705"},{"taxonomy":"post_tag","embeddable":true,"href":"https:\/\/www.laguiadepamplona.com\/actualidad\/wp-json\/wp\/v2\/tags?post=19705"}],"curies":[{"name":"wp","href":"https:\/\/api.w.org\/{rel}","templated":true}]}}