{"id":19702,"date":"2018-12-10T17:33:44","date_gmt":"2018-12-10T15:33:44","guid":{"rendered":"https:\/\/www.laguiadepamplona.es\/actualidad\/?p=19702"},"modified":"2018-12-10T17:33:49","modified_gmt":"2018-12-10T15:33:49","slug":"comienza-un-nuevo-curso-de-formacion-para-el-empleo-dedicado-a-los-prefabricados-con-placa-de-yeso-y-pintura-con-15-personas-que-buscan-su-insercion-en-el-mercado-laboral","status":"publish","type":"post","link":"https:\/\/www.laguiadepamplona.com\/actualidad\/comienza-un-nuevo-curso-de-formacion-para-el-empleo-dedicado-a-los-prefabricados-con-placa-de-yeso-y-pintura-con-15-personas-que-buscan-su-insercion-en-el-mercado-laboral\/","title":{"rendered":"Comienza un nuevo curso de formaci\u00f3n para el empleo dedicado a los prefabricados con placa de yeso y pintura, con 15 personas que buscan su inserci\u00f3n en el mercado laboral"},"content":{"rendered":"\n<!--more-->\n\n\n\n<p>Quince personas, catorce hombres y una mujer, han comenzado\nesta ma\u00f1ana un curso de formaci\u00f3n para el empleo dedicado a los prefabricados\ncon placa de yeso laminado. El curso se\nrealizar\u00e1 durante los cuatro pr\u00f3ximos meses. Al primer d\u00eda de clase en el\nCentro Formaci\u00f3n Landaben para darles la bienvenida han acudido la concejala\ndelegada de Acci\u00f3n Social y Desarrollo Comunitario, Esther Cremaes, y la\ndirectora del \u00e1rea de Acci\u00f3n Social, Idoia Saralegui. <\/p>\n\n\n\n<p>El\ncurso est\u00e1 autofinanciado por el Ayuntamiento de Pamplona, a la espera de que\nse resuelva la convocatoria del Servicio Navarro de Empleo sobre esta\nformaci\u00f3n. Va dirigido a personas desempleadas, que necesitan procesos de\ncalificaci\u00f3n o recualificaci\u00f3n y readaptaci\u00f3n a los nuevos requerimientos del\nmercado de trabajo. Las quince personas inscritas proceden de las unidades de\nbarrio.<\/p>\n\n\n\n<p>El\nprograma incluye formaci\u00f3n sobre nociones b\u00e1sicas de alba\u00f1iler\u00eda, ejecuci\u00f3n de\ntrasdosados con placas de yeso tabiquer\u00eda con placas de yeso, instalaci\u00f3n de\ntechos, acabados decorativos de pintura&#8230; Se trata de un itinerario formativo\ny profesional en el que, adem\u00e1s, se orienta y acompa\u00f1a en la inserci\u00f3n laboral\na todas aquellas personas participantes. Se tiene pensado ejecutar obra social\nconsistente en el pintado de dos pisos municipales, rehabilitados por la\nEscuela Taller de alba\u00f1iler\u00eda y el apoyo de Empleo Social, en el barrio de San\nPedro. Durante los cuatro meses del curso, el alumnado est\u00e1 contratado por el\nAyuntamiento de Pamplona<\/p>\n\n\n\n<p>Es el segundo programa de formaci\u00f3n dedicado a los\nprefabricados con yeso laminado que lleva a cabo el Ayuntamiento de Pamplona en\neste a\u00f1o. El anterior se desarroll\u00f3 durante el primer semestre, entre los meses\nde febrero y junio, con la participaci\u00f3n de 20 personas, 16 hombres y 4\nmujeres, dentro de Gobierno de Navarra, a trav\u00e9s del Servicio Navarro de\nEmpleo.<\/p>\n","protected":false},"excerpt":{"rendered":"","protected":false},"author":1,"featured_media":19703,"comment_status":"open","ping_status":"closed","sticky":false,"template":"","format":"standard","meta":{"footnotes":""},"categories":[2],"tags":[],"class_list":["post-19702","post","type-post","status-publish","format-standard","has-post-thumbnail","hentry","category-ayuntamiento-pamplona"],"yoast_head":"<!-- This site is optimized with the Yoast SEO plugin v27.3 - https:\/\/yoast.com\/product\/yoast-seo-wordpress\/ -->\n<title>Comienza un nuevo curso de formaci\u00f3n para el empleo dedicado a los prefabricados con placa de yeso y pintura, con 15 personas que buscan su inserci\u00f3n en el mercado laboral<\/title>\n<meta name=\"robots\" content=\"index, follow, max-snippet:-1, max-image-preview:large, max-video-preview:-1\" \/>\n<link rel=\"canonical\" href=\"https:\/\/www.laguiadepamplona.com\/actualidad\/comienza-un-nuevo-curso-de-formacion-para-el-empleo-dedicado-a-los-prefabricados-con-placa-de-yeso-y-pintura-con-15-personas-que-buscan-su-insercion-en-el-mercado-laboral\/\" \/>\n<meta property=\"og:locale\" content=\"es_ES\" \/>\n<meta property=\"og:type\" content=\"article\" \/>\n<meta property=\"og:title\" content=\"Comienza un nuevo curso de formaci\u00f3n para el empleo dedicado a los prefabricados con placa de yeso y pintura, con 15 personas que buscan su inserci\u00f3n en el mercado laboral\" \/>\n<meta property=\"og:url\" content=\"https:\/\/www.laguiadepamplona.com\/actualidad\/comienza-un-nuevo-curso-de-formacion-para-el-empleo-dedicado-a-los-prefabricados-con-placa-de-yeso-y-pintura-con-15-personas-que-buscan-su-insercion-en-el-mercado-laboral\/\" \/>\n<meta property=\"og:site_name\" content=\"La Gu\u00eda de Pamplona\" \/>\n<meta property=\"article:publisher\" content=\"https:\/\/www.facebook.com\/laguiadepamplonacom-133175176762273\/?ref=hl\" \/>\n<meta property=\"article:published_time\" content=\"2018-12-10T15:33:44+00:00\" \/>\n<meta property=\"article:modified_time\" content=\"2018-12-10T15:33:49+00:00\" \/>\n<meta property=\"og:image\" content=\"https:\/\/www.laguiadepamplona.com\/actualidad\/wp-content\/uploads\/2018\/12\/curso-prefabricados-yeso-pintura.jpg\" \/>\n\t<meta property=\"og:image:width\" content=\"1000\" \/>\n\t<meta property=\"og:image:height\" content=\"666\" \/>\n\t<meta property=\"og:image:type\" content=\"image\/jpeg\" \/>\n<meta name=\"author\" content=\"La Gu\u00eda de Pamplona\" \/>\n<meta name=\"twitter:card\" content=\"summary_large_image\" \/>\n<meta name=\"twitter:creator\" content=\"@LaGuiadPamplona\" \/>\n<meta name=\"twitter:site\" content=\"@LaGuiadPamplona\" \/>\n<meta name=\"twitter:label1\" content=\"Escrito por\" \/>\n\t<meta name=\"twitter:data1\" content=\"La Gu\u00eda de Pamplona\" \/>\n\t<meta name=\"twitter:label2\" content=\"Tiempo de lectura\" \/>\n\t<meta name=\"twitter:data2\" content=\"2 minutos\" \/>\n<script type=\"application\/ld+json\" class=\"yoast-schema-graph\">{\"@context\":\"https:\\\/\\\/schema.org\",\"@graph\":[{\"@type\":\"Article\",\"@id\":\"https:\\\/\\\/www.laguiadepamplona.com\\\/actualidad\\\/comienza-un-nuevo-curso-de-formacion-para-el-empleo-dedicado-a-los-prefabricados-con-placa-de-yeso-y-pintura-con-15-personas-que-buscan-su-insercion-en-el-mercado-laboral\\\/#article\",\"isPartOf\":{\"@id\":\"https:\\\/\\\/www.laguiadepamplona.com\\\/actualidad\\\/comienza-un-nuevo-curso-de-formacion-para-el-empleo-dedicado-a-los-prefabricados-con-placa-de-yeso-y-pintura-con-15-personas-que-buscan-su-insercion-en-el-mercado-laboral\\\/\"},\"author\":{\"name\":\"La Gu\u00eda de Pamplona\",\"@id\":\"https:\\\/\\\/www.laguiadepamplona.com\\\/actualidad\\\/#\\\/schema\\\/person\\\/efe887376f0213d4657c93adc50b1fdb\"},\"headline\":\"Comienza un nuevo curso de formaci\u00f3n para el empleo dedicado a los prefabricados con placa de yeso y pintura, con 15 personas que buscan su inserci\u00f3n en el mercado laboral\",\"datePublished\":\"2018-12-10T15:33:44+00:00\",\"dateModified\":\"2018-12-10T15:33:49+00:00\",\"mainEntityOfPage\":{\"@id\":\"https:\\\/\\\/www.laguiadepamplona.com\\\/actualidad\\\/comienza-un-nuevo-curso-de-formacion-para-el-empleo-dedicado-a-los-prefabricados-con-placa-de-yeso-y-pintura-con-15-personas-que-buscan-su-insercion-en-el-mercado-laboral\\\/\"},\"wordCount\":349,\"commentCount\":0,\"publisher\":{\"@id\":\"https:\\\/\\\/www.laguiadepamplona.com\\\/actualidad\\\/#organization\"},\"image\":{\"@id\":\"https:\\\/\\\/www.laguiadepamplona.com\\\/actualidad\\\/comienza-un-nuevo-curso-de-formacion-para-el-empleo-dedicado-a-los-prefabricados-con-placa-de-yeso-y-pintura-con-15-personas-que-buscan-su-insercion-en-el-mercado-laboral\\\/#primaryimage\"},\"thumbnailUrl\":\"https:\\\/\\\/www.laguiadepamplona.com\\\/actualidad\\\/wp-content\\\/uploads\\\/2018\\\/12\\\/curso-prefabricados-yeso-pintura.jpg\",\"articleSection\":[\"Ayto Pamplona\"],\"inLanguage\":\"es\",\"potentialAction\":[{\"@type\":\"CommentAction\",\"name\":\"Comment\",\"target\":[\"https:\\\/\\\/www.laguiadepamplona.com\\\/actualidad\\\/comienza-un-nuevo-curso-de-formacion-para-el-empleo-dedicado-a-los-prefabricados-con-placa-de-yeso-y-pintura-con-15-personas-que-buscan-su-insercion-en-el-mercado-laboral\\\/#respond\"]}]},{\"@type\":\"WebPage\",\"@id\":\"https:\\\/\\\/www.laguiadepamplona.com\\\/actualidad\\\/comienza-un-nuevo-curso-de-formacion-para-el-empleo-dedicado-a-los-prefabricados-con-placa-de-yeso-y-pintura-con-15-personas-que-buscan-su-insercion-en-el-mercado-laboral\\\/\",\"url\":\"https:\\\/\\\/www.laguiadepamplona.com\\\/actualidad\\\/comienza-un-nuevo-curso-de-formacion-para-el-empleo-dedicado-a-los-prefabricados-con-placa-de-yeso-y-pintura-con-15-personas-que-buscan-su-insercion-en-el-mercado-laboral\\\/\",\"name\":\"Comienza un nuevo curso de formaci\u00f3n para el empleo dedicado a los prefabricados con placa de yeso y pintura, con 15 personas que buscan su inserci\u00f3n en el mercado laboral\",\"isPartOf\":{\"@id\":\"https:\\\/\\\/www.laguiadepamplona.com\\\/actualidad\\\/#website\"},\"primaryImageOfPage\":{\"@id\":\"https:\\\/\\\/www.laguiadepamplona.com\\\/actualidad\\\/comienza-un-nuevo-curso-de-formacion-para-el-empleo-dedicado-a-los-prefabricados-con-placa-de-yeso-y-pintura-con-15-personas-que-buscan-su-insercion-en-el-mercado-laboral\\\/#primaryimage\"},\"image\":{\"@id\":\"https:\\\/\\\/www.laguiadepamplona.com\\\/actualidad\\\/comienza-un-nuevo-curso-de-formacion-para-el-empleo-dedicado-a-los-prefabricados-con-placa-de-yeso-y-pintura-con-15-personas-que-buscan-su-insercion-en-el-mercado-laboral\\\/#primaryimage\"},\"thumbnailUrl\":\"https:\\\/\\\/www.laguiadepamplona.com\\\/actualidad\\\/wp-content\\\/uploads\\\/2018\\\/12\\\/curso-prefabricados-yeso-pintura.jpg\",\"datePublished\":\"2018-12-10T15:33:44+00:00\",\"dateModified\":\"2018-12-10T15:33:49+00:00\",\"breadcrumb\":{\"@id\":\"https:\\\/\\\/www.laguiadepamplona.com\\\/actualidad\\\/comienza-un-nuevo-curso-de-formacion-para-el-empleo-dedicado-a-los-prefabricados-con-placa-de-yeso-y-pintura-con-15-personas-que-buscan-su-insercion-en-el-mercado-laboral\\\/#breadcrumb\"},\"inLanguage\":\"es\",\"potentialAction\":[{\"@type\":\"ReadAction\",\"target\":[\"https:\\\/\\\/www.laguiadepamplona.com\\\/actualidad\\\/comienza-un-nuevo-curso-de-formacion-para-el-empleo-dedicado-a-los-prefabricados-con-placa-de-yeso-y-pintura-con-15-personas-que-buscan-su-insercion-en-el-mercado-laboral\\\/\"]}]},{\"@type\":\"ImageObject\",\"inLanguage\":\"es\",\"@id\":\"https:\\\/\\\/www.laguiadepamplona.com\\\/actualidad\\\/comienza-un-nuevo-curso-de-formacion-para-el-empleo-dedicado-a-los-prefabricados-con-placa-de-yeso-y-pintura-con-15-personas-que-buscan-su-insercion-en-el-mercado-laboral\\\/#primaryimage\",\"url\":\"https:\\\/\\\/www.laguiadepamplona.com\\\/actualidad\\\/wp-content\\\/uploads\\\/2018\\\/12\\\/curso-prefabricados-yeso-pintura.jpg\",\"contentUrl\":\"https:\\\/\\\/www.laguiadepamplona.com\\\/actualidad\\\/wp-content\\\/uploads\\\/2018\\\/12\\\/curso-prefabricados-yeso-pintura.jpg\",\"width\":1000,\"height\":666},{\"@type\":\"BreadcrumbList\",\"@id\":\"https:\\\/\\\/www.laguiadepamplona.com\\\/actualidad\\\/comienza-un-nuevo-curso-de-formacion-para-el-empleo-dedicado-a-los-prefabricados-con-placa-de-yeso-y-pintura-con-15-personas-que-buscan-su-insercion-en-el-mercado-laboral\\\/#breadcrumb\",\"itemListElement\":[{\"@type\":\"ListItem\",\"position\":1,\"name\":\"Portada\",\"item\":\"https:\\\/\\\/www.laguiadepamplona.com\\\/actualidad\\\/\"},{\"@type\":\"ListItem\",\"position\":2,\"name\":\"Comienza un nuevo curso de formaci\u00f3n para el empleo dedicado a los prefabricados con placa de yeso y pintura, con 15 personas que buscan su inserci\u00f3n en el mercado laboral\"}]},{\"@type\":\"WebSite\",\"@id\":\"https:\\\/\\\/www.laguiadepamplona.com\\\/actualidad\\\/#website\",\"url\":\"https:\\\/\\\/www.laguiadepamplona.com\\\/actualidad\\\/\",\"name\":\"La gu\u00eda de Pamplona\",\"description\":\"Noticias de Pamplona\",\"publisher\":{\"@id\":\"https:\\\/\\\/www.laguiadepamplona.com\\\/actualidad\\\/#organization\"},\"potentialAction\":[{\"@type\":\"SearchAction\",\"target\":{\"@type\":\"EntryPoint\",\"urlTemplate\":\"https:\\\/\\\/www.laguiadepamplona.com\\\/actualidad\\\/?s={search_term_string}\"},\"query-input\":{\"@type\":\"PropertyValueSpecification\",\"valueRequired\":true,\"valueName\":\"search_term_string\"}}],\"inLanguage\":\"es\"},{\"@type\":\"Organization\",\"@id\":\"https:\\\/\\\/www.laguiadepamplona.com\\\/actualidad\\\/#organization\",\"name\":\"La Gu\u00eda de Pamplona \\\/ Noticias\",\"url\":\"https:\\\/\\\/www.laguiadepamplona.com\\\/actualidad\\\/\",\"logo\":{\"@type\":\"ImageObject\",\"inLanguage\":\"es\",\"@id\":\"https:\\\/\\\/www.laguiadepamplona.com\\\/actualidad\\\/#\\\/schema\\\/logo\\\/image\\\/\",\"url\":\"https:\\\/\\\/www.laguiadepamplona.com\\\/actualidad\\\/wp-content\\\/uploads\\\/2018\\\/11\\\/logo-laguiadepamplona18-web1.png\",\"contentUrl\":\"https:\\\/\\\/www.laguiadepamplona.com\\\/actualidad\\\/wp-content\\\/uploads\\\/2018\\\/11\\\/logo-laguiadepamplona18-web1.png\",\"width\":600,\"height\":196,\"caption\":\"La Gu\u00eda de Pamplona \\\/ Noticias\"},\"image\":{\"@id\":\"https:\\\/\\\/www.laguiadepamplona.com\\\/actualidad\\\/#\\\/schema\\\/logo\\\/image\\\/\"},\"sameAs\":[\"https:\\\/\\\/www.facebook.com\\\/laguiadepamplonacom-133175176762273\\\/?ref=hl\",\"https:\\\/\\\/x.com\\\/LaGuiadPamplona\",\"https:\\\/\\\/www.instagram.com\\\/la_guia_de_pamplona\\\/\",\"https:\\\/\\\/www.youtube.com\\\/user\\\/laguiadepamplona\"]},{\"@type\":\"Person\",\"@id\":\"https:\\\/\\\/www.laguiadepamplona.com\\\/actualidad\\\/#\\\/schema\\\/person\\\/efe887376f0213d4657c93adc50b1fdb\",\"name\":\"La Gu\u00eda de Pamplona\",\"image\":{\"@type\":\"ImageObject\",\"inLanguage\":\"es\",\"@id\":\"https:\\\/\\\/secure.gravatar.com\\\/avatar\\\/b6992f131dc8d30ab0dff15446e9d346d9dbd95992de0fef795073f5ea83a81c?s=96&d=mm&r=g\",\"url\":\"https:\\\/\\\/secure.gravatar.com\\\/avatar\\\/b6992f131dc8d30ab0dff15446e9d346d9dbd95992de0fef795073f5ea83a81c?s=96&d=mm&r=g\",\"contentUrl\":\"https:\\\/\\\/secure.gravatar.com\\\/avatar\\\/b6992f131dc8d30ab0dff15446e9d346d9dbd95992de0fef795073f5ea83a81c?s=96&d=mm&r=g\",\"caption\":\"La Gu\u00eda de Pamplona\"}}]}<\/script>\n<!-- \/ Yoast SEO plugin. -->","yoast_head_json":{"title":"Comienza un nuevo curso de formaci\u00f3n para el empleo dedicado a los prefabricados con placa de yeso y pintura, con 15 personas que buscan su inserci\u00f3n en el mercado laboral","robots":{"index":"index","follow":"follow","max-snippet":"max-snippet:-1","max-image-preview":"max-image-preview:large","max-video-preview":"max-video-preview:-1"},"canonical":"https:\/\/www.laguiadepamplona.com\/actualidad\/comienza-un-nuevo-curso-de-formacion-para-el-empleo-dedicado-a-los-prefabricados-con-placa-de-yeso-y-pintura-con-15-personas-que-buscan-su-insercion-en-el-mercado-laboral\/","og_locale":"es_ES","og_type":"article","og_title":"Comienza un nuevo curso de formaci\u00f3n para el empleo dedicado a los prefabricados con placa de yeso y pintura, con 15 personas que buscan su inserci\u00f3n en el mercado laboral","og_url":"https:\/\/www.laguiadepamplona.com\/actualidad\/comienza-un-nuevo-curso-de-formacion-para-el-empleo-dedicado-a-los-prefabricados-con-placa-de-yeso-y-pintura-con-15-personas-que-buscan-su-insercion-en-el-mercado-laboral\/","og_site_name":"La Gu\u00eda de Pamplona","article_publisher":"https:\/\/www.facebook.com\/laguiadepamplonacom-133175176762273\/?ref=hl","article_published_time":"2018-12-10T15:33:44+00:00","article_modified_time":"2018-12-10T15:33:49+00:00","og_image":[{"width":1000,"height":666,"url":"https:\/\/www.laguiadepamplona.com\/actualidad\/wp-content\/uploads\/2018\/12\/curso-prefabricados-yeso-pintura.jpg","type":"image\/jpeg"}],"author":"La Gu\u00eda de Pamplona","twitter_card":"summary_large_image","twitter_creator":"@LaGuiadPamplona","twitter_site":"@LaGuiadPamplona","twitter_misc":{"Escrito por":"La Gu\u00eda de Pamplona","Tiempo de lectura":"2 minutos"},"schema":{"@context":"https:\/\/schema.org","@graph":[{"@type":"Article","@id":"https:\/\/www.laguiadepamplona.com\/actualidad\/comienza-un-nuevo-curso-de-formacion-para-el-empleo-dedicado-a-los-prefabricados-con-placa-de-yeso-y-pintura-con-15-personas-que-buscan-su-insercion-en-el-mercado-laboral\/#article","isPartOf":{"@id":"https:\/\/www.laguiadepamplona.com\/actualidad\/comienza-un-nuevo-curso-de-formacion-para-el-empleo-dedicado-a-los-prefabricados-con-placa-de-yeso-y-pintura-con-15-personas-que-buscan-su-insercion-en-el-mercado-laboral\/"},"author":{"name":"La Gu\u00eda de Pamplona","@id":"https:\/\/www.laguiadepamplona.com\/actualidad\/#\/schema\/person\/efe887376f0213d4657c93adc50b1fdb"},"headline":"Comienza un nuevo curso de formaci\u00f3n para el empleo dedicado a los prefabricados con placa de yeso y pintura, con 15 personas que buscan su inserci\u00f3n en el mercado laboral","datePublished":"2018-12-10T15:33:44+00:00","dateModified":"2018-12-10T15:33:49+00:00","mainEntityOfPage":{"@id":"https:\/\/www.laguiadepamplona.com\/actualidad\/comienza-un-nuevo-curso-de-formacion-para-el-empleo-dedicado-a-los-prefabricados-con-placa-de-yeso-y-pintura-con-15-personas-que-buscan-su-insercion-en-el-mercado-laboral\/"},"wordCount":349,"commentCount":0,"publisher":{"@id":"https:\/\/www.laguiadepamplona.com\/actualidad\/#organization"},"image":{"@id":"https:\/\/www.laguiadepamplona.com\/actualidad\/comienza-un-nuevo-curso-de-formacion-para-el-empleo-dedicado-a-los-prefabricados-con-placa-de-yeso-y-pintura-con-15-personas-que-buscan-su-insercion-en-el-mercado-laboral\/#primaryimage"},"thumbnailUrl":"https:\/\/www.laguiadepamplona.com\/actualidad\/wp-content\/uploads\/2018\/12\/curso-prefabricados-yeso-pintura.jpg","articleSection":["Ayto Pamplona"],"inLanguage":"es","potentialAction":[{"@type":"CommentAction","name":"Comment","target":["https:\/\/www.laguiadepamplona.com\/actualidad\/comienza-un-nuevo-curso-de-formacion-para-el-empleo-dedicado-a-los-prefabricados-con-placa-de-yeso-y-pintura-con-15-personas-que-buscan-su-insercion-en-el-mercado-laboral\/#respond"]}]},{"@type":"WebPage","@id":"https:\/\/www.laguiadepamplona.com\/actualidad\/comienza-un-nuevo-curso-de-formacion-para-el-empleo-dedicado-a-los-prefabricados-con-placa-de-yeso-y-pintura-con-15-personas-que-buscan-su-insercion-en-el-mercado-laboral\/","url":"https:\/\/www.laguiadepamplona.com\/actualidad\/comienza-un-nuevo-curso-de-formacion-para-el-empleo-dedicado-a-los-prefabricados-con-placa-de-yeso-y-pintura-con-15-personas-que-buscan-su-insercion-en-el-mercado-laboral\/","name":"Comienza un nuevo curso de formaci\u00f3n para el empleo dedicado a los prefabricados con placa de yeso y pintura, con 15 personas que buscan su inserci\u00f3n en el mercado laboral","isPartOf":{"@id":"https:\/\/www.laguiadepamplona.com\/actualidad\/#website"},"primaryImageOfPage":{"@id":"https:\/\/www.laguiadepamplona.com\/actualidad\/comienza-un-nuevo-curso-de-formacion-para-el-empleo-dedicado-a-los-prefabricados-con-placa-de-yeso-y-pintura-con-15-personas-que-buscan-su-insercion-en-el-mercado-laboral\/#primaryimage"},"image":{"@id":"https:\/\/www.laguiadepamplona.com\/actualidad\/comienza-un-nuevo-curso-de-formacion-para-el-empleo-dedicado-a-los-prefabricados-con-placa-de-yeso-y-pintura-con-15-personas-que-buscan-su-insercion-en-el-mercado-laboral\/#primaryimage"},"thumbnailUrl":"https:\/\/www.laguiadepamplona.com\/actualidad\/wp-content\/uploads\/2018\/12\/curso-prefabricados-yeso-pintura.jpg","datePublished":"2018-12-10T15:33:44+00:00","dateModified":"2018-12-10T15:33:49+00:00","breadcrumb":{"@id":"https:\/\/www.laguiadepamplona.com\/actualidad\/comienza-un-nuevo-curso-de-formacion-para-el-empleo-dedicado-a-los-prefabricados-con-placa-de-yeso-y-pintura-con-15-personas-que-buscan-su-insercion-en-el-mercado-laboral\/#breadcrumb"},"inLanguage":"es","potentialAction":[{"@type":"ReadAction","target":["https:\/\/www.laguiadepamplona.com\/actualidad\/comienza-un-nuevo-curso-de-formacion-para-el-empleo-dedicado-a-los-prefabricados-con-placa-de-yeso-y-pintura-con-15-personas-que-buscan-su-insercion-en-el-mercado-laboral\/"]}]},{"@type":"ImageObject","inLanguage":"es","@id":"https:\/\/www.laguiadepamplona.com\/actualidad\/comienza-un-nuevo-curso-de-formacion-para-el-empleo-dedicado-a-los-prefabricados-con-placa-de-yeso-y-pintura-con-15-personas-que-buscan-su-insercion-en-el-mercado-laboral\/#primaryimage","url":"https:\/\/www.laguiadepamplona.com\/actualidad\/wp-content\/uploads\/2018\/12\/curso-prefabricados-yeso-pintura.jpg","contentUrl":"https:\/\/www.laguiadepamplona.com\/actualidad\/wp-content\/uploads\/2018\/12\/curso-prefabricados-yeso-pintura.jpg","width":1000,"height":666},{"@type":"BreadcrumbList","@id":"https:\/\/www.laguiadepamplona.com\/actualidad\/comienza-un-nuevo-curso-de-formacion-para-el-empleo-dedicado-a-los-prefabricados-con-placa-de-yeso-y-pintura-con-15-personas-que-buscan-su-insercion-en-el-mercado-laboral\/#breadcrumb","itemListElement":[{"@type":"ListItem","position":1,"name":"Portada","item":"https:\/\/www.laguiadepamplona.com\/actualidad\/"},{"@type":"ListItem","position":2,"name":"Comienza un nuevo curso de formaci\u00f3n para el empleo dedicado a los prefabricados con placa de yeso y pintura, con 15 personas que buscan su inserci\u00f3n en el mercado laboral"}]},{"@type":"WebSite","@id":"https:\/\/www.laguiadepamplona.com\/actualidad\/#website","url":"https:\/\/www.laguiadepamplona.com\/actualidad\/","name":"La gu\u00eda de Pamplona","description":"Noticias de Pamplona","publisher":{"@id":"https:\/\/www.laguiadepamplona.com\/actualidad\/#organization"},"potentialAction":[{"@type":"SearchAction","target":{"@type":"EntryPoint","urlTemplate":"https:\/\/www.laguiadepamplona.com\/actualidad\/?s={search_term_string}"},"query-input":{"@type":"PropertyValueSpecification","valueRequired":true,"valueName":"search_term_string"}}],"inLanguage":"es"},{"@type":"Organization","@id":"https:\/\/www.laguiadepamplona.com\/actualidad\/#organization","name":"La Gu\u00eda de Pamplona \/ Noticias","url":"https:\/\/www.laguiadepamplona.com\/actualidad\/","logo":{"@type":"ImageObject","inLanguage":"es","@id":"https:\/\/www.laguiadepamplona.com\/actualidad\/#\/schema\/logo\/image\/","url":"https:\/\/www.laguiadepamplona.com\/actualidad\/wp-content\/uploads\/2018\/11\/logo-laguiadepamplona18-web1.png","contentUrl":"https:\/\/www.laguiadepamplona.com\/actualidad\/wp-content\/uploads\/2018\/11\/logo-laguiadepamplona18-web1.png","width":600,"height":196,"caption":"La Gu\u00eda de Pamplona \/ Noticias"},"image":{"@id":"https:\/\/www.laguiadepamplona.com\/actualidad\/#\/schema\/logo\/image\/"},"sameAs":["https:\/\/www.facebook.com\/laguiadepamplonacom-133175176762273\/?ref=hl","https:\/\/x.com\/LaGuiadPamplona","https:\/\/www.instagram.com\/la_guia_de_pamplona\/","https:\/\/www.youtube.com\/user\/laguiadepamplona"]},{"@type":"Person","@id":"https:\/\/www.laguiadepamplona.com\/actualidad\/#\/schema\/person\/efe887376f0213d4657c93adc50b1fdb","name":"La Gu\u00eda de Pamplona","image":{"@type":"ImageObject","inLanguage":"es","@id":"https:\/\/secure.gravatar.com\/avatar\/b6992f131dc8d30ab0dff15446e9d346d9dbd95992de0fef795073f5ea83a81c?s=96&d=mm&r=g","url":"https:\/\/secure.gravatar.com\/avatar\/b6992f131dc8d30ab0dff15446e9d346d9dbd95992de0fef795073f5ea83a81c?s=96&d=mm&r=g","contentUrl":"https:\/\/secure.gravatar.com\/avatar\/b6992f131dc8d30ab0dff15446e9d346d9dbd95992de0fef795073f5ea83a81c?s=96&d=mm&r=g","caption":"La Gu\u00eda de Pamplona"}}]}},"post_mailing_queue_ids":[],"_links":{"self":[{"href":"https:\/\/www.laguiadepamplona.com\/actualidad\/wp-json\/wp\/v2\/posts\/19702","targetHints":{"allow":["GET"]}}],"collection":[{"href":"https:\/\/www.laguiadepamplona.com\/actualidad\/wp-json\/wp\/v2\/posts"}],"about":[{"href":"https:\/\/www.laguiadepamplona.com\/actualidad\/wp-json\/wp\/v2\/types\/post"}],"author":[{"embeddable":true,"href":"https:\/\/www.laguiadepamplona.com\/actualidad\/wp-json\/wp\/v2\/users\/1"}],"replies":[{"embeddable":true,"href":"https:\/\/www.laguiadepamplona.com\/actualidad\/wp-json\/wp\/v2\/comments?post=19702"}],"version-history":[{"count":0,"href":"https:\/\/www.laguiadepamplona.com\/actualidad\/wp-json\/wp\/v2\/posts\/19702\/revisions"}],"wp:featuredmedia":[{"embeddable":true,"href":"https:\/\/www.laguiadepamplona.com\/actualidad\/wp-json\/wp\/v2\/media\/19703"}],"wp:attachment":[{"href":"https:\/\/www.laguiadepamplona.com\/actualidad\/wp-json\/wp\/v2\/media?parent=19702"}],"wp:term":[{"taxonomy":"category","embeddable":true,"href":"https:\/\/www.laguiadepamplona.com\/actualidad\/wp-json\/wp\/v2\/categories?post=19702"},{"taxonomy":"post_tag","embeddable":true,"href":"https:\/\/www.laguiadepamplona.com\/actualidad\/wp-json\/wp\/v2\/tags?post=19702"}],"curies":[{"name":"wp","href":"https:\/\/api.w.org\/{rel}","templated":true}]}}