{"id":19699,"date":"2018-12-10T17:30:30","date_gmt":"2018-12-10T15:30:30","guid":{"rendered":"https:\/\/www.laguiadepamplona.es\/actualidad\/?p=19699"},"modified":"2018-12-10T17:30:35","modified_gmt":"2018-12-10T15:30:35","slug":"las-caricias-como-alimento-necesario-en-una-relacion-tema-de-laconferencia-que-este-martes-tendra-lugar-en-civivox-iturrama-dentro-de-laescuela-de-madres-y-padres","status":"publish","type":"post","link":"https:\/\/www.laguiadepamplona.com\/actualidad\/las-caricias-como-alimento-necesario-en-una-relacion-tema-de-laconferencia-que-este-martes-tendra-lugar-en-civivox-iturrama-dentro-de-laescuela-de-madres-y-padres\/","title":{"rendered":"Las caricias como alimento necesario en una relaci\u00f3n, tema de laconferencia que este martes tendr\u00e1 lugar en Civivox Iturrama dentro de laEscuela de Madres y Padres"},"content":{"rendered":"\n<!--more-->\n\n\n\n<h3 class=\"wp-block-heading\">La sesi\u00f3n ser\u00e1 impartida por el pedagogo Blas Campos apartir de las 18 horas, con entrada libre, previa retirada de invitaciones<\/h3>\n\n\n\n<p>La Escuela de Madres y Padres organizada por la red Civivox\nllega este martes a Iturrama con la conferencia titulada \u2018Las caricias, un\nalimento necesario\u2019. La charla ser\u00e1 impartida por el pedagogo y orientador familiar\ny de pareja, Blas Campos, desde las 18 horas, con entrada libre previa retirada\nde invitaciones desde una hora antes. La actividad estar\u00e1 adaptada para\npersonas con discapacidad auditiva. <\/p>\n\n\n\n<p>As\u00ed como las personas\nnecesitan alimentarse y buscan saciar su hambre comiendo, las personas tienen\ntambi\u00e9n algunas necesidades biol\u00f3gicas y psicol\u00f3gicas que generan otro tipo de\n\u2018hambres\u2019. El hombre y la mujer nacen con hambre de est\u00edmulos, necesitan entrar\nen contacto, ser acariciados y reconocidos por los dem\u00e1s. A lo largo de la\nvida, en las familias, \u00bfestamos bien nutridos, saciados o hambrientos?,\n\u00bfsabemos \u201calimentarnos\u201d adecuadamente o nos empachamos, enfermamos\u2026? <\/p>\n\n\n\n<p>Ya el a\u00f1o que viene se retomar\u00e1 este ciclo de conferencias\ndirigido a madres y padres con las dos \u00faltimas charlas que cerrar\u00e1n el\ncuatrimestre. El martes 15 de enero en Condestable se hablar\u00e1 sobre mecanismos\ncon el juego o la metacognici\u00f3n que facilitan los aprendizajes y el martes 29,\nen una charla en euskera en Civivox Jus la Rocha, se tratar\u00e1 el tema de las\nescuelas infantiles y la relaci\u00f3n pedag\u00f3gica entre las familias, los menores y\nlos centros. Ambas sesiones, a las 18 horas, con entrada libre, previa retirada\nde invitaciones.<\/p>\n\n\n\n<p><strong>Escuela de Madres y Padres. RedCivivox. Octubre 2018 \u2013 Enero 2019<\/strong><\/p>\n\n\n\n<ul class=\"wp-block-list\"><li><strong>Martes 11 de diciembre, 18\nhoras. Civivox Iturrama<\/strong><ul><li><strong>Las caricias, un alimento\nnecesario<\/strong><\/li><\/ul><ul><li>Ponente: Blas Campos<\/li><\/ul><ul><li>Entrada libre, previa retirada de invitaciones. Actividad adaptada para\npersonas con discapacidad auditiva<\/li><\/ul><\/li><li><strong>Martes 15 de enero, 18 horas. Civivox Condestable<\/strong><ul><li><strong>Mecanismos que facilitan los aprendizajes: desde el juego a la\nmetacognici\u00f3n<\/strong><\/li><\/ul><ul><li>Ponente: Carmen Azparren<\/li><\/ul><ul><li>Entrada libre, previa retirada de invitaciones. Actividad adaptada para\npersonas con discapacidad auditiva<\/li><\/ul><\/li><li><strong>Martes 29 de enero, 18 horas. <\/strong><strong>Civivox Jus la Rocha<\/strong><ul><li><strong>Familia eta haur eskola: elkarrenganako&nbsp; konfidantza, harremanaren gakoa<\/strong><\/li><\/ul><ul><li>Hizlaria:\nEdurne Lekunberri<\/li><\/ul><ul><li>Entrada libre, previa\nretirada de invitaciones<\/li><\/ul><\/li><\/ul>\n","protected":false},"excerpt":{"rendered":"","protected":false},"author":1,"featured_media":17390,"comment_status":"open","ping_status":"closed","sticky":false,"template":"","format":"standard","meta":{"footnotes":""},"categories":[2],"tags":[],"class_list":["post-19699","post","type-post","status-publish","format-standard","has-post-thumbnail","hentry","category-ayuntamiento-pamplona"],"yoast_head":"<!-- This site is optimized with the Yoast SEO plugin v27.3 - https:\/\/yoast.com\/product\/yoast-seo-wordpress\/ -->\n<title>Las caricias como alimento necesario en una relaci\u00f3n, tema de laconferencia que este martes tendr\u00e1 lugar en Civivox Iturrama dentro de laEscuela de Madres y Padres<\/title>\n<meta name=\"robots\" content=\"index, follow, max-snippet:-1, max-image-preview:large, max-video-preview:-1\" \/>\n<link rel=\"canonical\" href=\"https:\/\/www.laguiadepamplona.com\/actualidad\/las-caricias-como-alimento-necesario-en-una-relacion-tema-de-laconferencia-que-este-martes-tendra-lugar-en-civivox-iturrama-dentro-de-laescuela-de-madres-y-padres\/\" \/>\n<meta property=\"og:locale\" content=\"es_ES\" \/>\n<meta property=\"og:type\" content=\"article\" \/>\n<meta property=\"og:title\" content=\"Las caricias como alimento necesario en una relaci\u00f3n, tema de laconferencia que este martes tendr\u00e1 lugar en Civivox Iturrama dentro de laEscuela de Madres y Padres\" \/>\n<meta property=\"og:url\" content=\"https:\/\/www.laguiadepamplona.com\/actualidad\/las-caricias-como-alimento-necesario-en-una-relacion-tema-de-laconferencia-que-este-martes-tendra-lugar-en-civivox-iturrama-dentro-de-laescuela-de-madres-y-padres\/\" \/>\n<meta property=\"og:site_name\" content=\"La Gu\u00eda de Pamplona\" \/>\n<meta property=\"article:publisher\" content=\"https:\/\/www.facebook.com\/laguiadepamplonacom-133175176762273\/?ref=hl\" \/>\n<meta property=\"article:published_time\" content=\"2018-12-10T15:30:30+00:00\" \/>\n<meta property=\"article:modified_time\" content=\"2018-12-10T15:30:35+00:00\" \/>\n<meta property=\"og:image\" content=\"https:\/\/www.laguiadepamplona.com\/actualidad\/wp-content\/uploads\/2018\/05\/palacio-condestable.jpg\" \/>\n\t<meta property=\"og:image:width\" content=\"950\" \/>\n\t<meta property=\"og:image:height\" content=\"634\" \/>\n\t<meta property=\"og:image:type\" content=\"image\/jpeg\" \/>\n<meta name=\"author\" content=\"La Gu\u00eda de Pamplona\" \/>\n<meta name=\"twitter:card\" content=\"summary_large_image\" \/>\n<meta name=\"twitter:creator\" content=\"@LaGuiadPamplona\" \/>\n<meta name=\"twitter:site\" content=\"@LaGuiadPamplona\" \/>\n<meta name=\"twitter:label1\" content=\"Escrito por\" \/>\n\t<meta name=\"twitter:data1\" content=\"La Gu\u00eda de Pamplona\" \/>\n\t<meta name=\"twitter:label2\" content=\"Tiempo de lectura\" \/>\n\t<meta name=\"twitter:data2\" content=\"2 minutos\" \/>\n<script type=\"application\/ld+json\" class=\"yoast-schema-graph\">{\"@context\":\"https:\\\/\\\/schema.org\",\"@graph\":[{\"@type\":\"Article\",\"@id\":\"https:\\\/\\\/www.laguiadepamplona.com\\\/actualidad\\\/las-caricias-como-alimento-necesario-en-una-relacion-tema-de-laconferencia-que-este-martes-tendra-lugar-en-civivox-iturrama-dentro-de-laescuela-de-madres-y-padres\\\/#article\",\"isPartOf\":{\"@id\":\"https:\\\/\\\/www.laguiadepamplona.com\\\/actualidad\\\/las-caricias-como-alimento-necesario-en-una-relacion-tema-de-laconferencia-que-este-martes-tendra-lugar-en-civivox-iturrama-dentro-de-laescuela-de-madres-y-padres\\\/\"},\"author\":{\"name\":\"La Gu\u00eda de Pamplona\",\"@id\":\"https:\\\/\\\/www.laguiadepamplona.com\\\/actualidad\\\/#\\\/schema\\\/person\\\/efe887376f0213d4657c93adc50b1fdb\"},\"headline\":\"Las caricias como alimento necesario en una relaci\u00f3n, tema de laconferencia que este martes tendr\u00e1 lugar en Civivox Iturrama dentro de laEscuela de Madres y Padres\",\"datePublished\":\"2018-12-10T15:30:30+00:00\",\"dateModified\":\"2018-12-10T15:30:35+00:00\",\"mainEntityOfPage\":{\"@id\":\"https:\\\/\\\/www.laguiadepamplona.com\\\/actualidad\\\/las-caricias-como-alimento-necesario-en-una-relacion-tema-de-laconferencia-que-este-martes-tendra-lugar-en-civivox-iturrama-dentro-de-laescuela-de-madres-y-padres\\\/\"},\"wordCount\":376,\"commentCount\":0,\"publisher\":{\"@id\":\"https:\\\/\\\/www.laguiadepamplona.com\\\/actualidad\\\/#organization\"},\"image\":{\"@id\":\"https:\\\/\\\/www.laguiadepamplona.com\\\/actualidad\\\/las-caricias-como-alimento-necesario-en-una-relacion-tema-de-laconferencia-que-este-martes-tendra-lugar-en-civivox-iturrama-dentro-de-laescuela-de-madres-y-padres\\\/#primaryimage\"},\"thumbnailUrl\":\"https:\\\/\\\/www.laguiadepamplona.com\\\/actualidad\\\/wp-content\\\/uploads\\\/2018\\\/05\\\/palacio-condestable.jpg\",\"articleSection\":[\"Ayto Pamplona\"],\"inLanguage\":\"es\",\"potentialAction\":[{\"@type\":\"CommentAction\",\"name\":\"Comment\",\"target\":[\"https:\\\/\\\/www.laguiadepamplona.com\\\/actualidad\\\/las-caricias-como-alimento-necesario-en-una-relacion-tema-de-laconferencia-que-este-martes-tendra-lugar-en-civivox-iturrama-dentro-de-laescuela-de-madres-y-padres\\\/#respond\"]}]},{\"@type\":\"WebPage\",\"@id\":\"https:\\\/\\\/www.laguiadepamplona.com\\\/actualidad\\\/las-caricias-como-alimento-necesario-en-una-relacion-tema-de-laconferencia-que-este-martes-tendra-lugar-en-civivox-iturrama-dentro-de-laescuela-de-madres-y-padres\\\/\",\"url\":\"https:\\\/\\\/www.laguiadepamplona.com\\\/actualidad\\\/las-caricias-como-alimento-necesario-en-una-relacion-tema-de-laconferencia-que-este-martes-tendra-lugar-en-civivox-iturrama-dentro-de-laescuela-de-madres-y-padres\\\/\",\"name\":\"Las caricias como alimento necesario en una relaci\u00f3n, tema de laconferencia que este martes tendr\u00e1 lugar en Civivox Iturrama dentro de laEscuela de Madres y Padres\",\"isPartOf\":{\"@id\":\"https:\\\/\\\/www.laguiadepamplona.com\\\/actualidad\\\/#website\"},\"primaryImageOfPage\":{\"@id\":\"https:\\\/\\\/www.laguiadepamplona.com\\\/actualidad\\\/las-caricias-como-alimento-necesario-en-una-relacion-tema-de-laconferencia-que-este-martes-tendra-lugar-en-civivox-iturrama-dentro-de-laescuela-de-madres-y-padres\\\/#primaryimage\"},\"image\":{\"@id\":\"https:\\\/\\\/www.laguiadepamplona.com\\\/actualidad\\\/las-caricias-como-alimento-necesario-en-una-relacion-tema-de-laconferencia-que-este-martes-tendra-lugar-en-civivox-iturrama-dentro-de-laescuela-de-madres-y-padres\\\/#primaryimage\"},\"thumbnailUrl\":\"https:\\\/\\\/www.laguiadepamplona.com\\\/actualidad\\\/wp-content\\\/uploads\\\/2018\\\/05\\\/palacio-condestable.jpg\",\"datePublished\":\"2018-12-10T15:30:30+00:00\",\"dateModified\":\"2018-12-10T15:30:35+00:00\",\"breadcrumb\":{\"@id\":\"https:\\\/\\\/www.laguiadepamplona.com\\\/actualidad\\\/las-caricias-como-alimento-necesario-en-una-relacion-tema-de-laconferencia-que-este-martes-tendra-lugar-en-civivox-iturrama-dentro-de-laescuela-de-madres-y-padres\\\/#breadcrumb\"},\"inLanguage\":\"es\",\"potentialAction\":[{\"@type\":\"ReadAction\",\"target\":[\"https:\\\/\\\/www.laguiadepamplona.com\\\/actualidad\\\/las-caricias-como-alimento-necesario-en-una-relacion-tema-de-laconferencia-que-este-martes-tendra-lugar-en-civivox-iturrama-dentro-de-laescuela-de-madres-y-padres\\\/\"]}]},{\"@type\":\"ImageObject\",\"inLanguage\":\"es\",\"@id\":\"https:\\\/\\\/www.laguiadepamplona.com\\\/actualidad\\\/las-caricias-como-alimento-necesario-en-una-relacion-tema-de-laconferencia-que-este-martes-tendra-lugar-en-civivox-iturrama-dentro-de-laescuela-de-madres-y-padres\\\/#primaryimage\",\"url\":\"https:\\\/\\\/www.laguiadepamplona.com\\\/actualidad\\\/wp-content\\\/uploads\\\/2018\\\/05\\\/palacio-condestable.jpg\",\"contentUrl\":\"https:\\\/\\\/www.laguiadepamplona.com\\\/actualidad\\\/wp-content\\\/uploads\\\/2018\\\/05\\\/palacio-condestable.jpg\",\"width\":950,\"height\":634,\"caption\":\"civivox condestable\"},{\"@type\":\"BreadcrumbList\",\"@id\":\"https:\\\/\\\/www.laguiadepamplona.com\\\/actualidad\\\/las-caricias-como-alimento-necesario-en-una-relacion-tema-de-laconferencia-que-este-martes-tendra-lugar-en-civivox-iturrama-dentro-de-laescuela-de-madres-y-padres\\\/#breadcrumb\",\"itemListElement\":[{\"@type\":\"ListItem\",\"position\":1,\"name\":\"Portada\",\"item\":\"https:\\\/\\\/www.laguiadepamplona.com\\\/actualidad\\\/\"},{\"@type\":\"ListItem\",\"position\":2,\"name\":\"Las caricias como alimento necesario en una relaci\u00f3n, tema de laconferencia que este martes tendr\u00e1 lugar en Civivox Iturrama dentro de laEscuela de Madres y Padres\"}]},{\"@type\":\"WebSite\",\"@id\":\"https:\\\/\\\/www.laguiadepamplona.com\\\/actualidad\\\/#website\",\"url\":\"https:\\\/\\\/www.laguiadepamplona.com\\\/actualidad\\\/\",\"name\":\"La gu\u00eda de Pamplona\",\"description\":\"Noticias de Pamplona\",\"publisher\":{\"@id\":\"https:\\\/\\\/www.laguiadepamplona.com\\\/actualidad\\\/#organization\"},\"potentialAction\":[{\"@type\":\"SearchAction\",\"target\":{\"@type\":\"EntryPoint\",\"urlTemplate\":\"https:\\\/\\\/www.laguiadepamplona.com\\\/actualidad\\\/?s={search_term_string}\"},\"query-input\":{\"@type\":\"PropertyValueSpecification\",\"valueRequired\":true,\"valueName\":\"search_term_string\"}}],\"inLanguage\":\"es\"},{\"@type\":\"Organization\",\"@id\":\"https:\\\/\\\/www.laguiadepamplona.com\\\/actualidad\\\/#organization\",\"name\":\"La Gu\u00eda de Pamplona \\\/ Noticias\",\"url\":\"https:\\\/\\\/www.laguiadepamplona.com\\\/actualidad\\\/\",\"logo\":{\"@type\":\"ImageObject\",\"inLanguage\":\"es\",\"@id\":\"https:\\\/\\\/www.laguiadepamplona.com\\\/actualidad\\\/#\\\/schema\\\/logo\\\/image\\\/\",\"url\":\"https:\\\/\\\/www.laguiadepamplona.com\\\/actualidad\\\/wp-content\\\/uploads\\\/2018\\\/11\\\/logo-laguiadepamplona18-web1.png\",\"contentUrl\":\"https:\\\/\\\/www.laguiadepamplona.com\\\/actualidad\\\/wp-content\\\/uploads\\\/2018\\\/11\\\/logo-laguiadepamplona18-web1.png\",\"width\":600,\"height\":196,\"caption\":\"La Gu\u00eda de Pamplona \\\/ Noticias\"},\"image\":{\"@id\":\"https:\\\/\\\/www.laguiadepamplona.com\\\/actualidad\\\/#\\\/schema\\\/logo\\\/image\\\/\"},\"sameAs\":[\"https:\\\/\\\/www.facebook.com\\\/laguiadepamplonacom-133175176762273\\\/?ref=hl\",\"https:\\\/\\\/x.com\\\/LaGuiadPamplona\",\"https:\\\/\\\/www.instagram.com\\\/la_guia_de_pamplona\\\/\",\"https:\\\/\\\/www.youtube.com\\\/user\\\/laguiadepamplona\"]},{\"@type\":\"Person\",\"@id\":\"https:\\\/\\\/www.laguiadepamplona.com\\\/actualidad\\\/#\\\/schema\\\/person\\\/efe887376f0213d4657c93adc50b1fdb\",\"name\":\"La Gu\u00eda de Pamplona\",\"image\":{\"@type\":\"ImageObject\",\"inLanguage\":\"es\",\"@id\":\"https:\\\/\\\/secure.gravatar.com\\\/avatar\\\/b6992f131dc8d30ab0dff15446e9d346d9dbd95992de0fef795073f5ea83a81c?s=96&d=mm&r=g\",\"url\":\"https:\\\/\\\/secure.gravatar.com\\\/avatar\\\/b6992f131dc8d30ab0dff15446e9d346d9dbd95992de0fef795073f5ea83a81c?s=96&d=mm&r=g\",\"contentUrl\":\"https:\\\/\\\/secure.gravatar.com\\\/avatar\\\/b6992f131dc8d30ab0dff15446e9d346d9dbd95992de0fef795073f5ea83a81c?s=96&d=mm&r=g\",\"caption\":\"La Gu\u00eda de Pamplona\"}}]}<\/script>\n<!-- \/ Yoast SEO plugin. -->","yoast_head_json":{"title":"Las caricias como alimento necesario en una relaci\u00f3n, tema de laconferencia que este martes tendr\u00e1 lugar en Civivox Iturrama dentro de laEscuela de Madres y Padres","robots":{"index":"index","follow":"follow","max-snippet":"max-snippet:-1","max-image-preview":"max-image-preview:large","max-video-preview":"max-video-preview:-1"},"canonical":"https:\/\/www.laguiadepamplona.com\/actualidad\/las-caricias-como-alimento-necesario-en-una-relacion-tema-de-laconferencia-que-este-martes-tendra-lugar-en-civivox-iturrama-dentro-de-laescuela-de-madres-y-padres\/","og_locale":"es_ES","og_type":"article","og_title":"Las caricias como alimento necesario en una relaci\u00f3n, tema de laconferencia que este martes tendr\u00e1 lugar en Civivox Iturrama dentro de laEscuela de Madres y Padres","og_url":"https:\/\/www.laguiadepamplona.com\/actualidad\/las-caricias-como-alimento-necesario-en-una-relacion-tema-de-laconferencia-que-este-martes-tendra-lugar-en-civivox-iturrama-dentro-de-laescuela-de-madres-y-padres\/","og_site_name":"La Gu\u00eda de Pamplona","article_publisher":"https:\/\/www.facebook.com\/laguiadepamplonacom-133175176762273\/?ref=hl","article_published_time":"2018-12-10T15:30:30+00:00","article_modified_time":"2018-12-10T15:30:35+00:00","og_image":[{"width":950,"height":634,"url":"https:\/\/www.laguiadepamplona.com\/actualidad\/wp-content\/uploads\/2018\/05\/palacio-condestable.jpg","type":"image\/jpeg"}],"author":"La Gu\u00eda de Pamplona","twitter_card":"summary_large_image","twitter_creator":"@LaGuiadPamplona","twitter_site":"@LaGuiadPamplona","twitter_misc":{"Escrito por":"La Gu\u00eda de Pamplona","Tiempo de lectura":"2 minutos"},"schema":{"@context":"https:\/\/schema.org","@graph":[{"@type":"Article","@id":"https:\/\/www.laguiadepamplona.com\/actualidad\/las-caricias-como-alimento-necesario-en-una-relacion-tema-de-laconferencia-que-este-martes-tendra-lugar-en-civivox-iturrama-dentro-de-laescuela-de-madres-y-padres\/#article","isPartOf":{"@id":"https:\/\/www.laguiadepamplona.com\/actualidad\/las-caricias-como-alimento-necesario-en-una-relacion-tema-de-laconferencia-que-este-martes-tendra-lugar-en-civivox-iturrama-dentro-de-laescuela-de-madres-y-padres\/"},"author":{"name":"La Gu\u00eda de Pamplona","@id":"https:\/\/www.laguiadepamplona.com\/actualidad\/#\/schema\/person\/efe887376f0213d4657c93adc50b1fdb"},"headline":"Las caricias como alimento necesario en una relaci\u00f3n, tema de laconferencia que este martes tendr\u00e1 lugar en Civivox Iturrama dentro de laEscuela de Madres y Padres","datePublished":"2018-12-10T15:30:30+00:00","dateModified":"2018-12-10T15:30:35+00:00","mainEntityOfPage":{"@id":"https:\/\/www.laguiadepamplona.com\/actualidad\/las-caricias-como-alimento-necesario-en-una-relacion-tema-de-laconferencia-que-este-martes-tendra-lugar-en-civivox-iturrama-dentro-de-laescuela-de-madres-y-padres\/"},"wordCount":376,"commentCount":0,"publisher":{"@id":"https:\/\/www.laguiadepamplona.com\/actualidad\/#organization"},"image":{"@id":"https:\/\/www.laguiadepamplona.com\/actualidad\/las-caricias-como-alimento-necesario-en-una-relacion-tema-de-laconferencia-que-este-martes-tendra-lugar-en-civivox-iturrama-dentro-de-laescuela-de-madres-y-padres\/#primaryimage"},"thumbnailUrl":"https:\/\/www.laguiadepamplona.com\/actualidad\/wp-content\/uploads\/2018\/05\/palacio-condestable.jpg","articleSection":["Ayto Pamplona"],"inLanguage":"es","potentialAction":[{"@type":"CommentAction","name":"Comment","target":["https:\/\/www.laguiadepamplona.com\/actualidad\/las-caricias-como-alimento-necesario-en-una-relacion-tema-de-laconferencia-que-este-martes-tendra-lugar-en-civivox-iturrama-dentro-de-laescuela-de-madres-y-padres\/#respond"]}]},{"@type":"WebPage","@id":"https:\/\/www.laguiadepamplona.com\/actualidad\/las-caricias-como-alimento-necesario-en-una-relacion-tema-de-laconferencia-que-este-martes-tendra-lugar-en-civivox-iturrama-dentro-de-laescuela-de-madres-y-padres\/","url":"https:\/\/www.laguiadepamplona.com\/actualidad\/las-caricias-como-alimento-necesario-en-una-relacion-tema-de-laconferencia-que-este-martes-tendra-lugar-en-civivox-iturrama-dentro-de-laescuela-de-madres-y-padres\/","name":"Las caricias como alimento necesario en una relaci\u00f3n, tema de laconferencia que este martes tendr\u00e1 lugar en Civivox Iturrama dentro de laEscuela de Madres y Padres","isPartOf":{"@id":"https:\/\/www.laguiadepamplona.com\/actualidad\/#website"},"primaryImageOfPage":{"@id":"https:\/\/www.laguiadepamplona.com\/actualidad\/las-caricias-como-alimento-necesario-en-una-relacion-tema-de-laconferencia-que-este-martes-tendra-lugar-en-civivox-iturrama-dentro-de-laescuela-de-madres-y-padres\/#primaryimage"},"image":{"@id":"https:\/\/www.laguiadepamplona.com\/actualidad\/las-caricias-como-alimento-necesario-en-una-relacion-tema-de-laconferencia-que-este-martes-tendra-lugar-en-civivox-iturrama-dentro-de-laescuela-de-madres-y-padres\/#primaryimage"},"thumbnailUrl":"https:\/\/www.laguiadepamplona.com\/actualidad\/wp-content\/uploads\/2018\/05\/palacio-condestable.jpg","datePublished":"2018-12-10T15:30:30+00:00","dateModified":"2018-12-10T15:30:35+00:00","breadcrumb":{"@id":"https:\/\/www.laguiadepamplona.com\/actualidad\/las-caricias-como-alimento-necesario-en-una-relacion-tema-de-laconferencia-que-este-martes-tendra-lugar-en-civivox-iturrama-dentro-de-laescuela-de-madres-y-padres\/#breadcrumb"},"inLanguage":"es","potentialAction":[{"@type":"ReadAction","target":["https:\/\/www.laguiadepamplona.com\/actualidad\/las-caricias-como-alimento-necesario-en-una-relacion-tema-de-laconferencia-que-este-martes-tendra-lugar-en-civivox-iturrama-dentro-de-laescuela-de-madres-y-padres\/"]}]},{"@type":"ImageObject","inLanguage":"es","@id":"https:\/\/www.laguiadepamplona.com\/actualidad\/las-caricias-como-alimento-necesario-en-una-relacion-tema-de-laconferencia-que-este-martes-tendra-lugar-en-civivox-iturrama-dentro-de-laescuela-de-madres-y-padres\/#primaryimage","url":"https:\/\/www.laguiadepamplona.com\/actualidad\/wp-content\/uploads\/2018\/05\/palacio-condestable.jpg","contentUrl":"https:\/\/www.laguiadepamplona.com\/actualidad\/wp-content\/uploads\/2018\/05\/palacio-condestable.jpg","width":950,"height":634,"caption":"civivox condestable"},{"@type":"BreadcrumbList","@id":"https:\/\/www.laguiadepamplona.com\/actualidad\/las-caricias-como-alimento-necesario-en-una-relacion-tema-de-laconferencia-que-este-martes-tendra-lugar-en-civivox-iturrama-dentro-de-laescuela-de-madres-y-padres\/#breadcrumb","itemListElement":[{"@type":"ListItem","position":1,"name":"Portada","item":"https:\/\/www.laguiadepamplona.com\/actualidad\/"},{"@type":"ListItem","position":2,"name":"Las caricias como alimento necesario en una relaci\u00f3n, tema de laconferencia que este martes tendr\u00e1 lugar en Civivox Iturrama dentro de laEscuela de Madres y Padres"}]},{"@type":"WebSite","@id":"https:\/\/www.laguiadepamplona.com\/actualidad\/#website","url":"https:\/\/www.laguiadepamplona.com\/actualidad\/","name":"La gu\u00eda de Pamplona","description":"Noticias de Pamplona","publisher":{"@id":"https:\/\/www.laguiadepamplona.com\/actualidad\/#organization"},"potentialAction":[{"@type":"SearchAction","target":{"@type":"EntryPoint","urlTemplate":"https:\/\/www.laguiadepamplona.com\/actualidad\/?s={search_term_string}"},"query-input":{"@type":"PropertyValueSpecification","valueRequired":true,"valueName":"search_term_string"}}],"inLanguage":"es"},{"@type":"Organization","@id":"https:\/\/www.laguiadepamplona.com\/actualidad\/#organization","name":"La Gu\u00eda de Pamplona \/ Noticias","url":"https:\/\/www.laguiadepamplona.com\/actualidad\/","logo":{"@type":"ImageObject","inLanguage":"es","@id":"https:\/\/www.laguiadepamplona.com\/actualidad\/#\/schema\/logo\/image\/","url":"https:\/\/www.laguiadepamplona.com\/actualidad\/wp-content\/uploads\/2018\/11\/logo-laguiadepamplona18-web1.png","contentUrl":"https:\/\/www.laguiadepamplona.com\/actualidad\/wp-content\/uploads\/2018\/11\/logo-laguiadepamplona18-web1.png","width":600,"height":196,"caption":"La Gu\u00eda de Pamplona \/ Noticias"},"image":{"@id":"https:\/\/www.laguiadepamplona.com\/actualidad\/#\/schema\/logo\/image\/"},"sameAs":["https:\/\/www.facebook.com\/laguiadepamplonacom-133175176762273\/?ref=hl","https:\/\/x.com\/LaGuiadPamplona","https:\/\/www.instagram.com\/la_guia_de_pamplona\/","https:\/\/www.youtube.com\/user\/laguiadepamplona"]},{"@type":"Person","@id":"https:\/\/www.laguiadepamplona.com\/actualidad\/#\/schema\/person\/efe887376f0213d4657c93adc50b1fdb","name":"La Gu\u00eda de Pamplona","image":{"@type":"ImageObject","inLanguage":"es","@id":"https:\/\/secure.gravatar.com\/avatar\/b6992f131dc8d30ab0dff15446e9d346d9dbd95992de0fef795073f5ea83a81c?s=96&d=mm&r=g","url":"https:\/\/secure.gravatar.com\/avatar\/b6992f131dc8d30ab0dff15446e9d346d9dbd95992de0fef795073f5ea83a81c?s=96&d=mm&r=g","contentUrl":"https:\/\/secure.gravatar.com\/avatar\/b6992f131dc8d30ab0dff15446e9d346d9dbd95992de0fef795073f5ea83a81c?s=96&d=mm&r=g","caption":"La Gu\u00eda de Pamplona"}}]}},"post_mailing_queue_ids":[],"_links":{"self":[{"href":"https:\/\/www.laguiadepamplona.com\/actualidad\/wp-json\/wp\/v2\/posts\/19699","targetHints":{"allow":["GET"]}}],"collection":[{"href":"https:\/\/www.laguiadepamplona.com\/actualidad\/wp-json\/wp\/v2\/posts"}],"about":[{"href":"https:\/\/www.laguiadepamplona.com\/actualidad\/wp-json\/wp\/v2\/types\/post"}],"author":[{"embeddable":true,"href":"https:\/\/www.laguiadepamplona.com\/actualidad\/wp-json\/wp\/v2\/users\/1"}],"replies":[{"embeddable":true,"href":"https:\/\/www.laguiadepamplona.com\/actualidad\/wp-json\/wp\/v2\/comments?post=19699"}],"version-history":[{"count":0,"href":"https:\/\/www.laguiadepamplona.com\/actualidad\/wp-json\/wp\/v2\/posts\/19699\/revisions"}],"wp:featuredmedia":[{"embeddable":true,"href":"https:\/\/www.laguiadepamplona.com\/actualidad\/wp-json\/wp\/v2\/media\/17390"}],"wp:attachment":[{"href":"https:\/\/www.laguiadepamplona.com\/actualidad\/wp-json\/wp\/v2\/media?parent=19699"}],"wp:term":[{"taxonomy":"category","embeddable":true,"href":"https:\/\/www.laguiadepamplona.com\/actualidad\/wp-json\/wp\/v2\/categories?post=19699"},{"taxonomy":"post_tag","embeddable":true,"href":"https:\/\/www.laguiadepamplona.com\/actualidad\/wp-json\/wp\/v2\/tags?post=19699"}],"curies":[{"name":"wp","href":"https:\/\/api.w.org\/{rel}","templated":true}]}}