{"id":19697,"date":"2018-12-10T17:28:52","date_gmt":"2018-12-10T15:28:52","guid":{"rendered":"https:\/\/www.laguiadepamplona.es\/actualidad\/?p=19697"},"modified":"2018-12-10T17:28:58","modified_gmt":"2018-12-10T15:28:58","slug":"el-lunes-se-abren-las-inscripciones-para-el-taller-de-cocina-navidenaeconomica-y-saludable-que-se-imparte-en-la-casa-de-la-juventud-del-17-al-19-dediciembre","status":"publish","type":"post","link":"https:\/\/www.laguiadepamplona.com\/actualidad\/el-lunes-se-abren-las-inscripciones-para-el-taller-de-cocina-navidenaeconomica-y-saludable-que-se-imparte-en-la-casa-de-la-juventud-del-17-al-19-dediciembre\/","title":{"rendered":"El lunes se abren las inscripciones para el taller de cocina navide\u00f1a,econ\u00f3mica y saludable que se imparte en la Casa de la Juventud del 17 al 19 dediciembre"},"content":{"rendered":"\n<!--more-->\n\n\n\n<h3 class=\"wp-block-heading\">Dar\u00e1 las clases el cocinero Pablo Garc\u00eda Gonz\u00e1lez, ensesiones de tarde, de 19 a 21 horas, con las inscripciones al precio de 5euros\u00a0<\/h3>\n\n\n\n<p>La Casa de la Juventud propone para los d\u00edas 17, 18 y 19 de\ndiciembre un taller de cocina navide\u00f1a, econ\u00f3mica y saludable con recetas\nsencillas para que las personas participantes puedan sorprender con platos especiales\ndurante las pr\u00f3ximas fiestas. Las inscripciones para ese taller, dirigido a\nj\u00f3venes entre 14 y 30 a\u00f1os, comienzan este pr\u00f3ximo lunes 10 de diciembre en la\npropia Casa de la Juventud con un precio de 5 euros.<\/p>\n\n\n\n<p>Las sesiones estar\u00e1n impartidas por el cocinero Pablo Garc\u00eda\nGonz\u00e1lez y se desarrollar\u00e1n por la tarde, de 19 a 21 horas. El taller lo\nconforman las tres sesiones y cada una de ellas se dedicar\u00e1 a un tipo de\nplatos. El lunes se comenzar\u00e1 con los entrantes. Las personas participantes\naprender\u00e1n a elaborar chupito de foie y pistacho, bomb\u00f3n de foie, burek o\nensalada de perdiz escabechada. Al d\u00eda siguiente, el martes, se elaborar\u00e1n\nplatos principales como carrilladas al vino tinto con tapioca, pur\u00e9s de colores\ny rissoto de peras y gorgonzola. El \u00faltimo d\u00eda se terminar\u00e1 con los postres,\ncon recetas de rocas a los tres chocolates y cuajada de turr\u00f3n y gelatina de\nmango.<\/p>\n\n\n\n<p>Pablo Garc\u00eda Gonz\u00e1lez, gaditano de origen y pamplon\u00e9s de\nadopci\u00f3n, es un apasionado de la cocina. En 2012 cre\u00f3 su blog gastron\u00f3mico <a href=\"http:\/\/alocadosenlacocina.blogspot.com.es\/\">http:\/\/alocadosenlacocina.blogspot.com.es\/<\/a>.\nHa participado en multitud de actividades y con el paso del tiempo ha ido\nhaci\u00e9ndose un peque\u00f1o hueco en la escena gastron\u00f3mica navarra. Adem\u00e1s, ha\nrealizado varios talleres de cocina en la Casa&nbsp;\nde la Juventud de Pamplona y en la asociaci\u00f3n de cultura popular y\nart\u00edstica Vesarte Pamplona y ha colaborado con el Mercado de Ermitaga\u00f1a y&nbsp; Casa Gurbindo. Tambi\u00e9n ha impartido varios\ntalleres para menores en varios colegios y ha sido jurado en el Certamen de\nEsp\u00e1rrago Fresco de Navarra, en el Certamen de Postres con Cereza de Milagro,\nen el Concurso \u2018A los fogones\u2019 de Navarra TV o en el Concurso Navarchef\norganizado por Casa Gurbindo y el Gobierno de Navarra como competici\u00f3n entre\nempresas.<\/p>\n\n\n\n<p><strong>Taller de cocina navide\u00f1a, econ\u00f3mica ysaludable<\/strong><\/p>\n\n\n\n<ul class=\"wp-block-list\"><li><strong>Inscripciones: <\/strong>del 10 al 16 de diciembre. Dirigido a j\u00f3venes entre 14 y 30 a\u00f1os. Inscripciones en la propia\nCasa de la Juventud, de lunes a viernes de 9 a 14 y de 17 a 22 horas, s\u00e1bados\nde 10 a 14 y de 17 a 21 horas y domingos de 10 a 14 horas<\/li><li><strong>Taller: <\/strong>los d\u00edas 17, 18 y 19 de\ndiciembre, de 19 a 21 horas. <ul><li>Lunes 17 de diciembre:\naperitivos<\/li><\/ul><ul><li>Martes 18 de diciembre: platos\nprincipales<\/li><\/ul><ul><li>Mi\u00e9rcoles 19de diciembre: postres&nbsp; <\/li><\/ul><\/li><li><strong>Precio:<\/strong> 5 euros (incluye las tres sesiones)<\/li><li><strong>Imparte:<\/strong> Pablo Garc\u00eda Gonz\u00e1lez<\/li><\/ul>\n","protected":false},"excerpt":{"rendered":"","protected":false},"author":1,"featured_media":13864,"comment_status":"open","ping_status":"closed","sticky":false,"template":"","format":"standard","meta":{"footnotes":""},"categories":[2],"tags":[],"class_list":["post-19697","post","type-post","status-publish","format-standard","has-post-thumbnail","hentry","category-ayuntamiento-pamplona"],"yoast_head":"<!-- This site is optimized with the Yoast SEO plugin v27.3 - https:\/\/yoast.com\/product\/yoast-seo-wordpress\/ -->\n<title>El lunes se abren las inscripciones para el taller de cocina navide\u00f1a,econ\u00f3mica y saludable que se imparte en la Casa de la Juventud del 17 al 19 dediciembre<\/title>\n<meta name=\"robots\" content=\"index, follow, max-snippet:-1, max-image-preview:large, max-video-preview:-1\" \/>\n<link rel=\"canonical\" href=\"https:\/\/www.laguiadepamplona.com\/actualidad\/el-lunes-se-abren-las-inscripciones-para-el-taller-de-cocina-navidenaeconomica-y-saludable-que-se-imparte-en-la-casa-de-la-juventud-del-17-al-19-dediciembre\/\" \/>\n<meta property=\"og:locale\" content=\"es_ES\" \/>\n<meta property=\"og:type\" content=\"article\" \/>\n<meta property=\"og:title\" content=\"El lunes se abren las inscripciones para el taller de cocina navide\u00f1a,econ\u00f3mica y saludable que se imparte en la Casa de la Juventud del 17 al 19 dediciembre\" \/>\n<meta property=\"og:url\" content=\"https:\/\/www.laguiadepamplona.com\/actualidad\/el-lunes-se-abren-las-inscripciones-para-el-taller-de-cocina-navidenaeconomica-y-saludable-que-se-imparte-en-la-casa-de-la-juventud-del-17-al-19-dediciembre\/\" \/>\n<meta property=\"og:site_name\" content=\"La Gu\u00eda de Pamplona\" \/>\n<meta property=\"article:publisher\" content=\"https:\/\/www.facebook.com\/laguiadepamplonacom-133175176762273\/?ref=hl\" \/>\n<meta property=\"article:published_time\" content=\"2018-12-10T15:28:52+00:00\" \/>\n<meta property=\"article:modified_time\" content=\"2018-12-10T15:28:58+00:00\" \/>\n<meta property=\"og:image\" content=\"https:\/\/www.laguiadepamplona.com\/actualidad\/wp-content\/uploads\/2017\/08\/cada_dia_plan_juventud.jpg\" \/>\n\t<meta property=\"og:image:width\" content=\"1000\" \/>\n\t<meta property=\"og:image:height\" content=\"527\" \/>\n\t<meta property=\"og:image:type\" content=\"image\/jpeg\" \/>\n<meta name=\"author\" content=\"La Gu\u00eda de Pamplona\" \/>\n<meta name=\"twitter:card\" content=\"summary_large_image\" \/>\n<meta name=\"twitter:creator\" content=\"@LaGuiadPamplona\" \/>\n<meta name=\"twitter:site\" content=\"@LaGuiadPamplona\" \/>\n<meta name=\"twitter:label1\" content=\"Escrito por\" \/>\n\t<meta name=\"twitter:data1\" content=\"La Gu\u00eda de Pamplona\" \/>\n\t<meta name=\"twitter:label2\" content=\"Tiempo de lectura\" \/>\n\t<meta name=\"twitter:data2\" content=\"2 minutos\" \/>\n<script type=\"application\/ld+json\" class=\"yoast-schema-graph\">{\"@context\":\"https:\\\/\\\/schema.org\",\"@graph\":[{\"@type\":\"Article\",\"@id\":\"https:\\\/\\\/www.laguiadepamplona.com\\\/actualidad\\\/el-lunes-se-abren-las-inscripciones-para-el-taller-de-cocina-navidenaeconomica-y-saludable-que-se-imparte-en-la-casa-de-la-juventud-del-17-al-19-dediciembre\\\/#article\",\"isPartOf\":{\"@id\":\"https:\\\/\\\/www.laguiadepamplona.com\\\/actualidad\\\/el-lunes-se-abren-las-inscripciones-para-el-taller-de-cocina-navidenaeconomica-y-saludable-que-se-imparte-en-la-casa-de-la-juventud-del-17-al-19-dediciembre\\\/\"},\"author\":{\"name\":\"La Gu\u00eda de Pamplona\",\"@id\":\"https:\\\/\\\/www.laguiadepamplona.com\\\/actualidad\\\/#\\\/schema\\\/person\\\/efe887376f0213d4657c93adc50b1fdb\"},\"headline\":\"El lunes se abren las inscripciones para el taller de cocina navide\u00f1a,econ\u00f3mica y saludable que se imparte en la Casa de la Juventud del 17 al 19 dediciembre\",\"datePublished\":\"2018-12-10T15:28:52+00:00\",\"dateModified\":\"2018-12-10T15:28:58+00:00\",\"mainEntityOfPage\":{\"@id\":\"https:\\\/\\\/www.laguiadepamplona.com\\\/actualidad\\\/el-lunes-se-abren-las-inscripciones-para-el-taller-de-cocina-navidenaeconomica-y-saludable-que-se-imparte-en-la-casa-de-la-juventud-del-17-al-19-dediciembre\\\/\"},\"wordCount\":500,\"commentCount\":0,\"publisher\":{\"@id\":\"https:\\\/\\\/www.laguiadepamplona.com\\\/actualidad\\\/#organization\"},\"image\":{\"@id\":\"https:\\\/\\\/www.laguiadepamplona.com\\\/actualidad\\\/el-lunes-se-abren-las-inscripciones-para-el-taller-de-cocina-navidenaeconomica-y-saludable-que-se-imparte-en-la-casa-de-la-juventud-del-17-al-19-dediciembre\\\/#primaryimage\"},\"thumbnailUrl\":\"https:\\\/\\\/www.laguiadepamplona.com\\\/actualidad\\\/wp-content\\\/uploads\\\/2017\\\/08\\\/cada_dia_plan_juventud.jpg\",\"articleSection\":[\"Ayto Pamplona\"],\"inLanguage\":\"es\",\"potentialAction\":[{\"@type\":\"CommentAction\",\"name\":\"Comment\",\"target\":[\"https:\\\/\\\/www.laguiadepamplona.com\\\/actualidad\\\/el-lunes-se-abren-las-inscripciones-para-el-taller-de-cocina-navidenaeconomica-y-saludable-que-se-imparte-en-la-casa-de-la-juventud-del-17-al-19-dediciembre\\\/#respond\"]}]},{\"@type\":\"WebPage\",\"@id\":\"https:\\\/\\\/www.laguiadepamplona.com\\\/actualidad\\\/el-lunes-se-abren-las-inscripciones-para-el-taller-de-cocina-navidenaeconomica-y-saludable-que-se-imparte-en-la-casa-de-la-juventud-del-17-al-19-dediciembre\\\/\",\"url\":\"https:\\\/\\\/www.laguiadepamplona.com\\\/actualidad\\\/el-lunes-se-abren-las-inscripciones-para-el-taller-de-cocina-navidenaeconomica-y-saludable-que-se-imparte-en-la-casa-de-la-juventud-del-17-al-19-dediciembre\\\/\",\"name\":\"El lunes se abren las inscripciones para el taller de cocina navide\u00f1a,econ\u00f3mica y saludable que se imparte en la Casa de la Juventud del 17 al 19 dediciembre\",\"isPartOf\":{\"@id\":\"https:\\\/\\\/www.laguiadepamplona.com\\\/actualidad\\\/#website\"},\"primaryImageOfPage\":{\"@id\":\"https:\\\/\\\/www.laguiadepamplona.com\\\/actualidad\\\/el-lunes-se-abren-las-inscripciones-para-el-taller-de-cocina-navidenaeconomica-y-saludable-que-se-imparte-en-la-casa-de-la-juventud-del-17-al-19-dediciembre\\\/#primaryimage\"},\"image\":{\"@id\":\"https:\\\/\\\/www.laguiadepamplona.com\\\/actualidad\\\/el-lunes-se-abren-las-inscripciones-para-el-taller-de-cocina-navidenaeconomica-y-saludable-que-se-imparte-en-la-casa-de-la-juventud-del-17-al-19-dediciembre\\\/#primaryimage\"},\"thumbnailUrl\":\"https:\\\/\\\/www.laguiadepamplona.com\\\/actualidad\\\/wp-content\\\/uploads\\\/2017\\\/08\\\/cada_dia_plan_juventud.jpg\",\"datePublished\":\"2018-12-10T15:28:52+00:00\",\"dateModified\":\"2018-12-10T15:28:58+00:00\",\"breadcrumb\":{\"@id\":\"https:\\\/\\\/www.laguiadepamplona.com\\\/actualidad\\\/el-lunes-se-abren-las-inscripciones-para-el-taller-de-cocina-navidenaeconomica-y-saludable-que-se-imparte-en-la-casa-de-la-juventud-del-17-al-19-dediciembre\\\/#breadcrumb\"},\"inLanguage\":\"es\",\"potentialAction\":[{\"@type\":\"ReadAction\",\"target\":[\"https:\\\/\\\/www.laguiadepamplona.com\\\/actualidad\\\/el-lunes-se-abren-las-inscripciones-para-el-taller-de-cocina-navidenaeconomica-y-saludable-que-se-imparte-en-la-casa-de-la-juventud-del-17-al-19-dediciembre\\\/\"]}]},{\"@type\":\"ImageObject\",\"inLanguage\":\"es\",\"@id\":\"https:\\\/\\\/www.laguiadepamplona.com\\\/actualidad\\\/el-lunes-se-abren-las-inscripciones-para-el-taller-de-cocina-navidenaeconomica-y-saludable-que-se-imparte-en-la-casa-de-la-juventud-del-17-al-19-dediciembre\\\/#primaryimage\",\"url\":\"https:\\\/\\\/www.laguiadepamplona.com\\\/actualidad\\\/wp-content\\\/uploads\\\/2017\\\/08\\\/cada_dia_plan_juventud.jpg\",\"contentUrl\":\"https:\\\/\\\/www.laguiadepamplona.com\\\/actualidad\\\/wp-content\\\/uploads\\\/2017\\\/08\\\/cada_dia_plan_juventud.jpg\",\"width\":1000,\"height\":527},{\"@type\":\"BreadcrumbList\",\"@id\":\"https:\\\/\\\/www.laguiadepamplona.com\\\/actualidad\\\/el-lunes-se-abren-las-inscripciones-para-el-taller-de-cocina-navidenaeconomica-y-saludable-que-se-imparte-en-la-casa-de-la-juventud-del-17-al-19-dediciembre\\\/#breadcrumb\",\"itemListElement\":[{\"@type\":\"ListItem\",\"position\":1,\"name\":\"Portada\",\"item\":\"https:\\\/\\\/www.laguiadepamplona.com\\\/actualidad\\\/\"},{\"@type\":\"ListItem\",\"position\":2,\"name\":\"El lunes se abren las inscripciones para el taller de cocina navide\u00f1a,econ\u00f3mica y saludable que se imparte en la Casa de la Juventud del 17 al 19 dediciembre\"}]},{\"@type\":\"WebSite\",\"@id\":\"https:\\\/\\\/www.laguiadepamplona.com\\\/actualidad\\\/#website\",\"url\":\"https:\\\/\\\/www.laguiadepamplona.com\\\/actualidad\\\/\",\"name\":\"La gu\u00eda de Pamplona\",\"description\":\"Noticias de Pamplona\",\"publisher\":{\"@id\":\"https:\\\/\\\/www.laguiadepamplona.com\\\/actualidad\\\/#organization\"},\"potentialAction\":[{\"@type\":\"SearchAction\",\"target\":{\"@type\":\"EntryPoint\",\"urlTemplate\":\"https:\\\/\\\/www.laguiadepamplona.com\\\/actualidad\\\/?s={search_term_string}\"},\"query-input\":{\"@type\":\"PropertyValueSpecification\",\"valueRequired\":true,\"valueName\":\"search_term_string\"}}],\"inLanguage\":\"es\"},{\"@type\":\"Organization\",\"@id\":\"https:\\\/\\\/www.laguiadepamplona.com\\\/actualidad\\\/#organization\",\"name\":\"La Gu\u00eda de Pamplona \\\/ Noticias\",\"url\":\"https:\\\/\\\/www.laguiadepamplona.com\\\/actualidad\\\/\",\"logo\":{\"@type\":\"ImageObject\",\"inLanguage\":\"es\",\"@id\":\"https:\\\/\\\/www.laguiadepamplona.com\\\/actualidad\\\/#\\\/schema\\\/logo\\\/image\\\/\",\"url\":\"https:\\\/\\\/www.laguiadepamplona.com\\\/actualidad\\\/wp-content\\\/uploads\\\/2018\\\/11\\\/logo-laguiadepamplona18-web1.png\",\"contentUrl\":\"https:\\\/\\\/www.laguiadepamplona.com\\\/actualidad\\\/wp-content\\\/uploads\\\/2018\\\/11\\\/logo-laguiadepamplona18-web1.png\",\"width\":600,\"height\":196,\"caption\":\"La Gu\u00eda de Pamplona \\\/ Noticias\"},\"image\":{\"@id\":\"https:\\\/\\\/www.laguiadepamplona.com\\\/actualidad\\\/#\\\/schema\\\/logo\\\/image\\\/\"},\"sameAs\":[\"https:\\\/\\\/www.facebook.com\\\/laguiadepamplonacom-133175176762273\\\/?ref=hl\",\"https:\\\/\\\/x.com\\\/LaGuiadPamplona\",\"https:\\\/\\\/www.instagram.com\\\/la_guia_de_pamplona\\\/\",\"https:\\\/\\\/www.youtube.com\\\/user\\\/laguiadepamplona\"]},{\"@type\":\"Person\",\"@id\":\"https:\\\/\\\/www.laguiadepamplona.com\\\/actualidad\\\/#\\\/schema\\\/person\\\/efe887376f0213d4657c93adc50b1fdb\",\"name\":\"La Gu\u00eda de Pamplona\",\"image\":{\"@type\":\"ImageObject\",\"inLanguage\":\"es\",\"@id\":\"https:\\\/\\\/secure.gravatar.com\\\/avatar\\\/b6992f131dc8d30ab0dff15446e9d346d9dbd95992de0fef795073f5ea83a81c?s=96&d=mm&r=g\",\"url\":\"https:\\\/\\\/secure.gravatar.com\\\/avatar\\\/b6992f131dc8d30ab0dff15446e9d346d9dbd95992de0fef795073f5ea83a81c?s=96&d=mm&r=g\",\"contentUrl\":\"https:\\\/\\\/secure.gravatar.com\\\/avatar\\\/b6992f131dc8d30ab0dff15446e9d346d9dbd95992de0fef795073f5ea83a81c?s=96&d=mm&r=g\",\"caption\":\"La Gu\u00eda de Pamplona\"}}]}<\/script>\n<!-- \/ Yoast SEO plugin. -->","yoast_head_json":{"title":"El lunes se abren las inscripciones para el taller de cocina navide\u00f1a,econ\u00f3mica y saludable que se imparte en la Casa de la Juventud del 17 al 19 dediciembre","robots":{"index":"index","follow":"follow","max-snippet":"max-snippet:-1","max-image-preview":"max-image-preview:large","max-video-preview":"max-video-preview:-1"},"canonical":"https:\/\/www.laguiadepamplona.com\/actualidad\/el-lunes-se-abren-las-inscripciones-para-el-taller-de-cocina-navidenaeconomica-y-saludable-que-se-imparte-en-la-casa-de-la-juventud-del-17-al-19-dediciembre\/","og_locale":"es_ES","og_type":"article","og_title":"El lunes se abren las inscripciones para el taller de cocina navide\u00f1a,econ\u00f3mica y saludable que se imparte en la Casa de la Juventud del 17 al 19 dediciembre","og_url":"https:\/\/www.laguiadepamplona.com\/actualidad\/el-lunes-se-abren-las-inscripciones-para-el-taller-de-cocina-navidenaeconomica-y-saludable-que-se-imparte-en-la-casa-de-la-juventud-del-17-al-19-dediciembre\/","og_site_name":"La Gu\u00eda de Pamplona","article_publisher":"https:\/\/www.facebook.com\/laguiadepamplonacom-133175176762273\/?ref=hl","article_published_time":"2018-12-10T15:28:52+00:00","article_modified_time":"2018-12-10T15:28:58+00:00","og_image":[{"width":1000,"height":527,"url":"https:\/\/www.laguiadepamplona.com\/actualidad\/wp-content\/uploads\/2017\/08\/cada_dia_plan_juventud.jpg","type":"image\/jpeg"}],"author":"La Gu\u00eda de Pamplona","twitter_card":"summary_large_image","twitter_creator":"@LaGuiadPamplona","twitter_site":"@LaGuiadPamplona","twitter_misc":{"Escrito por":"La Gu\u00eda de Pamplona","Tiempo de lectura":"2 minutos"},"schema":{"@context":"https:\/\/schema.org","@graph":[{"@type":"Article","@id":"https:\/\/www.laguiadepamplona.com\/actualidad\/el-lunes-se-abren-las-inscripciones-para-el-taller-de-cocina-navidenaeconomica-y-saludable-que-se-imparte-en-la-casa-de-la-juventud-del-17-al-19-dediciembre\/#article","isPartOf":{"@id":"https:\/\/www.laguiadepamplona.com\/actualidad\/el-lunes-se-abren-las-inscripciones-para-el-taller-de-cocina-navidenaeconomica-y-saludable-que-se-imparte-en-la-casa-de-la-juventud-del-17-al-19-dediciembre\/"},"author":{"name":"La Gu\u00eda de Pamplona","@id":"https:\/\/www.laguiadepamplona.com\/actualidad\/#\/schema\/person\/efe887376f0213d4657c93adc50b1fdb"},"headline":"El lunes se abren las inscripciones para el taller de cocina navide\u00f1a,econ\u00f3mica y saludable que se imparte en la Casa de la Juventud del 17 al 19 dediciembre","datePublished":"2018-12-10T15:28:52+00:00","dateModified":"2018-12-10T15:28:58+00:00","mainEntityOfPage":{"@id":"https:\/\/www.laguiadepamplona.com\/actualidad\/el-lunes-se-abren-las-inscripciones-para-el-taller-de-cocina-navidenaeconomica-y-saludable-que-se-imparte-en-la-casa-de-la-juventud-del-17-al-19-dediciembre\/"},"wordCount":500,"commentCount":0,"publisher":{"@id":"https:\/\/www.laguiadepamplona.com\/actualidad\/#organization"},"image":{"@id":"https:\/\/www.laguiadepamplona.com\/actualidad\/el-lunes-se-abren-las-inscripciones-para-el-taller-de-cocina-navidenaeconomica-y-saludable-que-se-imparte-en-la-casa-de-la-juventud-del-17-al-19-dediciembre\/#primaryimage"},"thumbnailUrl":"https:\/\/www.laguiadepamplona.com\/actualidad\/wp-content\/uploads\/2017\/08\/cada_dia_plan_juventud.jpg","articleSection":["Ayto Pamplona"],"inLanguage":"es","potentialAction":[{"@type":"CommentAction","name":"Comment","target":["https:\/\/www.laguiadepamplona.com\/actualidad\/el-lunes-se-abren-las-inscripciones-para-el-taller-de-cocina-navidenaeconomica-y-saludable-que-se-imparte-en-la-casa-de-la-juventud-del-17-al-19-dediciembre\/#respond"]}]},{"@type":"WebPage","@id":"https:\/\/www.laguiadepamplona.com\/actualidad\/el-lunes-se-abren-las-inscripciones-para-el-taller-de-cocina-navidenaeconomica-y-saludable-que-se-imparte-en-la-casa-de-la-juventud-del-17-al-19-dediciembre\/","url":"https:\/\/www.laguiadepamplona.com\/actualidad\/el-lunes-se-abren-las-inscripciones-para-el-taller-de-cocina-navidenaeconomica-y-saludable-que-se-imparte-en-la-casa-de-la-juventud-del-17-al-19-dediciembre\/","name":"El lunes se abren las inscripciones para el taller de cocina navide\u00f1a,econ\u00f3mica y saludable que se imparte en la Casa de la Juventud del 17 al 19 dediciembre","isPartOf":{"@id":"https:\/\/www.laguiadepamplona.com\/actualidad\/#website"},"primaryImageOfPage":{"@id":"https:\/\/www.laguiadepamplona.com\/actualidad\/el-lunes-se-abren-las-inscripciones-para-el-taller-de-cocina-navidenaeconomica-y-saludable-que-se-imparte-en-la-casa-de-la-juventud-del-17-al-19-dediciembre\/#primaryimage"},"image":{"@id":"https:\/\/www.laguiadepamplona.com\/actualidad\/el-lunes-se-abren-las-inscripciones-para-el-taller-de-cocina-navidenaeconomica-y-saludable-que-se-imparte-en-la-casa-de-la-juventud-del-17-al-19-dediciembre\/#primaryimage"},"thumbnailUrl":"https:\/\/www.laguiadepamplona.com\/actualidad\/wp-content\/uploads\/2017\/08\/cada_dia_plan_juventud.jpg","datePublished":"2018-12-10T15:28:52+00:00","dateModified":"2018-12-10T15:28:58+00:00","breadcrumb":{"@id":"https:\/\/www.laguiadepamplona.com\/actualidad\/el-lunes-se-abren-las-inscripciones-para-el-taller-de-cocina-navidenaeconomica-y-saludable-que-se-imparte-en-la-casa-de-la-juventud-del-17-al-19-dediciembre\/#breadcrumb"},"inLanguage":"es","potentialAction":[{"@type":"ReadAction","target":["https:\/\/www.laguiadepamplona.com\/actualidad\/el-lunes-se-abren-las-inscripciones-para-el-taller-de-cocina-navidenaeconomica-y-saludable-que-se-imparte-en-la-casa-de-la-juventud-del-17-al-19-dediciembre\/"]}]},{"@type":"ImageObject","inLanguage":"es","@id":"https:\/\/www.laguiadepamplona.com\/actualidad\/el-lunes-se-abren-las-inscripciones-para-el-taller-de-cocina-navidenaeconomica-y-saludable-que-se-imparte-en-la-casa-de-la-juventud-del-17-al-19-dediciembre\/#primaryimage","url":"https:\/\/www.laguiadepamplona.com\/actualidad\/wp-content\/uploads\/2017\/08\/cada_dia_plan_juventud.jpg","contentUrl":"https:\/\/www.laguiadepamplona.com\/actualidad\/wp-content\/uploads\/2017\/08\/cada_dia_plan_juventud.jpg","width":1000,"height":527},{"@type":"BreadcrumbList","@id":"https:\/\/www.laguiadepamplona.com\/actualidad\/el-lunes-se-abren-las-inscripciones-para-el-taller-de-cocina-navidenaeconomica-y-saludable-que-se-imparte-en-la-casa-de-la-juventud-del-17-al-19-dediciembre\/#breadcrumb","itemListElement":[{"@type":"ListItem","position":1,"name":"Portada","item":"https:\/\/www.laguiadepamplona.com\/actualidad\/"},{"@type":"ListItem","position":2,"name":"El lunes se abren las inscripciones para el taller de cocina navide\u00f1a,econ\u00f3mica y saludable que se imparte en la Casa de la Juventud del 17 al 19 dediciembre"}]},{"@type":"WebSite","@id":"https:\/\/www.laguiadepamplona.com\/actualidad\/#website","url":"https:\/\/www.laguiadepamplona.com\/actualidad\/","name":"La gu\u00eda de Pamplona","description":"Noticias de Pamplona","publisher":{"@id":"https:\/\/www.laguiadepamplona.com\/actualidad\/#organization"},"potentialAction":[{"@type":"SearchAction","target":{"@type":"EntryPoint","urlTemplate":"https:\/\/www.laguiadepamplona.com\/actualidad\/?s={search_term_string}"},"query-input":{"@type":"PropertyValueSpecification","valueRequired":true,"valueName":"search_term_string"}}],"inLanguage":"es"},{"@type":"Organization","@id":"https:\/\/www.laguiadepamplona.com\/actualidad\/#organization","name":"La Gu\u00eda de Pamplona \/ Noticias","url":"https:\/\/www.laguiadepamplona.com\/actualidad\/","logo":{"@type":"ImageObject","inLanguage":"es","@id":"https:\/\/www.laguiadepamplona.com\/actualidad\/#\/schema\/logo\/image\/","url":"https:\/\/www.laguiadepamplona.com\/actualidad\/wp-content\/uploads\/2018\/11\/logo-laguiadepamplona18-web1.png","contentUrl":"https:\/\/www.laguiadepamplona.com\/actualidad\/wp-content\/uploads\/2018\/11\/logo-laguiadepamplona18-web1.png","width":600,"height":196,"caption":"La Gu\u00eda de Pamplona \/ Noticias"},"image":{"@id":"https:\/\/www.laguiadepamplona.com\/actualidad\/#\/schema\/logo\/image\/"},"sameAs":["https:\/\/www.facebook.com\/laguiadepamplonacom-133175176762273\/?ref=hl","https:\/\/x.com\/LaGuiadPamplona","https:\/\/www.instagram.com\/la_guia_de_pamplona\/","https:\/\/www.youtube.com\/user\/laguiadepamplona"]},{"@type":"Person","@id":"https:\/\/www.laguiadepamplona.com\/actualidad\/#\/schema\/person\/efe887376f0213d4657c93adc50b1fdb","name":"La Gu\u00eda de Pamplona","image":{"@type":"ImageObject","inLanguage":"es","@id":"https:\/\/secure.gravatar.com\/avatar\/b6992f131dc8d30ab0dff15446e9d346d9dbd95992de0fef795073f5ea83a81c?s=96&d=mm&r=g","url":"https:\/\/secure.gravatar.com\/avatar\/b6992f131dc8d30ab0dff15446e9d346d9dbd95992de0fef795073f5ea83a81c?s=96&d=mm&r=g","contentUrl":"https:\/\/secure.gravatar.com\/avatar\/b6992f131dc8d30ab0dff15446e9d346d9dbd95992de0fef795073f5ea83a81c?s=96&d=mm&r=g","caption":"La Gu\u00eda de Pamplona"}}]}},"post_mailing_queue_ids":[],"_links":{"self":[{"href":"https:\/\/www.laguiadepamplona.com\/actualidad\/wp-json\/wp\/v2\/posts\/19697","targetHints":{"allow":["GET"]}}],"collection":[{"href":"https:\/\/www.laguiadepamplona.com\/actualidad\/wp-json\/wp\/v2\/posts"}],"about":[{"href":"https:\/\/www.laguiadepamplona.com\/actualidad\/wp-json\/wp\/v2\/types\/post"}],"author":[{"embeddable":true,"href":"https:\/\/www.laguiadepamplona.com\/actualidad\/wp-json\/wp\/v2\/users\/1"}],"replies":[{"embeddable":true,"href":"https:\/\/www.laguiadepamplona.com\/actualidad\/wp-json\/wp\/v2\/comments?post=19697"}],"version-history":[{"count":0,"href":"https:\/\/www.laguiadepamplona.com\/actualidad\/wp-json\/wp\/v2\/posts\/19697\/revisions"}],"wp:featuredmedia":[{"embeddable":true,"href":"https:\/\/www.laguiadepamplona.com\/actualidad\/wp-json\/wp\/v2\/media\/13864"}],"wp:attachment":[{"href":"https:\/\/www.laguiadepamplona.com\/actualidad\/wp-json\/wp\/v2\/media?parent=19697"}],"wp:term":[{"taxonomy":"category","embeddable":true,"href":"https:\/\/www.laguiadepamplona.com\/actualidad\/wp-json\/wp\/v2\/categories?post=19697"},{"taxonomy":"post_tag","embeddable":true,"href":"https:\/\/www.laguiadepamplona.com\/actualidad\/wp-json\/wp\/v2\/tags?post=19697"}],"curies":[{"name":"wp","href":"https:\/\/api.w.org\/{rel}","templated":true}]}}