{"id":19694,"date":"2018-12-10T17:26:43","date_gmt":"2018-12-10T15:26:43","guid":{"rendered":"https:\/\/www.laguiadepamplona.es\/actualidad\/?p=19694"},"modified":"2018-12-10T17:26:48","modified_gmt":"2018-12-10T15:26:48","slug":"manana-martes-vuelven-los-foros-de-barrio-con-el-encuentro-previsto-en-sanjorge-que-tendra-lugar-en-el-c-p-sanduzelai","status":"publish","type":"post","link":"https:\/\/www.laguiadepamplona.com\/actualidad\/manana-martes-vuelven-los-foros-de-barrio-con-el-encuentro-previsto-en-sanjorge-que-tendra-lugar-en-el-c-p-sanduzelai\/","title":{"rendered":"Ma\u00f1ana martes vuelven los Foros de Barrio con el encuentro previsto en SanJorge, que tendr\u00e1 lugar en el C.P. Sanduzelai"},"content":{"rendered":"\n<!--more-->\n\n\n\n<h3 class=\"wp-block-heading\">El foro comienza a las 18.30 horas y est\u00e1 abierto a la\nparticipaci\u00f3n tanto presencial como on line, a trav\u00e9s de erabaki.pamplona.es<\/h3>\n\n\n\n<p>El Foro de Barrio de San Jorge se celebrar\u00e1 ma\u00f1ana martes a\nlas 18.30 horas en las instalaciones del C.P. Sanduzelai (avenida de San Jorge,\n30). La sesi\u00f3n, que contar\u00e1 con la presencia del concejal de barrio Aritz Romeo\nas\u00ed como con personal t\u00e9cnico municipal de diferentes \u00e1reas, est\u00e1 abierta a la\nparticipaci\u00f3n tanto de forma presencial acudiendo a la cita como de forma\nonline a trav\u00e9s de <a href=\"http:\/\/erabaki.pamplona.es\/\">http:\/\/erabaki.pamplona.es<\/a>.<\/p>\n\n\n\n<p>Tras una breve presentaci\u00f3n, el Ayuntamiento de Pamplona\ndar\u00e1 cuenta de algunas acciones e iniciativas que ha llevado o va a llevar a\ncabo en el barrio como el proyecto Erdigune, con actuaciones como la\nreurbanizaci\u00f3n de la plaza del patin\u00f3dromo y la creaci\u00f3n de un eje comercial \u2013\npeatonal \u2013 corredor sostenible en la calle Dr. Juaristi; como el balance de la\nPolic\u00eda Comunitaria en el barrio; como el mapa del tejido social Iru\u00f1ategi; o\ncomo el Plan Estrat\u00e9gico Urbano 2030. A continuaci\u00f3n, tomar\u00e1 la palabra el\nColectivo Urbanas para explicar el trabajo que est\u00e1 desarrollando en San Jorge.\nPor \u00faltimo, se abrir\u00e1 tiempo para la participaci\u00f3n de todas las personas que\nacudan al C.P. Sanduzelai y se comentar\u00e1n las propuestas recibidas a trav\u00e9s de <a href=\"http:\/\/erabaki.pamplona.es\/\">http:\/\/erabaki.pamplona.es<\/a>.<\/p>\n\n\n\n<p>Esa participaci\u00f3n virtual online es una de las novedades de\nesta nueva ronda de Foros de Barrio. Hasta el mismo martes a las 19.30 horas se\nmantiene abierto un espacio para poder registrar sugerencias, quejas o\niniciativas para la sesi\u00f3n de San Jorge. \u00danicamente hay que registrarse en la\npropia web Erabaki Pamplona y exponer el asunto que se desee comentar. Todos\nlos Foros de Barrio se retransmiten en directo a de internet, en el canal de\nYoutube \u2018Pamplona es participaci\u00f3n \/ Iru\u00f1a partaidetza da\u2019.<\/p>\n\n\n\n<p>Los Foros de Barrio cuentan con un servicio de ludoteca para\nmenores de 4 a 12 a\u00f1os, que permite conciliar la asistencia y las\nresponsabilidades familiares. Las plazas en esa ludoteca son limitadas por lo\nque es necesario inscribirse en el servicio antes de las 20 horas de este lunes\n10 de diciembre. Esas inscripciones se pueden realizar en el tel\u00e9fono 948 420\n266 o en el correo electr\u00f3nico <a href=\"mailto:participacionciudadana@pamplona.es\">participacionciudadana@pamplona.es<\/a>.\n<\/p>\n\n\n\n<p><strong>Foros de barrio<\/strong><\/p>\n\n\n\n<table class=\"wp-block-table\"><tbody><tr><td>\n  <strong>D\u00eda<\/strong>\n  <\/td><td>\n  <strong>Barrio<\/strong>\n  <\/td><td>\n  <strong>Lugar<\/strong>\n  <\/td><td>\n  <strong>Hora<\/strong>\n  <\/td><td>\n  <strong>Concejal\/a<\/strong>\n  <\/td><\/tr><tr><td>\n  11\/12\/18\n  <\/td><td>\n  San Jorge\n  <\/td><td>\n  C.P. Sanduzelai\n  <\/td><td>\n  18.30\n  <\/td><td>\n  Aritz Romeo\n  <\/td><\/tr><tr><td>\n  18\/12\/18\n  <\/td><td>\n  Ensanches\n  <\/td><td>\n  C.P. V\u00e1zquez de Mella\n  <\/td><td>\n  18.30\n  <\/td><td>\n  Itziar G\u00f3mez\n  <\/td><\/tr><tr><td>\n  15\/01\/19\n  <\/td><td>\n  Etxabakoitz\n  <\/td><td>\n  C.P. Nicasio Landa\n  <\/td><td>\n  18.30\n  <\/td><td>\n  Aritz Romeo\n  <\/td><\/tr><tr><td>\n  22\/01\/19\n  <\/td><td>\n  Txantrea\n  <\/td><td>\n  Biblioteca Txantrea\n  <\/td><td>\n  18.30\n  <\/td><td>\n  Joxe Abaurrea\n  <\/td><\/tr><tr><td>\n  29\/01\/19\n  <\/td><td>\n  San Juan, Ermitaga\u00f1a, Mendebaldea\n  <\/td><td>\n  C.P. Jos\u00e9 M\u00aa Huarte\n  <\/td><td>\n  18.30\n  <\/td><td>\n  Esther Cremaes\n  <\/td><\/tr><tr><td>\n  05\/02\/19\n  <\/td><td>\n  Erripaga\u00f1a, Beloso, Bidezar\n  <\/td><td>\n  C.P. Elorri\n  <\/td><td>\n  18.30\n  <\/td><td>\n  Maider Beloki\n  <\/td><\/tr><tr><td>\n  12\/02\/19\n  <\/td><td>\n  Buztintxuri\n  <\/td><td>\n  C.P. Buztintxuri\n  <\/td><td>\n  18.30\n  <\/td><td>\n  Mikel Armend\u00e1riz\n  <\/td><\/tr><\/tbody><\/table>\n","protected":false},"excerpt":{"rendered":"","protected":false},"author":1,"featured_media":17600,"comment_status":"open","ping_status":"closed","sticky":false,"template":"","format":"standard","meta":{"footnotes":""},"categories":[2],"tags":[],"class_list":["post-19694","post","type-post","status-publish","format-standard","has-post-thumbnail","hentry","category-ayuntamiento-pamplona"],"yoast_head":"<!-- This site is optimized with the Yoast SEO plugin v27.3 - https:\/\/yoast.com\/product\/yoast-seo-wordpress\/ -->\n<title>Ma\u00f1ana martes vuelven los Foros de Barrio con el encuentro previsto en SanJorge, que tendr\u00e1 lugar en el C.P. Sanduzelai<\/title>\n<meta name=\"robots\" content=\"index, follow, max-snippet:-1, max-image-preview:large, max-video-preview:-1\" \/>\n<link rel=\"canonical\" href=\"https:\/\/www.laguiadepamplona.com\/actualidad\/manana-martes-vuelven-los-foros-de-barrio-con-el-encuentro-previsto-en-sanjorge-que-tendra-lugar-en-el-c-p-sanduzelai\/\" \/>\n<meta property=\"og:locale\" content=\"es_ES\" \/>\n<meta property=\"og:type\" content=\"article\" \/>\n<meta property=\"og:title\" content=\"Ma\u00f1ana martes vuelven los Foros de Barrio con el encuentro previsto en SanJorge, que tendr\u00e1 lugar en el C.P. Sanduzelai\" \/>\n<meta property=\"og:url\" content=\"https:\/\/www.laguiadepamplona.com\/actualidad\/manana-martes-vuelven-los-foros-de-barrio-con-el-encuentro-previsto-en-sanjorge-que-tendra-lugar-en-el-c-p-sanduzelai\/\" \/>\n<meta property=\"og:site_name\" content=\"La Gu\u00eda de Pamplona\" \/>\n<meta property=\"article:publisher\" content=\"https:\/\/www.facebook.com\/laguiadepamplonacom-133175176762273\/?ref=hl\" \/>\n<meta property=\"article:published_time\" content=\"2018-12-10T15:26:43+00:00\" \/>\n<meta property=\"article:modified_time\" content=\"2018-12-10T15:26:48+00:00\" \/>\n<meta property=\"og:image\" content=\"https:\/\/www.laguiadepamplona.com\/actualidad\/wp-content\/uploads\/2018\/05\/ayto-pamplona-3.jpg\" \/>\n\t<meta property=\"og:image:width\" content=\"1000\" \/>\n\t<meta property=\"og:image:height\" content=\"555\" \/>\n\t<meta property=\"og:image:type\" content=\"image\/jpeg\" \/>\n<meta name=\"author\" content=\"La Gu\u00eda de Pamplona\" \/>\n<meta name=\"twitter:card\" content=\"summary_large_image\" \/>\n<meta name=\"twitter:creator\" content=\"@LaGuiadPamplona\" \/>\n<meta name=\"twitter:site\" content=\"@LaGuiadPamplona\" \/>\n<meta name=\"twitter:label1\" content=\"Escrito por\" \/>\n\t<meta name=\"twitter:data1\" content=\"La Gu\u00eda de Pamplona\" \/>\n\t<meta name=\"twitter:label2\" content=\"Tiempo de lectura\" \/>\n\t<meta name=\"twitter:data2\" content=\"2 minutos\" \/>\n<script type=\"application\/ld+json\" class=\"yoast-schema-graph\">{\"@context\":\"https:\\\/\\\/schema.org\",\"@graph\":[{\"@type\":\"Article\",\"@id\":\"https:\\\/\\\/www.laguiadepamplona.com\\\/actualidad\\\/manana-martes-vuelven-los-foros-de-barrio-con-el-encuentro-previsto-en-sanjorge-que-tendra-lugar-en-el-c-p-sanduzelai\\\/#article\",\"isPartOf\":{\"@id\":\"https:\\\/\\\/www.laguiadepamplona.com\\\/actualidad\\\/manana-martes-vuelven-los-foros-de-barrio-con-el-encuentro-previsto-en-sanjorge-que-tendra-lugar-en-el-c-p-sanduzelai\\\/\"},\"author\":{\"name\":\"La Gu\u00eda de Pamplona\",\"@id\":\"https:\\\/\\\/www.laguiadepamplona.com\\\/actualidad\\\/#\\\/schema\\\/person\\\/efe887376f0213d4657c93adc50b1fdb\"},\"headline\":\"Ma\u00f1ana martes vuelven los Foros de Barrio con el encuentro previsto en SanJorge, que tendr\u00e1 lugar en el C.P. Sanduzelai\",\"datePublished\":\"2018-12-10T15:26:43+00:00\",\"dateModified\":\"2018-12-10T15:26:48+00:00\",\"mainEntityOfPage\":{\"@id\":\"https:\\\/\\\/www.laguiadepamplona.com\\\/actualidad\\\/manana-martes-vuelven-los-foros-de-barrio-con-el-encuentro-previsto-en-sanjorge-que-tendra-lugar-en-el-c-p-sanduzelai\\\/\"},\"wordCount\":484,\"commentCount\":0,\"publisher\":{\"@id\":\"https:\\\/\\\/www.laguiadepamplona.com\\\/actualidad\\\/#organization\"},\"image\":{\"@id\":\"https:\\\/\\\/www.laguiadepamplona.com\\\/actualidad\\\/manana-martes-vuelven-los-foros-de-barrio-con-el-encuentro-previsto-en-sanjorge-que-tendra-lugar-en-el-c-p-sanduzelai\\\/#primaryimage\"},\"thumbnailUrl\":\"https:\\\/\\\/www.laguiadepamplona.com\\\/actualidad\\\/wp-content\\\/uploads\\\/2018\\\/05\\\/ayto-pamplona-3.jpg\",\"articleSection\":[\"Ayto Pamplona\"],\"inLanguage\":\"es\",\"potentialAction\":[{\"@type\":\"CommentAction\",\"name\":\"Comment\",\"target\":[\"https:\\\/\\\/www.laguiadepamplona.com\\\/actualidad\\\/manana-martes-vuelven-los-foros-de-barrio-con-el-encuentro-previsto-en-sanjorge-que-tendra-lugar-en-el-c-p-sanduzelai\\\/#respond\"]}]},{\"@type\":\"WebPage\",\"@id\":\"https:\\\/\\\/www.laguiadepamplona.com\\\/actualidad\\\/manana-martes-vuelven-los-foros-de-barrio-con-el-encuentro-previsto-en-sanjorge-que-tendra-lugar-en-el-c-p-sanduzelai\\\/\",\"url\":\"https:\\\/\\\/www.laguiadepamplona.com\\\/actualidad\\\/manana-martes-vuelven-los-foros-de-barrio-con-el-encuentro-previsto-en-sanjorge-que-tendra-lugar-en-el-c-p-sanduzelai\\\/\",\"name\":\"Ma\u00f1ana martes vuelven los Foros de Barrio con el encuentro previsto en SanJorge, que tendr\u00e1 lugar en el C.P. Sanduzelai\",\"isPartOf\":{\"@id\":\"https:\\\/\\\/www.laguiadepamplona.com\\\/actualidad\\\/#website\"},\"primaryImageOfPage\":{\"@id\":\"https:\\\/\\\/www.laguiadepamplona.com\\\/actualidad\\\/manana-martes-vuelven-los-foros-de-barrio-con-el-encuentro-previsto-en-sanjorge-que-tendra-lugar-en-el-c-p-sanduzelai\\\/#primaryimage\"},\"image\":{\"@id\":\"https:\\\/\\\/www.laguiadepamplona.com\\\/actualidad\\\/manana-martes-vuelven-los-foros-de-barrio-con-el-encuentro-previsto-en-sanjorge-que-tendra-lugar-en-el-c-p-sanduzelai\\\/#primaryimage\"},\"thumbnailUrl\":\"https:\\\/\\\/www.laguiadepamplona.com\\\/actualidad\\\/wp-content\\\/uploads\\\/2018\\\/05\\\/ayto-pamplona-3.jpg\",\"datePublished\":\"2018-12-10T15:26:43+00:00\",\"dateModified\":\"2018-12-10T15:26:48+00:00\",\"breadcrumb\":{\"@id\":\"https:\\\/\\\/www.laguiadepamplona.com\\\/actualidad\\\/manana-martes-vuelven-los-foros-de-barrio-con-el-encuentro-previsto-en-sanjorge-que-tendra-lugar-en-el-c-p-sanduzelai\\\/#breadcrumb\"},\"inLanguage\":\"es\",\"potentialAction\":[{\"@type\":\"ReadAction\",\"target\":[\"https:\\\/\\\/www.laguiadepamplona.com\\\/actualidad\\\/manana-martes-vuelven-los-foros-de-barrio-con-el-encuentro-previsto-en-sanjorge-que-tendra-lugar-en-el-c-p-sanduzelai\\\/\"]}]},{\"@type\":\"ImageObject\",\"inLanguage\":\"es\",\"@id\":\"https:\\\/\\\/www.laguiadepamplona.com\\\/actualidad\\\/manana-martes-vuelven-los-foros-de-barrio-con-el-encuentro-previsto-en-sanjorge-que-tendra-lugar-en-el-c-p-sanduzelai\\\/#primaryimage\",\"url\":\"https:\\\/\\\/www.laguiadepamplona.com\\\/actualidad\\\/wp-content\\\/uploads\\\/2018\\\/05\\\/ayto-pamplona-3.jpg\",\"contentUrl\":\"https:\\\/\\\/www.laguiadepamplona.com\\\/actualidad\\\/wp-content\\\/uploads\\\/2018\\\/05\\\/ayto-pamplona-3.jpg\",\"width\":1000,\"height\":555},{\"@type\":\"BreadcrumbList\",\"@id\":\"https:\\\/\\\/www.laguiadepamplona.com\\\/actualidad\\\/manana-martes-vuelven-los-foros-de-barrio-con-el-encuentro-previsto-en-sanjorge-que-tendra-lugar-en-el-c-p-sanduzelai\\\/#breadcrumb\",\"itemListElement\":[{\"@type\":\"ListItem\",\"position\":1,\"name\":\"Portada\",\"item\":\"https:\\\/\\\/www.laguiadepamplona.com\\\/actualidad\\\/\"},{\"@type\":\"ListItem\",\"position\":2,\"name\":\"Ma\u00f1ana martes vuelven los Foros de Barrio con el encuentro previsto en SanJorge, que tendr\u00e1 lugar en el C.P. Sanduzelai\"}]},{\"@type\":\"WebSite\",\"@id\":\"https:\\\/\\\/www.laguiadepamplona.com\\\/actualidad\\\/#website\",\"url\":\"https:\\\/\\\/www.laguiadepamplona.com\\\/actualidad\\\/\",\"name\":\"La gu\u00eda de Pamplona\",\"description\":\"Noticias de Pamplona\",\"publisher\":{\"@id\":\"https:\\\/\\\/www.laguiadepamplona.com\\\/actualidad\\\/#organization\"},\"potentialAction\":[{\"@type\":\"SearchAction\",\"target\":{\"@type\":\"EntryPoint\",\"urlTemplate\":\"https:\\\/\\\/www.laguiadepamplona.com\\\/actualidad\\\/?s={search_term_string}\"},\"query-input\":{\"@type\":\"PropertyValueSpecification\",\"valueRequired\":true,\"valueName\":\"search_term_string\"}}],\"inLanguage\":\"es\"},{\"@type\":\"Organization\",\"@id\":\"https:\\\/\\\/www.laguiadepamplona.com\\\/actualidad\\\/#organization\",\"name\":\"La Gu\u00eda de Pamplona \\\/ Noticias\",\"url\":\"https:\\\/\\\/www.laguiadepamplona.com\\\/actualidad\\\/\",\"logo\":{\"@type\":\"ImageObject\",\"inLanguage\":\"es\",\"@id\":\"https:\\\/\\\/www.laguiadepamplona.com\\\/actualidad\\\/#\\\/schema\\\/logo\\\/image\\\/\",\"url\":\"https:\\\/\\\/www.laguiadepamplona.com\\\/actualidad\\\/wp-content\\\/uploads\\\/2018\\\/11\\\/logo-laguiadepamplona18-web1.png\",\"contentUrl\":\"https:\\\/\\\/www.laguiadepamplona.com\\\/actualidad\\\/wp-content\\\/uploads\\\/2018\\\/11\\\/logo-laguiadepamplona18-web1.png\",\"width\":600,\"height\":196,\"caption\":\"La Gu\u00eda de Pamplona \\\/ Noticias\"},\"image\":{\"@id\":\"https:\\\/\\\/www.laguiadepamplona.com\\\/actualidad\\\/#\\\/schema\\\/logo\\\/image\\\/\"},\"sameAs\":[\"https:\\\/\\\/www.facebook.com\\\/laguiadepamplonacom-133175176762273\\\/?ref=hl\",\"https:\\\/\\\/x.com\\\/LaGuiadPamplona\",\"https:\\\/\\\/www.instagram.com\\\/la_guia_de_pamplona\\\/\",\"https:\\\/\\\/www.youtube.com\\\/user\\\/laguiadepamplona\"]},{\"@type\":\"Person\",\"@id\":\"https:\\\/\\\/www.laguiadepamplona.com\\\/actualidad\\\/#\\\/schema\\\/person\\\/efe887376f0213d4657c93adc50b1fdb\",\"name\":\"La Gu\u00eda de Pamplona\",\"image\":{\"@type\":\"ImageObject\",\"inLanguage\":\"es\",\"@id\":\"https:\\\/\\\/secure.gravatar.com\\\/avatar\\\/b6992f131dc8d30ab0dff15446e9d346d9dbd95992de0fef795073f5ea83a81c?s=96&d=mm&r=g\",\"url\":\"https:\\\/\\\/secure.gravatar.com\\\/avatar\\\/b6992f131dc8d30ab0dff15446e9d346d9dbd95992de0fef795073f5ea83a81c?s=96&d=mm&r=g\",\"contentUrl\":\"https:\\\/\\\/secure.gravatar.com\\\/avatar\\\/b6992f131dc8d30ab0dff15446e9d346d9dbd95992de0fef795073f5ea83a81c?s=96&d=mm&r=g\",\"caption\":\"La Gu\u00eda de Pamplona\"}}]}<\/script>\n<!-- \/ Yoast SEO plugin. -->","yoast_head_json":{"title":"Ma\u00f1ana martes vuelven los Foros de Barrio con el encuentro previsto en SanJorge, que tendr\u00e1 lugar en el C.P. Sanduzelai","robots":{"index":"index","follow":"follow","max-snippet":"max-snippet:-1","max-image-preview":"max-image-preview:large","max-video-preview":"max-video-preview:-1"},"canonical":"https:\/\/www.laguiadepamplona.com\/actualidad\/manana-martes-vuelven-los-foros-de-barrio-con-el-encuentro-previsto-en-sanjorge-que-tendra-lugar-en-el-c-p-sanduzelai\/","og_locale":"es_ES","og_type":"article","og_title":"Ma\u00f1ana martes vuelven los Foros de Barrio con el encuentro previsto en SanJorge, que tendr\u00e1 lugar en el C.P. Sanduzelai","og_url":"https:\/\/www.laguiadepamplona.com\/actualidad\/manana-martes-vuelven-los-foros-de-barrio-con-el-encuentro-previsto-en-sanjorge-que-tendra-lugar-en-el-c-p-sanduzelai\/","og_site_name":"La Gu\u00eda de Pamplona","article_publisher":"https:\/\/www.facebook.com\/laguiadepamplonacom-133175176762273\/?ref=hl","article_published_time":"2018-12-10T15:26:43+00:00","article_modified_time":"2018-12-10T15:26:48+00:00","og_image":[{"width":1000,"height":555,"url":"https:\/\/www.laguiadepamplona.com\/actualidad\/wp-content\/uploads\/2018\/05\/ayto-pamplona-3.jpg","type":"image\/jpeg"}],"author":"La Gu\u00eda de Pamplona","twitter_card":"summary_large_image","twitter_creator":"@LaGuiadPamplona","twitter_site":"@LaGuiadPamplona","twitter_misc":{"Escrito por":"La Gu\u00eda de Pamplona","Tiempo de lectura":"2 minutos"},"schema":{"@context":"https:\/\/schema.org","@graph":[{"@type":"Article","@id":"https:\/\/www.laguiadepamplona.com\/actualidad\/manana-martes-vuelven-los-foros-de-barrio-con-el-encuentro-previsto-en-sanjorge-que-tendra-lugar-en-el-c-p-sanduzelai\/#article","isPartOf":{"@id":"https:\/\/www.laguiadepamplona.com\/actualidad\/manana-martes-vuelven-los-foros-de-barrio-con-el-encuentro-previsto-en-sanjorge-que-tendra-lugar-en-el-c-p-sanduzelai\/"},"author":{"name":"La Gu\u00eda de Pamplona","@id":"https:\/\/www.laguiadepamplona.com\/actualidad\/#\/schema\/person\/efe887376f0213d4657c93adc50b1fdb"},"headline":"Ma\u00f1ana martes vuelven los Foros de Barrio con el encuentro previsto en SanJorge, que tendr\u00e1 lugar en el C.P. Sanduzelai","datePublished":"2018-12-10T15:26:43+00:00","dateModified":"2018-12-10T15:26:48+00:00","mainEntityOfPage":{"@id":"https:\/\/www.laguiadepamplona.com\/actualidad\/manana-martes-vuelven-los-foros-de-barrio-con-el-encuentro-previsto-en-sanjorge-que-tendra-lugar-en-el-c-p-sanduzelai\/"},"wordCount":484,"commentCount":0,"publisher":{"@id":"https:\/\/www.laguiadepamplona.com\/actualidad\/#organization"},"image":{"@id":"https:\/\/www.laguiadepamplona.com\/actualidad\/manana-martes-vuelven-los-foros-de-barrio-con-el-encuentro-previsto-en-sanjorge-que-tendra-lugar-en-el-c-p-sanduzelai\/#primaryimage"},"thumbnailUrl":"https:\/\/www.laguiadepamplona.com\/actualidad\/wp-content\/uploads\/2018\/05\/ayto-pamplona-3.jpg","articleSection":["Ayto Pamplona"],"inLanguage":"es","potentialAction":[{"@type":"CommentAction","name":"Comment","target":["https:\/\/www.laguiadepamplona.com\/actualidad\/manana-martes-vuelven-los-foros-de-barrio-con-el-encuentro-previsto-en-sanjorge-que-tendra-lugar-en-el-c-p-sanduzelai\/#respond"]}]},{"@type":"WebPage","@id":"https:\/\/www.laguiadepamplona.com\/actualidad\/manana-martes-vuelven-los-foros-de-barrio-con-el-encuentro-previsto-en-sanjorge-que-tendra-lugar-en-el-c-p-sanduzelai\/","url":"https:\/\/www.laguiadepamplona.com\/actualidad\/manana-martes-vuelven-los-foros-de-barrio-con-el-encuentro-previsto-en-sanjorge-que-tendra-lugar-en-el-c-p-sanduzelai\/","name":"Ma\u00f1ana martes vuelven los Foros de Barrio con el encuentro previsto en SanJorge, que tendr\u00e1 lugar en el C.P. Sanduzelai","isPartOf":{"@id":"https:\/\/www.laguiadepamplona.com\/actualidad\/#website"},"primaryImageOfPage":{"@id":"https:\/\/www.laguiadepamplona.com\/actualidad\/manana-martes-vuelven-los-foros-de-barrio-con-el-encuentro-previsto-en-sanjorge-que-tendra-lugar-en-el-c-p-sanduzelai\/#primaryimage"},"image":{"@id":"https:\/\/www.laguiadepamplona.com\/actualidad\/manana-martes-vuelven-los-foros-de-barrio-con-el-encuentro-previsto-en-sanjorge-que-tendra-lugar-en-el-c-p-sanduzelai\/#primaryimage"},"thumbnailUrl":"https:\/\/www.laguiadepamplona.com\/actualidad\/wp-content\/uploads\/2018\/05\/ayto-pamplona-3.jpg","datePublished":"2018-12-10T15:26:43+00:00","dateModified":"2018-12-10T15:26:48+00:00","breadcrumb":{"@id":"https:\/\/www.laguiadepamplona.com\/actualidad\/manana-martes-vuelven-los-foros-de-barrio-con-el-encuentro-previsto-en-sanjorge-que-tendra-lugar-en-el-c-p-sanduzelai\/#breadcrumb"},"inLanguage":"es","potentialAction":[{"@type":"ReadAction","target":["https:\/\/www.laguiadepamplona.com\/actualidad\/manana-martes-vuelven-los-foros-de-barrio-con-el-encuentro-previsto-en-sanjorge-que-tendra-lugar-en-el-c-p-sanduzelai\/"]}]},{"@type":"ImageObject","inLanguage":"es","@id":"https:\/\/www.laguiadepamplona.com\/actualidad\/manana-martes-vuelven-los-foros-de-barrio-con-el-encuentro-previsto-en-sanjorge-que-tendra-lugar-en-el-c-p-sanduzelai\/#primaryimage","url":"https:\/\/www.laguiadepamplona.com\/actualidad\/wp-content\/uploads\/2018\/05\/ayto-pamplona-3.jpg","contentUrl":"https:\/\/www.laguiadepamplona.com\/actualidad\/wp-content\/uploads\/2018\/05\/ayto-pamplona-3.jpg","width":1000,"height":555},{"@type":"BreadcrumbList","@id":"https:\/\/www.laguiadepamplona.com\/actualidad\/manana-martes-vuelven-los-foros-de-barrio-con-el-encuentro-previsto-en-sanjorge-que-tendra-lugar-en-el-c-p-sanduzelai\/#breadcrumb","itemListElement":[{"@type":"ListItem","position":1,"name":"Portada","item":"https:\/\/www.laguiadepamplona.com\/actualidad\/"},{"@type":"ListItem","position":2,"name":"Ma\u00f1ana martes vuelven los Foros de Barrio con el encuentro previsto en SanJorge, que tendr\u00e1 lugar en el C.P. Sanduzelai"}]},{"@type":"WebSite","@id":"https:\/\/www.laguiadepamplona.com\/actualidad\/#website","url":"https:\/\/www.laguiadepamplona.com\/actualidad\/","name":"La gu\u00eda de Pamplona","description":"Noticias de Pamplona","publisher":{"@id":"https:\/\/www.laguiadepamplona.com\/actualidad\/#organization"},"potentialAction":[{"@type":"SearchAction","target":{"@type":"EntryPoint","urlTemplate":"https:\/\/www.laguiadepamplona.com\/actualidad\/?s={search_term_string}"},"query-input":{"@type":"PropertyValueSpecification","valueRequired":true,"valueName":"search_term_string"}}],"inLanguage":"es"},{"@type":"Organization","@id":"https:\/\/www.laguiadepamplona.com\/actualidad\/#organization","name":"La Gu\u00eda de Pamplona \/ Noticias","url":"https:\/\/www.laguiadepamplona.com\/actualidad\/","logo":{"@type":"ImageObject","inLanguage":"es","@id":"https:\/\/www.laguiadepamplona.com\/actualidad\/#\/schema\/logo\/image\/","url":"https:\/\/www.laguiadepamplona.com\/actualidad\/wp-content\/uploads\/2018\/11\/logo-laguiadepamplona18-web1.png","contentUrl":"https:\/\/www.laguiadepamplona.com\/actualidad\/wp-content\/uploads\/2018\/11\/logo-laguiadepamplona18-web1.png","width":600,"height":196,"caption":"La Gu\u00eda de Pamplona \/ Noticias"},"image":{"@id":"https:\/\/www.laguiadepamplona.com\/actualidad\/#\/schema\/logo\/image\/"},"sameAs":["https:\/\/www.facebook.com\/laguiadepamplonacom-133175176762273\/?ref=hl","https:\/\/x.com\/LaGuiadPamplona","https:\/\/www.instagram.com\/la_guia_de_pamplona\/","https:\/\/www.youtube.com\/user\/laguiadepamplona"]},{"@type":"Person","@id":"https:\/\/www.laguiadepamplona.com\/actualidad\/#\/schema\/person\/efe887376f0213d4657c93adc50b1fdb","name":"La Gu\u00eda de Pamplona","image":{"@type":"ImageObject","inLanguage":"es","@id":"https:\/\/secure.gravatar.com\/avatar\/b6992f131dc8d30ab0dff15446e9d346d9dbd95992de0fef795073f5ea83a81c?s=96&d=mm&r=g","url":"https:\/\/secure.gravatar.com\/avatar\/b6992f131dc8d30ab0dff15446e9d346d9dbd95992de0fef795073f5ea83a81c?s=96&d=mm&r=g","contentUrl":"https:\/\/secure.gravatar.com\/avatar\/b6992f131dc8d30ab0dff15446e9d346d9dbd95992de0fef795073f5ea83a81c?s=96&d=mm&r=g","caption":"La Gu\u00eda de Pamplona"}}]}},"post_mailing_queue_ids":[],"_links":{"self":[{"href":"https:\/\/www.laguiadepamplona.com\/actualidad\/wp-json\/wp\/v2\/posts\/19694","targetHints":{"allow":["GET"]}}],"collection":[{"href":"https:\/\/www.laguiadepamplona.com\/actualidad\/wp-json\/wp\/v2\/posts"}],"about":[{"href":"https:\/\/www.laguiadepamplona.com\/actualidad\/wp-json\/wp\/v2\/types\/post"}],"author":[{"embeddable":true,"href":"https:\/\/www.laguiadepamplona.com\/actualidad\/wp-json\/wp\/v2\/users\/1"}],"replies":[{"embeddable":true,"href":"https:\/\/www.laguiadepamplona.com\/actualidad\/wp-json\/wp\/v2\/comments?post=19694"}],"version-history":[{"count":0,"href":"https:\/\/www.laguiadepamplona.com\/actualidad\/wp-json\/wp\/v2\/posts\/19694\/revisions"}],"wp:featuredmedia":[{"embeddable":true,"href":"https:\/\/www.laguiadepamplona.com\/actualidad\/wp-json\/wp\/v2\/media\/17600"}],"wp:attachment":[{"href":"https:\/\/www.laguiadepamplona.com\/actualidad\/wp-json\/wp\/v2\/media?parent=19694"}],"wp:term":[{"taxonomy":"category","embeddable":true,"href":"https:\/\/www.laguiadepamplona.com\/actualidad\/wp-json\/wp\/v2\/categories?post=19694"},{"taxonomy":"post_tag","embeddable":true,"href":"https:\/\/www.laguiadepamplona.com\/actualidad\/wp-json\/wp\/v2\/tags?post=19694"}],"curies":[{"name":"wp","href":"https:\/\/api.w.org\/{rel}","templated":true}]}}