{"id":19686,"date":"2018-12-07T13:41:53","date_gmt":"2018-12-07T11:41:53","guid":{"rendered":"https:\/\/www.laguiadepamplona.es\/actualidad\/?p=19686"},"modified":"2018-12-07T13:41:53","modified_gmt":"2018-12-07T11:41:53","slug":"civivox-iturrama-acoge-este-lunes-la-proyeccion-de-la-pelicula-nacidas-para-sufrir-dentro-del-ciclo-heroinas-de-cine","status":"publish","type":"post","link":"https:\/\/www.laguiadepamplona.com\/actualidad\/civivox-iturrama-acoge-este-lunes-la-proyeccion-de-la-pelicula-nacidas-para-sufrir-dentro-del-ciclo-heroinas-de-cine\/","title":{"rendered":"Civivox Iturrama acoge este lunes la proyecci\u00f3n de la pel\u00edcula \u2018Nacidas para sufrir\u2019 dentro del ciclo Hero\u00ednas de cine"},"content":{"rendered":"<h3>La sesi\u00f3n se desarrollar\u00e1 de 18 a 20.30 horas, con entrada libre, previa retirada de invitaciones<\/h3>\n<p><!--more--><\/p>\n<p>El ciclo Hero\u00ednas de cine proyecta este lunes en Civivox Iturrama la pel\u00edcula \u2018Nacidas para sufrir\u2019, apta para todo tipo de p\u00fablicos. La sesi\u00f3n tendr\u00e1 lugar de 18 a 20.30 horas, con entrada libre previa retirada de invitaciones desde una hora antes de su inicio (m\u00e1ximo de dos invitaciones por persona).<\/p>\n<p>La pel\u00edcula cuenta la historia de la t\u00eda Flora, de 72 a\u00f1os, una mujer soltera que vive en un pueblo peque\u00f1o y que siempre ha cuidado de sus familiares. Su \u00fanica hermana muri\u00f3 muy joven y dej\u00f3 tres hu\u00e9rfanas de las que tambi\u00e9n tuvo que ocuparse. Pero las ni\u00f1as crecieron y se fueron del pueblo. Flora sabe que pronto llegar\u00e1 el momento en que le tengan que cuidar y teme que la lleven a la residencia donde trabaja una de ellas. Su \u00fanica salvaci\u00f3n es Purita, una chica que la ha ayudado a cuidar de sus ancianos parientes y que es la \u00fanica con la que se siente en familia. \u2018Nacidas para sufrir\u2019 est\u00e1 dirigida por Miguel Albadalejo y cuenta entre su reparto con Petra Mart\u00ednez, Adriana Ozores, Malena Alterio, Mar\u00e1 Alfonsa Rosso o Mariola Fuentes.<\/p>\n<p>\u2018Hero\u00ednas de cine\u2019 es un foro del Ayuntamiento de Pamplona en el que se propone reflexionar de manera cr\u00edtica sobre las mujeres y sus situaciones, mediante el an\u00e1lisis del reflejo que estas tienen en el s\u00e9ptimo arte. Sus actividades est\u00e1n coordinadas por la doctora en Historia, escritora, profesora y bloggera, especialista en historia de mujeres y representaciones de g\u00e9nero en los medios audiovisuales, Mar\u00eda Castej\u00f3n. El ciclo se enmarca en del III Plan para la Igualdad de Pamplona entre cuyos objetivos est\u00e1 facilitar la visibilidad de las mujeres en las diferentes manifestaciones culturales de la ciudad como protagonistas, gestoras, creadoras y consumidoras de cultura.<\/p>\n<p>El ciclo se retomar\u00e1 ya el a\u00f1o que viene con los dos \u00faltimos t\u00edtulo del cuatrimestre. El 7 de enero se proyectar\u00e1 \u2018Los puentes de Madison\u2019 y el d\u00eda 21, tambi\u00e9n lunes, se podr\u00e1 ver \u2018Rompecabezas\u2019. Ambas sesiones comenzar\u00e1n a las 18 horas y se desarrollar\u00e1n hasta las 20.30 horas en Civivox Iturrama, con entrada libre, previa retirada de invitaciones desde una hora antes.<\/p>\n<p>&nbsp;<\/p>\n<p><strong>Cinef\u00f3rum \u2018Hero\u00ednas de cine\u2019<\/strong><\/p>\n<p><strong>Lunes 7 de enero, de 18 a 20.30 horas. Civivox Iturrama <\/strong><\/p>\n<ul>\n<li>Los puentes de Madison<\/li>\n<li>Dirige: Clint Eastwood, Estados Unidos, 1995. 135\u2019. Apta para todos los p\u00fablicos<\/li>\n<li>Entrada libre, previa retirada de invitaci\u00f3n desde una hora antes de la actividad. Se entregar\u00e1n dos invitaciones por persona<\/li>\n<\/ul>\n<p>&nbsp;<\/p>\n<p><strong>Lunes 21 de enero, de 18 a 20.30 horas. Civivox Iturrama<\/strong><\/p>\n<ul>\n<li>Rompecabezas<\/li>\n<li>Dirige: Natalia Smirnoff, Argentina, 2009, 87\u2019. Apta para todos los p\u00fablicos<\/li>\n<li>Entrada libre, previa retirada de invitaci\u00f3n desde una hora antes de la actividad. Se entregar\u00e1n dos invitaciones por persona<\/li>\n<\/ul>\n<p>&nbsp;<\/p>\n","protected":false},"excerpt":{"rendered":"<p>La sesi\u00f3n se desarrollar\u00e1 de 18 a 20.30 horas, con entrada libre, previa retirada de invitaciones<\/p>\n","protected":false},"author":1,"featured_media":19687,"comment_status":"open","ping_status":"closed","sticky":false,"template":"","format":"standard","meta":{"footnotes":""},"categories":[2],"tags":[],"class_list":["post-19686","post","type-post","status-publish","format-standard","has-post-thumbnail","hentry","category-ayuntamiento-pamplona"],"yoast_head":"<!-- This site is optimized with the Yoast SEO plugin v27.3 - https:\/\/yoast.com\/product\/yoast-seo-wordpress\/ -->\n<title>Civivox Iturrama acoge este lunes la proyecci\u00f3n de la pel\u00edcula \u2018Nacidas para sufrir\u2019 dentro del ciclo Hero\u00ednas de cine<\/title>\n<meta name=\"robots\" content=\"index, follow, max-snippet:-1, max-image-preview:large, max-video-preview:-1\" \/>\n<link rel=\"canonical\" href=\"https:\/\/www.laguiadepamplona.com\/actualidad\/civivox-iturrama-acoge-este-lunes-la-proyeccion-de-la-pelicula-nacidas-para-sufrir-dentro-del-ciclo-heroinas-de-cine\/\" \/>\n<meta property=\"og:locale\" content=\"es_ES\" \/>\n<meta property=\"og:type\" content=\"article\" \/>\n<meta property=\"og:title\" content=\"Civivox Iturrama acoge este lunes la proyecci\u00f3n de la pel\u00edcula \u2018Nacidas para sufrir\u2019 dentro del ciclo Hero\u00ednas de cine\" \/>\n<meta property=\"og:description\" content=\"La sesi\u00f3n se desarrollar\u00e1 de 18 a 20.30 horas, con entrada libre, previa retirada de invitaciones\" \/>\n<meta property=\"og:url\" content=\"https:\/\/www.laguiadepamplona.com\/actualidad\/civivox-iturrama-acoge-este-lunes-la-proyeccion-de-la-pelicula-nacidas-para-sufrir-dentro-del-ciclo-heroinas-de-cine\/\" \/>\n<meta property=\"og:site_name\" content=\"La Gu\u00eda de Pamplona\" \/>\n<meta property=\"article:publisher\" content=\"https:\/\/www.facebook.com\/laguiadepamplonacom-133175176762273\/?ref=hl\" \/>\n<meta property=\"article:published_time\" content=\"2018-12-07T11:41:53+00:00\" \/>\n<meta property=\"og:image\" content=\"https:\/\/www.laguiadepamplona.com\/actualidad\/wp-content\/uploads\/2018\/12\/los-puentes-madison.jpg\" \/>\n\t<meta property=\"og:image:width\" content=\"1600\" \/>\n\t<meta property=\"og:image:height\" content=\"900\" \/>\n\t<meta property=\"og:image:type\" content=\"image\/jpeg\" \/>\n<meta name=\"author\" content=\"La Gu\u00eda de Pamplona\" \/>\n<meta name=\"twitter:card\" content=\"summary_large_image\" \/>\n<meta name=\"twitter:creator\" content=\"@LaGuiadPamplona\" \/>\n<meta name=\"twitter:site\" content=\"@LaGuiadPamplona\" \/>\n<meta name=\"twitter:label1\" content=\"Escrito por\" \/>\n\t<meta name=\"twitter:data1\" content=\"La Gu\u00eda de Pamplona\" \/>\n\t<meta name=\"twitter:label2\" content=\"Tiempo de lectura\" \/>\n\t<meta name=\"twitter:data2\" content=\"2 minutos\" \/>\n<script type=\"application\/ld+json\" class=\"yoast-schema-graph\">{\"@context\":\"https:\\\/\\\/schema.org\",\"@graph\":[{\"@type\":\"Article\",\"@id\":\"https:\\\/\\\/www.laguiadepamplona.com\\\/actualidad\\\/civivox-iturrama-acoge-este-lunes-la-proyeccion-de-la-pelicula-nacidas-para-sufrir-dentro-del-ciclo-heroinas-de-cine\\\/#article\",\"isPartOf\":{\"@id\":\"https:\\\/\\\/www.laguiadepamplona.com\\\/actualidad\\\/civivox-iturrama-acoge-este-lunes-la-proyeccion-de-la-pelicula-nacidas-para-sufrir-dentro-del-ciclo-heroinas-de-cine\\\/\"},\"author\":{\"name\":\"La Gu\u00eda de Pamplona\",\"@id\":\"https:\\\/\\\/www.laguiadepamplona.com\\\/actualidad\\\/#\\\/schema\\\/person\\\/efe887376f0213d4657c93adc50b1fdb\"},\"headline\":\"Civivox Iturrama acoge este lunes la proyecci\u00f3n de la pel\u00edcula \u2018Nacidas para sufrir\u2019 dentro del ciclo Hero\u00ednas de cine\",\"datePublished\":\"2018-12-07T11:41:53+00:00\",\"mainEntityOfPage\":{\"@id\":\"https:\\\/\\\/www.laguiadepamplona.com\\\/actualidad\\\/civivox-iturrama-acoge-este-lunes-la-proyeccion-de-la-pelicula-nacidas-para-sufrir-dentro-del-ciclo-heroinas-de-cine\\\/\"},\"wordCount\":506,\"commentCount\":0,\"publisher\":{\"@id\":\"https:\\\/\\\/www.laguiadepamplona.com\\\/actualidad\\\/#organization\"},\"image\":{\"@id\":\"https:\\\/\\\/www.laguiadepamplona.com\\\/actualidad\\\/civivox-iturrama-acoge-este-lunes-la-proyeccion-de-la-pelicula-nacidas-para-sufrir-dentro-del-ciclo-heroinas-de-cine\\\/#primaryimage\"},\"thumbnailUrl\":\"https:\\\/\\\/www.laguiadepamplona.com\\\/actualidad\\\/wp-content\\\/uploads\\\/2018\\\/12\\\/los-puentes-madison.jpg\",\"articleSection\":[\"Ayto Pamplona\"],\"inLanguage\":\"es\",\"potentialAction\":[{\"@type\":\"CommentAction\",\"name\":\"Comment\",\"target\":[\"https:\\\/\\\/www.laguiadepamplona.com\\\/actualidad\\\/civivox-iturrama-acoge-este-lunes-la-proyeccion-de-la-pelicula-nacidas-para-sufrir-dentro-del-ciclo-heroinas-de-cine\\\/#respond\"]}]},{\"@type\":\"WebPage\",\"@id\":\"https:\\\/\\\/www.laguiadepamplona.com\\\/actualidad\\\/civivox-iturrama-acoge-este-lunes-la-proyeccion-de-la-pelicula-nacidas-para-sufrir-dentro-del-ciclo-heroinas-de-cine\\\/\",\"url\":\"https:\\\/\\\/www.laguiadepamplona.com\\\/actualidad\\\/civivox-iturrama-acoge-este-lunes-la-proyeccion-de-la-pelicula-nacidas-para-sufrir-dentro-del-ciclo-heroinas-de-cine\\\/\",\"name\":\"Civivox Iturrama acoge este lunes la proyecci\u00f3n de la pel\u00edcula \u2018Nacidas para sufrir\u2019 dentro del ciclo Hero\u00ednas de cine\",\"isPartOf\":{\"@id\":\"https:\\\/\\\/www.laguiadepamplona.com\\\/actualidad\\\/#website\"},\"primaryImageOfPage\":{\"@id\":\"https:\\\/\\\/www.laguiadepamplona.com\\\/actualidad\\\/civivox-iturrama-acoge-este-lunes-la-proyeccion-de-la-pelicula-nacidas-para-sufrir-dentro-del-ciclo-heroinas-de-cine\\\/#primaryimage\"},\"image\":{\"@id\":\"https:\\\/\\\/www.laguiadepamplona.com\\\/actualidad\\\/civivox-iturrama-acoge-este-lunes-la-proyeccion-de-la-pelicula-nacidas-para-sufrir-dentro-del-ciclo-heroinas-de-cine\\\/#primaryimage\"},\"thumbnailUrl\":\"https:\\\/\\\/www.laguiadepamplona.com\\\/actualidad\\\/wp-content\\\/uploads\\\/2018\\\/12\\\/los-puentes-madison.jpg\",\"datePublished\":\"2018-12-07T11:41:53+00:00\",\"breadcrumb\":{\"@id\":\"https:\\\/\\\/www.laguiadepamplona.com\\\/actualidad\\\/civivox-iturrama-acoge-este-lunes-la-proyeccion-de-la-pelicula-nacidas-para-sufrir-dentro-del-ciclo-heroinas-de-cine\\\/#breadcrumb\"},\"inLanguage\":\"es\",\"potentialAction\":[{\"@type\":\"ReadAction\",\"target\":[\"https:\\\/\\\/www.laguiadepamplona.com\\\/actualidad\\\/civivox-iturrama-acoge-este-lunes-la-proyeccion-de-la-pelicula-nacidas-para-sufrir-dentro-del-ciclo-heroinas-de-cine\\\/\"]}]},{\"@type\":\"ImageObject\",\"inLanguage\":\"es\",\"@id\":\"https:\\\/\\\/www.laguiadepamplona.com\\\/actualidad\\\/civivox-iturrama-acoge-este-lunes-la-proyeccion-de-la-pelicula-nacidas-para-sufrir-dentro-del-ciclo-heroinas-de-cine\\\/#primaryimage\",\"url\":\"https:\\\/\\\/www.laguiadepamplona.com\\\/actualidad\\\/wp-content\\\/uploads\\\/2018\\\/12\\\/los-puentes-madison.jpg\",\"contentUrl\":\"https:\\\/\\\/www.laguiadepamplona.com\\\/actualidad\\\/wp-content\\\/uploads\\\/2018\\\/12\\\/los-puentes-madison.jpg\",\"width\":1600,\"height\":900},{\"@type\":\"BreadcrumbList\",\"@id\":\"https:\\\/\\\/www.laguiadepamplona.com\\\/actualidad\\\/civivox-iturrama-acoge-este-lunes-la-proyeccion-de-la-pelicula-nacidas-para-sufrir-dentro-del-ciclo-heroinas-de-cine\\\/#breadcrumb\",\"itemListElement\":[{\"@type\":\"ListItem\",\"position\":1,\"name\":\"Portada\",\"item\":\"https:\\\/\\\/www.laguiadepamplona.com\\\/actualidad\\\/\"},{\"@type\":\"ListItem\",\"position\":2,\"name\":\"Civivox Iturrama acoge este lunes la proyecci\u00f3n de la pel\u00edcula \u2018Nacidas para sufrir\u2019 dentro del ciclo Hero\u00ednas de cine\"}]},{\"@type\":\"WebSite\",\"@id\":\"https:\\\/\\\/www.laguiadepamplona.com\\\/actualidad\\\/#website\",\"url\":\"https:\\\/\\\/www.laguiadepamplona.com\\\/actualidad\\\/\",\"name\":\"La gu\u00eda de Pamplona\",\"description\":\"Noticias de Pamplona\",\"publisher\":{\"@id\":\"https:\\\/\\\/www.laguiadepamplona.com\\\/actualidad\\\/#organization\"},\"potentialAction\":[{\"@type\":\"SearchAction\",\"target\":{\"@type\":\"EntryPoint\",\"urlTemplate\":\"https:\\\/\\\/www.laguiadepamplona.com\\\/actualidad\\\/?s={search_term_string}\"},\"query-input\":{\"@type\":\"PropertyValueSpecification\",\"valueRequired\":true,\"valueName\":\"search_term_string\"}}],\"inLanguage\":\"es\"},{\"@type\":\"Organization\",\"@id\":\"https:\\\/\\\/www.laguiadepamplona.com\\\/actualidad\\\/#organization\",\"name\":\"La Gu\u00eda de Pamplona \\\/ Noticias\",\"url\":\"https:\\\/\\\/www.laguiadepamplona.com\\\/actualidad\\\/\",\"logo\":{\"@type\":\"ImageObject\",\"inLanguage\":\"es\",\"@id\":\"https:\\\/\\\/www.laguiadepamplona.com\\\/actualidad\\\/#\\\/schema\\\/logo\\\/image\\\/\",\"url\":\"https:\\\/\\\/www.laguiadepamplona.com\\\/actualidad\\\/wp-content\\\/uploads\\\/2018\\\/11\\\/logo-laguiadepamplona18-web1.png\",\"contentUrl\":\"https:\\\/\\\/www.laguiadepamplona.com\\\/actualidad\\\/wp-content\\\/uploads\\\/2018\\\/11\\\/logo-laguiadepamplona18-web1.png\",\"width\":600,\"height\":196,\"caption\":\"La Gu\u00eda de Pamplona \\\/ Noticias\"},\"image\":{\"@id\":\"https:\\\/\\\/www.laguiadepamplona.com\\\/actualidad\\\/#\\\/schema\\\/logo\\\/image\\\/\"},\"sameAs\":[\"https:\\\/\\\/www.facebook.com\\\/laguiadepamplonacom-133175176762273\\\/?ref=hl\",\"https:\\\/\\\/x.com\\\/LaGuiadPamplona\",\"https:\\\/\\\/www.instagram.com\\\/la_guia_de_pamplona\\\/\",\"https:\\\/\\\/www.youtube.com\\\/user\\\/laguiadepamplona\"]},{\"@type\":\"Person\",\"@id\":\"https:\\\/\\\/www.laguiadepamplona.com\\\/actualidad\\\/#\\\/schema\\\/person\\\/efe887376f0213d4657c93adc50b1fdb\",\"name\":\"La Gu\u00eda de Pamplona\",\"image\":{\"@type\":\"ImageObject\",\"inLanguage\":\"es\",\"@id\":\"https:\\\/\\\/secure.gravatar.com\\\/avatar\\\/b6992f131dc8d30ab0dff15446e9d346d9dbd95992de0fef795073f5ea83a81c?s=96&d=mm&r=g\",\"url\":\"https:\\\/\\\/secure.gravatar.com\\\/avatar\\\/b6992f131dc8d30ab0dff15446e9d346d9dbd95992de0fef795073f5ea83a81c?s=96&d=mm&r=g\",\"contentUrl\":\"https:\\\/\\\/secure.gravatar.com\\\/avatar\\\/b6992f131dc8d30ab0dff15446e9d346d9dbd95992de0fef795073f5ea83a81c?s=96&d=mm&r=g\",\"caption\":\"La Gu\u00eda de Pamplona\"}}]}<\/script>\n<!-- \/ Yoast SEO plugin. -->","yoast_head_json":{"title":"Civivox Iturrama acoge este lunes la proyecci\u00f3n de la pel\u00edcula \u2018Nacidas para sufrir\u2019 dentro del ciclo Hero\u00ednas de cine","robots":{"index":"index","follow":"follow","max-snippet":"max-snippet:-1","max-image-preview":"max-image-preview:large","max-video-preview":"max-video-preview:-1"},"canonical":"https:\/\/www.laguiadepamplona.com\/actualidad\/civivox-iturrama-acoge-este-lunes-la-proyeccion-de-la-pelicula-nacidas-para-sufrir-dentro-del-ciclo-heroinas-de-cine\/","og_locale":"es_ES","og_type":"article","og_title":"Civivox Iturrama acoge este lunes la proyecci\u00f3n de la pel\u00edcula \u2018Nacidas para sufrir\u2019 dentro del ciclo Hero\u00ednas de cine","og_description":"La sesi\u00f3n se desarrollar\u00e1 de 18 a 20.30 horas, con entrada libre, previa retirada de invitaciones","og_url":"https:\/\/www.laguiadepamplona.com\/actualidad\/civivox-iturrama-acoge-este-lunes-la-proyeccion-de-la-pelicula-nacidas-para-sufrir-dentro-del-ciclo-heroinas-de-cine\/","og_site_name":"La Gu\u00eda de Pamplona","article_publisher":"https:\/\/www.facebook.com\/laguiadepamplonacom-133175176762273\/?ref=hl","article_published_time":"2018-12-07T11:41:53+00:00","og_image":[{"width":1600,"height":900,"url":"https:\/\/www.laguiadepamplona.com\/actualidad\/wp-content\/uploads\/2018\/12\/los-puentes-madison.jpg","type":"image\/jpeg"}],"author":"La Gu\u00eda de Pamplona","twitter_card":"summary_large_image","twitter_creator":"@LaGuiadPamplona","twitter_site":"@LaGuiadPamplona","twitter_misc":{"Escrito por":"La Gu\u00eda de Pamplona","Tiempo de lectura":"2 minutos"},"schema":{"@context":"https:\/\/schema.org","@graph":[{"@type":"Article","@id":"https:\/\/www.laguiadepamplona.com\/actualidad\/civivox-iturrama-acoge-este-lunes-la-proyeccion-de-la-pelicula-nacidas-para-sufrir-dentro-del-ciclo-heroinas-de-cine\/#article","isPartOf":{"@id":"https:\/\/www.laguiadepamplona.com\/actualidad\/civivox-iturrama-acoge-este-lunes-la-proyeccion-de-la-pelicula-nacidas-para-sufrir-dentro-del-ciclo-heroinas-de-cine\/"},"author":{"name":"La Gu\u00eda de Pamplona","@id":"https:\/\/www.laguiadepamplona.com\/actualidad\/#\/schema\/person\/efe887376f0213d4657c93adc50b1fdb"},"headline":"Civivox Iturrama acoge este lunes la proyecci\u00f3n de la pel\u00edcula \u2018Nacidas para sufrir\u2019 dentro del ciclo Hero\u00ednas de cine","datePublished":"2018-12-07T11:41:53+00:00","mainEntityOfPage":{"@id":"https:\/\/www.laguiadepamplona.com\/actualidad\/civivox-iturrama-acoge-este-lunes-la-proyeccion-de-la-pelicula-nacidas-para-sufrir-dentro-del-ciclo-heroinas-de-cine\/"},"wordCount":506,"commentCount":0,"publisher":{"@id":"https:\/\/www.laguiadepamplona.com\/actualidad\/#organization"},"image":{"@id":"https:\/\/www.laguiadepamplona.com\/actualidad\/civivox-iturrama-acoge-este-lunes-la-proyeccion-de-la-pelicula-nacidas-para-sufrir-dentro-del-ciclo-heroinas-de-cine\/#primaryimage"},"thumbnailUrl":"https:\/\/www.laguiadepamplona.com\/actualidad\/wp-content\/uploads\/2018\/12\/los-puentes-madison.jpg","articleSection":["Ayto Pamplona"],"inLanguage":"es","potentialAction":[{"@type":"CommentAction","name":"Comment","target":["https:\/\/www.laguiadepamplona.com\/actualidad\/civivox-iturrama-acoge-este-lunes-la-proyeccion-de-la-pelicula-nacidas-para-sufrir-dentro-del-ciclo-heroinas-de-cine\/#respond"]}]},{"@type":"WebPage","@id":"https:\/\/www.laguiadepamplona.com\/actualidad\/civivox-iturrama-acoge-este-lunes-la-proyeccion-de-la-pelicula-nacidas-para-sufrir-dentro-del-ciclo-heroinas-de-cine\/","url":"https:\/\/www.laguiadepamplona.com\/actualidad\/civivox-iturrama-acoge-este-lunes-la-proyeccion-de-la-pelicula-nacidas-para-sufrir-dentro-del-ciclo-heroinas-de-cine\/","name":"Civivox Iturrama acoge este lunes la proyecci\u00f3n de la pel\u00edcula \u2018Nacidas para sufrir\u2019 dentro del ciclo Hero\u00ednas de cine","isPartOf":{"@id":"https:\/\/www.laguiadepamplona.com\/actualidad\/#website"},"primaryImageOfPage":{"@id":"https:\/\/www.laguiadepamplona.com\/actualidad\/civivox-iturrama-acoge-este-lunes-la-proyeccion-de-la-pelicula-nacidas-para-sufrir-dentro-del-ciclo-heroinas-de-cine\/#primaryimage"},"image":{"@id":"https:\/\/www.laguiadepamplona.com\/actualidad\/civivox-iturrama-acoge-este-lunes-la-proyeccion-de-la-pelicula-nacidas-para-sufrir-dentro-del-ciclo-heroinas-de-cine\/#primaryimage"},"thumbnailUrl":"https:\/\/www.laguiadepamplona.com\/actualidad\/wp-content\/uploads\/2018\/12\/los-puentes-madison.jpg","datePublished":"2018-12-07T11:41:53+00:00","breadcrumb":{"@id":"https:\/\/www.laguiadepamplona.com\/actualidad\/civivox-iturrama-acoge-este-lunes-la-proyeccion-de-la-pelicula-nacidas-para-sufrir-dentro-del-ciclo-heroinas-de-cine\/#breadcrumb"},"inLanguage":"es","potentialAction":[{"@type":"ReadAction","target":["https:\/\/www.laguiadepamplona.com\/actualidad\/civivox-iturrama-acoge-este-lunes-la-proyeccion-de-la-pelicula-nacidas-para-sufrir-dentro-del-ciclo-heroinas-de-cine\/"]}]},{"@type":"ImageObject","inLanguage":"es","@id":"https:\/\/www.laguiadepamplona.com\/actualidad\/civivox-iturrama-acoge-este-lunes-la-proyeccion-de-la-pelicula-nacidas-para-sufrir-dentro-del-ciclo-heroinas-de-cine\/#primaryimage","url":"https:\/\/www.laguiadepamplona.com\/actualidad\/wp-content\/uploads\/2018\/12\/los-puentes-madison.jpg","contentUrl":"https:\/\/www.laguiadepamplona.com\/actualidad\/wp-content\/uploads\/2018\/12\/los-puentes-madison.jpg","width":1600,"height":900},{"@type":"BreadcrumbList","@id":"https:\/\/www.laguiadepamplona.com\/actualidad\/civivox-iturrama-acoge-este-lunes-la-proyeccion-de-la-pelicula-nacidas-para-sufrir-dentro-del-ciclo-heroinas-de-cine\/#breadcrumb","itemListElement":[{"@type":"ListItem","position":1,"name":"Portada","item":"https:\/\/www.laguiadepamplona.com\/actualidad\/"},{"@type":"ListItem","position":2,"name":"Civivox Iturrama acoge este lunes la proyecci\u00f3n de la pel\u00edcula \u2018Nacidas para sufrir\u2019 dentro del ciclo Hero\u00ednas de cine"}]},{"@type":"WebSite","@id":"https:\/\/www.laguiadepamplona.com\/actualidad\/#website","url":"https:\/\/www.laguiadepamplona.com\/actualidad\/","name":"La gu\u00eda de Pamplona","description":"Noticias de Pamplona","publisher":{"@id":"https:\/\/www.laguiadepamplona.com\/actualidad\/#organization"},"potentialAction":[{"@type":"SearchAction","target":{"@type":"EntryPoint","urlTemplate":"https:\/\/www.laguiadepamplona.com\/actualidad\/?s={search_term_string}"},"query-input":{"@type":"PropertyValueSpecification","valueRequired":true,"valueName":"search_term_string"}}],"inLanguage":"es"},{"@type":"Organization","@id":"https:\/\/www.laguiadepamplona.com\/actualidad\/#organization","name":"La Gu\u00eda de Pamplona \/ Noticias","url":"https:\/\/www.laguiadepamplona.com\/actualidad\/","logo":{"@type":"ImageObject","inLanguage":"es","@id":"https:\/\/www.laguiadepamplona.com\/actualidad\/#\/schema\/logo\/image\/","url":"https:\/\/www.laguiadepamplona.com\/actualidad\/wp-content\/uploads\/2018\/11\/logo-laguiadepamplona18-web1.png","contentUrl":"https:\/\/www.laguiadepamplona.com\/actualidad\/wp-content\/uploads\/2018\/11\/logo-laguiadepamplona18-web1.png","width":600,"height":196,"caption":"La Gu\u00eda de Pamplona \/ Noticias"},"image":{"@id":"https:\/\/www.laguiadepamplona.com\/actualidad\/#\/schema\/logo\/image\/"},"sameAs":["https:\/\/www.facebook.com\/laguiadepamplonacom-133175176762273\/?ref=hl","https:\/\/x.com\/LaGuiadPamplona","https:\/\/www.instagram.com\/la_guia_de_pamplona\/","https:\/\/www.youtube.com\/user\/laguiadepamplona"]},{"@type":"Person","@id":"https:\/\/www.laguiadepamplona.com\/actualidad\/#\/schema\/person\/efe887376f0213d4657c93adc50b1fdb","name":"La Gu\u00eda de Pamplona","image":{"@type":"ImageObject","inLanguage":"es","@id":"https:\/\/secure.gravatar.com\/avatar\/b6992f131dc8d30ab0dff15446e9d346d9dbd95992de0fef795073f5ea83a81c?s=96&d=mm&r=g","url":"https:\/\/secure.gravatar.com\/avatar\/b6992f131dc8d30ab0dff15446e9d346d9dbd95992de0fef795073f5ea83a81c?s=96&d=mm&r=g","contentUrl":"https:\/\/secure.gravatar.com\/avatar\/b6992f131dc8d30ab0dff15446e9d346d9dbd95992de0fef795073f5ea83a81c?s=96&d=mm&r=g","caption":"La Gu\u00eda de Pamplona"}}]}},"post_mailing_queue_ids":[],"_links":{"self":[{"href":"https:\/\/www.laguiadepamplona.com\/actualidad\/wp-json\/wp\/v2\/posts\/19686","targetHints":{"allow":["GET"]}}],"collection":[{"href":"https:\/\/www.laguiadepamplona.com\/actualidad\/wp-json\/wp\/v2\/posts"}],"about":[{"href":"https:\/\/www.laguiadepamplona.com\/actualidad\/wp-json\/wp\/v2\/types\/post"}],"author":[{"embeddable":true,"href":"https:\/\/www.laguiadepamplona.com\/actualidad\/wp-json\/wp\/v2\/users\/1"}],"replies":[{"embeddable":true,"href":"https:\/\/www.laguiadepamplona.com\/actualidad\/wp-json\/wp\/v2\/comments?post=19686"}],"version-history":[{"count":0,"href":"https:\/\/www.laguiadepamplona.com\/actualidad\/wp-json\/wp\/v2\/posts\/19686\/revisions"}],"wp:featuredmedia":[{"embeddable":true,"href":"https:\/\/www.laguiadepamplona.com\/actualidad\/wp-json\/wp\/v2\/media\/19687"}],"wp:attachment":[{"href":"https:\/\/www.laguiadepamplona.com\/actualidad\/wp-json\/wp\/v2\/media?parent=19686"}],"wp:term":[{"taxonomy":"category","embeddable":true,"href":"https:\/\/www.laguiadepamplona.com\/actualidad\/wp-json\/wp\/v2\/categories?post=19686"},{"taxonomy":"post_tag","embeddable":true,"href":"https:\/\/www.laguiadepamplona.com\/actualidad\/wp-json\/wp\/v2\/tags?post=19686"}],"curies":[{"name":"wp","href":"https:\/\/api.w.org\/{rel}","templated":true}]}}