{"id":19683,"date":"2018-12-07T13:39:31","date_gmt":"2018-12-07T11:39:31","guid":{"rendered":"https:\/\/www.laguiadepamplona.es\/actualidad\/?p=19683"},"modified":"2018-12-07T13:45:02","modified_gmt":"2018-12-07T11:45:02","slug":"civivox-iturrama-acoge-este-domingo-a-santiago-voy-una-obra-coral-teatralizada-que-interpretara-la-coral-liguori","status":"publish","type":"post","link":"https:\/\/www.laguiadepamplona.com\/actualidad\/civivox-iturrama-acoge-este-domingo-a-santiago-voy-una-obra-coral-teatralizada-que-interpretara-la-coral-liguori\/","title":{"rendered":"Civivox Iturrama acoge este domingo \u2018A Santiago voy\u2019, una obra coral teatralizada que interpretar\u00e1 la Coral Liguori\u00a0"},"content":{"rendered":"<h3>La actuaci\u00f3n tendr\u00e1 lugar a las 12 horas, con entrada libre previa retirada de invitaciones<\/h3>\n<p><!--more--><\/p>\n<p>La Coral Liguori presenta este domingo en Civivox Iturrama la obra coral teatralizada \u2018A Santiago voy\u2019, con un repertorio de una veintena de composiciones de varios siglos, unidas en torno al hilo argumental del peregrinaje por la ruta jacobea. El concierto comenzar\u00e1 a las 12 horas, con entrada libre previa retirada de invitaciones desde una hora antes y con un m\u00e1ximo de dos por persona.<\/p>\n<p>Esta obra coral narra las peripecias de un joven peregrino, que sale de Francia con el deseo de llegar hasta Santiago de Compostela. Por el camino, surgen diversas situaciones y aventuras que amenizan el concierto coral, ya que ofrece su m\u00fasica en los lugares por donde pasa. Por ellos, los textos se cantan en castellano, euskera, franc\u00e9s o lat\u00edn. En definitiva, una obra amena, variada y llena de iron\u00eda y humor. Se interpretar\u00e1n obras del siglo XVI de autores como Juan del Encina\u00a0 o Antonio Rivera y otras composiciones de J. Guridi, Banchieri, Korsakoff o Juan Manuel Serrat sobre versos de Antonio Machado. Junto a la coral, participar\u00e1n en el concierto Fefa Leoz como narradora y Elena Platel y Daniel Orbaiz como actores.<\/p>\n<p>La Coral Liguori naci\u00f3 en el a\u00f1o 1989, de la mano de Jos\u00e9 Mar\u00eda Goicoechea, al celebrarse las bodas de plata de la fundaci\u00f3n de la escolan\u00eda Ni\u00f1os Cantores de Navarra\u2019. En 1991 se constituye en entidad musical al ser aprobados sus estatutos. Su repertorio es extenso, abarcando todos los g\u00e9neros de m\u00fasica polif\u00f3nica. Ofrece en sus conciertos obras muy variadas y a veces complejas, con representaciones de diferentes misas de Haydn, Mozart, Schubert, Gounod&#8230; Tambi\u00e9n han presentado varios estrenos del P. Goicoechea y J. M. Muneta a nivel nacional y de otros compositores.<\/p>\n<p>Desde su fundaci\u00f3n, ha realizado m\u00e1s de 300 conciertos por la geograf\u00eda navarra y fuera de sus fronteras. Varios ejemplos son los conciertos sacros que se realizan en Pamplona en Semana Santa o en el Monasterio de Leyre, con acompa\u00f1amientos de cuarteto de cuerda y organistas. Ha participado varios a\u00f1os en las programaciones de Ronda de Oto\u00f1o y Cultur. Actualmente la coral est\u00e1 dirigida por Jes\u00fas Mar\u00eda Olite Ibiricu.<\/p>\n","protected":false},"excerpt":{"rendered":"<p>La actuaci\u00f3n tendr\u00e1 lugar a las 12 horas, con entrada libre previa retirada de invitaciones<\/p>\n","protected":false},"author":1,"featured_media":19684,"comment_status":"open","ping_status":"closed","sticky":false,"template":"","format":"standard","meta":{"footnotes":""},"categories":[2],"tags":[],"class_list":["post-19683","post","type-post","status-publish","format-standard","has-post-thumbnail","hentry","category-ayuntamiento-pamplona"],"yoast_head":"<!-- This site is optimized with the Yoast SEO plugin v27.3 - https:\/\/yoast.com\/product\/yoast-seo-wordpress\/ -->\n<title>Civivox Iturrama acoge este domingo \u2018A Santiago voy\u2019, una obra coral teatralizada que interpretar\u00e1 la Coral Liguori\u00a0<\/title>\n<meta name=\"robots\" content=\"index, follow, max-snippet:-1, max-image-preview:large, max-video-preview:-1\" \/>\n<link rel=\"canonical\" href=\"https:\/\/www.laguiadepamplona.com\/actualidad\/civivox-iturrama-acoge-este-domingo-a-santiago-voy-una-obra-coral-teatralizada-que-interpretara-la-coral-liguori\/\" \/>\n<meta property=\"og:locale\" content=\"es_ES\" \/>\n<meta property=\"og:type\" content=\"article\" \/>\n<meta property=\"og:title\" content=\"Civivox Iturrama acoge este domingo \u2018A Santiago voy\u2019, una obra coral teatralizada que interpretar\u00e1 la Coral Liguori\u00a0\" \/>\n<meta property=\"og:description\" content=\"La actuaci\u00f3n tendr\u00e1 lugar a las 12 horas, con entrada libre previa retirada de invitaciones\" \/>\n<meta property=\"og:url\" content=\"https:\/\/www.laguiadepamplona.com\/actualidad\/civivox-iturrama-acoge-este-domingo-a-santiago-voy-una-obra-coral-teatralizada-que-interpretara-la-coral-liguori\/\" \/>\n<meta property=\"og:site_name\" content=\"La Gu\u00eda de Pamplona\" \/>\n<meta property=\"article:publisher\" content=\"https:\/\/www.facebook.com\/laguiadepamplonacom-133175176762273\/?ref=hl\" \/>\n<meta property=\"article:published_time\" content=\"2018-12-07T11:39:31+00:00\" \/>\n<meta property=\"article:modified_time\" content=\"2018-12-07T11:45:02+00:00\" \/>\n<meta property=\"og:image\" content=\"https:\/\/www.laguiadepamplona.com\/actualidad\/wp-content\/uploads\/2018\/12\/18.12.07_coral_liguori.jpg\" \/>\n\t<meta property=\"og:image:width\" content=\"1000\" \/>\n\t<meta property=\"og:image:height\" content=\"667\" \/>\n\t<meta property=\"og:image:type\" content=\"image\/jpeg\" \/>\n<meta name=\"author\" content=\"La Gu\u00eda de Pamplona\" \/>\n<meta name=\"twitter:card\" content=\"summary_large_image\" \/>\n<meta name=\"twitter:creator\" content=\"@LaGuiadPamplona\" \/>\n<meta name=\"twitter:site\" content=\"@LaGuiadPamplona\" \/>\n<meta name=\"twitter:label1\" content=\"Escrito por\" \/>\n\t<meta name=\"twitter:data1\" content=\"La Gu\u00eda de Pamplona\" \/>\n\t<meta name=\"twitter:label2\" content=\"Tiempo de lectura\" \/>\n\t<meta name=\"twitter:data2\" content=\"2 minutos\" \/>\n<script type=\"application\/ld+json\" class=\"yoast-schema-graph\">{\"@context\":\"https:\\\/\\\/schema.org\",\"@graph\":[{\"@type\":\"Article\",\"@id\":\"https:\\\/\\\/www.laguiadepamplona.com\\\/actualidad\\\/civivox-iturrama-acoge-este-domingo-a-santiago-voy-una-obra-coral-teatralizada-que-interpretara-la-coral-liguori\\\/#article\",\"isPartOf\":{\"@id\":\"https:\\\/\\\/www.laguiadepamplona.com\\\/actualidad\\\/civivox-iturrama-acoge-este-domingo-a-santiago-voy-una-obra-coral-teatralizada-que-interpretara-la-coral-liguori\\\/\"},\"author\":{\"name\":\"La Gu\u00eda de Pamplona\",\"@id\":\"https:\\\/\\\/www.laguiadepamplona.com\\\/actualidad\\\/#\\\/schema\\\/person\\\/efe887376f0213d4657c93adc50b1fdb\"},\"headline\":\"Civivox Iturrama acoge este domingo \u2018A Santiago voy\u2019, una obra coral teatralizada que interpretar\u00e1 la Coral Liguori\u00a0\",\"datePublished\":\"2018-12-07T11:39:31+00:00\",\"dateModified\":\"2018-12-07T11:45:02+00:00\",\"mainEntityOfPage\":{\"@id\":\"https:\\\/\\\/www.laguiadepamplona.com\\\/actualidad\\\/civivox-iturrama-acoge-este-domingo-a-santiago-voy-una-obra-coral-teatralizada-que-interpretara-la-coral-liguori\\\/\"},\"wordCount\":403,\"commentCount\":0,\"publisher\":{\"@id\":\"https:\\\/\\\/www.laguiadepamplona.com\\\/actualidad\\\/#organization\"},\"image\":{\"@id\":\"https:\\\/\\\/www.laguiadepamplona.com\\\/actualidad\\\/civivox-iturrama-acoge-este-domingo-a-santiago-voy-una-obra-coral-teatralizada-que-interpretara-la-coral-liguori\\\/#primaryimage\"},\"thumbnailUrl\":\"https:\\\/\\\/www.laguiadepamplona.com\\\/actualidad\\\/wp-content\\\/uploads\\\/2018\\\/12\\\/18.12.07_coral_liguori.jpg\",\"articleSection\":[\"Ayto Pamplona\"],\"inLanguage\":\"es\",\"potentialAction\":[{\"@type\":\"CommentAction\",\"name\":\"Comment\",\"target\":[\"https:\\\/\\\/www.laguiadepamplona.com\\\/actualidad\\\/civivox-iturrama-acoge-este-domingo-a-santiago-voy-una-obra-coral-teatralizada-que-interpretara-la-coral-liguori\\\/#respond\"]}]},{\"@type\":\"WebPage\",\"@id\":\"https:\\\/\\\/www.laguiadepamplona.com\\\/actualidad\\\/civivox-iturrama-acoge-este-domingo-a-santiago-voy-una-obra-coral-teatralizada-que-interpretara-la-coral-liguori\\\/\",\"url\":\"https:\\\/\\\/www.laguiadepamplona.com\\\/actualidad\\\/civivox-iturrama-acoge-este-domingo-a-santiago-voy-una-obra-coral-teatralizada-que-interpretara-la-coral-liguori\\\/\",\"name\":\"Civivox Iturrama acoge este domingo \u2018A Santiago voy\u2019, una obra coral teatralizada que interpretar\u00e1 la Coral Liguori\u00a0\",\"isPartOf\":{\"@id\":\"https:\\\/\\\/www.laguiadepamplona.com\\\/actualidad\\\/#website\"},\"primaryImageOfPage\":{\"@id\":\"https:\\\/\\\/www.laguiadepamplona.com\\\/actualidad\\\/civivox-iturrama-acoge-este-domingo-a-santiago-voy-una-obra-coral-teatralizada-que-interpretara-la-coral-liguori\\\/#primaryimage\"},\"image\":{\"@id\":\"https:\\\/\\\/www.laguiadepamplona.com\\\/actualidad\\\/civivox-iturrama-acoge-este-domingo-a-santiago-voy-una-obra-coral-teatralizada-que-interpretara-la-coral-liguori\\\/#primaryimage\"},\"thumbnailUrl\":\"https:\\\/\\\/www.laguiadepamplona.com\\\/actualidad\\\/wp-content\\\/uploads\\\/2018\\\/12\\\/18.12.07_coral_liguori.jpg\",\"datePublished\":\"2018-12-07T11:39:31+00:00\",\"dateModified\":\"2018-12-07T11:45:02+00:00\",\"breadcrumb\":{\"@id\":\"https:\\\/\\\/www.laguiadepamplona.com\\\/actualidad\\\/civivox-iturrama-acoge-este-domingo-a-santiago-voy-una-obra-coral-teatralizada-que-interpretara-la-coral-liguori\\\/#breadcrumb\"},\"inLanguage\":\"es\",\"potentialAction\":[{\"@type\":\"ReadAction\",\"target\":[\"https:\\\/\\\/www.laguiadepamplona.com\\\/actualidad\\\/civivox-iturrama-acoge-este-domingo-a-santiago-voy-una-obra-coral-teatralizada-que-interpretara-la-coral-liguori\\\/\"]}]},{\"@type\":\"ImageObject\",\"inLanguage\":\"es\",\"@id\":\"https:\\\/\\\/www.laguiadepamplona.com\\\/actualidad\\\/civivox-iturrama-acoge-este-domingo-a-santiago-voy-una-obra-coral-teatralizada-que-interpretara-la-coral-liguori\\\/#primaryimage\",\"url\":\"https:\\\/\\\/www.laguiadepamplona.com\\\/actualidad\\\/wp-content\\\/uploads\\\/2018\\\/12\\\/18.12.07_coral_liguori.jpg\",\"contentUrl\":\"https:\\\/\\\/www.laguiadepamplona.com\\\/actualidad\\\/wp-content\\\/uploads\\\/2018\\\/12\\\/18.12.07_coral_liguori.jpg\",\"width\":1000,\"height\":667},{\"@type\":\"BreadcrumbList\",\"@id\":\"https:\\\/\\\/www.laguiadepamplona.com\\\/actualidad\\\/civivox-iturrama-acoge-este-domingo-a-santiago-voy-una-obra-coral-teatralizada-que-interpretara-la-coral-liguori\\\/#breadcrumb\",\"itemListElement\":[{\"@type\":\"ListItem\",\"position\":1,\"name\":\"Portada\",\"item\":\"https:\\\/\\\/www.laguiadepamplona.com\\\/actualidad\\\/\"},{\"@type\":\"ListItem\",\"position\":2,\"name\":\"Civivox Iturrama acoge este domingo \u2018A Santiago voy\u2019, una obra coral teatralizada que interpretar\u00e1 la Coral Liguori\u00a0\"}]},{\"@type\":\"WebSite\",\"@id\":\"https:\\\/\\\/www.laguiadepamplona.com\\\/actualidad\\\/#website\",\"url\":\"https:\\\/\\\/www.laguiadepamplona.com\\\/actualidad\\\/\",\"name\":\"La gu\u00eda de Pamplona\",\"description\":\"Noticias de Pamplona\",\"publisher\":{\"@id\":\"https:\\\/\\\/www.laguiadepamplona.com\\\/actualidad\\\/#organization\"},\"potentialAction\":[{\"@type\":\"SearchAction\",\"target\":{\"@type\":\"EntryPoint\",\"urlTemplate\":\"https:\\\/\\\/www.laguiadepamplona.com\\\/actualidad\\\/?s={search_term_string}\"},\"query-input\":{\"@type\":\"PropertyValueSpecification\",\"valueRequired\":true,\"valueName\":\"search_term_string\"}}],\"inLanguage\":\"es\"},{\"@type\":\"Organization\",\"@id\":\"https:\\\/\\\/www.laguiadepamplona.com\\\/actualidad\\\/#organization\",\"name\":\"La Gu\u00eda de Pamplona \\\/ Noticias\",\"url\":\"https:\\\/\\\/www.laguiadepamplona.com\\\/actualidad\\\/\",\"logo\":{\"@type\":\"ImageObject\",\"inLanguage\":\"es\",\"@id\":\"https:\\\/\\\/www.laguiadepamplona.com\\\/actualidad\\\/#\\\/schema\\\/logo\\\/image\\\/\",\"url\":\"https:\\\/\\\/www.laguiadepamplona.com\\\/actualidad\\\/wp-content\\\/uploads\\\/2018\\\/11\\\/logo-laguiadepamplona18-web1.png\",\"contentUrl\":\"https:\\\/\\\/www.laguiadepamplona.com\\\/actualidad\\\/wp-content\\\/uploads\\\/2018\\\/11\\\/logo-laguiadepamplona18-web1.png\",\"width\":600,\"height\":196,\"caption\":\"La Gu\u00eda de Pamplona \\\/ Noticias\"},\"image\":{\"@id\":\"https:\\\/\\\/www.laguiadepamplona.com\\\/actualidad\\\/#\\\/schema\\\/logo\\\/image\\\/\"},\"sameAs\":[\"https:\\\/\\\/www.facebook.com\\\/laguiadepamplonacom-133175176762273\\\/?ref=hl\",\"https:\\\/\\\/x.com\\\/LaGuiadPamplona\",\"https:\\\/\\\/www.instagram.com\\\/la_guia_de_pamplona\\\/\",\"https:\\\/\\\/www.youtube.com\\\/user\\\/laguiadepamplona\"]},{\"@type\":\"Person\",\"@id\":\"https:\\\/\\\/www.laguiadepamplona.com\\\/actualidad\\\/#\\\/schema\\\/person\\\/efe887376f0213d4657c93adc50b1fdb\",\"name\":\"La Gu\u00eda de Pamplona\",\"image\":{\"@type\":\"ImageObject\",\"inLanguage\":\"es\",\"@id\":\"https:\\\/\\\/secure.gravatar.com\\\/avatar\\\/b6992f131dc8d30ab0dff15446e9d346d9dbd95992de0fef795073f5ea83a81c?s=96&d=mm&r=g\",\"url\":\"https:\\\/\\\/secure.gravatar.com\\\/avatar\\\/b6992f131dc8d30ab0dff15446e9d346d9dbd95992de0fef795073f5ea83a81c?s=96&d=mm&r=g\",\"contentUrl\":\"https:\\\/\\\/secure.gravatar.com\\\/avatar\\\/b6992f131dc8d30ab0dff15446e9d346d9dbd95992de0fef795073f5ea83a81c?s=96&d=mm&r=g\",\"caption\":\"La Gu\u00eda de Pamplona\"}}]}<\/script>\n<!-- \/ Yoast SEO plugin. -->","yoast_head_json":{"title":"Civivox Iturrama acoge este domingo \u2018A Santiago voy\u2019, una obra coral teatralizada que interpretar\u00e1 la Coral Liguori\u00a0","robots":{"index":"index","follow":"follow","max-snippet":"max-snippet:-1","max-image-preview":"max-image-preview:large","max-video-preview":"max-video-preview:-1"},"canonical":"https:\/\/www.laguiadepamplona.com\/actualidad\/civivox-iturrama-acoge-este-domingo-a-santiago-voy-una-obra-coral-teatralizada-que-interpretara-la-coral-liguori\/","og_locale":"es_ES","og_type":"article","og_title":"Civivox Iturrama acoge este domingo \u2018A Santiago voy\u2019, una obra coral teatralizada que interpretar\u00e1 la Coral Liguori\u00a0","og_description":"La actuaci\u00f3n tendr\u00e1 lugar a las 12 horas, con entrada libre previa retirada de invitaciones","og_url":"https:\/\/www.laguiadepamplona.com\/actualidad\/civivox-iturrama-acoge-este-domingo-a-santiago-voy-una-obra-coral-teatralizada-que-interpretara-la-coral-liguori\/","og_site_name":"La Gu\u00eda de Pamplona","article_publisher":"https:\/\/www.facebook.com\/laguiadepamplonacom-133175176762273\/?ref=hl","article_published_time":"2018-12-07T11:39:31+00:00","article_modified_time":"2018-12-07T11:45:02+00:00","og_image":[{"width":1000,"height":667,"url":"https:\/\/www.laguiadepamplona.com\/actualidad\/wp-content\/uploads\/2018\/12\/18.12.07_coral_liguori.jpg","type":"image\/jpeg"}],"author":"La Gu\u00eda de Pamplona","twitter_card":"summary_large_image","twitter_creator":"@LaGuiadPamplona","twitter_site":"@LaGuiadPamplona","twitter_misc":{"Escrito por":"La Gu\u00eda de Pamplona","Tiempo de lectura":"2 minutos"},"schema":{"@context":"https:\/\/schema.org","@graph":[{"@type":"Article","@id":"https:\/\/www.laguiadepamplona.com\/actualidad\/civivox-iturrama-acoge-este-domingo-a-santiago-voy-una-obra-coral-teatralizada-que-interpretara-la-coral-liguori\/#article","isPartOf":{"@id":"https:\/\/www.laguiadepamplona.com\/actualidad\/civivox-iturrama-acoge-este-domingo-a-santiago-voy-una-obra-coral-teatralizada-que-interpretara-la-coral-liguori\/"},"author":{"name":"La Gu\u00eda de Pamplona","@id":"https:\/\/www.laguiadepamplona.com\/actualidad\/#\/schema\/person\/efe887376f0213d4657c93adc50b1fdb"},"headline":"Civivox Iturrama acoge este domingo \u2018A Santiago voy\u2019, una obra coral teatralizada que interpretar\u00e1 la Coral Liguori\u00a0","datePublished":"2018-12-07T11:39:31+00:00","dateModified":"2018-12-07T11:45:02+00:00","mainEntityOfPage":{"@id":"https:\/\/www.laguiadepamplona.com\/actualidad\/civivox-iturrama-acoge-este-domingo-a-santiago-voy-una-obra-coral-teatralizada-que-interpretara-la-coral-liguori\/"},"wordCount":403,"commentCount":0,"publisher":{"@id":"https:\/\/www.laguiadepamplona.com\/actualidad\/#organization"},"image":{"@id":"https:\/\/www.laguiadepamplona.com\/actualidad\/civivox-iturrama-acoge-este-domingo-a-santiago-voy-una-obra-coral-teatralizada-que-interpretara-la-coral-liguori\/#primaryimage"},"thumbnailUrl":"https:\/\/www.laguiadepamplona.com\/actualidad\/wp-content\/uploads\/2018\/12\/18.12.07_coral_liguori.jpg","articleSection":["Ayto Pamplona"],"inLanguage":"es","potentialAction":[{"@type":"CommentAction","name":"Comment","target":["https:\/\/www.laguiadepamplona.com\/actualidad\/civivox-iturrama-acoge-este-domingo-a-santiago-voy-una-obra-coral-teatralizada-que-interpretara-la-coral-liguori\/#respond"]}]},{"@type":"WebPage","@id":"https:\/\/www.laguiadepamplona.com\/actualidad\/civivox-iturrama-acoge-este-domingo-a-santiago-voy-una-obra-coral-teatralizada-que-interpretara-la-coral-liguori\/","url":"https:\/\/www.laguiadepamplona.com\/actualidad\/civivox-iturrama-acoge-este-domingo-a-santiago-voy-una-obra-coral-teatralizada-que-interpretara-la-coral-liguori\/","name":"Civivox Iturrama acoge este domingo \u2018A Santiago voy\u2019, una obra coral teatralizada que interpretar\u00e1 la Coral Liguori\u00a0","isPartOf":{"@id":"https:\/\/www.laguiadepamplona.com\/actualidad\/#website"},"primaryImageOfPage":{"@id":"https:\/\/www.laguiadepamplona.com\/actualidad\/civivox-iturrama-acoge-este-domingo-a-santiago-voy-una-obra-coral-teatralizada-que-interpretara-la-coral-liguori\/#primaryimage"},"image":{"@id":"https:\/\/www.laguiadepamplona.com\/actualidad\/civivox-iturrama-acoge-este-domingo-a-santiago-voy-una-obra-coral-teatralizada-que-interpretara-la-coral-liguori\/#primaryimage"},"thumbnailUrl":"https:\/\/www.laguiadepamplona.com\/actualidad\/wp-content\/uploads\/2018\/12\/18.12.07_coral_liguori.jpg","datePublished":"2018-12-07T11:39:31+00:00","dateModified":"2018-12-07T11:45:02+00:00","breadcrumb":{"@id":"https:\/\/www.laguiadepamplona.com\/actualidad\/civivox-iturrama-acoge-este-domingo-a-santiago-voy-una-obra-coral-teatralizada-que-interpretara-la-coral-liguori\/#breadcrumb"},"inLanguage":"es","potentialAction":[{"@type":"ReadAction","target":["https:\/\/www.laguiadepamplona.com\/actualidad\/civivox-iturrama-acoge-este-domingo-a-santiago-voy-una-obra-coral-teatralizada-que-interpretara-la-coral-liguori\/"]}]},{"@type":"ImageObject","inLanguage":"es","@id":"https:\/\/www.laguiadepamplona.com\/actualidad\/civivox-iturrama-acoge-este-domingo-a-santiago-voy-una-obra-coral-teatralizada-que-interpretara-la-coral-liguori\/#primaryimage","url":"https:\/\/www.laguiadepamplona.com\/actualidad\/wp-content\/uploads\/2018\/12\/18.12.07_coral_liguori.jpg","contentUrl":"https:\/\/www.laguiadepamplona.com\/actualidad\/wp-content\/uploads\/2018\/12\/18.12.07_coral_liguori.jpg","width":1000,"height":667},{"@type":"BreadcrumbList","@id":"https:\/\/www.laguiadepamplona.com\/actualidad\/civivox-iturrama-acoge-este-domingo-a-santiago-voy-una-obra-coral-teatralizada-que-interpretara-la-coral-liguori\/#breadcrumb","itemListElement":[{"@type":"ListItem","position":1,"name":"Portada","item":"https:\/\/www.laguiadepamplona.com\/actualidad\/"},{"@type":"ListItem","position":2,"name":"Civivox Iturrama acoge este domingo \u2018A Santiago voy\u2019, una obra coral teatralizada que interpretar\u00e1 la Coral Liguori\u00a0"}]},{"@type":"WebSite","@id":"https:\/\/www.laguiadepamplona.com\/actualidad\/#website","url":"https:\/\/www.laguiadepamplona.com\/actualidad\/","name":"La gu\u00eda de Pamplona","description":"Noticias de Pamplona","publisher":{"@id":"https:\/\/www.laguiadepamplona.com\/actualidad\/#organization"},"potentialAction":[{"@type":"SearchAction","target":{"@type":"EntryPoint","urlTemplate":"https:\/\/www.laguiadepamplona.com\/actualidad\/?s={search_term_string}"},"query-input":{"@type":"PropertyValueSpecification","valueRequired":true,"valueName":"search_term_string"}}],"inLanguage":"es"},{"@type":"Organization","@id":"https:\/\/www.laguiadepamplona.com\/actualidad\/#organization","name":"La Gu\u00eda de Pamplona \/ Noticias","url":"https:\/\/www.laguiadepamplona.com\/actualidad\/","logo":{"@type":"ImageObject","inLanguage":"es","@id":"https:\/\/www.laguiadepamplona.com\/actualidad\/#\/schema\/logo\/image\/","url":"https:\/\/www.laguiadepamplona.com\/actualidad\/wp-content\/uploads\/2018\/11\/logo-laguiadepamplona18-web1.png","contentUrl":"https:\/\/www.laguiadepamplona.com\/actualidad\/wp-content\/uploads\/2018\/11\/logo-laguiadepamplona18-web1.png","width":600,"height":196,"caption":"La Gu\u00eda de Pamplona \/ Noticias"},"image":{"@id":"https:\/\/www.laguiadepamplona.com\/actualidad\/#\/schema\/logo\/image\/"},"sameAs":["https:\/\/www.facebook.com\/laguiadepamplonacom-133175176762273\/?ref=hl","https:\/\/x.com\/LaGuiadPamplona","https:\/\/www.instagram.com\/la_guia_de_pamplona\/","https:\/\/www.youtube.com\/user\/laguiadepamplona"]},{"@type":"Person","@id":"https:\/\/www.laguiadepamplona.com\/actualidad\/#\/schema\/person\/efe887376f0213d4657c93adc50b1fdb","name":"La Gu\u00eda de Pamplona","image":{"@type":"ImageObject","inLanguage":"es","@id":"https:\/\/secure.gravatar.com\/avatar\/b6992f131dc8d30ab0dff15446e9d346d9dbd95992de0fef795073f5ea83a81c?s=96&d=mm&r=g","url":"https:\/\/secure.gravatar.com\/avatar\/b6992f131dc8d30ab0dff15446e9d346d9dbd95992de0fef795073f5ea83a81c?s=96&d=mm&r=g","contentUrl":"https:\/\/secure.gravatar.com\/avatar\/b6992f131dc8d30ab0dff15446e9d346d9dbd95992de0fef795073f5ea83a81c?s=96&d=mm&r=g","caption":"La Gu\u00eda de Pamplona"}}]}},"post_mailing_queue_ids":[],"_links":{"self":[{"href":"https:\/\/www.laguiadepamplona.com\/actualidad\/wp-json\/wp\/v2\/posts\/19683","targetHints":{"allow":["GET"]}}],"collection":[{"href":"https:\/\/www.laguiadepamplona.com\/actualidad\/wp-json\/wp\/v2\/posts"}],"about":[{"href":"https:\/\/www.laguiadepamplona.com\/actualidad\/wp-json\/wp\/v2\/types\/post"}],"author":[{"embeddable":true,"href":"https:\/\/www.laguiadepamplona.com\/actualidad\/wp-json\/wp\/v2\/users\/1"}],"replies":[{"embeddable":true,"href":"https:\/\/www.laguiadepamplona.com\/actualidad\/wp-json\/wp\/v2\/comments?post=19683"}],"version-history":[{"count":0,"href":"https:\/\/www.laguiadepamplona.com\/actualidad\/wp-json\/wp\/v2\/posts\/19683\/revisions"}],"wp:featuredmedia":[{"embeddable":true,"href":"https:\/\/www.laguiadepamplona.com\/actualidad\/wp-json\/wp\/v2\/media\/19684"}],"wp:attachment":[{"href":"https:\/\/www.laguiadepamplona.com\/actualidad\/wp-json\/wp\/v2\/media?parent=19683"}],"wp:term":[{"taxonomy":"category","embeddable":true,"href":"https:\/\/www.laguiadepamplona.com\/actualidad\/wp-json\/wp\/v2\/categories?post=19683"},{"taxonomy":"post_tag","embeddable":true,"href":"https:\/\/www.laguiadepamplona.com\/actualidad\/wp-json\/wp\/v2\/tags?post=19683"}],"curies":[{"name":"wp","href":"https:\/\/api.w.org\/{rel}","templated":true}]}}