{"id":19675,"date":"2018-12-05T13:07:48","date_gmt":"2018-12-05T11:07:48","guid":{"rendered":"https:\/\/www.laguiadepamplona.es\/actualidad\/?p=19675"},"modified":"2018-12-05T13:07:48","modified_gmt":"2018-12-05T11:07:48","slug":"el-ayuntamiento-adecuara-nuevas-oficinas-para-el-grupo-de-policia-comuntaria-que-trabaja-para-mediar-entre-particulares-y-de-enlace-con-los-colectivos-de-los-barrios","status":"publish","type":"post","link":"https:\/\/www.laguiadepamplona.com\/actualidad\/el-ayuntamiento-adecuara-nuevas-oficinas-para-el-grupo-de-policia-comuntaria-que-trabaja-para-mediar-entre-particulares-y-de-enlace-con-los-colectivos-de-los-barrios\/","title":{"rendered":"El Ayuntamiento adecuar\u00e1 nuevas oficinas para el grupo de Polic\u00eda Comuntaria que trabaja para mediar entre particulares y de enlace con los colectivos de los barrios"},"content":{"rendered":"<h3>La Junta de Gobierno Local ha aprobado hoy el expediente para las obras en el antiguo taller de fontaner\u00eda con un presupuesto de 90.408 euros<\/h3>\n<p><!--more--><\/p>\n<p>El Ayuntamiento de Pamplona va a adecuar en el \u00c1rea de Seguridad Ciudadana y Convivencia nuevas oficinas para la Polic\u00eda Comunitaria. Este grupo, que pertenece al \u00c1rea de Proximidad y Prevenci\u00f3n de Polic\u00eda Municipal, trabaja para habilitar cauces para la mediaci\u00f3n entre particulares y sirve de enlace con los colectivos del barrio. Trabaja, por ejemplo, con el vecindario, tejidos asociativos del barrio, establecimientos hosteleros, centros de ense\u00f1anza o comerciantes, entre otros grupos. El Ayuntamiento destinar\u00e1 a las obras 90.408,82 euros (IVA incluido).<\/p>\n<p>El proyecto aprobado hoy en la Junta de Gobierno Local, elaborado por t\u00e9cnicos municipales, plantea la reforma del antiguo taller de fontaner\u00eda situado en la planta primera de los locales de la calle Monasterio de Irache. Actualmente, la planta primera est\u00e1 ocupada por oficinas del \u00c1rea de Seguridad Ciudadana y Convivencia, los locales de ensayo de la Pamplonesa y por una serie de espacios sin uso. La superficie es de unos 75 m\u00b2 que est\u00e1 distribuida entre el taller de fontaner\u00eda y un pasillo. Con el nuevo dise\u00f1o se dedicar\u00e1 a una oficina de 49 m\u00b2, una sala de reuniones de 10 m\u00b2 y el pasillo de 16 m\u00b2.<\/p>\n<p>La obra que se va a acometer consiste principalmente en la retirada del mobiliario y el cambio de carpinter\u00edas exteriores, puerta de acceso al espacio, falsos techos e instalaciones. Se levantar\u00e1n nuevas mamparas de distribuci\u00f3n en vidrio transparente para crear una peque\u00f1a sala de reuniones, se colocar\u00e1 un falso techo desmontable y se aislar\u00e1 correctamente el local. El plazo para realizar los trabajos es de 60 d\u00edas.<\/p>\n<p><strong>Evitar una espiral de denuncias cruzadas<\/strong><\/p>\n<p>La Polic\u00eda Comunitaria se implant\u00f3 en 2017 y aplicando esta figura se ha conseguido dar soluci\u00f3n a diversos problemas vecinales, evitando una espiral de denuncias cruzadas entre las partes, llegando en alguna ocasi\u00f3n a alcanzar acuerdos entre ellas, verbales en su mayor\u00eda y firmado en uno de los casos. Se han derivado casos desde la Oficina de Denuncias, el 010 y otros grupos y de Polic\u00eda Municipal. El programa de Polic\u00eda Comunitaria se implant\u00f3 en los barrios de San Jorge, Etxabakoitz y San Juan \u2013 Ermitaga\u00f1a \u2013 Mendebaldea, y en 2018 se ha ampliado a Rochapea, Buztintxuri y Casco Antiguo.<\/p>\n<p>En esencia, se trata de dedicar a un agente de la Polic\u00eda Municipal a un determinado barrio, en constante correlaci\u00f3n con el vecindario y haciendo de enlace con el Ayuntamiento en todo lo relacionado con la convivencia y seguridad. De esta forma, se convierte en una polic\u00eda de proximidad, cercan\u00eda y servicio p\u00fablico, ejes del nuevo modelo que se quiere implantar para el cuerpo local. En 2017 realizaron un total de 2.076 actuaciones, incluyendo acciones en otros barrios distintos a los tres donde se implant\u00f3. Destacan las 428 visitas a farmacias, las 141 visitas a colegios, 59 actuaciones relacionadas con el tr\u00e1fico y la se\u00f1alizaci\u00f3n en los barrios o 22 sobre civismo.<\/p>\n<p>Para que cuenten con la nueva oficina, la Junta de Gobierno Local ha aprobado el expediente de contrataci\u00f3n de las obras y su publicaci\u00f3n en el Portal de Contrataci\u00f3n de Navarra. Para la adjudicaci\u00f3n del contrato se valorar\u00e1 con hasta 55 puntos la oferta econ\u00f3mica, hasta 35 puntos la propuesta t\u00e9cnica y hasta 10 puntos la condici\u00f3n medioambiental.<\/p>\n<p>&nbsp;<\/p>\n","protected":false},"excerpt":{"rendered":"<p>La Junta de Gobierno Local ha aprobado hoy el expediente para las obras en el antiguo taller de fontaner\u00eda con un presupuesto de 90.408 euros<\/p>\n","protected":false},"author":1,"featured_media":17600,"comment_status":"open","ping_status":"closed","sticky":false,"template":"","format":"standard","meta":{"footnotes":""},"categories":[2],"tags":[],"class_list":["post-19675","post","type-post","status-publish","format-standard","has-post-thumbnail","hentry","category-ayuntamiento-pamplona"],"yoast_head":"<!-- This site is optimized with the Yoast SEO plugin v27.3 - https:\/\/yoast.com\/product\/yoast-seo-wordpress\/ -->\n<title>El Ayuntamiento adecuar\u00e1 nuevas oficinas para el grupo de Polic\u00eda Comuntaria que trabaja para mediar entre particulares y de enlace con los colectivos de los barrios<\/title>\n<meta name=\"robots\" content=\"index, follow, max-snippet:-1, max-image-preview:large, max-video-preview:-1\" \/>\n<link rel=\"canonical\" href=\"https:\/\/www.laguiadepamplona.com\/actualidad\/el-ayuntamiento-adecuara-nuevas-oficinas-para-el-grupo-de-policia-comuntaria-que-trabaja-para-mediar-entre-particulares-y-de-enlace-con-los-colectivos-de-los-barrios\/\" \/>\n<meta property=\"og:locale\" content=\"es_ES\" \/>\n<meta property=\"og:type\" content=\"article\" \/>\n<meta property=\"og:title\" content=\"El Ayuntamiento adecuar\u00e1 nuevas oficinas para el grupo de Polic\u00eda Comuntaria que trabaja para mediar entre particulares y de enlace con los colectivos de los barrios\" \/>\n<meta property=\"og:description\" content=\"La Junta de Gobierno Local ha aprobado hoy el expediente para las obras en el antiguo taller de fontaner\u00eda con un presupuesto de 90.408 euros\" \/>\n<meta property=\"og:url\" content=\"https:\/\/www.laguiadepamplona.com\/actualidad\/el-ayuntamiento-adecuara-nuevas-oficinas-para-el-grupo-de-policia-comuntaria-que-trabaja-para-mediar-entre-particulares-y-de-enlace-con-los-colectivos-de-los-barrios\/\" \/>\n<meta property=\"og:site_name\" content=\"La Gu\u00eda de Pamplona\" \/>\n<meta property=\"article:publisher\" content=\"https:\/\/www.facebook.com\/laguiadepamplonacom-133175176762273\/?ref=hl\" \/>\n<meta property=\"article:published_time\" content=\"2018-12-05T11:07:48+00:00\" \/>\n<meta property=\"og:image\" content=\"https:\/\/www.laguiadepamplona.com\/actualidad\/wp-content\/uploads\/2018\/05\/ayto-pamplona-3.jpg\" \/>\n\t<meta property=\"og:image:width\" content=\"1000\" \/>\n\t<meta property=\"og:image:height\" content=\"555\" \/>\n\t<meta property=\"og:image:type\" content=\"image\/jpeg\" \/>\n<meta name=\"author\" content=\"La Gu\u00eda de Pamplona\" \/>\n<meta name=\"twitter:card\" content=\"summary_large_image\" \/>\n<meta name=\"twitter:creator\" content=\"@LaGuiadPamplona\" \/>\n<meta name=\"twitter:site\" content=\"@LaGuiadPamplona\" \/>\n<meta name=\"twitter:label1\" content=\"Escrito por\" \/>\n\t<meta name=\"twitter:data1\" content=\"La Gu\u00eda de Pamplona\" \/>\n\t<meta name=\"twitter:label2\" content=\"Tiempo de lectura\" \/>\n\t<meta name=\"twitter:data2\" content=\"3 minutos\" \/>\n<script type=\"application\/ld+json\" class=\"yoast-schema-graph\">{\"@context\":\"https:\\\/\\\/schema.org\",\"@graph\":[{\"@type\":\"Article\",\"@id\":\"https:\\\/\\\/www.laguiadepamplona.com\\\/actualidad\\\/el-ayuntamiento-adecuara-nuevas-oficinas-para-el-grupo-de-policia-comuntaria-que-trabaja-para-mediar-entre-particulares-y-de-enlace-con-los-colectivos-de-los-barrios\\\/#article\",\"isPartOf\":{\"@id\":\"https:\\\/\\\/www.laguiadepamplona.com\\\/actualidad\\\/el-ayuntamiento-adecuara-nuevas-oficinas-para-el-grupo-de-policia-comuntaria-que-trabaja-para-mediar-entre-particulares-y-de-enlace-con-los-colectivos-de-los-barrios\\\/\"},\"author\":{\"name\":\"La Gu\u00eda de Pamplona\",\"@id\":\"https:\\\/\\\/www.laguiadepamplona.com\\\/actualidad\\\/#\\\/schema\\\/person\\\/efe887376f0213d4657c93adc50b1fdb\"},\"headline\":\"El Ayuntamiento adecuar\u00e1 nuevas oficinas para el grupo de Polic\u00eda Comuntaria que trabaja para mediar entre particulares y de enlace con los colectivos de los barrios\",\"datePublished\":\"2018-12-05T11:07:48+00:00\",\"mainEntityOfPage\":{\"@id\":\"https:\\\/\\\/www.laguiadepamplona.com\\\/actualidad\\\/el-ayuntamiento-adecuara-nuevas-oficinas-para-el-grupo-de-policia-comuntaria-que-trabaja-para-mediar-entre-particulares-y-de-enlace-con-los-colectivos-de-los-barrios\\\/\"},\"wordCount\":603,\"commentCount\":0,\"publisher\":{\"@id\":\"https:\\\/\\\/www.laguiadepamplona.com\\\/actualidad\\\/#organization\"},\"image\":{\"@id\":\"https:\\\/\\\/www.laguiadepamplona.com\\\/actualidad\\\/el-ayuntamiento-adecuara-nuevas-oficinas-para-el-grupo-de-policia-comuntaria-que-trabaja-para-mediar-entre-particulares-y-de-enlace-con-los-colectivos-de-los-barrios\\\/#primaryimage\"},\"thumbnailUrl\":\"https:\\\/\\\/www.laguiadepamplona.com\\\/actualidad\\\/wp-content\\\/uploads\\\/2018\\\/05\\\/ayto-pamplona-3.jpg\",\"articleSection\":[\"Ayto Pamplona\"],\"inLanguage\":\"es\",\"potentialAction\":[{\"@type\":\"CommentAction\",\"name\":\"Comment\",\"target\":[\"https:\\\/\\\/www.laguiadepamplona.com\\\/actualidad\\\/el-ayuntamiento-adecuara-nuevas-oficinas-para-el-grupo-de-policia-comuntaria-que-trabaja-para-mediar-entre-particulares-y-de-enlace-con-los-colectivos-de-los-barrios\\\/#respond\"]}]},{\"@type\":\"WebPage\",\"@id\":\"https:\\\/\\\/www.laguiadepamplona.com\\\/actualidad\\\/el-ayuntamiento-adecuara-nuevas-oficinas-para-el-grupo-de-policia-comuntaria-que-trabaja-para-mediar-entre-particulares-y-de-enlace-con-los-colectivos-de-los-barrios\\\/\",\"url\":\"https:\\\/\\\/www.laguiadepamplona.com\\\/actualidad\\\/el-ayuntamiento-adecuara-nuevas-oficinas-para-el-grupo-de-policia-comuntaria-que-trabaja-para-mediar-entre-particulares-y-de-enlace-con-los-colectivos-de-los-barrios\\\/\",\"name\":\"El Ayuntamiento adecuar\u00e1 nuevas oficinas para el grupo de Polic\u00eda Comuntaria que trabaja para mediar entre particulares y de enlace con los colectivos de los barrios\",\"isPartOf\":{\"@id\":\"https:\\\/\\\/www.laguiadepamplona.com\\\/actualidad\\\/#website\"},\"primaryImageOfPage\":{\"@id\":\"https:\\\/\\\/www.laguiadepamplona.com\\\/actualidad\\\/el-ayuntamiento-adecuara-nuevas-oficinas-para-el-grupo-de-policia-comuntaria-que-trabaja-para-mediar-entre-particulares-y-de-enlace-con-los-colectivos-de-los-barrios\\\/#primaryimage\"},\"image\":{\"@id\":\"https:\\\/\\\/www.laguiadepamplona.com\\\/actualidad\\\/el-ayuntamiento-adecuara-nuevas-oficinas-para-el-grupo-de-policia-comuntaria-que-trabaja-para-mediar-entre-particulares-y-de-enlace-con-los-colectivos-de-los-barrios\\\/#primaryimage\"},\"thumbnailUrl\":\"https:\\\/\\\/www.laguiadepamplona.com\\\/actualidad\\\/wp-content\\\/uploads\\\/2018\\\/05\\\/ayto-pamplona-3.jpg\",\"datePublished\":\"2018-12-05T11:07:48+00:00\",\"breadcrumb\":{\"@id\":\"https:\\\/\\\/www.laguiadepamplona.com\\\/actualidad\\\/el-ayuntamiento-adecuara-nuevas-oficinas-para-el-grupo-de-policia-comuntaria-que-trabaja-para-mediar-entre-particulares-y-de-enlace-con-los-colectivos-de-los-barrios\\\/#breadcrumb\"},\"inLanguage\":\"es\",\"potentialAction\":[{\"@type\":\"ReadAction\",\"target\":[\"https:\\\/\\\/www.laguiadepamplona.com\\\/actualidad\\\/el-ayuntamiento-adecuara-nuevas-oficinas-para-el-grupo-de-policia-comuntaria-que-trabaja-para-mediar-entre-particulares-y-de-enlace-con-los-colectivos-de-los-barrios\\\/\"]}]},{\"@type\":\"ImageObject\",\"inLanguage\":\"es\",\"@id\":\"https:\\\/\\\/www.laguiadepamplona.com\\\/actualidad\\\/el-ayuntamiento-adecuara-nuevas-oficinas-para-el-grupo-de-policia-comuntaria-que-trabaja-para-mediar-entre-particulares-y-de-enlace-con-los-colectivos-de-los-barrios\\\/#primaryimage\",\"url\":\"https:\\\/\\\/www.laguiadepamplona.com\\\/actualidad\\\/wp-content\\\/uploads\\\/2018\\\/05\\\/ayto-pamplona-3.jpg\",\"contentUrl\":\"https:\\\/\\\/www.laguiadepamplona.com\\\/actualidad\\\/wp-content\\\/uploads\\\/2018\\\/05\\\/ayto-pamplona-3.jpg\",\"width\":1000,\"height\":555},{\"@type\":\"BreadcrumbList\",\"@id\":\"https:\\\/\\\/www.laguiadepamplona.com\\\/actualidad\\\/el-ayuntamiento-adecuara-nuevas-oficinas-para-el-grupo-de-policia-comuntaria-que-trabaja-para-mediar-entre-particulares-y-de-enlace-con-los-colectivos-de-los-barrios\\\/#breadcrumb\",\"itemListElement\":[{\"@type\":\"ListItem\",\"position\":1,\"name\":\"Portada\",\"item\":\"https:\\\/\\\/www.laguiadepamplona.com\\\/actualidad\\\/\"},{\"@type\":\"ListItem\",\"position\":2,\"name\":\"El Ayuntamiento adecuar\u00e1 nuevas oficinas para el grupo de Polic\u00eda Comuntaria que trabaja para mediar entre particulares y de enlace con los colectivos de los barrios\"}]},{\"@type\":\"WebSite\",\"@id\":\"https:\\\/\\\/www.laguiadepamplona.com\\\/actualidad\\\/#website\",\"url\":\"https:\\\/\\\/www.laguiadepamplona.com\\\/actualidad\\\/\",\"name\":\"La gu\u00eda de Pamplona\",\"description\":\"Noticias de Pamplona\",\"publisher\":{\"@id\":\"https:\\\/\\\/www.laguiadepamplona.com\\\/actualidad\\\/#organization\"},\"potentialAction\":[{\"@type\":\"SearchAction\",\"target\":{\"@type\":\"EntryPoint\",\"urlTemplate\":\"https:\\\/\\\/www.laguiadepamplona.com\\\/actualidad\\\/?s={search_term_string}\"},\"query-input\":{\"@type\":\"PropertyValueSpecification\",\"valueRequired\":true,\"valueName\":\"search_term_string\"}}],\"inLanguage\":\"es\"},{\"@type\":\"Organization\",\"@id\":\"https:\\\/\\\/www.laguiadepamplona.com\\\/actualidad\\\/#organization\",\"name\":\"La Gu\u00eda de Pamplona \\\/ Noticias\",\"url\":\"https:\\\/\\\/www.laguiadepamplona.com\\\/actualidad\\\/\",\"logo\":{\"@type\":\"ImageObject\",\"inLanguage\":\"es\",\"@id\":\"https:\\\/\\\/www.laguiadepamplona.com\\\/actualidad\\\/#\\\/schema\\\/logo\\\/image\\\/\",\"url\":\"https:\\\/\\\/www.laguiadepamplona.com\\\/actualidad\\\/wp-content\\\/uploads\\\/2018\\\/11\\\/logo-laguiadepamplona18-web1.png\",\"contentUrl\":\"https:\\\/\\\/www.laguiadepamplona.com\\\/actualidad\\\/wp-content\\\/uploads\\\/2018\\\/11\\\/logo-laguiadepamplona18-web1.png\",\"width\":600,\"height\":196,\"caption\":\"La Gu\u00eda de Pamplona \\\/ Noticias\"},\"image\":{\"@id\":\"https:\\\/\\\/www.laguiadepamplona.com\\\/actualidad\\\/#\\\/schema\\\/logo\\\/image\\\/\"},\"sameAs\":[\"https:\\\/\\\/www.facebook.com\\\/laguiadepamplonacom-133175176762273\\\/?ref=hl\",\"https:\\\/\\\/x.com\\\/LaGuiadPamplona\",\"https:\\\/\\\/www.instagram.com\\\/la_guia_de_pamplona\\\/\",\"https:\\\/\\\/www.youtube.com\\\/user\\\/laguiadepamplona\"]},{\"@type\":\"Person\",\"@id\":\"https:\\\/\\\/www.laguiadepamplona.com\\\/actualidad\\\/#\\\/schema\\\/person\\\/efe887376f0213d4657c93adc50b1fdb\",\"name\":\"La Gu\u00eda de Pamplona\",\"image\":{\"@type\":\"ImageObject\",\"inLanguage\":\"es\",\"@id\":\"https:\\\/\\\/secure.gravatar.com\\\/avatar\\\/b6992f131dc8d30ab0dff15446e9d346d9dbd95992de0fef795073f5ea83a81c?s=96&d=mm&r=g\",\"url\":\"https:\\\/\\\/secure.gravatar.com\\\/avatar\\\/b6992f131dc8d30ab0dff15446e9d346d9dbd95992de0fef795073f5ea83a81c?s=96&d=mm&r=g\",\"contentUrl\":\"https:\\\/\\\/secure.gravatar.com\\\/avatar\\\/b6992f131dc8d30ab0dff15446e9d346d9dbd95992de0fef795073f5ea83a81c?s=96&d=mm&r=g\",\"caption\":\"La Gu\u00eda de Pamplona\"}}]}<\/script>\n<!-- \/ Yoast SEO plugin. -->","yoast_head_json":{"title":"El Ayuntamiento adecuar\u00e1 nuevas oficinas para el grupo de Polic\u00eda Comuntaria que trabaja para mediar entre particulares y de enlace con los colectivos de los barrios","robots":{"index":"index","follow":"follow","max-snippet":"max-snippet:-1","max-image-preview":"max-image-preview:large","max-video-preview":"max-video-preview:-1"},"canonical":"https:\/\/www.laguiadepamplona.com\/actualidad\/el-ayuntamiento-adecuara-nuevas-oficinas-para-el-grupo-de-policia-comuntaria-que-trabaja-para-mediar-entre-particulares-y-de-enlace-con-los-colectivos-de-los-barrios\/","og_locale":"es_ES","og_type":"article","og_title":"El Ayuntamiento adecuar\u00e1 nuevas oficinas para el grupo de Polic\u00eda Comuntaria que trabaja para mediar entre particulares y de enlace con los colectivos de los barrios","og_description":"La Junta de Gobierno Local ha aprobado hoy el expediente para las obras en el antiguo taller de fontaner\u00eda con un presupuesto de 90.408 euros","og_url":"https:\/\/www.laguiadepamplona.com\/actualidad\/el-ayuntamiento-adecuara-nuevas-oficinas-para-el-grupo-de-policia-comuntaria-que-trabaja-para-mediar-entre-particulares-y-de-enlace-con-los-colectivos-de-los-barrios\/","og_site_name":"La Gu\u00eda de Pamplona","article_publisher":"https:\/\/www.facebook.com\/laguiadepamplonacom-133175176762273\/?ref=hl","article_published_time":"2018-12-05T11:07:48+00:00","og_image":[{"width":1000,"height":555,"url":"https:\/\/www.laguiadepamplona.com\/actualidad\/wp-content\/uploads\/2018\/05\/ayto-pamplona-3.jpg","type":"image\/jpeg"}],"author":"La Gu\u00eda de Pamplona","twitter_card":"summary_large_image","twitter_creator":"@LaGuiadPamplona","twitter_site":"@LaGuiadPamplona","twitter_misc":{"Escrito por":"La Gu\u00eda de Pamplona","Tiempo de lectura":"3 minutos"},"schema":{"@context":"https:\/\/schema.org","@graph":[{"@type":"Article","@id":"https:\/\/www.laguiadepamplona.com\/actualidad\/el-ayuntamiento-adecuara-nuevas-oficinas-para-el-grupo-de-policia-comuntaria-que-trabaja-para-mediar-entre-particulares-y-de-enlace-con-los-colectivos-de-los-barrios\/#article","isPartOf":{"@id":"https:\/\/www.laguiadepamplona.com\/actualidad\/el-ayuntamiento-adecuara-nuevas-oficinas-para-el-grupo-de-policia-comuntaria-que-trabaja-para-mediar-entre-particulares-y-de-enlace-con-los-colectivos-de-los-barrios\/"},"author":{"name":"La Gu\u00eda de Pamplona","@id":"https:\/\/www.laguiadepamplona.com\/actualidad\/#\/schema\/person\/efe887376f0213d4657c93adc50b1fdb"},"headline":"El Ayuntamiento adecuar\u00e1 nuevas oficinas para el grupo de Polic\u00eda Comuntaria que trabaja para mediar entre particulares y de enlace con los colectivos de los barrios","datePublished":"2018-12-05T11:07:48+00:00","mainEntityOfPage":{"@id":"https:\/\/www.laguiadepamplona.com\/actualidad\/el-ayuntamiento-adecuara-nuevas-oficinas-para-el-grupo-de-policia-comuntaria-que-trabaja-para-mediar-entre-particulares-y-de-enlace-con-los-colectivos-de-los-barrios\/"},"wordCount":603,"commentCount":0,"publisher":{"@id":"https:\/\/www.laguiadepamplona.com\/actualidad\/#organization"},"image":{"@id":"https:\/\/www.laguiadepamplona.com\/actualidad\/el-ayuntamiento-adecuara-nuevas-oficinas-para-el-grupo-de-policia-comuntaria-que-trabaja-para-mediar-entre-particulares-y-de-enlace-con-los-colectivos-de-los-barrios\/#primaryimage"},"thumbnailUrl":"https:\/\/www.laguiadepamplona.com\/actualidad\/wp-content\/uploads\/2018\/05\/ayto-pamplona-3.jpg","articleSection":["Ayto Pamplona"],"inLanguage":"es","potentialAction":[{"@type":"CommentAction","name":"Comment","target":["https:\/\/www.laguiadepamplona.com\/actualidad\/el-ayuntamiento-adecuara-nuevas-oficinas-para-el-grupo-de-policia-comuntaria-que-trabaja-para-mediar-entre-particulares-y-de-enlace-con-los-colectivos-de-los-barrios\/#respond"]}]},{"@type":"WebPage","@id":"https:\/\/www.laguiadepamplona.com\/actualidad\/el-ayuntamiento-adecuara-nuevas-oficinas-para-el-grupo-de-policia-comuntaria-que-trabaja-para-mediar-entre-particulares-y-de-enlace-con-los-colectivos-de-los-barrios\/","url":"https:\/\/www.laguiadepamplona.com\/actualidad\/el-ayuntamiento-adecuara-nuevas-oficinas-para-el-grupo-de-policia-comuntaria-que-trabaja-para-mediar-entre-particulares-y-de-enlace-con-los-colectivos-de-los-barrios\/","name":"El Ayuntamiento adecuar\u00e1 nuevas oficinas para el grupo de Polic\u00eda Comuntaria que trabaja para mediar entre particulares y de enlace con los colectivos de los barrios","isPartOf":{"@id":"https:\/\/www.laguiadepamplona.com\/actualidad\/#website"},"primaryImageOfPage":{"@id":"https:\/\/www.laguiadepamplona.com\/actualidad\/el-ayuntamiento-adecuara-nuevas-oficinas-para-el-grupo-de-policia-comuntaria-que-trabaja-para-mediar-entre-particulares-y-de-enlace-con-los-colectivos-de-los-barrios\/#primaryimage"},"image":{"@id":"https:\/\/www.laguiadepamplona.com\/actualidad\/el-ayuntamiento-adecuara-nuevas-oficinas-para-el-grupo-de-policia-comuntaria-que-trabaja-para-mediar-entre-particulares-y-de-enlace-con-los-colectivos-de-los-barrios\/#primaryimage"},"thumbnailUrl":"https:\/\/www.laguiadepamplona.com\/actualidad\/wp-content\/uploads\/2018\/05\/ayto-pamplona-3.jpg","datePublished":"2018-12-05T11:07:48+00:00","breadcrumb":{"@id":"https:\/\/www.laguiadepamplona.com\/actualidad\/el-ayuntamiento-adecuara-nuevas-oficinas-para-el-grupo-de-policia-comuntaria-que-trabaja-para-mediar-entre-particulares-y-de-enlace-con-los-colectivos-de-los-barrios\/#breadcrumb"},"inLanguage":"es","potentialAction":[{"@type":"ReadAction","target":["https:\/\/www.laguiadepamplona.com\/actualidad\/el-ayuntamiento-adecuara-nuevas-oficinas-para-el-grupo-de-policia-comuntaria-que-trabaja-para-mediar-entre-particulares-y-de-enlace-con-los-colectivos-de-los-barrios\/"]}]},{"@type":"ImageObject","inLanguage":"es","@id":"https:\/\/www.laguiadepamplona.com\/actualidad\/el-ayuntamiento-adecuara-nuevas-oficinas-para-el-grupo-de-policia-comuntaria-que-trabaja-para-mediar-entre-particulares-y-de-enlace-con-los-colectivos-de-los-barrios\/#primaryimage","url":"https:\/\/www.laguiadepamplona.com\/actualidad\/wp-content\/uploads\/2018\/05\/ayto-pamplona-3.jpg","contentUrl":"https:\/\/www.laguiadepamplona.com\/actualidad\/wp-content\/uploads\/2018\/05\/ayto-pamplona-3.jpg","width":1000,"height":555},{"@type":"BreadcrumbList","@id":"https:\/\/www.laguiadepamplona.com\/actualidad\/el-ayuntamiento-adecuara-nuevas-oficinas-para-el-grupo-de-policia-comuntaria-que-trabaja-para-mediar-entre-particulares-y-de-enlace-con-los-colectivos-de-los-barrios\/#breadcrumb","itemListElement":[{"@type":"ListItem","position":1,"name":"Portada","item":"https:\/\/www.laguiadepamplona.com\/actualidad\/"},{"@type":"ListItem","position":2,"name":"El Ayuntamiento adecuar\u00e1 nuevas oficinas para el grupo de Polic\u00eda Comuntaria que trabaja para mediar entre particulares y de enlace con los colectivos de los barrios"}]},{"@type":"WebSite","@id":"https:\/\/www.laguiadepamplona.com\/actualidad\/#website","url":"https:\/\/www.laguiadepamplona.com\/actualidad\/","name":"La gu\u00eda de Pamplona","description":"Noticias de Pamplona","publisher":{"@id":"https:\/\/www.laguiadepamplona.com\/actualidad\/#organization"},"potentialAction":[{"@type":"SearchAction","target":{"@type":"EntryPoint","urlTemplate":"https:\/\/www.laguiadepamplona.com\/actualidad\/?s={search_term_string}"},"query-input":{"@type":"PropertyValueSpecification","valueRequired":true,"valueName":"search_term_string"}}],"inLanguage":"es"},{"@type":"Organization","@id":"https:\/\/www.laguiadepamplona.com\/actualidad\/#organization","name":"La Gu\u00eda de Pamplona \/ Noticias","url":"https:\/\/www.laguiadepamplona.com\/actualidad\/","logo":{"@type":"ImageObject","inLanguage":"es","@id":"https:\/\/www.laguiadepamplona.com\/actualidad\/#\/schema\/logo\/image\/","url":"https:\/\/www.laguiadepamplona.com\/actualidad\/wp-content\/uploads\/2018\/11\/logo-laguiadepamplona18-web1.png","contentUrl":"https:\/\/www.laguiadepamplona.com\/actualidad\/wp-content\/uploads\/2018\/11\/logo-laguiadepamplona18-web1.png","width":600,"height":196,"caption":"La Gu\u00eda de Pamplona \/ Noticias"},"image":{"@id":"https:\/\/www.laguiadepamplona.com\/actualidad\/#\/schema\/logo\/image\/"},"sameAs":["https:\/\/www.facebook.com\/laguiadepamplonacom-133175176762273\/?ref=hl","https:\/\/x.com\/LaGuiadPamplona","https:\/\/www.instagram.com\/la_guia_de_pamplona\/","https:\/\/www.youtube.com\/user\/laguiadepamplona"]},{"@type":"Person","@id":"https:\/\/www.laguiadepamplona.com\/actualidad\/#\/schema\/person\/efe887376f0213d4657c93adc50b1fdb","name":"La Gu\u00eda de Pamplona","image":{"@type":"ImageObject","inLanguage":"es","@id":"https:\/\/secure.gravatar.com\/avatar\/b6992f131dc8d30ab0dff15446e9d346d9dbd95992de0fef795073f5ea83a81c?s=96&d=mm&r=g","url":"https:\/\/secure.gravatar.com\/avatar\/b6992f131dc8d30ab0dff15446e9d346d9dbd95992de0fef795073f5ea83a81c?s=96&d=mm&r=g","contentUrl":"https:\/\/secure.gravatar.com\/avatar\/b6992f131dc8d30ab0dff15446e9d346d9dbd95992de0fef795073f5ea83a81c?s=96&d=mm&r=g","caption":"La Gu\u00eda de Pamplona"}}]}},"post_mailing_queue_ids":[],"_links":{"self":[{"href":"https:\/\/www.laguiadepamplona.com\/actualidad\/wp-json\/wp\/v2\/posts\/19675","targetHints":{"allow":["GET"]}}],"collection":[{"href":"https:\/\/www.laguiadepamplona.com\/actualidad\/wp-json\/wp\/v2\/posts"}],"about":[{"href":"https:\/\/www.laguiadepamplona.com\/actualidad\/wp-json\/wp\/v2\/types\/post"}],"author":[{"embeddable":true,"href":"https:\/\/www.laguiadepamplona.com\/actualidad\/wp-json\/wp\/v2\/users\/1"}],"replies":[{"embeddable":true,"href":"https:\/\/www.laguiadepamplona.com\/actualidad\/wp-json\/wp\/v2\/comments?post=19675"}],"version-history":[{"count":0,"href":"https:\/\/www.laguiadepamplona.com\/actualidad\/wp-json\/wp\/v2\/posts\/19675\/revisions"}],"wp:featuredmedia":[{"embeddable":true,"href":"https:\/\/www.laguiadepamplona.com\/actualidad\/wp-json\/wp\/v2\/media\/17600"}],"wp:attachment":[{"href":"https:\/\/www.laguiadepamplona.com\/actualidad\/wp-json\/wp\/v2\/media?parent=19675"}],"wp:term":[{"taxonomy":"category","embeddable":true,"href":"https:\/\/www.laguiadepamplona.com\/actualidad\/wp-json\/wp\/v2\/categories?post=19675"},{"taxonomy":"post_tag","embeddable":true,"href":"https:\/\/www.laguiadepamplona.com\/actualidad\/wp-json\/wp\/v2\/tags?post=19675"}],"curies":[{"name":"wp","href":"https:\/\/api.w.org\/{rel}","templated":true}]}}