{"id":19671,"date":"2018-12-05T13:00:30","date_gmt":"2018-12-05T11:00:30","guid":{"rendered":"https:\/\/www.laguiadepamplona.es\/actualidad\/?p=19671"},"modified":"2018-12-05T13:00:30","modified_gmt":"2018-12-05T11:00:30","slug":"aprobada-la-licitacion-de-los-trabajos-de-sustitucion-de-ventanas-y-puertas-exteriores-del-edificio-de-infantil-del-c-p-san-jorge","status":"publish","type":"post","link":"https:\/\/www.laguiadepamplona.com\/actualidad\/aprobada-la-licitacion-de-los-trabajos-de-sustitucion-de-ventanas-y-puertas-exteriores-del-edificio-de-infantil-del-c-p-san-jorge\/","title":{"rendered":"Aprobada la licitaci\u00f3n de los trabajos de sustituci\u00f3n de ventanas y puertas exteriores del edificio de Infantil del C.P. San Jorge"},"content":{"rendered":"<h3>Las obras forman parte de las Inversiones Financieramente Sostenibles aprobadas este a\u00f1o y se licitan por 113.495,99 euros<\/h3>\n<p><!--more--><\/p>\n<p>El Ayuntamiento de Pamplona cambiar\u00e1 las carpinter\u00edas (ventanas y puertas) exteriores del edificio de Educaci\u00f3n Infantil del C. P. San Jorge. La Junta de Gobierno Local ha autorizado un gasto de 113.495,99 euros para esta actuaci\u00f3n, que se enmarca en las inversiones Financieramente Sostenibles aprobadas en este 2018. Se prev\u00e9 que los trabajos comiencen en el mes de marzo y se desarrollen durante un m\u00e1ximo de dos meses.<\/p>\n<p>La intervenci\u00f3n tiene como objetivo rehabilitar parte de los elementos de la envolvente del edificio de Infantil y mejorar las condiciones de habitabilidad y utilizaci\u00f3n del inmueble. Las carpinter\u00edas que se sustituir\u00e1n corresponden a las ventanas y puertas exteriores de las plantas baja y primera. Son carpinter\u00edas de madera sin rotura de puente t\u00e9rmico y acristalamiento sencillo, que no cumplen la normativa de seguridad. Adem\u00e1s, la mayor parte de las carpinter\u00edas de la planta baja est\u00e1n protegidas con verjas met\u00e1licas fijas de acero galvanizado.<\/p>\n<p>Los trabajos que se llevar\u00e1n a cabo sustituir\u00e1n esas carpinter\u00edas exteriores por otras formadas por hojas fijas y batientes y\/u oscilobatientes constituidas por perfiles de PVC, aluminio o papel aluminio. Las carpinter\u00edas cuyo alf\u00e9izar se sit\u00fae a una altura inferior a 90 cent\u00edmetros medidos desde el pavimento tendr\u00e1n una parte inferior fija. De esta manera, se garantiza una mayor facilidad de las maniobras de apertura y cierre y un mayor nivel de aislamiento t\u00e9rmico que reduce el intercambio de temperaturas con el exterior, adem\u00e1s de cumplir la normativa vigente sobre seguridad de uso.<\/p>\n<p>Las empresas interesadas podr\u00e1n presentar sus propuestas en el plazo que se indique una vez que se publique el anuncio del contrato en el Portal de Contrataci\u00f3n de Navarra. Para la adjudicaci\u00f3n de estos trabajos se valorar\u00e1 la oferta t\u00e9cnica presentada (50 puntos), la propuesta t\u00e9cnica (35 puntos), el plazo de ejecuci\u00f3n (10 puntos) y la condici\u00f3n medioambiental (5 puntos).<\/p>\n","protected":false},"excerpt":{"rendered":"<p>Las obras forman parte de las Inversiones Financieramente Sostenibles aprobadas este a\u00f1o y se licitan por 113.495,99 euros<\/p>\n","protected":false},"author":1,"featured_media":17600,"comment_status":"open","ping_status":"closed","sticky":false,"template":"","format":"standard","meta":{"footnotes":""},"categories":[2],"tags":[],"class_list":["post-19671","post","type-post","status-publish","format-standard","has-post-thumbnail","hentry","category-ayuntamiento-pamplona"],"yoast_head":"<!-- This site is optimized with the Yoast SEO plugin v27.3 - https:\/\/yoast.com\/product\/yoast-seo-wordpress\/ -->\n<title>Aprobada la licitaci\u00f3n de los trabajos de sustituci\u00f3n de ventanas y puertas exteriores del edificio de Infantil del C.P. San Jorge<\/title>\n<meta name=\"robots\" content=\"index, follow, max-snippet:-1, max-image-preview:large, max-video-preview:-1\" \/>\n<link rel=\"canonical\" href=\"https:\/\/www.laguiadepamplona.com\/actualidad\/aprobada-la-licitacion-de-los-trabajos-de-sustitucion-de-ventanas-y-puertas-exteriores-del-edificio-de-infantil-del-c-p-san-jorge\/\" \/>\n<meta property=\"og:locale\" content=\"es_ES\" \/>\n<meta property=\"og:type\" content=\"article\" \/>\n<meta property=\"og:title\" content=\"Aprobada la licitaci\u00f3n de los trabajos de sustituci\u00f3n de ventanas y puertas exteriores del edificio de Infantil del C.P. San Jorge\" \/>\n<meta property=\"og:description\" content=\"Las obras forman parte de las Inversiones Financieramente Sostenibles aprobadas este a\u00f1o y se licitan por 113.495,99 euros\" \/>\n<meta property=\"og:url\" content=\"https:\/\/www.laguiadepamplona.com\/actualidad\/aprobada-la-licitacion-de-los-trabajos-de-sustitucion-de-ventanas-y-puertas-exteriores-del-edificio-de-infantil-del-c-p-san-jorge\/\" \/>\n<meta property=\"og:site_name\" content=\"La Gu\u00eda de Pamplona\" \/>\n<meta property=\"article:publisher\" content=\"https:\/\/www.facebook.com\/laguiadepamplonacom-133175176762273\/?ref=hl\" \/>\n<meta property=\"article:published_time\" content=\"2018-12-05T11:00:30+00:00\" \/>\n<meta property=\"og:image\" content=\"https:\/\/www.laguiadepamplona.com\/actualidad\/wp-content\/uploads\/2018\/05\/ayto-pamplona-3.jpg\" \/>\n\t<meta property=\"og:image:width\" content=\"1000\" \/>\n\t<meta property=\"og:image:height\" content=\"555\" \/>\n\t<meta property=\"og:image:type\" content=\"image\/jpeg\" \/>\n<meta name=\"author\" content=\"La Gu\u00eda de Pamplona\" \/>\n<meta name=\"twitter:card\" content=\"summary_large_image\" \/>\n<meta name=\"twitter:creator\" content=\"@LaGuiadPamplona\" \/>\n<meta name=\"twitter:site\" content=\"@LaGuiadPamplona\" \/>\n<meta name=\"twitter:label1\" content=\"Escrito por\" \/>\n\t<meta name=\"twitter:data1\" content=\"La Gu\u00eda de Pamplona\" \/>\n\t<meta name=\"twitter:label2\" content=\"Tiempo de lectura\" \/>\n\t<meta name=\"twitter:data2\" content=\"2 minutos\" \/>\n<script type=\"application\/ld+json\" class=\"yoast-schema-graph\">{\"@context\":\"https:\\\/\\\/schema.org\",\"@graph\":[{\"@type\":\"Article\",\"@id\":\"https:\\\/\\\/www.laguiadepamplona.com\\\/actualidad\\\/aprobada-la-licitacion-de-los-trabajos-de-sustitucion-de-ventanas-y-puertas-exteriores-del-edificio-de-infantil-del-c-p-san-jorge\\\/#article\",\"isPartOf\":{\"@id\":\"https:\\\/\\\/www.laguiadepamplona.com\\\/actualidad\\\/aprobada-la-licitacion-de-los-trabajos-de-sustitucion-de-ventanas-y-puertas-exteriores-del-edificio-de-infantil-del-c-p-san-jorge\\\/\"},\"author\":{\"name\":\"La Gu\u00eda de Pamplona\",\"@id\":\"https:\\\/\\\/www.laguiadepamplona.com\\\/actualidad\\\/#\\\/schema\\\/person\\\/efe887376f0213d4657c93adc50b1fdb\"},\"headline\":\"Aprobada la licitaci\u00f3n de los trabajos de sustituci\u00f3n de ventanas y puertas exteriores del edificio de Infantil del C.P. San Jorge\",\"datePublished\":\"2018-12-05T11:00:30+00:00\",\"mainEntityOfPage\":{\"@id\":\"https:\\\/\\\/www.laguiadepamplona.com\\\/actualidad\\\/aprobada-la-licitacion-de-los-trabajos-de-sustitucion-de-ventanas-y-puertas-exteriores-del-edificio-de-infantil-del-c-p-san-jorge\\\/\"},\"wordCount\":372,\"commentCount\":0,\"publisher\":{\"@id\":\"https:\\\/\\\/www.laguiadepamplona.com\\\/actualidad\\\/#organization\"},\"image\":{\"@id\":\"https:\\\/\\\/www.laguiadepamplona.com\\\/actualidad\\\/aprobada-la-licitacion-de-los-trabajos-de-sustitucion-de-ventanas-y-puertas-exteriores-del-edificio-de-infantil-del-c-p-san-jorge\\\/#primaryimage\"},\"thumbnailUrl\":\"https:\\\/\\\/www.laguiadepamplona.com\\\/actualidad\\\/wp-content\\\/uploads\\\/2018\\\/05\\\/ayto-pamplona-3.jpg\",\"articleSection\":[\"Ayto Pamplona\"],\"inLanguage\":\"es\",\"potentialAction\":[{\"@type\":\"CommentAction\",\"name\":\"Comment\",\"target\":[\"https:\\\/\\\/www.laguiadepamplona.com\\\/actualidad\\\/aprobada-la-licitacion-de-los-trabajos-de-sustitucion-de-ventanas-y-puertas-exteriores-del-edificio-de-infantil-del-c-p-san-jorge\\\/#respond\"]}]},{\"@type\":\"WebPage\",\"@id\":\"https:\\\/\\\/www.laguiadepamplona.com\\\/actualidad\\\/aprobada-la-licitacion-de-los-trabajos-de-sustitucion-de-ventanas-y-puertas-exteriores-del-edificio-de-infantil-del-c-p-san-jorge\\\/\",\"url\":\"https:\\\/\\\/www.laguiadepamplona.com\\\/actualidad\\\/aprobada-la-licitacion-de-los-trabajos-de-sustitucion-de-ventanas-y-puertas-exteriores-del-edificio-de-infantil-del-c-p-san-jorge\\\/\",\"name\":\"Aprobada la licitaci\u00f3n de los trabajos de sustituci\u00f3n de ventanas y puertas exteriores del edificio de Infantil del C.P. San Jorge\",\"isPartOf\":{\"@id\":\"https:\\\/\\\/www.laguiadepamplona.com\\\/actualidad\\\/#website\"},\"primaryImageOfPage\":{\"@id\":\"https:\\\/\\\/www.laguiadepamplona.com\\\/actualidad\\\/aprobada-la-licitacion-de-los-trabajos-de-sustitucion-de-ventanas-y-puertas-exteriores-del-edificio-de-infantil-del-c-p-san-jorge\\\/#primaryimage\"},\"image\":{\"@id\":\"https:\\\/\\\/www.laguiadepamplona.com\\\/actualidad\\\/aprobada-la-licitacion-de-los-trabajos-de-sustitucion-de-ventanas-y-puertas-exteriores-del-edificio-de-infantil-del-c-p-san-jorge\\\/#primaryimage\"},\"thumbnailUrl\":\"https:\\\/\\\/www.laguiadepamplona.com\\\/actualidad\\\/wp-content\\\/uploads\\\/2018\\\/05\\\/ayto-pamplona-3.jpg\",\"datePublished\":\"2018-12-05T11:00:30+00:00\",\"breadcrumb\":{\"@id\":\"https:\\\/\\\/www.laguiadepamplona.com\\\/actualidad\\\/aprobada-la-licitacion-de-los-trabajos-de-sustitucion-de-ventanas-y-puertas-exteriores-del-edificio-de-infantil-del-c-p-san-jorge\\\/#breadcrumb\"},\"inLanguage\":\"es\",\"potentialAction\":[{\"@type\":\"ReadAction\",\"target\":[\"https:\\\/\\\/www.laguiadepamplona.com\\\/actualidad\\\/aprobada-la-licitacion-de-los-trabajos-de-sustitucion-de-ventanas-y-puertas-exteriores-del-edificio-de-infantil-del-c-p-san-jorge\\\/\"]}]},{\"@type\":\"ImageObject\",\"inLanguage\":\"es\",\"@id\":\"https:\\\/\\\/www.laguiadepamplona.com\\\/actualidad\\\/aprobada-la-licitacion-de-los-trabajos-de-sustitucion-de-ventanas-y-puertas-exteriores-del-edificio-de-infantil-del-c-p-san-jorge\\\/#primaryimage\",\"url\":\"https:\\\/\\\/www.laguiadepamplona.com\\\/actualidad\\\/wp-content\\\/uploads\\\/2018\\\/05\\\/ayto-pamplona-3.jpg\",\"contentUrl\":\"https:\\\/\\\/www.laguiadepamplona.com\\\/actualidad\\\/wp-content\\\/uploads\\\/2018\\\/05\\\/ayto-pamplona-3.jpg\",\"width\":1000,\"height\":555},{\"@type\":\"BreadcrumbList\",\"@id\":\"https:\\\/\\\/www.laguiadepamplona.com\\\/actualidad\\\/aprobada-la-licitacion-de-los-trabajos-de-sustitucion-de-ventanas-y-puertas-exteriores-del-edificio-de-infantil-del-c-p-san-jorge\\\/#breadcrumb\",\"itemListElement\":[{\"@type\":\"ListItem\",\"position\":1,\"name\":\"Portada\",\"item\":\"https:\\\/\\\/www.laguiadepamplona.com\\\/actualidad\\\/\"},{\"@type\":\"ListItem\",\"position\":2,\"name\":\"Aprobada la licitaci\u00f3n de los trabajos de sustituci\u00f3n de ventanas y puertas exteriores del edificio de Infantil del C.P. San Jorge\"}]},{\"@type\":\"WebSite\",\"@id\":\"https:\\\/\\\/www.laguiadepamplona.com\\\/actualidad\\\/#website\",\"url\":\"https:\\\/\\\/www.laguiadepamplona.com\\\/actualidad\\\/\",\"name\":\"La gu\u00eda de Pamplona\",\"description\":\"Noticias de Pamplona\",\"publisher\":{\"@id\":\"https:\\\/\\\/www.laguiadepamplona.com\\\/actualidad\\\/#organization\"},\"potentialAction\":[{\"@type\":\"SearchAction\",\"target\":{\"@type\":\"EntryPoint\",\"urlTemplate\":\"https:\\\/\\\/www.laguiadepamplona.com\\\/actualidad\\\/?s={search_term_string}\"},\"query-input\":{\"@type\":\"PropertyValueSpecification\",\"valueRequired\":true,\"valueName\":\"search_term_string\"}}],\"inLanguage\":\"es\"},{\"@type\":\"Organization\",\"@id\":\"https:\\\/\\\/www.laguiadepamplona.com\\\/actualidad\\\/#organization\",\"name\":\"La Gu\u00eda de Pamplona \\\/ Noticias\",\"url\":\"https:\\\/\\\/www.laguiadepamplona.com\\\/actualidad\\\/\",\"logo\":{\"@type\":\"ImageObject\",\"inLanguage\":\"es\",\"@id\":\"https:\\\/\\\/www.laguiadepamplona.com\\\/actualidad\\\/#\\\/schema\\\/logo\\\/image\\\/\",\"url\":\"https:\\\/\\\/www.laguiadepamplona.com\\\/actualidad\\\/wp-content\\\/uploads\\\/2018\\\/11\\\/logo-laguiadepamplona18-web1.png\",\"contentUrl\":\"https:\\\/\\\/www.laguiadepamplona.com\\\/actualidad\\\/wp-content\\\/uploads\\\/2018\\\/11\\\/logo-laguiadepamplona18-web1.png\",\"width\":600,\"height\":196,\"caption\":\"La Gu\u00eda de Pamplona \\\/ Noticias\"},\"image\":{\"@id\":\"https:\\\/\\\/www.laguiadepamplona.com\\\/actualidad\\\/#\\\/schema\\\/logo\\\/image\\\/\"},\"sameAs\":[\"https:\\\/\\\/www.facebook.com\\\/laguiadepamplonacom-133175176762273\\\/?ref=hl\",\"https:\\\/\\\/x.com\\\/LaGuiadPamplona\",\"https:\\\/\\\/www.instagram.com\\\/la_guia_de_pamplona\\\/\",\"https:\\\/\\\/www.youtube.com\\\/user\\\/laguiadepamplona\"]},{\"@type\":\"Person\",\"@id\":\"https:\\\/\\\/www.laguiadepamplona.com\\\/actualidad\\\/#\\\/schema\\\/person\\\/efe887376f0213d4657c93adc50b1fdb\",\"name\":\"La Gu\u00eda de Pamplona\",\"image\":{\"@type\":\"ImageObject\",\"inLanguage\":\"es\",\"@id\":\"https:\\\/\\\/secure.gravatar.com\\\/avatar\\\/b6992f131dc8d30ab0dff15446e9d346d9dbd95992de0fef795073f5ea83a81c?s=96&d=mm&r=g\",\"url\":\"https:\\\/\\\/secure.gravatar.com\\\/avatar\\\/b6992f131dc8d30ab0dff15446e9d346d9dbd95992de0fef795073f5ea83a81c?s=96&d=mm&r=g\",\"contentUrl\":\"https:\\\/\\\/secure.gravatar.com\\\/avatar\\\/b6992f131dc8d30ab0dff15446e9d346d9dbd95992de0fef795073f5ea83a81c?s=96&d=mm&r=g\",\"caption\":\"La Gu\u00eda de Pamplona\"}}]}<\/script>\n<!-- \/ Yoast SEO plugin. -->","yoast_head_json":{"title":"Aprobada la licitaci\u00f3n de los trabajos de sustituci\u00f3n de ventanas y puertas exteriores del edificio de Infantil del C.P. San Jorge","robots":{"index":"index","follow":"follow","max-snippet":"max-snippet:-1","max-image-preview":"max-image-preview:large","max-video-preview":"max-video-preview:-1"},"canonical":"https:\/\/www.laguiadepamplona.com\/actualidad\/aprobada-la-licitacion-de-los-trabajos-de-sustitucion-de-ventanas-y-puertas-exteriores-del-edificio-de-infantil-del-c-p-san-jorge\/","og_locale":"es_ES","og_type":"article","og_title":"Aprobada la licitaci\u00f3n de los trabajos de sustituci\u00f3n de ventanas y puertas exteriores del edificio de Infantil del C.P. San Jorge","og_description":"Las obras forman parte de las Inversiones Financieramente Sostenibles aprobadas este a\u00f1o y se licitan por 113.495,99 euros","og_url":"https:\/\/www.laguiadepamplona.com\/actualidad\/aprobada-la-licitacion-de-los-trabajos-de-sustitucion-de-ventanas-y-puertas-exteriores-del-edificio-de-infantil-del-c-p-san-jorge\/","og_site_name":"La Gu\u00eda de Pamplona","article_publisher":"https:\/\/www.facebook.com\/laguiadepamplonacom-133175176762273\/?ref=hl","article_published_time":"2018-12-05T11:00:30+00:00","og_image":[{"width":1000,"height":555,"url":"https:\/\/www.laguiadepamplona.com\/actualidad\/wp-content\/uploads\/2018\/05\/ayto-pamplona-3.jpg","type":"image\/jpeg"}],"author":"La Gu\u00eda de Pamplona","twitter_card":"summary_large_image","twitter_creator":"@LaGuiadPamplona","twitter_site":"@LaGuiadPamplona","twitter_misc":{"Escrito por":"La Gu\u00eda de Pamplona","Tiempo de lectura":"2 minutos"},"schema":{"@context":"https:\/\/schema.org","@graph":[{"@type":"Article","@id":"https:\/\/www.laguiadepamplona.com\/actualidad\/aprobada-la-licitacion-de-los-trabajos-de-sustitucion-de-ventanas-y-puertas-exteriores-del-edificio-de-infantil-del-c-p-san-jorge\/#article","isPartOf":{"@id":"https:\/\/www.laguiadepamplona.com\/actualidad\/aprobada-la-licitacion-de-los-trabajos-de-sustitucion-de-ventanas-y-puertas-exteriores-del-edificio-de-infantil-del-c-p-san-jorge\/"},"author":{"name":"La Gu\u00eda de Pamplona","@id":"https:\/\/www.laguiadepamplona.com\/actualidad\/#\/schema\/person\/efe887376f0213d4657c93adc50b1fdb"},"headline":"Aprobada la licitaci\u00f3n de los trabajos de sustituci\u00f3n de ventanas y puertas exteriores del edificio de Infantil del C.P. San Jorge","datePublished":"2018-12-05T11:00:30+00:00","mainEntityOfPage":{"@id":"https:\/\/www.laguiadepamplona.com\/actualidad\/aprobada-la-licitacion-de-los-trabajos-de-sustitucion-de-ventanas-y-puertas-exteriores-del-edificio-de-infantil-del-c-p-san-jorge\/"},"wordCount":372,"commentCount":0,"publisher":{"@id":"https:\/\/www.laguiadepamplona.com\/actualidad\/#organization"},"image":{"@id":"https:\/\/www.laguiadepamplona.com\/actualidad\/aprobada-la-licitacion-de-los-trabajos-de-sustitucion-de-ventanas-y-puertas-exteriores-del-edificio-de-infantil-del-c-p-san-jorge\/#primaryimage"},"thumbnailUrl":"https:\/\/www.laguiadepamplona.com\/actualidad\/wp-content\/uploads\/2018\/05\/ayto-pamplona-3.jpg","articleSection":["Ayto Pamplona"],"inLanguage":"es","potentialAction":[{"@type":"CommentAction","name":"Comment","target":["https:\/\/www.laguiadepamplona.com\/actualidad\/aprobada-la-licitacion-de-los-trabajos-de-sustitucion-de-ventanas-y-puertas-exteriores-del-edificio-de-infantil-del-c-p-san-jorge\/#respond"]}]},{"@type":"WebPage","@id":"https:\/\/www.laguiadepamplona.com\/actualidad\/aprobada-la-licitacion-de-los-trabajos-de-sustitucion-de-ventanas-y-puertas-exteriores-del-edificio-de-infantil-del-c-p-san-jorge\/","url":"https:\/\/www.laguiadepamplona.com\/actualidad\/aprobada-la-licitacion-de-los-trabajos-de-sustitucion-de-ventanas-y-puertas-exteriores-del-edificio-de-infantil-del-c-p-san-jorge\/","name":"Aprobada la licitaci\u00f3n de los trabajos de sustituci\u00f3n de ventanas y puertas exteriores del edificio de Infantil del C.P. San Jorge","isPartOf":{"@id":"https:\/\/www.laguiadepamplona.com\/actualidad\/#website"},"primaryImageOfPage":{"@id":"https:\/\/www.laguiadepamplona.com\/actualidad\/aprobada-la-licitacion-de-los-trabajos-de-sustitucion-de-ventanas-y-puertas-exteriores-del-edificio-de-infantil-del-c-p-san-jorge\/#primaryimage"},"image":{"@id":"https:\/\/www.laguiadepamplona.com\/actualidad\/aprobada-la-licitacion-de-los-trabajos-de-sustitucion-de-ventanas-y-puertas-exteriores-del-edificio-de-infantil-del-c-p-san-jorge\/#primaryimage"},"thumbnailUrl":"https:\/\/www.laguiadepamplona.com\/actualidad\/wp-content\/uploads\/2018\/05\/ayto-pamplona-3.jpg","datePublished":"2018-12-05T11:00:30+00:00","breadcrumb":{"@id":"https:\/\/www.laguiadepamplona.com\/actualidad\/aprobada-la-licitacion-de-los-trabajos-de-sustitucion-de-ventanas-y-puertas-exteriores-del-edificio-de-infantil-del-c-p-san-jorge\/#breadcrumb"},"inLanguage":"es","potentialAction":[{"@type":"ReadAction","target":["https:\/\/www.laguiadepamplona.com\/actualidad\/aprobada-la-licitacion-de-los-trabajos-de-sustitucion-de-ventanas-y-puertas-exteriores-del-edificio-de-infantil-del-c-p-san-jorge\/"]}]},{"@type":"ImageObject","inLanguage":"es","@id":"https:\/\/www.laguiadepamplona.com\/actualidad\/aprobada-la-licitacion-de-los-trabajos-de-sustitucion-de-ventanas-y-puertas-exteriores-del-edificio-de-infantil-del-c-p-san-jorge\/#primaryimage","url":"https:\/\/www.laguiadepamplona.com\/actualidad\/wp-content\/uploads\/2018\/05\/ayto-pamplona-3.jpg","contentUrl":"https:\/\/www.laguiadepamplona.com\/actualidad\/wp-content\/uploads\/2018\/05\/ayto-pamplona-3.jpg","width":1000,"height":555},{"@type":"BreadcrumbList","@id":"https:\/\/www.laguiadepamplona.com\/actualidad\/aprobada-la-licitacion-de-los-trabajos-de-sustitucion-de-ventanas-y-puertas-exteriores-del-edificio-de-infantil-del-c-p-san-jorge\/#breadcrumb","itemListElement":[{"@type":"ListItem","position":1,"name":"Portada","item":"https:\/\/www.laguiadepamplona.com\/actualidad\/"},{"@type":"ListItem","position":2,"name":"Aprobada la licitaci\u00f3n de los trabajos de sustituci\u00f3n de ventanas y puertas exteriores del edificio de Infantil del C.P. San Jorge"}]},{"@type":"WebSite","@id":"https:\/\/www.laguiadepamplona.com\/actualidad\/#website","url":"https:\/\/www.laguiadepamplona.com\/actualidad\/","name":"La gu\u00eda de Pamplona","description":"Noticias de Pamplona","publisher":{"@id":"https:\/\/www.laguiadepamplona.com\/actualidad\/#organization"},"potentialAction":[{"@type":"SearchAction","target":{"@type":"EntryPoint","urlTemplate":"https:\/\/www.laguiadepamplona.com\/actualidad\/?s={search_term_string}"},"query-input":{"@type":"PropertyValueSpecification","valueRequired":true,"valueName":"search_term_string"}}],"inLanguage":"es"},{"@type":"Organization","@id":"https:\/\/www.laguiadepamplona.com\/actualidad\/#organization","name":"La Gu\u00eda de Pamplona \/ Noticias","url":"https:\/\/www.laguiadepamplona.com\/actualidad\/","logo":{"@type":"ImageObject","inLanguage":"es","@id":"https:\/\/www.laguiadepamplona.com\/actualidad\/#\/schema\/logo\/image\/","url":"https:\/\/www.laguiadepamplona.com\/actualidad\/wp-content\/uploads\/2018\/11\/logo-laguiadepamplona18-web1.png","contentUrl":"https:\/\/www.laguiadepamplona.com\/actualidad\/wp-content\/uploads\/2018\/11\/logo-laguiadepamplona18-web1.png","width":600,"height":196,"caption":"La Gu\u00eda de Pamplona \/ Noticias"},"image":{"@id":"https:\/\/www.laguiadepamplona.com\/actualidad\/#\/schema\/logo\/image\/"},"sameAs":["https:\/\/www.facebook.com\/laguiadepamplonacom-133175176762273\/?ref=hl","https:\/\/x.com\/LaGuiadPamplona","https:\/\/www.instagram.com\/la_guia_de_pamplona\/","https:\/\/www.youtube.com\/user\/laguiadepamplona"]},{"@type":"Person","@id":"https:\/\/www.laguiadepamplona.com\/actualidad\/#\/schema\/person\/efe887376f0213d4657c93adc50b1fdb","name":"La Gu\u00eda de Pamplona","image":{"@type":"ImageObject","inLanguage":"es","@id":"https:\/\/secure.gravatar.com\/avatar\/b6992f131dc8d30ab0dff15446e9d346d9dbd95992de0fef795073f5ea83a81c?s=96&d=mm&r=g","url":"https:\/\/secure.gravatar.com\/avatar\/b6992f131dc8d30ab0dff15446e9d346d9dbd95992de0fef795073f5ea83a81c?s=96&d=mm&r=g","contentUrl":"https:\/\/secure.gravatar.com\/avatar\/b6992f131dc8d30ab0dff15446e9d346d9dbd95992de0fef795073f5ea83a81c?s=96&d=mm&r=g","caption":"La Gu\u00eda de Pamplona"}}]}},"post_mailing_queue_ids":[],"_links":{"self":[{"href":"https:\/\/www.laguiadepamplona.com\/actualidad\/wp-json\/wp\/v2\/posts\/19671","targetHints":{"allow":["GET"]}}],"collection":[{"href":"https:\/\/www.laguiadepamplona.com\/actualidad\/wp-json\/wp\/v2\/posts"}],"about":[{"href":"https:\/\/www.laguiadepamplona.com\/actualidad\/wp-json\/wp\/v2\/types\/post"}],"author":[{"embeddable":true,"href":"https:\/\/www.laguiadepamplona.com\/actualidad\/wp-json\/wp\/v2\/users\/1"}],"replies":[{"embeddable":true,"href":"https:\/\/www.laguiadepamplona.com\/actualidad\/wp-json\/wp\/v2\/comments?post=19671"}],"version-history":[{"count":0,"href":"https:\/\/www.laguiadepamplona.com\/actualidad\/wp-json\/wp\/v2\/posts\/19671\/revisions"}],"wp:featuredmedia":[{"embeddable":true,"href":"https:\/\/www.laguiadepamplona.com\/actualidad\/wp-json\/wp\/v2\/media\/17600"}],"wp:attachment":[{"href":"https:\/\/www.laguiadepamplona.com\/actualidad\/wp-json\/wp\/v2\/media?parent=19671"}],"wp:term":[{"taxonomy":"category","embeddable":true,"href":"https:\/\/www.laguiadepamplona.com\/actualidad\/wp-json\/wp\/v2\/categories?post=19671"},{"taxonomy":"post_tag","embeddable":true,"href":"https:\/\/www.laguiadepamplona.com\/actualidad\/wp-json\/wp\/v2\/tags?post=19671"}],"curies":[{"name":"wp","href":"https:\/\/api.w.org\/{rel}","templated":true}]}}