{"id":19669,"date":"2018-12-05T12:59:36","date_gmt":"2018-12-05T10:59:36","guid":{"rendered":"https:\/\/www.laguiadepamplona.es\/actualidad\/?p=19669"},"modified":"2018-12-05T12:59:36","modified_gmt":"2018-12-05T10:59:36","slug":"en-el-mes-de-marzo-comenzara-la-reforma-de-quince-viviendas-municipales-en-el-grupo-san-pedro-que-se-destinaran-a-situaciones-de-emergencia-habitacional","status":"publish","type":"post","link":"https:\/\/www.laguiadepamplona.com\/actualidad\/en-el-mes-de-marzo-comenzara-la-reforma-de-quince-viviendas-municipales-en-el-grupo-san-pedro-que-se-destinaran-a-situaciones-de-emergencia-habitacional\/","title":{"rendered":"En el mes de marzo comenzar\u00e1 la reforma de quince viviendas municipales en el Grupo San Pedro que se destinar\u00e1n a situaciones de emergencia habitacional"},"content":{"rendered":"<h3>Las obras, divididas en tres lotes, cuentan con un presupuesto de 631.620,57 euros y se enmarcan en las IFS aprobadas este a\u00f1o<\/h3>\n<p><!--more--><\/p>\n<p>La Junta de Gobierno Local ha aprobado esta ma\u00f1ana la licitaci\u00f3n de las obras de reforma de quince viviendas municipales ubicadas en el Grupo San Pedro en el barrio de la Rochapea. Una vez reformadas, el Ayuntamiento de Pamplona dispondr\u00e1 de ellas para destinarlas a situaciones de emergencia habitacional. El presupuesto de estas actuaciones asciende a 631.620,57 euros y forman parte de las Inversiones Financieramente Sostenibles (IFS) aprobadas este a\u00f1o.<\/p>\n<p>Se prev\u00e9 que las obras puedan comenzar en el mes de marzo y se lleven a cabo durante cuatro meses. Los trabajos se licitan en tres lotes de cinco viviendas cada uno. El lote 1 incluye cinco viviendas de los n\u00fameros 10, 22 y 23 y se licita por 206.709,44 euros; el lote 2, con inmuebles en los n\u00fameros 24, 27, 28 y 30 tiene un presupuesto de 217.417,89 euros; y el lote 3, con actuaciones en los n\u00fameros 32, 34 y 36 cuenta con 207.493,24 euros. Las empresas licitadoras podr\u00e1n presentar ofertas a los lotes que estimen oportunos una vez que se publique el anuncio en el Portal de Contrataci\u00f3n de Navarra, pero solo podr\u00e1n resultar adjudicatarias de un m\u00e1ximo de uno, aunque con algunas excepciones en el caso de haya lotes que puedan quedar desiertos.<\/p>\n<p>Desde 2015 el Ayuntamiento de Pamplona ha impulsado un plan para la rehabilitaci\u00f3n de viviendas de propiedad municipal, que se ha consolidado durante los siguientes ejercicios. Se actuaba sobre viviendas que se encontraban vac\u00edas con objeto de ponerlas a disposici\u00f3n de la ciudadan\u00eda con necesidad de emergencia habitacional. En septiembre de 2018 se aprob\u00f3 un suplemento presupuestario de 1 mill\u00f3n de euros para continuar con esas actuaciones.<\/p>\n<p><strong>Viviendas de 1948 sin ninguna reforma realizada<\/strong><\/p>\n<p>Las quince viviendas se localizan en varios edificios de planta baja, primera y segunda, de geometr\u00eda pr\u00e1cticamente cuadrada. Todas ellas tienen la misma distribuci\u00f3n, con ba\u00f1o, cocina, tres dormitorios y sal\u00f3n. Las viviendas cuentan con una superficie aproximada de 69 metros cuadrados, con una altura libre de 2,70 metros (2,40 metros en aquellas zonas donde existe falso techo). Datan del a\u00f1o 1948 y en ellas no se ha realizado ninguna reforma significativa, por lo que disponen de las instalaciones y equipamientos propios de aquella \u00e9poca. Es decir, cuentan con pavimentos de cer\u00e1mica o terrazo y alicatados cer\u00e1micos hasta media altura en cocina y ba\u00f1os, as\u00ed como parqu\u00e9 pegado y yeso o papel pintado en el resto de estancias, cocina econ\u00f3mica y sanitarios de loza de modelos antiguos, carpinter\u00edas interiores y exteriores de madera, instalaci\u00f3n el\u00e9ctrica con cableado en superficie y no tienen calefacci\u00f3n.<\/p>\n<p>Los trabajos que se van a realizar prev\u00e9n la reforma completa de cocina y ba\u00f1os y el mantenimiento o sustituci\u00f3n de los pavimentos, en funci\u00f3n de su grado de conservaci\u00f3n. Se van a pintar las paredes y los techos de todas las viviendas y se esmaltar\u00e1n o sustituir\u00e1n tanto las carpinter\u00edas interiores como las exteriores de madera, seg\u00fan tambi\u00e9n su estado. Asimismo, se realizar\u00e1n trabajos de ajustes en las carpinter\u00edas exteriores, as\u00ed como en las persianas. En cuanto a las instalaciones, se propone la renovaci\u00f3n completa de la instalaci\u00f3n el\u00e9ctrica y de fontaner\u00eda y saneamiento. Se instalar\u00e1 una caldera de gas para la producci\u00f3n de calefacci\u00f3n. En cada vivienda se acometer\u00e1n tambi\u00e9n peque\u00f1os trabajos de reparaci\u00f3n dot\u00e1ndolas de este modo de unas condiciones de habitabilidad adecuadas.<\/p>\n<p>&nbsp;<\/p>\n","protected":false},"excerpt":{"rendered":"<p>Las obras, divididas en tres lotes, cuentan con un presupuesto de 631.620,57 euros y se enmarcan en las IFS aprobadas este a\u00f1o<\/p>\n","protected":false},"author":1,"featured_media":17600,"comment_status":"open","ping_status":"closed","sticky":false,"template":"","format":"standard","meta":{"footnotes":""},"categories":[2],"tags":[],"class_list":["post-19669","post","type-post","status-publish","format-standard","has-post-thumbnail","hentry","category-ayuntamiento-pamplona"],"yoast_head":"<!-- This site is optimized with the Yoast SEO plugin v27.3 - https:\/\/yoast.com\/product\/yoast-seo-wordpress\/ -->\n<title>En el mes de marzo comenzar\u00e1 la reforma de quince viviendas municipales en el Grupo San Pedro que se destinar\u00e1n a situaciones de emergencia habitacional<\/title>\n<meta name=\"robots\" content=\"index, follow, max-snippet:-1, max-image-preview:large, max-video-preview:-1\" \/>\n<link rel=\"canonical\" href=\"https:\/\/www.laguiadepamplona.com\/actualidad\/en-el-mes-de-marzo-comenzara-la-reforma-de-quince-viviendas-municipales-en-el-grupo-san-pedro-que-se-destinaran-a-situaciones-de-emergencia-habitacional\/\" \/>\n<meta property=\"og:locale\" content=\"es_ES\" \/>\n<meta property=\"og:type\" content=\"article\" \/>\n<meta property=\"og:title\" content=\"En el mes de marzo comenzar\u00e1 la reforma de quince viviendas municipales en el Grupo San Pedro que se destinar\u00e1n a situaciones de emergencia habitacional\" \/>\n<meta property=\"og:description\" content=\"Las obras, divididas en tres lotes, cuentan con un presupuesto de 631.620,57 euros y se enmarcan en las IFS aprobadas este a\u00f1o\" \/>\n<meta property=\"og:url\" content=\"https:\/\/www.laguiadepamplona.com\/actualidad\/en-el-mes-de-marzo-comenzara-la-reforma-de-quince-viviendas-municipales-en-el-grupo-san-pedro-que-se-destinaran-a-situaciones-de-emergencia-habitacional\/\" \/>\n<meta property=\"og:site_name\" content=\"La Gu\u00eda de Pamplona\" \/>\n<meta property=\"article:publisher\" content=\"https:\/\/www.facebook.com\/laguiadepamplonacom-133175176762273\/?ref=hl\" \/>\n<meta property=\"article:published_time\" content=\"2018-12-05T10:59:36+00:00\" \/>\n<meta property=\"og:image\" content=\"https:\/\/www.laguiadepamplona.com\/actualidad\/wp-content\/uploads\/2018\/05\/ayto-pamplona-3.jpg\" \/>\n\t<meta property=\"og:image:width\" content=\"1000\" \/>\n\t<meta property=\"og:image:height\" content=\"555\" \/>\n\t<meta property=\"og:image:type\" content=\"image\/jpeg\" \/>\n<meta name=\"author\" content=\"La Gu\u00eda de Pamplona\" \/>\n<meta name=\"twitter:card\" content=\"summary_large_image\" \/>\n<meta name=\"twitter:creator\" content=\"@LaGuiadPamplona\" \/>\n<meta name=\"twitter:site\" content=\"@LaGuiadPamplona\" \/>\n<meta name=\"twitter:label1\" content=\"Escrito por\" \/>\n\t<meta name=\"twitter:data1\" content=\"La Gu\u00eda de Pamplona\" \/>\n\t<meta name=\"twitter:label2\" content=\"Tiempo de lectura\" \/>\n\t<meta name=\"twitter:data2\" content=\"3 minutos\" \/>\n<script type=\"application\/ld+json\" class=\"yoast-schema-graph\">{\"@context\":\"https:\\\/\\\/schema.org\",\"@graph\":[{\"@type\":\"Article\",\"@id\":\"https:\\\/\\\/www.laguiadepamplona.com\\\/actualidad\\\/en-el-mes-de-marzo-comenzara-la-reforma-de-quince-viviendas-municipales-en-el-grupo-san-pedro-que-se-destinaran-a-situaciones-de-emergencia-habitacional\\\/#article\",\"isPartOf\":{\"@id\":\"https:\\\/\\\/www.laguiadepamplona.com\\\/actualidad\\\/en-el-mes-de-marzo-comenzara-la-reforma-de-quince-viviendas-municipales-en-el-grupo-san-pedro-que-se-destinaran-a-situaciones-de-emergencia-habitacional\\\/\"},\"author\":{\"name\":\"La Gu\u00eda de Pamplona\",\"@id\":\"https:\\\/\\\/www.laguiadepamplona.com\\\/actualidad\\\/#\\\/schema\\\/person\\\/efe887376f0213d4657c93adc50b1fdb\"},\"headline\":\"En el mes de marzo comenzar\u00e1 la reforma de quince viviendas municipales en el Grupo San Pedro que se destinar\u00e1n a situaciones de emergencia habitacional\",\"datePublished\":\"2018-12-05T10:59:36+00:00\",\"mainEntityOfPage\":{\"@id\":\"https:\\\/\\\/www.laguiadepamplona.com\\\/actualidad\\\/en-el-mes-de-marzo-comenzara-la-reforma-de-quince-viviendas-municipales-en-el-grupo-san-pedro-que-se-destinaran-a-situaciones-de-emergencia-habitacional\\\/\"},\"wordCount\":626,\"commentCount\":0,\"publisher\":{\"@id\":\"https:\\\/\\\/www.laguiadepamplona.com\\\/actualidad\\\/#organization\"},\"image\":{\"@id\":\"https:\\\/\\\/www.laguiadepamplona.com\\\/actualidad\\\/en-el-mes-de-marzo-comenzara-la-reforma-de-quince-viviendas-municipales-en-el-grupo-san-pedro-que-se-destinaran-a-situaciones-de-emergencia-habitacional\\\/#primaryimage\"},\"thumbnailUrl\":\"https:\\\/\\\/www.laguiadepamplona.com\\\/actualidad\\\/wp-content\\\/uploads\\\/2018\\\/05\\\/ayto-pamplona-3.jpg\",\"articleSection\":[\"Ayto Pamplona\"],\"inLanguage\":\"es\",\"potentialAction\":[{\"@type\":\"CommentAction\",\"name\":\"Comment\",\"target\":[\"https:\\\/\\\/www.laguiadepamplona.com\\\/actualidad\\\/en-el-mes-de-marzo-comenzara-la-reforma-de-quince-viviendas-municipales-en-el-grupo-san-pedro-que-se-destinaran-a-situaciones-de-emergencia-habitacional\\\/#respond\"]}]},{\"@type\":\"WebPage\",\"@id\":\"https:\\\/\\\/www.laguiadepamplona.com\\\/actualidad\\\/en-el-mes-de-marzo-comenzara-la-reforma-de-quince-viviendas-municipales-en-el-grupo-san-pedro-que-se-destinaran-a-situaciones-de-emergencia-habitacional\\\/\",\"url\":\"https:\\\/\\\/www.laguiadepamplona.com\\\/actualidad\\\/en-el-mes-de-marzo-comenzara-la-reforma-de-quince-viviendas-municipales-en-el-grupo-san-pedro-que-se-destinaran-a-situaciones-de-emergencia-habitacional\\\/\",\"name\":\"En el mes de marzo comenzar\u00e1 la reforma de quince viviendas municipales en el Grupo San Pedro que se destinar\u00e1n a situaciones de emergencia habitacional\",\"isPartOf\":{\"@id\":\"https:\\\/\\\/www.laguiadepamplona.com\\\/actualidad\\\/#website\"},\"primaryImageOfPage\":{\"@id\":\"https:\\\/\\\/www.laguiadepamplona.com\\\/actualidad\\\/en-el-mes-de-marzo-comenzara-la-reforma-de-quince-viviendas-municipales-en-el-grupo-san-pedro-que-se-destinaran-a-situaciones-de-emergencia-habitacional\\\/#primaryimage\"},\"image\":{\"@id\":\"https:\\\/\\\/www.laguiadepamplona.com\\\/actualidad\\\/en-el-mes-de-marzo-comenzara-la-reforma-de-quince-viviendas-municipales-en-el-grupo-san-pedro-que-se-destinaran-a-situaciones-de-emergencia-habitacional\\\/#primaryimage\"},\"thumbnailUrl\":\"https:\\\/\\\/www.laguiadepamplona.com\\\/actualidad\\\/wp-content\\\/uploads\\\/2018\\\/05\\\/ayto-pamplona-3.jpg\",\"datePublished\":\"2018-12-05T10:59:36+00:00\",\"breadcrumb\":{\"@id\":\"https:\\\/\\\/www.laguiadepamplona.com\\\/actualidad\\\/en-el-mes-de-marzo-comenzara-la-reforma-de-quince-viviendas-municipales-en-el-grupo-san-pedro-que-se-destinaran-a-situaciones-de-emergencia-habitacional\\\/#breadcrumb\"},\"inLanguage\":\"es\",\"potentialAction\":[{\"@type\":\"ReadAction\",\"target\":[\"https:\\\/\\\/www.laguiadepamplona.com\\\/actualidad\\\/en-el-mes-de-marzo-comenzara-la-reforma-de-quince-viviendas-municipales-en-el-grupo-san-pedro-que-se-destinaran-a-situaciones-de-emergencia-habitacional\\\/\"]}]},{\"@type\":\"ImageObject\",\"inLanguage\":\"es\",\"@id\":\"https:\\\/\\\/www.laguiadepamplona.com\\\/actualidad\\\/en-el-mes-de-marzo-comenzara-la-reforma-de-quince-viviendas-municipales-en-el-grupo-san-pedro-que-se-destinaran-a-situaciones-de-emergencia-habitacional\\\/#primaryimage\",\"url\":\"https:\\\/\\\/www.laguiadepamplona.com\\\/actualidad\\\/wp-content\\\/uploads\\\/2018\\\/05\\\/ayto-pamplona-3.jpg\",\"contentUrl\":\"https:\\\/\\\/www.laguiadepamplona.com\\\/actualidad\\\/wp-content\\\/uploads\\\/2018\\\/05\\\/ayto-pamplona-3.jpg\",\"width\":1000,\"height\":555},{\"@type\":\"BreadcrumbList\",\"@id\":\"https:\\\/\\\/www.laguiadepamplona.com\\\/actualidad\\\/en-el-mes-de-marzo-comenzara-la-reforma-de-quince-viviendas-municipales-en-el-grupo-san-pedro-que-se-destinaran-a-situaciones-de-emergencia-habitacional\\\/#breadcrumb\",\"itemListElement\":[{\"@type\":\"ListItem\",\"position\":1,\"name\":\"Portada\",\"item\":\"https:\\\/\\\/www.laguiadepamplona.com\\\/actualidad\\\/\"},{\"@type\":\"ListItem\",\"position\":2,\"name\":\"En el mes de marzo comenzar\u00e1 la reforma de quince viviendas municipales en el Grupo San Pedro que se destinar\u00e1n a situaciones de emergencia habitacional\"}]},{\"@type\":\"WebSite\",\"@id\":\"https:\\\/\\\/www.laguiadepamplona.com\\\/actualidad\\\/#website\",\"url\":\"https:\\\/\\\/www.laguiadepamplona.com\\\/actualidad\\\/\",\"name\":\"La gu\u00eda de Pamplona\",\"description\":\"Noticias de Pamplona\",\"publisher\":{\"@id\":\"https:\\\/\\\/www.laguiadepamplona.com\\\/actualidad\\\/#organization\"},\"potentialAction\":[{\"@type\":\"SearchAction\",\"target\":{\"@type\":\"EntryPoint\",\"urlTemplate\":\"https:\\\/\\\/www.laguiadepamplona.com\\\/actualidad\\\/?s={search_term_string}\"},\"query-input\":{\"@type\":\"PropertyValueSpecification\",\"valueRequired\":true,\"valueName\":\"search_term_string\"}}],\"inLanguage\":\"es\"},{\"@type\":\"Organization\",\"@id\":\"https:\\\/\\\/www.laguiadepamplona.com\\\/actualidad\\\/#organization\",\"name\":\"La Gu\u00eda de Pamplona \\\/ Noticias\",\"url\":\"https:\\\/\\\/www.laguiadepamplona.com\\\/actualidad\\\/\",\"logo\":{\"@type\":\"ImageObject\",\"inLanguage\":\"es\",\"@id\":\"https:\\\/\\\/www.laguiadepamplona.com\\\/actualidad\\\/#\\\/schema\\\/logo\\\/image\\\/\",\"url\":\"https:\\\/\\\/www.laguiadepamplona.com\\\/actualidad\\\/wp-content\\\/uploads\\\/2018\\\/11\\\/logo-laguiadepamplona18-web1.png\",\"contentUrl\":\"https:\\\/\\\/www.laguiadepamplona.com\\\/actualidad\\\/wp-content\\\/uploads\\\/2018\\\/11\\\/logo-laguiadepamplona18-web1.png\",\"width\":600,\"height\":196,\"caption\":\"La Gu\u00eda de Pamplona \\\/ Noticias\"},\"image\":{\"@id\":\"https:\\\/\\\/www.laguiadepamplona.com\\\/actualidad\\\/#\\\/schema\\\/logo\\\/image\\\/\"},\"sameAs\":[\"https:\\\/\\\/www.facebook.com\\\/laguiadepamplonacom-133175176762273\\\/?ref=hl\",\"https:\\\/\\\/x.com\\\/LaGuiadPamplona\",\"https:\\\/\\\/www.instagram.com\\\/la_guia_de_pamplona\\\/\",\"https:\\\/\\\/www.youtube.com\\\/user\\\/laguiadepamplona\"]},{\"@type\":\"Person\",\"@id\":\"https:\\\/\\\/www.laguiadepamplona.com\\\/actualidad\\\/#\\\/schema\\\/person\\\/efe887376f0213d4657c93adc50b1fdb\",\"name\":\"La Gu\u00eda de Pamplona\",\"image\":{\"@type\":\"ImageObject\",\"inLanguage\":\"es\",\"@id\":\"https:\\\/\\\/secure.gravatar.com\\\/avatar\\\/b6992f131dc8d30ab0dff15446e9d346d9dbd95992de0fef795073f5ea83a81c?s=96&d=mm&r=g\",\"url\":\"https:\\\/\\\/secure.gravatar.com\\\/avatar\\\/b6992f131dc8d30ab0dff15446e9d346d9dbd95992de0fef795073f5ea83a81c?s=96&d=mm&r=g\",\"contentUrl\":\"https:\\\/\\\/secure.gravatar.com\\\/avatar\\\/b6992f131dc8d30ab0dff15446e9d346d9dbd95992de0fef795073f5ea83a81c?s=96&d=mm&r=g\",\"caption\":\"La Gu\u00eda de Pamplona\"}}]}<\/script>\n<!-- \/ Yoast SEO plugin. -->","yoast_head_json":{"title":"En el mes de marzo comenzar\u00e1 la reforma de quince viviendas municipales en el Grupo San Pedro que se destinar\u00e1n a situaciones de emergencia habitacional","robots":{"index":"index","follow":"follow","max-snippet":"max-snippet:-1","max-image-preview":"max-image-preview:large","max-video-preview":"max-video-preview:-1"},"canonical":"https:\/\/www.laguiadepamplona.com\/actualidad\/en-el-mes-de-marzo-comenzara-la-reforma-de-quince-viviendas-municipales-en-el-grupo-san-pedro-que-se-destinaran-a-situaciones-de-emergencia-habitacional\/","og_locale":"es_ES","og_type":"article","og_title":"En el mes de marzo comenzar\u00e1 la reforma de quince viviendas municipales en el Grupo San Pedro que se destinar\u00e1n a situaciones de emergencia habitacional","og_description":"Las obras, divididas en tres lotes, cuentan con un presupuesto de 631.620,57 euros y se enmarcan en las IFS aprobadas este a\u00f1o","og_url":"https:\/\/www.laguiadepamplona.com\/actualidad\/en-el-mes-de-marzo-comenzara-la-reforma-de-quince-viviendas-municipales-en-el-grupo-san-pedro-que-se-destinaran-a-situaciones-de-emergencia-habitacional\/","og_site_name":"La Gu\u00eda de Pamplona","article_publisher":"https:\/\/www.facebook.com\/laguiadepamplonacom-133175176762273\/?ref=hl","article_published_time":"2018-12-05T10:59:36+00:00","og_image":[{"width":1000,"height":555,"url":"https:\/\/www.laguiadepamplona.com\/actualidad\/wp-content\/uploads\/2018\/05\/ayto-pamplona-3.jpg","type":"image\/jpeg"}],"author":"La Gu\u00eda de Pamplona","twitter_card":"summary_large_image","twitter_creator":"@LaGuiadPamplona","twitter_site":"@LaGuiadPamplona","twitter_misc":{"Escrito por":"La Gu\u00eda de Pamplona","Tiempo de lectura":"3 minutos"},"schema":{"@context":"https:\/\/schema.org","@graph":[{"@type":"Article","@id":"https:\/\/www.laguiadepamplona.com\/actualidad\/en-el-mes-de-marzo-comenzara-la-reforma-de-quince-viviendas-municipales-en-el-grupo-san-pedro-que-se-destinaran-a-situaciones-de-emergencia-habitacional\/#article","isPartOf":{"@id":"https:\/\/www.laguiadepamplona.com\/actualidad\/en-el-mes-de-marzo-comenzara-la-reforma-de-quince-viviendas-municipales-en-el-grupo-san-pedro-que-se-destinaran-a-situaciones-de-emergencia-habitacional\/"},"author":{"name":"La Gu\u00eda de Pamplona","@id":"https:\/\/www.laguiadepamplona.com\/actualidad\/#\/schema\/person\/efe887376f0213d4657c93adc50b1fdb"},"headline":"En el mes de marzo comenzar\u00e1 la reforma de quince viviendas municipales en el Grupo San Pedro que se destinar\u00e1n a situaciones de emergencia habitacional","datePublished":"2018-12-05T10:59:36+00:00","mainEntityOfPage":{"@id":"https:\/\/www.laguiadepamplona.com\/actualidad\/en-el-mes-de-marzo-comenzara-la-reforma-de-quince-viviendas-municipales-en-el-grupo-san-pedro-que-se-destinaran-a-situaciones-de-emergencia-habitacional\/"},"wordCount":626,"commentCount":0,"publisher":{"@id":"https:\/\/www.laguiadepamplona.com\/actualidad\/#organization"},"image":{"@id":"https:\/\/www.laguiadepamplona.com\/actualidad\/en-el-mes-de-marzo-comenzara-la-reforma-de-quince-viviendas-municipales-en-el-grupo-san-pedro-que-se-destinaran-a-situaciones-de-emergencia-habitacional\/#primaryimage"},"thumbnailUrl":"https:\/\/www.laguiadepamplona.com\/actualidad\/wp-content\/uploads\/2018\/05\/ayto-pamplona-3.jpg","articleSection":["Ayto Pamplona"],"inLanguage":"es","potentialAction":[{"@type":"CommentAction","name":"Comment","target":["https:\/\/www.laguiadepamplona.com\/actualidad\/en-el-mes-de-marzo-comenzara-la-reforma-de-quince-viviendas-municipales-en-el-grupo-san-pedro-que-se-destinaran-a-situaciones-de-emergencia-habitacional\/#respond"]}]},{"@type":"WebPage","@id":"https:\/\/www.laguiadepamplona.com\/actualidad\/en-el-mes-de-marzo-comenzara-la-reforma-de-quince-viviendas-municipales-en-el-grupo-san-pedro-que-se-destinaran-a-situaciones-de-emergencia-habitacional\/","url":"https:\/\/www.laguiadepamplona.com\/actualidad\/en-el-mes-de-marzo-comenzara-la-reforma-de-quince-viviendas-municipales-en-el-grupo-san-pedro-que-se-destinaran-a-situaciones-de-emergencia-habitacional\/","name":"En el mes de marzo comenzar\u00e1 la reforma de quince viviendas municipales en el Grupo San Pedro que se destinar\u00e1n a situaciones de emergencia habitacional","isPartOf":{"@id":"https:\/\/www.laguiadepamplona.com\/actualidad\/#website"},"primaryImageOfPage":{"@id":"https:\/\/www.laguiadepamplona.com\/actualidad\/en-el-mes-de-marzo-comenzara-la-reforma-de-quince-viviendas-municipales-en-el-grupo-san-pedro-que-se-destinaran-a-situaciones-de-emergencia-habitacional\/#primaryimage"},"image":{"@id":"https:\/\/www.laguiadepamplona.com\/actualidad\/en-el-mes-de-marzo-comenzara-la-reforma-de-quince-viviendas-municipales-en-el-grupo-san-pedro-que-se-destinaran-a-situaciones-de-emergencia-habitacional\/#primaryimage"},"thumbnailUrl":"https:\/\/www.laguiadepamplona.com\/actualidad\/wp-content\/uploads\/2018\/05\/ayto-pamplona-3.jpg","datePublished":"2018-12-05T10:59:36+00:00","breadcrumb":{"@id":"https:\/\/www.laguiadepamplona.com\/actualidad\/en-el-mes-de-marzo-comenzara-la-reforma-de-quince-viviendas-municipales-en-el-grupo-san-pedro-que-se-destinaran-a-situaciones-de-emergencia-habitacional\/#breadcrumb"},"inLanguage":"es","potentialAction":[{"@type":"ReadAction","target":["https:\/\/www.laguiadepamplona.com\/actualidad\/en-el-mes-de-marzo-comenzara-la-reforma-de-quince-viviendas-municipales-en-el-grupo-san-pedro-que-se-destinaran-a-situaciones-de-emergencia-habitacional\/"]}]},{"@type":"ImageObject","inLanguage":"es","@id":"https:\/\/www.laguiadepamplona.com\/actualidad\/en-el-mes-de-marzo-comenzara-la-reforma-de-quince-viviendas-municipales-en-el-grupo-san-pedro-que-se-destinaran-a-situaciones-de-emergencia-habitacional\/#primaryimage","url":"https:\/\/www.laguiadepamplona.com\/actualidad\/wp-content\/uploads\/2018\/05\/ayto-pamplona-3.jpg","contentUrl":"https:\/\/www.laguiadepamplona.com\/actualidad\/wp-content\/uploads\/2018\/05\/ayto-pamplona-3.jpg","width":1000,"height":555},{"@type":"BreadcrumbList","@id":"https:\/\/www.laguiadepamplona.com\/actualidad\/en-el-mes-de-marzo-comenzara-la-reforma-de-quince-viviendas-municipales-en-el-grupo-san-pedro-que-se-destinaran-a-situaciones-de-emergencia-habitacional\/#breadcrumb","itemListElement":[{"@type":"ListItem","position":1,"name":"Portada","item":"https:\/\/www.laguiadepamplona.com\/actualidad\/"},{"@type":"ListItem","position":2,"name":"En el mes de marzo comenzar\u00e1 la reforma de quince viviendas municipales en el Grupo San Pedro que se destinar\u00e1n a situaciones de emergencia habitacional"}]},{"@type":"WebSite","@id":"https:\/\/www.laguiadepamplona.com\/actualidad\/#website","url":"https:\/\/www.laguiadepamplona.com\/actualidad\/","name":"La gu\u00eda de Pamplona","description":"Noticias de Pamplona","publisher":{"@id":"https:\/\/www.laguiadepamplona.com\/actualidad\/#organization"},"potentialAction":[{"@type":"SearchAction","target":{"@type":"EntryPoint","urlTemplate":"https:\/\/www.laguiadepamplona.com\/actualidad\/?s={search_term_string}"},"query-input":{"@type":"PropertyValueSpecification","valueRequired":true,"valueName":"search_term_string"}}],"inLanguage":"es"},{"@type":"Organization","@id":"https:\/\/www.laguiadepamplona.com\/actualidad\/#organization","name":"La Gu\u00eda de Pamplona \/ Noticias","url":"https:\/\/www.laguiadepamplona.com\/actualidad\/","logo":{"@type":"ImageObject","inLanguage":"es","@id":"https:\/\/www.laguiadepamplona.com\/actualidad\/#\/schema\/logo\/image\/","url":"https:\/\/www.laguiadepamplona.com\/actualidad\/wp-content\/uploads\/2018\/11\/logo-laguiadepamplona18-web1.png","contentUrl":"https:\/\/www.laguiadepamplona.com\/actualidad\/wp-content\/uploads\/2018\/11\/logo-laguiadepamplona18-web1.png","width":600,"height":196,"caption":"La Gu\u00eda de Pamplona \/ Noticias"},"image":{"@id":"https:\/\/www.laguiadepamplona.com\/actualidad\/#\/schema\/logo\/image\/"},"sameAs":["https:\/\/www.facebook.com\/laguiadepamplonacom-133175176762273\/?ref=hl","https:\/\/x.com\/LaGuiadPamplona","https:\/\/www.instagram.com\/la_guia_de_pamplona\/","https:\/\/www.youtube.com\/user\/laguiadepamplona"]},{"@type":"Person","@id":"https:\/\/www.laguiadepamplona.com\/actualidad\/#\/schema\/person\/efe887376f0213d4657c93adc50b1fdb","name":"La Gu\u00eda de Pamplona","image":{"@type":"ImageObject","inLanguage":"es","@id":"https:\/\/secure.gravatar.com\/avatar\/b6992f131dc8d30ab0dff15446e9d346d9dbd95992de0fef795073f5ea83a81c?s=96&d=mm&r=g","url":"https:\/\/secure.gravatar.com\/avatar\/b6992f131dc8d30ab0dff15446e9d346d9dbd95992de0fef795073f5ea83a81c?s=96&d=mm&r=g","contentUrl":"https:\/\/secure.gravatar.com\/avatar\/b6992f131dc8d30ab0dff15446e9d346d9dbd95992de0fef795073f5ea83a81c?s=96&d=mm&r=g","caption":"La Gu\u00eda de Pamplona"}}]}},"post_mailing_queue_ids":[],"_links":{"self":[{"href":"https:\/\/www.laguiadepamplona.com\/actualidad\/wp-json\/wp\/v2\/posts\/19669","targetHints":{"allow":["GET"]}}],"collection":[{"href":"https:\/\/www.laguiadepamplona.com\/actualidad\/wp-json\/wp\/v2\/posts"}],"about":[{"href":"https:\/\/www.laguiadepamplona.com\/actualidad\/wp-json\/wp\/v2\/types\/post"}],"author":[{"embeddable":true,"href":"https:\/\/www.laguiadepamplona.com\/actualidad\/wp-json\/wp\/v2\/users\/1"}],"replies":[{"embeddable":true,"href":"https:\/\/www.laguiadepamplona.com\/actualidad\/wp-json\/wp\/v2\/comments?post=19669"}],"version-history":[{"count":0,"href":"https:\/\/www.laguiadepamplona.com\/actualidad\/wp-json\/wp\/v2\/posts\/19669\/revisions"}],"wp:featuredmedia":[{"embeddable":true,"href":"https:\/\/www.laguiadepamplona.com\/actualidad\/wp-json\/wp\/v2\/media\/17600"}],"wp:attachment":[{"href":"https:\/\/www.laguiadepamplona.com\/actualidad\/wp-json\/wp\/v2\/media?parent=19669"}],"wp:term":[{"taxonomy":"category","embeddable":true,"href":"https:\/\/www.laguiadepamplona.com\/actualidad\/wp-json\/wp\/v2\/categories?post=19669"},{"taxonomy":"post_tag","embeddable":true,"href":"https:\/\/www.laguiadepamplona.com\/actualidad\/wp-json\/wp\/v2\/tags?post=19669"}],"curies":[{"name":"wp","href":"https:\/\/api.w.org\/{rel}","templated":true}]}}