{"id":19667,"date":"2018-12-05T12:58:23","date_gmt":"2018-12-05T10:58:23","guid":{"rendered":"https:\/\/www.laguiadepamplona.es\/actualidad\/?p=19667"},"modified":"2018-12-05T12:58:23","modified_gmt":"2018-12-05T10:58:23","slug":"dieciseis-personas-en-situacion-de-vulnerabilidad-participan-en-el-proyecto-incubadora-gastronomica-para-poner-en-marcha-una-idea-de-negocio-sobre-alimentacion","status":"publish","type":"post","link":"https:\/\/www.laguiadepamplona.com\/actualidad\/dieciseis-personas-en-situacion-de-vulnerabilidad-participan-en-el-proyecto-incubadora-gastronomica-para-poner-en-marcha-una-idea-de-negocio-sobre-alimentacion\/","title":{"rendered":"Diecis\u00e9is personas en situaci\u00f3n de vulnerabilidad participan en el proyecto Incubadora Gastron\u00f3mica para poner en marcha una idea de negocio sobre alimentaci\u00f3n"},"content":{"rendered":"<h3>Como parte de su formaci\u00f3n, han habilitado un puesto en el mercado de Santo Domingo y venden los productos que han desarrollado en el proyecto<\/h3>\n<p><!--more--><\/p>\n<p>La Incubadora Gastron\u00f3mica es un proyecto donde las personas con una idea de negocio ligada con la alimentaci\u00f3n prueban su idea y sus competencias sin asumir los riesgos que entra\u00f1a poner en marcha un negocio. El Ayuntamiento de Pamplona, Acci\u00f3n contra el Hambre, Casa Gurbindo, Obra Social La Caixa y Fundaci\u00f3n Caja Navarra han puesto en marcha desde octubre este programa que, desde la pr\u00e1ctica, pretende desarrollar diferentes l\u00edneas de productos identificando posibles clientes o negociando con futuros proveedores. En estos momentos el programa se encuentra en la fase de venta y testaje de esos productos en un puesto en el mercado municipal de Santo Domingo.<\/p>\n<p>Diecis\u00e9is personas, 12 mujeres y 4 hombres, est\u00e1n participando en esta iniciativa dirigida a\u00a0 personas emprendedoras en situaci\u00f3n vulnerable, prioritariamente inmigrantes, mujeres de 45 a\u00f1os en situaci\u00f3n de desempleo o empleo precario en Pamplona. La formaci\u00f3n recibida y la pr\u00e1ctica desarrollada con la venta de productos incluida facilitar\u00e1, a trav\u00e9s de un test de mercado, la realizaci\u00f3n de un an\u00e1lisis real de la viabilidad del negocio y de las propias competencias de la persona emprendedora para valorar entonces la puesta en marcha real de esa idea de negocio. Se trata, en definitiva, de acercar a personas en riesgo de exclusi\u00f3n la posibilidad de elaborar sus propios productos alimenticios en un marco legal, sin asumir una fuerte inversi\u00f3n inicial y aportando tambi\u00e9n a dichos productos valores a\u00f1adidos, como por ejemplo la utilizaci\u00f3n de materias primas kil\u00f3metro 0 de la huerta navarra. Este proyecto incorpora un nivel de innovaci\u00f3n social y de cooperaci\u00f3n p\u00fablico-privada significativo con el objetivo de formar de manera pr\u00e1ctica a personas en situaci\u00f3n de vulnerabilidad, as\u00ed como de prepararles para su incorporaci\u00f3n al mercado laboral por cuenta propia.<\/p>\n<p>La concejala delegada de Acci\u00f3n Social y Desarrollo Comunitario, Esther Cremaes, el director de Transparencia, Innovaci\u00f3n y Pol\u00edtica Ling\u00fc\u00edstica, Arturo Ferrer, y la t\u00e9cnica de Emprendimiento de Acci\u00f3n contra el Hambre en Navarra y Euskadi, Maialen Escalada, han presentado el proyecto y la buena pr\u00e1ctica de alianza intersectorial llevada a cabo a favor del empleo, el emprendimiento y la integraci\u00f3n social. Junto a los socios del proyecto, el Ayuntamiento plantear\u00e1 una evaluaci\u00f3n a la finalizaci\u00f3n del mismo con la idea de poder reeditar la Incubadora proponiendo nuevas actividades que mejoren, sin duda, los resultados obtenidos en pro de la integraci\u00f3n socio-laboral de personas (especialmente mujeres\u2026) en dificultades. El Ayuntamiento de Pamplona aporta a esta Incubadora Gastron\u00f3mica 18.150 euros.<\/p>\n<p><strong>Tres l\u00edneas de productos desarrolladas<\/strong><\/p>\n<p>El\u00a0 proyecto plantea el an\u00e1lisis de las ideas de negocio, una selecci\u00f3n de ellas en base a su potencial y viabilidad, y el trabajo en competencias personales, siempre enfocadas a fortalecer la persona como fundamental agente en el proceso de emprendimiento. Superada esta fase, se comenzar\u00e1 el trabajo en competencias t\u00e9cnicas vinculadas a la correcta elaboraci\u00f3n del producto y a los conocimientos necesarios para montar un negocio. El programa es eminentemente pr\u00e1ctico, por lo que se contempla la fabricaci\u00f3n y prototipado de los productos elaborados y su comercializaci\u00f3n. Para ello, las personas participantes disponen de un puesto en el mercado de Santo Domingo para la venta de los productos, as\u00ed como de un evento comercial preparado por ellos mismos, \u2018Market Place Prenavide\u00f1o\u2019, que se desarrollar\u00e1 la semana que viene en esa misma ubicaci\u00f3n. Por \u00faltimo, como ya hemos dicho, se analizar\u00e1n los resultados que se han obtenido para comprobar la viabilidad del negocio.<\/p>\n<p>El programa consta de 36 sesiones formativas grupales, con un total de 148 horas lectivas en las que se trabajar\u00e1n competencias vinculadas a tres \u00e1mbitos: la persona, la creaci\u00f3n del negocio y la elaboraci\u00f3n de los productos alimenticios en la pr\u00e1ctica. Ese proceso formativo ha incluido talleres competenciales, talleres de cocina sobre materias primas, plan de marketing y comercializaci\u00f3n, acceso a financiaci\u00f3n o m\u00e9todos de preelaboraci\u00f3n de productos. Por el momento, se han prototipado tres grandes l\u00edneas de productos, que se ofrecen en el puesto del mercado de Santo Domingo: aperitivos saludables, cocina de fusi\u00f3n y reposter\u00eda. Las personas participantes, de entre 27 y 65 a\u00f1os y con diversas nacionalidades (Venezuela, Colombia, Bolivia, Marruecos, Espa\u00f1a), combinan en esos productos de la cultura gastron\u00f3mica de sus pa\u00edses con innovaciones m\u00e1s adaptadas al paladar navarro a trav\u00e9s de materias primas de proveedores de aqu\u00ed.<\/p>\n<p>El pasado 28 de noviembre se abri\u00f3 al p\u00fablico el puesto de venta en el mercado de Santo Domingo en el que se exponen los productos derivados del proceso formativo emprendido por las 16 personas participantes. La semana que viene, el mi\u00e9rcoles 12 de diciembre, se inaugurar\u00e1 en que se ha denominado como \u2018Market Place Prenavide\u00f1o\u2019, una especie de miniferia de productos que tendr\u00e1 lugar en el hall de mercado, junto a la cafeter\u00eda. Al d\u00eda siguiente, se ha previsto un encuentro entre empresarios y mentores con las propias personas emprendedoras que se han formado en la Incubadora Gastron\u00f3mica. El viernes 14 tendr\u00e1 lugar un taller de teatro sobre consumo responsable y el s\u00e1bado un <em>showcooking<\/em> con un bloguero gastron\u00f3mico y con las personas emprendedoras, que incluir\u00e1 una degustaci\u00f3n de aperitivos navide\u00f1os de fusi\u00f3n abierta a todo el p\u00fablico (con tique de compra del mercado o con donativo de 1 euro),\u00a0 todo ellos amenizado por un coro que interpretar\u00e1 m\u00fasica t\u00edpica navide\u00f1a.<\/p>\n<p><strong>Minimizar los riesgos del emprendimiento<\/strong><\/p>\n<p>Esta Incubadora Gastron\u00f3mica surge del trabajo realizado por Acci\u00f3n contra el Hambre, dentro de un proceso de colaboraci\u00f3n con el Ayuntamiento de Pamplona, con personas en situaci\u00f3n vulnerable, desempleadas de larga duraci\u00f3n o en situaci\u00f3n laboral muy precaria, que encuentran en el autoempleo su \u00fanica salida profesional. En esos perfiles, la falta de recursos t\u00e9cnicos, financieros y competenciales no les permite afrontar un proyecto de negocio con perspectiva de sostenibilidad en el corto, medio y largo plazo.<\/p>\n<p>Es frecuente que ante esa necesidad de salir adelante y trabajar estas personas se lancen a montar peque\u00f1os negocios comerciales, hosteler\u00eda y otros servicios, con una base endeble, que les lleva a tener que cerrarlos en un breve periodo de tiempo, dejando a la persona emprendedora sumida en una mayor precariedad. En otras ocasiones, dar el salto a la regulaci\u00f3n de una actividad informal no es sencillo, sobre todo, en el caso de los proyectos ligados a la elaboraci\u00f3n de productos alimentarios b\u00e1sicos, que cuentan con la necesidad de espacios adecuados para la elaboraci\u00f3n de esos alimentos, adem\u00e1s de la obtenci\u00f3n de las licencias adecuadas.<\/p>\n<p>La formaci\u00f3n que se aporta en este proyecto, al que se han unido el Ayuntamiento de Pamplona, Casa Gurbindo, la Obra Social La Caixa y Fundaci\u00f3n Caja Navarra, trata de minimizar el riesgo que todo proyecto de emprendimiento conlleva a partir de poner a disposici\u00f3n de las personas participantes en el mismo, la posibilidad de probar, testear, corregir, innovar y regularizar su situaci\u00f3n. Para ello, se debe perfeccionar tanto la oferta de productos y servicios como las competencias y habilidades comerciales y personales necesarias para afrontar los retos de operar en el mercado. Y a ello se est\u00e1n dedicando las 16 personas participantes en la Incubadora gastron\u00f3mica desde el pasado mes de octubre.<\/p>\n","protected":false},"excerpt":{"rendered":"<p>Como parte de su formaci\u00f3n, han habilitado un puesto en el mercado de Santo Domingo y venden los productos que han desarrollado en el proyecto<\/p>\n","protected":false},"author":1,"featured_media":17600,"comment_status":"open","ping_status":"closed","sticky":false,"template":"","format":"standard","meta":{"footnotes":""},"categories":[2],"tags":[],"class_list":["post-19667","post","type-post","status-publish","format-standard","has-post-thumbnail","hentry","category-ayuntamiento-pamplona"],"yoast_head":"<!-- This site is optimized with the Yoast SEO plugin v27.3 - https:\/\/yoast.com\/product\/yoast-seo-wordpress\/ -->\n<title>Diecis\u00e9is personas en situaci\u00f3n de vulnerabilidad participan en el proyecto Incubadora Gastron\u00f3mica para poner en marcha una idea de negocio sobre alimentaci\u00f3n<\/title>\n<meta name=\"robots\" content=\"index, follow, max-snippet:-1, max-image-preview:large, max-video-preview:-1\" \/>\n<link rel=\"canonical\" href=\"https:\/\/www.laguiadepamplona.com\/actualidad\/dieciseis-personas-en-situacion-de-vulnerabilidad-participan-en-el-proyecto-incubadora-gastronomica-para-poner-en-marcha-una-idea-de-negocio-sobre-alimentacion\/\" \/>\n<meta property=\"og:locale\" content=\"es_ES\" \/>\n<meta property=\"og:type\" content=\"article\" \/>\n<meta property=\"og:title\" content=\"Diecis\u00e9is personas en situaci\u00f3n de vulnerabilidad participan en el proyecto Incubadora Gastron\u00f3mica para poner en marcha una idea de negocio sobre alimentaci\u00f3n\" \/>\n<meta property=\"og:description\" content=\"Como parte de su formaci\u00f3n, han habilitado un puesto en el mercado de Santo Domingo y venden los productos que han desarrollado en el proyecto\" \/>\n<meta property=\"og:url\" content=\"https:\/\/www.laguiadepamplona.com\/actualidad\/dieciseis-personas-en-situacion-de-vulnerabilidad-participan-en-el-proyecto-incubadora-gastronomica-para-poner-en-marcha-una-idea-de-negocio-sobre-alimentacion\/\" \/>\n<meta property=\"og:site_name\" content=\"La Gu\u00eda de Pamplona\" \/>\n<meta property=\"article:publisher\" content=\"https:\/\/www.facebook.com\/laguiadepamplonacom-133175176762273\/?ref=hl\" \/>\n<meta property=\"article:published_time\" content=\"2018-12-05T10:58:23+00:00\" \/>\n<meta property=\"og:image\" content=\"https:\/\/www.laguiadepamplona.com\/actualidad\/wp-content\/uploads\/2018\/05\/ayto-pamplona-3.jpg\" \/>\n\t<meta property=\"og:image:width\" content=\"1000\" \/>\n\t<meta property=\"og:image:height\" content=\"555\" \/>\n\t<meta property=\"og:image:type\" content=\"image\/jpeg\" \/>\n<meta name=\"author\" content=\"La Gu\u00eda de Pamplona\" \/>\n<meta name=\"twitter:card\" content=\"summary_large_image\" \/>\n<meta name=\"twitter:creator\" content=\"@LaGuiadPamplona\" \/>\n<meta name=\"twitter:site\" content=\"@LaGuiadPamplona\" \/>\n<meta name=\"twitter:label1\" content=\"Escrito por\" \/>\n\t<meta name=\"twitter:data1\" content=\"La Gu\u00eda de Pamplona\" \/>\n\t<meta name=\"twitter:label2\" content=\"Tiempo de lectura\" \/>\n\t<meta name=\"twitter:data2\" content=\"6 minutos\" \/>\n<script type=\"application\/ld+json\" class=\"yoast-schema-graph\">{\"@context\":\"https:\\\/\\\/schema.org\",\"@graph\":[{\"@type\":\"Article\",\"@id\":\"https:\\\/\\\/www.laguiadepamplona.com\\\/actualidad\\\/dieciseis-personas-en-situacion-de-vulnerabilidad-participan-en-el-proyecto-incubadora-gastronomica-para-poner-en-marcha-una-idea-de-negocio-sobre-alimentacion\\\/#article\",\"isPartOf\":{\"@id\":\"https:\\\/\\\/www.laguiadepamplona.com\\\/actualidad\\\/dieciseis-personas-en-situacion-de-vulnerabilidad-participan-en-el-proyecto-incubadora-gastronomica-para-poner-en-marcha-una-idea-de-negocio-sobre-alimentacion\\\/\"},\"author\":{\"name\":\"La Gu\u00eda de Pamplona\",\"@id\":\"https:\\\/\\\/www.laguiadepamplona.com\\\/actualidad\\\/#\\\/schema\\\/person\\\/efe887376f0213d4657c93adc50b1fdb\"},\"headline\":\"Diecis\u00e9is personas en situaci\u00f3n de vulnerabilidad participan en el proyecto Incubadora Gastron\u00f3mica para poner en marcha una idea de negocio sobre alimentaci\u00f3n\",\"datePublished\":\"2018-12-05T10:58:23+00:00\",\"mainEntityOfPage\":{\"@id\":\"https:\\\/\\\/www.laguiadepamplona.com\\\/actualidad\\\/dieciseis-personas-en-situacion-de-vulnerabilidad-participan-en-el-proyecto-incubadora-gastronomica-para-poner-en-marcha-una-idea-de-negocio-sobre-alimentacion\\\/\"},\"wordCount\":1308,\"commentCount\":0,\"publisher\":{\"@id\":\"https:\\\/\\\/www.laguiadepamplona.com\\\/actualidad\\\/#organization\"},\"image\":{\"@id\":\"https:\\\/\\\/www.laguiadepamplona.com\\\/actualidad\\\/dieciseis-personas-en-situacion-de-vulnerabilidad-participan-en-el-proyecto-incubadora-gastronomica-para-poner-en-marcha-una-idea-de-negocio-sobre-alimentacion\\\/#primaryimage\"},\"thumbnailUrl\":\"https:\\\/\\\/www.laguiadepamplona.com\\\/actualidad\\\/wp-content\\\/uploads\\\/2018\\\/05\\\/ayto-pamplona-3.jpg\",\"articleSection\":[\"Ayto Pamplona\"],\"inLanguage\":\"es\",\"potentialAction\":[{\"@type\":\"CommentAction\",\"name\":\"Comment\",\"target\":[\"https:\\\/\\\/www.laguiadepamplona.com\\\/actualidad\\\/dieciseis-personas-en-situacion-de-vulnerabilidad-participan-en-el-proyecto-incubadora-gastronomica-para-poner-en-marcha-una-idea-de-negocio-sobre-alimentacion\\\/#respond\"]}]},{\"@type\":\"WebPage\",\"@id\":\"https:\\\/\\\/www.laguiadepamplona.com\\\/actualidad\\\/dieciseis-personas-en-situacion-de-vulnerabilidad-participan-en-el-proyecto-incubadora-gastronomica-para-poner-en-marcha-una-idea-de-negocio-sobre-alimentacion\\\/\",\"url\":\"https:\\\/\\\/www.laguiadepamplona.com\\\/actualidad\\\/dieciseis-personas-en-situacion-de-vulnerabilidad-participan-en-el-proyecto-incubadora-gastronomica-para-poner-en-marcha-una-idea-de-negocio-sobre-alimentacion\\\/\",\"name\":\"Diecis\u00e9is personas en situaci\u00f3n de vulnerabilidad participan en el proyecto Incubadora Gastron\u00f3mica para poner en marcha una idea de negocio sobre alimentaci\u00f3n\",\"isPartOf\":{\"@id\":\"https:\\\/\\\/www.laguiadepamplona.com\\\/actualidad\\\/#website\"},\"primaryImageOfPage\":{\"@id\":\"https:\\\/\\\/www.laguiadepamplona.com\\\/actualidad\\\/dieciseis-personas-en-situacion-de-vulnerabilidad-participan-en-el-proyecto-incubadora-gastronomica-para-poner-en-marcha-una-idea-de-negocio-sobre-alimentacion\\\/#primaryimage\"},\"image\":{\"@id\":\"https:\\\/\\\/www.laguiadepamplona.com\\\/actualidad\\\/dieciseis-personas-en-situacion-de-vulnerabilidad-participan-en-el-proyecto-incubadora-gastronomica-para-poner-en-marcha-una-idea-de-negocio-sobre-alimentacion\\\/#primaryimage\"},\"thumbnailUrl\":\"https:\\\/\\\/www.laguiadepamplona.com\\\/actualidad\\\/wp-content\\\/uploads\\\/2018\\\/05\\\/ayto-pamplona-3.jpg\",\"datePublished\":\"2018-12-05T10:58:23+00:00\",\"breadcrumb\":{\"@id\":\"https:\\\/\\\/www.laguiadepamplona.com\\\/actualidad\\\/dieciseis-personas-en-situacion-de-vulnerabilidad-participan-en-el-proyecto-incubadora-gastronomica-para-poner-en-marcha-una-idea-de-negocio-sobre-alimentacion\\\/#breadcrumb\"},\"inLanguage\":\"es\",\"potentialAction\":[{\"@type\":\"ReadAction\",\"target\":[\"https:\\\/\\\/www.laguiadepamplona.com\\\/actualidad\\\/dieciseis-personas-en-situacion-de-vulnerabilidad-participan-en-el-proyecto-incubadora-gastronomica-para-poner-en-marcha-una-idea-de-negocio-sobre-alimentacion\\\/\"]}]},{\"@type\":\"ImageObject\",\"inLanguage\":\"es\",\"@id\":\"https:\\\/\\\/www.laguiadepamplona.com\\\/actualidad\\\/dieciseis-personas-en-situacion-de-vulnerabilidad-participan-en-el-proyecto-incubadora-gastronomica-para-poner-en-marcha-una-idea-de-negocio-sobre-alimentacion\\\/#primaryimage\",\"url\":\"https:\\\/\\\/www.laguiadepamplona.com\\\/actualidad\\\/wp-content\\\/uploads\\\/2018\\\/05\\\/ayto-pamplona-3.jpg\",\"contentUrl\":\"https:\\\/\\\/www.laguiadepamplona.com\\\/actualidad\\\/wp-content\\\/uploads\\\/2018\\\/05\\\/ayto-pamplona-3.jpg\",\"width\":1000,\"height\":555},{\"@type\":\"BreadcrumbList\",\"@id\":\"https:\\\/\\\/www.laguiadepamplona.com\\\/actualidad\\\/dieciseis-personas-en-situacion-de-vulnerabilidad-participan-en-el-proyecto-incubadora-gastronomica-para-poner-en-marcha-una-idea-de-negocio-sobre-alimentacion\\\/#breadcrumb\",\"itemListElement\":[{\"@type\":\"ListItem\",\"position\":1,\"name\":\"Portada\",\"item\":\"https:\\\/\\\/www.laguiadepamplona.com\\\/actualidad\\\/\"},{\"@type\":\"ListItem\",\"position\":2,\"name\":\"Diecis\u00e9is personas en situaci\u00f3n de vulnerabilidad participan en el proyecto Incubadora Gastron\u00f3mica para poner en marcha una idea de negocio sobre alimentaci\u00f3n\"}]},{\"@type\":\"WebSite\",\"@id\":\"https:\\\/\\\/www.laguiadepamplona.com\\\/actualidad\\\/#website\",\"url\":\"https:\\\/\\\/www.laguiadepamplona.com\\\/actualidad\\\/\",\"name\":\"La gu\u00eda de Pamplona\",\"description\":\"Noticias de Pamplona\",\"publisher\":{\"@id\":\"https:\\\/\\\/www.laguiadepamplona.com\\\/actualidad\\\/#organization\"},\"potentialAction\":[{\"@type\":\"SearchAction\",\"target\":{\"@type\":\"EntryPoint\",\"urlTemplate\":\"https:\\\/\\\/www.laguiadepamplona.com\\\/actualidad\\\/?s={search_term_string}\"},\"query-input\":{\"@type\":\"PropertyValueSpecification\",\"valueRequired\":true,\"valueName\":\"search_term_string\"}}],\"inLanguage\":\"es\"},{\"@type\":\"Organization\",\"@id\":\"https:\\\/\\\/www.laguiadepamplona.com\\\/actualidad\\\/#organization\",\"name\":\"La Gu\u00eda de Pamplona \\\/ Noticias\",\"url\":\"https:\\\/\\\/www.laguiadepamplona.com\\\/actualidad\\\/\",\"logo\":{\"@type\":\"ImageObject\",\"inLanguage\":\"es\",\"@id\":\"https:\\\/\\\/www.laguiadepamplona.com\\\/actualidad\\\/#\\\/schema\\\/logo\\\/image\\\/\",\"url\":\"https:\\\/\\\/www.laguiadepamplona.com\\\/actualidad\\\/wp-content\\\/uploads\\\/2018\\\/11\\\/logo-laguiadepamplona18-web1.png\",\"contentUrl\":\"https:\\\/\\\/www.laguiadepamplona.com\\\/actualidad\\\/wp-content\\\/uploads\\\/2018\\\/11\\\/logo-laguiadepamplona18-web1.png\",\"width\":600,\"height\":196,\"caption\":\"La Gu\u00eda de Pamplona \\\/ Noticias\"},\"image\":{\"@id\":\"https:\\\/\\\/www.laguiadepamplona.com\\\/actualidad\\\/#\\\/schema\\\/logo\\\/image\\\/\"},\"sameAs\":[\"https:\\\/\\\/www.facebook.com\\\/laguiadepamplonacom-133175176762273\\\/?ref=hl\",\"https:\\\/\\\/x.com\\\/LaGuiadPamplona\",\"https:\\\/\\\/www.instagram.com\\\/la_guia_de_pamplona\\\/\",\"https:\\\/\\\/www.youtube.com\\\/user\\\/laguiadepamplona\"]},{\"@type\":\"Person\",\"@id\":\"https:\\\/\\\/www.laguiadepamplona.com\\\/actualidad\\\/#\\\/schema\\\/person\\\/efe887376f0213d4657c93adc50b1fdb\",\"name\":\"La Gu\u00eda de Pamplona\",\"image\":{\"@type\":\"ImageObject\",\"inLanguage\":\"es\",\"@id\":\"https:\\\/\\\/secure.gravatar.com\\\/avatar\\\/b6992f131dc8d30ab0dff15446e9d346d9dbd95992de0fef795073f5ea83a81c?s=96&d=mm&r=g\",\"url\":\"https:\\\/\\\/secure.gravatar.com\\\/avatar\\\/b6992f131dc8d30ab0dff15446e9d346d9dbd95992de0fef795073f5ea83a81c?s=96&d=mm&r=g\",\"contentUrl\":\"https:\\\/\\\/secure.gravatar.com\\\/avatar\\\/b6992f131dc8d30ab0dff15446e9d346d9dbd95992de0fef795073f5ea83a81c?s=96&d=mm&r=g\",\"caption\":\"La Gu\u00eda de Pamplona\"}}]}<\/script>\n<!-- \/ Yoast SEO plugin. -->","yoast_head_json":{"title":"Diecis\u00e9is personas en situaci\u00f3n de vulnerabilidad participan en el proyecto Incubadora Gastron\u00f3mica para poner en marcha una idea de negocio sobre alimentaci\u00f3n","robots":{"index":"index","follow":"follow","max-snippet":"max-snippet:-1","max-image-preview":"max-image-preview:large","max-video-preview":"max-video-preview:-1"},"canonical":"https:\/\/www.laguiadepamplona.com\/actualidad\/dieciseis-personas-en-situacion-de-vulnerabilidad-participan-en-el-proyecto-incubadora-gastronomica-para-poner-en-marcha-una-idea-de-negocio-sobre-alimentacion\/","og_locale":"es_ES","og_type":"article","og_title":"Diecis\u00e9is personas en situaci\u00f3n de vulnerabilidad participan en el proyecto Incubadora Gastron\u00f3mica para poner en marcha una idea de negocio sobre alimentaci\u00f3n","og_description":"Como parte de su formaci\u00f3n, han habilitado un puesto en el mercado de Santo Domingo y venden los productos que han desarrollado en el proyecto","og_url":"https:\/\/www.laguiadepamplona.com\/actualidad\/dieciseis-personas-en-situacion-de-vulnerabilidad-participan-en-el-proyecto-incubadora-gastronomica-para-poner-en-marcha-una-idea-de-negocio-sobre-alimentacion\/","og_site_name":"La Gu\u00eda de Pamplona","article_publisher":"https:\/\/www.facebook.com\/laguiadepamplonacom-133175176762273\/?ref=hl","article_published_time":"2018-12-05T10:58:23+00:00","og_image":[{"width":1000,"height":555,"url":"https:\/\/www.laguiadepamplona.com\/actualidad\/wp-content\/uploads\/2018\/05\/ayto-pamplona-3.jpg","type":"image\/jpeg"}],"author":"La Gu\u00eda de Pamplona","twitter_card":"summary_large_image","twitter_creator":"@LaGuiadPamplona","twitter_site":"@LaGuiadPamplona","twitter_misc":{"Escrito por":"La Gu\u00eda de Pamplona","Tiempo de lectura":"6 minutos"},"schema":{"@context":"https:\/\/schema.org","@graph":[{"@type":"Article","@id":"https:\/\/www.laguiadepamplona.com\/actualidad\/dieciseis-personas-en-situacion-de-vulnerabilidad-participan-en-el-proyecto-incubadora-gastronomica-para-poner-en-marcha-una-idea-de-negocio-sobre-alimentacion\/#article","isPartOf":{"@id":"https:\/\/www.laguiadepamplona.com\/actualidad\/dieciseis-personas-en-situacion-de-vulnerabilidad-participan-en-el-proyecto-incubadora-gastronomica-para-poner-en-marcha-una-idea-de-negocio-sobre-alimentacion\/"},"author":{"name":"La Gu\u00eda de Pamplona","@id":"https:\/\/www.laguiadepamplona.com\/actualidad\/#\/schema\/person\/efe887376f0213d4657c93adc50b1fdb"},"headline":"Diecis\u00e9is personas en situaci\u00f3n de vulnerabilidad participan en el proyecto Incubadora Gastron\u00f3mica para poner en marcha una idea de negocio sobre alimentaci\u00f3n","datePublished":"2018-12-05T10:58:23+00:00","mainEntityOfPage":{"@id":"https:\/\/www.laguiadepamplona.com\/actualidad\/dieciseis-personas-en-situacion-de-vulnerabilidad-participan-en-el-proyecto-incubadora-gastronomica-para-poner-en-marcha-una-idea-de-negocio-sobre-alimentacion\/"},"wordCount":1308,"commentCount":0,"publisher":{"@id":"https:\/\/www.laguiadepamplona.com\/actualidad\/#organization"},"image":{"@id":"https:\/\/www.laguiadepamplona.com\/actualidad\/dieciseis-personas-en-situacion-de-vulnerabilidad-participan-en-el-proyecto-incubadora-gastronomica-para-poner-en-marcha-una-idea-de-negocio-sobre-alimentacion\/#primaryimage"},"thumbnailUrl":"https:\/\/www.laguiadepamplona.com\/actualidad\/wp-content\/uploads\/2018\/05\/ayto-pamplona-3.jpg","articleSection":["Ayto Pamplona"],"inLanguage":"es","potentialAction":[{"@type":"CommentAction","name":"Comment","target":["https:\/\/www.laguiadepamplona.com\/actualidad\/dieciseis-personas-en-situacion-de-vulnerabilidad-participan-en-el-proyecto-incubadora-gastronomica-para-poner-en-marcha-una-idea-de-negocio-sobre-alimentacion\/#respond"]}]},{"@type":"WebPage","@id":"https:\/\/www.laguiadepamplona.com\/actualidad\/dieciseis-personas-en-situacion-de-vulnerabilidad-participan-en-el-proyecto-incubadora-gastronomica-para-poner-en-marcha-una-idea-de-negocio-sobre-alimentacion\/","url":"https:\/\/www.laguiadepamplona.com\/actualidad\/dieciseis-personas-en-situacion-de-vulnerabilidad-participan-en-el-proyecto-incubadora-gastronomica-para-poner-en-marcha-una-idea-de-negocio-sobre-alimentacion\/","name":"Diecis\u00e9is personas en situaci\u00f3n de vulnerabilidad participan en el proyecto Incubadora Gastron\u00f3mica para poner en marcha una idea de negocio sobre alimentaci\u00f3n","isPartOf":{"@id":"https:\/\/www.laguiadepamplona.com\/actualidad\/#website"},"primaryImageOfPage":{"@id":"https:\/\/www.laguiadepamplona.com\/actualidad\/dieciseis-personas-en-situacion-de-vulnerabilidad-participan-en-el-proyecto-incubadora-gastronomica-para-poner-en-marcha-una-idea-de-negocio-sobre-alimentacion\/#primaryimage"},"image":{"@id":"https:\/\/www.laguiadepamplona.com\/actualidad\/dieciseis-personas-en-situacion-de-vulnerabilidad-participan-en-el-proyecto-incubadora-gastronomica-para-poner-en-marcha-una-idea-de-negocio-sobre-alimentacion\/#primaryimage"},"thumbnailUrl":"https:\/\/www.laguiadepamplona.com\/actualidad\/wp-content\/uploads\/2018\/05\/ayto-pamplona-3.jpg","datePublished":"2018-12-05T10:58:23+00:00","breadcrumb":{"@id":"https:\/\/www.laguiadepamplona.com\/actualidad\/dieciseis-personas-en-situacion-de-vulnerabilidad-participan-en-el-proyecto-incubadora-gastronomica-para-poner-en-marcha-una-idea-de-negocio-sobre-alimentacion\/#breadcrumb"},"inLanguage":"es","potentialAction":[{"@type":"ReadAction","target":["https:\/\/www.laguiadepamplona.com\/actualidad\/dieciseis-personas-en-situacion-de-vulnerabilidad-participan-en-el-proyecto-incubadora-gastronomica-para-poner-en-marcha-una-idea-de-negocio-sobre-alimentacion\/"]}]},{"@type":"ImageObject","inLanguage":"es","@id":"https:\/\/www.laguiadepamplona.com\/actualidad\/dieciseis-personas-en-situacion-de-vulnerabilidad-participan-en-el-proyecto-incubadora-gastronomica-para-poner-en-marcha-una-idea-de-negocio-sobre-alimentacion\/#primaryimage","url":"https:\/\/www.laguiadepamplona.com\/actualidad\/wp-content\/uploads\/2018\/05\/ayto-pamplona-3.jpg","contentUrl":"https:\/\/www.laguiadepamplona.com\/actualidad\/wp-content\/uploads\/2018\/05\/ayto-pamplona-3.jpg","width":1000,"height":555},{"@type":"BreadcrumbList","@id":"https:\/\/www.laguiadepamplona.com\/actualidad\/dieciseis-personas-en-situacion-de-vulnerabilidad-participan-en-el-proyecto-incubadora-gastronomica-para-poner-en-marcha-una-idea-de-negocio-sobre-alimentacion\/#breadcrumb","itemListElement":[{"@type":"ListItem","position":1,"name":"Portada","item":"https:\/\/www.laguiadepamplona.com\/actualidad\/"},{"@type":"ListItem","position":2,"name":"Diecis\u00e9is personas en situaci\u00f3n de vulnerabilidad participan en el proyecto Incubadora Gastron\u00f3mica para poner en marcha una idea de negocio sobre alimentaci\u00f3n"}]},{"@type":"WebSite","@id":"https:\/\/www.laguiadepamplona.com\/actualidad\/#website","url":"https:\/\/www.laguiadepamplona.com\/actualidad\/","name":"La gu\u00eda de Pamplona","description":"Noticias de Pamplona","publisher":{"@id":"https:\/\/www.laguiadepamplona.com\/actualidad\/#organization"},"potentialAction":[{"@type":"SearchAction","target":{"@type":"EntryPoint","urlTemplate":"https:\/\/www.laguiadepamplona.com\/actualidad\/?s={search_term_string}"},"query-input":{"@type":"PropertyValueSpecification","valueRequired":true,"valueName":"search_term_string"}}],"inLanguage":"es"},{"@type":"Organization","@id":"https:\/\/www.laguiadepamplona.com\/actualidad\/#organization","name":"La Gu\u00eda de Pamplona \/ Noticias","url":"https:\/\/www.laguiadepamplona.com\/actualidad\/","logo":{"@type":"ImageObject","inLanguage":"es","@id":"https:\/\/www.laguiadepamplona.com\/actualidad\/#\/schema\/logo\/image\/","url":"https:\/\/www.laguiadepamplona.com\/actualidad\/wp-content\/uploads\/2018\/11\/logo-laguiadepamplona18-web1.png","contentUrl":"https:\/\/www.laguiadepamplona.com\/actualidad\/wp-content\/uploads\/2018\/11\/logo-laguiadepamplona18-web1.png","width":600,"height":196,"caption":"La Gu\u00eda de Pamplona \/ Noticias"},"image":{"@id":"https:\/\/www.laguiadepamplona.com\/actualidad\/#\/schema\/logo\/image\/"},"sameAs":["https:\/\/www.facebook.com\/laguiadepamplonacom-133175176762273\/?ref=hl","https:\/\/x.com\/LaGuiadPamplona","https:\/\/www.instagram.com\/la_guia_de_pamplona\/","https:\/\/www.youtube.com\/user\/laguiadepamplona"]},{"@type":"Person","@id":"https:\/\/www.laguiadepamplona.com\/actualidad\/#\/schema\/person\/efe887376f0213d4657c93adc50b1fdb","name":"La Gu\u00eda de Pamplona","image":{"@type":"ImageObject","inLanguage":"es","@id":"https:\/\/secure.gravatar.com\/avatar\/b6992f131dc8d30ab0dff15446e9d346d9dbd95992de0fef795073f5ea83a81c?s=96&d=mm&r=g","url":"https:\/\/secure.gravatar.com\/avatar\/b6992f131dc8d30ab0dff15446e9d346d9dbd95992de0fef795073f5ea83a81c?s=96&d=mm&r=g","contentUrl":"https:\/\/secure.gravatar.com\/avatar\/b6992f131dc8d30ab0dff15446e9d346d9dbd95992de0fef795073f5ea83a81c?s=96&d=mm&r=g","caption":"La Gu\u00eda de Pamplona"}}]}},"post_mailing_queue_ids":[],"_links":{"self":[{"href":"https:\/\/www.laguiadepamplona.com\/actualidad\/wp-json\/wp\/v2\/posts\/19667","targetHints":{"allow":["GET"]}}],"collection":[{"href":"https:\/\/www.laguiadepamplona.com\/actualidad\/wp-json\/wp\/v2\/posts"}],"about":[{"href":"https:\/\/www.laguiadepamplona.com\/actualidad\/wp-json\/wp\/v2\/types\/post"}],"author":[{"embeddable":true,"href":"https:\/\/www.laguiadepamplona.com\/actualidad\/wp-json\/wp\/v2\/users\/1"}],"replies":[{"embeddable":true,"href":"https:\/\/www.laguiadepamplona.com\/actualidad\/wp-json\/wp\/v2\/comments?post=19667"}],"version-history":[{"count":0,"href":"https:\/\/www.laguiadepamplona.com\/actualidad\/wp-json\/wp\/v2\/posts\/19667\/revisions"}],"wp:featuredmedia":[{"embeddable":true,"href":"https:\/\/www.laguiadepamplona.com\/actualidad\/wp-json\/wp\/v2\/media\/17600"}],"wp:attachment":[{"href":"https:\/\/www.laguiadepamplona.com\/actualidad\/wp-json\/wp\/v2\/media?parent=19667"}],"wp:term":[{"taxonomy":"category","embeddable":true,"href":"https:\/\/www.laguiadepamplona.com\/actualidad\/wp-json\/wp\/v2\/categories?post=19667"},{"taxonomy":"post_tag","embeddable":true,"href":"https:\/\/www.laguiadepamplona.com\/actualidad\/wp-json\/wp\/v2\/tags?post=19667"}],"curies":[{"name":"wp","href":"https:\/\/api.w.org\/{rel}","templated":true}]}}