{"id":19665,"date":"2018-12-04T16:32:31","date_gmt":"2018-12-04T14:32:31","guid":{"rendered":"https:\/\/www.laguiadepamplona.es\/actualidad\/?p=19665"},"modified":"2018-12-04T16:32:31","modified_gmt":"2018-12-04T14:32:31","slug":"escuelas-infantiles-aprueba-una-oferta-publica-de-empleo-para-2018-con-10-plazas-de-educadoras-y-educadores","status":"publish","type":"post","link":"https:\/\/www.laguiadepamplona.com\/actualidad\/escuelas-infantiles-aprueba-una-oferta-publica-de-empleo-para-2018-con-10-plazas-de-educadoras-y-educadores\/","title":{"rendered":"Escuelas Infantiles aprueba una Oferta P\u00fablica de Empleo para 2018 con 10 plazas de educadoras y educadores"},"content":{"rendered":"<h3>Antes de final de a\u00f1o se reformar\u00e1n el espacio exterior de la EI Mendillorri para concebirlos como espacios pedag\u00f3gicos y de contacto con la naturaleza<\/h3>\n<p><!--more--><\/p>\n<p>La Junta de Gobierno del organismo aut\u00f3nomo Escuelas Infantiles Municipales de Pamplona ha aprobado su Oferta P\u00fablica de Empleo para 2018. En ella se incluyen 10 plazas de educador o educadora de escuelas infantiles, tras los c\u00e1lculos realizados en funci\u00f3n de las tasas de reposici\u00f3n de empleo establecidas en la ley.<\/p>\n<p>Adem\u00e1s, se ha adjudicado el contrato de los trabajos de jardiner\u00eda que se va a realizar dentro del proyecto de remodelaci\u00f3n y adecuaci\u00f3n del espacio exterior de la E.I. Mendillorri. El proyecto plantea el espacio exterior del centro no s\u00f3lo como un patio de \u2018expansi\u00f3n\u2019 de los ni\u00f1os y ni\u00f1as, sino como un espacio de contacto con la naturaleza. La obra la llevar\u00e1 a cabo la empresas Iru\u00f1a Medioambiente S.L., por un importe de 32.953,90 euros y ser\u00e1 ejecutada antes de final de a\u00f1o.<\/p>\n<p>En la actualidad, el centro dispone de cinco espacios exteriores. El proyecto plantea la conexi\u00f3n entre los espacios de patio y jard\u00edn existentes mediante una diagonal. El jard\u00edn entra en el patio naturalizando dicho espacio al tiempo que lo fragmenta en ambientes m\u00e1s reducidos para dar la oportunidad de que se autoorganicen grupos peque\u00f1os de ni\u00f1os y ni\u00f1as con una heterogeneidad de propuestas. Se busca as\u00ed aumentar las posibilidades polisensoriales para el alumnado, evitar elementos de peligrosidad, aumentar las posibilidades motrices del espacio con una topograf\u00eda m\u00e1s rica, crear elementos m\u00e1s laber\u00ednticos y compositivos, y ofertar elementos naturales diversificados en relaci\u00f3n con la l\u00ednea pedag\u00f3gica de las escuelas infantiles.<\/p>\n","protected":false},"excerpt":{"rendered":"<p>Antes de final de a\u00f1o se reformar\u00e1n el espacio exterior de la EI Mendillorri para concebirlos como espacios pedag\u00f3gicos y de contacto con la naturaleza<\/p>\n","protected":false},"author":1,"featured_media":17600,"comment_status":"open","ping_status":"closed","sticky":false,"template":"","format":"standard","meta":{"footnotes":""},"categories":[2],"tags":[],"class_list":["post-19665","post","type-post","status-publish","format-standard","has-post-thumbnail","hentry","category-ayuntamiento-pamplona"],"yoast_head":"<!-- This site is optimized with the Yoast SEO plugin v27.3 - https:\/\/yoast.com\/product\/yoast-seo-wordpress\/ -->\n<title>Escuelas Infantiles aprueba una Oferta P\u00fablica de Empleo para 2018 con 10 plazas de educadoras y educadores<\/title>\n<meta name=\"robots\" content=\"index, follow, max-snippet:-1, max-image-preview:large, max-video-preview:-1\" \/>\n<link rel=\"canonical\" href=\"https:\/\/www.laguiadepamplona.com\/actualidad\/escuelas-infantiles-aprueba-una-oferta-publica-de-empleo-para-2018-con-10-plazas-de-educadoras-y-educadores\/\" \/>\n<meta property=\"og:locale\" content=\"es_ES\" \/>\n<meta property=\"og:type\" content=\"article\" \/>\n<meta property=\"og:title\" content=\"Escuelas Infantiles aprueba una Oferta P\u00fablica de Empleo para 2018 con 10 plazas de educadoras y educadores\" \/>\n<meta property=\"og:description\" content=\"Antes de final de a\u00f1o se reformar\u00e1n el espacio exterior de la EI Mendillorri para concebirlos como espacios pedag\u00f3gicos y de contacto con la naturaleza\" \/>\n<meta property=\"og:url\" content=\"https:\/\/www.laguiadepamplona.com\/actualidad\/escuelas-infantiles-aprueba-una-oferta-publica-de-empleo-para-2018-con-10-plazas-de-educadoras-y-educadores\/\" \/>\n<meta property=\"og:site_name\" content=\"La Gu\u00eda de Pamplona\" \/>\n<meta property=\"article:publisher\" content=\"https:\/\/www.facebook.com\/laguiadepamplonacom-133175176762273\/?ref=hl\" \/>\n<meta property=\"article:published_time\" content=\"2018-12-04T14:32:31+00:00\" \/>\n<meta property=\"og:image\" content=\"https:\/\/www.laguiadepamplona.com\/actualidad\/wp-content\/uploads\/2018\/05\/ayto-pamplona-3.jpg\" \/>\n\t<meta property=\"og:image:width\" content=\"1000\" \/>\n\t<meta property=\"og:image:height\" content=\"555\" \/>\n\t<meta property=\"og:image:type\" content=\"image\/jpeg\" \/>\n<meta name=\"author\" content=\"La Gu\u00eda de Pamplona\" \/>\n<meta name=\"twitter:card\" content=\"summary_large_image\" \/>\n<meta name=\"twitter:creator\" content=\"@LaGuiadPamplona\" \/>\n<meta name=\"twitter:site\" content=\"@LaGuiadPamplona\" \/>\n<meta name=\"twitter:label1\" content=\"Escrito por\" \/>\n\t<meta name=\"twitter:data1\" content=\"La Gu\u00eda de Pamplona\" \/>\n\t<meta name=\"twitter:label2\" content=\"Tiempo de lectura\" \/>\n\t<meta name=\"twitter:data2\" content=\"2 minutos\" \/>\n<script type=\"application\/ld+json\" class=\"yoast-schema-graph\">{\"@context\":\"https:\\\/\\\/schema.org\",\"@graph\":[{\"@type\":\"Article\",\"@id\":\"https:\\\/\\\/www.laguiadepamplona.com\\\/actualidad\\\/escuelas-infantiles-aprueba-una-oferta-publica-de-empleo-para-2018-con-10-plazas-de-educadoras-y-educadores\\\/#article\",\"isPartOf\":{\"@id\":\"https:\\\/\\\/www.laguiadepamplona.com\\\/actualidad\\\/escuelas-infantiles-aprueba-una-oferta-publica-de-empleo-para-2018-con-10-plazas-de-educadoras-y-educadores\\\/\"},\"author\":{\"name\":\"La Gu\u00eda de Pamplona\",\"@id\":\"https:\\\/\\\/www.laguiadepamplona.com\\\/actualidad\\\/#\\\/schema\\\/person\\\/efe887376f0213d4657c93adc50b1fdb\"},\"headline\":\"Escuelas Infantiles aprueba una Oferta P\u00fablica de Empleo para 2018 con 10 plazas de educadoras y educadores\",\"datePublished\":\"2018-12-04T14:32:31+00:00\",\"mainEntityOfPage\":{\"@id\":\"https:\\\/\\\/www.laguiadepamplona.com\\\/actualidad\\\/escuelas-infantiles-aprueba-una-oferta-publica-de-empleo-para-2018-con-10-plazas-de-educadoras-y-educadores\\\/\"},\"wordCount\":316,\"commentCount\":0,\"publisher\":{\"@id\":\"https:\\\/\\\/www.laguiadepamplona.com\\\/actualidad\\\/#organization\"},\"image\":{\"@id\":\"https:\\\/\\\/www.laguiadepamplona.com\\\/actualidad\\\/escuelas-infantiles-aprueba-una-oferta-publica-de-empleo-para-2018-con-10-plazas-de-educadoras-y-educadores\\\/#primaryimage\"},\"thumbnailUrl\":\"https:\\\/\\\/www.laguiadepamplona.com\\\/actualidad\\\/wp-content\\\/uploads\\\/2018\\\/05\\\/ayto-pamplona-3.jpg\",\"articleSection\":[\"Ayto Pamplona\"],\"inLanguage\":\"es\",\"potentialAction\":[{\"@type\":\"CommentAction\",\"name\":\"Comment\",\"target\":[\"https:\\\/\\\/www.laguiadepamplona.com\\\/actualidad\\\/escuelas-infantiles-aprueba-una-oferta-publica-de-empleo-para-2018-con-10-plazas-de-educadoras-y-educadores\\\/#respond\"]}]},{\"@type\":\"WebPage\",\"@id\":\"https:\\\/\\\/www.laguiadepamplona.com\\\/actualidad\\\/escuelas-infantiles-aprueba-una-oferta-publica-de-empleo-para-2018-con-10-plazas-de-educadoras-y-educadores\\\/\",\"url\":\"https:\\\/\\\/www.laguiadepamplona.com\\\/actualidad\\\/escuelas-infantiles-aprueba-una-oferta-publica-de-empleo-para-2018-con-10-plazas-de-educadoras-y-educadores\\\/\",\"name\":\"Escuelas Infantiles aprueba una Oferta P\u00fablica de Empleo para 2018 con 10 plazas de educadoras y educadores\",\"isPartOf\":{\"@id\":\"https:\\\/\\\/www.laguiadepamplona.com\\\/actualidad\\\/#website\"},\"primaryImageOfPage\":{\"@id\":\"https:\\\/\\\/www.laguiadepamplona.com\\\/actualidad\\\/escuelas-infantiles-aprueba-una-oferta-publica-de-empleo-para-2018-con-10-plazas-de-educadoras-y-educadores\\\/#primaryimage\"},\"image\":{\"@id\":\"https:\\\/\\\/www.laguiadepamplona.com\\\/actualidad\\\/escuelas-infantiles-aprueba-una-oferta-publica-de-empleo-para-2018-con-10-plazas-de-educadoras-y-educadores\\\/#primaryimage\"},\"thumbnailUrl\":\"https:\\\/\\\/www.laguiadepamplona.com\\\/actualidad\\\/wp-content\\\/uploads\\\/2018\\\/05\\\/ayto-pamplona-3.jpg\",\"datePublished\":\"2018-12-04T14:32:31+00:00\",\"breadcrumb\":{\"@id\":\"https:\\\/\\\/www.laguiadepamplona.com\\\/actualidad\\\/escuelas-infantiles-aprueba-una-oferta-publica-de-empleo-para-2018-con-10-plazas-de-educadoras-y-educadores\\\/#breadcrumb\"},\"inLanguage\":\"es\",\"potentialAction\":[{\"@type\":\"ReadAction\",\"target\":[\"https:\\\/\\\/www.laguiadepamplona.com\\\/actualidad\\\/escuelas-infantiles-aprueba-una-oferta-publica-de-empleo-para-2018-con-10-plazas-de-educadoras-y-educadores\\\/\"]}]},{\"@type\":\"ImageObject\",\"inLanguage\":\"es\",\"@id\":\"https:\\\/\\\/www.laguiadepamplona.com\\\/actualidad\\\/escuelas-infantiles-aprueba-una-oferta-publica-de-empleo-para-2018-con-10-plazas-de-educadoras-y-educadores\\\/#primaryimage\",\"url\":\"https:\\\/\\\/www.laguiadepamplona.com\\\/actualidad\\\/wp-content\\\/uploads\\\/2018\\\/05\\\/ayto-pamplona-3.jpg\",\"contentUrl\":\"https:\\\/\\\/www.laguiadepamplona.com\\\/actualidad\\\/wp-content\\\/uploads\\\/2018\\\/05\\\/ayto-pamplona-3.jpg\",\"width\":1000,\"height\":555},{\"@type\":\"BreadcrumbList\",\"@id\":\"https:\\\/\\\/www.laguiadepamplona.com\\\/actualidad\\\/escuelas-infantiles-aprueba-una-oferta-publica-de-empleo-para-2018-con-10-plazas-de-educadoras-y-educadores\\\/#breadcrumb\",\"itemListElement\":[{\"@type\":\"ListItem\",\"position\":1,\"name\":\"Portada\",\"item\":\"https:\\\/\\\/www.laguiadepamplona.com\\\/actualidad\\\/\"},{\"@type\":\"ListItem\",\"position\":2,\"name\":\"Escuelas Infantiles aprueba una Oferta P\u00fablica de Empleo para 2018 con 10 plazas de educadoras y educadores\"}]},{\"@type\":\"WebSite\",\"@id\":\"https:\\\/\\\/www.laguiadepamplona.com\\\/actualidad\\\/#website\",\"url\":\"https:\\\/\\\/www.laguiadepamplona.com\\\/actualidad\\\/\",\"name\":\"La gu\u00eda de Pamplona\",\"description\":\"Noticias de Pamplona\",\"publisher\":{\"@id\":\"https:\\\/\\\/www.laguiadepamplona.com\\\/actualidad\\\/#organization\"},\"potentialAction\":[{\"@type\":\"SearchAction\",\"target\":{\"@type\":\"EntryPoint\",\"urlTemplate\":\"https:\\\/\\\/www.laguiadepamplona.com\\\/actualidad\\\/?s={search_term_string}\"},\"query-input\":{\"@type\":\"PropertyValueSpecification\",\"valueRequired\":true,\"valueName\":\"search_term_string\"}}],\"inLanguage\":\"es\"},{\"@type\":\"Organization\",\"@id\":\"https:\\\/\\\/www.laguiadepamplona.com\\\/actualidad\\\/#organization\",\"name\":\"La Gu\u00eda de Pamplona \\\/ Noticias\",\"url\":\"https:\\\/\\\/www.laguiadepamplona.com\\\/actualidad\\\/\",\"logo\":{\"@type\":\"ImageObject\",\"inLanguage\":\"es\",\"@id\":\"https:\\\/\\\/www.laguiadepamplona.com\\\/actualidad\\\/#\\\/schema\\\/logo\\\/image\\\/\",\"url\":\"https:\\\/\\\/www.laguiadepamplona.com\\\/actualidad\\\/wp-content\\\/uploads\\\/2018\\\/11\\\/logo-laguiadepamplona18-web1.png\",\"contentUrl\":\"https:\\\/\\\/www.laguiadepamplona.com\\\/actualidad\\\/wp-content\\\/uploads\\\/2018\\\/11\\\/logo-laguiadepamplona18-web1.png\",\"width\":600,\"height\":196,\"caption\":\"La Gu\u00eda de Pamplona \\\/ Noticias\"},\"image\":{\"@id\":\"https:\\\/\\\/www.laguiadepamplona.com\\\/actualidad\\\/#\\\/schema\\\/logo\\\/image\\\/\"},\"sameAs\":[\"https:\\\/\\\/www.facebook.com\\\/laguiadepamplonacom-133175176762273\\\/?ref=hl\",\"https:\\\/\\\/x.com\\\/LaGuiadPamplona\",\"https:\\\/\\\/www.instagram.com\\\/la_guia_de_pamplona\\\/\",\"https:\\\/\\\/www.youtube.com\\\/user\\\/laguiadepamplona\"]},{\"@type\":\"Person\",\"@id\":\"https:\\\/\\\/www.laguiadepamplona.com\\\/actualidad\\\/#\\\/schema\\\/person\\\/efe887376f0213d4657c93adc50b1fdb\",\"name\":\"La Gu\u00eda de Pamplona\",\"image\":{\"@type\":\"ImageObject\",\"inLanguage\":\"es\",\"@id\":\"https:\\\/\\\/secure.gravatar.com\\\/avatar\\\/b6992f131dc8d30ab0dff15446e9d346d9dbd95992de0fef795073f5ea83a81c?s=96&d=mm&r=g\",\"url\":\"https:\\\/\\\/secure.gravatar.com\\\/avatar\\\/b6992f131dc8d30ab0dff15446e9d346d9dbd95992de0fef795073f5ea83a81c?s=96&d=mm&r=g\",\"contentUrl\":\"https:\\\/\\\/secure.gravatar.com\\\/avatar\\\/b6992f131dc8d30ab0dff15446e9d346d9dbd95992de0fef795073f5ea83a81c?s=96&d=mm&r=g\",\"caption\":\"La Gu\u00eda de Pamplona\"}}]}<\/script>\n<!-- \/ Yoast SEO plugin. -->","yoast_head_json":{"title":"Escuelas Infantiles aprueba una Oferta P\u00fablica de Empleo para 2018 con 10 plazas de educadoras y educadores","robots":{"index":"index","follow":"follow","max-snippet":"max-snippet:-1","max-image-preview":"max-image-preview:large","max-video-preview":"max-video-preview:-1"},"canonical":"https:\/\/www.laguiadepamplona.com\/actualidad\/escuelas-infantiles-aprueba-una-oferta-publica-de-empleo-para-2018-con-10-plazas-de-educadoras-y-educadores\/","og_locale":"es_ES","og_type":"article","og_title":"Escuelas Infantiles aprueba una Oferta P\u00fablica de Empleo para 2018 con 10 plazas de educadoras y educadores","og_description":"Antes de final de a\u00f1o se reformar\u00e1n el espacio exterior de la EI Mendillorri para concebirlos como espacios pedag\u00f3gicos y de contacto con la naturaleza","og_url":"https:\/\/www.laguiadepamplona.com\/actualidad\/escuelas-infantiles-aprueba-una-oferta-publica-de-empleo-para-2018-con-10-plazas-de-educadoras-y-educadores\/","og_site_name":"La Gu\u00eda de Pamplona","article_publisher":"https:\/\/www.facebook.com\/laguiadepamplonacom-133175176762273\/?ref=hl","article_published_time":"2018-12-04T14:32:31+00:00","og_image":[{"width":1000,"height":555,"url":"https:\/\/www.laguiadepamplona.com\/actualidad\/wp-content\/uploads\/2018\/05\/ayto-pamplona-3.jpg","type":"image\/jpeg"}],"author":"La Gu\u00eda de Pamplona","twitter_card":"summary_large_image","twitter_creator":"@LaGuiadPamplona","twitter_site":"@LaGuiadPamplona","twitter_misc":{"Escrito por":"La Gu\u00eda de Pamplona","Tiempo de lectura":"2 minutos"},"schema":{"@context":"https:\/\/schema.org","@graph":[{"@type":"Article","@id":"https:\/\/www.laguiadepamplona.com\/actualidad\/escuelas-infantiles-aprueba-una-oferta-publica-de-empleo-para-2018-con-10-plazas-de-educadoras-y-educadores\/#article","isPartOf":{"@id":"https:\/\/www.laguiadepamplona.com\/actualidad\/escuelas-infantiles-aprueba-una-oferta-publica-de-empleo-para-2018-con-10-plazas-de-educadoras-y-educadores\/"},"author":{"name":"La Gu\u00eda de Pamplona","@id":"https:\/\/www.laguiadepamplona.com\/actualidad\/#\/schema\/person\/efe887376f0213d4657c93adc50b1fdb"},"headline":"Escuelas Infantiles aprueba una Oferta P\u00fablica de Empleo para 2018 con 10 plazas de educadoras y educadores","datePublished":"2018-12-04T14:32:31+00:00","mainEntityOfPage":{"@id":"https:\/\/www.laguiadepamplona.com\/actualidad\/escuelas-infantiles-aprueba-una-oferta-publica-de-empleo-para-2018-con-10-plazas-de-educadoras-y-educadores\/"},"wordCount":316,"commentCount":0,"publisher":{"@id":"https:\/\/www.laguiadepamplona.com\/actualidad\/#organization"},"image":{"@id":"https:\/\/www.laguiadepamplona.com\/actualidad\/escuelas-infantiles-aprueba-una-oferta-publica-de-empleo-para-2018-con-10-plazas-de-educadoras-y-educadores\/#primaryimage"},"thumbnailUrl":"https:\/\/www.laguiadepamplona.com\/actualidad\/wp-content\/uploads\/2018\/05\/ayto-pamplona-3.jpg","articleSection":["Ayto Pamplona"],"inLanguage":"es","potentialAction":[{"@type":"CommentAction","name":"Comment","target":["https:\/\/www.laguiadepamplona.com\/actualidad\/escuelas-infantiles-aprueba-una-oferta-publica-de-empleo-para-2018-con-10-plazas-de-educadoras-y-educadores\/#respond"]}]},{"@type":"WebPage","@id":"https:\/\/www.laguiadepamplona.com\/actualidad\/escuelas-infantiles-aprueba-una-oferta-publica-de-empleo-para-2018-con-10-plazas-de-educadoras-y-educadores\/","url":"https:\/\/www.laguiadepamplona.com\/actualidad\/escuelas-infantiles-aprueba-una-oferta-publica-de-empleo-para-2018-con-10-plazas-de-educadoras-y-educadores\/","name":"Escuelas Infantiles aprueba una Oferta P\u00fablica de Empleo para 2018 con 10 plazas de educadoras y educadores","isPartOf":{"@id":"https:\/\/www.laguiadepamplona.com\/actualidad\/#website"},"primaryImageOfPage":{"@id":"https:\/\/www.laguiadepamplona.com\/actualidad\/escuelas-infantiles-aprueba-una-oferta-publica-de-empleo-para-2018-con-10-plazas-de-educadoras-y-educadores\/#primaryimage"},"image":{"@id":"https:\/\/www.laguiadepamplona.com\/actualidad\/escuelas-infantiles-aprueba-una-oferta-publica-de-empleo-para-2018-con-10-plazas-de-educadoras-y-educadores\/#primaryimage"},"thumbnailUrl":"https:\/\/www.laguiadepamplona.com\/actualidad\/wp-content\/uploads\/2018\/05\/ayto-pamplona-3.jpg","datePublished":"2018-12-04T14:32:31+00:00","breadcrumb":{"@id":"https:\/\/www.laguiadepamplona.com\/actualidad\/escuelas-infantiles-aprueba-una-oferta-publica-de-empleo-para-2018-con-10-plazas-de-educadoras-y-educadores\/#breadcrumb"},"inLanguage":"es","potentialAction":[{"@type":"ReadAction","target":["https:\/\/www.laguiadepamplona.com\/actualidad\/escuelas-infantiles-aprueba-una-oferta-publica-de-empleo-para-2018-con-10-plazas-de-educadoras-y-educadores\/"]}]},{"@type":"ImageObject","inLanguage":"es","@id":"https:\/\/www.laguiadepamplona.com\/actualidad\/escuelas-infantiles-aprueba-una-oferta-publica-de-empleo-para-2018-con-10-plazas-de-educadoras-y-educadores\/#primaryimage","url":"https:\/\/www.laguiadepamplona.com\/actualidad\/wp-content\/uploads\/2018\/05\/ayto-pamplona-3.jpg","contentUrl":"https:\/\/www.laguiadepamplona.com\/actualidad\/wp-content\/uploads\/2018\/05\/ayto-pamplona-3.jpg","width":1000,"height":555},{"@type":"BreadcrumbList","@id":"https:\/\/www.laguiadepamplona.com\/actualidad\/escuelas-infantiles-aprueba-una-oferta-publica-de-empleo-para-2018-con-10-plazas-de-educadoras-y-educadores\/#breadcrumb","itemListElement":[{"@type":"ListItem","position":1,"name":"Portada","item":"https:\/\/www.laguiadepamplona.com\/actualidad\/"},{"@type":"ListItem","position":2,"name":"Escuelas Infantiles aprueba una Oferta P\u00fablica de Empleo para 2018 con 10 plazas de educadoras y educadores"}]},{"@type":"WebSite","@id":"https:\/\/www.laguiadepamplona.com\/actualidad\/#website","url":"https:\/\/www.laguiadepamplona.com\/actualidad\/","name":"La gu\u00eda de Pamplona","description":"Noticias de Pamplona","publisher":{"@id":"https:\/\/www.laguiadepamplona.com\/actualidad\/#organization"},"potentialAction":[{"@type":"SearchAction","target":{"@type":"EntryPoint","urlTemplate":"https:\/\/www.laguiadepamplona.com\/actualidad\/?s={search_term_string}"},"query-input":{"@type":"PropertyValueSpecification","valueRequired":true,"valueName":"search_term_string"}}],"inLanguage":"es"},{"@type":"Organization","@id":"https:\/\/www.laguiadepamplona.com\/actualidad\/#organization","name":"La Gu\u00eda de Pamplona \/ Noticias","url":"https:\/\/www.laguiadepamplona.com\/actualidad\/","logo":{"@type":"ImageObject","inLanguage":"es","@id":"https:\/\/www.laguiadepamplona.com\/actualidad\/#\/schema\/logo\/image\/","url":"https:\/\/www.laguiadepamplona.com\/actualidad\/wp-content\/uploads\/2018\/11\/logo-laguiadepamplona18-web1.png","contentUrl":"https:\/\/www.laguiadepamplona.com\/actualidad\/wp-content\/uploads\/2018\/11\/logo-laguiadepamplona18-web1.png","width":600,"height":196,"caption":"La Gu\u00eda de Pamplona \/ Noticias"},"image":{"@id":"https:\/\/www.laguiadepamplona.com\/actualidad\/#\/schema\/logo\/image\/"},"sameAs":["https:\/\/www.facebook.com\/laguiadepamplonacom-133175176762273\/?ref=hl","https:\/\/x.com\/LaGuiadPamplona","https:\/\/www.instagram.com\/la_guia_de_pamplona\/","https:\/\/www.youtube.com\/user\/laguiadepamplona"]},{"@type":"Person","@id":"https:\/\/www.laguiadepamplona.com\/actualidad\/#\/schema\/person\/efe887376f0213d4657c93adc50b1fdb","name":"La Gu\u00eda de Pamplona","image":{"@type":"ImageObject","inLanguage":"es","@id":"https:\/\/secure.gravatar.com\/avatar\/b6992f131dc8d30ab0dff15446e9d346d9dbd95992de0fef795073f5ea83a81c?s=96&d=mm&r=g","url":"https:\/\/secure.gravatar.com\/avatar\/b6992f131dc8d30ab0dff15446e9d346d9dbd95992de0fef795073f5ea83a81c?s=96&d=mm&r=g","contentUrl":"https:\/\/secure.gravatar.com\/avatar\/b6992f131dc8d30ab0dff15446e9d346d9dbd95992de0fef795073f5ea83a81c?s=96&d=mm&r=g","caption":"La Gu\u00eda de Pamplona"}}]}},"post_mailing_queue_ids":[],"_links":{"self":[{"href":"https:\/\/www.laguiadepamplona.com\/actualidad\/wp-json\/wp\/v2\/posts\/19665","targetHints":{"allow":["GET"]}}],"collection":[{"href":"https:\/\/www.laguiadepamplona.com\/actualidad\/wp-json\/wp\/v2\/posts"}],"about":[{"href":"https:\/\/www.laguiadepamplona.com\/actualidad\/wp-json\/wp\/v2\/types\/post"}],"author":[{"embeddable":true,"href":"https:\/\/www.laguiadepamplona.com\/actualidad\/wp-json\/wp\/v2\/users\/1"}],"replies":[{"embeddable":true,"href":"https:\/\/www.laguiadepamplona.com\/actualidad\/wp-json\/wp\/v2\/comments?post=19665"}],"version-history":[{"count":0,"href":"https:\/\/www.laguiadepamplona.com\/actualidad\/wp-json\/wp\/v2\/posts\/19665\/revisions"}],"wp:featuredmedia":[{"embeddable":true,"href":"https:\/\/www.laguiadepamplona.com\/actualidad\/wp-json\/wp\/v2\/media\/17600"}],"wp:attachment":[{"href":"https:\/\/www.laguiadepamplona.com\/actualidad\/wp-json\/wp\/v2\/media?parent=19665"}],"wp:term":[{"taxonomy":"category","embeddable":true,"href":"https:\/\/www.laguiadepamplona.com\/actualidad\/wp-json\/wp\/v2\/categories?post=19665"},{"taxonomy":"post_tag","embeddable":true,"href":"https:\/\/www.laguiadepamplona.com\/actualidad\/wp-json\/wp\/v2\/tags?post=19665"}],"curies":[{"name":"wp","href":"https:\/\/api.w.org\/{rel}","templated":true}]}}