{"id":19661,"date":"2018-12-04T16:27:17","date_gmt":"2018-12-04T14:27:17","guid":{"rendered":"https:\/\/www.laguiadepamplona.es\/actualidad\/?p=19661"},"modified":"2018-12-04T16:27:17","modified_gmt":"2018-12-04T14:27:17","slug":"el-ayuntamiento-autoriza-la-cancelacion-de-la-carga-registral-que-grava-las-fincas-del-plan-parcial-del-poligono-residencial-de-ermitagana","status":"publish","type":"post","link":"https:\/\/www.laguiadepamplona.com\/actualidad\/el-ayuntamiento-autoriza-la-cancelacion-de-la-carga-registral-que-grava-las-fincas-del-plan-parcial-del-poligono-residencial-de-ermitagana\/","title":{"rendered":"El Ayuntamiento autoriza la cancelaci\u00f3n de la carga registral que grava las fincas del Plan Parcial del Pol\u00edgono Residencial de Ermitaga\u00f1a"},"content":{"rendered":"<h3>La medida es para viviendas del espacio comprendido entre las calles Arcadio M\u00aa Larraona, Irunlarrea, Ermitaga\u00f1a y avenida de Barar\u00e1in<\/h3>\n<p><!--more--><\/p>\n<p>La Junta de Gobierno Local ha autorizado en su sesi\u00f3n de hoy la cancelaci\u00f3n de una de las cargas registrales que gravan las fincas del Plan Parcial del Pol\u00edgono Residencial de Ermitaga\u00f1a. Esta carga afecta a vivienda situadas en el espacio comprendido entre la calle Arcadio Mar\u00eda Larraona hasta Irunlarrea y contin\u00faa hasta el cruce con la calle Ermitaga\u00f1a. El l\u00edmite sigue por la calle Ermitaga\u00f1a hasta la avenida de Navarra y baja hasta avenida de Bara\u00f1\u00e1in para seguir por esta avenida hasta el cruce con la avenida de Bayona y volver a unirse son Arcadio Mar\u00eda Larraona.<\/p>\n<p>El Ayuntamiento ha tomado esta medida tras las solicitudes recibidas de propietarios de viviendas situadas en el pol\u00edgono Ermitaga\u00f1a sobre el levantamiento de las cargas registrales que reflejan sus fincas, cuyo beneficiario es el Consistorio, derivada de una inscripci\u00f3n en el antiguo Registro de la Propiedad que se mantuvo cuando se fueron segregando todas las parcelas del Plan Parcial del Pol\u00edgono residencial de Ermitaga\u00f1a, aprobado definitivamente en 1968 y reformado en 1977. Tras la autorizaci\u00f3n, los vecinos podr\u00e1n proceder a la cancelaci\u00f3n que grava a las fincas, corriendo en todos los casos con los gastos que pudieran generarse en las operaciones registrales.<\/p>\n<p>Estas parcelas ten\u00edan una serie de condiciones cuyo incumplimiento pod\u00eda conllevar la resoluci\u00f3n de la cesi\u00f3n y reversi\u00f3n al Ayuntamiento de las parcelas. Esas condiciones, ya cumplidas, hac\u00edan referencia a las obligaciones del abono del precio en tiempo y forma, el destino de lo edificado a los usos previstos en el Plan Parcial, el cumplimiento de las ordenanzas y normas del Plan Parcial y el edificar, aportando la documentaci\u00f3n necesaria, en los plazos marcados, y ajust\u00e1ndose al proyecto aprobado.<\/p>\n","protected":false},"excerpt":{"rendered":"<p>La medida es para viviendas del espacio comprendido entre las calles Arcadio M\u00aa Larraona, Irunlarrea, Ermitaga\u00f1a y avenida de Barar\u00e1in<\/p>\n","protected":false},"author":1,"featured_media":17600,"comment_status":"open","ping_status":"closed","sticky":false,"template":"","format":"standard","meta":{"footnotes":""},"categories":[2],"tags":[],"class_list":["post-19661","post","type-post","status-publish","format-standard","has-post-thumbnail","hentry","category-ayuntamiento-pamplona"],"yoast_head":"<!-- This site is optimized with the Yoast SEO plugin v27.3 - https:\/\/yoast.com\/product\/yoast-seo-wordpress\/ -->\n<title>El Ayuntamiento autoriza la cancelaci\u00f3n de la carga registral que grava las fincas del Plan Parcial del Pol\u00edgono Residencial de Ermitaga\u00f1a<\/title>\n<meta name=\"robots\" content=\"index, follow, max-snippet:-1, max-image-preview:large, max-video-preview:-1\" \/>\n<link rel=\"canonical\" href=\"https:\/\/www.laguiadepamplona.com\/actualidad\/el-ayuntamiento-autoriza-la-cancelacion-de-la-carga-registral-que-grava-las-fincas-del-plan-parcial-del-poligono-residencial-de-ermitagana\/\" \/>\n<meta property=\"og:locale\" content=\"es_ES\" \/>\n<meta property=\"og:type\" content=\"article\" \/>\n<meta property=\"og:title\" content=\"El Ayuntamiento autoriza la cancelaci\u00f3n de la carga registral que grava las fincas del Plan Parcial del Pol\u00edgono Residencial de Ermitaga\u00f1a\" \/>\n<meta property=\"og:description\" content=\"La medida es para viviendas del espacio comprendido entre las calles Arcadio M\u00aa Larraona, Irunlarrea, Ermitaga\u00f1a y avenida de Barar\u00e1in\" \/>\n<meta property=\"og:url\" content=\"https:\/\/www.laguiadepamplona.com\/actualidad\/el-ayuntamiento-autoriza-la-cancelacion-de-la-carga-registral-que-grava-las-fincas-del-plan-parcial-del-poligono-residencial-de-ermitagana\/\" \/>\n<meta property=\"og:site_name\" content=\"La Gu\u00eda de Pamplona\" \/>\n<meta property=\"article:publisher\" content=\"https:\/\/www.facebook.com\/laguiadepamplonacom-133175176762273\/?ref=hl\" \/>\n<meta property=\"article:published_time\" content=\"2018-12-04T14:27:17+00:00\" \/>\n<meta property=\"og:image\" content=\"https:\/\/www.laguiadepamplona.com\/actualidad\/wp-content\/uploads\/2018\/05\/ayto-pamplona-3.jpg\" \/>\n\t<meta property=\"og:image:width\" content=\"1000\" \/>\n\t<meta property=\"og:image:height\" content=\"555\" \/>\n\t<meta property=\"og:image:type\" content=\"image\/jpeg\" \/>\n<meta name=\"author\" content=\"La Gu\u00eda de Pamplona\" \/>\n<meta name=\"twitter:card\" content=\"summary_large_image\" \/>\n<meta name=\"twitter:creator\" content=\"@LaGuiadPamplona\" \/>\n<meta name=\"twitter:site\" content=\"@LaGuiadPamplona\" \/>\n<meta name=\"twitter:label1\" content=\"Escrito por\" \/>\n\t<meta name=\"twitter:data1\" content=\"La Gu\u00eda de Pamplona\" \/>\n\t<meta name=\"twitter:label2\" content=\"Tiempo de lectura\" \/>\n\t<meta name=\"twitter:data2\" content=\"2 minutos\" \/>\n<script type=\"application\/ld+json\" class=\"yoast-schema-graph\">{\"@context\":\"https:\\\/\\\/schema.org\",\"@graph\":[{\"@type\":\"Article\",\"@id\":\"https:\\\/\\\/www.laguiadepamplona.com\\\/actualidad\\\/el-ayuntamiento-autoriza-la-cancelacion-de-la-carga-registral-que-grava-las-fincas-del-plan-parcial-del-poligono-residencial-de-ermitagana\\\/#article\",\"isPartOf\":{\"@id\":\"https:\\\/\\\/www.laguiadepamplona.com\\\/actualidad\\\/el-ayuntamiento-autoriza-la-cancelacion-de-la-carga-registral-que-grava-las-fincas-del-plan-parcial-del-poligono-residencial-de-ermitagana\\\/\"},\"author\":{\"name\":\"La Gu\u00eda de Pamplona\",\"@id\":\"https:\\\/\\\/www.laguiadepamplona.com\\\/actualidad\\\/#\\\/schema\\\/person\\\/efe887376f0213d4657c93adc50b1fdb\"},\"headline\":\"El Ayuntamiento autoriza la cancelaci\u00f3n de la carga registral que grava las fincas del Plan Parcial del Pol\u00edgono Residencial de Ermitaga\u00f1a\",\"datePublished\":\"2018-12-04T14:27:17+00:00\",\"mainEntityOfPage\":{\"@id\":\"https:\\\/\\\/www.laguiadepamplona.com\\\/actualidad\\\/el-ayuntamiento-autoriza-la-cancelacion-de-la-carga-registral-que-grava-las-fincas-del-plan-parcial-del-poligono-residencial-de-ermitagana\\\/\"},\"wordCount\":350,\"commentCount\":0,\"publisher\":{\"@id\":\"https:\\\/\\\/www.laguiadepamplona.com\\\/actualidad\\\/#organization\"},\"image\":{\"@id\":\"https:\\\/\\\/www.laguiadepamplona.com\\\/actualidad\\\/el-ayuntamiento-autoriza-la-cancelacion-de-la-carga-registral-que-grava-las-fincas-del-plan-parcial-del-poligono-residencial-de-ermitagana\\\/#primaryimage\"},\"thumbnailUrl\":\"https:\\\/\\\/www.laguiadepamplona.com\\\/actualidad\\\/wp-content\\\/uploads\\\/2018\\\/05\\\/ayto-pamplona-3.jpg\",\"articleSection\":[\"Ayto Pamplona\"],\"inLanguage\":\"es\",\"potentialAction\":[{\"@type\":\"CommentAction\",\"name\":\"Comment\",\"target\":[\"https:\\\/\\\/www.laguiadepamplona.com\\\/actualidad\\\/el-ayuntamiento-autoriza-la-cancelacion-de-la-carga-registral-que-grava-las-fincas-del-plan-parcial-del-poligono-residencial-de-ermitagana\\\/#respond\"]}]},{\"@type\":\"WebPage\",\"@id\":\"https:\\\/\\\/www.laguiadepamplona.com\\\/actualidad\\\/el-ayuntamiento-autoriza-la-cancelacion-de-la-carga-registral-que-grava-las-fincas-del-plan-parcial-del-poligono-residencial-de-ermitagana\\\/\",\"url\":\"https:\\\/\\\/www.laguiadepamplona.com\\\/actualidad\\\/el-ayuntamiento-autoriza-la-cancelacion-de-la-carga-registral-que-grava-las-fincas-del-plan-parcial-del-poligono-residencial-de-ermitagana\\\/\",\"name\":\"El Ayuntamiento autoriza la cancelaci\u00f3n de la carga registral que grava las fincas del Plan Parcial del Pol\u00edgono Residencial de Ermitaga\u00f1a\",\"isPartOf\":{\"@id\":\"https:\\\/\\\/www.laguiadepamplona.com\\\/actualidad\\\/#website\"},\"primaryImageOfPage\":{\"@id\":\"https:\\\/\\\/www.laguiadepamplona.com\\\/actualidad\\\/el-ayuntamiento-autoriza-la-cancelacion-de-la-carga-registral-que-grava-las-fincas-del-plan-parcial-del-poligono-residencial-de-ermitagana\\\/#primaryimage\"},\"image\":{\"@id\":\"https:\\\/\\\/www.laguiadepamplona.com\\\/actualidad\\\/el-ayuntamiento-autoriza-la-cancelacion-de-la-carga-registral-que-grava-las-fincas-del-plan-parcial-del-poligono-residencial-de-ermitagana\\\/#primaryimage\"},\"thumbnailUrl\":\"https:\\\/\\\/www.laguiadepamplona.com\\\/actualidad\\\/wp-content\\\/uploads\\\/2018\\\/05\\\/ayto-pamplona-3.jpg\",\"datePublished\":\"2018-12-04T14:27:17+00:00\",\"breadcrumb\":{\"@id\":\"https:\\\/\\\/www.laguiadepamplona.com\\\/actualidad\\\/el-ayuntamiento-autoriza-la-cancelacion-de-la-carga-registral-que-grava-las-fincas-del-plan-parcial-del-poligono-residencial-de-ermitagana\\\/#breadcrumb\"},\"inLanguage\":\"es\",\"potentialAction\":[{\"@type\":\"ReadAction\",\"target\":[\"https:\\\/\\\/www.laguiadepamplona.com\\\/actualidad\\\/el-ayuntamiento-autoriza-la-cancelacion-de-la-carga-registral-que-grava-las-fincas-del-plan-parcial-del-poligono-residencial-de-ermitagana\\\/\"]}]},{\"@type\":\"ImageObject\",\"inLanguage\":\"es\",\"@id\":\"https:\\\/\\\/www.laguiadepamplona.com\\\/actualidad\\\/el-ayuntamiento-autoriza-la-cancelacion-de-la-carga-registral-que-grava-las-fincas-del-plan-parcial-del-poligono-residencial-de-ermitagana\\\/#primaryimage\",\"url\":\"https:\\\/\\\/www.laguiadepamplona.com\\\/actualidad\\\/wp-content\\\/uploads\\\/2018\\\/05\\\/ayto-pamplona-3.jpg\",\"contentUrl\":\"https:\\\/\\\/www.laguiadepamplona.com\\\/actualidad\\\/wp-content\\\/uploads\\\/2018\\\/05\\\/ayto-pamplona-3.jpg\",\"width\":1000,\"height\":555},{\"@type\":\"BreadcrumbList\",\"@id\":\"https:\\\/\\\/www.laguiadepamplona.com\\\/actualidad\\\/el-ayuntamiento-autoriza-la-cancelacion-de-la-carga-registral-que-grava-las-fincas-del-plan-parcial-del-poligono-residencial-de-ermitagana\\\/#breadcrumb\",\"itemListElement\":[{\"@type\":\"ListItem\",\"position\":1,\"name\":\"Portada\",\"item\":\"https:\\\/\\\/www.laguiadepamplona.com\\\/actualidad\\\/\"},{\"@type\":\"ListItem\",\"position\":2,\"name\":\"El Ayuntamiento autoriza la cancelaci\u00f3n de la carga registral que grava las fincas del Plan Parcial del Pol\u00edgono Residencial de Ermitaga\u00f1a\"}]},{\"@type\":\"WebSite\",\"@id\":\"https:\\\/\\\/www.laguiadepamplona.com\\\/actualidad\\\/#website\",\"url\":\"https:\\\/\\\/www.laguiadepamplona.com\\\/actualidad\\\/\",\"name\":\"La gu\u00eda de Pamplona\",\"description\":\"Noticias de Pamplona\",\"publisher\":{\"@id\":\"https:\\\/\\\/www.laguiadepamplona.com\\\/actualidad\\\/#organization\"},\"potentialAction\":[{\"@type\":\"SearchAction\",\"target\":{\"@type\":\"EntryPoint\",\"urlTemplate\":\"https:\\\/\\\/www.laguiadepamplona.com\\\/actualidad\\\/?s={search_term_string}\"},\"query-input\":{\"@type\":\"PropertyValueSpecification\",\"valueRequired\":true,\"valueName\":\"search_term_string\"}}],\"inLanguage\":\"es\"},{\"@type\":\"Organization\",\"@id\":\"https:\\\/\\\/www.laguiadepamplona.com\\\/actualidad\\\/#organization\",\"name\":\"La Gu\u00eda de Pamplona \\\/ Noticias\",\"url\":\"https:\\\/\\\/www.laguiadepamplona.com\\\/actualidad\\\/\",\"logo\":{\"@type\":\"ImageObject\",\"inLanguage\":\"es\",\"@id\":\"https:\\\/\\\/www.laguiadepamplona.com\\\/actualidad\\\/#\\\/schema\\\/logo\\\/image\\\/\",\"url\":\"https:\\\/\\\/www.laguiadepamplona.com\\\/actualidad\\\/wp-content\\\/uploads\\\/2018\\\/11\\\/logo-laguiadepamplona18-web1.png\",\"contentUrl\":\"https:\\\/\\\/www.laguiadepamplona.com\\\/actualidad\\\/wp-content\\\/uploads\\\/2018\\\/11\\\/logo-laguiadepamplona18-web1.png\",\"width\":600,\"height\":196,\"caption\":\"La Gu\u00eda de Pamplona \\\/ Noticias\"},\"image\":{\"@id\":\"https:\\\/\\\/www.laguiadepamplona.com\\\/actualidad\\\/#\\\/schema\\\/logo\\\/image\\\/\"},\"sameAs\":[\"https:\\\/\\\/www.facebook.com\\\/laguiadepamplonacom-133175176762273\\\/?ref=hl\",\"https:\\\/\\\/x.com\\\/LaGuiadPamplona\",\"https:\\\/\\\/www.instagram.com\\\/la_guia_de_pamplona\\\/\",\"https:\\\/\\\/www.youtube.com\\\/user\\\/laguiadepamplona\"]},{\"@type\":\"Person\",\"@id\":\"https:\\\/\\\/www.laguiadepamplona.com\\\/actualidad\\\/#\\\/schema\\\/person\\\/efe887376f0213d4657c93adc50b1fdb\",\"name\":\"La Gu\u00eda de Pamplona\",\"image\":{\"@type\":\"ImageObject\",\"inLanguage\":\"es\",\"@id\":\"https:\\\/\\\/secure.gravatar.com\\\/avatar\\\/b6992f131dc8d30ab0dff15446e9d346d9dbd95992de0fef795073f5ea83a81c?s=96&d=mm&r=g\",\"url\":\"https:\\\/\\\/secure.gravatar.com\\\/avatar\\\/b6992f131dc8d30ab0dff15446e9d346d9dbd95992de0fef795073f5ea83a81c?s=96&d=mm&r=g\",\"contentUrl\":\"https:\\\/\\\/secure.gravatar.com\\\/avatar\\\/b6992f131dc8d30ab0dff15446e9d346d9dbd95992de0fef795073f5ea83a81c?s=96&d=mm&r=g\",\"caption\":\"La Gu\u00eda de Pamplona\"}}]}<\/script>\n<!-- \/ Yoast SEO plugin. -->","yoast_head_json":{"title":"El Ayuntamiento autoriza la cancelaci\u00f3n de la carga registral que grava las fincas del Plan Parcial del Pol\u00edgono Residencial de Ermitaga\u00f1a","robots":{"index":"index","follow":"follow","max-snippet":"max-snippet:-1","max-image-preview":"max-image-preview:large","max-video-preview":"max-video-preview:-1"},"canonical":"https:\/\/www.laguiadepamplona.com\/actualidad\/el-ayuntamiento-autoriza-la-cancelacion-de-la-carga-registral-que-grava-las-fincas-del-plan-parcial-del-poligono-residencial-de-ermitagana\/","og_locale":"es_ES","og_type":"article","og_title":"El Ayuntamiento autoriza la cancelaci\u00f3n de la carga registral que grava las fincas del Plan Parcial del Pol\u00edgono Residencial de Ermitaga\u00f1a","og_description":"La medida es para viviendas del espacio comprendido entre las calles Arcadio M\u00aa Larraona, Irunlarrea, Ermitaga\u00f1a y avenida de Barar\u00e1in","og_url":"https:\/\/www.laguiadepamplona.com\/actualidad\/el-ayuntamiento-autoriza-la-cancelacion-de-la-carga-registral-que-grava-las-fincas-del-plan-parcial-del-poligono-residencial-de-ermitagana\/","og_site_name":"La Gu\u00eda de Pamplona","article_publisher":"https:\/\/www.facebook.com\/laguiadepamplonacom-133175176762273\/?ref=hl","article_published_time":"2018-12-04T14:27:17+00:00","og_image":[{"width":1000,"height":555,"url":"https:\/\/www.laguiadepamplona.com\/actualidad\/wp-content\/uploads\/2018\/05\/ayto-pamplona-3.jpg","type":"image\/jpeg"}],"author":"La Gu\u00eda de Pamplona","twitter_card":"summary_large_image","twitter_creator":"@LaGuiadPamplona","twitter_site":"@LaGuiadPamplona","twitter_misc":{"Escrito por":"La Gu\u00eda de Pamplona","Tiempo de lectura":"2 minutos"},"schema":{"@context":"https:\/\/schema.org","@graph":[{"@type":"Article","@id":"https:\/\/www.laguiadepamplona.com\/actualidad\/el-ayuntamiento-autoriza-la-cancelacion-de-la-carga-registral-que-grava-las-fincas-del-plan-parcial-del-poligono-residencial-de-ermitagana\/#article","isPartOf":{"@id":"https:\/\/www.laguiadepamplona.com\/actualidad\/el-ayuntamiento-autoriza-la-cancelacion-de-la-carga-registral-que-grava-las-fincas-del-plan-parcial-del-poligono-residencial-de-ermitagana\/"},"author":{"name":"La Gu\u00eda de Pamplona","@id":"https:\/\/www.laguiadepamplona.com\/actualidad\/#\/schema\/person\/efe887376f0213d4657c93adc50b1fdb"},"headline":"El Ayuntamiento autoriza la cancelaci\u00f3n de la carga registral que grava las fincas del Plan Parcial del Pol\u00edgono Residencial de Ermitaga\u00f1a","datePublished":"2018-12-04T14:27:17+00:00","mainEntityOfPage":{"@id":"https:\/\/www.laguiadepamplona.com\/actualidad\/el-ayuntamiento-autoriza-la-cancelacion-de-la-carga-registral-que-grava-las-fincas-del-plan-parcial-del-poligono-residencial-de-ermitagana\/"},"wordCount":350,"commentCount":0,"publisher":{"@id":"https:\/\/www.laguiadepamplona.com\/actualidad\/#organization"},"image":{"@id":"https:\/\/www.laguiadepamplona.com\/actualidad\/el-ayuntamiento-autoriza-la-cancelacion-de-la-carga-registral-que-grava-las-fincas-del-plan-parcial-del-poligono-residencial-de-ermitagana\/#primaryimage"},"thumbnailUrl":"https:\/\/www.laguiadepamplona.com\/actualidad\/wp-content\/uploads\/2018\/05\/ayto-pamplona-3.jpg","articleSection":["Ayto Pamplona"],"inLanguage":"es","potentialAction":[{"@type":"CommentAction","name":"Comment","target":["https:\/\/www.laguiadepamplona.com\/actualidad\/el-ayuntamiento-autoriza-la-cancelacion-de-la-carga-registral-que-grava-las-fincas-del-plan-parcial-del-poligono-residencial-de-ermitagana\/#respond"]}]},{"@type":"WebPage","@id":"https:\/\/www.laguiadepamplona.com\/actualidad\/el-ayuntamiento-autoriza-la-cancelacion-de-la-carga-registral-que-grava-las-fincas-del-plan-parcial-del-poligono-residencial-de-ermitagana\/","url":"https:\/\/www.laguiadepamplona.com\/actualidad\/el-ayuntamiento-autoriza-la-cancelacion-de-la-carga-registral-que-grava-las-fincas-del-plan-parcial-del-poligono-residencial-de-ermitagana\/","name":"El Ayuntamiento autoriza la cancelaci\u00f3n de la carga registral que grava las fincas del Plan Parcial del Pol\u00edgono Residencial de Ermitaga\u00f1a","isPartOf":{"@id":"https:\/\/www.laguiadepamplona.com\/actualidad\/#website"},"primaryImageOfPage":{"@id":"https:\/\/www.laguiadepamplona.com\/actualidad\/el-ayuntamiento-autoriza-la-cancelacion-de-la-carga-registral-que-grava-las-fincas-del-plan-parcial-del-poligono-residencial-de-ermitagana\/#primaryimage"},"image":{"@id":"https:\/\/www.laguiadepamplona.com\/actualidad\/el-ayuntamiento-autoriza-la-cancelacion-de-la-carga-registral-que-grava-las-fincas-del-plan-parcial-del-poligono-residencial-de-ermitagana\/#primaryimage"},"thumbnailUrl":"https:\/\/www.laguiadepamplona.com\/actualidad\/wp-content\/uploads\/2018\/05\/ayto-pamplona-3.jpg","datePublished":"2018-12-04T14:27:17+00:00","breadcrumb":{"@id":"https:\/\/www.laguiadepamplona.com\/actualidad\/el-ayuntamiento-autoriza-la-cancelacion-de-la-carga-registral-que-grava-las-fincas-del-plan-parcial-del-poligono-residencial-de-ermitagana\/#breadcrumb"},"inLanguage":"es","potentialAction":[{"@type":"ReadAction","target":["https:\/\/www.laguiadepamplona.com\/actualidad\/el-ayuntamiento-autoriza-la-cancelacion-de-la-carga-registral-que-grava-las-fincas-del-plan-parcial-del-poligono-residencial-de-ermitagana\/"]}]},{"@type":"ImageObject","inLanguage":"es","@id":"https:\/\/www.laguiadepamplona.com\/actualidad\/el-ayuntamiento-autoriza-la-cancelacion-de-la-carga-registral-que-grava-las-fincas-del-plan-parcial-del-poligono-residencial-de-ermitagana\/#primaryimage","url":"https:\/\/www.laguiadepamplona.com\/actualidad\/wp-content\/uploads\/2018\/05\/ayto-pamplona-3.jpg","contentUrl":"https:\/\/www.laguiadepamplona.com\/actualidad\/wp-content\/uploads\/2018\/05\/ayto-pamplona-3.jpg","width":1000,"height":555},{"@type":"BreadcrumbList","@id":"https:\/\/www.laguiadepamplona.com\/actualidad\/el-ayuntamiento-autoriza-la-cancelacion-de-la-carga-registral-que-grava-las-fincas-del-plan-parcial-del-poligono-residencial-de-ermitagana\/#breadcrumb","itemListElement":[{"@type":"ListItem","position":1,"name":"Portada","item":"https:\/\/www.laguiadepamplona.com\/actualidad\/"},{"@type":"ListItem","position":2,"name":"El Ayuntamiento autoriza la cancelaci\u00f3n de la carga registral que grava las fincas del Plan Parcial del Pol\u00edgono Residencial de Ermitaga\u00f1a"}]},{"@type":"WebSite","@id":"https:\/\/www.laguiadepamplona.com\/actualidad\/#website","url":"https:\/\/www.laguiadepamplona.com\/actualidad\/","name":"La gu\u00eda de Pamplona","description":"Noticias de Pamplona","publisher":{"@id":"https:\/\/www.laguiadepamplona.com\/actualidad\/#organization"},"potentialAction":[{"@type":"SearchAction","target":{"@type":"EntryPoint","urlTemplate":"https:\/\/www.laguiadepamplona.com\/actualidad\/?s={search_term_string}"},"query-input":{"@type":"PropertyValueSpecification","valueRequired":true,"valueName":"search_term_string"}}],"inLanguage":"es"},{"@type":"Organization","@id":"https:\/\/www.laguiadepamplona.com\/actualidad\/#organization","name":"La Gu\u00eda de Pamplona \/ Noticias","url":"https:\/\/www.laguiadepamplona.com\/actualidad\/","logo":{"@type":"ImageObject","inLanguage":"es","@id":"https:\/\/www.laguiadepamplona.com\/actualidad\/#\/schema\/logo\/image\/","url":"https:\/\/www.laguiadepamplona.com\/actualidad\/wp-content\/uploads\/2018\/11\/logo-laguiadepamplona18-web1.png","contentUrl":"https:\/\/www.laguiadepamplona.com\/actualidad\/wp-content\/uploads\/2018\/11\/logo-laguiadepamplona18-web1.png","width":600,"height":196,"caption":"La Gu\u00eda de Pamplona \/ Noticias"},"image":{"@id":"https:\/\/www.laguiadepamplona.com\/actualidad\/#\/schema\/logo\/image\/"},"sameAs":["https:\/\/www.facebook.com\/laguiadepamplonacom-133175176762273\/?ref=hl","https:\/\/x.com\/LaGuiadPamplona","https:\/\/www.instagram.com\/la_guia_de_pamplona\/","https:\/\/www.youtube.com\/user\/laguiadepamplona"]},{"@type":"Person","@id":"https:\/\/www.laguiadepamplona.com\/actualidad\/#\/schema\/person\/efe887376f0213d4657c93adc50b1fdb","name":"La Gu\u00eda de Pamplona","image":{"@type":"ImageObject","inLanguage":"es","@id":"https:\/\/secure.gravatar.com\/avatar\/b6992f131dc8d30ab0dff15446e9d346d9dbd95992de0fef795073f5ea83a81c?s=96&d=mm&r=g","url":"https:\/\/secure.gravatar.com\/avatar\/b6992f131dc8d30ab0dff15446e9d346d9dbd95992de0fef795073f5ea83a81c?s=96&d=mm&r=g","contentUrl":"https:\/\/secure.gravatar.com\/avatar\/b6992f131dc8d30ab0dff15446e9d346d9dbd95992de0fef795073f5ea83a81c?s=96&d=mm&r=g","caption":"La Gu\u00eda de Pamplona"}}]}},"post_mailing_queue_ids":[],"_links":{"self":[{"href":"https:\/\/www.laguiadepamplona.com\/actualidad\/wp-json\/wp\/v2\/posts\/19661","targetHints":{"allow":["GET"]}}],"collection":[{"href":"https:\/\/www.laguiadepamplona.com\/actualidad\/wp-json\/wp\/v2\/posts"}],"about":[{"href":"https:\/\/www.laguiadepamplona.com\/actualidad\/wp-json\/wp\/v2\/types\/post"}],"author":[{"embeddable":true,"href":"https:\/\/www.laguiadepamplona.com\/actualidad\/wp-json\/wp\/v2\/users\/1"}],"replies":[{"embeddable":true,"href":"https:\/\/www.laguiadepamplona.com\/actualidad\/wp-json\/wp\/v2\/comments?post=19661"}],"version-history":[{"count":0,"href":"https:\/\/www.laguiadepamplona.com\/actualidad\/wp-json\/wp\/v2\/posts\/19661\/revisions"}],"wp:featuredmedia":[{"embeddable":true,"href":"https:\/\/www.laguiadepamplona.com\/actualidad\/wp-json\/wp\/v2\/media\/17600"}],"wp:attachment":[{"href":"https:\/\/www.laguiadepamplona.com\/actualidad\/wp-json\/wp\/v2\/media?parent=19661"}],"wp:term":[{"taxonomy":"category","embeddable":true,"href":"https:\/\/www.laguiadepamplona.com\/actualidad\/wp-json\/wp\/v2\/categories?post=19661"},{"taxonomy":"post_tag","embeddable":true,"href":"https:\/\/www.laguiadepamplona.com\/actualidad\/wp-json\/wp\/v2\/tags?post=19661"}],"curies":[{"name":"wp","href":"https:\/\/api.w.org\/{rel}","templated":true}]}}