{"id":19659,"date":"2018-12-04T16:26:30","date_gmt":"2018-12-04T14:26:30","guid":{"rendered":"https:\/\/www.laguiadepamplona.es\/actualidad\/?p=19659"},"modified":"2018-12-04T16:26:30","modified_gmt":"2018-12-04T14:26:30","slug":"el-ayuntamiento-acondicionara-un-local-en-la-calle-san-anton-7-para-su-uso-como-aparcamiento-de-bicicletas-para-residentes","status":"publish","type":"post","link":"https:\/\/www.laguiadepamplona.com\/actualidad\/el-ayuntamiento-acondicionara-un-local-en-la-calle-san-anton-7-para-su-uso-como-aparcamiento-de-bicicletas-para-residentes\/","title":{"rendered":"El Ayuntamiento acondicionar\u00e1 un local en la calle San Ant\u00f3n 7 para su uso como aparcamiento de bicicletas para residentes"},"content":{"rendered":"<h3>Se invertir\u00e1n 45.798,50 euros en diferentes mejoras y trabajos en el local, que tendr\u00e1 capacidad para 65 bicicletas<\/h3>\n<p><!--more--><\/p>\n<p>El Ayuntamiento de Pamplona ha iniciado los tr\u00e1mites para la adecuaci\u00f3n de un local en la calle San Ant\u00f3n n\u00famero 7 como aparcamiento de bicicletas para residentes. La Junta de Gobierno Local ha aprobado una autorizaci\u00f3n y disposici\u00f3n de gasto de 45.798,50 euros para acondicionar ese local, que una vez puesto en marcha podr\u00e1 acoger hasta 65 bicicletas.<\/p>\n<p>Actualmente el local, de casi 76 metros cuadrados, no tiene uso y se halla en relativo buen estado. Se ubica en el bajo de un edificio que se desarrolla en planta baja y cuatro alturas sobre rasante. El contrato plantea la adecuaci\u00f3n del local como parking de bicicletas, habilitando las instalaciones necesarias en su interior como rampas de acceso, saneo de muros de piedra, instalaci\u00f3n de puerta de vidrio de doble hoja, control de accesos, videovigilancia e iluminaci\u00f3n. No se consideran necesarias otras instalaciones m\u00e1s all\u00e1 de la iluminaci\u00f3n del local y la protecci\u00f3n contra incendios, as\u00ed como el control de accesos y mecanismo de apertura mec\u00e1nica de esa puerta principal. Este contrato no incluye el suministro del equipamiento propio para el aparcamiento de las bicicletas.<\/p>\n<p>Este aparcamiento, cuya apertura se estima en enero de 2019, ser\u00e1 el cuarto que tenga la ciudad destinado a personas residentes, tras el que est\u00e1 en funcionamiento en la calle Descalzos en el Casco Antiguo y los que pr\u00f3ximamente se pondr\u00e1n en marcha en la calle Urzainqui de Rochapea y la traves\u00eda Juan Mar\u00eda Guelbenzu en Milagrosa. En total, por el momento, 517 plazas en aparcamientos p\u00fablicos para residentes. Estas actuaciones se enmarcan en la l\u00ednea de trabajo de movilidad ciclista que el Ayuntamiento est\u00e1 llevando a cabo en la ciudad poniendo este tipo de infraestructuras en los barrios en los que existen m\u00e1s problemas para guardar las bicicletas en las viviendas por falta de ascensor, garajes o trasteros en los edificios.<\/p>\n","protected":false},"excerpt":{"rendered":"<p>Se invertir\u00e1n 45.798,50 euros en diferentes mejoras y trabajos en el local, que tendr\u00e1 capacidad para 65 bicicletas<\/p>\n","protected":false},"author":1,"featured_media":14439,"comment_status":"open","ping_status":"closed","sticky":false,"template":"","format":"standard","meta":{"footnotes":""},"categories":[2],"tags":[],"class_list":["post-19659","post","type-post","status-publish","format-standard","has-post-thumbnail","hentry","category-ayuntamiento-pamplona"],"yoast_head":"<!-- This site is optimized with the Yoast SEO plugin v27.3 - https:\/\/yoast.com\/product\/yoast-seo-wordpress\/ -->\n<title>El Ayuntamiento acondicionar\u00e1 un local en la calle San Ant\u00f3n 7 para su uso como aparcamiento de bicicletas para residentes<\/title>\n<meta name=\"robots\" content=\"index, follow, max-snippet:-1, max-image-preview:large, max-video-preview:-1\" \/>\n<link rel=\"canonical\" href=\"https:\/\/www.laguiadepamplona.com\/actualidad\/el-ayuntamiento-acondicionara-un-local-en-la-calle-san-anton-7-para-su-uso-como-aparcamiento-de-bicicletas-para-residentes\/\" \/>\n<meta property=\"og:locale\" content=\"es_ES\" \/>\n<meta property=\"og:type\" content=\"article\" \/>\n<meta property=\"og:title\" content=\"El Ayuntamiento acondicionar\u00e1 un local en la calle San Ant\u00f3n 7 para su uso como aparcamiento de bicicletas para residentes\" \/>\n<meta property=\"og:description\" content=\"Se invertir\u00e1n 45.798,50 euros en diferentes mejoras y trabajos en el local, que tendr\u00e1 capacidad para 65 bicicletas\" \/>\n<meta property=\"og:url\" content=\"https:\/\/www.laguiadepamplona.com\/actualidad\/el-ayuntamiento-acondicionara-un-local-en-la-calle-san-anton-7-para-su-uso-como-aparcamiento-de-bicicletas-para-residentes\/\" \/>\n<meta property=\"og:site_name\" content=\"La Gu\u00eda de Pamplona\" \/>\n<meta property=\"article:publisher\" content=\"https:\/\/www.facebook.com\/laguiadepamplonacom-133175176762273\/?ref=hl\" \/>\n<meta property=\"article:published_time\" content=\"2018-12-04T14:26:30+00:00\" \/>\n<meta property=\"og:image\" content=\"https:\/\/www.laguiadepamplona.com\/actualidad\/wp-content\/uploads\/2017\/09\/aparcamiento_bicis_descalzos2.jpg\" \/>\n\t<meta property=\"og:image:width\" content=\"1000\" \/>\n\t<meta property=\"og:image:height\" content=\"750\" \/>\n\t<meta property=\"og:image:type\" content=\"image\/jpeg\" \/>\n<meta name=\"author\" content=\"La Gu\u00eda de Pamplona\" \/>\n<meta name=\"twitter:card\" content=\"summary_large_image\" \/>\n<meta name=\"twitter:creator\" content=\"@LaGuiadPamplona\" \/>\n<meta name=\"twitter:site\" content=\"@LaGuiadPamplona\" \/>\n<meta name=\"twitter:label1\" content=\"Escrito por\" \/>\n\t<meta name=\"twitter:data1\" content=\"La Gu\u00eda de Pamplona\" \/>\n\t<meta name=\"twitter:label2\" content=\"Tiempo de lectura\" \/>\n\t<meta name=\"twitter:data2\" content=\"2 minutos\" \/>\n<script type=\"application\/ld+json\" class=\"yoast-schema-graph\">{\"@context\":\"https:\\\/\\\/schema.org\",\"@graph\":[{\"@type\":\"Article\",\"@id\":\"https:\\\/\\\/www.laguiadepamplona.com\\\/actualidad\\\/el-ayuntamiento-acondicionara-un-local-en-la-calle-san-anton-7-para-su-uso-como-aparcamiento-de-bicicletas-para-residentes\\\/#article\",\"isPartOf\":{\"@id\":\"https:\\\/\\\/www.laguiadepamplona.com\\\/actualidad\\\/el-ayuntamiento-acondicionara-un-local-en-la-calle-san-anton-7-para-su-uso-como-aparcamiento-de-bicicletas-para-residentes\\\/\"},\"author\":{\"name\":\"La Gu\u00eda de Pamplona\",\"@id\":\"https:\\\/\\\/www.laguiadepamplona.com\\\/actualidad\\\/#\\\/schema\\\/person\\\/efe887376f0213d4657c93adc50b1fdb\"},\"headline\":\"El Ayuntamiento acondicionar\u00e1 un local en la calle San Ant\u00f3n 7 para su uso como aparcamiento de bicicletas para residentes\",\"datePublished\":\"2018-12-04T14:26:30+00:00\",\"mainEntityOfPage\":{\"@id\":\"https:\\\/\\\/www.laguiadepamplona.com\\\/actualidad\\\/el-ayuntamiento-acondicionara-un-local-en-la-calle-san-anton-7-para-su-uso-como-aparcamiento-de-bicicletas-para-residentes\\\/\"},\"wordCount\":357,\"commentCount\":0,\"publisher\":{\"@id\":\"https:\\\/\\\/www.laguiadepamplona.com\\\/actualidad\\\/#organization\"},\"image\":{\"@id\":\"https:\\\/\\\/www.laguiadepamplona.com\\\/actualidad\\\/el-ayuntamiento-acondicionara-un-local-en-la-calle-san-anton-7-para-su-uso-como-aparcamiento-de-bicicletas-para-residentes\\\/#primaryimage\"},\"thumbnailUrl\":\"https:\\\/\\\/www.laguiadepamplona.com\\\/actualidad\\\/wp-content\\\/uploads\\\/2017\\\/09\\\/aparcamiento_bicis_descalzos2.jpg\",\"articleSection\":[\"Ayto Pamplona\"],\"inLanguage\":\"es\",\"potentialAction\":[{\"@type\":\"CommentAction\",\"name\":\"Comment\",\"target\":[\"https:\\\/\\\/www.laguiadepamplona.com\\\/actualidad\\\/el-ayuntamiento-acondicionara-un-local-en-la-calle-san-anton-7-para-su-uso-como-aparcamiento-de-bicicletas-para-residentes\\\/#respond\"]}]},{\"@type\":\"WebPage\",\"@id\":\"https:\\\/\\\/www.laguiadepamplona.com\\\/actualidad\\\/el-ayuntamiento-acondicionara-un-local-en-la-calle-san-anton-7-para-su-uso-como-aparcamiento-de-bicicletas-para-residentes\\\/\",\"url\":\"https:\\\/\\\/www.laguiadepamplona.com\\\/actualidad\\\/el-ayuntamiento-acondicionara-un-local-en-la-calle-san-anton-7-para-su-uso-como-aparcamiento-de-bicicletas-para-residentes\\\/\",\"name\":\"El Ayuntamiento acondicionar\u00e1 un local en la calle San Ant\u00f3n 7 para su uso como aparcamiento de bicicletas para residentes\",\"isPartOf\":{\"@id\":\"https:\\\/\\\/www.laguiadepamplona.com\\\/actualidad\\\/#website\"},\"primaryImageOfPage\":{\"@id\":\"https:\\\/\\\/www.laguiadepamplona.com\\\/actualidad\\\/el-ayuntamiento-acondicionara-un-local-en-la-calle-san-anton-7-para-su-uso-como-aparcamiento-de-bicicletas-para-residentes\\\/#primaryimage\"},\"image\":{\"@id\":\"https:\\\/\\\/www.laguiadepamplona.com\\\/actualidad\\\/el-ayuntamiento-acondicionara-un-local-en-la-calle-san-anton-7-para-su-uso-como-aparcamiento-de-bicicletas-para-residentes\\\/#primaryimage\"},\"thumbnailUrl\":\"https:\\\/\\\/www.laguiadepamplona.com\\\/actualidad\\\/wp-content\\\/uploads\\\/2017\\\/09\\\/aparcamiento_bicis_descalzos2.jpg\",\"datePublished\":\"2018-12-04T14:26:30+00:00\",\"breadcrumb\":{\"@id\":\"https:\\\/\\\/www.laguiadepamplona.com\\\/actualidad\\\/el-ayuntamiento-acondicionara-un-local-en-la-calle-san-anton-7-para-su-uso-como-aparcamiento-de-bicicletas-para-residentes\\\/#breadcrumb\"},\"inLanguage\":\"es\",\"potentialAction\":[{\"@type\":\"ReadAction\",\"target\":[\"https:\\\/\\\/www.laguiadepamplona.com\\\/actualidad\\\/el-ayuntamiento-acondicionara-un-local-en-la-calle-san-anton-7-para-su-uso-como-aparcamiento-de-bicicletas-para-residentes\\\/\"]}]},{\"@type\":\"ImageObject\",\"inLanguage\":\"es\",\"@id\":\"https:\\\/\\\/www.laguiadepamplona.com\\\/actualidad\\\/el-ayuntamiento-acondicionara-un-local-en-la-calle-san-anton-7-para-su-uso-como-aparcamiento-de-bicicletas-para-residentes\\\/#primaryimage\",\"url\":\"https:\\\/\\\/www.laguiadepamplona.com\\\/actualidad\\\/wp-content\\\/uploads\\\/2017\\\/09\\\/aparcamiento_bicis_descalzos2.jpg\",\"contentUrl\":\"https:\\\/\\\/www.laguiadepamplona.com\\\/actualidad\\\/wp-content\\\/uploads\\\/2017\\\/09\\\/aparcamiento_bicis_descalzos2.jpg\",\"width\":1000,\"height\":750},{\"@type\":\"BreadcrumbList\",\"@id\":\"https:\\\/\\\/www.laguiadepamplona.com\\\/actualidad\\\/el-ayuntamiento-acondicionara-un-local-en-la-calle-san-anton-7-para-su-uso-como-aparcamiento-de-bicicletas-para-residentes\\\/#breadcrumb\",\"itemListElement\":[{\"@type\":\"ListItem\",\"position\":1,\"name\":\"Portada\",\"item\":\"https:\\\/\\\/www.laguiadepamplona.com\\\/actualidad\\\/\"},{\"@type\":\"ListItem\",\"position\":2,\"name\":\"El Ayuntamiento acondicionar\u00e1 un local en la calle San Ant\u00f3n 7 para su uso como aparcamiento de bicicletas para residentes\"}]},{\"@type\":\"WebSite\",\"@id\":\"https:\\\/\\\/www.laguiadepamplona.com\\\/actualidad\\\/#website\",\"url\":\"https:\\\/\\\/www.laguiadepamplona.com\\\/actualidad\\\/\",\"name\":\"La gu\u00eda de Pamplona\",\"description\":\"Noticias de Pamplona\",\"publisher\":{\"@id\":\"https:\\\/\\\/www.laguiadepamplona.com\\\/actualidad\\\/#organization\"},\"potentialAction\":[{\"@type\":\"SearchAction\",\"target\":{\"@type\":\"EntryPoint\",\"urlTemplate\":\"https:\\\/\\\/www.laguiadepamplona.com\\\/actualidad\\\/?s={search_term_string}\"},\"query-input\":{\"@type\":\"PropertyValueSpecification\",\"valueRequired\":true,\"valueName\":\"search_term_string\"}}],\"inLanguage\":\"es\"},{\"@type\":\"Organization\",\"@id\":\"https:\\\/\\\/www.laguiadepamplona.com\\\/actualidad\\\/#organization\",\"name\":\"La Gu\u00eda de Pamplona \\\/ Noticias\",\"url\":\"https:\\\/\\\/www.laguiadepamplona.com\\\/actualidad\\\/\",\"logo\":{\"@type\":\"ImageObject\",\"inLanguage\":\"es\",\"@id\":\"https:\\\/\\\/www.laguiadepamplona.com\\\/actualidad\\\/#\\\/schema\\\/logo\\\/image\\\/\",\"url\":\"https:\\\/\\\/www.laguiadepamplona.com\\\/actualidad\\\/wp-content\\\/uploads\\\/2018\\\/11\\\/logo-laguiadepamplona18-web1.png\",\"contentUrl\":\"https:\\\/\\\/www.laguiadepamplona.com\\\/actualidad\\\/wp-content\\\/uploads\\\/2018\\\/11\\\/logo-laguiadepamplona18-web1.png\",\"width\":600,\"height\":196,\"caption\":\"La Gu\u00eda de Pamplona \\\/ Noticias\"},\"image\":{\"@id\":\"https:\\\/\\\/www.laguiadepamplona.com\\\/actualidad\\\/#\\\/schema\\\/logo\\\/image\\\/\"},\"sameAs\":[\"https:\\\/\\\/www.facebook.com\\\/laguiadepamplonacom-133175176762273\\\/?ref=hl\",\"https:\\\/\\\/x.com\\\/LaGuiadPamplona\",\"https:\\\/\\\/www.instagram.com\\\/la_guia_de_pamplona\\\/\",\"https:\\\/\\\/www.youtube.com\\\/user\\\/laguiadepamplona\"]},{\"@type\":\"Person\",\"@id\":\"https:\\\/\\\/www.laguiadepamplona.com\\\/actualidad\\\/#\\\/schema\\\/person\\\/efe887376f0213d4657c93adc50b1fdb\",\"name\":\"La Gu\u00eda de Pamplona\",\"image\":{\"@type\":\"ImageObject\",\"inLanguage\":\"es\",\"@id\":\"https:\\\/\\\/secure.gravatar.com\\\/avatar\\\/b6992f131dc8d30ab0dff15446e9d346d9dbd95992de0fef795073f5ea83a81c?s=96&d=mm&r=g\",\"url\":\"https:\\\/\\\/secure.gravatar.com\\\/avatar\\\/b6992f131dc8d30ab0dff15446e9d346d9dbd95992de0fef795073f5ea83a81c?s=96&d=mm&r=g\",\"contentUrl\":\"https:\\\/\\\/secure.gravatar.com\\\/avatar\\\/b6992f131dc8d30ab0dff15446e9d346d9dbd95992de0fef795073f5ea83a81c?s=96&d=mm&r=g\",\"caption\":\"La Gu\u00eda de Pamplona\"}}]}<\/script>\n<!-- \/ Yoast SEO plugin. -->","yoast_head_json":{"title":"El Ayuntamiento acondicionar\u00e1 un local en la calle San Ant\u00f3n 7 para su uso como aparcamiento de bicicletas para residentes","robots":{"index":"index","follow":"follow","max-snippet":"max-snippet:-1","max-image-preview":"max-image-preview:large","max-video-preview":"max-video-preview:-1"},"canonical":"https:\/\/www.laguiadepamplona.com\/actualidad\/el-ayuntamiento-acondicionara-un-local-en-la-calle-san-anton-7-para-su-uso-como-aparcamiento-de-bicicletas-para-residentes\/","og_locale":"es_ES","og_type":"article","og_title":"El Ayuntamiento acondicionar\u00e1 un local en la calle San Ant\u00f3n 7 para su uso como aparcamiento de bicicletas para residentes","og_description":"Se invertir\u00e1n 45.798,50 euros en diferentes mejoras y trabajos en el local, que tendr\u00e1 capacidad para 65 bicicletas","og_url":"https:\/\/www.laguiadepamplona.com\/actualidad\/el-ayuntamiento-acondicionara-un-local-en-la-calle-san-anton-7-para-su-uso-como-aparcamiento-de-bicicletas-para-residentes\/","og_site_name":"La Gu\u00eda de Pamplona","article_publisher":"https:\/\/www.facebook.com\/laguiadepamplonacom-133175176762273\/?ref=hl","article_published_time":"2018-12-04T14:26:30+00:00","og_image":[{"width":1000,"height":750,"url":"https:\/\/www.laguiadepamplona.com\/actualidad\/wp-content\/uploads\/2017\/09\/aparcamiento_bicis_descalzos2.jpg","type":"image\/jpeg"}],"author":"La Gu\u00eda de Pamplona","twitter_card":"summary_large_image","twitter_creator":"@LaGuiadPamplona","twitter_site":"@LaGuiadPamplona","twitter_misc":{"Escrito por":"La Gu\u00eda de Pamplona","Tiempo de lectura":"2 minutos"},"schema":{"@context":"https:\/\/schema.org","@graph":[{"@type":"Article","@id":"https:\/\/www.laguiadepamplona.com\/actualidad\/el-ayuntamiento-acondicionara-un-local-en-la-calle-san-anton-7-para-su-uso-como-aparcamiento-de-bicicletas-para-residentes\/#article","isPartOf":{"@id":"https:\/\/www.laguiadepamplona.com\/actualidad\/el-ayuntamiento-acondicionara-un-local-en-la-calle-san-anton-7-para-su-uso-como-aparcamiento-de-bicicletas-para-residentes\/"},"author":{"name":"La Gu\u00eda de Pamplona","@id":"https:\/\/www.laguiadepamplona.com\/actualidad\/#\/schema\/person\/efe887376f0213d4657c93adc50b1fdb"},"headline":"El Ayuntamiento acondicionar\u00e1 un local en la calle San Ant\u00f3n 7 para su uso como aparcamiento de bicicletas para residentes","datePublished":"2018-12-04T14:26:30+00:00","mainEntityOfPage":{"@id":"https:\/\/www.laguiadepamplona.com\/actualidad\/el-ayuntamiento-acondicionara-un-local-en-la-calle-san-anton-7-para-su-uso-como-aparcamiento-de-bicicletas-para-residentes\/"},"wordCount":357,"commentCount":0,"publisher":{"@id":"https:\/\/www.laguiadepamplona.com\/actualidad\/#organization"},"image":{"@id":"https:\/\/www.laguiadepamplona.com\/actualidad\/el-ayuntamiento-acondicionara-un-local-en-la-calle-san-anton-7-para-su-uso-como-aparcamiento-de-bicicletas-para-residentes\/#primaryimage"},"thumbnailUrl":"https:\/\/www.laguiadepamplona.com\/actualidad\/wp-content\/uploads\/2017\/09\/aparcamiento_bicis_descalzos2.jpg","articleSection":["Ayto Pamplona"],"inLanguage":"es","potentialAction":[{"@type":"CommentAction","name":"Comment","target":["https:\/\/www.laguiadepamplona.com\/actualidad\/el-ayuntamiento-acondicionara-un-local-en-la-calle-san-anton-7-para-su-uso-como-aparcamiento-de-bicicletas-para-residentes\/#respond"]}]},{"@type":"WebPage","@id":"https:\/\/www.laguiadepamplona.com\/actualidad\/el-ayuntamiento-acondicionara-un-local-en-la-calle-san-anton-7-para-su-uso-como-aparcamiento-de-bicicletas-para-residentes\/","url":"https:\/\/www.laguiadepamplona.com\/actualidad\/el-ayuntamiento-acondicionara-un-local-en-la-calle-san-anton-7-para-su-uso-como-aparcamiento-de-bicicletas-para-residentes\/","name":"El Ayuntamiento acondicionar\u00e1 un local en la calle San Ant\u00f3n 7 para su uso como aparcamiento de bicicletas para residentes","isPartOf":{"@id":"https:\/\/www.laguiadepamplona.com\/actualidad\/#website"},"primaryImageOfPage":{"@id":"https:\/\/www.laguiadepamplona.com\/actualidad\/el-ayuntamiento-acondicionara-un-local-en-la-calle-san-anton-7-para-su-uso-como-aparcamiento-de-bicicletas-para-residentes\/#primaryimage"},"image":{"@id":"https:\/\/www.laguiadepamplona.com\/actualidad\/el-ayuntamiento-acondicionara-un-local-en-la-calle-san-anton-7-para-su-uso-como-aparcamiento-de-bicicletas-para-residentes\/#primaryimage"},"thumbnailUrl":"https:\/\/www.laguiadepamplona.com\/actualidad\/wp-content\/uploads\/2017\/09\/aparcamiento_bicis_descalzos2.jpg","datePublished":"2018-12-04T14:26:30+00:00","breadcrumb":{"@id":"https:\/\/www.laguiadepamplona.com\/actualidad\/el-ayuntamiento-acondicionara-un-local-en-la-calle-san-anton-7-para-su-uso-como-aparcamiento-de-bicicletas-para-residentes\/#breadcrumb"},"inLanguage":"es","potentialAction":[{"@type":"ReadAction","target":["https:\/\/www.laguiadepamplona.com\/actualidad\/el-ayuntamiento-acondicionara-un-local-en-la-calle-san-anton-7-para-su-uso-como-aparcamiento-de-bicicletas-para-residentes\/"]}]},{"@type":"ImageObject","inLanguage":"es","@id":"https:\/\/www.laguiadepamplona.com\/actualidad\/el-ayuntamiento-acondicionara-un-local-en-la-calle-san-anton-7-para-su-uso-como-aparcamiento-de-bicicletas-para-residentes\/#primaryimage","url":"https:\/\/www.laguiadepamplona.com\/actualidad\/wp-content\/uploads\/2017\/09\/aparcamiento_bicis_descalzos2.jpg","contentUrl":"https:\/\/www.laguiadepamplona.com\/actualidad\/wp-content\/uploads\/2017\/09\/aparcamiento_bicis_descalzos2.jpg","width":1000,"height":750},{"@type":"BreadcrumbList","@id":"https:\/\/www.laguiadepamplona.com\/actualidad\/el-ayuntamiento-acondicionara-un-local-en-la-calle-san-anton-7-para-su-uso-como-aparcamiento-de-bicicletas-para-residentes\/#breadcrumb","itemListElement":[{"@type":"ListItem","position":1,"name":"Portada","item":"https:\/\/www.laguiadepamplona.com\/actualidad\/"},{"@type":"ListItem","position":2,"name":"El Ayuntamiento acondicionar\u00e1 un local en la calle San Ant\u00f3n 7 para su uso como aparcamiento de bicicletas para residentes"}]},{"@type":"WebSite","@id":"https:\/\/www.laguiadepamplona.com\/actualidad\/#website","url":"https:\/\/www.laguiadepamplona.com\/actualidad\/","name":"La gu\u00eda de Pamplona","description":"Noticias de Pamplona","publisher":{"@id":"https:\/\/www.laguiadepamplona.com\/actualidad\/#organization"},"potentialAction":[{"@type":"SearchAction","target":{"@type":"EntryPoint","urlTemplate":"https:\/\/www.laguiadepamplona.com\/actualidad\/?s={search_term_string}"},"query-input":{"@type":"PropertyValueSpecification","valueRequired":true,"valueName":"search_term_string"}}],"inLanguage":"es"},{"@type":"Organization","@id":"https:\/\/www.laguiadepamplona.com\/actualidad\/#organization","name":"La Gu\u00eda de Pamplona \/ Noticias","url":"https:\/\/www.laguiadepamplona.com\/actualidad\/","logo":{"@type":"ImageObject","inLanguage":"es","@id":"https:\/\/www.laguiadepamplona.com\/actualidad\/#\/schema\/logo\/image\/","url":"https:\/\/www.laguiadepamplona.com\/actualidad\/wp-content\/uploads\/2018\/11\/logo-laguiadepamplona18-web1.png","contentUrl":"https:\/\/www.laguiadepamplona.com\/actualidad\/wp-content\/uploads\/2018\/11\/logo-laguiadepamplona18-web1.png","width":600,"height":196,"caption":"La Gu\u00eda de Pamplona \/ Noticias"},"image":{"@id":"https:\/\/www.laguiadepamplona.com\/actualidad\/#\/schema\/logo\/image\/"},"sameAs":["https:\/\/www.facebook.com\/laguiadepamplonacom-133175176762273\/?ref=hl","https:\/\/x.com\/LaGuiadPamplona","https:\/\/www.instagram.com\/la_guia_de_pamplona\/","https:\/\/www.youtube.com\/user\/laguiadepamplona"]},{"@type":"Person","@id":"https:\/\/www.laguiadepamplona.com\/actualidad\/#\/schema\/person\/efe887376f0213d4657c93adc50b1fdb","name":"La Gu\u00eda de Pamplona","image":{"@type":"ImageObject","inLanguage":"es","@id":"https:\/\/secure.gravatar.com\/avatar\/b6992f131dc8d30ab0dff15446e9d346d9dbd95992de0fef795073f5ea83a81c?s=96&d=mm&r=g","url":"https:\/\/secure.gravatar.com\/avatar\/b6992f131dc8d30ab0dff15446e9d346d9dbd95992de0fef795073f5ea83a81c?s=96&d=mm&r=g","contentUrl":"https:\/\/secure.gravatar.com\/avatar\/b6992f131dc8d30ab0dff15446e9d346d9dbd95992de0fef795073f5ea83a81c?s=96&d=mm&r=g","caption":"La Gu\u00eda de Pamplona"}}]}},"post_mailing_queue_ids":[],"_links":{"self":[{"href":"https:\/\/www.laguiadepamplona.com\/actualidad\/wp-json\/wp\/v2\/posts\/19659","targetHints":{"allow":["GET"]}}],"collection":[{"href":"https:\/\/www.laguiadepamplona.com\/actualidad\/wp-json\/wp\/v2\/posts"}],"about":[{"href":"https:\/\/www.laguiadepamplona.com\/actualidad\/wp-json\/wp\/v2\/types\/post"}],"author":[{"embeddable":true,"href":"https:\/\/www.laguiadepamplona.com\/actualidad\/wp-json\/wp\/v2\/users\/1"}],"replies":[{"embeddable":true,"href":"https:\/\/www.laguiadepamplona.com\/actualidad\/wp-json\/wp\/v2\/comments?post=19659"}],"version-history":[{"count":0,"href":"https:\/\/www.laguiadepamplona.com\/actualidad\/wp-json\/wp\/v2\/posts\/19659\/revisions"}],"wp:featuredmedia":[{"embeddable":true,"href":"https:\/\/www.laguiadepamplona.com\/actualidad\/wp-json\/wp\/v2\/media\/14439"}],"wp:attachment":[{"href":"https:\/\/www.laguiadepamplona.com\/actualidad\/wp-json\/wp\/v2\/media?parent=19659"}],"wp:term":[{"taxonomy":"category","embeddable":true,"href":"https:\/\/www.laguiadepamplona.com\/actualidad\/wp-json\/wp\/v2\/categories?post=19659"},{"taxonomy":"post_tag","embeddable":true,"href":"https:\/\/www.laguiadepamplona.com\/actualidad\/wp-json\/wp\/v2\/tags?post=19659"}],"curies":[{"name":"wp","href":"https:\/\/api.w.org\/{rel}","templated":true}]}}