{"id":19653,"date":"2018-11-30T17:18:02","date_gmt":"2018-11-30T15:18:02","guid":{"rendered":"https:\/\/www.laguiadepamplona.es\/actualidad\/?p=19653"},"modified":"2018-11-30T17:18:02","modified_gmt":"2018-11-30T15:18:02","slug":"completas-las-tres-visitas-guiadas-teatralizadas-de-los-dias-6-7-y-8-de-diciembre-del-ciclo-recuperando-a-hemingway-hemingway-bidaide","status":"publish","type":"post","link":"https:\/\/www.laguiadepamplona.com\/actualidad\/completas-las-tres-visitas-guiadas-teatralizadas-de-los-dias-6-7-y-8-de-diciembre-del-ciclo-recuperando-a-hemingway-hemingway-bidaide\/","title":{"rendered":"Completas las tres visitas guiadas teatralizadas de los d\u00edas 6, 7 y 8 de diciembre del ciclo \u2018Recuperando a Hemingway \u2013 Hemingway bidaide\u2019"},"content":{"rendered":"<h3>A\u00fan hay disponibles plazas libres para los recorridos previstos para el domingo 2 y el lunes 3 de diciembre<\/h3>\n<p><!--more--><\/p>\n<p>Esta ma\u00f1ana se han cerrado inscripciones para las 105 plazas en visitas guiadas teatralizadas del ciclo Recuperando a Hemingway \u2013 Hemingway bidaide\u2019, una iniciativa que se abri\u00f3 al p\u00fablico el pasado mi\u00e9rcoles 28 de noviembre. Quedan a\u00fan disponibles, sin embargo, plazas para las visitas gratuitas de los d\u00edas 2 y 3 de diciembre. Las visitas son gratuitas aunque es necesario inscribirse previamente en la Oficina de Turismo (Plaza Consistorial s\/n), siempre para grupos con un m\u00e1ximo de 35 integrantes.<\/p>\n<p>Los dos recorridos se realizar\u00e1n a las 11 horas por un itinerario que conectar\u00e1 en la Plaza del castillo y finalizar\u00e1 en la cuesta de Santo Domingo, a la altura de la Iglesia de San Saturnino. El paseo comenzar\u00e1 con una explicaci\u00f3n pormenorizada de la exposici\u00f3n que se ha inaugurado hoy, para ir recorriendo escenarios e hitos cinematogr\u00e1ficos de la ciudad, siempre con el apoyo directo de publicaciones en papel a las que los interesados podr\u00e1n acceder en el momento. En la visita est\u00e1 prevista una peque\u00f1a cata de productos locales en un establecimiento de la calle Estafeta.<\/p>\n<p>Los recorridos ser\u00e1n guiados por los coordinadores del ciclo Javier Mu\u00f1oz y Edorta Jim\u00e9nez. Javier Mu\u00f1oz (Pamplona, 1972), periodista de profesi\u00f3n, es autor del libro \u2018Comer con Hemingway\u2019; Edorta Jim\u00e9nez Ormaetxea (Mundaka, 1953) ha escrito a su vez dos libros sobre el Nobel norteamericano: \u2018Hemingway eta euskaldunak zerbitzu sekretuetan\u2019 (2003) y \u2018Sanfermingway, otras historias de Ernest Hemingway\u2019 (2005). Ambos trabajan desde el a\u00f1o 2016 en recuperar la figura cultural de Hemingway y su importancia y relaci\u00f3n con Pamplona y el resto de los \u2018Territorios Hemingway\u2019.<\/p>\n<p>La propuesta de actividades del Ayuntamiento de Pamplona dentro de \u2018Recuperando a Hemingway \u2013 Hemingway bidaide\u2019 de este a\u00f1o comienza hoy y se extender\u00e1 hasta el 16 de diciembre. En este III ciclo de actividades, las diversas iniciativas se centran en el mundo del cine, tanto con Pamplona como destino de inter\u00e9s para personajes de Hollywood, como con la ciudad en su papel de plat\u00f3 de rodajes de envergadura. El ciclo cuenta con la colaboraci\u00f3n de Filmoteca de Navarra y Planetario de Pamplona.<\/p>\n","protected":false},"excerpt":{"rendered":"<p>A\u00fan hay disponibles plazas libres para los recorridos previstos para el domingo 2 y el lunes 3 de diciembre<\/p>\n","protected":false},"author":1,"featured_media":15298,"comment_status":"open","ping_status":"closed","sticky":false,"template":"","format":"standard","meta":{"footnotes":""},"categories":[2],"tags":[],"class_list":["post-19653","post","type-post","status-publish","format-standard","has-post-thumbnail","hentry","category-ayuntamiento-pamplona"],"yoast_head":"<!-- This site is optimized with the Yoast SEO plugin v27.3 - https:\/\/yoast.com\/product\/yoast-seo-wordpress\/ -->\n<title>Completas las tres visitas guiadas teatralizadas de los d\u00edas 6, 7 y 8 de diciembre del ciclo \u2018Recuperando a Hemingway \u2013 Hemingway bidaide\u2019<\/title>\n<meta name=\"robots\" content=\"index, follow, max-snippet:-1, max-image-preview:large, max-video-preview:-1\" \/>\n<link rel=\"canonical\" href=\"https:\/\/www.laguiadepamplona.com\/actualidad\/completas-las-tres-visitas-guiadas-teatralizadas-de-los-dias-6-7-y-8-de-diciembre-del-ciclo-recuperando-a-hemingway-hemingway-bidaide\/\" \/>\n<meta property=\"og:locale\" content=\"es_ES\" \/>\n<meta property=\"og:type\" content=\"article\" \/>\n<meta property=\"og:title\" content=\"Completas las tres visitas guiadas teatralizadas de los d\u00edas 6, 7 y 8 de diciembre del ciclo \u2018Recuperando a Hemingway \u2013 Hemingway bidaide\u2019\" \/>\n<meta property=\"og:description\" content=\"A\u00fan hay disponibles plazas libres para los recorridos previstos para el domingo 2 y el lunes 3 de diciembre\" \/>\n<meta property=\"og:url\" content=\"https:\/\/www.laguiadepamplona.com\/actualidad\/completas-las-tres-visitas-guiadas-teatralizadas-de-los-dias-6-7-y-8-de-diciembre-del-ciclo-recuperando-a-hemingway-hemingway-bidaide\/\" \/>\n<meta property=\"og:site_name\" content=\"La Gu\u00eda de Pamplona\" \/>\n<meta property=\"article:publisher\" content=\"https:\/\/www.facebook.com\/laguiadepamplonacom-133175176762273\/?ref=hl\" \/>\n<meta property=\"article:published_time\" content=\"2018-11-30T15:18:02+00:00\" \/>\n<meta property=\"og:image\" content=\"https:\/\/www.laguiadepamplona.com\/actualidad\/wp-content\/uploads\/2017\/11\/hemingway.jpg\" \/>\n\t<meta property=\"og:image:width\" content=\"1280\" \/>\n\t<meta property=\"og:image:height\" content=\"640\" \/>\n\t<meta property=\"og:image:type\" content=\"image\/jpeg\" \/>\n<meta name=\"author\" content=\"La Gu\u00eda de Pamplona\" \/>\n<meta name=\"twitter:card\" content=\"summary_large_image\" \/>\n<meta name=\"twitter:creator\" content=\"@LaGuiadPamplona\" \/>\n<meta name=\"twitter:site\" content=\"@LaGuiadPamplona\" \/>\n<meta name=\"twitter:label1\" content=\"Escrito por\" \/>\n\t<meta name=\"twitter:data1\" content=\"La Gu\u00eda de Pamplona\" \/>\n\t<meta name=\"twitter:label2\" content=\"Tiempo de lectura\" \/>\n\t<meta name=\"twitter:data2\" content=\"2 minutos\" \/>\n<script type=\"application\/ld+json\" class=\"yoast-schema-graph\">{\"@context\":\"https:\\\/\\\/schema.org\",\"@graph\":[{\"@type\":\"Article\",\"@id\":\"https:\\\/\\\/www.laguiadepamplona.com\\\/actualidad\\\/completas-las-tres-visitas-guiadas-teatralizadas-de-los-dias-6-7-y-8-de-diciembre-del-ciclo-recuperando-a-hemingway-hemingway-bidaide\\\/#article\",\"isPartOf\":{\"@id\":\"https:\\\/\\\/www.laguiadepamplona.com\\\/actualidad\\\/completas-las-tres-visitas-guiadas-teatralizadas-de-los-dias-6-7-y-8-de-diciembre-del-ciclo-recuperando-a-hemingway-hemingway-bidaide\\\/\"},\"author\":{\"name\":\"La Gu\u00eda de Pamplona\",\"@id\":\"https:\\\/\\\/www.laguiadepamplona.com\\\/actualidad\\\/#\\\/schema\\\/person\\\/efe887376f0213d4657c93adc50b1fdb\"},\"headline\":\"Completas las tres visitas guiadas teatralizadas de los d\u00edas 6, 7 y 8 de diciembre del ciclo \u2018Recuperando a Hemingway \u2013 Hemingway bidaide\u2019\",\"datePublished\":\"2018-11-30T15:18:02+00:00\",\"mainEntityOfPage\":{\"@id\":\"https:\\\/\\\/www.laguiadepamplona.com\\\/actualidad\\\/completas-las-tres-visitas-guiadas-teatralizadas-de-los-dias-6-7-y-8-de-diciembre-del-ciclo-recuperando-a-hemingway-hemingway-bidaide\\\/\"},\"wordCount\":393,\"commentCount\":0,\"publisher\":{\"@id\":\"https:\\\/\\\/www.laguiadepamplona.com\\\/actualidad\\\/#organization\"},\"image\":{\"@id\":\"https:\\\/\\\/www.laguiadepamplona.com\\\/actualidad\\\/completas-las-tres-visitas-guiadas-teatralizadas-de-los-dias-6-7-y-8-de-diciembre-del-ciclo-recuperando-a-hemingway-hemingway-bidaide\\\/#primaryimage\"},\"thumbnailUrl\":\"https:\\\/\\\/www.laguiadepamplona.com\\\/actualidad\\\/wp-content\\\/uploads\\\/2017\\\/11\\\/hemingway.jpg\",\"articleSection\":[\"Ayto Pamplona\"],\"inLanguage\":\"es\",\"potentialAction\":[{\"@type\":\"CommentAction\",\"name\":\"Comment\",\"target\":[\"https:\\\/\\\/www.laguiadepamplona.com\\\/actualidad\\\/completas-las-tres-visitas-guiadas-teatralizadas-de-los-dias-6-7-y-8-de-diciembre-del-ciclo-recuperando-a-hemingway-hemingway-bidaide\\\/#respond\"]}]},{\"@type\":\"WebPage\",\"@id\":\"https:\\\/\\\/www.laguiadepamplona.com\\\/actualidad\\\/completas-las-tres-visitas-guiadas-teatralizadas-de-los-dias-6-7-y-8-de-diciembre-del-ciclo-recuperando-a-hemingway-hemingway-bidaide\\\/\",\"url\":\"https:\\\/\\\/www.laguiadepamplona.com\\\/actualidad\\\/completas-las-tres-visitas-guiadas-teatralizadas-de-los-dias-6-7-y-8-de-diciembre-del-ciclo-recuperando-a-hemingway-hemingway-bidaide\\\/\",\"name\":\"Completas las tres visitas guiadas teatralizadas de los d\u00edas 6, 7 y 8 de diciembre del ciclo \u2018Recuperando a Hemingway \u2013 Hemingway bidaide\u2019\",\"isPartOf\":{\"@id\":\"https:\\\/\\\/www.laguiadepamplona.com\\\/actualidad\\\/#website\"},\"primaryImageOfPage\":{\"@id\":\"https:\\\/\\\/www.laguiadepamplona.com\\\/actualidad\\\/completas-las-tres-visitas-guiadas-teatralizadas-de-los-dias-6-7-y-8-de-diciembre-del-ciclo-recuperando-a-hemingway-hemingway-bidaide\\\/#primaryimage\"},\"image\":{\"@id\":\"https:\\\/\\\/www.laguiadepamplona.com\\\/actualidad\\\/completas-las-tres-visitas-guiadas-teatralizadas-de-los-dias-6-7-y-8-de-diciembre-del-ciclo-recuperando-a-hemingway-hemingway-bidaide\\\/#primaryimage\"},\"thumbnailUrl\":\"https:\\\/\\\/www.laguiadepamplona.com\\\/actualidad\\\/wp-content\\\/uploads\\\/2017\\\/11\\\/hemingway.jpg\",\"datePublished\":\"2018-11-30T15:18:02+00:00\",\"breadcrumb\":{\"@id\":\"https:\\\/\\\/www.laguiadepamplona.com\\\/actualidad\\\/completas-las-tres-visitas-guiadas-teatralizadas-de-los-dias-6-7-y-8-de-diciembre-del-ciclo-recuperando-a-hemingway-hemingway-bidaide\\\/#breadcrumb\"},\"inLanguage\":\"es\",\"potentialAction\":[{\"@type\":\"ReadAction\",\"target\":[\"https:\\\/\\\/www.laguiadepamplona.com\\\/actualidad\\\/completas-las-tres-visitas-guiadas-teatralizadas-de-los-dias-6-7-y-8-de-diciembre-del-ciclo-recuperando-a-hemingway-hemingway-bidaide\\\/\"]}]},{\"@type\":\"ImageObject\",\"inLanguage\":\"es\",\"@id\":\"https:\\\/\\\/www.laguiadepamplona.com\\\/actualidad\\\/completas-las-tres-visitas-guiadas-teatralizadas-de-los-dias-6-7-y-8-de-diciembre-del-ciclo-recuperando-a-hemingway-hemingway-bidaide\\\/#primaryimage\",\"url\":\"https:\\\/\\\/www.laguiadepamplona.com\\\/actualidad\\\/wp-content\\\/uploads\\\/2017\\\/11\\\/hemingway.jpg\",\"contentUrl\":\"https:\\\/\\\/www.laguiadepamplona.com\\\/actualidad\\\/wp-content\\\/uploads\\\/2017\\\/11\\\/hemingway.jpg\",\"width\":1280,\"height\":640},{\"@type\":\"BreadcrumbList\",\"@id\":\"https:\\\/\\\/www.laguiadepamplona.com\\\/actualidad\\\/completas-las-tres-visitas-guiadas-teatralizadas-de-los-dias-6-7-y-8-de-diciembre-del-ciclo-recuperando-a-hemingway-hemingway-bidaide\\\/#breadcrumb\",\"itemListElement\":[{\"@type\":\"ListItem\",\"position\":1,\"name\":\"Portada\",\"item\":\"https:\\\/\\\/www.laguiadepamplona.com\\\/actualidad\\\/\"},{\"@type\":\"ListItem\",\"position\":2,\"name\":\"Completas las tres visitas guiadas teatralizadas de los d\u00edas 6, 7 y 8 de diciembre del ciclo \u2018Recuperando a Hemingway \u2013 Hemingway bidaide\u2019\"}]},{\"@type\":\"WebSite\",\"@id\":\"https:\\\/\\\/www.laguiadepamplona.com\\\/actualidad\\\/#website\",\"url\":\"https:\\\/\\\/www.laguiadepamplona.com\\\/actualidad\\\/\",\"name\":\"La gu\u00eda de Pamplona\",\"description\":\"Noticias de Pamplona\",\"publisher\":{\"@id\":\"https:\\\/\\\/www.laguiadepamplona.com\\\/actualidad\\\/#organization\"},\"potentialAction\":[{\"@type\":\"SearchAction\",\"target\":{\"@type\":\"EntryPoint\",\"urlTemplate\":\"https:\\\/\\\/www.laguiadepamplona.com\\\/actualidad\\\/?s={search_term_string}\"},\"query-input\":{\"@type\":\"PropertyValueSpecification\",\"valueRequired\":true,\"valueName\":\"search_term_string\"}}],\"inLanguage\":\"es\"},{\"@type\":\"Organization\",\"@id\":\"https:\\\/\\\/www.laguiadepamplona.com\\\/actualidad\\\/#organization\",\"name\":\"La Gu\u00eda de Pamplona \\\/ Noticias\",\"url\":\"https:\\\/\\\/www.laguiadepamplona.com\\\/actualidad\\\/\",\"logo\":{\"@type\":\"ImageObject\",\"inLanguage\":\"es\",\"@id\":\"https:\\\/\\\/www.laguiadepamplona.com\\\/actualidad\\\/#\\\/schema\\\/logo\\\/image\\\/\",\"url\":\"https:\\\/\\\/www.laguiadepamplona.com\\\/actualidad\\\/wp-content\\\/uploads\\\/2018\\\/11\\\/logo-laguiadepamplona18-web1.png\",\"contentUrl\":\"https:\\\/\\\/www.laguiadepamplona.com\\\/actualidad\\\/wp-content\\\/uploads\\\/2018\\\/11\\\/logo-laguiadepamplona18-web1.png\",\"width\":600,\"height\":196,\"caption\":\"La Gu\u00eda de Pamplona \\\/ Noticias\"},\"image\":{\"@id\":\"https:\\\/\\\/www.laguiadepamplona.com\\\/actualidad\\\/#\\\/schema\\\/logo\\\/image\\\/\"},\"sameAs\":[\"https:\\\/\\\/www.facebook.com\\\/laguiadepamplonacom-133175176762273\\\/?ref=hl\",\"https:\\\/\\\/x.com\\\/LaGuiadPamplona\",\"https:\\\/\\\/www.instagram.com\\\/la_guia_de_pamplona\\\/\",\"https:\\\/\\\/www.youtube.com\\\/user\\\/laguiadepamplona\"]},{\"@type\":\"Person\",\"@id\":\"https:\\\/\\\/www.laguiadepamplona.com\\\/actualidad\\\/#\\\/schema\\\/person\\\/efe887376f0213d4657c93adc50b1fdb\",\"name\":\"La Gu\u00eda de Pamplona\",\"image\":{\"@type\":\"ImageObject\",\"inLanguage\":\"es\",\"@id\":\"https:\\\/\\\/secure.gravatar.com\\\/avatar\\\/b6992f131dc8d30ab0dff15446e9d346d9dbd95992de0fef795073f5ea83a81c?s=96&d=mm&r=g\",\"url\":\"https:\\\/\\\/secure.gravatar.com\\\/avatar\\\/b6992f131dc8d30ab0dff15446e9d346d9dbd95992de0fef795073f5ea83a81c?s=96&d=mm&r=g\",\"contentUrl\":\"https:\\\/\\\/secure.gravatar.com\\\/avatar\\\/b6992f131dc8d30ab0dff15446e9d346d9dbd95992de0fef795073f5ea83a81c?s=96&d=mm&r=g\",\"caption\":\"La Gu\u00eda de Pamplona\"}}]}<\/script>\n<!-- \/ Yoast SEO plugin. -->","yoast_head_json":{"title":"Completas las tres visitas guiadas teatralizadas de los d\u00edas 6, 7 y 8 de diciembre del ciclo \u2018Recuperando a Hemingway \u2013 Hemingway bidaide\u2019","robots":{"index":"index","follow":"follow","max-snippet":"max-snippet:-1","max-image-preview":"max-image-preview:large","max-video-preview":"max-video-preview:-1"},"canonical":"https:\/\/www.laguiadepamplona.com\/actualidad\/completas-las-tres-visitas-guiadas-teatralizadas-de-los-dias-6-7-y-8-de-diciembre-del-ciclo-recuperando-a-hemingway-hemingway-bidaide\/","og_locale":"es_ES","og_type":"article","og_title":"Completas las tres visitas guiadas teatralizadas de los d\u00edas 6, 7 y 8 de diciembre del ciclo \u2018Recuperando a Hemingway \u2013 Hemingway bidaide\u2019","og_description":"A\u00fan hay disponibles plazas libres para los recorridos previstos para el domingo 2 y el lunes 3 de diciembre","og_url":"https:\/\/www.laguiadepamplona.com\/actualidad\/completas-las-tres-visitas-guiadas-teatralizadas-de-los-dias-6-7-y-8-de-diciembre-del-ciclo-recuperando-a-hemingway-hemingway-bidaide\/","og_site_name":"La Gu\u00eda de Pamplona","article_publisher":"https:\/\/www.facebook.com\/laguiadepamplonacom-133175176762273\/?ref=hl","article_published_time":"2018-11-30T15:18:02+00:00","og_image":[{"width":1280,"height":640,"url":"https:\/\/www.laguiadepamplona.com\/actualidad\/wp-content\/uploads\/2017\/11\/hemingway.jpg","type":"image\/jpeg"}],"author":"La Gu\u00eda de Pamplona","twitter_card":"summary_large_image","twitter_creator":"@LaGuiadPamplona","twitter_site":"@LaGuiadPamplona","twitter_misc":{"Escrito por":"La Gu\u00eda de Pamplona","Tiempo de lectura":"2 minutos"},"schema":{"@context":"https:\/\/schema.org","@graph":[{"@type":"Article","@id":"https:\/\/www.laguiadepamplona.com\/actualidad\/completas-las-tres-visitas-guiadas-teatralizadas-de-los-dias-6-7-y-8-de-diciembre-del-ciclo-recuperando-a-hemingway-hemingway-bidaide\/#article","isPartOf":{"@id":"https:\/\/www.laguiadepamplona.com\/actualidad\/completas-las-tres-visitas-guiadas-teatralizadas-de-los-dias-6-7-y-8-de-diciembre-del-ciclo-recuperando-a-hemingway-hemingway-bidaide\/"},"author":{"name":"La Gu\u00eda de Pamplona","@id":"https:\/\/www.laguiadepamplona.com\/actualidad\/#\/schema\/person\/efe887376f0213d4657c93adc50b1fdb"},"headline":"Completas las tres visitas guiadas teatralizadas de los d\u00edas 6, 7 y 8 de diciembre del ciclo \u2018Recuperando a Hemingway \u2013 Hemingway bidaide\u2019","datePublished":"2018-11-30T15:18:02+00:00","mainEntityOfPage":{"@id":"https:\/\/www.laguiadepamplona.com\/actualidad\/completas-las-tres-visitas-guiadas-teatralizadas-de-los-dias-6-7-y-8-de-diciembre-del-ciclo-recuperando-a-hemingway-hemingway-bidaide\/"},"wordCount":393,"commentCount":0,"publisher":{"@id":"https:\/\/www.laguiadepamplona.com\/actualidad\/#organization"},"image":{"@id":"https:\/\/www.laguiadepamplona.com\/actualidad\/completas-las-tres-visitas-guiadas-teatralizadas-de-los-dias-6-7-y-8-de-diciembre-del-ciclo-recuperando-a-hemingway-hemingway-bidaide\/#primaryimage"},"thumbnailUrl":"https:\/\/www.laguiadepamplona.com\/actualidad\/wp-content\/uploads\/2017\/11\/hemingway.jpg","articleSection":["Ayto Pamplona"],"inLanguage":"es","potentialAction":[{"@type":"CommentAction","name":"Comment","target":["https:\/\/www.laguiadepamplona.com\/actualidad\/completas-las-tres-visitas-guiadas-teatralizadas-de-los-dias-6-7-y-8-de-diciembre-del-ciclo-recuperando-a-hemingway-hemingway-bidaide\/#respond"]}]},{"@type":"WebPage","@id":"https:\/\/www.laguiadepamplona.com\/actualidad\/completas-las-tres-visitas-guiadas-teatralizadas-de-los-dias-6-7-y-8-de-diciembre-del-ciclo-recuperando-a-hemingway-hemingway-bidaide\/","url":"https:\/\/www.laguiadepamplona.com\/actualidad\/completas-las-tres-visitas-guiadas-teatralizadas-de-los-dias-6-7-y-8-de-diciembre-del-ciclo-recuperando-a-hemingway-hemingway-bidaide\/","name":"Completas las tres visitas guiadas teatralizadas de los d\u00edas 6, 7 y 8 de diciembre del ciclo \u2018Recuperando a Hemingway \u2013 Hemingway bidaide\u2019","isPartOf":{"@id":"https:\/\/www.laguiadepamplona.com\/actualidad\/#website"},"primaryImageOfPage":{"@id":"https:\/\/www.laguiadepamplona.com\/actualidad\/completas-las-tres-visitas-guiadas-teatralizadas-de-los-dias-6-7-y-8-de-diciembre-del-ciclo-recuperando-a-hemingway-hemingway-bidaide\/#primaryimage"},"image":{"@id":"https:\/\/www.laguiadepamplona.com\/actualidad\/completas-las-tres-visitas-guiadas-teatralizadas-de-los-dias-6-7-y-8-de-diciembre-del-ciclo-recuperando-a-hemingway-hemingway-bidaide\/#primaryimage"},"thumbnailUrl":"https:\/\/www.laguiadepamplona.com\/actualidad\/wp-content\/uploads\/2017\/11\/hemingway.jpg","datePublished":"2018-11-30T15:18:02+00:00","breadcrumb":{"@id":"https:\/\/www.laguiadepamplona.com\/actualidad\/completas-las-tres-visitas-guiadas-teatralizadas-de-los-dias-6-7-y-8-de-diciembre-del-ciclo-recuperando-a-hemingway-hemingway-bidaide\/#breadcrumb"},"inLanguage":"es","potentialAction":[{"@type":"ReadAction","target":["https:\/\/www.laguiadepamplona.com\/actualidad\/completas-las-tres-visitas-guiadas-teatralizadas-de-los-dias-6-7-y-8-de-diciembre-del-ciclo-recuperando-a-hemingway-hemingway-bidaide\/"]}]},{"@type":"ImageObject","inLanguage":"es","@id":"https:\/\/www.laguiadepamplona.com\/actualidad\/completas-las-tres-visitas-guiadas-teatralizadas-de-los-dias-6-7-y-8-de-diciembre-del-ciclo-recuperando-a-hemingway-hemingway-bidaide\/#primaryimage","url":"https:\/\/www.laguiadepamplona.com\/actualidad\/wp-content\/uploads\/2017\/11\/hemingway.jpg","contentUrl":"https:\/\/www.laguiadepamplona.com\/actualidad\/wp-content\/uploads\/2017\/11\/hemingway.jpg","width":1280,"height":640},{"@type":"BreadcrumbList","@id":"https:\/\/www.laguiadepamplona.com\/actualidad\/completas-las-tres-visitas-guiadas-teatralizadas-de-los-dias-6-7-y-8-de-diciembre-del-ciclo-recuperando-a-hemingway-hemingway-bidaide\/#breadcrumb","itemListElement":[{"@type":"ListItem","position":1,"name":"Portada","item":"https:\/\/www.laguiadepamplona.com\/actualidad\/"},{"@type":"ListItem","position":2,"name":"Completas las tres visitas guiadas teatralizadas de los d\u00edas 6, 7 y 8 de diciembre del ciclo \u2018Recuperando a Hemingway \u2013 Hemingway bidaide\u2019"}]},{"@type":"WebSite","@id":"https:\/\/www.laguiadepamplona.com\/actualidad\/#website","url":"https:\/\/www.laguiadepamplona.com\/actualidad\/","name":"La gu\u00eda de Pamplona","description":"Noticias de Pamplona","publisher":{"@id":"https:\/\/www.laguiadepamplona.com\/actualidad\/#organization"},"potentialAction":[{"@type":"SearchAction","target":{"@type":"EntryPoint","urlTemplate":"https:\/\/www.laguiadepamplona.com\/actualidad\/?s={search_term_string}"},"query-input":{"@type":"PropertyValueSpecification","valueRequired":true,"valueName":"search_term_string"}}],"inLanguage":"es"},{"@type":"Organization","@id":"https:\/\/www.laguiadepamplona.com\/actualidad\/#organization","name":"La Gu\u00eda de Pamplona \/ Noticias","url":"https:\/\/www.laguiadepamplona.com\/actualidad\/","logo":{"@type":"ImageObject","inLanguage":"es","@id":"https:\/\/www.laguiadepamplona.com\/actualidad\/#\/schema\/logo\/image\/","url":"https:\/\/www.laguiadepamplona.com\/actualidad\/wp-content\/uploads\/2018\/11\/logo-laguiadepamplona18-web1.png","contentUrl":"https:\/\/www.laguiadepamplona.com\/actualidad\/wp-content\/uploads\/2018\/11\/logo-laguiadepamplona18-web1.png","width":600,"height":196,"caption":"La Gu\u00eda de Pamplona \/ Noticias"},"image":{"@id":"https:\/\/www.laguiadepamplona.com\/actualidad\/#\/schema\/logo\/image\/"},"sameAs":["https:\/\/www.facebook.com\/laguiadepamplonacom-133175176762273\/?ref=hl","https:\/\/x.com\/LaGuiadPamplona","https:\/\/www.instagram.com\/la_guia_de_pamplona\/","https:\/\/www.youtube.com\/user\/laguiadepamplona"]},{"@type":"Person","@id":"https:\/\/www.laguiadepamplona.com\/actualidad\/#\/schema\/person\/efe887376f0213d4657c93adc50b1fdb","name":"La Gu\u00eda de Pamplona","image":{"@type":"ImageObject","inLanguage":"es","@id":"https:\/\/secure.gravatar.com\/avatar\/b6992f131dc8d30ab0dff15446e9d346d9dbd95992de0fef795073f5ea83a81c?s=96&d=mm&r=g","url":"https:\/\/secure.gravatar.com\/avatar\/b6992f131dc8d30ab0dff15446e9d346d9dbd95992de0fef795073f5ea83a81c?s=96&d=mm&r=g","contentUrl":"https:\/\/secure.gravatar.com\/avatar\/b6992f131dc8d30ab0dff15446e9d346d9dbd95992de0fef795073f5ea83a81c?s=96&d=mm&r=g","caption":"La Gu\u00eda de Pamplona"}}]}},"post_mailing_queue_ids":[],"_links":{"self":[{"href":"https:\/\/www.laguiadepamplona.com\/actualidad\/wp-json\/wp\/v2\/posts\/19653","targetHints":{"allow":["GET"]}}],"collection":[{"href":"https:\/\/www.laguiadepamplona.com\/actualidad\/wp-json\/wp\/v2\/posts"}],"about":[{"href":"https:\/\/www.laguiadepamplona.com\/actualidad\/wp-json\/wp\/v2\/types\/post"}],"author":[{"embeddable":true,"href":"https:\/\/www.laguiadepamplona.com\/actualidad\/wp-json\/wp\/v2\/users\/1"}],"replies":[{"embeddable":true,"href":"https:\/\/www.laguiadepamplona.com\/actualidad\/wp-json\/wp\/v2\/comments?post=19653"}],"version-history":[{"count":0,"href":"https:\/\/www.laguiadepamplona.com\/actualidad\/wp-json\/wp\/v2\/posts\/19653\/revisions"}],"wp:featuredmedia":[{"embeddable":true,"href":"https:\/\/www.laguiadepamplona.com\/actualidad\/wp-json\/wp\/v2\/media\/15298"}],"wp:attachment":[{"href":"https:\/\/www.laguiadepamplona.com\/actualidad\/wp-json\/wp\/v2\/media?parent=19653"}],"wp:term":[{"taxonomy":"category","embeddable":true,"href":"https:\/\/www.laguiadepamplona.com\/actualidad\/wp-json\/wp\/v2\/categories?post=19653"},{"taxonomy":"post_tag","embeddable":true,"href":"https:\/\/www.laguiadepamplona.com\/actualidad\/wp-json\/wp\/v2\/tags?post=19653"}],"curies":[{"name":"wp","href":"https:\/\/api.w.org\/{rel}","templated":true}]}}