{"id":19650,"date":"2018-11-30T17:16:31","date_gmt":"2018-11-30T15:16:31","guid":{"rendered":"https:\/\/www.laguiadepamplona.es\/actualidad\/?p=19650"},"modified":"2018-11-30T17:16:31","modified_gmt":"2018-11-30T15:16:31","slug":"la-mayoria-de-las-portavocias-municipales-del-ayuntamiento-de-pamplona-apoyan-un-manifiesto-con-motivo-del-dia-mundial-de-la-lucha-contra-el-sida","status":"publish","type":"post","link":"https:\/\/www.laguiadepamplona.com\/actualidad\/la-mayoria-de-las-portavocias-municipales-del-ayuntamiento-de-pamplona-apoyan-un-manifiesto-con-motivo-del-dia-mundial-de-la-lucha-contra-el-sida\/","title":{"rendered":"La mayor\u00eda de las portavoc\u00edas municipales del Ayuntamiento de Pamplona apoyan un manifiesto con motivo del D\u00eda Mundial de la Lucha contra el Sida"},"content":{"rendered":"<p><!--more--><\/p>\n<p>La mayor\u00eda de los y las portavoces de los grupos municipales del Ayuntamiento de Pamplona han acordado su apoyo a un manifiesto con motivo del D\u00eda Mundial de la Lucha contra el Sida, que se celebra ma\u00f1ana s\u00e1bado 1 de diciembre. Dicho manifiesto, promovido por SARE y la Comisi\u00f3n Ciudadana Antisida de Navarra, recoge el \u201creconocimiento, apoyo y dotaci\u00f3n econ\u00f3mica suficiente\u201d a las ONG que trabajan en este \u00e1mbito, as\u00ed como \u201cdotaci\u00f3n de recursos humanos y materiales para aplicar de forma generalizada y urgente el Decreto de Salud Sexual y reproductiva en el \u00e1mbito socio-sanitario y educativo a trav\u00e9s de Skolae, as\u00ed como en otros \u00e1mbitos de bienestar social\u201d. El texto ha contado con el apoyo de los y las portavoces de los grupos municipales EH Bildu, Geroa Bai, PSN, Aranzadi e IE.<\/p>\n<p>El manifiesto aboga tambi\u00e9n por la \u201cformaci\u00f3n espec\u00edfica en VIH para profesionales docentes y sociosanitarios, fundamentalmente de atenci\u00f3n primaria\u201d y pide \u201crecuperar el programa de control de VIH-SIDA, referente para la ciudadan\u00eda y fundamental para articular, coordinar, fomentar y promocionar todas las reivindicaciones de este manifiesto\u201d.<\/p>\n<h3><a href=\"https:\/\/www.laguiadepamplona.es\/actualidad\/wp-content\/uploads\/2018\/11\/18.11.30_Manifiesto-Sida.pdf\" target=\"_blank\" rel=\"noopener\">Manifiesto Sida.pdf<\/a><\/h3>\n","protected":false},"excerpt":{"rendered":"","protected":false},"author":1,"featured_media":17600,"comment_status":"open","ping_status":"closed","sticky":false,"template":"","format":"standard","meta":{"footnotes":""},"categories":[2],"tags":[],"class_list":["post-19650","post","type-post","status-publish","format-standard","has-post-thumbnail","hentry","category-ayuntamiento-pamplona"],"yoast_head":"<!-- This site is optimized with the Yoast SEO plugin v27.3 - https:\/\/yoast.com\/product\/yoast-seo-wordpress\/ -->\n<title>La mayor\u00eda de las portavoc\u00edas municipales del Ayuntamiento de Pamplona apoyan un manifiesto con motivo del D\u00eda Mundial de la Lucha contra el Sida<\/title>\n<meta name=\"robots\" content=\"index, follow, max-snippet:-1, max-image-preview:large, max-video-preview:-1\" \/>\n<link rel=\"canonical\" href=\"https:\/\/www.laguiadepamplona.com\/actualidad\/la-mayoria-de-las-portavocias-municipales-del-ayuntamiento-de-pamplona-apoyan-un-manifiesto-con-motivo-del-dia-mundial-de-la-lucha-contra-el-sida\/\" \/>\n<meta property=\"og:locale\" content=\"es_ES\" \/>\n<meta property=\"og:type\" content=\"article\" \/>\n<meta property=\"og:title\" content=\"La mayor\u00eda de las portavoc\u00edas municipales del Ayuntamiento de Pamplona apoyan un manifiesto con motivo del D\u00eda Mundial de la Lucha contra el Sida\" \/>\n<meta property=\"og:url\" content=\"https:\/\/www.laguiadepamplona.com\/actualidad\/la-mayoria-de-las-portavocias-municipales-del-ayuntamiento-de-pamplona-apoyan-un-manifiesto-con-motivo-del-dia-mundial-de-la-lucha-contra-el-sida\/\" \/>\n<meta property=\"og:site_name\" content=\"La Gu\u00eda de Pamplona\" \/>\n<meta property=\"article:publisher\" content=\"https:\/\/www.facebook.com\/laguiadepamplonacom-133175176762273\/?ref=hl\" \/>\n<meta property=\"article:published_time\" content=\"2018-11-30T15:16:31+00:00\" \/>\n<meta property=\"og:image\" content=\"https:\/\/www.laguiadepamplona.com\/actualidad\/wp-content\/uploads\/2018\/05\/ayto-pamplona-3.jpg\" \/>\n\t<meta property=\"og:image:width\" content=\"1000\" \/>\n\t<meta property=\"og:image:height\" content=\"555\" \/>\n\t<meta property=\"og:image:type\" content=\"image\/jpeg\" \/>\n<meta name=\"author\" content=\"La Gu\u00eda de Pamplona\" \/>\n<meta name=\"twitter:card\" content=\"summary_large_image\" \/>\n<meta name=\"twitter:creator\" content=\"@LaGuiadPamplona\" \/>\n<meta name=\"twitter:site\" content=\"@LaGuiadPamplona\" \/>\n<meta name=\"twitter:label1\" content=\"Escrito por\" \/>\n\t<meta name=\"twitter:data1\" content=\"La Gu\u00eda de Pamplona\" \/>\n\t<meta name=\"twitter:label2\" content=\"Tiempo de lectura\" \/>\n\t<meta name=\"twitter:data2\" content=\"1 minuto\" \/>\n<script type=\"application\/ld+json\" class=\"yoast-schema-graph\">{\"@context\":\"https:\\\/\\\/schema.org\",\"@graph\":[{\"@type\":\"Article\",\"@id\":\"https:\\\/\\\/www.laguiadepamplona.com\\\/actualidad\\\/la-mayoria-de-las-portavocias-municipales-del-ayuntamiento-de-pamplona-apoyan-un-manifiesto-con-motivo-del-dia-mundial-de-la-lucha-contra-el-sida\\\/#article\",\"isPartOf\":{\"@id\":\"https:\\\/\\\/www.laguiadepamplona.com\\\/actualidad\\\/la-mayoria-de-las-portavocias-municipales-del-ayuntamiento-de-pamplona-apoyan-un-manifiesto-con-motivo-del-dia-mundial-de-la-lucha-contra-el-sida\\\/\"},\"author\":{\"name\":\"La Gu\u00eda de Pamplona\",\"@id\":\"https:\\\/\\\/www.laguiadepamplona.com\\\/actualidad\\\/#\\\/schema\\\/person\\\/efe887376f0213d4657c93adc50b1fdb\"},\"headline\":\"La mayor\u00eda de las portavoc\u00edas municipales del Ayuntamiento de Pamplona apoyan un manifiesto con motivo del D\u00eda Mundial de la Lucha contra el Sida\",\"datePublished\":\"2018-11-30T15:16:31+00:00\",\"mainEntityOfPage\":{\"@id\":\"https:\\\/\\\/www.laguiadepamplona.com\\\/actualidad\\\/la-mayoria-de-las-portavocias-municipales-del-ayuntamiento-de-pamplona-apoyan-un-manifiesto-con-motivo-del-dia-mundial-de-la-lucha-contra-el-sida\\\/\"},\"wordCount\":222,\"commentCount\":0,\"publisher\":{\"@id\":\"https:\\\/\\\/www.laguiadepamplona.com\\\/actualidad\\\/#organization\"},\"image\":{\"@id\":\"https:\\\/\\\/www.laguiadepamplona.com\\\/actualidad\\\/la-mayoria-de-las-portavocias-municipales-del-ayuntamiento-de-pamplona-apoyan-un-manifiesto-con-motivo-del-dia-mundial-de-la-lucha-contra-el-sida\\\/#primaryimage\"},\"thumbnailUrl\":\"https:\\\/\\\/www.laguiadepamplona.com\\\/actualidad\\\/wp-content\\\/uploads\\\/2018\\\/05\\\/ayto-pamplona-3.jpg\",\"articleSection\":[\"Ayto Pamplona\"],\"inLanguage\":\"es\",\"potentialAction\":[{\"@type\":\"CommentAction\",\"name\":\"Comment\",\"target\":[\"https:\\\/\\\/www.laguiadepamplona.com\\\/actualidad\\\/la-mayoria-de-las-portavocias-municipales-del-ayuntamiento-de-pamplona-apoyan-un-manifiesto-con-motivo-del-dia-mundial-de-la-lucha-contra-el-sida\\\/#respond\"]}]},{\"@type\":\"WebPage\",\"@id\":\"https:\\\/\\\/www.laguiadepamplona.com\\\/actualidad\\\/la-mayoria-de-las-portavocias-municipales-del-ayuntamiento-de-pamplona-apoyan-un-manifiesto-con-motivo-del-dia-mundial-de-la-lucha-contra-el-sida\\\/\",\"url\":\"https:\\\/\\\/www.laguiadepamplona.com\\\/actualidad\\\/la-mayoria-de-las-portavocias-municipales-del-ayuntamiento-de-pamplona-apoyan-un-manifiesto-con-motivo-del-dia-mundial-de-la-lucha-contra-el-sida\\\/\",\"name\":\"La mayor\u00eda de las portavoc\u00edas municipales del Ayuntamiento de Pamplona apoyan un manifiesto con motivo del D\u00eda Mundial de la Lucha contra el Sida\",\"isPartOf\":{\"@id\":\"https:\\\/\\\/www.laguiadepamplona.com\\\/actualidad\\\/#website\"},\"primaryImageOfPage\":{\"@id\":\"https:\\\/\\\/www.laguiadepamplona.com\\\/actualidad\\\/la-mayoria-de-las-portavocias-municipales-del-ayuntamiento-de-pamplona-apoyan-un-manifiesto-con-motivo-del-dia-mundial-de-la-lucha-contra-el-sida\\\/#primaryimage\"},\"image\":{\"@id\":\"https:\\\/\\\/www.laguiadepamplona.com\\\/actualidad\\\/la-mayoria-de-las-portavocias-municipales-del-ayuntamiento-de-pamplona-apoyan-un-manifiesto-con-motivo-del-dia-mundial-de-la-lucha-contra-el-sida\\\/#primaryimage\"},\"thumbnailUrl\":\"https:\\\/\\\/www.laguiadepamplona.com\\\/actualidad\\\/wp-content\\\/uploads\\\/2018\\\/05\\\/ayto-pamplona-3.jpg\",\"datePublished\":\"2018-11-30T15:16:31+00:00\",\"breadcrumb\":{\"@id\":\"https:\\\/\\\/www.laguiadepamplona.com\\\/actualidad\\\/la-mayoria-de-las-portavocias-municipales-del-ayuntamiento-de-pamplona-apoyan-un-manifiesto-con-motivo-del-dia-mundial-de-la-lucha-contra-el-sida\\\/#breadcrumb\"},\"inLanguage\":\"es\",\"potentialAction\":[{\"@type\":\"ReadAction\",\"target\":[\"https:\\\/\\\/www.laguiadepamplona.com\\\/actualidad\\\/la-mayoria-de-las-portavocias-municipales-del-ayuntamiento-de-pamplona-apoyan-un-manifiesto-con-motivo-del-dia-mundial-de-la-lucha-contra-el-sida\\\/\"]}]},{\"@type\":\"ImageObject\",\"inLanguage\":\"es\",\"@id\":\"https:\\\/\\\/www.laguiadepamplona.com\\\/actualidad\\\/la-mayoria-de-las-portavocias-municipales-del-ayuntamiento-de-pamplona-apoyan-un-manifiesto-con-motivo-del-dia-mundial-de-la-lucha-contra-el-sida\\\/#primaryimage\",\"url\":\"https:\\\/\\\/www.laguiadepamplona.com\\\/actualidad\\\/wp-content\\\/uploads\\\/2018\\\/05\\\/ayto-pamplona-3.jpg\",\"contentUrl\":\"https:\\\/\\\/www.laguiadepamplona.com\\\/actualidad\\\/wp-content\\\/uploads\\\/2018\\\/05\\\/ayto-pamplona-3.jpg\",\"width\":1000,\"height\":555},{\"@type\":\"BreadcrumbList\",\"@id\":\"https:\\\/\\\/www.laguiadepamplona.com\\\/actualidad\\\/la-mayoria-de-las-portavocias-municipales-del-ayuntamiento-de-pamplona-apoyan-un-manifiesto-con-motivo-del-dia-mundial-de-la-lucha-contra-el-sida\\\/#breadcrumb\",\"itemListElement\":[{\"@type\":\"ListItem\",\"position\":1,\"name\":\"Portada\",\"item\":\"https:\\\/\\\/www.laguiadepamplona.com\\\/actualidad\\\/\"},{\"@type\":\"ListItem\",\"position\":2,\"name\":\"La mayor\u00eda de las portavoc\u00edas municipales del Ayuntamiento de Pamplona apoyan un manifiesto con motivo del D\u00eda Mundial de la Lucha contra el Sida\"}]},{\"@type\":\"WebSite\",\"@id\":\"https:\\\/\\\/www.laguiadepamplona.com\\\/actualidad\\\/#website\",\"url\":\"https:\\\/\\\/www.laguiadepamplona.com\\\/actualidad\\\/\",\"name\":\"La gu\u00eda de Pamplona\",\"description\":\"Noticias de Pamplona\",\"publisher\":{\"@id\":\"https:\\\/\\\/www.laguiadepamplona.com\\\/actualidad\\\/#organization\"},\"potentialAction\":[{\"@type\":\"SearchAction\",\"target\":{\"@type\":\"EntryPoint\",\"urlTemplate\":\"https:\\\/\\\/www.laguiadepamplona.com\\\/actualidad\\\/?s={search_term_string}\"},\"query-input\":{\"@type\":\"PropertyValueSpecification\",\"valueRequired\":true,\"valueName\":\"search_term_string\"}}],\"inLanguage\":\"es\"},{\"@type\":\"Organization\",\"@id\":\"https:\\\/\\\/www.laguiadepamplona.com\\\/actualidad\\\/#organization\",\"name\":\"La Gu\u00eda de Pamplona \\\/ Noticias\",\"url\":\"https:\\\/\\\/www.laguiadepamplona.com\\\/actualidad\\\/\",\"logo\":{\"@type\":\"ImageObject\",\"inLanguage\":\"es\",\"@id\":\"https:\\\/\\\/www.laguiadepamplona.com\\\/actualidad\\\/#\\\/schema\\\/logo\\\/image\\\/\",\"url\":\"https:\\\/\\\/www.laguiadepamplona.com\\\/actualidad\\\/wp-content\\\/uploads\\\/2018\\\/11\\\/logo-laguiadepamplona18-web1.png\",\"contentUrl\":\"https:\\\/\\\/www.laguiadepamplona.com\\\/actualidad\\\/wp-content\\\/uploads\\\/2018\\\/11\\\/logo-laguiadepamplona18-web1.png\",\"width\":600,\"height\":196,\"caption\":\"La Gu\u00eda de Pamplona \\\/ Noticias\"},\"image\":{\"@id\":\"https:\\\/\\\/www.laguiadepamplona.com\\\/actualidad\\\/#\\\/schema\\\/logo\\\/image\\\/\"},\"sameAs\":[\"https:\\\/\\\/www.facebook.com\\\/laguiadepamplonacom-133175176762273\\\/?ref=hl\",\"https:\\\/\\\/x.com\\\/LaGuiadPamplona\",\"https:\\\/\\\/www.instagram.com\\\/la_guia_de_pamplona\\\/\",\"https:\\\/\\\/www.youtube.com\\\/user\\\/laguiadepamplona\"]},{\"@type\":\"Person\",\"@id\":\"https:\\\/\\\/www.laguiadepamplona.com\\\/actualidad\\\/#\\\/schema\\\/person\\\/efe887376f0213d4657c93adc50b1fdb\",\"name\":\"La Gu\u00eda de Pamplona\",\"image\":{\"@type\":\"ImageObject\",\"inLanguage\":\"es\",\"@id\":\"https:\\\/\\\/secure.gravatar.com\\\/avatar\\\/b6992f131dc8d30ab0dff15446e9d346d9dbd95992de0fef795073f5ea83a81c?s=96&d=mm&r=g\",\"url\":\"https:\\\/\\\/secure.gravatar.com\\\/avatar\\\/b6992f131dc8d30ab0dff15446e9d346d9dbd95992de0fef795073f5ea83a81c?s=96&d=mm&r=g\",\"contentUrl\":\"https:\\\/\\\/secure.gravatar.com\\\/avatar\\\/b6992f131dc8d30ab0dff15446e9d346d9dbd95992de0fef795073f5ea83a81c?s=96&d=mm&r=g\",\"caption\":\"La Gu\u00eda de Pamplona\"}}]}<\/script>\n<!-- \/ Yoast SEO plugin. -->","yoast_head_json":{"title":"La mayor\u00eda de las portavoc\u00edas municipales del Ayuntamiento de Pamplona apoyan un manifiesto con motivo del D\u00eda Mundial de la Lucha contra el Sida","robots":{"index":"index","follow":"follow","max-snippet":"max-snippet:-1","max-image-preview":"max-image-preview:large","max-video-preview":"max-video-preview:-1"},"canonical":"https:\/\/www.laguiadepamplona.com\/actualidad\/la-mayoria-de-las-portavocias-municipales-del-ayuntamiento-de-pamplona-apoyan-un-manifiesto-con-motivo-del-dia-mundial-de-la-lucha-contra-el-sida\/","og_locale":"es_ES","og_type":"article","og_title":"La mayor\u00eda de las portavoc\u00edas municipales del Ayuntamiento de Pamplona apoyan un manifiesto con motivo del D\u00eda Mundial de la Lucha contra el Sida","og_url":"https:\/\/www.laguiadepamplona.com\/actualidad\/la-mayoria-de-las-portavocias-municipales-del-ayuntamiento-de-pamplona-apoyan-un-manifiesto-con-motivo-del-dia-mundial-de-la-lucha-contra-el-sida\/","og_site_name":"La Gu\u00eda de Pamplona","article_publisher":"https:\/\/www.facebook.com\/laguiadepamplonacom-133175176762273\/?ref=hl","article_published_time":"2018-11-30T15:16:31+00:00","og_image":[{"width":1000,"height":555,"url":"https:\/\/www.laguiadepamplona.com\/actualidad\/wp-content\/uploads\/2018\/05\/ayto-pamplona-3.jpg","type":"image\/jpeg"}],"author":"La Gu\u00eda de Pamplona","twitter_card":"summary_large_image","twitter_creator":"@LaGuiadPamplona","twitter_site":"@LaGuiadPamplona","twitter_misc":{"Escrito por":"La Gu\u00eda de Pamplona","Tiempo de lectura":"1 minuto"},"schema":{"@context":"https:\/\/schema.org","@graph":[{"@type":"Article","@id":"https:\/\/www.laguiadepamplona.com\/actualidad\/la-mayoria-de-las-portavocias-municipales-del-ayuntamiento-de-pamplona-apoyan-un-manifiesto-con-motivo-del-dia-mundial-de-la-lucha-contra-el-sida\/#article","isPartOf":{"@id":"https:\/\/www.laguiadepamplona.com\/actualidad\/la-mayoria-de-las-portavocias-municipales-del-ayuntamiento-de-pamplona-apoyan-un-manifiesto-con-motivo-del-dia-mundial-de-la-lucha-contra-el-sida\/"},"author":{"name":"La Gu\u00eda de Pamplona","@id":"https:\/\/www.laguiadepamplona.com\/actualidad\/#\/schema\/person\/efe887376f0213d4657c93adc50b1fdb"},"headline":"La mayor\u00eda de las portavoc\u00edas municipales del Ayuntamiento de Pamplona apoyan un manifiesto con motivo del D\u00eda Mundial de la Lucha contra el Sida","datePublished":"2018-11-30T15:16:31+00:00","mainEntityOfPage":{"@id":"https:\/\/www.laguiadepamplona.com\/actualidad\/la-mayoria-de-las-portavocias-municipales-del-ayuntamiento-de-pamplona-apoyan-un-manifiesto-con-motivo-del-dia-mundial-de-la-lucha-contra-el-sida\/"},"wordCount":222,"commentCount":0,"publisher":{"@id":"https:\/\/www.laguiadepamplona.com\/actualidad\/#organization"},"image":{"@id":"https:\/\/www.laguiadepamplona.com\/actualidad\/la-mayoria-de-las-portavocias-municipales-del-ayuntamiento-de-pamplona-apoyan-un-manifiesto-con-motivo-del-dia-mundial-de-la-lucha-contra-el-sida\/#primaryimage"},"thumbnailUrl":"https:\/\/www.laguiadepamplona.com\/actualidad\/wp-content\/uploads\/2018\/05\/ayto-pamplona-3.jpg","articleSection":["Ayto Pamplona"],"inLanguage":"es","potentialAction":[{"@type":"CommentAction","name":"Comment","target":["https:\/\/www.laguiadepamplona.com\/actualidad\/la-mayoria-de-las-portavocias-municipales-del-ayuntamiento-de-pamplona-apoyan-un-manifiesto-con-motivo-del-dia-mundial-de-la-lucha-contra-el-sida\/#respond"]}]},{"@type":"WebPage","@id":"https:\/\/www.laguiadepamplona.com\/actualidad\/la-mayoria-de-las-portavocias-municipales-del-ayuntamiento-de-pamplona-apoyan-un-manifiesto-con-motivo-del-dia-mundial-de-la-lucha-contra-el-sida\/","url":"https:\/\/www.laguiadepamplona.com\/actualidad\/la-mayoria-de-las-portavocias-municipales-del-ayuntamiento-de-pamplona-apoyan-un-manifiesto-con-motivo-del-dia-mundial-de-la-lucha-contra-el-sida\/","name":"La mayor\u00eda de las portavoc\u00edas municipales del Ayuntamiento de Pamplona apoyan un manifiesto con motivo del D\u00eda Mundial de la Lucha contra el Sida","isPartOf":{"@id":"https:\/\/www.laguiadepamplona.com\/actualidad\/#website"},"primaryImageOfPage":{"@id":"https:\/\/www.laguiadepamplona.com\/actualidad\/la-mayoria-de-las-portavocias-municipales-del-ayuntamiento-de-pamplona-apoyan-un-manifiesto-con-motivo-del-dia-mundial-de-la-lucha-contra-el-sida\/#primaryimage"},"image":{"@id":"https:\/\/www.laguiadepamplona.com\/actualidad\/la-mayoria-de-las-portavocias-municipales-del-ayuntamiento-de-pamplona-apoyan-un-manifiesto-con-motivo-del-dia-mundial-de-la-lucha-contra-el-sida\/#primaryimage"},"thumbnailUrl":"https:\/\/www.laguiadepamplona.com\/actualidad\/wp-content\/uploads\/2018\/05\/ayto-pamplona-3.jpg","datePublished":"2018-11-30T15:16:31+00:00","breadcrumb":{"@id":"https:\/\/www.laguiadepamplona.com\/actualidad\/la-mayoria-de-las-portavocias-municipales-del-ayuntamiento-de-pamplona-apoyan-un-manifiesto-con-motivo-del-dia-mundial-de-la-lucha-contra-el-sida\/#breadcrumb"},"inLanguage":"es","potentialAction":[{"@type":"ReadAction","target":["https:\/\/www.laguiadepamplona.com\/actualidad\/la-mayoria-de-las-portavocias-municipales-del-ayuntamiento-de-pamplona-apoyan-un-manifiesto-con-motivo-del-dia-mundial-de-la-lucha-contra-el-sida\/"]}]},{"@type":"ImageObject","inLanguage":"es","@id":"https:\/\/www.laguiadepamplona.com\/actualidad\/la-mayoria-de-las-portavocias-municipales-del-ayuntamiento-de-pamplona-apoyan-un-manifiesto-con-motivo-del-dia-mundial-de-la-lucha-contra-el-sida\/#primaryimage","url":"https:\/\/www.laguiadepamplona.com\/actualidad\/wp-content\/uploads\/2018\/05\/ayto-pamplona-3.jpg","contentUrl":"https:\/\/www.laguiadepamplona.com\/actualidad\/wp-content\/uploads\/2018\/05\/ayto-pamplona-3.jpg","width":1000,"height":555},{"@type":"BreadcrumbList","@id":"https:\/\/www.laguiadepamplona.com\/actualidad\/la-mayoria-de-las-portavocias-municipales-del-ayuntamiento-de-pamplona-apoyan-un-manifiesto-con-motivo-del-dia-mundial-de-la-lucha-contra-el-sida\/#breadcrumb","itemListElement":[{"@type":"ListItem","position":1,"name":"Portada","item":"https:\/\/www.laguiadepamplona.com\/actualidad\/"},{"@type":"ListItem","position":2,"name":"La mayor\u00eda de las portavoc\u00edas municipales del Ayuntamiento de Pamplona apoyan un manifiesto con motivo del D\u00eda Mundial de la Lucha contra el Sida"}]},{"@type":"WebSite","@id":"https:\/\/www.laguiadepamplona.com\/actualidad\/#website","url":"https:\/\/www.laguiadepamplona.com\/actualidad\/","name":"La gu\u00eda de Pamplona","description":"Noticias de Pamplona","publisher":{"@id":"https:\/\/www.laguiadepamplona.com\/actualidad\/#organization"},"potentialAction":[{"@type":"SearchAction","target":{"@type":"EntryPoint","urlTemplate":"https:\/\/www.laguiadepamplona.com\/actualidad\/?s={search_term_string}"},"query-input":{"@type":"PropertyValueSpecification","valueRequired":true,"valueName":"search_term_string"}}],"inLanguage":"es"},{"@type":"Organization","@id":"https:\/\/www.laguiadepamplona.com\/actualidad\/#organization","name":"La Gu\u00eda de Pamplona \/ Noticias","url":"https:\/\/www.laguiadepamplona.com\/actualidad\/","logo":{"@type":"ImageObject","inLanguage":"es","@id":"https:\/\/www.laguiadepamplona.com\/actualidad\/#\/schema\/logo\/image\/","url":"https:\/\/www.laguiadepamplona.com\/actualidad\/wp-content\/uploads\/2018\/11\/logo-laguiadepamplona18-web1.png","contentUrl":"https:\/\/www.laguiadepamplona.com\/actualidad\/wp-content\/uploads\/2018\/11\/logo-laguiadepamplona18-web1.png","width":600,"height":196,"caption":"La Gu\u00eda de Pamplona \/ Noticias"},"image":{"@id":"https:\/\/www.laguiadepamplona.com\/actualidad\/#\/schema\/logo\/image\/"},"sameAs":["https:\/\/www.facebook.com\/laguiadepamplonacom-133175176762273\/?ref=hl","https:\/\/x.com\/LaGuiadPamplona","https:\/\/www.instagram.com\/la_guia_de_pamplona\/","https:\/\/www.youtube.com\/user\/laguiadepamplona"]},{"@type":"Person","@id":"https:\/\/www.laguiadepamplona.com\/actualidad\/#\/schema\/person\/efe887376f0213d4657c93adc50b1fdb","name":"La Gu\u00eda de Pamplona","image":{"@type":"ImageObject","inLanguage":"es","@id":"https:\/\/secure.gravatar.com\/avatar\/b6992f131dc8d30ab0dff15446e9d346d9dbd95992de0fef795073f5ea83a81c?s=96&d=mm&r=g","url":"https:\/\/secure.gravatar.com\/avatar\/b6992f131dc8d30ab0dff15446e9d346d9dbd95992de0fef795073f5ea83a81c?s=96&d=mm&r=g","contentUrl":"https:\/\/secure.gravatar.com\/avatar\/b6992f131dc8d30ab0dff15446e9d346d9dbd95992de0fef795073f5ea83a81c?s=96&d=mm&r=g","caption":"La Gu\u00eda de Pamplona"}}]}},"post_mailing_queue_ids":[],"_links":{"self":[{"href":"https:\/\/www.laguiadepamplona.com\/actualidad\/wp-json\/wp\/v2\/posts\/19650","targetHints":{"allow":["GET"]}}],"collection":[{"href":"https:\/\/www.laguiadepamplona.com\/actualidad\/wp-json\/wp\/v2\/posts"}],"about":[{"href":"https:\/\/www.laguiadepamplona.com\/actualidad\/wp-json\/wp\/v2\/types\/post"}],"author":[{"embeddable":true,"href":"https:\/\/www.laguiadepamplona.com\/actualidad\/wp-json\/wp\/v2\/users\/1"}],"replies":[{"embeddable":true,"href":"https:\/\/www.laguiadepamplona.com\/actualidad\/wp-json\/wp\/v2\/comments?post=19650"}],"version-history":[{"count":0,"href":"https:\/\/www.laguiadepamplona.com\/actualidad\/wp-json\/wp\/v2\/posts\/19650\/revisions"}],"wp:featuredmedia":[{"embeddable":true,"href":"https:\/\/www.laguiadepamplona.com\/actualidad\/wp-json\/wp\/v2\/media\/17600"}],"wp:attachment":[{"href":"https:\/\/www.laguiadepamplona.com\/actualidad\/wp-json\/wp\/v2\/media?parent=19650"}],"wp:term":[{"taxonomy":"category","embeddable":true,"href":"https:\/\/www.laguiadepamplona.com\/actualidad\/wp-json\/wp\/v2\/categories?post=19650"},{"taxonomy":"post_tag","embeddable":true,"href":"https:\/\/www.laguiadepamplona.com\/actualidad\/wp-json\/wp\/v2\/tags?post=19650"}],"curies":[{"name":"wp","href":"https:\/\/api.w.org\/{rel}","templated":true}]}}